{"id":18972,"date":"2022-05-21T06:38:47","date_gmt":"2022-05-21T06:38:47","guid":{"rendered":"https:\/\/avrupapress.com\/main\/?p=18972"},"modified":"2022-05-21T06:40:32","modified_gmt":"2022-05-21T06:40:32","slug":"maymun-cicegi-virusu","status":"publish","type":"post","link":"https:\/\/avrupapress.com\/main\/2022\/05\/21\/maymun-cicegi-virusu\/","title":{"rendered":"Maymun \u00c7i\u00e7e\u011fi vir\u00fcs\u00fc Bel\u00e7ika\u2019da Ortaya \u00c7\u0131kt\u0131"},"content":{"rendered":"<p><strong><span class=\"py34i1dx\">Maymun \u00c7i\u00e7e\u011fi<\/span> vir\u00fcs\u00fc nedir, nerede g\u00f6r\u00fcld\u00fc? sorusunun yan\u0131t\u0131 sorgulanan konular aras\u0131nda yer al\u0131yor. <span class=\"py34i1dx\">\u0130spanya<\/span> ve <span class=\"py34i1dx\">Portekiz<\/span>&lsquo;de sa\u011fl\u0131k bakanl\u0131klar\u0131, maymun \u00e7i\u00e7e\u011fi vir\u00fcs\u00fc vakalar\u0131na kar\u015f\u0131 alarma ge\u00e7ti. Peki, Maymun \u00c7i\u00e7e\u011fi vir\u00fcs\u00fc nedir, nerede g\u00f6r\u00fcld\u00fc? Maymun \u00c7i\u00e7e\u011fi nas\u0131l ortaya \u00e7\u0131kar, belirtileri nelerdir?<span class=\"py34i1dx\">.<\/span><\/strong><\/p>\n<p>&nbsp;<\/p>\n<p>Maymun \u00e7i\u00e7e\u011fi vir\u00fcs\u00fc \u0130ngiltere, \u0130spanya, Portekiz, \u0130talya, \u0130sve\u00e7, Kanada ve Amerika Birle\u015fik Devletleri\u2019nden sonra Bel\u00e7ika\u2019da da ortaya \u00e7\u0131kt\u0131.<\/p>\n<p>\u00dclkenin ikinci b\u00fcy\u00fck kenti Anvers\u2019te \u00f6rnekleri al\u0131nan bir ki\u015finin Hollanda\u2019daki laboratuvar testleri, maymun \u00e7i\u00e7e\u011fi vir\u00fcs\u00fcne yakaland\u0131\u011f\u0131n\u0131 ortaya koydu.<\/p>\n<p>\u0130ki hafta da 7 \u00fclkede g\u00f6r\u00fclen maymun \u00e7i\u00e7e\u011fi vir\u00fcs\u00fcn\u00fcn ilerleyen g\u00fcnlerde \u00e7e\u015fitli Avrupa \u00fclkelerine yay\u0131labilece\u011fi endi\u015fesi art\u0131yor.<\/p>\n<p>Virolog Marc Van Ranst bug\u00fcn Bel\u00e7ikada ikinci Maymun \u00e7i\u00e7e\u011fi vir\u00fcs\u00fc vakas\u0131 tespit edildi\u011fini do\u011frulad\u0131. Her iki vakan\u0131n do\u011frudan ba\u011flant\u0131l\u0131 oldu\u011fu da belirlendi.<\/p>\n<p>Anvers Tropikal T\u0131p Enstit\u00fcs\u00fc\u2019nden Isabel Brosius, kamu yay\u0131nc\u0131s\u0131 VRT\u2019ye yapt\u0131\u011f\u0131 a\u00e7\u0131klamada, Afrika k\u00f6kenli maymun \u00e7i\u00e7e\u011fi vir\u00fcs\u00fcn\u00fcn ilk kez Bel\u00e7ika\u2019da da saptand\u0131\u011f\u0131n\u0131 s\u00f6yledi.<\/p>\n<p>Anvers\u2019te enstit\u00fcye ba\u015fvuran bir ki\u015fiden al\u0131nan \u00f6rnekler Hollanda\u2019daki bir ara\u015ft\u0131rma laboratuvar\u0131na g\u00f6nderildi. Yap\u0131lan ara\u015ft\u0131rmalarda, bu ki\u015finin maymun \u00e7i\u00e7e\u011fi vir\u00fcs\u00fcne yakaland\u0131\u011f\u0131 saptand\u0131.<\/p>\n<div class=\"ads\">\n<div class=\"\"><\/div>\n<\/div>\n<p>Brosius, vir\u00fcs\u00fcn geni\u015f bir yay\u0131lma \u015fans\u0131n\u0131n \u00e7ok d\u00fc\u015f\u00fck oldu\u011funu ancak yine de durumu yak\u0131ndan izlediklerini belirtti.<\/p>\n<p>Bel\u00e7ikal\u0131 hastan\u0131n karantina alt\u0131na al\u0131nmas\u0131 istendi. Maymun \u00e7i\u00e7e\u011fi vir\u00fcs\u00fcne yakalanan ki\u015finin e\u015finde de benzer belirtiler tespit edildi.<\/p>\n<p>Bel\u00e7ikal\u0131 uzmanlar, ortak bir eylem plan\u0131 saptamak i\u00e7in bug\u00fcn bir araya gelecekler. Bak\u0131m ve Sa\u011fl\u0131k Ajans\u0131\u2019ndan Joris Monens, maymun \u00e7i\u00e7e\u011fi vir\u00fcs\u00fcn\u00fcn toplumda yay\u0131lmas\u0131 konusunda hen\u00fcz endi\u015felenecek bir durum olmad\u0131\u011f\u0131n\u0131 belirterek\u00a0<strong><em>\u201cHastal\u0131k yaln\u0131zca yak\u0131n temas yoluyla bula\u015f\u0131yor, k\u0131sa s\u00fcreli temas yoluyla de\u011fil ama yine de dikkatli olmal\u0131y\u0131z\u201d\u00a0<\/em><\/strong>dedi.<\/p>\n","protected":false},"excerpt":{"rendered":"<p>Maymun \u00c7i\u00e7e\u011fi vir\u00fcs\u00fc nedir, nerede g\u00f6r\u00fcld\u00fc? sorusunun yan\u0131t\u0131 sorgulanan konular aras\u0131nda yer al\u0131yor. \u0130spanya ve Portekiz&lsquo;de sa\u011fl\u0131k bakanl\u0131klar\u0131, maymun \u00e7i\u00e7e\u011fi vir\u00fcs\u00fc vakalar\u0131na kar\u015f\u0131 alarma ge\u00e7ti. Peki, Maymun \u00c7i\u00e7e\u011fi vir\u00fcs\u00fc nedir, nerede g\u00f6r\u00fcld\u00fc? Maymun \u00c7i\u00e7e\u011fi nas\u0131l ortaya \u00e7\u0131kar, belirtileri nelerdir?. &nbsp; Maymun \u00e7i\u00e7e\u011fi vir\u00fcs\u00fc \u0130ngiltere, \u0130spanya, Portekiz, \u0130talya, \u0130sve\u00e7, Kanada ve Amerika Birle\u015fik Devletleri\u2019nden sonra Bel\u00e7ika\u2019da [&hellip;]<\/p>\n","protected":false},"author":3,"featured_media":18973,"comment_status":"closed","ping_status":"open","sticky":false,"template":"","format":"standard","meta":{"footnotes":""},"categories":[14,16,3,17,18,19,2],"tags":[],"class_list":["post-18972","post","type-post","status-publish","format-standard","has-post-thumbnail","hentry","category-avrupa","category-belcika","category-dunya","category-ekonomi","category-kultur-sanat","category-tanitim","category-turkiye"],"yoast_head":"<!-- This site is optimized with the Yoast SEO plugin v26.9 - https:\/\/yoast.com\/product\/yoast-seo-wordpress\/ -->\n<title>Maymun \u00c7i\u00e7e\u011fi vir\u00fcs\u00fc Bel\u00e7ika\u2019da Ortaya \u00c7\u0131kt\u0131 - AvrupaPress<\/title>\n<meta name=\"robots\" content=\"index, follow, max-snippet:-1, max-image-preview:large, max-video-preview:-1\" \/>\n<link rel=\"canonical\" href=\"https:\/\/avrupapress.com\/main\/2022\/05\/21\/maymun-cicegi-virusu\/\" \/>\n<meta property=\"og:locale\" content=\"fr_FR\" \/>\n<meta property=\"og:type\" content=\"article\" \/>\n<meta property=\"og:title\" content=\"Maymun \u00c7i\u00e7e\u011fi vir\u00fcs\u00fc Bel\u00e7ika\u2019da Ortaya \u00c7\u0131kt\u0131 - AvrupaPress\" \/>\n<meta property=\"og:description\" content=\"Maymun \u00c7i\u00e7e\u011fi vir\u00fcs\u00fc nedir, nerede g\u00f6r\u00fcld\u00fc? sorusunun yan\u0131t\u0131 sorgulanan konular aras\u0131nda yer al\u0131yor. \u0130spanya ve Portekiz&lsquo;de sa\u011fl\u0131k bakanl\u0131klar\u0131, maymun \u00e7i\u00e7e\u011fi vir\u00fcs\u00fc vakalar\u0131na kar\u015f\u0131 alarma ge\u00e7ti. Peki, Maymun \u00c7i\u00e7e\u011fi vir\u00fcs\u00fc nedir, nerede g\u00f6r\u00fcld\u00fc? Maymun \u00c7i\u00e7e\u011fi nas\u0131l ortaya \u00e7\u0131kar, belirtileri nelerdir?. &nbsp; Maymun \u00e7i\u00e7e\u011fi vir\u00fcs\u00fc \u0130ngiltere, \u0130spanya, Portekiz, \u0130talya, \u0130sve\u00e7, Kanada ve Amerika Birle\u015fik Devletleri\u2019nden sonra Bel\u00e7ika\u2019da [&hellip;]\" \/>\n<meta property=\"og:url\" content=\"https:\/\/avrupapress.com\/main\/2022\/05\/21\/maymun-cicegi-virusu\/\" \/>\n<meta property=\"og:site_name\" content=\"AvrupaPress\" \/>\n<meta property=\"article:published_time\" content=\"2022-05-21T06:38:47+00:00\" \/>\n<meta property=\"article:modified_time\" content=\"2022-05-21T06:40:32+00:00\" \/>\n<meta property=\"og:image\" content=\"https:\/\/avrupapress.com\/main\/wp-content\/uploads\/2022\/05\/806x378-maymun-cicegi-virusu-nedir-nerede-goruldu-maymun-cicegi-nasil-ortaya-cikar-belirtileri-nelerdir-1652900764160.jpg\" \/>\n\t<meta property=\"og:image:width\" content=\"806\" \/>\n\t<meta property=\"og:image:height\" content=\"378\" \/>\n\t<meta property=\"og:image:type\" content=\"image\/jpeg\" \/>\n<meta name=\"author\" content=\"Edit\u00f6r\" \/>\n<meta name=\"twitter:card\" content=\"summary_large_image\" \/>\n<meta name=\"twitter:label1\" content=\"\u00c9crit par\" \/>\n\t<meta name=\"twitter:data1\" content=\"Edit\u00f6r\" \/>\n\t<meta name=\"twitter:label2\" content=\"Dur\u00e9e de lecture est.\" \/>\n\t<meta name=\"twitter:data2\" content=\"2 minutes\" \/>\n<script type=\"application\/ld+json\" class=\"yoast-schema-graph\">{\"@context\":\"https:\/\/schema.org\",\"@graph\":[{\"@type\":\"Article\",\"@id\":\"https:\/\/avrupapress.com\/main\/2022\/05\/21\/maymun-cicegi-virusu\/#article\",\"isPartOf\":{\"@id\":\"https:\/\/avrupapress.com\/main\/2022\/05\/21\/maymun-cicegi-virusu\/\"},\"author\":{\"name\":\"Edit\u00f6r\",\"@id\":\"https:\/\/avrupapress.com\/#\/schema\/person\/68428444ec60970d1e1b700cf4ca1e8f\"},\"headline\":\"Maymun \u00c7i\u00e7e\u011fi vir\u00fcs\u00fc Bel\u00e7ika\u2019da Ortaya \u00c7\u0131kt\u0131\",\"datePublished\":\"2022-05-21T06:38:47+00:00\",\"dateModified\":\"2022-05-21T06:40:32+00:00\",\"mainEntityOfPage\":{\"@id\":\"https:\/\/avrupapress.com\/main\/2022\/05\/21\/maymun-cicegi-virusu\/\"},\"wordCount\":393,\"publisher\":{\"@id\":\"https:\/\/avrupapress.com\/#\/schema\/person\/0223dca19c72c43575bf30d1a2d8f4fa\"},\"image\":{\"@id\":\"https:\/\/avrupapress.com\/main\/2022\/05\/21\/maymun-cicegi-virusu\/#primaryimage\"},\"thumbnailUrl\":\"https:\/\/avrupapress.com\/main\/wp-content\/uploads\/2022\/05\/806x378-maymun-cicegi-virusu-nedir-nerede-goruldu-maymun-cicegi-nasil-ortaya-cikar-belirtileri-nelerdir-1652900764160.jpg\",\"articleSection\":[\"Avrupa\",\"Bel\u00e7ika\",\"D\u00fcnya\",\"Ekonomi\",\"K\u00fclt\u00fcr-Sanat\",\"Tan\u0131t\u0131m\",\"T\u00fcrkiye\"],\"inLanguage\":\"fr-BE\"},{\"@type\":\"WebPage\",\"@id\":\"https:\/\/avrupapress.com\/main\/2022\/05\/21\/maymun-cicegi-virusu\/\",\"url\":\"https:\/\/avrupapress.com\/main\/2022\/05\/21\/maymun-cicegi-virusu\/\",\"name\":\"Maymun \u00c7i\u00e7e\u011fi vir\u00fcs\u00fc Bel\u00e7ika\u2019da Ortaya \u00c7\u0131kt\u0131 - AvrupaPress\",\"isPartOf\":{\"@id\":\"https:\/\/avrupapress.com\/#website\"},\"primaryImageOfPage\":{\"@id\":\"https:\/\/avrupapress.com\/main\/2022\/05\/21\/maymun-cicegi-virusu\/#primaryimage\"},\"image\":{\"@id\":\"https:\/\/avrupapress.com\/main\/2022\/05\/21\/maymun-cicegi-virusu\/#primaryimage\"},\"thumbnailUrl\":\"https:\/\/avrupapress.com\/main\/wp-content\/uploads\/2022\/05\/806x378-maymun-cicegi-virusu-nedir-nerede-goruldu-maymun-cicegi-nasil-ortaya-cikar-belirtileri-nelerdir-1652900764160.jpg\",\"datePublished\":\"2022-05-21T06:38:47+00:00\",\"dateModified\":\"2022-05-21T06:40:32+00:00\",\"breadcrumb\":{\"@id\":\"https:\/\/avrupapress.com\/main\/2022\/05\/21\/maymun-cicegi-virusu\/#breadcrumb\"},\"inLanguage\":\"fr-BE\",\"potentialAction\":[{\"@type\":\"ReadAction\",\"target\":[\"https:\/\/avrupapress.com\/main\/2022\/05\/21\/maymun-cicegi-virusu\/\"]}]},{\"@type\":\"ImageObject\",\"inLanguage\":\"fr-BE\",\"@id\":\"https:\/\/avrupapress.com\/main\/2022\/05\/21\/maymun-cicegi-virusu\/#primaryimage\",\"url\":\"https:\/\/avrupapress.com\/main\/wp-content\/uploads\/2022\/05\/806x378-maymun-cicegi-virusu-nedir-nerede-goruldu-maymun-cicegi-nasil-ortaya-cikar-belirtileri-nelerdir-1652900764160.jpg\",\"contentUrl\":\"https:\/\/avrupapress.com\/main\/wp-content\/uploads\/2022\/05\/806x378-maymun-cicegi-virusu-nedir-nerede-goruldu-maymun-cicegi-nasil-ortaya-cikar-belirtileri-nelerdir-1652900764160.jpg\",\"width\":806,\"height\":378},{\"@type\":\"BreadcrumbList\",\"@id\":\"https:\/\/avrupapress.com\/main\/2022\/05\/21\/maymun-cicegi-virusu\/#breadcrumb\",\"itemListElement\":[{\"@type\":\"ListItem\",\"position\":1,\"name\":\"Anasayfa\",\"item\":\"https:\/\/avrupapress.com\/\"},{\"@type\":\"ListItem\",\"position\":2,\"name\":\"Maymun \u00c7i\u00e7e\u011fi vir\u00fcs\u00fc Bel\u00e7ika\u2019da Ortaya \u00c7\u0131kt\u0131\"}]},{\"@type\":\"WebSite\",\"@id\":\"https:\/\/avrupapress.com\/#website\",\"url\":\"https:\/\/avrupapress.com\/\",\"name\":\"AvrupaPress\",\"description\":\"Haberin Adresi\",\"publisher\":{\"@id\":\"https:\/\/avrupapress.com\/#\/schema\/person\/0223dca19c72c43575bf30d1a2d8f4fa\"},\"potentialAction\":[{\"@type\":\"SearchAction\",\"target\":{\"@type\":\"EntryPoint\",\"urlTemplate\":\"https:\/\/avrupapress.com\/?s={search_term_string}\"},\"query-input\":{\"@type\":\"PropertyValueSpecification\",\"valueRequired\":true,\"valueName\":\"search_term_string\"}}],\"inLanguage\":\"fr-BE\"},{\"@type\":[\"Person\",\"Organization\"],\"@id\":\"https:\/\/avrupapress.com\/#\/schema\/person\/0223dca19c72c43575bf30d1a2d8f4fa\",\"name\":\"Bilgin \u00d6z\u00e7ift\u00e7i\",\"image\":{\"@type\":\"ImageObject\",\"inLanguage\":\"fr-BE\",\"@id\":\"https:\/\/avrupapress.com\/#\/schema\/person\/image\/\",\"url\":\"https:\/\/secure.gravatar.com\/avatar\/0f23b280433a21e1ea7a0adcc46ed0ad16afe3ad8e630fd13d8a017dcbd54ef3?s=96&d=mm&r=g\",\"contentUrl\":\"https:\/\/secure.gravatar.com\/avatar\/0f23b280433a21e1ea7a0adcc46ed0ad16afe3ad8e630fd13d8a017dcbd54ef3?s=96&d=mm&r=g\",\"caption\":\"Bilgin \u00d6z\u00e7ift\u00e7i\"},\"logo\":{\"@id\":\"https:\/\/avrupapress.com\/#\/schema\/person\/image\/\"},\"description\":\"Ne ben, nede sen... Biz ancak \\\"biz\\\" olursak g\u00fc\u00e7l\u00fc olabiliriz\"},{\"@type\":\"Person\",\"@id\":\"https:\/\/avrupapress.com\/#\/schema\/person\/68428444ec60970d1e1b700cf4ca1e8f\",\"name\":\"Edit\u00f6r\",\"image\":{\"@type\":\"ImageObject\",\"inLanguage\":\"fr-BE\",\"@id\":\"https:\/\/avrupapress.com\/#\/schema\/person\/image\/\",\"url\":\"https:\/\/secure.gravatar.com\/avatar\/74996b0977aa5f1559ba9883776652508b229005c0d78fb2597897f0bd651c09?s=96&d=mm&r=g\",\"contentUrl\":\"https:\/\/secure.gravatar.com\/avatar\/74996b0977aa5f1559ba9883776652508b229005c0d78fb2597897f0bd651c09?s=96&d=mm&r=g\",\"caption\":\"Edit\u00f6r\"},\"sameAs\":[\"http:\/\/www.avrupapress.com\"],\"url\":\"https:\/\/avrupapress.com\/main\/author\/editor\/\"}]}<\/script>\n<!-- \/ Yoast SEO plugin. -->","yoast_head_json":{"title":"Maymun \u00c7i\u00e7e\u011fi vir\u00fcs\u00fc Bel\u00e7ika\u2019da Ortaya \u00c7\u0131kt\u0131 - AvrupaPress","robots":{"index":"index","follow":"follow","max-snippet":"max-snippet:-1","max-image-preview":"max-image-preview:large","max-video-preview":"max-video-preview:-1"},"canonical":"https:\/\/avrupapress.com\/main\/2022\/05\/21\/maymun-cicegi-virusu\/","og_locale":"fr_FR","og_type":"article","og_title":"Maymun \u00c7i\u00e7e\u011fi vir\u00fcs\u00fc Bel\u00e7ika\u2019da Ortaya \u00c7\u0131kt\u0131 - AvrupaPress","og_description":"Maymun \u00c7i\u00e7e\u011fi vir\u00fcs\u00fc nedir, nerede g\u00f6r\u00fcld\u00fc? sorusunun yan\u0131t\u0131 sorgulanan konular aras\u0131nda yer al\u0131yor. \u0130spanya ve Portekiz&lsquo;de sa\u011fl\u0131k bakanl\u0131klar\u0131, maymun \u00e7i\u00e7e\u011fi vir\u00fcs\u00fc vakalar\u0131na kar\u015f\u0131 alarma ge\u00e7ti. Peki, Maymun \u00c7i\u00e7e\u011fi vir\u00fcs\u00fc nedir, nerede g\u00f6r\u00fcld\u00fc? Maymun \u00c7i\u00e7e\u011fi nas\u0131l ortaya \u00e7\u0131kar, belirtileri nelerdir?. &nbsp; Maymun \u00e7i\u00e7e\u011fi vir\u00fcs\u00fc \u0130ngiltere, \u0130spanya, Portekiz, \u0130talya, \u0130sve\u00e7, Kanada ve Amerika Birle\u015fik Devletleri\u2019nden sonra Bel\u00e7ika\u2019da [&hellip;]","og_url":"https:\/\/avrupapress.com\/main\/2022\/05\/21\/maymun-cicegi-virusu\/","og_site_name":"AvrupaPress","article_published_time":"2022-05-21T06:38:47+00:00","article_modified_time":"2022-05-21T06:40:32+00:00","og_image":[{"width":806,"height":378,"url":"https:\/\/avrupapress.com\/main\/wp-content\/uploads\/2022\/05\/806x378-maymun-cicegi-virusu-nedir-nerede-goruldu-maymun-cicegi-nasil-ortaya-cikar-belirtileri-nelerdir-1652900764160.jpg","type":"image\/jpeg"}],"author":"Edit\u00f6r","twitter_card":"summary_large_image","twitter_misc":{"\u00c9crit par":"Edit\u00f6r","Dur\u00e9e de lecture est.":"2 minutes"},"schema":{"@context":"https:\/\/schema.org","@graph":[{"@type":"Article","@id":"https:\/\/avrupapress.com\/main\/2022\/05\/21\/maymun-cicegi-virusu\/#article","isPartOf":{"@id":"https:\/\/avrupapress.com\/main\/2022\/05\/21\/maymun-cicegi-virusu\/"},"author":{"name":"Edit\u00f6r","@id":"https:\/\/avrupapress.com\/#\/schema\/person\/68428444ec60970d1e1b700cf4ca1e8f"},"headline":"Maymun \u00c7i\u00e7e\u011fi vir\u00fcs\u00fc Bel\u00e7ika\u2019da Ortaya \u00c7\u0131kt\u0131","datePublished":"2022-05-21T06:38:47+00:00","dateModified":"2022-05-21T06:40:32+00:00","mainEntityOfPage":{"@id":"https:\/\/avrupapress.com\/main\/2022\/05\/21\/maymun-cicegi-virusu\/"},"wordCount":393,"publisher":{"@id":"https:\/\/avrupapress.com\/#\/schema\/person\/0223dca19c72c43575bf30d1a2d8f4fa"},"image":{"@id":"https:\/\/avrupapress.com\/main\/2022\/05\/21\/maymun-cicegi-virusu\/#primaryimage"},"thumbnailUrl":"https:\/\/avrupapress.com\/main\/wp-content\/uploads\/2022\/05\/806x378-maymun-cicegi-virusu-nedir-nerede-goruldu-maymun-cicegi-nasil-ortaya-cikar-belirtileri-nelerdir-1652900764160.jpg","articleSection":["Avrupa","Bel\u00e7ika","D\u00fcnya","Ekonomi","K\u00fclt\u00fcr-Sanat","Tan\u0131t\u0131m","T\u00fcrkiye"],"inLanguage":"fr-BE"},{"@type":"WebPage","@id":"https:\/\/avrupapress.com\/main\/2022\/05\/21\/maymun-cicegi-virusu\/","url":"https:\/\/avrupapress.com\/main\/2022\/05\/21\/maymun-cicegi-virusu\/","name":"Maymun \u00c7i\u00e7e\u011fi vir\u00fcs\u00fc Bel\u00e7ika\u2019da Ortaya \u00c7\u0131kt\u0131 - AvrupaPress","isPartOf":{"@id":"https:\/\/avrupapress.com\/#website"},"primaryImageOfPage":{"@id":"https:\/\/avrupapress.com\/main\/2022\/05\/21\/maymun-cicegi-virusu\/#primaryimage"},"image":{"@id":"https:\/\/avrupapress.com\/main\/2022\/05\/21\/maymun-cicegi-virusu\/#primaryimage"},"thumbnailUrl":"https:\/\/avrupapress.com\/main\/wp-content\/uploads\/2022\/05\/806x378-maymun-cicegi-virusu-nedir-nerede-goruldu-maymun-cicegi-nasil-ortaya-cikar-belirtileri-nelerdir-1652900764160.jpg","datePublished":"2022-05-21T06:38:47+00:00","dateModified":"2022-05-21T06:40:32+00:00","breadcrumb":{"@id":"https:\/\/avrupapress.com\/main\/2022\/05\/21\/maymun-cicegi-virusu\/#breadcrumb"},"inLanguage":"fr-BE","potentialAction":[{"@type":"ReadAction","target":["https:\/\/avrupapress.com\/main\/2022\/05\/21\/maymun-cicegi-virusu\/"]}]},{"@type":"ImageObject","inLanguage":"fr-BE","@id":"https:\/\/avrupapress.com\/main\/2022\/05\/21\/maymun-cicegi-virusu\/#primaryimage","url":"https:\/\/avrupapress.com\/main\/wp-content\/uploads\/2022\/05\/806x378-maymun-cicegi-virusu-nedir-nerede-goruldu-maymun-cicegi-nasil-ortaya-cikar-belirtileri-nelerdir-1652900764160.jpg","contentUrl":"https:\/\/avrupapress.com\/main\/wp-content\/uploads\/2022\/05\/806x378-maymun-cicegi-virusu-nedir-nerede-goruldu-maymun-cicegi-nasil-ortaya-cikar-belirtileri-nelerdir-1652900764160.jpg","width":806,"height":378},{"@type":"BreadcrumbList","@id":"https:\/\/avrupapress.com\/main\/2022\/05\/21\/maymun-cicegi-virusu\/#breadcrumb","itemListElement":[{"@type":"ListItem","position":1,"name":"Anasayfa","item":"https:\/\/avrupapress.com\/"},{"@type":"ListItem","position":2,"name":"Maymun \u00c7i\u00e7e\u011fi vir\u00fcs\u00fc Bel\u00e7ika\u2019da Ortaya \u00c7\u0131kt\u0131"}]},{"@type":"WebSite","@id":"https:\/\/avrupapress.com\/#website","url":"https:\/\/avrupapress.com\/","name":"AvrupaPress","description":"Haberin Adresi","publisher":{"@id":"https:\/\/avrupapress.com\/#\/schema\/person\/0223dca19c72c43575bf30d1a2d8f4fa"},"potentialAction":[{"@type":"SearchAction","target":{"@type":"EntryPoint","urlTemplate":"https:\/\/avrupapress.com\/?s={search_term_string}"},"query-input":{"@type":"PropertyValueSpecification","valueRequired":true,"valueName":"search_term_string"}}],"inLanguage":"fr-BE"},{"@type":["Person","Organization"],"@id":"https:\/\/avrupapress.com\/#\/schema\/person\/0223dca19c72c43575bf30d1a2d8f4fa","name":"Bilgin \u00d6z\u00e7ift\u00e7i","image":{"@type":"ImageObject","inLanguage":"fr-BE","@id":"https:\/\/avrupapress.com\/#\/schema\/person\/image\/","url":"https:\/\/secure.gravatar.com\/avatar\/0f23b280433a21e1ea7a0adcc46ed0ad16afe3ad8e630fd13d8a017dcbd54ef3?s=96&d=mm&r=g","contentUrl":"https:\/\/secure.gravatar.com\/avatar\/0f23b280433a21e1ea7a0adcc46ed0ad16afe3ad8e630fd13d8a017dcbd54ef3?s=96&d=mm&r=g","caption":"Bilgin \u00d6z\u00e7ift\u00e7i"},"logo":{"@id":"https:\/\/avrupapress.com\/#\/schema\/person\/image\/"},"description":"Ne ben, nede sen... Biz ancak \"biz\" olursak g\u00fc\u00e7l\u00fc olabiliriz"},{"@type":"Person","@id":"https:\/\/avrupapress.com\/#\/schema\/person\/68428444ec60970d1e1b700cf4ca1e8f","name":"Edit\u00f6r","image":{"@type":"ImageObject","inLanguage":"fr-BE","@id":"https:\/\/avrupapress.com\/#\/schema\/person\/image\/","url":"https:\/\/secure.gravatar.com\/avatar\/74996b0977aa5f1559ba9883776652508b229005c0d78fb2597897f0bd651c09?s=96&d=mm&r=g","contentUrl":"https:\/\/secure.gravatar.com\/avatar\/74996b0977aa5f1559ba9883776652508b229005c0d78fb2597897f0bd651c09?s=96&d=mm&r=g","caption":"Edit\u00f6r"},"sameAs":["http:\/\/www.avrupapress.com"],"url":"https:\/\/avrupapress.com\/main\/author\/editor\/"}]}},"_links":{"self":[{"href":"https:\/\/avrupapress.com\/main\/wp-json\/wp\/v2\/posts\/18972","targetHints":{"allow":["GET"]}}],"collection":[{"href":"https:\/\/avrupapress.com\/main\/wp-json\/wp\/v2\/posts"}],"about":[{"href":"https:\/\/avrupapress.com\/main\/wp-json\/wp\/v2\/types\/post"}],"author":[{"embeddable":true,"href":"https:\/\/avrupapress.com\/main\/wp-json\/wp\/v2\/users\/3"}],"replies":[{"embeddable":true,"href":"https:\/\/avrupapress.com\/main\/wp-json\/wp\/v2\/comments?post=18972"}],"version-history":[{"count":3,"href":"https:\/\/avrupapress.com\/main\/wp-json\/wp\/v2\/posts\/18972\/revisions"}],"predecessor-version":[{"id":18976,"href":"https:\/\/avrupapress.com\/main\/wp-json\/wp\/v2\/posts\/18972\/revisions\/18976"}],"wp:featuredmedia":[{"embeddable":true,"href":"https:\/\/avrupapress.com\/main\/wp-json\/wp\/v2\/media\/18973"}],"wp:attachment":[{"href":"https:\/\/avrupapress.com\/main\/wp-json\/wp\/v2\/media?parent=18972"}],"wp:term":[{"taxonomy":"category","embeddable":true,"href":"https:\/\/avrupapress.com\/main\/wp-json\/wp\/v2\/categories?post=18972"},{"taxonomy":"post_tag","embeddable":true,"href":"https:\/\/avrupapress.com\/main\/wp-json\/wp\/v2\/tags?post=18972"}],"curies":[{"name":"wp","href":"https:\/\/api.w.org\/{rel}","templated":true}]}}