{"id":18969,"date":"2022-05-21T06:22:16","date_gmt":"2022-05-21T06:22:16","guid":{"rendered":"https:\/\/avrupapress.com\/main\/?p=18969"},"modified":"2022-05-21T06:22:30","modified_gmt":"2022-05-21T06:22:30","slug":"belcikada-avrupa-parlamentosu-secimleri-icin-oy-verme-yasi-16ya-indi","status":"publish","type":"post","link":"https:\/\/avrupapress.com\/main\/2022\/05\/21\/belcikada-avrupa-parlamentosu-secimleri-icin-oy-verme-yasi-16ya-indi\/","title":{"rendered":"Bel\u00e7ika&rsquo;da Avrupa Parlamentosu se\u00e7imleri i\u00e7in oy verme ya\u015f\u0131 16&rsquo;ya indi"},"content":{"rendered":"<h2 class=\"category-detail-sub-title\" data-gtm-vis-recent-on-screen-2765436_106=\"3323\" data-gtm-vis-first-on-screen-2765436_106=\"3323\" data-gtm-vis-total-visible-time-2765436_106=\"100\" data-gtm-vis-has-fired-2765436_106=\"1\">Bel\u00e7ika&rsquo;da, gelecek Avrupa Parlamentosu (AP) se\u00e7imlerinde oy verme ya\u015f\u0131 16&rsquo;ya d\u00fc\u015f\u00fcr\u00fcld\u00fc.<\/h2>\n<div class=\"\" data-block=\"true\" data-editor=\"tvjs\" data-offset-key=\"dnrru-0-0\">\n<div class=\"_1mf _1mj\" data-offset-key=\"dnrru-0-0\"><span data-offset-key=\"dnrru-0-0\">Bel\u00e7ika&rsquo;da Federal parlamentoda d\u00fcn yap\u0131lan oylamada AP se\u00e7imleri i\u00e7in <\/span><span data-offset-key=\"dnrru-1-0\">se\u00e7me<\/span><span data-offset-key=\"dnrru-2-0\"> ya\u015f\u0131 18&rsquo;den 16&rsquo;ya indirildi.<\/span><\/div>\n<\/div>\n<div class=\"\" data-block=\"true\" data-editor=\"tvjs\" data-offset-key=\"fm0kt-0-0\">\n<div class=\"_1mf _1mj\" data-offset-key=\"fm0kt-0-0\"><span data-offset-key=\"fm0kt-0-0\">\u00a0<\/span><\/div>\n<\/div>\n<div class=\"\" data-block=\"true\" data-editor=\"tvjs\" data-offset-key=\"4a49v-0-0\">\n<div class=\"_1mf _1mj\" data-offset-key=\"4a49v-0-0\"><span data-offset-key=\"4a49v-0-0\">B\u00f6ylece 11 milyon 400 bin n\u00fcfuslu \u00fclkedeki 270 bin civar\u0131 gen\u00e7, 2024&rsquo;te d\u00fczenlenecek se\u00e7imde oy verebilecek.<\/span><\/div>\n<\/div>\n<div class=\"\" data-block=\"true\" data-editor=\"tvjs\" data-offset-key=\"19mon-0-0\">\n<div class=\"_1mf _1mj\" data-offset-key=\"19mon-0-0\"><span data-offset-key=\"19mon-0-0\">\u00a0<\/span><\/div>\n<\/div>\n<div class=\"\" data-block=\"true\" data-editor=\"tvjs\" data-offset-key=\"26n9q-0-0\">\n<div class=\"_1mf _1mj\" data-offset-key=\"26n9q-0-0\"><span data-offset-key=\"26n9q-0-0\">Avrupa Birli\u011fi (AB) \u00fcyesi \u00fclkeler i\u00e7inde Avusturya, Malta ve Yunanistan da se\u00e7me ya\u015f\u0131n\u0131 daha \u00f6nce 18&rsquo;den d\u00fc\u015f\u00fcrm\u00fc\u015ft\u00fc.<\/span><\/div>\n<\/div>\n<div class=\"\" data-block=\"true\" data-editor=\"tvjs\" data-offset-key=\"9ftov-0-0\">\n<div class=\"_1mf _1mj\" data-offset-key=\"9ftov-0-0\"><span data-offset-key=\"9ftov-0-0\">\u00a0<\/span><\/div>\n<\/div>\n<div class=\"\" data-block=\"true\" data-editor=\"tvjs\" data-offset-key=\"a7kjq-0-0\">\n<div class=\"_1mf _1mj\" data-offset-key=\"a7kjq-0-0\"><span data-offset-key=\"a7kjq-0-0\">Bel\u00e7ika \u0130\u00e7i\u015fleri Bakan\u0131 Annelies Verlinden, yapt\u0131\u011f\u0131 a\u00e7\u0131klamada \u201cGen\u00e7ler, onlara demokrasimize aktif kat\u0131lma \u015fans\u0131 vermemiz sayesinde seslerini duyurabiliyorlar ve (gen\u00e7lerin) siyasete olan ilgilerini art\u0131r\u0131yoruz.\u00a0\u00bb ifadesini kulland\u0131.<\/span><\/div>\n<\/div>\n<div class=\"\" data-block=\"true\" data-editor=\"tvjs\" data-offset-key=\"dfv49-0-0\">\n<div class=\"_1mf _1mj\" data-offset-key=\"dfv49-0-0\"><span data-offset-key=\"dfv49-0-0\">\u00a0<\/span><\/div>\n<\/div>\n<div class=\"\" data-block=\"true\" data-editor=\"tvjs\" data-offset-key=\"c5dsp-0-0\">\n<div class=\"_1mf _1mj\" data-offset-key=\"c5dsp-0-0\"><span data-offset-key=\"c5dsp-0-0\">Bel\u00e7ika&rsquo;da ise halen 18 ya\u015f ve \u00fcst\u00fc ki\u015filer se\u00e7imlerde oy kullanabiliyor.<\/span><\/div>\n<\/div>\n","protected":false},"excerpt":{"rendered":"<p>Bel\u00e7ika&rsquo;da, gelecek Avrupa Parlamentosu (AP) se\u00e7imlerinde oy verme ya\u015f\u0131 16&rsquo;ya d\u00fc\u015f\u00fcr\u00fcld\u00fc. Bel\u00e7ika&rsquo;da Federal parlamentoda d\u00fcn yap\u0131lan oylamada AP se\u00e7imleri i\u00e7in se\u00e7me ya\u015f\u0131 18&rsquo;den 16&rsquo;ya indirildi. \u00a0 B\u00f6ylece 11 milyon 400 bin n\u00fcfuslu \u00fclkedeki 270 bin civar\u0131 gen\u00e7, 2024&rsquo;te d\u00fczenlenecek se\u00e7imde oy verebilecek. \u00a0 Avrupa Birli\u011fi (AB) \u00fcyesi \u00fclkeler i\u00e7inde Avusturya, Malta ve Yunanistan da se\u00e7me [&hellip;]<\/p>\n","protected":false},"author":3,"featured_media":18970,"comment_status":"closed","ping_status":"open","sticky":false,"template":"","format":"standard","meta":{"footnotes":""},"categories":[14,16,3,17,18,19,2],"tags":[],"class_list":["post-18969","post","type-post","status-publish","format-standard","has-post-thumbnail","hentry","category-avrupa","category-belcika","category-dunya","category-ekonomi","category-kultur-sanat","category-tanitim","category-turkiye"],"yoast_head":"<!-- This site is optimized with the Yoast SEO plugin v26.9 - https:\/\/yoast.com\/product\/yoast-seo-wordpress\/ -->\n<title>Bel\u00e7ika&#039;da Avrupa Parlamentosu se\u00e7imleri i\u00e7in oy verme ya\u015f\u0131 16&#039;ya indi - AvrupaPress<\/title>\n<meta name=\"robots\" content=\"index, follow, max-snippet:-1, max-image-preview:large, max-video-preview:-1\" \/>\n<link rel=\"canonical\" href=\"https:\/\/avrupapress.com\/main\/2022\/05\/21\/belcikada-avrupa-parlamentosu-secimleri-icin-oy-verme-yasi-16ya-indi\/\" \/>\n<meta property=\"og:locale\" content=\"fr_FR\" \/>\n<meta property=\"og:type\" content=\"article\" \/>\n<meta property=\"og:title\" content=\"Bel\u00e7ika&#039;da Avrupa Parlamentosu se\u00e7imleri i\u00e7in oy verme ya\u015f\u0131 16&#039;ya indi - AvrupaPress\" \/>\n<meta property=\"og:description\" content=\"Bel\u00e7ika&rsquo;da, gelecek Avrupa Parlamentosu (AP) se\u00e7imlerinde oy verme ya\u015f\u0131 16&rsquo;ya d\u00fc\u015f\u00fcr\u00fcld\u00fc. Bel\u00e7ika&rsquo;da Federal parlamentoda d\u00fcn yap\u0131lan oylamada AP se\u00e7imleri i\u00e7in se\u00e7me ya\u015f\u0131 18&rsquo;den 16&rsquo;ya indirildi. \u00a0 B\u00f6ylece 11 milyon 400 bin n\u00fcfuslu \u00fclkedeki 270 bin civar\u0131 gen\u00e7, 2024&rsquo;te d\u00fczenlenecek se\u00e7imde oy verebilecek. \u00a0 Avrupa Birli\u011fi (AB) \u00fcyesi \u00fclkeler i\u00e7inde Avusturya, Malta ve Yunanistan da se\u00e7me [&hellip;]\" \/>\n<meta property=\"og:url\" content=\"https:\/\/avrupapress.com\/main\/2022\/05\/21\/belcikada-avrupa-parlamentosu-secimleri-icin-oy-verme-yasi-16ya-indi\/\" \/>\n<meta property=\"og:site_name\" content=\"AvrupaPress\" \/>\n<meta property=\"article:published_time\" content=\"2022-05-21T06:22:16+00:00\" \/>\n<meta property=\"article:modified_time\" content=\"2022-05-21T06:22:30+00:00\" \/>\n<meta property=\"og:image\" content=\"https:\/\/avrupapress.com\/main\/wp-content\/uploads\/2022\/05\/365377_814x458.jpg\" \/>\n\t<meta property=\"og:image:width\" content=\"814\" \/>\n\t<meta property=\"og:image:height\" content=\"458\" \/>\n\t<meta property=\"og:image:type\" content=\"image\/jpeg\" \/>\n<meta name=\"author\" content=\"Edit\u00f6r\" \/>\n<meta name=\"twitter:card\" content=\"summary_large_image\" \/>\n<meta name=\"twitter:label1\" content=\"\u00c9crit par\" \/>\n\t<meta name=\"twitter:data1\" content=\"Edit\u00f6r\" \/>\n\t<meta name=\"twitter:label2\" content=\"Dur\u00e9e de lecture est.\" \/>\n\t<meta name=\"twitter:data2\" content=\"1 minute\" \/>\n<script type=\"application\/ld+json\" class=\"yoast-schema-graph\">{\"@context\":\"https:\/\/schema.org\",\"@graph\":[{\"@type\":\"Article\",\"@id\":\"https:\/\/avrupapress.com\/main\/2022\/05\/21\/belcikada-avrupa-parlamentosu-secimleri-icin-oy-verme-yasi-16ya-indi\/#article\",\"isPartOf\":{\"@id\":\"https:\/\/avrupapress.com\/main\/2022\/05\/21\/belcikada-avrupa-parlamentosu-secimleri-icin-oy-verme-yasi-16ya-indi\/\"},\"author\":{\"name\":\"Edit\u00f6r\",\"@id\":\"https:\/\/avrupapress.com\/#\/schema\/person\/68428444ec60970d1e1b700cf4ca1e8f\"},\"headline\":\"Bel\u00e7ika&rsquo;da Avrupa Parlamentosu se\u00e7imleri i\u00e7in oy verme ya\u015f\u0131 16&rsquo;ya indi\",\"datePublished\":\"2022-05-21T06:22:16+00:00\",\"dateModified\":\"2022-05-21T06:22:30+00:00\",\"mainEntityOfPage\":{\"@id\":\"https:\/\/avrupapress.com\/main\/2022\/05\/21\/belcikada-avrupa-parlamentosu-secimleri-icin-oy-verme-yasi-16ya-indi\/\"},\"wordCount\":134,\"publisher\":{\"@id\":\"https:\/\/avrupapress.com\/#\/schema\/person\/0223dca19c72c43575bf30d1a2d8f4fa\"},\"image\":{\"@id\":\"https:\/\/avrupapress.com\/main\/2022\/05\/21\/belcikada-avrupa-parlamentosu-secimleri-icin-oy-verme-yasi-16ya-indi\/#primaryimage\"},\"thumbnailUrl\":\"https:\/\/avrupapress.com\/main\/wp-content\/uploads\/2022\/05\/365377_814x458.jpg\",\"articleSection\":[\"Avrupa\",\"Bel\u00e7ika\",\"D\u00fcnya\",\"Ekonomi\",\"K\u00fclt\u00fcr-Sanat\",\"Tan\u0131t\u0131m\",\"T\u00fcrkiye\"],\"inLanguage\":\"fr-BE\"},{\"@type\":\"WebPage\",\"@id\":\"https:\/\/avrupapress.com\/main\/2022\/05\/21\/belcikada-avrupa-parlamentosu-secimleri-icin-oy-verme-yasi-16ya-indi\/\",\"url\":\"https:\/\/avrupapress.com\/main\/2022\/05\/21\/belcikada-avrupa-parlamentosu-secimleri-icin-oy-verme-yasi-16ya-indi\/\",\"name\":\"Bel\u00e7ika'da Avrupa Parlamentosu se\u00e7imleri i\u00e7in oy verme ya\u015f\u0131 16'ya indi - AvrupaPress\",\"isPartOf\":{\"@id\":\"https:\/\/avrupapress.com\/#website\"},\"primaryImageOfPage\":{\"@id\":\"https:\/\/avrupapress.com\/main\/2022\/05\/21\/belcikada-avrupa-parlamentosu-secimleri-icin-oy-verme-yasi-16ya-indi\/#primaryimage\"},\"image\":{\"@id\":\"https:\/\/avrupapress.com\/main\/2022\/05\/21\/belcikada-avrupa-parlamentosu-secimleri-icin-oy-verme-yasi-16ya-indi\/#primaryimage\"},\"thumbnailUrl\":\"https:\/\/avrupapress.com\/main\/wp-content\/uploads\/2022\/05\/365377_814x458.jpg\",\"datePublished\":\"2022-05-21T06:22:16+00:00\",\"dateModified\":\"2022-05-21T06:22:30+00:00\",\"breadcrumb\":{\"@id\":\"https:\/\/avrupapress.com\/main\/2022\/05\/21\/belcikada-avrupa-parlamentosu-secimleri-icin-oy-verme-yasi-16ya-indi\/#breadcrumb\"},\"inLanguage\":\"fr-BE\",\"potentialAction\":[{\"@type\":\"ReadAction\",\"target\":[\"https:\/\/avrupapress.com\/main\/2022\/05\/21\/belcikada-avrupa-parlamentosu-secimleri-icin-oy-verme-yasi-16ya-indi\/\"]}]},{\"@type\":\"ImageObject\",\"inLanguage\":\"fr-BE\",\"@id\":\"https:\/\/avrupapress.com\/main\/2022\/05\/21\/belcikada-avrupa-parlamentosu-secimleri-icin-oy-verme-yasi-16ya-indi\/#primaryimage\",\"url\":\"https:\/\/avrupapress.com\/main\/wp-content\/uploads\/2022\/05\/365377_814x458.jpg\",\"contentUrl\":\"https:\/\/avrupapress.com\/main\/wp-content\/uploads\/2022\/05\/365377_814x458.jpg\",\"width\":814,\"height\":458},{\"@type\":\"BreadcrumbList\",\"@id\":\"https:\/\/avrupapress.com\/main\/2022\/05\/21\/belcikada-avrupa-parlamentosu-secimleri-icin-oy-verme-yasi-16ya-indi\/#breadcrumb\",\"itemListElement\":[{\"@type\":\"ListItem\",\"position\":1,\"name\":\"Anasayfa\",\"item\":\"https:\/\/avrupapress.com\/\"},{\"@type\":\"ListItem\",\"position\":2,\"name\":\"Bel\u00e7ika&#8217;da Avrupa Parlamentosu se\u00e7imleri i\u00e7in oy verme ya\u015f\u0131 16&#8217;ya indi\"}]},{\"@type\":\"WebSite\",\"@id\":\"https:\/\/avrupapress.com\/#website\",\"url\":\"https:\/\/avrupapress.com\/\",\"name\":\"AvrupaPress\",\"description\":\"Haberin Adresi\",\"publisher\":{\"@id\":\"https:\/\/avrupapress.com\/#\/schema\/person\/0223dca19c72c43575bf30d1a2d8f4fa\"},\"potentialAction\":[{\"@type\":\"SearchAction\",\"target\":{\"@type\":\"EntryPoint\",\"urlTemplate\":\"https:\/\/avrupapress.com\/?s={search_term_string}\"},\"query-input\":{\"@type\":\"PropertyValueSpecification\",\"valueRequired\":true,\"valueName\":\"search_term_string\"}}],\"inLanguage\":\"fr-BE\"},{\"@type\":[\"Person\",\"Organization\"],\"@id\":\"https:\/\/avrupapress.com\/#\/schema\/person\/0223dca19c72c43575bf30d1a2d8f4fa\",\"name\":\"Bilgin \u00d6z\u00e7ift\u00e7i\",\"image\":{\"@type\":\"ImageObject\",\"inLanguage\":\"fr-BE\",\"@id\":\"https:\/\/avrupapress.com\/#\/schema\/person\/image\/\",\"url\":\"https:\/\/secure.gravatar.com\/avatar\/0f23b280433a21e1ea7a0adcc46ed0ad16afe3ad8e630fd13d8a017dcbd54ef3?s=96&d=mm&r=g\",\"contentUrl\":\"https:\/\/secure.gravatar.com\/avatar\/0f23b280433a21e1ea7a0adcc46ed0ad16afe3ad8e630fd13d8a017dcbd54ef3?s=96&d=mm&r=g\",\"caption\":\"Bilgin \u00d6z\u00e7ift\u00e7i\"},\"logo\":{\"@id\":\"https:\/\/avrupapress.com\/#\/schema\/person\/image\/\"},\"description\":\"Ne ben, nede sen... Biz ancak \\\"biz\\\" olursak g\u00fc\u00e7l\u00fc olabiliriz\"},{\"@type\":\"Person\",\"@id\":\"https:\/\/avrupapress.com\/#\/schema\/person\/68428444ec60970d1e1b700cf4ca1e8f\",\"name\":\"Edit\u00f6r\",\"image\":{\"@type\":\"ImageObject\",\"inLanguage\":\"fr-BE\",\"@id\":\"https:\/\/avrupapress.com\/#\/schema\/person\/image\/\",\"url\":\"https:\/\/secure.gravatar.com\/avatar\/74996b0977aa5f1559ba9883776652508b229005c0d78fb2597897f0bd651c09?s=96&d=mm&r=g\",\"contentUrl\":\"https:\/\/secure.gravatar.com\/avatar\/74996b0977aa5f1559ba9883776652508b229005c0d78fb2597897f0bd651c09?s=96&d=mm&r=g\",\"caption\":\"Edit\u00f6r\"},\"sameAs\":[\"http:\/\/www.avrupapress.com\"],\"url\":\"https:\/\/avrupapress.com\/main\/author\/editor\/\"}]}<\/script>\n<!-- \/ Yoast SEO plugin. -->","yoast_head_json":{"title":"Bel\u00e7ika'da Avrupa Parlamentosu se\u00e7imleri i\u00e7in oy verme ya\u015f\u0131 16'ya indi - AvrupaPress","robots":{"index":"index","follow":"follow","max-snippet":"max-snippet:-1","max-image-preview":"max-image-preview:large","max-video-preview":"max-video-preview:-1"},"canonical":"https:\/\/avrupapress.com\/main\/2022\/05\/21\/belcikada-avrupa-parlamentosu-secimleri-icin-oy-verme-yasi-16ya-indi\/","og_locale":"fr_FR","og_type":"article","og_title":"Bel\u00e7ika'da Avrupa Parlamentosu se\u00e7imleri i\u00e7in oy verme ya\u015f\u0131 16'ya indi - AvrupaPress","og_description":"Bel\u00e7ika&rsquo;da, gelecek Avrupa Parlamentosu (AP) se\u00e7imlerinde oy verme ya\u015f\u0131 16&rsquo;ya d\u00fc\u015f\u00fcr\u00fcld\u00fc. Bel\u00e7ika&rsquo;da Federal parlamentoda d\u00fcn yap\u0131lan oylamada AP se\u00e7imleri i\u00e7in se\u00e7me ya\u015f\u0131 18&rsquo;den 16&rsquo;ya indirildi. \u00a0 B\u00f6ylece 11 milyon 400 bin n\u00fcfuslu \u00fclkedeki 270 bin civar\u0131 gen\u00e7, 2024&rsquo;te d\u00fczenlenecek se\u00e7imde oy verebilecek. \u00a0 Avrupa Birli\u011fi (AB) \u00fcyesi \u00fclkeler i\u00e7inde Avusturya, Malta ve Yunanistan da se\u00e7me [&hellip;]","og_url":"https:\/\/avrupapress.com\/main\/2022\/05\/21\/belcikada-avrupa-parlamentosu-secimleri-icin-oy-verme-yasi-16ya-indi\/","og_site_name":"AvrupaPress","article_published_time":"2022-05-21T06:22:16+00:00","article_modified_time":"2022-05-21T06:22:30+00:00","og_image":[{"width":814,"height":458,"url":"https:\/\/avrupapress.com\/main\/wp-content\/uploads\/2022\/05\/365377_814x458.jpg","type":"image\/jpeg"}],"author":"Edit\u00f6r","twitter_card":"summary_large_image","twitter_misc":{"\u00c9crit par":"Edit\u00f6r","Dur\u00e9e de lecture est.":"1 minute"},"schema":{"@context":"https:\/\/schema.org","@graph":[{"@type":"Article","@id":"https:\/\/avrupapress.com\/main\/2022\/05\/21\/belcikada-avrupa-parlamentosu-secimleri-icin-oy-verme-yasi-16ya-indi\/#article","isPartOf":{"@id":"https:\/\/avrupapress.com\/main\/2022\/05\/21\/belcikada-avrupa-parlamentosu-secimleri-icin-oy-verme-yasi-16ya-indi\/"},"author":{"name":"Edit\u00f6r","@id":"https:\/\/avrupapress.com\/#\/schema\/person\/68428444ec60970d1e1b700cf4ca1e8f"},"headline":"Bel\u00e7ika&rsquo;da Avrupa Parlamentosu se\u00e7imleri i\u00e7in oy verme ya\u015f\u0131 16&rsquo;ya indi","datePublished":"2022-05-21T06:22:16+00:00","dateModified":"2022-05-21T06:22:30+00:00","mainEntityOfPage":{"@id":"https:\/\/avrupapress.com\/main\/2022\/05\/21\/belcikada-avrupa-parlamentosu-secimleri-icin-oy-verme-yasi-16ya-indi\/"},"wordCount":134,"publisher":{"@id":"https:\/\/avrupapress.com\/#\/schema\/person\/0223dca19c72c43575bf30d1a2d8f4fa"},"image":{"@id":"https:\/\/avrupapress.com\/main\/2022\/05\/21\/belcikada-avrupa-parlamentosu-secimleri-icin-oy-verme-yasi-16ya-indi\/#primaryimage"},"thumbnailUrl":"https:\/\/avrupapress.com\/main\/wp-content\/uploads\/2022\/05\/365377_814x458.jpg","articleSection":["Avrupa","Bel\u00e7ika","D\u00fcnya","Ekonomi","K\u00fclt\u00fcr-Sanat","Tan\u0131t\u0131m","T\u00fcrkiye"],"inLanguage":"fr-BE"},{"@type":"WebPage","@id":"https:\/\/avrupapress.com\/main\/2022\/05\/21\/belcikada-avrupa-parlamentosu-secimleri-icin-oy-verme-yasi-16ya-indi\/","url":"https:\/\/avrupapress.com\/main\/2022\/05\/21\/belcikada-avrupa-parlamentosu-secimleri-icin-oy-verme-yasi-16ya-indi\/","name":"Bel\u00e7ika'da Avrupa Parlamentosu se\u00e7imleri i\u00e7in oy verme ya\u015f\u0131 16'ya indi - AvrupaPress","isPartOf":{"@id":"https:\/\/avrupapress.com\/#website"},"primaryImageOfPage":{"@id":"https:\/\/avrupapress.com\/main\/2022\/05\/21\/belcikada-avrupa-parlamentosu-secimleri-icin-oy-verme-yasi-16ya-indi\/#primaryimage"},"image":{"@id":"https:\/\/avrupapress.com\/main\/2022\/05\/21\/belcikada-avrupa-parlamentosu-secimleri-icin-oy-verme-yasi-16ya-indi\/#primaryimage"},"thumbnailUrl":"https:\/\/avrupapress.com\/main\/wp-content\/uploads\/2022\/05\/365377_814x458.jpg","datePublished":"2022-05-21T06:22:16+00:00","dateModified":"2022-05-21T06:22:30+00:00","breadcrumb":{"@id":"https:\/\/avrupapress.com\/main\/2022\/05\/21\/belcikada-avrupa-parlamentosu-secimleri-icin-oy-verme-yasi-16ya-indi\/#breadcrumb"},"inLanguage":"fr-BE","potentialAction":[{"@type":"ReadAction","target":["https:\/\/avrupapress.com\/main\/2022\/05\/21\/belcikada-avrupa-parlamentosu-secimleri-icin-oy-verme-yasi-16ya-indi\/"]}]},{"@type":"ImageObject","inLanguage":"fr-BE","@id":"https:\/\/avrupapress.com\/main\/2022\/05\/21\/belcikada-avrupa-parlamentosu-secimleri-icin-oy-verme-yasi-16ya-indi\/#primaryimage","url":"https:\/\/avrupapress.com\/main\/wp-content\/uploads\/2022\/05\/365377_814x458.jpg","contentUrl":"https:\/\/avrupapress.com\/main\/wp-content\/uploads\/2022\/05\/365377_814x458.jpg","width":814,"height":458},{"@type":"BreadcrumbList","@id":"https:\/\/avrupapress.com\/main\/2022\/05\/21\/belcikada-avrupa-parlamentosu-secimleri-icin-oy-verme-yasi-16ya-indi\/#breadcrumb","itemListElement":[{"@type":"ListItem","position":1,"name":"Anasayfa","item":"https:\/\/avrupapress.com\/"},{"@type":"ListItem","position":2,"name":"Bel\u00e7ika&#8217;da Avrupa Parlamentosu se\u00e7imleri i\u00e7in oy verme ya\u015f\u0131 16&#8217;ya indi"}]},{"@type":"WebSite","@id":"https:\/\/avrupapress.com\/#website","url":"https:\/\/avrupapress.com\/","name":"AvrupaPress","description":"Haberin Adresi","publisher":{"@id":"https:\/\/avrupapress.com\/#\/schema\/person\/0223dca19c72c43575bf30d1a2d8f4fa"},"potentialAction":[{"@type":"SearchAction","target":{"@type":"EntryPoint","urlTemplate":"https:\/\/avrupapress.com\/?s={search_term_string}"},"query-input":{"@type":"PropertyValueSpecification","valueRequired":true,"valueName":"search_term_string"}}],"inLanguage":"fr-BE"},{"@type":["Person","Organization"],"@id":"https:\/\/avrupapress.com\/#\/schema\/person\/0223dca19c72c43575bf30d1a2d8f4fa","name":"Bilgin \u00d6z\u00e7ift\u00e7i","image":{"@type":"ImageObject","inLanguage":"fr-BE","@id":"https:\/\/avrupapress.com\/#\/schema\/person\/image\/","url":"https:\/\/secure.gravatar.com\/avatar\/0f23b280433a21e1ea7a0adcc46ed0ad16afe3ad8e630fd13d8a017dcbd54ef3?s=96&d=mm&r=g","contentUrl":"https:\/\/secure.gravatar.com\/avatar\/0f23b280433a21e1ea7a0adcc46ed0ad16afe3ad8e630fd13d8a017dcbd54ef3?s=96&d=mm&r=g","caption":"Bilgin \u00d6z\u00e7ift\u00e7i"},"logo":{"@id":"https:\/\/avrupapress.com\/#\/schema\/person\/image\/"},"description":"Ne ben, nede sen... Biz ancak \"biz\" olursak g\u00fc\u00e7l\u00fc olabiliriz"},{"@type":"Person","@id":"https:\/\/avrupapress.com\/#\/schema\/person\/68428444ec60970d1e1b700cf4ca1e8f","name":"Edit\u00f6r","image":{"@type":"ImageObject","inLanguage":"fr-BE","@id":"https:\/\/avrupapress.com\/#\/schema\/person\/image\/","url":"https:\/\/secure.gravatar.com\/avatar\/74996b0977aa5f1559ba9883776652508b229005c0d78fb2597897f0bd651c09?s=96&d=mm&r=g","contentUrl":"https:\/\/secure.gravatar.com\/avatar\/74996b0977aa5f1559ba9883776652508b229005c0d78fb2597897f0bd651c09?s=96&d=mm&r=g","caption":"Edit\u00f6r"},"sameAs":["http:\/\/www.avrupapress.com"],"url":"https:\/\/avrupapress.com\/main\/author\/editor\/"}]}},"_links":{"self":[{"href":"https:\/\/avrupapress.com\/main\/wp-json\/wp\/v2\/posts\/18969","targetHints":{"allow":["GET"]}}],"collection":[{"href":"https:\/\/avrupapress.com\/main\/wp-json\/wp\/v2\/posts"}],"about":[{"href":"https:\/\/avrupapress.com\/main\/wp-json\/wp\/v2\/types\/post"}],"author":[{"embeddable":true,"href":"https:\/\/avrupapress.com\/main\/wp-json\/wp\/v2\/users\/3"}],"replies":[{"embeddable":true,"href":"https:\/\/avrupapress.com\/main\/wp-json\/wp\/v2\/comments?post=18969"}],"version-history":[{"count":1,"href":"https:\/\/avrupapress.com\/main\/wp-json\/wp\/v2\/posts\/18969\/revisions"}],"predecessor-version":[{"id":18971,"href":"https:\/\/avrupapress.com\/main\/wp-json\/wp\/v2\/posts\/18969\/revisions\/18971"}],"wp:featuredmedia":[{"embeddable":true,"href":"https:\/\/avrupapress.com\/main\/wp-json\/wp\/v2\/media\/18970"}],"wp:attachment":[{"href":"https:\/\/avrupapress.com\/main\/wp-json\/wp\/v2\/media?parent=18969"}],"wp:term":[{"taxonomy":"category","embeddable":true,"href":"https:\/\/avrupapress.com\/main\/wp-json\/wp\/v2\/categories?post=18969"},{"taxonomy":"post_tag","embeddable":true,"href":"https:\/\/avrupapress.com\/main\/wp-json\/wp\/v2\/tags?post=18969"}],"curies":[{"name":"wp","href":"https:\/\/api.w.org\/{rel}","templated":true}]}}