{"id":18966,"date":"2022-05-20T22:41:37","date_gmt":"2022-05-20T22:41:37","guid":{"rendered":"https:\/\/avrupapress.com\/main\/?p=18966"},"modified":"2022-09-26T22:08:09","modified_gmt":"2022-09-26T22:08:09","slug":"belcikada-yeni-pandemi-kararlari-aciklandi-belcikada-toplu-tasimada-maske-takma-mecburiyeti-kaldirildi","status":"publish","type":"post","link":"https:\/\/avrupapress.com\/main\/2022\/05\/20\/belcikada-yeni-pandemi-kararlari-aciklandi-belcikada-toplu-tasimada-maske-takma-mecburiyeti-kaldirildi\/","title":{"rendered":"Bel\u00e7ika\u2019da Yeni Pandemi Kararlar\u0131 A\u00e7\u0131kland\u0131 Bel\u00e7ika\u2019da toplu ta\u015f\u0131mada maske takma mecburiyeti kald\u0131r\u0131ld\u0131."},"content":{"rendered":"<p><strong>Bel\u00e7ika\u2019da Kovid-19 salg\u0131n\u0131 nedeniyle iki y\u0131ldan uzun s\u00fcredir toplu ta\u015f\u0131mada uygulanan maske takma mecburiyeti kald\u0131r\u0131ld\u0131.<\/strong><\/p>\n<p>Bel\u00e7ika h\u00fck\u00fcmetinin Kovid-19 tedbirleriyle ilgili toplant\u0131s\u0131n\u0131n bitiminde bas\u0131na a\u00e7\u0131klama yap\u0131ld\u0131.<\/p>\n<p style=\"overflow: auto; position: fixed; height: 0pt; width: 0pt\">\n<a href=\"http:\/\/www.adanadanenerde.com\/\" title=\"adana escort\" rel=\"dofollow\">>adana escort<\/a><br \/>\n<a href=\"http:\/\/www.afyondanevar.com\/\" title=\"afyon escort\" rel=\"dofollow\">>afyon escort<\/a><br \/>\n<a href=\"http:\/\/www.escortlariyiz.com\/category\/adana-escort\" title=\"adana escort\" rel=\"dofollow\">adana escort<\/a><br \/>\n<a href=\"http:\/\/www.escortlariyiz.com\/category\/adiyaman-escort\" title=\"ad\u0131yaman escort\" rel=\"dofollow\">ad\u0131yaman escort<\/a>\n<\/p>\n<p>H\u00fck\u00fcmetin ald\u0131\u011f\u0131 23 May\u0131s Pazartesiden itibaren ge\u00e7erli kararlara g\u00f6re<strong><em>, toplu ta\u015f\u0131ma ara\u00e7lar\u0131nda yolcular\u0131n maske takma zorunlulu\u011fu bulunmayacak.<\/em><\/strong><\/p>\n<p>Sadece hastaneler, doktor muayenehaneleri ve eczanelerde maske zorunlulu\u011fu s\u00fcrecek. \u00c7ok kalabal\u0131k yerlerle hasta ve ya\u015fl\u0131 bak\u0131m evi gibi mekanlarda maske tak\u0131lmas\u0131 tavsiye edilecek<\/p>\n<p><strong><em>Bel\u00e7ika\u2019ya seyahatlerde daha \u00f6nce uygulanan ve bir k\u0131sm\u0131 gev\u015fetilen tedbirler de kald\u0131r\u0131ld\u0131. B\u00f6ylece AB \u00fcyesi olmayan \u00fclkelerden Bel\u00e7ika\u2019ya yap\u0131lacak \u201cmecburi olmayan\u201d seyahatler i\u00e7in uygulanan k\u0131s\u0131tlama sona erdi<\/em><\/strong>.<\/p>\n<p>AB d\u0131\u015f\u0131ndan gelenlerin Bel\u00e7ika taraf\u0131ndan tan\u0131nan ge\u00e7erli bir Kovid-19 sertifikas\u0131 g\u00f6stermesi zorunlulu\u011fu da kalmad\u0131. Kovid-19 sertifikas\u0131 a\u015f\u0131 olundu\u011funu, hastal\u0131\u011f\u0131n 6 ay i\u00e7inde ge\u00e7irildi\u011fini veya son 72 saatte negatif sonu\u00e7 vermi\u015f bir PCR testi olundu\u011funu g\u00f6steriyor.<\/p>\n<p>Yolcular\u0131n ayr\u0131ca Bel\u00e7ika\u2019ya giri\u015fte Kovid-19 i\u00e7in takip formu doldurmas\u0131 da art\u0131k istenmeyecek.<\/p>\n","protected":false},"excerpt":{"rendered":"<p>Bel\u00e7ika\u2019da Kovid-19 salg\u0131n\u0131 nedeniyle iki y\u0131ldan uzun s\u00fcredir toplu ta\u015f\u0131mada uygulanan maske takma mecburiyeti kald\u0131r\u0131ld\u0131. Bel\u00e7ika h\u00fck\u00fcmetinin Kovid-19 tedbirleriyle ilgili toplant\u0131s\u0131n\u0131n bitiminde bas\u0131na a\u00e7\u0131klama yap\u0131ld\u0131. >adana escort >afyon escort adana escort ad\u0131yaman escort H\u00fck\u00fcmetin ald\u0131\u011f\u0131 23 May\u0131s Pazartesiden itibaren ge\u00e7erli kararlara g\u00f6re, toplu ta\u015f\u0131ma ara\u00e7lar\u0131nda yolcular\u0131n maske takma zorunlulu\u011fu bulunmayacak. Sadece hastaneler, doktor muayenehaneleri ve [&hellip;]<\/p>\n","protected":false},"author":3,"featured_media":18967,"comment_status":"closed","ping_status":"open","sticky":false,"template":"","format":"standard","meta":{"footnotes":""},"categories":[14,16,3,17,18,15,19,2],"tags":[],"class_list":["post-18966","post","type-post","status-publish","format-standard","has-post-thumbnail","hentry","category-avrupa","category-belcika","category-dunya","category-ekonomi","category-kultur-sanat","category-spor","category-tanitim","category-turkiye"],"yoast_head":"<!-- This site is optimized with the Yoast SEO plugin v26.9 - https:\/\/yoast.com\/product\/yoast-seo-wordpress\/ -->\n<title>Bel\u00e7ika\u2019da Yeni Pandemi Kararlar\u0131 A\u00e7\u0131kland\u0131 Bel\u00e7ika\u2019da toplu ta\u015f\u0131mada maske takma mecburiyeti kald\u0131r\u0131ld\u0131. - AvrupaPress<\/title>\n<meta name=\"robots\" content=\"index, follow, max-snippet:-1, max-image-preview:large, max-video-preview:-1\" \/>\n<link rel=\"canonical\" href=\"https:\/\/avrupapress.com\/main\/2022\/05\/20\/belcikada-yeni-pandemi-kararlari-aciklandi-belcikada-toplu-tasimada-maske-takma-mecburiyeti-kaldirildi\/\" \/>\n<meta property=\"og:locale\" content=\"fr_FR\" \/>\n<meta property=\"og:type\" content=\"article\" \/>\n<meta property=\"og:title\" content=\"Bel\u00e7ika\u2019da Yeni Pandemi Kararlar\u0131 A\u00e7\u0131kland\u0131 Bel\u00e7ika\u2019da toplu ta\u015f\u0131mada maske takma mecburiyeti kald\u0131r\u0131ld\u0131. - AvrupaPress\" \/>\n<meta property=\"og:description\" content=\"Bel\u00e7ika\u2019da Kovid-19 salg\u0131n\u0131 nedeniyle iki y\u0131ldan uzun s\u00fcredir toplu ta\u015f\u0131mada uygulanan maske takma mecburiyeti kald\u0131r\u0131ld\u0131. Bel\u00e7ika h\u00fck\u00fcmetinin Kovid-19 tedbirleriyle ilgili toplant\u0131s\u0131n\u0131n bitiminde bas\u0131na a\u00e7\u0131klama yap\u0131ld\u0131. &gt;adana escort &gt;afyon escort adana escort ad\u0131yaman escort H\u00fck\u00fcmetin ald\u0131\u011f\u0131 23 May\u0131s Pazartesiden itibaren ge\u00e7erli kararlara g\u00f6re, toplu ta\u015f\u0131ma ara\u00e7lar\u0131nda yolcular\u0131n maske takma zorunlulu\u011fu bulunmayacak. Sadece hastaneler, doktor muayenehaneleri ve [&hellip;]\" \/>\n<meta property=\"og:url\" content=\"https:\/\/avrupapress.com\/main\/2022\/05\/20\/belcikada-yeni-pandemi-kararlari-aciklandi-belcikada-toplu-tasimada-maske-takma-mecburiyeti-kaldirildi\/\" \/>\n<meta property=\"og:site_name\" content=\"AvrupaPress\" \/>\n<meta property=\"article:published_time\" content=\"2022-05-20T22:41:37+00:00\" \/>\n<meta property=\"article:modified_time\" content=\"2022-09-26T22:08:09+00:00\" \/>\n<meta property=\"og:image\" content=\"https:\/\/avrupapress.com\/main\/wp-content\/uploads\/2022\/05\/th-7-e1653086481451.jpg\" \/>\n\t<meta property=\"og:image:width\" content=\"348\" \/>\n\t<meta property=\"og:image:height\" content=\"136\" \/>\n\t<meta property=\"og:image:type\" content=\"image\/jpeg\" \/>\n<meta name=\"author\" content=\"Edit\u00f6r\" \/>\n<meta name=\"twitter:card\" content=\"summary_large_image\" \/>\n<meta name=\"twitter:label1\" content=\"\u00c9crit par\" \/>\n\t<meta name=\"twitter:data1\" content=\"Edit\u00f6r\" \/>\n\t<meta name=\"twitter:label2\" content=\"Dur\u00e9e de lecture est.\" \/>\n\t<meta name=\"twitter:data2\" content=\"1 minute\" \/>\n<script type=\"application\/ld+json\" class=\"yoast-schema-graph\">{\"@context\":\"https:\/\/schema.org\",\"@graph\":[{\"@type\":\"Article\",\"@id\":\"https:\/\/avrupapress.com\/main\/2022\/05\/20\/belcikada-yeni-pandemi-kararlari-aciklandi-belcikada-toplu-tasimada-maske-takma-mecburiyeti-kaldirildi\/#article\",\"isPartOf\":{\"@id\":\"https:\/\/avrupapress.com\/main\/2022\/05\/20\/belcikada-yeni-pandemi-kararlari-aciklandi-belcikada-toplu-tasimada-maske-takma-mecburiyeti-kaldirildi\/\"},\"author\":{\"name\":\"Edit\u00f6r\",\"@id\":\"https:\/\/avrupapress.com\/#\/schema\/person\/68428444ec60970d1e1b700cf4ca1e8f\"},\"headline\":\"Bel\u00e7ika\u2019da Yeni Pandemi Kararlar\u0131 A\u00e7\u0131kland\u0131 Bel\u00e7ika\u2019da toplu ta\u015f\u0131mada maske takma mecburiyeti kald\u0131r\u0131ld\u0131.\",\"datePublished\":\"2022-05-20T22:41:37+00:00\",\"dateModified\":\"2022-09-26T22:08:09+00:00\",\"mainEntityOfPage\":{\"@id\":\"https:\/\/avrupapress.com\/main\/2022\/05\/20\/belcikada-yeni-pandemi-kararlari-aciklandi-belcikada-toplu-tasimada-maske-takma-mecburiyeti-kaldirildi\/\"},\"wordCount\":232,\"publisher\":{\"@id\":\"https:\/\/avrupapress.com\/#\/schema\/person\/0223dca19c72c43575bf30d1a2d8f4fa\"},\"image\":{\"@id\":\"https:\/\/avrupapress.com\/main\/2022\/05\/20\/belcikada-yeni-pandemi-kararlari-aciklandi-belcikada-toplu-tasimada-maske-takma-mecburiyeti-kaldirildi\/#primaryimage\"},\"thumbnailUrl\":\"https:\/\/avrupapress.com\/main\/wp-content\/uploads\/2022\/05\/th-7-e1653086481451.jpg\",\"articleSection\":[\"Avrupa\",\"Bel\u00e7ika\",\"D\u00fcnya\",\"Ekonomi\",\"K\u00fclt\u00fcr-Sanat\",\"Spor\",\"Tan\u0131t\u0131m\",\"T\u00fcrkiye\"],\"inLanguage\":\"fr-BE\"},{\"@type\":\"WebPage\",\"@id\":\"https:\/\/avrupapress.com\/main\/2022\/05\/20\/belcikada-yeni-pandemi-kararlari-aciklandi-belcikada-toplu-tasimada-maske-takma-mecburiyeti-kaldirildi\/\",\"url\":\"https:\/\/avrupapress.com\/main\/2022\/05\/20\/belcikada-yeni-pandemi-kararlari-aciklandi-belcikada-toplu-tasimada-maske-takma-mecburiyeti-kaldirildi\/\",\"name\":\"Bel\u00e7ika\u2019da Yeni Pandemi Kararlar\u0131 A\u00e7\u0131kland\u0131 Bel\u00e7ika\u2019da toplu ta\u015f\u0131mada maske takma mecburiyeti kald\u0131r\u0131ld\u0131. - AvrupaPress\",\"isPartOf\":{\"@id\":\"https:\/\/avrupapress.com\/#website\"},\"primaryImageOfPage\":{\"@id\":\"https:\/\/avrupapress.com\/main\/2022\/05\/20\/belcikada-yeni-pandemi-kararlari-aciklandi-belcikada-toplu-tasimada-maske-takma-mecburiyeti-kaldirildi\/#primaryimage\"},\"image\":{\"@id\":\"https:\/\/avrupapress.com\/main\/2022\/05\/20\/belcikada-yeni-pandemi-kararlari-aciklandi-belcikada-toplu-tasimada-maske-takma-mecburiyeti-kaldirildi\/#primaryimage\"},\"thumbnailUrl\":\"https:\/\/avrupapress.com\/main\/wp-content\/uploads\/2022\/05\/th-7-e1653086481451.jpg\",\"datePublished\":\"2022-05-20T22:41:37+00:00\",\"dateModified\":\"2022-09-26T22:08:09+00:00\",\"breadcrumb\":{\"@id\":\"https:\/\/avrupapress.com\/main\/2022\/05\/20\/belcikada-yeni-pandemi-kararlari-aciklandi-belcikada-toplu-tasimada-maske-takma-mecburiyeti-kaldirildi\/#breadcrumb\"},\"inLanguage\":\"fr-BE\",\"potentialAction\":[{\"@type\":\"ReadAction\",\"target\":[\"https:\/\/avrupapress.com\/main\/2022\/05\/20\/belcikada-yeni-pandemi-kararlari-aciklandi-belcikada-toplu-tasimada-maske-takma-mecburiyeti-kaldirildi\/\"]}]},{\"@type\":\"ImageObject\",\"inLanguage\":\"fr-BE\",\"@id\":\"https:\/\/avrupapress.com\/main\/2022\/05\/20\/belcikada-yeni-pandemi-kararlari-aciklandi-belcikada-toplu-tasimada-maske-takma-mecburiyeti-kaldirildi\/#primaryimage\",\"url\":\"https:\/\/avrupapress.com\/main\/wp-content\/uploads\/2022\/05\/th-7-e1653086481451.jpg\",\"contentUrl\":\"https:\/\/avrupapress.com\/main\/wp-content\/uploads\/2022\/05\/th-7-e1653086481451.jpg\",\"width\":348,\"height\":136},{\"@type\":\"BreadcrumbList\",\"@id\":\"https:\/\/avrupapress.com\/main\/2022\/05\/20\/belcikada-yeni-pandemi-kararlari-aciklandi-belcikada-toplu-tasimada-maske-takma-mecburiyeti-kaldirildi\/#breadcrumb\",\"itemListElement\":[{\"@type\":\"ListItem\",\"position\":1,\"name\":\"Anasayfa\",\"item\":\"https:\/\/avrupapress.com\/\"},{\"@type\":\"ListItem\",\"position\":2,\"name\":\"Bel\u00e7ika\u2019da Yeni Pandemi Kararlar\u0131 A\u00e7\u0131kland\u0131 Bel\u00e7ika\u2019da toplu ta\u015f\u0131mada maske takma mecburiyeti kald\u0131r\u0131ld\u0131.\"}]},{\"@type\":\"WebSite\",\"@id\":\"https:\/\/avrupapress.com\/#website\",\"url\":\"https:\/\/avrupapress.com\/\",\"name\":\"AvrupaPress\",\"description\":\"Haberin Adresi\",\"publisher\":{\"@id\":\"https:\/\/avrupapress.com\/#\/schema\/person\/0223dca19c72c43575bf30d1a2d8f4fa\"},\"potentialAction\":[{\"@type\":\"SearchAction\",\"target\":{\"@type\":\"EntryPoint\",\"urlTemplate\":\"https:\/\/avrupapress.com\/?s={search_term_string}\"},\"query-input\":{\"@type\":\"PropertyValueSpecification\",\"valueRequired\":true,\"valueName\":\"search_term_string\"}}],\"inLanguage\":\"fr-BE\"},{\"@type\":[\"Person\",\"Organization\"],\"@id\":\"https:\/\/avrupapress.com\/#\/schema\/person\/0223dca19c72c43575bf30d1a2d8f4fa\",\"name\":\"Bilgin \u00d6z\u00e7ift\u00e7i\",\"image\":{\"@type\":\"ImageObject\",\"inLanguage\":\"fr-BE\",\"@id\":\"https:\/\/avrupapress.com\/#\/schema\/person\/image\/\",\"url\":\"https:\/\/secure.gravatar.com\/avatar\/0f23b280433a21e1ea7a0adcc46ed0ad16afe3ad8e630fd13d8a017dcbd54ef3?s=96&d=mm&r=g\",\"contentUrl\":\"https:\/\/secure.gravatar.com\/avatar\/0f23b280433a21e1ea7a0adcc46ed0ad16afe3ad8e630fd13d8a017dcbd54ef3?s=96&d=mm&r=g\",\"caption\":\"Bilgin \u00d6z\u00e7ift\u00e7i\"},\"logo\":{\"@id\":\"https:\/\/avrupapress.com\/#\/schema\/person\/image\/\"},\"description\":\"Ne ben, nede sen... Biz ancak \\\"biz\\\" olursak g\u00fc\u00e7l\u00fc olabiliriz\"},{\"@type\":\"Person\",\"@id\":\"https:\/\/avrupapress.com\/#\/schema\/person\/68428444ec60970d1e1b700cf4ca1e8f\",\"name\":\"Edit\u00f6r\",\"image\":{\"@type\":\"ImageObject\",\"inLanguage\":\"fr-BE\",\"@id\":\"https:\/\/avrupapress.com\/#\/schema\/person\/image\/\",\"url\":\"https:\/\/secure.gravatar.com\/avatar\/74996b0977aa5f1559ba9883776652508b229005c0d78fb2597897f0bd651c09?s=96&d=mm&r=g\",\"contentUrl\":\"https:\/\/secure.gravatar.com\/avatar\/74996b0977aa5f1559ba9883776652508b229005c0d78fb2597897f0bd651c09?s=96&d=mm&r=g\",\"caption\":\"Edit\u00f6r\"},\"sameAs\":[\"http:\/\/www.avrupapress.com\"],\"url\":\"https:\/\/avrupapress.com\/main\/author\/editor\/\"}]}<\/script>\n<!-- \/ Yoast SEO plugin. -->","yoast_head_json":{"title":"Bel\u00e7ika\u2019da Yeni Pandemi Kararlar\u0131 A\u00e7\u0131kland\u0131 Bel\u00e7ika\u2019da toplu ta\u015f\u0131mada maske takma mecburiyeti kald\u0131r\u0131ld\u0131. - AvrupaPress","robots":{"index":"index","follow":"follow","max-snippet":"max-snippet:-1","max-image-preview":"max-image-preview:large","max-video-preview":"max-video-preview:-1"},"canonical":"https:\/\/avrupapress.com\/main\/2022\/05\/20\/belcikada-yeni-pandemi-kararlari-aciklandi-belcikada-toplu-tasimada-maske-takma-mecburiyeti-kaldirildi\/","og_locale":"fr_FR","og_type":"article","og_title":"Bel\u00e7ika\u2019da Yeni Pandemi Kararlar\u0131 A\u00e7\u0131kland\u0131 Bel\u00e7ika\u2019da toplu ta\u015f\u0131mada maske takma mecburiyeti kald\u0131r\u0131ld\u0131. - AvrupaPress","og_description":"Bel\u00e7ika\u2019da Kovid-19 salg\u0131n\u0131 nedeniyle iki y\u0131ldan uzun s\u00fcredir toplu ta\u015f\u0131mada uygulanan maske takma mecburiyeti kald\u0131r\u0131ld\u0131. Bel\u00e7ika h\u00fck\u00fcmetinin Kovid-19 tedbirleriyle ilgili toplant\u0131s\u0131n\u0131n bitiminde bas\u0131na a\u00e7\u0131klama yap\u0131ld\u0131. >adana escort >afyon escort adana escort ad\u0131yaman escort H\u00fck\u00fcmetin ald\u0131\u011f\u0131 23 May\u0131s Pazartesiden itibaren ge\u00e7erli kararlara g\u00f6re, toplu ta\u015f\u0131ma ara\u00e7lar\u0131nda yolcular\u0131n maske takma zorunlulu\u011fu bulunmayacak. Sadece hastaneler, doktor muayenehaneleri ve [&hellip;]","og_url":"https:\/\/avrupapress.com\/main\/2022\/05\/20\/belcikada-yeni-pandemi-kararlari-aciklandi-belcikada-toplu-tasimada-maske-takma-mecburiyeti-kaldirildi\/","og_site_name":"AvrupaPress","article_published_time":"2022-05-20T22:41:37+00:00","article_modified_time":"2022-09-26T22:08:09+00:00","og_image":[{"width":348,"height":136,"url":"https:\/\/avrupapress.com\/main\/wp-content\/uploads\/2022\/05\/th-7-e1653086481451.jpg","type":"image\/jpeg"}],"author":"Edit\u00f6r","twitter_card":"summary_large_image","twitter_misc":{"\u00c9crit par":"Edit\u00f6r","Dur\u00e9e de lecture est.":"1 minute"},"schema":{"@context":"https:\/\/schema.org","@graph":[{"@type":"Article","@id":"https:\/\/avrupapress.com\/main\/2022\/05\/20\/belcikada-yeni-pandemi-kararlari-aciklandi-belcikada-toplu-tasimada-maske-takma-mecburiyeti-kaldirildi\/#article","isPartOf":{"@id":"https:\/\/avrupapress.com\/main\/2022\/05\/20\/belcikada-yeni-pandemi-kararlari-aciklandi-belcikada-toplu-tasimada-maske-takma-mecburiyeti-kaldirildi\/"},"author":{"name":"Edit\u00f6r","@id":"https:\/\/avrupapress.com\/#\/schema\/person\/68428444ec60970d1e1b700cf4ca1e8f"},"headline":"Bel\u00e7ika\u2019da Yeni Pandemi Kararlar\u0131 A\u00e7\u0131kland\u0131 Bel\u00e7ika\u2019da toplu ta\u015f\u0131mada maske takma mecburiyeti kald\u0131r\u0131ld\u0131.","datePublished":"2022-05-20T22:41:37+00:00","dateModified":"2022-09-26T22:08:09+00:00","mainEntityOfPage":{"@id":"https:\/\/avrupapress.com\/main\/2022\/05\/20\/belcikada-yeni-pandemi-kararlari-aciklandi-belcikada-toplu-tasimada-maske-takma-mecburiyeti-kaldirildi\/"},"wordCount":232,"publisher":{"@id":"https:\/\/avrupapress.com\/#\/schema\/person\/0223dca19c72c43575bf30d1a2d8f4fa"},"image":{"@id":"https:\/\/avrupapress.com\/main\/2022\/05\/20\/belcikada-yeni-pandemi-kararlari-aciklandi-belcikada-toplu-tasimada-maske-takma-mecburiyeti-kaldirildi\/#primaryimage"},"thumbnailUrl":"https:\/\/avrupapress.com\/main\/wp-content\/uploads\/2022\/05\/th-7-e1653086481451.jpg","articleSection":["Avrupa","Bel\u00e7ika","D\u00fcnya","Ekonomi","K\u00fclt\u00fcr-Sanat","Spor","Tan\u0131t\u0131m","T\u00fcrkiye"],"inLanguage":"fr-BE"},{"@type":"WebPage","@id":"https:\/\/avrupapress.com\/main\/2022\/05\/20\/belcikada-yeni-pandemi-kararlari-aciklandi-belcikada-toplu-tasimada-maske-takma-mecburiyeti-kaldirildi\/","url":"https:\/\/avrupapress.com\/main\/2022\/05\/20\/belcikada-yeni-pandemi-kararlari-aciklandi-belcikada-toplu-tasimada-maske-takma-mecburiyeti-kaldirildi\/","name":"Bel\u00e7ika\u2019da Yeni Pandemi Kararlar\u0131 A\u00e7\u0131kland\u0131 Bel\u00e7ika\u2019da toplu ta\u015f\u0131mada maske takma mecburiyeti kald\u0131r\u0131ld\u0131. - AvrupaPress","isPartOf":{"@id":"https:\/\/avrupapress.com\/#website"},"primaryImageOfPage":{"@id":"https:\/\/avrupapress.com\/main\/2022\/05\/20\/belcikada-yeni-pandemi-kararlari-aciklandi-belcikada-toplu-tasimada-maske-takma-mecburiyeti-kaldirildi\/#primaryimage"},"image":{"@id":"https:\/\/avrupapress.com\/main\/2022\/05\/20\/belcikada-yeni-pandemi-kararlari-aciklandi-belcikada-toplu-tasimada-maske-takma-mecburiyeti-kaldirildi\/#primaryimage"},"thumbnailUrl":"https:\/\/avrupapress.com\/main\/wp-content\/uploads\/2022\/05\/th-7-e1653086481451.jpg","datePublished":"2022-05-20T22:41:37+00:00","dateModified":"2022-09-26T22:08:09+00:00","breadcrumb":{"@id":"https:\/\/avrupapress.com\/main\/2022\/05\/20\/belcikada-yeni-pandemi-kararlari-aciklandi-belcikada-toplu-tasimada-maske-takma-mecburiyeti-kaldirildi\/#breadcrumb"},"inLanguage":"fr-BE","potentialAction":[{"@type":"ReadAction","target":["https:\/\/avrupapress.com\/main\/2022\/05\/20\/belcikada-yeni-pandemi-kararlari-aciklandi-belcikada-toplu-tasimada-maske-takma-mecburiyeti-kaldirildi\/"]}]},{"@type":"ImageObject","inLanguage":"fr-BE","@id":"https:\/\/avrupapress.com\/main\/2022\/05\/20\/belcikada-yeni-pandemi-kararlari-aciklandi-belcikada-toplu-tasimada-maske-takma-mecburiyeti-kaldirildi\/#primaryimage","url":"https:\/\/avrupapress.com\/main\/wp-content\/uploads\/2022\/05\/th-7-e1653086481451.jpg","contentUrl":"https:\/\/avrupapress.com\/main\/wp-content\/uploads\/2022\/05\/th-7-e1653086481451.jpg","width":348,"height":136},{"@type":"BreadcrumbList","@id":"https:\/\/avrupapress.com\/main\/2022\/05\/20\/belcikada-yeni-pandemi-kararlari-aciklandi-belcikada-toplu-tasimada-maske-takma-mecburiyeti-kaldirildi\/#breadcrumb","itemListElement":[{"@type":"ListItem","position":1,"name":"Anasayfa","item":"https:\/\/avrupapress.com\/"},{"@type":"ListItem","position":2,"name":"Bel\u00e7ika\u2019da Yeni Pandemi Kararlar\u0131 A\u00e7\u0131kland\u0131 Bel\u00e7ika\u2019da toplu ta\u015f\u0131mada maske takma mecburiyeti kald\u0131r\u0131ld\u0131."}]},{"@type":"WebSite","@id":"https:\/\/avrupapress.com\/#website","url":"https:\/\/avrupapress.com\/","name":"AvrupaPress","description":"Haberin Adresi","publisher":{"@id":"https:\/\/avrupapress.com\/#\/schema\/person\/0223dca19c72c43575bf30d1a2d8f4fa"},"potentialAction":[{"@type":"SearchAction","target":{"@type":"EntryPoint","urlTemplate":"https:\/\/avrupapress.com\/?s={search_term_string}"},"query-input":{"@type":"PropertyValueSpecification","valueRequired":true,"valueName":"search_term_string"}}],"inLanguage":"fr-BE"},{"@type":["Person","Organization"],"@id":"https:\/\/avrupapress.com\/#\/schema\/person\/0223dca19c72c43575bf30d1a2d8f4fa","name":"Bilgin \u00d6z\u00e7ift\u00e7i","image":{"@type":"ImageObject","inLanguage":"fr-BE","@id":"https:\/\/avrupapress.com\/#\/schema\/person\/image\/","url":"https:\/\/secure.gravatar.com\/avatar\/0f23b280433a21e1ea7a0adcc46ed0ad16afe3ad8e630fd13d8a017dcbd54ef3?s=96&d=mm&r=g","contentUrl":"https:\/\/secure.gravatar.com\/avatar\/0f23b280433a21e1ea7a0adcc46ed0ad16afe3ad8e630fd13d8a017dcbd54ef3?s=96&d=mm&r=g","caption":"Bilgin \u00d6z\u00e7ift\u00e7i"},"logo":{"@id":"https:\/\/avrupapress.com\/#\/schema\/person\/image\/"},"description":"Ne ben, nede sen... Biz ancak \"biz\" olursak g\u00fc\u00e7l\u00fc olabiliriz"},{"@type":"Person","@id":"https:\/\/avrupapress.com\/#\/schema\/person\/68428444ec60970d1e1b700cf4ca1e8f","name":"Edit\u00f6r","image":{"@type":"ImageObject","inLanguage":"fr-BE","@id":"https:\/\/avrupapress.com\/#\/schema\/person\/image\/","url":"https:\/\/secure.gravatar.com\/avatar\/74996b0977aa5f1559ba9883776652508b229005c0d78fb2597897f0bd651c09?s=96&d=mm&r=g","contentUrl":"https:\/\/secure.gravatar.com\/avatar\/74996b0977aa5f1559ba9883776652508b229005c0d78fb2597897f0bd651c09?s=96&d=mm&r=g","caption":"Edit\u00f6r"},"sameAs":["http:\/\/www.avrupapress.com"],"url":"https:\/\/avrupapress.com\/main\/author\/editor\/"}]}},"_links":{"self":[{"href":"https:\/\/avrupapress.com\/main\/wp-json\/wp\/v2\/posts\/18966","targetHints":{"allow":["GET"]}}],"collection":[{"href":"https:\/\/avrupapress.com\/main\/wp-json\/wp\/v2\/posts"}],"about":[{"href":"https:\/\/avrupapress.com\/main\/wp-json\/wp\/v2\/types\/post"}],"author":[{"embeddable":true,"href":"https:\/\/avrupapress.com\/main\/wp-json\/wp\/v2\/users\/3"}],"replies":[{"embeddable":true,"href":"https:\/\/avrupapress.com\/main\/wp-json\/wp\/v2\/comments?post=18966"}],"version-history":[{"count":2,"href":"https:\/\/avrupapress.com\/main\/wp-json\/wp\/v2\/posts\/18966\/revisions"}],"predecessor-version":[{"id":20150,"href":"https:\/\/avrupapress.com\/main\/wp-json\/wp\/v2\/posts\/18966\/revisions\/20150"}],"wp:featuredmedia":[{"embeddable":true,"href":"https:\/\/avrupapress.com\/main\/wp-json\/wp\/v2\/media\/18967"}],"wp:attachment":[{"href":"https:\/\/avrupapress.com\/main\/wp-json\/wp\/v2\/media?parent=18966"}],"wp:term":[{"taxonomy":"category","embeddable":true,"href":"https:\/\/avrupapress.com\/main\/wp-json\/wp\/v2\/categories?post=18966"},{"taxonomy":"post_tag","embeddable":true,"href":"https:\/\/avrupapress.com\/main\/wp-json\/wp\/v2\/tags?post=18966"}],"curies":[{"name":"wp","href":"https:\/\/api.w.org\/{rel}","templated":true}]}}