{"id":18963,"date":"2022-05-20T21:38:14","date_gmt":"2022-05-20T21:38:14","guid":{"rendered":"https:\/\/avrupapress.com\/main\/?p=18963"},"modified":"2022-05-20T21:38:28","modified_gmt":"2022-05-20T21:38:28","slug":"emirdaglilar-vakfina-yeni-aday","status":"publish","type":"post","link":"https:\/\/avrupapress.com\/main\/2022\/05\/20\/emirdaglilar-vakfina-yeni-aday\/","title":{"rendered":"Emirda\u011fl\u0131lar Vakf\u0131&rsquo;na Yeni Aday"},"content":{"rendered":"<h2 class=\"lead\">Emirda\u011fl\u0131lar Vakf\u0131 Ba\u015fkan\u0131 Murat Kahya, vak\u0131f genel kurulunda Eski\u015fehir \u0130l Ambulans Servisi Ba\u015fhekimi Dr. Veli G\u00f6rkem Pala&rsquo;n\u0131n aday g\u00f6sterildi\u011fini duyurdu.<\/h2>\n<p>Emirda\u011fl\u0131lar Sosyal Yard\u0131mla\u015fma ve Dayan\u0131\u015fma Vakf\u0131, 22 May\u0131s tarihinde genel kurulunu yapacak.<\/p>\n<p>Genel Kurul i\u00e7in haz\u0131rl\u0131klar s\u00fcrerken, adaylar da \u00e7al\u0131\u015fmalar\u0131n\u0131 h\u0131zland\u0131r\u0131yor.<\/p>\n<p>Bu kapsamda Orhan \u00d6zk\u0131r ile Sibel Ereno\u011flu aday olduklar\u0131n\u0131 a\u00e7\u0131klam\u0131\u015flard\u0131.<\/p>\n<p>Bug\u00fcn gece ge\u00e7 saatlere kadar \u015eof\u00f6rler Odas\u0131&rsquo;n\u0131n \u00e7ok ama\u00e7l\u0131 salonunda genel kurulun tek aday ile yap\u0131lmas\u0131 y\u00f6n\u00fcnde toplant\u0131 ger\u00e7ekle\u015ftirildi.<\/p>\n<div class=\"p_ad\">\n<div dir=\"auto\">De\u011ferli Emirda\u011fl\u0131 Hem\u015ferilerim ;<\/div>\n<div dir=\"auto\"><\/div>\n<div dir=\"auto\">Son bir haftad\u0131r b\u00fct\u00fcn Emirda\u011fl\u0131lar tek liste etraf\u0131nda birlik olsun s\u00f6ylemimize tek G\u00fcrler Ko\u00e7ak yan\u0131t verdi,<\/div>\n<div dir=\"auto\"><\/div>\n<div dir=\"auto\">Daha \u00f6nce vakf\u0131m\u0131zda 12 y\u0131l hizmet eden say\u0131n Orhan \u00d6zk\u0131r 6 y\u0131l aradan sonra ben tekrar aday\u0131m \u00e7ekilmeyece\u011fim dedi,<\/div>\n<div dir=\"auto\"><\/div>\n<div dir=\"auto\">\u015eahs\u0131m 6 y\u0131ld\u0131r Orhan \u00d6zk\u0131r 12 y\u0131l vakfa hizmet verdi,<\/div>\n<div dir=\"auto\"><\/div>\n<div dir=\"auto\">B\u00fct\u00fcn hem\u015ferilerime \u00e7a\u011fr\u0131md\u0131r!<\/div>\n<div dir=\"auto\">Vak\u0131f 2 ki\u015fiden ibaret de\u011fildir,<\/div>\n<div dir=\"auto\"><\/div>\n<div dir=\"auto\">Ben ve ekibim gen\u00e7 dinamik hem\u015ferilerimizi bir araya getirecek enerjisi ile<\/div>\n<div dir=\"auto\">Emirda\u011fl\u0131lar\u0131 bir araya getirece\u011fine inand\u0131\u011f\u0131m\u0131z<\/div>\n<div dir=\"auto\"><\/div>\n<div dir=\"auto\">Eski\u015fehir 112 Ba\u015fhekimi<\/div>\n<div dir=\"auto\">\u00a0Dr. Veli G\u00f6rkem Pala Aday\u0131m\u0131z olmu\u015ftur.<\/div>\n<div dir=\"auto\"><\/div>\n<div dir=\"auto\">\u015eehirimize B\u00fct\u00fcn hem\u015ferilerimize kaybedeni olmayan bir se\u00e7im diliyorum !<\/div>\n<div dir=\"auto\"><\/div>\n<div dir=\"auto\">Bu se\u00e7im kaybedeni olmayan bir se\u00e7im olacak , beraber g\u00fczel yar\u0131nlar herkese hay\u0131rl\u0131 olsun diliyorum \u2026<\/div>\n<div dir=\"auto\"><\/div>\n<div dir=\"auto\">Hasan Murat Kahya<\/div>\n<div dir=\"auto\">Emirda\u011fl\u0131lar Vakf\u0131 Ba\u015fkan\u0131<\/div>\n<\/div>\n","protected":false},"excerpt":{"rendered":"<p>Emirda\u011fl\u0131lar Vakf\u0131 Ba\u015fkan\u0131 Murat Kahya, vak\u0131f genel kurulunda Eski\u015fehir \u0130l Ambulans Servisi Ba\u015fhekimi Dr. Veli G\u00f6rkem Pala&rsquo;n\u0131n aday g\u00f6sterildi\u011fini duyurdu. Emirda\u011fl\u0131lar Sosyal Yard\u0131mla\u015fma ve Dayan\u0131\u015fma Vakf\u0131, 22 May\u0131s tarihinde genel kurulunu yapacak. Genel Kurul i\u00e7in haz\u0131rl\u0131klar s\u00fcrerken, adaylar da \u00e7al\u0131\u015fmalar\u0131n\u0131 h\u0131zland\u0131r\u0131yor. Bu kapsamda Orhan \u00d6zk\u0131r ile Sibel Ereno\u011flu aday olduklar\u0131n\u0131 a\u00e7\u0131klam\u0131\u015flard\u0131. Bug\u00fcn gece ge\u00e7 saatlere [&hellip;]<\/p>\n","protected":false},"author":3,"featured_media":18964,"comment_status":"closed","ping_status":"open","sticky":false,"template":"","format":"standard","meta":{"footnotes":""},"categories":[14,16,3,18,19,2],"tags":[],"class_list":["post-18963","post","type-post","status-publish","format-standard","has-post-thumbnail","hentry","category-avrupa","category-belcika","category-dunya","category-kultur-sanat","category-tanitim","category-turkiye"],"yoast_head":"<!-- This site is optimized with the Yoast SEO plugin v26.9 - https:\/\/yoast.com\/product\/yoast-seo-wordpress\/ -->\n<title>Emirda\u011fl\u0131lar Vakf\u0131&#039;na Yeni Aday - AvrupaPress<\/title>\n<meta name=\"robots\" content=\"index, follow, max-snippet:-1, max-image-preview:large, max-video-preview:-1\" \/>\n<link rel=\"canonical\" href=\"https:\/\/avrupapress.com\/main\/2022\/05\/20\/emirdaglilar-vakfina-yeni-aday\/\" \/>\n<meta property=\"og:locale\" content=\"fr_FR\" \/>\n<meta property=\"og:type\" content=\"article\" \/>\n<meta property=\"og:title\" content=\"Emirda\u011fl\u0131lar Vakf\u0131&#039;na Yeni Aday - AvrupaPress\" \/>\n<meta property=\"og:description\" content=\"Emirda\u011fl\u0131lar Vakf\u0131 Ba\u015fkan\u0131 Murat Kahya, vak\u0131f genel kurulunda Eski\u015fehir \u0130l Ambulans Servisi Ba\u015fhekimi Dr. Veli G\u00f6rkem Pala&rsquo;n\u0131n aday g\u00f6sterildi\u011fini duyurdu. Emirda\u011fl\u0131lar Sosyal Yard\u0131mla\u015fma ve Dayan\u0131\u015fma Vakf\u0131, 22 May\u0131s tarihinde genel kurulunu yapacak. Genel Kurul i\u00e7in haz\u0131rl\u0131klar s\u00fcrerken, adaylar da \u00e7al\u0131\u015fmalar\u0131n\u0131 h\u0131zland\u0131r\u0131yor. Bu kapsamda Orhan \u00d6zk\u0131r ile Sibel Ereno\u011flu aday olduklar\u0131n\u0131 a\u00e7\u0131klam\u0131\u015flard\u0131. Bug\u00fcn gece ge\u00e7 saatlere [&hellip;]\" \/>\n<meta property=\"og:url\" content=\"https:\/\/avrupapress.com\/main\/2022\/05\/20\/emirdaglilar-vakfina-yeni-aday\/\" \/>\n<meta property=\"og:site_name\" content=\"AvrupaPress\" \/>\n<meta property=\"article:published_time\" content=\"2022-05-20T21:38:14+00:00\" \/>\n<meta property=\"article:modified_time\" content=\"2022-05-20T21:38:28+00:00\" \/>\n<meta property=\"og:image\" content=\"https:\/\/avrupapress.com\/main\/wp-content\/uploads\/2022\/05\/IMG-20220520-WA0040.jpg\" \/>\n\t<meta property=\"og:image:width\" content=\"1600\" \/>\n\t<meta property=\"og:image:height\" content=\"1065\" \/>\n\t<meta property=\"og:image:type\" content=\"image\/jpeg\" \/>\n<meta name=\"author\" content=\"Edit\u00f6r\" \/>\n<meta name=\"twitter:card\" content=\"summary_large_image\" \/>\n<meta name=\"twitter:label1\" content=\"\u00c9crit par\" \/>\n\t<meta name=\"twitter:data1\" content=\"Edit\u00f6r\" \/>\n\t<meta name=\"twitter:label2\" content=\"Dur\u00e9e de lecture est.\" \/>\n\t<meta name=\"twitter:data2\" content=\"1 minute\" \/>\n<script type=\"application\/ld+json\" class=\"yoast-schema-graph\">{\"@context\":\"https:\/\/schema.org\",\"@graph\":[{\"@type\":\"Article\",\"@id\":\"https:\/\/avrupapress.com\/main\/2022\/05\/20\/emirdaglilar-vakfina-yeni-aday\/#article\",\"isPartOf\":{\"@id\":\"https:\/\/avrupapress.com\/main\/2022\/05\/20\/emirdaglilar-vakfina-yeni-aday\/\"},\"author\":{\"name\":\"Edit\u00f6r\",\"@id\":\"https:\/\/avrupapress.com\/#\/schema\/person\/68428444ec60970d1e1b700cf4ca1e8f\"},\"headline\":\"Emirda\u011fl\u0131lar Vakf\u0131&rsquo;na Yeni Aday\",\"datePublished\":\"2022-05-20T21:38:14+00:00\",\"dateModified\":\"2022-05-20T21:38:28+00:00\",\"mainEntityOfPage\":{\"@id\":\"https:\/\/avrupapress.com\/main\/2022\/05\/20\/emirdaglilar-vakfina-yeni-aday\/\"},\"wordCount\":278,\"publisher\":{\"@id\":\"https:\/\/avrupapress.com\/#\/schema\/person\/0223dca19c72c43575bf30d1a2d8f4fa\"},\"image\":{\"@id\":\"https:\/\/avrupapress.com\/main\/2022\/05\/20\/emirdaglilar-vakfina-yeni-aday\/#primaryimage\"},\"thumbnailUrl\":\"https:\/\/avrupapress.com\/main\/wp-content\/uploads\/2022\/05\/IMG-20220520-WA0040.jpg\",\"articleSection\":[\"Avrupa\",\"Bel\u00e7ika\",\"D\u00fcnya\",\"K\u00fclt\u00fcr-Sanat\",\"Tan\u0131t\u0131m\",\"T\u00fcrkiye\"],\"inLanguage\":\"fr-BE\"},{\"@type\":\"WebPage\",\"@id\":\"https:\/\/avrupapress.com\/main\/2022\/05\/20\/emirdaglilar-vakfina-yeni-aday\/\",\"url\":\"https:\/\/avrupapress.com\/main\/2022\/05\/20\/emirdaglilar-vakfina-yeni-aday\/\",\"name\":\"Emirda\u011fl\u0131lar Vakf\u0131'na Yeni Aday - AvrupaPress\",\"isPartOf\":{\"@id\":\"https:\/\/avrupapress.com\/#website\"},\"primaryImageOfPage\":{\"@id\":\"https:\/\/avrupapress.com\/main\/2022\/05\/20\/emirdaglilar-vakfina-yeni-aday\/#primaryimage\"},\"image\":{\"@id\":\"https:\/\/avrupapress.com\/main\/2022\/05\/20\/emirdaglilar-vakfina-yeni-aday\/#primaryimage\"},\"thumbnailUrl\":\"https:\/\/avrupapress.com\/main\/wp-content\/uploads\/2022\/05\/IMG-20220520-WA0040.jpg\",\"datePublished\":\"2022-05-20T21:38:14+00:00\",\"dateModified\":\"2022-05-20T21:38:28+00:00\",\"breadcrumb\":{\"@id\":\"https:\/\/avrupapress.com\/main\/2022\/05\/20\/emirdaglilar-vakfina-yeni-aday\/#breadcrumb\"},\"inLanguage\":\"fr-BE\",\"potentialAction\":[{\"@type\":\"ReadAction\",\"target\":[\"https:\/\/avrupapress.com\/main\/2022\/05\/20\/emirdaglilar-vakfina-yeni-aday\/\"]}]},{\"@type\":\"ImageObject\",\"inLanguage\":\"fr-BE\",\"@id\":\"https:\/\/avrupapress.com\/main\/2022\/05\/20\/emirdaglilar-vakfina-yeni-aday\/#primaryimage\",\"url\":\"https:\/\/avrupapress.com\/main\/wp-content\/uploads\/2022\/05\/IMG-20220520-WA0040.jpg\",\"contentUrl\":\"https:\/\/avrupapress.com\/main\/wp-content\/uploads\/2022\/05\/IMG-20220520-WA0040.jpg\",\"width\":1600,\"height\":1065},{\"@type\":\"BreadcrumbList\",\"@id\":\"https:\/\/avrupapress.com\/main\/2022\/05\/20\/emirdaglilar-vakfina-yeni-aday\/#breadcrumb\",\"itemListElement\":[{\"@type\":\"ListItem\",\"position\":1,\"name\":\"Anasayfa\",\"item\":\"https:\/\/avrupapress.com\/\"},{\"@type\":\"ListItem\",\"position\":2,\"name\":\"Emirda\u011fl\u0131lar Vakf\u0131&#8217;na Yeni Aday\"}]},{\"@type\":\"WebSite\",\"@id\":\"https:\/\/avrupapress.com\/#website\",\"url\":\"https:\/\/avrupapress.com\/\",\"name\":\"AvrupaPress\",\"description\":\"Haberin Adresi\",\"publisher\":{\"@id\":\"https:\/\/avrupapress.com\/#\/schema\/person\/0223dca19c72c43575bf30d1a2d8f4fa\"},\"potentialAction\":[{\"@type\":\"SearchAction\",\"target\":{\"@type\":\"EntryPoint\",\"urlTemplate\":\"https:\/\/avrupapress.com\/?s={search_term_string}\"},\"query-input\":{\"@type\":\"PropertyValueSpecification\",\"valueRequired\":true,\"valueName\":\"search_term_string\"}}],\"inLanguage\":\"fr-BE\"},{\"@type\":[\"Person\",\"Organization\"],\"@id\":\"https:\/\/avrupapress.com\/#\/schema\/person\/0223dca19c72c43575bf30d1a2d8f4fa\",\"name\":\"Bilgin \u00d6z\u00e7ift\u00e7i\",\"image\":{\"@type\":\"ImageObject\",\"inLanguage\":\"fr-BE\",\"@id\":\"https:\/\/avrupapress.com\/#\/schema\/person\/image\/\",\"url\":\"https:\/\/secure.gravatar.com\/avatar\/0f23b280433a21e1ea7a0adcc46ed0ad16afe3ad8e630fd13d8a017dcbd54ef3?s=96&d=mm&r=g\",\"contentUrl\":\"https:\/\/secure.gravatar.com\/avatar\/0f23b280433a21e1ea7a0adcc46ed0ad16afe3ad8e630fd13d8a017dcbd54ef3?s=96&d=mm&r=g\",\"caption\":\"Bilgin \u00d6z\u00e7ift\u00e7i\"},\"logo\":{\"@id\":\"https:\/\/avrupapress.com\/#\/schema\/person\/image\/\"},\"description\":\"Ne ben, nede sen... Biz ancak \\\"biz\\\" olursak g\u00fc\u00e7l\u00fc olabiliriz\"},{\"@type\":\"Person\",\"@id\":\"https:\/\/avrupapress.com\/#\/schema\/person\/68428444ec60970d1e1b700cf4ca1e8f\",\"name\":\"Edit\u00f6r\",\"image\":{\"@type\":\"ImageObject\",\"inLanguage\":\"fr-BE\",\"@id\":\"https:\/\/avrupapress.com\/#\/schema\/person\/image\/\",\"url\":\"https:\/\/secure.gravatar.com\/avatar\/74996b0977aa5f1559ba9883776652508b229005c0d78fb2597897f0bd651c09?s=96&d=mm&r=g\",\"contentUrl\":\"https:\/\/secure.gravatar.com\/avatar\/74996b0977aa5f1559ba9883776652508b229005c0d78fb2597897f0bd651c09?s=96&d=mm&r=g\",\"caption\":\"Edit\u00f6r\"},\"sameAs\":[\"http:\/\/www.avrupapress.com\"],\"url\":\"https:\/\/avrupapress.com\/main\/author\/editor\/\"}]}<\/script>\n<!-- \/ Yoast SEO plugin. -->","yoast_head_json":{"title":"Emirda\u011fl\u0131lar Vakf\u0131'na Yeni Aday - AvrupaPress","robots":{"index":"index","follow":"follow","max-snippet":"max-snippet:-1","max-image-preview":"max-image-preview:large","max-video-preview":"max-video-preview:-1"},"canonical":"https:\/\/avrupapress.com\/main\/2022\/05\/20\/emirdaglilar-vakfina-yeni-aday\/","og_locale":"fr_FR","og_type":"article","og_title":"Emirda\u011fl\u0131lar Vakf\u0131'na Yeni Aday - AvrupaPress","og_description":"Emirda\u011fl\u0131lar Vakf\u0131 Ba\u015fkan\u0131 Murat Kahya, vak\u0131f genel kurulunda Eski\u015fehir \u0130l Ambulans Servisi Ba\u015fhekimi Dr. Veli G\u00f6rkem Pala&rsquo;n\u0131n aday g\u00f6sterildi\u011fini duyurdu. Emirda\u011fl\u0131lar Sosyal Yard\u0131mla\u015fma ve Dayan\u0131\u015fma Vakf\u0131, 22 May\u0131s tarihinde genel kurulunu yapacak. Genel Kurul i\u00e7in haz\u0131rl\u0131klar s\u00fcrerken, adaylar da \u00e7al\u0131\u015fmalar\u0131n\u0131 h\u0131zland\u0131r\u0131yor. Bu kapsamda Orhan \u00d6zk\u0131r ile Sibel Ereno\u011flu aday olduklar\u0131n\u0131 a\u00e7\u0131klam\u0131\u015flard\u0131. Bug\u00fcn gece ge\u00e7 saatlere [&hellip;]","og_url":"https:\/\/avrupapress.com\/main\/2022\/05\/20\/emirdaglilar-vakfina-yeni-aday\/","og_site_name":"AvrupaPress","article_published_time":"2022-05-20T21:38:14+00:00","article_modified_time":"2022-05-20T21:38:28+00:00","og_image":[{"width":1600,"height":1065,"url":"https:\/\/avrupapress.com\/main\/wp-content\/uploads\/2022\/05\/IMG-20220520-WA0040.jpg","type":"image\/jpeg"}],"author":"Edit\u00f6r","twitter_card":"summary_large_image","twitter_misc":{"\u00c9crit par":"Edit\u00f6r","Dur\u00e9e de lecture est.":"1 minute"},"schema":{"@context":"https:\/\/schema.org","@graph":[{"@type":"Article","@id":"https:\/\/avrupapress.com\/main\/2022\/05\/20\/emirdaglilar-vakfina-yeni-aday\/#article","isPartOf":{"@id":"https:\/\/avrupapress.com\/main\/2022\/05\/20\/emirdaglilar-vakfina-yeni-aday\/"},"author":{"name":"Edit\u00f6r","@id":"https:\/\/avrupapress.com\/#\/schema\/person\/68428444ec60970d1e1b700cf4ca1e8f"},"headline":"Emirda\u011fl\u0131lar Vakf\u0131&rsquo;na Yeni Aday","datePublished":"2022-05-20T21:38:14+00:00","dateModified":"2022-05-20T21:38:28+00:00","mainEntityOfPage":{"@id":"https:\/\/avrupapress.com\/main\/2022\/05\/20\/emirdaglilar-vakfina-yeni-aday\/"},"wordCount":278,"publisher":{"@id":"https:\/\/avrupapress.com\/#\/schema\/person\/0223dca19c72c43575bf30d1a2d8f4fa"},"image":{"@id":"https:\/\/avrupapress.com\/main\/2022\/05\/20\/emirdaglilar-vakfina-yeni-aday\/#primaryimage"},"thumbnailUrl":"https:\/\/avrupapress.com\/main\/wp-content\/uploads\/2022\/05\/IMG-20220520-WA0040.jpg","articleSection":["Avrupa","Bel\u00e7ika","D\u00fcnya","K\u00fclt\u00fcr-Sanat","Tan\u0131t\u0131m","T\u00fcrkiye"],"inLanguage":"fr-BE"},{"@type":"WebPage","@id":"https:\/\/avrupapress.com\/main\/2022\/05\/20\/emirdaglilar-vakfina-yeni-aday\/","url":"https:\/\/avrupapress.com\/main\/2022\/05\/20\/emirdaglilar-vakfina-yeni-aday\/","name":"Emirda\u011fl\u0131lar Vakf\u0131'na Yeni Aday - AvrupaPress","isPartOf":{"@id":"https:\/\/avrupapress.com\/#website"},"primaryImageOfPage":{"@id":"https:\/\/avrupapress.com\/main\/2022\/05\/20\/emirdaglilar-vakfina-yeni-aday\/#primaryimage"},"image":{"@id":"https:\/\/avrupapress.com\/main\/2022\/05\/20\/emirdaglilar-vakfina-yeni-aday\/#primaryimage"},"thumbnailUrl":"https:\/\/avrupapress.com\/main\/wp-content\/uploads\/2022\/05\/IMG-20220520-WA0040.jpg","datePublished":"2022-05-20T21:38:14+00:00","dateModified":"2022-05-20T21:38:28+00:00","breadcrumb":{"@id":"https:\/\/avrupapress.com\/main\/2022\/05\/20\/emirdaglilar-vakfina-yeni-aday\/#breadcrumb"},"inLanguage":"fr-BE","potentialAction":[{"@type":"ReadAction","target":["https:\/\/avrupapress.com\/main\/2022\/05\/20\/emirdaglilar-vakfina-yeni-aday\/"]}]},{"@type":"ImageObject","inLanguage":"fr-BE","@id":"https:\/\/avrupapress.com\/main\/2022\/05\/20\/emirdaglilar-vakfina-yeni-aday\/#primaryimage","url":"https:\/\/avrupapress.com\/main\/wp-content\/uploads\/2022\/05\/IMG-20220520-WA0040.jpg","contentUrl":"https:\/\/avrupapress.com\/main\/wp-content\/uploads\/2022\/05\/IMG-20220520-WA0040.jpg","width":1600,"height":1065},{"@type":"BreadcrumbList","@id":"https:\/\/avrupapress.com\/main\/2022\/05\/20\/emirdaglilar-vakfina-yeni-aday\/#breadcrumb","itemListElement":[{"@type":"ListItem","position":1,"name":"Anasayfa","item":"https:\/\/avrupapress.com\/"},{"@type":"ListItem","position":2,"name":"Emirda\u011fl\u0131lar Vakf\u0131&#8217;na Yeni Aday"}]},{"@type":"WebSite","@id":"https:\/\/avrupapress.com\/#website","url":"https:\/\/avrupapress.com\/","name":"AvrupaPress","description":"Haberin Adresi","publisher":{"@id":"https:\/\/avrupapress.com\/#\/schema\/person\/0223dca19c72c43575bf30d1a2d8f4fa"},"potentialAction":[{"@type":"SearchAction","target":{"@type":"EntryPoint","urlTemplate":"https:\/\/avrupapress.com\/?s={search_term_string}"},"query-input":{"@type":"PropertyValueSpecification","valueRequired":true,"valueName":"search_term_string"}}],"inLanguage":"fr-BE"},{"@type":["Person","Organization"],"@id":"https:\/\/avrupapress.com\/#\/schema\/person\/0223dca19c72c43575bf30d1a2d8f4fa","name":"Bilgin \u00d6z\u00e7ift\u00e7i","image":{"@type":"ImageObject","inLanguage":"fr-BE","@id":"https:\/\/avrupapress.com\/#\/schema\/person\/image\/","url":"https:\/\/secure.gravatar.com\/avatar\/0f23b280433a21e1ea7a0adcc46ed0ad16afe3ad8e630fd13d8a017dcbd54ef3?s=96&d=mm&r=g","contentUrl":"https:\/\/secure.gravatar.com\/avatar\/0f23b280433a21e1ea7a0adcc46ed0ad16afe3ad8e630fd13d8a017dcbd54ef3?s=96&d=mm&r=g","caption":"Bilgin \u00d6z\u00e7ift\u00e7i"},"logo":{"@id":"https:\/\/avrupapress.com\/#\/schema\/person\/image\/"},"description":"Ne ben, nede sen... Biz ancak \"biz\" olursak g\u00fc\u00e7l\u00fc olabiliriz"},{"@type":"Person","@id":"https:\/\/avrupapress.com\/#\/schema\/person\/68428444ec60970d1e1b700cf4ca1e8f","name":"Edit\u00f6r","image":{"@type":"ImageObject","inLanguage":"fr-BE","@id":"https:\/\/avrupapress.com\/#\/schema\/person\/image\/","url":"https:\/\/secure.gravatar.com\/avatar\/74996b0977aa5f1559ba9883776652508b229005c0d78fb2597897f0bd651c09?s=96&d=mm&r=g","contentUrl":"https:\/\/secure.gravatar.com\/avatar\/74996b0977aa5f1559ba9883776652508b229005c0d78fb2597897f0bd651c09?s=96&d=mm&r=g","caption":"Edit\u00f6r"},"sameAs":["http:\/\/www.avrupapress.com"],"url":"https:\/\/avrupapress.com\/main\/author\/editor\/"}]}},"_links":{"self":[{"href":"https:\/\/avrupapress.com\/main\/wp-json\/wp\/v2\/posts\/18963","targetHints":{"allow":["GET"]}}],"collection":[{"href":"https:\/\/avrupapress.com\/main\/wp-json\/wp\/v2\/posts"}],"about":[{"href":"https:\/\/avrupapress.com\/main\/wp-json\/wp\/v2\/types\/post"}],"author":[{"embeddable":true,"href":"https:\/\/avrupapress.com\/main\/wp-json\/wp\/v2\/users\/3"}],"replies":[{"embeddable":true,"href":"https:\/\/avrupapress.com\/main\/wp-json\/wp\/v2\/comments?post=18963"}],"version-history":[{"count":1,"href":"https:\/\/avrupapress.com\/main\/wp-json\/wp\/v2\/posts\/18963\/revisions"}],"predecessor-version":[{"id":18965,"href":"https:\/\/avrupapress.com\/main\/wp-json\/wp\/v2\/posts\/18963\/revisions\/18965"}],"wp:featuredmedia":[{"embeddable":true,"href":"https:\/\/avrupapress.com\/main\/wp-json\/wp\/v2\/media\/18964"}],"wp:attachment":[{"href":"https:\/\/avrupapress.com\/main\/wp-json\/wp\/v2\/media?parent=18963"}],"wp:term":[{"taxonomy":"category","embeddable":true,"href":"https:\/\/avrupapress.com\/main\/wp-json\/wp\/v2\/categories?post=18963"},{"taxonomy":"post_tag","embeddable":true,"href":"https:\/\/avrupapress.com\/main\/wp-json\/wp\/v2\/tags?post=18963"}],"curies":[{"name":"wp","href":"https:\/\/api.w.org\/{rel}","templated":true}]}}