{"id":18959,"date":"2022-05-20T21:24:42","date_gmt":"2022-05-20T21:24:42","guid":{"rendered":"https:\/\/avrupapress.com\/main\/?p=18959"},"modified":"2022-05-20T21:25:00","modified_gmt":"2022-05-20T21:25:00","slug":"eskisehirde-dehset-15-yasindaki-cocuk-annesini-oldurdu-3-kisiyi-yaraladi","status":"publish","type":"post","link":"https:\/\/avrupapress.com\/main\/2022\/05\/20\/eskisehirde-dehset-15-yasindaki-cocuk-annesini-oldurdu-3-kisiyi-yaraladi\/","title":{"rendered":"Eski\u015fehir&rsquo;de deh\u015fet! 15 ya\u015f\u0131ndaki \u00e7ocuk annesini \u00f6ld\u00fcrd\u00fc, 3 ki\u015fiyi yaralad\u0131"},"content":{"rendered":"<h2>Eski\u015fehir\u2019de \u0130.A. adl\u0131 o\u011flan \u00e7ocu\u011fu (15), 1 y\u0131l \u00f6nce babas\u0131 Erkan A.&rsquo;dan bo\u015fanan annesi Serap Bor&rsquo;u (35) pompal\u0131 t\u00fcfekle \u00f6ld\u00fcr\u00fcrken, 3 kom\u015fuyu da yaralay\u0131p, otomobille ka\u00e7t\u0131. \u0130.A. (15) adl\u0131 \u00e7ocuk ile azmettirdi\u011fi \u00f6ne s\u00fcr\u00fclen babas\u0131 Erkan A., olay\u0131n ya\u015fand\u0131\u011f\u0131 mahalledeki farkl\u0131 sokaklarda pompal\u0131 t\u00fcfekle yakaland\u0131.<\/h2>\n<div class=\"\" data-block=\"true\" data-editor=\"1tro\" data-offset-key=\"cq1fa-0-0\">\n<div class=\"_1mf _1mj\" data-offset-key=\"cq1fa-0-0\"><span data-offset-key=\"cq1fa-0-0\">Tepeba\u015f\u0131 il\u00e7esine ba\u011fl\u0131 Fevzi\u00e7akmak Mahallesi Ertorun Sokak&rsquo;ta oturan Serap Bor, 1 y\u0131l \u00f6nce Erkan A. ile bo\u015fand\u0131. \u00c7ocuklar\u0131 \u0130.A. ise babas\u0131yla Afyonkarahisar\u2019\u0131n Emirda\u011f il\u00e7esine ba\u011fl\u0131 A\u015fa\u011f\u0131piribeyli k\u00f6y\u00fcnde ya\u015famaya ba\u015flad\u0131.<\/span><\/div>\n<\/div>\n<div class=\"\" data-block=\"true\" data-editor=\"1tro\" data-offset-key=\"9qgce-0-0\">\n<div class=\"_1mf _1mj\" data-offset-key=\"9qgce-0-0\"><span data-offset-key=\"9qgce-0-0\">\u00a0<\/span><\/div>\n<\/div>\n<div class=\"\" data-block=\"true\" data-editor=\"1tro\" data-offset-key=\"3u5cs-0-0\">\n<div class=\"_1mf _1mj\" data-offset-key=\"3u5cs-0-0\"><span data-offset-key=\"3u5cs-0-0\">\u0130ddiaya g\u00f6re, sabah saatlerinde otomobille A\u015fa\u011f\u0131piribeyli k\u00f6y\u00fcnden Fevzi\u00e7akmak Mahallesi\u2019ne gelen \u0130.A., yan\u0131nda getirdi\u011fi pompal\u0131 t\u00fcfekle tart\u0131\u015ft\u0131\u011f\u0131 annesi Serap Bor\u2019un yan\u0131 s\u0131ra ekmek yapmak i\u00e7in toplanan kom\u015fular\u0131 Ay\u015fe Alt\u0131n (60), D\u00f6nd\u00fc \u00c7ay\u0131r (61), T\u00fcrkan \u00c7imen\u2019i (50) bilinmeyen nedenle vurdu.<\/span><\/div>\n<div data-offset-key=\"3u5cs-0-0\">\n<p>.<\/p>\n<div class=\"news-fullwith-img\">\n<div class=\"news-fullwith-block\"><img decoding=\"async\" class=\"lazy entered loaded exited\" src=\"https:\/\/i4.hurimg.com\/i\/hurriyet\/75\/770x0\/62862cc94e3fe02cd0cd950b.jpg\" alt=\"Eski\u015fehirde deh\u015fet 15 ya\u015f\u0131ndaki \u00e7ocuk annesini \u00f6ld\u00fcrd\u00fc, 3 ki\u015fiyi yaralad\u0131\" width=\"770\" height=\"100%\" data-src=\"https:\/\/i4.hurimg.com\/i\/hurriyet\/75\/770x0\/62862cc94e3fe02cd0cd950b.jpg\" data-inline-image=\"true\" data-ll-status=\"entered\" \/><\/div>\n<\/div>\n<p>&nbsp;<\/p>\n<p><strong>ANNES\u0130 HAYATINI KAYBETT\u0130<\/strong><\/p>\n<div class=\"\" data-block=\"true\" data-editor=\"1tro\" data-offset-key=\"cq1fa-0-0\">\n<div class=\"_1mf _1mj\" data-offset-key=\"cq1fa-0-0\"><span data-offset-key=\"cq1fa-0-0\">Silah seslerini duyan kom\u015fular\u0131n ihbar\u0131yla gelen sa\u011fl\u0131k ekipleri, Serap Bor\u2019un hayat\u0131n\u0131 kaybetti\u011fini belirledi. Yaralanan kom\u015fular ise ilk m\u00fcdahalelerinin ard\u0131ndan ambulanslarla Eski\u015fehir \u015eehir Hastanesi ile Yunus Emre Devlet Hastanesi\u2019ne kald\u0131r\u0131ld\u0131. G\u00f6\u011fs\u00fcnden yaralanan \u00c7ay\u0131r\u2019\u0131n sa\u011fl\u0131k <\/span><span data-offset-key=\"cq1fa-1-0\">durumunun<\/span><span data-offset-key=\"cq1fa-2-0\"> kritik oldu\u011fu belirtildi.<\/span><\/div>\n<\/div>\n<div class=\"\" data-block=\"true\" data-editor=\"1tro\" data-offset-key=\"brbqq-0-0\">\n<div class=\"_1mf _1mj\" data-offset-key=\"brbqq-0-0\"><span data-offset-key=\"brbqq-0-0\">\u00a0<\/span><\/div>\n<\/div>\n<div class=\"\" data-block=\"true\" data-editor=\"1tro\" data-offset-key=\"fd0d2-0-0\">\n<div class=\"_1mf _1mj\" data-offset-key=\"fd0d2-0-0\"><span data-offset-key=\"fd0d2-0-0\">BABA VE O\u011eLU YAKALANDI<\/span><\/div>\n<\/div>\n<div class=\"\" data-block=\"true\" data-editor=\"1tro\" data-offset-key=\"7u2v2-0-0\">\n<div class=\"_1mf _1mj\" data-offset-key=\"7u2v2-0-0\"><span data-offset-key=\"7u2v2-0-0\">\u00a0<\/span><\/div>\n<\/div>\n<div class=\"\" data-block=\"true\" data-editor=\"1tro\" data-offset-key=\"futfa-0-0\">\n<div class=\"_1mf _1mj\" data-offset-key=\"futfa-0-0\"><span data-offset-key=\"futfa-0-0\">Annesi Serap Bor\u2019u pompal\u0131 t\u00fcfekle \u00f6ld\u00fcr\u00fcp, 3 kom\u015fuyu da yaralayan \u0130.A. (15) adl\u0131 erkek \u00e7ocu\u011fu ile azmettirdi\u011fi \u00f6ne s\u00fcr\u00fclen babas\u0131 Erkan A., olay\u0131n ya\u015fand\u0131\u011f\u0131 mahalledeki farkl\u0131 sokaklarda pompal\u0131 t\u00fcfekle yakaland\u0131. Sa\u011fl\u0131k kontrol\u00fcnden ge\u00e7irilen baba ve o\u011flu, ifadeleri i\u00e7in emniyete g\u00f6t\u00fcr\u00fcld\u00fc.<\/span><\/div>\n<div data-offset-key=\"futfa-0-0\">\n<p class=\"\">.<\/p>\n<div class=\"news-fullwith-img\">\n<div class=\"news-fullwith-block\"><img decoding=\"async\" class=\"lazy entered loaded exited\" src=\"https:\/\/i4.hurimg.com\/i\/hurriyet\/75\/770x0\/628656d34e3fe02cd0cd97bb.jpg\" alt=\"Eski\u015fehirde deh\u015fet 15 ya\u015f\u0131ndaki \u00e7ocuk annesini \u00f6ld\u00fcrd\u00fc, 3 ki\u015fiyi yaralad\u0131\" width=\"770\" height=\"100%\" data-src=\"https:\/\/i4.hurimg.com\/i\/hurriyet\/75\/770x0\/628656d34e3fe02cd0cd97bb.jpg\" data-inline-image=\"true\" data-ll-status=\"entered\" \/><\/div>\n<\/div>\n<p><strong>2 YIL \u00d6NCE EVDEN KA\u00c7MI\u015e<\/strong><\/p>\n<p class=\"\">Annesini \u00f6ld\u00fcren \u0130.A.\u2019n\u0131n, 2 y\u0131l \u00f6nce Eyl\u00fcl ay\u0131nda, Afyonkarahisar\u2019\u0131n Emirda\u011f il\u00e7esine ba\u011fl\u0131 A\u015fa\u011f\u0131piribeyli k\u00f6y\u00fcnde\u00a0ailesine k\u0131z\u0131p, evden ka\u00e7t\u0131\u011f\u0131 ortaya \u00e7\u0131kt\u0131. K\u00f6yde arama yapan jandarma ve AFAD ekiplerince 3 g\u00fcn sonra bo\u015f\u00a0evde bulunan \u0130.A.&rsquo;n\u0131n, ailesine teslim edilirken, anne ve babas\u0131na k\u0131zarak\u00a0evden ayr\u0131ld\u0131\u011f\u0131n\u0131 s\u00f6yledi\u011fi \u00f6\u011frenildi.<\/p>\n<p>Olay\u0131n ard\u0131ndan \u0130.A.\u2019n\u0131n yakalanmas\u0131 i\u00e7in Eski\u015fehir Emniyet M\u00fcd\u00fcrl\u00fc\u011f\u00fc Asayi\u015f \u015eubesi ekipleri, \u00e7al\u0131\u015fma ba\u015flatt\u0131. Mahalleye \u00e7\u0131kan mobese ve g\u00fcvenlik kameralar\u0131n\u0131n kay\u0131tlar\u0131 ise incelemeye al\u0131nd\u0131. Soru\u015fturma s\u00fcr\u00fcyor.<\/p>\n<p><i class=\"news-profile__account--editorname\">Engin \u00d6ZMEN\/ ESK\u0130\u015eEH\u0130R, (DHA)<\/i><\/p>\n<\/div>\n<\/div>\n<\/div>\n<\/div>\n","protected":false},"excerpt":{"rendered":"<p>Eski\u015fehir\u2019de \u0130.A. adl\u0131 o\u011flan \u00e7ocu\u011fu (15), 1 y\u0131l \u00f6nce babas\u0131 Erkan A.&rsquo;dan bo\u015fanan annesi Serap Bor&rsquo;u (35) pompal\u0131 t\u00fcfekle \u00f6ld\u00fcr\u00fcrken, 3 kom\u015fuyu da yaralay\u0131p, otomobille ka\u00e7t\u0131. \u0130.A. (15) adl\u0131 \u00e7ocuk ile azmettirdi\u011fi \u00f6ne s\u00fcr\u00fclen babas\u0131 Erkan A., olay\u0131n ya\u015fand\u0131\u011f\u0131 mahalledeki farkl\u0131 sokaklarda pompal\u0131 t\u00fcfekle yakaland\u0131. Tepeba\u015f\u0131 il\u00e7esine ba\u011fl\u0131 Fevzi\u00e7akmak Mahallesi Ertorun Sokak&rsquo;ta oturan Serap Bor, [&hellip;]<\/p>\n","protected":false},"author":3,"featured_media":18960,"comment_status":"closed","ping_status":"open","sticky":false,"template":"","format":"standard","meta":{"footnotes":""},"categories":[14,16,3,19,2],"tags":[],"class_list":["post-18959","post","type-post","status-publish","format-standard","has-post-thumbnail","hentry","category-avrupa","category-belcika","category-dunya","category-tanitim","category-turkiye"],"yoast_head":"<!-- This site is optimized with the Yoast SEO plugin v26.9 - https:\/\/yoast.com\/product\/yoast-seo-wordpress\/ -->\n<title>Eski\u015fehir&#039;de deh\u015fet! 15 ya\u015f\u0131ndaki \u00e7ocuk annesini \u00f6ld\u00fcrd\u00fc, 3 ki\u015fiyi yaralad\u0131 - AvrupaPress<\/title>\n<meta name=\"robots\" content=\"index, follow, max-snippet:-1, max-image-preview:large, max-video-preview:-1\" \/>\n<link rel=\"canonical\" href=\"https:\/\/avrupapress.com\/main\/2022\/05\/20\/eskisehirde-dehset-15-yasindaki-cocuk-annesini-oldurdu-3-kisiyi-yaraladi\/\" \/>\n<meta property=\"og:locale\" content=\"fr_FR\" \/>\n<meta property=\"og:type\" content=\"article\" \/>\n<meta property=\"og:title\" content=\"Eski\u015fehir&#039;de deh\u015fet! 15 ya\u015f\u0131ndaki \u00e7ocuk annesini \u00f6ld\u00fcrd\u00fc, 3 ki\u015fiyi yaralad\u0131 - AvrupaPress\" \/>\n<meta property=\"og:description\" content=\"Eski\u015fehir\u2019de \u0130.A. adl\u0131 o\u011flan \u00e7ocu\u011fu (15), 1 y\u0131l \u00f6nce babas\u0131 Erkan A.&rsquo;dan bo\u015fanan annesi Serap Bor&rsquo;u (35) pompal\u0131 t\u00fcfekle \u00f6ld\u00fcr\u00fcrken, 3 kom\u015fuyu da yaralay\u0131p, otomobille ka\u00e7t\u0131. \u0130.A. (15) adl\u0131 \u00e7ocuk ile azmettirdi\u011fi \u00f6ne s\u00fcr\u00fclen babas\u0131 Erkan A., olay\u0131n ya\u015fand\u0131\u011f\u0131 mahalledeki farkl\u0131 sokaklarda pompal\u0131 t\u00fcfekle yakaland\u0131. Tepeba\u015f\u0131 il\u00e7esine ba\u011fl\u0131 Fevzi\u00e7akmak Mahallesi Ertorun Sokak&rsquo;ta oturan Serap Bor, [&hellip;]\" \/>\n<meta property=\"og:url\" content=\"https:\/\/avrupapress.com\/main\/2022\/05\/20\/eskisehirde-dehset-15-yasindaki-cocuk-annesini-oldurdu-3-kisiyi-yaraladi\/\" \/>\n<meta property=\"og:site_name\" content=\"AvrupaPress\" \/>\n<meta property=\"article:published_time\" content=\"2022-05-20T21:24:42+00:00\" \/>\n<meta property=\"article:modified_time\" content=\"2022-05-20T21:25:00+00:00\" \/>\n<meta property=\"og:image\" content=\"https:\/\/avrupapress.com\/main\/wp-content\/uploads\/2022\/05\/62862c734e3fe02cd0cd9507.webp\" \/>\n\t<meta property=\"og:image:width\" content=\"750\" \/>\n\t<meta property=\"og:image:height\" content=\"422\" \/>\n\t<meta property=\"og:image:type\" content=\"image\/webp\" \/>\n<meta name=\"author\" content=\"Edit\u00f6r\" \/>\n<meta name=\"twitter:card\" content=\"summary_large_image\" \/>\n<meta name=\"twitter:label1\" content=\"\u00c9crit par\" \/>\n\t<meta name=\"twitter:data1\" content=\"Edit\u00f6r\" \/>\n\t<meta name=\"twitter:label2\" content=\"Dur\u00e9e de lecture est.\" \/>\n\t<meta name=\"twitter:data2\" content=\"3 minutes\" \/>\n<script type=\"application\/ld+json\" class=\"yoast-schema-graph\">{\"@context\":\"https:\/\/schema.org\",\"@graph\":[{\"@type\":\"Article\",\"@id\":\"https:\/\/avrupapress.com\/main\/2022\/05\/20\/eskisehirde-dehset-15-yasindaki-cocuk-annesini-oldurdu-3-kisiyi-yaraladi\/#article\",\"isPartOf\":{\"@id\":\"https:\/\/avrupapress.com\/main\/2022\/05\/20\/eskisehirde-dehset-15-yasindaki-cocuk-annesini-oldurdu-3-kisiyi-yaraladi\/\"},\"author\":{\"name\":\"Edit\u00f6r\",\"@id\":\"https:\/\/avrupapress.com\/#\/schema\/person\/68428444ec60970d1e1b700cf4ca1e8f\"},\"headline\":\"Eski\u015fehir&rsquo;de deh\u015fet! 15 ya\u015f\u0131ndaki \u00e7ocuk annesini \u00f6ld\u00fcrd\u00fc, 3 ki\u015fiyi yaralad\u0131\",\"datePublished\":\"2022-05-20T21:24:42+00:00\",\"dateModified\":\"2022-05-20T21:25:00+00:00\",\"mainEntityOfPage\":{\"@id\":\"https:\/\/avrupapress.com\/main\/2022\/05\/20\/eskisehirde-dehset-15-yasindaki-cocuk-annesini-oldurdu-3-kisiyi-yaraladi\/\"},\"wordCount\":421,\"publisher\":{\"@id\":\"https:\/\/avrupapress.com\/#\/schema\/person\/0223dca19c72c43575bf30d1a2d8f4fa\"},\"image\":{\"@id\":\"https:\/\/avrupapress.com\/main\/2022\/05\/20\/eskisehirde-dehset-15-yasindaki-cocuk-annesini-oldurdu-3-kisiyi-yaraladi\/#primaryimage\"},\"thumbnailUrl\":\"https:\/\/avrupapress.com\/main\/wp-content\/uploads\/2022\/05\/62862c734e3fe02cd0cd9507.webp\",\"articleSection\":[\"Avrupa\",\"Bel\u00e7ika\",\"D\u00fcnya\",\"Tan\u0131t\u0131m\",\"T\u00fcrkiye\"],\"inLanguage\":\"fr-BE\"},{\"@type\":\"WebPage\",\"@id\":\"https:\/\/avrupapress.com\/main\/2022\/05\/20\/eskisehirde-dehset-15-yasindaki-cocuk-annesini-oldurdu-3-kisiyi-yaraladi\/\",\"url\":\"https:\/\/avrupapress.com\/main\/2022\/05\/20\/eskisehirde-dehset-15-yasindaki-cocuk-annesini-oldurdu-3-kisiyi-yaraladi\/\",\"name\":\"Eski\u015fehir'de deh\u015fet! 15 ya\u015f\u0131ndaki \u00e7ocuk annesini \u00f6ld\u00fcrd\u00fc, 3 ki\u015fiyi yaralad\u0131 - AvrupaPress\",\"isPartOf\":{\"@id\":\"https:\/\/avrupapress.com\/#website\"},\"primaryImageOfPage\":{\"@id\":\"https:\/\/avrupapress.com\/main\/2022\/05\/20\/eskisehirde-dehset-15-yasindaki-cocuk-annesini-oldurdu-3-kisiyi-yaraladi\/#primaryimage\"},\"image\":{\"@id\":\"https:\/\/avrupapress.com\/main\/2022\/05\/20\/eskisehirde-dehset-15-yasindaki-cocuk-annesini-oldurdu-3-kisiyi-yaraladi\/#primaryimage\"},\"thumbnailUrl\":\"https:\/\/avrupapress.com\/main\/wp-content\/uploads\/2022\/05\/62862c734e3fe02cd0cd9507.webp\",\"datePublished\":\"2022-05-20T21:24:42+00:00\",\"dateModified\":\"2022-05-20T21:25:00+00:00\",\"breadcrumb\":{\"@id\":\"https:\/\/avrupapress.com\/main\/2022\/05\/20\/eskisehirde-dehset-15-yasindaki-cocuk-annesini-oldurdu-3-kisiyi-yaraladi\/#breadcrumb\"},\"inLanguage\":\"fr-BE\",\"potentialAction\":[{\"@type\":\"ReadAction\",\"target\":[\"https:\/\/avrupapress.com\/main\/2022\/05\/20\/eskisehirde-dehset-15-yasindaki-cocuk-annesini-oldurdu-3-kisiyi-yaraladi\/\"]}]},{\"@type\":\"ImageObject\",\"inLanguage\":\"fr-BE\",\"@id\":\"https:\/\/avrupapress.com\/main\/2022\/05\/20\/eskisehirde-dehset-15-yasindaki-cocuk-annesini-oldurdu-3-kisiyi-yaraladi\/#primaryimage\",\"url\":\"https:\/\/avrupapress.com\/main\/wp-content\/uploads\/2022\/05\/62862c734e3fe02cd0cd9507.webp\",\"contentUrl\":\"https:\/\/avrupapress.com\/main\/wp-content\/uploads\/2022\/05\/62862c734e3fe02cd0cd9507.webp\",\"width\":750,\"height\":422},{\"@type\":\"BreadcrumbList\",\"@id\":\"https:\/\/avrupapress.com\/main\/2022\/05\/20\/eskisehirde-dehset-15-yasindaki-cocuk-annesini-oldurdu-3-kisiyi-yaraladi\/#breadcrumb\",\"itemListElement\":[{\"@type\":\"ListItem\",\"position\":1,\"name\":\"Anasayfa\",\"item\":\"https:\/\/avrupapress.com\/\"},{\"@type\":\"ListItem\",\"position\":2,\"name\":\"Eski\u015fehir&#8217;de deh\u015fet! 15 ya\u015f\u0131ndaki \u00e7ocuk annesini \u00f6ld\u00fcrd\u00fc, 3 ki\u015fiyi yaralad\u0131\"}]},{\"@type\":\"WebSite\",\"@id\":\"https:\/\/avrupapress.com\/#website\",\"url\":\"https:\/\/avrupapress.com\/\",\"name\":\"AvrupaPress\",\"description\":\"Haberin Adresi\",\"publisher\":{\"@id\":\"https:\/\/avrupapress.com\/#\/schema\/person\/0223dca19c72c43575bf30d1a2d8f4fa\"},\"potentialAction\":[{\"@type\":\"SearchAction\",\"target\":{\"@type\":\"EntryPoint\",\"urlTemplate\":\"https:\/\/avrupapress.com\/?s={search_term_string}\"},\"query-input\":{\"@type\":\"PropertyValueSpecification\",\"valueRequired\":true,\"valueName\":\"search_term_string\"}}],\"inLanguage\":\"fr-BE\"},{\"@type\":[\"Person\",\"Organization\"],\"@id\":\"https:\/\/avrupapress.com\/#\/schema\/person\/0223dca19c72c43575bf30d1a2d8f4fa\",\"name\":\"Bilgin \u00d6z\u00e7ift\u00e7i\",\"image\":{\"@type\":\"ImageObject\",\"inLanguage\":\"fr-BE\",\"@id\":\"https:\/\/avrupapress.com\/#\/schema\/person\/image\/\",\"url\":\"https:\/\/secure.gravatar.com\/avatar\/0f23b280433a21e1ea7a0adcc46ed0ad16afe3ad8e630fd13d8a017dcbd54ef3?s=96&d=mm&r=g\",\"contentUrl\":\"https:\/\/secure.gravatar.com\/avatar\/0f23b280433a21e1ea7a0adcc46ed0ad16afe3ad8e630fd13d8a017dcbd54ef3?s=96&d=mm&r=g\",\"caption\":\"Bilgin \u00d6z\u00e7ift\u00e7i\"},\"logo\":{\"@id\":\"https:\/\/avrupapress.com\/#\/schema\/person\/image\/\"},\"description\":\"Ne ben, nede sen... Biz ancak \\\"biz\\\" olursak g\u00fc\u00e7l\u00fc olabiliriz\"},{\"@type\":\"Person\",\"@id\":\"https:\/\/avrupapress.com\/#\/schema\/person\/68428444ec60970d1e1b700cf4ca1e8f\",\"name\":\"Edit\u00f6r\",\"image\":{\"@type\":\"ImageObject\",\"inLanguage\":\"fr-BE\",\"@id\":\"https:\/\/avrupapress.com\/#\/schema\/person\/image\/\",\"url\":\"https:\/\/secure.gravatar.com\/avatar\/74996b0977aa5f1559ba9883776652508b229005c0d78fb2597897f0bd651c09?s=96&d=mm&r=g\",\"contentUrl\":\"https:\/\/secure.gravatar.com\/avatar\/74996b0977aa5f1559ba9883776652508b229005c0d78fb2597897f0bd651c09?s=96&d=mm&r=g\",\"caption\":\"Edit\u00f6r\"},\"sameAs\":[\"http:\/\/www.avrupapress.com\"],\"url\":\"https:\/\/avrupapress.com\/main\/author\/editor\/\"}]}<\/script>\n<!-- \/ Yoast SEO plugin. -->","yoast_head_json":{"title":"Eski\u015fehir'de deh\u015fet! 15 ya\u015f\u0131ndaki \u00e7ocuk annesini \u00f6ld\u00fcrd\u00fc, 3 ki\u015fiyi yaralad\u0131 - AvrupaPress","robots":{"index":"index","follow":"follow","max-snippet":"max-snippet:-1","max-image-preview":"max-image-preview:large","max-video-preview":"max-video-preview:-1"},"canonical":"https:\/\/avrupapress.com\/main\/2022\/05\/20\/eskisehirde-dehset-15-yasindaki-cocuk-annesini-oldurdu-3-kisiyi-yaraladi\/","og_locale":"fr_FR","og_type":"article","og_title":"Eski\u015fehir'de deh\u015fet! 15 ya\u015f\u0131ndaki \u00e7ocuk annesini \u00f6ld\u00fcrd\u00fc, 3 ki\u015fiyi yaralad\u0131 - AvrupaPress","og_description":"Eski\u015fehir\u2019de \u0130.A. adl\u0131 o\u011flan \u00e7ocu\u011fu (15), 1 y\u0131l \u00f6nce babas\u0131 Erkan A.&rsquo;dan bo\u015fanan annesi Serap Bor&rsquo;u (35) pompal\u0131 t\u00fcfekle \u00f6ld\u00fcr\u00fcrken, 3 kom\u015fuyu da yaralay\u0131p, otomobille ka\u00e7t\u0131. \u0130.A. (15) adl\u0131 \u00e7ocuk ile azmettirdi\u011fi \u00f6ne s\u00fcr\u00fclen babas\u0131 Erkan A., olay\u0131n ya\u015fand\u0131\u011f\u0131 mahalledeki farkl\u0131 sokaklarda pompal\u0131 t\u00fcfekle yakaland\u0131. Tepeba\u015f\u0131 il\u00e7esine ba\u011fl\u0131 Fevzi\u00e7akmak Mahallesi Ertorun Sokak&rsquo;ta oturan Serap Bor, [&hellip;]","og_url":"https:\/\/avrupapress.com\/main\/2022\/05\/20\/eskisehirde-dehset-15-yasindaki-cocuk-annesini-oldurdu-3-kisiyi-yaraladi\/","og_site_name":"AvrupaPress","article_published_time":"2022-05-20T21:24:42+00:00","article_modified_time":"2022-05-20T21:25:00+00:00","og_image":[{"width":750,"height":422,"url":"https:\/\/avrupapress.com\/main\/wp-content\/uploads\/2022\/05\/62862c734e3fe02cd0cd9507.webp","type":"image\/webp"}],"author":"Edit\u00f6r","twitter_card":"summary_large_image","twitter_misc":{"\u00c9crit par":"Edit\u00f6r","Dur\u00e9e de lecture est.":"3 minutes"},"schema":{"@context":"https:\/\/schema.org","@graph":[{"@type":"Article","@id":"https:\/\/avrupapress.com\/main\/2022\/05\/20\/eskisehirde-dehset-15-yasindaki-cocuk-annesini-oldurdu-3-kisiyi-yaraladi\/#article","isPartOf":{"@id":"https:\/\/avrupapress.com\/main\/2022\/05\/20\/eskisehirde-dehset-15-yasindaki-cocuk-annesini-oldurdu-3-kisiyi-yaraladi\/"},"author":{"name":"Edit\u00f6r","@id":"https:\/\/avrupapress.com\/#\/schema\/person\/68428444ec60970d1e1b700cf4ca1e8f"},"headline":"Eski\u015fehir&rsquo;de deh\u015fet! 15 ya\u015f\u0131ndaki \u00e7ocuk annesini \u00f6ld\u00fcrd\u00fc, 3 ki\u015fiyi yaralad\u0131","datePublished":"2022-05-20T21:24:42+00:00","dateModified":"2022-05-20T21:25:00+00:00","mainEntityOfPage":{"@id":"https:\/\/avrupapress.com\/main\/2022\/05\/20\/eskisehirde-dehset-15-yasindaki-cocuk-annesini-oldurdu-3-kisiyi-yaraladi\/"},"wordCount":421,"publisher":{"@id":"https:\/\/avrupapress.com\/#\/schema\/person\/0223dca19c72c43575bf30d1a2d8f4fa"},"image":{"@id":"https:\/\/avrupapress.com\/main\/2022\/05\/20\/eskisehirde-dehset-15-yasindaki-cocuk-annesini-oldurdu-3-kisiyi-yaraladi\/#primaryimage"},"thumbnailUrl":"https:\/\/avrupapress.com\/main\/wp-content\/uploads\/2022\/05\/62862c734e3fe02cd0cd9507.webp","articleSection":["Avrupa","Bel\u00e7ika","D\u00fcnya","Tan\u0131t\u0131m","T\u00fcrkiye"],"inLanguage":"fr-BE"},{"@type":"WebPage","@id":"https:\/\/avrupapress.com\/main\/2022\/05\/20\/eskisehirde-dehset-15-yasindaki-cocuk-annesini-oldurdu-3-kisiyi-yaraladi\/","url":"https:\/\/avrupapress.com\/main\/2022\/05\/20\/eskisehirde-dehset-15-yasindaki-cocuk-annesini-oldurdu-3-kisiyi-yaraladi\/","name":"Eski\u015fehir'de deh\u015fet! 15 ya\u015f\u0131ndaki \u00e7ocuk annesini \u00f6ld\u00fcrd\u00fc, 3 ki\u015fiyi yaralad\u0131 - AvrupaPress","isPartOf":{"@id":"https:\/\/avrupapress.com\/#website"},"primaryImageOfPage":{"@id":"https:\/\/avrupapress.com\/main\/2022\/05\/20\/eskisehirde-dehset-15-yasindaki-cocuk-annesini-oldurdu-3-kisiyi-yaraladi\/#primaryimage"},"image":{"@id":"https:\/\/avrupapress.com\/main\/2022\/05\/20\/eskisehirde-dehset-15-yasindaki-cocuk-annesini-oldurdu-3-kisiyi-yaraladi\/#primaryimage"},"thumbnailUrl":"https:\/\/avrupapress.com\/main\/wp-content\/uploads\/2022\/05\/62862c734e3fe02cd0cd9507.webp","datePublished":"2022-05-20T21:24:42+00:00","dateModified":"2022-05-20T21:25:00+00:00","breadcrumb":{"@id":"https:\/\/avrupapress.com\/main\/2022\/05\/20\/eskisehirde-dehset-15-yasindaki-cocuk-annesini-oldurdu-3-kisiyi-yaraladi\/#breadcrumb"},"inLanguage":"fr-BE","potentialAction":[{"@type":"ReadAction","target":["https:\/\/avrupapress.com\/main\/2022\/05\/20\/eskisehirde-dehset-15-yasindaki-cocuk-annesini-oldurdu-3-kisiyi-yaraladi\/"]}]},{"@type":"ImageObject","inLanguage":"fr-BE","@id":"https:\/\/avrupapress.com\/main\/2022\/05\/20\/eskisehirde-dehset-15-yasindaki-cocuk-annesini-oldurdu-3-kisiyi-yaraladi\/#primaryimage","url":"https:\/\/avrupapress.com\/main\/wp-content\/uploads\/2022\/05\/62862c734e3fe02cd0cd9507.webp","contentUrl":"https:\/\/avrupapress.com\/main\/wp-content\/uploads\/2022\/05\/62862c734e3fe02cd0cd9507.webp","width":750,"height":422},{"@type":"BreadcrumbList","@id":"https:\/\/avrupapress.com\/main\/2022\/05\/20\/eskisehirde-dehset-15-yasindaki-cocuk-annesini-oldurdu-3-kisiyi-yaraladi\/#breadcrumb","itemListElement":[{"@type":"ListItem","position":1,"name":"Anasayfa","item":"https:\/\/avrupapress.com\/"},{"@type":"ListItem","position":2,"name":"Eski\u015fehir&#8217;de deh\u015fet! 15 ya\u015f\u0131ndaki \u00e7ocuk annesini \u00f6ld\u00fcrd\u00fc, 3 ki\u015fiyi yaralad\u0131"}]},{"@type":"WebSite","@id":"https:\/\/avrupapress.com\/#website","url":"https:\/\/avrupapress.com\/","name":"AvrupaPress","description":"Haberin Adresi","publisher":{"@id":"https:\/\/avrupapress.com\/#\/schema\/person\/0223dca19c72c43575bf30d1a2d8f4fa"},"potentialAction":[{"@type":"SearchAction","target":{"@type":"EntryPoint","urlTemplate":"https:\/\/avrupapress.com\/?s={search_term_string}"},"query-input":{"@type":"PropertyValueSpecification","valueRequired":true,"valueName":"search_term_string"}}],"inLanguage":"fr-BE"},{"@type":["Person","Organization"],"@id":"https:\/\/avrupapress.com\/#\/schema\/person\/0223dca19c72c43575bf30d1a2d8f4fa","name":"Bilgin \u00d6z\u00e7ift\u00e7i","image":{"@type":"ImageObject","inLanguage":"fr-BE","@id":"https:\/\/avrupapress.com\/#\/schema\/person\/image\/","url":"https:\/\/secure.gravatar.com\/avatar\/0f23b280433a21e1ea7a0adcc46ed0ad16afe3ad8e630fd13d8a017dcbd54ef3?s=96&d=mm&r=g","contentUrl":"https:\/\/secure.gravatar.com\/avatar\/0f23b280433a21e1ea7a0adcc46ed0ad16afe3ad8e630fd13d8a017dcbd54ef3?s=96&d=mm&r=g","caption":"Bilgin \u00d6z\u00e7ift\u00e7i"},"logo":{"@id":"https:\/\/avrupapress.com\/#\/schema\/person\/image\/"},"description":"Ne ben, nede sen... Biz ancak \"biz\" olursak g\u00fc\u00e7l\u00fc olabiliriz"},{"@type":"Person","@id":"https:\/\/avrupapress.com\/#\/schema\/person\/68428444ec60970d1e1b700cf4ca1e8f","name":"Edit\u00f6r","image":{"@type":"ImageObject","inLanguage":"fr-BE","@id":"https:\/\/avrupapress.com\/#\/schema\/person\/image\/","url":"https:\/\/secure.gravatar.com\/avatar\/74996b0977aa5f1559ba9883776652508b229005c0d78fb2597897f0bd651c09?s=96&d=mm&r=g","contentUrl":"https:\/\/secure.gravatar.com\/avatar\/74996b0977aa5f1559ba9883776652508b229005c0d78fb2597897f0bd651c09?s=96&d=mm&r=g","caption":"Edit\u00f6r"},"sameAs":["http:\/\/www.avrupapress.com"],"url":"https:\/\/avrupapress.com\/main\/author\/editor\/"}]}},"_links":{"self":[{"href":"https:\/\/avrupapress.com\/main\/wp-json\/wp\/v2\/posts\/18959","targetHints":{"allow":["GET"]}}],"collection":[{"href":"https:\/\/avrupapress.com\/main\/wp-json\/wp\/v2\/posts"}],"about":[{"href":"https:\/\/avrupapress.com\/main\/wp-json\/wp\/v2\/types\/post"}],"author":[{"embeddable":true,"href":"https:\/\/avrupapress.com\/main\/wp-json\/wp\/v2\/users\/3"}],"replies":[{"embeddable":true,"href":"https:\/\/avrupapress.com\/main\/wp-json\/wp\/v2\/comments?post=18959"}],"version-history":[{"count":2,"href":"https:\/\/avrupapress.com\/main\/wp-json\/wp\/v2\/posts\/18959\/revisions"}],"predecessor-version":[{"id":18962,"href":"https:\/\/avrupapress.com\/main\/wp-json\/wp\/v2\/posts\/18959\/revisions\/18962"}],"wp:featuredmedia":[{"embeddable":true,"href":"https:\/\/avrupapress.com\/main\/wp-json\/wp\/v2\/media\/18960"}],"wp:attachment":[{"href":"https:\/\/avrupapress.com\/main\/wp-json\/wp\/v2\/media?parent=18959"}],"wp:term":[{"taxonomy":"category","embeddable":true,"href":"https:\/\/avrupapress.com\/main\/wp-json\/wp\/v2\/categories?post=18959"},{"taxonomy":"post_tag","embeddable":true,"href":"https:\/\/avrupapress.com\/main\/wp-json\/wp\/v2\/tags?post=18959"}],"curies":[{"name":"wp","href":"https:\/\/api.w.org\/{rel}","templated":true}]}}