{"id":18951,"date":"2022-05-19T20:43:50","date_gmt":"2022-05-19T20:43:50","guid":{"rendered":"https:\/\/avrupapress.com\/main\/?p=18951"},"modified":"2022-05-19T20:44:01","modified_gmt":"2022-05-19T20:44:01","slug":"eskisehir-fatih-fen-lisesine-bogazici-universitesi-cevre-odullerinde-buec-tesvik-odulu-verildi","status":"publish","type":"post","link":"https:\/\/avrupapress.com\/main\/2022\/05\/19\/eskisehir-fatih-fen-lisesine-bogazici-universitesi-cevre-odullerinde-buec-tesvik-odulu-verildi\/","title":{"rendered":"Eski\u015fehir Fatih Fen Lisesi\u2019ne, Bo\u011fazi\u00e7i \u00dcniversitesi \u00c7evre \u00d6d\u00fclleri\u2019nde \u2018\u2019BUEC Te\u015fvik \u00d6d\u00fcl\u00fc\u2019 verildi"},"content":{"rendered":"<p class=\"x_MsoNormal\">Eski\u015fehir Fatih Fen Lisesi\u2019ne, Bo\u011fazi\u00e7i \u00dcniversitesi \u00c7evre \u00d6d\u00fclleri\u2019nde \u2018\u2019BUEC Te\u015fvik \u00d6d\u00fcl\u00fc\u2019 verildi.<br aria-hidden=\"true\" \/>Eski\u015fehir Fatih Fen Lisesi:\u00a0Bo\u011fazi\u00e7i \u00dcniversitesi Elektroteknoloji Kul\u00fcb\u00fc (BUEC) taraf\u0131ndan d\u00fczenlenen Bo\u011fazi\u00e7i \u00c7evre \u00d6d\u00fclleri\u2019nde; \u2018\u00c7evrenin Gen\u00e7 S\u00f6zc\u00fcleri\u0307\u2019 oylamadan ba\u011f\u0131ms\u0131z olarak, j\u00fcri taraf\u0131ndan verilen iki \u00f6zel \u00f6d\u00fclden biri olan \u2018Te\u015fvik \u00d6d\u00fcl\u00fc\u2019 ne lay\u0131k g\u00f6r\u00fcld\u00fc. Di\u011fer \u00f6zel \u00f6d\u00fcl ise, Faz\u0131l Say\u2019a verildi. \u2018Bo\u011fazi\u00e7i \u00dcniversitesi, G\u00fcney Kamp\u00fcs\u00fc Albert Hall\u2019 salonunda ger\u00e7ekle\u015fen t\u00f6rende; \u00f6d\u00fcl\u00fc alan projenin dan\u0131\u015fman \u00f6\u011fretmeni Reyhan Bilgili, konu\u015fmas\u0131n\u0131 yapt\u0131ktan sonra \u00e7al\u0131\u015fmada yer alan \u00f6\u011frencileri temsilen Kayhan Erv\u00fcz, Nehir Ma\u00e7\u00e7a ve Elifnaz T\u00fcreyen de te\u015fekk\u00fcrlerini dile getirdiler<\/p>\n<p class=\"x_MsoNormal\">Eski\u015fehir Fatih Fen Lisesi \u0130ngilizce \u00d6\u011fretmeni Reyhan Bilgili, \u2018\u2019Ge\u00e7ti\u011fimiz y\u0131l \u2018Young Reporters for the Environment\u2019 yar\u0131\u015fmas\u0131nda; uluslararas\u0131 kategoride d\u00fcnya birincisi olan \u00e7al\u0131\u015fmayla gelen ba\u015far\u0131n\u0131n, ayr\u0131ca \u00fclkemizin en sayg\u0131n \u00fcniversitelerinden biri taraf\u0131ndan bu \u00f6d\u00fcle lay\u0131k g\u00f6r\u00fclmesinin gururunu ya\u015fad\u0131k ve Eski\u015fehir\u2019in gururu olduk\u2019\u2019 dedi.<\/p>\n<p class=\"x_MsoNormal\">D\u00fczenlenen gecede, 15 ayr\u0131 kategoride oylama sonucu se\u00e7ilen \u00f6d\u00fcller sahiplerini buldu.<\/p>\n<p><img loading=\"lazy\" decoding=\"async\" class=\"alignnone size-medium wp-image-18952\" src=\"https:\/\/avrupapress.com\/main\/wp-content\/uploads\/2022\/05\/thumbnail_1-300x275.jpg\" alt=\"\" width=\"300\" height=\"275\" srcset=\"https:\/\/avrupapress.com\/main\/wp-content\/uploads\/2022\/05\/thumbnail_1-300x275.jpg 300w, https:\/\/avrupapress.com\/main\/wp-content\/uploads\/2022\/05\/thumbnail_1.jpg 640w\" sizes=\"auto, (max-width: 300px) 100vw, 300px\" \/><\/p>\n<p><img loading=\"lazy\" decoding=\"async\" class=\"alignnone size-medium wp-image-18953\" src=\"https:\/\/avrupapress.com\/main\/wp-content\/uploads\/2022\/05\/thumbnail_2.-200x300.jpg\" alt=\"\" width=\"200\" height=\"300\" srcset=\"https:\/\/avrupapress.com\/main\/wp-content\/uploads\/2022\/05\/thumbnail_2.-200x300.jpg 200w, https:\/\/avrupapress.com\/main\/wp-content\/uploads\/2022\/05\/thumbnail_2..jpg 427w\" sizes=\"auto, (max-width: 200px) 100vw, 200px\" \/><\/p>\n<p><img loading=\"lazy\" decoding=\"async\" class=\"alignnone size-medium wp-image-18954\" src=\"https:\/\/avrupapress.com\/main\/wp-content\/uploads\/2022\/05\/thumbnail_3-1-264x300.jpg\" alt=\"\" width=\"264\" height=\"300\" srcset=\"https:\/\/avrupapress.com\/main\/wp-content\/uploads\/2022\/05\/thumbnail_3-1-264x300.jpg 264w, https:\/\/avrupapress.com\/main\/wp-content\/uploads\/2022\/05\/thumbnail_3-1.jpg 564w\" sizes=\"auto, (max-width: 264px) 100vw, 264px\" \/><\/p>\n<p><img loading=\"lazy\" decoding=\"async\" class=\"alignnone size-medium wp-image-18955\" src=\"https:\/\/avrupapress.com\/main\/wp-content\/uploads\/2022\/05\/thumbnail_4.-300x200.jpg\" alt=\"\" width=\"300\" height=\"200\" srcset=\"https:\/\/avrupapress.com\/main\/wp-content\/uploads\/2022\/05\/thumbnail_4.-300x200.jpg 300w, https:\/\/avrupapress.com\/main\/wp-content\/uploads\/2022\/05\/thumbnail_4..jpg 640w\" sizes=\"auto, (max-width: 300px) 100vw, 300px\" \/><\/p>\n<p>&nbsp;<\/p>\n<p class=\"x_MsoNormal\"><b>HABER \/ FOTO\u011eRAF: ERTU\u011eRUL ALTINEL \u2013 B\u0130LG\u0130N \u00d6Z\u00c7\u0130FT\u00c7\u0130 \u2013 AVRUPAPRESS \u2013 BEL\u00c7\u0130KA<\/b><\/p>\n","protected":false},"excerpt":{"rendered":"<p>Eski\u015fehir Fatih Fen Lisesi\u2019ne, Bo\u011fazi\u00e7i \u00dcniversitesi \u00c7evre \u00d6d\u00fclleri\u2019nde \u2018\u2019BUEC Te\u015fvik \u00d6d\u00fcl\u00fc\u2019 verildi.Eski\u015fehir Fatih Fen Lisesi:\u00a0Bo\u011fazi\u00e7i \u00dcniversitesi Elektroteknoloji Kul\u00fcb\u00fc (BUEC) taraf\u0131ndan d\u00fczenlenen Bo\u011fazi\u00e7i \u00c7evre \u00d6d\u00fclleri\u2019nde; \u2018\u00c7evrenin Gen\u00e7 S\u00f6zc\u00fcleri\u0307\u2019 oylamadan ba\u011f\u0131ms\u0131z olarak, j\u00fcri taraf\u0131ndan verilen iki \u00f6zel \u00f6d\u00fclden biri olan \u2018Te\u015fvik \u00d6d\u00fcl\u00fc\u2019 ne lay\u0131k g\u00f6r\u00fcld\u00fc. Di\u011fer \u00f6zel \u00f6d\u00fcl ise, Faz\u0131l Say\u2019a verildi. \u2018Bo\u011fazi\u00e7i \u00dcniversitesi, G\u00fcney Kamp\u00fcs\u00fc Albert [&hellip;]<\/p>\n","protected":false},"author":3,"featured_media":18952,"comment_status":"closed","ping_status":"open","sticky":false,"template":"","format":"standard","meta":{"footnotes":""},"categories":[14,16,3,17,18,15,19,2],"tags":[],"class_list":["post-18951","post","type-post","status-publish","format-standard","has-post-thumbnail","hentry","category-avrupa","category-belcika","category-dunya","category-ekonomi","category-kultur-sanat","category-spor","category-tanitim","category-turkiye"],"yoast_head":"<!-- This site is optimized with the Yoast SEO plugin v26.9 - https:\/\/yoast.com\/product\/yoast-seo-wordpress\/ -->\n<title>Eski\u015fehir Fatih Fen Lisesi\u2019ne, Bo\u011fazi\u00e7i \u00dcniversitesi \u00c7evre \u00d6d\u00fclleri\u2019nde \u2018\u2019BUEC Te\u015fvik \u00d6d\u00fcl\u00fc\u2019 verildi - AvrupaPress<\/title>\n<meta name=\"robots\" content=\"index, follow, max-snippet:-1, max-image-preview:large, max-video-preview:-1\" \/>\n<link rel=\"canonical\" href=\"https:\/\/avrupapress.com\/main\/2022\/05\/19\/eskisehir-fatih-fen-lisesine-bogazici-universitesi-cevre-odullerinde-buec-tesvik-odulu-verildi\/\" \/>\n<meta property=\"og:locale\" content=\"fr_FR\" \/>\n<meta property=\"og:type\" content=\"article\" \/>\n<meta property=\"og:title\" content=\"Eski\u015fehir Fatih Fen Lisesi\u2019ne, Bo\u011fazi\u00e7i \u00dcniversitesi \u00c7evre \u00d6d\u00fclleri\u2019nde \u2018\u2019BUEC Te\u015fvik \u00d6d\u00fcl\u00fc\u2019 verildi - AvrupaPress\" \/>\n<meta property=\"og:description\" content=\"Eski\u015fehir Fatih Fen Lisesi\u2019ne, Bo\u011fazi\u00e7i \u00dcniversitesi \u00c7evre \u00d6d\u00fclleri\u2019nde \u2018\u2019BUEC Te\u015fvik \u00d6d\u00fcl\u00fc\u2019 verildi.Eski\u015fehir Fatih Fen Lisesi:\u00a0Bo\u011fazi\u00e7i \u00dcniversitesi Elektroteknoloji Kul\u00fcb\u00fc (BUEC) taraf\u0131ndan d\u00fczenlenen Bo\u011fazi\u00e7i \u00c7evre \u00d6d\u00fclleri\u2019nde; \u2018\u00c7evrenin Gen\u00e7 S\u00f6zc\u00fcleri\u0307\u2019 oylamadan ba\u011f\u0131ms\u0131z olarak, j\u00fcri taraf\u0131ndan verilen iki \u00f6zel \u00f6d\u00fclden biri olan \u2018Te\u015fvik \u00d6d\u00fcl\u00fc\u2019 ne lay\u0131k g\u00f6r\u00fcld\u00fc. Di\u011fer \u00f6zel \u00f6d\u00fcl ise, Faz\u0131l Say\u2019a verildi. \u2018Bo\u011fazi\u00e7i \u00dcniversitesi, G\u00fcney Kamp\u00fcs\u00fc Albert [&hellip;]\" \/>\n<meta property=\"og:url\" content=\"https:\/\/avrupapress.com\/main\/2022\/05\/19\/eskisehir-fatih-fen-lisesine-bogazici-universitesi-cevre-odullerinde-buec-tesvik-odulu-verildi\/\" \/>\n<meta property=\"og:site_name\" content=\"AvrupaPress\" \/>\n<meta property=\"article:published_time\" content=\"2022-05-19T20:43:50+00:00\" \/>\n<meta property=\"article:modified_time\" content=\"2022-05-19T20:44:01+00:00\" \/>\n<meta property=\"og:image\" content=\"https:\/\/avrupapress.com\/main\/wp-content\/uploads\/2022\/05\/thumbnail_1.jpg\" \/>\n\t<meta property=\"og:image:width\" content=\"640\" \/>\n\t<meta property=\"og:image:height\" content=\"586\" \/>\n\t<meta property=\"og:image:type\" content=\"image\/jpeg\" \/>\n<meta name=\"author\" content=\"Edit\u00f6r\" \/>\n<meta name=\"twitter:card\" content=\"summary_large_image\" \/>\n<meta name=\"twitter:label1\" content=\"\u00c9crit par\" \/>\n\t<meta name=\"twitter:data1\" content=\"Edit\u00f6r\" \/>\n\t<meta name=\"twitter:label2\" content=\"Dur\u00e9e de lecture est.\" \/>\n\t<meta name=\"twitter:data2\" content=\"1 minute\" \/>\n<script type=\"application\/ld+json\" class=\"yoast-schema-graph\">{\"@context\":\"https:\/\/schema.org\",\"@graph\":[{\"@type\":\"Article\",\"@id\":\"https:\/\/avrupapress.com\/main\/2022\/05\/19\/eskisehir-fatih-fen-lisesine-bogazici-universitesi-cevre-odullerinde-buec-tesvik-odulu-verildi\/#article\",\"isPartOf\":{\"@id\":\"https:\/\/avrupapress.com\/main\/2022\/05\/19\/eskisehir-fatih-fen-lisesine-bogazici-universitesi-cevre-odullerinde-buec-tesvik-odulu-verildi\/\"},\"author\":{\"name\":\"Edit\u00f6r\",\"@id\":\"https:\/\/avrupapress.com\/#\/schema\/person\/68428444ec60970d1e1b700cf4ca1e8f\"},\"headline\":\"Eski\u015fehir Fatih Fen Lisesi\u2019ne, Bo\u011fazi\u00e7i \u00dcniversitesi \u00c7evre \u00d6d\u00fclleri\u2019nde \u2018\u2019BUEC Te\u015fvik \u00d6d\u00fcl\u00fc\u2019 verildi\",\"datePublished\":\"2022-05-19T20:43:50+00:00\",\"dateModified\":\"2022-05-19T20:44:01+00:00\",\"mainEntityOfPage\":{\"@id\":\"https:\/\/avrupapress.com\/main\/2022\/05\/19\/eskisehir-fatih-fen-lisesine-bogazici-universitesi-cevre-odullerinde-buec-tesvik-odulu-verildi\/\"},\"wordCount\":251,\"publisher\":{\"@id\":\"https:\/\/avrupapress.com\/#\/schema\/person\/0223dca19c72c43575bf30d1a2d8f4fa\"},\"image\":{\"@id\":\"https:\/\/avrupapress.com\/main\/2022\/05\/19\/eskisehir-fatih-fen-lisesine-bogazici-universitesi-cevre-odullerinde-buec-tesvik-odulu-verildi\/#primaryimage\"},\"thumbnailUrl\":\"https:\/\/avrupapress.com\/main\/wp-content\/uploads\/2022\/05\/thumbnail_1.jpg\",\"articleSection\":[\"Avrupa\",\"Bel\u00e7ika\",\"D\u00fcnya\",\"Ekonomi\",\"K\u00fclt\u00fcr-Sanat\",\"Spor\",\"Tan\u0131t\u0131m\",\"T\u00fcrkiye\"],\"inLanguage\":\"fr-BE\"},{\"@type\":\"WebPage\",\"@id\":\"https:\/\/avrupapress.com\/main\/2022\/05\/19\/eskisehir-fatih-fen-lisesine-bogazici-universitesi-cevre-odullerinde-buec-tesvik-odulu-verildi\/\",\"url\":\"https:\/\/avrupapress.com\/main\/2022\/05\/19\/eskisehir-fatih-fen-lisesine-bogazici-universitesi-cevre-odullerinde-buec-tesvik-odulu-verildi\/\",\"name\":\"Eski\u015fehir Fatih Fen Lisesi\u2019ne, Bo\u011fazi\u00e7i \u00dcniversitesi \u00c7evre \u00d6d\u00fclleri\u2019nde \u2018\u2019BUEC Te\u015fvik \u00d6d\u00fcl\u00fc\u2019 verildi - AvrupaPress\",\"isPartOf\":{\"@id\":\"https:\/\/avrupapress.com\/#website\"},\"primaryImageOfPage\":{\"@id\":\"https:\/\/avrupapress.com\/main\/2022\/05\/19\/eskisehir-fatih-fen-lisesine-bogazici-universitesi-cevre-odullerinde-buec-tesvik-odulu-verildi\/#primaryimage\"},\"image\":{\"@id\":\"https:\/\/avrupapress.com\/main\/2022\/05\/19\/eskisehir-fatih-fen-lisesine-bogazici-universitesi-cevre-odullerinde-buec-tesvik-odulu-verildi\/#primaryimage\"},\"thumbnailUrl\":\"https:\/\/avrupapress.com\/main\/wp-content\/uploads\/2022\/05\/thumbnail_1.jpg\",\"datePublished\":\"2022-05-19T20:43:50+00:00\",\"dateModified\":\"2022-05-19T20:44:01+00:00\",\"breadcrumb\":{\"@id\":\"https:\/\/avrupapress.com\/main\/2022\/05\/19\/eskisehir-fatih-fen-lisesine-bogazici-universitesi-cevre-odullerinde-buec-tesvik-odulu-verildi\/#breadcrumb\"},\"inLanguage\":\"fr-BE\",\"potentialAction\":[{\"@type\":\"ReadAction\",\"target\":[\"https:\/\/avrupapress.com\/main\/2022\/05\/19\/eskisehir-fatih-fen-lisesine-bogazici-universitesi-cevre-odullerinde-buec-tesvik-odulu-verildi\/\"]}]},{\"@type\":\"ImageObject\",\"inLanguage\":\"fr-BE\",\"@id\":\"https:\/\/avrupapress.com\/main\/2022\/05\/19\/eskisehir-fatih-fen-lisesine-bogazici-universitesi-cevre-odullerinde-buec-tesvik-odulu-verildi\/#primaryimage\",\"url\":\"https:\/\/avrupapress.com\/main\/wp-content\/uploads\/2022\/05\/thumbnail_1.jpg\",\"contentUrl\":\"https:\/\/avrupapress.com\/main\/wp-content\/uploads\/2022\/05\/thumbnail_1.jpg\",\"width\":640,\"height\":586},{\"@type\":\"BreadcrumbList\",\"@id\":\"https:\/\/avrupapress.com\/main\/2022\/05\/19\/eskisehir-fatih-fen-lisesine-bogazici-universitesi-cevre-odullerinde-buec-tesvik-odulu-verildi\/#breadcrumb\",\"itemListElement\":[{\"@type\":\"ListItem\",\"position\":1,\"name\":\"Anasayfa\",\"item\":\"https:\/\/avrupapress.com\/\"},{\"@type\":\"ListItem\",\"position\":2,\"name\":\"Eski\u015fehir Fatih Fen Lisesi\u2019ne, Bo\u011fazi\u00e7i \u00dcniversitesi \u00c7evre \u00d6d\u00fclleri\u2019nde \u2018\u2019BUEC Te\u015fvik \u00d6d\u00fcl\u00fc\u2019 verildi\"}]},{\"@type\":\"WebSite\",\"@id\":\"https:\/\/avrupapress.com\/#website\",\"url\":\"https:\/\/avrupapress.com\/\",\"name\":\"AvrupaPress\",\"description\":\"Haberin Adresi\",\"publisher\":{\"@id\":\"https:\/\/avrupapress.com\/#\/schema\/person\/0223dca19c72c43575bf30d1a2d8f4fa\"},\"potentialAction\":[{\"@type\":\"SearchAction\",\"target\":{\"@type\":\"EntryPoint\",\"urlTemplate\":\"https:\/\/avrupapress.com\/?s={search_term_string}\"},\"query-input\":{\"@type\":\"PropertyValueSpecification\",\"valueRequired\":true,\"valueName\":\"search_term_string\"}}],\"inLanguage\":\"fr-BE\"},{\"@type\":[\"Person\",\"Organization\"],\"@id\":\"https:\/\/avrupapress.com\/#\/schema\/person\/0223dca19c72c43575bf30d1a2d8f4fa\",\"name\":\"Bilgin \u00d6z\u00e7ift\u00e7i\",\"image\":{\"@type\":\"ImageObject\",\"inLanguage\":\"fr-BE\",\"@id\":\"https:\/\/avrupapress.com\/#\/schema\/person\/image\/\",\"url\":\"https:\/\/secure.gravatar.com\/avatar\/0f23b280433a21e1ea7a0adcc46ed0ad16afe3ad8e630fd13d8a017dcbd54ef3?s=96&d=mm&r=g\",\"contentUrl\":\"https:\/\/secure.gravatar.com\/avatar\/0f23b280433a21e1ea7a0adcc46ed0ad16afe3ad8e630fd13d8a017dcbd54ef3?s=96&d=mm&r=g\",\"caption\":\"Bilgin \u00d6z\u00e7ift\u00e7i\"},\"logo\":{\"@id\":\"https:\/\/avrupapress.com\/#\/schema\/person\/image\/\"},\"description\":\"Ne ben, nede sen... Biz ancak \\\"biz\\\" olursak g\u00fc\u00e7l\u00fc olabiliriz\"},{\"@type\":\"Person\",\"@id\":\"https:\/\/avrupapress.com\/#\/schema\/person\/68428444ec60970d1e1b700cf4ca1e8f\",\"name\":\"Edit\u00f6r\",\"image\":{\"@type\":\"ImageObject\",\"inLanguage\":\"fr-BE\",\"@id\":\"https:\/\/avrupapress.com\/#\/schema\/person\/image\/\",\"url\":\"https:\/\/secure.gravatar.com\/avatar\/74996b0977aa5f1559ba9883776652508b229005c0d78fb2597897f0bd651c09?s=96&d=mm&r=g\",\"contentUrl\":\"https:\/\/secure.gravatar.com\/avatar\/74996b0977aa5f1559ba9883776652508b229005c0d78fb2597897f0bd651c09?s=96&d=mm&r=g\",\"caption\":\"Edit\u00f6r\"},\"sameAs\":[\"http:\/\/www.avrupapress.com\"],\"url\":\"https:\/\/avrupapress.com\/main\/author\/editor\/\"}]}<\/script>\n<!-- \/ Yoast SEO plugin. -->","yoast_head_json":{"title":"Eski\u015fehir Fatih Fen Lisesi\u2019ne, Bo\u011fazi\u00e7i \u00dcniversitesi \u00c7evre \u00d6d\u00fclleri\u2019nde \u2018\u2019BUEC Te\u015fvik \u00d6d\u00fcl\u00fc\u2019 verildi - AvrupaPress","robots":{"index":"index","follow":"follow","max-snippet":"max-snippet:-1","max-image-preview":"max-image-preview:large","max-video-preview":"max-video-preview:-1"},"canonical":"https:\/\/avrupapress.com\/main\/2022\/05\/19\/eskisehir-fatih-fen-lisesine-bogazici-universitesi-cevre-odullerinde-buec-tesvik-odulu-verildi\/","og_locale":"fr_FR","og_type":"article","og_title":"Eski\u015fehir Fatih Fen Lisesi\u2019ne, Bo\u011fazi\u00e7i \u00dcniversitesi \u00c7evre \u00d6d\u00fclleri\u2019nde \u2018\u2019BUEC Te\u015fvik \u00d6d\u00fcl\u00fc\u2019 verildi - AvrupaPress","og_description":"Eski\u015fehir Fatih Fen Lisesi\u2019ne, Bo\u011fazi\u00e7i \u00dcniversitesi \u00c7evre \u00d6d\u00fclleri\u2019nde \u2018\u2019BUEC Te\u015fvik \u00d6d\u00fcl\u00fc\u2019 verildi.Eski\u015fehir Fatih Fen Lisesi:\u00a0Bo\u011fazi\u00e7i \u00dcniversitesi Elektroteknoloji Kul\u00fcb\u00fc (BUEC) taraf\u0131ndan d\u00fczenlenen Bo\u011fazi\u00e7i \u00c7evre \u00d6d\u00fclleri\u2019nde; \u2018\u00c7evrenin Gen\u00e7 S\u00f6zc\u00fcleri\u0307\u2019 oylamadan ba\u011f\u0131ms\u0131z olarak, j\u00fcri taraf\u0131ndan verilen iki \u00f6zel \u00f6d\u00fclden biri olan \u2018Te\u015fvik \u00d6d\u00fcl\u00fc\u2019 ne lay\u0131k g\u00f6r\u00fcld\u00fc. Di\u011fer \u00f6zel \u00f6d\u00fcl ise, Faz\u0131l Say\u2019a verildi. \u2018Bo\u011fazi\u00e7i \u00dcniversitesi, G\u00fcney Kamp\u00fcs\u00fc Albert [&hellip;]","og_url":"https:\/\/avrupapress.com\/main\/2022\/05\/19\/eskisehir-fatih-fen-lisesine-bogazici-universitesi-cevre-odullerinde-buec-tesvik-odulu-verildi\/","og_site_name":"AvrupaPress","article_published_time":"2022-05-19T20:43:50+00:00","article_modified_time":"2022-05-19T20:44:01+00:00","og_image":[{"width":640,"height":586,"url":"https:\/\/avrupapress.com\/main\/wp-content\/uploads\/2022\/05\/thumbnail_1.jpg","type":"image\/jpeg"}],"author":"Edit\u00f6r","twitter_card":"summary_large_image","twitter_misc":{"\u00c9crit par":"Edit\u00f6r","Dur\u00e9e de lecture est.":"1 minute"},"schema":{"@context":"https:\/\/schema.org","@graph":[{"@type":"Article","@id":"https:\/\/avrupapress.com\/main\/2022\/05\/19\/eskisehir-fatih-fen-lisesine-bogazici-universitesi-cevre-odullerinde-buec-tesvik-odulu-verildi\/#article","isPartOf":{"@id":"https:\/\/avrupapress.com\/main\/2022\/05\/19\/eskisehir-fatih-fen-lisesine-bogazici-universitesi-cevre-odullerinde-buec-tesvik-odulu-verildi\/"},"author":{"name":"Edit\u00f6r","@id":"https:\/\/avrupapress.com\/#\/schema\/person\/68428444ec60970d1e1b700cf4ca1e8f"},"headline":"Eski\u015fehir Fatih Fen Lisesi\u2019ne, Bo\u011fazi\u00e7i \u00dcniversitesi \u00c7evre \u00d6d\u00fclleri\u2019nde \u2018\u2019BUEC Te\u015fvik \u00d6d\u00fcl\u00fc\u2019 verildi","datePublished":"2022-05-19T20:43:50+00:00","dateModified":"2022-05-19T20:44:01+00:00","mainEntityOfPage":{"@id":"https:\/\/avrupapress.com\/main\/2022\/05\/19\/eskisehir-fatih-fen-lisesine-bogazici-universitesi-cevre-odullerinde-buec-tesvik-odulu-verildi\/"},"wordCount":251,"publisher":{"@id":"https:\/\/avrupapress.com\/#\/schema\/person\/0223dca19c72c43575bf30d1a2d8f4fa"},"image":{"@id":"https:\/\/avrupapress.com\/main\/2022\/05\/19\/eskisehir-fatih-fen-lisesine-bogazici-universitesi-cevre-odullerinde-buec-tesvik-odulu-verildi\/#primaryimage"},"thumbnailUrl":"https:\/\/avrupapress.com\/main\/wp-content\/uploads\/2022\/05\/thumbnail_1.jpg","articleSection":["Avrupa","Bel\u00e7ika","D\u00fcnya","Ekonomi","K\u00fclt\u00fcr-Sanat","Spor","Tan\u0131t\u0131m","T\u00fcrkiye"],"inLanguage":"fr-BE"},{"@type":"WebPage","@id":"https:\/\/avrupapress.com\/main\/2022\/05\/19\/eskisehir-fatih-fen-lisesine-bogazici-universitesi-cevre-odullerinde-buec-tesvik-odulu-verildi\/","url":"https:\/\/avrupapress.com\/main\/2022\/05\/19\/eskisehir-fatih-fen-lisesine-bogazici-universitesi-cevre-odullerinde-buec-tesvik-odulu-verildi\/","name":"Eski\u015fehir Fatih Fen Lisesi\u2019ne, Bo\u011fazi\u00e7i \u00dcniversitesi \u00c7evre \u00d6d\u00fclleri\u2019nde \u2018\u2019BUEC Te\u015fvik \u00d6d\u00fcl\u00fc\u2019 verildi - AvrupaPress","isPartOf":{"@id":"https:\/\/avrupapress.com\/#website"},"primaryImageOfPage":{"@id":"https:\/\/avrupapress.com\/main\/2022\/05\/19\/eskisehir-fatih-fen-lisesine-bogazici-universitesi-cevre-odullerinde-buec-tesvik-odulu-verildi\/#primaryimage"},"image":{"@id":"https:\/\/avrupapress.com\/main\/2022\/05\/19\/eskisehir-fatih-fen-lisesine-bogazici-universitesi-cevre-odullerinde-buec-tesvik-odulu-verildi\/#primaryimage"},"thumbnailUrl":"https:\/\/avrupapress.com\/main\/wp-content\/uploads\/2022\/05\/thumbnail_1.jpg","datePublished":"2022-05-19T20:43:50+00:00","dateModified":"2022-05-19T20:44:01+00:00","breadcrumb":{"@id":"https:\/\/avrupapress.com\/main\/2022\/05\/19\/eskisehir-fatih-fen-lisesine-bogazici-universitesi-cevre-odullerinde-buec-tesvik-odulu-verildi\/#breadcrumb"},"inLanguage":"fr-BE","potentialAction":[{"@type":"ReadAction","target":["https:\/\/avrupapress.com\/main\/2022\/05\/19\/eskisehir-fatih-fen-lisesine-bogazici-universitesi-cevre-odullerinde-buec-tesvik-odulu-verildi\/"]}]},{"@type":"ImageObject","inLanguage":"fr-BE","@id":"https:\/\/avrupapress.com\/main\/2022\/05\/19\/eskisehir-fatih-fen-lisesine-bogazici-universitesi-cevre-odullerinde-buec-tesvik-odulu-verildi\/#primaryimage","url":"https:\/\/avrupapress.com\/main\/wp-content\/uploads\/2022\/05\/thumbnail_1.jpg","contentUrl":"https:\/\/avrupapress.com\/main\/wp-content\/uploads\/2022\/05\/thumbnail_1.jpg","width":640,"height":586},{"@type":"BreadcrumbList","@id":"https:\/\/avrupapress.com\/main\/2022\/05\/19\/eskisehir-fatih-fen-lisesine-bogazici-universitesi-cevre-odullerinde-buec-tesvik-odulu-verildi\/#breadcrumb","itemListElement":[{"@type":"ListItem","position":1,"name":"Anasayfa","item":"https:\/\/avrupapress.com\/"},{"@type":"ListItem","position":2,"name":"Eski\u015fehir Fatih Fen Lisesi\u2019ne, Bo\u011fazi\u00e7i \u00dcniversitesi \u00c7evre \u00d6d\u00fclleri\u2019nde \u2018\u2019BUEC Te\u015fvik \u00d6d\u00fcl\u00fc\u2019 verildi"}]},{"@type":"WebSite","@id":"https:\/\/avrupapress.com\/#website","url":"https:\/\/avrupapress.com\/","name":"AvrupaPress","description":"Haberin Adresi","publisher":{"@id":"https:\/\/avrupapress.com\/#\/schema\/person\/0223dca19c72c43575bf30d1a2d8f4fa"},"potentialAction":[{"@type":"SearchAction","target":{"@type":"EntryPoint","urlTemplate":"https:\/\/avrupapress.com\/?s={search_term_string}"},"query-input":{"@type":"PropertyValueSpecification","valueRequired":true,"valueName":"search_term_string"}}],"inLanguage":"fr-BE"},{"@type":["Person","Organization"],"@id":"https:\/\/avrupapress.com\/#\/schema\/person\/0223dca19c72c43575bf30d1a2d8f4fa","name":"Bilgin \u00d6z\u00e7ift\u00e7i","image":{"@type":"ImageObject","inLanguage":"fr-BE","@id":"https:\/\/avrupapress.com\/#\/schema\/person\/image\/","url":"https:\/\/secure.gravatar.com\/avatar\/0f23b280433a21e1ea7a0adcc46ed0ad16afe3ad8e630fd13d8a017dcbd54ef3?s=96&d=mm&r=g","contentUrl":"https:\/\/secure.gravatar.com\/avatar\/0f23b280433a21e1ea7a0adcc46ed0ad16afe3ad8e630fd13d8a017dcbd54ef3?s=96&d=mm&r=g","caption":"Bilgin \u00d6z\u00e7ift\u00e7i"},"logo":{"@id":"https:\/\/avrupapress.com\/#\/schema\/person\/image\/"},"description":"Ne ben, nede sen... Biz ancak \"biz\" olursak g\u00fc\u00e7l\u00fc olabiliriz"},{"@type":"Person","@id":"https:\/\/avrupapress.com\/#\/schema\/person\/68428444ec60970d1e1b700cf4ca1e8f","name":"Edit\u00f6r","image":{"@type":"ImageObject","inLanguage":"fr-BE","@id":"https:\/\/avrupapress.com\/#\/schema\/person\/image\/","url":"https:\/\/secure.gravatar.com\/avatar\/74996b0977aa5f1559ba9883776652508b229005c0d78fb2597897f0bd651c09?s=96&d=mm&r=g","contentUrl":"https:\/\/secure.gravatar.com\/avatar\/74996b0977aa5f1559ba9883776652508b229005c0d78fb2597897f0bd651c09?s=96&d=mm&r=g","caption":"Edit\u00f6r"},"sameAs":["http:\/\/www.avrupapress.com"],"url":"https:\/\/avrupapress.com\/main\/author\/editor\/"}]}},"_links":{"self":[{"href":"https:\/\/avrupapress.com\/main\/wp-json\/wp\/v2\/posts\/18951","targetHints":{"allow":["GET"]}}],"collection":[{"href":"https:\/\/avrupapress.com\/main\/wp-json\/wp\/v2\/posts"}],"about":[{"href":"https:\/\/avrupapress.com\/main\/wp-json\/wp\/v2\/types\/post"}],"author":[{"embeddable":true,"href":"https:\/\/avrupapress.com\/main\/wp-json\/wp\/v2\/users\/3"}],"replies":[{"embeddable":true,"href":"https:\/\/avrupapress.com\/main\/wp-json\/wp\/v2\/comments?post=18951"}],"version-history":[{"count":1,"href":"https:\/\/avrupapress.com\/main\/wp-json\/wp\/v2\/posts\/18951\/revisions"}],"predecessor-version":[{"id":18956,"href":"https:\/\/avrupapress.com\/main\/wp-json\/wp\/v2\/posts\/18951\/revisions\/18956"}],"wp:featuredmedia":[{"embeddable":true,"href":"https:\/\/avrupapress.com\/main\/wp-json\/wp\/v2\/media\/18952"}],"wp:attachment":[{"href":"https:\/\/avrupapress.com\/main\/wp-json\/wp\/v2\/media?parent=18951"}],"wp:term":[{"taxonomy":"category","embeddable":true,"href":"https:\/\/avrupapress.com\/main\/wp-json\/wp\/v2\/categories?post=18951"},{"taxonomy":"post_tag","embeddable":true,"href":"https:\/\/avrupapress.com\/main\/wp-json\/wp\/v2\/tags?post=18951"}],"curies":[{"name":"wp","href":"https:\/\/api.w.org\/{rel}","templated":true}]}}