{"id":18943,"date":"2022-05-19T20:37:07","date_gmt":"2022-05-19T20:37:07","guid":{"rendered":"https:\/\/avrupapress.com\/main\/?p=18943"},"modified":"2022-05-19T20:37:16","modified_gmt":"2022-05-19T20:37:16","slug":"yunus-emre-mesleki-ve-teknik-anadolu-lisesi-koordinatorlugunde-yurutulen-erasmus-projesi-tanitim-toplantisi-gerceklestirildi","status":"publish","type":"post","link":"https:\/\/avrupapress.com\/main\/2022\/05\/19\/yunus-emre-mesleki-ve-teknik-anadolu-lisesi-koordinatorlugunde-yurutulen-erasmus-projesi-tanitim-toplantisi-gerceklestirildi\/","title":{"rendered":"Yunus Emre Mesleki ve Teknik Anadolu Lisesi koordinat\u00f6rl\u00fc\u011f\u00fcnde y\u00fcr\u00fct\u00fclen \u2018Erasmus+ projesi\u2019 tan\u0131t\u0131m toplant\u0131s\u0131 ger\u00e7ekle\u015ftirildi"},"content":{"rendered":"<p class=\"x_gmail-Default\"><span class=\"x_gmail-markedcontent\">Yunus Emre Mesleki ve Teknik Anadolu Lisesi koordinat\u00f6rl\u00fc\u011f\u00fcnde y\u00fcr\u00fct\u00fclen \u2018<\/span>Meslek Liseleri Elektrik-Elektronik \u00d6\u011fretmenleri \u0130\u00e7in, 3D Bask\u0131 E\u011fitim Mod\u00fcl\u00fc Tasarlama\u2019 isimli \u2018Erasmus+ projesinin\u2019 tan\u0131t\u0131m toplant\u0131s\u0131 Ali G\u00fcven Mesleki ve Teknik Anadolu Lisesi okul salonunda ger\u00e7ekle\u015ftirildi.<\/p>\n<p class=\"x_gmail-Default\"><span class=\"x_gmail-markedcontent\">Ger\u00e7ekle\u015ftirilen toplant\u0131ya Eski\u015fehir \u0130l ve \u0130l\u00e7e Milli E\u011fitim y\u00f6neticileri, okul m\u00fcd\u00fcrleri, meslek lisesi \u00f6\u011fretmenleri, \u00f6\u011fretim \u00fcyeleri, sanayi kurulu\u015flar\u0131ndan e\u011fitmenler, \u00f6\u011frenciler ve 3D\u00a0<\/span>bask\u0131 teknolojisi ile ilgilenen kullan\u0131c\u0131lar kat\u0131ld\u0131lar.<\/p>\n<p class=\"x_gmail-Default\">\u2018Meslek Liselerindeki Elektrik-Elektronik \u00d6\u011fretmenleri \u0130\u00e7in, 3D Bask\u0131 E\u011fitim Mod\u00fclleri\u2019 isimli Yunus Emre Mesleki ve Teknik Anadolu Lisesi taraf\u0131ndan y\u00fcr\u00fct\u00fclen proje; \u2018AB Komisyonu Erasmus+ program\u0131\u2019 taraf\u0131ndan finanse edilmi\u015ftir ve b\u00fct\u00e7esi 148.100 Avro\u2019dur.<\/p>\n<p class=\"x_gmail-Default\"><span class=\"x_gmail-markedcontent\">Tan\u0131t\u0131m toplant\u0131s\u0131 kapsam\u0131nda; proje ve online \u00f6\u011frenme platformu tan\u0131t\u0131m\u0131 yap\u0131larak \u00a0\u00a03D uygulama seans\u0131 ger\u00e7ekle\u015ftirildi.\u00a0<\/span>Ger\u00e7ekle\u015ftirilen projenin \u00e7\u0131kt\u0131lar\u0131; ECVET Tabanl\u0131 Bilgi ve Beceri \u0130lerleme \u00c7er\u00e7evesi, Meslek Liseleri Elektrik-Elektronik b\u00f6l\u00fcm\u00fc i\u00e7in, 3D bask\u0131 e\u011fitim mod\u00fcl\u00fcn\u00fcn olu\u015fturulmas\u0131 ve 3D bask\u0131 e\u011fitim mod\u00fcl\u00fc \u00e7evrimi\u00e7i \u00f6\u011frenme platformudur.<\/p>\n<p class=\"x_gmail-Default\">Projenin uluslararas\u0131 ortaklar\u0131:\u00a0Kaunas Bilim ve Teknoloji Park\u0131,Kaunas, Litvanya, Lugoj Aurel Vlaicu Teknik Lisesi, Lugoj, Romanya, VAEV, Viyana, Avusturya, Uluslaras\u0131 Mesleki E\u011fitim ve \u00d6\u011fretim Ara\u015ft\u0131rma ve Geli\u015ftirme Derne\u011fi, \u0130stanbul, T\u00fcrkiye, ITIS Fermi &#8211; Gadda Teknik Lisesi, Napoli, \u0130talya\u2019d\u0131r.<\/p>\n<p class=\"x_gmail-Default\"><span class=\"x_gmail-markedcontent\">\u00a0<\/span><\/p>\n<p class=\"x_gmail-Default\"><span class=\"x_gmail-markedcontent\">Toplant\u0131da davetli konu\u015fmac\u0131; Nolega End\u00fcstriyel 3D Printer Teknolojileri y\u00f6neticisi \u00c7a\u011f\u0131l Aytekin taraf\u0131ndan 3D teknolojilerinin d\u00fcnya ve T\u00fcrkiye\u2019deki durumu ve geli\u015fimi konusunda end\u00fcstriyel birikimlerini kat\u0131l\u0131mc\u0131lar ile payla\u015ft\u0131.<\/span><\/p>\n<p class=\"x_gmail-Default\">Proje koordinat\u00f6r\u00fc Serkan Elver; KA202 tipi Mesleki E\u011fitim ve \u00d6\u011fretim \u0130\u00e7in Stratejik Ortakl\u0131k kapsam\u0131nda ger\u00e7ekle\u015ftirilen proje tan\u0131t\u0131m\u0131n\u0131 yapt\u0131.<\/p>\n<p class=\"x_gmail-Default\">Projenin Avusturya orta\u011f\u0131 olan VAEV\u2019den Marco Roux proje ara\u015ft\u0131rmac\u0131s\u0131; projenin 6 dilde haz\u0131rlanan, \u00fccretsiz online \u00f6\u011frenme platformunu tan\u0131t\u0131m\u0131n\u0131 yaparak proje \u00e7\u0131kt\u0131lar\u0131n\u0131 anlatt\u0131.<\/p>\n<p class=\"x_gmail-Default\">Uygulama faaliyeti; proje teknisyeni Muammer \u0130\u015fbilir taraf\u0131ndan 3D kullan\u0131c\u0131lar\u0131na verildi. Toplant\u0131 sonunda kat\u0131l\u0131mc\u0131lara; tan\u0131t\u0131m toplant\u0131s\u0131 \u2018kat\u0131l\u0131m sertifikas\u0131\u2019 verildi.<\/p>\n<p class=\"x_gmail-Default\" aria-hidden=\"true\"><img loading=\"lazy\" decoding=\"async\" class=\"alignnone size-medium wp-image-18944\" src=\"https:\/\/avrupapress.com\/main\/wp-content\/uploads\/2022\/05\/2-300x169.jpg\" alt=\"\" width=\"300\" height=\"169\" srcset=\"https:\/\/avrupapress.com\/main\/wp-content\/uploads\/2022\/05\/2-300x169.jpg 300w, https:\/\/avrupapress.com\/main\/wp-content\/uploads\/2022\/05\/2-1024x576.jpg 1024w, https:\/\/avrupapress.com\/main\/wp-content\/uploads\/2022\/05\/2-768x432.jpg 768w, https:\/\/avrupapress.com\/main\/wp-content\/uploads\/2022\/05\/2-1536x864.jpg 1536w, https:\/\/avrupapress.com\/main\/wp-content\/uploads\/2022\/05\/2-740x420.jpg 740w, https:\/\/avrupapress.com\/main\/wp-content\/uploads\/2022\/05\/2.jpg 1599w\" sizes=\"auto, (max-width: 300px) 100vw, 300px\" \/><\/p>\n<p aria-hidden=\"true\"><img loading=\"lazy\" decoding=\"async\" class=\"alignnone size-medium wp-image-18945\" src=\"https:\/\/avrupapress.com\/main\/wp-content\/uploads\/2022\/05\/1-4-300x225.jpg\" alt=\"\" width=\"300\" height=\"225\" srcset=\"https:\/\/avrupapress.com\/main\/wp-content\/uploads\/2022\/05\/1-4-300x225.jpg 300w, https:\/\/avrupapress.com\/main\/wp-content\/uploads\/2022\/05\/1-4-768x576.jpg 768w, https:\/\/avrupapress.com\/main\/wp-content\/uploads\/2022\/05\/1-4.jpg 1024w\" sizes=\"auto, (max-width: 300px) 100vw, 300px\" \/><\/p>\n<p aria-hidden=\"true\"><img loading=\"lazy\" decoding=\"async\" class=\"alignnone size-medium wp-image-18946\" src=\"https:\/\/avrupapress.com\/main\/wp-content\/uploads\/2022\/05\/5-2-300x225.jpg\" alt=\"\" width=\"300\" height=\"225\" srcset=\"https:\/\/avrupapress.com\/main\/wp-content\/uploads\/2022\/05\/5-2-300x225.jpg 300w, https:\/\/avrupapress.com\/main\/wp-content\/uploads\/2022\/05\/5-2-768x576.jpg 768w, https:\/\/avrupapress.com\/main\/wp-content\/uploads\/2022\/05\/5-2.jpg 1024w\" sizes=\"auto, (max-width: 300px) 100vw, 300px\" \/><\/p>\n<p aria-hidden=\"true\"><img loading=\"lazy\" decoding=\"async\" class=\"alignnone size-medium wp-image-18947\" src=\"https:\/\/avrupapress.com\/main\/wp-content\/uploads\/2022\/05\/3-2-300x169.jpg\" alt=\"\" width=\"300\" height=\"169\" srcset=\"https:\/\/avrupapress.com\/main\/wp-content\/uploads\/2022\/05\/3-2-300x169.jpg 300w, https:\/\/avrupapress.com\/main\/wp-content\/uploads\/2022\/05\/3-2-1024x576.jpg 1024w, https:\/\/avrupapress.com\/main\/wp-content\/uploads\/2022\/05\/3-2-768x432.jpg 768w, https:\/\/avrupapress.com\/main\/wp-content\/uploads\/2022\/05\/3-2-1536x864.jpg 1536w, https:\/\/avrupapress.com\/main\/wp-content\/uploads\/2022\/05\/3-2-740x420.jpg 740w, https:\/\/avrupapress.com\/main\/wp-content\/uploads\/2022\/05\/3-2.jpg 1599w\" sizes=\"auto, (max-width: 300px) 100vw, 300px\" \/><\/p>\n<p aria-hidden=\"true\"><img loading=\"lazy\" decoding=\"async\" class=\"alignnone size-medium wp-image-18948\" src=\"https:\/\/avrupapress.com\/main\/wp-content\/uploads\/2022\/05\/4-300x169.jpg\" alt=\"\" width=\"300\" height=\"169\" srcset=\"https:\/\/avrupapress.com\/main\/wp-content\/uploads\/2022\/05\/4-300x169.jpg 300w, https:\/\/avrupapress.com\/main\/wp-content\/uploads\/2022\/05\/4-1024x576.jpg 1024w, https:\/\/avrupapress.com\/main\/wp-content\/uploads\/2022\/05\/4-768x432.jpg 768w, https:\/\/avrupapress.com\/main\/wp-content\/uploads\/2022\/05\/4-1536x864.jpg 1536w, https:\/\/avrupapress.com\/main\/wp-content\/uploads\/2022\/05\/4-740x420.jpg 740w, https:\/\/avrupapress.com\/main\/wp-content\/uploads\/2022\/05\/4.jpg 1599w\" sizes=\"auto, (max-width: 300px) 100vw, 300px\" \/><\/p>\n<p class=\"x_MsoNormal\"><a id=\"LPlnk841643\" name=\"x__Hlk103855487\"><\/a><b>HABER \/ FOTO\u011eRAF: ERTU\u011eRUL ALTINEL \u2013 B\u0130LG\u0130N \u00d6Z\u00c7\u0130FT\u00c7\u0130 \u2013 AVRUPAPRESS \u2013 BEL\u00c7\u0130KA<\/b><\/p>\n","protected":false},"excerpt":{"rendered":"<p>Yunus Emre Mesleki ve Teknik Anadolu Lisesi koordinat\u00f6rl\u00fc\u011f\u00fcnde y\u00fcr\u00fct\u00fclen \u2018Meslek Liseleri Elektrik-Elektronik \u00d6\u011fretmenleri \u0130\u00e7in, 3D Bask\u0131 E\u011fitim Mod\u00fcl\u00fc Tasarlama\u2019 isimli \u2018Erasmus+ projesinin\u2019 tan\u0131t\u0131m toplant\u0131s\u0131 Ali G\u00fcven Mesleki ve Teknik Anadolu Lisesi okul salonunda ger\u00e7ekle\u015ftirildi. Ger\u00e7ekle\u015ftirilen toplant\u0131ya Eski\u015fehir \u0130l ve \u0130l\u00e7e Milli E\u011fitim y\u00f6neticileri, okul m\u00fcd\u00fcrleri, meslek lisesi \u00f6\u011fretmenleri, \u00f6\u011fretim \u00fcyeleri, sanayi kurulu\u015flar\u0131ndan e\u011fitmenler, \u00f6\u011frenciler ve [&hellip;]<\/p>\n","protected":false},"author":3,"featured_media":18944,"comment_status":"closed","ping_status":"open","sticky":false,"template":"","format":"standard","meta":{"footnotes":""},"categories":[14,16,3,18,19,2],"tags":[],"class_list":["post-18943","post","type-post","status-publish","format-standard","has-post-thumbnail","hentry","category-avrupa","category-belcika","category-dunya","category-kultur-sanat","category-tanitim","category-turkiye"],"yoast_head":"<!-- This site is optimized with the Yoast SEO plugin v26.9 - https:\/\/yoast.com\/product\/yoast-seo-wordpress\/ -->\n<title>Yunus Emre Mesleki ve Teknik Anadolu Lisesi koordinat\u00f6rl\u00fc\u011f\u00fcnde y\u00fcr\u00fct\u00fclen \u2018Erasmus+ projesi\u2019 tan\u0131t\u0131m toplant\u0131s\u0131 ger\u00e7ekle\u015ftirildi - AvrupaPress<\/title>\n<meta name=\"robots\" content=\"index, follow, max-snippet:-1, max-image-preview:large, max-video-preview:-1\" \/>\n<link rel=\"canonical\" href=\"https:\/\/avrupapress.com\/main\/2022\/05\/19\/yunus-emre-mesleki-ve-teknik-anadolu-lisesi-koordinatorlugunde-yurutulen-erasmus-projesi-tanitim-toplantisi-gerceklestirildi\/\" \/>\n<meta property=\"og:locale\" content=\"fr_FR\" \/>\n<meta property=\"og:type\" content=\"article\" \/>\n<meta property=\"og:title\" content=\"Yunus Emre Mesleki ve Teknik Anadolu Lisesi koordinat\u00f6rl\u00fc\u011f\u00fcnde y\u00fcr\u00fct\u00fclen \u2018Erasmus+ projesi\u2019 tan\u0131t\u0131m toplant\u0131s\u0131 ger\u00e7ekle\u015ftirildi - AvrupaPress\" \/>\n<meta property=\"og:description\" content=\"Yunus Emre Mesleki ve Teknik Anadolu Lisesi koordinat\u00f6rl\u00fc\u011f\u00fcnde y\u00fcr\u00fct\u00fclen \u2018Meslek Liseleri Elektrik-Elektronik \u00d6\u011fretmenleri \u0130\u00e7in, 3D Bask\u0131 E\u011fitim Mod\u00fcl\u00fc Tasarlama\u2019 isimli \u2018Erasmus+ projesinin\u2019 tan\u0131t\u0131m toplant\u0131s\u0131 Ali G\u00fcven Mesleki ve Teknik Anadolu Lisesi okul salonunda ger\u00e7ekle\u015ftirildi. Ger\u00e7ekle\u015ftirilen toplant\u0131ya Eski\u015fehir \u0130l ve \u0130l\u00e7e Milli E\u011fitim y\u00f6neticileri, okul m\u00fcd\u00fcrleri, meslek lisesi \u00f6\u011fretmenleri, \u00f6\u011fretim \u00fcyeleri, sanayi kurulu\u015flar\u0131ndan e\u011fitmenler, \u00f6\u011frenciler ve [&hellip;]\" \/>\n<meta property=\"og:url\" content=\"https:\/\/avrupapress.com\/main\/2022\/05\/19\/yunus-emre-mesleki-ve-teknik-anadolu-lisesi-koordinatorlugunde-yurutulen-erasmus-projesi-tanitim-toplantisi-gerceklestirildi\/\" \/>\n<meta property=\"og:site_name\" content=\"AvrupaPress\" \/>\n<meta property=\"article:published_time\" content=\"2022-05-19T20:37:07+00:00\" \/>\n<meta property=\"article:modified_time\" content=\"2022-05-19T20:37:16+00:00\" \/>\n<meta property=\"og:image\" content=\"https:\/\/avrupapress.com\/main\/wp-content\/uploads\/2022\/05\/2.jpg\" \/>\n\t<meta property=\"og:image:width\" content=\"1599\" \/>\n\t<meta property=\"og:image:height\" content=\"899\" \/>\n\t<meta property=\"og:image:type\" content=\"image\/jpeg\" \/>\n<meta name=\"author\" content=\"Edit\u00f6r\" \/>\n<meta name=\"twitter:card\" content=\"summary_large_image\" \/>\n<meta name=\"twitter:label1\" content=\"\u00c9crit par\" \/>\n\t<meta name=\"twitter:data1\" content=\"Edit\u00f6r\" \/>\n\t<meta name=\"twitter:label2\" content=\"Dur\u00e9e de lecture est.\" \/>\n\t<meta name=\"twitter:data2\" content=\"3 minutes\" \/>\n<script type=\"application\/ld+json\" class=\"yoast-schema-graph\">{\"@context\":\"https:\/\/schema.org\",\"@graph\":[{\"@type\":\"Article\",\"@id\":\"https:\/\/avrupapress.com\/main\/2022\/05\/19\/yunus-emre-mesleki-ve-teknik-anadolu-lisesi-koordinatorlugunde-yurutulen-erasmus-projesi-tanitim-toplantisi-gerceklestirildi\/#article\",\"isPartOf\":{\"@id\":\"https:\/\/avrupapress.com\/main\/2022\/05\/19\/yunus-emre-mesleki-ve-teknik-anadolu-lisesi-koordinatorlugunde-yurutulen-erasmus-projesi-tanitim-toplantisi-gerceklestirildi\/\"},\"author\":{\"name\":\"Edit\u00f6r\",\"@id\":\"https:\/\/avrupapress.com\/#\/schema\/person\/68428444ec60970d1e1b700cf4ca1e8f\"},\"headline\":\"Yunus Emre Mesleki ve Teknik Anadolu Lisesi koordinat\u00f6rl\u00fc\u011f\u00fcnde y\u00fcr\u00fct\u00fclen \u2018Erasmus+ projesi\u2019 tan\u0131t\u0131m toplant\u0131s\u0131 ger\u00e7ekle\u015ftirildi\",\"datePublished\":\"2022-05-19T20:37:07+00:00\",\"dateModified\":\"2022-05-19T20:37:16+00:00\",\"mainEntityOfPage\":{\"@id\":\"https:\/\/avrupapress.com\/main\/2022\/05\/19\/yunus-emre-mesleki-ve-teknik-anadolu-lisesi-koordinatorlugunde-yurutulen-erasmus-projesi-tanitim-toplantisi-gerceklestirildi\/\"},\"wordCount\":412,\"publisher\":{\"@id\":\"https:\/\/avrupapress.com\/#\/schema\/person\/0223dca19c72c43575bf30d1a2d8f4fa\"},\"image\":{\"@id\":\"https:\/\/avrupapress.com\/main\/2022\/05\/19\/yunus-emre-mesleki-ve-teknik-anadolu-lisesi-koordinatorlugunde-yurutulen-erasmus-projesi-tanitim-toplantisi-gerceklestirildi\/#primaryimage\"},\"thumbnailUrl\":\"https:\/\/avrupapress.com\/main\/wp-content\/uploads\/2022\/05\/2.jpg\",\"articleSection\":[\"Avrupa\",\"Bel\u00e7ika\",\"D\u00fcnya\",\"K\u00fclt\u00fcr-Sanat\",\"Tan\u0131t\u0131m\",\"T\u00fcrkiye\"],\"inLanguage\":\"fr-BE\"},{\"@type\":\"WebPage\",\"@id\":\"https:\/\/avrupapress.com\/main\/2022\/05\/19\/yunus-emre-mesleki-ve-teknik-anadolu-lisesi-koordinatorlugunde-yurutulen-erasmus-projesi-tanitim-toplantisi-gerceklestirildi\/\",\"url\":\"https:\/\/avrupapress.com\/main\/2022\/05\/19\/yunus-emre-mesleki-ve-teknik-anadolu-lisesi-koordinatorlugunde-yurutulen-erasmus-projesi-tanitim-toplantisi-gerceklestirildi\/\",\"name\":\"Yunus Emre Mesleki ve Teknik Anadolu Lisesi koordinat\u00f6rl\u00fc\u011f\u00fcnde y\u00fcr\u00fct\u00fclen \u2018Erasmus+ projesi\u2019 tan\u0131t\u0131m toplant\u0131s\u0131 ger\u00e7ekle\u015ftirildi - AvrupaPress\",\"isPartOf\":{\"@id\":\"https:\/\/avrupapress.com\/#website\"},\"primaryImageOfPage\":{\"@id\":\"https:\/\/avrupapress.com\/main\/2022\/05\/19\/yunus-emre-mesleki-ve-teknik-anadolu-lisesi-koordinatorlugunde-yurutulen-erasmus-projesi-tanitim-toplantisi-gerceklestirildi\/#primaryimage\"},\"image\":{\"@id\":\"https:\/\/avrupapress.com\/main\/2022\/05\/19\/yunus-emre-mesleki-ve-teknik-anadolu-lisesi-koordinatorlugunde-yurutulen-erasmus-projesi-tanitim-toplantisi-gerceklestirildi\/#primaryimage\"},\"thumbnailUrl\":\"https:\/\/avrupapress.com\/main\/wp-content\/uploads\/2022\/05\/2.jpg\",\"datePublished\":\"2022-05-19T20:37:07+00:00\",\"dateModified\":\"2022-05-19T20:37:16+00:00\",\"breadcrumb\":{\"@id\":\"https:\/\/avrupapress.com\/main\/2022\/05\/19\/yunus-emre-mesleki-ve-teknik-anadolu-lisesi-koordinatorlugunde-yurutulen-erasmus-projesi-tanitim-toplantisi-gerceklestirildi\/#breadcrumb\"},\"inLanguage\":\"fr-BE\",\"potentialAction\":[{\"@type\":\"ReadAction\",\"target\":[\"https:\/\/avrupapress.com\/main\/2022\/05\/19\/yunus-emre-mesleki-ve-teknik-anadolu-lisesi-koordinatorlugunde-yurutulen-erasmus-projesi-tanitim-toplantisi-gerceklestirildi\/\"]}]},{\"@type\":\"ImageObject\",\"inLanguage\":\"fr-BE\",\"@id\":\"https:\/\/avrupapress.com\/main\/2022\/05\/19\/yunus-emre-mesleki-ve-teknik-anadolu-lisesi-koordinatorlugunde-yurutulen-erasmus-projesi-tanitim-toplantisi-gerceklestirildi\/#primaryimage\",\"url\":\"https:\/\/avrupapress.com\/main\/wp-content\/uploads\/2022\/05\/2.jpg\",\"contentUrl\":\"https:\/\/avrupapress.com\/main\/wp-content\/uploads\/2022\/05\/2.jpg\",\"width\":1599,\"height\":899},{\"@type\":\"BreadcrumbList\",\"@id\":\"https:\/\/avrupapress.com\/main\/2022\/05\/19\/yunus-emre-mesleki-ve-teknik-anadolu-lisesi-koordinatorlugunde-yurutulen-erasmus-projesi-tanitim-toplantisi-gerceklestirildi\/#breadcrumb\",\"itemListElement\":[{\"@type\":\"ListItem\",\"position\":1,\"name\":\"Anasayfa\",\"item\":\"https:\/\/avrupapress.com\/\"},{\"@type\":\"ListItem\",\"position\":2,\"name\":\"Yunus Emre Mesleki ve Teknik Anadolu Lisesi koordinat\u00f6rl\u00fc\u011f\u00fcnde y\u00fcr\u00fct\u00fclen \u2018Erasmus+ projesi\u2019 tan\u0131t\u0131m toplant\u0131s\u0131 ger\u00e7ekle\u015ftirildi\"}]},{\"@type\":\"WebSite\",\"@id\":\"https:\/\/avrupapress.com\/#website\",\"url\":\"https:\/\/avrupapress.com\/\",\"name\":\"AvrupaPress\",\"description\":\"Haberin Adresi\",\"publisher\":{\"@id\":\"https:\/\/avrupapress.com\/#\/schema\/person\/0223dca19c72c43575bf30d1a2d8f4fa\"},\"potentialAction\":[{\"@type\":\"SearchAction\",\"target\":{\"@type\":\"EntryPoint\",\"urlTemplate\":\"https:\/\/avrupapress.com\/?s={search_term_string}\"},\"query-input\":{\"@type\":\"PropertyValueSpecification\",\"valueRequired\":true,\"valueName\":\"search_term_string\"}}],\"inLanguage\":\"fr-BE\"},{\"@type\":[\"Person\",\"Organization\"],\"@id\":\"https:\/\/avrupapress.com\/#\/schema\/person\/0223dca19c72c43575bf30d1a2d8f4fa\",\"name\":\"Bilgin \u00d6z\u00e7ift\u00e7i\",\"image\":{\"@type\":\"ImageObject\",\"inLanguage\":\"fr-BE\",\"@id\":\"https:\/\/avrupapress.com\/#\/schema\/person\/image\/\",\"url\":\"https:\/\/secure.gravatar.com\/avatar\/0f23b280433a21e1ea7a0adcc46ed0ad16afe3ad8e630fd13d8a017dcbd54ef3?s=96&d=mm&r=g\",\"contentUrl\":\"https:\/\/secure.gravatar.com\/avatar\/0f23b280433a21e1ea7a0adcc46ed0ad16afe3ad8e630fd13d8a017dcbd54ef3?s=96&d=mm&r=g\",\"caption\":\"Bilgin \u00d6z\u00e7ift\u00e7i\"},\"logo\":{\"@id\":\"https:\/\/avrupapress.com\/#\/schema\/person\/image\/\"},\"description\":\"Ne ben, nede sen... Biz ancak \\\"biz\\\" olursak g\u00fc\u00e7l\u00fc olabiliriz\"},{\"@type\":\"Person\",\"@id\":\"https:\/\/avrupapress.com\/#\/schema\/person\/68428444ec60970d1e1b700cf4ca1e8f\",\"name\":\"Edit\u00f6r\",\"image\":{\"@type\":\"ImageObject\",\"inLanguage\":\"fr-BE\",\"@id\":\"https:\/\/avrupapress.com\/#\/schema\/person\/image\/\",\"url\":\"https:\/\/secure.gravatar.com\/avatar\/74996b0977aa5f1559ba9883776652508b229005c0d78fb2597897f0bd651c09?s=96&d=mm&r=g\",\"contentUrl\":\"https:\/\/secure.gravatar.com\/avatar\/74996b0977aa5f1559ba9883776652508b229005c0d78fb2597897f0bd651c09?s=96&d=mm&r=g\",\"caption\":\"Edit\u00f6r\"},\"sameAs\":[\"http:\/\/www.avrupapress.com\"],\"url\":\"https:\/\/avrupapress.com\/main\/author\/editor\/\"}]}<\/script>\n<!-- \/ Yoast SEO plugin. -->","yoast_head_json":{"title":"Yunus Emre Mesleki ve Teknik Anadolu Lisesi koordinat\u00f6rl\u00fc\u011f\u00fcnde y\u00fcr\u00fct\u00fclen \u2018Erasmus+ projesi\u2019 tan\u0131t\u0131m toplant\u0131s\u0131 ger\u00e7ekle\u015ftirildi - AvrupaPress","robots":{"index":"index","follow":"follow","max-snippet":"max-snippet:-1","max-image-preview":"max-image-preview:large","max-video-preview":"max-video-preview:-1"},"canonical":"https:\/\/avrupapress.com\/main\/2022\/05\/19\/yunus-emre-mesleki-ve-teknik-anadolu-lisesi-koordinatorlugunde-yurutulen-erasmus-projesi-tanitim-toplantisi-gerceklestirildi\/","og_locale":"fr_FR","og_type":"article","og_title":"Yunus Emre Mesleki ve Teknik Anadolu Lisesi koordinat\u00f6rl\u00fc\u011f\u00fcnde y\u00fcr\u00fct\u00fclen \u2018Erasmus+ projesi\u2019 tan\u0131t\u0131m toplant\u0131s\u0131 ger\u00e7ekle\u015ftirildi - AvrupaPress","og_description":"Yunus Emre Mesleki ve Teknik Anadolu Lisesi koordinat\u00f6rl\u00fc\u011f\u00fcnde y\u00fcr\u00fct\u00fclen \u2018Meslek Liseleri Elektrik-Elektronik \u00d6\u011fretmenleri \u0130\u00e7in, 3D Bask\u0131 E\u011fitim Mod\u00fcl\u00fc Tasarlama\u2019 isimli \u2018Erasmus+ projesinin\u2019 tan\u0131t\u0131m toplant\u0131s\u0131 Ali G\u00fcven Mesleki ve Teknik Anadolu Lisesi okul salonunda ger\u00e7ekle\u015ftirildi. Ger\u00e7ekle\u015ftirilen toplant\u0131ya Eski\u015fehir \u0130l ve \u0130l\u00e7e Milli E\u011fitim y\u00f6neticileri, okul m\u00fcd\u00fcrleri, meslek lisesi \u00f6\u011fretmenleri, \u00f6\u011fretim \u00fcyeleri, sanayi kurulu\u015flar\u0131ndan e\u011fitmenler, \u00f6\u011frenciler ve [&hellip;]","og_url":"https:\/\/avrupapress.com\/main\/2022\/05\/19\/yunus-emre-mesleki-ve-teknik-anadolu-lisesi-koordinatorlugunde-yurutulen-erasmus-projesi-tanitim-toplantisi-gerceklestirildi\/","og_site_name":"AvrupaPress","article_published_time":"2022-05-19T20:37:07+00:00","article_modified_time":"2022-05-19T20:37:16+00:00","og_image":[{"width":1599,"height":899,"url":"https:\/\/avrupapress.com\/main\/wp-content\/uploads\/2022\/05\/2.jpg","type":"image\/jpeg"}],"author":"Edit\u00f6r","twitter_card":"summary_large_image","twitter_misc":{"\u00c9crit par":"Edit\u00f6r","Dur\u00e9e de lecture est.":"3 minutes"},"schema":{"@context":"https:\/\/schema.org","@graph":[{"@type":"Article","@id":"https:\/\/avrupapress.com\/main\/2022\/05\/19\/yunus-emre-mesleki-ve-teknik-anadolu-lisesi-koordinatorlugunde-yurutulen-erasmus-projesi-tanitim-toplantisi-gerceklestirildi\/#article","isPartOf":{"@id":"https:\/\/avrupapress.com\/main\/2022\/05\/19\/yunus-emre-mesleki-ve-teknik-anadolu-lisesi-koordinatorlugunde-yurutulen-erasmus-projesi-tanitim-toplantisi-gerceklestirildi\/"},"author":{"name":"Edit\u00f6r","@id":"https:\/\/avrupapress.com\/#\/schema\/person\/68428444ec60970d1e1b700cf4ca1e8f"},"headline":"Yunus Emre Mesleki ve Teknik Anadolu Lisesi koordinat\u00f6rl\u00fc\u011f\u00fcnde y\u00fcr\u00fct\u00fclen \u2018Erasmus+ projesi\u2019 tan\u0131t\u0131m toplant\u0131s\u0131 ger\u00e7ekle\u015ftirildi","datePublished":"2022-05-19T20:37:07+00:00","dateModified":"2022-05-19T20:37:16+00:00","mainEntityOfPage":{"@id":"https:\/\/avrupapress.com\/main\/2022\/05\/19\/yunus-emre-mesleki-ve-teknik-anadolu-lisesi-koordinatorlugunde-yurutulen-erasmus-projesi-tanitim-toplantisi-gerceklestirildi\/"},"wordCount":412,"publisher":{"@id":"https:\/\/avrupapress.com\/#\/schema\/person\/0223dca19c72c43575bf30d1a2d8f4fa"},"image":{"@id":"https:\/\/avrupapress.com\/main\/2022\/05\/19\/yunus-emre-mesleki-ve-teknik-anadolu-lisesi-koordinatorlugunde-yurutulen-erasmus-projesi-tanitim-toplantisi-gerceklestirildi\/#primaryimage"},"thumbnailUrl":"https:\/\/avrupapress.com\/main\/wp-content\/uploads\/2022\/05\/2.jpg","articleSection":["Avrupa","Bel\u00e7ika","D\u00fcnya","K\u00fclt\u00fcr-Sanat","Tan\u0131t\u0131m","T\u00fcrkiye"],"inLanguage":"fr-BE"},{"@type":"WebPage","@id":"https:\/\/avrupapress.com\/main\/2022\/05\/19\/yunus-emre-mesleki-ve-teknik-anadolu-lisesi-koordinatorlugunde-yurutulen-erasmus-projesi-tanitim-toplantisi-gerceklestirildi\/","url":"https:\/\/avrupapress.com\/main\/2022\/05\/19\/yunus-emre-mesleki-ve-teknik-anadolu-lisesi-koordinatorlugunde-yurutulen-erasmus-projesi-tanitim-toplantisi-gerceklestirildi\/","name":"Yunus Emre Mesleki ve Teknik Anadolu Lisesi koordinat\u00f6rl\u00fc\u011f\u00fcnde y\u00fcr\u00fct\u00fclen \u2018Erasmus+ projesi\u2019 tan\u0131t\u0131m toplant\u0131s\u0131 ger\u00e7ekle\u015ftirildi - AvrupaPress","isPartOf":{"@id":"https:\/\/avrupapress.com\/#website"},"primaryImageOfPage":{"@id":"https:\/\/avrupapress.com\/main\/2022\/05\/19\/yunus-emre-mesleki-ve-teknik-anadolu-lisesi-koordinatorlugunde-yurutulen-erasmus-projesi-tanitim-toplantisi-gerceklestirildi\/#primaryimage"},"image":{"@id":"https:\/\/avrupapress.com\/main\/2022\/05\/19\/yunus-emre-mesleki-ve-teknik-anadolu-lisesi-koordinatorlugunde-yurutulen-erasmus-projesi-tanitim-toplantisi-gerceklestirildi\/#primaryimage"},"thumbnailUrl":"https:\/\/avrupapress.com\/main\/wp-content\/uploads\/2022\/05\/2.jpg","datePublished":"2022-05-19T20:37:07+00:00","dateModified":"2022-05-19T20:37:16+00:00","breadcrumb":{"@id":"https:\/\/avrupapress.com\/main\/2022\/05\/19\/yunus-emre-mesleki-ve-teknik-anadolu-lisesi-koordinatorlugunde-yurutulen-erasmus-projesi-tanitim-toplantisi-gerceklestirildi\/#breadcrumb"},"inLanguage":"fr-BE","potentialAction":[{"@type":"ReadAction","target":["https:\/\/avrupapress.com\/main\/2022\/05\/19\/yunus-emre-mesleki-ve-teknik-anadolu-lisesi-koordinatorlugunde-yurutulen-erasmus-projesi-tanitim-toplantisi-gerceklestirildi\/"]}]},{"@type":"ImageObject","inLanguage":"fr-BE","@id":"https:\/\/avrupapress.com\/main\/2022\/05\/19\/yunus-emre-mesleki-ve-teknik-anadolu-lisesi-koordinatorlugunde-yurutulen-erasmus-projesi-tanitim-toplantisi-gerceklestirildi\/#primaryimage","url":"https:\/\/avrupapress.com\/main\/wp-content\/uploads\/2022\/05\/2.jpg","contentUrl":"https:\/\/avrupapress.com\/main\/wp-content\/uploads\/2022\/05\/2.jpg","width":1599,"height":899},{"@type":"BreadcrumbList","@id":"https:\/\/avrupapress.com\/main\/2022\/05\/19\/yunus-emre-mesleki-ve-teknik-anadolu-lisesi-koordinatorlugunde-yurutulen-erasmus-projesi-tanitim-toplantisi-gerceklestirildi\/#breadcrumb","itemListElement":[{"@type":"ListItem","position":1,"name":"Anasayfa","item":"https:\/\/avrupapress.com\/"},{"@type":"ListItem","position":2,"name":"Yunus Emre Mesleki ve Teknik Anadolu Lisesi koordinat\u00f6rl\u00fc\u011f\u00fcnde y\u00fcr\u00fct\u00fclen \u2018Erasmus+ projesi\u2019 tan\u0131t\u0131m toplant\u0131s\u0131 ger\u00e7ekle\u015ftirildi"}]},{"@type":"WebSite","@id":"https:\/\/avrupapress.com\/#website","url":"https:\/\/avrupapress.com\/","name":"AvrupaPress","description":"Haberin Adresi","publisher":{"@id":"https:\/\/avrupapress.com\/#\/schema\/person\/0223dca19c72c43575bf30d1a2d8f4fa"},"potentialAction":[{"@type":"SearchAction","target":{"@type":"EntryPoint","urlTemplate":"https:\/\/avrupapress.com\/?s={search_term_string}"},"query-input":{"@type":"PropertyValueSpecification","valueRequired":true,"valueName":"search_term_string"}}],"inLanguage":"fr-BE"},{"@type":["Person","Organization"],"@id":"https:\/\/avrupapress.com\/#\/schema\/person\/0223dca19c72c43575bf30d1a2d8f4fa","name":"Bilgin \u00d6z\u00e7ift\u00e7i","image":{"@type":"ImageObject","inLanguage":"fr-BE","@id":"https:\/\/avrupapress.com\/#\/schema\/person\/image\/","url":"https:\/\/secure.gravatar.com\/avatar\/0f23b280433a21e1ea7a0adcc46ed0ad16afe3ad8e630fd13d8a017dcbd54ef3?s=96&d=mm&r=g","contentUrl":"https:\/\/secure.gravatar.com\/avatar\/0f23b280433a21e1ea7a0adcc46ed0ad16afe3ad8e630fd13d8a017dcbd54ef3?s=96&d=mm&r=g","caption":"Bilgin \u00d6z\u00e7ift\u00e7i"},"logo":{"@id":"https:\/\/avrupapress.com\/#\/schema\/person\/image\/"},"description":"Ne ben, nede sen... Biz ancak \"biz\" olursak g\u00fc\u00e7l\u00fc olabiliriz"},{"@type":"Person","@id":"https:\/\/avrupapress.com\/#\/schema\/person\/68428444ec60970d1e1b700cf4ca1e8f","name":"Edit\u00f6r","image":{"@type":"ImageObject","inLanguage":"fr-BE","@id":"https:\/\/avrupapress.com\/#\/schema\/person\/image\/","url":"https:\/\/secure.gravatar.com\/avatar\/74996b0977aa5f1559ba9883776652508b229005c0d78fb2597897f0bd651c09?s=96&d=mm&r=g","contentUrl":"https:\/\/secure.gravatar.com\/avatar\/74996b0977aa5f1559ba9883776652508b229005c0d78fb2597897f0bd651c09?s=96&d=mm&r=g","caption":"Edit\u00f6r"},"sameAs":["http:\/\/www.avrupapress.com"],"url":"https:\/\/avrupapress.com\/main\/author\/editor\/"}]}},"_links":{"self":[{"href":"https:\/\/avrupapress.com\/main\/wp-json\/wp\/v2\/posts\/18943","targetHints":{"allow":["GET"]}}],"collection":[{"href":"https:\/\/avrupapress.com\/main\/wp-json\/wp\/v2\/posts"}],"about":[{"href":"https:\/\/avrupapress.com\/main\/wp-json\/wp\/v2\/types\/post"}],"author":[{"embeddable":true,"href":"https:\/\/avrupapress.com\/main\/wp-json\/wp\/v2\/users\/3"}],"replies":[{"embeddable":true,"href":"https:\/\/avrupapress.com\/main\/wp-json\/wp\/v2\/comments?post=18943"}],"version-history":[{"count":2,"href":"https:\/\/avrupapress.com\/main\/wp-json\/wp\/v2\/posts\/18943\/revisions"}],"predecessor-version":[{"id":18950,"href":"https:\/\/avrupapress.com\/main\/wp-json\/wp\/v2\/posts\/18943\/revisions\/18950"}],"wp:featuredmedia":[{"embeddable":true,"href":"https:\/\/avrupapress.com\/main\/wp-json\/wp\/v2\/media\/18944"}],"wp:attachment":[{"href":"https:\/\/avrupapress.com\/main\/wp-json\/wp\/v2\/media?parent=18943"}],"wp:term":[{"taxonomy":"category","embeddable":true,"href":"https:\/\/avrupapress.com\/main\/wp-json\/wp\/v2\/categories?post=18943"},{"taxonomy":"post_tag","embeddable":true,"href":"https:\/\/avrupapress.com\/main\/wp-json\/wp\/v2\/tags?post=18943"}],"curies":[{"name":"wp","href":"https:\/\/api.w.org\/{rel}","templated":true}]}}