{"id":18926,"date":"2022-05-18T18:40:58","date_gmt":"2022-05-18T18:40:58","guid":{"rendered":"https:\/\/avrupapress.com\/main\/?p=18926"},"modified":"2022-05-18T18:41:09","modified_gmt":"2022-05-18T18:41:09","slug":"emek-mi-para-mi","status":"publish","type":"post","link":"https:\/\/avrupapress.com\/main\/2022\/05\/18\/emek-mi-para-mi\/","title":{"rendered":"EMEK M\u0130, PARA MI?"},"content":{"rendered":"<div dir=\"auto\">SOSYAL\u0130ZMDE, B\u0130R TEK BAKI\u015e A\u00c7ISI VAR, bu da EMEK!<\/div>\n<div dir=\"auto\">DEMOKRAS\u0130, KAP\u0130TALL\u0130<\/div>\n<div dir=\"auto\">\u00c7OOKLU BAKI\u015e \u0130STER, paran\u0131n s\u0131n\u0131f farkl\u0131l\u0131\u011f\u0131n\u0131 k\u00f6r\u00fckler&#8230;<\/div>\n<div dir=\"auto\">Kapitalist olmayan bir demokrasi ise yery\u00fcz\u00fcnde yok!<\/div>\n<div dir=\"auto\">Bir SOSYAL\u0130ST, DEMOKRAS\u0130DEN YANA OLMAZ!<\/div>\n<div dir=\"auto\">DEMOKRAS\u0130 DE i\u00e7inde SOSYAL\u0130ZM\u0130 BARINDIRAMAZ!<\/div>\n<div dir=\"auto\">YAN\u0130<\/div>\n<div dir=\"auto\">HEM SOSYAL\u0130ST, HEM DEMOKRAT OLUNAMAZ!<\/div>\n<div dir=\"auto\">KANDIRMAYIN E\u011e\u0130T\u0130MS\u0130ZLER\u0130!<\/div>\n<div dir=\"auto\">deyince ben, gelen bir \u015fakac\u0131 yorum:<\/div>\n<div dir=\"auto\">&lsquo;Valla yapt\u0131\u011f\u0131m i\u015f\u00a0 koyun \u00e7obanl\u0131\u011f\u0131\u00a0 ne oluyorum sizce \ud83e\udd14benim anlayaca\u011f\u0131m dilde\ud83e\udd70l\u00fctfen \ud83e\udd17\ud83e\udd17&rsquo; payla\u015f\u0131m\u0131 yapm\u0131\u015f.<\/div>\n<div dir=\"auto\">Ben de;<\/div>\n<div dir=\"auto\">&lsquo;G\u00fctt\u00fckleriniz koyun ya, siz de \u00e7obanlar\u0131s\u0131n\u0131z! Koyunlar\u0131n\u0131z\u0131n bir k\u0131sm\u0131, \u00fclkenin bu komik ger\u00e7e\u011fini, belki okuyup anlar. B\u00f6ylece kendilerinden daha zeki ve ak\u0131ll\u0131 davranabilen maymun ya da yunus bal\u0131\u011f\u0131n\u0131 \u00f6rnek al\u0131p, s\u0131n\u0131f atlarlar, belli mi olur?<\/div>\n<div dir=\"auto\">O zaman \u00e7oban\u0131 kovacaklar\u0131 i\u00e7in yeriniz sabit ve sa\u011flam de\u011fil, ille de bir s\u00fcr\u00fc g\u00fcdecekseniz; ya yeni ba\u015fka koyunlar bulacak ya kendilerini g\u00fctt\u00fcr\u00fcrse maymun ve yunus olarak de\u011fi\u015fenleri g\u00fctmeye \u00e7abalayacak ya daaaa \u00e7obanl\u0131ktan vaz ge\u00e7eceksiniz!<\/div>\n<div dir=\"auto\">Ak\u0131l edebilirsiniz bunu, koyun olmay\u0131p, \u00e7oban s\u0131n\u0131f\u0131na ula\u015fm\u0131\u015f bir ki\u015fi olarak!<\/div>\n<div dir=\"auto\">\u00c7\u00fcnk\u00fc koyunlar, di\u011fer koyunlar\u0131 g\u00fcdemese de b\u00fcy\u00fck \u00e7obanlar\u0131n, k\u00fc\u00e7\u00fck \u00e7obanlara ihale verebildi\u011fi bir siyasi sistemi kurmu\u015f, S\u0130YAS\u0130 sistem kurucular\u0131m\u0131z!&rsquo; aktar\u0131m\u0131n\u0131 yapt\u0131m.<\/div>\n<div dir=\"auto\">Sosyalizmde s\u0131n\u0131f fark\u0131 olmaz, emek vard\u0131r. Demokrasi, kapitalist olmas\u0131 nedeniyle s\u0131n\u0131fsal farkl\u0131l\u0131\u011f\u0131 k\u00f6r\u00fckler.<\/div>\n<div dir=\"auto\">Cumhuriyet, \u00e7o\u011fulculuk gerektirir, \u00e7o\u011funlu\u011fun y\u00f6netimidir.<\/div>\n<div dir=\"auto\">Sosyalizm ise eme\u011fin y\u00f6netimidir.<\/div>\n<div dir=\"auto\">Kapitalist olmayan bir demokrasi ne yaz\u0131k ki yoktur.<\/div>\n<div dir=\"auto\">T\u00fcm bu nedenlerle hem sosyal hem demokrat olunamaz. B\u00fclent Ecevit gibi hem sosyal hem demokrat hem de ayr\u0131mc\u0131l\u0131\u011f\u0131 k\u00f6r\u00fckleyen milliyet\u00e7i bir ki\u015fi hiii\u00e7 olunmaz.<\/div>\n<div dir=\"auto\">Sosyalizmin eme\u011fe dayal\u0131, tek bir bak\u0131\u015f a\u00e7\u0131s\u0131 oldu\u011fu i\u00e7in ve sosyalizmin k\u00f6keninde halk\u00e7\u0131l\u0131k,\u00a0 laiklik ve devrimcilik bulundu\u011fu i\u00e7in sosyalizmin i\u00e7ine s\u0131\u011farlar ama bir sosyalistin, devleti ve milleti olamaz.<\/div>\n<div dir=\"auto\">\u00c7\u00fcnk\u00fc, devlet ve millet, ayr\u0131mc\u0131l\u0131k i\u00e7erir, gerektirir. Sosyalizm ise emeklerin b\u00fct\u00fcnle\u015fmesidir.<\/div>\n<div dir=\"auto\">Bu nedenle sosyalist olan biri, demokrat ki\u015fi olmaz, bir ki\u015fi demokrat ise kesinlikle sosyalist insan olamaz!<\/div>\n<div dir=\"auto\">D\u00dc\u015e\u00dcNENLER\u0130N D\u00dc\u015e\u00dcNCES\u0130<\/div>\n<div dir=\"auto\"><\/div>\n<div dir=\"auto\"><strong> T\u00dcLAY S\u00dcK\u00dcN\u00a0 \/\u00a0 AVRUPAPRESS<\/strong><\/div>\n","protected":false},"excerpt":{"rendered":"<p>SOSYAL\u0130ZMDE, B\u0130R TEK BAKI\u015e A\u00c7ISI VAR, bu da EMEK! DEMOKRAS\u0130, KAP\u0130TALL\u0130 \u00c7OOKLU BAKI\u015e \u0130STER, paran\u0131n s\u0131n\u0131f farkl\u0131l\u0131\u011f\u0131n\u0131 k\u00f6r\u00fckler&#8230; Kapitalist olmayan bir demokrasi ise yery\u00fcz\u00fcnde yok! Bir SOSYAL\u0130ST, DEMOKRAS\u0130DEN YANA OLMAZ! DEMOKRAS\u0130 DE i\u00e7inde SOSYAL\u0130ZM\u0130 BARINDIRAMAZ! YAN\u0130 HEM SOSYAL\u0130ST, HEM DEMOKRAT OLUNAMAZ! KANDIRMAYIN E\u011e\u0130T\u0130MS\u0130ZLER\u0130! deyince ben, gelen bir \u015fakac\u0131 yorum: &lsquo;Valla yapt\u0131\u011f\u0131m i\u015f\u00a0 koyun \u00e7obanl\u0131\u011f\u0131\u00a0 ne [&hellip;]<\/p>\n","protected":false},"author":3,"featured_media":18927,"comment_status":"closed","ping_status":"open","sticky":false,"template":"","format":"standard","meta":{"footnotes":""},"categories":[14,16,3,17,18,19,2],"tags":[],"class_list":["post-18926","post","type-post","status-publish","format-standard","has-post-thumbnail","hentry","category-avrupa","category-belcika","category-dunya","category-ekonomi","category-kultur-sanat","category-tanitim","category-turkiye"],"yoast_head":"<!-- This site is optimized with the Yoast SEO plugin v26.9 - https:\/\/yoast.com\/product\/yoast-seo-wordpress\/ -->\n<title>EMEK M\u0130, PARA MI? - AvrupaPress<\/title>\n<meta name=\"robots\" content=\"index, follow, max-snippet:-1, max-image-preview:large, max-video-preview:-1\" \/>\n<link rel=\"canonical\" href=\"https:\/\/avrupapress.com\/main\/2022\/05\/18\/emek-mi-para-mi\/\" \/>\n<meta property=\"og:locale\" content=\"fr_FR\" \/>\n<meta property=\"og:type\" content=\"article\" \/>\n<meta property=\"og:title\" content=\"EMEK M\u0130, PARA MI? - AvrupaPress\" \/>\n<meta property=\"og:description\" content=\"SOSYAL\u0130ZMDE, B\u0130R TEK BAKI\u015e A\u00c7ISI VAR, bu da EMEK! DEMOKRAS\u0130, KAP\u0130TALL\u0130 \u00c7OOKLU BAKI\u015e \u0130STER, paran\u0131n s\u0131n\u0131f farkl\u0131l\u0131\u011f\u0131n\u0131 k\u00f6r\u00fckler&#8230; Kapitalist olmayan bir demokrasi ise yery\u00fcz\u00fcnde yok! Bir SOSYAL\u0130ST, DEMOKRAS\u0130DEN YANA OLMAZ! DEMOKRAS\u0130 DE i\u00e7inde SOSYAL\u0130ZM\u0130 BARINDIRAMAZ! YAN\u0130 HEM SOSYAL\u0130ST, HEM DEMOKRAT OLUNAMAZ! KANDIRMAYIN E\u011e\u0130T\u0130MS\u0130ZLER\u0130! deyince ben, gelen bir \u015fakac\u0131 yorum: &lsquo;Valla yapt\u0131\u011f\u0131m i\u015f\u00a0 koyun \u00e7obanl\u0131\u011f\u0131\u00a0 ne [&hellip;]\" \/>\n<meta property=\"og:url\" content=\"https:\/\/avrupapress.com\/main\/2022\/05\/18\/emek-mi-para-mi\/\" \/>\n<meta property=\"og:site_name\" content=\"AvrupaPress\" \/>\n<meta property=\"article:published_time\" content=\"2022-05-18T18:40:58+00:00\" \/>\n<meta property=\"article:modified_time\" content=\"2022-05-18T18:41:09+00:00\" \/>\n<meta property=\"og:image\" content=\"https:\/\/avrupapress.com\/main\/wp-content\/uploads\/2022\/05\/thumbnail_IMG-20210417-WA0008-728x410-1-1-1.jpg\" \/>\n\t<meta property=\"og:image:width\" content=\"728\" \/>\n\t<meta property=\"og:image:height\" content=\"410\" \/>\n\t<meta property=\"og:image:type\" content=\"image\/jpeg\" \/>\n<meta name=\"author\" content=\"Edit\u00f6r\" \/>\n<meta name=\"twitter:card\" content=\"summary_large_image\" \/>\n<meta name=\"twitter:label1\" content=\"\u00c9crit par\" \/>\n\t<meta name=\"twitter:data1\" content=\"Edit\u00f6r\" \/>\n\t<meta name=\"twitter:label2\" content=\"Dur\u00e9e de lecture est.\" \/>\n\t<meta name=\"twitter:data2\" content=\"2 minutes\" \/>\n<script type=\"application\/ld+json\" class=\"yoast-schema-graph\">{\"@context\":\"https:\/\/schema.org\",\"@graph\":[{\"@type\":\"Article\",\"@id\":\"https:\/\/avrupapress.com\/main\/2022\/05\/18\/emek-mi-para-mi\/#article\",\"isPartOf\":{\"@id\":\"https:\/\/avrupapress.com\/main\/2022\/05\/18\/emek-mi-para-mi\/\"},\"author\":{\"name\":\"Edit\u00f6r\",\"@id\":\"https:\/\/avrupapress.com\/#\/schema\/person\/68428444ec60970d1e1b700cf4ca1e8f\"},\"headline\":\"EMEK M\u0130, PARA MI?\",\"datePublished\":\"2022-05-18T18:40:58+00:00\",\"dateModified\":\"2022-05-18T18:41:09+00:00\",\"mainEntityOfPage\":{\"@id\":\"https:\/\/avrupapress.com\/main\/2022\/05\/18\/emek-mi-para-mi\/\"},\"wordCount\":412,\"publisher\":{\"@id\":\"https:\/\/avrupapress.com\/#\/schema\/person\/0223dca19c72c43575bf30d1a2d8f4fa\"},\"image\":{\"@id\":\"https:\/\/avrupapress.com\/main\/2022\/05\/18\/emek-mi-para-mi\/#primaryimage\"},\"thumbnailUrl\":\"https:\/\/avrupapress.com\/main\/wp-content\/uploads\/2022\/05\/thumbnail_IMG-20210417-WA0008-728x410-1-1-1.jpg\",\"articleSection\":[\"Avrupa\",\"Bel\u00e7ika\",\"D\u00fcnya\",\"Ekonomi\",\"K\u00fclt\u00fcr-Sanat\",\"Tan\u0131t\u0131m\",\"T\u00fcrkiye\"],\"inLanguage\":\"fr-BE\"},{\"@type\":\"WebPage\",\"@id\":\"https:\/\/avrupapress.com\/main\/2022\/05\/18\/emek-mi-para-mi\/\",\"url\":\"https:\/\/avrupapress.com\/main\/2022\/05\/18\/emek-mi-para-mi\/\",\"name\":\"EMEK M\u0130, PARA MI? - AvrupaPress\",\"isPartOf\":{\"@id\":\"https:\/\/avrupapress.com\/#website\"},\"primaryImageOfPage\":{\"@id\":\"https:\/\/avrupapress.com\/main\/2022\/05\/18\/emek-mi-para-mi\/#primaryimage\"},\"image\":{\"@id\":\"https:\/\/avrupapress.com\/main\/2022\/05\/18\/emek-mi-para-mi\/#primaryimage\"},\"thumbnailUrl\":\"https:\/\/avrupapress.com\/main\/wp-content\/uploads\/2022\/05\/thumbnail_IMG-20210417-WA0008-728x410-1-1-1.jpg\",\"datePublished\":\"2022-05-18T18:40:58+00:00\",\"dateModified\":\"2022-05-18T18:41:09+00:00\",\"breadcrumb\":{\"@id\":\"https:\/\/avrupapress.com\/main\/2022\/05\/18\/emek-mi-para-mi\/#breadcrumb\"},\"inLanguage\":\"fr-BE\",\"potentialAction\":[{\"@type\":\"ReadAction\",\"target\":[\"https:\/\/avrupapress.com\/main\/2022\/05\/18\/emek-mi-para-mi\/\"]}]},{\"@type\":\"ImageObject\",\"inLanguage\":\"fr-BE\",\"@id\":\"https:\/\/avrupapress.com\/main\/2022\/05\/18\/emek-mi-para-mi\/#primaryimage\",\"url\":\"https:\/\/avrupapress.com\/main\/wp-content\/uploads\/2022\/05\/thumbnail_IMG-20210417-WA0008-728x410-1-1-1.jpg\",\"contentUrl\":\"https:\/\/avrupapress.com\/main\/wp-content\/uploads\/2022\/05\/thumbnail_IMG-20210417-WA0008-728x410-1-1-1.jpg\",\"width\":728,\"height\":410},{\"@type\":\"BreadcrumbList\",\"@id\":\"https:\/\/avrupapress.com\/main\/2022\/05\/18\/emek-mi-para-mi\/#breadcrumb\",\"itemListElement\":[{\"@type\":\"ListItem\",\"position\":1,\"name\":\"Anasayfa\",\"item\":\"https:\/\/avrupapress.com\/\"},{\"@type\":\"ListItem\",\"position\":2,\"name\":\"EMEK M\u0130, PARA MI?\"}]},{\"@type\":\"WebSite\",\"@id\":\"https:\/\/avrupapress.com\/#website\",\"url\":\"https:\/\/avrupapress.com\/\",\"name\":\"AvrupaPress\",\"description\":\"Haberin Adresi\",\"publisher\":{\"@id\":\"https:\/\/avrupapress.com\/#\/schema\/person\/0223dca19c72c43575bf30d1a2d8f4fa\"},\"potentialAction\":[{\"@type\":\"SearchAction\",\"target\":{\"@type\":\"EntryPoint\",\"urlTemplate\":\"https:\/\/avrupapress.com\/?s={search_term_string}\"},\"query-input\":{\"@type\":\"PropertyValueSpecification\",\"valueRequired\":true,\"valueName\":\"search_term_string\"}}],\"inLanguage\":\"fr-BE\"},{\"@type\":[\"Person\",\"Organization\"],\"@id\":\"https:\/\/avrupapress.com\/#\/schema\/person\/0223dca19c72c43575bf30d1a2d8f4fa\",\"name\":\"Bilgin \u00d6z\u00e7ift\u00e7i\",\"image\":{\"@type\":\"ImageObject\",\"inLanguage\":\"fr-BE\",\"@id\":\"https:\/\/avrupapress.com\/#\/schema\/person\/image\/\",\"url\":\"https:\/\/secure.gravatar.com\/avatar\/0f23b280433a21e1ea7a0adcc46ed0ad16afe3ad8e630fd13d8a017dcbd54ef3?s=96&d=mm&r=g\",\"contentUrl\":\"https:\/\/secure.gravatar.com\/avatar\/0f23b280433a21e1ea7a0adcc46ed0ad16afe3ad8e630fd13d8a017dcbd54ef3?s=96&d=mm&r=g\",\"caption\":\"Bilgin \u00d6z\u00e7ift\u00e7i\"},\"logo\":{\"@id\":\"https:\/\/avrupapress.com\/#\/schema\/person\/image\/\"},\"description\":\"Ne ben, nede sen... Biz ancak \\\"biz\\\" olursak g\u00fc\u00e7l\u00fc olabiliriz\"},{\"@type\":\"Person\",\"@id\":\"https:\/\/avrupapress.com\/#\/schema\/person\/68428444ec60970d1e1b700cf4ca1e8f\",\"name\":\"Edit\u00f6r\",\"image\":{\"@type\":\"ImageObject\",\"inLanguage\":\"fr-BE\",\"@id\":\"https:\/\/avrupapress.com\/#\/schema\/person\/image\/\",\"url\":\"https:\/\/secure.gravatar.com\/avatar\/74996b0977aa5f1559ba9883776652508b229005c0d78fb2597897f0bd651c09?s=96&d=mm&r=g\",\"contentUrl\":\"https:\/\/secure.gravatar.com\/avatar\/74996b0977aa5f1559ba9883776652508b229005c0d78fb2597897f0bd651c09?s=96&d=mm&r=g\",\"caption\":\"Edit\u00f6r\"},\"sameAs\":[\"http:\/\/www.avrupapress.com\"],\"url\":\"https:\/\/avrupapress.com\/main\/author\/editor\/\"}]}<\/script>\n<!-- \/ Yoast SEO plugin. -->","yoast_head_json":{"title":"EMEK M\u0130, PARA MI? - AvrupaPress","robots":{"index":"index","follow":"follow","max-snippet":"max-snippet:-1","max-image-preview":"max-image-preview:large","max-video-preview":"max-video-preview:-1"},"canonical":"https:\/\/avrupapress.com\/main\/2022\/05\/18\/emek-mi-para-mi\/","og_locale":"fr_FR","og_type":"article","og_title":"EMEK M\u0130, PARA MI? - AvrupaPress","og_description":"SOSYAL\u0130ZMDE, B\u0130R TEK BAKI\u015e A\u00c7ISI VAR, bu da EMEK! DEMOKRAS\u0130, KAP\u0130TALL\u0130 \u00c7OOKLU BAKI\u015e \u0130STER, paran\u0131n s\u0131n\u0131f farkl\u0131l\u0131\u011f\u0131n\u0131 k\u00f6r\u00fckler&#8230; Kapitalist olmayan bir demokrasi ise yery\u00fcz\u00fcnde yok! Bir SOSYAL\u0130ST, DEMOKRAS\u0130DEN YANA OLMAZ! DEMOKRAS\u0130 DE i\u00e7inde SOSYAL\u0130ZM\u0130 BARINDIRAMAZ! YAN\u0130 HEM SOSYAL\u0130ST, HEM DEMOKRAT OLUNAMAZ! KANDIRMAYIN E\u011e\u0130T\u0130MS\u0130ZLER\u0130! deyince ben, gelen bir \u015fakac\u0131 yorum: &lsquo;Valla yapt\u0131\u011f\u0131m i\u015f\u00a0 koyun \u00e7obanl\u0131\u011f\u0131\u00a0 ne [&hellip;]","og_url":"https:\/\/avrupapress.com\/main\/2022\/05\/18\/emek-mi-para-mi\/","og_site_name":"AvrupaPress","article_published_time":"2022-05-18T18:40:58+00:00","article_modified_time":"2022-05-18T18:41:09+00:00","og_image":[{"width":728,"height":410,"url":"https:\/\/avrupapress.com\/main\/wp-content\/uploads\/2022\/05\/thumbnail_IMG-20210417-WA0008-728x410-1-1-1.jpg","type":"image\/jpeg"}],"author":"Edit\u00f6r","twitter_card":"summary_large_image","twitter_misc":{"\u00c9crit par":"Edit\u00f6r","Dur\u00e9e de lecture est.":"2 minutes"},"schema":{"@context":"https:\/\/schema.org","@graph":[{"@type":"Article","@id":"https:\/\/avrupapress.com\/main\/2022\/05\/18\/emek-mi-para-mi\/#article","isPartOf":{"@id":"https:\/\/avrupapress.com\/main\/2022\/05\/18\/emek-mi-para-mi\/"},"author":{"name":"Edit\u00f6r","@id":"https:\/\/avrupapress.com\/#\/schema\/person\/68428444ec60970d1e1b700cf4ca1e8f"},"headline":"EMEK M\u0130, PARA MI?","datePublished":"2022-05-18T18:40:58+00:00","dateModified":"2022-05-18T18:41:09+00:00","mainEntityOfPage":{"@id":"https:\/\/avrupapress.com\/main\/2022\/05\/18\/emek-mi-para-mi\/"},"wordCount":412,"publisher":{"@id":"https:\/\/avrupapress.com\/#\/schema\/person\/0223dca19c72c43575bf30d1a2d8f4fa"},"image":{"@id":"https:\/\/avrupapress.com\/main\/2022\/05\/18\/emek-mi-para-mi\/#primaryimage"},"thumbnailUrl":"https:\/\/avrupapress.com\/main\/wp-content\/uploads\/2022\/05\/thumbnail_IMG-20210417-WA0008-728x410-1-1-1.jpg","articleSection":["Avrupa","Bel\u00e7ika","D\u00fcnya","Ekonomi","K\u00fclt\u00fcr-Sanat","Tan\u0131t\u0131m","T\u00fcrkiye"],"inLanguage":"fr-BE"},{"@type":"WebPage","@id":"https:\/\/avrupapress.com\/main\/2022\/05\/18\/emek-mi-para-mi\/","url":"https:\/\/avrupapress.com\/main\/2022\/05\/18\/emek-mi-para-mi\/","name":"EMEK M\u0130, PARA MI? - AvrupaPress","isPartOf":{"@id":"https:\/\/avrupapress.com\/#website"},"primaryImageOfPage":{"@id":"https:\/\/avrupapress.com\/main\/2022\/05\/18\/emek-mi-para-mi\/#primaryimage"},"image":{"@id":"https:\/\/avrupapress.com\/main\/2022\/05\/18\/emek-mi-para-mi\/#primaryimage"},"thumbnailUrl":"https:\/\/avrupapress.com\/main\/wp-content\/uploads\/2022\/05\/thumbnail_IMG-20210417-WA0008-728x410-1-1-1.jpg","datePublished":"2022-05-18T18:40:58+00:00","dateModified":"2022-05-18T18:41:09+00:00","breadcrumb":{"@id":"https:\/\/avrupapress.com\/main\/2022\/05\/18\/emek-mi-para-mi\/#breadcrumb"},"inLanguage":"fr-BE","potentialAction":[{"@type":"ReadAction","target":["https:\/\/avrupapress.com\/main\/2022\/05\/18\/emek-mi-para-mi\/"]}]},{"@type":"ImageObject","inLanguage":"fr-BE","@id":"https:\/\/avrupapress.com\/main\/2022\/05\/18\/emek-mi-para-mi\/#primaryimage","url":"https:\/\/avrupapress.com\/main\/wp-content\/uploads\/2022\/05\/thumbnail_IMG-20210417-WA0008-728x410-1-1-1.jpg","contentUrl":"https:\/\/avrupapress.com\/main\/wp-content\/uploads\/2022\/05\/thumbnail_IMG-20210417-WA0008-728x410-1-1-1.jpg","width":728,"height":410},{"@type":"BreadcrumbList","@id":"https:\/\/avrupapress.com\/main\/2022\/05\/18\/emek-mi-para-mi\/#breadcrumb","itemListElement":[{"@type":"ListItem","position":1,"name":"Anasayfa","item":"https:\/\/avrupapress.com\/"},{"@type":"ListItem","position":2,"name":"EMEK M\u0130, PARA MI?"}]},{"@type":"WebSite","@id":"https:\/\/avrupapress.com\/#website","url":"https:\/\/avrupapress.com\/","name":"AvrupaPress","description":"Haberin Adresi","publisher":{"@id":"https:\/\/avrupapress.com\/#\/schema\/person\/0223dca19c72c43575bf30d1a2d8f4fa"},"potentialAction":[{"@type":"SearchAction","target":{"@type":"EntryPoint","urlTemplate":"https:\/\/avrupapress.com\/?s={search_term_string}"},"query-input":{"@type":"PropertyValueSpecification","valueRequired":true,"valueName":"search_term_string"}}],"inLanguage":"fr-BE"},{"@type":["Person","Organization"],"@id":"https:\/\/avrupapress.com\/#\/schema\/person\/0223dca19c72c43575bf30d1a2d8f4fa","name":"Bilgin \u00d6z\u00e7ift\u00e7i","image":{"@type":"ImageObject","inLanguage":"fr-BE","@id":"https:\/\/avrupapress.com\/#\/schema\/person\/image\/","url":"https:\/\/secure.gravatar.com\/avatar\/0f23b280433a21e1ea7a0adcc46ed0ad16afe3ad8e630fd13d8a017dcbd54ef3?s=96&d=mm&r=g","contentUrl":"https:\/\/secure.gravatar.com\/avatar\/0f23b280433a21e1ea7a0adcc46ed0ad16afe3ad8e630fd13d8a017dcbd54ef3?s=96&d=mm&r=g","caption":"Bilgin \u00d6z\u00e7ift\u00e7i"},"logo":{"@id":"https:\/\/avrupapress.com\/#\/schema\/person\/image\/"},"description":"Ne ben, nede sen... Biz ancak \"biz\" olursak g\u00fc\u00e7l\u00fc olabiliriz"},{"@type":"Person","@id":"https:\/\/avrupapress.com\/#\/schema\/person\/68428444ec60970d1e1b700cf4ca1e8f","name":"Edit\u00f6r","image":{"@type":"ImageObject","inLanguage":"fr-BE","@id":"https:\/\/avrupapress.com\/#\/schema\/person\/image\/","url":"https:\/\/secure.gravatar.com\/avatar\/74996b0977aa5f1559ba9883776652508b229005c0d78fb2597897f0bd651c09?s=96&d=mm&r=g","contentUrl":"https:\/\/secure.gravatar.com\/avatar\/74996b0977aa5f1559ba9883776652508b229005c0d78fb2597897f0bd651c09?s=96&d=mm&r=g","caption":"Edit\u00f6r"},"sameAs":["http:\/\/www.avrupapress.com"],"url":"https:\/\/avrupapress.com\/main\/author\/editor\/"}]}},"_links":{"self":[{"href":"https:\/\/avrupapress.com\/main\/wp-json\/wp\/v2\/posts\/18926","targetHints":{"allow":["GET"]}}],"collection":[{"href":"https:\/\/avrupapress.com\/main\/wp-json\/wp\/v2\/posts"}],"about":[{"href":"https:\/\/avrupapress.com\/main\/wp-json\/wp\/v2\/types\/post"}],"author":[{"embeddable":true,"href":"https:\/\/avrupapress.com\/main\/wp-json\/wp\/v2\/users\/3"}],"replies":[{"embeddable":true,"href":"https:\/\/avrupapress.com\/main\/wp-json\/wp\/v2\/comments?post=18926"}],"version-history":[{"count":1,"href":"https:\/\/avrupapress.com\/main\/wp-json\/wp\/v2\/posts\/18926\/revisions"}],"predecessor-version":[{"id":18928,"href":"https:\/\/avrupapress.com\/main\/wp-json\/wp\/v2\/posts\/18926\/revisions\/18928"}],"wp:featuredmedia":[{"embeddable":true,"href":"https:\/\/avrupapress.com\/main\/wp-json\/wp\/v2\/media\/18927"}],"wp:attachment":[{"href":"https:\/\/avrupapress.com\/main\/wp-json\/wp\/v2\/media?parent=18926"}],"wp:term":[{"taxonomy":"category","embeddable":true,"href":"https:\/\/avrupapress.com\/main\/wp-json\/wp\/v2\/categories?post=18926"},{"taxonomy":"post_tag","embeddable":true,"href":"https:\/\/avrupapress.com\/main\/wp-json\/wp\/v2\/tags?post=18926"}],"curies":[{"name":"wp","href":"https:\/\/api.w.org\/{rel}","templated":true}]}}