{"id":18921,"date":"2022-05-18T18:27:37","date_gmt":"2022-05-18T18:27:37","guid":{"rendered":"https:\/\/avrupapress.com\/main\/?p=18921"},"modified":"2022-05-18T18:29:36","modified_gmt":"2022-05-18T18:29:36","slug":"18921","status":"publish","type":"post","link":"https:\/\/avrupapress.com\/main\/2022\/05\/18\/18921\/","title":{"rendered":"Edirne Belediye Ba\u015fkan\u0131 Recep G\u00fcrkan ve Beraberindeki heyet CHP Bel\u00e7ika Birli\u011fini ziyaret edecek"},"content":{"rendered":"<div dir=\"auto\">\u00a0 CHP Bel\u00e7ika Birli\u011fi Baskani Derya Bulduk Tarafindan Organize edilen<\/div>\n<div dir=\"auto\">Avrupa Parlamentosundan \u00d6d\u00fcl almak \u00fczere Bel\u00e7ika&rsquo;da bulunan Edirne Belediye Ba\u015fkan\u0131 Sayin Recep G\u00fcrkan ve Beraberindeki heyet CHP Bel\u00e7ika Birli\u011finin Bruksel&rsquo;deki ofisinde\u00a0 bu ak\u015fam 18 may\u0131s 2022 saat 20:00&rsquo;den itibaren ziyaret edecek&#8230;<\/div>\n<div dir=\"auto\"><\/div>\n<div dir=\"auto\">Edirne Belediye Ba\u015fkan\u0131 Sayin Recep G\u00fcrkan ve Beraberindeki heyet CHP ile bir \u00e7ay e\u015fli\u011finde sohbet etmeye vatanda\u015flar\u0131m\u0131z\u0131 ve \u00fcyelerimizi Birli\u011fimize davet ediyoruz&#8230;<\/div>\n<div dir=\"auto\"><\/div>\n<div dir=\"auto\"><img loading=\"lazy\" decoding=\"async\" class=\"alignnone size-medium wp-image-18922\" src=\"https:\/\/avrupapress.com\/main\/wp-content\/uploads\/2022\/05\/271753091_288306843332365_918667863870683320_n-270x300.jpg\" alt=\"\" width=\"270\" height=\"300\" srcset=\"https:\/\/avrupapress.com\/main\/wp-content\/uploads\/2022\/05\/271753091_288306843332365_918667863870683320_n-270x300.jpg 270w, https:\/\/avrupapress.com\/main\/wp-content\/uploads\/2022\/05\/271753091_288306843332365_918667863870683320_n.jpg 455w\" sizes=\"auto, (max-width: 270px) 100vw, 270px\" \/><\/div>\n<div dir=\"auto\"><\/div>\n<div dir=\"auto\">Derya Bulduk\u00a0 \/\u00a0 AVRUPAPRESS<\/div>\n","protected":false},"excerpt":{"rendered":"<p>\u00a0 CHP Bel\u00e7ika Birli\u011fi Baskani Derya Bulduk Tarafindan Organize edilen Avrupa Parlamentosundan \u00d6d\u00fcl almak \u00fczere Bel\u00e7ika&rsquo;da bulunan Edirne Belediye Ba\u015fkan\u0131 Sayin Recep G\u00fcrkan ve Beraberindeki heyet CHP Bel\u00e7ika Birli\u011finin Bruksel&rsquo;deki ofisinde\u00a0 bu ak\u015fam 18 may\u0131s 2022 saat 20:00&rsquo;den itibaren ziyaret edecek&#8230; Edirne Belediye Ba\u015fkan\u0131 Sayin Recep G\u00fcrkan ve Beraberindeki heyet CHP ile bir \u00e7ay e\u015fli\u011finde [&hellip;]<\/p>\n","protected":false},"author":3,"featured_media":18922,"comment_status":"closed","ping_status":"open","sticky":false,"template":"","format":"standard","meta":{"footnotes":""},"categories":[14,16,3,17,18,19,2],"tags":[],"class_list":["post-18921","post","type-post","status-publish","format-standard","has-post-thumbnail","hentry","category-avrupa","category-belcika","category-dunya","category-ekonomi","category-kultur-sanat","category-tanitim","category-turkiye"],"yoast_head":"<!-- This site is optimized with the Yoast SEO plugin v26.9 - https:\/\/yoast.com\/product\/yoast-seo-wordpress\/ -->\n<title>Edirne Belediye Ba\u015fkan\u0131 Recep G\u00fcrkan ve Beraberindeki heyet CHP Bel\u00e7ika Birli\u011fini ziyaret edecek - AvrupaPress<\/title>\n<meta name=\"robots\" content=\"index, follow, max-snippet:-1, max-image-preview:large, max-video-preview:-1\" \/>\n<link rel=\"canonical\" href=\"https:\/\/avrupapress.com\/main\/2022\/05\/18\/18921\/\" \/>\n<meta property=\"og:locale\" content=\"fr_FR\" \/>\n<meta property=\"og:type\" content=\"article\" \/>\n<meta property=\"og:title\" content=\"Edirne Belediye Ba\u015fkan\u0131 Recep G\u00fcrkan ve Beraberindeki heyet CHP Bel\u00e7ika Birli\u011fini ziyaret edecek - AvrupaPress\" \/>\n<meta property=\"og:description\" content=\"\u00a0 CHP Bel\u00e7ika Birli\u011fi Baskani Derya Bulduk Tarafindan Organize edilen Avrupa Parlamentosundan \u00d6d\u00fcl almak \u00fczere Bel\u00e7ika&rsquo;da bulunan Edirne Belediye Ba\u015fkan\u0131 Sayin Recep G\u00fcrkan ve Beraberindeki heyet CHP Bel\u00e7ika Birli\u011finin Bruksel&rsquo;deki ofisinde\u00a0 bu ak\u015fam 18 may\u0131s 2022 saat 20:00&rsquo;den itibaren ziyaret edecek&#8230; Edirne Belediye Ba\u015fkan\u0131 Sayin Recep G\u00fcrkan ve Beraberindeki heyet CHP ile bir \u00e7ay e\u015fli\u011finde [&hellip;]\" \/>\n<meta property=\"og:url\" content=\"https:\/\/avrupapress.com\/main\/2022\/05\/18\/18921\/\" \/>\n<meta property=\"og:site_name\" content=\"AvrupaPress\" \/>\n<meta property=\"article:published_time\" content=\"2022-05-18T18:27:37+00:00\" \/>\n<meta property=\"article:modified_time\" content=\"2022-05-18T18:29:36+00:00\" \/>\n<meta property=\"og:image\" content=\"https:\/\/avrupapress.com\/main\/wp-content\/uploads\/2022\/05\/271753091_288306843332365_918667863870683320_n.jpg\" \/>\n\t<meta property=\"og:image:width\" content=\"455\" \/>\n\t<meta property=\"og:image:height\" content=\"505\" \/>\n\t<meta property=\"og:image:type\" content=\"image\/jpeg\" \/>\n<meta name=\"author\" content=\"Edit\u00f6r\" \/>\n<meta name=\"twitter:card\" content=\"summary_large_image\" \/>\n<meta name=\"twitter:label1\" content=\"\u00c9crit par\" \/>\n\t<meta name=\"twitter:data1\" content=\"Edit\u00f6r\" \/>\n\t<meta name=\"twitter:label2\" content=\"Dur\u00e9e de lecture est.\" \/>\n\t<meta name=\"twitter:data2\" content=\"1 minute\" \/>\n<script type=\"application\/ld+json\" class=\"yoast-schema-graph\">{\"@context\":\"https:\/\/schema.org\",\"@graph\":[{\"@type\":\"Article\",\"@id\":\"https:\/\/avrupapress.com\/main\/2022\/05\/18\/18921\/#article\",\"isPartOf\":{\"@id\":\"https:\/\/avrupapress.com\/main\/2022\/05\/18\/18921\/\"},\"author\":{\"name\":\"Edit\u00f6r\",\"@id\":\"https:\/\/avrupapress.com\/#\/schema\/person\/68428444ec60970d1e1b700cf4ca1e8f\"},\"headline\":\"Edirne Belediye Ba\u015fkan\u0131 Recep G\u00fcrkan ve Beraberindeki heyet CHP Bel\u00e7ika Birli\u011fini ziyaret edecek\",\"datePublished\":\"2022-05-18T18:27:37+00:00\",\"dateModified\":\"2022-05-18T18:29:36+00:00\",\"mainEntityOfPage\":{\"@id\":\"https:\/\/avrupapress.com\/main\/2022\/05\/18\/18921\/\"},\"wordCount\":98,\"publisher\":{\"@id\":\"https:\/\/avrupapress.com\/#\/schema\/person\/0223dca19c72c43575bf30d1a2d8f4fa\"},\"image\":{\"@id\":\"https:\/\/avrupapress.com\/main\/2022\/05\/18\/18921\/#primaryimage\"},\"thumbnailUrl\":\"https:\/\/avrupapress.com\/main\/wp-content\/uploads\/2022\/05\/271753091_288306843332365_918667863870683320_n.jpg\",\"articleSection\":[\"Avrupa\",\"Bel\u00e7ika\",\"D\u00fcnya\",\"Ekonomi\",\"K\u00fclt\u00fcr-Sanat\",\"Tan\u0131t\u0131m\",\"T\u00fcrkiye\"],\"inLanguage\":\"fr-BE\"},{\"@type\":\"WebPage\",\"@id\":\"https:\/\/avrupapress.com\/main\/2022\/05\/18\/18921\/\",\"url\":\"https:\/\/avrupapress.com\/main\/2022\/05\/18\/18921\/\",\"name\":\"Edirne Belediye Ba\u015fkan\u0131 Recep G\u00fcrkan ve Beraberindeki heyet CHP Bel\u00e7ika Birli\u011fini ziyaret edecek - AvrupaPress\",\"isPartOf\":{\"@id\":\"https:\/\/avrupapress.com\/#website\"},\"primaryImageOfPage\":{\"@id\":\"https:\/\/avrupapress.com\/main\/2022\/05\/18\/18921\/#primaryimage\"},\"image\":{\"@id\":\"https:\/\/avrupapress.com\/main\/2022\/05\/18\/18921\/#primaryimage\"},\"thumbnailUrl\":\"https:\/\/avrupapress.com\/main\/wp-content\/uploads\/2022\/05\/271753091_288306843332365_918667863870683320_n.jpg\",\"datePublished\":\"2022-05-18T18:27:37+00:00\",\"dateModified\":\"2022-05-18T18:29:36+00:00\",\"breadcrumb\":{\"@id\":\"https:\/\/avrupapress.com\/main\/2022\/05\/18\/18921\/#breadcrumb\"},\"inLanguage\":\"fr-BE\",\"potentialAction\":[{\"@type\":\"ReadAction\",\"target\":[\"https:\/\/avrupapress.com\/main\/2022\/05\/18\/18921\/\"]}]},{\"@type\":\"ImageObject\",\"inLanguage\":\"fr-BE\",\"@id\":\"https:\/\/avrupapress.com\/main\/2022\/05\/18\/18921\/#primaryimage\",\"url\":\"https:\/\/avrupapress.com\/main\/wp-content\/uploads\/2022\/05\/271753091_288306843332365_918667863870683320_n.jpg\",\"contentUrl\":\"https:\/\/avrupapress.com\/main\/wp-content\/uploads\/2022\/05\/271753091_288306843332365_918667863870683320_n.jpg\",\"width\":455,\"height\":505},{\"@type\":\"BreadcrumbList\",\"@id\":\"https:\/\/avrupapress.com\/main\/2022\/05\/18\/18921\/#breadcrumb\",\"itemListElement\":[{\"@type\":\"ListItem\",\"position\":1,\"name\":\"Anasayfa\",\"item\":\"https:\/\/avrupapress.com\/\"},{\"@type\":\"ListItem\",\"position\":2,\"name\":\"Edirne Belediye Ba\u015fkan\u0131 Recep G\u00fcrkan ve Beraberindeki heyet CHP Bel\u00e7ika Birli\u011fini ziyaret edecek\"}]},{\"@type\":\"WebSite\",\"@id\":\"https:\/\/avrupapress.com\/#website\",\"url\":\"https:\/\/avrupapress.com\/\",\"name\":\"AvrupaPress\",\"description\":\"Haberin Adresi\",\"publisher\":{\"@id\":\"https:\/\/avrupapress.com\/#\/schema\/person\/0223dca19c72c43575bf30d1a2d8f4fa\"},\"potentialAction\":[{\"@type\":\"SearchAction\",\"target\":{\"@type\":\"EntryPoint\",\"urlTemplate\":\"https:\/\/avrupapress.com\/?s={search_term_string}\"},\"query-input\":{\"@type\":\"PropertyValueSpecification\",\"valueRequired\":true,\"valueName\":\"search_term_string\"}}],\"inLanguage\":\"fr-BE\"},{\"@type\":[\"Person\",\"Organization\"],\"@id\":\"https:\/\/avrupapress.com\/#\/schema\/person\/0223dca19c72c43575bf30d1a2d8f4fa\",\"name\":\"Bilgin \u00d6z\u00e7ift\u00e7i\",\"image\":{\"@type\":\"ImageObject\",\"inLanguage\":\"fr-BE\",\"@id\":\"https:\/\/avrupapress.com\/#\/schema\/person\/image\/\",\"url\":\"https:\/\/secure.gravatar.com\/avatar\/0f23b280433a21e1ea7a0adcc46ed0ad16afe3ad8e630fd13d8a017dcbd54ef3?s=96&d=mm&r=g\",\"contentUrl\":\"https:\/\/secure.gravatar.com\/avatar\/0f23b280433a21e1ea7a0adcc46ed0ad16afe3ad8e630fd13d8a017dcbd54ef3?s=96&d=mm&r=g\",\"caption\":\"Bilgin \u00d6z\u00e7ift\u00e7i\"},\"logo\":{\"@id\":\"https:\/\/avrupapress.com\/#\/schema\/person\/image\/\"},\"description\":\"Ne ben, nede sen... Biz ancak \\\"biz\\\" olursak g\u00fc\u00e7l\u00fc olabiliriz\"},{\"@type\":\"Person\",\"@id\":\"https:\/\/avrupapress.com\/#\/schema\/person\/68428444ec60970d1e1b700cf4ca1e8f\",\"name\":\"Edit\u00f6r\",\"image\":{\"@type\":\"ImageObject\",\"inLanguage\":\"fr-BE\",\"@id\":\"https:\/\/avrupapress.com\/#\/schema\/person\/image\/\",\"url\":\"https:\/\/secure.gravatar.com\/avatar\/74996b0977aa5f1559ba9883776652508b229005c0d78fb2597897f0bd651c09?s=96&d=mm&r=g\",\"contentUrl\":\"https:\/\/secure.gravatar.com\/avatar\/74996b0977aa5f1559ba9883776652508b229005c0d78fb2597897f0bd651c09?s=96&d=mm&r=g\",\"caption\":\"Edit\u00f6r\"},\"sameAs\":[\"http:\/\/www.avrupapress.com\"],\"url\":\"https:\/\/avrupapress.com\/main\/author\/editor\/\"}]}<\/script>\n<!-- \/ Yoast SEO plugin. -->","yoast_head_json":{"title":"Edirne Belediye Ba\u015fkan\u0131 Recep G\u00fcrkan ve Beraberindeki heyet CHP Bel\u00e7ika Birli\u011fini ziyaret edecek - AvrupaPress","robots":{"index":"index","follow":"follow","max-snippet":"max-snippet:-1","max-image-preview":"max-image-preview:large","max-video-preview":"max-video-preview:-1"},"canonical":"https:\/\/avrupapress.com\/main\/2022\/05\/18\/18921\/","og_locale":"fr_FR","og_type":"article","og_title":"Edirne Belediye Ba\u015fkan\u0131 Recep G\u00fcrkan ve Beraberindeki heyet CHP Bel\u00e7ika Birli\u011fini ziyaret edecek - AvrupaPress","og_description":"\u00a0 CHP Bel\u00e7ika Birli\u011fi Baskani Derya Bulduk Tarafindan Organize edilen Avrupa Parlamentosundan \u00d6d\u00fcl almak \u00fczere Bel\u00e7ika&rsquo;da bulunan Edirne Belediye Ba\u015fkan\u0131 Sayin Recep G\u00fcrkan ve Beraberindeki heyet CHP Bel\u00e7ika Birli\u011finin Bruksel&rsquo;deki ofisinde\u00a0 bu ak\u015fam 18 may\u0131s 2022 saat 20:00&rsquo;den itibaren ziyaret edecek&#8230; Edirne Belediye Ba\u015fkan\u0131 Sayin Recep G\u00fcrkan ve Beraberindeki heyet CHP ile bir \u00e7ay e\u015fli\u011finde [&hellip;]","og_url":"https:\/\/avrupapress.com\/main\/2022\/05\/18\/18921\/","og_site_name":"AvrupaPress","article_published_time":"2022-05-18T18:27:37+00:00","article_modified_time":"2022-05-18T18:29:36+00:00","og_image":[{"width":455,"height":505,"url":"https:\/\/avrupapress.com\/main\/wp-content\/uploads\/2022\/05\/271753091_288306843332365_918667863870683320_n.jpg","type":"image\/jpeg"}],"author":"Edit\u00f6r","twitter_card":"summary_large_image","twitter_misc":{"\u00c9crit par":"Edit\u00f6r","Dur\u00e9e de lecture est.":"1 minute"},"schema":{"@context":"https:\/\/schema.org","@graph":[{"@type":"Article","@id":"https:\/\/avrupapress.com\/main\/2022\/05\/18\/18921\/#article","isPartOf":{"@id":"https:\/\/avrupapress.com\/main\/2022\/05\/18\/18921\/"},"author":{"name":"Edit\u00f6r","@id":"https:\/\/avrupapress.com\/#\/schema\/person\/68428444ec60970d1e1b700cf4ca1e8f"},"headline":"Edirne Belediye Ba\u015fkan\u0131 Recep G\u00fcrkan ve Beraberindeki heyet CHP Bel\u00e7ika Birli\u011fini ziyaret edecek","datePublished":"2022-05-18T18:27:37+00:00","dateModified":"2022-05-18T18:29:36+00:00","mainEntityOfPage":{"@id":"https:\/\/avrupapress.com\/main\/2022\/05\/18\/18921\/"},"wordCount":98,"publisher":{"@id":"https:\/\/avrupapress.com\/#\/schema\/person\/0223dca19c72c43575bf30d1a2d8f4fa"},"image":{"@id":"https:\/\/avrupapress.com\/main\/2022\/05\/18\/18921\/#primaryimage"},"thumbnailUrl":"https:\/\/avrupapress.com\/main\/wp-content\/uploads\/2022\/05\/271753091_288306843332365_918667863870683320_n.jpg","articleSection":["Avrupa","Bel\u00e7ika","D\u00fcnya","Ekonomi","K\u00fclt\u00fcr-Sanat","Tan\u0131t\u0131m","T\u00fcrkiye"],"inLanguage":"fr-BE"},{"@type":"WebPage","@id":"https:\/\/avrupapress.com\/main\/2022\/05\/18\/18921\/","url":"https:\/\/avrupapress.com\/main\/2022\/05\/18\/18921\/","name":"Edirne Belediye Ba\u015fkan\u0131 Recep G\u00fcrkan ve Beraberindeki heyet CHP Bel\u00e7ika Birli\u011fini ziyaret edecek - AvrupaPress","isPartOf":{"@id":"https:\/\/avrupapress.com\/#website"},"primaryImageOfPage":{"@id":"https:\/\/avrupapress.com\/main\/2022\/05\/18\/18921\/#primaryimage"},"image":{"@id":"https:\/\/avrupapress.com\/main\/2022\/05\/18\/18921\/#primaryimage"},"thumbnailUrl":"https:\/\/avrupapress.com\/main\/wp-content\/uploads\/2022\/05\/271753091_288306843332365_918667863870683320_n.jpg","datePublished":"2022-05-18T18:27:37+00:00","dateModified":"2022-05-18T18:29:36+00:00","breadcrumb":{"@id":"https:\/\/avrupapress.com\/main\/2022\/05\/18\/18921\/#breadcrumb"},"inLanguage":"fr-BE","potentialAction":[{"@type":"ReadAction","target":["https:\/\/avrupapress.com\/main\/2022\/05\/18\/18921\/"]}]},{"@type":"ImageObject","inLanguage":"fr-BE","@id":"https:\/\/avrupapress.com\/main\/2022\/05\/18\/18921\/#primaryimage","url":"https:\/\/avrupapress.com\/main\/wp-content\/uploads\/2022\/05\/271753091_288306843332365_918667863870683320_n.jpg","contentUrl":"https:\/\/avrupapress.com\/main\/wp-content\/uploads\/2022\/05\/271753091_288306843332365_918667863870683320_n.jpg","width":455,"height":505},{"@type":"BreadcrumbList","@id":"https:\/\/avrupapress.com\/main\/2022\/05\/18\/18921\/#breadcrumb","itemListElement":[{"@type":"ListItem","position":1,"name":"Anasayfa","item":"https:\/\/avrupapress.com\/"},{"@type":"ListItem","position":2,"name":"Edirne Belediye Ba\u015fkan\u0131 Recep G\u00fcrkan ve Beraberindeki heyet CHP Bel\u00e7ika Birli\u011fini ziyaret edecek"}]},{"@type":"WebSite","@id":"https:\/\/avrupapress.com\/#website","url":"https:\/\/avrupapress.com\/","name":"AvrupaPress","description":"Haberin Adresi","publisher":{"@id":"https:\/\/avrupapress.com\/#\/schema\/person\/0223dca19c72c43575bf30d1a2d8f4fa"},"potentialAction":[{"@type":"SearchAction","target":{"@type":"EntryPoint","urlTemplate":"https:\/\/avrupapress.com\/?s={search_term_string}"},"query-input":{"@type":"PropertyValueSpecification","valueRequired":true,"valueName":"search_term_string"}}],"inLanguage":"fr-BE"},{"@type":["Person","Organization"],"@id":"https:\/\/avrupapress.com\/#\/schema\/person\/0223dca19c72c43575bf30d1a2d8f4fa","name":"Bilgin \u00d6z\u00e7ift\u00e7i","image":{"@type":"ImageObject","inLanguage":"fr-BE","@id":"https:\/\/avrupapress.com\/#\/schema\/person\/image\/","url":"https:\/\/secure.gravatar.com\/avatar\/0f23b280433a21e1ea7a0adcc46ed0ad16afe3ad8e630fd13d8a017dcbd54ef3?s=96&d=mm&r=g","contentUrl":"https:\/\/secure.gravatar.com\/avatar\/0f23b280433a21e1ea7a0adcc46ed0ad16afe3ad8e630fd13d8a017dcbd54ef3?s=96&d=mm&r=g","caption":"Bilgin \u00d6z\u00e7ift\u00e7i"},"logo":{"@id":"https:\/\/avrupapress.com\/#\/schema\/person\/image\/"},"description":"Ne ben, nede sen... Biz ancak \"biz\" olursak g\u00fc\u00e7l\u00fc olabiliriz"},{"@type":"Person","@id":"https:\/\/avrupapress.com\/#\/schema\/person\/68428444ec60970d1e1b700cf4ca1e8f","name":"Edit\u00f6r","image":{"@type":"ImageObject","inLanguage":"fr-BE","@id":"https:\/\/avrupapress.com\/#\/schema\/person\/image\/","url":"https:\/\/secure.gravatar.com\/avatar\/74996b0977aa5f1559ba9883776652508b229005c0d78fb2597897f0bd651c09?s=96&d=mm&r=g","contentUrl":"https:\/\/secure.gravatar.com\/avatar\/74996b0977aa5f1559ba9883776652508b229005c0d78fb2597897f0bd651c09?s=96&d=mm&r=g","caption":"Edit\u00f6r"},"sameAs":["http:\/\/www.avrupapress.com"],"url":"https:\/\/avrupapress.com\/main\/author\/editor\/"}]}},"_links":{"self":[{"href":"https:\/\/avrupapress.com\/main\/wp-json\/wp\/v2\/posts\/18921","targetHints":{"allow":["GET"]}}],"collection":[{"href":"https:\/\/avrupapress.com\/main\/wp-json\/wp\/v2\/posts"}],"about":[{"href":"https:\/\/avrupapress.com\/main\/wp-json\/wp\/v2\/types\/post"}],"author":[{"embeddable":true,"href":"https:\/\/avrupapress.com\/main\/wp-json\/wp\/v2\/users\/3"}],"replies":[{"embeddable":true,"href":"https:\/\/avrupapress.com\/main\/wp-json\/wp\/v2\/comments?post=18921"}],"version-history":[{"count":3,"href":"https:\/\/avrupapress.com\/main\/wp-json\/wp\/v2\/posts\/18921\/revisions"}],"predecessor-version":[{"id":18925,"href":"https:\/\/avrupapress.com\/main\/wp-json\/wp\/v2\/posts\/18921\/revisions\/18925"}],"wp:featuredmedia":[{"embeddable":true,"href":"https:\/\/avrupapress.com\/main\/wp-json\/wp\/v2\/media\/18922"}],"wp:attachment":[{"href":"https:\/\/avrupapress.com\/main\/wp-json\/wp\/v2\/media?parent=18921"}],"wp:term":[{"taxonomy":"category","embeddable":true,"href":"https:\/\/avrupapress.com\/main\/wp-json\/wp\/v2\/categories?post=18921"},{"taxonomy":"post_tag","embeddable":true,"href":"https:\/\/avrupapress.com\/main\/wp-json\/wp\/v2\/tags?post=18921"}],"curies":[{"name":"wp","href":"https:\/\/api.w.org\/{rel}","templated":true}]}}