{"id":18916,"date":"2022-05-17T20:29:20","date_gmt":"2022-05-17T20:29:20","guid":{"rendered":"https:\/\/avrupapress.com\/main\/?p=18916"},"modified":"2022-05-18T19:31:02","modified_gmt":"2022-05-18T19:31:02","slug":"amsterdam-positillion-otel-ve-kongre-merkezinde-saglik-turizmi-fuari-duzenlenecek","status":"publish","type":"post","link":"https:\/\/avrupapress.com\/main\/2022\/05\/17\/amsterdam-positillion-otel-ve-kongre-merkezinde-saglik-turizmi-fuari-duzenlenecek\/","title":{"rendered":"Amsterdam Positillion Otel ve Kongre Merkezi\u2019nde Sa\u011fl\u0131k Turizmi Fuar\u0131 d\u00fczenlenecek&#8230;."},"content":{"rendered":"<div dir=\"auto\">Amsterdam Positillion Otel ve Kongre Merkezi\u2019nde 20 \u2013 21 May\u0131s 2022 tarihlerinde, TOBB, DE\u0130K, OHSAD, M\u00dcS\u0130AD Hollanda ve HOT\u0130AD\u2019\u0131n destekleriyle Amsterdam Sa\u011fl\u0131k Turizmi Fuar\u0131 d\u00fczenlenecektir.<\/div>\n<div dir=\"auto\"><\/div>\n<div dir=\"auto\">Etkinlik \u00e7er\u00e7evesinde T\u00fcrkiye\u2019nin \u00f6nde gelen 56 sa\u011fl\u0131k hizmeti sunucusu Amsterdam&rsquo;da olacakt\u0131r. Hastaneler, di\u015f klinikleri, t\u00fcp bebek klinikleri, sa\u00e7 ekim merkezleri, estetik klinikleri ve termal turizm merkezleri\u2019nin yer alaca\u011f\u0131 fuar kapsam\u0131nda kat\u0131l\u0131mc\u0131 kurulu\u015flar\u0131n \u00fcst d\u00fczey yetkilileri ile sa\u011fl\u0131k sekt\u00f6r\u00fcnde \u00f6nemli akt\u00f6rlerin biraraya gelebilece\u011fi networking toplant\u0131lar\u0131 d\u00fczenlenecektir. Bu toplant\u0131lar, Hollanda&rsquo;da yerle\u015fik hekimler, sa\u011fl\u0131k sigortas\u0131 kurulu\u015flar\u0131 ve sa\u011fl\u0131k turizmi acenteleri i\u00e7in ayr\u0131 ayr\u0131 d\u00fczenlenecektir.<\/div>\n<div dir=\"auto\"><\/div>\n<div dir=\"auto\">Sa\u011fl\u0131k Turizmi Acenteleri, Hekimler ve Sigorta \u015eirketleri ile fuar kat\u0131l\u0131mc\u0131s\u0131 firma y\u00f6neticileri aras\u0131nda d\u00fczenlenecek toplant\u0131lar vesilesi ile sa\u011fl\u0131k sekt\u00f6r\u00fcne y\u00f6nelik g\u00f6r\u00fc\u015f al\u0131\u015fveri\u015fi, sa\u011fl\u0131k sekt\u00f6r\u00fcnde i\u015fbirliklerinin art\u0131r\u0131lmas\u0131na y\u00f6nelik de\u011ferlendirme ve tavsiyeler ile networking imkanlar\u0131n\u0131n ele al\u0131nmas\u0131 planlanmaktad\u0131r.<\/div>\n<div dir=\"auto\"><\/div>\n<div dir=\"auto\">Fuar kapsam\u0131nda ayr\u0131ca kat\u0131l\u0131mc\u0131 sa\u011fl\u0131k kurulu\u015flar\u0131 ile temas ve stant ziyareti imkan\u0131 bulunmaktad\u0131r.<\/div>\n<div dir=\"auto\"><\/div>\n<div dir=\"auto\">Fuar ziyaret\u00e7isi olarak veya \u00f6zel nitelikli toplant\u0131lara kat\u0131l\u0131mc\u0131 olarak ziyaret \u00fccretsizdir.<\/div>\n<div dir=\"auto\"><\/div>\n<div dir=\"auto\">Bu imkandan faydalanmak i\u00e7in a\u015fa\u011f\u0131da kay\u0131tl\u0131 internet sitesi \u00fczerinden kay\u0131t formunu doldurmak yeterlidir. A\u015fa\u011f\u0131daki adresten kat\u0131l\u0131mc\u0131 kurulu\u015flar\u0131 inceleme f\u0131rsat\u0131 da bulunmaktad\u0131r.<\/div>\n<div dir=\"auto\"><\/div>\n<div dir=\"auto\">Sizleri aram\u0131zda g\u00f6rmeyi diler, bu vesile ile sayg\u0131lar\u0131m\u0131z\u0131 sunar\u0131z.<\/div>\n<div dir=\"auto\"><\/div>\n<div dir=\"auto\">\u00dcCRETS\u0130Z KAYIT \u0130\u00c7\u0130N:<\/div>\n<div dir=\"auto\">www.amsterdamhealthtourism.com<\/div>\n<div dir=\"auto\"><\/div>\n<div dir=\"auto\"><img loading=\"lazy\" decoding=\"async\" class=\"alignnone size-medium wp-image-18917\" src=\"https:\/\/avrupapress.com\/main\/wp-content\/uploads\/2022\/05\/thumbnail_IMG-20220510-WA0000-300x300.jpg\" alt=\"\" width=\"300\" height=\"300\" srcset=\"https:\/\/avrupapress.com\/main\/wp-content\/uploads\/2022\/05\/thumbnail_IMG-20220510-WA0000-300x300.jpg 300w, https:\/\/avrupapress.com\/main\/wp-content\/uploads\/2022\/05\/thumbnail_IMG-20220510-WA0000-1024x1024.jpg 1024w, https:\/\/avrupapress.com\/main\/wp-content\/uploads\/2022\/05\/thumbnail_IMG-20220510-WA0000-150x150.jpg 150w, https:\/\/avrupapress.com\/main\/wp-content\/uploads\/2022\/05\/thumbnail_IMG-20220510-WA0000-768x768.jpg 768w, https:\/\/avrupapress.com\/main\/wp-content\/uploads\/2022\/05\/thumbnail_IMG-20220510-WA0000.jpg 1182w\" sizes=\"auto, (max-width: 300px) 100vw, 300px\" \/><\/div>\n<div dir=\"auto\"><strong>Bilgin Ozciftci\u00a0 \/\u00a0 AVRUPAPRESS<\/strong><\/div>\n","protected":false},"excerpt":{"rendered":"<p>Amsterdam Positillion Otel ve Kongre Merkezi\u2019nde 20 \u2013 21 May\u0131s 2022 tarihlerinde, TOBB, DE\u0130K, OHSAD, M\u00dcS\u0130AD Hollanda ve HOT\u0130AD\u2019\u0131n destekleriyle Amsterdam Sa\u011fl\u0131k Turizmi Fuar\u0131 d\u00fczenlenecektir. Etkinlik \u00e7er\u00e7evesinde T\u00fcrkiye\u2019nin \u00f6nde gelen 56 sa\u011fl\u0131k hizmeti sunucusu Amsterdam&rsquo;da olacakt\u0131r. Hastaneler, di\u015f klinikleri, t\u00fcp bebek klinikleri, sa\u00e7 ekim merkezleri, estetik klinikleri ve termal turizm merkezleri\u2019nin yer alaca\u011f\u0131 fuar kapsam\u0131nda [&hellip;]<\/p>\n","protected":false},"author":3,"featured_media":18917,"comment_status":"closed","ping_status":"open","sticky":false,"template":"","format":"standard","meta":{"footnotes":""},"categories":[14,16,3,17,18,15,19,2],"tags":[],"class_list":["post-18916","post","type-post","status-publish","format-standard","has-post-thumbnail","hentry","category-avrupa","category-belcika","category-dunya","category-ekonomi","category-kultur-sanat","category-spor","category-tanitim","category-turkiye"],"yoast_head":"<!-- This site is optimized with the Yoast SEO plugin v26.9 - https:\/\/yoast.com\/product\/yoast-seo-wordpress\/ -->\n<title>Amsterdam Positillion Otel ve Kongre Merkezi\u2019nde Sa\u011fl\u0131k Turizmi Fuar\u0131 d\u00fczenlenecek.... - AvrupaPress<\/title>\n<meta name=\"robots\" content=\"index, follow, max-snippet:-1, max-image-preview:large, max-video-preview:-1\" \/>\n<link rel=\"canonical\" href=\"https:\/\/avrupapress.com\/main\/2022\/05\/17\/amsterdam-positillion-otel-ve-kongre-merkezinde-saglik-turizmi-fuari-duzenlenecek\/\" \/>\n<meta property=\"og:locale\" content=\"fr_FR\" \/>\n<meta property=\"og:type\" content=\"article\" \/>\n<meta property=\"og:title\" content=\"Amsterdam Positillion Otel ve Kongre Merkezi\u2019nde Sa\u011fl\u0131k Turizmi Fuar\u0131 d\u00fczenlenecek.... - AvrupaPress\" \/>\n<meta property=\"og:description\" content=\"Amsterdam Positillion Otel ve Kongre Merkezi\u2019nde 20 \u2013 21 May\u0131s 2022 tarihlerinde, TOBB, DE\u0130K, OHSAD, M\u00dcS\u0130AD Hollanda ve HOT\u0130AD\u2019\u0131n destekleriyle Amsterdam Sa\u011fl\u0131k Turizmi Fuar\u0131 d\u00fczenlenecektir. Etkinlik \u00e7er\u00e7evesinde T\u00fcrkiye\u2019nin \u00f6nde gelen 56 sa\u011fl\u0131k hizmeti sunucusu Amsterdam&rsquo;da olacakt\u0131r. Hastaneler, di\u015f klinikleri, t\u00fcp bebek klinikleri, sa\u00e7 ekim merkezleri, estetik klinikleri ve termal turizm merkezleri\u2019nin yer alaca\u011f\u0131 fuar kapsam\u0131nda [&hellip;]\" \/>\n<meta property=\"og:url\" content=\"https:\/\/avrupapress.com\/main\/2022\/05\/17\/amsterdam-positillion-otel-ve-kongre-merkezinde-saglik-turizmi-fuari-duzenlenecek\/\" \/>\n<meta property=\"og:site_name\" content=\"AvrupaPress\" \/>\n<meta property=\"article:published_time\" content=\"2022-05-17T20:29:20+00:00\" \/>\n<meta property=\"article:modified_time\" content=\"2022-05-18T19:31:02+00:00\" \/>\n<meta property=\"og:image\" content=\"https:\/\/avrupapress.com\/main\/wp-content\/uploads\/2022\/05\/thumbnail_IMG-20220510-WA0000.jpg\" \/>\n\t<meta property=\"og:image:width\" content=\"1182\" \/>\n\t<meta property=\"og:image:height\" content=\"1182\" \/>\n\t<meta property=\"og:image:type\" content=\"image\/jpeg\" \/>\n<meta name=\"author\" content=\"Edit\u00f6r\" \/>\n<meta name=\"twitter:card\" content=\"summary_large_image\" \/>\n<meta name=\"twitter:label1\" content=\"\u00c9crit par\" \/>\n\t<meta name=\"twitter:data1\" content=\"Edit\u00f6r\" \/>\n\t<meta name=\"twitter:label2\" content=\"Dur\u00e9e de lecture est.\" \/>\n\t<meta name=\"twitter:data2\" content=\"2 minutes\" \/>\n<script type=\"application\/ld+json\" class=\"yoast-schema-graph\">{\"@context\":\"https:\/\/schema.org\",\"@graph\":[{\"@type\":\"Article\",\"@id\":\"https:\/\/avrupapress.com\/main\/2022\/05\/17\/amsterdam-positillion-otel-ve-kongre-merkezinde-saglik-turizmi-fuari-duzenlenecek\/#article\",\"isPartOf\":{\"@id\":\"https:\/\/avrupapress.com\/main\/2022\/05\/17\/amsterdam-positillion-otel-ve-kongre-merkezinde-saglik-turizmi-fuari-duzenlenecek\/\"},\"author\":{\"name\":\"Edit\u00f6r\",\"@id\":\"https:\/\/avrupapress.com\/#\/schema\/person\/68428444ec60970d1e1b700cf4ca1e8f\"},\"headline\":\"Amsterdam Positillion Otel ve Kongre Merkezi\u2019nde Sa\u011fl\u0131k Turizmi Fuar\u0131 d\u00fczenlenecek&#8230;.\",\"datePublished\":\"2022-05-17T20:29:20+00:00\",\"dateModified\":\"2022-05-18T19:31:02+00:00\",\"mainEntityOfPage\":{\"@id\":\"https:\/\/avrupapress.com\/main\/2022\/05\/17\/amsterdam-positillion-otel-ve-kongre-merkezinde-saglik-turizmi-fuari-duzenlenecek\/\"},\"wordCount\":297,\"publisher\":{\"@id\":\"https:\/\/avrupapress.com\/#\/schema\/person\/0223dca19c72c43575bf30d1a2d8f4fa\"},\"image\":{\"@id\":\"https:\/\/avrupapress.com\/main\/2022\/05\/17\/amsterdam-positillion-otel-ve-kongre-merkezinde-saglik-turizmi-fuari-duzenlenecek\/#primaryimage\"},\"thumbnailUrl\":\"https:\/\/avrupapress.com\/main\/wp-content\/uploads\/2022\/05\/thumbnail_IMG-20220510-WA0000.jpg\",\"articleSection\":[\"Avrupa\",\"Bel\u00e7ika\",\"D\u00fcnya\",\"Ekonomi\",\"K\u00fclt\u00fcr-Sanat\",\"Spor\",\"Tan\u0131t\u0131m\",\"T\u00fcrkiye\"],\"inLanguage\":\"fr-BE\"},{\"@type\":\"WebPage\",\"@id\":\"https:\/\/avrupapress.com\/main\/2022\/05\/17\/amsterdam-positillion-otel-ve-kongre-merkezinde-saglik-turizmi-fuari-duzenlenecek\/\",\"url\":\"https:\/\/avrupapress.com\/main\/2022\/05\/17\/amsterdam-positillion-otel-ve-kongre-merkezinde-saglik-turizmi-fuari-duzenlenecek\/\",\"name\":\"Amsterdam Positillion Otel ve Kongre Merkezi\u2019nde Sa\u011fl\u0131k Turizmi Fuar\u0131 d\u00fczenlenecek.... - AvrupaPress\",\"isPartOf\":{\"@id\":\"https:\/\/avrupapress.com\/#website\"},\"primaryImageOfPage\":{\"@id\":\"https:\/\/avrupapress.com\/main\/2022\/05\/17\/amsterdam-positillion-otel-ve-kongre-merkezinde-saglik-turizmi-fuari-duzenlenecek\/#primaryimage\"},\"image\":{\"@id\":\"https:\/\/avrupapress.com\/main\/2022\/05\/17\/amsterdam-positillion-otel-ve-kongre-merkezinde-saglik-turizmi-fuari-duzenlenecek\/#primaryimage\"},\"thumbnailUrl\":\"https:\/\/avrupapress.com\/main\/wp-content\/uploads\/2022\/05\/thumbnail_IMG-20220510-WA0000.jpg\",\"datePublished\":\"2022-05-17T20:29:20+00:00\",\"dateModified\":\"2022-05-18T19:31:02+00:00\",\"breadcrumb\":{\"@id\":\"https:\/\/avrupapress.com\/main\/2022\/05\/17\/amsterdam-positillion-otel-ve-kongre-merkezinde-saglik-turizmi-fuari-duzenlenecek\/#breadcrumb\"},\"inLanguage\":\"fr-BE\",\"potentialAction\":[{\"@type\":\"ReadAction\",\"target\":[\"https:\/\/avrupapress.com\/main\/2022\/05\/17\/amsterdam-positillion-otel-ve-kongre-merkezinde-saglik-turizmi-fuari-duzenlenecek\/\"]}]},{\"@type\":\"ImageObject\",\"inLanguage\":\"fr-BE\",\"@id\":\"https:\/\/avrupapress.com\/main\/2022\/05\/17\/amsterdam-positillion-otel-ve-kongre-merkezinde-saglik-turizmi-fuari-duzenlenecek\/#primaryimage\",\"url\":\"https:\/\/avrupapress.com\/main\/wp-content\/uploads\/2022\/05\/thumbnail_IMG-20220510-WA0000.jpg\",\"contentUrl\":\"https:\/\/avrupapress.com\/main\/wp-content\/uploads\/2022\/05\/thumbnail_IMG-20220510-WA0000.jpg\",\"width\":1182,\"height\":1182},{\"@type\":\"BreadcrumbList\",\"@id\":\"https:\/\/avrupapress.com\/main\/2022\/05\/17\/amsterdam-positillion-otel-ve-kongre-merkezinde-saglik-turizmi-fuari-duzenlenecek\/#breadcrumb\",\"itemListElement\":[{\"@type\":\"ListItem\",\"position\":1,\"name\":\"Anasayfa\",\"item\":\"https:\/\/avrupapress.com\/\"},{\"@type\":\"ListItem\",\"position\":2,\"name\":\"Amsterdam Positillion Otel ve Kongre Merkezi\u2019nde Sa\u011fl\u0131k Turizmi Fuar\u0131 d\u00fczenlenecek&#8230;.\"}]},{\"@type\":\"WebSite\",\"@id\":\"https:\/\/avrupapress.com\/#website\",\"url\":\"https:\/\/avrupapress.com\/\",\"name\":\"AvrupaPress\",\"description\":\"Haberin Adresi\",\"publisher\":{\"@id\":\"https:\/\/avrupapress.com\/#\/schema\/person\/0223dca19c72c43575bf30d1a2d8f4fa\"},\"potentialAction\":[{\"@type\":\"SearchAction\",\"target\":{\"@type\":\"EntryPoint\",\"urlTemplate\":\"https:\/\/avrupapress.com\/?s={search_term_string}\"},\"query-input\":{\"@type\":\"PropertyValueSpecification\",\"valueRequired\":true,\"valueName\":\"search_term_string\"}}],\"inLanguage\":\"fr-BE\"},{\"@type\":[\"Person\",\"Organization\"],\"@id\":\"https:\/\/avrupapress.com\/#\/schema\/person\/0223dca19c72c43575bf30d1a2d8f4fa\",\"name\":\"Bilgin \u00d6z\u00e7ift\u00e7i\",\"image\":{\"@type\":\"ImageObject\",\"inLanguage\":\"fr-BE\",\"@id\":\"https:\/\/avrupapress.com\/#\/schema\/person\/image\/\",\"url\":\"https:\/\/secure.gravatar.com\/avatar\/0f23b280433a21e1ea7a0adcc46ed0ad16afe3ad8e630fd13d8a017dcbd54ef3?s=96&d=mm&r=g\",\"contentUrl\":\"https:\/\/secure.gravatar.com\/avatar\/0f23b280433a21e1ea7a0adcc46ed0ad16afe3ad8e630fd13d8a017dcbd54ef3?s=96&d=mm&r=g\",\"caption\":\"Bilgin \u00d6z\u00e7ift\u00e7i\"},\"logo\":{\"@id\":\"https:\/\/avrupapress.com\/#\/schema\/person\/image\/\"},\"description\":\"Ne ben, nede sen... Biz ancak \\\"biz\\\" olursak g\u00fc\u00e7l\u00fc olabiliriz\"},{\"@type\":\"Person\",\"@id\":\"https:\/\/avrupapress.com\/#\/schema\/person\/68428444ec60970d1e1b700cf4ca1e8f\",\"name\":\"Edit\u00f6r\",\"image\":{\"@type\":\"ImageObject\",\"inLanguage\":\"fr-BE\",\"@id\":\"https:\/\/avrupapress.com\/#\/schema\/person\/image\/\",\"url\":\"https:\/\/secure.gravatar.com\/avatar\/74996b0977aa5f1559ba9883776652508b229005c0d78fb2597897f0bd651c09?s=96&d=mm&r=g\",\"contentUrl\":\"https:\/\/secure.gravatar.com\/avatar\/74996b0977aa5f1559ba9883776652508b229005c0d78fb2597897f0bd651c09?s=96&d=mm&r=g\",\"caption\":\"Edit\u00f6r\"},\"sameAs\":[\"http:\/\/www.avrupapress.com\"],\"url\":\"https:\/\/avrupapress.com\/main\/author\/editor\/\"}]}<\/script>\n<!-- \/ Yoast SEO plugin. -->","yoast_head_json":{"title":"Amsterdam Positillion Otel ve Kongre Merkezi\u2019nde Sa\u011fl\u0131k Turizmi Fuar\u0131 d\u00fczenlenecek.... - AvrupaPress","robots":{"index":"index","follow":"follow","max-snippet":"max-snippet:-1","max-image-preview":"max-image-preview:large","max-video-preview":"max-video-preview:-1"},"canonical":"https:\/\/avrupapress.com\/main\/2022\/05\/17\/amsterdam-positillion-otel-ve-kongre-merkezinde-saglik-turizmi-fuari-duzenlenecek\/","og_locale":"fr_FR","og_type":"article","og_title":"Amsterdam Positillion Otel ve Kongre Merkezi\u2019nde Sa\u011fl\u0131k Turizmi Fuar\u0131 d\u00fczenlenecek.... - AvrupaPress","og_description":"Amsterdam Positillion Otel ve Kongre Merkezi\u2019nde 20 \u2013 21 May\u0131s 2022 tarihlerinde, TOBB, DE\u0130K, OHSAD, M\u00dcS\u0130AD Hollanda ve HOT\u0130AD\u2019\u0131n destekleriyle Amsterdam Sa\u011fl\u0131k Turizmi Fuar\u0131 d\u00fczenlenecektir. Etkinlik \u00e7er\u00e7evesinde T\u00fcrkiye\u2019nin \u00f6nde gelen 56 sa\u011fl\u0131k hizmeti sunucusu Amsterdam&rsquo;da olacakt\u0131r. Hastaneler, di\u015f klinikleri, t\u00fcp bebek klinikleri, sa\u00e7 ekim merkezleri, estetik klinikleri ve termal turizm merkezleri\u2019nin yer alaca\u011f\u0131 fuar kapsam\u0131nda [&hellip;]","og_url":"https:\/\/avrupapress.com\/main\/2022\/05\/17\/amsterdam-positillion-otel-ve-kongre-merkezinde-saglik-turizmi-fuari-duzenlenecek\/","og_site_name":"AvrupaPress","article_published_time":"2022-05-17T20:29:20+00:00","article_modified_time":"2022-05-18T19:31:02+00:00","og_image":[{"width":1182,"height":1182,"url":"https:\/\/avrupapress.com\/main\/wp-content\/uploads\/2022\/05\/thumbnail_IMG-20220510-WA0000.jpg","type":"image\/jpeg"}],"author":"Edit\u00f6r","twitter_card":"summary_large_image","twitter_misc":{"\u00c9crit par":"Edit\u00f6r","Dur\u00e9e de lecture est.":"2 minutes"},"schema":{"@context":"https:\/\/schema.org","@graph":[{"@type":"Article","@id":"https:\/\/avrupapress.com\/main\/2022\/05\/17\/amsterdam-positillion-otel-ve-kongre-merkezinde-saglik-turizmi-fuari-duzenlenecek\/#article","isPartOf":{"@id":"https:\/\/avrupapress.com\/main\/2022\/05\/17\/amsterdam-positillion-otel-ve-kongre-merkezinde-saglik-turizmi-fuari-duzenlenecek\/"},"author":{"name":"Edit\u00f6r","@id":"https:\/\/avrupapress.com\/#\/schema\/person\/68428444ec60970d1e1b700cf4ca1e8f"},"headline":"Amsterdam Positillion Otel ve Kongre Merkezi\u2019nde Sa\u011fl\u0131k Turizmi Fuar\u0131 d\u00fczenlenecek&#8230;.","datePublished":"2022-05-17T20:29:20+00:00","dateModified":"2022-05-18T19:31:02+00:00","mainEntityOfPage":{"@id":"https:\/\/avrupapress.com\/main\/2022\/05\/17\/amsterdam-positillion-otel-ve-kongre-merkezinde-saglik-turizmi-fuari-duzenlenecek\/"},"wordCount":297,"publisher":{"@id":"https:\/\/avrupapress.com\/#\/schema\/person\/0223dca19c72c43575bf30d1a2d8f4fa"},"image":{"@id":"https:\/\/avrupapress.com\/main\/2022\/05\/17\/amsterdam-positillion-otel-ve-kongre-merkezinde-saglik-turizmi-fuari-duzenlenecek\/#primaryimage"},"thumbnailUrl":"https:\/\/avrupapress.com\/main\/wp-content\/uploads\/2022\/05\/thumbnail_IMG-20220510-WA0000.jpg","articleSection":["Avrupa","Bel\u00e7ika","D\u00fcnya","Ekonomi","K\u00fclt\u00fcr-Sanat","Spor","Tan\u0131t\u0131m","T\u00fcrkiye"],"inLanguage":"fr-BE"},{"@type":"WebPage","@id":"https:\/\/avrupapress.com\/main\/2022\/05\/17\/amsterdam-positillion-otel-ve-kongre-merkezinde-saglik-turizmi-fuari-duzenlenecek\/","url":"https:\/\/avrupapress.com\/main\/2022\/05\/17\/amsterdam-positillion-otel-ve-kongre-merkezinde-saglik-turizmi-fuari-duzenlenecek\/","name":"Amsterdam Positillion Otel ve Kongre Merkezi\u2019nde Sa\u011fl\u0131k Turizmi Fuar\u0131 d\u00fczenlenecek.... - AvrupaPress","isPartOf":{"@id":"https:\/\/avrupapress.com\/#website"},"primaryImageOfPage":{"@id":"https:\/\/avrupapress.com\/main\/2022\/05\/17\/amsterdam-positillion-otel-ve-kongre-merkezinde-saglik-turizmi-fuari-duzenlenecek\/#primaryimage"},"image":{"@id":"https:\/\/avrupapress.com\/main\/2022\/05\/17\/amsterdam-positillion-otel-ve-kongre-merkezinde-saglik-turizmi-fuari-duzenlenecek\/#primaryimage"},"thumbnailUrl":"https:\/\/avrupapress.com\/main\/wp-content\/uploads\/2022\/05\/thumbnail_IMG-20220510-WA0000.jpg","datePublished":"2022-05-17T20:29:20+00:00","dateModified":"2022-05-18T19:31:02+00:00","breadcrumb":{"@id":"https:\/\/avrupapress.com\/main\/2022\/05\/17\/amsterdam-positillion-otel-ve-kongre-merkezinde-saglik-turizmi-fuari-duzenlenecek\/#breadcrumb"},"inLanguage":"fr-BE","potentialAction":[{"@type":"ReadAction","target":["https:\/\/avrupapress.com\/main\/2022\/05\/17\/amsterdam-positillion-otel-ve-kongre-merkezinde-saglik-turizmi-fuari-duzenlenecek\/"]}]},{"@type":"ImageObject","inLanguage":"fr-BE","@id":"https:\/\/avrupapress.com\/main\/2022\/05\/17\/amsterdam-positillion-otel-ve-kongre-merkezinde-saglik-turizmi-fuari-duzenlenecek\/#primaryimage","url":"https:\/\/avrupapress.com\/main\/wp-content\/uploads\/2022\/05\/thumbnail_IMG-20220510-WA0000.jpg","contentUrl":"https:\/\/avrupapress.com\/main\/wp-content\/uploads\/2022\/05\/thumbnail_IMG-20220510-WA0000.jpg","width":1182,"height":1182},{"@type":"BreadcrumbList","@id":"https:\/\/avrupapress.com\/main\/2022\/05\/17\/amsterdam-positillion-otel-ve-kongre-merkezinde-saglik-turizmi-fuari-duzenlenecek\/#breadcrumb","itemListElement":[{"@type":"ListItem","position":1,"name":"Anasayfa","item":"https:\/\/avrupapress.com\/"},{"@type":"ListItem","position":2,"name":"Amsterdam Positillion Otel ve Kongre Merkezi\u2019nde Sa\u011fl\u0131k Turizmi Fuar\u0131 d\u00fczenlenecek&#8230;."}]},{"@type":"WebSite","@id":"https:\/\/avrupapress.com\/#website","url":"https:\/\/avrupapress.com\/","name":"AvrupaPress","description":"Haberin Adresi","publisher":{"@id":"https:\/\/avrupapress.com\/#\/schema\/person\/0223dca19c72c43575bf30d1a2d8f4fa"},"potentialAction":[{"@type":"SearchAction","target":{"@type":"EntryPoint","urlTemplate":"https:\/\/avrupapress.com\/?s={search_term_string}"},"query-input":{"@type":"PropertyValueSpecification","valueRequired":true,"valueName":"search_term_string"}}],"inLanguage":"fr-BE"},{"@type":["Person","Organization"],"@id":"https:\/\/avrupapress.com\/#\/schema\/person\/0223dca19c72c43575bf30d1a2d8f4fa","name":"Bilgin \u00d6z\u00e7ift\u00e7i","image":{"@type":"ImageObject","inLanguage":"fr-BE","@id":"https:\/\/avrupapress.com\/#\/schema\/person\/image\/","url":"https:\/\/secure.gravatar.com\/avatar\/0f23b280433a21e1ea7a0adcc46ed0ad16afe3ad8e630fd13d8a017dcbd54ef3?s=96&d=mm&r=g","contentUrl":"https:\/\/secure.gravatar.com\/avatar\/0f23b280433a21e1ea7a0adcc46ed0ad16afe3ad8e630fd13d8a017dcbd54ef3?s=96&d=mm&r=g","caption":"Bilgin \u00d6z\u00e7ift\u00e7i"},"logo":{"@id":"https:\/\/avrupapress.com\/#\/schema\/person\/image\/"},"description":"Ne ben, nede sen... Biz ancak \"biz\" olursak g\u00fc\u00e7l\u00fc olabiliriz"},{"@type":"Person","@id":"https:\/\/avrupapress.com\/#\/schema\/person\/68428444ec60970d1e1b700cf4ca1e8f","name":"Edit\u00f6r","image":{"@type":"ImageObject","inLanguage":"fr-BE","@id":"https:\/\/avrupapress.com\/#\/schema\/person\/image\/","url":"https:\/\/secure.gravatar.com\/avatar\/74996b0977aa5f1559ba9883776652508b229005c0d78fb2597897f0bd651c09?s=96&d=mm&r=g","contentUrl":"https:\/\/secure.gravatar.com\/avatar\/74996b0977aa5f1559ba9883776652508b229005c0d78fb2597897f0bd651c09?s=96&d=mm&r=g","caption":"Edit\u00f6r"},"sameAs":["http:\/\/www.avrupapress.com"],"url":"https:\/\/avrupapress.com\/main\/author\/editor\/"}]}},"_links":{"self":[{"href":"https:\/\/avrupapress.com\/main\/wp-json\/wp\/v2\/posts\/18916","targetHints":{"allow":["GET"]}}],"collection":[{"href":"https:\/\/avrupapress.com\/main\/wp-json\/wp\/v2\/posts"}],"about":[{"href":"https:\/\/avrupapress.com\/main\/wp-json\/wp\/v2\/types\/post"}],"author":[{"embeddable":true,"href":"https:\/\/avrupapress.com\/main\/wp-json\/wp\/v2\/users\/3"}],"replies":[{"embeddable":true,"href":"https:\/\/avrupapress.com\/main\/wp-json\/wp\/v2\/comments?post=18916"}],"version-history":[{"count":2,"href":"https:\/\/avrupapress.com\/main\/wp-json\/wp\/v2\/posts\/18916\/revisions"}],"predecessor-version":[{"id":18936,"href":"https:\/\/avrupapress.com\/main\/wp-json\/wp\/v2\/posts\/18916\/revisions\/18936"}],"wp:featuredmedia":[{"embeddable":true,"href":"https:\/\/avrupapress.com\/main\/wp-json\/wp\/v2\/media\/18917"}],"wp:attachment":[{"href":"https:\/\/avrupapress.com\/main\/wp-json\/wp\/v2\/media?parent=18916"}],"wp:term":[{"taxonomy":"category","embeddable":true,"href":"https:\/\/avrupapress.com\/main\/wp-json\/wp\/v2\/categories?post=18916"},{"taxonomy":"post_tag","embeddable":true,"href":"https:\/\/avrupapress.com\/main\/wp-json\/wp\/v2\/tags?post=18916"}],"curies":[{"name":"wp","href":"https:\/\/api.w.org\/{rel}","templated":true}]}}