{"id":18909,"date":"2022-05-17T20:07:28","date_gmt":"2022-05-17T20:07:28","guid":{"rendered":"https:\/\/avrupapress.com\/main\/?p=18909"},"modified":"2022-05-17T20:07:55","modified_gmt":"2022-05-17T20:07:55","slug":"ithalat-ihracat-yuku-tasiyan-dolu-araclarin-yuzde-17si-ro-ro-kullandi","status":"publish","type":"post","link":"https:\/\/avrupapress.com\/main\/2022\/05\/17\/ithalat-ihracat-yuku-tasiyan-dolu-araclarin-yuzde-17si-ro-ro-kullandi\/","title":{"rendered":"\u0130THALAT-\u0130HRACAT Y\u00dcK\u00dc TA\u015eIYAN DOLU ARA\u00c7LARIN Y\u00dcZDE 17\u2019S\u0130 RO-RO KULLANDI"},"content":{"rendered":"<p><b>T\u00fcrkiye\u2019nin ithalat-ihracat ta\u015f\u0131mac\u0131l\u0131\u011f\u0131nda Ro-Ro kullan\u0131m\u0131 yayg\u0131nla\u015f\u0131yor. Ge\u00e7en y\u0131l ihracat-ithalat y\u00fck\u00fc ta\u015f\u0131yan dolu ara\u00e7lar\u0131n yakla\u015f\u0131k y\u00fczde 17\u2019si Ro-Ro seferlerini kulland\u0131. Ares Logistics Kurucu Orta\u011f\u0131 Engin K\u0131rc\u0131, Avrupa ve Kuzey Afrika ta\u015f\u0131malar\u0131nda yo\u011funlukla kulland\u0131klar\u0131 Ro-Ro gemilerinin, zaman\u0131nda teslimat a\u00e7\u0131s\u0131ndan \u00f6nemli avantajlar sundu\u011funu ve artan uluslararas\u0131 ticaret hacmine \u00f6nemli katk\u0131 sa\u011flad\u0131\u011f\u0131n\u0131 s\u00f6yledi.\u00a0<\/b><\/p>\n<p class=\"x_MsoNormal\">\u00dc\u00e7 taraf\u0131 denizlerle \u00e7evrili T\u00fcrkiye\u2019nin uluslararas\u0131 y\u00fck ta\u015f\u0131mac\u0131l\u0131\u011f\u0131nda Ro-Ro kullan\u0131m\u0131 art\u0131yor. Merkez Bankas\u0131 verilerine g\u00f6re, ge\u00e7en y\u0131l yerli ve yabanc\u0131 1 milyon 932 bin 722 ara\u00e7 ihracat y\u00fck\u00fc, 771 bin 897 ara\u00e7 ithalat y\u00fck\u00fc ta\u015f\u0131rken bunlar\u0131n 467 bin 458\u2019i Ro-Ro gemilerini kulland\u0131. B\u00f6ylece ge\u00e7en y\u0131l ihracat-ithalat y\u00fck\u00fc ta\u015f\u0131yan ara\u00e7larda Ro-Ro kullan\u0131m\u0131 y\u00fczde 17,3 oldu.<\/p>\n<p class=\"x_MsoNormal\"><b>\u201cRo-Ro gemileri Orta ve Bat\u0131 Avrupa\u2019ya ula\u015f\u0131m\u0131 kolayla\u015ft\u0131rd\u0131\u201d\u00a0<\/b><\/p>\n<p class=\"x_MsoNormal\">T\u00fcrkiye\u2019nin en geni\u015f \u00f6zmal t\u0131r filolar\u0131ndan birine sahip olan ve ta\u015f\u0131malar\u0131nda Ro-Ro gemilerini yayg\u0131n olarak kullanan Ares Logistics\u2019in Kurucu Orta\u011f\u0131 Engin K\u0131rc\u0131, Ro-Ro ile y\u00fck ta\u015f\u0131mac\u0131l\u0131\u011f\u0131n\u0131n pandemi d\u00f6neminde T\u00fcrk ihracat\u00e7\u0131s\u0131na ve lojistik sekt\u00f6r\u00fcne \u00f6nemli kolayl\u0131klar sa\u011flad\u0131\u011f\u0131n\u0131 belirtti.<\/p>\n<p class=\"x_MsoNormal\">Salg\u0131n nedeniyle k\u00fcresel ticarette ciddi engellerle kar\u015f\u0131la\u015f\u0131ld\u0131\u011f\u0131n\u0131 an\u0131msatan K\u0131rc\u0131,\u00a0<i>\u201cT\u00fcrkiye\u2019nin lojistik kolayl\u0131klar\u0131 sayesinde \u00fclkemiz ihracat\u00e7\u0131s\u0131 ise \u00f6zellikle Uzak Do\u011fu \u00fclkeleriyle rekabet etti\u011fi sekt\u00f6rlerde bir ad\u0131m \u00f6ne ge\u00e7ti. Bunun bir nedeni de Ro-Ro ta\u015f\u0131mac\u0131l\u0131\u011f\u0131 sayesinde Avrupa ve hedef pazarlara kolay ula\u015f\u0131labilmesiydi. \u00d6zellikle ihracat\u0131n artmas\u0131yla s\u0131n\u0131rlarda olu\u015fan kuyruklar\u0131 a\u015fmak zorla\u015ft\u0131\u011f\u0131nda, Ro-Ro\u2019nun avantaj\u0131yla Orta ve Bat\u0131 Avrupa\u2019ya ula\u015fmam\u0131z \u00e7ok daha kolay olabildi.\u201d de\u011ferlendirmesinde bulundu.\u00a0<\/i><\/p>\n<p class=\"x_MsoNormal\"><i>\u00a0<\/i><\/p>\n<p class=\"x_MsoNormal\"><b>\u201cRo-Ro ve Multimodal Ta\u015f\u0131malar ile Ye\u015fil Mutabakat\u2019a Uyum H\u0131zlan\u0131r\u201d\u00a0<\/b><\/p>\n<p class=\"x_MsoNormal\">K\u0131rc\u0131, ta\u015f\u0131malar\u0131n\u0131n y\u00fczde 78\u2018inde Ro-Ro seferlerini kulland\u0131klar\u0131n\u0131 anlatarak, Ro-Ro ta\u015f\u0131mac\u0131l\u0131\u011f\u0131n\u0131n karbon sal\u0131m\u0131n\u0131 azaltt\u0131\u011f\u0131na dikkati \u00e7ekti. K\u0131rc\u0131,\u00a0<i>\u201cAvrupa Ye\u015fil Mutabakat\u2019a uyum \u00e7al\u0131\u015fmalar\u0131n\u0131n h\u0131z kazand\u0131\u011f\u0131 g\u00fcn\u00fcm\u00fczde Ro-Ro kullan\u0131m\u0131 ve multimodal ta\u015f\u0131mac\u0131l\u0131k daha da \u00f6nemli hale geliyor.\u201d<\/i>\u00a0diye konu\u015ftu.<\/p>\n<p class=\"x_MsoNormal\"><b>\u201cAvrupa ve Akdeniz hatlar\u0131nda Ro-Ro kullan\u0131m\u0131n\u0131 art\u0131r\u0131yoruz\u201d\u00a0<\/b><\/p>\n<p class=\"x_MsoNormal\">\u015eirket olarak \u00f6zellikle Akdeniz \u00fclkeleri ile T\u00fcrkiye aras\u0131nda ger\u00e7ekle\u015ftirdikleri ta\u015f\u0131malarda Ro-Ro hatt\u0131n\u0131 yo\u011fun olarak kulland\u0131klar\u0131n\u0131 s\u00f6yleyen K\u0131rc\u0131, Yalova\u2019dan Fransa\u2019n\u0131n Sete Liman\u0131\u2019na ya da \u0130zmir\u2019den \u0130spanya\u2019n\u0131n Tarragona Liman\u0131\u2019na gittiklerini akabinde \u0130spanya, Fransa, Portekiz, Fas ve Tunus\u2019a ula\u015ft\u0131klar\u0131n\u0131 ifade etti.<\/p>\n<p><img loading=\"lazy\" decoding=\"async\" class=\"alignnone size-medium wp-image-18910\" src=\"https:\/\/avrupapress.com\/main\/wp-content\/uploads\/2022\/05\/thumbnail_AresLogistics_Arac_Son-300x200.jpg\" alt=\"\" width=\"300\" height=\"200\" srcset=\"https:\/\/avrupapress.com\/main\/wp-content\/uploads\/2022\/05\/thumbnail_AresLogistics_Arac_Son-300x200.jpg 300w, https:\/\/avrupapress.com\/main\/wp-content\/uploads\/2022\/05\/thumbnail_AresLogistics_Arac_Son-1024x682.jpg 1024w, https:\/\/avrupapress.com\/main\/wp-content\/uploads\/2022\/05\/thumbnail_AresLogistics_Arac_Son-768x512.jpg 768w, https:\/\/avrupapress.com\/main\/wp-content\/uploads\/2022\/05\/thumbnail_AresLogistics_Arac_Son.jpg 1280w\" sizes=\"auto, (max-width: 300px) 100vw, 300px\" \/><\/p>\n<p><img loading=\"lazy\" decoding=\"async\" class=\"alignnone size-medium wp-image-18911\" src=\"https:\/\/avrupapress.com\/main\/wp-content\/uploads\/2022\/05\/AresLogistics_RoRo_Foto-300x189.jpg\" alt=\"\" width=\"300\" height=\"189\" srcset=\"https:\/\/avrupapress.com\/main\/wp-content\/uploads\/2022\/05\/AresLogistics_RoRo_Foto-300x189.jpg 300w, https:\/\/avrupapress.com\/main\/wp-content\/uploads\/2022\/05\/AresLogistics_RoRo_Foto-1024x646.jpg 1024w, https:\/\/avrupapress.com\/main\/wp-content\/uploads\/2022\/05\/AresLogistics_RoRo_Foto-768x485.jpg 768w, https:\/\/avrupapress.com\/main\/wp-content\/uploads\/2022\/05\/AresLogistics_RoRo_Foto.jpg 1535w\" sizes=\"auto, (max-width: 300px) 100vw, 300px\" \/><\/p>\n<p><img loading=\"lazy\" decoding=\"async\" class=\"alignnone size-medium wp-image-18912\" src=\"https:\/\/avrupapress.com\/main\/wp-content\/uploads\/2022\/05\/thumbnail_AresLogisticsKurucuOrtagi-300x200.jpg\" alt=\"\" width=\"300\" height=\"200\" srcset=\"https:\/\/avrupapress.com\/main\/wp-content\/uploads\/2022\/05\/thumbnail_AresLogisticsKurucuOrtagi-300x200.jpg 300w, https:\/\/avrupapress.com\/main\/wp-content\/uploads\/2022\/05\/thumbnail_AresLogisticsKurucuOrtagi-1024x682.jpg 1024w, https:\/\/avrupapress.com\/main\/wp-content\/uploads\/2022\/05\/thumbnail_AresLogisticsKurucuOrtagi-768x511.jpg 768w, https:\/\/avrupapress.com\/main\/wp-content\/uploads\/2022\/05\/thumbnail_AresLogisticsKurucuOrtagi.jpg 1280w\" sizes=\"auto, (max-width: 300px) 100vw, 300px\" \/><\/p>\n<p><strong>www.avrupapress.com<\/strong><\/p>\n<p class=\"x_MsoNormal\">\n","protected":false},"excerpt":{"rendered":"<p>T\u00fcrkiye\u2019nin ithalat-ihracat ta\u015f\u0131mac\u0131l\u0131\u011f\u0131nda Ro-Ro kullan\u0131m\u0131 yayg\u0131nla\u015f\u0131yor. Ge\u00e7en y\u0131l ihracat-ithalat y\u00fck\u00fc ta\u015f\u0131yan dolu ara\u00e7lar\u0131n yakla\u015f\u0131k y\u00fczde 17\u2019si Ro-Ro seferlerini kulland\u0131. Ares Logistics Kurucu Orta\u011f\u0131 Engin K\u0131rc\u0131, Avrupa ve Kuzey Afrika ta\u015f\u0131malar\u0131nda yo\u011funlukla kulland\u0131klar\u0131 Ro-Ro gemilerinin, zaman\u0131nda teslimat a\u00e7\u0131s\u0131ndan \u00f6nemli avantajlar sundu\u011funu ve artan uluslararas\u0131 ticaret hacmine \u00f6nemli katk\u0131 sa\u011flad\u0131\u011f\u0131n\u0131 s\u00f6yledi.\u00a0 \u00dc\u00e7 taraf\u0131 denizlerle \u00e7evrili T\u00fcrkiye\u2019nin uluslararas\u0131 [&hellip;]<\/p>\n","protected":false},"author":3,"featured_media":18911,"comment_status":"closed","ping_status":"open","sticky":false,"template":"","format":"standard","meta":{"footnotes":""},"categories":[14,16,3,17,18,19,2],"tags":[],"class_list":["post-18909","post","type-post","status-publish","format-standard","has-post-thumbnail","hentry","category-avrupa","category-belcika","category-dunya","category-ekonomi","category-kultur-sanat","category-tanitim","category-turkiye"],"yoast_head":"<!-- This site is optimized with the Yoast SEO plugin v26.9 - https:\/\/yoast.com\/product\/yoast-seo-wordpress\/ -->\n<title>\u0130THALAT-\u0130HRACAT Y\u00dcK\u00dc TA\u015eIYAN DOLU ARA\u00c7LARIN Y\u00dcZDE 17\u2019S\u0130 RO-RO KULLANDI - AvrupaPress<\/title>\n<meta name=\"robots\" content=\"index, follow, max-snippet:-1, max-image-preview:large, max-video-preview:-1\" \/>\n<link rel=\"canonical\" href=\"https:\/\/avrupapress.com\/main\/2022\/05\/17\/ithalat-ihracat-yuku-tasiyan-dolu-araclarin-yuzde-17si-ro-ro-kullandi\/\" \/>\n<meta property=\"og:locale\" content=\"fr_FR\" \/>\n<meta property=\"og:type\" content=\"article\" \/>\n<meta property=\"og:title\" content=\"\u0130THALAT-\u0130HRACAT Y\u00dcK\u00dc TA\u015eIYAN DOLU ARA\u00c7LARIN Y\u00dcZDE 17\u2019S\u0130 RO-RO KULLANDI - AvrupaPress\" \/>\n<meta property=\"og:description\" content=\"T\u00fcrkiye\u2019nin ithalat-ihracat ta\u015f\u0131mac\u0131l\u0131\u011f\u0131nda Ro-Ro kullan\u0131m\u0131 yayg\u0131nla\u015f\u0131yor. Ge\u00e7en y\u0131l ihracat-ithalat y\u00fck\u00fc ta\u015f\u0131yan dolu ara\u00e7lar\u0131n yakla\u015f\u0131k y\u00fczde 17\u2019si Ro-Ro seferlerini kulland\u0131. Ares Logistics Kurucu Orta\u011f\u0131 Engin K\u0131rc\u0131, Avrupa ve Kuzey Afrika ta\u015f\u0131malar\u0131nda yo\u011funlukla kulland\u0131klar\u0131 Ro-Ro gemilerinin, zaman\u0131nda teslimat a\u00e7\u0131s\u0131ndan \u00f6nemli avantajlar sundu\u011funu ve artan uluslararas\u0131 ticaret hacmine \u00f6nemli katk\u0131 sa\u011flad\u0131\u011f\u0131n\u0131 s\u00f6yledi.\u00a0 \u00dc\u00e7 taraf\u0131 denizlerle \u00e7evrili T\u00fcrkiye\u2019nin uluslararas\u0131 [&hellip;]\" \/>\n<meta property=\"og:url\" content=\"https:\/\/avrupapress.com\/main\/2022\/05\/17\/ithalat-ihracat-yuku-tasiyan-dolu-araclarin-yuzde-17si-ro-ro-kullandi\/\" \/>\n<meta property=\"og:site_name\" content=\"AvrupaPress\" \/>\n<meta property=\"article:published_time\" content=\"2022-05-17T20:07:28+00:00\" \/>\n<meta property=\"article:modified_time\" content=\"2022-05-17T20:07:55+00:00\" \/>\n<meta property=\"og:image\" content=\"https:\/\/avrupapress.com\/main\/wp-content\/uploads\/2022\/05\/AresLogistics_RoRo_Foto.jpg\" \/>\n\t<meta property=\"og:image:width\" content=\"1535\" \/>\n\t<meta property=\"og:image:height\" content=\"969\" \/>\n\t<meta property=\"og:image:type\" content=\"image\/jpeg\" \/>\n<meta name=\"author\" content=\"Edit\u00f6r\" \/>\n<meta name=\"twitter:card\" content=\"summary_large_image\" \/>\n<meta name=\"twitter:label1\" content=\"\u00c9crit par\" \/>\n\t<meta name=\"twitter:data1\" content=\"Edit\u00f6r\" \/>\n\t<meta name=\"twitter:label2\" content=\"Dur\u00e9e de lecture est.\" \/>\n\t<meta name=\"twitter:data2\" content=\"3 minutes\" \/>\n<script type=\"application\/ld+json\" class=\"yoast-schema-graph\">{\"@context\":\"https:\/\/schema.org\",\"@graph\":[{\"@type\":\"Article\",\"@id\":\"https:\/\/avrupapress.com\/main\/2022\/05\/17\/ithalat-ihracat-yuku-tasiyan-dolu-araclarin-yuzde-17si-ro-ro-kullandi\/#article\",\"isPartOf\":{\"@id\":\"https:\/\/avrupapress.com\/main\/2022\/05\/17\/ithalat-ihracat-yuku-tasiyan-dolu-araclarin-yuzde-17si-ro-ro-kullandi\/\"},\"author\":{\"name\":\"Edit\u00f6r\",\"@id\":\"https:\/\/avrupapress.com\/#\/schema\/person\/68428444ec60970d1e1b700cf4ca1e8f\"},\"headline\":\"\u0130THALAT-\u0130HRACAT Y\u00dcK\u00dc TA\u015eIYAN DOLU ARA\u00c7LARIN Y\u00dcZDE 17\u2019S\u0130 RO-RO KULLANDI\",\"datePublished\":\"2022-05-17T20:07:28+00:00\",\"dateModified\":\"2022-05-17T20:07:55+00:00\",\"mainEntityOfPage\":{\"@id\":\"https:\/\/avrupapress.com\/main\/2022\/05\/17\/ithalat-ihracat-yuku-tasiyan-dolu-araclarin-yuzde-17si-ro-ro-kullandi\/\"},\"wordCount\":481,\"publisher\":{\"@id\":\"https:\/\/avrupapress.com\/#\/schema\/person\/0223dca19c72c43575bf30d1a2d8f4fa\"},\"image\":{\"@id\":\"https:\/\/avrupapress.com\/main\/2022\/05\/17\/ithalat-ihracat-yuku-tasiyan-dolu-araclarin-yuzde-17si-ro-ro-kullandi\/#primaryimage\"},\"thumbnailUrl\":\"https:\/\/avrupapress.com\/main\/wp-content\/uploads\/2022\/05\/AresLogistics_RoRo_Foto.jpg\",\"articleSection\":[\"Avrupa\",\"Bel\u00e7ika\",\"D\u00fcnya\",\"Ekonomi\",\"K\u00fclt\u00fcr-Sanat\",\"Tan\u0131t\u0131m\",\"T\u00fcrkiye\"],\"inLanguage\":\"fr-BE\"},{\"@type\":\"WebPage\",\"@id\":\"https:\/\/avrupapress.com\/main\/2022\/05\/17\/ithalat-ihracat-yuku-tasiyan-dolu-araclarin-yuzde-17si-ro-ro-kullandi\/\",\"url\":\"https:\/\/avrupapress.com\/main\/2022\/05\/17\/ithalat-ihracat-yuku-tasiyan-dolu-araclarin-yuzde-17si-ro-ro-kullandi\/\",\"name\":\"\u0130THALAT-\u0130HRACAT Y\u00dcK\u00dc TA\u015eIYAN DOLU ARA\u00c7LARIN Y\u00dcZDE 17\u2019S\u0130 RO-RO KULLANDI - AvrupaPress\",\"isPartOf\":{\"@id\":\"https:\/\/avrupapress.com\/#website\"},\"primaryImageOfPage\":{\"@id\":\"https:\/\/avrupapress.com\/main\/2022\/05\/17\/ithalat-ihracat-yuku-tasiyan-dolu-araclarin-yuzde-17si-ro-ro-kullandi\/#primaryimage\"},\"image\":{\"@id\":\"https:\/\/avrupapress.com\/main\/2022\/05\/17\/ithalat-ihracat-yuku-tasiyan-dolu-araclarin-yuzde-17si-ro-ro-kullandi\/#primaryimage\"},\"thumbnailUrl\":\"https:\/\/avrupapress.com\/main\/wp-content\/uploads\/2022\/05\/AresLogistics_RoRo_Foto.jpg\",\"datePublished\":\"2022-05-17T20:07:28+00:00\",\"dateModified\":\"2022-05-17T20:07:55+00:00\",\"breadcrumb\":{\"@id\":\"https:\/\/avrupapress.com\/main\/2022\/05\/17\/ithalat-ihracat-yuku-tasiyan-dolu-araclarin-yuzde-17si-ro-ro-kullandi\/#breadcrumb\"},\"inLanguage\":\"fr-BE\",\"potentialAction\":[{\"@type\":\"ReadAction\",\"target\":[\"https:\/\/avrupapress.com\/main\/2022\/05\/17\/ithalat-ihracat-yuku-tasiyan-dolu-araclarin-yuzde-17si-ro-ro-kullandi\/\"]}]},{\"@type\":\"ImageObject\",\"inLanguage\":\"fr-BE\",\"@id\":\"https:\/\/avrupapress.com\/main\/2022\/05\/17\/ithalat-ihracat-yuku-tasiyan-dolu-araclarin-yuzde-17si-ro-ro-kullandi\/#primaryimage\",\"url\":\"https:\/\/avrupapress.com\/main\/wp-content\/uploads\/2022\/05\/AresLogistics_RoRo_Foto.jpg\",\"contentUrl\":\"https:\/\/avrupapress.com\/main\/wp-content\/uploads\/2022\/05\/AresLogistics_RoRo_Foto.jpg\",\"width\":1535,\"height\":969},{\"@type\":\"BreadcrumbList\",\"@id\":\"https:\/\/avrupapress.com\/main\/2022\/05\/17\/ithalat-ihracat-yuku-tasiyan-dolu-araclarin-yuzde-17si-ro-ro-kullandi\/#breadcrumb\",\"itemListElement\":[{\"@type\":\"ListItem\",\"position\":1,\"name\":\"Anasayfa\",\"item\":\"https:\/\/avrupapress.com\/\"},{\"@type\":\"ListItem\",\"position\":2,\"name\":\"\u0130THALAT-\u0130HRACAT Y\u00dcK\u00dc TA\u015eIYAN DOLU ARA\u00c7LARIN Y\u00dcZDE 17\u2019S\u0130 RO-RO KULLANDI\"}]},{\"@type\":\"WebSite\",\"@id\":\"https:\/\/avrupapress.com\/#website\",\"url\":\"https:\/\/avrupapress.com\/\",\"name\":\"AvrupaPress\",\"description\":\"Haberin Adresi\",\"publisher\":{\"@id\":\"https:\/\/avrupapress.com\/#\/schema\/person\/0223dca19c72c43575bf30d1a2d8f4fa\"},\"potentialAction\":[{\"@type\":\"SearchAction\",\"target\":{\"@type\":\"EntryPoint\",\"urlTemplate\":\"https:\/\/avrupapress.com\/?s={search_term_string}\"},\"query-input\":{\"@type\":\"PropertyValueSpecification\",\"valueRequired\":true,\"valueName\":\"search_term_string\"}}],\"inLanguage\":\"fr-BE\"},{\"@type\":[\"Person\",\"Organization\"],\"@id\":\"https:\/\/avrupapress.com\/#\/schema\/person\/0223dca19c72c43575bf30d1a2d8f4fa\",\"name\":\"Bilgin \u00d6z\u00e7ift\u00e7i\",\"image\":{\"@type\":\"ImageObject\",\"inLanguage\":\"fr-BE\",\"@id\":\"https:\/\/avrupapress.com\/#\/schema\/person\/image\/\",\"url\":\"https:\/\/secure.gravatar.com\/avatar\/0f23b280433a21e1ea7a0adcc46ed0ad16afe3ad8e630fd13d8a017dcbd54ef3?s=96&d=mm&r=g\",\"contentUrl\":\"https:\/\/secure.gravatar.com\/avatar\/0f23b280433a21e1ea7a0adcc46ed0ad16afe3ad8e630fd13d8a017dcbd54ef3?s=96&d=mm&r=g\",\"caption\":\"Bilgin \u00d6z\u00e7ift\u00e7i\"},\"logo\":{\"@id\":\"https:\/\/avrupapress.com\/#\/schema\/person\/image\/\"},\"description\":\"Ne ben, nede sen... Biz ancak \\\"biz\\\" olursak g\u00fc\u00e7l\u00fc olabiliriz\"},{\"@type\":\"Person\",\"@id\":\"https:\/\/avrupapress.com\/#\/schema\/person\/68428444ec60970d1e1b700cf4ca1e8f\",\"name\":\"Edit\u00f6r\",\"image\":{\"@type\":\"ImageObject\",\"inLanguage\":\"fr-BE\",\"@id\":\"https:\/\/avrupapress.com\/#\/schema\/person\/image\/\",\"url\":\"https:\/\/secure.gravatar.com\/avatar\/74996b0977aa5f1559ba9883776652508b229005c0d78fb2597897f0bd651c09?s=96&d=mm&r=g\",\"contentUrl\":\"https:\/\/secure.gravatar.com\/avatar\/74996b0977aa5f1559ba9883776652508b229005c0d78fb2597897f0bd651c09?s=96&d=mm&r=g\",\"caption\":\"Edit\u00f6r\"},\"sameAs\":[\"http:\/\/www.avrupapress.com\"],\"url\":\"https:\/\/avrupapress.com\/main\/author\/editor\/\"}]}<\/script>\n<!-- \/ Yoast SEO plugin. -->","yoast_head_json":{"title":"\u0130THALAT-\u0130HRACAT Y\u00dcK\u00dc TA\u015eIYAN DOLU ARA\u00c7LARIN Y\u00dcZDE 17\u2019S\u0130 RO-RO KULLANDI - AvrupaPress","robots":{"index":"index","follow":"follow","max-snippet":"max-snippet:-1","max-image-preview":"max-image-preview:large","max-video-preview":"max-video-preview:-1"},"canonical":"https:\/\/avrupapress.com\/main\/2022\/05\/17\/ithalat-ihracat-yuku-tasiyan-dolu-araclarin-yuzde-17si-ro-ro-kullandi\/","og_locale":"fr_FR","og_type":"article","og_title":"\u0130THALAT-\u0130HRACAT Y\u00dcK\u00dc TA\u015eIYAN DOLU ARA\u00c7LARIN Y\u00dcZDE 17\u2019S\u0130 RO-RO KULLANDI - AvrupaPress","og_description":"T\u00fcrkiye\u2019nin ithalat-ihracat ta\u015f\u0131mac\u0131l\u0131\u011f\u0131nda Ro-Ro kullan\u0131m\u0131 yayg\u0131nla\u015f\u0131yor. Ge\u00e7en y\u0131l ihracat-ithalat y\u00fck\u00fc ta\u015f\u0131yan dolu ara\u00e7lar\u0131n yakla\u015f\u0131k y\u00fczde 17\u2019si Ro-Ro seferlerini kulland\u0131. Ares Logistics Kurucu Orta\u011f\u0131 Engin K\u0131rc\u0131, Avrupa ve Kuzey Afrika ta\u015f\u0131malar\u0131nda yo\u011funlukla kulland\u0131klar\u0131 Ro-Ro gemilerinin, zaman\u0131nda teslimat a\u00e7\u0131s\u0131ndan \u00f6nemli avantajlar sundu\u011funu ve artan uluslararas\u0131 ticaret hacmine \u00f6nemli katk\u0131 sa\u011flad\u0131\u011f\u0131n\u0131 s\u00f6yledi.\u00a0 \u00dc\u00e7 taraf\u0131 denizlerle \u00e7evrili T\u00fcrkiye\u2019nin uluslararas\u0131 [&hellip;]","og_url":"https:\/\/avrupapress.com\/main\/2022\/05\/17\/ithalat-ihracat-yuku-tasiyan-dolu-araclarin-yuzde-17si-ro-ro-kullandi\/","og_site_name":"AvrupaPress","article_published_time":"2022-05-17T20:07:28+00:00","article_modified_time":"2022-05-17T20:07:55+00:00","og_image":[{"width":1535,"height":969,"url":"https:\/\/avrupapress.com\/main\/wp-content\/uploads\/2022\/05\/AresLogistics_RoRo_Foto.jpg","type":"image\/jpeg"}],"author":"Edit\u00f6r","twitter_card":"summary_large_image","twitter_misc":{"\u00c9crit par":"Edit\u00f6r","Dur\u00e9e de lecture est.":"3 minutes"},"schema":{"@context":"https:\/\/schema.org","@graph":[{"@type":"Article","@id":"https:\/\/avrupapress.com\/main\/2022\/05\/17\/ithalat-ihracat-yuku-tasiyan-dolu-araclarin-yuzde-17si-ro-ro-kullandi\/#article","isPartOf":{"@id":"https:\/\/avrupapress.com\/main\/2022\/05\/17\/ithalat-ihracat-yuku-tasiyan-dolu-araclarin-yuzde-17si-ro-ro-kullandi\/"},"author":{"name":"Edit\u00f6r","@id":"https:\/\/avrupapress.com\/#\/schema\/person\/68428444ec60970d1e1b700cf4ca1e8f"},"headline":"\u0130THALAT-\u0130HRACAT Y\u00dcK\u00dc TA\u015eIYAN DOLU ARA\u00c7LARIN Y\u00dcZDE 17\u2019S\u0130 RO-RO KULLANDI","datePublished":"2022-05-17T20:07:28+00:00","dateModified":"2022-05-17T20:07:55+00:00","mainEntityOfPage":{"@id":"https:\/\/avrupapress.com\/main\/2022\/05\/17\/ithalat-ihracat-yuku-tasiyan-dolu-araclarin-yuzde-17si-ro-ro-kullandi\/"},"wordCount":481,"publisher":{"@id":"https:\/\/avrupapress.com\/#\/schema\/person\/0223dca19c72c43575bf30d1a2d8f4fa"},"image":{"@id":"https:\/\/avrupapress.com\/main\/2022\/05\/17\/ithalat-ihracat-yuku-tasiyan-dolu-araclarin-yuzde-17si-ro-ro-kullandi\/#primaryimage"},"thumbnailUrl":"https:\/\/avrupapress.com\/main\/wp-content\/uploads\/2022\/05\/AresLogistics_RoRo_Foto.jpg","articleSection":["Avrupa","Bel\u00e7ika","D\u00fcnya","Ekonomi","K\u00fclt\u00fcr-Sanat","Tan\u0131t\u0131m","T\u00fcrkiye"],"inLanguage":"fr-BE"},{"@type":"WebPage","@id":"https:\/\/avrupapress.com\/main\/2022\/05\/17\/ithalat-ihracat-yuku-tasiyan-dolu-araclarin-yuzde-17si-ro-ro-kullandi\/","url":"https:\/\/avrupapress.com\/main\/2022\/05\/17\/ithalat-ihracat-yuku-tasiyan-dolu-araclarin-yuzde-17si-ro-ro-kullandi\/","name":"\u0130THALAT-\u0130HRACAT Y\u00dcK\u00dc TA\u015eIYAN DOLU ARA\u00c7LARIN Y\u00dcZDE 17\u2019S\u0130 RO-RO KULLANDI - AvrupaPress","isPartOf":{"@id":"https:\/\/avrupapress.com\/#website"},"primaryImageOfPage":{"@id":"https:\/\/avrupapress.com\/main\/2022\/05\/17\/ithalat-ihracat-yuku-tasiyan-dolu-araclarin-yuzde-17si-ro-ro-kullandi\/#primaryimage"},"image":{"@id":"https:\/\/avrupapress.com\/main\/2022\/05\/17\/ithalat-ihracat-yuku-tasiyan-dolu-araclarin-yuzde-17si-ro-ro-kullandi\/#primaryimage"},"thumbnailUrl":"https:\/\/avrupapress.com\/main\/wp-content\/uploads\/2022\/05\/AresLogistics_RoRo_Foto.jpg","datePublished":"2022-05-17T20:07:28+00:00","dateModified":"2022-05-17T20:07:55+00:00","breadcrumb":{"@id":"https:\/\/avrupapress.com\/main\/2022\/05\/17\/ithalat-ihracat-yuku-tasiyan-dolu-araclarin-yuzde-17si-ro-ro-kullandi\/#breadcrumb"},"inLanguage":"fr-BE","potentialAction":[{"@type":"ReadAction","target":["https:\/\/avrupapress.com\/main\/2022\/05\/17\/ithalat-ihracat-yuku-tasiyan-dolu-araclarin-yuzde-17si-ro-ro-kullandi\/"]}]},{"@type":"ImageObject","inLanguage":"fr-BE","@id":"https:\/\/avrupapress.com\/main\/2022\/05\/17\/ithalat-ihracat-yuku-tasiyan-dolu-araclarin-yuzde-17si-ro-ro-kullandi\/#primaryimage","url":"https:\/\/avrupapress.com\/main\/wp-content\/uploads\/2022\/05\/AresLogistics_RoRo_Foto.jpg","contentUrl":"https:\/\/avrupapress.com\/main\/wp-content\/uploads\/2022\/05\/AresLogistics_RoRo_Foto.jpg","width":1535,"height":969},{"@type":"BreadcrumbList","@id":"https:\/\/avrupapress.com\/main\/2022\/05\/17\/ithalat-ihracat-yuku-tasiyan-dolu-araclarin-yuzde-17si-ro-ro-kullandi\/#breadcrumb","itemListElement":[{"@type":"ListItem","position":1,"name":"Anasayfa","item":"https:\/\/avrupapress.com\/"},{"@type":"ListItem","position":2,"name":"\u0130THALAT-\u0130HRACAT Y\u00dcK\u00dc TA\u015eIYAN DOLU ARA\u00c7LARIN Y\u00dcZDE 17\u2019S\u0130 RO-RO KULLANDI"}]},{"@type":"WebSite","@id":"https:\/\/avrupapress.com\/#website","url":"https:\/\/avrupapress.com\/","name":"AvrupaPress","description":"Haberin Adresi","publisher":{"@id":"https:\/\/avrupapress.com\/#\/schema\/person\/0223dca19c72c43575bf30d1a2d8f4fa"},"potentialAction":[{"@type":"SearchAction","target":{"@type":"EntryPoint","urlTemplate":"https:\/\/avrupapress.com\/?s={search_term_string}"},"query-input":{"@type":"PropertyValueSpecification","valueRequired":true,"valueName":"search_term_string"}}],"inLanguage":"fr-BE"},{"@type":["Person","Organization"],"@id":"https:\/\/avrupapress.com\/#\/schema\/person\/0223dca19c72c43575bf30d1a2d8f4fa","name":"Bilgin \u00d6z\u00e7ift\u00e7i","image":{"@type":"ImageObject","inLanguage":"fr-BE","@id":"https:\/\/avrupapress.com\/#\/schema\/person\/image\/","url":"https:\/\/secure.gravatar.com\/avatar\/0f23b280433a21e1ea7a0adcc46ed0ad16afe3ad8e630fd13d8a017dcbd54ef3?s=96&d=mm&r=g","contentUrl":"https:\/\/secure.gravatar.com\/avatar\/0f23b280433a21e1ea7a0adcc46ed0ad16afe3ad8e630fd13d8a017dcbd54ef3?s=96&d=mm&r=g","caption":"Bilgin \u00d6z\u00e7ift\u00e7i"},"logo":{"@id":"https:\/\/avrupapress.com\/#\/schema\/person\/image\/"},"description":"Ne ben, nede sen... Biz ancak \"biz\" olursak g\u00fc\u00e7l\u00fc olabiliriz"},{"@type":"Person","@id":"https:\/\/avrupapress.com\/#\/schema\/person\/68428444ec60970d1e1b700cf4ca1e8f","name":"Edit\u00f6r","image":{"@type":"ImageObject","inLanguage":"fr-BE","@id":"https:\/\/avrupapress.com\/#\/schema\/person\/image\/","url":"https:\/\/secure.gravatar.com\/avatar\/74996b0977aa5f1559ba9883776652508b229005c0d78fb2597897f0bd651c09?s=96&d=mm&r=g","contentUrl":"https:\/\/secure.gravatar.com\/avatar\/74996b0977aa5f1559ba9883776652508b229005c0d78fb2597897f0bd651c09?s=96&d=mm&r=g","caption":"Edit\u00f6r"},"sameAs":["http:\/\/www.avrupapress.com"],"url":"https:\/\/avrupapress.com\/main\/author\/editor\/"}]}},"_links":{"self":[{"href":"https:\/\/avrupapress.com\/main\/wp-json\/wp\/v2\/posts\/18909","targetHints":{"allow":["GET"]}}],"collection":[{"href":"https:\/\/avrupapress.com\/main\/wp-json\/wp\/v2\/posts"}],"about":[{"href":"https:\/\/avrupapress.com\/main\/wp-json\/wp\/v2\/types\/post"}],"author":[{"embeddable":true,"href":"https:\/\/avrupapress.com\/main\/wp-json\/wp\/v2\/users\/3"}],"replies":[{"embeddable":true,"href":"https:\/\/avrupapress.com\/main\/wp-json\/wp\/v2\/comments?post=18909"}],"version-history":[{"count":2,"href":"https:\/\/avrupapress.com\/main\/wp-json\/wp\/v2\/posts\/18909\/revisions"}],"predecessor-version":[{"id":18914,"href":"https:\/\/avrupapress.com\/main\/wp-json\/wp\/v2\/posts\/18909\/revisions\/18914"}],"wp:featuredmedia":[{"embeddable":true,"href":"https:\/\/avrupapress.com\/main\/wp-json\/wp\/v2\/media\/18911"}],"wp:attachment":[{"href":"https:\/\/avrupapress.com\/main\/wp-json\/wp\/v2\/media?parent=18909"}],"wp:term":[{"taxonomy":"category","embeddable":true,"href":"https:\/\/avrupapress.com\/main\/wp-json\/wp\/v2\/categories?post=18909"},{"taxonomy":"post_tag","embeddable":true,"href":"https:\/\/avrupapress.com\/main\/wp-json\/wp\/v2\/tags?post=18909"}],"curies":[{"name":"wp","href":"https:\/\/api.w.org\/{rel}","templated":true}]}}