{"id":18903,"date":"2022-05-15T21:10:28","date_gmt":"2022-05-15T21:10:28","guid":{"rendered":"https:\/\/avrupapress.com\/main\/?p=18903"},"modified":"2022-05-15T21:17:45","modified_gmt":"2022-05-15T21:17:45","slug":"kocak-emirdaglilar-vakfi-baskanligina-aday-fotografli","status":"publish","type":"post","link":"https:\/\/avrupapress.com\/main\/2022\/05\/15\/kocak-emirdaglilar-vakfi-baskanligina-aday-fotografli\/","title":{"rendered":"Ko\u00e7ak, Emirda\u011fl\u0131lar Vakf\u0131 Ba\u015fkanl\u0131\u011f\u0131&rsquo;na aday"},"content":{"rendered":"<p class=\"x_MsoNormal\"><b>Eski\u015fehir\u2019deki Emirda\u011fl\u0131lar Sosyal Dayan\u0131\u015fma K\u00fclt\u00fcr ve E\u011fitim Vakf\u0131\u2019n\u0131n, 22. May\u0131s. 2022 tarihinde pazar g\u00fcn\u00fc yap\u0131lacak\u00a0olan ola\u011fan\u00a0kongresinde Av. G\u00fcrler Ko\u00e7ak ba\u015fkanl\u0131\u011fa adayl\u0131\u011f\u0131n\u0131 a\u00e7\u0131klad\u0131.<\/b><\/p>\n<div>\n<p class=\"x_MsoNormal\"><br aria-hidden=\"true\" \/>Av. G\u00fcrler Ko\u00e7ak; \u00ab\u00a0Vakf\u0131m\u0131z\u0131n \u00e7\u0131tas\u0131n\u0131 y\u00fckseltmek, de\u011ferini daha da artt\u0131rmak, kurumsalla\u015fmas\u0131n\u0131 sa\u011flayarak vakf\u0131n emin ad\u0131mlarla sa\u011flam temeller \u00fczerinde gelecek nesillere ta\u015f\u0131nmas\u0131na hizmet etmek \u00fczere ba\u015fkanl\u0131\u011fa aday\u0131m. Amac\u0131m\u0131z, \u00f6ncelikle t\u00fcm Emirda\u011fl\u0131lara ula\u015farak; dayan\u0131\u015fma i\u00e7inde Emirda\u011f\u2019\u0131m\u0131z\u0131n ortak k\u00fclt\u00fcr\u00fcnde birlikteli\u011fi sa\u011flamakt\u0131r. Ekibimiz ile \u00e7\u0131kt\u0131\u011f\u0131m\u0131z bu yolda, Emirda\u011fl\u0131lar Vakf\u0131\u2019na hizmet etmeyi kutsal bir g\u00f6rev olarak g\u00f6r\u00fcyoruz. \u00c7al\u0131\u015fkan ve verimli olmay\u0131 temel ilke olarak benimsiyoruz ve yapaca\u011f\u0131m\u0131z hizmetlerin kal\u0131c\u0131 ve sonraki ku\u015faklara da ula\u015fmas\u0131n\u0131 sa\u011flayacak projeleri hayata ge\u00e7irmek istiyoruz. Bu konuda bug\u00fcne kadar Vak\u0131f\u2019\u0131n i\u00e7inde yapm\u0131\u015f oldu\u011fumuz hizmetlerle ve edindi\u011fimiz tecr\u00fcbeler \u00fczerine, Vakf\u0131n ama\u00e7lar\u0131na hizmet eden bir\u00e7ok projeler \u00fcretmeyi ve ba\u015fkan olur olmaz, Emirda\u011fl\u0131lar\u0131n deste\u011fi ile bu projelerimizi hayata ge\u00e7irmek istiyoruz\u2019\u2019 dedi.<\/p>\n<\/div>\n<p><img loading=\"lazy\" decoding=\"async\" class=\"alignnone size-medium wp-image-18904\" src=\"https:\/\/avrupapress.com\/main\/wp-content\/uploads\/2022\/05\/Av.-Gurler-Kocak.-Eskisehirdeki-Emirdaglilar-Vakfi-Baskan-Adayi.-2-300x300.jpg\" alt=\"\" width=\"300\" height=\"300\" \/><\/p>\n<p><img loading=\"lazy\" decoding=\"async\" class=\"alignnone size-medium wp-image-18905\" src=\"https:\/\/avrupapress.com\/main\/wp-content\/uploads\/2022\/05\/thumbnail_Av.-Gurler-Kocak.-Eskisehirdeki-Emirdaglilar-Vakfi-Baskan-Adayi.-128x300.jpg\" alt=\"\" width=\"128\" height=\"300\" srcset=\"https:\/\/avrupapress.com\/main\/wp-content\/uploads\/2022\/05\/thumbnail_Av.-Gurler-Kocak.-Eskisehirdeki-Emirdaglilar-Vakfi-Baskan-Adayi.-128x300.jpg 128w, https:\/\/avrupapress.com\/main\/wp-content\/uploads\/2022\/05\/thumbnail_Av.-Gurler-Kocak.-Eskisehirdeki-Emirdaglilar-Vakfi-Baskan-Adayi..jpg 438w\" sizes=\"auto, (max-width: 128px) 100vw, 128px\" \/><\/p>\n<div>\n<p class=\"x_MsoNormal\"><b>HABER \/ FOTO\u011eRAF: ERTU\u011eRUL ALTINEL &#8211; B\u0130LG\u0130N \u00d6Z\u00c7\u0130FT\u00c7\u0130 &#8211; AVRUPAPRESS &#8211; BEL\u00c7\u0130KA.<\/b><\/p>\n<\/div>\n","protected":false},"excerpt":{"rendered":"<p>Eski\u015fehir\u2019deki Emirda\u011fl\u0131lar Sosyal Dayan\u0131\u015fma K\u00fclt\u00fcr ve E\u011fitim Vakf\u0131\u2019n\u0131n, 22. May\u0131s. 2022 tarihinde pazar g\u00fcn\u00fc yap\u0131lacak\u00a0olan ola\u011fan\u00a0kongresinde Av. G\u00fcrler Ko\u00e7ak ba\u015fkanl\u0131\u011fa adayl\u0131\u011f\u0131n\u0131 a\u00e7\u0131klad\u0131. Av. G\u00fcrler Ko\u00e7ak; \u00ab\u00a0Vakf\u0131m\u0131z\u0131n \u00e7\u0131tas\u0131n\u0131 y\u00fckseltmek, de\u011ferini daha da artt\u0131rmak, kurumsalla\u015fmas\u0131n\u0131 sa\u011flayarak vakf\u0131n emin ad\u0131mlarla sa\u011flam temeller \u00fczerinde gelecek nesillere ta\u015f\u0131nmas\u0131na hizmet etmek \u00fczere ba\u015fkanl\u0131\u011fa aday\u0131m. Amac\u0131m\u0131z, \u00f6ncelikle t\u00fcm Emirda\u011fl\u0131lara ula\u015farak; dayan\u0131\u015fma i\u00e7inde [&hellip;]<\/p>\n","protected":false},"author":3,"featured_media":18904,"comment_status":"closed","ping_status":"open","sticky":false,"template":"","format":"standard","meta":{"footnotes":""},"categories":[14,16,3,17,18,15,19,2],"tags":[],"class_list":["post-18903","post","type-post","status-publish","format-standard","has-post-thumbnail","hentry","category-avrupa","category-belcika","category-dunya","category-ekonomi","category-kultur-sanat","category-spor","category-tanitim","category-turkiye"],"yoast_head":"<!-- This site is optimized with the Yoast SEO plugin v26.9 - https:\/\/yoast.com\/product\/yoast-seo-wordpress\/ -->\n<title>Ko\u00e7ak, Emirda\u011fl\u0131lar Vakf\u0131 Ba\u015fkanl\u0131\u011f\u0131&#039;na aday - AvrupaPress<\/title>\n<meta name=\"robots\" content=\"index, follow, max-snippet:-1, max-image-preview:large, max-video-preview:-1\" \/>\n<link rel=\"canonical\" href=\"https:\/\/avrupapress.com\/main\/2022\/05\/15\/kocak-emirdaglilar-vakfi-baskanligina-aday-fotografli\/\" \/>\n<meta property=\"og:locale\" content=\"fr_FR\" \/>\n<meta property=\"og:type\" content=\"article\" \/>\n<meta property=\"og:title\" content=\"Ko\u00e7ak, Emirda\u011fl\u0131lar Vakf\u0131 Ba\u015fkanl\u0131\u011f\u0131&#039;na aday - AvrupaPress\" \/>\n<meta property=\"og:description\" content=\"Eski\u015fehir\u2019deki Emirda\u011fl\u0131lar Sosyal Dayan\u0131\u015fma K\u00fclt\u00fcr ve E\u011fitim Vakf\u0131\u2019n\u0131n, 22. May\u0131s. 2022 tarihinde pazar g\u00fcn\u00fc yap\u0131lacak\u00a0olan ola\u011fan\u00a0kongresinde Av. G\u00fcrler Ko\u00e7ak ba\u015fkanl\u0131\u011fa adayl\u0131\u011f\u0131n\u0131 a\u00e7\u0131klad\u0131. Av. G\u00fcrler Ko\u00e7ak; \u00ab\u00a0Vakf\u0131m\u0131z\u0131n \u00e7\u0131tas\u0131n\u0131 y\u00fckseltmek, de\u011ferini daha da artt\u0131rmak, kurumsalla\u015fmas\u0131n\u0131 sa\u011flayarak vakf\u0131n emin ad\u0131mlarla sa\u011flam temeller \u00fczerinde gelecek nesillere ta\u015f\u0131nmas\u0131na hizmet etmek \u00fczere ba\u015fkanl\u0131\u011fa aday\u0131m. Amac\u0131m\u0131z, \u00f6ncelikle t\u00fcm Emirda\u011fl\u0131lara ula\u015farak; dayan\u0131\u015fma i\u00e7inde [&hellip;]\" \/>\n<meta property=\"og:url\" content=\"https:\/\/avrupapress.com\/main\/2022\/05\/15\/kocak-emirdaglilar-vakfi-baskanligina-aday-fotografli\/\" \/>\n<meta property=\"og:site_name\" content=\"AvrupaPress\" \/>\n<meta property=\"article:published_time\" content=\"2022-05-15T21:10:28+00:00\" \/>\n<meta property=\"article:modified_time\" content=\"2022-05-15T21:17:45+00:00\" \/>\n<meta property=\"og:image\" content=\"https:\/\/avrupapress.com\/main\/wp-content\/uploads\/2022\/05\/Av.-Gurler-Kocak.-Eskisehirdeki-Emirdaglilar-Vakfi-Baskan-Adayi.-2-e1652649430863.jpg\" \/>\n\t<meta property=\"og:image:width\" content=\"1024\" \/>\n\t<meta property=\"og:image:height\" content=\"811\" \/>\n\t<meta property=\"og:image:type\" content=\"image\/jpeg\" \/>\n<meta name=\"author\" content=\"Edit\u00f6r\" \/>\n<meta name=\"twitter:card\" content=\"summary_large_image\" \/>\n<meta name=\"twitter:label1\" content=\"\u00c9crit par\" \/>\n\t<meta name=\"twitter:data1\" content=\"Edit\u00f6r\" \/>\n\t<meta name=\"twitter:label2\" content=\"Dur\u00e9e de lecture est.\" \/>\n\t<meta name=\"twitter:data2\" content=\"2 minutes\" \/>\n<script type=\"application\/ld+json\" class=\"yoast-schema-graph\">{\"@context\":\"https:\/\/schema.org\",\"@graph\":[{\"@type\":\"Article\",\"@id\":\"https:\/\/avrupapress.com\/main\/2022\/05\/15\/kocak-emirdaglilar-vakfi-baskanligina-aday-fotografli\/#article\",\"isPartOf\":{\"@id\":\"https:\/\/avrupapress.com\/main\/2022\/05\/15\/kocak-emirdaglilar-vakfi-baskanligina-aday-fotografli\/\"},\"author\":{\"name\":\"Edit\u00f6r\",\"@id\":\"https:\/\/avrupapress.com\/#\/schema\/person\/68428444ec60970d1e1b700cf4ca1e8f\"},\"headline\":\"Ko\u00e7ak, Emirda\u011fl\u0131lar Vakf\u0131 Ba\u015fkanl\u0131\u011f\u0131&rsquo;na aday\",\"datePublished\":\"2022-05-15T21:10:28+00:00\",\"dateModified\":\"2022-05-15T21:17:45+00:00\",\"mainEntityOfPage\":{\"@id\":\"https:\/\/avrupapress.com\/main\/2022\/05\/15\/kocak-emirdaglilar-vakfi-baskanligina-aday-fotografli\/\"},\"wordCount\":247,\"publisher\":{\"@id\":\"https:\/\/avrupapress.com\/#\/schema\/person\/0223dca19c72c43575bf30d1a2d8f4fa\"},\"image\":{\"@id\":\"https:\/\/avrupapress.com\/main\/2022\/05\/15\/kocak-emirdaglilar-vakfi-baskanligina-aday-fotografli\/#primaryimage\"},\"thumbnailUrl\":\"https:\/\/avrupapress.com\/main\/wp-content\/uploads\/2022\/05\/Av.-Gurler-Kocak.-Eskisehirdeki-Emirdaglilar-Vakfi-Baskan-Adayi.-2-e1652649430863.jpg\",\"articleSection\":[\"Avrupa\",\"Bel\u00e7ika\",\"D\u00fcnya\",\"Ekonomi\",\"K\u00fclt\u00fcr-Sanat\",\"Spor\",\"Tan\u0131t\u0131m\",\"T\u00fcrkiye\"],\"inLanguage\":\"fr-BE\"},{\"@type\":\"WebPage\",\"@id\":\"https:\/\/avrupapress.com\/main\/2022\/05\/15\/kocak-emirdaglilar-vakfi-baskanligina-aday-fotografli\/\",\"url\":\"https:\/\/avrupapress.com\/main\/2022\/05\/15\/kocak-emirdaglilar-vakfi-baskanligina-aday-fotografli\/\",\"name\":\"Ko\u00e7ak, Emirda\u011fl\u0131lar Vakf\u0131 Ba\u015fkanl\u0131\u011f\u0131'na aday - AvrupaPress\",\"isPartOf\":{\"@id\":\"https:\/\/avrupapress.com\/#website\"},\"primaryImageOfPage\":{\"@id\":\"https:\/\/avrupapress.com\/main\/2022\/05\/15\/kocak-emirdaglilar-vakfi-baskanligina-aday-fotografli\/#primaryimage\"},\"image\":{\"@id\":\"https:\/\/avrupapress.com\/main\/2022\/05\/15\/kocak-emirdaglilar-vakfi-baskanligina-aday-fotografli\/#primaryimage\"},\"thumbnailUrl\":\"https:\/\/avrupapress.com\/main\/wp-content\/uploads\/2022\/05\/Av.-Gurler-Kocak.-Eskisehirdeki-Emirdaglilar-Vakfi-Baskan-Adayi.-2-e1652649430863.jpg\",\"datePublished\":\"2022-05-15T21:10:28+00:00\",\"dateModified\":\"2022-05-15T21:17:45+00:00\",\"breadcrumb\":{\"@id\":\"https:\/\/avrupapress.com\/main\/2022\/05\/15\/kocak-emirdaglilar-vakfi-baskanligina-aday-fotografli\/#breadcrumb\"},\"inLanguage\":\"fr-BE\",\"potentialAction\":[{\"@type\":\"ReadAction\",\"target\":[\"https:\/\/avrupapress.com\/main\/2022\/05\/15\/kocak-emirdaglilar-vakfi-baskanligina-aday-fotografli\/\"]}]},{\"@type\":\"ImageObject\",\"inLanguage\":\"fr-BE\",\"@id\":\"https:\/\/avrupapress.com\/main\/2022\/05\/15\/kocak-emirdaglilar-vakfi-baskanligina-aday-fotografli\/#primaryimage\",\"url\":\"https:\/\/avrupapress.com\/main\/wp-content\/uploads\/2022\/05\/Av.-Gurler-Kocak.-Eskisehirdeki-Emirdaglilar-Vakfi-Baskan-Adayi.-2-e1652649430863.jpg\",\"contentUrl\":\"https:\/\/avrupapress.com\/main\/wp-content\/uploads\/2022\/05\/Av.-Gurler-Kocak.-Eskisehirdeki-Emirdaglilar-Vakfi-Baskan-Adayi.-2-e1652649430863.jpg\",\"width\":1024,\"height\":811},{\"@type\":\"BreadcrumbList\",\"@id\":\"https:\/\/avrupapress.com\/main\/2022\/05\/15\/kocak-emirdaglilar-vakfi-baskanligina-aday-fotografli\/#breadcrumb\",\"itemListElement\":[{\"@type\":\"ListItem\",\"position\":1,\"name\":\"Anasayfa\",\"item\":\"https:\/\/avrupapress.com\/\"},{\"@type\":\"ListItem\",\"position\":2,\"name\":\"Ko\u00e7ak, Emirda\u011fl\u0131lar Vakf\u0131 Ba\u015fkanl\u0131\u011f\u0131&#8217;na aday\"}]},{\"@type\":\"WebSite\",\"@id\":\"https:\/\/avrupapress.com\/#website\",\"url\":\"https:\/\/avrupapress.com\/\",\"name\":\"AvrupaPress\",\"description\":\"Haberin Adresi\",\"publisher\":{\"@id\":\"https:\/\/avrupapress.com\/#\/schema\/person\/0223dca19c72c43575bf30d1a2d8f4fa\"},\"potentialAction\":[{\"@type\":\"SearchAction\",\"target\":{\"@type\":\"EntryPoint\",\"urlTemplate\":\"https:\/\/avrupapress.com\/?s={search_term_string}\"},\"query-input\":{\"@type\":\"PropertyValueSpecification\",\"valueRequired\":true,\"valueName\":\"search_term_string\"}}],\"inLanguage\":\"fr-BE\"},{\"@type\":[\"Person\",\"Organization\"],\"@id\":\"https:\/\/avrupapress.com\/#\/schema\/person\/0223dca19c72c43575bf30d1a2d8f4fa\",\"name\":\"Bilgin \u00d6z\u00e7ift\u00e7i\",\"image\":{\"@type\":\"ImageObject\",\"inLanguage\":\"fr-BE\",\"@id\":\"https:\/\/avrupapress.com\/#\/schema\/person\/image\/\",\"url\":\"https:\/\/secure.gravatar.com\/avatar\/0f23b280433a21e1ea7a0adcc46ed0ad16afe3ad8e630fd13d8a017dcbd54ef3?s=96&d=mm&r=g\",\"contentUrl\":\"https:\/\/secure.gravatar.com\/avatar\/0f23b280433a21e1ea7a0adcc46ed0ad16afe3ad8e630fd13d8a017dcbd54ef3?s=96&d=mm&r=g\",\"caption\":\"Bilgin \u00d6z\u00e7ift\u00e7i\"},\"logo\":{\"@id\":\"https:\/\/avrupapress.com\/#\/schema\/person\/image\/\"},\"description\":\"Ne ben, nede sen... Biz ancak \\\"biz\\\" olursak g\u00fc\u00e7l\u00fc olabiliriz\"},{\"@type\":\"Person\",\"@id\":\"https:\/\/avrupapress.com\/#\/schema\/person\/68428444ec60970d1e1b700cf4ca1e8f\",\"name\":\"Edit\u00f6r\",\"image\":{\"@type\":\"ImageObject\",\"inLanguage\":\"fr-BE\",\"@id\":\"https:\/\/avrupapress.com\/#\/schema\/person\/image\/\",\"url\":\"https:\/\/secure.gravatar.com\/avatar\/74996b0977aa5f1559ba9883776652508b229005c0d78fb2597897f0bd651c09?s=96&d=mm&r=g\",\"contentUrl\":\"https:\/\/secure.gravatar.com\/avatar\/74996b0977aa5f1559ba9883776652508b229005c0d78fb2597897f0bd651c09?s=96&d=mm&r=g\",\"caption\":\"Edit\u00f6r\"},\"sameAs\":[\"http:\/\/www.avrupapress.com\"],\"url\":\"https:\/\/avrupapress.com\/main\/author\/editor\/\"}]}<\/script>\n<!-- \/ Yoast SEO plugin. -->","yoast_head_json":{"title":"Ko\u00e7ak, Emirda\u011fl\u0131lar Vakf\u0131 Ba\u015fkanl\u0131\u011f\u0131'na aday - AvrupaPress","robots":{"index":"index","follow":"follow","max-snippet":"max-snippet:-1","max-image-preview":"max-image-preview:large","max-video-preview":"max-video-preview:-1"},"canonical":"https:\/\/avrupapress.com\/main\/2022\/05\/15\/kocak-emirdaglilar-vakfi-baskanligina-aday-fotografli\/","og_locale":"fr_FR","og_type":"article","og_title":"Ko\u00e7ak, Emirda\u011fl\u0131lar Vakf\u0131 Ba\u015fkanl\u0131\u011f\u0131'na aday - AvrupaPress","og_description":"Eski\u015fehir\u2019deki Emirda\u011fl\u0131lar Sosyal Dayan\u0131\u015fma K\u00fclt\u00fcr ve E\u011fitim Vakf\u0131\u2019n\u0131n, 22. May\u0131s. 2022 tarihinde pazar g\u00fcn\u00fc yap\u0131lacak\u00a0olan ola\u011fan\u00a0kongresinde Av. G\u00fcrler Ko\u00e7ak ba\u015fkanl\u0131\u011fa adayl\u0131\u011f\u0131n\u0131 a\u00e7\u0131klad\u0131. Av. G\u00fcrler Ko\u00e7ak; \u00ab\u00a0Vakf\u0131m\u0131z\u0131n \u00e7\u0131tas\u0131n\u0131 y\u00fckseltmek, de\u011ferini daha da artt\u0131rmak, kurumsalla\u015fmas\u0131n\u0131 sa\u011flayarak vakf\u0131n emin ad\u0131mlarla sa\u011flam temeller \u00fczerinde gelecek nesillere ta\u015f\u0131nmas\u0131na hizmet etmek \u00fczere ba\u015fkanl\u0131\u011fa aday\u0131m. Amac\u0131m\u0131z, \u00f6ncelikle t\u00fcm Emirda\u011fl\u0131lara ula\u015farak; dayan\u0131\u015fma i\u00e7inde [&hellip;]","og_url":"https:\/\/avrupapress.com\/main\/2022\/05\/15\/kocak-emirdaglilar-vakfi-baskanligina-aday-fotografli\/","og_site_name":"AvrupaPress","article_published_time":"2022-05-15T21:10:28+00:00","article_modified_time":"2022-05-15T21:17:45+00:00","og_image":[{"width":1024,"height":811,"url":"https:\/\/avrupapress.com\/main\/wp-content\/uploads\/2022\/05\/Av.-Gurler-Kocak.-Eskisehirdeki-Emirdaglilar-Vakfi-Baskan-Adayi.-2-e1652649430863.jpg","type":"image\/jpeg"}],"author":"Edit\u00f6r","twitter_card":"summary_large_image","twitter_misc":{"\u00c9crit par":"Edit\u00f6r","Dur\u00e9e de lecture est.":"2 minutes"},"schema":{"@context":"https:\/\/schema.org","@graph":[{"@type":"Article","@id":"https:\/\/avrupapress.com\/main\/2022\/05\/15\/kocak-emirdaglilar-vakfi-baskanligina-aday-fotografli\/#article","isPartOf":{"@id":"https:\/\/avrupapress.com\/main\/2022\/05\/15\/kocak-emirdaglilar-vakfi-baskanligina-aday-fotografli\/"},"author":{"name":"Edit\u00f6r","@id":"https:\/\/avrupapress.com\/#\/schema\/person\/68428444ec60970d1e1b700cf4ca1e8f"},"headline":"Ko\u00e7ak, Emirda\u011fl\u0131lar Vakf\u0131 Ba\u015fkanl\u0131\u011f\u0131&rsquo;na aday","datePublished":"2022-05-15T21:10:28+00:00","dateModified":"2022-05-15T21:17:45+00:00","mainEntityOfPage":{"@id":"https:\/\/avrupapress.com\/main\/2022\/05\/15\/kocak-emirdaglilar-vakfi-baskanligina-aday-fotografli\/"},"wordCount":247,"publisher":{"@id":"https:\/\/avrupapress.com\/#\/schema\/person\/0223dca19c72c43575bf30d1a2d8f4fa"},"image":{"@id":"https:\/\/avrupapress.com\/main\/2022\/05\/15\/kocak-emirdaglilar-vakfi-baskanligina-aday-fotografli\/#primaryimage"},"thumbnailUrl":"https:\/\/avrupapress.com\/main\/wp-content\/uploads\/2022\/05\/Av.-Gurler-Kocak.-Eskisehirdeki-Emirdaglilar-Vakfi-Baskan-Adayi.-2-e1652649430863.jpg","articleSection":["Avrupa","Bel\u00e7ika","D\u00fcnya","Ekonomi","K\u00fclt\u00fcr-Sanat","Spor","Tan\u0131t\u0131m","T\u00fcrkiye"],"inLanguage":"fr-BE"},{"@type":"WebPage","@id":"https:\/\/avrupapress.com\/main\/2022\/05\/15\/kocak-emirdaglilar-vakfi-baskanligina-aday-fotografli\/","url":"https:\/\/avrupapress.com\/main\/2022\/05\/15\/kocak-emirdaglilar-vakfi-baskanligina-aday-fotografli\/","name":"Ko\u00e7ak, Emirda\u011fl\u0131lar Vakf\u0131 Ba\u015fkanl\u0131\u011f\u0131'na aday - AvrupaPress","isPartOf":{"@id":"https:\/\/avrupapress.com\/#website"},"primaryImageOfPage":{"@id":"https:\/\/avrupapress.com\/main\/2022\/05\/15\/kocak-emirdaglilar-vakfi-baskanligina-aday-fotografli\/#primaryimage"},"image":{"@id":"https:\/\/avrupapress.com\/main\/2022\/05\/15\/kocak-emirdaglilar-vakfi-baskanligina-aday-fotografli\/#primaryimage"},"thumbnailUrl":"https:\/\/avrupapress.com\/main\/wp-content\/uploads\/2022\/05\/Av.-Gurler-Kocak.-Eskisehirdeki-Emirdaglilar-Vakfi-Baskan-Adayi.-2-e1652649430863.jpg","datePublished":"2022-05-15T21:10:28+00:00","dateModified":"2022-05-15T21:17:45+00:00","breadcrumb":{"@id":"https:\/\/avrupapress.com\/main\/2022\/05\/15\/kocak-emirdaglilar-vakfi-baskanligina-aday-fotografli\/#breadcrumb"},"inLanguage":"fr-BE","potentialAction":[{"@type":"ReadAction","target":["https:\/\/avrupapress.com\/main\/2022\/05\/15\/kocak-emirdaglilar-vakfi-baskanligina-aday-fotografli\/"]}]},{"@type":"ImageObject","inLanguage":"fr-BE","@id":"https:\/\/avrupapress.com\/main\/2022\/05\/15\/kocak-emirdaglilar-vakfi-baskanligina-aday-fotografli\/#primaryimage","url":"https:\/\/avrupapress.com\/main\/wp-content\/uploads\/2022\/05\/Av.-Gurler-Kocak.-Eskisehirdeki-Emirdaglilar-Vakfi-Baskan-Adayi.-2-e1652649430863.jpg","contentUrl":"https:\/\/avrupapress.com\/main\/wp-content\/uploads\/2022\/05\/Av.-Gurler-Kocak.-Eskisehirdeki-Emirdaglilar-Vakfi-Baskan-Adayi.-2-e1652649430863.jpg","width":1024,"height":811},{"@type":"BreadcrumbList","@id":"https:\/\/avrupapress.com\/main\/2022\/05\/15\/kocak-emirdaglilar-vakfi-baskanligina-aday-fotografli\/#breadcrumb","itemListElement":[{"@type":"ListItem","position":1,"name":"Anasayfa","item":"https:\/\/avrupapress.com\/"},{"@type":"ListItem","position":2,"name":"Ko\u00e7ak, Emirda\u011fl\u0131lar Vakf\u0131 Ba\u015fkanl\u0131\u011f\u0131&#8217;na aday"}]},{"@type":"WebSite","@id":"https:\/\/avrupapress.com\/#website","url":"https:\/\/avrupapress.com\/","name":"AvrupaPress","description":"Haberin Adresi","publisher":{"@id":"https:\/\/avrupapress.com\/#\/schema\/person\/0223dca19c72c43575bf30d1a2d8f4fa"},"potentialAction":[{"@type":"SearchAction","target":{"@type":"EntryPoint","urlTemplate":"https:\/\/avrupapress.com\/?s={search_term_string}"},"query-input":{"@type":"PropertyValueSpecification","valueRequired":true,"valueName":"search_term_string"}}],"inLanguage":"fr-BE"},{"@type":["Person","Organization"],"@id":"https:\/\/avrupapress.com\/#\/schema\/person\/0223dca19c72c43575bf30d1a2d8f4fa","name":"Bilgin \u00d6z\u00e7ift\u00e7i","image":{"@type":"ImageObject","inLanguage":"fr-BE","@id":"https:\/\/avrupapress.com\/#\/schema\/person\/image\/","url":"https:\/\/secure.gravatar.com\/avatar\/0f23b280433a21e1ea7a0adcc46ed0ad16afe3ad8e630fd13d8a017dcbd54ef3?s=96&d=mm&r=g","contentUrl":"https:\/\/secure.gravatar.com\/avatar\/0f23b280433a21e1ea7a0adcc46ed0ad16afe3ad8e630fd13d8a017dcbd54ef3?s=96&d=mm&r=g","caption":"Bilgin \u00d6z\u00e7ift\u00e7i"},"logo":{"@id":"https:\/\/avrupapress.com\/#\/schema\/person\/image\/"},"description":"Ne ben, nede sen... Biz ancak \"biz\" olursak g\u00fc\u00e7l\u00fc olabiliriz"},{"@type":"Person","@id":"https:\/\/avrupapress.com\/#\/schema\/person\/68428444ec60970d1e1b700cf4ca1e8f","name":"Edit\u00f6r","image":{"@type":"ImageObject","inLanguage":"fr-BE","@id":"https:\/\/avrupapress.com\/#\/schema\/person\/image\/","url":"https:\/\/secure.gravatar.com\/avatar\/74996b0977aa5f1559ba9883776652508b229005c0d78fb2597897f0bd651c09?s=96&d=mm&r=g","contentUrl":"https:\/\/secure.gravatar.com\/avatar\/74996b0977aa5f1559ba9883776652508b229005c0d78fb2597897f0bd651c09?s=96&d=mm&r=g","caption":"Edit\u00f6r"},"sameAs":["http:\/\/www.avrupapress.com"],"url":"https:\/\/avrupapress.com\/main\/author\/editor\/"}]}},"_links":{"self":[{"href":"https:\/\/avrupapress.com\/main\/wp-json\/wp\/v2\/posts\/18903","targetHints":{"allow":["GET"]}}],"collection":[{"href":"https:\/\/avrupapress.com\/main\/wp-json\/wp\/v2\/posts"}],"about":[{"href":"https:\/\/avrupapress.com\/main\/wp-json\/wp\/v2\/types\/post"}],"author":[{"embeddable":true,"href":"https:\/\/avrupapress.com\/main\/wp-json\/wp\/v2\/users\/3"}],"replies":[{"embeddable":true,"href":"https:\/\/avrupapress.com\/main\/wp-json\/wp\/v2\/comments?post=18903"}],"version-history":[{"count":2,"href":"https:\/\/avrupapress.com\/main\/wp-json\/wp\/v2\/posts\/18903\/revisions"}],"predecessor-version":[{"id":18907,"href":"https:\/\/avrupapress.com\/main\/wp-json\/wp\/v2\/posts\/18903\/revisions\/18907"}],"wp:featuredmedia":[{"embeddable":true,"href":"https:\/\/avrupapress.com\/main\/wp-json\/wp\/v2\/media\/18904"}],"wp:attachment":[{"href":"https:\/\/avrupapress.com\/main\/wp-json\/wp\/v2\/media?parent=18903"}],"wp:term":[{"taxonomy":"category","embeddable":true,"href":"https:\/\/avrupapress.com\/main\/wp-json\/wp\/v2\/categories?post=18903"},{"taxonomy":"post_tag","embeddable":true,"href":"https:\/\/avrupapress.com\/main\/wp-json\/wp\/v2\/tags?post=18903"}],"curies":[{"name":"wp","href":"https:\/\/api.w.org\/{rel}","templated":true}]}}