{"id":18895,"date":"2022-05-15T21:05:23","date_gmt":"2022-05-15T21:05:23","guid":{"rendered":"https:\/\/avrupapress.com\/main\/?p=18895"},"modified":"2022-05-15T21:05:39","modified_gmt":"2022-05-15T21:05:39","slug":"eskisehirde-turkulerle-siirler-konser-programi-yogun-ilgi-gordu","status":"publish","type":"post","link":"https:\/\/avrupapress.com\/main\/2022\/05\/15\/eskisehirde-turkulerle-siirler-konser-programi-yogun-ilgi-gordu\/","title":{"rendered":"Eski\u015fehir\u2019de \u2018T\u00fcrk\u00fclerle \u015eiirler Konser Program\u0131\u2019 yo\u011fun ilgi g\u00f6rd\u00fc"},"content":{"rendered":"<p class=\"x_MsoNormal\">Eski\u015fehir\u2019de \u2018T\u00fcrk\u00fclerle \u015eiirler Konser Program\u0131\u2019 gecesine kat\u0131lan sanatseverler taraf\u0131ndan yo\u011fun ilgi g\u00f6rd\u00fc.<\/p>\n<p class=\"x_MsoNormal\">Eski\u015fehir Anadolu K\u00fclt\u00fcr ve Dayan\u0131\u015fma Derne\u011fi taraf\u0131ndan Eski\u015fehir Z\u00fcbeyde Han\u0131m K\u00fclt\u00fcr Merkezi\u2019nde \u2018T\u00fcrk\u00fclerle \u015eiirler Konser Program\u0131\u2019 d\u00fczenlendi. Z\u00fcbeyde Han\u0131m K\u00fclt\u00fcr Merkezi\u2019nde\u00a0d\u00fczenlenen konser, geceye kat\u0131lan sanatseverler taraf\u0131ndan zaman zaman ayakta alk\u0131\u015fland\u0131.<\/p>\n<p class=\"x_MsoNormal\">Program\u0131n a\u00e7\u0131l\u0131\u015f konu\u015fmas\u0131n\u0131 yapan Eski\u015fehir Anadolu K\u00fclt\u00fcr ve Dayan\u0131\u015fma Derne\u011fi Ba\u015fkan\u0131 Av. Ahmet Do\u011fanses, \u201cDernek olarak; T\u00fcrk k\u00fclt\u00fcr\u00fcn\u00fc daima canl\u0131 tutmay\u0131 hedeflemekle birlikte; k\u00fclt\u00fcrel, sanatsal bilimsel ve milli de\u011ferlere duyarl\u0131 k\u00fclt\u00fcrel ve sanatsal etkinlikleri Eski\u015fehir\u2019de ger\u00e7ekle\u015ftiriyoruz. Eski\u015fehir halk\u0131n\u0131n\u00a0 \u00a0\u00e7\u00f6lde kum tanesi kadar bile olsa, k\u00fclt\u00fcrel de\u011ferlerine ve ilmine katk\u0131da bulunmak bizim i\u00e7in \u015feref ve gururdur\u2019\u2019 dedi.<\/p>\n<p class=\"x_MsoNormal\">\u015eiirlerin T\u00fcrk\u00fclerle bulu\u015ftu\u011fu konser program\u0131nda: Eski\u015fehir t\u00fcrk\u00fcleri ve \u00e7e\u015fitli y\u00f6relerden t\u00fcrk\u00fcler; Anadolu K\u00fclt\u00fcr ve Dayan\u0131\u015fma Derne\u011fi \u2018T\u00fcrk Halk M\u00fczi\u011fi\u2019 korosu taraf\u0131ndan seslendirildi. Duygusal anlar\u0131n ya\u015fand\u0131\u011f\u0131 programda; \u2018T\u00fcrk Halk M\u00fczi\u011fi\u2019 korosunun \u015eefi Do\u00e7. Dr. \u00dcnal Ayranc\u0131, m\u00fczikle beraber\u00a0konser program\u0131n\u0131 g\u00fczel ve ahenkli y\u00f6netmesi sanatseverlerin be\u011fenisini toplad\u0131. Birbirinden \u00f6zel \u015fiirlerin seslendirildi\u011fi programda; \u2018Bir Mendil Ald\u0131m Dereden\u2019, \u2018A\u011flama Yar\u2019 gibi bilinen t\u00fcrk\u00fcler de seslendirildi.<\/p>\n<p>&nbsp;<\/p>\n<p><strong>HABER \/ FOTO\u011eRAF: ERTU\u011eRUL ALTINEL \u2013 B\u0130LG\u0130N \u00d6Z\u00c7\u0130FT\u00c7\u0130 \u2013 AVRUPAPRESS \u2013 BEL\u00c7\u0130KA<\/strong><\/p>\n<p><img loading=\"lazy\" decoding=\"async\" class=\"alignnone size-medium wp-image-18898\" src=\"https:\/\/avrupapress.com\/main\/wp-content\/uploads\/2022\/05\/1-3-300x225.jpg\" alt=\"\" width=\"300\" height=\"225\" srcset=\"https:\/\/avrupapress.com\/main\/wp-content\/uploads\/2022\/05\/1-3-300x225.jpg 300w, https:\/\/avrupapress.com\/main\/wp-content\/uploads\/2022\/05\/1-3-1024x768.jpg 1024w, https:\/\/avrupapress.com\/main\/wp-content\/uploads\/2022\/05\/1-3-768x576.jpg 768w, https:\/\/avrupapress.com\/main\/wp-content\/uploads\/2022\/05\/1-3-1536x1152.jpg 1536w, https:\/\/avrupapress.com\/main\/wp-content\/uploads\/2022\/05\/1-3.jpg 1600w\" sizes=\"auto, (max-width: 300px) 100vw, 300px\" \/><\/p>\n<p><img loading=\"lazy\" decoding=\"async\" class=\"alignnone size-medium wp-image-18899\" src=\"https:\/\/avrupapress.com\/main\/wp-content\/uploads\/2022\/05\/2.-4-300x225.jpg\" alt=\"\" width=\"300\" height=\"225\" srcset=\"https:\/\/avrupapress.com\/main\/wp-content\/uploads\/2022\/05\/2.-4-300x225.jpg 300w, https:\/\/avrupapress.com\/main\/wp-content\/uploads\/2022\/05\/2.-4-1024x768.jpg 1024w, https:\/\/avrupapress.com\/main\/wp-content\/uploads\/2022\/05\/2.-4-768x576.jpg 768w, https:\/\/avrupapress.com\/main\/wp-content\/uploads\/2022\/05\/2.-4-1536x1152.jpg 1536w, https:\/\/avrupapress.com\/main\/wp-content\/uploads\/2022\/05\/2.-4.jpg 1600w\" sizes=\"auto, (max-width: 300px) 100vw, 300px\" \/><\/p>\n<p><img loading=\"lazy\" decoding=\"async\" class=\"alignnone size-medium wp-image-18900\" src=\"https:\/\/avrupapress.com\/main\/wp-content\/uploads\/2022\/05\/3-1-300x225.jpg\" alt=\"\" width=\"300\" height=\"225\" srcset=\"https:\/\/avrupapress.com\/main\/wp-content\/uploads\/2022\/05\/3-1-300x225.jpg 300w, https:\/\/avrupapress.com\/main\/wp-content\/uploads\/2022\/05\/3-1-1024x768.jpg 1024w, https:\/\/avrupapress.com\/main\/wp-content\/uploads\/2022\/05\/3-1-768x576.jpg 768w, https:\/\/avrupapress.com\/main\/wp-content\/uploads\/2022\/05\/3-1-1536x1152.jpg 1536w, https:\/\/avrupapress.com\/main\/wp-content\/uploads\/2022\/05\/3-1.jpg 1600w\" sizes=\"auto, (max-width: 300px) 100vw, 300px\" \/><\/p>\n<p><img loading=\"lazy\" decoding=\"async\" class=\"alignnone size-medium wp-image-18901\" src=\"https:\/\/avrupapress.com\/main\/wp-content\/uploads\/2022\/05\/thumbnail_4-1-225x300.jpg\" alt=\"\" width=\"225\" height=\"300\" srcset=\"https:\/\/avrupapress.com\/main\/wp-content\/uploads\/2022\/05\/thumbnail_4-1-225x300.jpg 225w, https:\/\/avrupapress.com\/main\/wp-content\/uploads\/2022\/05\/thumbnail_4-1-768x1024.jpg 768w, https:\/\/avrupapress.com\/main\/wp-content\/uploads\/2022\/05\/thumbnail_4-1.jpg 960w\" sizes=\"auto, (max-width: 225px) 100vw, 225px\" \/><\/p>\n<p class=\"x_MsoNormal\"><strong>HABER \/ FOTO\u011eRAF: ERTU\u011eRUL ALTINEL \u2013 B\u0130LG\u0130N \u00d6Z\u00c7\u0130FT\u00c7\u0130 \u2013 AVRUPAPRESS \u2013 BEL\u00c7\u0130KA<\/strong><\/p>\n","protected":false},"excerpt":{"rendered":"<p>Eski\u015fehir\u2019de \u2018T\u00fcrk\u00fclerle \u015eiirler Konser Program\u0131\u2019 gecesine kat\u0131lan sanatseverler taraf\u0131ndan yo\u011fun ilgi g\u00f6rd\u00fc. Eski\u015fehir Anadolu K\u00fclt\u00fcr ve Dayan\u0131\u015fma Derne\u011fi taraf\u0131ndan Eski\u015fehir Z\u00fcbeyde Han\u0131m K\u00fclt\u00fcr Merkezi\u2019nde \u2018T\u00fcrk\u00fclerle \u015eiirler Konser Program\u0131\u2019 d\u00fczenlendi. Z\u00fcbeyde Han\u0131m K\u00fclt\u00fcr Merkezi\u2019nde\u00a0d\u00fczenlenen konser, geceye kat\u0131lan sanatseverler taraf\u0131ndan zaman zaman ayakta alk\u0131\u015fland\u0131. Program\u0131n a\u00e7\u0131l\u0131\u015f konu\u015fmas\u0131n\u0131 yapan Eski\u015fehir Anadolu K\u00fclt\u00fcr ve Dayan\u0131\u015fma Derne\u011fi Ba\u015fkan\u0131 Av. Ahmet [&hellip;]<\/p>\n","protected":false},"author":3,"featured_media":18899,"comment_status":"closed","ping_status":"open","sticky":false,"template":"","format":"standard","meta":{"footnotes":""},"categories":[14,16,3,17,18,19,2,1],"tags":[],"class_list":["post-18895","post","type-post","status-publish","format-standard","has-post-thumbnail","hentry","category-avrupa","category-belcika","category-dunya","category-ekonomi","category-kultur-sanat","category-tanitim","category-turkiye","category-uncategorized"],"yoast_head":"<!-- This site is optimized with the Yoast SEO plugin v26.9 - https:\/\/yoast.com\/product\/yoast-seo-wordpress\/ -->\n<title>Eski\u015fehir\u2019de \u2018T\u00fcrk\u00fclerle \u015eiirler Konser Program\u0131\u2019 yo\u011fun ilgi g\u00f6rd\u00fc - AvrupaPress<\/title>\n<meta name=\"robots\" content=\"index, follow, max-snippet:-1, max-image-preview:large, max-video-preview:-1\" \/>\n<link rel=\"canonical\" href=\"https:\/\/avrupapress.com\/main\/2022\/05\/15\/eskisehirde-turkulerle-siirler-konser-programi-yogun-ilgi-gordu\/\" \/>\n<meta property=\"og:locale\" content=\"fr_FR\" \/>\n<meta property=\"og:type\" content=\"article\" \/>\n<meta property=\"og:title\" content=\"Eski\u015fehir\u2019de \u2018T\u00fcrk\u00fclerle \u015eiirler Konser Program\u0131\u2019 yo\u011fun ilgi g\u00f6rd\u00fc - AvrupaPress\" \/>\n<meta property=\"og:description\" content=\"Eski\u015fehir\u2019de \u2018T\u00fcrk\u00fclerle \u015eiirler Konser Program\u0131\u2019 gecesine kat\u0131lan sanatseverler taraf\u0131ndan yo\u011fun ilgi g\u00f6rd\u00fc. Eski\u015fehir Anadolu K\u00fclt\u00fcr ve Dayan\u0131\u015fma Derne\u011fi taraf\u0131ndan Eski\u015fehir Z\u00fcbeyde Han\u0131m K\u00fclt\u00fcr Merkezi\u2019nde \u2018T\u00fcrk\u00fclerle \u015eiirler Konser Program\u0131\u2019 d\u00fczenlendi. Z\u00fcbeyde Han\u0131m K\u00fclt\u00fcr Merkezi\u2019nde\u00a0d\u00fczenlenen konser, geceye kat\u0131lan sanatseverler taraf\u0131ndan zaman zaman ayakta alk\u0131\u015fland\u0131. Program\u0131n a\u00e7\u0131l\u0131\u015f konu\u015fmas\u0131n\u0131 yapan Eski\u015fehir Anadolu K\u00fclt\u00fcr ve Dayan\u0131\u015fma Derne\u011fi Ba\u015fkan\u0131 Av. Ahmet [&hellip;]\" \/>\n<meta property=\"og:url\" content=\"https:\/\/avrupapress.com\/main\/2022\/05\/15\/eskisehirde-turkulerle-siirler-konser-programi-yogun-ilgi-gordu\/\" \/>\n<meta property=\"og:site_name\" content=\"AvrupaPress\" \/>\n<meta property=\"article:published_time\" content=\"2022-05-15T21:05:23+00:00\" \/>\n<meta property=\"article:modified_time\" content=\"2022-05-15T21:05:39+00:00\" \/>\n<meta property=\"og:image\" content=\"https:\/\/avrupapress.com\/main\/wp-content\/uploads\/2022\/05\/2.-4.jpg\" \/>\n\t<meta property=\"og:image:width\" content=\"1600\" \/>\n\t<meta property=\"og:image:height\" content=\"1200\" \/>\n\t<meta property=\"og:image:type\" content=\"image\/jpeg\" \/>\n<meta name=\"author\" content=\"Edit\u00f6r\" \/>\n<meta name=\"twitter:card\" content=\"summary_large_image\" \/>\n<meta name=\"twitter:label1\" content=\"\u00c9crit par\" \/>\n\t<meta name=\"twitter:data1\" content=\"Edit\u00f6r\" \/>\n\t<meta name=\"twitter:label2\" content=\"Dur\u00e9e de lecture est.\" \/>\n\t<meta name=\"twitter:data2\" content=\"2 minutes\" \/>\n<script type=\"application\/ld+json\" class=\"yoast-schema-graph\">{\"@context\":\"https:\/\/schema.org\",\"@graph\":[{\"@type\":\"Article\",\"@id\":\"https:\/\/avrupapress.com\/main\/2022\/05\/15\/eskisehirde-turkulerle-siirler-konser-programi-yogun-ilgi-gordu\/#article\",\"isPartOf\":{\"@id\":\"https:\/\/avrupapress.com\/main\/2022\/05\/15\/eskisehirde-turkulerle-siirler-konser-programi-yogun-ilgi-gordu\/\"},\"author\":{\"name\":\"Edit\u00f6r\",\"@id\":\"https:\/\/avrupapress.com\/#\/schema\/person\/68428444ec60970d1e1b700cf4ca1e8f\"},\"headline\":\"Eski\u015fehir\u2019de \u2018T\u00fcrk\u00fclerle \u015eiirler Konser Program\u0131\u2019 yo\u011fun ilgi g\u00f6rd\u00fc\",\"datePublished\":\"2022-05-15T21:05:23+00:00\",\"dateModified\":\"2022-05-15T21:05:39+00:00\",\"mainEntityOfPage\":{\"@id\":\"https:\/\/avrupapress.com\/main\/2022\/05\/15\/eskisehirde-turkulerle-siirler-konser-programi-yogun-ilgi-gordu\/\"},\"wordCount\":303,\"publisher\":{\"@id\":\"https:\/\/avrupapress.com\/#\/schema\/person\/0223dca19c72c43575bf30d1a2d8f4fa\"},\"image\":{\"@id\":\"https:\/\/avrupapress.com\/main\/2022\/05\/15\/eskisehirde-turkulerle-siirler-konser-programi-yogun-ilgi-gordu\/#primaryimage\"},\"thumbnailUrl\":\"https:\/\/avrupapress.com\/main\/wp-content\/uploads\/2022\/05\/2.-4.jpg\",\"articleSection\":[\"Avrupa\",\"Bel\u00e7ika\",\"D\u00fcnya\",\"Ekonomi\",\"K\u00fclt\u00fcr-Sanat\",\"Tan\u0131t\u0131m\",\"T\u00fcrkiye\",\"Uncategorized\"],\"inLanguage\":\"fr-BE\"},{\"@type\":\"WebPage\",\"@id\":\"https:\/\/avrupapress.com\/main\/2022\/05\/15\/eskisehirde-turkulerle-siirler-konser-programi-yogun-ilgi-gordu\/\",\"url\":\"https:\/\/avrupapress.com\/main\/2022\/05\/15\/eskisehirde-turkulerle-siirler-konser-programi-yogun-ilgi-gordu\/\",\"name\":\"Eski\u015fehir\u2019de \u2018T\u00fcrk\u00fclerle \u015eiirler Konser Program\u0131\u2019 yo\u011fun ilgi g\u00f6rd\u00fc - AvrupaPress\",\"isPartOf\":{\"@id\":\"https:\/\/avrupapress.com\/#website\"},\"primaryImageOfPage\":{\"@id\":\"https:\/\/avrupapress.com\/main\/2022\/05\/15\/eskisehirde-turkulerle-siirler-konser-programi-yogun-ilgi-gordu\/#primaryimage\"},\"image\":{\"@id\":\"https:\/\/avrupapress.com\/main\/2022\/05\/15\/eskisehirde-turkulerle-siirler-konser-programi-yogun-ilgi-gordu\/#primaryimage\"},\"thumbnailUrl\":\"https:\/\/avrupapress.com\/main\/wp-content\/uploads\/2022\/05\/2.-4.jpg\",\"datePublished\":\"2022-05-15T21:05:23+00:00\",\"dateModified\":\"2022-05-15T21:05:39+00:00\",\"breadcrumb\":{\"@id\":\"https:\/\/avrupapress.com\/main\/2022\/05\/15\/eskisehirde-turkulerle-siirler-konser-programi-yogun-ilgi-gordu\/#breadcrumb\"},\"inLanguage\":\"fr-BE\",\"potentialAction\":[{\"@type\":\"ReadAction\",\"target\":[\"https:\/\/avrupapress.com\/main\/2022\/05\/15\/eskisehirde-turkulerle-siirler-konser-programi-yogun-ilgi-gordu\/\"]}]},{\"@type\":\"ImageObject\",\"inLanguage\":\"fr-BE\",\"@id\":\"https:\/\/avrupapress.com\/main\/2022\/05\/15\/eskisehirde-turkulerle-siirler-konser-programi-yogun-ilgi-gordu\/#primaryimage\",\"url\":\"https:\/\/avrupapress.com\/main\/wp-content\/uploads\/2022\/05\/2.-4.jpg\",\"contentUrl\":\"https:\/\/avrupapress.com\/main\/wp-content\/uploads\/2022\/05\/2.-4.jpg\",\"width\":1600,\"height\":1200},{\"@type\":\"BreadcrumbList\",\"@id\":\"https:\/\/avrupapress.com\/main\/2022\/05\/15\/eskisehirde-turkulerle-siirler-konser-programi-yogun-ilgi-gordu\/#breadcrumb\",\"itemListElement\":[{\"@type\":\"ListItem\",\"position\":1,\"name\":\"Anasayfa\",\"item\":\"https:\/\/avrupapress.com\/\"},{\"@type\":\"ListItem\",\"position\":2,\"name\":\"Eski\u015fehir\u2019de \u2018T\u00fcrk\u00fclerle \u015eiirler Konser Program\u0131\u2019 yo\u011fun ilgi g\u00f6rd\u00fc\"}]},{\"@type\":\"WebSite\",\"@id\":\"https:\/\/avrupapress.com\/#website\",\"url\":\"https:\/\/avrupapress.com\/\",\"name\":\"AvrupaPress\",\"description\":\"Haberin Adresi\",\"publisher\":{\"@id\":\"https:\/\/avrupapress.com\/#\/schema\/person\/0223dca19c72c43575bf30d1a2d8f4fa\"},\"potentialAction\":[{\"@type\":\"SearchAction\",\"target\":{\"@type\":\"EntryPoint\",\"urlTemplate\":\"https:\/\/avrupapress.com\/?s={search_term_string}\"},\"query-input\":{\"@type\":\"PropertyValueSpecification\",\"valueRequired\":true,\"valueName\":\"search_term_string\"}}],\"inLanguage\":\"fr-BE\"},{\"@type\":[\"Person\",\"Organization\"],\"@id\":\"https:\/\/avrupapress.com\/#\/schema\/person\/0223dca19c72c43575bf30d1a2d8f4fa\",\"name\":\"Bilgin \u00d6z\u00e7ift\u00e7i\",\"image\":{\"@type\":\"ImageObject\",\"inLanguage\":\"fr-BE\",\"@id\":\"https:\/\/avrupapress.com\/#\/schema\/person\/image\/\",\"url\":\"https:\/\/secure.gravatar.com\/avatar\/0f23b280433a21e1ea7a0adcc46ed0ad16afe3ad8e630fd13d8a017dcbd54ef3?s=96&d=mm&r=g\",\"contentUrl\":\"https:\/\/secure.gravatar.com\/avatar\/0f23b280433a21e1ea7a0adcc46ed0ad16afe3ad8e630fd13d8a017dcbd54ef3?s=96&d=mm&r=g\",\"caption\":\"Bilgin \u00d6z\u00e7ift\u00e7i\"},\"logo\":{\"@id\":\"https:\/\/avrupapress.com\/#\/schema\/person\/image\/\"},\"description\":\"Ne ben, nede sen... Biz ancak \\\"biz\\\" olursak g\u00fc\u00e7l\u00fc olabiliriz\"},{\"@type\":\"Person\",\"@id\":\"https:\/\/avrupapress.com\/#\/schema\/person\/68428444ec60970d1e1b700cf4ca1e8f\",\"name\":\"Edit\u00f6r\",\"image\":{\"@type\":\"ImageObject\",\"inLanguage\":\"fr-BE\",\"@id\":\"https:\/\/avrupapress.com\/#\/schema\/person\/image\/\",\"url\":\"https:\/\/secure.gravatar.com\/avatar\/74996b0977aa5f1559ba9883776652508b229005c0d78fb2597897f0bd651c09?s=96&d=mm&r=g\",\"contentUrl\":\"https:\/\/secure.gravatar.com\/avatar\/74996b0977aa5f1559ba9883776652508b229005c0d78fb2597897f0bd651c09?s=96&d=mm&r=g\",\"caption\":\"Edit\u00f6r\"},\"sameAs\":[\"http:\/\/www.avrupapress.com\"],\"url\":\"https:\/\/avrupapress.com\/main\/author\/editor\/\"}]}<\/script>\n<!-- \/ Yoast SEO plugin. -->","yoast_head_json":{"title":"Eski\u015fehir\u2019de \u2018T\u00fcrk\u00fclerle \u015eiirler Konser Program\u0131\u2019 yo\u011fun ilgi g\u00f6rd\u00fc - AvrupaPress","robots":{"index":"index","follow":"follow","max-snippet":"max-snippet:-1","max-image-preview":"max-image-preview:large","max-video-preview":"max-video-preview:-1"},"canonical":"https:\/\/avrupapress.com\/main\/2022\/05\/15\/eskisehirde-turkulerle-siirler-konser-programi-yogun-ilgi-gordu\/","og_locale":"fr_FR","og_type":"article","og_title":"Eski\u015fehir\u2019de \u2018T\u00fcrk\u00fclerle \u015eiirler Konser Program\u0131\u2019 yo\u011fun ilgi g\u00f6rd\u00fc - AvrupaPress","og_description":"Eski\u015fehir\u2019de \u2018T\u00fcrk\u00fclerle \u015eiirler Konser Program\u0131\u2019 gecesine kat\u0131lan sanatseverler taraf\u0131ndan yo\u011fun ilgi g\u00f6rd\u00fc. Eski\u015fehir Anadolu K\u00fclt\u00fcr ve Dayan\u0131\u015fma Derne\u011fi taraf\u0131ndan Eski\u015fehir Z\u00fcbeyde Han\u0131m K\u00fclt\u00fcr Merkezi\u2019nde \u2018T\u00fcrk\u00fclerle \u015eiirler Konser Program\u0131\u2019 d\u00fczenlendi. Z\u00fcbeyde Han\u0131m K\u00fclt\u00fcr Merkezi\u2019nde\u00a0d\u00fczenlenen konser, geceye kat\u0131lan sanatseverler taraf\u0131ndan zaman zaman ayakta alk\u0131\u015fland\u0131. Program\u0131n a\u00e7\u0131l\u0131\u015f konu\u015fmas\u0131n\u0131 yapan Eski\u015fehir Anadolu K\u00fclt\u00fcr ve Dayan\u0131\u015fma Derne\u011fi Ba\u015fkan\u0131 Av. Ahmet [&hellip;]","og_url":"https:\/\/avrupapress.com\/main\/2022\/05\/15\/eskisehirde-turkulerle-siirler-konser-programi-yogun-ilgi-gordu\/","og_site_name":"AvrupaPress","article_published_time":"2022-05-15T21:05:23+00:00","article_modified_time":"2022-05-15T21:05:39+00:00","og_image":[{"width":1600,"height":1200,"url":"https:\/\/avrupapress.com\/main\/wp-content\/uploads\/2022\/05\/2.-4.jpg","type":"image\/jpeg"}],"author":"Edit\u00f6r","twitter_card":"summary_large_image","twitter_misc":{"\u00c9crit par":"Edit\u00f6r","Dur\u00e9e de lecture est.":"2 minutes"},"schema":{"@context":"https:\/\/schema.org","@graph":[{"@type":"Article","@id":"https:\/\/avrupapress.com\/main\/2022\/05\/15\/eskisehirde-turkulerle-siirler-konser-programi-yogun-ilgi-gordu\/#article","isPartOf":{"@id":"https:\/\/avrupapress.com\/main\/2022\/05\/15\/eskisehirde-turkulerle-siirler-konser-programi-yogun-ilgi-gordu\/"},"author":{"name":"Edit\u00f6r","@id":"https:\/\/avrupapress.com\/#\/schema\/person\/68428444ec60970d1e1b700cf4ca1e8f"},"headline":"Eski\u015fehir\u2019de \u2018T\u00fcrk\u00fclerle \u015eiirler Konser Program\u0131\u2019 yo\u011fun ilgi g\u00f6rd\u00fc","datePublished":"2022-05-15T21:05:23+00:00","dateModified":"2022-05-15T21:05:39+00:00","mainEntityOfPage":{"@id":"https:\/\/avrupapress.com\/main\/2022\/05\/15\/eskisehirde-turkulerle-siirler-konser-programi-yogun-ilgi-gordu\/"},"wordCount":303,"publisher":{"@id":"https:\/\/avrupapress.com\/#\/schema\/person\/0223dca19c72c43575bf30d1a2d8f4fa"},"image":{"@id":"https:\/\/avrupapress.com\/main\/2022\/05\/15\/eskisehirde-turkulerle-siirler-konser-programi-yogun-ilgi-gordu\/#primaryimage"},"thumbnailUrl":"https:\/\/avrupapress.com\/main\/wp-content\/uploads\/2022\/05\/2.-4.jpg","articleSection":["Avrupa","Bel\u00e7ika","D\u00fcnya","Ekonomi","K\u00fclt\u00fcr-Sanat","Tan\u0131t\u0131m","T\u00fcrkiye","Uncategorized"],"inLanguage":"fr-BE"},{"@type":"WebPage","@id":"https:\/\/avrupapress.com\/main\/2022\/05\/15\/eskisehirde-turkulerle-siirler-konser-programi-yogun-ilgi-gordu\/","url":"https:\/\/avrupapress.com\/main\/2022\/05\/15\/eskisehirde-turkulerle-siirler-konser-programi-yogun-ilgi-gordu\/","name":"Eski\u015fehir\u2019de \u2018T\u00fcrk\u00fclerle \u015eiirler Konser Program\u0131\u2019 yo\u011fun ilgi g\u00f6rd\u00fc - AvrupaPress","isPartOf":{"@id":"https:\/\/avrupapress.com\/#website"},"primaryImageOfPage":{"@id":"https:\/\/avrupapress.com\/main\/2022\/05\/15\/eskisehirde-turkulerle-siirler-konser-programi-yogun-ilgi-gordu\/#primaryimage"},"image":{"@id":"https:\/\/avrupapress.com\/main\/2022\/05\/15\/eskisehirde-turkulerle-siirler-konser-programi-yogun-ilgi-gordu\/#primaryimage"},"thumbnailUrl":"https:\/\/avrupapress.com\/main\/wp-content\/uploads\/2022\/05\/2.-4.jpg","datePublished":"2022-05-15T21:05:23+00:00","dateModified":"2022-05-15T21:05:39+00:00","breadcrumb":{"@id":"https:\/\/avrupapress.com\/main\/2022\/05\/15\/eskisehirde-turkulerle-siirler-konser-programi-yogun-ilgi-gordu\/#breadcrumb"},"inLanguage":"fr-BE","potentialAction":[{"@type":"ReadAction","target":["https:\/\/avrupapress.com\/main\/2022\/05\/15\/eskisehirde-turkulerle-siirler-konser-programi-yogun-ilgi-gordu\/"]}]},{"@type":"ImageObject","inLanguage":"fr-BE","@id":"https:\/\/avrupapress.com\/main\/2022\/05\/15\/eskisehirde-turkulerle-siirler-konser-programi-yogun-ilgi-gordu\/#primaryimage","url":"https:\/\/avrupapress.com\/main\/wp-content\/uploads\/2022\/05\/2.-4.jpg","contentUrl":"https:\/\/avrupapress.com\/main\/wp-content\/uploads\/2022\/05\/2.-4.jpg","width":1600,"height":1200},{"@type":"BreadcrumbList","@id":"https:\/\/avrupapress.com\/main\/2022\/05\/15\/eskisehirde-turkulerle-siirler-konser-programi-yogun-ilgi-gordu\/#breadcrumb","itemListElement":[{"@type":"ListItem","position":1,"name":"Anasayfa","item":"https:\/\/avrupapress.com\/"},{"@type":"ListItem","position":2,"name":"Eski\u015fehir\u2019de \u2018T\u00fcrk\u00fclerle \u015eiirler Konser Program\u0131\u2019 yo\u011fun ilgi g\u00f6rd\u00fc"}]},{"@type":"WebSite","@id":"https:\/\/avrupapress.com\/#website","url":"https:\/\/avrupapress.com\/","name":"AvrupaPress","description":"Haberin Adresi","publisher":{"@id":"https:\/\/avrupapress.com\/#\/schema\/person\/0223dca19c72c43575bf30d1a2d8f4fa"},"potentialAction":[{"@type":"SearchAction","target":{"@type":"EntryPoint","urlTemplate":"https:\/\/avrupapress.com\/?s={search_term_string}"},"query-input":{"@type":"PropertyValueSpecification","valueRequired":true,"valueName":"search_term_string"}}],"inLanguage":"fr-BE"},{"@type":["Person","Organization"],"@id":"https:\/\/avrupapress.com\/#\/schema\/person\/0223dca19c72c43575bf30d1a2d8f4fa","name":"Bilgin \u00d6z\u00e7ift\u00e7i","image":{"@type":"ImageObject","inLanguage":"fr-BE","@id":"https:\/\/avrupapress.com\/#\/schema\/person\/image\/","url":"https:\/\/secure.gravatar.com\/avatar\/0f23b280433a21e1ea7a0adcc46ed0ad16afe3ad8e630fd13d8a017dcbd54ef3?s=96&d=mm&r=g","contentUrl":"https:\/\/secure.gravatar.com\/avatar\/0f23b280433a21e1ea7a0adcc46ed0ad16afe3ad8e630fd13d8a017dcbd54ef3?s=96&d=mm&r=g","caption":"Bilgin \u00d6z\u00e7ift\u00e7i"},"logo":{"@id":"https:\/\/avrupapress.com\/#\/schema\/person\/image\/"},"description":"Ne ben, nede sen... Biz ancak \"biz\" olursak g\u00fc\u00e7l\u00fc olabiliriz"},{"@type":"Person","@id":"https:\/\/avrupapress.com\/#\/schema\/person\/68428444ec60970d1e1b700cf4ca1e8f","name":"Edit\u00f6r","image":{"@type":"ImageObject","inLanguage":"fr-BE","@id":"https:\/\/avrupapress.com\/#\/schema\/person\/image\/","url":"https:\/\/secure.gravatar.com\/avatar\/74996b0977aa5f1559ba9883776652508b229005c0d78fb2597897f0bd651c09?s=96&d=mm&r=g","contentUrl":"https:\/\/secure.gravatar.com\/avatar\/74996b0977aa5f1559ba9883776652508b229005c0d78fb2597897f0bd651c09?s=96&d=mm&r=g","caption":"Edit\u00f6r"},"sameAs":["http:\/\/www.avrupapress.com"],"url":"https:\/\/avrupapress.com\/main\/author\/editor\/"}]}},"_links":{"self":[{"href":"https:\/\/avrupapress.com\/main\/wp-json\/wp\/v2\/posts\/18895","targetHints":{"allow":["GET"]}}],"collection":[{"href":"https:\/\/avrupapress.com\/main\/wp-json\/wp\/v2\/posts"}],"about":[{"href":"https:\/\/avrupapress.com\/main\/wp-json\/wp\/v2\/types\/post"}],"author":[{"embeddable":true,"href":"https:\/\/avrupapress.com\/main\/wp-json\/wp\/v2\/users\/3"}],"replies":[{"embeddable":true,"href":"https:\/\/avrupapress.com\/main\/wp-json\/wp\/v2\/comments?post=18895"}],"version-history":[{"count":1,"href":"https:\/\/avrupapress.com\/main\/wp-json\/wp\/v2\/posts\/18895\/revisions"}],"predecessor-version":[{"id":18902,"href":"https:\/\/avrupapress.com\/main\/wp-json\/wp\/v2\/posts\/18895\/revisions\/18902"}],"wp:featuredmedia":[{"embeddable":true,"href":"https:\/\/avrupapress.com\/main\/wp-json\/wp\/v2\/media\/18899"}],"wp:attachment":[{"href":"https:\/\/avrupapress.com\/main\/wp-json\/wp\/v2\/media?parent=18895"}],"wp:term":[{"taxonomy":"category","embeddable":true,"href":"https:\/\/avrupapress.com\/main\/wp-json\/wp\/v2\/categories?post=18895"},{"taxonomy":"post_tag","embeddable":true,"href":"https:\/\/avrupapress.com\/main\/wp-json\/wp\/v2\/tags?post=18895"}],"curies":[{"name":"wp","href":"https:\/\/api.w.org\/{rel}","templated":true}]}}