{"id":18883,"date":"2022-05-15T20:40:50","date_gmt":"2022-05-15T20:40:50","guid":{"rendered":"https:\/\/avrupapress.com\/main\/?p=18883"},"modified":"2022-05-15T20:41:14","modified_gmt":"2022-05-15T20:41:14","slug":"erbalderden-hidirellez-bulusmasinda-rumeli-ezgileri-konseri-yogun-ilgi-gordu","status":"publish","type":"post","link":"https:\/\/avrupapress.com\/main\/2022\/05\/15\/erbalderden-hidirellez-bulusmasinda-rumeli-ezgileri-konseri-yogun-ilgi-gordu\/","title":{"rendered":"ERBALDER\u2019den H\u0131d\u0131rellez bulu\u015fmas\u0131nda \u2018Rumeli Ezgileri\u2019 konseri yo\u011fun ilgi g\u00f6rd\u00fc"},"content":{"rendered":"<p class=\"x_MsoNormal\">Eski\u015fehir Yunus Emre K\u00fclt\u00fcr ve Sanat Merkezi\u2019nde; Eski\u015fehir Rumeli Balkan K\u00fclt\u00fcr ve Dayan\u0131\u015fma Derne\u011fi (ERBALDER) taraf\u0131ndan d\u00fczenlenen H\u0131d\u0131rellez bulu\u015fm<a id=\"LPlnk549874\" name=\"x__Hlk103504792\"><\/a>as\u0131nda,\u00a0\u2018Rumeli Ezgileri\u2019 konseri d\u00fczenlendi. Konser, davetliler taraf\u0131ndan be\u011fenildi ve yo\u011fun ilgi g\u00f6rd\u00fc. Davetliler, T\u00fcrk Bayraklar\u0131 ile konserde sevgilerini sundular.<\/p>\n<p class=\"x_MsoNormal\">\u2018Rumeli Ezgileri Koro Toplulu\u011fu\u2019 konserini Koro \u015eefi G\u00f6n\u00fcl Onar y\u00f6netti. Konserin haz\u0131rlanmas\u0131nda ve sunulmas\u0131nda \u00f6zveri g\u00f6steren Koro \u015eefi G\u00f6n\u00fcl Onar\u2019\u0131n konser de eme\u011fi b\u00fcy\u00fckt\u00fcr. Konserde, \u00e7e\u015fitli y\u00f6relerden t\u00fcrk\u00fcler s\u00f6ylendi. Akabinde \u2018Balkanika\u2019 Halk Oyunlar\u0131 Toplulu\u011fu e\u011fitmenleri G\u00fcl\u00e7in \u00d6zg\u00fcr ve Abdullah \u015een y\u00f6netiminde \u2018Balkanika\u2019 Halk Oyunlar\u0131 g\u00f6sterilerini sundular. D\u00fczenlenen etkinlikte ERBALDER Ba\u015fkan\u0131 Neziha Bilen yapt\u0131\u011f\u0131 konu\u015fmas\u0131nda, \u2019\u2019H\u0131d\u0131rellez, Orta Asya\u2019dan Balkanlar\u2019a\u00a0kadar geni\u015f bir co\u011frafyada ya\u015fayan T\u00fcrklerin ortak k\u00fclt\u00fcrel de\u011ferlerinden biridir. Haz\u0131rlam\u0131\u015f oldu\u011fumuz ve sundu\u011fumuz konserle; Balkan T\u00fcrkleri olarak, Atalar\u0131m\u0131zdan kalan bu g\u00fczel gelene\u011fe sahip \u00e7\u0131kmaya ve ya\u015fatmaya \u00e7al\u0131\u015fmaktay\u0131z\u2019\u2019 dedi.<\/p>\n<p>&nbsp;<\/p>\n<p class=\"x_MsoNormal\"><strong>HABER \/ FOTO\u011eRAF: ERTU\u011eRUL ALTINEL \u2013 B\u0130LG\u0130N \u00d6Z\u00c7\u0130FT\u00c7\u0130 \u2013 AVRUPAPRESS \u2013 BEL\u00c7\u0130KA<\/strong><\/p>\n<p><img loading=\"lazy\" decoding=\"async\" class=\"alignnone size-medium wp-image-18884\" src=\"https:\/\/avrupapress.com\/main\/wp-content\/uploads\/2022\/05\/thumbnail_3-300x241.jpg\" alt=\"\" width=\"300\" height=\"241\" srcset=\"https:\/\/avrupapress.com\/main\/wp-content\/uploads\/2022\/05\/thumbnail_3-300x241.jpg 300w, https:\/\/avrupapress.com\/main\/wp-content\/uploads\/2022\/05\/thumbnail_3.jpg 578w\" sizes=\"auto, (max-width: 300px) 100vw, 300px\" \/><\/p>\n<p><img loading=\"lazy\" decoding=\"async\" class=\"alignnone size-medium wp-image-18885\" src=\"https:\/\/avrupapress.com\/main\/wp-content\/uploads\/2022\/05\/1-1-300x225.jpg\" alt=\"\" width=\"300\" height=\"225\" srcset=\"https:\/\/avrupapress.com\/main\/wp-content\/uploads\/2022\/05\/1-1-300x225.jpg 300w, https:\/\/avrupapress.com\/main\/wp-content\/uploads\/2022\/05\/1-1-1024x768.jpg 1024w, https:\/\/avrupapress.com\/main\/wp-content\/uploads\/2022\/05\/1-1-768x576.jpg 768w, https:\/\/avrupapress.com\/main\/wp-content\/uploads\/2022\/05\/1-1-1536x1152.jpg 1536w, https:\/\/avrupapress.com\/main\/wp-content\/uploads\/2022\/05\/1-1.jpg 1600w\" sizes=\"auto, (max-width: 300px) 100vw, 300px\" \/><\/p>\n<p><img loading=\"lazy\" decoding=\"async\" class=\"alignnone size-medium wp-image-18886\" src=\"https:\/\/avrupapress.com\/main\/wp-content\/uploads\/2022\/05\/thumbnail_2-300x169.jpg\" alt=\"\" width=\"300\" height=\"169\" srcset=\"https:\/\/avrupapress.com\/main\/wp-content\/uploads\/2022\/05\/thumbnail_2-300x169.jpg 300w, https:\/\/avrupapress.com\/main\/wp-content\/uploads\/2022\/05\/thumbnail_2-768x432.jpg 768w, https:\/\/avrupapress.com\/main\/wp-content\/uploads\/2022\/05\/thumbnail_2-740x420.jpg 740w, https:\/\/avrupapress.com\/main\/wp-content\/uploads\/2022\/05\/thumbnail_2.jpg 960w\" sizes=\"auto, (max-width: 300px) 100vw, 300px\" \/><\/p>\n<p><img loading=\"lazy\" decoding=\"async\" class=\"alignnone size-medium wp-image-18887\" src=\"https:\/\/avrupapress.com\/main\/wp-content\/uploads\/2022\/05\/thumbnail_4-300x157.jpg\" alt=\"\" width=\"300\" height=\"157\" srcset=\"https:\/\/avrupapress.com\/main\/wp-content\/uploads\/2022\/05\/thumbnail_4-300x157.jpg 300w, https:\/\/avrupapress.com\/main\/wp-content\/uploads\/2022\/05\/thumbnail_4.jpg 640w\" sizes=\"auto, (max-width: 300px) 100vw, 300px\" \/><\/p>\n<p><img loading=\"lazy\" decoding=\"async\" class=\"alignnone size-medium wp-image-18889\" src=\"https:\/\/avrupapress.com\/main\/wp-content\/uploads\/2022\/05\/5-1-300x131.jpg\" alt=\"\" width=\"300\" height=\"131\" srcset=\"https:\/\/avrupapress.com\/main\/wp-content\/uploads\/2022\/05\/5-1-300x131.jpg 300w, https:\/\/avrupapress.com\/main\/wp-content\/uploads\/2022\/05\/5-1-1024x445.jpg 1024w, https:\/\/avrupapress.com\/main\/wp-content\/uploads\/2022\/05\/5-1-768x334.jpg 768w, https:\/\/avrupapress.com\/main\/wp-content\/uploads\/2022\/05\/5-1-1536x668.jpg 1536w, https:\/\/avrupapress.com\/main\/wp-content\/uploads\/2022\/05\/5-1.jpg 1600w\" sizes=\"auto, (max-width: 300px) 100vw, 300px\" \/><\/p>\n<p><img loading=\"lazy\" decoding=\"async\" class=\"alignnone size-medium wp-image-18890\" src=\"https:\/\/avrupapress.com\/main\/wp-content\/uploads\/2022\/05\/6-300x169.jpg\" alt=\"\" width=\"300\" height=\"169\" srcset=\"https:\/\/avrupapress.com\/main\/wp-content\/uploads\/2022\/05\/6-300x169.jpg 300w, https:\/\/avrupapress.com\/main\/wp-content\/uploads\/2022\/05\/6-1024x576.jpg 1024w, https:\/\/avrupapress.com\/main\/wp-content\/uploads\/2022\/05\/6-768x432.jpg 768w, https:\/\/avrupapress.com\/main\/wp-content\/uploads\/2022\/05\/6-1536x864.jpg 1536w, https:\/\/avrupapress.com\/main\/wp-content\/uploads\/2022\/05\/6-740x420.jpg 740w, https:\/\/avrupapress.com\/main\/wp-content\/uploads\/2022\/05\/6.jpg 1600w\" sizes=\"auto, (max-width: 300px) 100vw, 300px\" \/><\/p>\n<p><img loading=\"lazy\" decoding=\"async\" class=\"alignnone size-medium wp-image-18892\" src=\"https:\/\/avrupapress.com\/main\/wp-content\/uploads\/2022\/05\/7-300x225.jpg\" alt=\"\" width=\"300\" height=\"225\" srcset=\"https:\/\/avrupapress.com\/main\/wp-content\/uploads\/2022\/05\/7-300x225.jpg 300w, https:\/\/avrupapress.com\/main\/wp-content\/uploads\/2022\/05\/7-1024x768.jpg 1024w, https:\/\/avrupapress.com\/main\/wp-content\/uploads\/2022\/05\/7-768x576.jpg 768w, https:\/\/avrupapress.com\/main\/wp-content\/uploads\/2022\/05\/7-1536x1152.jpg 1536w, https:\/\/avrupapress.com\/main\/wp-content\/uploads\/2022\/05\/7.jpg 1600w\" sizes=\"auto, (max-width: 300px) 100vw, 300px\" \/><\/p>\n<p>&nbsp;<\/p>\n<p>&nbsp;<\/p>\n<p>&nbsp;<\/p>\n<p>&nbsp;<\/p>\n<p class=\"x_MsoNormal\"><strong>HABER \/ FOTO\u011eRAF: ERTU\u011eRUL ALTINEL \u2013 B\u0130LG\u0130N \u00d6Z\u00c7\u0130FT\u00c7\u0130 \u2013 AVRUPAPRESS \u2013 BEL\u00c7\u0130KA<\/strong><\/p>\n","protected":false},"excerpt":{"rendered":"<p>Eski\u015fehir Yunus Emre K\u00fclt\u00fcr ve Sanat Merkezi\u2019nde; Eski\u015fehir Rumeli Balkan K\u00fclt\u00fcr ve Dayan\u0131\u015fma Derne\u011fi (ERBALDER) taraf\u0131ndan d\u00fczenlenen H\u0131d\u0131rellez bulu\u015fmas\u0131nda,\u00a0\u2018Rumeli Ezgileri\u2019 konseri d\u00fczenlendi. Konser, davetliler taraf\u0131ndan be\u011fenildi ve yo\u011fun ilgi g\u00f6rd\u00fc. Davetliler, T\u00fcrk Bayraklar\u0131 ile konserde sevgilerini sundular. \u2018Rumeli Ezgileri Koro Toplulu\u011fu\u2019 konserini Koro \u015eefi G\u00f6n\u00fcl Onar y\u00f6netti. Konserin haz\u0131rlanmas\u0131nda ve sunulmas\u0131nda \u00f6zveri g\u00f6steren Koro \u015eefi [&hellip;]<\/p>\n","protected":false},"author":3,"featured_media":18884,"comment_status":"closed","ping_status":"open","sticky":false,"template":"","format":"standard","meta":{"footnotes":""},"categories":[14,16,3,17,18,19,2],"tags":[],"class_list":["post-18883","post","type-post","status-publish","format-standard","has-post-thumbnail","hentry","category-avrupa","category-belcika","category-dunya","category-ekonomi","category-kultur-sanat","category-tanitim","category-turkiye"],"yoast_head":"<!-- This site is optimized with the Yoast SEO plugin v26.9 - https:\/\/yoast.com\/product\/yoast-seo-wordpress\/ -->\n<title>ERBALDER\u2019den H\u0131d\u0131rellez bulu\u015fmas\u0131nda \u2018Rumeli Ezgileri\u2019 konseri yo\u011fun ilgi g\u00f6rd\u00fc - AvrupaPress<\/title>\n<meta name=\"robots\" content=\"index, follow, max-snippet:-1, max-image-preview:large, max-video-preview:-1\" \/>\n<link rel=\"canonical\" href=\"https:\/\/avrupapress.com\/main\/2022\/05\/15\/erbalderden-hidirellez-bulusmasinda-rumeli-ezgileri-konseri-yogun-ilgi-gordu\/\" \/>\n<meta property=\"og:locale\" content=\"fr_FR\" \/>\n<meta property=\"og:type\" content=\"article\" \/>\n<meta property=\"og:title\" content=\"ERBALDER\u2019den H\u0131d\u0131rellez bulu\u015fmas\u0131nda \u2018Rumeli Ezgileri\u2019 konseri yo\u011fun ilgi g\u00f6rd\u00fc - AvrupaPress\" \/>\n<meta property=\"og:description\" content=\"Eski\u015fehir Yunus Emre K\u00fclt\u00fcr ve Sanat Merkezi\u2019nde; Eski\u015fehir Rumeli Balkan K\u00fclt\u00fcr ve Dayan\u0131\u015fma Derne\u011fi (ERBALDER) taraf\u0131ndan d\u00fczenlenen H\u0131d\u0131rellez bulu\u015fmas\u0131nda,\u00a0\u2018Rumeli Ezgileri\u2019 konseri d\u00fczenlendi. Konser, davetliler taraf\u0131ndan be\u011fenildi ve yo\u011fun ilgi g\u00f6rd\u00fc. Davetliler, T\u00fcrk Bayraklar\u0131 ile konserde sevgilerini sundular. \u2018Rumeli Ezgileri Koro Toplulu\u011fu\u2019 konserini Koro \u015eefi G\u00f6n\u00fcl Onar y\u00f6netti. Konserin haz\u0131rlanmas\u0131nda ve sunulmas\u0131nda \u00f6zveri g\u00f6steren Koro \u015eefi [&hellip;]\" \/>\n<meta property=\"og:url\" content=\"https:\/\/avrupapress.com\/main\/2022\/05\/15\/erbalderden-hidirellez-bulusmasinda-rumeli-ezgileri-konseri-yogun-ilgi-gordu\/\" \/>\n<meta property=\"og:site_name\" content=\"AvrupaPress\" \/>\n<meta property=\"article:published_time\" content=\"2022-05-15T20:40:50+00:00\" \/>\n<meta property=\"article:modified_time\" content=\"2022-05-15T20:41:14+00:00\" \/>\n<meta property=\"og:image\" content=\"https:\/\/avrupapress.com\/main\/wp-content\/uploads\/2022\/05\/thumbnail_3.jpg\" \/>\n\t<meta property=\"og:image:width\" content=\"578\" \/>\n\t<meta property=\"og:image:height\" content=\"465\" \/>\n\t<meta property=\"og:image:type\" content=\"image\/jpeg\" \/>\n<meta name=\"author\" content=\"Edit\u00f6r\" \/>\n<meta name=\"twitter:card\" content=\"summary_large_image\" \/>\n<meta name=\"twitter:label1\" content=\"\u00c9crit par\" \/>\n\t<meta name=\"twitter:data1\" content=\"Edit\u00f6r\" \/>\n\t<meta name=\"twitter:label2\" content=\"Dur\u00e9e de lecture est.\" \/>\n\t<meta name=\"twitter:data2\" content=\"1 minute\" \/>\n<script type=\"application\/ld+json\" class=\"yoast-schema-graph\">{\"@context\":\"https:\/\/schema.org\",\"@graph\":[{\"@type\":\"Article\",\"@id\":\"https:\/\/avrupapress.com\/main\/2022\/05\/15\/erbalderden-hidirellez-bulusmasinda-rumeli-ezgileri-konseri-yogun-ilgi-gordu\/#article\",\"isPartOf\":{\"@id\":\"https:\/\/avrupapress.com\/main\/2022\/05\/15\/erbalderden-hidirellez-bulusmasinda-rumeli-ezgileri-konseri-yogun-ilgi-gordu\/\"},\"author\":{\"name\":\"Edit\u00f6r\",\"@id\":\"https:\/\/avrupapress.com\/#\/schema\/person\/68428444ec60970d1e1b700cf4ca1e8f\"},\"headline\":\"ERBALDER\u2019den H\u0131d\u0131rellez bulu\u015fmas\u0131nda \u2018Rumeli Ezgileri\u2019 konseri yo\u011fun ilgi g\u00f6rd\u00fc\",\"datePublished\":\"2022-05-15T20:40:50+00:00\",\"dateModified\":\"2022-05-15T20:41:14+00:00\",\"mainEntityOfPage\":{\"@id\":\"https:\/\/avrupapress.com\/main\/2022\/05\/15\/erbalderden-hidirellez-bulusmasinda-rumeli-ezgileri-konseri-yogun-ilgi-gordu\/\"},\"wordCount\":248,\"publisher\":{\"@id\":\"https:\/\/avrupapress.com\/#\/schema\/person\/0223dca19c72c43575bf30d1a2d8f4fa\"},\"image\":{\"@id\":\"https:\/\/avrupapress.com\/main\/2022\/05\/15\/erbalderden-hidirellez-bulusmasinda-rumeli-ezgileri-konseri-yogun-ilgi-gordu\/#primaryimage\"},\"thumbnailUrl\":\"https:\/\/avrupapress.com\/main\/wp-content\/uploads\/2022\/05\/thumbnail_3.jpg\",\"articleSection\":[\"Avrupa\",\"Bel\u00e7ika\",\"D\u00fcnya\",\"Ekonomi\",\"K\u00fclt\u00fcr-Sanat\",\"Tan\u0131t\u0131m\",\"T\u00fcrkiye\"],\"inLanguage\":\"fr-BE\"},{\"@type\":\"WebPage\",\"@id\":\"https:\/\/avrupapress.com\/main\/2022\/05\/15\/erbalderden-hidirellez-bulusmasinda-rumeli-ezgileri-konseri-yogun-ilgi-gordu\/\",\"url\":\"https:\/\/avrupapress.com\/main\/2022\/05\/15\/erbalderden-hidirellez-bulusmasinda-rumeli-ezgileri-konseri-yogun-ilgi-gordu\/\",\"name\":\"ERBALDER\u2019den H\u0131d\u0131rellez bulu\u015fmas\u0131nda \u2018Rumeli Ezgileri\u2019 konseri yo\u011fun ilgi g\u00f6rd\u00fc - AvrupaPress\",\"isPartOf\":{\"@id\":\"https:\/\/avrupapress.com\/#website\"},\"primaryImageOfPage\":{\"@id\":\"https:\/\/avrupapress.com\/main\/2022\/05\/15\/erbalderden-hidirellez-bulusmasinda-rumeli-ezgileri-konseri-yogun-ilgi-gordu\/#primaryimage\"},\"image\":{\"@id\":\"https:\/\/avrupapress.com\/main\/2022\/05\/15\/erbalderden-hidirellez-bulusmasinda-rumeli-ezgileri-konseri-yogun-ilgi-gordu\/#primaryimage\"},\"thumbnailUrl\":\"https:\/\/avrupapress.com\/main\/wp-content\/uploads\/2022\/05\/thumbnail_3.jpg\",\"datePublished\":\"2022-05-15T20:40:50+00:00\",\"dateModified\":\"2022-05-15T20:41:14+00:00\",\"breadcrumb\":{\"@id\":\"https:\/\/avrupapress.com\/main\/2022\/05\/15\/erbalderden-hidirellez-bulusmasinda-rumeli-ezgileri-konseri-yogun-ilgi-gordu\/#breadcrumb\"},\"inLanguage\":\"fr-BE\",\"potentialAction\":[{\"@type\":\"ReadAction\",\"target\":[\"https:\/\/avrupapress.com\/main\/2022\/05\/15\/erbalderden-hidirellez-bulusmasinda-rumeli-ezgileri-konseri-yogun-ilgi-gordu\/\"]}]},{\"@type\":\"ImageObject\",\"inLanguage\":\"fr-BE\",\"@id\":\"https:\/\/avrupapress.com\/main\/2022\/05\/15\/erbalderden-hidirellez-bulusmasinda-rumeli-ezgileri-konseri-yogun-ilgi-gordu\/#primaryimage\",\"url\":\"https:\/\/avrupapress.com\/main\/wp-content\/uploads\/2022\/05\/thumbnail_3.jpg\",\"contentUrl\":\"https:\/\/avrupapress.com\/main\/wp-content\/uploads\/2022\/05\/thumbnail_3.jpg\",\"width\":578,\"height\":465},{\"@type\":\"BreadcrumbList\",\"@id\":\"https:\/\/avrupapress.com\/main\/2022\/05\/15\/erbalderden-hidirellez-bulusmasinda-rumeli-ezgileri-konseri-yogun-ilgi-gordu\/#breadcrumb\",\"itemListElement\":[{\"@type\":\"ListItem\",\"position\":1,\"name\":\"Anasayfa\",\"item\":\"https:\/\/avrupapress.com\/\"},{\"@type\":\"ListItem\",\"position\":2,\"name\":\"ERBALDER\u2019den H\u0131d\u0131rellez bulu\u015fmas\u0131nda \u2018Rumeli Ezgileri\u2019 konseri yo\u011fun ilgi g\u00f6rd\u00fc\"}]},{\"@type\":\"WebSite\",\"@id\":\"https:\/\/avrupapress.com\/#website\",\"url\":\"https:\/\/avrupapress.com\/\",\"name\":\"AvrupaPress\",\"description\":\"Haberin Adresi\",\"publisher\":{\"@id\":\"https:\/\/avrupapress.com\/#\/schema\/person\/0223dca19c72c43575bf30d1a2d8f4fa\"},\"potentialAction\":[{\"@type\":\"SearchAction\",\"target\":{\"@type\":\"EntryPoint\",\"urlTemplate\":\"https:\/\/avrupapress.com\/?s={search_term_string}\"},\"query-input\":{\"@type\":\"PropertyValueSpecification\",\"valueRequired\":true,\"valueName\":\"search_term_string\"}}],\"inLanguage\":\"fr-BE\"},{\"@type\":[\"Person\",\"Organization\"],\"@id\":\"https:\/\/avrupapress.com\/#\/schema\/person\/0223dca19c72c43575bf30d1a2d8f4fa\",\"name\":\"Bilgin \u00d6z\u00e7ift\u00e7i\",\"image\":{\"@type\":\"ImageObject\",\"inLanguage\":\"fr-BE\",\"@id\":\"https:\/\/avrupapress.com\/#\/schema\/person\/image\/\",\"url\":\"https:\/\/secure.gravatar.com\/avatar\/0f23b280433a21e1ea7a0adcc46ed0ad16afe3ad8e630fd13d8a017dcbd54ef3?s=96&d=mm&r=g\",\"contentUrl\":\"https:\/\/secure.gravatar.com\/avatar\/0f23b280433a21e1ea7a0adcc46ed0ad16afe3ad8e630fd13d8a017dcbd54ef3?s=96&d=mm&r=g\",\"caption\":\"Bilgin \u00d6z\u00e7ift\u00e7i\"},\"logo\":{\"@id\":\"https:\/\/avrupapress.com\/#\/schema\/person\/image\/\"},\"description\":\"Ne ben, nede sen... Biz ancak \\\"biz\\\" olursak g\u00fc\u00e7l\u00fc olabiliriz\"},{\"@type\":\"Person\",\"@id\":\"https:\/\/avrupapress.com\/#\/schema\/person\/68428444ec60970d1e1b700cf4ca1e8f\",\"name\":\"Edit\u00f6r\",\"image\":{\"@type\":\"ImageObject\",\"inLanguage\":\"fr-BE\",\"@id\":\"https:\/\/avrupapress.com\/#\/schema\/person\/image\/\",\"url\":\"https:\/\/secure.gravatar.com\/avatar\/74996b0977aa5f1559ba9883776652508b229005c0d78fb2597897f0bd651c09?s=96&d=mm&r=g\",\"contentUrl\":\"https:\/\/secure.gravatar.com\/avatar\/74996b0977aa5f1559ba9883776652508b229005c0d78fb2597897f0bd651c09?s=96&d=mm&r=g\",\"caption\":\"Edit\u00f6r\"},\"sameAs\":[\"http:\/\/www.avrupapress.com\"],\"url\":\"https:\/\/avrupapress.com\/main\/author\/editor\/\"}]}<\/script>\n<!-- \/ Yoast SEO plugin. -->","yoast_head_json":{"title":"ERBALDER\u2019den H\u0131d\u0131rellez bulu\u015fmas\u0131nda \u2018Rumeli Ezgileri\u2019 konseri yo\u011fun ilgi g\u00f6rd\u00fc - AvrupaPress","robots":{"index":"index","follow":"follow","max-snippet":"max-snippet:-1","max-image-preview":"max-image-preview:large","max-video-preview":"max-video-preview:-1"},"canonical":"https:\/\/avrupapress.com\/main\/2022\/05\/15\/erbalderden-hidirellez-bulusmasinda-rumeli-ezgileri-konseri-yogun-ilgi-gordu\/","og_locale":"fr_FR","og_type":"article","og_title":"ERBALDER\u2019den H\u0131d\u0131rellez bulu\u015fmas\u0131nda \u2018Rumeli Ezgileri\u2019 konseri yo\u011fun ilgi g\u00f6rd\u00fc - AvrupaPress","og_description":"Eski\u015fehir Yunus Emre K\u00fclt\u00fcr ve Sanat Merkezi\u2019nde; Eski\u015fehir Rumeli Balkan K\u00fclt\u00fcr ve Dayan\u0131\u015fma Derne\u011fi (ERBALDER) taraf\u0131ndan d\u00fczenlenen H\u0131d\u0131rellez bulu\u015fmas\u0131nda,\u00a0\u2018Rumeli Ezgileri\u2019 konseri d\u00fczenlendi. Konser, davetliler taraf\u0131ndan be\u011fenildi ve yo\u011fun ilgi g\u00f6rd\u00fc. Davetliler, T\u00fcrk Bayraklar\u0131 ile konserde sevgilerini sundular. \u2018Rumeli Ezgileri Koro Toplulu\u011fu\u2019 konserini Koro \u015eefi G\u00f6n\u00fcl Onar y\u00f6netti. Konserin haz\u0131rlanmas\u0131nda ve sunulmas\u0131nda \u00f6zveri g\u00f6steren Koro \u015eefi [&hellip;]","og_url":"https:\/\/avrupapress.com\/main\/2022\/05\/15\/erbalderden-hidirellez-bulusmasinda-rumeli-ezgileri-konseri-yogun-ilgi-gordu\/","og_site_name":"AvrupaPress","article_published_time":"2022-05-15T20:40:50+00:00","article_modified_time":"2022-05-15T20:41:14+00:00","og_image":[{"width":578,"height":465,"url":"https:\/\/avrupapress.com\/main\/wp-content\/uploads\/2022\/05\/thumbnail_3.jpg","type":"image\/jpeg"}],"author":"Edit\u00f6r","twitter_card":"summary_large_image","twitter_misc":{"\u00c9crit par":"Edit\u00f6r","Dur\u00e9e de lecture est.":"1 minute"},"schema":{"@context":"https:\/\/schema.org","@graph":[{"@type":"Article","@id":"https:\/\/avrupapress.com\/main\/2022\/05\/15\/erbalderden-hidirellez-bulusmasinda-rumeli-ezgileri-konseri-yogun-ilgi-gordu\/#article","isPartOf":{"@id":"https:\/\/avrupapress.com\/main\/2022\/05\/15\/erbalderden-hidirellez-bulusmasinda-rumeli-ezgileri-konseri-yogun-ilgi-gordu\/"},"author":{"name":"Edit\u00f6r","@id":"https:\/\/avrupapress.com\/#\/schema\/person\/68428444ec60970d1e1b700cf4ca1e8f"},"headline":"ERBALDER\u2019den H\u0131d\u0131rellez bulu\u015fmas\u0131nda \u2018Rumeli Ezgileri\u2019 konseri yo\u011fun ilgi g\u00f6rd\u00fc","datePublished":"2022-05-15T20:40:50+00:00","dateModified":"2022-05-15T20:41:14+00:00","mainEntityOfPage":{"@id":"https:\/\/avrupapress.com\/main\/2022\/05\/15\/erbalderden-hidirellez-bulusmasinda-rumeli-ezgileri-konseri-yogun-ilgi-gordu\/"},"wordCount":248,"publisher":{"@id":"https:\/\/avrupapress.com\/#\/schema\/person\/0223dca19c72c43575bf30d1a2d8f4fa"},"image":{"@id":"https:\/\/avrupapress.com\/main\/2022\/05\/15\/erbalderden-hidirellez-bulusmasinda-rumeli-ezgileri-konseri-yogun-ilgi-gordu\/#primaryimage"},"thumbnailUrl":"https:\/\/avrupapress.com\/main\/wp-content\/uploads\/2022\/05\/thumbnail_3.jpg","articleSection":["Avrupa","Bel\u00e7ika","D\u00fcnya","Ekonomi","K\u00fclt\u00fcr-Sanat","Tan\u0131t\u0131m","T\u00fcrkiye"],"inLanguage":"fr-BE"},{"@type":"WebPage","@id":"https:\/\/avrupapress.com\/main\/2022\/05\/15\/erbalderden-hidirellez-bulusmasinda-rumeli-ezgileri-konseri-yogun-ilgi-gordu\/","url":"https:\/\/avrupapress.com\/main\/2022\/05\/15\/erbalderden-hidirellez-bulusmasinda-rumeli-ezgileri-konseri-yogun-ilgi-gordu\/","name":"ERBALDER\u2019den H\u0131d\u0131rellez bulu\u015fmas\u0131nda \u2018Rumeli Ezgileri\u2019 konseri yo\u011fun ilgi g\u00f6rd\u00fc - AvrupaPress","isPartOf":{"@id":"https:\/\/avrupapress.com\/#website"},"primaryImageOfPage":{"@id":"https:\/\/avrupapress.com\/main\/2022\/05\/15\/erbalderden-hidirellez-bulusmasinda-rumeli-ezgileri-konseri-yogun-ilgi-gordu\/#primaryimage"},"image":{"@id":"https:\/\/avrupapress.com\/main\/2022\/05\/15\/erbalderden-hidirellez-bulusmasinda-rumeli-ezgileri-konseri-yogun-ilgi-gordu\/#primaryimage"},"thumbnailUrl":"https:\/\/avrupapress.com\/main\/wp-content\/uploads\/2022\/05\/thumbnail_3.jpg","datePublished":"2022-05-15T20:40:50+00:00","dateModified":"2022-05-15T20:41:14+00:00","breadcrumb":{"@id":"https:\/\/avrupapress.com\/main\/2022\/05\/15\/erbalderden-hidirellez-bulusmasinda-rumeli-ezgileri-konseri-yogun-ilgi-gordu\/#breadcrumb"},"inLanguage":"fr-BE","potentialAction":[{"@type":"ReadAction","target":["https:\/\/avrupapress.com\/main\/2022\/05\/15\/erbalderden-hidirellez-bulusmasinda-rumeli-ezgileri-konseri-yogun-ilgi-gordu\/"]}]},{"@type":"ImageObject","inLanguage":"fr-BE","@id":"https:\/\/avrupapress.com\/main\/2022\/05\/15\/erbalderden-hidirellez-bulusmasinda-rumeli-ezgileri-konseri-yogun-ilgi-gordu\/#primaryimage","url":"https:\/\/avrupapress.com\/main\/wp-content\/uploads\/2022\/05\/thumbnail_3.jpg","contentUrl":"https:\/\/avrupapress.com\/main\/wp-content\/uploads\/2022\/05\/thumbnail_3.jpg","width":578,"height":465},{"@type":"BreadcrumbList","@id":"https:\/\/avrupapress.com\/main\/2022\/05\/15\/erbalderden-hidirellez-bulusmasinda-rumeli-ezgileri-konseri-yogun-ilgi-gordu\/#breadcrumb","itemListElement":[{"@type":"ListItem","position":1,"name":"Anasayfa","item":"https:\/\/avrupapress.com\/"},{"@type":"ListItem","position":2,"name":"ERBALDER\u2019den H\u0131d\u0131rellez bulu\u015fmas\u0131nda \u2018Rumeli Ezgileri\u2019 konseri yo\u011fun ilgi g\u00f6rd\u00fc"}]},{"@type":"WebSite","@id":"https:\/\/avrupapress.com\/#website","url":"https:\/\/avrupapress.com\/","name":"AvrupaPress","description":"Haberin Adresi","publisher":{"@id":"https:\/\/avrupapress.com\/#\/schema\/person\/0223dca19c72c43575bf30d1a2d8f4fa"},"potentialAction":[{"@type":"SearchAction","target":{"@type":"EntryPoint","urlTemplate":"https:\/\/avrupapress.com\/?s={search_term_string}"},"query-input":{"@type":"PropertyValueSpecification","valueRequired":true,"valueName":"search_term_string"}}],"inLanguage":"fr-BE"},{"@type":["Person","Organization"],"@id":"https:\/\/avrupapress.com\/#\/schema\/person\/0223dca19c72c43575bf30d1a2d8f4fa","name":"Bilgin \u00d6z\u00e7ift\u00e7i","image":{"@type":"ImageObject","inLanguage":"fr-BE","@id":"https:\/\/avrupapress.com\/#\/schema\/person\/image\/","url":"https:\/\/secure.gravatar.com\/avatar\/0f23b280433a21e1ea7a0adcc46ed0ad16afe3ad8e630fd13d8a017dcbd54ef3?s=96&d=mm&r=g","contentUrl":"https:\/\/secure.gravatar.com\/avatar\/0f23b280433a21e1ea7a0adcc46ed0ad16afe3ad8e630fd13d8a017dcbd54ef3?s=96&d=mm&r=g","caption":"Bilgin \u00d6z\u00e7ift\u00e7i"},"logo":{"@id":"https:\/\/avrupapress.com\/#\/schema\/person\/image\/"},"description":"Ne ben, nede sen... Biz ancak \"biz\" olursak g\u00fc\u00e7l\u00fc olabiliriz"},{"@type":"Person","@id":"https:\/\/avrupapress.com\/#\/schema\/person\/68428444ec60970d1e1b700cf4ca1e8f","name":"Edit\u00f6r","image":{"@type":"ImageObject","inLanguage":"fr-BE","@id":"https:\/\/avrupapress.com\/#\/schema\/person\/image\/","url":"https:\/\/secure.gravatar.com\/avatar\/74996b0977aa5f1559ba9883776652508b229005c0d78fb2597897f0bd651c09?s=96&d=mm&r=g","contentUrl":"https:\/\/secure.gravatar.com\/avatar\/74996b0977aa5f1559ba9883776652508b229005c0d78fb2597897f0bd651c09?s=96&d=mm&r=g","caption":"Edit\u00f6r"},"sameAs":["http:\/\/www.avrupapress.com"],"url":"https:\/\/avrupapress.com\/main\/author\/editor\/"}]}},"_links":{"self":[{"href":"https:\/\/avrupapress.com\/main\/wp-json\/wp\/v2\/posts\/18883","targetHints":{"allow":["GET"]}}],"collection":[{"href":"https:\/\/avrupapress.com\/main\/wp-json\/wp\/v2\/posts"}],"about":[{"href":"https:\/\/avrupapress.com\/main\/wp-json\/wp\/v2\/types\/post"}],"author":[{"embeddable":true,"href":"https:\/\/avrupapress.com\/main\/wp-json\/wp\/v2\/users\/3"}],"replies":[{"embeddable":true,"href":"https:\/\/avrupapress.com\/main\/wp-json\/wp\/v2\/comments?post=18883"}],"version-history":[{"count":2,"href":"https:\/\/avrupapress.com\/main\/wp-json\/wp\/v2\/posts\/18883\/revisions"}],"predecessor-version":[{"id":18894,"href":"https:\/\/avrupapress.com\/main\/wp-json\/wp\/v2\/posts\/18883\/revisions\/18894"}],"wp:featuredmedia":[{"embeddable":true,"href":"https:\/\/avrupapress.com\/main\/wp-json\/wp\/v2\/media\/18884"}],"wp:attachment":[{"href":"https:\/\/avrupapress.com\/main\/wp-json\/wp\/v2\/media?parent=18883"}],"wp:term":[{"taxonomy":"category","embeddable":true,"href":"https:\/\/avrupapress.com\/main\/wp-json\/wp\/v2\/categories?post=18883"},{"taxonomy":"post_tag","embeddable":true,"href":"https:\/\/avrupapress.com\/main\/wp-json\/wp\/v2\/tags?post=18883"}],"curies":[{"name":"wp","href":"https:\/\/api.w.org\/{rel}","templated":true}]}}