{"id":18793,"date":"2022-05-07T18:06:29","date_gmt":"2022-05-07T18:06:29","guid":{"rendered":"https:\/\/avrupapress.com\/main\/?p=18793"},"modified":"2022-05-07T18:06:41","modified_gmt":"2022-05-07T18:06:41","slug":"mubarek-ulke-sanki-yol-gecen-hani-oldu","status":"publish","type":"post","link":"https:\/\/avrupapress.com\/main\/2022\/05\/07\/mubarek-ulke-sanki-yol-gecen-hani-oldu\/","title":{"rendered":"M\u00fcbarek \u00dclke Sanki Yol Ge\u00e7en Han\u0131 Oldu&#8230;"},"content":{"rendered":"<div dir=\"auto\">Kom\u015fu oldu\u011fumuz yak\u0131n civar \u00fclkelerde \u00e7\u0131kan sava\u015flardan dolay\u0131 yurdumuza g\u00f6\u00e7 eden m\u00fclteciler, kraldan daha \u00e7ok kralc\u0131 oldular. Resmi beyanlara g\u00f6re 2017 y\u0131l\u0131ndan bu yana \u00fclkemize neredeyse hi\u00e7 m\u00fclteci giri\u015fi olmad\u0131\u011f\u0131 gibi, birde geri g\u00f6nderildi\u011fi s\u00f6ylendi. Peki ya bunca g\u00f6\u00e7 selinden kaynaklanan kalabal\u0131klar niye ve nerden geldi ? O zaman bu beyana g\u00f6re g\u00f6\u00e7\u00fcn \u00e7o\u011funlu\u011fu 2017 y\u0131l\u0131ndan \u00f6nce arpa \u00e7arpa dedi\u011fimiz kara d\u00fczen \u015feklinde yurdumuza giri\u015f yapt\u0131lar. Keza bu sistemde, \u00fclke d\u00fczenini allak bullak etti. Ensar olal\u0131m olmas\u0131na da bak\u0131l\u0131m onlar muhacirli\u011fini ne kadar koruyacaklar ? Zira onlar\u0131n b\u00fct\u00fcn cevru cefas\u0131n\u0131 bug\u00fcn b\u00fct\u00fcn millet olarak hep birlikte \u00e7ekmiyormuyuz&#8230; ? O zaman onlara tan\u0131nan haklar\u0131n bir \u00e7eyre\u011fi de vatanda\u015fa tan\u0131ns\u0131n onada eyvallah diyelim&#8230;<\/div>\n<div dir=\"auto\"><\/div>\n<div dir=\"auto\">Zira \u00e7ar\u015f\u0131 Pazara \u00e7\u0131k\u0131yoruz, kar\u015f\u0131m\u0131zda onlar. Ev tutmaya konut kiralamaya i\u015f yeri ve benzeri m\u00fclk edinmeye kalk\u0131\u015f\u0131yorsun her \u015fey ate\u015f pahas\u0131, kiralanacak ne ev var nede konut, olanda zaten onlara \u00fc\u00e7 be\u015f kat daha fazla fiyat ile verece\u011fim diye hi\u00e7 yerli m\u00fc\u015fteriyi kayla bile alm\u0131yorlar. Normal bir varo\u015f mahallesinde bile en ucuz ev kiras\u0131 \u00fc\u00e7 binin \u00fczerinde oldu. Ama onlara gelince fersah fersah yer sat\u0131l\u0131yor. Bak\u0131n efendiler, o sat\u0131lan \u00f6yle \u00fc\u015f be\u015f kilo patl\u0131can yada Urfa tabiri ile isot veya domates de\u011fildir. Bilakis orda sat\u0131lan konut, ev, i\u015f yeri ve m\u00fclk sat\u0131l\u0131yor!&#8230; \u00c7\u00fcnk\u00fc m\u00fclk satman\u0131n bir \u00e7ok \u015fartlar\u0131 kolayla\u015ft\u0131r\u0131ld\u0131\u011f\u0131 i\u00e7in bu kadar co\u015fuyorlar&#8230;<\/div>\n<div dir=\"auto\"><\/div>\n<div dir=\"auto\">Bak\u0131n\u0131z, \u015fayet Ak Parti h\u00fck\u00fcmeti mevcut \u00e7\u00f6z\u00fcm sistemini biraz daha iyile\u015ftirip ve i\u015fin performans\u0131n\u0131 art\u0131rmazsa, i\u015fte o zaman hem kendi siyasi hayat\u0131na yaz\u0131k eder ve hemde bu milletini ciddi bir \u015fekilde ziyan etmi\u015f olur. Keza bu senaryonun bir de\u011fi\u015fik versiyonunu Filistin ya\u015fad\u0131 ve o ya\u015fam\u0131n ac\u0131s\u0131n\u0131 bu g\u00fcn evlatlar\u0131 \u00e7ekiyor. \u015eayet bizde ayn\u0131 ac\u0131y\u0131 evlatlar\u0131m\u0131za ya\u015fatmak istemiyorsak, o zaman h\u00fck\u00fcmet taraf\u0131ndan al\u0131nan \u00f6nlem ve tedbirler art\u0131r\u0131ls\u0131n istiyoruz. Aksi halde bu i\u015fin hem vebali ve hemde bedeli a\u011f\u0131r olur. \u0130\u015fte o zamanda bug\u00fcn bu yabanc\u0131lar\u0131 getirip bir tak\u0131m menfaatlerinden nemalananlar\u0131n cefas\u0131n\u0131 Filistinliler gibi bizim evlatlar\u0131m\u0131z \u00e7ekecektir. \u0130la ahiri kelam ile ak\u0131betimiz hayr \u00fclkemiz selametle olsun. Selam ve dualarla huzur i\u00e7inde kal\u0131n selametle&#8230;<\/div>\n<div dir=\"auto\">\u201cSAYGILARIMLA WESSSELAM\u201d<\/div>\n<div dir=\"auto\"><\/div>\n<div dir=\"auto\"><strong>Abdullah Taskin\u00a0 \/\u00a0 AVRUPAPRESS<\/strong><\/div>\n","protected":false},"excerpt":{"rendered":"<p>Kom\u015fu oldu\u011fumuz yak\u0131n civar \u00fclkelerde \u00e7\u0131kan sava\u015flardan dolay\u0131 yurdumuza g\u00f6\u00e7 eden m\u00fclteciler, kraldan daha \u00e7ok kralc\u0131 oldular. Resmi beyanlara g\u00f6re 2017 y\u0131l\u0131ndan bu yana \u00fclkemize neredeyse hi\u00e7 m\u00fclteci giri\u015fi olmad\u0131\u011f\u0131 gibi, birde geri g\u00f6nderildi\u011fi s\u00f6ylendi. Peki ya bunca g\u00f6\u00e7 selinden kaynaklanan kalabal\u0131klar niye ve nerden geldi ? O zaman bu beyana g\u00f6re g\u00f6\u00e7\u00fcn \u00e7o\u011funlu\u011fu 2017 [&hellip;]<\/p>\n","protected":false},"author":3,"featured_media":18794,"comment_status":"closed","ping_status":"open","sticky":false,"template":"","format":"standard","meta":{"footnotes":""},"categories":[14,16,3,17,18,19,2],"tags":[],"class_list":["post-18793","post","type-post","status-publish","format-standard","has-post-thumbnail","hentry","category-avrupa","category-belcika","category-dunya","category-ekonomi","category-kultur-sanat","category-tanitim","category-turkiye"],"yoast_head":"<!-- This site is optimized with the Yoast SEO plugin v26.9 - https:\/\/yoast.com\/product\/yoast-seo-wordpress\/ -->\n<title>M\u00fcbarek \u00dclke Sanki Yol Ge\u00e7en Han\u0131 Oldu... - AvrupaPress<\/title>\n<meta name=\"robots\" content=\"index, follow, max-snippet:-1, max-image-preview:large, max-video-preview:-1\" \/>\n<link rel=\"canonical\" href=\"https:\/\/avrupapress.com\/main\/2022\/05\/07\/mubarek-ulke-sanki-yol-gecen-hani-oldu\/\" \/>\n<meta property=\"og:locale\" content=\"fr_FR\" \/>\n<meta property=\"og:type\" content=\"article\" \/>\n<meta property=\"og:title\" content=\"M\u00fcbarek \u00dclke Sanki Yol Ge\u00e7en Han\u0131 Oldu... - AvrupaPress\" \/>\n<meta property=\"og:description\" content=\"Kom\u015fu oldu\u011fumuz yak\u0131n civar \u00fclkelerde \u00e7\u0131kan sava\u015flardan dolay\u0131 yurdumuza g\u00f6\u00e7 eden m\u00fclteciler, kraldan daha \u00e7ok kralc\u0131 oldular. Resmi beyanlara g\u00f6re 2017 y\u0131l\u0131ndan bu yana \u00fclkemize neredeyse hi\u00e7 m\u00fclteci giri\u015fi olmad\u0131\u011f\u0131 gibi, birde geri g\u00f6nderildi\u011fi s\u00f6ylendi. Peki ya bunca g\u00f6\u00e7 selinden kaynaklanan kalabal\u0131klar niye ve nerden geldi ? O zaman bu beyana g\u00f6re g\u00f6\u00e7\u00fcn \u00e7o\u011funlu\u011fu 2017 [&hellip;]\" \/>\n<meta property=\"og:url\" content=\"https:\/\/avrupapress.com\/main\/2022\/05\/07\/mubarek-ulke-sanki-yol-gecen-hani-oldu\/\" \/>\n<meta property=\"og:site_name\" content=\"AvrupaPress\" \/>\n<meta property=\"article:published_time\" content=\"2022-05-07T18:06:29+00:00\" \/>\n<meta property=\"article:modified_time\" content=\"2022-05-07T18:06:41+00:00\" \/>\n<meta property=\"og:image\" content=\"https:\/\/avrupapress.com\/main\/wp-content\/uploads\/2022\/05\/thumbnail_IMG-20210209-WA0004-728x410-2.jpg\" \/>\n\t<meta property=\"og:image:width\" content=\"728\" \/>\n\t<meta property=\"og:image:height\" content=\"410\" \/>\n\t<meta property=\"og:image:type\" content=\"image\/jpeg\" \/>\n<meta name=\"author\" content=\"Edit\u00f6r\" \/>\n<meta name=\"twitter:card\" content=\"summary_large_image\" \/>\n<meta name=\"twitter:label1\" content=\"\u00c9crit par\" \/>\n\t<meta name=\"twitter:data1\" content=\"Edit\u00f6r\" \/>\n\t<meta name=\"twitter:label2\" content=\"Dur\u00e9e de lecture est.\" \/>\n\t<meta name=\"twitter:data2\" content=\"2 minutes\" \/>\n<script type=\"application\/ld+json\" class=\"yoast-schema-graph\">{\"@context\":\"https:\/\/schema.org\",\"@graph\":[{\"@type\":\"Article\",\"@id\":\"https:\/\/avrupapress.com\/main\/2022\/05\/07\/mubarek-ulke-sanki-yol-gecen-hani-oldu\/#article\",\"isPartOf\":{\"@id\":\"https:\/\/avrupapress.com\/main\/2022\/05\/07\/mubarek-ulke-sanki-yol-gecen-hani-oldu\/\"},\"author\":{\"name\":\"Edit\u00f6r\",\"@id\":\"https:\/\/avrupapress.com\/#\/schema\/person\/68428444ec60970d1e1b700cf4ca1e8f\"},\"headline\":\"M\u00fcbarek \u00dclke Sanki Yol Ge\u00e7en Han\u0131 Oldu&#8230;\",\"datePublished\":\"2022-05-07T18:06:29+00:00\",\"dateModified\":\"2022-05-07T18:06:41+00:00\",\"mainEntityOfPage\":{\"@id\":\"https:\/\/avrupapress.com\/main\/2022\/05\/07\/mubarek-ulke-sanki-yol-gecen-hani-oldu\/\"},\"wordCount\":441,\"publisher\":{\"@id\":\"https:\/\/avrupapress.com\/#\/schema\/person\/0223dca19c72c43575bf30d1a2d8f4fa\"},\"image\":{\"@id\":\"https:\/\/avrupapress.com\/main\/2022\/05\/07\/mubarek-ulke-sanki-yol-gecen-hani-oldu\/#primaryimage\"},\"thumbnailUrl\":\"https:\/\/avrupapress.com\/main\/wp-content\/uploads\/2022\/05\/thumbnail_IMG-20210209-WA0004-728x410-2.jpg\",\"articleSection\":[\"Avrupa\",\"Bel\u00e7ika\",\"D\u00fcnya\",\"Ekonomi\",\"K\u00fclt\u00fcr-Sanat\",\"Tan\u0131t\u0131m\",\"T\u00fcrkiye\"],\"inLanguage\":\"fr-BE\"},{\"@type\":\"WebPage\",\"@id\":\"https:\/\/avrupapress.com\/main\/2022\/05\/07\/mubarek-ulke-sanki-yol-gecen-hani-oldu\/\",\"url\":\"https:\/\/avrupapress.com\/main\/2022\/05\/07\/mubarek-ulke-sanki-yol-gecen-hani-oldu\/\",\"name\":\"M\u00fcbarek \u00dclke Sanki Yol Ge\u00e7en Han\u0131 Oldu... - AvrupaPress\",\"isPartOf\":{\"@id\":\"https:\/\/avrupapress.com\/#website\"},\"primaryImageOfPage\":{\"@id\":\"https:\/\/avrupapress.com\/main\/2022\/05\/07\/mubarek-ulke-sanki-yol-gecen-hani-oldu\/#primaryimage\"},\"image\":{\"@id\":\"https:\/\/avrupapress.com\/main\/2022\/05\/07\/mubarek-ulke-sanki-yol-gecen-hani-oldu\/#primaryimage\"},\"thumbnailUrl\":\"https:\/\/avrupapress.com\/main\/wp-content\/uploads\/2022\/05\/thumbnail_IMG-20210209-WA0004-728x410-2.jpg\",\"datePublished\":\"2022-05-07T18:06:29+00:00\",\"dateModified\":\"2022-05-07T18:06:41+00:00\",\"breadcrumb\":{\"@id\":\"https:\/\/avrupapress.com\/main\/2022\/05\/07\/mubarek-ulke-sanki-yol-gecen-hani-oldu\/#breadcrumb\"},\"inLanguage\":\"fr-BE\",\"potentialAction\":[{\"@type\":\"ReadAction\",\"target\":[\"https:\/\/avrupapress.com\/main\/2022\/05\/07\/mubarek-ulke-sanki-yol-gecen-hani-oldu\/\"]}]},{\"@type\":\"ImageObject\",\"inLanguage\":\"fr-BE\",\"@id\":\"https:\/\/avrupapress.com\/main\/2022\/05\/07\/mubarek-ulke-sanki-yol-gecen-hani-oldu\/#primaryimage\",\"url\":\"https:\/\/avrupapress.com\/main\/wp-content\/uploads\/2022\/05\/thumbnail_IMG-20210209-WA0004-728x410-2.jpg\",\"contentUrl\":\"https:\/\/avrupapress.com\/main\/wp-content\/uploads\/2022\/05\/thumbnail_IMG-20210209-WA0004-728x410-2.jpg\",\"width\":728,\"height\":410},{\"@type\":\"BreadcrumbList\",\"@id\":\"https:\/\/avrupapress.com\/main\/2022\/05\/07\/mubarek-ulke-sanki-yol-gecen-hani-oldu\/#breadcrumb\",\"itemListElement\":[{\"@type\":\"ListItem\",\"position\":1,\"name\":\"Anasayfa\",\"item\":\"https:\/\/avrupapress.com\/\"},{\"@type\":\"ListItem\",\"position\":2,\"name\":\"M\u00fcbarek \u00dclke Sanki Yol Ge\u00e7en Han\u0131 Oldu&#8230;\"}]},{\"@type\":\"WebSite\",\"@id\":\"https:\/\/avrupapress.com\/#website\",\"url\":\"https:\/\/avrupapress.com\/\",\"name\":\"AvrupaPress\",\"description\":\"Haberin Adresi\",\"publisher\":{\"@id\":\"https:\/\/avrupapress.com\/#\/schema\/person\/0223dca19c72c43575bf30d1a2d8f4fa\"},\"potentialAction\":[{\"@type\":\"SearchAction\",\"target\":{\"@type\":\"EntryPoint\",\"urlTemplate\":\"https:\/\/avrupapress.com\/?s={search_term_string}\"},\"query-input\":{\"@type\":\"PropertyValueSpecification\",\"valueRequired\":true,\"valueName\":\"search_term_string\"}}],\"inLanguage\":\"fr-BE\"},{\"@type\":[\"Person\",\"Organization\"],\"@id\":\"https:\/\/avrupapress.com\/#\/schema\/person\/0223dca19c72c43575bf30d1a2d8f4fa\",\"name\":\"Bilgin \u00d6z\u00e7ift\u00e7i\",\"image\":{\"@type\":\"ImageObject\",\"inLanguage\":\"fr-BE\",\"@id\":\"https:\/\/avrupapress.com\/#\/schema\/person\/image\/\",\"url\":\"https:\/\/secure.gravatar.com\/avatar\/0f23b280433a21e1ea7a0adcc46ed0ad16afe3ad8e630fd13d8a017dcbd54ef3?s=96&d=mm&r=g\",\"contentUrl\":\"https:\/\/secure.gravatar.com\/avatar\/0f23b280433a21e1ea7a0adcc46ed0ad16afe3ad8e630fd13d8a017dcbd54ef3?s=96&d=mm&r=g\",\"caption\":\"Bilgin \u00d6z\u00e7ift\u00e7i\"},\"logo\":{\"@id\":\"https:\/\/avrupapress.com\/#\/schema\/person\/image\/\"},\"description\":\"Ne ben, nede sen... Biz ancak \\\"biz\\\" olursak g\u00fc\u00e7l\u00fc olabiliriz\"},{\"@type\":\"Person\",\"@id\":\"https:\/\/avrupapress.com\/#\/schema\/person\/68428444ec60970d1e1b700cf4ca1e8f\",\"name\":\"Edit\u00f6r\",\"image\":{\"@type\":\"ImageObject\",\"inLanguage\":\"fr-BE\",\"@id\":\"https:\/\/avrupapress.com\/#\/schema\/person\/image\/\",\"url\":\"https:\/\/secure.gravatar.com\/avatar\/74996b0977aa5f1559ba9883776652508b229005c0d78fb2597897f0bd651c09?s=96&d=mm&r=g\",\"contentUrl\":\"https:\/\/secure.gravatar.com\/avatar\/74996b0977aa5f1559ba9883776652508b229005c0d78fb2597897f0bd651c09?s=96&d=mm&r=g\",\"caption\":\"Edit\u00f6r\"},\"sameAs\":[\"http:\/\/www.avrupapress.com\"],\"url\":\"https:\/\/avrupapress.com\/main\/author\/editor\/\"}]}<\/script>\n<!-- \/ Yoast SEO plugin. -->","yoast_head_json":{"title":"M\u00fcbarek \u00dclke Sanki Yol Ge\u00e7en Han\u0131 Oldu... - AvrupaPress","robots":{"index":"index","follow":"follow","max-snippet":"max-snippet:-1","max-image-preview":"max-image-preview:large","max-video-preview":"max-video-preview:-1"},"canonical":"https:\/\/avrupapress.com\/main\/2022\/05\/07\/mubarek-ulke-sanki-yol-gecen-hani-oldu\/","og_locale":"fr_FR","og_type":"article","og_title":"M\u00fcbarek \u00dclke Sanki Yol Ge\u00e7en Han\u0131 Oldu... - AvrupaPress","og_description":"Kom\u015fu oldu\u011fumuz yak\u0131n civar \u00fclkelerde \u00e7\u0131kan sava\u015flardan dolay\u0131 yurdumuza g\u00f6\u00e7 eden m\u00fclteciler, kraldan daha \u00e7ok kralc\u0131 oldular. Resmi beyanlara g\u00f6re 2017 y\u0131l\u0131ndan bu yana \u00fclkemize neredeyse hi\u00e7 m\u00fclteci giri\u015fi olmad\u0131\u011f\u0131 gibi, birde geri g\u00f6nderildi\u011fi s\u00f6ylendi. Peki ya bunca g\u00f6\u00e7 selinden kaynaklanan kalabal\u0131klar niye ve nerden geldi ? O zaman bu beyana g\u00f6re g\u00f6\u00e7\u00fcn \u00e7o\u011funlu\u011fu 2017 [&hellip;]","og_url":"https:\/\/avrupapress.com\/main\/2022\/05\/07\/mubarek-ulke-sanki-yol-gecen-hani-oldu\/","og_site_name":"AvrupaPress","article_published_time":"2022-05-07T18:06:29+00:00","article_modified_time":"2022-05-07T18:06:41+00:00","og_image":[{"width":728,"height":410,"url":"https:\/\/avrupapress.com\/main\/wp-content\/uploads\/2022\/05\/thumbnail_IMG-20210209-WA0004-728x410-2.jpg","type":"image\/jpeg"}],"author":"Edit\u00f6r","twitter_card":"summary_large_image","twitter_misc":{"\u00c9crit par":"Edit\u00f6r","Dur\u00e9e de lecture est.":"2 minutes"},"schema":{"@context":"https:\/\/schema.org","@graph":[{"@type":"Article","@id":"https:\/\/avrupapress.com\/main\/2022\/05\/07\/mubarek-ulke-sanki-yol-gecen-hani-oldu\/#article","isPartOf":{"@id":"https:\/\/avrupapress.com\/main\/2022\/05\/07\/mubarek-ulke-sanki-yol-gecen-hani-oldu\/"},"author":{"name":"Edit\u00f6r","@id":"https:\/\/avrupapress.com\/#\/schema\/person\/68428444ec60970d1e1b700cf4ca1e8f"},"headline":"M\u00fcbarek \u00dclke Sanki Yol Ge\u00e7en Han\u0131 Oldu&#8230;","datePublished":"2022-05-07T18:06:29+00:00","dateModified":"2022-05-07T18:06:41+00:00","mainEntityOfPage":{"@id":"https:\/\/avrupapress.com\/main\/2022\/05\/07\/mubarek-ulke-sanki-yol-gecen-hani-oldu\/"},"wordCount":441,"publisher":{"@id":"https:\/\/avrupapress.com\/#\/schema\/person\/0223dca19c72c43575bf30d1a2d8f4fa"},"image":{"@id":"https:\/\/avrupapress.com\/main\/2022\/05\/07\/mubarek-ulke-sanki-yol-gecen-hani-oldu\/#primaryimage"},"thumbnailUrl":"https:\/\/avrupapress.com\/main\/wp-content\/uploads\/2022\/05\/thumbnail_IMG-20210209-WA0004-728x410-2.jpg","articleSection":["Avrupa","Bel\u00e7ika","D\u00fcnya","Ekonomi","K\u00fclt\u00fcr-Sanat","Tan\u0131t\u0131m","T\u00fcrkiye"],"inLanguage":"fr-BE"},{"@type":"WebPage","@id":"https:\/\/avrupapress.com\/main\/2022\/05\/07\/mubarek-ulke-sanki-yol-gecen-hani-oldu\/","url":"https:\/\/avrupapress.com\/main\/2022\/05\/07\/mubarek-ulke-sanki-yol-gecen-hani-oldu\/","name":"M\u00fcbarek \u00dclke Sanki Yol Ge\u00e7en Han\u0131 Oldu... - AvrupaPress","isPartOf":{"@id":"https:\/\/avrupapress.com\/#website"},"primaryImageOfPage":{"@id":"https:\/\/avrupapress.com\/main\/2022\/05\/07\/mubarek-ulke-sanki-yol-gecen-hani-oldu\/#primaryimage"},"image":{"@id":"https:\/\/avrupapress.com\/main\/2022\/05\/07\/mubarek-ulke-sanki-yol-gecen-hani-oldu\/#primaryimage"},"thumbnailUrl":"https:\/\/avrupapress.com\/main\/wp-content\/uploads\/2022\/05\/thumbnail_IMG-20210209-WA0004-728x410-2.jpg","datePublished":"2022-05-07T18:06:29+00:00","dateModified":"2022-05-07T18:06:41+00:00","breadcrumb":{"@id":"https:\/\/avrupapress.com\/main\/2022\/05\/07\/mubarek-ulke-sanki-yol-gecen-hani-oldu\/#breadcrumb"},"inLanguage":"fr-BE","potentialAction":[{"@type":"ReadAction","target":["https:\/\/avrupapress.com\/main\/2022\/05\/07\/mubarek-ulke-sanki-yol-gecen-hani-oldu\/"]}]},{"@type":"ImageObject","inLanguage":"fr-BE","@id":"https:\/\/avrupapress.com\/main\/2022\/05\/07\/mubarek-ulke-sanki-yol-gecen-hani-oldu\/#primaryimage","url":"https:\/\/avrupapress.com\/main\/wp-content\/uploads\/2022\/05\/thumbnail_IMG-20210209-WA0004-728x410-2.jpg","contentUrl":"https:\/\/avrupapress.com\/main\/wp-content\/uploads\/2022\/05\/thumbnail_IMG-20210209-WA0004-728x410-2.jpg","width":728,"height":410},{"@type":"BreadcrumbList","@id":"https:\/\/avrupapress.com\/main\/2022\/05\/07\/mubarek-ulke-sanki-yol-gecen-hani-oldu\/#breadcrumb","itemListElement":[{"@type":"ListItem","position":1,"name":"Anasayfa","item":"https:\/\/avrupapress.com\/"},{"@type":"ListItem","position":2,"name":"M\u00fcbarek \u00dclke Sanki Yol Ge\u00e7en Han\u0131 Oldu&#8230;"}]},{"@type":"WebSite","@id":"https:\/\/avrupapress.com\/#website","url":"https:\/\/avrupapress.com\/","name":"AvrupaPress","description":"Haberin Adresi","publisher":{"@id":"https:\/\/avrupapress.com\/#\/schema\/person\/0223dca19c72c43575bf30d1a2d8f4fa"},"potentialAction":[{"@type":"SearchAction","target":{"@type":"EntryPoint","urlTemplate":"https:\/\/avrupapress.com\/?s={search_term_string}"},"query-input":{"@type":"PropertyValueSpecification","valueRequired":true,"valueName":"search_term_string"}}],"inLanguage":"fr-BE"},{"@type":["Person","Organization"],"@id":"https:\/\/avrupapress.com\/#\/schema\/person\/0223dca19c72c43575bf30d1a2d8f4fa","name":"Bilgin \u00d6z\u00e7ift\u00e7i","image":{"@type":"ImageObject","inLanguage":"fr-BE","@id":"https:\/\/avrupapress.com\/#\/schema\/person\/image\/","url":"https:\/\/secure.gravatar.com\/avatar\/0f23b280433a21e1ea7a0adcc46ed0ad16afe3ad8e630fd13d8a017dcbd54ef3?s=96&d=mm&r=g","contentUrl":"https:\/\/secure.gravatar.com\/avatar\/0f23b280433a21e1ea7a0adcc46ed0ad16afe3ad8e630fd13d8a017dcbd54ef3?s=96&d=mm&r=g","caption":"Bilgin \u00d6z\u00e7ift\u00e7i"},"logo":{"@id":"https:\/\/avrupapress.com\/#\/schema\/person\/image\/"},"description":"Ne ben, nede sen... Biz ancak \"biz\" olursak g\u00fc\u00e7l\u00fc olabiliriz"},{"@type":"Person","@id":"https:\/\/avrupapress.com\/#\/schema\/person\/68428444ec60970d1e1b700cf4ca1e8f","name":"Edit\u00f6r","image":{"@type":"ImageObject","inLanguage":"fr-BE","@id":"https:\/\/avrupapress.com\/#\/schema\/person\/image\/","url":"https:\/\/secure.gravatar.com\/avatar\/74996b0977aa5f1559ba9883776652508b229005c0d78fb2597897f0bd651c09?s=96&d=mm&r=g","contentUrl":"https:\/\/secure.gravatar.com\/avatar\/74996b0977aa5f1559ba9883776652508b229005c0d78fb2597897f0bd651c09?s=96&d=mm&r=g","caption":"Edit\u00f6r"},"sameAs":["http:\/\/www.avrupapress.com"],"url":"https:\/\/avrupapress.com\/main\/author\/editor\/"}]}},"_links":{"self":[{"href":"https:\/\/avrupapress.com\/main\/wp-json\/wp\/v2\/posts\/18793","targetHints":{"allow":["GET"]}}],"collection":[{"href":"https:\/\/avrupapress.com\/main\/wp-json\/wp\/v2\/posts"}],"about":[{"href":"https:\/\/avrupapress.com\/main\/wp-json\/wp\/v2\/types\/post"}],"author":[{"embeddable":true,"href":"https:\/\/avrupapress.com\/main\/wp-json\/wp\/v2\/users\/3"}],"replies":[{"embeddable":true,"href":"https:\/\/avrupapress.com\/main\/wp-json\/wp\/v2\/comments?post=18793"}],"version-history":[{"count":1,"href":"https:\/\/avrupapress.com\/main\/wp-json\/wp\/v2\/posts\/18793\/revisions"}],"predecessor-version":[{"id":18795,"href":"https:\/\/avrupapress.com\/main\/wp-json\/wp\/v2\/posts\/18793\/revisions\/18795"}],"wp:featuredmedia":[{"embeddable":true,"href":"https:\/\/avrupapress.com\/main\/wp-json\/wp\/v2\/media\/18794"}],"wp:attachment":[{"href":"https:\/\/avrupapress.com\/main\/wp-json\/wp\/v2\/media?parent=18793"}],"wp:term":[{"taxonomy":"category","embeddable":true,"href":"https:\/\/avrupapress.com\/main\/wp-json\/wp\/v2\/categories?post=18793"},{"taxonomy":"post_tag","embeddable":true,"href":"https:\/\/avrupapress.com\/main\/wp-json\/wp\/v2\/tags?post=18793"}],"curies":[{"name":"wp","href":"https:\/\/api.w.org\/{rel}","templated":true}]}}