{"id":18784,"date":"2022-05-07T17:32:35","date_gmt":"2022-05-07T17:32:35","guid":{"rendered":"https:\/\/avrupapress.com\/main\/?p=18784"},"modified":"2022-05-07T18:20:14","modified_gmt":"2022-05-07T18:20:14","slug":"saadet-europe-bruksel-bolgesi-bayramlasma-programini-cok-yogun-bir-katilimla-gerceklestirdi","status":"publish","type":"post","link":"https:\/\/avrupapress.com\/main\/2022\/05\/07\/saadet-europe-bruksel-bolgesi-bayramlasma-programini-cok-yogun-bir-katilimla-gerceklestirdi\/","title":{"rendered":"SAADET EUROPE BR\u00dcKSEL B\u00d6LGES\u0130 BAYRAMLA\u015eMA PROGRAMINI \u00c7OK YO\u011eUN B\u0130R KATILIMLA GER\u00c7EKLE\u015eT\u0130RD\u0130"},"content":{"rendered":"<p>Saadet Partisi Br\u00fcksel B\u00f6lge Ba\u015fkan\u0131 Hasan Yavuz Uzun,\u00a0 Y\u00f6netim Kurulu,<br aria-hidden=\"true\" \/>Kad\u0131n Kollar\u0131 Y\u00f6neticileri, Gen\u00e7lik Kollar\u0131 Y\u00f6neticileri, \u015eehir<br aria-hidden=\"true\" \/>temsilcileri,\u00a0 \u00dcyeler ve k\u0131ymetli vatanda\u015flar\u0131m\u0131z\u0131n kat\u0131ld\u0131\u011f\u0131<br aria-hidden=\"true\" \/>bayramla\u015fma program\u0131 Avrupa&rsquo;n\u0131n Ba\u015fkenti Br\u00fcksel&rsquo;deki Bel\u00e7ika<br aria-hidden=\"true\" \/>Temsilcili\u011fi Genel Merkez Binas\u0131nda yo\u011fun bir kat\u0131l\u0131mla ger\u00e7ekle\u015fti.\u00a0<br aria-hidden=\"true\" \/>Tesis\u00a0 Hareketi olan Mill\u00ee G\u00f6r\u00fc\u015f ve tek temsilcisi Saadet Partisi evvela<br aria-hidden=\"true\" \/>\u00fclkemizde ve d\u00fcnyada huzur ve bar\u0131\u015f\u0131 tesis edip, Ya\u015fanabilir Bir<br aria-hidden=\"true\" \/>T\u00fcrkiye&rsquo;yi, Yeniden B\u00fcy\u00fck T\u00fcrkiye&rsquo;yi, \u0130sl\u00e2m Birli\u011fi&rsquo;ni ve\u00a0 b\u00fct\u00fcn<br aria-hidden=\"true\" \/>insanl\u0131\u011f\u0131n saadeti i\u00e7in Yeni Bir Saadet D\u00fcnyas\u0131n\u0131 kurmak i\u00e7in canla<br aria-hidden=\"true\" \/>ba\u015fla \u00e7al\u0131\u015fmalar\u0131na devam ediyor. Adil Payla\u015f\u0131m, Adil Devlet, Adil Bir<br aria-hidden=\"true\" \/>D\u00fcnya i\u00e7in herkesin deste\u011fini bekleyen ve herkesin huzuru, mutlulu\u011fu,<br aria-hidden=\"true\" \/>saadeti ve refah\u0131 i\u00e7in canla ba\u015fla \u00e7al\u0131\u015fan\u00a0 Mill\u00ee G\u00f6r\u00fc\u015f Saadeti canla<br aria-hidden=\"true\" \/>ba\u015fla desteklemek g\u00f6revimizdir.<br aria-hidden=\"true\" \/>Milli G\u00f6r\u00fc\u015f Lideri<br aria-hidden=\"true\" \/>Efsane Ba\u015fbakan<br aria-hidden=\"true\" \/>Saadet Partisi Genel Ba\u015fkan\u0131<br aria-hidden=\"true\" \/>Prof.Dr.Necmettin Erbakan(r.aleyh):<br aria-hidden=\"true\" \/>\u00ab\u00a0M\u00fcsl\u00fcman demek iyi insan demektir. Ramazan Bayram\u0131n\u0131z m\u00fcbarek olsun.<br aria-hidden=\"true\" \/>\u0130slam Dini iyilik dinidir. Saadet dinidir. Kendi kendine iyilik olmaz.<br aria-hidden=\"true\" \/>Mill\u00ee G\u00f6r\u00fc\u015f&rsquo;\u00fc b\u00fct\u00fcn g\u00fcc\u00fcm\u00fczle desteklemek ve bir an evvel Gelecek<br aria-hidden=\"true\" \/>Bayram&rsquo;a kurtulmu\u015f olarak,\u00a0 Yeni Bir D\u00fcnya kurulmu\u015f olarak ula\u015fmay\u0131<br aria-hidden=\"true\" \/>Cenab-\u0131 Allah&rsquo;tan niyaz ederim.<br aria-hidden=\"true\" \/>Ramazan demek, bu zul\u00fcm d\u00fczenini de\u011fi\u015ftirmek i\u00e7in canla ba\u015fla \u00e7al\u0131\u015fmak<br aria-hidden=\"true\" \/>demektir\u00a0\u00bb<br aria-hidden=\"true\" \/>mesaj\u0131nda da belirtildi\u011fi gibi \u0130sl\u00e2m dini iyilik dinidir, b\u00fct\u00fcn<br aria-hidden=\"true\" \/>insanl\u0131\u011f\u0131n saadetini temin etme\u00a0 dinidir. \u0130nsanlar\u0131n d\u00fcnya ve ahiret<br aria-hidden=\"true\" \/>saadetini temin ve tesis i\u00e7in iyilikleri yayg\u0131nla\u015ft\u0131rmam\u0131z yani hayra<br aria-hidden=\"true\" \/>motor, k\u00f6t\u00fcl\u00fckleri engelleme yani \u015ferre fren olma g\u00f6revimizi hi\u00e7bir<br aria-hidden=\"true\" \/>zaman unutmamal\u0131y\u0131z.<br aria-hidden=\"true\" \/>Bu idealler do\u011frultusunda sosyal ve\u00a0 siyasi faaliyetlerine devam eden\u00a0<br aria-hidden=\"true\" \/>Mill\u00ee G\u00f6r\u00fc\u015f Saadet Partisi Br\u00fcksel Temsilcili\u011fi \u00f6zellikle Bel\u00e7ika&rsquo;da ve<br aria-hidden=\"true\" \/>Avrupa&rsquo;da ya\u015fayan\u00a0 m\u00fcsl\u00fcmanlar\u0131n ve yery\u00fcz\u00fcndeki b\u00fct\u00fcn\u00a0 m\u00fcsl\u00fcmanlar\u0131n\u00a0<br aria-hidden=\"true\" \/>Ramazan Bayram\u0131n\u0131 tebrik eder, m\u00fcbarek Ramazan Bayram\u0131n\u0131n hay\u0131rlara<br aria-hidden=\"true\" \/>vesile olmas\u0131n\u0131, insanl\u0131\u011fa huzur ve bar\u0131\u015f getirmesini Cenab-\u0131 Allah &lsquo;tan<br aria-hidden=\"true\" \/>niyaz eder.<\/p>\n<p><strong>Muharrem Bozcal\u00a0 \/\u00a0 AVRUPAPRESS<\/strong><\/p>\n<p><img loading=\"lazy\" decoding=\"async\" class=\"alignnone size-medium wp-image-18785\" src=\"https:\/\/avrupapress.com\/main\/wp-content\/uploads\/2022\/05\/thumbnail_WhatsApp-Image-2022-05-07-at-11.51.34-1-300x225.jpg\" alt=\"\" width=\"300\" height=\"225\" srcset=\"https:\/\/avrupapress.com\/main\/wp-content\/uploads\/2022\/05\/thumbnail_WhatsApp-Image-2022-05-07-at-11.51.34-1-300x225.jpg 300w, https:\/\/avrupapress.com\/main\/wp-content\/uploads\/2022\/05\/thumbnail_WhatsApp-Image-2022-05-07-at-11.51.34-1-1024x768.jpg 1024w, https:\/\/avrupapress.com\/main\/wp-content\/uploads\/2022\/05\/thumbnail_WhatsApp-Image-2022-05-07-at-11.51.34-1-768x576.jpg 768w, https:\/\/avrupapress.com\/main\/wp-content\/uploads\/2022\/05\/thumbnail_WhatsApp-Image-2022-05-07-at-11.51.34-1.jpg 1280w\" sizes=\"auto, (max-width: 300px) 100vw, 300px\" \/><\/p>\n<p><img loading=\"lazy\" decoding=\"async\" class=\"alignnone size-medium wp-image-18786\" src=\"https:\/\/avrupapress.com\/main\/wp-content\/uploads\/2022\/05\/thumbnail_WhatsApp-Image-2022-05-07-at-11.51.34-300x225.jpg\" alt=\"\" width=\"300\" height=\"225\" srcset=\"https:\/\/avrupapress.com\/main\/wp-content\/uploads\/2022\/05\/thumbnail_WhatsApp-Image-2022-05-07-at-11.51.34-300x225.jpg 300w, https:\/\/avrupapress.com\/main\/wp-content\/uploads\/2022\/05\/thumbnail_WhatsApp-Image-2022-05-07-at-11.51.34-1024x768.jpg 1024w, https:\/\/avrupapress.com\/main\/wp-content\/uploads\/2022\/05\/thumbnail_WhatsApp-Image-2022-05-07-at-11.51.34-768x576.jpg 768w, https:\/\/avrupapress.com\/main\/wp-content\/uploads\/2022\/05\/thumbnail_WhatsApp-Image-2022-05-07-at-11.51.34.jpg 1280w\" sizes=\"auto, (max-width: 300px) 100vw, 300px\" \/><\/p>\n<p><img loading=\"lazy\" decoding=\"async\" class=\"alignnone size-medium wp-image-18787\" src=\"https:\/\/avrupapress.com\/main\/wp-content\/uploads\/2022\/05\/thumbnail_WhatsApp-Image-2022-05-07-at-11.51.38-300x225.jpg\" alt=\"\" width=\"300\" height=\"225\" srcset=\"https:\/\/avrupapress.com\/main\/wp-content\/uploads\/2022\/05\/thumbnail_WhatsApp-Image-2022-05-07-at-11.51.38-300x225.jpg 300w, https:\/\/avrupapress.com\/main\/wp-content\/uploads\/2022\/05\/thumbnail_WhatsApp-Image-2022-05-07-at-11.51.38-1024x768.jpg 1024w, https:\/\/avrupapress.com\/main\/wp-content\/uploads\/2022\/05\/thumbnail_WhatsApp-Image-2022-05-07-at-11.51.38-768x576.jpg 768w, https:\/\/avrupapress.com\/main\/wp-content\/uploads\/2022\/05\/thumbnail_WhatsApp-Image-2022-05-07-at-11.51.38.jpg 1280w\" sizes=\"auto, (max-width: 300px) 100vw, 300px\" \/><\/p>\n<p><img loading=\"lazy\" decoding=\"async\" class=\"alignnone size-medium wp-image-18788\" src=\"https:\/\/avrupapress.com\/main\/wp-content\/uploads\/2022\/05\/thumbnail_WhatsApp-Image-2022-05-07-at-11.51.35-1-300x225.jpg\" alt=\"\" width=\"300\" height=\"225\" srcset=\"https:\/\/avrupapress.com\/main\/wp-content\/uploads\/2022\/05\/thumbnail_WhatsApp-Image-2022-05-07-at-11.51.35-1-300x225.jpg 300w, https:\/\/avrupapress.com\/main\/wp-content\/uploads\/2022\/05\/thumbnail_WhatsApp-Image-2022-05-07-at-11.51.35-1-1024x768.jpg 1024w, https:\/\/avrupapress.com\/main\/wp-content\/uploads\/2022\/05\/thumbnail_WhatsApp-Image-2022-05-07-at-11.51.35-1-768x576.jpg 768w, https:\/\/avrupapress.com\/main\/wp-content\/uploads\/2022\/05\/thumbnail_WhatsApp-Image-2022-05-07-at-11.51.35-1.jpg 1280w\" sizes=\"auto, (max-width: 300px) 100vw, 300px\" \/><\/p>\n<p><img loading=\"lazy\" decoding=\"async\" class=\"alignnone size-medium wp-image-18789\" src=\"https:\/\/avrupapress.com\/main\/wp-content\/uploads\/2022\/05\/thumbnail_WhatsApp-Image-2022-05-07-at-11.51.35-300x225.jpg\" alt=\"\" width=\"300\" height=\"225\" srcset=\"https:\/\/avrupapress.com\/main\/wp-content\/uploads\/2022\/05\/thumbnail_WhatsApp-Image-2022-05-07-at-11.51.35-300x225.jpg 300w, https:\/\/avrupapress.com\/main\/wp-content\/uploads\/2022\/05\/thumbnail_WhatsApp-Image-2022-05-07-at-11.51.35-1024x768.jpg 1024w, https:\/\/avrupapress.com\/main\/wp-content\/uploads\/2022\/05\/thumbnail_WhatsApp-Image-2022-05-07-at-11.51.35-768x576.jpg 768w, https:\/\/avrupapress.com\/main\/wp-content\/uploads\/2022\/05\/thumbnail_WhatsApp-Image-2022-05-07-at-11.51.35.jpg 1280w\" sizes=\"auto, (max-width: 300px) 100vw, 300px\" \/><\/p>\n<p><img loading=\"lazy\" decoding=\"async\" class=\"alignnone size-medium wp-image-18790\" src=\"https:\/\/avrupapress.com\/main\/wp-content\/uploads\/2022\/05\/thumbnail_WhatsApp-Image-2022-05-07-at-11.51.38-1-300x225.jpg\" alt=\"\" width=\"300\" height=\"225\" srcset=\"https:\/\/avrupapress.com\/main\/wp-content\/uploads\/2022\/05\/thumbnail_WhatsApp-Image-2022-05-07-at-11.51.38-1-300x225.jpg 300w, https:\/\/avrupapress.com\/main\/wp-content\/uploads\/2022\/05\/thumbnail_WhatsApp-Image-2022-05-07-at-11.51.38-1-1024x768.jpg 1024w, https:\/\/avrupapress.com\/main\/wp-content\/uploads\/2022\/05\/thumbnail_WhatsApp-Image-2022-05-07-at-11.51.38-1-768x576.jpg 768w, https:\/\/avrupapress.com\/main\/wp-content\/uploads\/2022\/05\/thumbnail_WhatsApp-Image-2022-05-07-at-11.51.38-1.jpg 1280w\" sizes=\"auto, (max-width: 300px) 100vw, 300px\" \/><\/p>\n<p><img loading=\"lazy\" decoding=\"async\" class=\"alignnone size-medium wp-image-18796\" src=\"https:\/\/avrupapress.com\/main\/wp-content\/uploads\/2022\/05\/thumbnail_IMG-20220507-WA0012-300x225.jpg\" alt=\"\" width=\"300\" height=\"225\" srcset=\"https:\/\/avrupapress.com\/main\/wp-content\/uploads\/2022\/05\/thumbnail_IMG-20220507-WA0012-300x225.jpg 300w, https:\/\/avrupapress.com\/main\/wp-content\/uploads\/2022\/05\/thumbnail_IMG-20220507-WA0012-1024x768.jpg 1024w, https:\/\/avrupapress.com\/main\/wp-content\/uploads\/2022\/05\/thumbnail_IMG-20220507-WA0012-768x576.jpg 768w, https:\/\/avrupapress.com\/main\/wp-content\/uploads\/2022\/05\/thumbnail_IMG-20220507-WA0012.jpg 1280w\" sizes=\"auto, (max-width: 300px) 100vw, 300px\" \/><\/p>\n<p><img loading=\"lazy\" decoding=\"async\" class=\"alignnone size-medium wp-image-18791\" src=\"https:\/\/avrupapress.com\/main\/wp-content\/uploads\/2022\/05\/thumbnail_WhatsApp-Image-2022-05-07-at-11.51.39-300x225.jpg\" alt=\"\" width=\"300\" height=\"225\" srcset=\"https:\/\/avrupapress.com\/main\/wp-content\/uploads\/2022\/05\/thumbnail_WhatsApp-Image-2022-05-07-at-11.51.39-300x225.jpg 300w, https:\/\/avrupapress.com\/main\/wp-content\/uploads\/2022\/05\/thumbnail_WhatsApp-Image-2022-05-07-at-11.51.39-1024x768.jpg 1024w, https:\/\/avrupapress.com\/main\/wp-content\/uploads\/2022\/05\/thumbnail_WhatsApp-Image-2022-05-07-at-11.51.39-768x576.jpg 768w, https:\/\/avrupapress.com\/main\/wp-content\/uploads\/2022\/05\/thumbnail_WhatsApp-Image-2022-05-07-at-11.51.39.jpg 1280w\" sizes=\"auto, (max-width: 300px) 100vw, 300px\" \/><\/p>\n<p><strong>Muharrem Bozcal\u00a0 \/\u00a0 AVRUPAPRESS<\/strong><\/p>\n","protected":false},"excerpt":{"rendered":"<p>Saadet Partisi Br\u00fcksel B\u00f6lge Ba\u015fkan\u0131 Hasan Yavuz Uzun,\u00a0 Y\u00f6netim Kurulu,Kad\u0131n Kollar\u0131 Y\u00f6neticileri, Gen\u00e7lik Kollar\u0131 Y\u00f6neticileri, \u015eehirtemsilcileri,\u00a0 \u00dcyeler ve k\u0131ymetli vatanda\u015flar\u0131m\u0131z\u0131n kat\u0131ld\u0131\u011f\u0131bayramla\u015fma program\u0131 Avrupa&rsquo;n\u0131n Ba\u015fkenti Br\u00fcksel&rsquo;deki Bel\u00e7ikaTemsilcili\u011fi Genel Merkez Binas\u0131nda yo\u011fun bir kat\u0131l\u0131mla ger\u00e7ekle\u015fti.\u00a0Tesis\u00a0 Hareketi olan Mill\u00ee G\u00f6r\u00fc\u015f ve tek temsilcisi Saadet Partisi evvela\u00fclkemizde ve d\u00fcnyada huzur ve bar\u0131\u015f\u0131 tesis edip, Ya\u015fanabilir BirT\u00fcrkiye&rsquo;yi, Yeniden B\u00fcy\u00fck T\u00fcrkiye&rsquo;yi, [&hellip;]<\/p>\n","protected":false},"author":3,"featured_media":18785,"comment_status":"closed","ping_status":"open","sticky":false,"template":"","format":"standard","meta":{"footnotes":""},"categories":[14,16,3,18,19,2],"tags":[],"class_list":["post-18784","post","type-post","status-publish","format-standard","has-post-thumbnail","hentry","category-avrupa","category-belcika","category-dunya","category-kultur-sanat","category-tanitim","category-turkiye"],"yoast_head":"<!-- This site is optimized with the Yoast SEO plugin v26.9 - https:\/\/yoast.com\/product\/yoast-seo-wordpress\/ -->\n<title>SAADET EUROPE BR\u00dcKSEL B\u00d6LGES\u0130 BAYRAMLA\u015eMA PROGRAMINI \u00c7OK YO\u011eUN B\u0130R KATILIMLA GER\u00c7EKLE\u015eT\u0130RD\u0130 - AvrupaPress<\/title>\n<meta name=\"robots\" content=\"index, follow, max-snippet:-1, max-image-preview:large, max-video-preview:-1\" \/>\n<link rel=\"canonical\" href=\"https:\/\/avrupapress.com\/main\/2022\/05\/07\/saadet-europe-bruksel-bolgesi-bayramlasma-programini-cok-yogun-bir-katilimla-gerceklestirdi\/\" \/>\n<meta property=\"og:locale\" content=\"fr_FR\" \/>\n<meta property=\"og:type\" content=\"article\" \/>\n<meta property=\"og:title\" content=\"SAADET EUROPE BR\u00dcKSEL B\u00d6LGES\u0130 BAYRAMLA\u015eMA PROGRAMINI \u00c7OK YO\u011eUN B\u0130R KATILIMLA GER\u00c7EKLE\u015eT\u0130RD\u0130 - AvrupaPress\" \/>\n<meta property=\"og:description\" content=\"Saadet Partisi Br\u00fcksel B\u00f6lge Ba\u015fkan\u0131 Hasan Yavuz Uzun,\u00a0 Y\u00f6netim Kurulu,Kad\u0131n Kollar\u0131 Y\u00f6neticileri, Gen\u00e7lik Kollar\u0131 Y\u00f6neticileri, \u015eehirtemsilcileri,\u00a0 \u00dcyeler ve k\u0131ymetli vatanda\u015flar\u0131m\u0131z\u0131n kat\u0131ld\u0131\u011f\u0131bayramla\u015fma program\u0131 Avrupa&rsquo;n\u0131n Ba\u015fkenti Br\u00fcksel&rsquo;deki Bel\u00e7ikaTemsilcili\u011fi Genel Merkez Binas\u0131nda yo\u011fun bir kat\u0131l\u0131mla ger\u00e7ekle\u015fti.\u00a0Tesis\u00a0 Hareketi olan Mill\u00ee G\u00f6r\u00fc\u015f ve tek temsilcisi Saadet Partisi evvela\u00fclkemizde ve d\u00fcnyada huzur ve bar\u0131\u015f\u0131 tesis edip, Ya\u015fanabilir BirT\u00fcrkiye&rsquo;yi, Yeniden B\u00fcy\u00fck T\u00fcrkiye&rsquo;yi, [&hellip;]\" \/>\n<meta property=\"og:url\" content=\"https:\/\/avrupapress.com\/main\/2022\/05\/07\/saadet-europe-bruksel-bolgesi-bayramlasma-programini-cok-yogun-bir-katilimla-gerceklestirdi\/\" \/>\n<meta property=\"og:site_name\" content=\"AvrupaPress\" \/>\n<meta property=\"article:published_time\" content=\"2022-05-07T17:32:35+00:00\" \/>\n<meta property=\"article:modified_time\" content=\"2022-05-07T18:20:14+00:00\" \/>\n<meta property=\"og:image\" content=\"https:\/\/avrupapress.com\/main\/wp-content\/uploads\/2022\/05\/thumbnail_WhatsApp-Image-2022-05-07-at-11.51.34-1.jpg\" \/>\n\t<meta property=\"og:image:width\" content=\"1280\" \/>\n\t<meta property=\"og:image:height\" content=\"960\" \/>\n\t<meta property=\"og:image:type\" content=\"image\/jpeg\" \/>\n<meta name=\"author\" content=\"Edit\u00f6r\" \/>\n<meta name=\"twitter:card\" content=\"summary_large_image\" \/>\n<meta name=\"twitter:label1\" content=\"\u00c9crit par\" \/>\n\t<meta name=\"twitter:data1\" content=\"Edit\u00f6r\" \/>\n\t<meta name=\"twitter:label2\" content=\"Dur\u00e9e de lecture est.\" \/>\n\t<meta name=\"twitter:data2\" content=\"4 minutes\" \/>\n<script type=\"application\/ld+json\" class=\"yoast-schema-graph\">{\"@context\":\"https:\/\/schema.org\",\"@graph\":[{\"@type\":\"Article\",\"@id\":\"https:\/\/avrupapress.com\/main\/2022\/05\/07\/saadet-europe-bruksel-bolgesi-bayramlasma-programini-cok-yogun-bir-katilimla-gerceklestirdi\/#article\",\"isPartOf\":{\"@id\":\"https:\/\/avrupapress.com\/main\/2022\/05\/07\/saadet-europe-bruksel-bolgesi-bayramlasma-programini-cok-yogun-bir-katilimla-gerceklestirdi\/\"},\"author\":{\"name\":\"Edit\u00f6r\",\"@id\":\"https:\/\/avrupapress.com\/#\/schema\/person\/68428444ec60970d1e1b700cf4ca1e8f\"},\"headline\":\"SAADET EUROPE BR\u00dcKSEL B\u00d6LGES\u0130 BAYRAMLA\u015eMA PROGRAMINI \u00c7OK YO\u011eUN B\u0130R KATILIMLA GER\u00c7EKLE\u015eT\u0130RD\u0130\",\"datePublished\":\"2022-05-07T17:32:35+00:00\",\"dateModified\":\"2022-05-07T18:20:14+00:00\",\"mainEntityOfPage\":{\"@id\":\"https:\/\/avrupapress.com\/main\/2022\/05\/07\/saadet-europe-bruksel-bolgesi-bayramlasma-programini-cok-yogun-bir-katilimla-gerceklestirdi\/\"},\"wordCount\":390,\"publisher\":{\"@id\":\"https:\/\/avrupapress.com\/#\/schema\/person\/0223dca19c72c43575bf30d1a2d8f4fa\"},\"image\":{\"@id\":\"https:\/\/avrupapress.com\/main\/2022\/05\/07\/saadet-europe-bruksel-bolgesi-bayramlasma-programini-cok-yogun-bir-katilimla-gerceklestirdi\/#primaryimage\"},\"thumbnailUrl\":\"https:\/\/avrupapress.com\/main\/wp-content\/uploads\/2022\/05\/thumbnail_WhatsApp-Image-2022-05-07-at-11.51.34-1.jpg\",\"articleSection\":[\"Avrupa\",\"Bel\u00e7ika\",\"D\u00fcnya\",\"K\u00fclt\u00fcr-Sanat\",\"Tan\u0131t\u0131m\",\"T\u00fcrkiye\"],\"inLanguage\":\"fr-BE\"},{\"@type\":\"WebPage\",\"@id\":\"https:\/\/avrupapress.com\/main\/2022\/05\/07\/saadet-europe-bruksel-bolgesi-bayramlasma-programini-cok-yogun-bir-katilimla-gerceklestirdi\/\",\"url\":\"https:\/\/avrupapress.com\/main\/2022\/05\/07\/saadet-europe-bruksel-bolgesi-bayramlasma-programini-cok-yogun-bir-katilimla-gerceklestirdi\/\",\"name\":\"SAADET EUROPE BR\u00dcKSEL B\u00d6LGES\u0130 BAYRAMLA\u015eMA PROGRAMINI \u00c7OK YO\u011eUN B\u0130R KATILIMLA GER\u00c7EKLE\u015eT\u0130RD\u0130 - AvrupaPress\",\"isPartOf\":{\"@id\":\"https:\/\/avrupapress.com\/#website\"},\"primaryImageOfPage\":{\"@id\":\"https:\/\/avrupapress.com\/main\/2022\/05\/07\/saadet-europe-bruksel-bolgesi-bayramlasma-programini-cok-yogun-bir-katilimla-gerceklestirdi\/#primaryimage\"},\"image\":{\"@id\":\"https:\/\/avrupapress.com\/main\/2022\/05\/07\/saadet-europe-bruksel-bolgesi-bayramlasma-programini-cok-yogun-bir-katilimla-gerceklestirdi\/#primaryimage\"},\"thumbnailUrl\":\"https:\/\/avrupapress.com\/main\/wp-content\/uploads\/2022\/05\/thumbnail_WhatsApp-Image-2022-05-07-at-11.51.34-1.jpg\",\"datePublished\":\"2022-05-07T17:32:35+00:00\",\"dateModified\":\"2022-05-07T18:20:14+00:00\",\"breadcrumb\":{\"@id\":\"https:\/\/avrupapress.com\/main\/2022\/05\/07\/saadet-europe-bruksel-bolgesi-bayramlasma-programini-cok-yogun-bir-katilimla-gerceklestirdi\/#breadcrumb\"},\"inLanguage\":\"fr-BE\",\"potentialAction\":[{\"@type\":\"ReadAction\",\"target\":[\"https:\/\/avrupapress.com\/main\/2022\/05\/07\/saadet-europe-bruksel-bolgesi-bayramlasma-programini-cok-yogun-bir-katilimla-gerceklestirdi\/\"]}]},{\"@type\":\"ImageObject\",\"inLanguage\":\"fr-BE\",\"@id\":\"https:\/\/avrupapress.com\/main\/2022\/05\/07\/saadet-europe-bruksel-bolgesi-bayramlasma-programini-cok-yogun-bir-katilimla-gerceklestirdi\/#primaryimage\",\"url\":\"https:\/\/avrupapress.com\/main\/wp-content\/uploads\/2022\/05\/thumbnail_WhatsApp-Image-2022-05-07-at-11.51.34-1.jpg\",\"contentUrl\":\"https:\/\/avrupapress.com\/main\/wp-content\/uploads\/2022\/05\/thumbnail_WhatsApp-Image-2022-05-07-at-11.51.34-1.jpg\",\"width\":1280,\"height\":960},{\"@type\":\"BreadcrumbList\",\"@id\":\"https:\/\/avrupapress.com\/main\/2022\/05\/07\/saadet-europe-bruksel-bolgesi-bayramlasma-programini-cok-yogun-bir-katilimla-gerceklestirdi\/#breadcrumb\",\"itemListElement\":[{\"@type\":\"ListItem\",\"position\":1,\"name\":\"Anasayfa\",\"item\":\"https:\/\/avrupapress.com\/\"},{\"@type\":\"ListItem\",\"position\":2,\"name\":\"SAADET EUROPE BR\u00dcKSEL B\u00d6LGES\u0130 BAYRAMLA\u015eMA PROGRAMINI \u00c7OK YO\u011eUN B\u0130R KATILIMLA GER\u00c7EKLE\u015eT\u0130RD\u0130\"}]},{\"@type\":\"WebSite\",\"@id\":\"https:\/\/avrupapress.com\/#website\",\"url\":\"https:\/\/avrupapress.com\/\",\"name\":\"AvrupaPress\",\"description\":\"Haberin Adresi\",\"publisher\":{\"@id\":\"https:\/\/avrupapress.com\/#\/schema\/person\/0223dca19c72c43575bf30d1a2d8f4fa\"},\"potentialAction\":[{\"@type\":\"SearchAction\",\"target\":{\"@type\":\"EntryPoint\",\"urlTemplate\":\"https:\/\/avrupapress.com\/?s={search_term_string}\"},\"query-input\":{\"@type\":\"PropertyValueSpecification\",\"valueRequired\":true,\"valueName\":\"search_term_string\"}}],\"inLanguage\":\"fr-BE\"},{\"@type\":[\"Person\",\"Organization\"],\"@id\":\"https:\/\/avrupapress.com\/#\/schema\/person\/0223dca19c72c43575bf30d1a2d8f4fa\",\"name\":\"Bilgin \u00d6z\u00e7ift\u00e7i\",\"image\":{\"@type\":\"ImageObject\",\"inLanguage\":\"fr-BE\",\"@id\":\"https:\/\/avrupapress.com\/#\/schema\/person\/image\/\",\"url\":\"https:\/\/secure.gravatar.com\/avatar\/0f23b280433a21e1ea7a0adcc46ed0ad16afe3ad8e630fd13d8a017dcbd54ef3?s=96&d=mm&r=g\",\"contentUrl\":\"https:\/\/secure.gravatar.com\/avatar\/0f23b280433a21e1ea7a0adcc46ed0ad16afe3ad8e630fd13d8a017dcbd54ef3?s=96&d=mm&r=g\",\"caption\":\"Bilgin \u00d6z\u00e7ift\u00e7i\"},\"logo\":{\"@id\":\"https:\/\/avrupapress.com\/#\/schema\/person\/image\/\"},\"description\":\"Ne ben, nede sen... Biz ancak \\\"biz\\\" olursak g\u00fc\u00e7l\u00fc olabiliriz\"},{\"@type\":\"Person\",\"@id\":\"https:\/\/avrupapress.com\/#\/schema\/person\/68428444ec60970d1e1b700cf4ca1e8f\",\"name\":\"Edit\u00f6r\",\"image\":{\"@type\":\"ImageObject\",\"inLanguage\":\"fr-BE\",\"@id\":\"https:\/\/avrupapress.com\/#\/schema\/person\/image\/\",\"url\":\"https:\/\/secure.gravatar.com\/avatar\/74996b0977aa5f1559ba9883776652508b229005c0d78fb2597897f0bd651c09?s=96&d=mm&r=g\",\"contentUrl\":\"https:\/\/secure.gravatar.com\/avatar\/74996b0977aa5f1559ba9883776652508b229005c0d78fb2597897f0bd651c09?s=96&d=mm&r=g\",\"caption\":\"Edit\u00f6r\"},\"sameAs\":[\"http:\/\/www.avrupapress.com\"],\"url\":\"https:\/\/avrupapress.com\/main\/author\/editor\/\"}]}<\/script>\n<!-- \/ Yoast SEO plugin. -->","yoast_head_json":{"title":"SAADET EUROPE BR\u00dcKSEL B\u00d6LGES\u0130 BAYRAMLA\u015eMA PROGRAMINI \u00c7OK YO\u011eUN B\u0130R KATILIMLA GER\u00c7EKLE\u015eT\u0130RD\u0130 - AvrupaPress","robots":{"index":"index","follow":"follow","max-snippet":"max-snippet:-1","max-image-preview":"max-image-preview:large","max-video-preview":"max-video-preview:-1"},"canonical":"https:\/\/avrupapress.com\/main\/2022\/05\/07\/saadet-europe-bruksel-bolgesi-bayramlasma-programini-cok-yogun-bir-katilimla-gerceklestirdi\/","og_locale":"fr_FR","og_type":"article","og_title":"SAADET EUROPE BR\u00dcKSEL B\u00d6LGES\u0130 BAYRAMLA\u015eMA PROGRAMINI \u00c7OK YO\u011eUN B\u0130R KATILIMLA GER\u00c7EKLE\u015eT\u0130RD\u0130 - AvrupaPress","og_description":"Saadet Partisi Br\u00fcksel B\u00f6lge Ba\u015fkan\u0131 Hasan Yavuz Uzun,\u00a0 Y\u00f6netim Kurulu,Kad\u0131n Kollar\u0131 Y\u00f6neticileri, Gen\u00e7lik Kollar\u0131 Y\u00f6neticileri, \u015eehirtemsilcileri,\u00a0 \u00dcyeler ve k\u0131ymetli vatanda\u015flar\u0131m\u0131z\u0131n kat\u0131ld\u0131\u011f\u0131bayramla\u015fma program\u0131 Avrupa&rsquo;n\u0131n Ba\u015fkenti Br\u00fcksel&rsquo;deki Bel\u00e7ikaTemsilcili\u011fi Genel Merkez Binas\u0131nda yo\u011fun bir kat\u0131l\u0131mla ger\u00e7ekle\u015fti.\u00a0Tesis\u00a0 Hareketi olan Mill\u00ee G\u00f6r\u00fc\u015f ve tek temsilcisi Saadet Partisi evvela\u00fclkemizde ve d\u00fcnyada huzur ve bar\u0131\u015f\u0131 tesis edip, Ya\u015fanabilir BirT\u00fcrkiye&rsquo;yi, Yeniden B\u00fcy\u00fck T\u00fcrkiye&rsquo;yi, [&hellip;]","og_url":"https:\/\/avrupapress.com\/main\/2022\/05\/07\/saadet-europe-bruksel-bolgesi-bayramlasma-programini-cok-yogun-bir-katilimla-gerceklestirdi\/","og_site_name":"AvrupaPress","article_published_time":"2022-05-07T17:32:35+00:00","article_modified_time":"2022-05-07T18:20:14+00:00","og_image":[{"width":1280,"height":960,"url":"https:\/\/avrupapress.com\/main\/wp-content\/uploads\/2022\/05\/thumbnail_WhatsApp-Image-2022-05-07-at-11.51.34-1.jpg","type":"image\/jpeg"}],"author":"Edit\u00f6r","twitter_card":"summary_large_image","twitter_misc":{"\u00c9crit par":"Edit\u00f6r","Dur\u00e9e de lecture est.":"4 minutes"},"schema":{"@context":"https:\/\/schema.org","@graph":[{"@type":"Article","@id":"https:\/\/avrupapress.com\/main\/2022\/05\/07\/saadet-europe-bruksel-bolgesi-bayramlasma-programini-cok-yogun-bir-katilimla-gerceklestirdi\/#article","isPartOf":{"@id":"https:\/\/avrupapress.com\/main\/2022\/05\/07\/saadet-europe-bruksel-bolgesi-bayramlasma-programini-cok-yogun-bir-katilimla-gerceklestirdi\/"},"author":{"name":"Edit\u00f6r","@id":"https:\/\/avrupapress.com\/#\/schema\/person\/68428444ec60970d1e1b700cf4ca1e8f"},"headline":"SAADET EUROPE BR\u00dcKSEL B\u00d6LGES\u0130 BAYRAMLA\u015eMA PROGRAMINI \u00c7OK YO\u011eUN B\u0130R KATILIMLA GER\u00c7EKLE\u015eT\u0130RD\u0130","datePublished":"2022-05-07T17:32:35+00:00","dateModified":"2022-05-07T18:20:14+00:00","mainEntityOfPage":{"@id":"https:\/\/avrupapress.com\/main\/2022\/05\/07\/saadet-europe-bruksel-bolgesi-bayramlasma-programini-cok-yogun-bir-katilimla-gerceklestirdi\/"},"wordCount":390,"publisher":{"@id":"https:\/\/avrupapress.com\/#\/schema\/person\/0223dca19c72c43575bf30d1a2d8f4fa"},"image":{"@id":"https:\/\/avrupapress.com\/main\/2022\/05\/07\/saadet-europe-bruksel-bolgesi-bayramlasma-programini-cok-yogun-bir-katilimla-gerceklestirdi\/#primaryimage"},"thumbnailUrl":"https:\/\/avrupapress.com\/main\/wp-content\/uploads\/2022\/05\/thumbnail_WhatsApp-Image-2022-05-07-at-11.51.34-1.jpg","articleSection":["Avrupa","Bel\u00e7ika","D\u00fcnya","K\u00fclt\u00fcr-Sanat","Tan\u0131t\u0131m","T\u00fcrkiye"],"inLanguage":"fr-BE"},{"@type":"WebPage","@id":"https:\/\/avrupapress.com\/main\/2022\/05\/07\/saadet-europe-bruksel-bolgesi-bayramlasma-programini-cok-yogun-bir-katilimla-gerceklestirdi\/","url":"https:\/\/avrupapress.com\/main\/2022\/05\/07\/saadet-europe-bruksel-bolgesi-bayramlasma-programini-cok-yogun-bir-katilimla-gerceklestirdi\/","name":"SAADET EUROPE BR\u00dcKSEL B\u00d6LGES\u0130 BAYRAMLA\u015eMA PROGRAMINI \u00c7OK YO\u011eUN B\u0130R KATILIMLA GER\u00c7EKLE\u015eT\u0130RD\u0130 - AvrupaPress","isPartOf":{"@id":"https:\/\/avrupapress.com\/#website"},"primaryImageOfPage":{"@id":"https:\/\/avrupapress.com\/main\/2022\/05\/07\/saadet-europe-bruksel-bolgesi-bayramlasma-programini-cok-yogun-bir-katilimla-gerceklestirdi\/#primaryimage"},"image":{"@id":"https:\/\/avrupapress.com\/main\/2022\/05\/07\/saadet-europe-bruksel-bolgesi-bayramlasma-programini-cok-yogun-bir-katilimla-gerceklestirdi\/#primaryimage"},"thumbnailUrl":"https:\/\/avrupapress.com\/main\/wp-content\/uploads\/2022\/05\/thumbnail_WhatsApp-Image-2022-05-07-at-11.51.34-1.jpg","datePublished":"2022-05-07T17:32:35+00:00","dateModified":"2022-05-07T18:20:14+00:00","breadcrumb":{"@id":"https:\/\/avrupapress.com\/main\/2022\/05\/07\/saadet-europe-bruksel-bolgesi-bayramlasma-programini-cok-yogun-bir-katilimla-gerceklestirdi\/#breadcrumb"},"inLanguage":"fr-BE","potentialAction":[{"@type":"ReadAction","target":["https:\/\/avrupapress.com\/main\/2022\/05\/07\/saadet-europe-bruksel-bolgesi-bayramlasma-programini-cok-yogun-bir-katilimla-gerceklestirdi\/"]}]},{"@type":"ImageObject","inLanguage":"fr-BE","@id":"https:\/\/avrupapress.com\/main\/2022\/05\/07\/saadet-europe-bruksel-bolgesi-bayramlasma-programini-cok-yogun-bir-katilimla-gerceklestirdi\/#primaryimage","url":"https:\/\/avrupapress.com\/main\/wp-content\/uploads\/2022\/05\/thumbnail_WhatsApp-Image-2022-05-07-at-11.51.34-1.jpg","contentUrl":"https:\/\/avrupapress.com\/main\/wp-content\/uploads\/2022\/05\/thumbnail_WhatsApp-Image-2022-05-07-at-11.51.34-1.jpg","width":1280,"height":960},{"@type":"BreadcrumbList","@id":"https:\/\/avrupapress.com\/main\/2022\/05\/07\/saadet-europe-bruksel-bolgesi-bayramlasma-programini-cok-yogun-bir-katilimla-gerceklestirdi\/#breadcrumb","itemListElement":[{"@type":"ListItem","position":1,"name":"Anasayfa","item":"https:\/\/avrupapress.com\/"},{"@type":"ListItem","position":2,"name":"SAADET EUROPE BR\u00dcKSEL B\u00d6LGES\u0130 BAYRAMLA\u015eMA PROGRAMINI \u00c7OK YO\u011eUN B\u0130R KATILIMLA GER\u00c7EKLE\u015eT\u0130RD\u0130"}]},{"@type":"WebSite","@id":"https:\/\/avrupapress.com\/#website","url":"https:\/\/avrupapress.com\/","name":"AvrupaPress","description":"Haberin Adresi","publisher":{"@id":"https:\/\/avrupapress.com\/#\/schema\/person\/0223dca19c72c43575bf30d1a2d8f4fa"},"potentialAction":[{"@type":"SearchAction","target":{"@type":"EntryPoint","urlTemplate":"https:\/\/avrupapress.com\/?s={search_term_string}"},"query-input":{"@type":"PropertyValueSpecification","valueRequired":true,"valueName":"search_term_string"}}],"inLanguage":"fr-BE"},{"@type":["Person","Organization"],"@id":"https:\/\/avrupapress.com\/#\/schema\/person\/0223dca19c72c43575bf30d1a2d8f4fa","name":"Bilgin \u00d6z\u00e7ift\u00e7i","image":{"@type":"ImageObject","inLanguage":"fr-BE","@id":"https:\/\/avrupapress.com\/#\/schema\/person\/image\/","url":"https:\/\/secure.gravatar.com\/avatar\/0f23b280433a21e1ea7a0adcc46ed0ad16afe3ad8e630fd13d8a017dcbd54ef3?s=96&d=mm&r=g","contentUrl":"https:\/\/secure.gravatar.com\/avatar\/0f23b280433a21e1ea7a0adcc46ed0ad16afe3ad8e630fd13d8a017dcbd54ef3?s=96&d=mm&r=g","caption":"Bilgin \u00d6z\u00e7ift\u00e7i"},"logo":{"@id":"https:\/\/avrupapress.com\/#\/schema\/person\/image\/"},"description":"Ne ben, nede sen... Biz ancak \"biz\" olursak g\u00fc\u00e7l\u00fc olabiliriz"},{"@type":"Person","@id":"https:\/\/avrupapress.com\/#\/schema\/person\/68428444ec60970d1e1b700cf4ca1e8f","name":"Edit\u00f6r","image":{"@type":"ImageObject","inLanguage":"fr-BE","@id":"https:\/\/avrupapress.com\/#\/schema\/person\/image\/","url":"https:\/\/secure.gravatar.com\/avatar\/74996b0977aa5f1559ba9883776652508b229005c0d78fb2597897f0bd651c09?s=96&d=mm&r=g","contentUrl":"https:\/\/secure.gravatar.com\/avatar\/74996b0977aa5f1559ba9883776652508b229005c0d78fb2597897f0bd651c09?s=96&d=mm&r=g","caption":"Edit\u00f6r"},"sameAs":["http:\/\/www.avrupapress.com"],"url":"https:\/\/avrupapress.com\/main\/author\/editor\/"}]}},"_links":{"self":[{"href":"https:\/\/avrupapress.com\/main\/wp-json\/wp\/v2\/posts\/18784","targetHints":{"allow":["GET"]}}],"collection":[{"href":"https:\/\/avrupapress.com\/main\/wp-json\/wp\/v2\/posts"}],"about":[{"href":"https:\/\/avrupapress.com\/main\/wp-json\/wp\/v2\/types\/post"}],"author":[{"embeddable":true,"href":"https:\/\/avrupapress.com\/main\/wp-json\/wp\/v2\/users\/3"}],"replies":[{"embeddable":true,"href":"https:\/\/avrupapress.com\/main\/wp-json\/wp\/v2\/comments?post=18784"}],"version-history":[{"count":2,"href":"https:\/\/avrupapress.com\/main\/wp-json\/wp\/v2\/posts\/18784\/revisions"}],"predecessor-version":[{"id":18797,"href":"https:\/\/avrupapress.com\/main\/wp-json\/wp\/v2\/posts\/18784\/revisions\/18797"}],"wp:featuredmedia":[{"embeddable":true,"href":"https:\/\/avrupapress.com\/main\/wp-json\/wp\/v2\/media\/18785"}],"wp:attachment":[{"href":"https:\/\/avrupapress.com\/main\/wp-json\/wp\/v2\/media?parent=18784"}],"wp:term":[{"taxonomy":"category","embeddable":true,"href":"https:\/\/avrupapress.com\/main\/wp-json\/wp\/v2\/categories?post=18784"},{"taxonomy":"post_tag","embeddable":true,"href":"https:\/\/avrupapress.com\/main\/wp-json\/wp\/v2\/tags?post=18784"}],"curies":[{"name":"wp","href":"https:\/\/api.w.org\/{rel}","templated":true}]}}