{"id":17142,"date":"2021-12-13T21:04:42","date_gmt":"2021-12-13T21:04:42","guid":{"rendered":"https:\/\/avrupapress.com\/main\/?p=17142"},"modified":"2021-12-13T21:04:57","modified_gmt":"2021-12-13T21:04:57","slug":"12-18-aralik-yerli-mali-haftasi-kutlu-olsun","status":"publish","type":"post","link":"https:\/\/avrupapress.com\/main\/2021\/12\/13\/12-18-aralik-yerli-mali-haftasi-kutlu-olsun\/","title":{"rendered":"12-18 ARALIK YERL\u0130 MALI HAFTASI KUTLU OLSUN"},"content":{"rendered":"<p><strong>YERL\u0130 MALI (TUTUM, YATIRIM ve T\u00dcRK MALLARI)\u00a0HAFTASI NASIL ORTAYA \u00c7IKTI?<\/strong><\/p>\n<p>I. D\u00fcnya Sava\u015f\u0131 sonras\u0131 olu\u015fan ekonomik darbo\u011faz\u0131n ard\u0131ndan yabanc\u0131 \u00fclkelere para ak\u0131\u015f\u0131n\u0131n \u00f6n\u00fcn\u00fcn kesilmesi ve toplumsal tutum bilincinin olu\u015fmas\u0131 ama\u00e7lanm\u0131\u015ft\u0131r. Bu ama\u00e7la Atat\u00fcrk ba\u015fkanl\u0131\u011f\u0131nda, 1923 y\u0131l\u0131nda \u0130zmir \u0130ktisat Kongresi topland\u0131. Bu kongrede yurdun ba\u011f\u0131ms\u0131zl\u0131\u011f\u0131n\u0131n korunmas\u0131, yerli mallar \u00fcretilmesi ve kullan\u0131lmas\u0131 kararla\u015ft\u0131r\u0131ld\u0131. D\u00f6nemin ba\u015fbakan\u0131 \u0130smet \u0130n\u00f6n\u00fc 12 Aral\u0131k 1929 tarihinde TBMM&rsquo;de bir konu\u015fma yapt\u0131. Konu\u015fmas\u0131nda ulusal ekonomi, yerli mal\u0131 ve tutumlu olma konular\u0131n\u0131 anlatt\u0131. 1946 y\u0131l\u0131ndan itibaren Yerli Mal\u0131 Haftas\u0131 olarak kutland\u0131. 1983 y\u0131l\u0131nda ad\u0131 Tutum, Yat\u0131r\u0131m ve T\u00fcrk Mallar\u0131 Haftas\u0131 olarak de\u011fi\u015ftirildi.<\/p>\n<p><strong>\u00a0\u00a0\u00a0\u00a0\u00a0\u00a0\u00a0 YERL\u0130 MALI (TUTUM, YATIRIM ve T\u00dcRK MALLARI) HAFTASININ AMACI NED\u0130R?<\/strong><\/p>\n<p>Haftan\u0131n amac\u0131, yerli t\u00fcketimin bilin\u00e7li olarak artmas\u0131d\u0131r. Bu hafta s\u00fcresince tutumlu olman\u0131n, yat\u0131r\u0131m yapman\u0131n ve \u00a0\u00bbyerli mal\u0131 kullanman\u0131n \u00f6nemi\u00a0\u00bb vurgulan\u0131r. \u0130nsanlar\u0131n paras\u0131n\u0131, mal\u0131n\u0131, e\u015fyalar\u0131n\u0131, zaman\u0131n\u0131 ve sa\u011fl\u0131\u011f\u0131n\u0131 gerektirdi\u011fi gibi korumak ve dikkatli kullanmas\u0131na tutumlu olmak denir. \u0130htiya\u00e7lara harcand\u0131ktan sonra artakalan para ile yat\u0131r\u0131m yapman\u0131n \u00f6nemi \u00fczerinde durulur. T\u00fcketilecek \u00fcr\u00fcnlerin \u00fclkede \u00fcretilen \u00fcr\u00fcnlerden se\u00e7ilmesinin gereklili\u011fi anlat\u0131l\u0131r. Bu \u015fekilde \u00fclkenin zenginliklerinin artmas\u0131 ama\u00e7lanmaktad\u0131r. Ayr\u0131ca bilin\u00e7li t\u00fcketicilik konular\u0131 \u00fczerinde durulur.<\/p>\n","protected":false},"excerpt":{"rendered":"<p>YERL\u0130 MALI (TUTUM, YATIRIM ve T\u00dcRK MALLARI)\u00a0HAFTASI NASIL ORTAYA \u00c7IKTI? I. D\u00fcnya Sava\u015f\u0131 sonras\u0131 olu\u015fan ekonomik darbo\u011faz\u0131n ard\u0131ndan yabanc\u0131 \u00fclkelere para ak\u0131\u015f\u0131n\u0131n \u00f6n\u00fcn\u00fcn kesilmesi ve toplumsal tutum bilincinin olu\u015fmas\u0131 ama\u00e7lanm\u0131\u015ft\u0131r. Bu ama\u00e7la Atat\u00fcrk ba\u015fkanl\u0131\u011f\u0131nda, 1923 y\u0131l\u0131nda \u0130zmir \u0130ktisat Kongresi topland\u0131. Bu kongrede yurdun ba\u011f\u0131ms\u0131zl\u0131\u011f\u0131n\u0131n korunmas\u0131, yerli mallar \u00fcretilmesi ve kullan\u0131lmas\u0131 kararla\u015ft\u0131r\u0131ld\u0131. D\u00f6nemin ba\u015fbakan\u0131 \u0130smet \u0130n\u00f6n\u00fc [&hellip;]<\/p>\n","protected":false},"author":3,"featured_media":17143,"comment_status":"closed","ping_status":"open","sticky":false,"template":"","format":"standard","meta":{"footnotes":""},"categories":[14,16,3,17,18,19,2,1],"tags":[7835,2692,7836],"class_list":["post-17142","post","type-post","status-publish","format-standard","has-post-thumbnail","hentry","category-avrupa","category-belcika","category-dunya","category-ekonomi","category-kultur-sanat","category-tanitim","category-turkiye","category-uncategorized","tag-12-18-aralik","tag-kutlu-olsun","tag-yerli-mali-haftasi"],"yoast_head":"<!-- This site is optimized with the Yoast SEO plugin v26.9 - https:\/\/yoast.com\/product\/yoast-seo-wordpress\/ -->\n<title>12-18 ARALIK YERL\u0130 MALI HAFTASI KUTLU OLSUN - AvrupaPress<\/title>\n<meta name=\"robots\" content=\"index, follow, max-snippet:-1, max-image-preview:large, max-video-preview:-1\" \/>\n<link rel=\"canonical\" href=\"https:\/\/avrupapress.com\/main\/2021\/12\/13\/12-18-aralik-yerli-mali-haftasi-kutlu-olsun\/\" \/>\n<meta property=\"og:locale\" content=\"fr_FR\" \/>\n<meta property=\"og:type\" content=\"article\" \/>\n<meta property=\"og:title\" content=\"12-18 ARALIK YERL\u0130 MALI HAFTASI KUTLU OLSUN - AvrupaPress\" \/>\n<meta property=\"og:description\" content=\"YERL\u0130 MALI (TUTUM, YATIRIM ve T\u00dcRK MALLARI)\u00a0HAFTASI NASIL ORTAYA \u00c7IKTI? I. D\u00fcnya Sava\u015f\u0131 sonras\u0131 olu\u015fan ekonomik darbo\u011faz\u0131n ard\u0131ndan yabanc\u0131 \u00fclkelere para ak\u0131\u015f\u0131n\u0131n \u00f6n\u00fcn\u00fcn kesilmesi ve toplumsal tutum bilincinin olu\u015fmas\u0131 ama\u00e7lanm\u0131\u015ft\u0131r. Bu ama\u00e7la Atat\u00fcrk ba\u015fkanl\u0131\u011f\u0131nda, 1923 y\u0131l\u0131nda \u0130zmir \u0130ktisat Kongresi topland\u0131. Bu kongrede yurdun ba\u011f\u0131ms\u0131zl\u0131\u011f\u0131n\u0131n korunmas\u0131, yerli mallar \u00fcretilmesi ve kullan\u0131lmas\u0131 kararla\u015ft\u0131r\u0131ld\u0131. D\u00f6nemin ba\u015fbakan\u0131 \u0130smet \u0130n\u00f6n\u00fc [&hellip;]\" \/>\n<meta property=\"og:url\" content=\"https:\/\/avrupapress.com\/main\/2021\/12\/13\/12-18-aralik-yerli-mali-haftasi-kutlu-olsun\/\" \/>\n<meta property=\"og:site_name\" content=\"AvrupaPress\" \/>\n<meta property=\"article:published_time\" content=\"2021-12-13T21:04:42+00:00\" \/>\n<meta property=\"article:modified_time\" content=\"2021-12-13T21:04:57+00:00\" \/>\n<meta property=\"og:image\" content=\"https:\/\/avrupapress.com\/main\/wp-content\/uploads\/2021\/12\/thumbnail_FB_IMG_1639421042067.jpg\" \/>\n\t<meta property=\"og:image:width\" content=\"1080\" \/>\n\t<meta property=\"og:image:height\" content=\"592\" \/>\n\t<meta property=\"og:image:type\" content=\"image\/jpeg\" \/>\n<meta name=\"author\" content=\"Edit\u00f6r\" \/>\n<meta name=\"twitter:card\" content=\"summary_large_image\" \/>\n<meta name=\"twitter:label1\" content=\"\u00c9crit par\" \/>\n\t<meta name=\"twitter:data1\" content=\"Edit\u00f6r\" \/>\n\t<meta name=\"twitter:label2\" content=\"Dur\u00e9e de lecture est.\" \/>\n\t<meta name=\"twitter:data2\" content=\"1 minute\" \/>\n<script type=\"application\/ld+json\" class=\"yoast-schema-graph\">{\"@context\":\"https:\/\/schema.org\",\"@graph\":[{\"@type\":\"Article\",\"@id\":\"https:\/\/avrupapress.com\/main\/2021\/12\/13\/12-18-aralik-yerli-mali-haftasi-kutlu-olsun\/#article\",\"isPartOf\":{\"@id\":\"https:\/\/avrupapress.com\/main\/2021\/12\/13\/12-18-aralik-yerli-mali-haftasi-kutlu-olsun\/\"},\"author\":{\"name\":\"Edit\u00f6r\",\"@id\":\"https:\/\/avrupapress.com\/#\/schema\/person\/68428444ec60970d1e1b700cf4ca1e8f\"},\"headline\":\"12-18 ARALIK YERL\u0130 MALI HAFTASI KUTLU OLSUN\",\"datePublished\":\"2021-12-13T21:04:42+00:00\",\"dateModified\":\"2021-12-13T21:04:57+00:00\",\"mainEntityOfPage\":{\"@id\":\"https:\/\/avrupapress.com\/main\/2021\/12\/13\/12-18-aralik-yerli-mali-haftasi-kutlu-olsun\/\"},\"wordCount\":258,\"publisher\":{\"@id\":\"https:\/\/avrupapress.com\/#\/schema\/person\/0223dca19c72c43575bf30d1a2d8f4fa\"},\"image\":{\"@id\":\"https:\/\/avrupapress.com\/main\/2021\/12\/13\/12-18-aralik-yerli-mali-haftasi-kutlu-olsun\/#primaryimage\"},\"thumbnailUrl\":\"https:\/\/avrupapress.com\/main\/wp-content\/uploads\/2021\/12\/thumbnail_FB_IMG_1639421042067.jpg\",\"keywords\":[\"12-18 ARALIK\",\"KUTLU OLSUN\",\"YERL\u0130 MALI HAFTASI\"],\"articleSection\":[\"Avrupa\",\"Bel\u00e7ika\",\"D\u00fcnya\",\"Ekonomi\",\"K\u00fclt\u00fcr-Sanat\",\"Tan\u0131t\u0131m\",\"T\u00fcrkiye\",\"Uncategorized\"],\"inLanguage\":\"fr-BE\"},{\"@type\":\"WebPage\",\"@id\":\"https:\/\/avrupapress.com\/main\/2021\/12\/13\/12-18-aralik-yerli-mali-haftasi-kutlu-olsun\/\",\"url\":\"https:\/\/avrupapress.com\/main\/2021\/12\/13\/12-18-aralik-yerli-mali-haftasi-kutlu-olsun\/\",\"name\":\"12-18 ARALIK YERL\u0130 MALI HAFTASI KUTLU OLSUN - AvrupaPress\",\"isPartOf\":{\"@id\":\"https:\/\/avrupapress.com\/#website\"},\"primaryImageOfPage\":{\"@id\":\"https:\/\/avrupapress.com\/main\/2021\/12\/13\/12-18-aralik-yerli-mali-haftasi-kutlu-olsun\/#primaryimage\"},\"image\":{\"@id\":\"https:\/\/avrupapress.com\/main\/2021\/12\/13\/12-18-aralik-yerli-mali-haftasi-kutlu-olsun\/#primaryimage\"},\"thumbnailUrl\":\"https:\/\/avrupapress.com\/main\/wp-content\/uploads\/2021\/12\/thumbnail_FB_IMG_1639421042067.jpg\",\"datePublished\":\"2021-12-13T21:04:42+00:00\",\"dateModified\":\"2021-12-13T21:04:57+00:00\",\"breadcrumb\":{\"@id\":\"https:\/\/avrupapress.com\/main\/2021\/12\/13\/12-18-aralik-yerli-mali-haftasi-kutlu-olsun\/#breadcrumb\"},\"inLanguage\":\"fr-BE\",\"potentialAction\":[{\"@type\":\"ReadAction\",\"target\":[\"https:\/\/avrupapress.com\/main\/2021\/12\/13\/12-18-aralik-yerli-mali-haftasi-kutlu-olsun\/\"]}]},{\"@type\":\"ImageObject\",\"inLanguage\":\"fr-BE\",\"@id\":\"https:\/\/avrupapress.com\/main\/2021\/12\/13\/12-18-aralik-yerli-mali-haftasi-kutlu-olsun\/#primaryimage\",\"url\":\"https:\/\/avrupapress.com\/main\/wp-content\/uploads\/2021\/12\/thumbnail_FB_IMG_1639421042067.jpg\",\"contentUrl\":\"https:\/\/avrupapress.com\/main\/wp-content\/uploads\/2021\/12\/thumbnail_FB_IMG_1639421042067.jpg\",\"width\":1080,\"height\":592},{\"@type\":\"BreadcrumbList\",\"@id\":\"https:\/\/avrupapress.com\/main\/2021\/12\/13\/12-18-aralik-yerli-mali-haftasi-kutlu-olsun\/#breadcrumb\",\"itemListElement\":[{\"@type\":\"ListItem\",\"position\":1,\"name\":\"Anasayfa\",\"item\":\"https:\/\/avrupapress.com\/\"},{\"@type\":\"ListItem\",\"position\":2,\"name\":\"12-18 ARALIK YERL\u0130 MALI HAFTASI KUTLU OLSUN\"}]},{\"@type\":\"WebSite\",\"@id\":\"https:\/\/avrupapress.com\/#website\",\"url\":\"https:\/\/avrupapress.com\/\",\"name\":\"AvrupaPress\",\"description\":\"Haberin Adresi\",\"publisher\":{\"@id\":\"https:\/\/avrupapress.com\/#\/schema\/person\/0223dca19c72c43575bf30d1a2d8f4fa\"},\"potentialAction\":[{\"@type\":\"SearchAction\",\"target\":{\"@type\":\"EntryPoint\",\"urlTemplate\":\"https:\/\/avrupapress.com\/?s={search_term_string}\"},\"query-input\":{\"@type\":\"PropertyValueSpecification\",\"valueRequired\":true,\"valueName\":\"search_term_string\"}}],\"inLanguage\":\"fr-BE\"},{\"@type\":[\"Person\",\"Organization\"],\"@id\":\"https:\/\/avrupapress.com\/#\/schema\/person\/0223dca19c72c43575bf30d1a2d8f4fa\",\"name\":\"Bilgin \u00d6z\u00e7ift\u00e7i\",\"image\":{\"@type\":\"ImageObject\",\"inLanguage\":\"fr-BE\",\"@id\":\"https:\/\/avrupapress.com\/#\/schema\/person\/image\/\",\"url\":\"https:\/\/secure.gravatar.com\/avatar\/0f23b280433a21e1ea7a0adcc46ed0ad16afe3ad8e630fd13d8a017dcbd54ef3?s=96&d=mm&r=g\",\"contentUrl\":\"https:\/\/secure.gravatar.com\/avatar\/0f23b280433a21e1ea7a0adcc46ed0ad16afe3ad8e630fd13d8a017dcbd54ef3?s=96&d=mm&r=g\",\"caption\":\"Bilgin \u00d6z\u00e7ift\u00e7i\"},\"logo\":{\"@id\":\"https:\/\/avrupapress.com\/#\/schema\/person\/image\/\"},\"description\":\"Ne ben, nede sen... Biz ancak \\\"biz\\\" olursak g\u00fc\u00e7l\u00fc olabiliriz\"},{\"@type\":\"Person\",\"@id\":\"https:\/\/avrupapress.com\/#\/schema\/person\/68428444ec60970d1e1b700cf4ca1e8f\",\"name\":\"Edit\u00f6r\",\"image\":{\"@type\":\"ImageObject\",\"inLanguage\":\"fr-BE\",\"@id\":\"https:\/\/avrupapress.com\/#\/schema\/person\/image\/\",\"url\":\"https:\/\/secure.gravatar.com\/avatar\/74996b0977aa5f1559ba9883776652508b229005c0d78fb2597897f0bd651c09?s=96&d=mm&r=g\",\"contentUrl\":\"https:\/\/secure.gravatar.com\/avatar\/74996b0977aa5f1559ba9883776652508b229005c0d78fb2597897f0bd651c09?s=96&d=mm&r=g\",\"caption\":\"Edit\u00f6r\"},\"sameAs\":[\"http:\/\/www.avrupapress.com\"],\"url\":\"https:\/\/avrupapress.com\/main\/author\/editor\/\"}]}<\/script>\n<!-- \/ Yoast SEO plugin. -->","yoast_head_json":{"title":"12-18 ARALIK YERL\u0130 MALI HAFTASI KUTLU OLSUN - AvrupaPress","robots":{"index":"index","follow":"follow","max-snippet":"max-snippet:-1","max-image-preview":"max-image-preview:large","max-video-preview":"max-video-preview:-1"},"canonical":"https:\/\/avrupapress.com\/main\/2021\/12\/13\/12-18-aralik-yerli-mali-haftasi-kutlu-olsun\/","og_locale":"fr_FR","og_type":"article","og_title":"12-18 ARALIK YERL\u0130 MALI HAFTASI KUTLU OLSUN - AvrupaPress","og_description":"YERL\u0130 MALI (TUTUM, YATIRIM ve T\u00dcRK MALLARI)\u00a0HAFTASI NASIL ORTAYA \u00c7IKTI? I. D\u00fcnya Sava\u015f\u0131 sonras\u0131 olu\u015fan ekonomik darbo\u011faz\u0131n ard\u0131ndan yabanc\u0131 \u00fclkelere para ak\u0131\u015f\u0131n\u0131n \u00f6n\u00fcn\u00fcn kesilmesi ve toplumsal tutum bilincinin olu\u015fmas\u0131 ama\u00e7lanm\u0131\u015ft\u0131r. Bu ama\u00e7la Atat\u00fcrk ba\u015fkanl\u0131\u011f\u0131nda, 1923 y\u0131l\u0131nda \u0130zmir \u0130ktisat Kongresi topland\u0131. Bu kongrede yurdun ba\u011f\u0131ms\u0131zl\u0131\u011f\u0131n\u0131n korunmas\u0131, yerli mallar \u00fcretilmesi ve kullan\u0131lmas\u0131 kararla\u015ft\u0131r\u0131ld\u0131. D\u00f6nemin ba\u015fbakan\u0131 \u0130smet \u0130n\u00f6n\u00fc [&hellip;]","og_url":"https:\/\/avrupapress.com\/main\/2021\/12\/13\/12-18-aralik-yerli-mali-haftasi-kutlu-olsun\/","og_site_name":"AvrupaPress","article_published_time":"2021-12-13T21:04:42+00:00","article_modified_time":"2021-12-13T21:04:57+00:00","og_image":[{"width":1080,"height":592,"url":"https:\/\/avrupapress.com\/main\/wp-content\/uploads\/2021\/12\/thumbnail_FB_IMG_1639421042067.jpg","type":"image\/jpeg"}],"author":"Edit\u00f6r","twitter_card":"summary_large_image","twitter_misc":{"\u00c9crit par":"Edit\u00f6r","Dur\u00e9e de lecture est.":"1 minute"},"schema":{"@context":"https:\/\/schema.org","@graph":[{"@type":"Article","@id":"https:\/\/avrupapress.com\/main\/2021\/12\/13\/12-18-aralik-yerli-mali-haftasi-kutlu-olsun\/#article","isPartOf":{"@id":"https:\/\/avrupapress.com\/main\/2021\/12\/13\/12-18-aralik-yerli-mali-haftasi-kutlu-olsun\/"},"author":{"name":"Edit\u00f6r","@id":"https:\/\/avrupapress.com\/#\/schema\/person\/68428444ec60970d1e1b700cf4ca1e8f"},"headline":"12-18 ARALIK YERL\u0130 MALI HAFTASI KUTLU OLSUN","datePublished":"2021-12-13T21:04:42+00:00","dateModified":"2021-12-13T21:04:57+00:00","mainEntityOfPage":{"@id":"https:\/\/avrupapress.com\/main\/2021\/12\/13\/12-18-aralik-yerli-mali-haftasi-kutlu-olsun\/"},"wordCount":258,"publisher":{"@id":"https:\/\/avrupapress.com\/#\/schema\/person\/0223dca19c72c43575bf30d1a2d8f4fa"},"image":{"@id":"https:\/\/avrupapress.com\/main\/2021\/12\/13\/12-18-aralik-yerli-mali-haftasi-kutlu-olsun\/#primaryimage"},"thumbnailUrl":"https:\/\/avrupapress.com\/main\/wp-content\/uploads\/2021\/12\/thumbnail_FB_IMG_1639421042067.jpg","keywords":["12-18 ARALIK","KUTLU OLSUN","YERL\u0130 MALI HAFTASI"],"articleSection":["Avrupa","Bel\u00e7ika","D\u00fcnya","Ekonomi","K\u00fclt\u00fcr-Sanat","Tan\u0131t\u0131m","T\u00fcrkiye","Uncategorized"],"inLanguage":"fr-BE"},{"@type":"WebPage","@id":"https:\/\/avrupapress.com\/main\/2021\/12\/13\/12-18-aralik-yerli-mali-haftasi-kutlu-olsun\/","url":"https:\/\/avrupapress.com\/main\/2021\/12\/13\/12-18-aralik-yerli-mali-haftasi-kutlu-olsun\/","name":"12-18 ARALIK YERL\u0130 MALI HAFTASI KUTLU OLSUN - AvrupaPress","isPartOf":{"@id":"https:\/\/avrupapress.com\/#website"},"primaryImageOfPage":{"@id":"https:\/\/avrupapress.com\/main\/2021\/12\/13\/12-18-aralik-yerli-mali-haftasi-kutlu-olsun\/#primaryimage"},"image":{"@id":"https:\/\/avrupapress.com\/main\/2021\/12\/13\/12-18-aralik-yerli-mali-haftasi-kutlu-olsun\/#primaryimage"},"thumbnailUrl":"https:\/\/avrupapress.com\/main\/wp-content\/uploads\/2021\/12\/thumbnail_FB_IMG_1639421042067.jpg","datePublished":"2021-12-13T21:04:42+00:00","dateModified":"2021-12-13T21:04:57+00:00","breadcrumb":{"@id":"https:\/\/avrupapress.com\/main\/2021\/12\/13\/12-18-aralik-yerli-mali-haftasi-kutlu-olsun\/#breadcrumb"},"inLanguage":"fr-BE","potentialAction":[{"@type":"ReadAction","target":["https:\/\/avrupapress.com\/main\/2021\/12\/13\/12-18-aralik-yerli-mali-haftasi-kutlu-olsun\/"]}]},{"@type":"ImageObject","inLanguage":"fr-BE","@id":"https:\/\/avrupapress.com\/main\/2021\/12\/13\/12-18-aralik-yerli-mali-haftasi-kutlu-olsun\/#primaryimage","url":"https:\/\/avrupapress.com\/main\/wp-content\/uploads\/2021\/12\/thumbnail_FB_IMG_1639421042067.jpg","contentUrl":"https:\/\/avrupapress.com\/main\/wp-content\/uploads\/2021\/12\/thumbnail_FB_IMG_1639421042067.jpg","width":1080,"height":592},{"@type":"BreadcrumbList","@id":"https:\/\/avrupapress.com\/main\/2021\/12\/13\/12-18-aralik-yerli-mali-haftasi-kutlu-olsun\/#breadcrumb","itemListElement":[{"@type":"ListItem","position":1,"name":"Anasayfa","item":"https:\/\/avrupapress.com\/"},{"@type":"ListItem","position":2,"name":"12-18 ARALIK YERL\u0130 MALI HAFTASI KUTLU OLSUN"}]},{"@type":"WebSite","@id":"https:\/\/avrupapress.com\/#website","url":"https:\/\/avrupapress.com\/","name":"AvrupaPress","description":"Haberin Adresi","publisher":{"@id":"https:\/\/avrupapress.com\/#\/schema\/person\/0223dca19c72c43575bf30d1a2d8f4fa"},"potentialAction":[{"@type":"SearchAction","target":{"@type":"EntryPoint","urlTemplate":"https:\/\/avrupapress.com\/?s={search_term_string}"},"query-input":{"@type":"PropertyValueSpecification","valueRequired":true,"valueName":"search_term_string"}}],"inLanguage":"fr-BE"},{"@type":["Person","Organization"],"@id":"https:\/\/avrupapress.com\/#\/schema\/person\/0223dca19c72c43575bf30d1a2d8f4fa","name":"Bilgin \u00d6z\u00e7ift\u00e7i","image":{"@type":"ImageObject","inLanguage":"fr-BE","@id":"https:\/\/avrupapress.com\/#\/schema\/person\/image\/","url":"https:\/\/secure.gravatar.com\/avatar\/0f23b280433a21e1ea7a0adcc46ed0ad16afe3ad8e630fd13d8a017dcbd54ef3?s=96&d=mm&r=g","contentUrl":"https:\/\/secure.gravatar.com\/avatar\/0f23b280433a21e1ea7a0adcc46ed0ad16afe3ad8e630fd13d8a017dcbd54ef3?s=96&d=mm&r=g","caption":"Bilgin \u00d6z\u00e7ift\u00e7i"},"logo":{"@id":"https:\/\/avrupapress.com\/#\/schema\/person\/image\/"},"description":"Ne ben, nede sen... Biz ancak \"biz\" olursak g\u00fc\u00e7l\u00fc olabiliriz"},{"@type":"Person","@id":"https:\/\/avrupapress.com\/#\/schema\/person\/68428444ec60970d1e1b700cf4ca1e8f","name":"Edit\u00f6r","image":{"@type":"ImageObject","inLanguage":"fr-BE","@id":"https:\/\/avrupapress.com\/#\/schema\/person\/image\/","url":"https:\/\/secure.gravatar.com\/avatar\/74996b0977aa5f1559ba9883776652508b229005c0d78fb2597897f0bd651c09?s=96&d=mm&r=g","contentUrl":"https:\/\/secure.gravatar.com\/avatar\/74996b0977aa5f1559ba9883776652508b229005c0d78fb2597897f0bd651c09?s=96&d=mm&r=g","caption":"Edit\u00f6r"},"sameAs":["http:\/\/www.avrupapress.com"],"url":"https:\/\/avrupapress.com\/main\/author\/editor\/"}]}},"_links":{"self":[{"href":"https:\/\/avrupapress.com\/main\/wp-json\/wp\/v2\/posts\/17142","targetHints":{"allow":["GET"]}}],"collection":[{"href":"https:\/\/avrupapress.com\/main\/wp-json\/wp\/v2\/posts"}],"about":[{"href":"https:\/\/avrupapress.com\/main\/wp-json\/wp\/v2\/types\/post"}],"author":[{"embeddable":true,"href":"https:\/\/avrupapress.com\/main\/wp-json\/wp\/v2\/users\/3"}],"replies":[{"embeddable":true,"href":"https:\/\/avrupapress.com\/main\/wp-json\/wp\/v2\/comments?post=17142"}],"version-history":[{"count":1,"href":"https:\/\/avrupapress.com\/main\/wp-json\/wp\/v2\/posts\/17142\/revisions"}],"predecessor-version":[{"id":17144,"href":"https:\/\/avrupapress.com\/main\/wp-json\/wp\/v2\/posts\/17142\/revisions\/17144"}],"wp:featuredmedia":[{"embeddable":true,"href":"https:\/\/avrupapress.com\/main\/wp-json\/wp\/v2\/media\/17143"}],"wp:attachment":[{"href":"https:\/\/avrupapress.com\/main\/wp-json\/wp\/v2\/media?parent=17142"}],"wp:term":[{"taxonomy":"category","embeddable":true,"href":"https:\/\/avrupapress.com\/main\/wp-json\/wp\/v2\/categories?post=17142"},{"taxonomy":"post_tag","embeddable":true,"href":"https:\/\/avrupapress.com\/main\/wp-json\/wp\/v2\/tags?post=17142"}],"curies":[{"name":"wp","href":"https:\/\/api.w.org\/{rel}","templated":true}]}}