{"id":17137,"date":"2021-12-13T19:38:11","date_gmt":"2021-12-13T19:38:11","guid":{"rendered":"https:\/\/avrupapress.com\/main\/?p=17137"},"modified":"2021-12-13T19:38:22","modified_gmt":"2021-12-13T19:38:22","slug":"belcikada-trafik-cezasini-odemeyenlerin-ehliyeti-iptal-edilecek","status":"publish","type":"post","link":"https:\/\/avrupapress.com\/main\/2021\/12\/13\/belcikada-trafik-cezasini-odemeyenlerin-ehliyeti-iptal-edilecek\/","title":{"rendered":"Bel\u00e7ika&rsquo;da trafik cezas\u0131n\u0131 \u00f6demeyenlerin ehliyeti iptal edilecek"},"content":{"rendered":"<h2 id=\"trtspot1\" class=\"detOzet\">Bel\u00e7ika&rsquo;da kurulacak yeni sistemle, trafik cezalar\u0131n\u0131 \u00f6demeyenlerin ehliyetleri otomatik olarak iptal edilecek.<\/h2>\n<div class=\"detYazi cf\">\n<div id=\"trtdty\" class=\"editorPart blackle\">\n<div class=\"\" data-block=\"true\" data-editor=\"8ap0a\" data-offset-key=\"e835b-0-0\">\n<div class=\"_1mf _1mj\" data-offset-key=\"e835b-0-0\"><span data-offset-key=\"e835b-0-0\">Bel\u00e7ika\u00a0Adalet Bakan\u0131 Vincent\u00a0Van\u00a0Quickenborne,\u00a0trafik\u00a0cezalar\u0131n\u0131n tahsilat\u0131n\u0131 art\u0131rmak <\/span><span data-offset-key=\"e835b-1-0\">i\u00e7in<\/span><span data-offset-key=\"e835b-2-0\"> yeni bir uygulamaya ge\u00e7ilece\u011fini a\u00e7\u0131klad\u0131.<\/span><\/div>\n<\/div>\n<div class=\"\" data-block=\"true\" data-editor=\"8ap0a\" data-offset-key=\"71qen-0-0\">\n<div class=\"_1mf _1mj\" data-offset-key=\"71qen-0-0\"><span data-offset-key=\"71qen-0-0\">\u00a0<\/span><\/div>\n<\/div>\n<div class=\"\" data-block=\"true\" data-editor=\"8ap0a\" data-offset-key=\"ad336-0-0\">\n<div class=\"_1mf _1mj\" data-offset-key=\"ad336-0-0\"><span data-offset-key=\"ad336-0-0\">Trafik kurallar\u0131n\u0131 ihlal eden pek \u00e7ok ki\u015finin cezalar\u0131n\u0131 \u00f6demeyi ihmal etti\u011fini belirten Quickenborne, cezalar\u0131n zaman\u0131nda \u00f6denmesi i\u00e7in daha kat\u0131 bir yakla\u015f\u0131m sergileyeceklerini ifade etti.<\/span><\/div>\n<\/div>\n<div class=\"\" data-block=\"true\" data-editor=\"8ap0a\" data-offset-key=\"emqrk-0-0\">\n<div class=\"_1mf _1mj\" data-offset-key=\"emqrk-0-0\"><span data-offset-key=\"emqrk-0-0\"><img loading=\"lazy\" decoding=\"async\" class=\"alignnone size-medium wp-image-17138\" src=\"https:\/\/avrupapress.com\/main\/wp-content\/uploads\/2021\/12\/belcika-trafik-polis-getty-1720862_2-300x169.jpg\" alt=\"\" width=\"300\" height=\"169\" srcset=\"https:\/\/avrupapress.com\/main\/wp-content\/uploads\/2021\/12\/belcika-trafik-polis-getty-1720862_2-300x169.jpg 300w, https:\/\/avrupapress.com\/main\/wp-content\/uploads\/2021\/12\/belcika-trafik-polis-getty-1720862_2.jpg 640w\" sizes=\"auto, (max-width: 300px) 100vw, 300px\" \/><\/span><\/div>\n<\/div>\n<div class=\"\" data-block=\"true\" data-editor=\"8ap0a\" data-offset-key=\"43n7o-0-0\">\n<div class=\"_1mf _1mj\" data-offset-key=\"43n7o-0-0\"><span data-offset-key=\"43n7o-0-0\">Quickenborne, trafik kural ihlali sonras\u0131nda para cezas\u0131n\u0131n zaman\u0131nda \u00f6denmemesi halinde s\u00fcr\u00fcc\u00fc belgelerinin otomatik olarak iptal edilece\u011fi bir sisteme ge\u00e7ilece\u011fini s\u00f6yledi.<\/span><\/div>\n<\/div>\n<div class=\"\" data-block=\"true\" data-editor=\"8ap0a\" data-offset-key=\"e8jpe-0-0\">\n<div class=\"_1mf _1mj\" data-offset-key=\"e8jpe-0-0\"><span data-offset-key=\"e8jpe-0-0\">\u00a0<\/span><\/div>\n<\/div>\n<div class=\"\" data-block=\"true\" data-editor=\"8ap0a\" data-offset-key=\"2j8m7-0-0\">\n<div class=\"_1mf _1mj\" data-offset-key=\"2j8m7-0-0\"><span data-offset-key=\"2j8m7-0-0\">Cezalar\u0131n y\u00fczde 7&rsquo;si \u00f6denmiyor<\/span><\/div>\n<div data-offset-key=\"2j8m7-0-0\"><img loading=\"lazy\" decoding=\"async\" class=\"alignnone size-full wp-image-17139\" src=\"https:\/\/avrupapress.com\/main\/wp-content\/uploads\/2021\/12\/th-1.jpg\" alt=\"\" width=\"245\" height=\"197\" \/><\/div>\n<\/div>\n<div class=\"\" data-block=\"true\" data-editor=\"8ap0a\" data-offset-key=\"4novt-0-0\">\n<div class=\"_1mf _1mj\" data-offset-key=\"4novt-0-0\"><span data-offset-key=\"4novt-0-0\">\u00a0<\/span><\/div>\n<\/div>\n<div class=\"\" data-block=\"true\" data-editor=\"8ap0a\" data-offset-key=\"6rqic-0-0\">\n<div class=\"_1mf _1mj\" data-offset-key=\"6rqic-0-0\"><span data-offset-key=\"6rqic-0-0\">Bel\u00e7ika&rsquo;da y\u0131lda 4,5 milyon civar\u0131nda trafik cezas\u0131 kesiliyor. Bunun yakla\u015f\u0131k y\u00fczde 93&rsquo;\u00fc \u00f6denirken y\u00fczde 7&rsquo;si \u00f6denmiyor. \u00d6denmeyen trafik ceza say\u0131s\u0131 y\u0131lda 300 bini buluyor.<\/span><\/div>\n<\/div>\n<div class=\"\" data-block=\"true\" data-editor=\"8ap0a\" data-offset-key=\"dn2at-0-0\">\n<div class=\"_1mf _1mj\" data-offset-key=\"dn2at-0-0\"><span data-offset-key=\"dn2at-0-0\">\u00a0<\/span><\/div>\n<\/div>\n<div class=\"\" data-block=\"true\" data-editor=\"8ap0a\" data-offset-key=\"1q2r1-0-0\">\n<div class=\"_1mf _1mj\" data-offset-key=\"1q2r1-0-0\"><span data-offset-key=\"1q2r1-0-0\">S\u00f6z konusu uygulamayla \u00f6denmeyen trafik cezalar\u0131n\u0131n tahsilat\u0131n\u0131n sa\u011flanmas\u0131 hedefleniyor.<\/span><\/div>\n<\/div>\n<\/div>\n<\/div>\n<div data-offset-key=\"1q2r1-0-0\"><\/div>\n<div data-offset-key=\"1q2r1-0-0\"><\/div>\n<div data-offset-key=\"1q2r1-0-0\"><strong>Bilgin Ozciftci\u00a0 \/\u00a0 AVRUPAPRESS<\/strong><\/div>\n","protected":false},"excerpt":{"rendered":"<p>Bel\u00e7ika&rsquo;da kurulacak yeni sistemle, trafik cezalar\u0131n\u0131 \u00f6demeyenlerin ehliyetleri otomatik olarak iptal edilecek. Bel\u00e7ika\u00a0Adalet Bakan\u0131 Vincent\u00a0Van\u00a0Quickenborne,\u00a0trafik\u00a0cezalar\u0131n\u0131n tahsilat\u0131n\u0131 art\u0131rmak i\u00e7in yeni bir uygulamaya ge\u00e7ilece\u011fini a\u00e7\u0131klad\u0131. \u00a0 Trafik kurallar\u0131n\u0131 ihlal eden pek \u00e7ok ki\u015finin cezalar\u0131n\u0131 \u00f6demeyi ihmal etti\u011fini belirten Quickenborne, cezalar\u0131n zaman\u0131nda \u00f6denmesi i\u00e7in daha kat\u0131 bir yakla\u015f\u0131m sergileyeceklerini ifade etti. Quickenborne, trafik kural ihlali sonras\u0131nda para cezas\u0131n\u0131n [&hellip;]<\/p>\n","protected":false},"author":3,"featured_media":17140,"comment_status":"closed","ping_status":"open","sticky":false,"template":"","format":"standard","meta":{"footnotes":""},"categories":[14,16,3,17,18,19,2],"tags":[527,7834,7833],"class_list":["post-17137","post","type-post","status-publish","format-standard","has-post-thumbnail","hentry","category-avrupa","category-belcika","category-dunya","category-ekonomi","category-kultur-sanat","category-tanitim","category-turkiye","tag-belcikada","tag-ehliyeti-iptal-edilecek","tag-trafik-cezasini-odemeyenlerin"],"yoast_head":"<!-- This site is optimized with the Yoast SEO plugin v26.9 - https:\/\/yoast.com\/product\/yoast-seo-wordpress\/ -->\n<title>Bel\u00e7ika&#039;da trafik cezas\u0131n\u0131 \u00f6demeyenlerin ehliyeti iptal edilecek - AvrupaPress<\/title>\n<meta name=\"robots\" content=\"index, follow, max-snippet:-1, max-image-preview:large, max-video-preview:-1\" \/>\n<link rel=\"canonical\" href=\"https:\/\/avrupapress.com\/main\/2021\/12\/13\/belcikada-trafik-cezasini-odemeyenlerin-ehliyeti-iptal-edilecek\/\" \/>\n<meta property=\"og:locale\" content=\"fr_FR\" \/>\n<meta property=\"og:type\" content=\"article\" \/>\n<meta property=\"og:title\" content=\"Bel\u00e7ika&#039;da trafik cezas\u0131n\u0131 \u00f6demeyenlerin ehliyeti iptal edilecek - AvrupaPress\" \/>\n<meta property=\"og:description\" content=\"Bel\u00e7ika&rsquo;da kurulacak yeni sistemle, trafik cezalar\u0131n\u0131 \u00f6demeyenlerin ehliyetleri otomatik olarak iptal edilecek. Bel\u00e7ika\u00a0Adalet Bakan\u0131 Vincent\u00a0Van\u00a0Quickenborne,\u00a0trafik\u00a0cezalar\u0131n\u0131n tahsilat\u0131n\u0131 art\u0131rmak i\u00e7in yeni bir uygulamaya ge\u00e7ilece\u011fini a\u00e7\u0131klad\u0131. \u00a0 Trafik kurallar\u0131n\u0131 ihlal eden pek \u00e7ok ki\u015finin cezalar\u0131n\u0131 \u00f6demeyi ihmal etti\u011fini belirten Quickenborne, cezalar\u0131n zaman\u0131nda \u00f6denmesi i\u00e7in daha kat\u0131 bir yakla\u015f\u0131m sergileyeceklerini ifade etti. Quickenborne, trafik kural ihlali sonras\u0131nda para cezas\u0131n\u0131n [&hellip;]\" \/>\n<meta property=\"og:url\" content=\"https:\/\/avrupapress.com\/main\/2021\/12\/13\/belcikada-trafik-cezasini-odemeyenlerin-ehliyeti-iptal-edilecek\/\" \/>\n<meta property=\"og:site_name\" content=\"AvrupaPress\" \/>\n<meta property=\"article:published_time\" content=\"2021-12-13T19:38:11+00:00\" \/>\n<meta property=\"article:modified_time\" content=\"2021-12-13T19:38:22+00:00\" \/>\n<meta property=\"og:image\" content=\"https:\/\/avrupapress.com\/main\/wp-content\/uploads\/2021\/12\/belcika_da_trafik_cezasini_odemeyenlerin_ehliyeti_iptal_edilecek_h516717_9ad3b.jpg\" \/>\n\t<meta property=\"og:image:width\" content=\"637\" \/>\n\t<meta property=\"og:image:height\" content=\"332\" \/>\n\t<meta property=\"og:image:type\" content=\"image\/jpeg\" \/>\n<meta name=\"author\" content=\"Edit\u00f6r\" \/>\n<meta name=\"twitter:card\" content=\"summary_large_image\" \/>\n<meta name=\"twitter:label1\" content=\"\u00c9crit par\" \/>\n\t<meta name=\"twitter:data1\" content=\"Edit\u00f6r\" \/>\n\t<meta name=\"twitter:label2\" content=\"Dur\u00e9e de lecture est.\" \/>\n\t<meta name=\"twitter:data2\" content=\"1 minute\" \/>\n<script type=\"application\/ld+json\" class=\"yoast-schema-graph\">{\"@context\":\"https:\/\/schema.org\",\"@graph\":[{\"@type\":\"Article\",\"@id\":\"https:\/\/avrupapress.com\/main\/2021\/12\/13\/belcikada-trafik-cezasini-odemeyenlerin-ehliyeti-iptal-edilecek\/#article\",\"isPartOf\":{\"@id\":\"https:\/\/avrupapress.com\/main\/2021\/12\/13\/belcikada-trafik-cezasini-odemeyenlerin-ehliyeti-iptal-edilecek\/\"},\"author\":{\"name\":\"Edit\u00f6r\",\"@id\":\"https:\/\/avrupapress.com\/#\/schema\/person\/68428444ec60970d1e1b700cf4ca1e8f\"},\"headline\":\"Bel\u00e7ika&rsquo;da trafik cezas\u0131n\u0131 \u00f6demeyenlerin ehliyeti iptal edilecek\",\"datePublished\":\"2021-12-13T19:38:11+00:00\",\"dateModified\":\"2021-12-13T19:38:22+00:00\",\"mainEntityOfPage\":{\"@id\":\"https:\/\/avrupapress.com\/main\/2021\/12\/13\/belcikada-trafik-cezasini-odemeyenlerin-ehliyeti-iptal-edilecek\/\"},\"wordCount\":164,\"publisher\":{\"@id\":\"https:\/\/avrupapress.com\/#\/schema\/person\/0223dca19c72c43575bf30d1a2d8f4fa\"},\"image\":{\"@id\":\"https:\/\/avrupapress.com\/main\/2021\/12\/13\/belcikada-trafik-cezasini-odemeyenlerin-ehliyeti-iptal-edilecek\/#primaryimage\"},\"thumbnailUrl\":\"https:\/\/avrupapress.com\/main\/wp-content\/uploads\/2021\/12\/belcika_da_trafik_cezasini_odemeyenlerin_ehliyeti_iptal_edilecek_h516717_9ad3b.jpg\",\"keywords\":[\"Belcikada\",\"ehliyeti iptal edilecek\",\"trafik cezas\u0131n\u0131 \u00f6demeyenlerin\"],\"articleSection\":[\"Avrupa\",\"Bel\u00e7ika\",\"D\u00fcnya\",\"Ekonomi\",\"K\u00fclt\u00fcr-Sanat\",\"Tan\u0131t\u0131m\",\"T\u00fcrkiye\"],\"inLanguage\":\"fr-BE\"},{\"@type\":\"WebPage\",\"@id\":\"https:\/\/avrupapress.com\/main\/2021\/12\/13\/belcikada-trafik-cezasini-odemeyenlerin-ehliyeti-iptal-edilecek\/\",\"url\":\"https:\/\/avrupapress.com\/main\/2021\/12\/13\/belcikada-trafik-cezasini-odemeyenlerin-ehliyeti-iptal-edilecek\/\",\"name\":\"Bel\u00e7ika'da trafik cezas\u0131n\u0131 \u00f6demeyenlerin ehliyeti iptal edilecek - AvrupaPress\",\"isPartOf\":{\"@id\":\"https:\/\/avrupapress.com\/#website\"},\"primaryImageOfPage\":{\"@id\":\"https:\/\/avrupapress.com\/main\/2021\/12\/13\/belcikada-trafik-cezasini-odemeyenlerin-ehliyeti-iptal-edilecek\/#primaryimage\"},\"image\":{\"@id\":\"https:\/\/avrupapress.com\/main\/2021\/12\/13\/belcikada-trafik-cezasini-odemeyenlerin-ehliyeti-iptal-edilecek\/#primaryimage\"},\"thumbnailUrl\":\"https:\/\/avrupapress.com\/main\/wp-content\/uploads\/2021\/12\/belcika_da_trafik_cezasini_odemeyenlerin_ehliyeti_iptal_edilecek_h516717_9ad3b.jpg\",\"datePublished\":\"2021-12-13T19:38:11+00:00\",\"dateModified\":\"2021-12-13T19:38:22+00:00\",\"breadcrumb\":{\"@id\":\"https:\/\/avrupapress.com\/main\/2021\/12\/13\/belcikada-trafik-cezasini-odemeyenlerin-ehliyeti-iptal-edilecek\/#breadcrumb\"},\"inLanguage\":\"fr-BE\",\"potentialAction\":[{\"@type\":\"ReadAction\",\"target\":[\"https:\/\/avrupapress.com\/main\/2021\/12\/13\/belcikada-trafik-cezasini-odemeyenlerin-ehliyeti-iptal-edilecek\/\"]}]},{\"@type\":\"ImageObject\",\"inLanguage\":\"fr-BE\",\"@id\":\"https:\/\/avrupapress.com\/main\/2021\/12\/13\/belcikada-trafik-cezasini-odemeyenlerin-ehliyeti-iptal-edilecek\/#primaryimage\",\"url\":\"https:\/\/avrupapress.com\/main\/wp-content\/uploads\/2021\/12\/belcika_da_trafik_cezasini_odemeyenlerin_ehliyeti_iptal_edilecek_h516717_9ad3b.jpg\",\"contentUrl\":\"https:\/\/avrupapress.com\/main\/wp-content\/uploads\/2021\/12\/belcika_da_trafik_cezasini_odemeyenlerin_ehliyeti_iptal_edilecek_h516717_9ad3b.jpg\",\"width\":637,\"height\":332},{\"@type\":\"BreadcrumbList\",\"@id\":\"https:\/\/avrupapress.com\/main\/2021\/12\/13\/belcikada-trafik-cezasini-odemeyenlerin-ehliyeti-iptal-edilecek\/#breadcrumb\",\"itemListElement\":[{\"@type\":\"ListItem\",\"position\":1,\"name\":\"Anasayfa\",\"item\":\"https:\/\/avrupapress.com\/\"},{\"@type\":\"ListItem\",\"position\":2,\"name\":\"Bel\u00e7ika&#8217;da trafik cezas\u0131n\u0131 \u00f6demeyenlerin ehliyeti iptal edilecek\"}]},{\"@type\":\"WebSite\",\"@id\":\"https:\/\/avrupapress.com\/#website\",\"url\":\"https:\/\/avrupapress.com\/\",\"name\":\"AvrupaPress\",\"description\":\"Haberin Adresi\",\"publisher\":{\"@id\":\"https:\/\/avrupapress.com\/#\/schema\/person\/0223dca19c72c43575bf30d1a2d8f4fa\"},\"potentialAction\":[{\"@type\":\"SearchAction\",\"target\":{\"@type\":\"EntryPoint\",\"urlTemplate\":\"https:\/\/avrupapress.com\/?s={search_term_string}\"},\"query-input\":{\"@type\":\"PropertyValueSpecification\",\"valueRequired\":true,\"valueName\":\"search_term_string\"}}],\"inLanguage\":\"fr-BE\"},{\"@type\":[\"Person\",\"Organization\"],\"@id\":\"https:\/\/avrupapress.com\/#\/schema\/person\/0223dca19c72c43575bf30d1a2d8f4fa\",\"name\":\"Bilgin \u00d6z\u00e7ift\u00e7i\",\"image\":{\"@type\":\"ImageObject\",\"inLanguage\":\"fr-BE\",\"@id\":\"https:\/\/avrupapress.com\/#\/schema\/person\/image\/\",\"url\":\"https:\/\/secure.gravatar.com\/avatar\/0f23b280433a21e1ea7a0adcc46ed0ad16afe3ad8e630fd13d8a017dcbd54ef3?s=96&d=mm&r=g\",\"contentUrl\":\"https:\/\/secure.gravatar.com\/avatar\/0f23b280433a21e1ea7a0adcc46ed0ad16afe3ad8e630fd13d8a017dcbd54ef3?s=96&d=mm&r=g\",\"caption\":\"Bilgin \u00d6z\u00e7ift\u00e7i\"},\"logo\":{\"@id\":\"https:\/\/avrupapress.com\/#\/schema\/person\/image\/\"},\"description\":\"Ne ben, nede sen... Biz ancak \\\"biz\\\" olursak g\u00fc\u00e7l\u00fc olabiliriz\"},{\"@type\":\"Person\",\"@id\":\"https:\/\/avrupapress.com\/#\/schema\/person\/68428444ec60970d1e1b700cf4ca1e8f\",\"name\":\"Edit\u00f6r\",\"image\":{\"@type\":\"ImageObject\",\"inLanguage\":\"fr-BE\",\"@id\":\"https:\/\/avrupapress.com\/#\/schema\/person\/image\/\",\"url\":\"https:\/\/secure.gravatar.com\/avatar\/74996b0977aa5f1559ba9883776652508b229005c0d78fb2597897f0bd651c09?s=96&d=mm&r=g\",\"contentUrl\":\"https:\/\/secure.gravatar.com\/avatar\/74996b0977aa5f1559ba9883776652508b229005c0d78fb2597897f0bd651c09?s=96&d=mm&r=g\",\"caption\":\"Edit\u00f6r\"},\"sameAs\":[\"http:\/\/www.avrupapress.com\"],\"url\":\"https:\/\/avrupapress.com\/main\/author\/editor\/\"}]}<\/script>\n<!-- \/ Yoast SEO plugin. -->","yoast_head_json":{"title":"Bel\u00e7ika'da trafik cezas\u0131n\u0131 \u00f6demeyenlerin ehliyeti iptal edilecek - AvrupaPress","robots":{"index":"index","follow":"follow","max-snippet":"max-snippet:-1","max-image-preview":"max-image-preview:large","max-video-preview":"max-video-preview:-1"},"canonical":"https:\/\/avrupapress.com\/main\/2021\/12\/13\/belcikada-trafik-cezasini-odemeyenlerin-ehliyeti-iptal-edilecek\/","og_locale":"fr_FR","og_type":"article","og_title":"Bel\u00e7ika'da trafik cezas\u0131n\u0131 \u00f6demeyenlerin ehliyeti iptal edilecek - AvrupaPress","og_description":"Bel\u00e7ika&rsquo;da kurulacak yeni sistemle, trafik cezalar\u0131n\u0131 \u00f6demeyenlerin ehliyetleri otomatik olarak iptal edilecek. Bel\u00e7ika\u00a0Adalet Bakan\u0131 Vincent\u00a0Van\u00a0Quickenborne,\u00a0trafik\u00a0cezalar\u0131n\u0131n tahsilat\u0131n\u0131 art\u0131rmak i\u00e7in yeni bir uygulamaya ge\u00e7ilece\u011fini a\u00e7\u0131klad\u0131. \u00a0 Trafik kurallar\u0131n\u0131 ihlal eden pek \u00e7ok ki\u015finin cezalar\u0131n\u0131 \u00f6demeyi ihmal etti\u011fini belirten Quickenborne, cezalar\u0131n zaman\u0131nda \u00f6denmesi i\u00e7in daha kat\u0131 bir yakla\u015f\u0131m sergileyeceklerini ifade etti. Quickenborne, trafik kural ihlali sonras\u0131nda para cezas\u0131n\u0131n [&hellip;]","og_url":"https:\/\/avrupapress.com\/main\/2021\/12\/13\/belcikada-trafik-cezasini-odemeyenlerin-ehliyeti-iptal-edilecek\/","og_site_name":"AvrupaPress","article_published_time":"2021-12-13T19:38:11+00:00","article_modified_time":"2021-12-13T19:38:22+00:00","og_image":[{"width":637,"height":332,"url":"https:\/\/avrupapress.com\/main\/wp-content\/uploads\/2021\/12\/belcika_da_trafik_cezasini_odemeyenlerin_ehliyeti_iptal_edilecek_h516717_9ad3b.jpg","type":"image\/jpeg"}],"author":"Edit\u00f6r","twitter_card":"summary_large_image","twitter_misc":{"\u00c9crit par":"Edit\u00f6r","Dur\u00e9e de lecture est.":"1 minute"},"schema":{"@context":"https:\/\/schema.org","@graph":[{"@type":"Article","@id":"https:\/\/avrupapress.com\/main\/2021\/12\/13\/belcikada-trafik-cezasini-odemeyenlerin-ehliyeti-iptal-edilecek\/#article","isPartOf":{"@id":"https:\/\/avrupapress.com\/main\/2021\/12\/13\/belcikada-trafik-cezasini-odemeyenlerin-ehliyeti-iptal-edilecek\/"},"author":{"name":"Edit\u00f6r","@id":"https:\/\/avrupapress.com\/#\/schema\/person\/68428444ec60970d1e1b700cf4ca1e8f"},"headline":"Bel\u00e7ika&rsquo;da trafik cezas\u0131n\u0131 \u00f6demeyenlerin ehliyeti iptal edilecek","datePublished":"2021-12-13T19:38:11+00:00","dateModified":"2021-12-13T19:38:22+00:00","mainEntityOfPage":{"@id":"https:\/\/avrupapress.com\/main\/2021\/12\/13\/belcikada-trafik-cezasini-odemeyenlerin-ehliyeti-iptal-edilecek\/"},"wordCount":164,"publisher":{"@id":"https:\/\/avrupapress.com\/#\/schema\/person\/0223dca19c72c43575bf30d1a2d8f4fa"},"image":{"@id":"https:\/\/avrupapress.com\/main\/2021\/12\/13\/belcikada-trafik-cezasini-odemeyenlerin-ehliyeti-iptal-edilecek\/#primaryimage"},"thumbnailUrl":"https:\/\/avrupapress.com\/main\/wp-content\/uploads\/2021\/12\/belcika_da_trafik_cezasini_odemeyenlerin_ehliyeti_iptal_edilecek_h516717_9ad3b.jpg","keywords":["Belcikada","ehliyeti iptal edilecek","trafik cezas\u0131n\u0131 \u00f6demeyenlerin"],"articleSection":["Avrupa","Bel\u00e7ika","D\u00fcnya","Ekonomi","K\u00fclt\u00fcr-Sanat","Tan\u0131t\u0131m","T\u00fcrkiye"],"inLanguage":"fr-BE"},{"@type":"WebPage","@id":"https:\/\/avrupapress.com\/main\/2021\/12\/13\/belcikada-trafik-cezasini-odemeyenlerin-ehliyeti-iptal-edilecek\/","url":"https:\/\/avrupapress.com\/main\/2021\/12\/13\/belcikada-trafik-cezasini-odemeyenlerin-ehliyeti-iptal-edilecek\/","name":"Bel\u00e7ika'da trafik cezas\u0131n\u0131 \u00f6demeyenlerin ehliyeti iptal edilecek - AvrupaPress","isPartOf":{"@id":"https:\/\/avrupapress.com\/#website"},"primaryImageOfPage":{"@id":"https:\/\/avrupapress.com\/main\/2021\/12\/13\/belcikada-trafik-cezasini-odemeyenlerin-ehliyeti-iptal-edilecek\/#primaryimage"},"image":{"@id":"https:\/\/avrupapress.com\/main\/2021\/12\/13\/belcikada-trafik-cezasini-odemeyenlerin-ehliyeti-iptal-edilecek\/#primaryimage"},"thumbnailUrl":"https:\/\/avrupapress.com\/main\/wp-content\/uploads\/2021\/12\/belcika_da_trafik_cezasini_odemeyenlerin_ehliyeti_iptal_edilecek_h516717_9ad3b.jpg","datePublished":"2021-12-13T19:38:11+00:00","dateModified":"2021-12-13T19:38:22+00:00","breadcrumb":{"@id":"https:\/\/avrupapress.com\/main\/2021\/12\/13\/belcikada-trafik-cezasini-odemeyenlerin-ehliyeti-iptal-edilecek\/#breadcrumb"},"inLanguage":"fr-BE","potentialAction":[{"@type":"ReadAction","target":["https:\/\/avrupapress.com\/main\/2021\/12\/13\/belcikada-trafik-cezasini-odemeyenlerin-ehliyeti-iptal-edilecek\/"]}]},{"@type":"ImageObject","inLanguage":"fr-BE","@id":"https:\/\/avrupapress.com\/main\/2021\/12\/13\/belcikada-trafik-cezasini-odemeyenlerin-ehliyeti-iptal-edilecek\/#primaryimage","url":"https:\/\/avrupapress.com\/main\/wp-content\/uploads\/2021\/12\/belcika_da_trafik_cezasini_odemeyenlerin_ehliyeti_iptal_edilecek_h516717_9ad3b.jpg","contentUrl":"https:\/\/avrupapress.com\/main\/wp-content\/uploads\/2021\/12\/belcika_da_trafik_cezasini_odemeyenlerin_ehliyeti_iptal_edilecek_h516717_9ad3b.jpg","width":637,"height":332},{"@type":"BreadcrumbList","@id":"https:\/\/avrupapress.com\/main\/2021\/12\/13\/belcikada-trafik-cezasini-odemeyenlerin-ehliyeti-iptal-edilecek\/#breadcrumb","itemListElement":[{"@type":"ListItem","position":1,"name":"Anasayfa","item":"https:\/\/avrupapress.com\/"},{"@type":"ListItem","position":2,"name":"Bel\u00e7ika&#8217;da trafik cezas\u0131n\u0131 \u00f6demeyenlerin ehliyeti iptal edilecek"}]},{"@type":"WebSite","@id":"https:\/\/avrupapress.com\/#website","url":"https:\/\/avrupapress.com\/","name":"AvrupaPress","description":"Haberin Adresi","publisher":{"@id":"https:\/\/avrupapress.com\/#\/schema\/person\/0223dca19c72c43575bf30d1a2d8f4fa"},"potentialAction":[{"@type":"SearchAction","target":{"@type":"EntryPoint","urlTemplate":"https:\/\/avrupapress.com\/?s={search_term_string}"},"query-input":{"@type":"PropertyValueSpecification","valueRequired":true,"valueName":"search_term_string"}}],"inLanguage":"fr-BE"},{"@type":["Person","Organization"],"@id":"https:\/\/avrupapress.com\/#\/schema\/person\/0223dca19c72c43575bf30d1a2d8f4fa","name":"Bilgin \u00d6z\u00e7ift\u00e7i","image":{"@type":"ImageObject","inLanguage":"fr-BE","@id":"https:\/\/avrupapress.com\/#\/schema\/person\/image\/","url":"https:\/\/secure.gravatar.com\/avatar\/0f23b280433a21e1ea7a0adcc46ed0ad16afe3ad8e630fd13d8a017dcbd54ef3?s=96&d=mm&r=g","contentUrl":"https:\/\/secure.gravatar.com\/avatar\/0f23b280433a21e1ea7a0adcc46ed0ad16afe3ad8e630fd13d8a017dcbd54ef3?s=96&d=mm&r=g","caption":"Bilgin \u00d6z\u00e7ift\u00e7i"},"logo":{"@id":"https:\/\/avrupapress.com\/#\/schema\/person\/image\/"},"description":"Ne ben, nede sen... Biz ancak \"biz\" olursak g\u00fc\u00e7l\u00fc olabiliriz"},{"@type":"Person","@id":"https:\/\/avrupapress.com\/#\/schema\/person\/68428444ec60970d1e1b700cf4ca1e8f","name":"Edit\u00f6r","image":{"@type":"ImageObject","inLanguage":"fr-BE","@id":"https:\/\/avrupapress.com\/#\/schema\/person\/image\/","url":"https:\/\/secure.gravatar.com\/avatar\/74996b0977aa5f1559ba9883776652508b229005c0d78fb2597897f0bd651c09?s=96&d=mm&r=g","contentUrl":"https:\/\/secure.gravatar.com\/avatar\/74996b0977aa5f1559ba9883776652508b229005c0d78fb2597897f0bd651c09?s=96&d=mm&r=g","caption":"Edit\u00f6r"},"sameAs":["http:\/\/www.avrupapress.com"],"url":"https:\/\/avrupapress.com\/main\/author\/editor\/"}]}},"_links":{"self":[{"href":"https:\/\/avrupapress.com\/main\/wp-json\/wp\/v2\/posts\/17137","targetHints":{"allow":["GET"]}}],"collection":[{"href":"https:\/\/avrupapress.com\/main\/wp-json\/wp\/v2\/posts"}],"about":[{"href":"https:\/\/avrupapress.com\/main\/wp-json\/wp\/v2\/types\/post"}],"author":[{"embeddable":true,"href":"https:\/\/avrupapress.com\/main\/wp-json\/wp\/v2\/users\/3"}],"replies":[{"embeddable":true,"href":"https:\/\/avrupapress.com\/main\/wp-json\/wp\/v2\/comments?post=17137"}],"version-history":[{"count":1,"href":"https:\/\/avrupapress.com\/main\/wp-json\/wp\/v2\/posts\/17137\/revisions"}],"predecessor-version":[{"id":17141,"href":"https:\/\/avrupapress.com\/main\/wp-json\/wp\/v2\/posts\/17137\/revisions\/17141"}],"wp:featuredmedia":[{"embeddable":true,"href":"https:\/\/avrupapress.com\/main\/wp-json\/wp\/v2\/media\/17140"}],"wp:attachment":[{"href":"https:\/\/avrupapress.com\/main\/wp-json\/wp\/v2\/media?parent=17137"}],"wp:term":[{"taxonomy":"category","embeddable":true,"href":"https:\/\/avrupapress.com\/main\/wp-json\/wp\/v2\/categories?post=17137"},{"taxonomy":"post_tag","embeddable":true,"href":"https:\/\/avrupapress.com\/main\/wp-json\/wp\/v2\/tags?post=17137"}],"curies":[{"name":"wp","href":"https:\/\/api.w.org\/{rel}","templated":true}]}}