{"id":15975,"date":"2021-07-01T21:59:45","date_gmt":"2021-07-01T21:59:45","guid":{"rendered":"https:\/\/avrupapress.com\/main\/?p=15975"},"modified":"2021-07-01T21:59:57","modified_gmt":"2021-07-01T21:59:57","slug":"ciftlik-bank-kurucusu-tosuncuk-mehmet-aydin-teslim-oldu","status":"publish","type":"post","link":"https:\/\/avrupapress.com\/main\/2021\/07\/01\/ciftlik-bank-kurucusu-tosuncuk-mehmet-aydin-teslim-oldu\/","title":{"rendered":"\u00c7iftlik Bank kurucusu &lsquo;Tosuncuk&rsquo; Mehmet Ayd\u0131n teslim oldu!.."},"content":{"rendered":"<h2 class=\"rhd-article-spot\">Kurucusu oldu\u011fu \u00c7iftlik Bank \u00fczerinden binlerce ki\u015fiyi doland\u0131rd\u0131ktan sonra yurt d\u0131\u015f\u0131na ka\u00e7an ve k\u0131rm\u0131z\u0131 b\u00fcltenle aranan \u2019Tosuncuk\u2019 lakapl\u0131 Mehmet Ayd\u0131n, Brezilya&rsquo;n\u0131n Sao Paulo kentinde teslim oldu. Mehmet Ayd\u0131n&rsquo;\u0131n avukat\u0131 \u015eehmus Ulu\u00e7 gerekli a\u00e7\u0131klamay\u0131 kendisinin yapaca\u011f\u0131n\u0131 s\u00f6yledi. Ayd\u0131n&rsquo;\u0131n iadesi i\u00e7in i\u015flemlere ba\u015fland\u0131\u011f\u0131 \u00f6n\u00fcm\u00fczdeki g\u00fcnlerde T\u00fcrkiye&rsquo;ye getirilece\u011fi \u00f6\u011frenildi.<\/h2>\n<div class=\"sticky-button\"><\/div>\n<div>\n<p>Kurdu\u011fu &lsquo;<a class=\"inline-keyword\" href=\"https:\/\/www.hurriyet.com.tr\/haberleri\/ciftlik-bank\" target=\"_blank\" rel=\"noopener\">\u00c7iftlik Bank<\/a>&lsquo; ile 2018 y\u0131l\u0131nda, 132 bin 222 ki\u015fiden 1 milyar 139 milyon lira toplayarak, yurt d\u0131\u015f\u0131na ka\u00e7an ve k\u0131rm\u0131z\u0131 b\u00fcltenle aranan, &lsquo;Tosuncuk&rsquo; lakapl\u0131\u00a0<a class=\"inline-keyword\" href=\"https:\/\/www.hurriyet.com.tr\/haberleri\/mehmet-aydin\" target=\"_blank\" rel=\"noopener\">Mehmet Ayd\u0131n<\/a>, d\u00fcn gece\u00a0<a class=\"inline-keyword\" href=\"https:\/\/www.hurriyet.com.tr\/haberleri\/brezilya\" target=\"_blank\" rel=\"noopener\">Brezilya<\/a>&lsquo;da Sao Paulo Ba\u015fkonsoloslu\u011fu&rsquo;na teslim oldu.<\/p>\n<p>&nbsp;<\/p>\n<figure class=\"rhd-article-news-img-wrapper\">\n<div class=\"rhd-relative-container\">\n<div class=\"rhd-article-news-img-link\" data-origin-url=\"https:\/\/i4.hurimg.com\/i\/hurriyet\/75\/0x0\/60dd69a54e3fe10194a60fde\">\n<p><img decoding=\"async\" class=\"lazy-loaded\" src=\"https:\/\/i4.hurimg.com\/i\/hurriyet\/75\/770x0\/60dd69a54e3fe10194a60fde\" alt=\"Son dakika: \u00c7iftlik Bank kurucusu Tosuncuk Mehmet Ayd\u0131n teslim oldu.. Avukat\u0131ndan a\u00e7\u0131klama...\" width=\"770\" height=\"100%\" data-src=\"https:\/\/i4.hurimg.com\/i\/hurriyet\/75\/770x0\/60dd69a54e3fe10194a60fde\" data-inline-image=\"true\" \/><\/p>\n<div class=\"rhd-badge-photo-indicator\"><\/div>\n<\/div>\n<\/div><figcaption class=\"rhd-article-news-img-caption\"><\/figcaption><\/figure>\n<p>&nbsp;<\/p>\n<p>D\u00fcn yay\u0131nlad\u0131\u011f\u0131 video ile T\u00fcrk yarg\u0131s\u0131na teslim olaca\u011f\u0131n\u0131 duyuran Ayd\u0131n, \u00ab\u00a0Ben Mehmet Ayd\u0131n. Bilindi\u011fi gibi &lsquo;\u00c7iftlik Bank&rsquo;\u0131n kurucusu ve mucidiyim. Bu projeye ba\u015flarken hedefim oyun platformumuzu kullanan ki\u015filerin hem oyun oynamalar\u0131 hem de \u015firketimizin reklam b\u00fct\u00e7esi i\u00e7in ay\u0131rd\u0131\u011f\u0131 paradan faydalanmalar\u0131, ek bir gelir elde etmelerini sa\u011flamakt\u0131.<\/p>\n<p>Hi\u00e7bir zaman kimseyi zarara u\u011fratmak veya doland\u0131rmak \u015feklinde d\u00fc\u015f\u00fcncem ve giri\u015fimim olmad\u0131. Kurmu\u015f oldu\u011fumuz oyun platformu sizler taraf\u0131ndan sevildi ve benimsendi. Biz de sizden ald\u0131\u011f\u0131m\u0131z g\u00fc\u00e7 ile T\u00fcrkiye&rsquo;nin 81 ilinde bayilikler, et, s\u00fct, bal ve yumurta tesisleri yat\u0131r\u0131mlar\u0131 yapt\u0131k ancak gelinen son s\u00fcre\u00e7te \u015firketin \u00e7ok fazla b\u00fcy\u00fcmesi, etraf\u0131ndaki k\u00f6t\u00fc niyetli insanlar\u0131n haks\u0131z kazan\u00e7lar elde etmesi ve etmeye \u00e7al\u0131\u015fmalar\u0131n\u0131, \u015firketin b\u00fcy\u00fckl\u00fc\u011f\u00fc nedeniyle ge\u00e7 fark etti\u011fimden sizler gibi ben de ma\u011fdur oldum.<\/p>\n<div class=\"cf\">\n<div id=\"taboola-mid-article-thumbnails_hurriyet-1\" class=\" trc_related_container trc_spotlight_widget trc_elastic trc_elastic_thumbnails-mid-a \" data-placement-name=\"Mid Article Thumbnails_hurriyet-1\">\n<div class=\"trc_rbox_container\">\n<div>\n<div id=\"trc_wrapper_38278\" class=\"trc_rbox thumbnails-mid-a trc-content-sponsored \">\n<div id=\"outer_38278\" class=\"trc_rbox_outer\">\n<div id=\"rbox-t2m\" class=\"trc_rbox_div trc_rbox_border_elm\">\n<div id=\"internal_trc_38278\">\n<div class=\"videoCube trc_spotlight_item origin-default thumbnail_top syndicatedItem textItem videoCube_1_child trc-first-recommendation trc-spotlight-first-recommendation \" data-item-id=\"~~V1~~-8381825835220059765~~nVdW8Ryk0wSH4RTFm6Hi8iPmaWMO8LOJg4wh4VX8d_zKcEmzDXKJmucHeh0rdg88yJJj2Y9IvIvX41ukQVvEgYOPkFsMIxvV6eXSg8Rmig_dWzqRqY23ZXYP-RDeMmfY5IYbKfQX9_pExq9DjUhPJb6iegRGxb2qEIoeC6fSV6t7L6JMq182QSn7bUJHn_5Ewu-ikfsSH9GjRhGQH774VWu7SoY_U2SKpLou7UZ_nB-UVdse25K2yWxgHVBTNAKGqUzk7mPmxVmOM-8dI8kPHV-0H7h_20rtOMT6WYCrx67m66Gy2jYMnp0UJ1xe7aoNUnvNkkmLmRnkdl2QwWhdQzHCEbvtZt50iErESs2vH964zitXjzsQk8vaWbUoXXBOIR7oJuaB6xfiJvK2u4Pa27Xynl9XfI-Mcam7HMNWCcfz-I9Bc7xjlBCL7Ajk-1cTuzYzEXXFIN3mTFJu1fRVD0TgRnDjFGI4C0OVsnEWnlp9v4JL_X2ay8yNm9_9zoQwa5tg8oAyIQhAWh1MKgXkcNtcQ05t05lsEGrcrDdxDbhq-BAXhe9G5tZGC4zP4vMB3TCBDBXqSdOfchloVKhn2HER3ruh6YMyslnu8BNBeHYdXIIpryXSCqs1LvUf0Xi20Jnryy0KwoNbt8e7pAylwhgJ12NCyLwNSJ3qFAKIsYMDqRoGJilWAa9XeAZc6_Fwz6ha8tE1EbXJ7Zxpi5bp9EptgtRfft-MXeYZW8Zn_iwnxyjVJcisAjGj2Qq2QcZIw5eyUpKLynJhZxzd8kHq0Jh61DB3hi2N0_hqerGo_go-zfPTx2PTkaJ3e2MUnSc95SmGPHIKnT-qAVMHQ4SYAVg_xKOxrNhPmGwVy3kJLaRT6rmCkcWdWE3NBa964sPrIstFxFGAxu3MP0Pw6WMz0BLnaEy5eBXr58O60hI157O9flsWNJspIa5xDkhxqo2j-7MpCmfruCdg5wAqH2je1gl331O3_0Y6sd0Oy3fl52sw-DMG1UbZEqMtM-ZFjSkfoYWebiReKimud4B-a3jCvmMtU3Dap09i3oj8cS43GNGXoMUjze5qPk7qVC3obe9JJ1lLkfJaXHE4RKuJiZ2eDQ\" data-item-title=\"Meli\u00e1 Jardines del Teide\" data-item-thumb=\"https:\/\/pix.eu.criteo.net\/img\/img?cq=256&amp;h=400&amp;m=0&amp;partner=56411&amp;q=80&amp;r=2&amp;u=https%3A%2F%2Fads1.melia.com%2Fdam%2Fjcr%3A8b70be07-280e-4a83-983d-8ee734070581%2FMelia_Jardines_Del_Teide_1BIG_%28800X800%29.jpg&amp;ups=1&amp;v=3&amp;w=400&amp;s=9iXjONUnWCpiKRJrdqh4u-I3\" data-item-syndicated=\"true\">\n<div class=\"thumbBlock_holder\">\n<div class=\"videoCube_aspect\"><\/div>\n<\/div>\n<p><a class=\"item-label-href video-cta-style non-feed-cta-item\" title=\"Meli\u00e1 Jardines del Teide\" href=\"https:\/\/cat.nl.eu.criteo.com\/delivery\/ckn.php?cppv=3&amp;cpp=FZhdfw1yC8kx90TL6POs7415EYJ96GMGw6PdvtIPVUNyWIjAJc01dSWVwVofLU3iVtUhJPHO7769Ilm8BEo4mXYIr_hYG0qH3-F9Gig4Dbpp3po1xYfel4RHCZh_zn-yClEa0eP8O9bVUZvVONbRMWtRWWfbT1xno6wu7XpvcwPYzaRgd1CeMnjr_d7lnODE4sy2uZJtyAp0G5NBwOcoX7gwnDIpw28xhDFP1O3LY7h3LnPucSGO1mRgN5L7Oj_osNVH7R5-Olze284DlRCD7rbcjfGgbPzQ9xx6HsekQSxIoBCNyrECYS7IERXmp-WUEe8K5P3IRLG9LQfqxPJBL0Bo3aC_-fJgqSbRaeqzrur3A3OkHlo4Y0eeCs7DPoSX8egwNkpX_gp-SP7B4KWYN2Eq2jmtGH1zKH_IDjLmnZN_XhyU&amp;maxdest=https%3A%2F%2Fa1.adform.net%2FC%2F%3Fbn%3D47130841%3Burlappend%3Dhttps%3A%2F%2Fmm.melia.com%2Fdynclick%2Fmelia-com%2F%3Fead-publisher%3Dcriteo%26ead-name%3Ddisplay-3_EMEA_C_WonderWeek_OthersEMEA_p-criteo%26ead-location%3D0x0%26ead-creative%3Dwonderweek--c-mr-mr-en-%26ead-creativetype%3D0x0-da%26eseg-name%3Dcampaign%26eseg-item%3Dwonderweek%26ead-mediaplan%3DOthersEMEA-Prospecting%26eurl%3Dhttps%3A%2F%2Fwww.melia.com%2Fen%2Fhotels%2Fspain%2Ftenerife%2Fmelia-jardines-del-teide%2Findex.htm%3Futm_medium%3D279317%26utm_source%3D288669%26utm_campaign%3D3_EMEA_C_WonderWeek_OthersEMEA%26utm_term%3D0x0_da%26utm_content%3Dwonderweek-c-mr-mr-en-&amp;tblci=GiBBC19yCjO9rEfER052CYLHJSWX9PmeSq_dY_wyBEGeLiDwjE4ooOjMsKqskPEU#tblciGiBBC19yCjO9rEfER052CYLHJSWX9PmeSq_dY_wyBEGeLiDwjE4ooOjMsKqskPEU\" target=\"_blank\" rel=\"nofollow noopener sponsored\"><span class=\"video-label-box trc-main-label video-label-box-cta video-label-box-cta-non-ie\"><span class=\"video-label video-title trc_ellipsis video-label-flex-cta-item trc_ellipsis \">Meli\u00e1 Jardines del Teide<\/span><span class=\"video-branding-flex-cta-rating trc_ellipsis \"><span class=\"video-branding-flex-cta-price-wrapper\">Vanaf \u20ac125<\/span><\/span><span class=\"branding video-branding-flex-cta-item video-branding-flex-cta-item-no-stream trc_ellipsis \">Melia<\/span><\/span><\/a><a class=\"video-cta-href\" href=\"https:\/\/trc.taboola.com\/demiroren-hurriyet\/log\/3\/click?pi=%2Fekonomi%2Fson-dakika-ciftlik-bank-kurucusu-tosuncuk-mehmet-aydin-teslim-oldu-41843740&amp;ri=ca102b1a48727b771ebccdae2c1e6a63&amp;sd=v2_5ba1273a6720c44a398e0284889a168b_44bc5e8a-4f9a-4539-b2ad-25fc98a1a4db-tuct2b7f619_1625176547_1625176547_CIi3jgYQyotHGOLoyKCmLyABKAMwFjjqxgdA34YQSNPs2QNQ____________AVgAYLQDaJXx58bh4euCXw&amp;ui=44bc5e8a-4f9a-4539-b2ad-25fc98a1a4db-tuct2b7f619&amp;it=text&amp;ii=~~V1~~-8381825835220059765~~nVdW8Ryk0wSH4RTFm6Hi8iPmaWMO8LOJg4wh4VX8d_zKcEmzDXKJmucHeh0rdg88yJJj2Y9IvIvX41ukQVvEgYOPkFsMIxvV6eXSg8Rmig_dWzqRqY23ZXYP-RDeMmfY5IYbKfQX9_pExq9DjUhPJb6iegRGxb2qEIoeC6fSV6t7L6JMq182QSn7bUJHn_5Ewu-ikfsSH9GjRhGQH774VWu7SoY_U2SKpLou7UZ_nB-UVdse25K2yWxgHVBTNAKGqUzk7mPmxVmOM-8dI8kPHV-0H7h_20rtOMT6WYCrx67m66Gy2jYMnp0UJ1xe7aoNUnvNkkmLmRnkdl2QwWhdQzHCEbvtZt50iErESs2vH964zitXjzsQk8vaWbUoXXBOIR7oJuaB6xfiJvK2u4Pa27Xynl9XfI-Mcam7HMNWCcfz-I9Bc7xjlBCL7Ajk-1cTuzYzEXXFIN3mTFJu1fRVD0TgRnDjFGI4C0OVsnEWnlp9v4JL_X2ay8yNm9_9zoQwa5tg8oAyIQhAWh1MKgXkcNtcQ05t05lsEGrcrDdxDbhq-BAXhe9G5tZGC4zP4vMB3TCBDBXqSdOfchloVKhn2HER3ruh6YMyslnu8BNBeHYdXIIpryXSCqs1LvUf0Xi20Jnryy0KwoNbt8e7pAylwhgJ12NCyLwNSJ3qFAKIsYMDqRoGJilWAa9XeAZc6_Fwz6ha8tE1EbXJ7Zxpi5bp9EptgtRfft-MXeYZW8Zn_iwnxyjVJcisAjGj2Qq2QcZIw5eyUpKLynJhZxzd8kHq0Jh61DB3hi2N0_hqerGo_go-zfPTx2PTkaJ3e2MUnSc95SmGPHIKnT-qAVMHQ4SYAVg_xKOxrNhPmGwVy3kJLaRT6rmCkcWdWE3NBa964sPrIstFxFGAxu3MP0Pw6WMz0BLnaEy5eBXr58O60hI157O9flsWNJspIa5xDkhxqo2j-7MpCmfruCdg5wAqH2je1gl331O3_0Y6sd0Oy3fl52sw-DMG1UbZEqMtM-ZFjSkfoYWebiReKimud4B-a3jCvmMtU3Dap09i3oj8cS43GNGXoMUjze5qPk7qVC3obe9JJ1lLkfJaXHE4RKuJiZ2eDQ&amp;pt=text&amp;li=rbox-t2m&amp;sig=1616ecbc42f84b95f98a9cddccb9982f9305db5ecfc0&amp;redir=https%3A%2F%2Fcat.nl.eu.criteo.com%2Fdelivery%2Fckn.php%3Fcppv%3D3%26cpp%3DFZhdfw1yC8kx90TL6POs7415EYJ96GMGw6PdvtIPVUNyWIjAJc01dSWVwVofLU3iVtUhJPHO7769Ilm8BEo4mXYIr_hYG0qH3-F9Gig4Dbpp3po1xYfel4RHCZh_zn-yClEa0eP8O9bVUZvVONbRMWtRWWfbT1xno6wu7XpvcwPYzaRgd1CeMnjr_d7lnODE4sy2uZJtyAp0G5NBwOcoX7gwnDIpw28xhDFP1O3LY7h3LnPucSGO1mRgN5L7Oj_osNVH7R5-Olze284DlRCD7rbcjfGgbPzQ9xx6HsekQSxIoBCNyrECYS7IERXmp-WUEe8K5P3IRLG9LQfqxPJBL0Bo3aC_-fJgqSbRaeqzrur3A3OkHlo4Y0eeCs7DPoSX8egwNkpX_gp-SP7B4KWYN2Eq2jmtGH1zKH_IDjLmnZN_XhyU%26maxdest%3Dhttps%253A%252F%252Fa1.adform.net%252FC%252F%253Fbn%253D47130841%253Burlappend%253Dhttps%253A%252F%252Fmm.melia.com%252Fdynclick%252Fmelia-com%252F%253Fead-publisher%253Dcriteo%2526ead-name%253Ddisplay-3_EMEA_C_WonderWeek_OthersEMEA_p-criteo%2526ead-location%253D0x0%2526ead-creative%253Dwonderweek--c-mr-mr-en-%2526ead-creativetype%253D0x0-da%2526eseg-name%253Dcampaign%2526eseg-item%253Dwonderweek%2526ead-mediaplan%253DOthersEMEA-Prospecting%2526eurl%253Dhttps%253A%252F%252Fwww.melia.com%252Fen%252Fhotels%252Fspain%252Ftenerife%252Fmelia-jardines-del-teide%252Findex.htm%253Futm_medium%253D279317%2526utm_source%253D288669%2526utm_campaign%253D3_EMEA_C_WonderWeek_OthersEMEA%2526utm_term%253D0x0_da%2526utm_content%253Dwonderweek-c-mr-mr-en-%26tblci%3DGiBBC19yCjO9rEfER052CYLHJSWX9PmeSq_dY_wyBEGeLiDwjE4ooOjMsKqskPEU%23tblciGiBBC19yCjO9rEfER052CYLHJSWX9PmeSq_dY_wyBEGeLiDwjE4ooOjMsKqskPEU&amp;vi=1625176552546&amp;p=criteortb-global&amp;r=2&amp;tvi2=3127&amp;lti=newLogger_run_var&amp;ppb=CPcF&amp;cpb=EmkyMDIxMDYxNC04X2IyLVBSLTM2NTY5LURFVi05MTY2MC1yYm94LWxvZ2dpbmctYWRkLWxvZ2dlcnBhZ2VpZC10by1hbGwtZGVidWctbWVzc2FnZXMtNGM3ZmE0NDM1YWItU05BUFNIT1QY5JfV0wYgACoWdGFib29sYXN5bmRpY2F0aW9uLmNvbTIId2F0ZXIwNTk4gKakpw1A6sYHSN-GEFDT7NkDWP___________wFjCJkRELcYGAJkYwjXFhDVHxgjZGMIvBcQ6iAYJGRjCNwKEKAQGBZkYwioHxDoKhgHZGMIlhQQmxwYGGRjCNIDEOAGGAhkYwi1FBDDHBgJZGMI5___________ARDn__________8BGBlkYwjyHhCqKhgKZGMI9f__________ARD1__________8BGAtkYwj0FBCeHRgfZHgBgAECiAGMlfubAQ&amp;cta=true\" target=\"_blank\" rel=\"noopener\"><button class=\"video-cta-button video-cta-style\" type=\"button\">BOEK NU &amp;Gt;<\/button><\/a><\/p>\n<div class=\" trc_user_adChoice_btn \" title=\"Why do I see this item?\"><\/div>\n<\/div>\n<div class=\"videoCube trc_spotlight_item origin-default thumbnail_top syndicatedItem textItem videoCube_2_child trc_excludable \" data-item-id=\"~~V1~~9208719605426022852~~Wcz0OGMJiJUodn3MLkMqBpnmwShP_ITIRslDFEu1tmHTxvAnL2wqac4MyzR7uD46gj3kUkbS3FhelBtnsiJV6MhkDZRZzzIqDobN6rWmCPA3hYz5D3PLat6nhIftiT1lwdxwdlxkeV_Mfb3eos_TQfiXMIvRVg0Kci0PljXo9pC3PSclpJzFlGZT07RppWdgKzJy8RXxXMDVkpc59BlaxetsgbSPMEJ3oNHT0mnmIWWNNhLNxan-Aq-t3JXUf9HHSpSX2v6KX_Nn_h-pXfP-Tg\" data-item-title=\"Getting a Master&amp;#39;s Degree in Germany May Be Easier Than You Think\" data-item-thumb=\"http:\/\/cdn.taboola.com\/libtrc\/static\/thumbnails\/a57d1bba40cf46d0d9fb4ad0fa83c7af.jpg\" data-item-syndicated=\"true\">\n<div class=\"thumbBlock_holder\">\n<div class=\"videoCube_aspect\"><\/div>\n<\/div>\n<p><a class=\" item-label-href \" title=\"Getting a Master's Degree in Germany May Be Easier Than You Think\" href=\"https:\/\/a-snag-intl-masters-in-germany.zone\/?sub_id=taboola_37090_System1_MastersinGermany2_all_World_demiroren-hurriyet&amp;ref=taboola_demiroren-hurriyet&amp;tbid=1347214&amp;tbclick=S1Click&amp;rskey=Getting+a+Master%27s+Degree+in+Germany+May+Be+Easier+Than+You+Think&amp;tblci=GiBBC19yCjO9rEfER052CYLHJSWX9PmeSq_dY_wyBEGeLiD7nlIo0_fTh9PW7rnPAQ#tblciGiBBC19yCjO9rEfER052CYLHJSWX9PmeSq_dY_wyBEGeLiD7nlIo0_fTh9PW7rnPAQ\" target=\"_blank\" rel=\"nofollow noopener sponsored\"><span class=\"video-label-box trc-main-label \"><span class=\"video-label video-title trc_ellipsis \">Getting a Master&rsquo;s Degree in Germany May Be Easier Than You Think<\/span><span class=\"branding\">Masters in Germany | Search Ads<\/span><\/span><\/a><\/p>\n<div class=\" trc_user_exclude_btn \" title=\"Bunu kaldir\"><\/div>\n<div class=\" trc_exclude_overlay trc_fade \"><\/div>\n<div class=\" trc_undo_btn \"><\/div>\n<\/div>\n<\/div>\n<\/div>\n<\/div>\n<div class=\"trc-widget-footer\">\n<div class=\"logoDiv link-adc \"><a class=\"trc_desktop_adc_link trc_attribution_position_bottom\" href=\"https:\/\/popup.taboola.com\/tr\/?template=colorbox&amp;utm_source=demiroren-hurriyet&amp;utm_medium=referral&amp;utm_content=thumbnails-mid-a:Mid%20Article%20Thumbnails_hurriyet-1:\" target=\"_blank\" rel=\"nofollow sponsored noopener\"><span class=\"trc_adc_wrapper\">\u00a0<\/span><span class=\"trc_logos_v_align\">\u00a0<\/span><\/a><\/div>\n<div class=\"logoDiv link-attribution \"><a class=\"trc_desktop_attribution_link trc_attribution_position_bottom\" href=\"https:\/\/popup.taboola.com\/tr\/?template=colorbox&amp;utm_source=demiroren-hurriyet&amp;utm_medium=referral&amp;utm_content=thumbnails-mid-a:Mid%20Article%20Thumbnails_hurriyet-1:\" target=\"_blank\" rel=\"nofollow sponsored noopener\">by Taboola<span class=\"trc_logos_v_align\">\u00a0<\/span><\/a><\/div>\n<\/div>\n<div class=\"trc_clearer\"><\/div>\n<\/div>\n<\/div>\n<\/div>\n<\/div>\n<\/div>\n<p>Ma\u011fduriyetleri gidermek ad\u0131na yurt d\u0131\u015f\u0131nda bulundu\u011fum s\u00fcre boyunca elimden geleni yapt\u0131m ancak hakk\u0131mda a\u00e7\u0131lan soru\u015fturma, kovu\u015fturma ve yakalama kararlar\u0131 nedeniyle bir netice elde edemedim. Su\u00e7suzlu\u011fumu ve ma\u011fduriyetimi kan\u0131tlamak i\u00e7in kendi h\u00fcr irademle T\u00fcrk yarg\u0131s\u0131na teslim olaca\u011f\u0131m. Bu noktada T\u00fcrk yarg\u0131s\u0131na verece\u011fi kararda ve ger\u00e7e\u011fi bulaca\u011f\u0131m\u0131za hi\u00e7 \u015f\u00fcphem yoktur\u00a0\u00bb demi\u015fti.<\/p>\n<p><strong>INTERPOL&rsquo;\u00dcN &lsquo;EN \u00c7OK ARANANLAR&rsquo; L\u0130STES\u0130NDE<\/strong><\/p>\n<p>&lsquo;\u00c7iftlik Bank&rsquo;\u0131n kurucusu Mehmet Ayd\u0131n, Interpol&rsquo;\u00fcn &lsquo;en \u00e7ok arananlar&rsquo; listesindeydi. Interpol&rsquo;\u00fcn sayfas\u0131nda yer alan bilgilere g\u00f6re Ayd\u0131n, &lsquo;elektronik ortamda \u00f6deme sistemleri arac\u0131l\u0131\u011f\u0131yla h\u0131rs\u0131zl\u0131k yapma&rsquo;, &lsquo;kooperatif kurarak insanlar\u0131 aldatma&rsquo;, &lsquo;su\u00e7unu finans etmek i\u00e7in organizasyon kurma&rsquo;, &lsquo;taahh\u00fct vererek toplanan varl\u0131klar\u0131 aklama&rsquo; ve &lsquo;vergi yasan\u0131n ihlali&rsquo; su\u00e7lamas\u0131yla aran\u0131yordu.<\/p>\n<p><strong>77 B\u0130N 843 K\u0130\u015e\u0130DEN 511 M\u0130LYON TL TOPLANDI<\/strong><\/p>\n<div class=\"cf\">\n<div id=\"\/9927946\/hurriyet\/ekonomi\/body_300x250_2\" class=\"adRenderer dfp \"><\/div>\n<div id=\"\/9927946\/hurriyet\/ekonomi\/body_300x250_2a\" class=\"adRenderer dfp \"><\/div>\n<div id=\"\/9927946\/hurriyet_mobilsite\/ekonomi\/haberici_300x250_2\" class=\"adRenderer dfp \"><\/div>\n<\/div>\n<p>&lsquo;\u00c7iftlik Bank&rsquo;, ilk kuruldu\u011funda oyun platformu olarak hizmet verdi daha sonra y\u00fcz binlerce kullan\u0131c\u0131s\u0131 olan yat\u0131r\u0131m haline d\u00f6n\u00fc\u015ft\u00fc. Kullan\u0131c\u0131lar, yat\u0131rd\u0131klar\u0131 paralar ile \u00e7e\u015fitli hayvanlar sat\u0131n ald\u0131.<\/p>\n<p>Yat\u0131rd\u0131klar\u0131n\u0131n daha fazlas\u0131n\u0131 alma umuduyla para yat\u0131ran 77 bin 843 ki\u015fi, yat\u0131rd\u0131\u011f\u0131 paray\u0131 bile geri alamay\u0131nca doland\u0131r\u0131ld\u0131\u011f\u0131n\u0131 anlad\u0131.<\/p>\n<p>Sermaye Piyasas\u0131 Kurulu&rsquo;nun raporuna g\u00f6re, 77 bin 843 ki\u015fiden 511 milyon TL topland\u0131. 62 bin 877 ki\u015fiye 393,3 milyon TL \u00f6deme yap\u0131ld\u0131.<\/p>\n<p>Kalan para ise Kuzey K\u0131br\u0131s T\u00fcrk Cumhuriyeti&rsquo;ne (KKTC) ve &lsquo;\u00c7iftlik Bank&rsquo; CEO&rsquo;su Mehmet Ayd\u0131n ile e\u015finin hesab\u0131na aktar\u0131ld\u0131.<\/p>\n<div class=\"cf\">\n<div id=\"\/9927946\/hurriyet\/ekonomi\/body_300x250_3\" class=\"adRenderer dfp \"><\/div>\n<div id=\"\/9927946\/hurriyet\/ekonomi\/body_300x250_3a\" class=\"adRenderer dfp \"><\/div>\n<div id=\"\/9927946\/hurriyet_mobilsite\/ekonomi\/haberici_300x250_3\" class=\"adRenderer dfp \"><\/div>\n<\/div>\n<p><strong>AVUKATI KONU\u015eTU: A\u00c7IKLAMAYI KEND\u0130S\u0130 YAPACAK<\/strong><\/p>\n<p>\u2019Tosuncuk\u2019 lakapl\u0131 Mehmet Ayd\u0131n\u0131n avukat\u0131 \u015eehmus Ulu\u00e7, \u00ab\u00a0M\u00fcvekkilim Mehmet Ayd\u0131n kendi h\u00fcr iradesiyle teslim olmu\u015ftur. Gerekli bas\u0131n a\u00e7\u0131klamas\u0131n\u0131 kendisi yapacakt\u0131r. Avukatl\u0131k s\u00fcrecini de biz takip edece\u011fiz\u00a0\u00bb dedi.<\/p>\n<p>&nbsp;<\/p>\n<figure class=\"rhd-article-news-img-wrapper\">\n<div class=\"rhd-relative-container\">\n<div class=\"rhd-article-news-img-link\" data-origin-url=\"https:\/\/i4.hurimg.com\/i\/hurriyet\/75\/0x0\/60dd865d4e3fe10194a61349\">\n<p><img decoding=\"async\" class=\"lazy-loaded\" src=\"https:\/\/i4.hurimg.com\/i\/hurriyet\/75\/770x0\/60dd865d4e3fe10194a61349\" alt=\"Son dakika: \u00c7iftlik Bank kurucusu Tosuncuk Mehmet Ayd\u0131n teslim oldu.. Avukat\u0131ndan a\u00e7\u0131klama...\" width=\"770\" height=\"100%\" data-src=\"https:\/\/i4.hurimg.com\/i\/hurriyet\/75\/770x0\/60dd865d4e3fe10194a61349\" data-inline-image=\"true\" \/><\/p>\n<div class=\"rhd-badge-photo-indicator\"><\/div>\n<\/div>\n<\/div><figcaption class=\"rhd-article-news-img-caption\"><\/figcaption><\/figure>\n<p>\u00c7iftlik Bank kurucusu Mehmet Ayd\u0131n, d\u00fcn \u00e7ekti\u011fi bir videoyu avukatlar\u0131 arac\u0131l\u0131\u011f\u0131yla kamuoyuyla payla\u015ft\u0131. Videoda kendisinin de ma\u011fdur oldu\u011funu s\u00f6yleyen Ayd\u0131n, \u00ab\u00a0Bu projeye ba\u015flarken hedefim oyun platformumuzu kullanan ki\u015filerin hem oyun oynamalar\u0131 hem de \u015firketimizin reklam b\u00fct\u00e7esi i\u00e7in ay\u0131rd\u0131\u011f\u0131 paradan faydalanmalar\u0131, ek bir gelir elde etmelerini sa\u011flamakt\u0131. Hi\u00e7bir zaman kimseyi zarara u\u011fratmak veya doland\u0131rma giri\u015fimim olmad\u0131. Kurmu\u015f oldu\u011fumuz oyun platformu sizler taraf\u0131ndan sevildi. Biz de sizden ald\u0131\u011f\u0131m\u0131z g\u00fc\u00e7 ile 81 ilde bayilikler, et, s\u00fct, bal ve yumurta tesisi yat\u0131r\u0131mlar\u0131 yapt\u0131k. Ancak gelinen son noktada, \u015firketin \u00e7ok fazla b\u00fcy\u00fcmesi, etraf\u0131mdaki k\u00f6t\u00fc niyetli ki\u015filerin haks\u0131z kazan\u00e7 elde etmesi ve etmeye \u00e7al\u0131\u015fmalar\u0131n\u0131 \u015firketin b\u00fcy\u00fckl\u00fc\u011f\u00fc nedeniyle ge\u00e7 fark etti\u011fimden sizler gibi bende ma\u011fdur oldum. Ma\u011fduriyetleri gidermek ad\u0131na yurt d\u0131\u015f\u0131nda bulundu\u011fum s\u00fcre boyunca elimden geleni yapt\u0131m. Ancak hakk\u0131mda a\u00e7\u0131lan soru\u015fturma ve yakalama kararlar\u0131 nedeniyle bir netice elde edemedim. Su\u00e7suzlu\u011fumuz ve ma\u011fduriyetimi kan\u0131tlamak i\u00e7in kendi h\u00fcr irademle T\u00fcrk yarg\u0131s\u0131na teslim olaca\u011f\u0131m. T\u00fcrk yarg\u0131s\u0131n\u0131n en do\u011fru karar\u0131 verece\u011finden hi\u00e7 \u015f\u00fcphem yoktur. Allah\u2019a emanet olun. G\u00f6r\u00fc\u015fmek \u00fczere\u00a0\u00bb ifadelerini kulland\u0131.<\/p>\n<p>Ayd\u0131n, a\u00e7\u0131klamas\u0131n\u0131n ard\u0131ndan T\u00fcrkiye saatiyle saat 03.00 s\u0131ralar\u0131nda Brezilya&rsquo;da T\u00fcrk Konsoloslu\u011fu&rsquo;na giderek teslim oldu. \u0130adesi i\u00e7in i\u015flemlere ba\u015flanan Ayd\u0131n&rsquo;\u0131n \u00f6n\u00fcm\u00fczdeki g\u00fcnlerde T\u00fcrkiye&rsquo;ye getirilmesi bekleniyor.<\/p>\n<p>Ayd\u0131n\u0131n avukat\u0131 \u015eehmus Ulu\u00e7, M\u00fcvekkilim Mehmet Ayd\u0131n kendi h\u00fcr iradesiyle teslim olmu\u015ftur. Gerekli bas\u0131n a\u00e7\u0131klamas\u0131n\u0131 kendisi yapacakt\u0131r. Avukatl\u0131k s\u00fcrecini de biz takip edece\u011fiz diye konu\u015ftu.<\/p>\n<\/div>\n","protected":false},"excerpt":{"rendered":"<p>Kurucusu oldu\u011fu \u00c7iftlik Bank \u00fczerinden binlerce ki\u015fiyi doland\u0131rd\u0131ktan sonra yurt d\u0131\u015f\u0131na ka\u00e7an ve k\u0131rm\u0131z\u0131 b\u00fcltenle aranan \u2019Tosuncuk\u2019 lakapl\u0131 Mehmet Ayd\u0131n, Brezilya&rsquo;n\u0131n Sao Paulo kentinde teslim oldu. Mehmet Ayd\u0131n&rsquo;\u0131n avukat\u0131 \u015eehmus Ulu\u00e7 gerekli a\u00e7\u0131klamay\u0131 kendisinin yapaca\u011f\u0131n\u0131 s\u00f6yledi. Ayd\u0131n&rsquo;\u0131n iadesi i\u00e7in i\u015flemlere ba\u015fland\u0131\u011f\u0131 \u00f6n\u00fcm\u00fczdeki g\u00fcnlerde T\u00fcrkiye&rsquo;ye getirilece\u011fi \u00f6\u011frenildi. Kurdu\u011fu &lsquo;\u00c7iftlik Bank&lsquo; ile 2018 y\u0131l\u0131nda, 132 bin 222 [&hellip;]<\/p>\n","protected":false},"author":3,"featured_media":15976,"comment_status":"closed","ping_status":"open","sticky":false,"template":"","format":"standard","meta":{"footnotes":""},"categories":[17,2],"tags":[7151,7153,7152],"class_list":["post-15975","post","type-post","status-publish","format-standard","has-post-thumbnail","hentry","category-ekonomi","category-turkiye","tag-ciftlik-bank-kurucusu","tag-teslim-oldu","tag-tosuncuk-mehmet-aydin"],"yoast_head":"<!-- This site is optimized with the Yoast SEO plugin v26.9 - https:\/\/yoast.com\/product\/yoast-seo-wordpress\/ -->\n<title>\u00c7iftlik Bank kurucusu &#039;Tosuncuk&#039; Mehmet Ayd\u0131n teslim oldu!.. - AvrupaPress<\/title>\n<meta name=\"robots\" content=\"index, follow, max-snippet:-1, max-image-preview:large, max-video-preview:-1\" \/>\n<link rel=\"canonical\" href=\"https:\/\/avrupapress.com\/2021\/07\/01\/ciftlik-bank-kurucusu-tosuncuk-mehmet-aydin-teslim-oldu\/\" \/>\n<meta property=\"og:locale\" content=\"fr_FR\" \/>\n<meta property=\"og:type\" content=\"article\" \/>\n<meta property=\"og:title\" content=\"\u00c7iftlik Bank kurucusu &#039;Tosuncuk&#039; Mehmet Ayd\u0131n teslim oldu!.. - AvrupaPress\" \/>\n<meta property=\"og:description\" content=\"Kurucusu oldu\u011fu \u00c7iftlik Bank \u00fczerinden binlerce ki\u015fiyi doland\u0131rd\u0131ktan sonra yurt d\u0131\u015f\u0131na ka\u00e7an ve k\u0131rm\u0131z\u0131 b\u00fcltenle aranan \u2019Tosuncuk\u2019 lakapl\u0131 Mehmet Ayd\u0131n, Brezilya&rsquo;n\u0131n Sao Paulo kentinde teslim oldu. Mehmet Ayd\u0131n&rsquo;\u0131n avukat\u0131 \u015eehmus Ulu\u00e7 gerekli a\u00e7\u0131klamay\u0131 kendisinin yapaca\u011f\u0131n\u0131 s\u00f6yledi. Ayd\u0131n&rsquo;\u0131n iadesi i\u00e7in i\u015flemlere ba\u015fland\u0131\u011f\u0131 \u00f6n\u00fcm\u00fczdeki g\u00fcnlerde T\u00fcrkiye&rsquo;ye getirilece\u011fi \u00f6\u011frenildi. Kurdu\u011fu &lsquo;\u00c7iftlik Bank&lsquo; ile 2018 y\u0131l\u0131nda, 132 bin 222 [&hellip;]\" \/>\n<meta property=\"og:url\" content=\"https:\/\/avrupapress.com\/2021\/07\/01\/ciftlik-bank-kurucusu-tosuncuk-mehmet-aydin-teslim-oldu\/\" \/>\n<meta property=\"og:site_name\" content=\"AvrupaPress\" \/>\n<meta property=\"article:published_time\" content=\"2021-07-01T21:59:45+00:00\" \/>\n<meta property=\"article:modified_time\" content=\"2021-07-01T21:59:57+00:00\" \/>\n<meta property=\"og:image\" content=\"https:\/\/avrupapress.com\/wp-content\/uploads\/2021\/07\/th.jpg\" \/>\n\t<meta property=\"og:image:width\" content=\"300\" \/>\n\t<meta property=\"og:image:height\" content=\"166\" \/>\n\t<meta property=\"og:image:type\" content=\"image\/jpeg\" \/>\n<meta name=\"author\" content=\"Edit\u00f6r\" \/>\n<meta name=\"twitter:card\" content=\"summary_large_image\" \/>\n<meta name=\"twitter:label1\" content=\"\u00c9crit par\" \/>\n\t<meta name=\"twitter:data1\" content=\"Edit\u00f6r\" \/>\n\t<meta name=\"twitter:label2\" content=\"Dur\u00e9e de lecture est.\" \/>\n\t<meta name=\"twitter:data2\" content=\"5 minutes\" \/>\n<script type=\"application\/ld+json\" class=\"yoast-schema-graph\">{\"@context\":\"https:\/\/schema.org\",\"@graph\":[{\"@type\":\"Article\",\"@id\":\"https:\/\/avrupapress.com\/2021\/07\/01\/ciftlik-bank-kurucusu-tosuncuk-mehmet-aydin-teslim-oldu\/#article\",\"isPartOf\":{\"@id\":\"https:\/\/avrupapress.com\/2021\/07\/01\/ciftlik-bank-kurucusu-tosuncuk-mehmet-aydin-teslim-oldu\/\"},\"author\":{\"name\":\"Edit\u00f6r\",\"@id\":\"https:\/\/avrupapress.com\/#\/schema\/person\/68428444ec60970d1e1b700cf4ca1e8f\"},\"headline\":\"\u00c7iftlik Bank kurucusu &lsquo;Tosuncuk&rsquo; Mehmet Ayd\u0131n teslim oldu!..\",\"datePublished\":\"2021-07-01T21:59:45+00:00\",\"dateModified\":\"2021-07-01T21:59:57+00:00\",\"mainEntityOfPage\":{\"@id\":\"https:\/\/avrupapress.com\/2021\/07\/01\/ciftlik-bank-kurucusu-tosuncuk-mehmet-aydin-teslim-oldu\/\"},\"wordCount\":951,\"publisher\":{\"@id\":\"https:\/\/avrupapress.com\/#\/schema\/person\/0223dca19c72c43575bf30d1a2d8f4fa\"},\"image\":{\"@id\":\"https:\/\/avrupapress.com\/2021\/07\/01\/ciftlik-bank-kurucusu-tosuncuk-mehmet-aydin-teslim-oldu\/#primaryimage\"},\"thumbnailUrl\":\"https:\/\/avrupapress.com\/main\/wp-content\/uploads\/2021\/07\/th.jpg\",\"keywords\":[\"\u00c7iftlik Bank kurucusu '\",\"teslim oldu!..\",\"Tosuncuk' Mehmet Ayd\u0131n\"],\"articleSection\":[\"Ekonomi\",\"T\u00fcrkiye\"],\"inLanguage\":\"fr-BE\"},{\"@type\":\"WebPage\",\"@id\":\"https:\/\/avrupapress.com\/2021\/07\/01\/ciftlik-bank-kurucusu-tosuncuk-mehmet-aydin-teslim-oldu\/\",\"url\":\"https:\/\/avrupapress.com\/2021\/07\/01\/ciftlik-bank-kurucusu-tosuncuk-mehmet-aydin-teslim-oldu\/\",\"name\":\"\u00c7iftlik Bank kurucusu 'Tosuncuk' Mehmet Ayd\u0131n teslim oldu!.. - AvrupaPress\",\"isPartOf\":{\"@id\":\"https:\/\/avrupapress.com\/#website\"},\"primaryImageOfPage\":{\"@id\":\"https:\/\/avrupapress.com\/2021\/07\/01\/ciftlik-bank-kurucusu-tosuncuk-mehmet-aydin-teslim-oldu\/#primaryimage\"},\"image\":{\"@id\":\"https:\/\/avrupapress.com\/2021\/07\/01\/ciftlik-bank-kurucusu-tosuncuk-mehmet-aydin-teslim-oldu\/#primaryimage\"},\"thumbnailUrl\":\"https:\/\/avrupapress.com\/main\/wp-content\/uploads\/2021\/07\/th.jpg\",\"datePublished\":\"2021-07-01T21:59:45+00:00\",\"dateModified\":\"2021-07-01T21:59:57+00:00\",\"breadcrumb\":{\"@id\":\"https:\/\/avrupapress.com\/2021\/07\/01\/ciftlik-bank-kurucusu-tosuncuk-mehmet-aydin-teslim-oldu\/#breadcrumb\"},\"inLanguage\":\"fr-BE\",\"potentialAction\":[{\"@type\":\"ReadAction\",\"target\":[\"https:\/\/avrupapress.com\/2021\/07\/01\/ciftlik-bank-kurucusu-tosuncuk-mehmet-aydin-teslim-oldu\/\"]}]},{\"@type\":\"ImageObject\",\"inLanguage\":\"fr-BE\",\"@id\":\"https:\/\/avrupapress.com\/2021\/07\/01\/ciftlik-bank-kurucusu-tosuncuk-mehmet-aydin-teslim-oldu\/#primaryimage\",\"url\":\"https:\/\/avrupapress.com\/main\/wp-content\/uploads\/2021\/07\/th.jpg\",\"contentUrl\":\"https:\/\/avrupapress.com\/main\/wp-content\/uploads\/2021\/07\/th.jpg\",\"width\":300,\"height\":166},{\"@type\":\"BreadcrumbList\",\"@id\":\"https:\/\/avrupapress.com\/2021\/07\/01\/ciftlik-bank-kurucusu-tosuncuk-mehmet-aydin-teslim-oldu\/#breadcrumb\",\"itemListElement\":[{\"@type\":\"ListItem\",\"position\":1,\"name\":\"Anasayfa\",\"item\":\"https:\/\/avrupapress.com\/\"},{\"@type\":\"ListItem\",\"position\":2,\"name\":\"\u00c7iftlik Bank kurucusu &#8216;Tosuncuk&#8217; Mehmet Ayd\u0131n teslim oldu!..\"}]},{\"@type\":\"WebSite\",\"@id\":\"https:\/\/avrupapress.com\/#website\",\"url\":\"https:\/\/avrupapress.com\/\",\"name\":\"AvrupaPress\",\"description\":\"Haberin Adresi\",\"publisher\":{\"@id\":\"https:\/\/avrupapress.com\/#\/schema\/person\/0223dca19c72c43575bf30d1a2d8f4fa\"},\"potentialAction\":[{\"@type\":\"SearchAction\",\"target\":{\"@type\":\"EntryPoint\",\"urlTemplate\":\"https:\/\/avrupapress.com\/?s={search_term_string}\"},\"query-input\":{\"@type\":\"PropertyValueSpecification\",\"valueRequired\":true,\"valueName\":\"search_term_string\"}}],\"inLanguage\":\"fr-BE\"},{\"@type\":[\"Person\",\"Organization\"],\"@id\":\"https:\/\/avrupapress.com\/#\/schema\/person\/0223dca19c72c43575bf30d1a2d8f4fa\",\"name\":\"Bilgin \u00d6z\u00e7ift\u00e7i\",\"image\":{\"@type\":\"ImageObject\",\"inLanguage\":\"fr-BE\",\"@id\":\"https:\/\/avrupapress.com\/#\/schema\/person\/image\/\",\"url\":\"https:\/\/secure.gravatar.com\/avatar\/0f23b280433a21e1ea7a0adcc46ed0ad16afe3ad8e630fd13d8a017dcbd54ef3?s=96&d=mm&r=g\",\"contentUrl\":\"https:\/\/secure.gravatar.com\/avatar\/0f23b280433a21e1ea7a0adcc46ed0ad16afe3ad8e630fd13d8a017dcbd54ef3?s=96&d=mm&r=g\",\"caption\":\"Bilgin \u00d6z\u00e7ift\u00e7i\"},\"logo\":{\"@id\":\"https:\/\/avrupapress.com\/#\/schema\/person\/image\/\"},\"description\":\"Ne ben, nede sen... Biz ancak \\\"biz\\\" olursak g\u00fc\u00e7l\u00fc olabiliriz\"},{\"@type\":\"Person\",\"@id\":\"https:\/\/avrupapress.com\/#\/schema\/person\/68428444ec60970d1e1b700cf4ca1e8f\",\"name\":\"Edit\u00f6r\",\"image\":{\"@type\":\"ImageObject\",\"inLanguage\":\"fr-BE\",\"@id\":\"https:\/\/avrupapress.com\/#\/schema\/person\/image\/\",\"url\":\"https:\/\/secure.gravatar.com\/avatar\/74996b0977aa5f1559ba9883776652508b229005c0d78fb2597897f0bd651c09?s=96&d=mm&r=g\",\"contentUrl\":\"https:\/\/secure.gravatar.com\/avatar\/74996b0977aa5f1559ba9883776652508b229005c0d78fb2597897f0bd651c09?s=96&d=mm&r=g\",\"caption\":\"Edit\u00f6r\"},\"sameAs\":[\"http:\/\/www.avrupapress.com\"],\"url\":\"https:\/\/avrupapress.com\/main\/author\/editor\/\"}]}<\/script>\n<!-- \/ Yoast SEO plugin. -->","yoast_head_json":{"title":"\u00c7iftlik Bank kurucusu 'Tosuncuk' Mehmet Ayd\u0131n teslim oldu!.. - AvrupaPress","robots":{"index":"index","follow":"follow","max-snippet":"max-snippet:-1","max-image-preview":"max-image-preview:large","max-video-preview":"max-video-preview:-1"},"canonical":"https:\/\/avrupapress.com\/2021\/07\/01\/ciftlik-bank-kurucusu-tosuncuk-mehmet-aydin-teslim-oldu\/","og_locale":"fr_FR","og_type":"article","og_title":"\u00c7iftlik Bank kurucusu 'Tosuncuk' Mehmet Ayd\u0131n teslim oldu!.. - AvrupaPress","og_description":"Kurucusu oldu\u011fu \u00c7iftlik Bank \u00fczerinden binlerce ki\u015fiyi doland\u0131rd\u0131ktan sonra yurt d\u0131\u015f\u0131na ka\u00e7an ve k\u0131rm\u0131z\u0131 b\u00fcltenle aranan \u2019Tosuncuk\u2019 lakapl\u0131 Mehmet Ayd\u0131n, Brezilya&rsquo;n\u0131n Sao Paulo kentinde teslim oldu. Mehmet Ayd\u0131n&rsquo;\u0131n avukat\u0131 \u015eehmus Ulu\u00e7 gerekli a\u00e7\u0131klamay\u0131 kendisinin yapaca\u011f\u0131n\u0131 s\u00f6yledi. Ayd\u0131n&rsquo;\u0131n iadesi i\u00e7in i\u015flemlere ba\u015fland\u0131\u011f\u0131 \u00f6n\u00fcm\u00fczdeki g\u00fcnlerde T\u00fcrkiye&rsquo;ye getirilece\u011fi \u00f6\u011frenildi. Kurdu\u011fu &lsquo;\u00c7iftlik Bank&lsquo; ile 2018 y\u0131l\u0131nda, 132 bin 222 [&hellip;]","og_url":"https:\/\/avrupapress.com\/2021\/07\/01\/ciftlik-bank-kurucusu-tosuncuk-mehmet-aydin-teslim-oldu\/","og_site_name":"AvrupaPress","article_published_time":"2021-07-01T21:59:45+00:00","article_modified_time":"2021-07-01T21:59:57+00:00","og_image":[{"width":300,"height":166,"url":"https:\/\/avrupapress.com\/wp-content\/uploads\/2021\/07\/th.jpg","type":"image\/jpeg"}],"author":"Edit\u00f6r","twitter_card":"summary_large_image","twitter_misc":{"\u00c9crit par":"Edit\u00f6r","Dur\u00e9e de lecture est.":"5 minutes"},"schema":{"@context":"https:\/\/schema.org","@graph":[{"@type":"Article","@id":"https:\/\/avrupapress.com\/2021\/07\/01\/ciftlik-bank-kurucusu-tosuncuk-mehmet-aydin-teslim-oldu\/#article","isPartOf":{"@id":"https:\/\/avrupapress.com\/2021\/07\/01\/ciftlik-bank-kurucusu-tosuncuk-mehmet-aydin-teslim-oldu\/"},"author":{"name":"Edit\u00f6r","@id":"https:\/\/avrupapress.com\/#\/schema\/person\/68428444ec60970d1e1b700cf4ca1e8f"},"headline":"\u00c7iftlik Bank kurucusu &lsquo;Tosuncuk&rsquo; Mehmet Ayd\u0131n teslim oldu!..","datePublished":"2021-07-01T21:59:45+00:00","dateModified":"2021-07-01T21:59:57+00:00","mainEntityOfPage":{"@id":"https:\/\/avrupapress.com\/2021\/07\/01\/ciftlik-bank-kurucusu-tosuncuk-mehmet-aydin-teslim-oldu\/"},"wordCount":951,"publisher":{"@id":"https:\/\/avrupapress.com\/#\/schema\/person\/0223dca19c72c43575bf30d1a2d8f4fa"},"image":{"@id":"https:\/\/avrupapress.com\/2021\/07\/01\/ciftlik-bank-kurucusu-tosuncuk-mehmet-aydin-teslim-oldu\/#primaryimage"},"thumbnailUrl":"https:\/\/avrupapress.com\/main\/wp-content\/uploads\/2021\/07\/th.jpg","keywords":["\u00c7iftlik Bank kurucusu '","teslim oldu!..","Tosuncuk' Mehmet Ayd\u0131n"],"articleSection":["Ekonomi","T\u00fcrkiye"],"inLanguage":"fr-BE"},{"@type":"WebPage","@id":"https:\/\/avrupapress.com\/2021\/07\/01\/ciftlik-bank-kurucusu-tosuncuk-mehmet-aydin-teslim-oldu\/","url":"https:\/\/avrupapress.com\/2021\/07\/01\/ciftlik-bank-kurucusu-tosuncuk-mehmet-aydin-teslim-oldu\/","name":"\u00c7iftlik Bank kurucusu 'Tosuncuk' Mehmet Ayd\u0131n teslim oldu!.. - AvrupaPress","isPartOf":{"@id":"https:\/\/avrupapress.com\/#website"},"primaryImageOfPage":{"@id":"https:\/\/avrupapress.com\/2021\/07\/01\/ciftlik-bank-kurucusu-tosuncuk-mehmet-aydin-teslim-oldu\/#primaryimage"},"image":{"@id":"https:\/\/avrupapress.com\/2021\/07\/01\/ciftlik-bank-kurucusu-tosuncuk-mehmet-aydin-teslim-oldu\/#primaryimage"},"thumbnailUrl":"https:\/\/avrupapress.com\/main\/wp-content\/uploads\/2021\/07\/th.jpg","datePublished":"2021-07-01T21:59:45+00:00","dateModified":"2021-07-01T21:59:57+00:00","breadcrumb":{"@id":"https:\/\/avrupapress.com\/2021\/07\/01\/ciftlik-bank-kurucusu-tosuncuk-mehmet-aydin-teslim-oldu\/#breadcrumb"},"inLanguage":"fr-BE","potentialAction":[{"@type":"ReadAction","target":["https:\/\/avrupapress.com\/2021\/07\/01\/ciftlik-bank-kurucusu-tosuncuk-mehmet-aydin-teslim-oldu\/"]}]},{"@type":"ImageObject","inLanguage":"fr-BE","@id":"https:\/\/avrupapress.com\/2021\/07\/01\/ciftlik-bank-kurucusu-tosuncuk-mehmet-aydin-teslim-oldu\/#primaryimage","url":"https:\/\/avrupapress.com\/main\/wp-content\/uploads\/2021\/07\/th.jpg","contentUrl":"https:\/\/avrupapress.com\/main\/wp-content\/uploads\/2021\/07\/th.jpg","width":300,"height":166},{"@type":"BreadcrumbList","@id":"https:\/\/avrupapress.com\/2021\/07\/01\/ciftlik-bank-kurucusu-tosuncuk-mehmet-aydin-teslim-oldu\/#breadcrumb","itemListElement":[{"@type":"ListItem","position":1,"name":"Anasayfa","item":"https:\/\/avrupapress.com\/"},{"@type":"ListItem","position":2,"name":"\u00c7iftlik Bank kurucusu &#8216;Tosuncuk&#8217; Mehmet Ayd\u0131n teslim oldu!.."}]},{"@type":"WebSite","@id":"https:\/\/avrupapress.com\/#website","url":"https:\/\/avrupapress.com\/","name":"AvrupaPress","description":"Haberin Adresi","publisher":{"@id":"https:\/\/avrupapress.com\/#\/schema\/person\/0223dca19c72c43575bf30d1a2d8f4fa"},"potentialAction":[{"@type":"SearchAction","target":{"@type":"EntryPoint","urlTemplate":"https:\/\/avrupapress.com\/?s={search_term_string}"},"query-input":{"@type":"PropertyValueSpecification","valueRequired":true,"valueName":"search_term_string"}}],"inLanguage":"fr-BE"},{"@type":["Person","Organization"],"@id":"https:\/\/avrupapress.com\/#\/schema\/person\/0223dca19c72c43575bf30d1a2d8f4fa","name":"Bilgin \u00d6z\u00e7ift\u00e7i","image":{"@type":"ImageObject","inLanguage":"fr-BE","@id":"https:\/\/avrupapress.com\/#\/schema\/person\/image\/","url":"https:\/\/secure.gravatar.com\/avatar\/0f23b280433a21e1ea7a0adcc46ed0ad16afe3ad8e630fd13d8a017dcbd54ef3?s=96&d=mm&r=g","contentUrl":"https:\/\/secure.gravatar.com\/avatar\/0f23b280433a21e1ea7a0adcc46ed0ad16afe3ad8e630fd13d8a017dcbd54ef3?s=96&d=mm&r=g","caption":"Bilgin \u00d6z\u00e7ift\u00e7i"},"logo":{"@id":"https:\/\/avrupapress.com\/#\/schema\/person\/image\/"},"description":"Ne ben, nede sen... Biz ancak \"biz\" olursak g\u00fc\u00e7l\u00fc olabiliriz"},{"@type":"Person","@id":"https:\/\/avrupapress.com\/#\/schema\/person\/68428444ec60970d1e1b700cf4ca1e8f","name":"Edit\u00f6r","image":{"@type":"ImageObject","inLanguage":"fr-BE","@id":"https:\/\/avrupapress.com\/#\/schema\/person\/image\/","url":"https:\/\/secure.gravatar.com\/avatar\/74996b0977aa5f1559ba9883776652508b229005c0d78fb2597897f0bd651c09?s=96&d=mm&r=g","contentUrl":"https:\/\/secure.gravatar.com\/avatar\/74996b0977aa5f1559ba9883776652508b229005c0d78fb2597897f0bd651c09?s=96&d=mm&r=g","caption":"Edit\u00f6r"},"sameAs":["http:\/\/www.avrupapress.com"],"url":"https:\/\/avrupapress.com\/main\/author\/editor\/"}]}},"_links":{"self":[{"href":"https:\/\/avrupapress.com\/main\/wp-json\/wp\/v2\/posts\/15975","targetHints":{"allow":["GET"]}}],"collection":[{"href":"https:\/\/avrupapress.com\/main\/wp-json\/wp\/v2\/posts"}],"about":[{"href":"https:\/\/avrupapress.com\/main\/wp-json\/wp\/v2\/types\/post"}],"author":[{"embeddable":true,"href":"https:\/\/avrupapress.com\/main\/wp-json\/wp\/v2\/users\/3"}],"replies":[{"embeddable":true,"href":"https:\/\/avrupapress.com\/main\/wp-json\/wp\/v2\/comments?post=15975"}],"version-history":[{"count":2,"href":"https:\/\/avrupapress.com\/main\/wp-json\/wp\/v2\/posts\/15975\/revisions"}],"predecessor-version":[{"id":15978,"href":"https:\/\/avrupapress.com\/main\/wp-json\/wp\/v2\/posts\/15975\/revisions\/15978"}],"wp:featuredmedia":[{"embeddable":true,"href":"https:\/\/avrupapress.com\/main\/wp-json\/wp\/v2\/media\/15976"}],"wp:attachment":[{"href":"https:\/\/avrupapress.com\/main\/wp-json\/wp\/v2\/media?parent=15975"}],"wp:term":[{"taxonomy":"category","embeddable":true,"href":"https:\/\/avrupapress.com\/main\/wp-json\/wp\/v2\/categories?post=15975"},{"taxonomy":"post_tag","embeddable":true,"href":"https:\/\/avrupapress.com\/main\/wp-json\/wp\/v2\/tags?post=15975"}],"curies":[{"name":"wp","href":"https:\/\/api.w.org\/{rel}","templated":true}]}}