{"id":15788,"date":"2021-06-16T21:00:08","date_gmt":"2021-06-16T21:00:08","guid":{"rendered":"https:\/\/avrupapress.com\/main\/?p=15788"},"modified":"2021-06-16T21:00:08","modified_gmt":"2021-06-16T21:00:08","slug":"iyi-niyet-ve-suistimal","status":"publish","type":"post","link":"https:\/\/avrupapress.com\/main\/2021\/06\/16\/iyi-niyet-ve-suistimal\/","title":{"rendered":"\u0130Y\u0130 N\u0130YET VE SU\u0130ST\u0130MAL&#8230;"},"content":{"rendered":"<div>\n<div dir=\"auto\">\n<div dir=\"ltr\">\n<div>\n<p>Bir insan\u0131n i\u00e7 d\u00fcnyas\u0131n\u0131 g\u00f6rebilmek \u00f6nemlidir. Hayat kurtar\u0131r diyebiliriz. Ya\u015famdan\u00a0sezintiler\u00a0sakl\u0131d\u0131r orada. D\u0131\u015far\u0131daki d\u00fcnya bizim idealar alemindeki d\u00fcnyam\u0131zdan farkl\u0131d\u0131r.\u00a0Iyi\u00a0ve k\u00f6t\u00fcn\u00fcn ayr\u0131m\u0131 d\u0131\u015f d\u00fcnyada kar\u0131\u015fm\u0131\u015f durumda iken bizim idealar d\u00fcnyam\u0131zda belli \u015fekildedir.<\/p>\n<\/div>\n<div>\n<p>Bir insan ya iyidir ya da k\u00f6t\u00fcd\u00fcr.\u00a0Iyi\u00a0gibi g\u00f6r\u00fcnen fakat k\u00f6t\u00fc olan ayn\u0131 \u015fekilde k\u00f6t\u00fc g\u00f6r\u00fcnen asl\u0131nda i\u00e7 benli\u011fine bakt\u0131\u011f\u0131m\u0131zda iyi oldu\u011funu g\u00f6rd\u00fc\u011f\u00fcm\u00fcz kimselere denk geliriz hayatta. Bu kimseler\u00a0iki farkl\u0131 ki\u015filik tipine b\u00fcr\u00fcnm\u00fc\u015ft\u00fcr. Derinlere indi\u011fimizde ya \u00e7ocuklu\u011funda bir travma ya\u015fad\u0131\u011f\u0131n\u0131 ya da zor bir hayat ya\u015fad\u0131\u011f\u0131n\u0131 \u00f6\u011freniriz. Bu zorluklar onu d\u0131\u015f d\u00fcnyaya kar\u015f\u0131 sava\u015f halinde oldu\u011funu ve kendini koruma alt\u0131na almas\u0131 gerekti\u011fini d\u00fc\u015f\u00fcnd\u00fcrerek zarar g\u00f6rmemek ad\u0131na sert biri olmaya itelemi\u015ftir asl\u0131nda. Her insan\u0131n bir koruma duvar\u0131 vard\u0131r.\u00a0 Baz\u0131 duvarlar g\u00fczel bir \u015fekilde a\u015f\u0131labilir. Baz\u0131lar\u0131 ise kendi duvar\u0131n\u0131 korurken ba\u015fkas\u0131n\u0131n duvar\u0131na zarar verir. Bu kimseleri iyi niyetli ve art niyetli olarak ay\u0131rabiliriz diye d\u00fc\u015f\u00fcn\u00fcyorum. \u0130yi niyetli insanlar yard\u0131msever, c\u00f6mert\u00a0vs\u00a0uzatabiliriz. Kendinden \u00f6d\u00fcn vererek kar\u015f\u0131s\u0131ndaki ki\u015fi i\u00e7in daha \u00e7ok \u00e7aba g\u00f6sterirler. Bu y\u00fczden \u00e7o\u011fu zaman hay\u0131r diyemezler. \u00c7o\u011fu zaman kendi mutlulu\u011funu g\u00f6z ard\u0131 eder mutsuzlukla kendini \u00f6d\u00fcllendirir. Onun \u00f6d\u00fcl\u00fc bir tebess\u00fcmd\u00fcr kar\u015f\u0131s\u0131ndaki ki\u015finin mutlulu\u011fudur. O kelimenin anlam\u0131 derindir. Art niyetli kimselere gelecek olursak iyi niyetlinin \u2018hay\u0131r\u2019 diyemedi\u011fi yerde devreye girer ve\u00a0suistimal\u00a0evresi kendini g\u00f6sterir. En basit \u00f6rne\u011fi okul ve i\u015f hayat\u0131d\u0131r. Okulda arkada\u015f gruplar\u0131 aras\u0131nda muhakkak rast gelmi\u015fizdir. Hatta bu durumu ya\u015fayan kendimiz bile olabiliriz.\u00a0Suistimal\u00a0edilmek ve bunun fark\u0131na varmak. Ayn\u0131 \u015fekilde i\u015f hayat\u0131nda da senin yard\u0131m ederek yapt\u0131\u011f\u0131n bir i\u015fi senin art\u0131k yapman gereken bir i\u015f olarak g\u00f6rmeleri ve yap\u0131lmad\u0131\u011f\u0131nda ise \u015fikayetlerin ard\u0131\u00a0arkas\u0131..\u00a0Alttan ald\u0131\u011f\u0131n durumlar\u0131n \u00fcst\u00fcne \u00e7\u0131kmaya \u00e7al\u0131\u015fmalar\u0131 da ba\u015fka bir \u00e7abas\u0131. Kendini su\u00e7lu hissetmene sebep olacak g\u00fcndemler olu\u015fturulur. \u00c7\u00fcnk\u00fc kar\u015f\u0131s\u0131nda g\u00f6rd\u00fc\u011f\u00fc yanl\u0131\u015f davranan ki\u015filik asl\u0131nda aynadaki yans\u0131mas\u0131d\u0131r. Sana n\u00fcksettirerek onunla sava\u015f\u0131r.\u00a0Karadenizde\u00a0denizlerin derin olmas\u0131yla insanlar\u0131n birka\u00e7 ad\u0131mdan sonra o derinli\u011fe \u00e7ekildi\u011fini g\u00f6r\u00fcr\u00fcz. \u0130yi niyette bu \u015fekildedir. Fazlas\u0131 bizi ba\u015fka tarafa s\u00fcr\u00fckler ve i\u00e7inden \u00e7\u0131kamaz noktaya getirebilir. Ya\u015fam\u0131n i\u00e7inde bir\u00e7ok yerden \u00f6rneklerini \u00e7o\u011faltabiliriz. Aile, arkada\u015f gruplar\u0131, sosyal ve siyasal gruplar, sanat, spor k\u0131sacas\u0131 insan\u0131n oldu\u011fu her alanda.<\/p>\n<\/div>\n<div>\n<p>Belli bir zaman\u0131m\u0131z var bize kalan hayatta. En g\u00fczeli her \u015feyi dozunda b\u0131rakmakt\u0131r. \u0130yi niyetli olmay\u0131 bile&#8230;\u00a0 \u0130yi y\u00fcrekli insanlara denk gelesiniz.<\/p>\n<\/div>\n<div>\n<p>&nbsp;<\/p>\n<\/div>\n<div>\n<p><strong>Sosyolog\u00a0 R\u00fcmeysa Ozcelik\u00a0 \/\u00a0 AVRUPAPRESS<\/strong><\/p>\n<p>&nbsp;<\/p>\n<\/div>\n<\/div>\n<\/div>\n<\/div>\n","protected":false},"excerpt":{"rendered":"<p>Bir insan\u0131n i\u00e7 d\u00fcnyas\u0131n\u0131 g\u00f6rebilmek \u00f6nemlidir. Hayat kurtar\u0131r diyebiliriz. Ya\u015famdan\u00a0sezintiler\u00a0sakl\u0131d\u0131r orada. D\u0131\u015far\u0131daki d\u00fcnya bizim idealar alemindeki d\u00fcnyam\u0131zdan farkl\u0131d\u0131r.\u00a0Iyi\u00a0ve k\u00f6t\u00fcn\u00fcn ayr\u0131m\u0131 d\u0131\u015f d\u00fcnyada kar\u0131\u015fm\u0131\u015f durumda iken bizim idealar d\u00fcnyam\u0131zda belli \u015fekildedir. Bir insan ya iyidir ya da k\u00f6t\u00fcd\u00fcr.\u00a0Iyi\u00a0gibi g\u00f6r\u00fcnen fakat k\u00f6t\u00fc olan ayn\u0131 \u015fekilde k\u00f6t\u00fc g\u00f6r\u00fcnen asl\u0131nda i\u00e7 benli\u011fine bakt\u0131\u011f\u0131m\u0131zda iyi oldu\u011funu g\u00f6rd\u00fc\u011f\u00fcm\u00fcz kimselere denk geliriz [&hellip;]<\/p>\n","protected":false},"author":3,"featured_media":15330,"comment_status":"closed","ping_status":"open","sticky":false,"template":"","format":"standard","meta":{"footnotes":""},"categories":[14,16,3,17,18,15,19,2],"tags":[7033,7034,1006],"class_list":["post-15788","post","type-post","status-publish","format-standard","has-post-thumbnail","hentry","category-avrupa","category-belcika","category-dunya","category-ekonomi","category-kultur-sanat","category-spor","category-tanitim","category-turkiye","tag-iyi-niyet","tag-suistimal","tag-ve"],"yoast_head":"<!-- This site is optimized with the Yoast SEO plugin v26.9 - https:\/\/yoast.com\/product\/yoast-seo-wordpress\/ -->\n<title>\u0130Y\u0130 N\u0130YET VE SU\u0130ST\u0130MAL... - AvrupaPress<\/title>\n<meta name=\"robots\" content=\"index, follow, max-snippet:-1, max-image-preview:large, max-video-preview:-1\" \/>\n<link rel=\"canonical\" href=\"https:\/\/avrupapress.com\/2021\/06\/16\/iyi-niyet-ve-suistimal\/\" \/>\n<meta property=\"og:locale\" content=\"fr_FR\" \/>\n<meta property=\"og:type\" content=\"article\" \/>\n<meta property=\"og:title\" content=\"\u0130Y\u0130 N\u0130YET VE SU\u0130ST\u0130MAL... - AvrupaPress\" \/>\n<meta property=\"og:description\" content=\"Bir insan\u0131n i\u00e7 d\u00fcnyas\u0131n\u0131 g\u00f6rebilmek \u00f6nemlidir. Hayat kurtar\u0131r diyebiliriz. Ya\u015famdan\u00a0sezintiler\u00a0sakl\u0131d\u0131r orada. D\u0131\u015far\u0131daki d\u00fcnya bizim idealar alemindeki d\u00fcnyam\u0131zdan farkl\u0131d\u0131r.\u00a0Iyi\u00a0ve k\u00f6t\u00fcn\u00fcn ayr\u0131m\u0131 d\u0131\u015f d\u00fcnyada kar\u0131\u015fm\u0131\u015f durumda iken bizim idealar d\u00fcnyam\u0131zda belli \u015fekildedir. Bir insan ya iyidir ya da k\u00f6t\u00fcd\u00fcr.\u00a0Iyi\u00a0gibi g\u00f6r\u00fcnen fakat k\u00f6t\u00fc olan ayn\u0131 \u015fekilde k\u00f6t\u00fc g\u00f6r\u00fcnen asl\u0131nda i\u00e7 benli\u011fine bakt\u0131\u011f\u0131m\u0131zda iyi oldu\u011funu g\u00f6rd\u00fc\u011f\u00fcm\u00fcz kimselere denk geliriz [&hellip;]\" \/>\n<meta property=\"og:url\" content=\"https:\/\/avrupapress.com\/2021\/06\/16\/iyi-niyet-ve-suistimal\/\" \/>\n<meta property=\"og:site_name\" content=\"AvrupaPress\" \/>\n<meta property=\"article:published_time\" content=\"2021-06-16T21:00:08+00:00\" \/>\n<meta property=\"og:image\" content=\"https:\/\/avrupapress.com\/wp-content\/uploads\/2021\/05\/20210510_181738.jpg\" \/>\n\t<meta property=\"og:image:width\" content=\"747\" \/>\n\t<meta property=\"og:image:height\" content=\"948\" \/>\n\t<meta property=\"og:image:type\" content=\"image\/jpeg\" \/>\n<meta name=\"author\" content=\"Edit\u00f6r\" \/>\n<meta name=\"twitter:card\" content=\"summary_large_image\" \/>\n<meta name=\"twitter:label1\" content=\"\u00c9crit par\" \/>\n\t<meta name=\"twitter:data1\" content=\"Edit\u00f6r\" \/>\n\t<meta name=\"twitter:label2\" content=\"Dur\u00e9e de lecture est.\" \/>\n\t<meta name=\"twitter:data2\" content=\"3 minutes\" \/>\n<script type=\"application\/ld+json\" class=\"yoast-schema-graph\">{\"@context\":\"https:\/\/schema.org\",\"@graph\":[{\"@type\":\"Article\",\"@id\":\"https:\/\/avrupapress.com\/2021\/06\/16\/iyi-niyet-ve-suistimal\/#article\",\"isPartOf\":{\"@id\":\"https:\/\/avrupapress.com\/2021\/06\/16\/iyi-niyet-ve-suistimal\/\"},\"author\":{\"name\":\"Edit\u00f6r\",\"@id\":\"https:\/\/avrupapress.com\/#\/schema\/person\/68428444ec60970d1e1b700cf4ca1e8f\"},\"headline\":\"\u0130Y\u0130 N\u0130YET VE SU\u0130ST\u0130MAL&#8230;\",\"datePublished\":\"2021-06-16T21:00:08+00:00\",\"mainEntityOfPage\":{\"@id\":\"https:\/\/avrupapress.com\/2021\/06\/16\/iyi-niyet-ve-suistimal\/\"},\"wordCount\":522,\"publisher\":{\"@id\":\"https:\/\/avrupapress.com\/#\/schema\/person\/0223dca19c72c43575bf30d1a2d8f4fa\"},\"image\":{\"@id\":\"https:\/\/avrupapress.com\/2021\/06\/16\/iyi-niyet-ve-suistimal\/#primaryimage\"},\"thumbnailUrl\":\"https:\/\/avrupapress.com\/main\/wp-content\/uploads\/2021\/05\/20210510_181738.jpg\",\"keywords\":[\"\u0130Y\u0130 N\u0130YET\",\"SU\u0130ST\u0130MAL...\",\"ve\"],\"articleSection\":[\"Avrupa\",\"Bel\u00e7ika\",\"D\u00fcnya\",\"Ekonomi\",\"K\u00fclt\u00fcr-Sanat\",\"Spor\",\"Tan\u0131t\u0131m\",\"T\u00fcrkiye\"],\"inLanguage\":\"fr-BE\"},{\"@type\":\"WebPage\",\"@id\":\"https:\/\/avrupapress.com\/2021\/06\/16\/iyi-niyet-ve-suistimal\/\",\"url\":\"https:\/\/avrupapress.com\/2021\/06\/16\/iyi-niyet-ve-suistimal\/\",\"name\":\"\u0130Y\u0130 N\u0130YET VE SU\u0130ST\u0130MAL... - AvrupaPress\",\"isPartOf\":{\"@id\":\"https:\/\/avrupapress.com\/#website\"},\"primaryImageOfPage\":{\"@id\":\"https:\/\/avrupapress.com\/2021\/06\/16\/iyi-niyet-ve-suistimal\/#primaryimage\"},\"image\":{\"@id\":\"https:\/\/avrupapress.com\/2021\/06\/16\/iyi-niyet-ve-suistimal\/#primaryimage\"},\"thumbnailUrl\":\"https:\/\/avrupapress.com\/main\/wp-content\/uploads\/2021\/05\/20210510_181738.jpg\",\"datePublished\":\"2021-06-16T21:00:08+00:00\",\"breadcrumb\":{\"@id\":\"https:\/\/avrupapress.com\/2021\/06\/16\/iyi-niyet-ve-suistimal\/#breadcrumb\"},\"inLanguage\":\"fr-BE\",\"potentialAction\":[{\"@type\":\"ReadAction\",\"target\":[\"https:\/\/avrupapress.com\/2021\/06\/16\/iyi-niyet-ve-suistimal\/\"]}]},{\"@type\":\"ImageObject\",\"inLanguage\":\"fr-BE\",\"@id\":\"https:\/\/avrupapress.com\/2021\/06\/16\/iyi-niyet-ve-suistimal\/#primaryimage\",\"url\":\"https:\/\/avrupapress.com\/main\/wp-content\/uploads\/2021\/05\/20210510_181738.jpg\",\"contentUrl\":\"https:\/\/avrupapress.com\/main\/wp-content\/uploads\/2021\/05\/20210510_181738.jpg\",\"width\":747,\"height\":948},{\"@type\":\"BreadcrumbList\",\"@id\":\"https:\/\/avrupapress.com\/2021\/06\/16\/iyi-niyet-ve-suistimal\/#breadcrumb\",\"itemListElement\":[{\"@type\":\"ListItem\",\"position\":1,\"name\":\"Anasayfa\",\"item\":\"https:\/\/avrupapress.com\/\"},{\"@type\":\"ListItem\",\"position\":2,\"name\":\"\u0130Y\u0130 N\u0130YET VE SU\u0130ST\u0130MAL&#8230;\"}]},{\"@type\":\"WebSite\",\"@id\":\"https:\/\/avrupapress.com\/#website\",\"url\":\"https:\/\/avrupapress.com\/\",\"name\":\"AvrupaPress\",\"description\":\"Haberin Adresi\",\"publisher\":{\"@id\":\"https:\/\/avrupapress.com\/#\/schema\/person\/0223dca19c72c43575bf30d1a2d8f4fa\"},\"potentialAction\":[{\"@type\":\"SearchAction\",\"target\":{\"@type\":\"EntryPoint\",\"urlTemplate\":\"https:\/\/avrupapress.com\/?s={search_term_string}\"},\"query-input\":{\"@type\":\"PropertyValueSpecification\",\"valueRequired\":true,\"valueName\":\"search_term_string\"}}],\"inLanguage\":\"fr-BE\"},{\"@type\":[\"Person\",\"Organization\"],\"@id\":\"https:\/\/avrupapress.com\/#\/schema\/person\/0223dca19c72c43575bf30d1a2d8f4fa\",\"name\":\"Bilgin \u00d6z\u00e7ift\u00e7i\",\"image\":{\"@type\":\"ImageObject\",\"inLanguage\":\"fr-BE\",\"@id\":\"https:\/\/avrupapress.com\/#\/schema\/person\/image\/\",\"url\":\"https:\/\/secure.gravatar.com\/avatar\/0f23b280433a21e1ea7a0adcc46ed0ad16afe3ad8e630fd13d8a017dcbd54ef3?s=96&d=mm&r=g\",\"contentUrl\":\"https:\/\/secure.gravatar.com\/avatar\/0f23b280433a21e1ea7a0adcc46ed0ad16afe3ad8e630fd13d8a017dcbd54ef3?s=96&d=mm&r=g\",\"caption\":\"Bilgin \u00d6z\u00e7ift\u00e7i\"},\"logo\":{\"@id\":\"https:\/\/avrupapress.com\/#\/schema\/person\/image\/\"},\"description\":\"Ne ben, nede sen... Biz ancak \\\"biz\\\" olursak g\u00fc\u00e7l\u00fc olabiliriz\"},{\"@type\":\"Person\",\"@id\":\"https:\/\/avrupapress.com\/#\/schema\/person\/68428444ec60970d1e1b700cf4ca1e8f\",\"name\":\"Edit\u00f6r\",\"image\":{\"@type\":\"ImageObject\",\"inLanguage\":\"fr-BE\",\"@id\":\"https:\/\/avrupapress.com\/#\/schema\/person\/image\/\",\"url\":\"https:\/\/secure.gravatar.com\/avatar\/74996b0977aa5f1559ba9883776652508b229005c0d78fb2597897f0bd651c09?s=96&d=mm&r=g\",\"contentUrl\":\"https:\/\/secure.gravatar.com\/avatar\/74996b0977aa5f1559ba9883776652508b229005c0d78fb2597897f0bd651c09?s=96&d=mm&r=g\",\"caption\":\"Edit\u00f6r\"},\"sameAs\":[\"http:\/\/www.avrupapress.com\"],\"url\":\"https:\/\/avrupapress.com\/main\/author\/editor\/\"}]}<\/script>\n<!-- \/ Yoast SEO plugin. -->","yoast_head_json":{"title":"\u0130Y\u0130 N\u0130YET VE SU\u0130ST\u0130MAL... - AvrupaPress","robots":{"index":"index","follow":"follow","max-snippet":"max-snippet:-1","max-image-preview":"max-image-preview:large","max-video-preview":"max-video-preview:-1"},"canonical":"https:\/\/avrupapress.com\/2021\/06\/16\/iyi-niyet-ve-suistimal\/","og_locale":"fr_FR","og_type":"article","og_title":"\u0130Y\u0130 N\u0130YET VE SU\u0130ST\u0130MAL... - AvrupaPress","og_description":"Bir insan\u0131n i\u00e7 d\u00fcnyas\u0131n\u0131 g\u00f6rebilmek \u00f6nemlidir. Hayat kurtar\u0131r diyebiliriz. Ya\u015famdan\u00a0sezintiler\u00a0sakl\u0131d\u0131r orada. D\u0131\u015far\u0131daki d\u00fcnya bizim idealar alemindeki d\u00fcnyam\u0131zdan farkl\u0131d\u0131r.\u00a0Iyi\u00a0ve k\u00f6t\u00fcn\u00fcn ayr\u0131m\u0131 d\u0131\u015f d\u00fcnyada kar\u0131\u015fm\u0131\u015f durumda iken bizim idealar d\u00fcnyam\u0131zda belli \u015fekildedir. Bir insan ya iyidir ya da k\u00f6t\u00fcd\u00fcr.\u00a0Iyi\u00a0gibi g\u00f6r\u00fcnen fakat k\u00f6t\u00fc olan ayn\u0131 \u015fekilde k\u00f6t\u00fc g\u00f6r\u00fcnen asl\u0131nda i\u00e7 benli\u011fine bakt\u0131\u011f\u0131m\u0131zda iyi oldu\u011funu g\u00f6rd\u00fc\u011f\u00fcm\u00fcz kimselere denk geliriz [&hellip;]","og_url":"https:\/\/avrupapress.com\/2021\/06\/16\/iyi-niyet-ve-suistimal\/","og_site_name":"AvrupaPress","article_published_time":"2021-06-16T21:00:08+00:00","og_image":[{"width":747,"height":948,"url":"https:\/\/avrupapress.com\/wp-content\/uploads\/2021\/05\/20210510_181738.jpg","type":"image\/jpeg"}],"author":"Edit\u00f6r","twitter_card":"summary_large_image","twitter_misc":{"\u00c9crit par":"Edit\u00f6r","Dur\u00e9e de lecture est.":"3 minutes"},"schema":{"@context":"https:\/\/schema.org","@graph":[{"@type":"Article","@id":"https:\/\/avrupapress.com\/2021\/06\/16\/iyi-niyet-ve-suistimal\/#article","isPartOf":{"@id":"https:\/\/avrupapress.com\/2021\/06\/16\/iyi-niyet-ve-suistimal\/"},"author":{"name":"Edit\u00f6r","@id":"https:\/\/avrupapress.com\/#\/schema\/person\/68428444ec60970d1e1b700cf4ca1e8f"},"headline":"\u0130Y\u0130 N\u0130YET VE SU\u0130ST\u0130MAL&#8230;","datePublished":"2021-06-16T21:00:08+00:00","mainEntityOfPage":{"@id":"https:\/\/avrupapress.com\/2021\/06\/16\/iyi-niyet-ve-suistimal\/"},"wordCount":522,"publisher":{"@id":"https:\/\/avrupapress.com\/#\/schema\/person\/0223dca19c72c43575bf30d1a2d8f4fa"},"image":{"@id":"https:\/\/avrupapress.com\/2021\/06\/16\/iyi-niyet-ve-suistimal\/#primaryimage"},"thumbnailUrl":"https:\/\/avrupapress.com\/main\/wp-content\/uploads\/2021\/05\/20210510_181738.jpg","keywords":["\u0130Y\u0130 N\u0130YET","SU\u0130ST\u0130MAL...","ve"],"articleSection":["Avrupa","Bel\u00e7ika","D\u00fcnya","Ekonomi","K\u00fclt\u00fcr-Sanat","Spor","Tan\u0131t\u0131m","T\u00fcrkiye"],"inLanguage":"fr-BE"},{"@type":"WebPage","@id":"https:\/\/avrupapress.com\/2021\/06\/16\/iyi-niyet-ve-suistimal\/","url":"https:\/\/avrupapress.com\/2021\/06\/16\/iyi-niyet-ve-suistimal\/","name":"\u0130Y\u0130 N\u0130YET VE SU\u0130ST\u0130MAL... - AvrupaPress","isPartOf":{"@id":"https:\/\/avrupapress.com\/#website"},"primaryImageOfPage":{"@id":"https:\/\/avrupapress.com\/2021\/06\/16\/iyi-niyet-ve-suistimal\/#primaryimage"},"image":{"@id":"https:\/\/avrupapress.com\/2021\/06\/16\/iyi-niyet-ve-suistimal\/#primaryimage"},"thumbnailUrl":"https:\/\/avrupapress.com\/main\/wp-content\/uploads\/2021\/05\/20210510_181738.jpg","datePublished":"2021-06-16T21:00:08+00:00","breadcrumb":{"@id":"https:\/\/avrupapress.com\/2021\/06\/16\/iyi-niyet-ve-suistimal\/#breadcrumb"},"inLanguage":"fr-BE","potentialAction":[{"@type":"ReadAction","target":["https:\/\/avrupapress.com\/2021\/06\/16\/iyi-niyet-ve-suistimal\/"]}]},{"@type":"ImageObject","inLanguage":"fr-BE","@id":"https:\/\/avrupapress.com\/2021\/06\/16\/iyi-niyet-ve-suistimal\/#primaryimage","url":"https:\/\/avrupapress.com\/main\/wp-content\/uploads\/2021\/05\/20210510_181738.jpg","contentUrl":"https:\/\/avrupapress.com\/main\/wp-content\/uploads\/2021\/05\/20210510_181738.jpg","width":747,"height":948},{"@type":"BreadcrumbList","@id":"https:\/\/avrupapress.com\/2021\/06\/16\/iyi-niyet-ve-suistimal\/#breadcrumb","itemListElement":[{"@type":"ListItem","position":1,"name":"Anasayfa","item":"https:\/\/avrupapress.com\/"},{"@type":"ListItem","position":2,"name":"\u0130Y\u0130 N\u0130YET VE SU\u0130ST\u0130MAL&#8230;"}]},{"@type":"WebSite","@id":"https:\/\/avrupapress.com\/#website","url":"https:\/\/avrupapress.com\/","name":"AvrupaPress","description":"Haberin Adresi","publisher":{"@id":"https:\/\/avrupapress.com\/#\/schema\/person\/0223dca19c72c43575bf30d1a2d8f4fa"},"potentialAction":[{"@type":"SearchAction","target":{"@type":"EntryPoint","urlTemplate":"https:\/\/avrupapress.com\/?s={search_term_string}"},"query-input":{"@type":"PropertyValueSpecification","valueRequired":true,"valueName":"search_term_string"}}],"inLanguage":"fr-BE"},{"@type":["Person","Organization"],"@id":"https:\/\/avrupapress.com\/#\/schema\/person\/0223dca19c72c43575bf30d1a2d8f4fa","name":"Bilgin \u00d6z\u00e7ift\u00e7i","image":{"@type":"ImageObject","inLanguage":"fr-BE","@id":"https:\/\/avrupapress.com\/#\/schema\/person\/image\/","url":"https:\/\/secure.gravatar.com\/avatar\/0f23b280433a21e1ea7a0adcc46ed0ad16afe3ad8e630fd13d8a017dcbd54ef3?s=96&d=mm&r=g","contentUrl":"https:\/\/secure.gravatar.com\/avatar\/0f23b280433a21e1ea7a0adcc46ed0ad16afe3ad8e630fd13d8a017dcbd54ef3?s=96&d=mm&r=g","caption":"Bilgin \u00d6z\u00e7ift\u00e7i"},"logo":{"@id":"https:\/\/avrupapress.com\/#\/schema\/person\/image\/"},"description":"Ne ben, nede sen... Biz ancak \"biz\" olursak g\u00fc\u00e7l\u00fc olabiliriz"},{"@type":"Person","@id":"https:\/\/avrupapress.com\/#\/schema\/person\/68428444ec60970d1e1b700cf4ca1e8f","name":"Edit\u00f6r","image":{"@type":"ImageObject","inLanguage":"fr-BE","@id":"https:\/\/avrupapress.com\/#\/schema\/person\/image\/","url":"https:\/\/secure.gravatar.com\/avatar\/74996b0977aa5f1559ba9883776652508b229005c0d78fb2597897f0bd651c09?s=96&d=mm&r=g","contentUrl":"https:\/\/secure.gravatar.com\/avatar\/74996b0977aa5f1559ba9883776652508b229005c0d78fb2597897f0bd651c09?s=96&d=mm&r=g","caption":"Edit\u00f6r"},"sameAs":["http:\/\/www.avrupapress.com"],"url":"https:\/\/avrupapress.com\/main\/author\/editor\/"}]}},"_links":{"self":[{"href":"https:\/\/avrupapress.com\/main\/wp-json\/wp\/v2\/posts\/15788","targetHints":{"allow":["GET"]}}],"collection":[{"href":"https:\/\/avrupapress.com\/main\/wp-json\/wp\/v2\/posts"}],"about":[{"href":"https:\/\/avrupapress.com\/main\/wp-json\/wp\/v2\/types\/post"}],"author":[{"embeddable":true,"href":"https:\/\/avrupapress.com\/main\/wp-json\/wp\/v2\/users\/3"}],"replies":[{"embeddable":true,"href":"https:\/\/avrupapress.com\/main\/wp-json\/wp\/v2\/comments?post=15788"}],"version-history":[{"count":1,"href":"https:\/\/avrupapress.com\/main\/wp-json\/wp\/v2\/posts\/15788\/revisions"}],"predecessor-version":[{"id":15789,"href":"https:\/\/avrupapress.com\/main\/wp-json\/wp\/v2\/posts\/15788\/revisions\/15789"}],"wp:featuredmedia":[{"embeddable":true,"href":"https:\/\/avrupapress.com\/main\/wp-json\/wp\/v2\/media\/15330"}],"wp:attachment":[{"href":"https:\/\/avrupapress.com\/main\/wp-json\/wp\/v2\/media?parent=15788"}],"wp:term":[{"taxonomy":"category","embeddable":true,"href":"https:\/\/avrupapress.com\/main\/wp-json\/wp\/v2\/categories?post=15788"},{"taxonomy":"post_tag","embeddable":true,"href":"https:\/\/avrupapress.com\/main\/wp-json\/wp\/v2\/tags?post=15788"}],"curies":[{"name":"wp","href":"https:\/\/api.w.org\/{rel}","templated":true}]}}