{"id":1507,"date":"2017-09-30T18:14:24","date_gmt":"2017-09-30T18:14:24","guid":{"rendered":"http:\/\/avrupapress.com\/main\/?p=1507"},"modified":"2017-09-30T18:14:24","modified_gmt":"2017-09-30T18:14:24","slug":"sark-koselerinin-hasir-yastiklari-bolvadin-derekarabag-koyunden","status":"publish","type":"post","link":"https:\/\/avrupapress.com\/main\/2017\/09\/30\/sark-koselerinin-hasir-yastiklari-bolvadin-derekarabag-koyunden\/","title":{"rendered":"\u015eark K\u00f6\u015felerinin Has\u0131r Yast\u0131klar\u0131 Bolvadin Derekaraba\u011f K\u00f6y\u00fcnden&#8230;"},"content":{"rendered":"<p>T\u00fcrkiye&rsquo;nin \u00f6nemli sulak alanlar\u0131ndan Eber G\u00f6l\u00fc&rsquo;nden k\u00f6yl\u00fclerce toplanan k\u0131nd\u0131ralar, usta ellerde hal\u0131 desenleriyle s\u00fcslenerek \u015fark k\u00f6\u015felerinde kullan\u0131lan has\u0131r yast\u0131klara d\u00f6n\u00fc\u015f\u00fcyor.<\/p>\n<p>Afyonkarahisar&rsquo;\u0131n Bolvadin il\u00e7esi Derekaraba\u011f k\u00f6y\u00fcnde y\u0131llard\u0131r yast\u0131k yaparak ge\u00e7imini sa\u011flayan Kadir K\u0131l\u0131n\u00e7, k\u0131nd\u0131ra bitkisini, haziran-may\u0131s aylar\u0131nda g\u00f6lden bi\u00e7tiklerini s\u00f6yledi.<\/p>\n<p>Kurutulduktan sonra i\u015f\u00e7ilerce i\u015flenen k\u0131nd\u0131ran\u0131n yast\u0131k haline getirildi\u011fini anlatan K\u0131l\u0131n\u00e7, \u00ab\u00a0Yapt\u0131\u011f\u0131m\u0131z has\u0131r yast\u0131klar\u0131 Konya&rsquo;ya g\u00f6nderiyoruz. Orada da hal\u0131 desenli y\u00fcz giydirilip, b\u00fcy\u00fck\u015fehirlere \u015fark k\u00f6\u015felerinde kullan\u0131lmak \u00fczere g\u00f6nderiliyor. Ayr\u0131ca yer sofralar\u0131nda, dizilerde dekor olarak kullan\u0131l\u0131yor.\u00a0\u00bb diye konu\u015ftu.<\/p>\n<p>K\u00f6ylerinde bu i\u015fle u\u011fra\u015fan \u00fc\u00e7 hane bulundu\u011funu belirten K\u0131l\u0131n\u00e7, \u015funlar\u0131 kaydetti:<\/p>\n<p>\u00ab\u00a0Ekme\u011fimiz Eber G\u00f6l\u00fc&rsquo;nden. Arazimiz \u00e7ok az, yok denecek kadar az. O y\u00fczden mevsimlik olarak k\u0131\u015f\u0131n kam\u0131\u015f, yaz\u0131n da has\u0131r yast\u0131k i\u015fi yap\u0131yoruz. Kas\u0131mdan marta kadar kam\u0131\u015f toplar\u0131z. Y\u0131lda 10 bin yast\u0131k yap\u0131yoruz. 12 tanesine bir tak\u0131m deniyor. \u0130ki farkl\u0131 \u00e7e\u015fit var. Kal\u0131nl\u0131\u011f\u0131na g\u00f6re 16 santimetre olan &lsquo; Konya&rsquo;, di\u011feri ise &lsquo; Karaman&rsquo; diye ge\u00e7iyor. Boylar\u0131 ikisinin de ayn\u0131d\u0131r. Bir \u015fehrimiz Konya kullan\u0131yorsa, ba\u015fka bir \u015fehrimiz Karaman tercih ediyor.\u00a0\u00bb<\/p>\n<p>\u00ab\u00a0Bu i\u015f aile mesle\u011fimiz\u00a0\u00bb<\/p>\n<p>K\u00f6yl\u00fclerden Mevl\u00fct K\u0131l\u0131n\u00e7 (50) da \u00e7ocuklu\u011fundan beri yast\u0131k i\u015fiyle u\u011fra\u015ft\u0131\u011f\u0131n\u0131 dile getirdi.<\/p>\n<p>Ba\u015fka bir gelirlerinin olmad\u0131\u011f\u0131n\u0131 s\u00f6yleyen K\u0131l\u0131n\u00e7, \u00ab\u00a0Bu i\u015f aile mesle\u011fimiz. G\u00fcnde 50-60 yast\u0131k yap\u0131yoruz. K\u0131nd\u0131ray\u0131, g\u00f6lde su oldu\u011fu zaman kay\u0131klarla girip kesiyoruz. Kurudu\u011funda ise g\u00f6le trakt\u00f6rle girebiliyoruz.\u00a0\u00bb ifadelerini kulland\u0131.<\/p>\n<p>Has\u0131r yast\u0131k ticaretiyle u\u011fra\u015fan 66 ya\u015f\u0131ndaki Fahrettin Atmaca ise hem kendisi hem de k\u00f6yl\u00fcler i\u00e7in yast\u0131k yap\u0131m\u0131n\u0131n \u00f6nemli bir gelir kayna\u011f\u0131 oldu\u011funu anlatt\u0131.<\/p>\n<p>Atmaca, \u00ab\u00a0Bu yast\u0131klar genellikle \u015fark odalar\u0131nda kullan\u0131l\u0131yor. Bunlar\u0131 toptan veya perakende olarak veriyoruz. Ba\u015fta \u0130stanbul ve \u0130zmir gibi illere g\u00f6nderiliyor. Yast\u0131klar\u0131, hal\u0131 k\u0131l\u0131f ge\u00e7irilmi\u015f olarak veya herhangi i\u015flem yapmadan alanlar oluyor. Yurt d\u0131\u015f\u0131na g\u00f6nderenlerin de oldu\u011funu duyuyoruz. Biz sadece \u00fclke i\u00e7inde sipari\u015fleri kar\u015f\u0131l\u0131yoruz. Bize internet \u00fczerinden bile ula\u015fanlar oluyor.\u00a0\u00bb diye konu\u015ftu.<\/p>\n","protected":false},"excerpt":{"rendered":"<p>T\u00fcrkiye&rsquo;nin \u00f6nemli sulak alanlar\u0131ndan Eber G\u00f6l\u00fc&rsquo;nden k\u00f6yl\u00fclerce toplanan k\u0131nd\u0131ralar, usta ellerde hal\u0131 desenleriyle s\u00fcslenerek \u015fark k\u00f6\u015felerinde kullan\u0131lan has\u0131r yast\u0131klara d\u00f6n\u00fc\u015f\u00fcyor. Afyonkarahisar&rsquo;\u0131n Bolvadin il\u00e7esi Derekaraba\u011f k\u00f6y\u00fcnde y\u0131llard\u0131r yast\u0131k yaparak ge\u00e7imini sa\u011flayan Kadir K\u0131l\u0131n\u00e7, k\u0131nd\u0131ra bitkisini, haziran-may\u0131s aylar\u0131nda g\u00f6lden bi\u00e7tiklerini s\u00f6yledi. Kurutulduktan sonra i\u015f\u00e7ilerce i\u015flenen k\u0131nd\u0131ran\u0131n yast\u0131k haline getirildi\u011fini anlatan K\u0131l\u0131n\u00e7, \u00ab\u00a0Yapt\u0131\u011f\u0131m\u0131z has\u0131r yast\u0131klar\u0131 Konya&rsquo;ya g\u00f6nderiyoruz. Orada [&hellip;]<\/p>\n","protected":false},"author":3,"featured_media":1508,"comment_status":"open","ping_status":"open","sticky":false,"template":"","format":"standard","meta":{"footnotes":""},"categories":[14,16,3,17,18,19,2,1],"tags":[261,1163,1161,1160,1164,1159,1162],"class_list":["post-1507","post","type-post","status-publish","format-standard","has-post-thumbnail","hentry","category-avrupa","category-belcika","category-dunya","category-ekonomi","category-kultur-sanat","category-tanitim","category-turkiye","category-uncategorized","tag-bolvadin","tag-derekarabag","tag-hasir","tag-koselerinin","tag-koyunden","tag-sark","tag-yastiklari"],"yoast_head":"<!-- This site is optimized with the Yoast SEO plugin v26.9 - https:\/\/yoast.com\/product\/yoast-seo-wordpress\/ -->\n<title>\u015eark K\u00f6\u015felerinin Has\u0131r Yast\u0131klar\u0131 Bolvadin Derekaraba\u011f K\u00f6y\u00fcnden... - AvrupaPress<\/title>\n<meta name=\"robots\" content=\"index, follow, max-snippet:-1, max-image-preview:large, max-video-preview:-1\" \/>\n<link rel=\"canonical\" href=\"https:\/\/avrupapress.com\/2017\/09\/30\/sark-koselerinin-hasir-yastiklari-bolvadin-derekarabag-koyunden\/\" \/>\n<meta property=\"og:locale\" content=\"fr_FR\" \/>\n<meta property=\"og:type\" content=\"article\" \/>\n<meta property=\"og:title\" content=\"\u015eark K\u00f6\u015felerinin Has\u0131r Yast\u0131klar\u0131 Bolvadin Derekaraba\u011f K\u00f6y\u00fcnden... - AvrupaPress\" \/>\n<meta property=\"og:description\" content=\"T\u00fcrkiye&rsquo;nin \u00f6nemli sulak alanlar\u0131ndan Eber G\u00f6l\u00fc&rsquo;nden k\u00f6yl\u00fclerce toplanan k\u0131nd\u0131ralar, usta ellerde hal\u0131 desenleriyle s\u00fcslenerek \u015fark k\u00f6\u015felerinde kullan\u0131lan has\u0131r yast\u0131klara d\u00f6n\u00fc\u015f\u00fcyor. Afyonkarahisar&rsquo;\u0131n Bolvadin il\u00e7esi Derekaraba\u011f k\u00f6y\u00fcnde y\u0131llard\u0131r yast\u0131k yaparak ge\u00e7imini sa\u011flayan Kadir K\u0131l\u0131n\u00e7, k\u0131nd\u0131ra bitkisini, haziran-may\u0131s aylar\u0131nda g\u00f6lden bi\u00e7tiklerini s\u00f6yledi. Kurutulduktan sonra i\u015f\u00e7ilerce i\u015flenen k\u0131nd\u0131ran\u0131n yast\u0131k haline getirildi\u011fini anlatan K\u0131l\u0131n\u00e7, \u00ab\u00a0Yapt\u0131\u011f\u0131m\u0131z has\u0131r yast\u0131klar\u0131 Konya&rsquo;ya g\u00f6nderiyoruz. Orada [&hellip;]\" \/>\n<meta property=\"og:url\" content=\"https:\/\/avrupapress.com\/2017\/09\/30\/sark-koselerinin-hasir-yastiklari-bolvadin-derekarabag-koyunden\/\" \/>\n<meta property=\"og:site_name\" content=\"AvrupaPress\" \/>\n<meta property=\"article:published_time\" content=\"2017-09-30T18:14:24+00:00\" \/>\n<meta property=\"og:image\" content=\"https:\/\/avrupapress.com\/wp-content\/uploads\/2017\/09\/sark-koeselerinin-hasir-yastiklari-bolvadin-derekarabag-koeyuenden-5621.jpg\" \/>\n\t<meta property=\"og:image:width\" content=\"640\" \/>\n\t<meta property=\"og:image:height\" content=\"427\" \/>\n\t<meta property=\"og:image:type\" content=\"image\/jpeg\" \/>\n<meta name=\"author\" content=\"Edit\u00f6r\" \/>\n<meta name=\"twitter:card\" content=\"summary_large_image\" \/>\n<meta name=\"twitter:label1\" content=\"\u00c9crit par\" \/>\n\t<meta name=\"twitter:data1\" content=\"Edit\u00f6r\" \/>\n\t<meta name=\"twitter:label2\" content=\"Dur\u00e9e de lecture est.\" \/>\n\t<meta name=\"twitter:data2\" content=\"2 minutes\" \/>\n<script type=\"application\/ld+json\" class=\"yoast-schema-graph\">{\"@context\":\"https:\/\/schema.org\",\"@graph\":[{\"@type\":\"Article\",\"@id\":\"https:\/\/avrupapress.com\/2017\/09\/30\/sark-koselerinin-hasir-yastiklari-bolvadin-derekarabag-koyunden\/#article\",\"isPartOf\":{\"@id\":\"https:\/\/avrupapress.com\/2017\/09\/30\/sark-koselerinin-hasir-yastiklari-bolvadin-derekarabag-koyunden\/\"},\"author\":{\"name\":\"Edit\u00f6r\",\"@id\":\"https:\/\/avrupapress.com\/#\/schema\/person\/68428444ec60970d1e1b700cf4ca1e8f\"},\"headline\":\"\u015eark K\u00f6\u015felerinin Has\u0131r Yast\u0131klar\u0131 Bolvadin Derekaraba\u011f K\u00f6y\u00fcnden&#8230;\",\"datePublished\":\"2017-09-30T18:14:24+00:00\",\"mainEntityOfPage\":{\"@id\":\"https:\/\/avrupapress.com\/2017\/09\/30\/sark-koselerinin-hasir-yastiklari-bolvadin-derekarabag-koyunden\/\"},\"wordCount\":433,\"commentCount\":0,\"publisher\":{\"@id\":\"https:\/\/avrupapress.com\/#\/schema\/person\/0223dca19c72c43575bf30d1a2d8f4fa\"},\"image\":{\"@id\":\"https:\/\/avrupapress.com\/2017\/09\/30\/sark-koselerinin-hasir-yastiklari-bolvadin-derekarabag-koyunden\/#primaryimage\"},\"thumbnailUrl\":\"https:\/\/avrupapress.com\/main\/wp-content\/uploads\/2017\/09\/sark-koeselerinin-hasir-yastiklari-bolvadin-derekarabag-koeyuenden-5621.jpg\",\"keywords\":[\"bolvadin\",\"Derekaraba\u011f\",\"Has\u0131r\",\"K\u00f6\u015felerinin\",\"K\u00f6y\u00fcnden...\",\"\u015eark\",\"Yast\u0131klar\u0131\"],\"articleSection\":[\"Avrupa\",\"Bel\u00e7ika\",\"D\u00fcnya\",\"Ekonomi\",\"K\u00fclt\u00fcr-Sanat\",\"Tan\u0131t\u0131m\",\"T\u00fcrkiye\",\"Uncategorized\"],\"inLanguage\":\"fr-BE\",\"potentialAction\":[{\"@type\":\"CommentAction\",\"name\":\"Comment\",\"target\":[\"https:\/\/avrupapress.com\/2017\/09\/30\/sark-koselerinin-hasir-yastiklari-bolvadin-derekarabag-koyunden\/#respond\"]}]},{\"@type\":\"WebPage\",\"@id\":\"https:\/\/avrupapress.com\/2017\/09\/30\/sark-koselerinin-hasir-yastiklari-bolvadin-derekarabag-koyunden\/\",\"url\":\"https:\/\/avrupapress.com\/2017\/09\/30\/sark-koselerinin-hasir-yastiklari-bolvadin-derekarabag-koyunden\/\",\"name\":\"\u015eark K\u00f6\u015felerinin Has\u0131r Yast\u0131klar\u0131 Bolvadin Derekaraba\u011f K\u00f6y\u00fcnden... - AvrupaPress\",\"isPartOf\":{\"@id\":\"https:\/\/avrupapress.com\/#website\"},\"primaryImageOfPage\":{\"@id\":\"https:\/\/avrupapress.com\/2017\/09\/30\/sark-koselerinin-hasir-yastiklari-bolvadin-derekarabag-koyunden\/#primaryimage\"},\"image\":{\"@id\":\"https:\/\/avrupapress.com\/2017\/09\/30\/sark-koselerinin-hasir-yastiklari-bolvadin-derekarabag-koyunden\/#primaryimage\"},\"thumbnailUrl\":\"https:\/\/avrupapress.com\/main\/wp-content\/uploads\/2017\/09\/sark-koeselerinin-hasir-yastiklari-bolvadin-derekarabag-koeyuenden-5621.jpg\",\"datePublished\":\"2017-09-30T18:14:24+00:00\",\"breadcrumb\":{\"@id\":\"https:\/\/avrupapress.com\/2017\/09\/30\/sark-koselerinin-hasir-yastiklari-bolvadin-derekarabag-koyunden\/#breadcrumb\"},\"inLanguage\":\"fr-BE\",\"potentialAction\":[{\"@type\":\"ReadAction\",\"target\":[\"https:\/\/avrupapress.com\/2017\/09\/30\/sark-koselerinin-hasir-yastiklari-bolvadin-derekarabag-koyunden\/\"]}]},{\"@type\":\"ImageObject\",\"inLanguage\":\"fr-BE\",\"@id\":\"https:\/\/avrupapress.com\/2017\/09\/30\/sark-koselerinin-hasir-yastiklari-bolvadin-derekarabag-koyunden\/#primaryimage\",\"url\":\"https:\/\/avrupapress.com\/main\/wp-content\/uploads\/2017\/09\/sark-koeselerinin-hasir-yastiklari-bolvadin-derekarabag-koeyuenden-5621.jpg\",\"contentUrl\":\"https:\/\/avrupapress.com\/main\/wp-content\/uploads\/2017\/09\/sark-koeselerinin-hasir-yastiklari-bolvadin-derekarabag-koeyuenden-5621.jpg\",\"width\":640,\"height\":427},{\"@type\":\"BreadcrumbList\",\"@id\":\"https:\/\/avrupapress.com\/2017\/09\/30\/sark-koselerinin-hasir-yastiklari-bolvadin-derekarabag-koyunden\/#breadcrumb\",\"itemListElement\":[{\"@type\":\"ListItem\",\"position\":1,\"name\":\"Anasayfa\",\"item\":\"https:\/\/avrupapress.com\/\"},{\"@type\":\"ListItem\",\"position\":2,\"name\":\"\u015eark K\u00f6\u015felerinin Has\u0131r Yast\u0131klar\u0131 Bolvadin Derekaraba\u011f K\u00f6y\u00fcnden&#8230;\"}]},{\"@type\":\"WebSite\",\"@id\":\"https:\/\/avrupapress.com\/#website\",\"url\":\"https:\/\/avrupapress.com\/\",\"name\":\"AvrupaPress\",\"description\":\"Haberin Adresi\",\"publisher\":{\"@id\":\"https:\/\/avrupapress.com\/#\/schema\/person\/0223dca19c72c43575bf30d1a2d8f4fa\"},\"potentialAction\":[{\"@type\":\"SearchAction\",\"target\":{\"@type\":\"EntryPoint\",\"urlTemplate\":\"https:\/\/avrupapress.com\/?s={search_term_string}\"},\"query-input\":{\"@type\":\"PropertyValueSpecification\",\"valueRequired\":true,\"valueName\":\"search_term_string\"}}],\"inLanguage\":\"fr-BE\"},{\"@type\":[\"Person\",\"Organization\"],\"@id\":\"https:\/\/avrupapress.com\/#\/schema\/person\/0223dca19c72c43575bf30d1a2d8f4fa\",\"name\":\"Bilgin \u00d6z\u00e7ift\u00e7i\",\"image\":{\"@type\":\"ImageObject\",\"inLanguage\":\"fr-BE\",\"@id\":\"https:\/\/avrupapress.com\/#\/schema\/person\/image\/\",\"url\":\"https:\/\/secure.gravatar.com\/avatar\/0f23b280433a21e1ea7a0adcc46ed0ad16afe3ad8e630fd13d8a017dcbd54ef3?s=96&d=mm&r=g\",\"contentUrl\":\"https:\/\/secure.gravatar.com\/avatar\/0f23b280433a21e1ea7a0adcc46ed0ad16afe3ad8e630fd13d8a017dcbd54ef3?s=96&d=mm&r=g\",\"caption\":\"Bilgin \u00d6z\u00e7ift\u00e7i\"},\"logo\":{\"@id\":\"https:\/\/avrupapress.com\/#\/schema\/person\/image\/\"},\"description\":\"Ne ben, nede sen... Biz ancak \\\"biz\\\" olursak g\u00fc\u00e7l\u00fc olabiliriz\"},{\"@type\":\"Person\",\"@id\":\"https:\/\/avrupapress.com\/#\/schema\/person\/68428444ec60970d1e1b700cf4ca1e8f\",\"name\":\"Edit\u00f6r\",\"image\":{\"@type\":\"ImageObject\",\"inLanguage\":\"fr-BE\",\"@id\":\"https:\/\/avrupapress.com\/#\/schema\/person\/image\/\",\"url\":\"https:\/\/secure.gravatar.com\/avatar\/74996b0977aa5f1559ba9883776652508b229005c0d78fb2597897f0bd651c09?s=96&d=mm&r=g\",\"contentUrl\":\"https:\/\/secure.gravatar.com\/avatar\/74996b0977aa5f1559ba9883776652508b229005c0d78fb2597897f0bd651c09?s=96&d=mm&r=g\",\"caption\":\"Edit\u00f6r\"},\"sameAs\":[\"http:\/\/www.avrupapress.com\"],\"url\":\"https:\/\/avrupapress.com\/main\/author\/editor\/\"}]}<\/script>\n<!-- \/ Yoast SEO plugin. -->","yoast_head_json":{"title":"\u015eark K\u00f6\u015felerinin Has\u0131r Yast\u0131klar\u0131 Bolvadin Derekaraba\u011f K\u00f6y\u00fcnden... - AvrupaPress","robots":{"index":"index","follow":"follow","max-snippet":"max-snippet:-1","max-image-preview":"max-image-preview:large","max-video-preview":"max-video-preview:-1"},"canonical":"https:\/\/avrupapress.com\/2017\/09\/30\/sark-koselerinin-hasir-yastiklari-bolvadin-derekarabag-koyunden\/","og_locale":"fr_FR","og_type":"article","og_title":"\u015eark K\u00f6\u015felerinin Has\u0131r Yast\u0131klar\u0131 Bolvadin Derekaraba\u011f K\u00f6y\u00fcnden... - AvrupaPress","og_description":"T\u00fcrkiye&rsquo;nin \u00f6nemli sulak alanlar\u0131ndan Eber G\u00f6l\u00fc&rsquo;nden k\u00f6yl\u00fclerce toplanan k\u0131nd\u0131ralar, usta ellerde hal\u0131 desenleriyle s\u00fcslenerek \u015fark k\u00f6\u015felerinde kullan\u0131lan has\u0131r yast\u0131klara d\u00f6n\u00fc\u015f\u00fcyor. Afyonkarahisar&rsquo;\u0131n Bolvadin il\u00e7esi Derekaraba\u011f k\u00f6y\u00fcnde y\u0131llard\u0131r yast\u0131k yaparak ge\u00e7imini sa\u011flayan Kadir K\u0131l\u0131n\u00e7, k\u0131nd\u0131ra bitkisini, haziran-may\u0131s aylar\u0131nda g\u00f6lden bi\u00e7tiklerini s\u00f6yledi. Kurutulduktan sonra i\u015f\u00e7ilerce i\u015flenen k\u0131nd\u0131ran\u0131n yast\u0131k haline getirildi\u011fini anlatan K\u0131l\u0131n\u00e7, \u00ab\u00a0Yapt\u0131\u011f\u0131m\u0131z has\u0131r yast\u0131klar\u0131 Konya&rsquo;ya g\u00f6nderiyoruz. Orada [&hellip;]","og_url":"https:\/\/avrupapress.com\/2017\/09\/30\/sark-koselerinin-hasir-yastiklari-bolvadin-derekarabag-koyunden\/","og_site_name":"AvrupaPress","article_published_time":"2017-09-30T18:14:24+00:00","og_image":[{"width":640,"height":427,"url":"https:\/\/avrupapress.com\/wp-content\/uploads\/2017\/09\/sark-koeselerinin-hasir-yastiklari-bolvadin-derekarabag-koeyuenden-5621.jpg","type":"image\/jpeg"}],"author":"Edit\u00f6r","twitter_card":"summary_large_image","twitter_misc":{"\u00c9crit par":"Edit\u00f6r","Dur\u00e9e de lecture est.":"2 minutes"},"schema":{"@context":"https:\/\/schema.org","@graph":[{"@type":"Article","@id":"https:\/\/avrupapress.com\/2017\/09\/30\/sark-koselerinin-hasir-yastiklari-bolvadin-derekarabag-koyunden\/#article","isPartOf":{"@id":"https:\/\/avrupapress.com\/2017\/09\/30\/sark-koselerinin-hasir-yastiklari-bolvadin-derekarabag-koyunden\/"},"author":{"name":"Edit\u00f6r","@id":"https:\/\/avrupapress.com\/#\/schema\/person\/68428444ec60970d1e1b700cf4ca1e8f"},"headline":"\u015eark K\u00f6\u015felerinin Has\u0131r Yast\u0131klar\u0131 Bolvadin Derekaraba\u011f K\u00f6y\u00fcnden&#8230;","datePublished":"2017-09-30T18:14:24+00:00","mainEntityOfPage":{"@id":"https:\/\/avrupapress.com\/2017\/09\/30\/sark-koselerinin-hasir-yastiklari-bolvadin-derekarabag-koyunden\/"},"wordCount":433,"commentCount":0,"publisher":{"@id":"https:\/\/avrupapress.com\/#\/schema\/person\/0223dca19c72c43575bf30d1a2d8f4fa"},"image":{"@id":"https:\/\/avrupapress.com\/2017\/09\/30\/sark-koselerinin-hasir-yastiklari-bolvadin-derekarabag-koyunden\/#primaryimage"},"thumbnailUrl":"https:\/\/avrupapress.com\/main\/wp-content\/uploads\/2017\/09\/sark-koeselerinin-hasir-yastiklari-bolvadin-derekarabag-koeyuenden-5621.jpg","keywords":["bolvadin","Derekaraba\u011f","Has\u0131r","K\u00f6\u015felerinin","K\u00f6y\u00fcnden...","\u015eark","Yast\u0131klar\u0131"],"articleSection":["Avrupa","Bel\u00e7ika","D\u00fcnya","Ekonomi","K\u00fclt\u00fcr-Sanat","Tan\u0131t\u0131m","T\u00fcrkiye","Uncategorized"],"inLanguage":"fr-BE","potentialAction":[{"@type":"CommentAction","name":"Comment","target":["https:\/\/avrupapress.com\/2017\/09\/30\/sark-koselerinin-hasir-yastiklari-bolvadin-derekarabag-koyunden\/#respond"]}]},{"@type":"WebPage","@id":"https:\/\/avrupapress.com\/2017\/09\/30\/sark-koselerinin-hasir-yastiklari-bolvadin-derekarabag-koyunden\/","url":"https:\/\/avrupapress.com\/2017\/09\/30\/sark-koselerinin-hasir-yastiklari-bolvadin-derekarabag-koyunden\/","name":"\u015eark K\u00f6\u015felerinin Has\u0131r Yast\u0131klar\u0131 Bolvadin Derekaraba\u011f K\u00f6y\u00fcnden... - AvrupaPress","isPartOf":{"@id":"https:\/\/avrupapress.com\/#website"},"primaryImageOfPage":{"@id":"https:\/\/avrupapress.com\/2017\/09\/30\/sark-koselerinin-hasir-yastiklari-bolvadin-derekarabag-koyunden\/#primaryimage"},"image":{"@id":"https:\/\/avrupapress.com\/2017\/09\/30\/sark-koselerinin-hasir-yastiklari-bolvadin-derekarabag-koyunden\/#primaryimage"},"thumbnailUrl":"https:\/\/avrupapress.com\/main\/wp-content\/uploads\/2017\/09\/sark-koeselerinin-hasir-yastiklari-bolvadin-derekarabag-koeyuenden-5621.jpg","datePublished":"2017-09-30T18:14:24+00:00","breadcrumb":{"@id":"https:\/\/avrupapress.com\/2017\/09\/30\/sark-koselerinin-hasir-yastiklari-bolvadin-derekarabag-koyunden\/#breadcrumb"},"inLanguage":"fr-BE","potentialAction":[{"@type":"ReadAction","target":["https:\/\/avrupapress.com\/2017\/09\/30\/sark-koselerinin-hasir-yastiklari-bolvadin-derekarabag-koyunden\/"]}]},{"@type":"ImageObject","inLanguage":"fr-BE","@id":"https:\/\/avrupapress.com\/2017\/09\/30\/sark-koselerinin-hasir-yastiklari-bolvadin-derekarabag-koyunden\/#primaryimage","url":"https:\/\/avrupapress.com\/main\/wp-content\/uploads\/2017\/09\/sark-koeselerinin-hasir-yastiklari-bolvadin-derekarabag-koeyuenden-5621.jpg","contentUrl":"https:\/\/avrupapress.com\/main\/wp-content\/uploads\/2017\/09\/sark-koeselerinin-hasir-yastiklari-bolvadin-derekarabag-koeyuenden-5621.jpg","width":640,"height":427},{"@type":"BreadcrumbList","@id":"https:\/\/avrupapress.com\/2017\/09\/30\/sark-koselerinin-hasir-yastiklari-bolvadin-derekarabag-koyunden\/#breadcrumb","itemListElement":[{"@type":"ListItem","position":1,"name":"Anasayfa","item":"https:\/\/avrupapress.com\/"},{"@type":"ListItem","position":2,"name":"\u015eark K\u00f6\u015felerinin Has\u0131r Yast\u0131klar\u0131 Bolvadin Derekaraba\u011f K\u00f6y\u00fcnden&#8230;"}]},{"@type":"WebSite","@id":"https:\/\/avrupapress.com\/#website","url":"https:\/\/avrupapress.com\/","name":"AvrupaPress","description":"Haberin Adresi","publisher":{"@id":"https:\/\/avrupapress.com\/#\/schema\/person\/0223dca19c72c43575bf30d1a2d8f4fa"},"potentialAction":[{"@type":"SearchAction","target":{"@type":"EntryPoint","urlTemplate":"https:\/\/avrupapress.com\/?s={search_term_string}"},"query-input":{"@type":"PropertyValueSpecification","valueRequired":true,"valueName":"search_term_string"}}],"inLanguage":"fr-BE"},{"@type":["Person","Organization"],"@id":"https:\/\/avrupapress.com\/#\/schema\/person\/0223dca19c72c43575bf30d1a2d8f4fa","name":"Bilgin \u00d6z\u00e7ift\u00e7i","image":{"@type":"ImageObject","inLanguage":"fr-BE","@id":"https:\/\/avrupapress.com\/#\/schema\/person\/image\/","url":"https:\/\/secure.gravatar.com\/avatar\/0f23b280433a21e1ea7a0adcc46ed0ad16afe3ad8e630fd13d8a017dcbd54ef3?s=96&d=mm&r=g","contentUrl":"https:\/\/secure.gravatar.com\/avatar\/0f23b280433a21e1ea7a0adcc46ed0ad16afe3ad8e630fd13d8a017dcbd54ef3?s=96&d=mm&r=g","caption":"Bilgin \u00d6z\u00e7ift\u00e7i"},"logo":{"@id":"https:\/\/avrupapress.com\/#\/schema\/person\/image\/"},"description":"Ne ben, nede sen... Biz ancak \"biz\" olursak g\u00fc\u00e7l\u00fc olabiliriz"},{"@type":"Person","@id":"https:\/\/avrupapress.com\/#\/schema\/person\/68428444ec60970d1e1b700cf4ca1e8f","name":"Edit\u00f6r","image":{"@type":"ImageObject","inLanguage":"fr-BE","@id":"https:\/\/avrupapress.com\/#\/schema\/person\/image\/","url":"https:\/\/secure.gravatar.com\/avatar\/74996b0977aa5f1559ba9883776652508b229005c0d78fb2597897f0bd651c09?s=96&d=mm&r=g","contentUrl":"https:\/\/secure.gravatar.com\/avatar\/74996b0977aa5f1559ba9883776652508b229005c0d78fb2597897f0bd651c09?s=96&d=mm&r=g","caption":"Edit\u00f6r"},"sameAs":["http:\/\/www.avrupapress.com"],"url":"https:\/\/avrupapress.com\/main\/author\/editor\/"}]}},"_links":{"self":[{"href":"https:\/\/avrupapress.com\/main\/wp-json\/wp\/v2\/posts\/1507","targetHints":{"allow":["GET"]}}],"collection":[{"href":"https:\/\/avrupapress.com\/main\/wp-json\/wp\/v2\/posts"}],"about":[{"href":"https:\/\/avrupapress.com\/main\/wp-json\/wp\/v2\/types\/post"}],"author":[{"embeddable":true,"href":"https:\/\/avrupapress.com\/main\/wp-json\/wp\/v2\/users\/3"}],"replies":[{"embeddable":true,"href":"https:\/\/avrupapress.com\/main\/wp-json\/wp\/v2\/comments?post=1507"}],"version-history":[{"count":1,"href":"https:\/\/avrupapress.com\/main\/wp-json\/wp\/v2\/posts\/1507\/revisions"}],"predecessor-version":[{"id":1509,"href":"https:\/\/avrupapress.com\/main\/wp-json\/wp\/v2\/posts\/1507\/revisions\/1509"}],"wp:featuredmedia":[{"embeddable":true,"href":"https:\/\/avrupapress.com\/main\/wp-json\/wp\/v2\/media\/1508"}],"wp:attachment":[{"href":"https:\/\/avrupapress.com\/main\/wp-json\/wp\/v2\/media?parent=1507"}],"wp:term":[{"taxonomy":"category","embeddable":true,"href":"https:\/\/avrupapress.com\/main\/wp-json\/wp\/v2\/categories?post=1507"},{"taxonomy":"post_tag","embeddable":true,"href":"https:\/\/avrupapress.com\/main\/wp-json\/wp\/v2\/tags?post=1507"}],"curies":[{"name":"wp","href":"https:\/\/api.w.org\/{rel}","templated":true}]}}