{"id":14777,"date":"2021-03-27T04:29:07","date_gmt":"2021-03-27T04:29:07","guid":{"rendered":"http:\/\/avrupapress.com\/main\/?p=14777"},"modified":"2021-03-27T04:29:17","modified_gmt":"2021-03-27T04:29:17","slug":"bu-gece-berat-kandili-kandiliniz-kutlu-olsun","status":"publish","type":"post","link":"https:\/\/avrupapress.com\/main\/2021\/03\/27\/bu-gece-berat-kandili-kandiliniz-kutlu-olsun\/","title":{"rendered":"BU GECE BERAT KAND\u0130L\u0130..  KAND\u0130L\u0130N\u0130Z KUTLU OLSUN.."},"content":{"rendered":"<h2 class=\"haber_ozet\">M\u00fcsl\u00fcmanlar Berat Kandili ne zaman ve Berat Kandili gecesi ne zaman sorular\u0131na yan\u0131t aramakta. Ramazan ay\u0131n\u0131n habercisi olan Berat Kandili, hadis-i \u015feriflerle \u00f6zellikle \u00f6nemi belirtilmi\u015f bir gecedir. Bor\u00e7tan kurtulma, temizlenme, ar\u0131nma manalar\u0131na gelen Berat Kandili 27 Mart g\u00fcn\u00fc ( Bu Gece ) eda edilecek.<\/h2>\n<p>\u00ab\u00a0Berat\u00a0\u00bb kelimesi; g\u00fcnahlardan ar\u0131nma, temize \u00e7\u0131kma, ilahi af ve rahmete nail olma anlamlar\u0131n\u0131 ta\u015f\u0131maktad\u0131r. \u0130slam alemi a\u00e7\u0131s\u0131ndan b\u00fcy\u00fck \u00f6nem ta\u015f\u0131yan Berat gecesi&rsquo;nde ibadet edilmesi b\u00fcy\u00fck sevap olarak bilinirken Hz.Muhammed&rsquo;in Berat Kandili&rsquo;ne ili\u015fkin \u00ab\u00a0\u015eaban ay\u0131n\u0131n 15&rsquo;inci gecesini ibadetle ge\u00e7irin, g\u00fcnd\u00fcz\u00fcnde de oru\u00e7 tutun. \u00c7\u00fcnk\u00fc Y\u00fcce Allah, bu gece d\u00fcnya semas\u0131na rahmetiyle tecelli eder ve &lsquo;Yok mu t\u00f6vbe eden, t\u00f6vbesini kabul edeyim. Yok mu r\u0131z\u0131k isteyen, r\u0131z\u0131k vereyim. Yok mu \u015fifa isteyen, \u015fifa vereyim. Yok mu ba\u015fka iste\u011fi olan ona da istedi\u011fini vereyim&rsquo; ifadesini buyurdu\u011fu bilinmektedir. Bu bak\u0131mdan Berat Kandilinin \u00f6nemi\u00a0ve anlam\u0131 sorgulamalar\u0131 vatanda\u015flarca yap\u0131lmaktad\u0131r. Berat Kandili nedir? \u0130\u015fte Berat Kandili&rsquo;nin anlam\u0131 ve \u00f6nemi<\/p>\n<h3><strong>BERAT KAND\u0130L\u0130 NED\u0130R?<\/strong><\/h3>\n<p>Bu y\u0131l Berat Kandili 27 Mart 2021 tarihinde idrak edilecek. \u0130lahi affa nail olman\u0131n umuldu\u011fu, g\u00fcnahlardan ar\u0131nmay\u0131, t\u00f6vbe etmenin \u00f6nemini kavratan bu m\u00fcbarek gecenin anlam ve \u00f6nemi b\u00fcy\u00fckt\u00fcr. Berat Kandili \u00f6nemi ve anlam\u0131na dair bilgiler \u015fu \u015fekilde;<\/p>\n<p class=\"selectionShareable\"><strong>BERAT KAND\u0130L\u0130&rsquo;N\u0130N ANLAM VE \u00d6NEM\u0130<\/strong><\/p>\n<p class=\"selectionShareable\">Berat kelimesi; kurtulmak, beri olmak, su\u00e7lu olmamak demektir. Berat ve beraet, beri olmak, aklanmak, temiz ve su\u00e7suz \u00e7\u0131kmak demektir. M\u00fc&rsquo;minlerin bu gece g\u00fcnah y\u00fcklerinden kurtulup, il\u00e2h\u00ee ba\u011f\u0131\u015fa ermeleri umuldu\u011fu i\u00e7in, s\u00f6zl\u00fck manas\u0131na uygun olarak \u00ab\u00a0Berat Gecesi\u00a0\u00bb denilmi\u015ftir.Bu geceyi ibadet ve taatle ge\u00e7irmenin \u00e7ok sevabi ve feyzi vard\u0131r. Bu konuda Resul-u Ekrem \u015f\u00f6yle buyurmu\u015ftur:\u00a0\u00bb\u015eaban ay\u0131n\u0131n on be\u015finci gecesi oldu\u011fu zaman, gecesinde ibadete kalk\u0131n. Ve o gecenin g\u00fcnd\u00fcz\u00fcnde (\u015faban ay\u0131n\u0131n on d\u00f6rd\u00fcnc\u00fc g\u00fcn\u00fc) oru\u00e7 tutunuz. \u00c7\u00fcnk\u00fc o gece g\u00fcne\u015f bat\u0131nca Allah Te\u00e2l\u00e2 o andan fecir oluncaya kadar: &lsquo;Benden ma\u011ffiret dileyen yok mu, onu ma\u011ffiret edeyim. Benden r\u0131z\u0131k isteyen yok mu, onu r\u0131z\u0131kland\u0131ray\u0131m. (Bir bel\u00e2 ile) m\u00fcptel\u00e2 olan yok mu, ona kurtulu\u015f vereyim&rsquo; buyurur.\u00a0\u00bb (Ibn M\u00e2ce)Ayr\u0131ca, Berat gecesi, Kuran-\u0131 Kerimin Levh-i Mahfuzdan d\u00fcnya semas\u0131na toptan indirildigi gecedir. Buna inzal denir. Kadir gecesinde ise Peygambere ilk kez ve par\u00e7a par\u00e7a indirilmeye ba\u015flanm\u0131\u015ft\u0131r. Buna da tenzil denir.<\/p>\n<p class=\"selectionShareable\"><strong>BERAT GECES\u0130 ORU\u00c7 TUTULUR MU?<\/strong><\/p>\n<p class=\"selectionShareable\">Hz. Peygamber (s.a.s.), \u00ab\u00a0\u015eaban&rsquo;\u0131n ortas\u0131nda (Berat gecesi) ibadet ediniz, g\u00fcnd\u00fcz oru\u00e7 tutunuz. Allah, o gece g\u00fcne\u015fin batmas\u0131yla d\u00fcnya semas\u0131na (rahmeti ile) tecelli eder ve fecir do\u011fana kadar, &lsquo;Yok mu benden af isteyen onu affedeyim, yok mu benden r\u0131z\u0131k isteyen ona r\u0131z\u0131k vereyim, yok mu bir musibete u\u011frayan ona afiyet vereyim, yok mu ba\u015fka bir \u015fey isteyen\u2026&rsquo; buyurur.\u00a0\u00bb (Bkz. Tirmiz\u00ee, Savm, 39; \u0130bn M\u00e2ce, \u0130k\u00e2met&rsquo;u-Salat, 191) demi\u015ftir. Di\u011fer taraftan Hz. Peygamber (s.a.s.), Zilhicce&rsquo;nin ilk dokuz g\u00fcn\u00fc (Eb\u00fb D\u00e2v\u00fbd, Savm, 62; Tirmiz\u00ee, Savm, 52), pazartesi ve per\u015fembe g\u00fcnleri, \u00e2\u015f\u00fbr\u00e2 ve arefe g\u00fcn\u00fc oru\u00e7 tutar (M\u00fcslim, S\u0131y\u00e2m, 196, 197; \u0130bn M\u00e2ce, S\u0131y\u00e2m, 41,42), pazartesi orucunu soranlara; \u00ab\u00a0Bug\u00fcn benim do\u011fdu\u011fum, Peygamber olarak g\u00f6nderildi\u011fim ve Kur&rsquo;an&rsquo;\u0131n bana vahyedildi\u011fi g\u00fcnd\u00fcr.\u00a0\u00bb (M\u00fcslim, S\u0131y\u00e2m, 198) diye cevap verirdi.<\/p>\n<p class=\"selectionShareable\">Bu ve benzeri rivayetlere dayanarak baz\u0131 \u0130slam alimleri dini a\u00e7\u0131dan faziletli say\u0131lan di\u011fer g\u00fcn ve gecelerin ibadetle ihyas\u0131n\u0131n m\u00fcstehap oldu\u011funu s\u00f6ylemi\u015flerdir.<\/p>\n<table width=\"713\">\n<tbody>\n<tr>\n<td colspan=\"3\" width=\"27%\">\n<p class=\"selectionShareable\">H\u0130CR\u0130 TAR\u0130HLER<\/p>\n<\/td>\n<td colspan=\"4\" width=\"72%\">\n<p class=\"selectionShareable\">M\u0130LAD\u0130 TAR\u0130HLER<\/p>\n<\/td>\n<\/tr>\n<tr>\n<td width=\"5%\">\n<p class=\"selectionShareable\">G\u00dcN<\/p>\n<\/td>\n<td width=\"13%\">\n<p class=\"selectionShareable\">AY<\/p>\n<\/td>\n<td width=\"8%\">\n<p class=\"selectionShareable\">YIL<\/p>\n<\/td>\n<td width=\"5%\">\n<p class=\"selectionShareable\">G\u00dcN<\/p>\n<\/td>\n<td width=\"18%\">\n<p class=\"selectionShareable\">AY-YIL<\/p>\n<\/td>\n<td width=\"15%\">\n<p class=\"selectionShareable\">HAF.G\u00dcN<\/p>\n<\/td>\n<td width=\"32%\">\n<p class=\"selectionShareable\">D\u0130N\u0130 G\u00dcNLER<\/p>\n<\/td>\n<\/tr>\n<tr>\n<td width=\"5%\">\n<p class=\"selectionShareable\">1<\/p>\n<\/td>\n<td width=\"13%\">\n<p class=\"selectionShareable\">C.AH\u0130R<\/p>\n<\/td>\n<td width=\"8%\">\n<p class=\"selectionShareable\">1442<\/p>\n<\/td>\n<td width=\"5%\">\n<p class=\"selectionShareable\">14<\/p>\n<\/td>\n<td width=\"18%\">\n<p class=\"selectionShareable\">OCAK-2021<\/p>\n<\/td>\n<td width=\"15%\">\n<p class=\"selectionShareable\">PER\u015eEMBE<\/p>\n<\/td>\n<td width=\"32%\">\n<p class=\"selectionShareable\">&#8230;&#8230;..<\/p>\n<\/td>\n<\/tr>\n<tr>\n<td width=\"5%\">\n<p class=\"selectionShareable\">1<\/p>\n<\/td>\n<td width=\"13%\">\n<p class=\"selectionShareable\">RECEB?<\/p>\n<\/td>\n<td width=\"8%\">\n<p class=\"selectionShareable\">1442<\/p>\n<\/td>\n<td width=\"5%\">\n<p class=\"selectionShareable\">13<\/p>\n<\/td>\n<td width=\"18%\">\n<p class=\"selectionShareable\">\u015eUBAT-2021<\/p>\n<\/td>\n<td width=\"15%\">\n<p class=\"selectionShareable\">CUMARTES\u0130<\/p>\n<\/td>\n<td width=\"32%\">\n<p class=\"selectionShareable\">\u00dc\u00c7 AYLARIN BA\u015eLANGICI<\/p>\n<\/td>\n<\/tr>\n<tr>\n<td width=\"5%\">\n<p class=\"selectionShareable\">6<\/p>\n<\/td>\n<td width=\"13%\">\n<p class=\"selectionShareable\">RECEB?<\/p>\n<\/td>\n<td width=\"8%\">\n<p class=\"selectionShareable\">1442<\/p>\n<\/td>\n<td width=\"5%\">\n<p class=\"selectionShareable\">18<\/p>\n<\/td>\n<td width=\"18%\">\n<p class=\"selectionShareable\">\u015eUBAT-2021<\/p>\n<\/td>\n<td width=\"15%\">\n<p class=\"selectionShareable\">PER\u015eEMBE?<\/p>\n<\/td>\n<td width=\"32%\">\n<p class=\"selectionShareable\">REGA\u0130B KAND\u0130L\u0130?<\/p>\n<\/td>\n<\/tr>\n<tr>\n<td width=\"5%\">\n<p class=\"selectionShareable\">26<\/p>\n<\/td>\n<td width=\"13%\">\n<p class=\"selectionShareable\">RECEB<\/p>\n<\/td>\n<td width=\"8%\">\n<p class=\"selectionShareable\">1442<\/p>\n<\/td>\n<td width=\"5%\">\n<p class=\"selectionShareable\">10<\/p>\n<\/td>\n<td width=\"18%\">\n<p class=\"selectionShareable\">MART-2021<\/p>\n<\/td>\n<td width=\"15%\">\n<p class=\"selectionShareable\">\u00c7AR\u015eAMBA<\/p>\n<\/td>\n<td width=\"32%\">\n<p class=\"selectionShareable\">M\u0130RAC KAND\u0130L\u0130<\/p>\n<\/td>\n<\/tr>\n<tr>\n<td width=\"5%\">\n<p class=\"selectionShareable\">1<\/p>\n<\/td>\n<td width=\"13%\">\n<p class=\"selectionShareable\">\u015eABAN<\/p>\n<\/td>\n<td width=\"8%\">\n<p class=\"selectionShareable\">1442<\/p>\n<\/td>\n<td width=\"5%\">\n<p class=\"selectionShareable\">14<\/p>\n<\/td>\n<td width=\"18%\">\n<p class=\"selectionShareable\">MART-2021<\/p>\n<\/td>\n<td width=\"15%\">\n<p class=\"selectionShareable\">PAZAR<\/p>\n<\/td>\n<td width=\"32%\">\n<p class=\"selectionShareable\">&#8230;&#8230;&#8230;..<\/p>\n<\/td>\n<\/tr>\n<tr>\n<td width=\"5%\">\n<p class=\"selectionShareable\">14<\/p>\n<\/td>\n<td width=\"13%\">\n<p class=\"selectionShareable\">\u015eABAN<\/p>\n<\/td>\n<td width=\"8%\">\n<p class=\"selectionShareable\">1442<\/p>\n<\/td>\n<td width=\"5%\">\n<p class=\"selectionShareable\">27<\/p>\n<\/td>\n<td width=\"18%\">\n<p class=\"selectionShareable\">MART-2021<\/p>\n<\/td>\n<td width=\"15%\">\n<p class=\"selectionShareable\">CUMARTES\u0130<\/p>\n<\/td>\n<td width=\"32%\">\n<p class=\"selectionShareable\">BERAT KAND\u0130L\u0130<\/p>\n<\/td>\n<\/tr>\n<tr>\n<td width=\"5%\">\n<p class=\"selectionShareable\">1<\/p>\n<\/td>\n<td width=\"13%\">\n<p class=\"selectionShareable\">RAMAZAN<\/p>\n<\/td>\n<td width=\"8%\">\n<p class=\"selectionShareable\">1442<\/p>\n<\/td>\n<td width=\"5%\">\n<p class=\"selectionShareable\">13<\/p>\n<\/td>\n<td width=\"18%\">\n<p class=\"selectionShareable\">N\u0130SAN-2021<\/p>\n<\/td>\n<td width=\"15%\">\n<p class=\"selectionShareable\">SALI<\/p>\n<\/td>\n<td width=\"32%\">\n<p class=\"selectionShareable\">RAMAZAN BA\u015eLANGICI<\/p>\n<\/td>\n<\/tr>\n<tr>\n<td width=\"5%\">\n<p class=\"selectionShareable\">26<\/p>\n<\/td>\n<td width=\"13%\">\n<p class=\"selectionShareable\">RAMAZAN<\/p>\n<\/td>\n<td width=\"8%\">\n<p class=\"selectionShareable\">1442<\/p>\n<\/td>\n<td width=\"5%\">\n<p class=\"selectionShareable\">08<\/p>\n<\/td>\n<td width=\"18%\">\n<p class=\"selectionShareable\">MAYIS-2021<\/p>\n<\/td>\n<td width=\"15%\">\n<p class=\"selectionShareable\">CUMARTES\u0130<\/p>\n<\/td>\n<td width=\"32%\">\n<p class=\"selectionShareable\">KAD\u0130R GECES\u0130<\/p>\n<\/td>\n<\/tr>\n<tr>\n<td width=\"5%\">\n<p class=\"selectionShareable\">30<\/p>\n<\/td>\n<td width=\"13%\">\n<p class=\"selectionShareable\">RAMAZAN<\/p>\n<\/td>\n<td width=\"8%\">\n<p class=\"selectionShareable\">1442<\/p>\n<\/td>\n<td width=\"5%\">\n<p class=\"selectionShareable\">12<\/p>\n<\/td>\n<td width=\"18%\">\n<p class=\"selectionShareable\">MAYIS-2021<\/p>\n<\/td>\n<td width=\"15%\">\n<p class=\"selectionShareable\">\u00c7AR\u015eAMBA<\/p>\n<\/td>\n<td width=\"32%\">\n<p class=\"selectionShareable\">AREFE<\/p>\n<\/td>\n<\/tr>\n<tr>\n<td width=\"5%\">\n<p class=\"selectionShareable\">1<\/p>\n<\/td>\n<td width=\"13%\">\n<p class=\"selectionShareable\">\u015eEVVAL<\/p>\n<\/td>\n<td width=\"8%\">\n<p class=\"selectionShareable\">1442<\/p>\n<\/td>\n<td width=\"5%\">\n<p class=\"selectionShareable\">13<\/p>\n<\/td>\n<td width=\"18%\">\n<p class=\"selectionShareable\">MAYIS-2021<\/p>\n<\/td>\n<td width=\"15%\">\n<p class=\"selectionShareable\">PER\u015eEMBE<\/p>\n<\/td>\n<td width=\"32%\">\n<p class=\"selectionShareable\">RAMAZAN BAYRAMI (1.G\u00fcn)<\/p>\n<\/td>\n<\/tr>\n<tr>\n<td width=\"5%\">\n<p class=\"selectionShareable\">2<\/p>\n<\/td>\n<td width=\"13%\">\n<p class=\"selectionShareable\">\u015eEVVAL<\/p>\n<\/td>\n<td width=\"8%\">\n<p class=\"selectionShareable\">1442<\/p>\n<\/td>\n<td width=\"5%\">\n<p class=\"selectionShareable\">14<\/p>\n<\/td>\n<td width=\"18%\">\n<p class=\"selectionShareable\">MAYIS-2021<\/p>\n<\/td>\n<td width=\"15%\">\n<p class=\"selectionShareable\">CUMA<\/p>\n<\/td>\n<td width=\"32%\">\n<p class=\"selectionShareable\">RAMAZAN BAYRAMI (2.G\u00fcn)<\/p>\n<\/td>\n<\/tr>\n<tr>\n<td width=\"5%\">\n<p class=\"selectionShareable\">3<\/p>\n<\/td>\n<td width=\"13%\">\n<p class=\"selectionShareable\">\u015eEVVAL<\/p>\n<\/td>\n<td width=\"8%\">\n<p class=\"selectionShareable\">1442<\/p>\n<\/td>\n<td width=\"5%\">\n<p class=\"selectionShareable\">15<\/p>\n<\/td>\n<td width=\"18%\">\n<p class=\"selectionShareable\">MAYIS-2021<\/p>\n<\/td>\n<td width=\"15%\">\n<p class=\"selectionShareable\">CUMARTES\u0130<\/p>\n<\/td>\n<td width=\"32%\">\n<p class=\"selectionShareable\">RAMAZAN BAYRAMI (3.G\u00fcn)<\/p>\n<\/td>\n<\/tr>\n<tr>\n<td width=\"5%\">\n<p class=\"selectionShareable\">1<\/p>\n<\/td>\n<td width=\"13%\">\n<p class=\"selectionShareable\">Z\u0130LKADE<\/p>\n<\/td>\n<td width=\"8%\">\n<p class=\"selectionShareable\">1442<\/p>\n<\/td>\n<td width=\"5%\">\n<p class=\"selectionShareable\">11<\/p>\n<\/td>\n<td width=\"18%\">\n<p class=\"selectionShareable\">HAZ\u0130RAN-2021<\/p>\n<\/td>\n<td width=\"15%\">\n<p class=\"selectionShareable\">CUMA<\/p>\n<\/td>\n<td width=\"32%\">\n<p class=\"selectionShareable\">&#8230;&#8230;..<\/p>\n<\/td>\n<\/tr>\n<tr>\n<td width=\"5%\">\n<p class=\"selectionShareable\">1<\/p>\n<\/td>\n<td width=\"13%\">\n<p class=\"selectionShareable\">Z\u0130LH\u0130CCE<\/p>\n<\/td>\n<td width=\"8%\">\n<p class=\"selectionShareable\">1442<\/p>\n<\/td>\n<td width=\"5%\">\n<p class=\"selectionShareable\">11<\/p>\n<\/td>\n<td width=\"18%\">\n<p class=\"selectionShareable\">TEMMUZ-2021<\/p>\n<\/td>\n<td width=\"15%\">\n<p class=\"selectionShareable\">PAZAR<\/p>\n<\/td>\n<td width=\"32%\">\n<p class=\"selectionShareable\">&#8230;&#8230;..<\/p>\n<\/td>\n<\/tr>\n<tr>\n<td width=\"5%\">\n<p class=\"selectionShareable\">9<\/p>\n<\/td>\n<td width=\"13%\">\n<p class=\"selectionShareable\">Z\u0130LH\u0130CCE<\/p>\n<\/td>\n<td width=\"8%\">\n<p class=\"selectionShareable\">1442<\/p>\n<\/td>\n<td width=\"5%\">\n<p class=\"selectionShareable\">19<\/p>\n<\/td>\n<td width=\"18%\">\n<p class=\"selectionShareable\">TEMMUZ-2021<\/p>\n<\/td>\n<td width=\"15%\">\n<p class=\"selectionShareable\">PAZARTES\u0130<\/p>\n<\/td>\n<td width=\"32%\">\n<p class=\"selectionShareable\">AREFE<\/p>\n<\/td>\n<\/tr>\n<tr>\n<td width=\"5%\">\n<p class=\"selectionShareable\">10<\/p>\n<\/td>\n<td width=\"13%\">\n<p class=\"selectionShareable\">Z\u0130LH\u0130CCE<\/p>\n<\/td>\n<td width=\"8%\">\n<p class=\"selectionShareable\">1442<\/p>\n<\/td>\n<td width=\"5%\">\n<p class=\"selectionShareable\">20<\/p>\n<\/td>\n<td width=\"18%\">\n<p class=\"selectionShareable\">TEMMUZ-2021<\/p>\n<\/td>\n<td width=\"15%\">\n<p class=\"selectionShareable\">SALI<\/p>\n<\/td>\n<td width=\"32%\">\n<p class=\"selectionShareable\">KURBAN BAYRAMI (1.G\u00fcn)<\/p>\n<\/td>\n<\/tr>\n<tr>\n<td width=\"5%\">\n<p class=\"selectionShareable\">11<\/p>\n<\/td>\n<td width=\"13%\">\n<p class=\"selectionShareable\">Z\u0130LH\u0130CCE<\/p>\n<\/td>\n<td width=\"8%\">\n<p class=\"selectionShareable\">1442<\/p>\n<\/td>\n<td width=\"5%\">\n<p class=\"selectionShareable\">21<\/p>\n<\/td>\n<td width=\"18%\">\n<p class=\"selectionShareable\">TEMMUZ-2021<\/p>\n<\/td>\n<td width=\"15%\">\n<p class=\"selectionShareable\">\u00c7AR\u015eAMBA<\/p>\n<\/td>\n<td width=\"32%\">\n<p class=\"selectionShareable\">KURBAN BAYRAMI (2.G\u00fcn)<\/p>\n<\/td>\n<\/tr>\n<tr>\n<td width=\"5%\">\n<p class=\"selectionShareable\">12<\/p>\n<\/td>\n<td width=\"13%\">\n<p class=\"selectionShareable\">Z\u0130LH\u0130CCE<\/p>\n<\/td>\n<td width=\"8%\">\n<p class=\"selectionShareable\">1442<\/p>\n<\/td>\n<td width=\"5%\">\n<p class=\"selectionShareable\">22<\/p>\n<\/td>\n<td width=\"18%\">\n<p class=\"selectionShareable\">TEMMUZ-2021<\/p>\n<\/td>\n<td width=\"15%\">\n<p class=\"selectionShareable\">PER\u015eEMBE<\/p>\n<\/td>\n<td width=\"32%\">\n<p class=\"selectionShareable\">KURBAN BAYRAMI (3.G\u00fcn)<\/p>\n<\/td>\n<\/tr>\n<tr>\n<td width=\"5%\">\n<p class=\"selectionShareable\">13<\/p>\n<\/td>\n<td width=\"13%\">\n<p class=\"selectionShareable\">Z\u0130LH\u0130CCE<\/p>\n<\/td>\n<td width=\"8%\">\n<p class=\"selectionShareable\">1442<\/p>\n<\/td>\n<td width=\"5%\">\n<p class=\"selectionShareable\">23<\/p>\n<\/td>\n<td width=\"18%\">\n<p class=\"selectionShareable\">TEMMUZ-2021<\/p>\n<\/td>\n<td width=\"15%\">\n<p class=\"selectionShareable\">CUMA<\/p>\n<\/td>\n<td width=\"32%\">\n<p class=\"selectionShareable\">KURBAN BAYRAMI (4.G\u00fcn)<\/p>\n<\/td>\n<\/tr>\n<tr>\n<td width=\"5%\">\n<p class=\"selectionShareable\">1<\/p>\n<\/td>\n<td width=\"13%\">\n<p class=\"selectionShareable\">MUHARREM<\/p>\n<\/td>\n<td width=\"8%\">\n<p class=\"selectionShareable\">1443<\/p>\n<\/td>\n<td width=\"5%\">\n<p class=\"selectionShareable\">9<\/p>\n<\/td>\n<td width=\"18%\">\n<p class=\"selectionShareable\">A\u011eUSTOS-2021<\/p>\n<\/td>\n<td width=\"15%\">\n<p class=\"selectionShareable\">PAZARTES\u0130<\/p>\n<\/td>\n<td width=\"32%\">\n<p class=\"selectionShareable\">H\u0130CR\u0130 YILBA\u015eI<\/p>\n<\/td>\n<\/tr>\n<tr>\n<td width=\"5%\">\n<p class=\"selectionShareable\">10<\/p>\n<\/td>\n<td width=\"13%\">\n<p class=\"selectionShareable\">MUHARREM<\/p>\n<\/td>\n<td width=\"8%\">\n<p class=\"selectionShareable\">1443<\/p>\n<\/td>\n<td width=\"5%\">\n<p class=\"selectionShareable\">18<\/p>\n<\/td>\n<td width=\"18%\">\n<p class=\"selectionShareable\">A\u011eUSTOS-2021<\/p>\n<\/td>\n<td width=\"15%\">\n<p class=\"selectionShareable\">\u00c7AR\u015eAMBA<\/p>\n<\/td>\n<td width=\"32%\">\n<p class=\"selectionShareable\">A\u015eURE G\u00dcN\u00dc<\/p>\n<\/td>\n<\/tr>\n<tr>\n<td width=\"5%\">\n<p class=\"selectionShareable\">1<\/p>\n<\/td>\n<td width=\"13%\">\n<p class=\"selectionShareable\">SAFER<\/p>\n<\/td>\n<td width=\"8%\">\n<p class=\"selectionShareable\">1443<\/p>\n<\/td>\n<td width=\"5%\">\n<p class=\"selectionShareable\">08<\/p>\n<\/td>\n<td width=\"18%\">\n<p class=\"selectionShareable\">EYL\u00dcL-2021<\/p>\n<\/td>\n<td width=\"15%\">\n<p class=\"selectionShareable\">\u00c7AR\u015eAMBA<\/p>\n<\/td>\n<td width=\"32%\">\n<p class=\"selectionShareable\">&#8230;&#8230;..<\/p>\n<\/td>\n<\/tr>\n<tr>\n<td width=\"5%\">\n<p class=\"selectionShareable\">?1<\/p>\n<\/td>\n<td width=\"13%\">\n<p class=\"selectionShareable\">R.EVVEL<\/p>\n<\/td>\n<td width=\"8%\">\n<p class=\"selectionShareable\">1443<\/p>\n<\/td>\n<td width=\"5%\">\n<p class=\"selectionShareable\">07<\/p>\n<\/td>\n<td width=\"18%\">\n<p class=\"selectionShareable\">EK\u0130M-2021<\/p>\n<\/td>\n<td width=\"15%\">\n<p class=\"selectionShareable\">PER\u015eEMBE<\/p>\n<\/td>\n<td width=\"32%\">\n<p class=\"selectionShareable\">&#8230;&#8230;..?<\/p>\n<\/td>\n<\/tr>\n<tr>\n<td width=\"5%\">\n<p class=\"selectionShareable\">?11<\/p>\n<\/td>\n<td width=\"13%\">\n<p class=\"selectionShareable\">R.EVVEL?<\/p>\n<\/td>\n<td width=\"8%\">\n<p class=\"selectionShareable\">1443??<\/p>\n<\/td>\n<td width=\"5%\">\n<p class=\"selectionShareable\">17<\/p>\n<\/td>\n<td width=\"18%\">\n<p class=\"selectionShareable\">EK\u0130M-2021<\/p>\n<\/td>\n<td width=\"15%\">\n<p class=\"selectionShareable\">PAZAR<\/p>\n<\/td>\n<td width=\"32%\">\n<p class=\"selectionShareable\">MEVL\u0130T KAND\u0130L\u0130?<\/p>\n<\/td>\n<\/tr>\n<tr>\n<td width=\"5%\">\n<p class=\"selectionShareable\">?1<\/p>\n<\/td>\n<td width=\"13%\">\n<p class=\"selectionShareable\">R.AH\u0130R?<\/p>\n<\/td>\n<td width=\"8%\">\n<p class=\"selectionShareable\">1443??<\/p>\n<\/td>\n<td width=\"5%\">\n<p class=\"selectionShareable\">06<\/p>\n<\/td>\n<td width=\"18%\">\n<p class=\"selectionShareable\">KASIM-2021???<\/p>\n<\/td>\n<td width=\"15%\">\n<p class=\"selectionShareable\">CUMARTES\u0130<\/p>\n<\/td>\n<td width=\"32%\">\n<p class=\"selectionShareable\">&#8230;&#8230;..?<\/p>\n<\/td>\n<\/tr>\n<tr>\n<td width=\"5%\">\n<p class=\"selectionShareable\">1?<\/p>\n<\/td>\n<td width=\"13%\">\n<p class=\"selectionShareable\">C.EVVEL<\/p>\n<\/td>\n<td width=\"8%\">\n<p class=\"selectionShareable\">?1443<\/p>\n<\/td>\n<td width=\"5%\">\n<p class=\"selectionShareable\">05<\/p>\n<\/td>\n<td width=\"18%\">\n<p class=\"selectionShareable\">ARALIK-2021<\/p>\n<\/td>\n<td width=\"15%\">\n<p class=\"selectionShareable\">?PAZAR<\/p>\n<\/td>\n<td width=\"32%\">\n<p class=\"selectionShareable\">&#8230;&#8230;..<\/p>\n<\/td>\n<\/tr>\n<\/tbody>\n<\/table>\n<div class=\"gallery-group group_1\">\n<div class=\"flex-row\">\n<section class=\"flex-col flex-col-left\" data-left-id=\"41767985_1\">\n<div class=\"infinitegallery-picture-container \">\n<div class=\"lower\">\n<div class=\"text-container \">\n<h2 class=\"title\">BERAT KAND\u0130L\u0130 NE ZAMAN?<\/h2>\n<h3 class=\"description\">Berat Kandili 27 Mart 2021 tarihinde idrak edilecek. Y\u0131l\u0131n \u00fc\u00e7\u00fcnc\u00fc kandili cumartesi g\u00fcn\u00fcne denk geliyor.<\/h3>\n<p>27 Mart: Berat Kandili<\/p>\n<p>17 Ekim: Mevlid Kandili<\/p>\n<p>BERAT KAND\u0130L\u0130 NED\u0130R?<\/p>\n<p>Berat gecesi, Kur&rsquo;an-\u0131 Kerim&rsquo;in Levh-i Mahf\u00fbz&rsquo;dan D\u00fcnya semas\u0131na toptan indirildi\u011fi gecedir. Buna \u00ab\u00a0inz\u00e2l\u00a0\u00bb denir. Kadir Gecesi&rsquo;nde ise Peygamber&rsquo;e ilk kez ve par\u00e7a par\u00e7a indirilmeye ba\u015flanm\u0131\u015ft\u0131r. Buna da \u00ab\u00a0tenz\u00eel\u00a0\u00bb denir.<\/p>\n<\/div>\n<div class=\"flex-row flex-items-center button-container\"><\/div>\n<\/div>\n<\/div>\n<\/section>\n<aside class=\"flex-col flex-col-right hidden-md-down\" data-right-id=\"41767985_1\">\n<div class=\"gallery-adv right\">\n<div id=\"\/9927946\/hurriyet\/gundem\/sidebar_300x250_1\" class=\"adRenderer dfp \" data-platform=\"desktop\"><\/div>\n<\/div>\n<\/aside>\n<\/div>\n<div class=\"gallery-banner banner_1 hidden-sm-down\">\n<div class=\"gallery-banner-inner\">\n<div id=\"\/9927946\/hurriyet\/gundem\/header_728x90-1001\" class=\"adRenderer dfp header \" data-platform=\"desktop\"><\/div>\n<\/div>\n<\/div>\n<\/div>\n<div class=\"gallery-group group_2\">\n<div class=\"flex-row\">\n<section class=\"flex-col flex-col-left\" data-left-id=\"41767985_2\">\n<div class=\"infinitegallery-picture-container \">\n<div class=\"upper check-in-view\" data-count=\"3\" data-count-total=\"5\">\n<p><span class=\"count\">3<\/span><a class=\"picture lightbox\" data-img-url=\"https:\/\/i4.hurimg.com\/i\/hurriyet\/75\/0x0\/6056e28f7152d83e68cfe448\"><img decoding=\"async\" class=\"lazy-loaded\" src=\"https:\/\/i4.hurimg.com\/i\/hurriyet\/75\/750x0\/6056e28f7152d83e68cfe448\" alt=\"\" data-src=\"https:\/\/i4.hurimg.com\/i\/hurriyet\/75\/750x0\/6056e28f7152d83e68cfe448\" data-inline-image=\"true\" \/><\/a><\/p>\n<\/div>\n<div class=\"lower\">\n<div class=\"text-container \">\n<h3 class=\"description\">Berat, Arap\u00e7a ber\u00e2e-ber\u00e2et kelimesinin T\u00fcrk\u00e7ele\u015fmi\u015f halidir. Kur\u2019an\u2019da \u201cBerae\u201d k\u00f6k\u00fcnden 25 kelime bulunmakta olup, bunlardan sadece iki tanesi \u201cBeraet\u201d \u015feklinde ge\u00e7mektedir. Ber\u00e2et, iki \u015fey aras\u0131nda ili\u015fki olmamas\u0131; ki\u015finin herhangi bir y\u00fck\u00fcml\u00fcl\u00fckten kurtulmas\u0131 veya y\u00fck\u00fcml\u00fcl\u00fc\u011f\u00fcn bulunmamas\u0131 anlam\u0131ndad\u0131r. Ist\u0131lah olarak berat ise, Allah\u2019\u0131n aff\u0131 ve ba\u011f\u0131\u015flamas\u0131, g\u00fcnah, bor\u00e7 ve cezadan kurtulmak gibi anlamlara gelmektedir.<\/h3>\n<\/div>\n<div class=\"flex-row flex-items-center button-container\"><\/div>\n<\/div>\n<\/div>\n<div class=\"infinitegallery-picture-container \">\n<div class=\"upper check-in-view\" data-count=\"4\" data-count-total=\"5\">\n<p><span class=\"count\">4<\/span><a class=\"picture lightbox\" data-img-url=\"https:\/\/i4.hurimg.com\/i\/hurriyet\/75\/0x0\/6056fed07152d83e68cfe4c8\"><img decoding=\"async\" class=\"lazy-loaded\" src=\"https:\/\/i4.hurimg.com\/i\/hurriyet\/75\/750x0\/6056fed07152d83e68cfe4c8\" alt=\"\" data-src=\"https:\/\/i4.hurimg.com\/i\/hurriyet\/75\/750x0\/6056fed07152d83e68cfe4c8\" data-inline-image=\"true\" \/><\/a><\/p>\n<\/div>\n<div class=\"lower\">\n<div class=\"text-container \">\n<h3 class=\"description\">Berat\u0131n \u00f6z\u00fcnde, g\u00fcnahlardan ar\u0131nma ve Y\u00fcce Allah\u2019\u0131n rahmet ve ma\u011ffiretine ula\u015fma amac\u0131 vard\u0131r. Bu gecede All\u00e2h&rsquo;\u0131n aff\u0131 ve ba\u011f\u0131\u015flamas\u0131n\u0131n \u00e7ok olaca\u011f\u0131 m\u00fcjdelendi\u011finden, bu geceye \u201cBerat Gecesi\u201d denilmi\u015ftir. Berat gecesi hicri aylardan \u015faban ay\u0131n\u0131n onbe\u015finci gecesidir.<\/h3>\n<\/div>\n<div class=\"flex-row flex-items-center button-container\"><\/div>\n<\/div>\n<\/div>\n<\/section>\n<aside class=\"flex-col flex-col-right hidden-md-down\" data-right-id=\"41767985_2\">\n<div class=\"gallery-adv right\">\n<div id=\"\/9927946\/hurriyet\/gundem\/sidebar_300x250_1-1001\" class=\"adRenderer dfp \" data-platform=\"desktop\"><\/div>\n<\/div>\n<\/aside>\n<\/div>\n<div class=\"gallery-banner banner_2 hidden-sm-down\">\n<div class=\"gallery-banner-inner\">\n<div id=\"\/9927946\/hurriyet\/gundem\/header_728x90-1002\" class=\"adRenderer dfp header \" data-platform=\"desktop\"><\/div>\n<\/div>\n<\/div>\n<\/div>\n<div class=\"gallery-group group_3\">\n<div class=\"flex-row\">\n<section class=\"flex-col flex-col-left\" data-left-id=\"41767985_3\">\n<div class=\"infinitegallery-picture-container \">\n<div class=\"upper check-in-view\" data-count=\"5\" data-count-total=\"5\">\n<p><span class=\"count\">5<\/span><a class=\"picture lightbox\" data-img-url=\"https:\/\/i4.hurimg.com\/i\/hurriyet\/75\/0x0\/6056febe7152d83e68cfe4c6\"><img decoding=\"async\" class=\"lazy-loaded\" src=\"https:\/\/i4.hurimg.com\/i\/hurriyet\/75\/750x0\/6056febe7152d83e68cfe4c6\" alt=\"\" data-src=\"https:\/\/i4.hurimg.com\/i\/hurriyet\/75\/750x0\/6056febe7152d83e68cfe4c6\" data-inline-image=\"true\" \/><\/a><\/p>\n<\/div>\n<div class=\"lower\">\n<div class=\"text-container \">\n<h3 class=\"description\">Berat Gecesi i\u00e7in Arap\u00e7a eserlerde \u201c\u015faban\u0131n ortas\u0131ndaki gece\u201d, \u201cm\u00fcbarek gece\u201d, \u201crahmet gecesi\u201d ve \u201csak (belge) gecesi\u201d manalar\u0131na gelen terkipler kullan\u0131lmaktad\u0131r<\/h3>\n<p><strong>Bilgin Ozciftci\u00a0 \/\u00a0 AVRUPAPRESS<\/strong><\/p>\n<\/div>\n<\/div>\n<\/div>\n<\/section>\n<\/div>\n<\/div>\n","protected":false},"excerpt":{"rendered":"<p>M\u00fcsl\u00fcmanlar Berat Kandili ne zaman ve Berat Kandili gecesi ne zaman sorular\u0131na yan\u0131t aramakta. Ramazan ay\u0131n\u0131n habercisi olan Berat Kandili, hadis-i \u015feriflerle \u00f6zellikle \u00f6nemi belirtilmi\u015f bir gecedir. Bor\u00e7tan kurtulma, temizlenme, ar\u0131nma manalar\u0131na gelen Berat Kandili 27 Mart g\u00fcn\u00fc ( Bu Gece ) eda edilecek. \u00ab\u00a0Berat\u00a0\u00bb kelimesi; g\u00fcnahlardan ar\u0131nma, temize \u00e7\u0131kma, ilahi af ve rahmete nail [&hellip;]<\/p>\n","protected":false},"author":3,"featured_media":14778,"comment_status":"closed","ping_status":"open","sticky":false,"template":"","format":"standard","meta":{"footnotes":""},"categories":[14,16,3,17,18,15,19,2],"tags":[6493,6494],"class_list":["post-14777","post","type-post","status-publish","format-standard","has-post-thumbnail","hentry","category-avrupa","category-belcika","category-dunya","category-ekonomi","category-kultur-sanat","category-spor","category-tanitim","category-turkiye","tag-bu-gece-berat-kandili","tag-kandiliniz-kutlu-olsun"],"yoast_head":"<!-- This site is optimized with the Yoast SEO plugin v26.9 - https:\/\/yoast.com\/product\/yoast-seo-wordpress\/ -->\n<title>BU GECE BERAT KAND\u0130L\u0130.. KAND\u0130L\u0130N\u0130Z KUTLU OLSUN.. - AvrupaPress<\/title>\n<meta name=\"robots\" content=\"index, follow, max-snippet:-1, max-image-preview:large, max-video-preview:-1\" \/>\n<link rel=\"canonical\" href=\"https:\/\/avrupapress.com\/2021\/03\/27\/bu-gece-berat-kandili-kandiliniz-kutlu-olsun\/\" \/>\n<meta property=\"og:locale\" content=\"fr_FR\" \/>\n<meta property=\"og:type\" content=\"article\" \/>\n<meta property=\"og:title\" content=\"BU GECE BERAT KAND\u0130L\u0130.. KAND\u0130L\u0130N\u0130Z KUTLU OLSUN.. - AvrupaPress\" \/>\n<meta property=\"og:description\" content=\"M\u00fcsl\u00fcmanlar Berat Kandili ne zaman ve Berat Kandili gecesi ne zaman sorular\u0131na yan\u0131t aramakta. Ramazan ay\u0131n\u0131n habercisi olan Berat Kandili, hadis-i \u015feriflerle \u00f6zellikle \u00f6nemi belirtilmi\u015f bir gecedir. Bor\u00e7tan kurtulma, temizlenme, ar\u0131nma manalar\u0131na gelen Berat Kandili 27 Mart g\u00fcn\u00fc ( Bu Gece ) eda edilecek. \u00ab\u00a0Berat\u00a0\u00bb kelimesi; g\u00fcnahlardan ar\u0131nma, temize \u00e7\u0131kma, ilahi af ve rahmete nail [&hellip;]\" \/>\n<meta property=\"og:url\" content=\"https:\/\/avrupapress.com\/2021\/03\/27\/bu-gece-berat-kandili-kandiliniz-kutlu-olsun\/\" \/>\n<meta property=\"og:site_name\" content=\"AvrupaPress\" \/>\n<meta property=\"article:published_time\" content=\"2021-03-27T04:29:07+00:00\" \/>\n<meta property=\"article:modified_time\" content=\"2021-03-27T04:29:17+00:00\" \/>\n<meta property=\"og:image\" content=\"https:\/\/avrupapress.com\/wp-content\/uploads\/2021\/03\/th-8.jpg\" \/>\n\t<meta property=\"og:image:width\" content=\"357\" \/>\n\t<meta property=\"og:image:height\" content=\"201\" \/>\n\t<meta property=\"og:image:type\" content=\"image\/jpeg\" \/>\n<meta name=\"author\" content=\"Edit\u00f6r\" \/>\n<meta name=\"twitter:card\" content=\"summary_large_image\" \/>\n<meta name=\"twitter:label1\" content=\"\u00c9crit par\" \/>\n\t<meta name=\"twitter:data1\" content=\"Edit\u00f6r\" \/>\n\t<meta name=\"twitter:label2\" content=\"Dur\u00e9e de lecture est.\" \/>\n\t<meta name=\"twitter:data2\" content=\"5 minutes\" \/>\n<script type=\"application\/ld+json\" class=\"yoast-schema-graph\">{\"@context\":\"https:\/\/schema.org\",\"@graph\":[{\"@type\":\"Article\",\"@id\":\"https:\/\/avrupapress.com\/2021\/03\/27\/bu-gece-berat-kandili-kandiliniz-kutlu-olsun\/#article\",\"isPartOf\":{\"@id\":\"https:\/\/avrupapress.com\/2021\/03\/27\/bu-gece-berat-kandili-kandiliniz-kutlu-olsun\/\"},\"author\":{\"name\":\"Edit\u00f6r\",\"@id\":\"https:\/\/avrupapress.com\/#\/schema\/person\/68428444ec60970d1e1b700cf4ca1e8f\"},\"headline\":\"BU GECE BERAT KAND\u0130L\u0130.. KAND\u0130L\u0130N\u0130Z KUTLU OLSUN..\",\"datePublished\":\"2021-03-27T04:29:07+00:00\",\"dateModified\":\"2021-03-27T04:29:17+00:00\",\"mainEntityOfPage\":{\"@id\":\"https:\/\/avrupapress.com\/2021\/03\/27\/bu-gece-berat-kandili-kandiliniz-kutlu-olsun\/\"},\"wordCount\":1090,\"publisher\":{\"@id\":\"https:\/\/avrupapress.com\/#\/schema\/person\/0223dca19c72c43575bf30d1a2d8f4fa\"},\"image\":{\"@id\":\"https:\/\/avrupapress.com\/2021\/03\/27\/bu-gece-berat-kandili-kandiliniz-kutlu-olsun\/#primaryimage\"},\"thumbnailUrl\":\"https:\/\/avrupapress.com\/main\/wp-content\/uploads\/2021\/03\/th-8.jpg\",\"keywords\":[\"BU GECE BERAT KAND\u0130L\u0130..\",\"KAND\u0130L\u0130N\u0130Z KUTLU OLSUN..\"],\"articleSection\":[\"Avrupa\",\"Bel\u00e7ika\",\"D\u00fcnya\",\"Ekonomi\",\"K\u00fclt\u00fcr-Sanat\",\"Spor\",\"Tan\u0131t\u0131m\",\"T\u00fcrkiye\"],\"inLanguage\":\"fr-BE\"},{\"@type\":\"WebPage\",\"@id\":\"https:\/\/avrupapress.com\/2021\/03\/27\/bu-gece-berat-kandili-kandiliniz-kutlu-olsun\/\",\"url\":\"https:\/\/avrupapress.com\/2021\/03\/27\/bu-gece-berat-kandili-kandiliniz-kutlu-olsun\/\",\"name\":\"BU GECE BERAT KAND\u0130L\u0130.. KAND\u0130L\u0130N\u0130Z KUTLU OLSUN.. - AvrupaPress\",\"isPartOf\":{\"@id\":\"https:\/\/avrupapress.com\/#website\"},\"primaryImageOfPage\":{\"@id\":\"https:\/\/avrupapress.com\/2021\/03\/27\/bu-gece-berat-kandili-kandiliniz-kutlu-olsun\/#primaryimage\"},\"image\":{\"@id\":\"https:\/\/avrupapress.com\/2021\/03\/27\/bu-gece-berat-kandili-kandiliniz-kutlu-olsun\/#primaryimage\"},\"thumbnailUrl\":\"https:\/\/avrupapress.com\/main\/wp-content\/uploads\/2021\/03\/th-8.jpg\",\"datePublished\":\"2021-03-27T04:29:07+00:00\",\"dateModified\":\"2021-03-27T04:29:17+00:00\",\"breadcrumb\":{\"@id\":\"https:\/\/avrupapress.com\/2021\/03\/27\/bu-gece-berat-kandili-kandiliniz-kutlu-olsun\/#breadcrumb\"},\"inLanguage\":\"fr-BE\",\"potentialAction\":[{\"@type\":\"ReadAction\",\"target\":[\"https:\/\/avrupapress.com\/2021\/03\/27\/bu-gece-berat-kandili-kandiliniz-kutlu-olsun\/\"]}]},{\"@type\":\"ImageObject\",\"inLanguage\":\"fr-BE\",\"@id\":\"https:\/\/avrupapress.com\/2021\/03\/27\/bu-gece-berat-kandili-kandiliniz-kutlu-olsun\/#primaryimage\",\"url\":\"https:\/\/avrupapress.com\/main\/wp-content\/uploads\/2021\/03\/th-8.jpg\",\"contentUrl\":\"https:\/\/avrupapress.com\/main\/wp-content\/uploads\/2021\/03\/th-8.jpg\",\"width\":357,\"height\":201},{\"@type\":\"BreadcrumbList\",\"@id\":\"https:\/\/avrupapress.com\/2021\/03\/27\/bu-gece-berat-kandili-kandiliniz-kutlu-olsun\/#breadcrumb\",\"itemListElement\":[{\"@type\":\"ListItem\",\"position\":1,\"name\":\"Anasayfa\",\"item\":\"https:\/\/avrupapress.com\/\"},{\"@type\":\"ListItem\",\"position\":2,\"name\":\"BU GECE BERAT KAND\u0130L\u0130.. KAND\u0130L\u0130N\u0130Z KUTLU OLSUN..\"}]},{\"@type\":\"WebSite\",\"@id\":\"https:\/\/avrupapress.com\/#website\",\"url\":\"https:\/\/avrupapress.com\/\",\"name\":\"AvrupaPress\",\"description\":\"Haberin Adresi\",\"publisher\":{\"@id\":\"https:\/\/avrupapress.com\/#\/schema\/person\/0223dca19c72c43575bf30d1a2d8f4fa\"},\"potentialAction\":[{\"@type\":\"SearchAction\",\"target\":{\"@type\":\"EntryPoint\",\"urlTemplate\":\"https:\/\/avrupapress.com\/?s={search_term_string}\"},\"query-input\":{\"@type\":\"PropertyValueSpecification\",\"valueRequired\":true,\"valueName\":\"search_term_string\"}}],\"inLanguage\":\"fr-BE\"},{\"@type\":[\"Person\",\"Organization\"],\"@id\":\"https:\/\/avrupapress.com\/#\/schema\/person\/0223dca19c72c43575bf30d1a2d8f4fa\",\"name\":\"Bilgin \u00d6z\u00e7ift\u00e7i\",\"image\":{\"@type\":\"ImageObject\",\"inLanguage\":\"fr-BE\",\"@id\":\"https:\/\/avrupapress.com\/#\/schema\/person\/image\/\",\"url\":\"https:\/\/secure.gravatar.com\/avatar\/0f23b280433a21e1ea7a0adcc46ed0ad16afe3ad8e630fd13d8a017dcbd54ef3?s=96&d=mm&r=g\",\"contentUrl\":\"https:\/\/secure.gravatar.com\/avatar\/0f23b280433a21e1ea7a0adcc46ed0ad16afe3ad8e630fd13d8a017dcbd54ef3?s=96&d=mm&r=g\",\"caption\":\"Bilgin \u00d6z\u00e7ift\u00e7i\"},\"logo\":{\"@id\":\"https:\/\/avrupapress.com\/#\/schema\/person\/image\/\"},\"description\":\"Ne ben, nede sen... Biz ancak \\\"biz\\\" olursak g\u00fc\u00e7l\u00fc olabiliriz\"},{\"@type\":\"Person\",\"@id\":\"https:\/\/avrupapress.com\/#\/schema\/person\/68428444ec60970d1e1b700cf4ca1e8f\",\"name\":\"Edit\u00f6r\",\"image\":{\"@type\":\"ImageObject\",\"inLanguage\":\"fr-BE\",\"@id\":\"https:\/\/avrupapress.com\/#\/schema\/person\/image\/\",\"url\":\"https:\/\/secure.gravatar.com\/avatar\/74996b0977aa5f1559ba9883776652508b229005c0d78fb2597897f0bd651c09?s=96&d=mm&r=g\",\"contentUrl\":\"https:\/\/secure.gravatar.com\/avatar\/74996b0977aa5f1559ba9883776652508b229005c0d78fb2597897f0bd651c09?s=96&d=mm&r=g\",\"caption\":\"Edit\u00f6r\"},\"sameAs\":[\"http:\/\/www.avrupapress.com\"],\"url\":\"https:\/\/avrupapress.com\/main\/author\/editor\/\"}]}<\/script>\n<!-- \/ Yoast SEO plugin. -->","yoast_head_json":{"title":"BU GECE BERAT KAND\u0130L\u0130.. KAND\u0130L\u0130N\u0130Z KUTLU OLSUN.. - AvrupaPress","robots":{"index":"index","follow":"follow","max-snippet":"max-snippet:-1","max-image-preview":"max-image-preview:large","max-video-preview":"max-video-preview:-1"},"canonical":"https:\/\/avrupapress.com\/2021\/03\/27\/bu-gece-berat-kandili-kandiliniz-kutlu-olsun\/","og_locale":"fr_FR","og_type":"article","og_title":"BU GECE BERAT KAND\u0130L\u0130.. KAND\u0130L\u0130N\u0130Z KUTLU OLSUN.. - AvrupaPress","og_description":"M\u00fcsl\u00fcmanlar Berat Kandili ne zaman ve Berat Kandili gecesi ne zaman sorular\u0131na yan\u0131t aramakta. Ramazan ay\u0131n\u0131n habercisi olan Berat Kandili, hadis-i \u015feriflerle \u00f6zellikle \u00f6nemi belirtilmi\u015f bir gecedir. Bor\u00e7tan kurtulma, temizlenme, ar\u0131nma manalar\u0131na gelen Berat Kandili 27 Mart g\u00fcn\u00fc ( Bu Gece ) eda edilecek. \u00ab\u00a0Berat\u00a0\u00bb kelimesi; g\u00fcnahlardan ar\u0131nma, temize \u00e7\u0131kma, ilahi af ve rahmete nail [&hellip;]","og_url":"https:\/\/avrupapress.com\/2021\/03\/27\/bu-gece-berat-kandili-kandiliniz-kutlu-olsun\/","og_site_name":"AvrupaPress","article_published_time":"2021-03-27T04:29:07+00:00","article_modified_time":"2021-03-27T04:29:17+00:00","og_image":[{"width":357,"height":201,"url":"https:\/\/avrupapress.com\/wp-content\/uploads\/2021\/03\/th-8.jpg","type":"image\/jpeg"}],"author":"Edit\u00f6r","twitter_card":"summary_large_image","twitter_misc":{"\u00c9crit par":"Edit\u00f6r","Dur\u00e9e de lecture est.":"5 minutes"},"schema":{"@context":"https:\/\/schema.org","@graph":[{"@type":"Article","@id":"https:\/\/avrupapress.com\/2021\/03\/27\/bu-gece-berat-kandili-kandiliniz-kutlu-olsun\/#article","isPartOf":{"@id":"https:\/\/avrupapress.com\/2021\/03\/27\/bu-gece-berat-kandili-kandiliniz-kutlu-olsun\/"},"author":{"name":"Edit\u00f6r","@id":"https:\/\/avrupapress.com\/#\/schema\/person\/68428444ec60970d1e1b700cf4ca1e8f"},"headline":"BU GECE BERAT KAND\u0130L\u0130.. KAND\u0130L\u0130N\u0130Z KUTLU OLSUN..","datePublished":"2021-03-27T04:29:07+00:00","dateModified":"2021-03-27T04:29:17+00:00","mainEntityOfPage":{"@id":"https:\/\/avrupapress.com\/2021\/03\/27\/bu-gece-berat-kandili-kandiliniz-kutlu-olsun\/"},"wordCount":1090,"publisher":{"@id":"https:\/\/avrupapress.com\/#\/schema\/person\/0223dca19c72c43575bf30d1a2d8f4fa"},"image":{"@id":"https:\/\/avrupapress.com\/2021\/03\/27\/bu-gece-berat-kandili-kandiliniz-kutlu-olsun\/#primaryimage"},"thumbnailUrl":"https:\/\/avrupapress.com\/main\/wp-content\/uploads\/2021\/03\/th-8.jpg","keywords":["BU GECE BERAT KAND\u0130L\u0130..","KAND\u0130L\u0130N\u0130Z KUTLU OLSUN.."],"articleSection":["Avrupa","Bel\u00e7ika","D\u00fcnya","Ekonomi","K\u00fclt\u00fcr-Sanat","Spor","Tan\u0131t\u0131m","T\u00fcrkiye"],"inLanguage":"fr-BE"},{"@type":"WebPage","@id":"https:\/\/avrupapress.com\/2021\/03\/27\/bu-gece-berat-kandili-kandiliniz-kutlu-olsun\/","url":"https:\/\/avrupapress.com\/2021\/03\/27\/bu-gece-berat-kandili-kandiliniz-kutlu-olsun\/","name":"BU GECE BERAT KAND\u0130L\u0130.. KAND\u0130L\u0130N\u0130Z KUTLU OLSUN.. - AvrupaPress","isPartOf":{"@id":"https:\/\/avrupapress.com\/#website"},"primaryImageOfPage":{"@id":"https:\/\/avrupapress.com\/2021\/03\/27\/bu-gece-berat-kandili-kandiliniz-kutlu-olsun\/#primaryimage"},"image":{"@id":"https:\/\/avrupapress.com\/2021\/03\/27\/bu-gece-berat-kandili-kandiliniz-kutlu-olsun\/#primaryimage"},"thumbnailUrl":"https:\/\/avrupapress.com\/main\/wp-content\/uploads\/2021\/03\/th-8.jpg","datePublished":"2021-03-27T04:29:07+00:00","dateModified":"2021-03-27T04:29:17+00:00","breadcrumb":{"@id":"https:\/\/avrupapress.com\/2021\/03\/27\/bu-gece-berat-kandili-kandiliniz-kutlu-olsun\/#breadcrumb"},"inLanguage":"fr-BE","potentialAction":[{"@type":"ReadAction","target":["https:\/\/avrupapress.com\/2021\/03\/27\/bu-gece-berat-kandili-kandiliniz-kutlu-olsun\/"]}]},{"@type":"ImageObject","inLanguage":"fr-BE","@id":"https:\/\/avrupapress.com\/2021\/03\/27\/bu-gece-berat-kandili-kandiliniz-kutlu-olsun\/#primaryimage","url":"https:\/\/avrupapress.com\/main\/wp-content\/uploads\/2021\/03\/th-8.jpg","contentUrl":"https:\/\/avrupapress.com\/main\/wp-content\/uploads\/2021\/03\/th-8.jpg","width":357,"height":201},{"@type":"BreadcrumbList","@id":"https:\/\/avrupapress.com\/2021\/03\/27\/bu-gece-berat-kandili-kandiliniz-kutlu-olsun\/#breadcrumb","itemListElement":[{"@type":"ListItem","position":1,"name":"Anasayfa","item":"https:\/\/avrupapress.com\/"},{"@type":"ListItem","position":2,"name":"BU GECE BERAT KAND\u0130L\u0130.. KAND\u0130L\u0130N\u0130Z KUTLU OLSUN.."}]},{"@type":"WebSite","@id":"https:\/\/avrupapress.com\/#website","url":"https:\/\/avrupapress.com\/","name":"AvrupaPress","description":"Haberin Adresi","publisher":{"@id":"https:\/\/avrupapress.com\/#\/schema\/person\/0223dca19c72c43575bf30d1a2d8f4fa"},"potentialAction":[{"@type":"SearchAction","target":{"@type":"EntryPoint","urlTemplate":"https:\/\/avrupapress.com\/?s={search_term_string}"},"query-input":{"@type":"PropertyValueSpecification","valueRequired":true,"valueName":"search_term_string"}}],"inLanguage":"fr-BE"},{"@type":["Person","Organization"],"@id":"https:\/\/avrupapress.com\/#\/schema\/person\/0223dca19c72c43575bf30d1a2d8f4fa","name":"Bilgin \u00d6z\u00e7ift\u00e7i","image":{"@type":"ImageObject","inLanguage":"fr-BE","@id":"https:\/\/avrupapress.com\/#\/schema\/person\/image\/","url":"https:\/\/secure.gravatar.com\/avatar\/0f23b280433a21e1ea7a0adcc46ed0ad16afe3ad8e630fd13d8a017dcbd54ef3?s=96&d=mm&r=g","contentUrl":"https:\/\/secure.gravatar.com\/avatar\/0f23b280433a21e1ea7a0adcc46ed0ad16afe3ad8e630fd13d8a017dcbd54ef3?s=96&d=mm&r=g","caption":"Bilgin \u00d6z\u00e7ift\u00e7i"},"logo":{"@id":"https:\/\/avrupapress.com\/#\/schema\/person\/image\/"},"description":"Ne ben, nede sen... Biz ancak \"biz\" olursak g\u00fc\u00e7l\u00fc olabiliriz"},{"@type":"Person","@id":"https:\/\/avrupapress.com\/#\/schema\/person\/68428444ec60970d1e1b700cf4ca1e8f","name":"Edit\u00f6r","image":{"@type":"ImageObject","inLanguage":"fr-BE","@id":"https:\/\/avrupapress.com\/#\/schema\/person\/image\/","url":"https:\/\/secure.gravatar.com\/avatar\/74996b0977aa5f1559ba9883776652508b229005c0d78fb2597897f0bd651c09?s=96&d=mm&r=g","contentUrl":"https:\/\/secure.gravatar.com\/avatar\/74996b0977aa5f1559ba9883776652508b229005c0d78fb2597897f0bd651c09?s=96&d=mm&r=g","caption":"Edit\u00f6r"},"sameAs":["http:\/\/www.avrupapress.com"],"url":"https:\/\/avrupapress.com\/main\/author\/editor\/"}]}},"_links":{"self":[{"href":"https:\/\/avrupapress.com\/main\/wp-json\/wp\/v2\/posts\/14777","targetHints":{"allow":["GET"]}}],"collection":[{"href":"https:\/\/avrupapress.com\/main\/wp-json\/wp\/v2\/posts"}],"about":[{"href":"https:\/\/avrupapress.com\/main\/wp-json\/wp\/v2\/types\/post"}],"author":[{"embeddable":true,"href":"https:\/\/avrupapress.com\/main\/wp-json\/wp\/v2\/users\/3"}],"replies":[{"embeddable":true,"href":"https:\/\/avrupapress.com\/main\/wp-json\/wp\/v2\/comments?post=14777"}],"version-history":[{"count":2,"href":"https:\/\/avrupapress.com\/main\/wp-json\/wp\/v2\/posts\/14777\/revisions"}],"predecessor-version":[{"id":14780,"href":"https:\/\/avrupapress.com\/main\/wp-json\/wp\/v2\/posts\/14777\/revisions\/14780"}],"wp:featuredmedia":[{"embeddable":true,"href":"https:\/\/avrupapress.com\/main\/wp-json\/wp\/v2\/media\/14778"}],"wp:attachment":[{"href":"https:\/\/avrupapress.com\/main\/wp-json\/wp\/v2\/media?parent=14777"}],"wp:term":[{"taxonomy":"category","embeddable":true,"href":"https:\/\/avrupapress.com\/main\/wp-json\/wp\/v2\/categories?post=14777"},{"taxonomy":"post_tag","embeddable":true,"href":"https:\/\/avrupapress.com\/main\/wp-json\/wp\/v2\/tags?post=14777"}],"curies":[{"name":"wp","href":"https:\/\/api.w.org\/{rel}","templated":true}]}}