{"id":1415,"date":"2017-09-25T08:36:55","date_gmt":"2017-09-25T08:36:55","guid":{"rendered":"http:\/\/avrupapress.com\/main\/?p=1415"},"modified":"2017-09-25T08:36:55","modified_gmt":"2017-09-25T08:36:55","slug":"14-turk-alman-meclisinde","status":"publish","type":"post","link":"https:\/\/avrupapress.com\/main\/2017\/09\/25\/14-turk-alman-meclisinde\/","title":{"rendered":"14 T\u00fcrk Alman Meclisi&rsquo;nde"},"content":{"rendered":"<h2 class=\"ustblkgenislet2 spot \">Almanya&rsquo;daki genel se\u00e7imde 14 T\u00fcrkiye k\u00f6kenli aday milletvekili se\u00e7ildi.<\/h2>\n<p>MECL\u0130SE G\u0130REN T\u00dcRK VEK\u0130LLER<\/p>\n<p>&nbsp;<\/p>\n<p>Ge\u00e7ici ilk resmi sonu\u00e7lara g\u00f6re, Aydan \u00d6zo\u011fuz, Metin Hakverdi, Mahmut \u00d6zdemir, Cansel K\u0131z\u0131ltepe, G\u00fclistan Y\u00fcksel ve Elvan Korkmaz, Sosyal Demokrat Partiden (SPD) milletvekili se\u00e7ildi.<\/p>\n<p>Ye\u015filler Partisinden Cem \u00d6zdemir, Danyal Beyaz, Ekin Delig\u00f6z, Canan Bayram, Filiz Polat meclise girmeye hak kazan\u0131rken, Sol Partiden Evrim Sommer, Sevim Da\u011fdelen ve G\u00f6kay Akbulut da se\u00e7ilen di\u011fer T\u00fcrk milletvekilleri oldu.<\/p>\n<p>T\u00dcRK VEK\u0130L SAYISI 14&rsquo;E Y\u00dcKSELD\u0130<\/p>\n<p>&nbsp;<\/p>\n<p>B\u00f6ylece ge\u00e7en se\u00e7imde 11 olan T\u00fcrk k\u00f6kenli milletvekili say\u0131s\u0131 bu se\u00e7im sonras\u0131 14&rsquo;e y\u00fckseldi. Ge\u00e7en d\u00f6nem milletvekili olan Ye\u015fillerden \u00d6zcan Mutlu ve Hristiyan Demokrat Birlik Partisinden Cemile Yusuf, bu kez se\u00e7ilemedi.<\/p>\n<p>SE\u00c7\u0130MDE 92 T\u00dcRK K\u00d6KENL\u0130 ADAY VAR<\/p>\n<p>&nbsp;<\/p>\n<p>\u00d6te yandan Almanya&rsquo;da T\u00fcrk k\u00f6kenlilerin kurdu\u011fu parti Alman Demokratlar Birli\u011fi (ADD), sadece Kuzey Ren Vestfalya eyaletinde se\u00e7imlere girdi. ADD se\u00e7imde 41 bin 178 oy alabildi.<\/p>\n","protected":false},"excerpt":{"rendered":"<p>Almanya&rsquo;daki genel se\u00e7imde 14 T\u00fcrkiye k\u00f6kenli aday milletvekili se\u00e7ildi. MECL\u0130SE G\u0130REN T\u00dcRK VEK\u0130LLER &nbsp; Ge\u00e7ici ilk resmi sonu\u00e7lara g\u00f6re, Aydan \u00d6zo\u011fuz, Metin Hakverdi, Mahmut \u00d6zdemir, Cansel K\u0131z\u0131ltepe, G\u00fclistan Y\u00fcksel ve Elvan Korkmaz, Sosyal Demokrat Partiden (SPD) milletvekili se\u00e7ildi. Ye\u015filler Partisinden Cem \u00d6zdemir, Danyal Beyaz, Ekin Delig\u00f6z, Canan Bayram, Filiz Polat meclise girmeye hak kazan\u0131rken, Sol [&hellip;]<\/p>\n","protected":false},"author":3,"featured_media":1416,"comment_status":"open","ping_status":"open","sticky":false,"template":"","format":"standard","meta":{"footnotes":""},"categories":[14,16,3,17,18,19,2,1],"tags":[1075,1076,1077],"class_list":["post-1415","post","type-post","status-publish","format-standard","has-post-thumbnail","hentry","category-avrupa","category-belcika","category-dunya","category-ekonomi","category-kultur-sanat","category-tanitim","category-turkiye","category-uncategorized","tag-14-turk","tag-alman","tag-meclisinde"],"yoast_head":"<!-- This site is optimized with the Yoast SEO plugin v26.9 - https:\/\/yoast.com\/product\/yoast-seo-wordpress\/ -->\n<title>14 T\u00fcrk Alman Meclisi&#039;nde - AvrupaPress<\/title>\n<meta name=\"robots\" content=\"index, follow, max-snippet:-1, max-image-preview:large, max-video-preview:-1\" \/>\n<link rel=\"canonical\" href=\"https:\/\/avrupapress.com\/2017\/09\/25\/14-turk-alman-meclisinde\/\" \/>\n<meta property=\"og:locale\" content=\"fr_FR\" \/>\n<meta property=\"og:type\" content=\"article\" \/>\n<meta property=\"og:title\" content=\"14 T\u00fcrk Alman Meclisi&#039;nde - AvrupaPress\" \/>\n<meta property=\"og:description\" content=\"Almanya&rsquo;daki genel se\u00e7imde 14 T\u00fcrkiye k\u00f6kenli aday milletvekili se\u00e7ildi. MECL\u0130SE G\u0130REN T\u00dcRK VEK\u0130LLER &nbsp; Ge\u00e7ici ilk resmi sonu\u00e7lara g\u00f6re, Aydan \u00d6zo\u011fuz, Metin Hakverdi, Mahmut \u00d6zdemir, Cansel K\u0131z\u0131ltepe, G\u00fclistan Y\u00fcksel ve Elvan Korkmaz, Sosyal Demokrat Partiden (SPD) milletvekili se\u00e7ildi. Ye\u015filler Partisinden Cem \u00d6zdemir, Danyal Beyaz, Ekin Delig\u00f6z, Canan Bayram, Filiz Polat meclise girmeye hak kazan\u0131rken, Sol [&hellip;]\" \/>\n<meta property=\"og:url\" content=\"https:\/\/avrupapress.com\/2017\/09\/25\/14-turk-alman-meclisinde\/\" \/>\n<meta property=\"og:site_name\" content=\"AvrupaPress\" \/>\n<meta property=\"article:published_time\" content=\"2017-09-25T08:36:55+00:00\" \/>\n<meta property=\"og:image\" content=\"https:\/\/avrupapress.com\/wp-content\/uploads\/2017\/09\/14-turk-alman-meclisi-nde-10062941_o.jpg\" \/>\n\t<meta property=\"og:image:width\" content=\"640\" \/>\n\t<meta property=\"og:image:height\" content=\"349\" \/>\n\t<meta property=\"og:image:type\" content=\"image\/jpeg\" \/>\n<meta name=\"author\" content=\"Edit\u00f6r\" \/>\n<meta name=\"twitter:card\" content=\"summary_large_image\" \/>\n<meta name=\"twitter:label1\" content=\"\u00c9crit par\" \/>\n\t<meta name=\"twitter:data1\" content=\"Edit\u00f6r\" \/>\n\t<meta name=\"twitter:label2\" content=\"Dur\u00e9e de lecture est.\" \/>\n\t<meta name=\"twitter:data2\" content=\"1 minute\" \/>\n<script type=\"application\/ld+json\" class=\"yoast-schema-graph\">{\"@context\":\"https:\/\/schema.org\",\"@graph\":[{\"@type\":\"Article\",\"@id\":\"https:\/\/avrupapress.com\/2017\/09\/25\/14-turk-alman-meclisinde\/#article\",\"isPartOf\":{\"@id\":\"https:\/\/avrupapress.com\/2017\/09\/25\/14-turk-alman-meclisinde\/\"},\"author\":{\"name\":\"Edit\u00f6r\",\"@id\":\"https:\/\/avrupapress.com\/#\/schema\/person\/68428444ec60970d1e1b700cf4ca1e8f\"},\"headline\":\"14 T\u00fcrk Alman Meclisi&rsquo;nde\",\"datePublished\":\"2017-09-25T08:36:55+00:00\",\"mainEntityOfPage\":{\"@id\":\"https:\/\/avrupapress.com\/2017\/09\/25\/14-turk-alman-meclisinde\/\"},\"wordCount\":186,\"commentCount\":0,\"publisher\":{\"@id\":\"https:\/\/avrupapress.com\/#\/schema\/person\/0223dca19c72c43575bf30d1a2d8f4fa\"},\"image\":{\"@id\":\"https:\/\/avrupapress.com\/2017\/09\/25\/14-turk-alman-meclisinde\/#primaryimage\"},\"thumbnailUrl\":\"https:\/\/avrupapress.com\/main\/wp-content\/uploads\/2017\/09\/14-turk-alman-meclisi-nde-10062941_o.jpg\",\"keywords\":[\"14 T\u00fcrk\",\"Alman\",\"Meclisi'nde\"],\"articleSection\":[\"Avrupa\",\"Bel\u00e7ika\",\"D\u00fcnya\",\"Ekonomi\",\"K\u00fclt\u00fcr-Sanat\",\"Tan\u0131t\u0131m\",\"T\u00fcrkiye\",\"Uncategorized\"],\"inLanguage\":\"fr-BE\",\"potentialAction\":[{\"@type\":\"CommentAction\",\"name\":\"Comment\",\"target\":[\"https:\/\/avrupapress.com\/2017\/09\/25\/14-turk-alman-meclisinde\/#respond\"]}]},{\"@type\":\"WebPage\",\"@id\":\"https:\/\/avrupapress.com\/2017\/09\/25\/14-turk-alman-meclisinde\/\",\"url\":\"https:\/\/avrupapress.com\/2017\/09\/25\/14-turk-alman-meclisinde\/\",\"name\":\"14 T\u00fcrk Alman Meclisi'nde - AvrupaPress\",\"isPartOf\":{\"@id\":\"https:\/\/avrupapress.com\/#website\"},\"primaryImageOfPage\":{\"@id\":\"https:\/\/avrupapress.com\/2017\/09\/25\/14-turk-alman-meclisinde\/#primaryimage\"},\"image\":{\"@id\":\"https:\/\/avrupapress.com\/2017\/09\/25\/14-turk-alman-meclisinde\/#primaryimage\"},\"thumbnailUrl\":\"https:\/\/avrupapress.com\/main\/wp-content\/uploads\/2017\/09\/14-turk-alman-meclisi-nde-10062941_o.jpg\",\"datePublished\":\"2017-09-25T08:36:55+00:00\",\"breadcrumb\":{\"@id\":\"https:\/\/avrupapress.com\/2017\/09\/25\/14-turk-alman-meclisinde\/#breadcrumb\"},\"inLanguage\":\"fr-BE\",\"potentialAction\":[{\"@type\":\"ReadAction\",\"target\":[\"https:\/\/avrupapress.com\/2017\/09\/25\/14-turk-alman-meclisinde\/\"]}]},{\"@type\":\"ImageObject\",\"inLanguage\":\"fr-BE\",\"@id\":\"https:\/\/avrupapress.com\/2017\/09\/25\/14-turk-alman-meclisinde\/#primaryimage\",\"url\":\"https:\/\/avrupapress.com\/main\/wp-content\/uploads\/2017\/09\/14-turk-alman-meclisi-nde-10062941_o.jpg\",\"contentUrl\":\"https:\/\/avrupapress.com\/main\/wp-content\/uploads\/2017\/09\/14-turk-alman-meclisi-nde-10062941_o.jpg\",\"width\":640,\"height\":349},{\"@type\":\"BreadcrumbList\",\"@id\":\"https:\/\/avrupapress.com\/2017\/09\/25\/14-turk-alman-meclisinde\/#breadcrumb\",\"itemListElement\":[{\"@type\":\"ListItem\",\"position\":1,\"name\":\"Anasayfa\",\"item\":\"https:\/\/avrupapress.com\/\"},{\"@type\":\"ListItem\",\"position\":2,\"name\":\"14 T\u00fcrk Alman Meclisi&#8217;nde\"}]},{\"@type\":\"WebSite\",\"@id\":\"https:\/\/avrupapress.com\/#website\",\"url\":\"https:\/\/avrupapress.com\/\",\"name\":\"AvrupaPress\",\"description\":\"Haberin Adresi\",\"publisher\":{\"@id\":\"https:\/\/avrupapress.com\/#\/schema\/person\/0223dca19c72c43575bf30d1a2d8f4fa\"},\"potentialAction\":[{\"@type\":\"SearchAction\",\"target\":{\"@type\":\"EntryPoint\",\"urlTemplate\":\"https:\/\/avrupapress.com\/?s={search_term_string}\"},\"query-input\":{\"@type\":\"PropertyValueSpecification\",\"valueRequired\":true,\"valueName\":\"search_term_string\"}}],\"inLanguage\":\"fr-BE\"},{\"@type\":[\"Person\",\"Organization\"],\"@id\":\"https:\/\/avrupapress.com\/#\/schema\/person\/0223dca19c72c43575bf30d1a2d8f4fa\",\"name\":\"Bilgin \u00d6z\u00e7ift\u00e7i\",\"image\":{\"@type\":\"ImageObject\",\"inLanguage\":\"fr-BE\",\"@id\":\"https:\/\/avrupapress.com\/#\/schema\/person\/image\/\",\"url\":\"https:\/\/secure.gravatar.com\/avatar\/0f23b280433a21e1ea7a0adcc46ed0ad16afe3ad8e630fd13d8a017dcbd54ef3?s=96&d=mm&r=g\",\"contentUrl\":\"https:\/\/secure.gravatar.com\/avatar\/0f23b280433a21e1ea7a0adcc46ed0ad16afe3ad8e630fd13d8a017dcbd54ef3?s=96&d=mm&r=g\",\"caption\":\"Bilgin \u00d6z\u00e7ift\u00e7i\"},\"logo\":{\"@id\":\"https:\/\/avrupapress.com\/#\/schema\/person\/image\/\"},\"description\":\"Ne ben, nede sen... Biz ancak \\\"biz\\\" olursak g\u00fc\u00e7l\u00fc olabiliriz\"},{\"@type\":\"Person\",\"@id\":\"https:\/\/avrupapress.com\/#\/schema\/person\/68428444ec60970d1e1b700cf4ca1e8f\",\"name\":\"Edit\u00f6r\",\"image\":{\"@type\":\"ImageObject\",\"inLanguage\":\"fr-BE\",\"@id\":\"https:\/\/avrupapress.com\/#\/schema\/person\/image\/\",\"url\":\"https:\/\/secure.gravatar.com\/avatar\/74996b0977aa5f1559ba9883776652508b229005c0d78fb2597897f0bd651c09?s=96&d=mm&r=g\",\"contentUrl\":\"https:\/\/secure.gravatar.com\/avatar\/74996b0977aa5f1559ba9883776652508b229005c0d78fb2597897f0bd651c09?s=96&d=mm&r=g\",\"caption\":\"Edit\u00f6r\"},\"sameAs\":[\"http:\/\/www.avrupapress.com\"],\"url\":\"https:\/\/avrupapress.com\/main\/author\/editor\/\"}]}<\/script>\n<!-- \/ Yoast SEO plugin. -->","yoast_head_json":{"title":"14 T\u00fcrk Alman Meclisi'nde - AvrupaPress","robots":{"index":"index","follow":"follow","max-snippet":"max-snippet:-1","max-image-preview":"max-image-preview:large","max-video-preview":"max-video-preview:-1"},"canonical":"https:\/\/avrupapress.com\/2017\/09\/25\/14-turk-alman-meclisinde\/","og_locale":"fr_FR","og_type":"article","og_title":"14 T\u00fcrk Alman Meclisi'nde - AvrupaPress","og_description":"Almanya&rsquo;daki genel se\u00e7imde 14 T\u00fcrkiye k\u00f6kenli aday milletvekili se\u00e7ildi. MECL\u0130SE G\u0130REN T\u00dcRK VEK\u0130LLER &nbsp; Ge\u00e7ici ilk resmi sonu\u00e7lara g\u00f6re, Aydan \u00d6zo\u011fuz, Metin Hakverdi, Mahmut \u00d6zdemir, Cansel K\u0131z\u0131ltepe, G\u00fclistan Y\u00fcksel ve Elvan Korkmaz, Sosyal Demokrat Partiden (SPD) milletvekili se\u00e7ildi. Ye\u015filler Partisinden Cem \u00d6zdemir, Danyal Beyaz, Ekin Delig\u00f6z, Canan Bayram, Filiz Polat meclise girmeye hak kazan\u0131rken, Sol [&hellip;]","og_url":"https:\/\/avrupapress.com\/2017\/09\/25\/14-turk-alman-meclisinde\/","og_site_name":"AvrupaPress","article_published_time":"2017-09-25T08:36:55+00:00","og_image":[{"width":640,"height":349,"url":"https:\/\/avrupapress.com\/wp-content\/uploads\/2017\/09\/14-turk-alman-meclisi-nde-10062941_o.jpg","type":"image\/jpeg"}],"author":"Edit\u00f6r","twitter_card":"summary_large_image","twitter_misc":{"\u00c9crit par":"Edit\u00f6r","Dur\u00e9e de lecture est.":"1 minute"},"schema":{"@context":"https:\/\/schema.org","@graph":[{"@type":"Article","@id":"https:\/\/avrupapress.com\/2017\/09\/25\/14-turk-alman-meclisinde\/#article","isPartOf":{"@id":"https:\/\/avrupapress.com\/2017\/09\/25\/14-turk-alman-meclisinde\/"},"author":{"name":"Edit\u00f6r","@id":"https:\/\/avrupapress.com\/#\/schema\/person\/68428444ec60970d1e1b700cf4ca1e8f"},"headline":"14 T\u00fcrk Alman Meclisi&rsquo;nde","datePublished":"2017-09-25T08:36:55+00:00","mainEntityOfPage":{"@id":"https:\/\/avrupapress.com\/2017\/09\/25\/14-turk-alman-meclisinde\/"},"wordCount":186,"commentCount":0,"publisher":{"@id":"https:\/\/avrupapress.com\/#\/schema\/person\/0223dca19c72c43575bf30d1a2d8f4fa"},"image":{"@id":"https:\/\/avrupapress.com\/2017\/09\/25\/14-turk-alman-meclisinde\/#primaryimage"},"thumbnailUrl":"https:\/\/avrupapress.com\/main\/wp-content\/uploads\/2017\/09\/14-turk-alman-meclisi-nde-10062941_o.jpg","keywords":["14 T\u00fcrk","Alman","Meclisi'nde"],"articleSection":["Avrupa","Bel\u00e7ika","D\u00fcnya","Ekonomi","K\u00fclt\u00fcr-Sanat","Tan\u0131t\u0131m","T\u00fcrkiye","Uncategorized"],"inLanguage":"fr-BE","potentialAction":[{"@type":"CommentAction","name":"Comment","target":["https:\/\/avrupapress.com\/2017\/09\/25\/14-turk-alman-meclisinde\/#respond"]}]},{"@type":"WebPage","@id":"https:\/\/avrupapress.com\/2017\/09\/25\/14-turk-alman-meclisinde\/","url":"https:\/\/avrupapress.com\/2017\/09\/25\/14-turk-alman-meclisinde\/","name":"14 T\u00fcrk Alman Meclisi'nde - AvrupaPress","isPartOf":{"@id":"https:\/\/avrupapress.com\/#website"},"primaryImageOfPage":{"@id":"https:\/\/avrupapress.com\/2017\/09\/25\/14-turk-alman-meclisinde\/#primaryimage"},"image":{"@id":"https:\/\/avrupapress.com\/2017\/09\/25\/14-turk-alman-meclisinde\/#primaryimage"},"thumbnailUrl":"https:\/\/avrupapress.com\/main\/wp-content\/uploads\/2017\/09\/14-turk-alman-meclisi-nde-10062941_o.jpg","datePublished":"2017-09-25T08:36:55+00:00","breadcrumb":{"@id":"https:\/\/avrupapress.com\/2017\/09\/25\/14-turk-alman-meclisinde\/#breadcrumb"},"inLanguage":"fr-BE","potentialAction":[{"@type":"ReadAction","target":["https:\/\/avrupapress.com\/2017\/09\/25\/14-turk-alman-meclisinde\/"]}]},{"@type":"ImageObject","inLanguage":"fr-BE","@id":"https:\/\/avrupapress.com\/2017\/09\/25\/14-turk-alman-meclisinde\/#primaryimage","url":"https:\/\/avrupapress.com\/main\/wp-content\/uploads\/2017\/09\/14-turk-alman-meclisi-nde-10062941_o.jpg","contentUrl":"https:\/\/avrupapress.com\/main\/wp-content\/uploads\/2017\/09\/14-turk-alman-meclisi-nde-10062941_o.jpg","width":640,"height":349},{"@type":"BreadcrumbList","@id":"https:\/\/avrupapress.com\/2017\/09\/25\/14-turk-alman-meclisinde\/#breadcrumb","itemListElement":[{"@type":"ListItem","position":1,"name":"Anasayfa","item":"https:\/\/avrupapress.com\/"},{"@type":"ListItem","position":2,"name":"14 T\u00fcrk Alman Meclisi&#8217;nde"}]},{"@type":"WebSite","@id":"https:\/\/avrupapress.com\/#website","url":"https:\/\/avrupapress.com\/","name":"AvrupaPress","description":"Haberin Adresi","publisher":{"@id":"https:\/\/avrupapress.com\/#\/schema\/person\/0223dca19c72c43575bf30d1a2d8f4fa"},"potentialAction":[{"@type":"SearchAction","target":{"@type":"EntryPoint","urlTemplate":"https:\/\/avrupapress.com\/?s={search_term_string}"},"query-input":{"@type":"PropertyValueSpecification","valueRequired":true,"valueName":"search_term_string"}}],"inLanguage":"fr-BE"},{"@type":["Person","Organization"],"@id":"https:\/\/avrupapress.com\/#\/schema\/person\/0223dca19c72c43575bf30d1a2d8f4fa","name":"Bilgin \u00d6z\u00e7ift\u00e7i","image":{"@type":"ImageObject","inLanguage":"fr-BE","@id":"https:\/\/avrupapress.com\/#\/schema\/person\/image\/","url":"https:\/\/secure.gravatar.com\/avatar\/0f23b280433a21e1ea7a0adcc46ed0ad16afe3ad8e630fd13d8a017dcbd54ef3?s=96&d=mm&r=g","contentUrl":"https:\/\/secure.gravatar.com\/avatar\/0f23b280433a21e1ea7a0adcc46ed0ad16afe3ad8e630fd13d8a017dcbd54ef3?s=96&d=mm&r=g","caption":"Bilgin \u00d6z\u00e7ift\u00e7i"},"logo":{"@id":"https:\/\/avrupapress.com\/#\/schema\/person\/image\/"},"description":"Ne ben, nede sen... Biz ancak \"biz\" olursak g\u00fc\u00e7l\u00fc olabiliriz"},{"@type":"Person","@id":"https:\/\/avrupapress.com\/#\/schema\/person\/68428444ec60970d1e1b700cf4ca1e8f","name":"Edit\u00f6r","image":{"@type":"ImageObject","inLanguage":"fr-BE","@id":"https:\/\/avrupapress.com\/#\/schema\/person\/image\/","url":"https:\/\/secure.gravatar.com\/avatar\/74996b0977aa5f1559ba9883776652508b229005c0d78fb2597897f0bd651c09?s=96&d=mm&r=g","contentUrl":"https:\/\/secure.gravatar.com\/avatar\/74996b0977aa5f1559ba9883776652508b229005c0d78fb2597897f0bd651c09?s=96&d=mm&r=g","caption":"Edit\u00f6r"},"sameAs":["http:\/\/www.avrupapress.com"],"url":"https:\/\/avrupapress.com\/main\/author\/editor\/"}]}},"_links":{"self":[{"href":"https:\/\/avrupapress.com\/main\/wp-json\/wp\/v2\/posts\/1415","targetHints":{"allow":["GET"]}}],"collection":[{"href":"https:\/\/avrupapress.com\/main\/wp-json\/wp\/v2\/posts"}],"about":[{"href":"https:\/\/avrupapress.com\/main\/wp-json\/wp\/v2\/types\/post"}],"author":[{"embeddable":true,"href":"https:\/\/avrupapress.com\/main\/wp-json\/wp\/v2\/users\/3"}],"replies":[{"embeddable":true,"href":"https:\/\/avrupapress.com\/main\/wp-json\/wp\/v2\/comments?post=1415"}],"version-history":[{"count":1,"href":"https:\/\/avrupapress.com\/main\/wp-json\/wp\/v2\/posts\/1415\/revisions"}],"predecessor-version":[{"id":1417,"href":"https:\/\/avrupapress.com\/main\/wp-json\/wp\/v2\/posts\/1415\/revisions\/1417"}],"wp:featuredmedia":[{"embeddable":true,"href":"https:\/\/avrupapress.com\/main\/wp-json\/wp\/v2\/media\/1416"}],"wp:attachment":[{"href":"https:\/\/avrupapress.com\/main\/wp-json\/wp\/v2\/media?parent=1415"}],"wp:term":[{"taxonomy":"category","embeddable":true,"href":"https:\/\/avrupapress.com\/main\/wp-json\/wp\/v2\/categories?post=1415"},{"taxonomy":"post_tag","embeddable":true,"href":"https:\/\/avrupapress.com\/main\/wp-json\/wp\/v2\/tags?post=1415"}],"curies":[{"name":"wp","href":"https:\/\/api.w.org\/{rel}","templated":true}]}}