{"id":14069,"date":"2021-01-22T21:43:29","date_gmt":"2021-01-22T21:43:29","guid":{"rendered":"http:\/\/avrupapress.com\/main\/?p=14069"},"modified":"2021-01-23T20:51:59","modified_gmt":"2021-01-23T20:51:59","slug":"huzunlu-bir-hikayeden-ucretsiz-fransizca-derslerine","status":"publish","type":"post","link":"https:\/\/avrupapress.com\/main\/2021\/01\/22\/huzunlu-bir-hikayeden-ucretsiz-fransizca-derslerine\/","title":{"rendered":"H\u00dcZ\u00dcNL\u00dc B\u0130R H\u0130K\u00c2YEDEN \u00dcCRETS\u0130Z FRANSIZCA DERSLER\u0130NE"},"content":{"rendered":"<p><strong>T\u00fcrkiye\u2019de ikamet eden Fransa do\u011fumlu Frans\u0131zca \u00f6\u011fretmeni Aykut Yavuz Youtube kanal\u0131nda \u00fccretsiz Frans\u0131zca dersleri veriyor.<\/strong><\/p>\n<p>Fransa\u2019da do\u011fmu\u015f ve e\u011fitim g\u00f6rm\u00fc\u015f olan Aykut Yavuz, anadili seviyesinde Frans\u0131zca biliyor. Frans\u0131zca \u00f6\u011fretmenli\u011fini bitirdikten sonra \u00dcniversite\u2019de \u00d6\u011fretim G\u00f6revlisi olarak her seviye i\u00e7in Frans\u0131zca dersleri vermi\u015ftir.<\/p>\n<p>\u015eu an Uluslararas\u0131 Ticaret alan\u0131nda \u00e7al\u0131\u015f\u0131yor ve ikinci lisans e\u011fitimini Hukuk Fak\u00fcltesinde devam ettirmektedir.<\/p>\n<p>&nbsp;<\/p>\n<p>Bilgilerini peki\u015ftirmek isteyenler i\u00e7in derslerin ba\u015flang\u0131\u00e7 seviyesinden ileri seviyeye kadar devam etti\u011fini \u015fu an A1 A2 seviyesinin ders videolar\u0131 tamamland\u0131 B1 B2 seviyesinde haz\u0131rlad\u0131\u011f\u0131n\u0131 s\u00f6yledi. \u201cAykut Yavuz Frans\u0131zca Dersleri\u201d ad\u0131 alt\u0131nda kurdu\u011fu Youtube kanal\u0131nda videolar\u0131n\u0131 yay\u0131nlayan Aykut Yavuz, \u201cDerslerin T\u00fcrkiye&rsquo;de veya Yurt d\u0131\u015f\u0131nda ya\u015fayan T\u00fcrkler i\u00e7in faydal\u0131 olaca\u011f\u0131n\u0131 d\u00fc\u015f\u00fcn\u00fcyorum. \u0130kinci bir dil \u00f6\u011frenmek isteyenler i\u00e7in 15 y\u0131ll\u0131k bir tecr\u00fcbeyi payla\u015f\u0131yorum. Maksat insanlar faydalans\u0131n. Maddi imk\u00e2n\u0131 olmayan, kursa<\/p>\n<p>gidecek zaman\u0131 olmayan, daha \u00f6nce ba\u015flay\u0131p yar\u0131m b\u0131rakm\u0131\u015f, her kesim i\u00e7in faydal\u0131 olacak dersler k\u00fc\u00e7\u00fckten b\u00fcy\u00fc\u011fe, \u00fcniversite \u00f6\u011frencisine, yurt d\u0131\u015f\u0131na gidip i\u015f arayanlara, e\u011fitim g\u00f6receklere hitap ediyoruz.\u201d Dedi<\/p>\n<p>&nbsp;<\/p>\n<p>Asl\u0131nda \u00fccretsiz dersler vermesinin \u00f6nemli bir sebebi var.<\/p>\n<p>Aykut Yavuz\u2019un y\u00fcrek burkan hikayesi sonras\u0131nda Youtube kanal\u0131nda \u00fccretsiz dersler vermeye ba\u015flad\u0131\u011f\u0131n\u0131 belirten Aykut Yavuz, \u201c\u00dcniversite \u00f6\u011frencisiyken 11 ya\u015f\u0131nda minik bir \u00f6\u011frenciye ders veriyordum. Ama annesi derslere devam edemeyece\u011fini ve yorgun oldu\u011funu s\u00f6yledi. 3 hafta sonra kanserden vefat etti\u011fi haberi geldi. Derslerim yar\u0131m kald\u0131. Maddi durumlar\u0131 \u00e7ok iyi olmad\u0131\u011f\u0131n\u0131 \u00f6\u011frenince son yapt\u0131\u011f\u0131m dersten \u00fccret almad\u0131m. Ama dersim yar\u0131m kald\u0131. Ben de o g\u00fcn \u00f6yle bir \u015fey yapay\u0131m ki, derslerim s\u00fcrekli izlensin, yar\u0131m kalmas\u0131n ve maddi imk\u00e2n\u0131 olmayan insanlar da bu bilgilerden faydalans\u0131n istedim.\u201d diyerek konuya ili\u015fkin duygular\u0131n\u0131 bu s\u00f6zlerle ifade etti.<\/p>\n<p>&nbsp;<\/p>\n<p>K\u0131sa s\u00fcrede ilgi g\u00f6ren kanal\u0131 ve \u00e7ok sevilen \u00f6\u011frenmek isteyenlerin abone oldu\u011fu kanal\u0131 her kesime ula\u015fm\u0131\u015f. \u00dccretsiz dersleri, yal\u0131n ve \u00f6\u011fretici tekni\u011fi sayesinde be\u011feni kazanmaya devam ediyor. Yorum kalitesi y\u00fcksek bir kitle taraf\u0131ndan olduk\u00e7a sevilerek takip ediliyor.<\/p>\n<p>Youtube kanal\u0131 Bel\u00e7ika, \u0130svi\u00e7re ve Fransa\u2019da olduk\u00e7a ilgi g\u00f6r\u00fcyor gazetelerde konu oldu\u011funu fark ettim. Ben de bir bas\u0131n mensubu olarak kendisini kanal\u0131 vesilesiyle ula\u015ft\u0131m ve tan\u0131d\u0131m Aykut beyi. \u0130nsanlar\u0131n g\u00f6nl\u00fcn\u00fc fethetmi\u015f bir e\u011fitmenden ve kanal\u0131ndan bahsetmek istedim.<\/p>\n<p>&nbsp;<\/p>\n<p>&nbsp;<\/p>\n<p>&nbsp;<\/p>\n<p>\u0130nstagram sayfas\u0131nda da de\u011ferli payla\u015f\u0131mlara devam ediyor. Kanal\u0131n ve \u0130nstagram sayfas\u0131n\u0131n linklerini de ekledim kendisini takip etmek isteyenler i\u00e7in.<\/p>\n<p>\u0130nstagram sayfa ad\u0131: aykutyavuzfransizca \u0130nstagram sayfa linki: https:\/\/instagram.com\/aykutyavuzfransizca?igshid=1vcw5stibs119<\/p>\n<p>&nbsp;<\/p>\n<p>Kanal ad\u0131: Aykut Yavuz Frans\u0131zca Dersleri Youtube kanal\u0131n linki: https:\/\/www.youtube.com\/channel\/UC3JYej3asgx4D7iAf8QSWXQ linkine t\u0131klay\u0131p dersleri takip edebilirler.<\/p>\n<p>&nbsp;<\/p>\n<p>&nbsp;<\/p>\n<p><strong>AY\u015eENUR G\u00d6ZKESER \/ AVRUPAPRESS<\/strong><\/p>\n","protected":false},"excerpt":{"rendered":"<p>T\u00fcrkiye\u2019de ikamet eden Fransa do\u011fumlu Frans\u0131zca \u00f6\u011fretmeni Aykut Yavuz Youtube kanal\u0131nda \u00fccretsiz Frans\u0131zca dersleri veriyor. Fransa\u2019da do\u011fmu\u015f ve e\u011fitim g\u00f6rm\u00fc\u015f olan Aykut Yavuz, anadili seviyesinde Frans\u0131zca biliyor. Frans\u0131zca \u00f6\u011fretmenli\u011fini bitirdikten sonra \u00dcniversite\u2019de \u00d6\u011fretim G\u00f6revlisi olarak her seviye i\u00e7in Frans\u0131zca dersleri vermi\u015ftir. \u015eu an Uluslararas\u0131 Ticaret alan\u0131nda \u00e7al\u0131\u015f\u0131yor ve ikinci lisans e\u011fitimini Hukuk Fak\u00fcltesinde devam ettirmektedir. [&hellip;]<\/p>\n","protected":false},"author":3,"featured_media":14070,"comment_status":"closed","ping_status":"open","sticky":false,"template":"","format":"standard","meta":{"footnotes":""},"categories":[14,16,3,17,18,19,2],"tags":[6016,6017],"class_list":["post-14069","post","type-post","status-publish","format-standard","has-post-thumbnail","hentry","category-avrupa","category-belcika","category-dunya","category-ekonomi","category-kultur-sanat","category-tanitim","category-turkiye","tag-aysenur-gozkeser","tag-aysenurgozkeserhuzulbirhikaye"],"yoast_head":"<!-- This site is optimized with the Yoast SEO plugin v26.9 - https:\/\/yoast.com\/product\/yoast-seo-wordpress\/ -->\n<title>H\u00dcZ\u00dcNL\u00dc B\u0130R H\u0130K\u00c2YEDEN \u00dcCRETS\u0130Z FRANSIZCA DERSLER\u0130NE - AvrupaPress<\/title>\n<meta name=\"robots\" content=\"index, follow, max-snippet:-1, max-image-preview:large, max-video-preview:-1\" \/>\n<link rel=\"canonical\" href=\"https:\/\/avrupapress.com\/2021\/01\/22\/huzunlu-bir-hikayeden-ucretsiz-fransizca-derslerine\/\" \/>\n<meta property=\"og:locale\" content=\"fr_FR\" \/>\n<meta property=\"og:type\" content=\"article\" \/>\n<meta property=\"og:title\" content=\"H\u00dcZ\u00dcNL\u00dc B\u0130R H\u0130K\u00c2YEDEN \u00dcCRETS\u0130Z FRANSIZCA DERSLER\u0130NE - AvrupaPress\" \/>\n<meta property=\"og:description\" content=\"T\u00fcrkiye\u2019de ikamet eden Fransa do\u011fumlu Frans\u0131zca \u00f6\u011fretmeni Aykut Yavuz Youtube kanal\u0131nda \u00fccretsiz Frans\u0131zca dersleri veriyor. Fransa\u2019da do\u011fmu\u015f ve e\u011fitim g\u00f6rm\u00fc\u015f olan Aykut Yavuz, anadili seviyesinde Frans\u0131zca biliyor. Frans\u0131zca \u00f6\u011fretmenli\u011fini bitirdikten sonra \u00dcniversite\u2019de \u00d6\u011fretim G\u00f6revlisi olarak her seviye i\u00e7in Frans\u0131zca dersleri vermi\u015ftir. \u015eu an Uluslararas\u0131 Ticaret alan\u0131nda \u00e7al\u0131\u015f\u0131yor ve ikinci lisans e\u011fitimini Hukuk Fak\u00fcltesinde devam ettirmektedir. [&hellip;]\" \/>\n<meta property=\"og:url\" content=\"https:\/\/avrupapress.com\/2021\/01\/22\/huzunlu-bir-hikayeden-ucretsiz-fransizca-derslerine\/\" \/>\n<meta property=\"og:site_name\" content=\"AvrupaPress\" \/>\n<meta property=\"article:published_time\" content=\"2021-01-22T21:43:29+00:00\" \/>\n<meta property=\"article:modified_time\" content=\"2021-01-23T20:51:59+00:00\" \/>\n<meta property=\"og:image\" content=\"https:\/\/avrupapress.com\/wp-content\/uploads\/2021\/01\/thumbnail_IMG-20210122-WA0032.jpg\" \/>\n\t<meta property=\"og:image:width\" content=\"640\" \/>\n\t<meta property=\"og:image:height\" content=\"720\" \/>\n\t<meta property=\"og:image:type\" content=\"image\/jpeg\" \/>\n<meta name=\"author\" content=\"Edit\u00f6r\" \/>\n<meta name=\"twitter:card\" content=\"summary_large_image\" \/>\n<meta name=\"twitter:label1\" content=\"\u00c9crit par\" \/>\n\t<meta name=\"twitter:data1\" content=\"Edit\u00f6r\" \/>\n\t<meta name=\"twitter:label2\" content=\"Dur\u00e9e de lecture est.\" \/>\n\t<meta name=\"twitter:data2\" content=\"3 minutes\" \/>\n<script type=\"application\/ld+json\" class=\"yoast-schema-graph\">{\"@context\":\"https:\/\/schema.org\",\"@graph\":[{\"@type\":\"Article\",\"@id\":\"https:\/\/avrupapress.com\/2021\/01\/22\/huzunlu-bir-hikayeden-ucretsiz-fransizca-derslerine\/#article\",\"isPartOf\":{\"@id\":\"https:\/\/avrupapress.com\/2021\/01\/22\/huzunlu-bir-hikayeden-ucretsiz-fransizca-derslerine\/\"},\"author\":{\"name\":\"Edit\u00f6r\",\"@id\":\"https:\/\/avrupapress.com\/#\/schema\/person\/68428444ec60970d1e1b700cf4ca1e8f\"},\"headline\":\"H\u00dcZ\u00dcNL\u00dc B\u0130R H\u0130K\u00c2YEDEN \u00dcCRETS\u0130Z FRANSIZCA DERSLER\u0130NE\",\"datePublished\":\"2021-01-22T21:43:29+00:00\",\"dateModified\":\"2021-01-23T20:51:59+00:00\",\"mainEntityOfPage\":{\"@id\":\"https:\/\/avrupapress.com\/2021\/01\/22\/huzunlu-bir-hikayeden-ucretsiz-fransizca-derslerine\/\"},\"wordCount\":532,\"publisher\":{\"@id\":\"https:\/\/avrupapress.com\/#\/schema\/person\/0223dca19c72c43575bf30d1a2d8f4fa\"},\"image\":{\"@id\":\"https:\/\/avrupapress.com\/2021\/01\/22\/huzunlu-bir-hikayeden-ucretsiz-fransizca-derslerine\/#primaryimage\"},\"thumbnailUrl\":\"https:\/\/avrupapress.com\/main\/wp-content\/uploads\/2021\/01\/thumbnail_IMG-20210122-WA0032.jpg\",\"keywords\":[\"Ay\u015fenur G\u00f6zkeser\",\"ay\u015fenurg\u00f6zkeserh\u00fcz\u00fclbirhikaye\"],\"articleSection\":[\"Avrupa\",\"Bel\u00e7ika\",\"D\u00fcnya\",\"Ekonomi\",\"K\u00fclt\u00fcr-Sanat\",\"Tan\u0131t\u0131m\",\"T\u00fcrkiye\"],\"inLanguage\":\"fr-BE\"},{\"@type\":\"WebPage\",\"@id\":\"https:\/\/avrupapress.com\/2021\/01\/22\/huzunlu-bir-hikayeden-ucretsiz-fransizca-derslerine\/\",\"url\":\"https:\/\/avrupapress.com\/2021\/01\/22\/huzunlu-bir-hikayeden-ucretsiz-fransizca-derslerine\/\",\"name\":\"H\u00dcZ\u00dcNL\u00dc B\u0130R H\u0130K\u00c2YEDEN \u00dcCRETS\u0130Z FRANSIZCA DERSLER\u0130NE - AvrupaPress\",\"isPartOf\":{\"@id\":\"https:\/\/avrupapress.com\/#website\"},\"primaryImageOfPage\":{\"@id\":\"https:\/\/avrupapress.com\/2021\/01\/22\/huzunlu-bir-hikayeden-ucretsiz-fransizca-derslerine\/#primaryimage\"},\"image\":{\"@id\":\"https:\/\/avrupapress.com\/2021\/01\/22\/huzunlu-bir-hikayeden-ucretsiz-fransizca-derslerine\/#primaryimage\"},\"thumbnailUrl\":\"https:\/\/avrupapress.com\/main\/wp-content\/uploads\/2021\/01\/thumbnail_IMG-20210122-WA0032.jpg\",\"datePublished\":\"2021-01-22T21:43:29+00:00\",\"dateModified\":\"2021-01-23T20:51:59+00:00\",\"breadcrumb\":{\"@id\":\"https:\/\/avrupapress.com\/2021\/01\/22\/huzunlu-bir-hikayeden-ucretsiz-fransizca-derslerine\/#breadcrumb\"},\"inLanguage\":\"fr-BE\",\"potentialAction\":[{\"@type\":\"ReadAction\",\"target\":[\"https:\/\/avrupapress.com\/2021\/01\/22\/huzunlu-bir-hikayeden-ucretsiz-fransizca-derslerine\/\"]}]},{\"@type\":\"ImageObject\",\"inLanguage\":\"fr-BE\",\"@id\":\"https:\/\/avrupapress.com\/2021\/01\/22\/huzunlu-bir-hikayeden-ucretsiz-fransizca-derslerine\/#primaryimage\",\"url\":\"https:\/\/avrupapress.com\/main\/wp-content\/uploads\/2021\/01\/thumbnail_IMG-20210122-WA0032.jpg\",\"contentUrl\":\"https:\/\/avrupapress.com\/main\/wp-content\/uploads\/2021\/01\/thumbnail_IMG-20210122-WA0032.jpg\",\"width\":640,\"height\":720},{\"@type\":\"BreadcrumbList\",\"@id\":\"https:\/\/avrupapress.com\/2021\/01\/22\/huzunlu-bir-hikayeden-ucretsiz-fransizca-derslerine\/#breadcrumb\",\"itemListElement\":[{\"@type\":\"ListItem\",\"position\":1,\"name\":\"Anasayfa\",\"item\":\"https:\/\/avrupapress.com\/\"},{\"@type\":\"ListItem\",\"position\":2,\"name\":\"H\u00dcZ\u00dcNL\u00dc B\u0130R H\u0130K\u00c2YEDEN \u00dcCRETS\u0130Z FRANSIZCA DERSLER\u0130NE\"}]},{\"@type\":\"WebSite\",\"@id\":\"https:\/\/avrupapress.com\/#website\",\"url\":\"https:\/\/avrupapress.com\/\",\"name\":\"AvrupaPress\",\"description\":\"Haberin Adresi\",\"publisher\":{\"@id\":\"https:\/\/avrupapress.com\/#\/schema\/person\/0223dca19c72c43575bf30d1a2d8f4fa\"},\"potentialAction\":[{\"@type\":\"SearchAction\",\"target\":{\"@type\":\"EntryPoint\",\"urlTemplate\":\"https:\/\/avrupapress.com\/?s={search_term_string}\"},\"query-input\":{\"@type\":\"PropertyValueSpecification\",\"valueRequired\":true,\"valueName\":\"search_term_string\"}}],\"inLanguage\":\"fr-BE\"},{\"@type\":[\"Person\",\"Organization\"],\"@id\":\"https:\/\/avrupapress.com\/#\/schema\/person\/0223dca19c72c43575bf30d1a2d8f4fa\",\"name\":\"Bilgin \u00d6z\u00e7ift\u00e7i\",\"image\":{\"@type\":\"ImageObject\",\"inLanguage\":\"fr-BE\",\"@id\":\"https:\/\/avrupapress.com\/#\/schema\/person\/image\/\",\"url\":\"https:\/\/secure.gravatar.com\/avatar\/0f23b280433a21e1ea7a0adcc46ed0ad16afe3ad8e630fd13d8a017dcbd54ef3?s=96&d=mm&r=g\",\"contentUrl\":\"https:\/\/secure.gravatar.com\/avatar\/0f23b280433a21e1ea7a0adcc46ed0ad16afe3ad8e630fd13d8a017dcbd54ef3?s=96&d=mm&r=g\",\"caption\":\"Bilgin \u00d6z\u00e7ift\u00e7i\"},\"logo\":{\"@id\":\"https:\/\/avrupapress.com\/#\/schema\/person\/image\/\"},\"description\":\"Ne ben, nede sen... Biz ancak \\\"biz\\\" olursak g\u00fc\u00e7l\u00fc olabiliriz\"},{\"@type\":\"Person\",\"@id\":\"https:\/\/avrupapress.com\/#\/schema\/person\/68428444ec60970d1e1b700cf4ca1e8f\",\"name\":\"Edit\u00f6r\",\"image\":{\"@type\":\"ImageObject\",\"inLanguage\":\"fr-BE\",\"@id\":\"https:\/\/avrupapress.com\/#\/schema\/person\/image\/\",\"url\":\"https:\/\/secure.gravatar.com\/avatar\/74996b0977aa5f1559ba9883776652508b229005c0d78fb2597897f0bd651c09?s=96&d=mm&r=g\",\"contentUrl\":\"https:\/\/secure.gravatar.com\/avatar\/74996b0977aa5f1559ba9883776652508b229005c0d78fb2597897f0bd651c09?s=96&d=mm&r=g\",\"caption\":\"Edit\u00f6r\"},\"sameAs\":[\"http:\/\/www.avrupapress.com\"],\"url\":\"https:\/\/avrupapress.com\/main\/author\/editor\/\"}]}<\/script>\n<!-- \/ Yoast SEO plugin. -->","yoast_head_json":{"title":"H\u00dcZ\u00dcNL\u00dc B\u0130R H\u0130K\u00c2YEDEN \u00dcCRETS\u0130Z FRANSIZCA DERSLER\u0130NE - AvrupaPress","robots":{"index":"index","follow":"follow","max-snippet":"max-snippet:-1","max-image-preview":"max-image-preview:large","max-video-preview":"max-video-preview:-1"},"canonical":"https:\/\/avrupapress.com\/2021\/01\/22\/huzunlu-bir-hikayeden-ucretsiz-fransizca-derslerine\/","og_locale":"fr_FR","og_type":"article","og_title":"H\u00dcZ\u00dcNL\u00dc B\u0130R H\u0130K\u00c2YEDEN \u00dcCRETS\u0130Z FRANSIZCA DERSLER\u0130NE - AvrupaPress","og_description":"T\u00fcrkiye\u2019de ikamet eden Fransa do\u011fumlu Frans\u0131zca \u00f6\u011fretmeni Aykut Yavuz Youtube kanal\u0131nda \u00fccretsiz Frans\u0131zca dersleri veriyor. Fransa\u2019da do\u011fmu\u015f ve e\u011fitim g\u00f6rm\u00fc\u015f olan Aykut Yavuz, anadili seviyesinde Frans\u0131zca biliyor. Frans\u0131zca \u00f6\u011fretmenli\u011fini bitirdikten sonra \u00dcniversite\u2019de \u00d6\u011fretim G\u00f6revlisi olarak her seviye i\u00e7in Frans\u0131zca dersleri vermi\u015ftir. \u015eu an Uluslararas\u0131 Ticaret alan\u0131nda \u00e7al\u0131\u015f\u0131yor ve ikinci lisans e\u011fitimini Hukuk Fak\u00fcltesinde devam ettirmektedir. [&hellip;]","og_url":"https:\/\/avrupapress.com\/2021\/01\/22\/huzunlu-bir-hikayeden-ucretsiz-fransizca-derslerine\/","og_site_name":"AvrupaPress","article_published_time":"2021-01-22T21:43:29+00:00","article_modified_time":"2021-01-23T20:51:59+00:00","og_image":[{"width":640,"height":720,"url":"https:\/\/avrupapress.com\/wp-content\/uploads\/2021\/01\/thumbnail_IMG-20210122-WA0032.jpg","type":"image\/jpeg"}],"author":"Edit\u00f6r","twitter_card":"summary_large_image","twitter_misc":{"\u00c9crit par":"Edit\u00f6r","Dur\u00e9e de lecture est.":"3 minutes"},"schema":{"@context":"https:\/\/schema.org","@graph":[{"@type":"Article","@id":"https:\/\/avrupapress.com\/2021\/01\/22\/huzunlu-bir-hikayeden-ucretsiz-fransizca-derslerine\/#article","isPartOf":{"@id":"https:\/\/avrupapress.com\/2021\/01\/22\/huzunlu-bir-hikayeden-ucretsiz-fransizca-derslerine\/"},"author":{"name":"Edit\u00f6r","@id":"https:\/\/avrupapress.com\/#\/schema\/person\/68428444ec60970d1e1b700cf4ca1e8f"},"headline":"H\u00dcZ\u00dcNL\u00dc B\u0130R H\u0130K\u00c2YEDEN \u00dcCRETS\u0130Z FRANSIZCA DERSLER\u0130NE","datePublished":"2021-01-22T21:43:29+00:00","dateModified":"2021-01-23T20:51:59+00:00","mainEntityOfPage":{"@id":"https:\/\/avrupapress.com\/2021\/01\/22\/huzunlu-bir-hikayeden-ucretsiz-fransizca-derslerine\/"},"wordCount":532,"publisher":{"@id":"https:\/\/avrupapress.com\/#\/schema\/person\/0223dca19c72c43575bf30d1a2d8f4fa"},"image":{"@id":"https:\/\/avrupapress.com\/2021\/01\/22\/huzunlu-bir-hikayeden-ucretsiz-fransizca-derslerine\/#primaryimage"},"thumbnailUrl":"https:\/\/avrupapress.com\/main\/wp-content\/uploads\/2021\/01\/thumbnail_IMG-20210122-WA0032.jpg","keywords":["Ay\u015fenur G\u00f6zkeser","ay\u015fenurg\u00f6zkeserh\u00fcz\u00fclbirhikaye"],"articleSection":["Avrupa","Bel\u00e7ika","D\u00fcnya","Ekonomi","K\u00fclt\u00fcr-Sanat","Tan\u0131t\u0131m","T\u00fcrkiye"],"inLanguage":"fr-BE"},{"@type":"WebPage","@id":"https:\/\/avrupapress.com\/2021\/01\/22\/huzunlu-bir-hikayeden-ucretsiz-fransizca-derslerine\/","url":"https:\/\/avrupapress.com\/2021\/01\/22\/huzunlu-bir-hikayeden-ucretsiz-fransizca-derslerine\/","name":"H\u00dcZ\u00dcNL\u00dc B\u0130R H\u0130K\u00c2YEDEN \u00dcCRETS\u0130Z FRANSIZCA DERSLER\u0130NE - AvrupaPress","isPartOf":{"@id":"https:\/\/avrupapress.com\/#website"},"primaryImageOfPage":{"@id":"https:\/\/avrupapress.com\/2021\/01\/22\/huzunlu-bir-hikayeden-ucretsiz-fransizca-derslerine\/#primaryimage"},"image":{"@id":"https:\/\/avrupapress.com\/2021\/01\/22\/huzunlu-bir-hikayeden-ucretsiz-fransizca-derslerine\/#primaryimage"},"thumbnailUrl":"https:\/\/avrupapress.com\/main\/wp-content\/uploads\/2021\/01\/thumbnail_IMG-20210122-WA0032.jpg","datePublished":"2021-01-22T21:43:29+00:00","dateModified":"2021-01-23T20:51:59+00:00","breadcrumb":{"@id":"https:\/\/avrupapress.com\/2021\/01\/22\/huzunlu-bir-hikayeden-ucretsiz-fransizca-derslerine\/#breadcrumb"},"inLanguage":"fr-BE","potentialAction":[{"@type":"ReadAction","target":["https:\/\/avrupapress.com\/2021\/01\/22\/huzunlu-bir-hikayeden-ucretsiz-fransizca-derslerine\/"]}]},{"@type":"ImageObject","inLanguage":"fr-BE","@id":"https:\/\/avrupapress.com\/2021\/01\/22\/huzunlu-bir-hikayeden-ucretsiz-fransizca-derslerine\/#primaryimage","url":"https:\/\/avrupapress.com\/main\/wp-content\/uploads\/2021\/01\/thumbnail_IMG-20210122-WA0032.jpg","contentUrl":"https:\/\/avrupapress.com\/main\/wp-content\/uploads\/2021\/01\/thumbnail_IMG-20210122-WA0032.jpg","width":640,"height":720},{"@type":"BreadcrumbList","@id":"https:\/\/avrupapress.com\/2021\/01\/22\/huzunlu-bir-hikayeden-ucretsiz-fransizca-derslerine\/#breadcrumb","itemListElement":[{"@type":"ListItem","position":1,"name":"Anasayfa","item":"https:\/\/avrupapress.com\/"},{"@type":"ListItem","position":2,"name":"H\u00dcZ\u00dcNL\u00dc B\u0130R H\u0130K\u00c2YEDEN \u00dcCRETS\u0130Z FRANSIZCA DERSLER\u0130NE"}]},{"@type":"WebSite","@id":"https:\/\/avrupapress.com\/#website","url":"https:\/\/avrupapress.com\/","name":"AvrupaPress","description":"Haberin Adresi","publisher":{"@id":"https:\/\/avrupapress.com\/#\/schema\/person\/0223dca19c72c43575bf30d1a2d8f4fa"},"potentialAction":[{"@type":"SearchAction","target":{"@type":"EntryPoint","urlTemplate":"https:\/\/avrupapress.com\/?s={search_term_string}"},"query-input":{"@type":"PropertyValueSpecification","valueRequired":true,"valueName":"search_term_string"}}],"inLanguage":"fr-BE"},{"@type":["Person","Organization"],"@id":"https:\/\/avrupapress.com\/#\/schema\/person\/0223dca19c72c43575bf30d1a2d8f4fa","name":"Bilgin \u00d6z\u00e7ift\u00e7i","image":{"@type":"ImageObject","inLanguage":"fr-BE","@id":"https:\/\/avrupapress.com\/#\/schema\/person\/image\/","url":"https:\/\/secure.gravatar.com\/avatar\/0f23b280433a21e1ea7a0adcc46ed0ad16afe3ad8e630fd13d8a017dcbd54ef3?s=96&d=mm&r=g","contentUrl":"https:\/\/secure.gravatar.com\/avatar\/0f23b280433a21e1ea7a0adcc46ed0ad16afe3ad8e630fd13d8a017dcbd54ef3?s=96&d=mm&r=g","caption":"Bilgin \u00d6z\u00e7ift\u00e7i"},"logo":{"@id":"https:\/\/avrupapress.com\/#\/schema\/person\/image\/"},"description":"Ne ben, nede sen... Biz ancak \"biz\" olursak g\u00fc\u00e7l\u00fc olabiliriz"},{"@type":"Person","@id":"https:\/\/avrupapress.com\/#\/schema\/person\/68428444ec60970d1e1b700cf4ca1e8f","name":"Edit\u00f6r","image":{"@type":"ImageObject","inLanguage":"fr-BE","@id":"https:\/\/avrupapress.com\/#\/schema\/person\/image\/","url":"https:\/\/secure.gravatar.com\/avatar\/74996b0977aa5f1559ba9883776652508b229005c0d78fb2597897f0bd651c09?s=96&d=mm&r=g","contentUrl":"https:\/\/secure.gravatar.com\/avatar\/74996b0977aa5f1559ba9883776652508b229005c0d78fb2597897f0bd651c09?s=96&d=mm&r=g","caption":"Edit\u00f6r"},"sameAs":["http:\/\/www.avrupapress.com"],"url":"https:\/\/avrupapress.com\/main\/author\/editor\/"}]}},"_links":{"self":[{"href":"https:\/\/avrupapress.com\/main\/wp-json\/wp\/v2\/posts\/14069","targetHints":{"allow":["GET"]}}],"collection":[{"href":"https:\/\/avrupapress.com\/main\/wp-json\/wp\/v2\/posts"}],"about":[{"href":"https:\/\/avrupapress.com\/main\/wp-json\/wp\/v2\/types\/post"}],"author":[{"embeddable":true,"href":"https:\/\/avrupapress.com\/main\/wp-json\/wp\/v2\/users\/3"}],"replies":[{"embeddable":true,"href":"https:\/\/avrupapress.com\/main\/wp-json\/wp\/v2\/comments?post=14069"}],"version-history":[{"count":1,"href":"https:\/\/avrupapress.com\/main\/wp-json\/wp\/v2\/posts\/14069\/revisions"}],"predecessor-version":[{"id":14071,"href":"https:\/\/avrupapress.com\/main\/wp-json\/wp\/v2\/posts\/14069\/revisions\/14071"}],"wp:featuredmedia":[{"embeddable":true,"href":"https:\/\/avrupapress.com\/main\/wp-json\/wp\/v2\/media\/14070"}],"wp:attachment":[{"href":"https:\/\/avrupapress.com\/main\/wp-json\/wp\/v2\/media?parent=14069"}],"wp:term":[{"taxonomy":"category","embeddable":true,"href":"https:\/\/avrupapress.com\/main\/wp-json\/wp\/v2\/categories?post=14069"},{"taxonomy":"post_tag","embeddable":true,"href":"https:\/\/avrupapress.com\/main\/wp-json\/wp\/v2\/tags?post=14069"}],"curies":[{"name":"wp","href":"https:\/\/api.w.org\/{rel}","templated":true}]}}