{"id":13742,"date":"2020-12-21T22:09:51","date_gmt":"2020-12-21T22:09:51","guid":{"rendered":"http:\/\/avrupapress.com\/main\/?p=13742"},"modified":"2020-12-21T22:10:00","modified_gmt":"2020-12-21T22:10:00","slug":"ab-komisyonu-pfizer-biontechin-asisina-dagitim-izni-verdi","status":"publish","type":"post","link":"https:\/\/avrupapress.com\/main\/2020\/12\/21\/ab-komisyonu-pfizer-biontechin-asisina-dagitim-izni-verdi\/","title":{"rendered":"AB Komisyonu, Pfizer\/BioNTech&rsquo;in a\u015f\u0131s\u0131na da\u011f\u0131t\u0131m izni verdi"},"content":{"rendered":"<h2 class=\"spot-title\">Avrupa Birli\u011fi (AB),Avrupa \u0130la\u00e7 Ajans\u0131 (EMA) taraf\u0131ndan yeni tip koronavir\u00fcs (Kovid-19) a\u015f\u0131s\u0131 i\u00e7in bug\u00fcn verilen kullan\u0131m onay\u0131n\u0131 tasdik etti ve da\u011f\u0131t\u0131m izni verdi.<\/h2>\n<p>AB Komisyonu Ba\u015fkan\u0131 Ursula von der Leyen, konuyla ilgili a\u00e7\u0131klamas\u0131nda, EMA&rsquo;n\u0131n karar\u0131n\u0131n ard\u0131ndan AB Komisyonu&rsquo;nun izniyle Pfizer&rsquo;in Bel\u00e7ika&rsquo;daki tesislerinde \u00fcretilen a\u015f\u0131lar\u0131n AB \u00fcyelerine da\u011f\u0131t\u0131m\u0131n\u0131n birka\u00e7 g\u00fcn i\u00e7inde ba\u015flayaca\u011f\u0131n\u0131 s\u00f6yledi.<\/p>\n<p>&nbsp;<\/p>\n<p>Von der Leyen, a\u015f\u0131lamalar\u0131n 27, 28 ve 29 Aral\u0131k tarihlerinde b\u00fct\u00fcn AB \u00fclkelerinde ba\u015flayabilece\u011fini duyurdu.<\/p>\n<p>EMA&rsquo;n\u0131n Amerikan ila\u00e7 \u015firketi Moderna&rsquo;n\u0131n geli\u015ftirdi\u011fi a\u015f\u0131n\u0131n onay\u0131 hakk\u0131ndaki karar\u0131 da 6 Ocak&rsquo;ta verece\u011fini aktaran von der Leyen, AB olarak d\u00fc\u015f\u00fck gelirli \u00fclkelere a\u015f\u0131 temini konusunda yard\u0131mc\u0131 olacaklar\u0131n\u0131 s\u00f6yledi.<\/p>\n<p>EMA, Amerikan ila\u00e7 \u015firketi Pfizer ile T\u00fcrk bilim insan\u0131 Prof. Dr. U\u011fur \u015eahin&rsquo;in kurucu orta\u011f\u0131 oldu\u011fu Alman biyoteknoloji firmas\u0131 BioNTech&rsquo;in Kovid-19&rsquo;a kar\u015f\u0131 geli\u015ftirdi\u011fi \u00ab\u00a0BNT162b2\u00a0\u00bb adl\u0131 a\u015f\u0131n\u0131n AB&rsquo;de pazarlanmas\u0131n\u0131 bug\u00fcn onaylam\u0131\u015ft\u0131.<\/p>\n<p>AB Komisyonu Ba\u015fkan\u0131 Ursula von der Leyen, sosyal medyadaki hesab\u0131nda EMA&rsquo;n\u0131n onay\u0131ndan sonra yapt\u0131\u011f\u0131 payla\u015f\u0131mda, \u00ab\u00a0H\u0131zl\u0131 harekete ge\u00e7ece\u011fiz. AB Komisyonu&rsquo;ndan bu ak\u015fam bir karar \u00e7\u0131kmas\u0131n\u0131 bekliyorum\u00a0\u00bb ifadesini kullanm\u0131\u015ft\u0131.<\/p>\n","protected":false},"excerpt":{"rendered":"<p>Avrupa Birli\u011fi (AB),Avrupa \u0130la\u00e7 Ajans\u0131 (EMA) taraf\u0131ndan yeni tip koronavir\u00fcs (Kovid-19) a\u015f\u0131s\u0131 i\u00e7in bug\u00fcn verilen kullan\u0131m onay\u0131n\u0131 tasdik etti ve da\u011f\u0131t\u0131m izni verdi. AB Komisyonu Ba\u015fkan\u0131 Ursula von der Leyen, konuyla ilgili a\u00e7\u0131klamas\u0131nda, EMA&rsquo;n\u0131n karar\u0131n\u0131n ard\u0131ndan AB Komisyonu&rsquo;nun izniyle Pfizer&rsquo;in Bel\u00e7ika&rsquo;daki tesislerinde \u00fcretilen a\u015f\u0131lar\u0131n AB \u00fcyelerine da\u011f\u0131t\u0131m\u0131n\u0131n birka\u00e7 g\u00fcn i\u00e7inde ba\u015flayaca\u011f\u0131n\u0131 s\u00f6yledi. &nbsp; Von der [&hellip;]<\/p>\n","protected":false},"author":3,"featured_media":13743,"comment_status":"closed","ping_status":"open","sticky":false,"template":"","format":"standard","meta":{"footnotes":""},"categories":[14,16,3,17,18,15,19,2,1],"tags":[3714,5803],"class_list":["post-13742","post","type-post","status-publish","format-standard","has-post-thumbnail","hentry","category-avrupa","category-belcika","category-dunya","category-ekonomi","category-kultur-sanat","category-spor","category-tanitim","category-turkiye","category-uncategorized","tag-ab-komisyonu","tag-pfizer-biontechin-asisina-dagitim-izni-verdi"],"yoast_head":"<!-- This site is optimized with the Yoast SEO plugin v26.9 - https:\/\/yoast.com\/product\/yoast-seo-wordpress\/ -->\n<title>AB Komisyonu, Pfizer\/BioNTech&#039;in a\u015f\u0131s\u0131na da\u011f\u0131t\u0131m izni verdi - AvrupaPress<\/title>\n<meta name=\"robots\" content=\"index, follow, max-snippet:-1, max-image-preview:large, max-video-preview:-1\" \/>\n<link rel=\"canonical\" href=\"https:\/\/avrupapress.com\/2020\/12\/21\/ab-komisyonu-pfizer-biontechin-asisina-dagitim-izni-verdi\/\" \/>\n<meta property=\"og:locale\" content=\"fr_FR\" \/>\n<meta property=\"og:type\" content=\"article\" \/>\n<meta property=\"og:title\" content=\"AB Komisyonu, Pfizer\/BioNTech&#039;in a\u015f\u0131s\u0131na da\u011f\u0131t\u0131m izni verdi - AvrupaPress\" \/>\n<meta property=\"og:description\" content=\"Avrupa Birli\u011fi (AB),Avrupa \u0130la\u00e7 Ajans\u0131 (EMA) taraf\u0131ndan yeni tip koronavir\u00fcs (Kovid-19) a\u015f\u0131s\u0131 i\u00e7in bug\u00fcn verilen kullan\u0131m onay\u0131n\u0131 tasdik etti ve da\u011f\u0131t\u0131m izni verdi. AB Komisyonu Ba\u015fkan\u0131 Ursula von der Leyen, konuyla ilgili a\u00e7\u0131klamas\u0131nda, EMA&rsquo;n\u0131n karar\u0131n\u0131n ard\u0131ndan AB Komisyonu&rsquo;nun izniyle Pfizer&rsquo;in Bel\u00e7ika&rsquo;daki tesislerinde \u00fcretilen a\u015f\u0131lar\u0131n AB \u00fcyelerine da\u011f\u0131t\u0131m\u0131n\u0131n birka\u00e7 g\u00fcn i\u00e7inde ba\u015flayaca\u011f\u0131n\u0131 s\u00f6yledi. &nbsp; Von der [&hellip;]\" \/>\n<meta property=\"og:url\" content=\"https:\/\/avrupapress.com\/2020\/12\/21\/ab-komisyonu-pfizer-biontechin-asisina-dagitim-izni-verdi\/\" \/>\n<meta property=\"og:site_name\" content=\"AvrupaPress\" \/>\n<meta property=\"article:published_time\" content=\"2020-12-21T22:09:51+00:00\" \/>\n<meta property=\"article:modified_time\" content=\"2020-12-21T22:10:00+00:00\" \/>\n<meta property=\"og:image\" content=\"https:\/\/avrupapress.com\/wp-content\/uploads\/2020\/12\/2911295_810x458.jpg\" \/>\n\t<meta property=\"og:image:width\" content=\"810\" \/>\n\t<meta property=\"og:image:height\" content=\"458\" \/>\n\t<meta property=\"og:image:type\" content=\"image\/jpeg\" \/>\n<meta name=\"author\" content=\"Edit\u00f6r\" \/>\n<meta name=\"twitter:card\" content=\"summary_large_image\" \/>\n<meta name=\"twitter:label1\" content=\"\u00c9crit par\" \/>\n\t<meta name=\"twitter:data1\" content=\"Edit\u00f6r\" \/>\n\t<meta name=\"twitter:label2\" content=\"Dur\u00e9e de lecture est.\" \/>\n\t<meta name=\"twitter:data2\" content=\"1 minute\" \/>\n<script type=\"application\/ld+json\" class=\"yoast-schema-graph\">{\"@context\":\"https:\/\/schema.org\",\"@graph\":[{\"@type\":\"Article\",\"@id\":\"https:\/\/avrupapress.com\/2020\/12\/21\/ab-komisyonu-pfizer-biontechin-asisina-dagitim-izni-verdi\/#article\",\"isPartOf\":{\"@id\":\"https:\/\/avrupapress.com\/2020\/12\/21\/ab-komisyonu-pfizer-biontechin-asisina-dagitim-izni-verdi\/\"},\"author\":{\"name\":\"Edit\u00f6r\",\"@id\":\"https:\/\/avrupapress.com\/#\/schema\/person\/68428444ec60970d1e1b700cf4ca1e8f\"},\"headline\":\"AB Komisyonu, Pfizer\/BioNTech&rsquo;in a\u015f\u0131s\u0131na da\u011f\u0131t\u0131m izni verdi\",\"datePublished\":\"2020-12-21T22:09:51+00:00\",\"dateModified\":\"2020-12-21T22:10:00+00:00\",\"mainEntityOfPage\":{\"@id\":\"https:\/\/avrupapress.com\/2020\/12\/21\/ab-komisyonu-pfizer-biontechin-asisina-dagitim-izni-verdi\/\"},\"wordCount\":235,\"publisher\":{\"@id\":\"https:\/\/avrupapress.com\/#\/schema\/person\/0223dca19c72c43575bf30d1a2d8f4fa\"},\"image\":{\"@id\":\"https:\/\/avrupapress.com\/2020\/12\/21\/ab-komisyonu-pfizer-biontechin-asisina-dagitim-izni-verdi\/#primaryimage\"},\"thumbnailUrl\":\"https:\/\/avrupapress.com\/main\/wp-content\/uploads\/2020\/12\/2911295_810x458.jpg\",\"keywords\":[\"AB Komisyonu\",\"Pfizer\/BioNTech'in a\u015f\u0131s\u0131na da\u011f\u0131t\u0131m izni verdi\"],\"articleSection\":[\"Avrupa\",\"Bel\u00e7ika\",\"D\u00fcnya\",\"Ekonomi\",\"K\u00fclt\u00fcr-Sanat\",\"Spor\",\"Tan\u0131t\u0131m\",\"T\u00fcrkiye\",\"Uncategorized\"],\"inLanguage\":\"fr-BE\"},{\"@type\":\"WebPage\",\"@id\":\"https:\/\/avrupapress.com\/2020\/12\/21\/ab-komisyonu-pfizer-biontechin-asisina-dagitim-izni-verdi\/\",\"url\":\"https:\/\/avrupapress.com\/2020\/12\/21\/ab-komisyonu-pfizer-biontechin-asisina-dagitim-izni-verdi\/\",\"name\":\"AB Komisyonu, Pfizer\/BioNTech'in a\u015f\u0131s\u0131na da\u011f\u0131t\u0131m izni verdi - AvrupaPress\",\"isPartOf\":{\"@id\":\"https:\/\/avrupapress.com\/#website\"},\"primaryImageOfPage\":{\"@id\":\"https:\/\/avrupapress.com\/2020\/12\/21\/ab-komisyonu-pfizer-biontechin-asisina-dagitim-izni-verdi\/#primaryimage\"},\"image\":{\"@id\":\"https:\/\/avrupapress.com\/2020\/12\/21\/ab-komisyonu-pfizer-biontechin-asisina-dagitim-izni-verdi\/#primaryimage\"},\"thumbnailUrl\":\"https:\/\/avrupapress.com\/main\/wp-content\/uploads\/2020\/12\/2911295_810x458.jpg\",\"datePublished\":\"2020-12-21T22:09:51+00:00\",\"dateModified\":\"2020-12-21T22:10:00+00:00\",\"breadcrumb\":{\"@id\":\"https:\/\/avrupapress.com\/2020\/12\/21\/ab-komisyonu-pfizer-biontechin-asisina-dagitim-izni-verdi\/#breadcrumb\"},\"inLanguage\":\"fr-BE\",\"potentialAction\":[{\"@type\":\"ReadAction\",\"target\":[\"https:\/\/avrupapress.com\/2020\/12\/21\/ab-komisyonu-pfizer-biontechin-asisina-dagitim-izni-verdi\/\"]}]},{\"@type\":\"ImageObject\",\"inLanguage\":\"fr-BE\",\"@id\":\"https:\/\/avrupapress.com\/2020\/12\/21\/ab-komisyonu-pfizer-biontechin-asisina-dagitim-izni-verdi\/#primaryimage\",\"url\":\"https:\/\/avrupapress.com\/main\/wp-content\/uploads\/2020\/12\/2911295_810x458.jpg\",\"contentUrl\":\"https:\/\/avrupapress.com\/main\/wp-content\/uploads\/2020\/12\/2911295_810x458.jpg\",\"width\":810,\"height\":458},{\"@type\":\"BreadcrumbList\",\"@id\":\"https:\/\/avrupapress.com\/2020\/12\/21\/ab-komisyonu-pfizer-biontechin-asisina-dagitim-izni-verdi\/#breadcrumb\",\"itemListElement\":[{\"@type\":\"ListItem\",\"position\":1,\"name\":\"Anasayfa\",\"item\":\"https:\/\/avrupapress.com\/\"},{\"@type\":\"ListItem\",\"position\":2,\"name\":\"AB Komisyonu, Pfizer\/BioNTech&#8217;in a\u015f\u0131s\u0131na da\u011f\u0131t\u0131m izni verdi\"}]},{\"@type\":\"WebSite\",\"@id\":\"https:\/\/avrupapress.com\/#website\",\"url\":\"https:\/\/avrupapress.com\/\",\"name\":\"AvrupaPress\",\"description\":\"Haberin Adresi\",\"publisher\":{\"@id\":\"https:\/\/avrupapress.com\/#\/schema\/person\/0223dca19c72c43575bf30d1a2d8f4fa\"},\"potentialAction\":[{\"@type\":\"SearchAction\",\"target\":{\"@type\":\"EntryPoint\",\"urlTemplate\":\"https:\/\/avrupapress.com\/?s={search_term_string}\"},\"query-input\":{\"@type\":\"PropertyValueSpecification\",\"valueRequired\":true,\"valueName\":\"search_term_string\"}}],\"inLanguage\":\"fr-BE\"},{\"@type\":[\"Person\",\"Organization\"],\"@id\":\"https:\/\/avrupapress.com\/#\/schema\/person\/0223dca19c72c43575bf30d1a2d8f4fa\",\"name\":\"Bilgin \u00d6z\u00e7ift\u00e7i\",\"image\":{\"@type\":\"ImageObject\",\"inLanguage\":\"fr-BE\",\"@id\":\"https:\/\/avrupapress.com\/#\/schema\/person\/image\/\",\"url\":\"https:\/\/secure.gravatar.com\/avatar\/0f23b280433a21e1ea7a0adcc46ed0ad16afe3ad8e630fd13d8a017dcbd54ef3?s=96&d=mm&r=g\",\"contentUrl\":\"https:\/\/secure.gravatar.com\/avatar\/0f23b280433a21e1ea7a0adcc46ed0ad16afe3ad8e630fd13d8a017dcbd54ef3?s=96&d=mm&r=g\",\"caption\":\"Bilgin \u00d6z\u00e7ift\u00e7i\"},\"logo\":{\"@id\":\"https:\/\/avrupapress.com\/#\/schema\/person\/image\/\"},\"description\":\"Ne ben, nede sen... Biz ancak \\\"biz\\\" olursak g\u00fc\u00e7l\u00fc olabiliriz\"},{\"@type\":\"Person\",\"@id\":\"https:\/\/avrupapress.com\/#\/schema\/person\/68428444ec60970d1e1b700cf4ca1e8f\",\"name\":\"Edit\u00f6r\",\"image\":{\"@type\":\"ImageObject\",\"inLanguage\":\"fr-BE\",\"@id\":\"https:\/\/avrupapress.com\/#\/schema\/person\/image\/\",\"url\":\"https:\/\/secure.gravatar.com\/avatar\/74996b0977aa5f1559ba9883776652508b229005c0d78fb2597897f0bd651c09?s=96&d=mm&r=g\",\"contentUrl\":\"https:\/\/secure.gravatar.com\/avatar\/74996b0977aa5f1559ba9883776652508b229005c0d78fb2597897f0bd651c09?s=96&d=mm&r=g\",\"caption\":\"Edit\u00f6r\"},\"sameAs\":[\"http:\/\/www.avrupapress.com\"],\"url\":\"https:\/\/avrupapress.com\/main\/author\/editor\/\"}]}<\/script>\n<!-- \/ Yoast SEO plugin. -->","yoast_head_json":{"title":"AB Komisyonu, Pfizer\/BioNTech'in a\u015f\u0131s\u0131na da\u011f\u0131t\u0131m izni verdi - AvrupaPress","robots":{"index":"index","follow":"follow","max-snippet":"max-snippet:-1","max-image-preview":"max-image-preview:large","max-video-preview":"max-video-preview:-1"},"canonical":"https:\/\/avrupapress.com\/2020\/12\/21\/ab-komisyonu-pfizer-biontechin-asisina-dagitim-izni-verdi\/","og_locale":"fr_FR","og_type":"article","og_title":"AB Komisyonu, Pfizer\/BioNTech'in a\u015f\u0131s\u0131na da\u011f\u0131t\u0131m izni verdi - AvrupaPress","og_description":"Avrupa Birli\u011fi (AB),Avrupa \u0130la\u00e7 Ajans\u0131 (EMA) taraf\u0131ndan yeni tip koronavir\u00fcs (Kovid-19) a\u015f\u0131s\u0131 i\u00e7in bug\u00fcn verilen kullan\u0131m onay\u0131n\u0131 tasdik etti ve da\u011f\u0131t\u0131m izni verdi. AB Komisyonu Ba\u015fkan\u0131 Ursula von der Leyen, konuyla ilgili a\u00e7\u0131klamas\u0131nda, EMA&rsquo;n\u0131n karar\u0131n\u0131n ard\u0131ndan AB Komisyonu&rsquo;nun izniyle Pfizer&rsquo;in Bel\u00e7ika&rsquo;daki tesislerinde \u00fcretilen a\u015f\u0131lar\u0131n AB \u00fcyelerine da\u011f\u0131t\u0131m\u0131n\u0131n birka\u00e7 g\u00fcn i\u00e7inde ba\u015flayaca\u011f\u0131n\u0131 s\u00f6yledi. &nbsp; Von der [&hellip;]","og_url":"https:\/\/avrupapress.com\/2020\/12\/21\/ab-komisyonu-pfizer-biontechin-asisina-dagitim-izni-verdi\/","og_site_name":"AvrupaPress","article_published_time":"2020-12-21T22:09:51+00:00","article_modified_time":"2020-12-21T22:10:00+00:00","og_image":[{"width":810,"height":458,"url":"https:\/\/avrupapress.com\/wp-content\/uploads\/2020\/12\/2911295_810x458.jpg","type":"image\/jpeg"}],"author":"Edit\u00f6r","twitter_card":"summary_large_image","twitter_misc":{"\u00c9crit par":"Edit\u00f6r","Dur\u00e9e de lecture est.":"1 minute"},"schema":{"@context":"https:\/\/schema.org","@graph":[{"@type":"Article","@id":"https:\/\/avrupapress.com\/2020\/12\/21\/ab-komisyonu-pfizer-biontechin-asisina-dagitim-izni-verdi\/#article","isPartOf":{"@id":"https:\/\/avrupapress.com\/2020\/12\/21\/ab-komisyonu-pfizer-biontechin-asisina-dagitim-izni-verdi\/"},"author":{"name":"Edit\u00f6r","@id":"https:\/\/avrupapress.com\/#\/schema\/person\/68428444ec60970d1e1b700cf4ca1e8f"},"headline":"AB Komisyonu, Pfizer\/BioNTech&rsquo;in a\u015f\u0131s\u0131na da\u011f\u0131t\u0131m izni verdi","datePublished":"2020-12-21T22:09:51+00:00","dateModified":"2020-12-21T22:10:00+00:00","mainEntityOfPage":{"@id":"https:\/\/avrupapress.com\/2020\/12\/21\/ab-komisyonu-pfizer-biontechin-asisina-dagitim-izni-verdi\/"},"wordCount":235,"publisher":{"@id":"https:\/\/avrupapress.com\/#\/schema\/person\/0223dca19c72c43575bf30d1a2d8f4fa"},"image":{"@id":"https:\/\/avrupapress.com\/2020\/12\/21\/ab-komisyonu-pfizer-biontechin-asisina-dagitim-izni-verdi\/#primaryimage"},"thumbnailUrl":"https:\/\/avrupapress.com\/main\/wp-content\/uploads\/2020\/12\/2911295_810x458.jpg","keywords":["AB Komisyonu","Pfizer\/BioNTech'in a\u015f\u0131s\u0131na da\u011f\u0131t\u0131m izni verdi"],"articleSection":["Avrupa","Bel\u00e7ika","D\u00fcnya","Ekonomi","K\u00fclt\u00fcr-Sanat","Spor","Tan\u0131t\u0131m","T\u00fcrkiye","Uncategorized"],"inLanguage":"fr-BE"},{"@type":"WebPage","@id":"https:\/\/avrupapress.com\/2020\/12\/21\/ab-komisyonu-pfizer-biontechin-asisina-dagitim-izni-verdi\/","url":"https:\/\/avrupapress.com\/2020\/12\/21\/ab-komisyonu-pfizer-biontechin-asisina-dagitim-izni-verdi\/","name":"AB Komisyonu, Pfizer\/BioNTech'in a\u015f\u0131s\u0131na da\u011f\u0131t\u0131m izni verdi - AvrupaPress","isPartOf":{"@id":"https:\/\/avrupapress.com\/#website"},"primaryImageOfPage":{"@id":"https:\/\/avrupapress.com\/2020\/12\/21\/ab-komisyonu-pfizer-biontechin-asisina-dagitim-izni-verdi\/#primaryimage"},"image":{"@id":"https:\/\/avrupapress.com\/2020\/12\/21\/ab-komisyonu-pfizer-biontechin-asisina-dagitim-izni-verdi\/#primaryimage"},"thumbnailUrl":"https:\/\/avrupapress.com\/main\/wp-content\/uploads\/2020\/12\/2911295_810x458.jpg","datePublished":"2020-12-21T22:09:51+00:00","dateModified":"2020-12-21T22:10:00+00:00","breadcrumb":{"@id":"https:\/\/avrupapress.com\/2020\/12\/21\/ab-komisyonu-pfizer-biontechin-asisina-dagitim-izni-verdi\/#breadcrumb"},"inLanguage":"fr-BE","potentialAction":[{"@type":"ReadAction","target":["https:\/\/avrupapress.com\/2020\/12\/21\/ab-komisyonu-pfizer-biontechin-asisina-dagitim-izni-verdi\/"]}]},{"@type":"ImageObject","inLanguage":"fr-BE","@id":"https:\/\/avrupapress.com\/2020\/12\/21\/ab-komisyonu-pfizer-biontechin-asisina-dagitim-izni-verdi\/#primaryimage","url":"https:\/\/avrupapress.com\/main\/wp-content\/uploads\/2020\/12\/2911295_810x458.jpg","contentUrl":"https:\/\/avrupapress.com\/main\/wp-content\/uploads\/2020\/12\/2911295_810x458.jpg","width":810,"height":458},{"@type":"BreadcrumbList","@id":"https:\/\/avrupapress.com\/2020\/12\/21\/ab-komisyonu-pfizer-biontechin-asisina-dagitim-izni-verdi\/#breadcrumb","itemListElement":[{"@type":"ListItem","position":1,"name":"Anasayfa","item":"https:\/\/avrupapress.com\/"},{"@type":"ListItem","position":2,"name":"AB Komisyonu, Pfizer\/BioNTech&#8217;in a\u015f\u0131s\u0131na da\u011f\u0131t\u0131m izni verdi"}]},{"@type":"WebSite","@id":"https:\/\/avrupapress.com\/#website","url":"https:\/\/avrupapress.com\/","name":"AvrupaPress","description":"Haberin Adresi","publisher":{"@id":"https:\/\/avrupapress.com\/#\/schema\/person\/0223dca19c72c43575bf30d1a2d8f4fa"},"potentialAction":[{"@type":"SearchAction","target":{"@type":"EntryPoint","urlTemplate":"https:\/\/avrupapress.com\/?s={search_term_string}"},"query-input":{"@type":"PropertyValueSpecification","valueRequired":true,"valueName":"search_term_string"}}],"inLanguage":"fr-BE"},{"@type":["Person","Organization"],"@id":"https:\/\/avrupapress.com\/#\/schema\/person\/0223dca19c72c43575bf30d1a2d8f4fa","name":"Bilgin \u00d6z\u00e7ift\u00e7i","image":{"@type":"ImageObject","inLanguage":"fr-BE","@id":"https:\/\/avrupapress.com\/#\/schema\/person\/image\/","url":"https:\/\/secure.gravatar.com\/avatar\/0f23b280433a21e1ea7a0adcc46ed0ad16afe3ad8e630fd13d8a017dcbd54ef3?s=96&d=mm&r=g","contentUrl":"https:\/\/secure.gravatar.com\/avatar\/0f23b280433a21e1ea7a0adcc46ed0ad16afe3ad8e630fd13d8a017dcbd54ef3?s=96&d=mm&r=g","caption":"Bilgin \u00d6z\u00e7ift\u00e7i"},"logo":{"@id":"https:\/\/avrupapress.com\/#\/schema\/person\/image\/"},"description":"Ne ben, nede sen... Biz ancak \"biz\" olursak g\u00fc\u00e7l\u00fc olabiliriz"},{"@type":"Person","@id":"https:\/\/avrupapress.com\/#\/schema\/person\/68428444ec60970d1e1b700cf4ca1e8f","name":"Edit\u00f6r","image":{"@type":"ImageObject","inLanguage":"fr-BE","@id":"https:\/\/avrupapress.com\/#\/schema\/person\/image\/","url":"https:\/\/secure.gravatar.com\/avatar\/74996b0977aa5f1559ba9883776652508b229005c0d78fb2597897f0bd651c09?s=96&d=mm&r=g","contentUrl":"https:\/\/secure.gravatar.com\/avatar\/74996b0977aa5f1559ba9883776652508b229005c0d78fb2597897f0bd651c09?s=96&d=mm&r=g","caption":"Edit\u00f6r"},"sameAs":["http:\/\/www.avrupapress.com"],"url":"https:\/\/avrupapress.com\/main\/author\/editor\/"}]}},"_links":{"self":[{"href":"https:\/\/avrupapress.com\/main\/wp-json\/wp\/v2\/posts\/13742","targetHints":{"allow":["GET"]}}],"collection":[{"href":"https:\/\/avrupapress.com\/main\/wp-json\/wp\/v2\/posts"}],"about":[{"href":"https:\/\/avrupapress.com\/main\/wp-json\/wp\/v2\/types\/post"}],"author":[{"embeddable":true,"href":"https:\/\/avrupapress.com\/main\/wp-json\/wp\/v2\/users\/3"}],"replies":[{"embeddable":true,"href":"https:\/\/avrupapress.com\/main\/wp-json\/wp\/v2\/comments?post=13742"}],"version-history":[{"count":1,"href":"https:\/\/avrupapress.com\/main\/wp-json\/wp\/v2\/posts\/13742\/revisions"}],"predecessor-version":[{"id":13744,"href":"https:\/\/avrupapress.com\/main\/wp-json\/wp\/v2\/posts\/13742\/revisions\/13744"}],"wp:featuredmedia":[{"embeddable":true,"href":"https:\/\/avrupapress.com\/main\/wp-json\/wp\/v2\/media\/13743"}],"wp:attachment":[{"href":"https:\/\/avrupapress.com\/main\/wp-json\/wp\/v2\/media?parent=13742"}],"wp:term":[{"taxonomy":"category","embeddable":true,"href":"https:\/\/avrupapress.com\/main\/wp-json\/wp\/v2\/categories?post=13742"},{"taxonomy":"post_tag","embeddable":true,"href":"https:\/\/avrupapress.com\/main\/wp-json\/wp\/v2\/tags?post=13742"}],"curies":[{"name":"wp","href":"https:\/\/api.w.org\/{rel}","templated":true}]}}