{"id":13739,"date":"2020-12-21T21:59:05","date_gmt":"2020-12-21T21:59:05","guid":{"rendered":"http:\/\/avrupapress.com\/main\/?p=13739"},"modified":"2020-12-21T21:59:15","modified_gmt":"2020-12-21T21:59:15","slug":"ingilterede-mutasyona-ugrayan-corona-virus-belcikanin-ardindan-italyaya-sicradi","status":"publish","type":"post","link":"https:\/\/avrupapress.com\/main\/2020\/12\/21\/ingilterede-mutasyona-ugrayan-corona-virus-belcikanin-ardindan-italyaya-sicradi\/","title":{"rendered":"\u0130ngiltere\u2019de mutasyona u\u011frayan corona vir\u00fcs Bel\u00e7ika\u2019nin ardindan \u0130talya&rsquo;ya s\u0131\u00e7rad\u0131"},"content":{"rendered":"<h2 class=\"category-detail-sub-title\">\u0130ngiltere\u2019de ortaya \u00e7\u0131kan ve y\u00fczde 70 daha bula\u015f\u0131c\u0131 oldu\u011fu belirtilen yeni tip corona vir\u00fcs\u00fcn (Covid-19) mutasyona u\u011fram\u0131\u015f versiyonu yeni bir \u00fclkeye daha s\u0131\u00e7rad\u0131. \u0130talya; Danimarka, Hollanda, Avustralya, Bel\u00e7ika, ve \u0130sko\u00e7ya&rsquo;n\u0131n ard\u0131ndan \u201cVUI &#8211; 202012\/01\u201d mutasyonun tespit edildi\u011fi \u0130ngiltere d\u0131\u015f\u0131ndaki alt\u0131nc\u0131 \u00fclke oldu.\u00a0Fransa Sa\u011fl\u0131k Bakan\u0131 Olivier Veran ise, mutant vir\u00fcs\u00fcn \u00fclkede hen\u00fcz tespit edilmemi\u015f olmas\u0131na ra\u011fmen Fransa&rsquo;da olmas\u0131n\u0131n m\u00fcmk\u00fcn oldu\u011funu s\u00f6yledi.<\/h2>\n<p>\u0130talya Sa\u011fl\u0131k Bakanl\u0131\u011f\u0131, \u0130ngiltere&rsquo;de ortaya \u00e7\u0131kan mutasyona u\u011fram\u0131\u015f corona vir\u00fcs varyant\u0131yla enfekte olan bir hasta tespit etti\u011fini duyurdu. \u0130talya b\u00f6ylelikle\u00a0 \u201cVUI &#8211; 202012\/01\u201d adl\u0131 mutasyonla enfekte olmu\u015f bir vaka bildiren \u0130ngiltere d\u0131\u015f\u0131ndaki d\u0131\u015f\u0131ndaki alt\u0131nc\u0131 \u00fclke oldu.<\/p>\n<p><strong>KARANT\u0130NAYA ALINDILAR<\/strong><\/p>\n<p>\u0130talya Sa\u011fl\u0131k bakanl\u0131\u011f\u0131 taraf\u0131ndan yap\u0131lan a\u00e7\u0131klamada, \u0130talyan vatanda\u015f\u0131 olan hastan\u0131n test sonucu pozitif \u00e7\u0131kmayan partneriyle\u00a0 birka\u00e7 g\u00fcn \u00f6nce \u0130ngiltere&rsquo;den Roma&rsquo;ya u\u00e7tu\u011funu belirtildi. \u00c7iftin karantinaya al\u0131nd\u0131\u011f\u0131 kaydedildi.<\/p>\n<p>\u015eimdiye kadar, yeni tip corona vir\u00fcs\u00fcn orijinal versiyonundan y\u00fczde 70&rsquo;e kadar daha bula\u015f\u0131c\u0131 olabilece\u011fi belirtilen\u00a0 yeni varyant\u0131n vakalar\u0131 Danimarka, Hollanda, Avustralya, \u0130sko\u00e7ya ve Bel\u00e7ika&rsquo;da da\u00a0 g\u00f6r\u00fcld\u00fc. Buna g\u00f6re, Kas\u0131m ay\u0131nda Danimarka&rsquo;da 9\u00a0 ve Avustralya&rsquo;da 1, bu ay ise Hollanda 1 ki\u015fi mutant corona vir\u00fcsle enfekte oldu. Bel\u00e7ika\u2019da da yeni vir\u00fcsle enfekte olan en az bir vakan\u0131n oldu\u011fu do\u011fruland\u0131.<\/p>\n<p>Bununla birlikte \u0130ngiltere, \u0130sko\u00e7ya ve Galler\u2019de \u015fu ana kadar en az bin ki\u015finin UI &#8211; 202012\/01\u201d mutasyonuyla enfekte oldu\u011fu bildirildi.<\/p>\n<p><strong>\u00ab\u00a0MUTANT V\u0130R\u00dcS\u00dcN FRANSA&rsquo;DA DOLA\u015eMASI TAMAMEN M\u00dcMK\u00dcN\u00a0\u00bb<\/strong><\/p>\n<p>Fransa Sa\u011fl\u0131k Bakan\u0131 \u00a0Olivier Veran ise bu sabah, mutant vir\u00fcs\u00fcn \u00fclkede tespit edilmemi\u015f olmas\u0131na ra\u011fmen Fransa&rsquo;da olmas\u0131n\u0131n\u00a0 &lsquo;tamamen m\u00fcmk\u00fcn&rsquo; oldu\u011funu s\u00f6yledi. Bu nedenle T\u00fcrkiye, Suudi Arabistan, Kuzey Fransa, Almanya, \u0130talya, \u0130rlanda ve Kanada da dahil olmak \u00fczere bir d\u00fczineden fazla \u00fclke, mutant vir\u00fcs\u00fc kontrol alt\u0131na almak i\u00e7in \u0130ngiltere&rsquo;ye ve \u0130ngiltere&rsquo;den seyahatleri yasaklad\u0131.<\/p>\n<p><strong>A\u015eI TEDAR\u0130\u011e\u0130 \u0130\u00c7\u0130N ASKER\u0130 U\u00c7AKLAR HAVALANAB\u0130L\u0130R<\/strong><\/p>\n<p>\u00d6te yandan, \u0130ngiltere\u2019ye y\u00f6nelik seyahat yasaklar\u0131n\u0131n\u00a0 Bel\u00e7ika&rsquo;da \u00fcretilen Pfizer \/ BioNTech corona vir\u00fcs a\u015f\u0131s\u0131n\u0131n \u0130ngiltere\u2019ye olan bozabilece\u011fine dair endi\u015feler de var. E\u011fer yasaklar 48 saatten uzun s\u00fcrerse askeri u\u00e7aklar a\u015f\u0131y\u0131 ta\u015f\u0131mak i\u00e7in havalanacak.<\/p>\n","protected":false},"excerpt":{"rendered":"<p>\u0130ngiltere\u2019de ortaya \u00e7\u0131kan ve y\u00fczde 70 daha bula\u015f\u0131c\u0131 oldu\u011fu belirtilen yeni tip corona vir\u00fcs\u00fcn (Covid-19) mutasyona u\u011fram\u0131\u015f versiyonu yeni bir \u00fclkeye daha s\u0131\u00e7rad\u0131. \u0130talya; Danimarka, Hollanda, Avustralya, Bel\u00e7ika, ve \u0130sko\u00e7ya&rsquo;n\u0131n ard\u0131ndan \u201cVUI &#8211; 202012\/01\u201d mutasyonun tespit edildi\u011fi \u0130ngiltere d\u0131\u015f\u0131ndaki alt\u0131nc\u0131 \u00fclke oldu.\u00a0Fransa Sa\u011fl\u0131k Bakan\u0131 Olivier Veran ise, mutant vir\u00fcs\u00fcn \u00fclkede hen\u00fcz tespit edilmemi\u015f olmas\u0131na ra\u011fmen [&hellip;]<\/p>\n","protected":false},"author":3,"featured_media":13740,"comment_status":"closed","ping_status":"open","sticky":false,"template":"","format":"standard","meta":{"footnotes":""},"categories":[14,16,3,17,2,1],"tags":[5802],"class_list":["post-13739","post","type-post","status-publish","format-standard","has-post-thumbnail","hentry","category-avrupa","category-belcika","category-dunya","category-ekonomi","category-turkiye","category-uncategorized","tag-ingilterede-mutasyona-ugrayan-corona-virus-belcikanin-ardindan-italyaya-sicradi"],"yoast_head":"<!-- This site is optimized with the Yoast SEO plugin v26.9 - https:\/\/yoast.com\/product\/yoast-seo-wordpress\/ -->\n<title>\u0130ngiltere\u2019de mutasyona u\u011frayan corona vir\u00fcs Bel\u00e7ika\u2019nin ardindan \u0130talya&#039;ya s\u0131\u00e7rad\u0131 - AvrupaPress<\/title>\n<meta name=\"robots\" content=\"index, follow, max-snippet:-1, max-image-preview:large, max-video-preview:-1\" \/>\n<link rel=\"canonical\" href=\"https:\/\/avrupapress.com\/2020\/12\/21\/ingilterede-mutasyona-ugrayan-corona-virus-belcikanin-ardindan-italyaya-sicradi\/\" \/>\n<meta property=\"og:locale\" content=\"fr_FR\" \/>\n<meta property=\"og:type\" content=\"article\" \/>\n<meta property=\"og:title\" content=\"\u0130ngiltere\u2019de mutasyona u\u011frayan corona vir\u00fcs Bel\u00e7ika\u2019nin ardindan \u0130talya&#039;ya s\u0131\u00e7rad\u0131 - AvrupaPress\" \/>\n<meta property=\"og:description\" content=\"\u0130ngiltere\u2019de ortaya \u00e7\u0131kan ve y\u00fczde 70 daha bula\u015f\u0131c\u0131 oldu\u011fu belirtilen yeni tip corona vir\u00fcs\u00fcn (Covid-19) mutasyona u\u011fram\u0131\u015f versiyonu yeni bir \u00fclkeye daha s\u0131\u00e7rad\u0131. \u0130talya; Danimarka, Hollanda, Avustralya, Bel\u00e7ika, ve \u0130sko\u00e7ya&rsquo;n\u0131n ard\u0131ndan \u201cVUI &#8211; 202012\/01\u201d mutasyonun tespit edildi\u011fi \u0130ngiltere d\u0131\u015f\u0131ndaki alt\u0131nc\u0131 \u00fclke oldu.\u00a0Fransa Sa\u011fl\u0131k Bakan\u0131 Olivier Veran ise, mutant vir\u00fcs\u00fcn \u00fclkede hen\u00fcz tespit edilmemi\u015f olmas\u0131na ra\u011fmen [&hellip;]\" \/>\n<meta property=\"og:url\" content=\"https:\/\/avrupapress.com\/2020\/12\/21\/ingilterede-mutasyona-ugrayan-corona-virus-belcikanin-ardindan-italyaya-sicradi\/\" \/>\n<meta property=\"og:site_name\" content=\"AvrupaPress\" \/>\n<meta property=\"article:published_time\" content=\"2020-12-21T21:59:05+00:00\" \/>\n<meta property=\"article:modified_time\" content=\"2020-12-21T21:59:15+00:00\" \/>\n<meta property=\"og:image\" content=\"https:\/\/avrupapress.com\/wp-content\/uploads\/2020\/12\/O_pEF5Rjj0-3AJU8Rs2ekg.jpg\" \/>\n\t<meta property=\"og:image:width\" content=\"660\" \/>\n\t<meta property=\"og:image:height\" content=\"375\" \/>\n\t<meta property=\"og:image:type\" content=\"image\/jpeg\" \/>\n<meta name=\"author\" content=\"Edit\u00f6r\" \/>\n<meta name=\"twitter:card\" content=\"summary_large_image\" \/>\n<meta name=\"twitter:label1\" content=\"\u00c9crit par\" \/>\n\t<meta name=\"twitter:data1\" content=\"Edit\u00f6r\" \/>\n\t<meta name=\"twitter:label2\" content=\"Dur\u00e9e de lecture est.\" \/>\n\t<meta name=\"twitter:data2\" content=\"2 minutes\" \/>\n<script type=\"application\/ld+json\" class=\"yoast-schema-graph\">{\"@context\":\"https:\/\/schema.org\",\"@graph\":[{\"@type\":\"Article\",\"@id\":\"https:\/\/avrupapress.com\/2020\/12\/21\/ingilterede-mutasyona-ugrayan-corona-virus-belcikanin-ardindan-italyaya-sicradi\/#article\",\"isPartOf\":{\"@id\":\"https:\/\/avrupapress.com\/2020\/12\/21\/ingilterede-mutasyona-ugrayan-corona-virus-belcikanin-ardindan-italyaya-sicradi\/\"},\"author\":{\"name\":\"Edit\u00f6r\",\"@id\":\"https:\/\/avrupapress.com\/#\/schema\/person\/68428444ec60970d1e1b700cf4ca1e8f\"},\"headline\":\"\u0130ngiltere\u2019de mutasyona u\u011frayan corona vir\u00fcs Bel\u00e7ika\u2019nin ardindan \u0130talya&rsquo;ya s\u0131\u00e7rad\u0131\",\"datePublished\":\"2020-12-21T21:59:05+00:00\",\"dateModified\":\"2020-12-21T21:59:15+00:00\",\"mainEntityOfPage\":{\"@id\":\"https:\/\/avrupapress.com\/2020\/12\/21\/ingilterede-mutasyona-ugrayan-corona-virus-belcikanin-ardindan-italyaya-sicradi\/\"},\"wordCount\":425,\"publisher\":{\"@id\":\"https:\/\/avrupapress.com\/#\/schema\/person\/0223dca19c72c43575bf30d1a2d8f4fa\"},\"image\":{\"@id\":\"https:\/\/avrupapress.com\/2020\/12\/21\/ingilterede-mutasyona-ugrayan-corona-virus-belcikanin-ardindan-italyaya-sicradi\/#primaryimage\"},\"thumbnailUrl\":\"https:\/\/avrupapress.com\/main\/wp-content\/uploads\/2020\/12\/O_pEF5Rjj0-3AJU8Rs2ekg.jpg\",\"keywords\":[\"\u0130ngiltere\u2019de mutasyona u\u011frayan corona vir\u00fcs Bel\u00e7ika\u2019nin ardindan \u0130talya'ya s\u0131\u00e7rad\u0131\"],\"articleSection\":[\"Avrupa\",\"Bel\u00e7ika\",\"D\u00fcnya\",\"Ekonomi\",\"T\u00fcrkiye\",\"Uncategorized\"],\"inLanguage\":\"fr-BE\"},{\"@type\":\"WebPage\",\"@id\":\"https:\/\/avrupapress.com\/2020\/12\/21\/ingilterede-mutasyona-ugrayan-corona-virus-belcikanin-ardindan-italyaya-sicradi\/\",\"url\":\"https:\/\/avrupapress.com\/2020\/12\/21\/ingilterede-mutasyona-ugrayan-corona-virus-belcikanin-ardindan-italyaya-sicradi\/\",\"name\":\"\u0130ngiltere\u2019de mutasyona u\u011frayan corona vir\u00fcs Bel\u00e7ika\u2019nin ardindan \u0130talya'ya s\u0131\u00e7rad\u0131 - AvrupaPress\",\"isPartOf\":{\"@id\":\"https:\/\/avrupapress.com\/#website\"},\"primaryImageOfPage\":{\"@id\":\"https:\/\/avrupapress.com\/2020\/12\/21\/ingilterede-mutasyona-ugrayan-corona-virus-belcikanin-ardindan-italyaya-sicradi\/#primaryimage\"},\"image\":{\"@id\":\"https:\/\/avrupapress.com\/2020\/12\/21\/ingilterede-mutasyona-ugrayan-corona-virus-belcikanin-ardindan-italyaya-sicradi\/#primaryimage\"},\"thumbnailUrl\":\"https:\/\/avrupapress.com\/main\/wp-content\/uploads\/2020\/12\/O_pEF5Rjj0-3AJU8Rs2ekg.jpg\",\"datePublished\":\"2020-12-21T21:59:05+00:00\",\"dateModified\":\"2020-12-21T21:59:15+00:00\",\"breadcrumb\":{\"@id\":\"https:\/\/avrupapress.com\/2020\/12\/21\/ingilterede-mutasyona-ugrayan-corona-virus-belcikanin-ardindan-italyaya-sicradi\/#breadcrumb\"},\"inLanguage\":\"fr-BE\",\"potentialAction\":[{\"@type\":\"ReadAction\",\"target\":[\"https:\/\/avrupapress.com\/2020\/12\/21\/ingilterede-mutasyona-ugrayan-corona-virus-belcikanin-ardindan-italyaya-sicradi\/\"]}]},{\"@type\":\"ImageObject\",\"inLanguage\":\"fr-BE\",\"@id\":\"https:\/\/avrupapress.com\/2020\/12\/21\/ingilterede-mutasyona-ugrayan-corona-virus-belcikanin-ardindan-italyaya-sicradi\/#primaryimage\",\"url\":\"https:\/\/avrupapress.com\/main\/wp-content\/uploads\/2020\/12\/O_pEF5Rjj0-3AJU8Rs2ekg.jpg\",\"contentUrl\":\"https:\/\/avrupapress.com\/main\/wp-content\/uploads\/2020\/12\/O_pEF5Rjj0-3AJU8Rs2ekg.jpg\",\"width\":660,\"height\":375},{\"@type\":\"BreadcrumbList\",\"@id\":\"https:\/\/avrupapress.com\/2020\/12\/21\/ingilterede-mutasyona-ugrayan-corona-virus-belcikanin-ardindan-italyaya-sicradi\/#breadcrumb\",\"itemListElement\":[{\"@type\":\"ListItem\",\"position\":1,\"name\":\"Anasayfa\",\"item\":\"https:\/\/avrupapress.com\/\"},{\"@type\":\"ListItem\",\"position\":2,\"name\":\"\u0130ngiltere\u2019de mutasyona u\u011frayan corona vir\u00fcs Bel\u00e7ika\u2019nin ardindan \u0130talya&#8217;ya s\u0131\u00e7rad\u0131\"}]},{\"@type\":\"WebSite\",\"@id\":\"https:\/\/avrupapress.com\/#website\",\"url\":\"https:\/\/avrupapress.com\/\",\"name\":\"AvrupaPress\",\"description\":\"Haberin Adresi\",\"publisher\":{\"@id\":\"https:\/\/avrupapress.com\/#\/schema\/person\/0223dca19c72c43575bf30d1a2d8f4fa\"},\"potentialAction\":[{\"@type\":\"SearchAction\",\"target\":{\"@type\":\"EntryPoint\",\"urlTemplate\":\"https:\/\/avrupapress.com\/?s={search_term_string}\"},\"query-input\":{\"@type\":\"PropertyValueSpecification\",\"valueRequired\":true,\"valueName\":\"search_term_string\"}}],\"inLanguage\":\"fr-BE\"},{\"@type\":[\"Person\",\"Organization\"],\"@id\":\"https:\/\/avrupapress.com\/#\/schema\/person\/0223dca19c72c43575bf30d1a2d8f4fa\",\"name\":\"Bilgin \u00d6z\u00e7ift\u00e7i\",\"image\":{\"@type\":\"ImageObject\",\"inLanguage\":\"fr-BE\",\"@id\":\"https:\/\/avrupapress.com\/#\/schema\/person\/image\/\",\"url\":\"https:\/\/secure.gravatar.com\/avatar\/0f23b280433a21e1ea7a0adcc46ed0ad16afe3ad8e630fd13d8a017dcbd54ef3?s=96&d=mm&r=g\",\"contentUrl\":\"https:\/\/secure.gravatar.com\/avatar\/0f23b280433a21e1ea7a0adcc46ed0ad16afe3ad8e630fd13d8a017dcbd54ef3?s=96&d=mm&r=g\",\"caption\":\"Bilgin \u00d6z\u00e7ift\u00e7i\"},\"logo\":{\"@id\":\"https:\/\/avrupapress.com\/#\/schema\/person\/image\/\"},\"description\":\"Ne ben, nede sen... Biz ancak \\\"biz\\\" olursak g\u00fc\u00e7l\u00fc olabiliriz\"},{\"@type\":\"Person\",\"@id\":\"https:\/\/avrupapress.com\/#\/schema\/person\/68428444ec60970d1e1b700cf4ca1e8f\",\"name\":\"Edit\u00f6r\",\"image\":{\"@type\":\"ImageObject\",\"inLanguage\":\"fr-BE\",\"@id\":\"https:\/\/avrupapress.com\/#\/schema\/person\/image\/\",\"url\":\"https:\/\/secure.gravatar.com\/avatar\/74996b0977aa5f1559ba9883776652508b229005c0d78fb2597897f0bd651c09?s=96&d=mm&r=g\",\"contentUrl\":\"https:\/\/secure.gravatar.com\/avatar\/74996b0977aa5f1559ba9883776652508b229005c0d78fb2597897f0bd651c09?s=96&d=mm&r=g\",\"caption\":\"Edit\u00f6r\"},\"sameAs\":[\"http:\/\/www.avrupapress.com\"],\"url\":\"https:\/\/avrupapress.com\/main\/author\/editor\/\"}]}<\/script>\n<!-- \/ Yoast SEO plugin. -->","yoast_head_json":{"title":"\u0130ngiltere\u2019de mutasyona u\u011frayan corona vir\u00fcs Bel\u00e7ika\u2019nin ardindan \u0130talya'ya s\u0131\u00e7rad\u0131 - AvrupaPress","robots":{"index":"index","follow":"follow","max-snippet":"max-snippet:-1","max-image-preview":"max-image-preview:large","max-video-preview":"max-video-preview:-1"},"canonical":"https:\/\/avrupapress.com\/2020\/12\/21\/ingilterede-mutasyona-ugrayan-corona-virus-belcikanin-ardindan-italyaya-sicradi\/","og_locale":"fr_FR","og_type":"article","og_title":"\u0130ngiltere\u2019de mutasyona u\u011frayan corona vir\u00fcs Bel\u00e7ika\u2019nin ardindan \u0130talya'ya s\u0131\u00e7rad\u0131 - AvrupaPress","og_description":"\u0130ngiltere\u2019de ortaya \u00e7\u0131kan ve y\u00fczde 70 daha bula\u015f\u0131c\u0131 oldu\u011fu belirtilen yeni tip corona vir\u00fcs\u00fcn (Covid-19) mutasyona u\u011fram\u0131\u015f versiyonu yeni bir \u00fclkeye daha s\u0131\u00e7rad\u0131. \u0130talya; Danimarka, Hollanda, Avustralya, Bel\u00e7ika, ve \u0130sko\u00e7ya&rsquo;n\u0131n ard\u0131ndan \u201cVUI &#8211; 202012\/01\u201d mutasyonun tespit edildi\u011fi \u0130ngiltere d\u0131\u015f\u0131ndaki alt\u0131nc\u0131 \u00fclke oldu.\u00a0Fransa Sa\u011fl\u0131k Bakan\u0131 Olivier Veran ise, mutant vir\u00fcs\u00fcn \u00fclkede hen\u00fcz tespit edilmemi\u015f olmas\u0131na ra\u011fmen [&hellip;]","og_url":"https:\/\/avrupapress.com\/2020\/12\/21\/ingilterede-mutasyona-ugrayan-corona-virus-belcikanin-ardindan-italyaya-sicradi\/","og_site_name":"AvrupaPress","article_published_time":"2020-12-21T21:59:05+00:00","article_modified_time":"2020-12-21T21:59:15+00:00","og_image":[{"width":660,"height":375,"url":"https:\/\/avrupapress.com\/wp-content\/uploads\/2020\/12\/O_pEF5Rjj0-3AJU8Rs2ekg.jpg","type":"image\/jpeg"}],"author":"Edit\u00f6r","twitter_card":"summary_large_image","twitter_misc":{"\u00c9crit par":"Edit\u00f6r","Dur\u00e9e de lecture est.":"2 minutes"},"schema":{"@context":"https:\/\/schema.org","@graph":[{"@type":"Article","@id":"https:\/\/avrupapress.com\/2020\/12\/21\/ingilterede-mutasyona-ugrayan-corona-virus-belcikanin-ardindan-italyaya-sicradi\/#article","isPartOf":{"@id":"https:\/\/avrupapress.com\/2020\/12\/21\/ingilterede-mutasyona-ugrayan-corona-virus-belcikanin-ardindan-italyaya-sicradi\/"},"author":{"name":"Edit\u00f6r","@id":"https:\/\/avrupapress.com\/#\/schema\/person\/68428444ec60970d1e1b700cf4ca1e8f"},"headline":"\u0130ngiltere\u2019de mutasyona u\u011frayan corona vir\u00fcs Bel\u00e7ika\u2019nin ardindan \u0130talya&rsquo;ya s\u0131\u00e7rad\u0131","datePublished":"2020-12-21T21:59:05+00:00","dateModified":"2020-12-21T21:59:15+00:00","mainEntityOfPage":{"@id":"https:\/\/avrupapress.com\/2020\/12\/21\/ingilterede-mutasyona-ugrayan-corona-virus-belcikanin-ardindan-italyaya-sicradi\/"},"wordCount":425,"publisher":{"@id":"https:\/\/avrupapress.com\/#\/schema\/person\/0223dca19c72c43575bf30d1a2d8f4fa"},"image":{"@id":"https:\/\/avrupapress.com\/2020\/12\/21\/ingilterede-mutasyona-ugrayan-corona-virus-belcikanin-ardindan-italyaya-sicradi\/#primaryimage"},"thumbnailUrl":"https:\/\/avrupapress.com\/main\/wp-content\/uploads\/2020\/12\/O_pEF5Rjj0-3AJU8Rs2ekg.jpg","keywords":["\u0130ngiltere\u2019de mutasyona u\u011frayan corona vir\u00fcs Bel\u00e7ika\u2019nin ardindan \u0130talya'ya s\u0131\u00e7rad\u0131"],"articleSection":["Avrupa","Bel\u00e7ika","D\u00fcnya","Ekonomi","T\u00fcrkiye","Uncategorized"],"inLanguage":"fr-BE"},{"@type":"WebPage","@id":"https:\/\/avrupapress.com\/2020\/12\/21\/ingilterede-mutasyona-ugrayan-corona-virus-belcikanin-ardindan-italyaya-sicradi\/","url":"https:\/\/avrupapress.com\/2020\/12\/21\/ingilterede-mutasyona-ugrayan-corona-virus-belcikanin-ardindan-italyaya-sicradi\/","name":"\u0130ngiltere\u2019de mutasyona u\u011frayan corona vir\u00fcs Bel\u00e7ika\u2019nin ardindan \u0130talya'ya s\u0131\u00e7rad\u0131 - AvrupaPress","isPartOf":{"@id":"https:\/\/avrupapress.com\/#website"},"primaryImageOfPage":{"@id":"https:\/\/avrupapress.com\/2020\/12\/21\/ingilterede-mutasyona-ugrayan-corona-virus-belcikanin-ardindan-italyaya-sicradi\/#primaryimage"},"image":{"@id":"https:\/\/avrupapress.com\/2020\/12\/21\/ingilterede-mutasyona-ugrayan-corona-virus-belcikanin-ardindan-italyaya-sicradi\/#primaryimage"},"thumbnailUrl":"https:\/\/avrupapress.com\/main\/wp-content\/uploads\/2020\/12\/O_pEF5Rjj0-3AJU8Rs2ekg.jpg","datePublished":"2020-12-21T21:59:05+00:00","dateModified":"2020-12-21T21:59:15+00:00","breadcrumb":{"@id":"https:\/\/avrupapress.com\/2020\/12\/21\/ingilterede-mutasyona-ugrayan-corona-virus-belcikanin-ardindan-italyaya-sicradi\/#breadcrumb"},"inLanguage":"fr-BE","potentialAction":[{"@type":"ReadAction","target":["https:\/\/avrupapress.com\/2020\/12\/21\/ingilterede-mutasyona-ugrayan-corona-virus-belcikanin-ardindan-italyaya-sicradi\/"]}]},{"@type":"ImageObject","inLanguage":"fr-BE","@id":"https:\/\/avrupapress.com\/2020\/12\/21\/ingilterede-mutasyona-ugrayan-corona-virus-belcikanin-ardindan-italyaya-sicradi\/#primaryimage","url":"https:\/\/avrupapress.com\/main\/wp-content\/uploads\/2020\/12\/O_pEF5Rjj0-3AJU8Rs2ekg.jpg","contentUrl":"https:\/\/avrupapress.com\/main\/wp-content\/uploads\/2020\/12\/O_pEF5Rjj0-3AJU8Rs2ekg.jpg","width":660,"height":375},{"@type":"BreadcrumbList","@id":"https:\/\/avrupapress.com\/2020\/12\/21\/ingilterede-mutasyona-ugrayan-corona-virus-belcikanin-ardindan-italyaya-sicradi\/#breadcrumb","itemListElement":[{"@type":"ListItem","position":1,"name":"Anasayfa","item":"https:\/\/avrupapress.com\/"},{"@type":"ListItem","position":2,"name":"\u0130ngiltere\u2019de mutasyona u\u011frayan corona vir\u00fcs Bel\u00e7ika\u2019nin ardindan \u0130talya&#8217;ya s\u0131\u00e7rad\u0131"}]},{"@type":"WebSite","@id":"https:\/\/avrupapress.com\/#website","url":"https:\/\/avrupapress.com\/","name":"AvrupaPress","description":"Haberin Adresi","publisher":{"@id":"https:\/\/avrupapress.com\/#\/schema\/person\/0223dca19c72c43575bf30d1a2d8f4fa"},"potentialAction":[{"@type":"SearchAction","target":{"@type":"EntryPoint","urlTemplate":"https:\/\/avrupapress.com\/?s={search_term_string}"},"query-input":{"@type":"PropertyValueSpecification","valueRequired":true,"valueName":"search_term_string"}}],"inLanguage":"fr-BE"},{"@type":["Person","Organization"],"@id":"https:\/\/avrupapress.com\/#\/schema\/person\/0223dca19c72c43575bf30d1a2d8f4fa","name":"Bilgin \u00d6z\u00e7ift\u00e7i","image":{"@type":"ImageObject","inLanguage":"fr-BE","@id":"https:\/\/avrupapress.com\/#\/schema\/person\/image\/","url":"https:\/\/secure.gravatar.com\/avatar\/0f23b280433a21e1ea7a0adcc46ed0ad16afe3ad8e630fd13d8a017dcbd54ef3?s=96&d=mm&r=g","contentUrl":"https:\/\/secure.gravatar.com\/avatar\/0f23b280433a21e1ea7a0adcc46ed0ad16afe3ad8e630fd13d8a017dcbd54ef3?s=96&d=mm&r=g","caption":"Bilgin \u00d6z\u00e7ift\u00e7i"},"logo":{"@id":"https:\/\/avrupapress.com\/#\/schema\/person\/image\/"},"description":"Ne ben, nede sen... Biz ancak \"biz\" olursak g\u00fc\u00e7l\u00fc olabiliriz"},{"@type":"Person","@id":"https:\/\/avrupapress.com\/#\/schema\/person\/68428444ec60970d1e1b700cf4ca1e8f","name":"Edit\u00f6r","image":{"@type":"ImageObject","inLanguage":"fr-BE","@id":"https:\/\/avrupapress.com\/#\/schema\/person\/image\/","url":"https:\/\/secure.gravatar.com\/avatar\/74996b0977aa5f1559ba9883776652508b229005c0d78fb2597897f0bd651c09?s=96&d=mm&r=g","contentUrl":"https:\/\/secure.gravatar.com\/avatar\/74996b0977aa5f1559ba9883776652508b229005c0d78fb2597897f0bd651c09?s=96&d=mm&r=g","caption":"Edit\u00f6r"},"sameAs":["http:\/\/www.avrupapress.com"],"url":"https:\/\/avrupapress.com\/main\/author\/editor\/"}]}},"_links":{"self":[{"href":"https:\/\/avrupapress.com\/main\/wp-json\/wp\/v2\/posts\/13739","targetHints":{"allow":["GET"]}}],"collection":[{"href":"https:\/\/avrupapress.com\/main\/wp-json\/wp\/v2\/posts"}],"about":[{"href":"https:\/\/avrupapress.com\/main\/wp-json\/wp\/v2\/types\/post"}],"author":[{"embeddable":true,"href":"https:\/\/avrupapress.com\/main\/wp-json\/wp\/v2\/users\/3"}],"replies":[{"embeddable":true,"href":"https:\/\/avrupapress.com\/main\/wp-json\/wp\/v2\/comments?post=13739"}],"version-history":[{"count":1,"href":"https:\/\/avrupapress.com\/main\/wp-json\/wp\/v2\/posts\/13739\/revisions"}],"predecessor-version":[{"id":13741,"href":"https:\/\/avrupapress.com\/main\/wp-json\/wp\/v2\/posts\/13739\/revisions\/13741"}],"wp:featuredmedia":[{"embeddable":true,"href":"https:\/\/avrupapress.com\/main\/wp-json\/wp\/v2\/media\/13740"}],"wp:attachment":[{"href":"https:\/\/avrupapress.com\/main\/wp-json\/wp\/v2\/media?parent=13739"}],"wp:term":[{"taxonomy":"category","embeddable":true,"href":"https:\/\/avrupapress.com\/main\/wp-json\/wp\/v2\/categories?post=13739"},{"taxonomy":"post_tag","embeddable":true,"href":"https:\/\/avrupapress.com\/main\/wp-json\/wp\/v2\/tags?post=13739"}],"curies":[{"name":"wp","href":"https:\/\/api.w.org\/{rel}","templated":true}]}}