{"id":13728,"date":"2020-12-20T22:15:32","date_gmt":"2020-12-20T22:15:32","guid":{"rendered":"http:\/\/avrupapress.com\/main\/?p=13728"},"modified":"2020-12-20T22:18:05","modified_gmt":"2020-12-20T22:18:05","slug":"hayata-ilk-adimdaki-besinin-anne-ve-bebek-icin-onemi","status":"publish","type":"post","link":"https:\/\/avrupapress.com\/main\/2020\/12\/20\/hayata-ilk-adimdaki-besinin-anne-ve-bebek-icin-onemi\/","title":{"rendered":"HAYATA \u0130LK ADIMDAK\u0130 BES\u0130N\u0130N ANNE VE BEBEK \u0130\u00c7\u0130N \u00d6NEM\u0130"},"content":{"rendered":"<p>Anne s\u00fct\u00fc bebekler i\u00e7in do\u011fum sonras\u0131 ilk iki y\u0131l bebe\u011fin geli\u015fimi ve sa\u011fl\u0131kl\u0131 temeller at\u0131lmas\u0131 y\u00f6n\u00fcnden olduk\u00e7a \u00f6nemlidir. B\u00fcy\u00fcme ve geli\u015fmenin en h\u0131zl\u0131 oldu\u011fu bu d\u00f6nemde yeterli ve dengeli beslenme sadece anne s\u00fct\u00fc ile sa\u011flanmal\u0131d\u0131r.<\/p>\n<p>D\u00fcnya Sal\u0131k \u00d6rg\u00fct\u00fc ve UNICEF bebeklerin do\u011fumdan itibaren ilk alt\u0131 ay sadece anne s\u00fct\u00fc almalar\u0131n\u0131 (su dahil hi\u00e7bir ek besin almadan), bebeklerin ancak alt\u0131 ayl\u0131k olduktan sonra s\u0131v\u0131 ve kat\u0131 ek besinlere ba\u015flanmas\u0131n\u0131 ve bu tamamlay\u0131c\u0131 besinlerin yan\u0131 s\u0131ra en az iki ya\u015f\u0131na kadar anne s\u00fct\u00fcne devam edilmesini \u00f6nermektedir.<\/p>\n<p>Do\u011fumdan sonraki 3. ve 4. g\u00fcnlerde s\u00fct salg\u0131lanmas\u0131nda art\u0131\u015f olur. D\u00f6rt ve 6. haftalarda art\u0131\u015f en \u00fcst d\u00fczeye ula\u015f\u0131r ve alt\u0131nc\u0131 aya kadar bebe\u011fin gereksinimini rahat\u00e7a kar\u015f\u0131lar. G\u00fcnl\u00fck salg\u0131lanan s\u00fct miktar\u0131 750\u20131000ml\u2019dir. Do\u011fumdan hemen sonra emzirme annenin do\u011fum sonras\u0131 kanama riskini azalt\u0131r. Ayn\u0131 zamanda emzirme anneyi idrar yolu enfeksiyonlar\u0131ndan korumaktad\u0131r.<\/p>\n<p>Do\u011fum sonras\u0131 s\u00fct yap\u0131m\u0131n\u0131 h\u0131zland\u0131rmak i\u00e7in; annenin kendine g\u00fcvenini artt\u0131rmak, do\u011fum sonras\u0131 en ge\u00e7 30 dakika veya bir saat i\u00e7inde emzirmeye ba\u015flama, hastanede iken g\u00fcnde en az sekiz kez, tercihen 10-12 kez emzirme, ilk 12 saat i\u00e7inde bebe\u011fi saatte bir emzirme, ilk d\u00f6rt saatte bebe\u011fi saat ba\u015f\u0131 memeye koyma gibi uygulamalar yard\u0131mc\u0131 olacakt\u0131r.<\/p>\n<p>Anneler s\u00fct\u00fcn\u00fcn az oldu\u011funu d\u00fc\u015f\u00fcnse bile bebekler t\u00fcm ihtiya\u00e7lar\u0131n\u0131 anneden alabilir. Bazen bebek yeteri kadar s\u00fct alamazsa, bunun nedeni genellikle bebe\u011fin do\u011fru emzirme tekni\u011fiyle emzirilmemesidir. Yeterli s\u00fct alamayan bebekler g\u00fcnde alt\u0131 defadan az (genellikle de d\u00f6rtten az), konsantre ve sar\u0131ms\u0131 idrar yapar, ayda 500 gramdan az kilo al\u0131r ve do\u011fum sonras\u0131 ilk iki hafta sonunda do\u011fum kilosuna ula\u015famaz.<\/p>\n<p>Annenin takdir toplamas\u0131, zihninin rahatlamas\u0131, su t\u00fcketimi ve annenin sa\u011fl\u0131kl\u0131 beslenmesi s\u00fct\u00fcn artmas\u0131ndaki en \u00f6nemli etkenlerdendir.<\/p>\n<p>UZMAN D\u0130YET\u0130SYEN AYL\u0130N FIRAT<\/p>\n","protected":false},"excerpt":{"rendered":"<p>Anne s\u00fct\u00fc bebekler i\u00e7in do\u011fum sonras\u0131 ilk iki y\u0131l bebe\u011fin geli\u015fimi ve sa\u011fl\u0131kl\u0131 temeller at\u0131lmas\u0131 y\u00f6n\u00fcnden olduk\u00e7a \u00f6nemlidir. B\u00fcy\u00fcme ve geli\u015fmenin en h\u0131zl\u0131 oldu\u011fu bu d\u00f6nemde yeterli ve dengeli beslenme sadece anne s\u00fct\u00fc ile sa\u011flanmal\u0131d\u0131r. D\u00fcnya Sal\u0131k \u00d6rg\u00fct\u00fc ve UNICEF bebeklerin do\u011fumdan itibaren ilk alt\u0131 ay sadece anne s\u00fct\u00fc almalar\u0131n\u0131 (su dahil hi\u00e7bir ek besin [&hellip;]<\/p>\n","protected":false},"author":3,"featured_media":13729,"comment_status":"closed","ping_status":"open","sticky":false,"template":"","format":"standard","meta":{"footnotes":""},"categories":[14,16,3,17,19,2],"tags":[5800],"class_list":["post-13728","post","type-post","status-publish","format-standard","has-post-thumbnail","hentry","category-avrupa","category-belcika","category-dunya","category-ekonomi","category-tanitim","category-turkiye","tag-hayata-ilk-adimdaki-besinin-anne-ve-bebek-icin-onemi"],"yoast_head":"<!-- This site is optimized with the Yoast SEO plugin v26.9 - https:\/\/yoast.com\/product\/yoast-seo-wordpress\/ -->\n<title>HAYATA \u0130LK ADIMDAK\u0130 BES\u0130N\u0130N ANNE VE BEBEK \u0130\u00c7\u0130N \u00d6NEM\u0130 - AvrupaPress<\/title>\n<meta name=\"robots\" content=\"index, follow, max-snippet:-1, max-image-preview:large, max-video-preview:-1\" \/>\n<link rel=\"canonical\" href=\"https:\/\/avrupapress.com\/2020\/12\/20\/hayata-ilk-adimdaki-besinin-anne-ve-bebek-icin-onemi\/\" \/>\n<meta property=\"og:locale\" content=\"fr_FR\" \/>\n<meta property=\"og:type\" content=\"article\" \/>\n<meta property=\"og:title\" content=\"HAYATA \u0130LK ADIMDAK\u0130 BES\u0130N\u0130N ANNE VE BEBEK \u0130\u00c7\u0130N \u00d6NEM\u0130 - AvrupaPress\" \/>\n<meta property=\"og:description\" content=\"Anne s\u00fct\u00fc bebekler i\u00e7in do\u011fum sonras\u0131 ilk iki y\u0131l bebe\u011fin geli\u015fimi ve sa\u011fl\u0131kl\u0131 temeller at\u0131lmas\u0131 y\u00f6n\u00fcnden olduk\u00e7a \u00f6nemlidir. B\u00fcy\u00fcme ve geli\u015fmenin en h\u0131zl\u0131 oldu\u011fu bu d\u00f6nemde yeterli ve dengeli beslenme sadece anne s\u00fct\u00fc ile sa\u011flanmal\u0131d\u0131r. D\u00fcnya Sal\u0131k \u00d6rg\u00fct\u00fc ve UNICEF bebeklerin do\u011fumdan itibaren ilk alt\u0131 ay sadece anne s\u00fct\u00fc almalar\u0131n\u0131 (su dahil hi\u00e7bir ek besin [&hellip;]\" \/>\n<meta property=\"og:url\" content=\"https:\/\/avrupapress.com\/2020\/12\/20\/hayata-ilk-adimdaki-besinin-anne-ve-bebek-icin-onemi\/\" \/>\n<meta property=\"og:site_name\" content=\"AvrupaPress\" \/>\n<meta property=\"article:published_time\" content=\"2020-12-20T22:15:32+00:00\" \/>\n<meta property=\"article:modified_time\" content=\"2020-12-20T22:18:05+00:00\" \/>\n<meta property=\"og:image\" content=\"https:\/\/avrupapress.com\/wp-content\/uploads\/2020\/12\/thumbnail_IMG-20201220-WA0000-e1608502674810.jpg\" \/>\n\t<meta property=\"og:image:width\" content=\"828\" \/>\n\t<meta property=\"og:image:height\" content=\"755\" \/>\n\t<meta property=\"og:image:type\" content=\"image\/jpeg\" \/>\n<meta name=\"author\" content=\"Edit\u00f6r\" \/>\n<meta name=\"twitter:card\" content=\"summary_large_image\" \/>\n<meta name=\"twitter:label1\" content=\"\u00c9crit par\" \/>\n\t<meta name=\"twitter:data1\" content=\"Edit\u00f6r\" \/>\n\t<meta name=\"twitter:label2\" content=\"Dur\u00e9e de lecture est.\" \/>\n\t<meta name=\"twitter:data2\" content=\"2 minutes\" \/>\n<script type=\"application\/ld+json\" class=\"yoast-schema-graph\">{\"@context\":\"https:\/\/schema.org\",\"@graph\":[{\"@type\":\"Article\",\"@id\":\"https:\/\/avrupapress.com\/2020\/12\/20\/hayata-ilk-adimdaki-besinin-anne-ve-bebek-icin-onemi\/#article\",\"isPartOf\":{\"@id\":\"https:\/\/avrupapress.com\/2020\/12\/20\/hayata-ilk-adimdaki-besinin-anne-ve-bebek-icin-onemi\/\"},\"author\":{\"name\":\"Edit\u00f6r\",\"@id\":\"https:\/\/avrupapress.com\/#\/schema\/person\/68428444ec60970d1e1b700cf4ca1e8f\"},\"headline\":\"HAYATA \u0130LK ADIMDAK\u0130 BES\u0130N\u0130N ANNE VE BEBEK \u0130\u00c7\u0130N \u00d6NEM\u0130\",\"datePublished\":\"2020-12-20T22:15:32+00:00\",\"dateModified\":\"2020-12-20T22:18:05+00:00\",\"mainEntityOfPage\":{\"@id\":\"https:\/\/avrupapress.com\/2020\/12\/20\/hayata-ilk-adimdaki-besinin-anne-ve-bebek-icin-onemi\/\"},\"wordCount\":378,\"publisher\":{\"@id\":\"https:\/\/avrupapress.com\/#\/schema\/person\/0223dca19c72c43575bf30d1a2d8f4fa\"},\"image\":{\"@id\":\"https:\/\/avrupapress.com\/2020\/12\/20\/hayata-ilk-adimdaki-besinin-anne-ve-bebek-icin-onemi\/#primaryimage\"},\"thumbnailUrl\":\"https:\/\/avrupapress.com\/main\/wp-content\/uploads\/2020\/12\/thumbnail_IMG-20201220-WA0000-e1608502674810.jpg\",\"keywords\":[\"HAYATA \u0130LK ADIMDAK\u0130 BES\u0130N\u0130N ANNE VE BEBEK \u0130\u00c7\u0130N \u00d6NEM\u0130\"],\"articleSection\":[\"Avrupa\",\"Bel\u00e7ika\",\"D\u00fcnya\",\"Ekonomi\",\"Tan\u0131t\u0131m\",\"T\u00fcrkiye\"],\"inLanguage\":\"fr-BE\"},{\"@type\":\"WebPage\",\"@id\":\"https:\/\/avrupapress.com\/2020\/12\/20\/hayata-ilk-adimdaki-besinin-anne-ve-bebek-icin-onemi\/\",\"url\":\"https:\/\/avrupapress.com\/2020\/12\/20\/hayata-ilk-adimdaki-besinin-anne-ve-bebek-icin-onemi\/\",\"name\":\"HAYATA \u0130LK ADIMDAK\u0130 BES\u0130N\u0130N ANNE VE BEBEK \u0130\u00c7\u0130N \u00d6NEM\u0130 - AvrupaPress\",\"isPartOf\":{\"@id\":\"https:\/\/avrupapress.com\/#website\"},\"primaryImageOfPage\":{\"@id\":\"https:\/\/avrupapress.com\/2020\/12\/20\/hayata-ilk-adimdaki-besinin-anne-ve-bebek-icin-onemi\/#primaryimage\"},\"image\":{\"@id\":\"https:\/\/avrupapress.com\/2020\/12\/20\/hayata-ilk-adimdaki-besinin-anne-ve-bebek-icin-onemi\/#primaryimage\"},\"thumbnailUrl\":\"https:\/\/avrupapress.com\/main\/wp-content\/uploads\/2020\/12\/thumbnail_IMG-20201220-WA0000-e1608502674810.jpg\",\"datePublished\":\"2020-12-20T22:15:32+00:00\",\"dateModified\":\"2020-12-20T22:18:05+00:00\",\"breadcrumb\":{\"@id\":\"https:\/\/avrupapress.com\/2020\/12\/20\/hayata-ilk-adimdaki-besinin-anne-ve-bebek-icin-onemi\/#breadcrumb\"},\"inLanguage\":\"fr-BE\",\"potentialAction\":[{\"@type\":\"ReadAction\",\"target\":[\"https:\/\/avrupapress.com\/2020\/12\/20\/hayata-ilk-adimdaki-besinin-anne-ve-bebek-icin-onemi\/\"]}]},{\"@type\":\"ImageObject\",\"inLanguage\":\"fr-BE\",\"@id\":\"https:\/\/avrupapress.com\/2020\/12\/20\/hayata-ilk-adimdaki-besinin-anne-ve-bebek-icin-onemi\/#primaryimage\",\"url\":\"https:\/\/avrupapress.com\/main\/wp-content\/uploads\/2020\/12\/thumbnail_IMG-20201220-WA0000-e1608502674810.jpg\",\"contentUrl\":\"https:\/\/avrupapress.com\/main\/wp-content\/uploads\/2020\/12\/thumbnail_IMG-20201220-WA0000-e1608502674810.jpg\",\"width\":828,\"height\":755},{\"@type\":\"BreadcrumbList\",\"@id\":\"https:\/\/avrupapress.com\/2020\/12\/20\/hayata-ilk-adimdaki-besinin-anne-ve-bebek-icin-onemi\/#breadcrumb\",\"itemListElement\":[{\"@type\":\"ListItem\",\"position\":1,\"name\":\"Anasayfa\",\"item\":\"https:\/\/avrupapress.com\/\"},{\"@type\":\"ListItem\",\"position\":2,\"name\":\"HAYATA \u0130LK ADIMDAK\u0130 BES\u0130N\u0130N ANNE VE BEBEK \u0130\u00c7\u0130N \u00d6NEM\u0130\"}]},{\"@type\":\"WebSite\",\"@id\":\"https:\/\/avrupapress.com\/#website\",\"url\":\"https:\/\/avrupapress.com\/\",\"name\":\"AvrupaPress\",\"description\":\"Haberin Adresi\",\"publisher\":{\"@id\":\"https:\/\/avrupapress.com\/#\/schema\/person\/0223dca19c72c43575bf30d1a2d8f4fa\"},\"potentialAction\":[{\"@type\":\"SearchAction\",\"target\":{\"@type\":\"EntryPoint\",\"urlTemplate\":\"https:\/\/avrupapress.com\/?s={search_term_string}\"},\"query-input\":{\"@type\":\"PropertyValueSpecification\",\"valueRequired\":true,\"valueName\":\"search_term_string\"}}],\"inLanguage\":\"fr-BE\"},{\"@type\":[\"Person\",\"Organization\"],\"@id\":\"https:\/\/avrupapress.com\/#\/schema\/person\/0223dca19c72c43575bf30d1a2d8f4fa\",\"name\":\"Bilgin \u00d6z\u00e7ift\u00e7i\",\"image\":{\"@type\":\"ImageObject\",\"inLanguage\":\"fr-BE\",\"@id\":\"https:\/\/avrupapress.com\/#\/schema\/person\/image\/\",\"url\":\"https:\/\/secure.gravatar.com\/avatar\/0f23b280433a21e1ea7a0adcc46ed0ad16afe3ad8e630fd13d8a017dcbd54ef3?s=96&d=mm&r=g\",\"contentUrl\":\"https:\/\/secure.gravatar.com\/avatar\/0f23b280433a21e1ea7a0adcc46ed0ad16afe3ad8e630fd13d8a017dcbd54ef3?s=96&d=mm&r=g\",\"caption\":\"Bilgin \u00d6z\u00e7ift\u00e7i\"},\"logo\":{\"@id\":\"https:\/\/avrupapress.com\/#\/schema\/person\/image\/\"},\"description\":\"Ne ben, nede sen... Biz ancak \\\"biz\\\" olursak g\u00fc\u00e7l\u00fc olabiliriz\"},{\"@type\":\"Person\",\"@id\":\"https:\/\/avrupapress.com\/#\/schema\/person\/68428444ec60970d1e1b700cf4ca1e8f\",\"name\":\"Edit\u00f6r\",\"image\":{\"@type\":\"ImageObject\",\"inLanguage\":\"fr-BE\",\"@id\":\"https:\/\/avrupapress.com\/#\/schema\/person\/image\/\",\"url\":\"https:\/\/secure.gravatar.com\/avatar\/74996b0977aa5f1559ba9883776652508b229005c0d78fb2597897f0bd651c09?s=96&d=mm&r=g\",\"contentUrl\":\"https:\/\/secure.gravatar.com\/avatar\/74996b0977aa5f1559ba9883776652508b229005c0d78fb2597897f0bd651c09?s=96&d=mm&r=g\",\"caption\":\"Edit\u00f6r\"},\"sameAs\":[\"http:\/\/www.avrupapress.com\"],\"url\":\"https:\/\/avrupapress.com\/main\/author\/editor\/\"}]}<\/script>\n<!-- \/ Yoast SEO plugin. -->","yoast_head_json":{"title":"HAYATA \u0130LK ADIMDAK\u0130 BES\u0130N\u0130N ANNE VE BEBEK \u0130\u00c7\u0130N \u00d6NEM\u0130 - AvrupaPress","robots":{"index":"index","follow":"follow","max-snippet":"max-snippet:-1","max-image-preview":"max-image-preview:large","max-video-preview":"max-video-preview:-1"},"canonical":"https:\/\/avrupapress.com\/2020\/12\/20\/hayata-ilk-adimdaki-besinin-anne-ve-bebek-icin-onemi\/","og_locale":"fr_FR","og_type":"article","og_title":"HAYATA \u0130LK ADIMDAK\u0130 BES\u0130N\u0130N ANNE VE BEBEK \u0130\u00c7\u0130N \u00d6NEM\u0130 - AvrupaPress","og_description":"Anne s\u00fct\u00fc bebekler i\u00e7in do\u011fum sonras\u0131 ilk iki y\u0131l bebe\u011fin geli\u015fimi ve sa\u011fl\u0131kl\u0131 temeller at\u0131lmas\u0131 y\u00f6n\u00fcnden olduk\u00e7a \u00f6nemlidir. B\u00fcy\u00fcme ve geli\u015fmenin en h\u0131zl\u0131 oldu\u011fu bu d\u00f6nemde yeterli ve dengeli beslenme sadece anne s\u00fct\u00fc ile sa\u011flanmal\u0131d\u0131r. D\u00fcnya Sal\u0131k \u00d6rg\u00fct\u00fc ve UNICEF bebeklerin do\u011fumdan itibaren ilk alt\u0131 ay sadece anne s\u00fct\u00fc almalar\u0131n\u0131 (su dahil hi\u00e7bir ek besin [&hellip;]","og_url":"https:\/\/avrupapress.com\/2020\/12\/20\/hayata-ilk-adimdaki-besinin-anne-ve-bebek-icin-onemi\/","og_site_name":"AvrupaPress","article_published_time":"2020-12-20T22:15:32+00:00","article_modified_time":"2020-12-20T22:18:05+00:00","og_image":[{"width":828,"height":755,"url":"https:\/\/avrupapress.com\/wp-content\/uploads\/2020\/12\/thumbnail_IMG-20201220-WA0000-e1608502674810.jpg","type":"image\/jpeg"}],"author":"Edit\u00f6r","twitter_card":"summary_large_image","twitter_misc":{"\u00c9crit par":"Edit\u00f6r","Dur\u00e9e de lecture est.":"2 minutes"},"schema":{"@context":"https:\/\/schema.org","@graph":[{"@type":"Article","@id":"https:\/\/avrupapress.com\/2020\/12\/20\/hayata-ilk-adimdaki-besinin-anne-ve-bebek-icin-onemi\/#article","isPartOf":{"@id":"https:\/\/avrupapress.com\/2020\/12\/20\/hayata-ilk-adimdaki-besinin-anne-ve-bebek-icin-onemi\/"},"author":{"name":"Edit\u00f6r","@id":"https:\/\/avrupapress.com\/#\/schema\/person\/68428444ec60970d1e1b700cf4ca1e8f"},"headline":"HAYATA \u0130LK ADIMDAK\u0130 BES\u0130N\u0130N ANNE VE BEBEK \u0130\u00c7\u0130N \u00d6NEM\u0130","datePublished":"2020-12-20T22:15:32+00:00","dateModified":"2020-12-20T22:18:05+00:00","mainEntityOfPage":{"@id":"https:\/\/avrupapress.com\/2020\/12\/20\/hayata-ilk-adimdaki-besinin-anne-ve-bebek-icin-onemi\/"},"wordCount":378,"publisher":{"@id":"https:\/\/avrupapress.com\/#\/schema\/person\/0223dca19c72c43575bf30d1a2d8f4fa"},"image":{"@id":"https:\/\/avrupapress.com\/2020\/12\/20\/hayata-ilk-adimdaki-besinin-anne-ve-bebek-icin-onemi\/#primaryimage"},"thumbnailUrl":"https:\/\/avrupapress.com\/main\/wp-content\/uploads\/2020\/12\/thumbnail_IMG-20201220-WA0000-e1608502674810.jpg","keywords":["HAYATA \u0130LK ADIMDAK\u0130 BES\u0130N\u0130N ANNE VE BEBEK \u0130\u00c7\u0130N \u00d6NEM\u0130"],"articleSection":["Avrupa","Bel\u00e7ika","D\u00fcnya","Ekonomi","Tan\u0131t\u0131m","T\u00fcrkiye"],"inLanguage":"fr-BE"},{"@type":"WebPage","@id":"https:\/\/avrupapress.com\/2020\/12\/20\/hayata-ilk-adimdaki-besinin-anne-ve-bebek-icin-onemi\/","url":"https:\/\/avrupapress.com\/2020\/12\/20\/hayata-ilk-adimdaki-besinin-anne-ve-bebek-icin-onemi\/","name":"HAYATA \u0130LK ADIMDAK\u0130 BES\u0130N\u0130N ANNE VE BEBEK \u0130\u00c7\u0130N \u00d6NEM\u0130 - AvrupaPress","isPartOf":{"@id":"https:\/\/avrupapress.com\/#website"},"primaryImageOfPage":{"@id":"https:\/\/avrupapress.com\/2020\/12\/20\/hayata-ilk-adimdaki-besinin-anne-ve-bebek-icin-onemi\/#primaryimage"},"image":{"@id":"https:\/\/avrupapress.com\/2020\/12\/20\/hayata-ilk-adimdaki-besinin-anne-ve-bebek-icin-onemi\/#primaryimage"},"thumbnailUrl":"https:\/\/avrupapress.com\/main\/wp-content\/uploads\/2020\/12\/thumbnail_IMG-20201220-WA0000-e1608502674810.jpg","datePublished":"2020-12-20T22:15:32+00:00","dateModified":"2020-12-20T22:18:05+00:00","breadcrumb":{"@id":"https:\/\/avrupapress.com\/2020\/12\/20\/hayata-ilk-adimdaki-besinin-anne-ve-bebek-icin-onemi\/#breadcrumb"},"inLanguage":"fr-BE","potentialAction":[{"@type":"ReadAction","target":["https:\/\/avrupapress.com\/2020\/12\/20\/hayata-ilk-adimdaki-besinin-anne-ve-bebek-icin-onemi\/"]}]},{"@type":"ImageObject","inLanguage":"fr-BE","@id":"https:\/\/avrupapress.com\/2020\/12\/20\/hayata-ilk-adimdaki-besinin-anne-ve-bebek-icin-onemi\/#primaryimage","url":"https:\/\/avrupapress.com\/main\/wp-content\/uploads\/2020\/12\/thumbnail_IMG-20201220-WA0000-e1608502674810.jpg","contentUrl":"https:\/\/avrupapress.com\/main\/wp-content\/uploads\/2020\/12\/thumbnail_IMG-20201220-WA0000-e1608502674810.jpg","width":828,"height":755},{"@type":"BreadcrumbList","@id":"https:\/\/avrupapress.com\/2020\/12\/20\/hayata-ilk-adimdaki-besinin-anne-ve-bebek-icin-onemi\/#breadcrumb","itemListElement":[{"@type":"ListItem","position":1,"name":"Anasayfa","item":"https:\/\/avrupapress.com\/"},{"@type":"ListItem","position":2,"name":"HAYATA \u0130LK ADIMDAK\u0130 BES\u0130N\u0130N ANNE VE BEBEK \u0130\u00c7\u0130N \u00d6NEM\u0130"}]},{"@type":"WebSite","@id":"https:\/\/avrupapress.com\/#website","url":"https:\/\/avrupapress.com\/","name":"AvrupaPress","description":"Haberin Adresi","publisher":{"@id":"https:\/\/avrupapress.com\/#\/schema\/person\/0223dca19c72c43575bf30d1a2d8f4fa"},"potentialAction":[{"@type":"SearchAction","target":{"@type":"EntryPoint","urlTemplate":"https:\/\/avrupapress.com\/?s={search_term_string}"},"query-input":{"@type":"PropertyValueSpecification","valueRequired":true,"valueName":"search_term_string"}}],"inLanguage":"fr-BE"},{"@type":["Person","Organization"],"@id":"https:\/\/avrupapress.com\/#\/schema\/person\/0223dca19c72c43575bf30d1a2d8f4fa","name":"Bilgin \u00d6z\u00e7ift\u00e7i","image":{"@type":"ImageObject","inLanguage":"fr-BE","@id":"https:\/\/avrupapress.com\/#\/schema\/person\/image\/","url":"https:\/\/secure.gravatar.com\/avatar\/0f23b280433a21e1ea7a0adcc46ed0ad16afe3ad8e630fd13d8a017dcbd54ef3?s=96&d=mm&r=g","contentUrl":"https:\/\/secure.gravatar.com\/avatar\/0f23b280433a21e1ea7a0adcc46ed0ad16afe3ad8e630fd13d8a017dcbd54ef3?s=96&d=mm&r=g","caption":"Bilgin \u00d6z\u00e7ift\u00e7i"},"logo":{"@id":"https:\/\/avrupapress.com\/#\/schema\/person\/image\/"},"description":"Ne ben, nede sen... Biz ancak \"biz\" olursak g\u00fc\u00e7l\u00fc olabiliriz"},{"@type":"Person","@id":"https:\/\/avrupapress.com\/#\/schema\/person\/68428444ec60970d1e1b700cf4ca1e8f","name":"Edit\u00f6r","image":{"@type":"ImageObject","inLanguage":"fr-BE","@id":"https:\/\/avrupapress.com\/#\/schema\/person\/image\/","url":"https:\/\/secure.gravatar.com\/avatar\/74996b0977aa5f1559ba9883776652508b229005c0d78fb2597897f0bd651c09?s=96&d=mm&r=g","contentUrl":"https:\/\/secure.gravatar.com\/avatar\/74996b0977aa5f1559ba9883776652508b229005c0d78fb2597897f0bd651c09?s=96&d=mm&r=g","caption":"Edit\u00f6r"},"sameAs":["http:\/\/www.avrupapress.com"],"url":"https:\/\/avrupapress.com\/main\/author\/editor\/"}]}},"_links":{"self":[{"href":"https:\/\/avrupapress.com\/main\/wp-json\/wp\/v2\/posts\/13728","targetHints":{"allow":["GET"]}}],"collection":[{"href":"https:\/\/avrupapress.com\/main\/wp-json\/wp\/v2\/posts"}],"about":[{"href":"https:\/\/avrupapress.com\/main\/wp-json\/wp\/v2\/types\/post"}],"author":[{"embeddable":true,"href":"https:\/\/avrupapress.com\/main\/wp-json\/wp\/v2\/users\/3"}],"replies":[{"embeddable":true,"href":"https:\/\/avrupapress.com\/main\/wp-json\/wp\/v2\/comments?post=13728"}],"version-history":[{"count":1,"href":"https:\/\/avrupapress.com\/main\/wp-json\/wp\/v2\/posts\/13728\/revisions"}],"predecessor-version":[{"id":13730,"href":"https:\/\/avrupapress.com\/main\/wp-json\/wp\/v2\/posts\/13728\/revisions\/13730"}],"wp:featuredmedia":[{"embeddable":true,"href":"https:\/\/avrupapress.com\/main\/wp-json\/wp\/v2\/media\/13729"}],"wp:attachment":[{"href":"https:\/\/avrupapress.com\/main\/wp-json\/wp\/v2\/media?parent=13728"}],"wp:term":[{"taxonomy":"category","embeddable":true,"href":"https:\/\/avrupapress.com\/main\/wp-json\/wp\/v2\/categories?post=13728"},{"taxonomy":"post_tag","embeddable":true,"href":"https:\/\/avrupapress.com\/main\/wp-json\/wp\/v2\/tags?post=13728"}],"curies":[{"name":"wp","href":"https:\/\/api.w.org\/{rel}","templated":true}]}}