{"id":13362,"date":"2020-11-19T20:57:13","date_gmt":"2020-11-19T20:57:13","guid":{"rendered":"http:\/\/avrupapress.com\/main\/?p=13362"},"modified":"2020-11-19T20:57:18","modified_gmt":"2020-11-19T20:57:18","slug":"belcikada-covid-19-asisi-ucretsiz-olacak","status":"publish","type":"post","link":"https:\/\/avrupapress.com\/main\/2020\/11\/19\/belcikada-covid-19-asisi-ucretsiz-olacak\/","title":{"rendered":"Bel\u00e7ika&rsquo;da Covid-19 a\u015f\u0131s\u0131 \u00fccretsiz olacak"},"content":{"rendered":"<h2 class=\"haber_ozet\">Bel\u00e7ika&rsquo;da yeni tip korona vir\u00fcse (Covid-19) bulunacak potansiyel a\u015f\u0131n\u0131n \u00fccretsiz yap\u0131lamas\u0131na karar verildi.<\/h2>\n<p class=\"selectionShareable\">Bel\u00e7ika&rsquo;da yeni tip korona vir\u00fcse (Covid-19) bulunacak potansiyel a\u015f\u0131n\u0131n \u00fccretsiz yap\u0131lamas\u0131na karar verildi. A\u015f\u0131n\u0131n zorunlu olmayaca\u011f\u0131 ve g\u00f6n\u00fcllere yap\u0131laca\u011f\u0131 bildirildi.<\/p>\n<p class=\"selectionShareable\">D\u00fcnya genelinde n\u00fcfusuna oranla korona vir\u00fcs nedeniyle en fazla can kayb\u0131n\u0131n ya\u015fand\u0131\u011f\u0131 \u00fclke olan Bel\u00e7ika&rsquo;da olas\u0131 bir ba\u015far\u0131l\u0131 Covid-19 a\u015f\u0131n\u0131n \u00fccretsiz olaca\u011f\u0131 duyuruldu. Sa\u011fl\u0131k otoritelerinin ortak karar\u0131yla belirlenen politikaya g\u00f6re 8 milyon a\u015f\u0131n\u0131n vatanda\u015flar\u0131n hizmetine sunulmas\u0131n\u0131n planland\u0131\u011f\u0131 bildirildi. Detaylar\u0131n yetkili sa\u011fl\u0131k komisyonu taraf\u0131ndan belirlenece\u011fi belirtildi.<\/p>\n<p class=\"selectionShareable\">Korona vir\u00fcsle m\u00fccadelede yetkili sa\u011fl\u0131k bilim kurulu Sciensano ile Bel\u00e7ika Federal \u0130la\u00e7 ve Sa\u011fl\u0131k \u00dcr\u00fcnleri Ajans\u0131&rsquo;n\u0131n ortak yetkiyle y\u00f6netece\u011fi a\u015f\u0131 da\u011f\u0131t\u0131m ve uygulama s\u00fcrecinde a\u015f\u0131lar\u0131n, ula\u015ft\u0131\u011f\u0131 g\u00fcn ve toplu gruplar halinde uygulanmas\u0131n\u0131n \u00f6ng\u00f6r\u00fcld\u00fc\u011f\u00fc aktar\u0131ld\u0131. A\u015f\u0131 da\u011f\u0131t\u0131m ve uygulama program\u0131n\u0131n maliyetlerinin federal kurumlar ve b\u00f6lge y\u00f6netimlerinin b\u00fct\u00e7elerinden ortakla\u015fa kar\u015f\u0131lanaca\u011f\u0131 ve \u00ab\u00a0Korona Komiserli\u011fi\u00a0\u00bb eliyle y\u00f6netilece\u011fi ifade edildi. Konuya ili\u015fkin genel koordinasyon ve ileti\u015fim g\u00f6revini y\u00fcr\u00fctecek \u00f6zel bir birimin de kurulaca\u011f\u0131 a\u015f\u0131 program\u0131, Avrupa Birli\u011fi (AB) Komisyonu taraf\u0131ndan y\u00fcr\u00fct\u00fclen anla\u015fmalara paralel olarak ilerleyecek.<\/p>\n<p>Kaynak AA<\/p>\n","protected":false},"excerpt":{"rendered":"<p>Bel\u00e7ika&rsquo;da yeni tip korona vir\u00fcse (Covid-19) bulunacak potansiyel a\u015f\u0131n\u0131n \u00fccretsiz yap\u0131lamas\u0131na karar verildi. Bel\u00e7ika&rsquo;da yeni tip korona vir\u00fcse (Covid-19) bulunacak potansiyel a\u015f\u0131n\u0131n \u00fccretsiz yap\u0131lamas\u0131na karar verildi. A\u015f\u0131n\u0131n zorunlu olmayaca\u011f\u0131 ve g\u00f6n\u00fcllere yap\u0131laca\u011f\u0131 bildirildi. D\u00fcnya genelinde n\u00fcfusuna oranla korona vir\u00fcs nedeniyle en fazla can kayb\u0131n\u0131n ya\u015fand\u0131\u011f\u0131 \u00fclke olan Bel\u00e7ika&rsquo;da olas\u0131 bir ba\u015far\u0131l\u0131 Covid-19 a\u015f\u0131n\u0131n \u00fccretsiz olaca\u011f\u0131 [&hellip;]<\/p>\n","protected":false},"author":3,"featured_media":13363,"comment_status":"closed","ping_status":"open","sticky":false,"template":"","format":"standard","meta":{"footnotes":""},"categories":[14,16,3,17,19,2,1],"tags":[5742],"class_list":["post-13362","post","type-post","status-publish","format-standard","has-post-thumbnail","hentry","category-avrupa","category-belcika","category-dunya","category-ekonomi","category-tanitim","category-turkiye","category-uncategorized","tag-belcikada-covid-19-asisi-ucretsiz-olacak"],"yoast_head":"<!-- This site is optimized with the Yoast SEO plugin v26.9 - https:\/\/yoast.com\/product\/yoast-seo-wordpress\/ -->\n<title>Bel\u00e7ika&#039;da Covid-19 a\u015f\u0131s\u0131 \u00fccretsiz olacak - AvrupaPress<\/title>\n<meta name=\"robots\" content=\"index, follow, max-snippet:-1, max-image-preview:large, max-video-preview:-1\" \/>\n<link rel=\"canonical\" href=\"https:\/\/avrupapress.com\/2020\/11\/19\/belcikada-covid-19-asisi-ucretsiz-olacak\/\" \/>\n<meta property=\"og:locale\" content=\"fr_FR\" \/>\n<meta property=\"og:type\" content=\"article\" \/>\n<meta property=\"og:title\" content=\"Bel\u00e7ika&#039;da Covid-19 a\u015f\u0131s\u0131 \u00fccretsiz olacak - AvrupaPress\" \/>\n<meta property=\"og:description\" content=\"Bel\u00e7ika&rsquo;da yeni tip korona vir\u00fcse (Covid-19) bulunacak potansiyel a\u015f\u0131n\u0131n \u00fccretsiz yap\u0131lamas\u0131na karar verildi. Bel\u00e7ika&rsquo;da yeni tip korona vir\u00fcse (Covid-19) bulunacak potansiyel a\u015f\u0131n\u0131n \u00fccretsiz yap\u0131lamas\u0131na karar verildi. A\u015f\u0131n\u0131n zorunlu olmayaca\u011f\u0131 ve g\u00f6n\u00fcllere yap\u0131laca\u011f\u0131 bildirildi. D\u00fcnya genelinde n\u00fcfusuna oranla korona vir\u00fcs nedeniyle en fazla can kayb\u0131n\u0131n ya\u015fand\u0131\u011f\u0131 \u00fclke olan Bel\u00e7ika&rsquo;da olas\u0131 bir ba\u015far\u0131l\u0131 Covid-19 a\u015f\u0131n\u0131n \u00fccretsiz olaca\u011f\u0131 [&hellip;]\" \/>\n<meta property=\"og:url\" content=\"https:\/\/avrupapress.com\/2020\/11\/19\/belcikada-covid-19-asisi-ucretsiz-olacak\/\" \/>\n<meta property=\"og:site_name\" content=\"AvrupaPress\" \/>\n<meta property=\"article:published_time\" content=\"2020-11-19T20:57:13+00:00\" \/>\n<meta property=\"article:modified_time\" content=\"2020-11-19T20:57:18+00:00\" \/>\n<meta property=\"og:image\" content=\"https:\/\/avrupapress.com\/wp-content\/uploads\/2020\/11\/belcika-da-covid-19-asisi-ucretsiz-olacak-13742101_o.jpg\" \/>\n\t<meta property=\"og:image:width\" content=\"640\" \/>\n\t<meta property=\"og:image:height\" content=\"564\" \/>\n\t<meta property=\"og:image:type\" content=\"image\/jpeg\" \/>\n<meta name=\"author\" content=\"Edit\u00f6r\" \/>\n<meta name=\"twitter:card\" content=\"summary_large_image\" \/>\n<meta name=\"twitter:label1\" content=\"\u00c9crit par\" \/>\n\t<meta name=\"twitter:data1\" content=\"Edit\u00f6r\" \/>\n\t<meta name=\"twitter:label2\" content=\"Dur\u00e9e de lecture est.\" \/>\n\t<meta name=\"twitter:data2\" content=\"1 minute\" \/>\n<script type=\"application\/ld+json\" class=\"yoast-schema-graph\">{\"@context\":\"https:\/\/schema.org\",\"@graph\":[{\"@type\":\"Article\",\"@id\":\"https:\/\/avrupapress.com\/2020\/11\/19\/belcikada-covid-19-asisi-ucretsiz-olacak\/#article\",\"isPartOf\":{\"@id\":\"https:\/\/avrupapress.com\/2020\/11\/19\/belcikada-covid-19-asisi-ucretsiz-olacak\/\"},\"author\":{\"name\":\"Edit\u00f6r\",\"@id\":\"https:\/\/avrupapress.com\/#\/schema\/person\/68428444ec60970d1e1b700cf4ca1e8f\"},\"headline\":\"Bel\u00e7ika&rsquo;da Covid-19 a\u015f\u0131s\u0131 \u00fccretsiz olacak\",\"datePublished\":\"2020-11-19T20:57:13+00:00\",\"dateModified\":\"2020-11-19T20:57:18+00:00\",\"mainEntityOfPage\":{\"@id\":\"https:\/\/avrupapress.com\/2020\/11\/19\/belcikada-covid-19-asisi-ucretsiz-olacak\/\"},\"wordCount\":257,\"publisher\":{\"@id\":\"https:\/\/avrupapress.com\/#\/schema\/person\/0223dca19c72c43575bf30d1a2d8f4fa\"},\"image\":{\"@id\":\"https:\/\/avrupapress.com\/2020\/11\/19\/belcikada-covid-19-asisi-ucretsiz-olacak\/#primaryimage\"},\"thumbnailUrl\":\"https:\/\/avrupapress.com\/main\/wp-content\/uploads\/2020\/11\/belcika-da-covid-19-asisi-ucretsiz-olacak-13742101_o.jpg\",\"keywords\":[\"Bel\u00e7ika'da Covid-19 a\u015f\u0131s\u0131 \u00fccretsiz olacak\"],\"articleSection\":[\"Avrupa\",\"Bel\u00e7ika\",\"D\u00fcnya\",\"Ekonomi\",\"Tan\u0131t\u0131m\",\"T\u00fcrkiye\",\"Uncategorized\"],\"inLanguage\":\"fr-BE\"},{\"@type\":\"WebPage\",\"@id\":\"https:\/\/avrupapress.com\/2020\/11\/19\/belcikada-covid-19-asisi-ucretsiz-olacak\/\",\"url\":\"https:\/\/avrupapress.com\/2020\/11\/19\/belcikada-covid-19-asisi-ucretsiz-olacak\/\",\"name\":\"Bel\u00e7ika'da Covid-19 a\u015f\u0131s\u0131 \u00fccretsiz olacak - AvrupaPress\",\"isPartOf\":{\"@id\":\"https:\/\/avrupapress.com\/#website\"},\"primaryImageOfPage\":{\"@id\":\"https:\/\/avrupapress.com\/2020\/11\/19\/belcikada-covid-19-asisi-ucretsiz-olacak\/#primaryimage\"},\"image\":{\"@id\":\"https:\/\/avrupapress.com\/2020\/11\/19\/belcikada-covid-19-asisi-ucretsiz-olacak\/#primaryimage\"},\"thumbnailUrl\":\"https:\/\/avrupapress.com\/main\/wp-content\/uploads\/2020\/11\/belcika-da-covid-19-asisi-ucretsiz-olacak-13742101_o.jpg\",\"datePublished\":\"2020-11-19T20:57:13+00:00\",\"dateModified\":\"2020-11-19T20:57:18+00:00\",\"breadcrumb\":{\"@id\":\"https:\/\/avrupapress.com\/2020\/11\/19\/belcikada-covid-19-asisi-ucretsiz-olacak\/#breadcrumb\"},\"inLanguage\":\"fr-BE\",\"potentialAction\":[{\"@type\":\"ReadAction\",\"target\":[\"https:\/\/avrupapress.com\/2020\/11\/19\/belcikada-covid-19-asisi-ucretsiz-olacak\/\"]}]},{\"@type\":\"ImageObject\",\"inLanguage\":\"fr-BE\",\"@id\":\"https:\/\/avrupapress.com\/2020\/11\/19\/belcikada-covid-19-asisi-ucretsiz-olacak\/#primaryimage\",\"url\":\"https:\/\/avrupapress.com\/main\/wp-content\/uploads\/2020\/11\/belcika-da-covid-19-asisi-ucretsiz-olacak-13742101_o.jpg\",\"contentUrl\":\"https:\/\/avrupapress.com\/main\/wp-content\/uploads\/2020\/11\/belcika-da-covid-19-asisi-ucretsiz-olacak-13742101_o.jpg\",\"width\":640,\"height\":564},{\"@type\":\"BreadcrumbList\",\"@id\":\"https:\/\/avrupapress.com\/2020\/11\/19\/belcikada-covid-19-asisi-ucretsiz-olacak\/#breadcrumb\",\"itemListElement\":[{\"@type\":\"ListItem\",\"position\":1,\"name\":\"Anasayfa\",\"item\":\"https:\/\/avrupapress.com\/\"},{\"@type\":\"ListItem\",\"position\":2,\"name\":\"Bel\u00e7ika&#8217;da Covid-19 a\u015f\u0131s\u0131 \u00fccretsiz olacak\"}]},{\"@type\":\"WebSite\",\"@id\":\"https:\/\/avrupapress.com\/#website\",\"url\":\"https:\/\/avrupapress.com\/\",\"name\":\"AvrupaPress\",\"description\":\"Haberin Adresi\",\"publisher\":{\"@id\":\"https:\/\/avrupapress.com\/#\/schema\/person\/0223dca19c72c43575bf30d1a2d8f4fa\"},\"potentialAction\":[{\"@type\":\"SearchAction\",\"target\":{\"@type\":\"EntryPoint\",\"urlTemplate\":\"https:\/\/avrupapress.com\/?s={search_term_string}\"},\"query-input\":{\"@type\":\"PropertyValueSpecification\",\"valueRequired\":true,\"valueName\":\"search_term_string\"}}],\"inLanguage\":\"fr-BE\"},{\"@type\":[\"Person\",\"Organization\"],\"@id\":\"https:\/\/avrupapress.com\/#\/schema\/person\/0223dca19c72c43575bf30d1a2d8f4fa\",\"name\":\"Bilgin \u00d6z\u00e7ift\u00e7i\",\"image\":{\"@type\":\"ImageObject\",\"inLanguage\":\"fr-BE\",\"@id\":\"https:\/\/avrupapress.com\/#\/schema\/person\/image\/\",\"url\":\"https:\/\/secure.gravatar.com\/avatar\/0f23b280433a21e1ea7a0adcc46ed0ad16afe3ad8e630fd13d8a017dcbd54ef3?s=96&d=mm&r=g\",\"contentUrl\":\"https:\/\/secure.gravatar.com\/avatar\/0f23b280433a21e1ea7a0adcc46ed0ad16afe3ad8e630fd13d8a017dcbd54ef3?s=96&d=mm&r=g\",\"caption\":\"Bilgin \u00d6z\u00e7ift\u00e7i\"},\"logo\":{\"@id\":\"https:\/\/avrupapress.com\/#\/schema\/person\/image\/\"},\"description\":\"Ne ben, nede sen... Biz ancak \\\"biz\\\" olursak g\u00fc\u00e7l\u00fc olabiliriz\"},{\"@type\":\"Person\",\"@id\":\"https:\/\/avrupapress.com\/#\/schema\/person\/68428444ec60970d1e1b700cf4ca1e8f\",\"name\":\"Edit\u00f6r\",\"image\":{\"@type\":\"ImageObject\",\"inLanguage\":\"fr-BE\",\"@id\":\"https:\/\/avrupapress.com\/#\/schema\/person\/image\/\",\"url\":\"https:\/\/secure.gravatar.com\/avatar\/74996b0977aa5f1559ba9883776652508b229005c0d78fb2597897f0bd651c09?s=96&d=mm&r=g\",\"contentUrl\":\"https:\/\/secure.gravatar.com\/avatar\/74996b0977aa5f1559ba9883776652508b229005c0d78fb2597897f0bd651c09?s=96&d=mm&r=g\",\"caption\":\"Edit\u00f6r\"},\"sameAs\":[\"http:\/\/www.avrupapress.com\"],\"url\":\"https:\/\/avrupapress.com\/main\/author\/editor\/\"}]}<\/script>\n<!-- \/ Yoast SEO plugin. -->","yoast_head_json":{"title":"Bel\u00e7ika'da Covid-19 a\u015f\u0131s\u0131 \u00fccretsiz olacak - AvrupaPress","robots":{"index":"index","follow":"follow","max-snippet":"max-snippet:-1","max-image-preview":"max-image-preview:large","max-video-preview":"max-video-preview:-1"},"canonical":"https:\/\/avrupapress.com\/2020\/11\/19\/belcikada-covid-19-asisi-ucretsiz-olacak\/","og_locale":"fr_FR","og_type":"article","og_title":"Bel\u00e7ika'da Covid-19 a\u015f\u0131s\u0131 \u00fccretsiz olacak - AvrupaPress","og_description":"Bel\u00e7ika&rsquo;da yeni tip korona vir\u00fcse (Covid-19) bulunacak potansiyel a\u015f\u0131n\u0131n \u00fccretsiz yap\u0131lamas\u0131na karar verildi. Bel\u00e7ika&rsquo;da yeni tip korona vir\u00fcse (Covid-19) bulunacak potansiyel a\u015f\u0131n\u0131n \u00fccretsiz yap\u0131lamas\u0131na karar verildi. A\u015f\u0131n\u0131n zorunlu olmayaca\u011f\u0131 ve g\u00f6n\u00fcllere yap\u0131laca\u011f\u0131 bildirildi. D\u00fcnya genelinde n\u00fcfusuna oranla korona vir\u00fcs nedeniyle en fazla can kayb\u0131n\u0131n ya\u015fand\u0131\u011f\u0131 \u00fclke olan Bel\u00e7ika&rsquo;da olas\u0131 bir ba\u015far\u0131l\u0131 Covid-19 a\u015f\u0131n\u0131n \u00fccretsiz olaca\u011f\u0131 [&hellip;]","og_url":"https:\/\/avrupapress.com\/2020\/11\/19\/belcikada-covid-19-asisi-ucretsiz-olacak\/","og_site_name":"AvrupaPress","article_published_time":"2020-11-19T20:57:13+00:00","article_modified_time":"2020-11-19T20:57:18+00:00","og_image":[{"width":640,"height":564,"url":"https:\/\/avrupapress.com\/wp-content\/uploads\/2020\/11\/belcika-da-covid-19-asisi-ucretsiz-olacak-13742101_o.jpg","type":"image\/jpeg"}],"author":"Edit\u00f6r","twitter_card":"summary_large_image","twitter_misc":{"\u00c9crit par":"Edit\u00f6r","Dur\u00e9e de lecture est.":"1 minute"},"schema":{"@context":"https:\/\/schema.org","@graph":[{"@type":"Article","@id":"https:\/\/avrupapress.com\/2020\/11\/19\/belcikada-covid-19-asisi-ucretsiz-olacak\/#article","isPartOf":{"@id":"https:\/\/avrupapress.com\/2020\/11\/19\/belcikada-covid-19-asisi-ucretsiz-olacak\/"},"author":{"name":"Edit\u00f6r","@id":"https:\/\/avrupapress.com\/#\/schema\/person\/68428444ec60970d1e1b700cf4ca1e8f"},"headline":"Bel\u00e7ika&rsquo;da Covid-19 a\u015f\u0131s\u0131 \u00fccretsiz olacak","datePublished":"2020-11-19T20:57:13+00:00","dateModified":"2020-11-19T20:57:18+00:00","mainEntityOfPage":{"@id":"https:\/\/avrupapress.com\/2020\/11\/19\/belcikada-covid-19-asisi-ucretsiz-olacak\/"},"wordCount":257,"publisher":{"@id":"https:\/\/avrupapress.com\/#\/schema\/person\/0223dca19c72c43575bf30d1a2d8f4fa"},"image":{"@id":"https:\/\/avrupapress.com\/2020\/11\/19\/belcikada-covid-19-asisi-ucretsiz-olacak\/#primaryimage"},"thumbnailUrl":"https:\/\/avrupapress.com\/main\/wp-content\/uploads\/2020\/11\/belcika-da-covid-19-asisi-ucretsiz-olacak-13742101_o.jpg","keywords":["Bel\u00e7ika'da Covid-19 a\u015f\u0131s\u0131 \u00fccretsiz olacak"],"articleSection":["Avrupa","Bel\u00e7ika","D\u00fcnya","Ekonomi","Tan\u0131t\u0131m","T\u00fcrkiye","Uncategorized"],"inLanguage":"fr-BE"},{"@type":"WebPage","@id":"https:\/\/avrupapress.com\/2020\/11\/19\/belcikada-covid-19-asisi-ucretsiz-olacak\/","url":"https:\/\/avrupapress.com\/2020\/11\/19\/belcikada-covid-19-asisi-ucretsiz-olacak\/","name":"Bel\u00e7ika'da Covid-19 a\u015f\u0131s\u0131 \u00fccretsiz olacak - AvrupaPress","isPartOf":{"@id":"https:\/\/avrupapress.com\/#website"},"primaryImageOfPage":{"@id":"https:\/\/avrupapress.com\/2020\/11\/19\/belcikada-covid-19-asisi-ucretsiz-olacak\/#primaryimage"},"image":{"@id":"https:\/\/avrupapress.com\/2020\/11\/19\/belcikada-covid-19-asisi-ucretsiz-olacak\/#primaryimage"},"thumbnailUrl":"https:\/\/avrupapress.com\/main\/wp-content\/uploads\/2020\/11\/belcika-da-covid-19-asisi-ucretsiz-olacak-13742101_o.jpg","datePublished":"2020-11-19T20:57:13+00:00","dateModified":"2020-11-19T20:57:18+00:00","breadcrumb":{"@id":"https:\/\/avrupapress.com\/2020\/11\/19\/belcikada-covid-19-asisi-ucretsiz-olacak\/#breadcrumb"},"inLanguage":"fr-BE","potentialAction":[{"@type":"ReadAction","target":["https:\/\/avrupapress.com\/2020\/11\/19\/belcikada-covid-19-asisi-ucretsiz-olacak\/"]}]},{"@type":"ImageObject","inLanguage":"fr-BE","@id":"https:\/\/avrupapress.com\/2020\/11\/19\/belcikada-covid-19-asisi-ucretsiz-olacak\/#primaryimage","url":"https:\/\/avrupapress.com\/main\/wp-content\/uploads\/2020\/11\/belcika-da-covid-19-asisi-ucretsiz-olacak-13742101_o.jpg","contentUrl":"https:\/\/avrupapress.com\/main\/wp-content\/uploads\/2020\/11\/belcika-da-covid-19-asisi-ucretsiz-olacak-13742101_o.jpg","width":640,"height":564},{"@type":"BreadcrumbList","@id":"https:\/\/avrupapress.com\/2020\/11\/19\/belcikada-covid-19-asisi-ucretsiz-olacak\/#breadcrumb","itemListElement":[{"@type":"ListItem","position":1,"name":"Anasayfa","item":"https:\/\/avrupapress.com\/"},{"@type":"ListItem","position":2,"name":"Bel\u00e7ika&#8217;da Covid-19 a\u015f\u0131s\u0131 \u00fccretsiz olacak"}]},{"@type":"WebSite","@id":"https:\/\/avrupapress.com\/#website","url":"https:\/\/avrupapress.com\/","name":"AvrupaPress","description":"Haberin Adresi","publisher":{"@id":"https:\/\/avrupapress.com\/#\/schema\/person\/0223dca19c72c43575bf30d1a2d8f4fa"},"potentialAction":[{"@type":"SearchAction","target":{"@type":"EntryPoint","urlTemplate":"https:\/\/avrupapress.com\/?s={search_term_string}"},"query-input":{"@type":"PropertyValueSpecification","valueRequired":true,"valueName":"search_term_string"}}],"inLanguage":"fr-BE"},{"@type":["Person","Organization"],"@id":"https:\/\/avrupapress.com\/#\/schema\/person\/0223dca19c72c43575bf30d1a2d8f4fa","name":"Bilgin \u00d6z\u00e7ift\u00e7i","image":{"@type":"ImageObject","inLanguage":"fr-BE","@id":"https:\/\/avrupapress.com\/#\/schema\/person\/image\/","url":"https:\/\/secure.gravatar.com\/avatar\/0f23b280433a21e1ea7a0adcc46ed0ad16afe3ad8e630fd13d8a017dcbd54ef3?s=96&d=mm&r=g","contentUrl":"https:\/\/secure.gravatar.com\/avatar\/0f23b280433a21e1ea7a0adcc46ed0ad16afe3ad8e630fd13d8a017dcbd54ef3?s=96&d=mm&r=g","caption":"Bilgin \u00d6z\u00e7ift\u00e7i"},"logo":{"@id":"https:\/\/avrupapress.com\/#\/schema\/person\/image\/"},"description":"Ne ben, nede sen... Biz ancak \"biz\" olursak g\u00fc\u00e7l\u00fc olabiliriz"},{"@type":"Person","@id":"https:\/\/avrupapress.com\/#\/schema\/person\/68428444ec60970d1e1b700cf4ca1e8f","name":"Edit\u00f6r","image":{"@type":"ImageObject","inLanguage":"fr-BE","@id":"https:\/\/avrupapress.com\/#\/schema\/person\/image\/","url":"https:\/\/secure.gravatar.com\/avatar\/74996b0977aa5f1559ba9883776652508b229005c0d78fb2597897f0bd651c09?s=96&d=mm&r=g","contentUrl":"https:\/\/secure.gravatar.com\/avatar\/74996b0977aa5f1559ba9883776652508b229005c0d78fb2597897f0bd651c09?s=96&d=mm&r=g","caption":"Edit\u00f6r"},"sameAs":["http:\/\/www.avrupapress.com"],"url":"https:\/\/avrupapress.com\/main\/author\/editor\/"}]}},"_links":{"self":[{"href":"https:\/\/avrupapress.com\/main\/wp-json\/wp\/v2\/posts\/13362","targetHints":{"allow":["GET"]}}],"collection":[{"href":"https:\/\/avrupapress.com\/main\/wp-json\/wp\/v2\/posts"}],"about":[{"href":"https:\/\/avrupapress.com\/main\/wp-json\/wp\/v2\/types\/post"}],"author":[{"embeddable":true,"href":"https:\/\/avrupapress.com\/main\/wp-json\/wp\/v2\/users\/3"}],"replies":[{"embeddable":true,"href":"https:\/\/avrupapress.com\/main\/wp-json\/wp\/v2\/comments?post=13362"}],"version-history":[{"count":2,"href":"https:\/\/avrupapress.com\/main\/wp-json\/wp\/v2\/posts\/13362\/revisions"}],"predecessor-version":[{"id":13365,"href":"https:\/\/avrupapress.com\/main\/wp-json\/wp\/v2\/posts\/13362\/revisions\/13365"}],"wp:featuredmedia":[{"embeddable":true,"href":"https:\/\/avrupapress.com\/main\/wp-json\/wp\/v2\/media\/13363"}],"wp:attachment":[{"href":"https:\/\/avrupapress.com\/main\/wp-json\/wp\/v2\/media?parent=13362"}],"wp:term":[{"taxonomy":"category","embeddable":true,"href":"https:\/\/avrupapress.com\/main\/wp-json\/wp\/v2\/categories?post=13362"},{"taxonomy":"post_tag","embeddable":true,"href":"https:\/\/avrupapress.com\/main\/wp-json\/wp\/v2\/tags?post=13362"}],"curies":[{"name":"wp","href":"https:\/\/api.w.org\/{rel}","templated":true}]}}