{"id":12559,"date":"2020-08-06T22:54:50","date_gmt":"2020-08-06T22:54:50","guid":{"rendered":"http:\/\/avrupapress.com\/main\/?p=12559"},"modified":"2020-08-06T22:54:51","modified_gmt":"2020-08-06T22:54:51","slug":"brukselde-dunya-ticaret-merkezi-yangin-cikti","status":"publish","type":"post","link":"https:\/\/avrupapress.com\/main\/2020\/08\/06\/brukselde-dunya-ticaret-merkezi-yangin-cikti\/","title":{"rendered":"Br\u00fcksel&rsquo;de D\u00fcnya Ticaret Merkezi yang\u0131n \u00e7\u0131kt\u0131"},"content":{"rendered":"\n<p><strong>Bel\u00e7ika&rsquo;n\u0131n ba\u015fkenti Br\u00fcksel&rsquo;de bulunan D\u00fcnya Ticaret Merkezi&rsquo;nin (World Trade Center) \u00e7at\u0131 kat\u0131nda yang\u0131n \u00e7\u0131kt\u0131.<\/strong><\/p>\n\n\n\n<p>Bel\u00e7ika&rsquo;n\u0131n ba\u015fkenti Br\u00fcksel&rsquo;de bulunan D\u00fcnya Ticaret Merkezi&rsquo;nin (World Trade Center) \u00e7at\u0131 kat\u0131nda yang\u0131n \u00e7\u0131kt\u0131. Ekiplerin yang\u0131n\u0131 kontrol alt\u0131na alma \u00e7al\u0131\u015fmalar\u0131 s\u00fcr\u00fcyor.<\/p>\n\n\n\n<p>Bel\u00e7ika&rsquo;n\u0131n ba\u015fkenti Br\u00fcksel&rsquo;de bulunan D\u00fcnya Ticaret Merkezi&rsquo;nin (World Trade Center) \u00e7at\u0131 kat\u0131nda yang\u0131n \u00e7\u0131kt\u0131.\u00c7\u0131k\u0131\u015f nedeni hen\u00fcz belirlenemeyen yang\u0131n\u0131 s\u00f6nd\u00fcrmek i\u00e7in ekiplerin m\u00fcdahalesi s\u00fcr\u00fcyor.<\/p>\n\n\n\n<p>Bel\u00e7ika\u2019n\u0131n ba\u015fkenti Br\u00fcksel\u2019de hali haz\u0131rda bo\u015f olan ve tamirat g\u00f6ren D\u00fcnya Ticaret \u00d6rg\u00fct\u00fc binas\u0131n\u0131n 27. kat\u0131nda izolasyon malzemesinin alev almas\u0131yla yang\u0131n \u00e7\u0131kt\u0131. \u0130hbar \u00fczerine olay yerine itfaiye ekibi sevk edilirken, tamirat nedeniyle \u00fcst katlara su verilmeyen binadaki yang\u0131na \u00f6nce i\u015f\u00e7iler m\u00fcdahale etti. K\u0131sa s\u00fcre sonra itfaiye ekiplerinin geldi\u011fi binadaki yang\u0131na, giri\u015f kattaki ana vanalardan su al\u0131narak d\u0131\u015f pompalarla su bas\u0131ld\u0131\u011f\u0131 ve yang\u0131n\u0131n k\u0131sa s\u00fcrede s\u00f6nd\u00fcr\u00fcld\u00fc\u011f\u00fc bildirildi. Maddi hasara yol a\u00e7an yang\u0131nda can kayb\u0131 ise ya\u015fanmad\u0131.<\/p>\n\n\n\n<p><\/p>\n","protected":false},"excerpt":{"rendered":"<p>Bel\u00e7ika&rsquo;n\u0131n ba\u015fkenti Br\u00fcksel&rsquo;de bulunan D\u00fcnya Ticaret Merkezi&rsquo;nin (World Trade Center) \u00e7at\u0131 kat\u0131nda yang\u0131n \u00e7\u0131kt\u0131. Bel\u00e7ika&rsquo;n\u0131n ba\u015fkenti Br\u00fcksel&rsquo;de bulunan D\u00fcnya Ticaret Merkezi&rsquo;nin (World Trade Center) \u00e7at\u0131 kat\u0131nda yang\u0131n \u00e7\u0131kt\u0131. Ekiplerin yang\u0131n\u0131 kontrol alt\u0131na alma \u00e7al\u0131\u015fmalar\u0131 s\u00fcr\u00fcyor. Bel\u00e7ika&rsquo;n\u0131n ba\u015fkenti Br\u00fcksel&rsquo;de bulunan D\u00fcnya Ticaret Merkezi&rsquo;nin (World Trade Center) \u00e7at\u0131 kat\u0131nda yang\u0131n \u00e7\u0131kt\u0131.\u00c7\u0131k\u0131\u015f nedeni hen\u00fcz belirlenemeyen yang\u0131n\u0131 s\u00f6nd\u00fcrmek i\u00e7in [&hellip;]<\/p>\n","protected":false},"author":3,"featured_media":12560,"comment_status":"closed","ping_status":"open","sticky":false,"template":"","format":"standard","meta":{"footnotes":""},"categories":[14,16,3,17,2],"tags":[],"class_list":["post-12559","post","type-post","status-publish","format-standard","has-post-thumbnail","hentry","category-avrupa","category-belcika","category-dunya","category-ekonomi","category-turkiye"],"yoast_head":"<!-- This site is optimized with the Yoast SEO plugin v26.9 - https:\/\/yoast.com\/product\/yoast-seo-wordpress\/ -->\n<title>Br\u00fcksel&#039;de D\u00fcnya Ticaret Merkezi yang\u0131n \u00e7\u0131kt\u0131 - AvrupaPress<\/title>\n<meta name=\"robots\" content=\"index, follow, max-snippet:-1, max-image-preview:large, max-video-preview:-1\" \/>\n<link rel=\"canonical\" href=\"https:\/\/avrupapress.com\/2020\/08\/06\/brukselde-dunya-ticaret-merkezi-yangin-cikti\/\" \/>\n<meta property=\"og:locale\" content=\"fr_FR\" \/>\n<meta property=\"og:type\" content=\"article\" \/>\n<meta property=\"og:title\" content=\"Br\u00fcksel&#039;de D\u00fcnya Ticaret Merkezi yang\u0131n \u00e7\u0131kt\u0131 - AvrupaPress\" \/>\n<meta property=\"og:description\" content=\"Bel\u00e7ika&rsquo;n\u0131n ba\u015fkenti Br\u00fcksel&rsquo;de bulunan D\u00fcnya Ticaret Merkezi&rsquo;nin (World Trade Center) \u00e7at\u0131 kat\u0131nda yang\u0131n \u00e7\u0131kt\u0131. Bel\u00e7ika&rsquo;n\u0131n ba\u015fkenti Br\u00fcksel&rsquo;de bulunan D\u00fcnya Ticaret Merkezi&rsquo;nin (World Trade Center) \u00e7at\u0131 kat\u0131nda yang\u0131n \u00e7\u0131kt\u0131. Ekiplerin yang\u0131n\u0131 kontrol alt\u0131na alma \u00e7al\u0131\u015fmalar\u0131 s\u00fcr\u00fcyor. Bel\u00e7ika&rsquo;n\u0131n ba\u015fkenti Br\u00fcksel&rsquo;de bulunan D\u00fcnya Ticaret Merkezi&rsquo;nin (World Trade Center) \u00e7at\u0131 kat\u0131nda yang\u0131n \u00e7\u0131kt\u0131.\u00c7\u0131k\u0131\u015f nedeni hen\u00fcz belirlenemeyen yang\u0131n\u0131 s\u00f6nd\u00fcrmek i\u00e7in [&hellip;]\" \/>\n<meta property=\"og:url\" content=\"https:\/\/avrupapress.com\/2020\/08\/06\/brukselde-dunya-ticaret-merkezi-yangin-cikti\/\" \/>\n<meta property=\"og:site_name\" content=\"AvrupaPress\" \/>\n<meta property=\"article:published_time\" content=\"2020-08-06T22:54:50+00:00\" \/>\n<meta property=\"article:modified_time\" content=\"2020-08-06T22:54:51+00:00\" \/>\n<meta property=\"og:image\" content=\"https:\/\/avrupapress.com\/wp-content\/uploads\/2020\/08\/bruksel-de-dunya-ticaret-merkezi-cati-katinda-13484938_local.jpg\" \/>\n\t<meta property=\"og:image:width\" content=\"1200\" \/>\n\t<meta property=\"og:image:height\" content=\"675\" \/>\n\t<meta property=\"og:image:type\" content=\"image\/jpeg\" \/>\n<meta name=\"author\" content=\"Edit\u00f6r\" \/>\n<meta name=\"twitter:card\" content=\"summary_large_image\" \/>\n<meta name=\"twitter:label1\" content=\"\u00c9crit par\" \/>\n\t<meta name=\"twitter:data1\" content=\"Edit\u00f6r\" \/>\n\t<meta name=\"twitter:label2\" content=\"Dur\u00e9e de lecture est.\" \/>\n\t<meta name=\"twitter:data2\" content=\"1 minute\" \/>\n<script type=\"application\/ld+json\" class=\"yoast-schema-graph\">{\"@context\":\"https:\/\/schema.org\",\"@graph\":[{\"@type\":\"Article\",\"@id\":\"https:\/\/avrupapress.com\/2020\/08\/06\/brukselde-dunya-ticaret-merkezi-yangin-cikti\/#article\",\"isPartOf\":{\"@id\":\"https:\/\/avrupapress.com\/2020\/08\/06\/brukselde-dunya-ticaret-merkezi-yangin-cikti\/\"},\"author\":{\"name\":\"Edit\u00f6r\",\"@id\":\"https:\/\/avrupapress.com\/#\/schema\/person\/68428444ec60970d1e1b700cf4ca1e8f\"},\"headline\":\"Br\u00fcksel&rsquo;de D\u00fcnya Ticaret Merkezi yang\u0131n \u00e7\u0131kt\u0131\",\"datePublished\":\"2020-08-06T22:54:50+00:00\",\"dateModified\":\"2020-08-06T22:54:51+00:00\",\"mainEntityOfPage\":{\"@id\":\"https:\/\/avrupapress.com\/2020\/08\/06\/brukselde-dunya-ticaret-merkezi-yangin-cikti\/\"},\"wordCount\":210,\"publisher\":{\"@id\":\"https:\/\/avrupapress.com\/#\/schema\/person\/0223dca19c72c43575bf30d1a2d8f4fa\"},\"image\":{\"@id\":\"https:\/\/avrupapress.com\/2020\/08\/06\/brukselde-dunya-ticaret-merkezi-yangin-cikti\/#primaryimage\"},\"thumbnailUrl\":\"https:\/\/avrupapress.com\/main\/wp-content\/uploads\/2020\/08\/bruksel-de-dunya-ticaret-merkezi-cati-katinda-13484938_local.jpg\",\"articleSection\":[\"Avrupa\",\"Bel\u00e7ika\",\"D\u00fcnya\",\"Ekonomi\",\"T\u00fcrkiye\"],\"inLanguage\":\"fr-BE\"},{\"@type\":\"WebPage\",\"@id\":\"https:\/\/avrupapress.com\/2020\/08\/06\/brukselde-dunya-ticaret-merkezi-yangin-cikti\/\",\"url\":\"https:\/\/avrupapress.com\/2020\/08\/06\/brukselde-dunya-ticaret-merkezi-yangin-cikti\/\",\"name\":\"Br\u00fcksel'de D\u00fcnya Ticaret Merkezi yang\u0131n \u00e7\u0131kt\u0131 - AvrupaPress\",\"isPartOf\":{\"@id\":\"https:\/\/avrupapress.com\/#website\"},\"primaryImageOfPage\":{\"@id\":\"https:\/\/avrupapress.com\/2020\/08\/06\/brukselde-dunya-ticaret-merkezi-yangin-cikti\/#primaryimage\"},\"image\":{\"@id\":\"https:\/\/avrupapress.com\/2020\/08\/06\/brukselde-dunya-ticaret-merkezi-yangin-cikti\/#primaryimage\"},\"thumbnailUrl\":\"https:\/\/avrupapress.com\/main\/wp-content\/uploads\/2020\/08\/bruksel-de-dunya-ticaret-merkezi-cati-katinda-13484938_local.jpg\",\"datePublished\":\"2020-08-06T22:54:50+00:00\",\"dateModified\":\"2020-08-06T22:54:51+00:00\",\"breadcrumb\":{\"@id\":\"https:\/\/avrupapress.com\/2020\/08\/06\/brukselde-dunya-ticaret-merkezi-yangin-cikti\/#breadcrumb\"},\"inLanguage\":\"fr-BE\",\"potentialAction\":[{\"@type\":\"ReadAction\",\"target\":[\"https:\/\/avrupapress.com\/2020\/08\/06\/brukselde-dunya-ticaret-merkezi-yangin-cikti\/\"]}]},{\"@type\":\"ImageObject\",\"inLanguage\":\"fr-BE\",\"@id\":\"https:\/\/avrupapress.com\/2020\/08\/06\/brukselde-dunya-ticaret-merkezi-yangin-cikti\/#primaryimage\",\"url\":\"https:\/\/avrupapress.com\/main\/wp-content\/uploads\/2020\/08\/bruksel-de-dunya-ticaret-merkezi-cati-katinda-13484938_local.jpg\",\"contentUrl\":\"https:\/\/avrupapress.com\/main\/wp-content\/uploads\/2020\/08\/bruksel-de-dunya-ticaret-merkezi-cati-katinda-13484938_local.jpg\",\"width\":1200,\"height\":675},{\"@type\":\"BreadcrumbList\",\"@id\":\"https:\/\/avrupapress.com\/2020\/08\/06\/brukselde-dunya-ticaret-merkezi-yangin-cikti\/#breadcrumb\",\"itemListElement\":[{\"@type\":\"ListItem\",\"position\":1,\"name\":\"Anasayfa\",\"item\":\"https:\/\/avrupapress.com\/\"},{\"@type\":\"ListItem\",\"position\":2,\"name\":\"Br\u00fcksel&#8217;de D\u00fcnya Ticaret Merkezi yang\u0131n \u00e7\u0131kt\u0131\"}]},{\"@type\":\"WebSite\",\"@id\":\"https:\/\/avrupapress.com\/#website\",\"url\":\"https:\/\/avrupapress.com\/\",\"name\":\"AvrupaPress\",\"description\":\"Haberin Adresi\",\"publisher\":{\"@id\":\"https:\/\/avrupapress.com\/#\/schema\/person\/0223dca19c72c43575bf30d1a2d8f4fa\"},\"potentialAction\":[{\"@type\":\"SearchAction\",\"target\":{\"@type\":\"EntryPoint\",\"urlTemplate\":\"https:\/\/avrupapress.com\/?s={search_term_string}\"},\"query-input\":{\"@type\":\"PropertyValueSpecification\",\"valueRequired\":true,\"valueName\":\"search_term_string\"}}],\"inLanguage\":\"fr-BE\"},{\"@type\":[\"Person\",\"Organization\"],\"@id\":\"https:\/\/avrupapress.com\/#\/schema\/person\/0223dca19c72c43575bf30d1a2d8f4fa\",\"name\":\"Bilgin \u00d6z\u00e7ift\u00e7i\",\"image\":{\"@type\":\"ImageObject\",\"inLanguage\":\"fr-BE\",\"@id\":\"https:\/\/avrupapress.com\/#\/schema\/person\/image\/\",\"url\":\"https:\/\/secure.gravatar.com\/avatar\/0f23b280433a21e1ea7a0adcc46ed0ad16afe3ad8e630fd13d8a017dcbd54ef3?s=96&d=mm&r=g\",\"contentUrl\":\"https:\/\/secure.gravatar.com\/avatar\/0f23b280433a21e1ea7a0adcc46ed0ad16afe3ad8e630fd13d8a017dcbd54ef3?s=96&d=mm&r=g\",\"caption\":\"Bilgin \u00d6z\u00e7ift\u00e7i\"},\"logo\":{\"@id\":\"https:\/\/avrupapress.com\/#\/schema\/person\/image\/\"},\"description\":\"Ne ben, nede sen... Biz ancak \\\"biz\\\" olursak g\u00fc\u00e7l\u00fc olabiliriz\"},{\"@type\":\"Person\",\"@id\":\"https:\/\/avrupapress.com\/#\/schema\/person\/68428444ec60970d1e1b700cf4ca1e8f\",\"name\":\"Edit\u00f6r\",\"image\":{\"@type\":\"ImageObject\",\"inLanguage\":\"fr-BE\",\"@id\":\"https:\/\/avrupapress.com\/#\/schema\/person\/image\/\",\"url\":\"https:\/\/secure.gravatar.com\/avatar\/74996b0977aa5f1559ba9883776652508b229005c0d78fb2597897f0bd651c09?s=96&d=mm&r=g\",\"contentUrl\":\"https:\/\/secure.gravatar.com\/avatar\/74996b0977aa5f1559ba9883776652508b229005c0d78fb2597897f0bd651c09?s=96&d=mm&r=g\",\"caption\":\"Edit\u00f6r\"},\"sameAs\":[\"http:\/\/www.avrupapress.com\"],\"url\":\"https:\/\/avrupapress.com\/main\/author\/editor\/\"}]}<\/script>\n<!-- \/ Yoast SEO plugin. -->","yoast_head_json":{"title":"Br\u00fcksel'de D\u00fcnya Ticaret Merkezi yang\u0131n \u00e7\u0131kt\u0131 - AvrupaPress","robots":{"index":"index","follow":"follow","max-snippet":"max-snippet:-1","max-image-preview":"max-image-preview:large","max-video-preview":"max-video-preview:-1"},"canonical":"https:\/\/avrupapress.com\/2020\/08\/06\/brukselde-dunya-ticaret-merkezi-yangin-cikti\/","og_locale":"fr_FR","og_type":"article","og_title":"Br\u00fcksel'de D\u00fcnya Ticaret Merkezi yang\u0131n \u00e7\u0131kt\u0131 - AvrupaPress","og_description":"Bel\u00e7ika&rsquo;n\u0131n ba\u015fkenti Br\u00fcksel&rsquo;de bulunan D\u00fcnya Ticaret Merkezi&rsquo;nin (World Trade Center) \u00e7at\u0131 kat\u0131nda yang\u0131n \u00e7\u0131kt\u0131. Bel\u00e7ika&rsquo;n\u0131n ba\u015fkenti Br\u00fcksel&rsquo;de bulunan D\u00fcnya Ticaret Merkezi&rsquo;nin (World Trade Center) \u00e7at\u0131 kat\u0131nda yang\u0131n \u00e7\u0131kt\u0131. Ekiplerin yang\u0131n\u0131 kontrol alt\u0131na alma \u00e7al\u0131\u015fmalar\u0131 s\u00fcr\u00fcyor. Bel\u00e7ika&rsquo;n\u0131n ba\u015fkenti Br\u00fcksel&rsquo;de bulunan D\u00fcnya Ticaret Merkezi&rsquo;nin (World Trade Center) \u00e7at\u0131 kat\u0131nda yang\u0131n \u00e7\u0131kt\u0131.\u00c7\u0131k\u0131\u015f nedeni hen\u00fcz belirlenemeyen yang\u0131n\u0131 s\u00f6nd\u00fcrmek i\u00e7in [&hellip;]","og_url":"https:\/\/avrupapress.com\/2020\/08\/06\/brukselde-dunya-ticaret-merkezi-yangin-cikti\/","og_site_name":"AvrupaPress","article_published_time":"2020-08-06T22:54:50+00:00","article_modified_time":"2020-08-06T22:54:51+00:00","og_image":[{"width":1200,"height":675,"url":"https:\/\/avrupapress.com\/wp-content\/uploads\/2020\/08\/bruksel-de-dunya-ticaret-merkezi-cati-katinda-13484938_local.jpg","type":"image\/jpeg"}],"author":"Edit\u00f6r","twitter_card":"summary_large_image","twitter_misc":{"\u00c9crit par":"Edit\u00f6r","Dur\u00e9e de lecture est.":"1 minute"},"schema":{"@context":"https:\/\/schema.org","@graph":[{"@type":"Article","@id":"https:\/\/avrupapress.com\/2020\/08\/06\/brukselde-dunya-ticaret-merkezi-yangin-cikti\/#article","isPartOf":{"@id":"https:\/\/avrupapress.com\/2020\/08\/06\/brukselde-dunya-ticaret-merkezi-yangin-cikti\/"},"author":{"name":"Edit\u00f6r","@id":"https:\/\/avrupapress.com\/#\/schema\/person\/68428444ec60970d1e1b700cf4ca1e8f"},"headline":"Br\u00fcksel&rsquo;de D\u00fcnya Ticaret Merkezi yang\u0131n \u00e7\u0131kt\u0131","datePublished":"2020-08-06T22:54:50+00:00","dateModified":"2020-08-06T22:54:51+00:00","mainEntityOfPage":{"@id":"https:\/\/avrupapress.com\/2020\/08\/06\/brukselde-dunya-ticaret-merkezi-yangin-cikti\/"},"wordCount":210,"publisher":{"@id":"https:\/\/avrupapress.com\/#\/schema\/person\/0223dca19c72c43575bf30d1a2d8f4fa"},"image":{"@id":"https:\/\/avrupapress.com\/2020\/08\/06\/brukselde-dunya-ticaret-merkezi-yangin-cikti\/#primaryimage"},"thumbnailUrl":"https:\/\/avrupapress.com\/main\/wp-content\/uploads\/2020\/08\/bruksel-de-dunya-ticaret-merkezi-cati-katinda-13484938_local.jpg","articleSection":["Avrupa","Bel\u00e7ika","D\u00fcnya","Ekonomi","T\u00fcrkiye"],"inLanguage":"fr-BE"},{"@type":"WebPage","@id":"https:\/\/avrupapress.com\/2020\/08\/06\/brukselde-dunya-ticaret-merkezi-yangin-cikti\/","url":"https:\/\/avrupapress.com\/2020\/08\/06\/brukselde-dunya-ticaret-merkezi-yangin-cikti\/","name":"Br\u00fcksel'de D\u00fcnya Ticaret Merkezi yang\u0131n \u00e7\u0131kt\u0131 - AvrupaPress","isPartOf":{"@id":"https:\/\/avrupapress.com\/#website"},"primaryImageOfPage":{"@id":"https:\/\/avrupapress.com\/2020\/08\/06\/brukselde-dunya-ticaret-merkezi-yangin-cikti\/#primaryimage"},"image":{"@id":"https:\/\/avrupapress.com\/2020\/08\/06\/brukselde-dunya-ticaret-merkezi-yangin-cikti\/#primaryimage"},"thumbnailUrl":"https:\/\/avrupapress.com\/main\/wp-content\/uploads\/2020\/08\/bruksel-de-dunya-ticaret-merkezi-cati-katinda-13484938_local.jpg","datePublished":"2020-08-06T22:54:50+00:00","dateModified":"2020-08-06T22:54:51+00:00","breadcrumb":{"@id":"https:\/\/avrupapress.com\/2020\/08\/06\/brukselde-dunya-ticaret-merkezi-yangin-cikti\/#breadcrumb"},"inLanguage":"fr-BE","potentialAction":[{"@type":"ReadAction","target":["https:\/\/avrupapress.com\/2020\/08\/06\/brukselde-dunya-ticaret-merkezi-yangin-cikti\/"]}]},{"@type":"ImageObject","inLanguage":"fr-BE","@id":"https:\/\/avrupapress.com\/2020\/08\/06\/brukselde-dunya-ticaret-merkezi-yangin-cikti\/#primaryimage","url":"https:\/\/avrupapress.com\/main\/wp-content\/uploads\/2020\/08\/bruksel-de-dunya-ticaret-merkezi-cati-katinda-13484938_local.jpg","contentUrl":"https:\/\/avrupapress.com\/main\/wp-content\/uploads\/2020\/08\/bruksel-de-dunya-ticaret-merkezi-cati-katinda-13484938_local.jpg","width":1200,"height":675},{"@type":"BreadcrumbList","@id":"https:\/\/avrupapress.com\/2020\/08\/06\/brukselde-dunya-ticaret-merkezi-yangin-cikti\/#breadcrumb","itemListElement":[{"@type":"ListItem","position":1,"name":"Anasayfa","item":"https:\/\/avrupapress.com\/"},{"@type":"ListItem","position":2,"name":"Br\u00fcksel&#8217;de D\u00fcnya Ticaret Merkezi yang\u0131n \u00e7\u0131kt\u0131"}]},{"@type":"WebSite","@id":"https:\/\/avrupapress.com\/#website","url":"https:\/\/avrupapress.com\/","name":"AvrupaPress","description":"Haberin Adresi","publisher":{"@id":"https:\/\/avrupapress.com\/#\/schema\/person\/0223dca19c72c43575bf30d1a2d8f4fa"},"potentialAction":[{"@type":"SearchAction","target":{"@type":"EntryPoint","urlTemplate":"https:\/\/avrupapress.com\/?s={search_term_string}"},"query-input":{"@type":"PropertyValueSpecification","valueRequired":true,"valueName":"search_term_string"}}],"inLanguage":"fr-BE"},{"@type":["Person","Organization"],"@id":"https:\/\/avrupapress.com\/#\/schema\/person\/0223dca19c72c43575bf30d1a2d8f4fa","name":"Bilgin \u00d6z\u00e7ift\u00e7i","image":{"@type":"ImageObject","inLanguage":"fr-BE","@id":"https:\/\/avrupapress.com\/#\/schema\/person\/image\/","url":"https:\/\/secure.gravatar.com\/avatar\/0f23b280433a21e1ea7a0adcc46ed0ad16afe3ad8e630fd13d8a017dcbd54ef3?s=96&d=mm&r=g","contentUrl":"https:\/\/secure.gravatar.com\/avatar\/0f23b280433a21e1ea7a0adcc46ed0ad16afe3ad8e630fd13d8a017dcbd54ef3?s=96&d=mm&r=g","caption":"Bilgin \u00d6z\u00e7ift\u00e7i"},"logo":{"@id":"https:\/\/avrupapress.com\/#\/schema\/person\/image\/"},"description":"Ne ben, nede sen... Biz ancak \"biz\" olursak g\u00fc\u00e7l\u00fc olabiliriz"},{"@type":"Person","@id":"https:\/\/avrupapress.com\/#\/schema\/person\/68428444ec60970d1e1b700cf4ca1e8f","name":"Edit\u00f6r","image":{"@type":"ImageObject","inLanguage":"fr-BE","@id":"https:\/\/avrupapress.com\/#\/schema\/person\/image\/","url":"https:\/\/secure.gravatar.com\/avatar\/74996b0977aa5f1559ba9883776652508b229005c0d78fb2597897f0bd651c09?s=96&d=mm&r=g","contentUrl":"https:\/\/secure.gravatar.com\/avatar\/74996b0977aa5f1559ba9883776652508b229005c0d78fb2597897f0bd651c09?s=96&d=mm&r=g","caption":"Edit\u00f6r"},"sameAs":["http:\/\/www.avrupapress.com"],"url":"https:\/\/avrupapress.com\/main\/author\/editor\/"}]}},"_links":{"self":[{"href":"https:\/\/avrupapress.com\/main\/wp-json\/wp\/v2\/posts\/12559","targetHints":{"allow":["GET"]}}],"collection":[{"href":"https:\/\/avrupapress.com\/main\/wp-json\/wp\/v2\/posts"}],"about":[{"href":"https:\/\/avrupapress.com\/main\/wp-json\/wp\/v2\/types\/post"}],"author":[{"embeddable":true,"href":"https:\/\/avrupapress.com\/main\/wp-json\/wp\/v2\/users\/3"}],"replies":[{"embeddable":true,"href":"https:\/\/avrupapress.com\/main\/wp-json\/wp\/v2\/comments?post=12559"}],"version-history":[{"count":1,"href":"https:\/\/avrupapress.com\/main\/wp-json\/wp\/v2\/posts\/12559\/revisions"}],"predecessor-version":[{"id":12561,"href":"https:\/\/avrupapress.com\/main\/wp-json\/wp\/v2\/posts\/12559\/revisions\/12561"}],"wp:featuredmedia":[{"embeddable":true,"href":"https:\/\/avrupapress.com\/main\/wp-json\/wp\/v2\/media\/12560"}],"wp:attachment":[{"href":"https:\/\/avrupapress.com\/main\/wp-json\/wp\/v2\/media?parent=12559"}],"wp:term":[{"taxonomy":"category","embeddable":true,"href":"https:\/\/avrupapress.com\/main\/wp-json\/wp\/v2\/categories?post=12559"},{"taxonomy":"post_tag","embeddable":true,"href":"https:\/\/avrupapress.com\/main\/wp-json\/wp\/v2\/tags?post=12559"}],"curies":[{"name":"wp","href":"https:\/\/api.w.org\/{rel}","templated":true}]}}