{"id":12466,"date":"2020-07-25T21:32:54","date_gmt":"2020-07-25T21:32:54","guid":{"rendered":"http:\/\/avrupapress.com\/main\/?p=12466"},"modified":"2020-07-25T21:32:55","modified_gmt":"2020-07-25T21:32:55","slug":"virolog-marc-van-ranst-uyardi-anverse-gitmeyin","status":"publish","type":"post","link":"https:\/\/avrupapress.com\/main\/2020\/07\/25\/virolog-marc-van-ranst-uyardi-anverse-gitmeyin\/","title":{"rendered":"Virolog Marc Van Ranst Uyard\u0131 :Anverse gitmeyin!"},"content":{"rendered":"\n<p><strong>Bel\u00e7ika Kriz Merkezi \u00fcyesi Virolog Marc Van Ranst, Anvers b\u00f6lgesindeki art\u0131\u015fa dikkat \u00e7ekerek \u00ab\u00a0AC\u0130L olmad\u0131k\u00e7a gitmeyin\u00a0\u00bb dedi.<\/strong><\/p>\n\n\n\n<p>Bel\u00e7ika\u2019da \u00f6zellikle Flaman b\u00f6lgesinde vaka say\u0131lar\u0131 h\u0131zla art\u0131yor. <\/p>\n\n\n\n<p>Kriz Merkezi \u00fcyelerinden Virolog Marc Van Ranst, Anversin riskli b\u00f6lge oldu\u011funu bildirdi. Anvers ziyaret edilmeyi hak eden, dinamik ve fantastik bir \u015fehir ancak \u015fimdi de\u011fil. <\/p>\n\n\n\n<p>Acil olmad\u0131k\u00e7a Anverse gitmeyin diyen Ranst, \u201cAvrupa\u2019daki ba\u015fka bir \u015fehirde bu b\u00fcy\u00fckl\u00fckte bir salg\u0131n g\u00f6rd\u00fc\u011f\u00fcm\u00fczde, onu k\u0131rm\u0131z\u0131 b\u00f6lgede s\u0131n\u0131fland\u0131r\u0131yoruz ve insanlara oraya gitmemelerini, hatta yasaklamamas\u0131n\u0131 \u00f6neriyoruz.<\/p>\n\n\n\n<p> Kendi \u00fclkemizde bunu yapmak konusunda biraz daha isteksiziz\u201d dedi. Anvers eyaleti \u015fu anda koronavir\u00fcs\u00fcn yay\u0131lmas\u0131n\u0131 engellemek i\u00e7in olas\u0131 ek \u00f6nlemleri tart\u0131\u015f\u0131yor.<\/p>\n\n\n\n<p><strong>Seval Aksan \/ AVRUPAPRESS<\/strong><\/p>\n","protected":false},"excerpt":{"rendered":"<p>Bel\u00e7ika Kriz Merkezi \u00fcyesi Virolog Marc Van Ranst, Anvers b\u00f6lgesindeki art\u0131\u015fa dikkat \u00e7ekerek \u00ab\u00a0AC\u0130L olmad\u0131k\u00e7a gitmeyin\u00a0\u00bb dedi. Bel\u00e7ika\u2019da \u00f6zellikle Flaman b\u00f6lgesinde vaka say\u0131lar\u0131 h\u0131zla art\u0131yor. Kriz Merkezi \u00fcyelerinden Virolog Marc Van Ranst, Anversin riskli b\u00f6lge oldu\u011funu bildirdi. Anvers ziyaret edilmeyi hak eden, dinamik ve fantastik bir \u015fehir ancak \u015fimdi de\u011fil. Acil olmad\u0131k\u00e7a Anverse gitmeyin diyen [&hellip;]<\/p>\n","protected":false},"author":3,"featured_media":12467,"comment_status":"closed","ping_status":"open","sticky":false,"template":"","format":"standard","meta":{"footnotes":""},"categories":[14,16,3,17,18,15,19,2,1],"tags":[5488],"class_list":["post-12466","post","type-post","status-publish","format-standard","has-post-thumbnail","hentry","category-avrupa","category-belcika","category-dunya","category-ekonomi","category-kultur-sanat","category-spor","category-tanitim","category-turkiye","category-uncategorized","tag-virolog-marc-van-ranst-uyardi-anverse-gitmeyin"],"yoast_head":"<!-- This site is optimized with the Yoast SEO plugin v26.9 - https:\/\/yoast.com\/product\/yoast-seo-wordpress\/ -->\n<title>Virolog Marc Van Ranst Uyard\u0131 :Anverse gitmeyin! - AvrupaPress<\/title>\n<meta name=\"robots\" content=\"index, follow, max-snippet:-1, max-image-preview:large, max-video-preview:-1\" \/>\n<link rel=\"canonical\" href=\"https:\/\/avrupapress.com\/2020\/07\/25\/virolog-marc-van-ranst-uyardi-anverse-gitmeyin\/\" \/>\n<meta property=\"og:locale\" content=\"fr_FR\" \/>\n<meta property=\"og:type\" content=\"article\" \/>\n<meta property=\"og:title\" content=\"Virolog Marc Van Ranst Uyard\u0131 :Anverse gitmeyin! - AvrupaPress\" \/>\n<meta property=\"og:description\" content=\"Bel\u00e7ika Kriz Merkezi \u00fcyesi Virolog Marc Van Ranst, Anvers b\u00f6lgesindeki art\u0131\u015fa dikkat \u00e7ekerek \u00ab\u00a0AC\u0130L olmad\u0131k\u00e7a gitmeyin\u00a0\u00bb dedi. Bel\u00e7ika\u2019da \u00f6zellikle Flaman b\u00f6lgesinde vaka say\u0131lar\u0131 h\u0131zla art\u0131yor. Kriz Merkezi \u00fcyelerinden Virolog Marc Van Ranst, Anversin riskli b\u00f6lge oldu\u011funu bildirdi. Anvers ziyaret edilmeyi hak eden, dinamik ve fantastik bir \u015fehir ancak \u015fimdi de\u011fil. Acil olmad\u0131k\u00e7a Anverse gitmeyin diyen [&hellip;]\" \/>\n<meta property=\"og:url\" content=\"https:\/\/avrupapress.com\/2020\/07\/25\/virolog-marc-van-ranst-uyardi-anverse-gitmeyin\/\" \/>\n<meta property=\"og:site_name\" content=\"AvrupaPress\" \/>\n<meta property=\"article:published_time\" content=\"2020-07-25T21:32:54+00:00\" \/>\n<meta property=\"article:modified_time\" content=\"2020-07-25T21:32:55+00:00\" \/>\n<meta property=\"og:image\" content=\"https:\/\/avrupapress.com\/wp-content\/uploads\/2020\/07\/Ft6aO4cj_400x400.jpg\" \/>\n\t<meta property=\"og:image:width\" content=\"400\" \/>\n\t<meta property=\"og:image:height\" content=\"400\" \/>\n\t<meta property=\"og:image:type\" content=\"image\/jpeg\" \/>\n<meta name=\"author\" content=\"Edit\u00f6r\" \/>\n<meta name=\"twitter:card\" content=\"summary_large_image\" \/>\n<meta name=\"twitter:label1\" content=\"\u00c9crit par\" \/>\n\t<meta name=\"twitter:data1\" content=\"Edit\u00f6r\" \/>\n\t<meta name=\"twitter:label2\" content=\"Dur\u00e9e de lecture est.\" \/>\n\t<meta name=\"twitter:data2\" content=\"1 minute\" \/>\n<script type=\"application\/ld+json\" class=\"yoast-schema-graph\">{\"@context\":\"https:\/\/schema.org\",\"@graph\":[{\"@type\":\"Article\",\"@id\":\"https:\/\/avrupapress.com\/2020\/07\/25\/virolog-marc-van-ranst-uyardi-anverse-gitmeyin\/#article\",\"isPartOf\":{\"@id\":\"https:\/\/avrupapress.com\/2020\/07\/25\/virolog-marc-van-ranst-uyardi-anverse-gitmeyin\/\"},\"author\":{\"name\":\"Edit\u00f6r\",\"@id\":\"https:\/\/avrupapress.com\/#\/schema\/person\/68428444ec60970d1e1b700cf4ca1e8f\"},\"headline\":\"Virolog Marc Van Ranst Uyard\u0131 :Anverse gitmeyin!\",\"datePublished\":\"2020-07-25T21:32:54+00:00\",\"dateModified\":\"2020-07-25T21:32:55+00:00\",\"mainEntityOfPage\":{\"@id\":\"https:\/\/avrupapress.com\/2020\/07\/25\/virolog-marc-van-ranst-uyardi-anverse-gitmeyin\/\"},\"wordCount\":147,\"publisher\":{\"@id\":\"https:\/\/avrupapress.com\/#\/schema\/person\/0223dca19c72c43575bf30d1a2d8f4fa\"},\"image\":{\"@id\":\"https:\/\/avrupapress.com\/2020\/07\/25\/virolog-marc-van-ranst-uyardi-anverse-gitmeyin\/#primaryimage\"},\"thumbnailUrl\":\"https:\/\/avrupapress.com\/main\/wp-content\/uploads\/2020\/07\/Ft6aO4cj_400x400.jpg\",\"keywords\":[\"Virolog Marc Van Ranst Uyard\u0131 :Anverse gitmeyin!\"],\"articleSection\":[\"Avrupa\",\"Bel\u00e7ika\",\"D\u00fcnya\",\"Ekonomi\",\"K\u00fclt\u00fcr-Sanat\",\"Spor\",\"Tan\u0131t\u0131m\",\"T\u00fcrkiye\",\"Uncategorized\"],\"inLanguage\":\"fr-BE\"},{\"@type\":\"WebPage\",\"@id\":\"https:\/\/avrupapress.com\/2020\/07\/25\/virolog-marc-van-ranst-uyardi-anverse-gitmeyin\/\",\"url\":\"https:\/\/avrupapress.com\/2020\/07\/25\/virolog-marc-van-ranst-uyardi-anverse-gitmeyin\/\",\"name\":\"Virolog Marc Van Ranst Uyard\u0131 :Anverse gitmeyin! - AvrupaPress\",\"isPartOf\":{\"@id\":\"https:\/\/avrupapress.com\/#website\"},\"primaryImageOfPage\":{\"@id\":\"https:\/\/avrupapress.com\/2020\/07\/25\/virolog-marc-van-ranst-uyardi-anverse-gitmeyin\/#primaryimage\"},\"image\":{\"@id\":\"https:\/\/avrupapress.com\/2020\/07\/25\/virolog-marc-van-ranst-uyardi-anverse-gitmeyin\/#primaryimage\"},\"thumbnailUrl\":\"https:\/\/avrupapress.com\/main\/wp-content\/uploads\/2020\/07\/Ft6aO4cj_400x400.jpg\",\"datePublished\":\"2020-07-25T21:32:54+00:00\",\"dateModified\":\"2020-07-25T21:32:55+00:00\",\"breadcrumb\":{\"@id\":\"https:\/\/avrupapress.com\/2020\/07\/25\/virolog-marc-van-ranst-uyardi-anverse-gitmeyin\/#breadcrumb\"},\"inLanguage\":\"fr-BE\",\"potentialAction\":[{\"@type\":\"ReadAction\",\"target\":[\"https:\/\/avrupapress.com\/2020\/07\/25\/virolog-marc-van-ranst-uyardi-anverse-gitmeyin\/\"]}]},{\"@type\":\"ImageObject\",\"inLanguage\":\"fr-BE\",\"@id\":\"https:\/\/avrupapress.com\/2020\/07\/25\/virolog-marc-van-ranst-uyardi-anverse-gitmeyin\/#primaryimage\",\"url\":\"https:\/\/avrupapress.com\/main\/wp-content\/uploads\/2020\/07\/Ft6aO4cj_400x400.jpg\",\"contentUrl\":\"https:\/\/avrupapress.com\/main\/wp-content\/uploads\/2020\/07\/Ft6aO4cj_400x400.jpg\",\"width\":400,\"height\":400},{\"@type\":\"BreadcrumbList\",\"@id\":\"https:\/\/avrupapress.com\/2020\/07\/25\/virolog-marc-van-ranst-uyardi-anverse-gitmeyin\/#breadcrumb\",\"itemListElement\":[{\"@type\":\"ListItem\",\"position\":1,\"name\":\"Anasayfa\",\"item\":\"https:\/\/avrupapress.com\/\"},{\"@type\":\"ListItem\",\"position\":2,\"name\":\"Virolog Marc Van Ranst Uyard\u0131 :Anverse gitmeyin!\"}]},{\"@type\":\"WebSite\",\"@id\":\"https:\/\/avrupapress.com\/#website\",\"url\":\"https:\/\/avrupapress.com\/\",\"name\":\"AvrupaPress\",\"description\":\"Haberin Adresi\",\"publisher\":{\"@id\":\"https:\/\/avrupapress.com\/#\/schema\/person\/0223dca19c72c43575bf30d1a2d8f4fa\"},\"potentialAction\":[{\"@type\":\"SearchAction\",\"target\":{\"@type\":\"EntryPoint\",\"urlTemplate\":\"https:\/\/avrupapress.com\/?s={search_term_string}\"},\"query-input\":{\"@type\":\"PropertyValueSpecification\",\"valueRequired\":true,\"valueName\":\"search_term_string\"}}],\"inLanguage\":\"fr-BE\"},{\"@type\":[\"Person\",\"Organization\"],\"@id\":\"https:\/\/avrupapress.com\/#\/schema\/person\/0223dca19c72c43575bf30d1a2d8f4fa\",\"name\":\"Bilgin \u00d6z\u00e7ift\u00e7i\",\"image\":{\"@type\":\"ImageObject\",\"inLanguage\":\"fr-BE\",\"@id\":\"https:\/\/avrupapress.com\/#\/schema\/person\/image\/\",\"url\":\"https:\/\/secure.gravatar.com\/avatar\/0f23b280433a21e1ea7a0adcc46ed0ad16afe3ad8e630fd13d8a017dcbd54ef3?s=96&d=mm&r=g\",\"contentUrl\":\"https:\/\/secure.gravatar.com\/avatar\/0f23b280433a21e1ea7a0adcc46ed0ad16afe3ad8e630fd13d8a017dcbd54ef3?s=96&d=mm&r=g\",\"caption\":\"Bilgin \u00d6z\u00e7ift\u00e7i\"},\"logo\":{\"@id\":\"https:\/\/avrupapress.com\/#\/schema\/person\/image\/\"},\"description\":\"Ne ben, nede sen... Biz ancak \\\"biz\\\" olursak g\u00fc\u00e7l\u00fc olabiliriz\"},{\"@type\":\"Person\",\"@id\":\"https:\/\/avrupapress.com\/#\/schema\/person\/68428444ec60970d1e1b700cf4ca1e8f\",\"name\":\"Edit\u00f6r\",\"image\":{\"@type\":\"ImageObject\",\"inLanguage\":\"fr-BE\",\"@id\":\"https:\/\/avrupapress.com\/#\/schema\/person\/image\/\",\"url\":\"https:\/\/secure.gravatar.com\/avatar\/74996b0977aa5f1559ba9883776652508b229005c0d78fb2597897f0bd651c09?s=96&d=mm&r=g\",\"contentUrl\":\"https:\/\/secure.gravatar.com\/avatar\/74996b0977aa5f1559ba9883776652508b229005c0d78fb2597897f0bd651c09?s=96&d=mm&r=g\",\"caption\":\"Edit\u00f6r\"},\"sameAs\":[\"http:\/\/www.avrupapress.com\"],\"url\":\"https:\/\/avrupapress.com\/main\/author\/editor\/\"}]}<\/script>\n<!-- \/ Yoast SEO plugin. -->","yoast_head_json":{"title":"Virolog Marc Van Ranst Uyard\u0131 :Anverse gitmeyin! - AvrupaPress","robots":{"index":"index","follow":"follow","max-snippet":"max-snippet:-1","max-image-preview":"max-image-preview:large","max-video-preview":"max-video-preview:-1"},"canonical":"https:\/\/avrupapress.com\/2020\/07\/25\/virolog-marc-van-ranst-uyardi-anverse-gitmeyin\/","og_locale":"fr_FR","og_type":"article","og_title":"Virolog Marc Van Ranst Uyard\u0131 :Anverse gitmeyin! - AvrupaPress","og_description":"Bel\u00e7ika Kriz Merkezi \u00fcyesi Virolog Marc Van Ranst, Anvers b\u00f6lgesindeki art\u0131\u015fa dikkat \u00e7ekerek \u00ab\u00a0AC\u0130L olmad\u0131k\u00e7a gitmeyin\u00a0\u00bb dedi. Bel\u00e7ika\u2019da \u00f6zellikle Flaman b\u00f6lgesinde vaka say\u0131lar\u0131 h\u0131zla art\u0131yor. Kriz Merkezi \u00fcyelerinden Virolog Marc Van Ranst, Anversin riskli b\u00f6lge oldu\u011funu bildirdi. Anvers ziyaret edilmeyi hak eden, dinamik ve fantastik bir \u015fehir ancak \u015fimdi de\u011fil. Acil olmad\u0131k\u00e7a Anverse gitmeyin diyen [&hellip;]","og_url":"https:\/\/avrupapress.com\/2020\/07\/25\/virolog-marc-van-ranst-uyardi-anverse-gitmeyin\/","og_site_name":"AvrupaPress","article_published_time":"2020-07-25T21:32:54+00:00","article_modified_time":"2020-07-25T21:32:55+00:00","og_image":[{"width":400,"height":400,"url":"https:\/\/avrupapress.com\/wp-content\/uploads\/2020\/07\/Ft6aO4cj_400x400.jpg","type":"image\/jpeg"}],"author":"Edit\u00f6r","twitter_card":"summary_large_image","twitter_misc":{"\u00c9crit par":"Edit\u00f6r","Dur\u00e9e de lecture est.":"1 minute"},"schema":{"@context":"https:\/\/schema.org","@graph":[{"@type":"Article","@id":"https:\/\/avrupapress.com\/2020\/07\/25\/virolog-marc-van-ranst-uyardi-anverse-gitmeyin\/#article","isPartOf":{"@id":"https:\/\/avrupapress.com\/2020\/07\/25\/virolog-marc-van-ranst-uyardi-anverse-gitmeyin\/"},"author":{"name":"Edit\u00f6r","@id":"https:\/\/avrupapress.com\/#\/schema\/person\/68428444ec60970d1e1b700cf4ca1e8f"},"headline":"Virolog Marc Van Ranst Uyard\u0131 :Anverse gitmeyin!","datePublished":"2020-07-25T21:32:54+00:00","dateModified":"2020-07-25T21:32:55+00:00","mainEntityOfPage":{"@id":"https:\/\/avrupapress.com\/2020\/07\/25\/virolog-marc-van-ranst-uyardi-anverse-gitmeyin\/"},"wordCount":147,"publisher":{"@id":"https:\/\/avrupapress.com\/#\/schema\/person\/0223dca19c72c43575bf30d1a2d8f4fa"},"image":{"@id":"https:\/\/avrupapress.com\/2020\/07\/25\/virolog-marc-van-ranst-uyardi-anverse-gitmeyin\/#primaryimage"},"thumbnailUrl":"https:\/\/avrupapress.com\/main\/wp-content\/uploads\/2020\/07\/Ft6aO4cj_400x400.jpg","keywords":["Virolog Marc Van Ranst Uyard\u0131 :Anverse gitmeyin!"],"articleSection":["Avrupa","Bel\u00e7ika","D\u00fcnya","Ekonomi","K\u00fclt\u00fcr-Sanat","Spor","Tan\u0131t\u0131m","T\u00fcrkiye","Uncategorized"],"inLanguage":"fr-BE"},{"@type":"WebPage","@id":"https:\/\/avrupapress.com\/2020\/07\/25\/virolog-marc-van-ranst-uyardi-anverse-gitmeyin\/","url":"https:\/\/avrupapress.com\/2020\/07\/25\/virolog-marc-van-ranst-uyardi-anverse-gitmeyin\/","name":"Virolog Marc Van Ranst Uyard\u0131 :Anverse gitmeyin! - AvrupaPress","isPartOf":{"@id":"https:\/\/avrupapress.com\/#website"},"primaryImageOfPage":{"@id":"https:\/\/avrupapress.com\/2020\/07\/25\/virolog-marc-van-ranst-uyardi-anverse-gitmeyin\/#primaryimage"},"image":{"@id":"https:\/\/avrupapress.com\/2020\/07\/25\/virolog-marc-van-ranst-uyardi-anverse-gitmeyin\/#primaryimage"},"thumbnailUrl":"https:\/\/avrupapress.com\/main\/wp-content\/uploads\/2020\/07\/Ft6aO4cj_400x400.jpg","datePublished":"2020-07-25T21:32:54+00:00","dateModified":"2020-07-25T21:32:55+00:00","breadcrumb":{"@id":"https:\/\/avrupapress.com\/2020\/07\/25\/virolog-marc-van-ranst-uyardi-anverse-gitmeyin\/#breadcrumb"},"inLanguage":"fr-BE","potentialAction":[{"@type":"ReadAction","target":["https:\/\/avrupapress.com\/2020\/07\/25\/virolog-marc-van-ranst-uyardi-anverse-gitmeyin\/"]}]},{"@type":"ImageObject","inLanguage":"fr-BE","@id":"https:\/\/avrupapress.com\/2020\/07\/25\/virolog-marc-van-ranst-uyardi-anverse-gitmeyin\/#primaryimage","url":"https:\/\/avrupapress.com\/main\/wp-content\/uploads\/2020\/07\/Ft6aO4cj_400x400.jpg","contentUrl":"https:\/\/avrupapress.com\/main\/wp-content\/uploads\/2020\/07\/Ft6aO4cj_400x400.jpg","width":400,"height":400},{"@type":"BreadcrumbList","@id":"https:\/\/avrupapress.com\/2020\/07\/25\/virolog-marc-van-ranst-uyardi-anverse-gitmeyin\/#breadcrumb","itemListElement":[{"@type":"ListItem","position":1,"name":"Anasayfa","item":"https:\/\/avrupapress.com\/"},{"@type":"ListItem","position":2,"name":"Virolog Marc Van Ranst Uyard\u0131 :Anverse gitmeyin!"}]},{"@type":"WebSite","@id":"https:\/\/avrupapress.com\/#website","url":"https:\/\/avrupapress.com\/","name":"AvrupaPress","description":"Haberin Adresi","publisher":{"@id":"https:\/\/avrupapress.com\/#\/schema\/person\/0223dca19c72c43575bf30d1a2d8f4fa"},"potentialAction":[{"@type":"SearchAction","target":{"@type":"EntryPoint","urlTemplate":"https:\/\/avrupapress.com\/?s={search_term_string}"},"query-input":{"@type":"PropertyValueSpecification","valueRequired":true,"valueName":"search_term_string"}}],"inLanguage":"fr-BE"},{"@type":["Person","Organization"],"@id":"https:\/\/avrupapress.com\/#\/schema\/person\/0223dca19c72c43575bf30d1a2d8f4fa","name":"Bilgin \u00d6z\u00e7ift\u00e7i","image":{"@type":"ImageObject","inLanguage":"fr-BE","@id":"https:\/\/avrupapress.com\/#\/schema\/person\/image\/","url":"https:\/\/secure.gravatar.com\/avatar\/0f23b280433a21e1ea7a0adcc46ed0ad16afe3ad8e630fd13d8a017dcbd54ef3?s=96&d=mm&r=g","contentUrl":"https:\/\/secure.gravatar.com\/avatar\/0f23b280433a21e1ea7a0adcc46ed0ad16afe3ad8e630fd13d8a017dcbd54ef3?s=96&d=mm&r=g","caption":"Bilgin \u00d6z\u00e7ift\u00e7i"},"logo":{"@id":"https:\/\/avrupapress.com\/#\/schema\/person\/image\/"},"description":"Ne ben, nede sen... Biz ancak \"biz\" olursak g\u00fc\u00e7l\u00fc olabiliriz"},{"@type":"Person","@id":"https:\/\/avrupapress.com\/#\/schema\/person\/68428444ec60970d1e1b700cf4ca1e8f","name":"Edit\u00f6r","image":{"@type":"ImageObject","inLanguage":"fr-BE","@id":"https:\/\/avrupapress.com\/#\/schema\/person\/image\/","url":"https:\/\/secure.gravatar.com\/avatar\/74996b0977aa5f1559ba9883776652508b229005c0d78fb2597897f0bd651c09?s=96&d=mm&r=g","contentUrl":"https:\/\/secure.gravatar.com\/avatar\/74996b0977aa5f1559ba9883776652508b229005c0d78fb2597897f0bd651c09?s=96&d=mm&r=g","caption":"Edit\u00f6r"},"sameAs":["http:\/\/www.avrupapress.com"],"url":"https:\/\/avrupapress.com\/main\/author\/editor\/"}]}},"_links":{"self":[{"href":"https:\/\/avrupapress.com\/main\/wp-json\/wp\/v2\/posts\/12466","targetHints":{"allow":["GET"]}}],"collection":[{"href":"https:\/\/avrupapress.com\/main\/wp-json\/wp\/v2\/posts"}],"about":[{"href":"https:\/\/avrupapress.com\/main\/wp-json\/wp\/v2\/types\/post"}],"author":[{"embeddable":true,"href":"https:\/\/avrupapress.com\/main\/wp-json\/wp\/v2\/users\/3"}],"replies":[{"embeddable":true,"href":"https:\/\/avrupapress.com\/main\/wp-json\/wp\/v2\/comments?post=12466"}],"version-history":[{"count":1,"href":"https:\/\/avrupapress.com\/main\/wp-json\/wp\/v2\/posts\/12466\/revisions"}],"predecessor-version":[{"id":12468,"href":"https:\/\/avrupapress.com\/main\/wp-json\/wp\/v2\/posts\/12466\/revisions\/12468"}],"wp:featuredmedia":[{"embeddable":true,"href":"https:\/\/avrupapress.com\/main\/wp-json\/wp\/v2\/media\/12467"}],"wp:attachment":[{"href":"https:\/\/avrupapress.com\/main\/wp-json\/wp\/v2\/media?parent=12466"}],"wp:term":[{"taxonomy":"category","embeddable":true,"href":"https:\/\/avrupapress.com\/main\/wp-json\/wp\/v2\/categories?post=12466"},{"taxonomy":"post_tag","embeddable":true,"href":"https:\/\/avrupapress.com\/main\/wp-json\/wp\/v2\/tags?post=12466"}],"curies":[{"name":"wp","href":"https:\/\/api.w.org\/{rel}","templated":true}]}}