{"id":12462,"date":"2020-07-24T22:12:46","date_gmt":"2020-07-24T22:12:46","guid":{"rendered":"http:\/\/avrupapress.com\/main\/?p=12462"},"modified":"2020-07-24T22:12:47","modified_gmt":"2020-07-24T22:12:47","slug":"brukselin-schaerbeek-belediyesi-maske-takmanin-zorunlulugu-olan-cadde-ve-sokaklar-acikladi","status":"publish","type":"post","link":"https:\/\/avrupapress.com\/main\/2020\/07\/24\/brukselin-schaerbeek-belediyesi-maske-takmanin-zorunlulugu-olan-cadde-ve-sokaklar-acikladi\/","title":{"rendered":"Br\u00fcksel&rsquo;in Schaerbeek Belediyesi Maske Takman\u0131n zorunlulu\u011fu olan cadde ve sokaklar a\u00e7\u0131klad\u0131"},"content":{"rendered":"\n<p>\u00a0<strong>Bel\u00e7ika Ulusal G\u00fcvenlik Konseyi, yeni koronavir\u00fcs tedbirleri kapsam\u0131nda Bruksel&rsquo;in 19 Belediyesinden En b<strong>\u00fc<\/strong>y<strong>\u00fc<\/strong>k belediyelerden biri olan Schaerbeek Belediyesi, Ulusal G\u00fcvenlik Konseyi\u2019nin (CNS) a\u00e7\u0131klad\u0131\u011f\u0131 yeni kararlar\u0131n ard\u0131ndan bir\u00e7ok belediye gibi kendi s\u0131n\u0131rlar\u0131 i\u00e7in maske takman\u0131n zorunlu olan cadde ve sokaklar, b\u00f6lgeler belirledi.<\/strong><\/p>\n\n\n\n<p>\u00a0Bel\u00e7ika Ulusal G\u00fcvenlik Konseyi, yeni koronavir\u00fcs tedbirleri kapsam\u0131nda Bruksel&rsquo;in 19 Belediyesinden En b\u00fcy\u00fck belediyelerden biri olan Schaerbeek Belediyesi, Ulusal G\u00fcvenlik Konseyi\u2019nin (CNS) a\u00e7\u0131klad\u0131\u011f\u0131 yeni kararlar\u0131n ard\u0131ndan bir\u00e7ok belediye gibi kendi s\u0131n\u0131rlar\u0131 i\u00e7in maske takman\u0131n zorunlu olan cadde ve sokaklar, b\u00f6lgeler belirledi.<\/p>\n\n\n\n<p>Bruksel \u015fehrinde, Cumartesi g\u00fcn\u00fcnden itibaren koronavir\u00fcs tedbirleri kapsam\u0131nda maske takma zorunlulu\u011fu olan sokak ve caddelerBelirlendi <\/p>\n\n\n\n<p>Schaerbeek s\u0131n\u0131rlar\u0131 i\u00e7erisinde 25 Temmuz Cumartesi g\u00fcn\u00fcnden itibaren tabelalar konacak 12 ya\u015f ve \u00fcst\u00fc herkesin maske takmas\u0131 gereken sokak ve mekanlar\u0131n listesi \u015fu \u015fekilde belirlendi. <\/p>\n\n\n\n<p><strong>Schaerbeek s\u0131n\u0131rlar\u0131 i\u00e7erisinde\u00a0maske takmas\u0131 gereken sokak ve mekanlar\u0131n listesi:<\/strong><\/p>\n\n\n\n<p>1.Rue de Brabant, Place Liedts ve rue Gallait<br>2.Rue d\u2019Aerschot, rue Allard ve Gare du Nord\u2019un d\u0131\u015f\u0131ndaki 50 metre geni\u015fli\u011findeki alan<br>3.Chauss\u00e9e de Helmet<br>4.Rue Richard Vandevelde ve Square Apollo<br>5.Rue Josaphat<br>6.Place Pavillon<br>7.Rue Navez<br>8.Rue Van Oost ve Place Eug\u00e8ne Verboekhoven<br>9.Place de la Reine<br>10.Place Pogge ve Chauss\u00e9e de Haecht, Pogge\u2019dan Saint-Josse\u2019a do\u011fru olan k\u0131s\u0131m<br>11.Chauss\u00e9e de Louvain, Place Meiser ve Place Dailly<br>12.Place des Bienfaiteurs<br>13.Place Lehon<br>14.Rue des Coteaux \u2013 \u00f6zellikle Saint-Josse y\u00f6n\u00fcnde Rogier Caddesi\u2019nden \u00e7\u0131k\u0131lan b\u00f6lge<br>15.Place Princesse Elizabeth<br>16.Place Gaucheret<br>17.Place Stephenson<br>18.Place de Houffalize<\/p>\n\n\n\n<p>Schaerbeek Belediyesi civar\u0131ndaki t\u00fcm marketler, t\u00fcm meydanlar ve ibadet yerlerinde maske tak\u0131lmas\u0131 zorunlu.<\/p>\n\n\n\n<p><strong>Schaerbeek Belediyesi, belirlenen kurallara uyman\u0131n herkesin sorumlulu\u011fu oldu\u011funu ve maske takmayan ki\u015filere tespit edildikleri anda 250 euro ceza yaz\u0131laca\u011f\u0131n\u0131 belirtti.<\/strong><\/p>\n\n\n\n<p><strong>Bilgin Ozcifci \/ AVRUPAPRESS<\/strong><\/p>\n\n\n\n<p><\/p>\n\n\n\n<p><\/p>\n","protected":false},"excerpt":{"rendered":"<p>\u00a0Bel\u00e7ika Ulusal G\u00fcvenlik Konseyi, yeni koronavir\u00fcs tedbirleri kapsam\u0131nda Bruksel&rsquo;in 19 Belediyesinden En b\u00fcy\u00fck belediyelerden biri olan Schaerbeek Belediyesi, Ulusal G\u00fcvenlik Konseyi\u2019nin (CNS) a\u00e7\u0131klad\u0131\u011f\u0131 yeni kararlar\u0131n ard\u0131ndan bir\u00e7ok belediye gibi kendi s\u0131n\u0131rlar\u0131 i\u00e7in maske takman\u0131n zorunlu olan cadde ve sokaklar, b\u00f6lgeler belirledi. \u00a0Bel\u00e7ika Ulusal G\u00fcvenlik Konseyi, yeni koronavir\u00fcs tedbirleri kapsam\u0131nda Bruksel&rsquo;in 19 Belediyesinden En b\u00fcy\u00fck belediyelerden [&hellip;]<\/p>\n","protected":false},"author":3,"featured_media":12464,"comment_status":"closed","ping_status":"open","sticky":false,"template":"","format":"standard","meta":{"footnotes":""},"categories":[14,16,3,17,18,15,19,2,1],"tags":[],"class_list":["post-12462","post","type-post","status-publish","format-standard","has-post-thumbnail","hentry","category-avrupa","category-belcika","category-dunya","category-ekonomi","category-kultur-sanat","category-spor","category-tanitim","category-turkiye","category-uncategorized"],"yoast_head":"<!-- This site is optimized with the Yoast SEO plugin v26.9 - https:\/\/yoast.com\/product\/yoast-seo-wordpress\/ -->\n<title>Br\u00fcksel&#039;in Schaerbeek Belediyesi Maske Takman\u0131n zorunlulu\u011fu olan cadde ve sokaklar a\u00e7\u0131klad\u0131 - AvrupaPress<\/title>\n<meta name=\"robots\" content=\"index, follow, max-snippet:-1, max-image-preview:large, max-video-preview:-1\" \/>\n<link rel=\"canonical\" href=\"https:\/\/avrupapress.com\/2020\/07\/24\/brukselin-schaerbeek-belediyesi-maske-takmanin-zorunlulugu-olan-cadde-ve-sokaklar-acikladi\/\" \/>\n<meta property=\"og:locale\" content=\"fr_FR\" \/>\n<meta property=\"og:type\" content=\"article\" \/>\n<meta property=\"og:title\" content=\"Br\u00fcksel&#039;in Schaerbeek Belediyesi Maske Takman\u0131n zorunlulu\u011fu olan cadde ve sokaklar a\u00e7\u0131klad\u0131 - AvrupaPress\" \/>\n<meta property=\"og:description\" content=\"\u00a0Bel\u00e7ika Ulusal G\u00fcvenlik Konseyi, yeni koronavir\u00fcs tedbirleri kapsam\u0131nda Bruksel&rsquo;in 19 Belediyesinden En b\u00fcy\u00fck belediyelerden biri olan Schaerbeek Belediyesi, Ulusal G\u00fcvenlik Konseyi\u2019nin (CNS) a\u00e7\u0131klad\u0131\u011f\u0131 yeni kararlar\u0131n ard\u0131ndan bir\u00e7ok belediye gibi kendi s\u0131n\u0131rlar\u0131 i\u00e7in maske takman\u0131n zorunlu olan cadde ve sokaklar, b\u00f6lgeler belirledi. \u00a0Bel\u00e7ika Ulusal G\u00fcvenlik Konseyi, yeni koronavir\u00fcs tedbirleri kapsam\u0131nda Bruksel&rsquo;in 19 Belediyesinden En b\u00fcy\u00fck belediyelerden [&hellip;]\" \/>\n<meta property=\"og:url\" content=\"https:\/\/avrupapress.com\/2020\/07\/24\/brukselin-schaerbeek-belediyesi-maske-takmanin-zorunlulugu-olan-cadde-ve-sokaklar-acikladi\/\" \/>\n<meta property=\"og:site_name\" content=\"AvrupaPress\" \/>\n<meta property=\"article:published_time\" content=\"2020-07-24T22:12:46+00:00\" \/>\n<meta property=\"article:modified_time\" content=\"2020-07-24T22:12:47+00:00\" \/>\n<meta property=\"og:image\" content=\"https:\/\/avrupapress.com\/wp-content\/uploads\/2020\/07\/033_commune_exterieur_1900_xl_0.jpg\" \/>\n\t<meta property=\"og:image:width\" content=\"2544\" \/>\n\t<meta property=\"og:image:height\" content=\"1696\" \/>\n\t<meta property=\"og:image:type\" content=\"image\/jpeg\" \/>\n<meta name=\"author\" content=\"Edit\u00f6r\" \/>\n<meta name=\"twitter:card\" content=\"summary_large_image\" \/>\n<meta name=\"twitter:label1\" content=\"\u00c9crit par\" \/>\n\t<meta name=\"twitter:data1\" content=\"Edit\u00f6r\" \/>\n\t<meta name=\"twitter:label2\" content=\"Dur\u00e9e de lecture est.\" \/>\n\t<meta name=\"twitter:data2\" content=\"2 minutes\" \/>\n<script type=\"application\/ld+json\" class=\"yoast-schema-graph\">{\"@context\":\"https:\/\/schema.org\",\"@graph\":[{\"@type\":\"Article\",\"@id\":\"https:\/\/avrupapress.com\/2020\/07\/24\/brukselin-schaerbeek-belediyesi-maske-takmanin-zorunlulugu-olan-cadde-ve-sokaklar-acikladi\/#article\",\"isPartOf\":{\"@id\":\"https:\/\/avrupapress.com\/2020\/07\/24\/brukselin-schaerbeek-belediyesi-maske-takmanin-zorunlulugu-olan-cadde-ve-sokaklar-acikladi\/\"},\"author\":{\"name\":\"Edit\u00f6r\",\"@id\":\"https:\/\/avrupapress.com\/#\/schema\/person\/68428444ec60970d1e1b700cf4ca1e8f\"},\"headline\":\"Br\u00fcksel&rsquo;in Schaerbeek Belediyesi Maske Takman\u0131n zorunlulu\u011fu olan cadde ve sokaklar a\u00e7\u0131klad\u0131\",\"datePublished\":\"2020-07-24T22:12:46+00:00\",\"dateModified\":\"2020-07-24T22:12:47+00:00\",\"mainEntityOfPage\":{\"@id\":\"https:\/\/avrupapress.com\/2020\/07\/24\/brukselin-schaerbeek-belediyesi-maske-takmanin-zorunlulugu-olan-cadde-ve-sokaklar-acikladi\/\"},\"wordCount\":346,\"publisher\":{\"@id\":\"https:\/\/avrupapress.com\/#\/schema\/person\/0223dca19c72c43575bf30d1a2d8f4fa\"},\"image\":{\"@id\":\"https:\/\/avrupapress.com\/2020\/07\/24\/brukselin-schaerbeek-belediyesi-maske-takmanin-zorunlulugu-olan-cadde-ve-sokaklar-acikladi\/#primaryimage\"},\"thumbnailUrl\":\"https:\/\/avrupapress.com\/main\/wp-content\/uploads\/2020\/07\/033_commune_exterieur_1900_xl_0.jpg\",\"articleSection\":[\"Avrupa\",\"Bel\u00e7ika\",\"D\u00fcnya\",\"Ekonomi\",\"K\u00fclt\u00fcr-Sanat\",\"Spor\",\"Tan\u0131t\u0131m\",\"T\u00fcrkiye\",\"Uncategorized\"],\"inLanguage\":\"fr-BE\"},{\"@type\":\"WebPage\",\"@id\":\"https:\/\/avrupapress.com\/2020\/07\/24\/brukselin-schaerbeek-belediyesi-maske-takmanin-zorunlulugu-olan-cadde-ve-sokaklar-acikladi\/\",\"url\":\"https:\/\/avrupapress.com\/2020\/07\/24\/brukselin-schaerbeek-belediyesi-maske-takmanin-zorunlulugu-olan-cadde-ve-sokaklar-acikladi\/\",\"name\":\"Br\u00fcksel'in Schaerbeek Belediyesi Maske Takman\u0131n zorunlulu\u011fu olan cadde ve sokaklar a\u00e7\u0131klad\u0131 - AvrupaPress\",\"isPartOf\":{\"@id\":\"https:\/\/avrupapress.com\/#website\"},\"primaryImageOfPage\":{\"@id\":\"https:\/\/avrupapress.com\/2020\/07\/24\/brukselin-schaerbeek-belediyesi-maske-takmanin-zorunlulugu-olan-cadde-ve-sokaklar-acikladi\/#primaryimage\"},\"image\":{\"@id\":\"https:\/\/avrupapress.com\/2020\/07\/24\/brukselin-schaerbeek-belediyesi-maske-takmanin-zorunlulugu-olan-cadde-ve-sokaklar-acikladi\/#primaryimage\"},\"thumbnailUrl\":\"https:\/\/avrupapress.com\/main\/wp-content\/uploads\/2020\/07\/033_commune_exterieur_1900_xl_0.jpg\",\"datePublished\":\"2020-07-24T22:12:46+00:00\",\"dateModified\":\"2020-07-24T22:12:47+00:00\",\"breadcrumb\":{\"@id\":\"https:\/\/avrupapress.com\/2020\/07\/24\/brukselin-schaerbeek-belediyesi-maske-takmanin-zorunlulugu-olan-cadde-ve-sokaklar-acikladi\/#breadcrumb\"},\"inLanguage\":\"fr-BE\",\"potentialAction\":[{\"@type\":\"ReadAction\",\"target\":[\"https:\/\/avrupapress.com\/2020\/07\/24\/brukselin-schaerbeek-belediyesi-maske-takmanin-zorunlulugu-olan-cadde-ve-sokaklar-acikladi\/\"]}]},{\"@type\":\"ImageObject\",\"inLanguage\":\"fr-BE\",\"@id\":\"https:\/\/avrupapress.com\/2020\/07\/24\/brukselin-schaerbeek-belediyesi-maske-takmanin-zorunlulugu-olan-cadde-ve-sokaklar-acikladi\/#primaryimage\",\"url\":\"https:\/\/avrupapress.com\/main\/wp-content\/uploads\/2020\/07\/033_commune_exterieur_1900_xl_0.jpg\",\"contentUrl\":\"https:\/\/avrupapress.com\/main\/wp-content\/uploads\/2020\/07\/033_commune_exterieur_1900_xl_0.jpg\",\"width\":2544,\"height\":1696},{\"@type\":\"BreadcrumbList\",\"@id\":\"https:\/\/avrupapress.com\/2020\/07\/24\/brukselin-schaerbeek-belediyesi-maske-takmanin-zorunlulugu-olan-cadde-ve-sokaklar-acikladi\/#breadcrumb\",\"itemListElement\":[{\"@type\":\"ListItem\",\"position\":1,\"name\":\"Anasayfa\",\"item\":\"https:\/\/avrupapress.com\/\"},{\"@type\":\"ListItem\",\"position\":2,\"name\":\"Br\u00fcksel&#8217;in Schaerbeek Belediyesi Maske Takman\u0131n zorunlulu\u011fu olan cadde ve sokaklar a\u00e7\u0131klad\u0131\"}]},{\"@type\":\"WebSite\",\"@id\":\"https:\/\/avrupapress.com\/#website\",\"url\":\"https:\/\/avrupapress.com\/\",\"name\":\"AvrupaPress\",\"description\":\"Haberin Adresi\",\"publisher\":{\"@id\":\"https:\/\/avrupapress.com\/#\/schema\/person\/0223dca19c72c43575bf30d1a2d8f4fa\"},\"potentialAction\":[{\"@type\":\"SearchAction\",\"target\":{\"@type\":\"EntryPoint\",\"urlTemplate\":\"https:\/\/avrupapress.com\/?s={search_term_string}\"},\"query-input\":{\"@type\":\"PropertyValueSpecification\",\"valueRequired\":true,\"valueName\":\"search_term_string\"}}],\"inLanguage\":\"fr-BE\"},{\"@type\":[\"Person\",\"Organization\"],\"@id\":\"https:\/\/avrupapress.com\/#\/schema\/person\/0223dca19c72c43575bf30d1a2d8f4fa\",\"name\":\"Bilgin \u00d6z\u00e7ift\u00e7i\",\"image\":{\"@type\":\"ImageObject\",\"inLanguage\":\"fr-BE\",\"@id\":\"https:\/\/avrupapress.com\/#\/schema\/person\/image\/\",\"url\":\"https:\/\/secure.gravatar.com\/avatar\/0f23b280433a21e1ea7a0adcc46ed0ad16afe3ad8e630fd13d8a017dcbd54ef3?s=96&d=mm&r=g\",\"contentUrl\":\"https:\/\/secure.gravatar.com\/avatar\/0f23b280433a21e1ea7a0adcc46ed0ad16afe3ad8e630fd13d8a017dcbd54ef3?s=96&d=mm&r=g\",\"caption\":\"Bilgin \u00d6z\u00e7ift\u00e7i\"},\"logo\":{\"@id\":\"https:\/\/avrupapress.com\/#\/schema\/person\/image\/\"},\"description\":\"Ne ben, nede sen... Biz ancak \\\"biz\\\" olursak g\u00fc\u00e7l\u00fc olabiliriz\"},{\"@type\":\"Person\",\"@id\":\"https:\/\/avrupapress.com\/#\/schema\/person\/68428444ec60970d1e1b700cf4ca1e8f\",\"name\":\"Edit\u00f6r\",\"image\":{\"@type\":\"ImageObject\",\"inLanguage\":\"fr-BE\",\"@id\":\"https:\/\/avrupapress.com\/#\/schema\/person\/image\/\",\"url\":\"https:\/\/secure.gravatar.com\/avatar\/74996b0977aa5f1559ba9883776652508b229005c0d78fb2597897f0bd651c09?s=96&d=mm&r=g\",\"contentUrl\":\"https:\/\/secure.gravatar.com\/avatar\/74996b0977aa5f1559ba9883776652508b229005c0d78fb2597897f0bd651c09?s=96&d=mm&r=g\",\"caption\":\"Edit\u00f6r\"},\"sameAs\":[\"http:\/\/www.avrupapress.com\"],\"url\":\"https:\/\/avrupapress.com\/main\/author\/editor\/\"}]}<\/script>\n<!-- \/ Yoast SEO plugin. -->","yoast_head_json":{"title":"Br\u00fcksel'in Schaerbeek Belediyesi Maske Takman\u0131n zorunlulu\u011fu olan cadde ve sokaklar a\u00e7\u0131klad\u0131 - AvrupaPress","robots":{"index":"index","follow":"follow","max-snippet":"max-snippet:-1","max-image-preview":"max-image-preview:large","max-video-preview":"max-video-preview:-1"},"canonical":"https:\/\/avrupapress.com\/2020\/07\/24\/brukselin-schaerbeek-belediyesi-maske-takmanin-zorunlulugu-olan-cadde-ve-sokaklar-acikladi\/","og_locale":"fr_FR","og_type":"article","og_title":"Br\u00fcksel'in Schaerbeek Belediyesi Maske Takman\u0131n zorunlulu\u011fu olan cadde ve sokaklar a\u00e7\u0131klad\u0131 - AvrupaPress","og_description":"\u00a0Bel\u00e7ika Ulusal G\u00fcvenlik Konseyi, yeni koronavir\u00fcs tedbirleri kapsam\u0131nda Bruksel&rsquo;in 19 Belediyesinden En b\u00fcy\u00fck belediyelerden biri olan Schaerbeek Belediyesi, Ulusal G\u00fcvenlik Konseyi\u2019nin (CNS) a\u00e7\u0131klad\u0131\u011f\u0131 yeni kararlar\u0131n ard\u0131ndan bir\u00e7ok belediye gibi kendi s\u0131n\u0131rlar\u0131 i\u00e7in maske takman\u0131n zorunlu olan cadde ve sokaklar, b\u00f6lgeler belirledi. \u00a0Bel\u00e7ika Ulusal G\u00fcvenlik Konseyi, yeni koronavir\u00fcs tedbirleri kapsam\u0131nda Bruksel&rsquo;in 19 Belediyesinden En b\u00fcy\u00fck belediyelerden [&hellip;]","og_url":"https:\/\/avrupapress.com\/2020\/07\/24\/brukselin-schaerbeek-belediyesi-maske-takmanin-zorunlulugu-olan-cadde-ve-sokaklar-acikladi\/","og_site_name":"AvrupaPress","article_published_time":"2020-07-24T22:12:46+00:00","article_modified_time":"2020-07-24T22:12:47+00:00","og_image":[{"width":2544,"height":1696,"url":"https:\/\/avrupapress.com\/wp-content\/uploads\/2020\/07\/033_commune_exterieur_1900_xl_0.jpg","type":"image\/jpeg"}],"author":"Edit\u00f6r","twitter_card":"summary_large_image","twitter_misc":{"\u00c9crit par":"Edit\u00f6r","Dur\u00e9e de lecture est.":"2 minutes"},"schema":{"@context":"https:\/\/schema.org","@graph":[{"@type":"Article","@id":"https:\/\/avrupapress.com\/2020\/07\/24\/brukselin-schaerbeek-belediyesi-maske-takmanin-zorunlulugu-olan-cadde-ve-sokaklar-acikladi\/#article","isPartOf":{"@id":"https:\/\/avrupapress.com\/2020\/07\/24\/brukselin-schaerbeek-belediyesi-maske-takmanin-zorunlulugu-olan-cadde-ve-sokaklar-acikladi\/"},"author":{"name":"Edit\u00f6r","@id":"https:\/\/avrupapress.com\/#\/schema\/person\/68428444ec60970d1e1b700cf4ca1e8f"},"headline":"Br\u00fcksel&rsquo;in Schaerbeek Belediyesi Maske Takman\u0131n zorunlulu\u011fu olan cadde ve sokaklar a\u00e7\u0131klad\u0131","datePublished":"2020-07-24T22:12:46+00:00","dateModified":"2020-07-24T22:12:47+00:00","mainEntityOfPage":{"@id":"https:\/\/avrupapress.com\/2020\/07\/24\/brukselin-schaerbeek-belediyesi-maske-takmanin-zorunlulugu-olan-cadde-ve-sokaklar-acikladi\/"},"wordCount":346,"publisher":{"@id":"https:\/\/avrupapress.com\/#\/schema\/person\/0223dca19c72c43575bf30d1a2d8f4fa"},"image":{"@id":"https:\/\/avrupapress.com\/2020\/07\/24\/brukselin-schaerbeek-belediyesi-maske-takmanin-zorunlulugu-olan-cadde-ve-sokaklar-acikladi\/#primaryimage"},"thumbnailUrl":"https:\/\/avrupapress.com\/main\/wp-content\/uploads\/2020\/07\/033_commune_exterieur_1900_xl_0.jpg","articleSection":["Avrupa","Bel\u00e7ika","D\u00fcnya","Ekonomi","K\u00fclt\u00fcr-Sanat","Spor","Tan\u0131t\u0131m","T\u00fcrkiye","Uncategorized"],"inLanguage":"fr-BE"},{"@type":"WebPage","@id":"https:\/\/avrupapress.com\/2020\/07\/24\/brukselin-schaerbeek-belediyesi-maske-takmanin-zorunlulugu-olan-cadde-ve-sokaklar-acikladi\/","url":"https:\/\/avrupapress.com\/2020\/07\/24\/brukselin-schaerbeek-belediyesi-maske-takmanin-zorunlulugu-olan-cadde-ve-sokaklar-acikladi\/","name":"Br\u00fcksel'in Schaerbeek Belediyesi Maske Takman\u0131n zorunlulu\u011fu olan cadde ve sokaklar a\u00e7\u0131klad\u0131 - AvrupaPress","isPartOf":{"@id":"https:\/\/avrupapress.com\/#website"},"primaryImageOfPage":{"@id":"https:\/\/avrupapress.com\/2020\/07\/24\/brukselin-schaerbeek-belediyesi-maske-takmanin-zorunlulugu-olan-cadde-ve-sokaklar-acikladi\/#primaryimage"},"image":{"@id":"https:\/\/avrupapress.com\/2020\/07\/24\/brukselin-schaerbeek-belediyesi-maske-takmanin-zorunlulugu-olan-cadde-ve-sokaklar-acikladi\/#primaryimage"},"thumbnailUrl":"https:\/\/avrupapress.com\/main\/wp-content\/uploads\/2020\/07\/033_commune_exterieur_1900_xl_0.jpg","datePublished":"2020-07-24T22:12:46+00:00","dateModified":"2020-07-24T22:12:47+00:00","breadcrumb":{"@id":"https:\/\/avrupapress.com\/2020\/07\/24\/brukselin-schaerbeek-belediyesi-maske-takmanin-zorunlulugu-olan-cadde-ve-sokaklar-acikladi\/#breadcrumb"},"inLanguage":"fr-BE","potentialAction":[{"@type":"ReadAction","target":["https:\/\/avrupapress.com\/2020\/07\/24\/brukselin-schaerbeek-belediyesi-maske-takmanin-zorunlulugu-olan-cadde-ve-sokaklar-acikladi\/"]}]},{"@type":"ImageObject","inLanguage":"fr-BE","@id":"https:\/\/avrupapress.com\/2020\/07\/24\/brukselin-schaerbeek-belediyesi-maske-takmanin-zorunlulugu-olan-cadde-ve-sokaklar-acikladi\/#primaryimage","url":"https:\/\/avrupapress.com\/main\/wp-content\/uploads\/2020\/07\/033_commune_exterieur_1900_xl_0.jpg","contentUrl":"https:\/\/avrupapress.com\/main\/wp-content\/uploads\/2020\/07\/033_commune_exterieur_1900_xl_0.jpg","width":2544,"height":1696},{"@type":"BreadcrumbList","@id":"https:\/\/avrupapress.com\/2020\/07\/24\/brukselin-schaerbeek-belediyesi-maske-takmanin-zorunlulugu-olan-cadde-ve-sokaklar-acikladi\/#breadcrumb","itemListElement":[{"@type":"ListItem","position":1,"name":"Anasayfa","item":"https:\/\/avrupapress.com\/"},{"@type":"ListItem","position":2,"name":"Br\u00fcksel&#8217;in Schaerbeek Belediyesi Maske Takman\u0131n zorunlulu\u011fu olan cadde ve sokaklar a\u00e7\u0131klad\u0131"}]},{"@type":"WebSite","@id":"https:\/\/avrupapress.com\/#website","url":"https:\/\/avrupapress.com\/","name":"AvrupaPress","description":"Haberin Adresi","publisher":{"@id":"https:\/\/avrupapress.com\/#\/schema\/person\/0223dca19c72c43575bf30d1a2d8f4fa"},"potentialAction":[{"@type":"SearchAction","target":{"@type":"EntryPoint","urlTemplate":"https:\/\/avrupapress.com\/?s={search_term_string}"},"query-input":{"@type":"PropertyValueSpecification","valueRequired":true,"valueName":"search_term_string"}}],"inLanguage":"fr-BE"},{"@type":["Person","Organization"],"@id":"https:\/\/avrupapress.com\/#\/schema\/person\/0223dca19c72c43575bf30d1a2d8f4fa","name":"Bilgin \u00d6z\u00e7ift\u00e7i","image":{"@type":"ImageObject","inLanguage":"fr-BE","@id":"https:\/\/avrupapress.com\/#\/schema\/person\/image\/","url":"https:\/\/secure.gravatar.com\/avatar\/0f23b280433a21e1ea7a0adcc46ed0ad16afe3ad8e630fd13d8a017dcbd54ef3?s=96&d=mm&r=g","contentUrl":"https:\/\/secure.gravatar.com\/avatar\/0f23b280433a21e1ea7a0adcc46ed0ad16afe3ad8e630fd13d8a017dcbd54ef3?s=96&d=mm&r=g","caption":"Bilgin \u00d6z\u00e7ift\u00e7i"},"logo":{"@id":"https:\/\/avrupapress.com\/#\/schema\/person\/image\/"},"description":"Ne ben, nede sen... Biz ancak \"biz\" olursak g\u00fc\u00e7l\u00fc olabiliriz"},{"@type":"Person","@id":"https:\/\/avrupapress.com\/#\/schema\/person\/68428444ec60970d1e1b700cf4ca1e8f","name":"Edit\u00f6r","image":{"@type":"ImageObject","inLanguage":"fr-BE","@id":"https:\/\/avrupapress.com\/#\/schema\/person\/image\/","url":"https:\/\/secure.gravatar.com\/avatar\/74996b0977aa5f1559ba9883776652508b229005c0d78fb2597897f0bd651c09?s=96&d=mm&r=g","contentUrl":"https:\/\/secure.gravatar.com\/avatar\/74996b0977aa5f1559ba9883776652508b229005c0d78fb2597897f0bd651c09?s=96&d=mm&r=g","caption":"Edit\u00f6r"},"sameAs":["http:\/\/www.avrupapress.com"],"url":"https:\/\/avrupapress.com\/main\/author\/editor\/"}]}},"_links":{"self":[{"href":"https:\/\/avrupapress.com\/main\/wp-json\/wp\/v2\/posts\/12462","targetHints":{"allow":["GET"]}}],"collection":[{"href":"https:\/\/avrupapress.com\/main\/wp-json\/wp\/v2\/posts"}],"about":[{"href":"https:\/\/avrupapress.com\/main\/wp-json\/wp\/v2\/types\/post"}],"author":[{"embeddable":true,"href":"https:\/\/avrupapress.com\/main\/wp-json\/wp\/v2\/users\/3"}],"replies":[{"embeddable":true,"href":"https:\/\/avrupapress.com\/main\/wp-json\/wp\/v2\/comments?post=12462"}],"version-history":[{"count":1,"href":"https:\/\/avrupapress.com\/main\/wp-json\/wp\/v2\/posts\/12462\/revisions"}],"predecessor-version":[{"id":12465,"href":"https:\/\/avrupapress.com\/main\/wp-json\/wp\/v2\/posts\/12462\/revisions\/12465"}],"wp:featuredmedia":[{"embeddable":true,"href":"https:\/\/avrupapress.com\/main\/wp-json\/wp\/v2\/media\/12464"}],"wp:attachment":[{"href":"https:\/\/avrupapress.com\/main\/wp-json\/wp\/v2\/media?parent=12462"}],"wp:term":[{"taxonomy":"category","embeddable":true,"href":"https:\/\/avrupapress.com\/main\/wp-json\/wp\/v2\/categories?post=12462"},{"taxonomy":"post_tag","embeddable":true,"href":"https:\/\/avrupapress.com\/main\/wp-json\/wp\/v2\/tags?post=12462"}],"curies":[{"name":"wp","href":"https:\/\/api.w.org\/{rel}","templated":true}]}}