{"id":1193,"date":"2017-09-03T08:04:56","date_gmt":"2017-09-03T08:04:56","guid":{"rendered":"http:\/\/avrupapress.com\/main\/?p=1193"},"modified":"2017-09-03T08:04:56","modified_gmt":"2017-09-03T08:04:56","slug":"belcika-kimlik-kartlari-degisiyor","status":"publish","type":"post","link":"https:\/\/avrupapress.com\/main\/2017\/09\/03\/belcika-kimlik-kartlari-degisiyor\/","title":{"rendered":"Bel\u00e7ika Kimlik Kartlar\u0131 De\u011fi\u015fiyor\u2026"},"content":{"rendered":"<p>Yeni biometrik kimlik kartlar\u0131 geliyor. 2019 yilindan itibaren y\u00fcr\u00fcrl\u00fc\u011fe girmesi planlanan biometrikli yeni Bel\u00e7ika kimlik kartlar\u0131 sayesinde sahtekarl\u0131\u011f\u0131n \u00f6n\u00fcne ge\u00e7ilmesi ama\u00e7lan\u0131yor.<\/p>\n<p>Mediahuis gazetelerinin Cumartesi g\u00fcn\u00fc bildirdi\u011fine g\u00f6re, kimlik belgelerini yenilemeleri istenen Bel\u00e7ikal\u0131lara yak\u0131nda foto\u011fraflar\u0131n\u0131 yeni bir biyometrik kimlik kart\u0131n\u0131n gelmesini bekleyerek y\u00fcz tan\u0131ma sistemine g\u00f6ndermeleri gerekecek. Kimlik foto\u011fraflar\u0131 bilgisayarla eski foto\u011fraflarla kar\u015f\u0131la\u015ft\u0131r\u0131lacak. Yaz\u0131l\u0131m, ki\u015fiyi tan\u0131mlamak i\u00e7in \u00f6rne\u011fin \u00e7eneleri veya g\u00f6zler aras\u0131ndaki bo\u015flu\u011fu \u00f6l\u00e7ecek. \u0130\u00e7i\u015fleri Bakan\u0131 Jan Jambon, kimlik h\u0131rs\u0131zl\u0131\u011f\u0131n\u0131n \u00f6nleyece\u011fini s\u00f6yledi.<\/p>\n<p>Sudpress (la meuse) gazetesine deme\u00e7 veren Ba\u015fbakan Charles Michel bu konuda yeni teknolojiye daha ge\u00e7mediklerini s\u00f6ylerken i\u00e7i\u015fleri bakan\u0131 Jan Jambon bu yeni sisteme 2019 y\u0131l\u0131nda ge\u00e7ilece\u011fini a\u00e7\u0131klad\u0131&#8230;<\/p>\n","protected":false},"excerpt":{"rendered":"<p>Yeni biometrik kimlik kartlar\u0131 geliyor. 2019 yilindan itibaren y\u00fcr\u00fcrl\u00fc\u011fe girmesi planlanan biometrikli yeni Bel\u00e7ika kimlik kartlar\u0131 sayesinde sahtekarl\u0131\u011f\u0131n \u00f6n\u00fcne ge\u00e7ilmesi ama\u00e7lan\u0131yor. Mediahuis gazetelerinin Cumartesi g\u00fcn\u00fc bildirdi\u011fine g\u00f6re, kimlik belgelerini yenilemeleri istenen Bel\u00e7ikal\u0131lara yak\u0131nda foto\u011fraflar\u0131n\u0131 yeni bir biyometrik kimlik kart\u0131n\u0131n gelmesini bekleyerek y\u00fcz tan\u0131ma sistemine g\u00f6ndermeleri gerekecek. Kimlik foto\u011fraflar\u0131 bilgisayarla eski foto\u011fraflarla kar\u015f\u0131la\u015ft\u0131r\u0131lacak. Yaz\u0131l\u0131m, ki\u015fiyi tan\u0131mlamak [&hellip;]<\/p>\n","protected":false},"author":3,"featured_media":1194,"comment_status":"open","ping_status":"open","sticky":false,"template":"","format":"standard","meta":{"footnotes":""},"categories":[14,16,3,17,18,19,2,1],"tags":[6,822,821,820],"class_list":["post-1193","post","type-post","status-publish","format-standard","has-post-thumbnail","hentry","category-avrupa","category-belcika","category-dunya","category-ekonomi","category-kultur-sanat","category-tanitim","category-turkiye","category-uncategorized","tag-belcika","tag-degisiyor","tag-kartlari","tag-kimlik"],"yoast_head":"<!-- This site is optimized with the Yoast SEO plugin v26.9 - https:\/\/yoast.com\/product\/yoast-seo-wordpress\/ -->\n<title>Bel\u00e7ika Kimlik Kartlar\u0131 De\u011fi\u015fiyor\u2026 - AvrupaPress<\/title>\n<meta name=\"robots\" content=\"index, follow, max-snippet:-1, max-image-preview:large, max-video-preview:-1\" \/>\n<link rel=\"canonical\" href=\"https:\/\/avrupapress.com\/2017\/09\/03\/belcika-kimlik-kartlari-degisiyor\/\" \/>\n<meta property=\"og:locale\" content=\"fr_FR\" \/>\n<meta property=\"og:type\" content=\"article\" \/>\n<meta property=\"og:title\" content=\"Bel\u00e7ika Kimlik Kartlar\u0131 De\u011fi\u015fiyor\u2026 - AvrupaPress\" \/>\n<meta property=\"og:description\" content=\"Yeni biometrik kimlik kartlar\u0131 geliyor. 2019 yilindan itibaren y\u00fcr\u00fcrl\u00fc\u011fe girmesi planlanan biometrikli yeni Bel\u00e7ika kimlik kartlar\u0131 sayesinde sahtekarl\u0131\u011f\u0131n \u00f6n\u00fcne ge\u00e7ilmesi ama\u00e7lan\u0131yor. Mediahuis gazetelerinin Cumartesi g\u00fcn\u00fc bildirdi\u011fine g\u00f6re, kimlik belgelerini yenilemeleri istenen Bel\u00e7ikal\u0131lara yak\u0131nda foto\u011fraflar\u0131n\u0131 yeni bir biyometrik kimlik kart\u0131n\u0131n gelmesini bekleyerek y\u00fcz tan\u0131ma sistemine g\u00f6ndermeleri gerekecek. Kimlik foto\u011fraflar\u0131 bilgisayarla eski foto\u011fraflarla kar\u015f\u0131la\u015ft\u0131r\u0131lacak. Yaz\u0131l\u0131m, ki\u015fiyi tan\u0131mlamak [&hellip;]\" \/>\n<meta property=\"og:url\" content=\"https:\/\/avrupapress.com\/2017\/09\/03\/belcika-kimlik-kartlari-degisiyor\/\" \/>\n<meta property=\"og:site_name\" content=\"AvrupaPress\" \/>\n<meta property=\"article:published_time\" content=\"2017-09-03T08:04:56+00:00\" \/>\n<meta property=\"og:image\" content=\"https:\/\/avrupapress.com\/wp-content\/uploads\/2017\/09\/belcika-kimlik-kartlari-degisiyor-5525.jpg\" \/>\n\t<meta property=\"og:image:width\" content=\"640\" \/>\n\t<meta property=\"og:image:height\" content=\"427\" \/>\n\t<meta property=\"og:image:type\" content=\"image\/jpeg\" \/>\n<meta name=\"author\" content=\"Edit\u00f6r\" \/>\n<meta name=\"twitter:card\" content=\"summary_large_image\" \/>\n<meta name=\"twitter:label1\" content=\"\u00c9crit par\" \/>\n\t<meta name=\"twitter:data1\" content=\"Edit\u00f6r\" \/>\n\t<meta name=\"twitter:label2\" content=\"Dur\u00e9e de lecture est.\" \/>\n\t<meta name=\"twitter:data2\" content=\"1 minute\" \/>\n<script type=\"application\/ld+json\" class=\"yoast-schema-graph\">{\"@context\":\"https:\/\/schema.org\",\"@graph\":[{\"@type\":\"Article\",\"@id\":\"https:\/\/avrupapress.com\/2017\/09\/03\/belcika-kimlik-kartlari-degisiyor\/#article\",\"isPartOf\":{\"@id\":\"https:\/\/avrupapress.com\/2017\/09\/03\/belcika-kimlik-kartlari-degisiyor\/\"},\"author\":{\"name\":\"Edit\u00f6r\",\"@id\":\"https:\/\/avrupapress.com\/#\/schema\/person\/68428444ec60970d1e1b700cf4ca1e8f\"},\"headline\":\"Bel\u00e7ika Kimlik Kartlar\u0131 De\u011fi\u015fiyor\u2026\",\"datePublished\":\"2017-09-03T08:04:56+00:00\",\"mainEntityOfPage\":{\"@id\":\"https:\/\/avrupapress.com\/2017\/09\/03\/belcika-kimlik-kartlari-degisiyor\/\"},\"wordCount\":159,\"commentCount\":0,\"publisher\":{\"@id\":\"https:\/\/avrupapress.com\/#\/schema\/person\/0223dca19c72c43575bf30d1a2d8f4fa\"},\"image\":{\"@id\":\"https:\/\/avrupapress.com\/2017\/09\/03\/belcika-kimlik-kartlari-degisiyor\/#primaryimage\"},\"thumbnailUrl\":\"https:\/\/avrupapress.com\/main\/wp-content\/uploads\/2017\/09\/belcika-kimlik-kartlari-degisiyor-5525.jpg\",\"keywords\":[\"bel\u00e7ika\",\"De\u011fi\u015fiyor\",\"Kartlar\u0131\",\"Kimlik\"],\"articleSection\":[\"Avrupa\",\"Bel\u00e7ika\",\"D\u00fcnya\",\"Ekonomi\",\"K\u00fclt\u00fcr-Sanat\",\"Tan\u0131t\u0131m\",\"T\u00fcrkiye\",\"Uncategorized\"],\"inLanguage\":\"fr-BE\",\"potentialAction\":[{\"@type\":\"CommentAction\",\"name\":\"Comment\",\"target\":[\"https:\/\/avrupapress.com\/2017\/09\/03\/belcika-kimlik-kartlari-degisiyor\/#respond\"]}]},{\"@type\":\"WebPage\",\"@id\":\"https:\/\/avrupapress.com\/2017\/09\/03\/belcika-kimlik-kartlari-degisiyor\/\",\"url\":\"https:\/\/avrupapress.com\/2017\/09\/03\/belcika-kimlik-kartlari-degisiyor\/\",\"name\":\"Bel\u00e7ika Kimlik Kartlar\u0131 De\u011fi\u015fiyor\u2026 - AvrupaPress\",\"isPartOf\":{\"@id\":\"https:\/\/avrupapress.com\/#website\"},\"primaryImageOfPage\":{\"@id\":\"https:\/\/avrupapress.com\/2017\/09\/03\/belcika-kimlik-kartlari-degisiyor\/#primaryimage\"},\"image\":{\"@id\":\"https:\/\/avrupapress.com\/2017\/09\/03\/belcika-kimlik-kartlari-degisiyor\/#primaryimage\"},\"thumbnailUrl\":\"https:\/\/avrupapress.com\/main\/wp-content\/uploads\/2017\/09\/belcika-kimlik-kartlari-degisiyor-5525.jpg\",\"datePublished\":\"2017-09-03T08:04:56+00:00\",\"breadcrumb\":{\"@id\":\"https:\/\/avrupapress.com\/2017\/09\/03\/belcika-kimlik-kartlari-degisiyor\/#breadcrumb\"},\"inLanguage\":\"fr-BE\",\"potentialAction\":[{\"@type\":\"ReadAction\",\"target\":[\"https:\/\/avrupapress.com\/2017\/09\/03\/belcika-kimlik-kartlari-degisiyor\/\"]}]},{\"@type\":\"ImageObject\",\"inLanguage\":\"fr-BE\",\"@id\":\"https:\/\/avrupapress.com\/2017\/09\/03\/belcika-kimlik-kartlari-degisiyor\/#primaryimage\",\"url\":\"https:\/\/avrupapress.com\/main\/wp-content\/uploads\/2017\/09\/belcika-kimlik-kartlari-degisiyor-5525.jpg\",\"contentUrl\":\"https:\/\/avrupapress.com\/main\/wp-content\/uploads\/2017\/09\/belcika-kimlik-kartlari-degisiyor-5525.jpg\",\"width\":640,\"height\":427},{\"@type\":\"BreadcrumbList\",\"@id\":\"https:\/\/avrupapress.com\/2017\/09\/03\/belcika-kimlik-kartlari-degisiyor\/#breadcrumb\",\"itemListElement\":[{\"@type\":\"ListItem\",\"position\":1,\"name\":\"Anasayfa\",\"item\":\"https:\/\/avrupapress.com\/\"},{\"@type\":\"ListItem\",\"position\":2,\"name\":\"Bel\u00e7ika Kimlik Kartlar\u0131 De\u011fi\u015fiyor\u2026\"}]},{\"@type\":\"WebSite\",\"@id\":\"https:\/\/avrupapress.com\/#website\",\"url\":\"https:\/\/avrupapress.com\/\",\"name\":\"AvrupaPress\",\"description\":\"Haberin Adresi\",\"publisher\":{\"@id\":\"https:\/\/avrupapress.com\/#\/schema\/person\/0223dca19c72c43575bf30d1a2d8f4fa\"},\"potentialAction\":[{\"@type\":\"SearchAction\",\"target\":{\"@type\":\"EntryPoint\",\"urlTemplate\":\"https:\/\/avrupapress.com\/?s={search_term_string}\"},\"query-input\":{\"@type\":\"PropertyValueSpecification\",\"valueRequired\":true,\"valueName\":\"search_term_string\"}}],\"inLanguage\":\"fr-BE\"},{\"@type\":[\"Person\",\"Organization\"],\"@id\":\"https:\/\/avrupapress.com\/#\/schema\/person\/0223dca19c72c43575bf30d1a2d8f4fa\",\"name\":\"Bilgin \u00d6z\u00e7ift\u00e7i\",\"image\":{\"@type\":\"ImageObject\",\"inLanguage\":\"fr-BE\",\"@id\":\"https:\/\/avrupapress.com\/#\/schema\/person\/image\/\",\"url\":\"https:\/\/secure.gravatar.com\/avatar\/0f23b280433a21e1ea7a0adcc46ed0ad16afe3ad8e630fd13d8a017dcbd54ef3?s=96&d=mm&r=g\",\"contentUrl\":\"https:\/\/secure.gravatar.com\/avatar\/0f23b280433a21e1ea7a0adcc46ed0ad16afe3ad8e630fd13d8a017dcbd54ef3?s=96&d=mm&r=g\",\"caption\":\"Bilgin \u00d6z\u00e7ift\u00e7i\"},\"logo\":{\"@id\":\"https:\/\/avrupapress.com\/#\/schema\/person\/image\/\"},\"description\":\"Ne ben, nede sen... Biz ancak \\\"biz\\\" olursak g\u00fc\u00e7l\u00fc olabiliriz\"},{\"@type\":\"Person\",\"@id\":\"https:\/\/avrupapress.com\/#\/schema\/person\/68428444ec60970d1e1b700cf4ca1e8f\",\"name\":\"Edit\u00f6r\",\"image\":{\"@type\":\"ImageObject\",\"inLanguage\":\"fr-BE\",\"@id\":\"https:\/\/avrupapress.com\/#\/schema\/person\/image\/\",\"url\":\"https:\/\/secure.gravatar.com\/avatar\/74996b0977aa5f1559ba9883776652508b229005c0d78fb2597897f0bd651c09?s=96&d=mm&r=g\",\"contentUrl\":\"https:\/\/secure.gravatar.com\/avatar\/74996b0977aa5f1559ba9883776652508b229005c0d78fb2597897f0bd651c09?s=96&d=mm&r=g\",\"caption\":\"Edit\u00f6r\"},\"sameAs\":[\"http:\/\/www.avrupapress.com\"],\"url\":\"https:\/\/avrupapress.com\/main\/author\/editor\/\"}]}<\/script>\n<!-- \/ Yoast SEO plugin. -->","yoast_head_json":{"title":"Bel\u00e7ika Kimlik Kartlar\u0131 De\u011fi\u015fiyor\u2026 - AvrupaPress","robots":{"index":"index","follow":"follow","max-snippet":"max-snippet:-1","max-image-preview":"max-image-preview:large","max-video-preview":"max-video-preview:-1"},"canonical":"https:\/\/avrupapress.com\/2017\/09\/03\/belcika-kimlik-kartlari-degisiyor\/","og_locale":"fr_FR","og_type":"article","og_title":"Bel\u00e7ika Kimlik Kartlar\u0131 De\u011fi\u015fiyor\u2026 - AvrupaPress","og_description":"Yeni biometrik kimlik kartlar\u0131 geliyor. 2019 yilindan itibaren y\u00fcr\u00fcrl\u00fc\u011fe girmesi planlanan biometrikli yeni Bel\u00e7ika kimlik kartlar\u0131 sayesinde sahtekarl\u0131\u011f\u0131n \u00f6n\u00fcne ge\u00e7ilmesi ama\u00e7lan\u0131yor. Mediahuis gazetelerinin Cumartesi g\u00fcn\u00fc bildirdi\u011fine g\u00f6re, kimlik belgelerini yenilemeleri istenen Bel\u00e7ikal\u0131lara yak\u0131nda foto\u011fraflar\u0131n\u0131 yeni bir biyometrik kimlik kart\u0131n\u0131n gelmesini bekleyerek y\u00fcz tan\u0131ma sistemine g\u00f6ndermeleri gerekecek. Kimlik foto\u011fraflar\u0131 bilgisayarla eski foto\u011fraflarla kar\u015f\u0131la\u015ft\u0131r\u0131lacak. Yaz\u0131l\u0131m, ki\u015fiyi tan\u0131mlamak [&hellip;]","og_url":"https:\/\/avrupapress.com\/2017\/09\/03\/belcika-kimlik-kartlari-degisiyor\/","og_site_name":"AvrupaPress","article_published_time":"2017-09-03T08:04:56+00:00","og_image":[{"width":640,"height":427,"url":"https:\/\/avrupapress.com\/wp-content\/uploads\/2017\/09\/belcika-kimlik-kartlari-degisiyor-5525.jpg","type":"image\/jpeg"}],"author":"Edit\u00f6r","twitter_card":"summary_large_image","twitter_misc":{"\u00c9crit par":"Edit\u00f6r","Dur\u00e9e de lecture est.":"1 minute"},"schema":{"@context":"https:\/\/schema.org","@graph":[{"@type":"Article","@id":"https:\/\/avrupapress.com\/2017\/09\/03\/belcika-kimlik-kartlari-degisiyor\/#article","isPartOf":{"@id":"https:\/\/avrupapress.com\/2017\/09\/03\/belcika-kimlik-kartlari-degisiyor\/"},"author":{"name":"Edit\u00f6r","@id":"https:\/\/avrupapress.com\/#\/schema\/person\/68428444ec60970d1e1b700cf4ca1e8f"},"headline":"Bel\u00e7ika Kimlik Kartlar\u0131 De\u011fi\u015fiyor\u2026","datePublished":"2017-09-03T08:04:56+00:00","mainEntityOfPage":{"@id":"https:\/\/avrupapress.com\/2017\/09\/03\/belcika-kimlik-kartlari-degisiyor\/"},"wordCount":159,"commentCount":0,"publisher":{"@id":"https:\/\/avrupapress.com\/#\/schema\/person\/0223dca19c72c43575bf30d1a2d8f4fa"},"image":{"@id":"https:\/\/avrupapress.com\/2017\/09\/03\/belcika-kimlik-kartlari-degisiyor\/#primaryimage"},"thumbnailUrl":"https:\/\/avrupapress.com\/main\/wp-content\/uploads\/2017\/09\/belcika-kimlik-kartlari-degisiyor-5525.jpg","keywords":["bel\u00e7ika","De\u011fi\u015fiyor","Kartlar\u0131","Kimlik"],"articleSection":["Avrupa","Bel\u00e7ika","D\u00fcnya","Ekonomi","K\u00fclt\u00fcr-Sanat","Tan\u0131t\u0131m","T\u00fcrkiye","Uncategorized"],"inLanguage":"fr-BE","potentialAction":[{"@type":"CommentAction","name":"Comment","target":["https:\/\/avrupapress.com\/2017\/09\/03\/belcika-kimlik-kartlari-degisiyor\/#respond"]}]},{"@type":"WebPage","@id":"https:\/\/avrupapress.com\/2017\/09\/03\/belcika-kimlik-kartlari-degisiyor\/","url":"https:\/\/avrupapress.com\/2017\/09\/03\/belcika-kimlik-kartlari-degisiyor\/","name":"Bel\u00e7ika Kimlik Kartlar\u0131 De\u011fi\u015fiyor\u2026 - AvrupaPress","isPartOf":{"@id":"https:\/\/avrupapress.com\/#website"},"primaryImageOfPage":{"@id":"https:\/\/avrupapress.com\/2017\/09\/03\/belcika-kimlik-kartlari-degisiyor\/#primaryimage"},"image":{"@id":"https:\/\/avrupapress.com\/2017\/09\/03\/belcika-kimlik-kartlari-degisiyor\/#primaryimage"},"thumbnailUrl":"https:\/\/avrupapress.com\/main\/wp-content\/uploads\/2017\/09\/belcika-kimlik-kartlari-degisiyor-5525.jpg","datePublished":"2017-09-03T08:04:56+00:00","breadcrumb":{"@id":"https:\/\/avrupapress.com\/2017\/09\/03\/belcika-kimlik-kartlari-degisiyor\/#breadcrumb"},"inLanguage":"fr-BE","potentialAction":[{"@type":"ReadAction","target":["https:\/\/avrupapress.com\/2017\/09\/03\/belcika-kimlik-kartlari-degisiyor\/"]}]},{"@type":"ImageObject","inLanguage":"fr-BE","@id":"https:\/\/avrupapress.com\/2017\/09\/03\/belcika-kimlik-kartlari-degisiyor\/#primaryimage","url":"https:\/\/avrupapress.com\/main\/wp-content\/uploads\/2017\/09\/belcika-kimlik-kartlari-degisiyor-5525.jpg","contentUrl":"https:\/\/avrupapress.com\/main\/wp-content\/uploads\/2017\/09\/belcika-kimlik-kartlari-degisiyor-5525.jpg","width":640,"height":427},{"@type":"BreadcrumbList","@id":"https:\/\/avrupapress.com\/2017\/09\/03\/belcika-kimlik-kartlari-degisiyor\/#breadcrumb","itemListElement":[{"@type":"ListItem","position":1,"name":"Anasayfa","item":"https:\/\/avrupapress.com\/"},{"@type":"ListItem","position":2,"name":"Bel\u00e7ika Kimlik Kartlar\u0131 De\u011fi\u015fiyor\u2026"}]},{"@type":"WebSite","@id":"https:\/\/avrupapress.com\/#website","url":"https:\/\/avrupapress.com\/","name":"AvrupaPress","description":"Haberin Adresi","publisher":{"@id":"https:\/\/avrupapress.com\/#\/schema\/person\/0223dca19c72c43575bf30d1a2d8f4fa"},"potentialAction":[{"@type":"SearchAction","target":{"@type":"EntryPoint","urlTemplate":"https:\/\/avrupapress.com\/?s={search_term_string}"},"query-input":{"@type":"PropertyValueSpecification","valueRequired":true,"valueName":"search_term_string"}}],"inLanguage":"fr-BE"},{"@type":["Person","Organization"],"@id":"https:\/\/avrupapress.com\/#\/schema\/person\/0223dca19c72c43575bf30d1a2d8f4fa","name":"Bilgin \u00d6z\u00e7ift\u00e7i","image":{"@type":"ImageObject","inLanguage":"fr-BE","@id":"https:\/\/avrupapress.com\/#\/schema\/person\/image\/","url":"https:\/\/secure.gravatar.com\/avatar\/0f23b280433a21e1ea7a0adcc46ed0ad16afe3ad8e630fd13d8a017dcbd54ef3?s=96&d=mm&r=g","contentUrl":"https:\/\/secure.gravatar.com\/avatar\/0f23b280433a21e1ea7a0adcc46ed0ad16afe3ad8e630fd13d8a017dcbd54ef3?s=96&d=mm&r=g","caption":"Bilgin \u00d6z\u00e7ift\u00e7i"},"logo":{"@id":"https:\/\/avrupapress.com\/#\/schema\/person\/image\/"},"description":"Ne ben, nede sen... Biz ancak \"biz\" olursak g\u00fc\u00e7l\u00fc olabiliriz"},{"@type":"Person","@id":"https:\/\/avrupapress.com\/#\/schema\/person\/68428444ec60970d1e1b700cf4ca1e8f","name":"Edit\u00f6r","image":{"@type":"ImageObject","inLanguage":"fr-BE","@id":"https:\/\/avrupapress.com\/#\/schema\/person\/image\/","url":"https:\/\/secure.gravatar.com\/avatar\/74996b0977aa5f1559ba9883776652508b229005c0d78fb2597897f0bd651c09?s=96&d=mm&r=g","contentUrl":"https:\/\/secure.gravatar.com\/avatar\/74996b0977aa5f1559ba9883776652508b229005c0d78fb2597897f0bd651c09?s=96&d=mm&r=g","caption":"Edit\u00f6r"},"sameAs":["http:\/\/www.avrupapress.com"],"url":"https:\/\/avrupapress.com\/main\/author\/editor\/"}]}},"_links":{"self":[{"href":"https:\/\/avrupapress.com\/main\/wp-json\/wp\/v2\/posts\/1193","targetHints":{"allow":["GET"]}}],"collection":[{"href":"https:\/\/avrupapress.com\/main\/wp-json\/wp\/v2\/posts"}],"about":[{"href":"https:\/\/avrupapress.com\/main\/wp-json\/wp\/v2\/types\/post"}],"author":[{"embeddable":true,"href":"https:\/\/avrupapress.com\/main\/wp-json\/wp\/v2\/users\/3"}],"replies":[{"embeddable":true,"href":"https:\/\/avrupapress.com\/main\/wp-json\/wp\/v2\/comments?post=1193"}],"version-history":[{"count":1,"href":"https:\/\/avrupapress.com\/main\/wp-json\/wp\/v2\/posts\/1193\/revisions"}],"predecessor-version":[{"id":1195,"href":"https:\/\/avrupapress.com\/main\/wp-json\/wp\/v2\/posts\/1193\/revisions\/1195"}],"wp:featuredmedia":[{"embeddable":true,"href":"https:\/\/avrupapress.com\/main\/wp-json\/wp\/v2\/media\/1194"}],"wp:attachment":[{"href":"https:\/\/avrupapress.com\/main\/wp-json\/wp\/v2\/media?parent=1193"}],"wp:term":[{"taxonomy":"category","embeddable":true,"href":"https:\/\/avrupapress.com\/main\/wp-json\/wp\/v2\/categories?post=1193"},{"taxonomy":"post_tag","embeddable":true,"href":"https:\/\/avrupapress.com\/main\/wp-json\/wp\/v2\/tags?post=1193"}],"curies":[{"name":"wp","href":"https:\/\/api.w.org\/{rel}","templated":true}]}}