{"id":11780,"date":"2020-05-12T22:15:11","date_gmt":"2020-05-12T22:15:11","guid":{"rendered":"http:\/\/avrupapress.com\/main\/?p=11780"},"modified":"2020-05-12T22:16:51","modified_gmt":"2020-05-12T22:16:51","slug":"asya-kokenli-katil-esek-arilari-abdde-gorulmelerinin-ardindan-ispanyaya-da-goruldu","status":"publish","type":"post","link":"https:\/\/avrupapress.com\/main\/2020\/05\/12\/asya-kokenli-katil-esek-arilari-abdde-gorulmelerinin-ardindan-ispanyaya-da-goruldu\/","title":{"rendered":"Asya k\u00f6kenli katil e\u015fek ar\u0131lar\u0131 ABD\u2019de g\u00f6r\u00fclmelerinin ard\u0131ndan  \u0130spanya\u2019ya da g\u00f6r\u00fcld\u00fc"},"content":{"rendered":"\n<p><strong>Yeni tip corona vir\u00fcs (Covid-19) vakalar\u0131n\u0131n say\u0131s\u0131 4 milyon 271 bini a\u015farken, pandemiden en k\u00f6t\u00fc etkilenen \u00fclkeleri bir de katil ar\u0131lar tehdit ediyor. Asya k\u00f6kenli katil e\u015fek ar\u0131lar\u0131 ABD\u2019de g\u00f6r\u00fclmelerinin ard\u0131ndan \u0130spanya\u2019ya da s\u0131\u00e7rad\u0131. Dev ar\u0131lar Avrupa \u00fclkesinde bir ki\u015finin \u00f6l\u00fcm\u00fcne neden oldu.<\/strong><\/p>\n\n\n\n<p>\u0130spanya\u2019n\u0131n kuzey bat\u0131s\u0131ndaki Gali\u00e7ya \u00d6zerk B\u00f6lgesi\u2019ne ba\u011fl\u0131 Villestro kentinde 54 ya\u015f\u0131ndaki bir adam\u0131n Asya k\u00f6kenli e\u015fek ar\u0131s\u0131n\u0131n sokmas\u0131 sonucunda \u00f6ld\u00fc\u011f\u00fc belirtildi.<\/p>\n\n\n\n<figure class=\"wp-block-image\"><img decoding=\"async\" src=\"https:\/\/cdn1.ntv.com.tr\/gorsel\/QiMjoKLAvUG_Gsebsb9-aQ.jpg?width=1000&amp;mode=both&amp;scale=both&amp;v=1589279887416\" alt=\"\"\/><\/figure>\n\n\n\n<h2 class=\"wp-block-heading\">JAPONYA&rsquo;DA HER YIL 50 K\u0130\u015e\u0130Y\u0130 \u00d6LD\u00dcR\u00dcYOR<\/h2>\n\n\n\n<p>Zehirli e\u015fek ar\u0131lar\u0131 ge\u00e7en hafta ilk olarak ABD\u2019nin ba\u015fkenti Washington DC.\u2019de g\u00f6r\u00fclm\u00fc\u015ft\u00fc. Kibrit kutusu b\u00fcy\u00fckl\u00fc\u011f\u00fcndeki Asya k\u00f6kenli ar\u0131lar birka\u00e7 saat i\u00e7inde di\u011fer t\u00fcm ar\u0131 t\u00fcrlerinin ba\u015f\u0131n\u0131 keserek \u00f6ld\u00fcr\u00fclmesiyle \u00fcnl\u00fc ve \u0131s\u0131r\u0131\u011f\u0131 insanlar i\u00e7in olduk\u00e7a \u00f6l\u00fcmc\u00fcl.New York Times\u2019\u0131n aktard\u0131\u011f\u0131na g\u00f6re Japonya\u2019da her y\u0131l 50 ki\u015fi zehirli e\u015fek ar\u0131s\u0131 sokmas\u0131 sonucunda ya\u015fam\u0131n\u0131 yitiriyor.<\/p>\n\n\n\n<figure class=\"wp-block-image\"><img decoding=\"async\" src=\"https:\/\/cdn1.ntv.com.tr\/gorsel\/UxCjId110k64wTixBz8aow.jpg?width=1000&amp;mode=both&amp;scale=both&amp;v=1589279887416\" alt=\"\"\/><\/figure>\n\n\n\n<p>Di\u011fer taraftan, ABD\u2019li uzmanlar, \u00f6nemli b\u00f6cek pop\u00fclasyonlar\u0131nda &nbsp;\u201cgereksiz\u201d hasara yol a\u00e7abilecek ulusal bir panik olu\u015ftu\u011funu s\u00f6yledi.<\/p>\n\n\n\n<figure class=\"wp-block-image\"><img decoding=\"async\" src=\"https:\/\/cdn1.ntv.com.tr\/gorsel\/Qor3n4wYT06pv6R-z4YHUQ.jpg?width=1000&amp;mode=both&amp;scale=both&amp;v=1589279887416\" alt=\"\"\/><\/figure>\n\n\n\n<h2 class=\"wp-block-heading\">\u00ab\u00a0M\u0130LYONLARCA MASUM YERL\u0130 B\u00d6CEK \u00d6LEB\u0130L\u0130R\u00a0\u00bb<\/h2>\n\n\n\n<p>California \u00dcniversitesi&rsquo;nde Entomoloji Profes\u00f6r\u00fc olan Dr. Doug Yanega, \u201cPanik y\u00fcz\u00fcnden milyonlarca masum yerli b\u00f6cek \u00f6lecek. \u00c7in, Kore ve Japonya&rsquo;daki insanlar y\u00fczlerce y\u0131ld\u0131r bu e\u015fek ar\u0131s\u0131 ile yan yana ya\u015fam\u0131\u015flar ve orada bu b\u00f6cekler insan toplumunun \u00e7\u00f6k\u00fc\u015f\u00fcne neden olmam\u0131\u015ft\u0131r. Japonya, \u00c7in ve Kore&rsquo;deki meslekta\u015flar\u0131m, ne kadar hassas oldu\u011fumuza inanamayarak g\u00f6zlerini yuvarl\u0131yorlar\u201d a\u00e7\u0131klamas\u0131n\u0131 yapt\u0131.<\/p>\n\n\n\n<figure class=\"wp-block-image\"><img decoding=\"async\" src=\"https:\/\/cdn1.ntv.com.tr\/gorsel\/QRnZPhnmkU2qNrtRSG3Ejw.jpg?width=1000&amp;mode=both&amp;scale=both&amp;v=1589279887416\" alt=\"\"\/><\/figure>\n\n\n\n<p>ABD\u2019de 2 May\u0131s\u2019ta dev e\u015fek ar\u0131s\u0131n\u0131n ilk kez g\u00f6r\u00fclmesinin ard\u0131ndan Washington Eyaleti Tar\u0131m Bakanl\u0131\u011f\u0131, onlar\u0131n nas\u0131l tuza\u011fa d\u00fc\u015f\u00fcr\u00fclece\u011fine dair talimatlar yay\u0131nlad\u0131.&nbsp;<\/p>\n\n\n\n<figure class=\"wp-block-image\"><img decoding=\"async\" src=\"https:\/\/cdn1.ntv.com.tr\/gorsel\/liHI3TzMrEGwXt6YKL3t_A.jpg?width=1000&amp;mode=both&amp;scale=both&amp;v=1589279887416\" alt=\"\"\/><\/figure>\n\n\n\n<p>K\u0131lavuzda, \u201cABD\u2019nin ba\u015fka hi\u00e7bir yerinde Asya dev e\u015fek ar\u0131s\u0131 olarak bilinen bir t\u00fcr yok. &nbsp;Onlar\u0131 yakalamak yerine yerli b\u00f6cekleri yakalars\u0131n\u0131z ve bu muhtemelern \u00e7evrenize daha \u00e7ok zarar verir. L\u00fctfen, Washington eyaletinin d\u0131\u015f\u0131nda ya\u015f\u0131yorsan\u0131z. Asya dev e\u015fek ar\u0131lar\u0131 i\u00e7in tuzak kurmay\u0131n\u201d uyar\u0131s\u0131 yap\u0131ld\u0131.<\/p>\n\n\n\n<figure class=\"wp-block-image\"><img decoding=\"async\" src=\"https:\/\/cdn1.ntv.com.tr\/gorsel\/Q4F-bgq-y06dRK2TA15Bzg.jpg?width=1000&amp;mode=both&amp;scale=both&amp;v=1589279887416\" alt=\"\"\/><\/figure>\n\n\n\n<p>Uzmanlar dev e\u015fek ar\u0131lar\u0131n\u0131n \u00f6ncelikle di\u011fer ar\u0131 t\u00fcrleri i\u00e7in b\u00fcy\u00fck bir tehlike oldu\u011funu belirtiyor. Asya dev e\u015fek ar\u0131s\u0131 kolonisi birka\u00e7 saat i\u00e7inde yakla\u015f\u0131k 30 bin ar\u0131y\u0131 \u00f6ld\u00fcrebiliyor. Asya Bilim insanlar\u0131 katil ar\u0131 krali\u00e7esinin ABD&rsquo;ye yerle\u015fmeden \u00f6nce pop\u00fclasyonlar\u0131n\u0131 yok etmek umuduyla, g\u00f6r\u00fclen t\u00fcm Asya e\u015fek ar\u0131lar\u0131n\u0131n avlanmas\u0131 gerekti\u011fini s\u00f6yl\u00fcyor.<\/p>\n\n\n\n<figure class=\"wp-block-image\"><img decoding=\"async\" src=\"https:\/\/cdn1.ntv.com.tr\/gorsel\/Rv0a1KzgkEqKnSg2I5VTbw.jpg?width=1000&amp;mode=both&amp;scale=both&amp;v=1589279887416\" alt=\"\"\/><\/figure>\n\n\n\n<h2 class=\"wp-block-heading\">EKOS\u0130STEME TAHR\u0130BATI B\u00dcY\u00dcK OLAB\u0130L\u0130R<\/h2>\n\n\n\n<p>ABD Jeoloji Ara\u015ft\u0131rmalar\u0131 Enstit\u00fcs\u00fc\u2019ne g\u00f6re yerli ar\u0131lara duyulan endi\u015fe onlar\u0131n genel ekosistemdeki rollerinden kaynaklan\u0131yor. Ar\u0131lar, ABD&rsquo;de yeti\u015ftirilen meyve, f\u0131nd\u0131k ve sebzelerin yakla\u015f\u0131k y\u00fczde 75&rsquo;inin \u00e7o\u011falmas\u0131ndan sorumlu.<\/p>\n\n\n\n<figure class=\"wp-block-image\"><img decoding=\"async\" src=\"https:\/\/cdn1.ntv.com.tr\/gorsel\/QF69kgKJFUqTaTW3eg715Q.jpg?width=1000&amp;mode=both&amp;scale=both&amp;v=1589279887416\" alt=\"\"\/><\/figure>\n\n\n\n<p>Kuzeybat\u0131 Amerika Birle\u015fik Devletleri&rsquo;ne \u00f6zg\u00fc baz\u0131 b\u00f6cekler, istilac\u0131 e\u015fek ar\u0131s\u0131yla kar\u0131\u015ft\u0131r\u0131labiliyor, ancak bilimsel ad\u0131 \u201cVespa mandarinia\u201d olan Asya dev e\u015fek ar\u0131s\u0131 b\u00fcy\u00fck turuncu veya sar\u0131 kafa, siyah-sar\u0131 \u00e7izgili kar\u0131n ve 7 santimetreyi bulan kanat a\u00e7\u0131kl\u0131klar\u0131 nedeniyle olduk\u00e7a ay\u0131rt edici \u00f6zelliklere sahip.<\/p>\n\n\n\n<p><strong>Bilgin Ozcifci \/ AVRUPAPRESS<\/strong><\/p>\n\n\n\n<p><\/p>\n","protected":false},"excerpt":{"rendered":"<p>Yeni tip corona vir\u00fcs (Covid-19) vakalar\u0131n\u0131n say\u0131s\u0131 4 milyon 271 bini a\u015farken, pandemiden en k\u00f6t\u00fc etkilenen \u00fclkeleri bir de katil ar\u0131lar tehdit ediyor. Asya k\u00f6kenli katil e\u015fek ar\u0131lar\u0131 ABD\u2019de g\u00f6r\u00fclmelerinin ard\u0131ndan \u0130spanya\u2019ya da s\u0131\u00e7rad\u0131. Dev ar\u0131lar Avrupa \u00fclkesinde bir ki\u015finin \u00f6l\u00fcm\u00fcne neden oldu. \u0130spanya\u2019n\u0131n kuzey bat\u0131s\u0131ndaki Gali\u00e7ya \u00d6zerk B\u00f6lgesi\u2019ne ba\u011fl\u0131 Villestro kentinde 54 ya\u015f\u0131ndaki bir [&hellip;]<\/p>\n","protected":false},"author":3,"featured_media":11781,"comment_status":"closed","ping_status":"open","sticky":false,"template":"","format":"standard","meta":{"footnotes":""},"categories":[14,16,3,17,19,2,1],"tags":[],"class_list":["post-11780","post","type-post","status-publish","format-standard","has-post-thumbnail","hentry","category-avrupa","category-belcika","category-dunya","category-ekonomi","category-tanitim","category-turkiye","category-uncategorized"],"yoast_head":"<!-- This site is optimized with the Yoast SEO plugin v26.9 - https:\/\/yoast.com\/product\/yoast-seo-wordpress\/ -->\n<title>Asya k\u00f6kenli katil e\u015fek ar\u0131lar\u0131 ABD\u2019de g\u00f6r\u00fclmelerinin ard\u0131ndan \u0130spanya\u2019ya da g\u00f6r\u00fcld\u00fc - AvrupaPress<\/title>\n<meta name=\"robots\" content=\"index, follow, max-snippet:-1, max-image-preview:large, max-video-preview:-1\" \/>\n<link rel=\"canonical\" href=\"https:\/\/avrupapress.com\/2020\/05\/12\/asya-kokenli-katil-esek-arilari-abdde-gorulmelerinin-ardindan-ispanyaya-da-goruldu\/\" \/>\n<meta property=\"og:locale\" content=\"fr_FR\" \/>\n<meta property=\"og:type\" content=\"article\" \/>\n<meta property=\"og:title\" content=\"Asya k\u00f6kenli katil e\u015fek ar\u0131lar\u0131 ABD\u2019de g\u00f6r\u00fclmelerinin ard\u0131ndan \u0130spanya\u2019ya da g\u00f6r\u00fcld\u00fc - AvrupaPress\" \/>\n<meta property=\"og:description\" content=\"Yeni tip corona vir\u00fcs (Covid-19) vakalar\u0131n\u0131n say\u0131s\u0131 4 milyon 271 bini a\u015farken, pandemiden en k\u00f6t\u00fc etkilenen \u00fclkeleri bir de katil ar\u0131lar tehdit ediyor. Asya k\u00f6kenli katil e\u015fek ar\u0131lar\u0131 ABD\u2019de g\u00f6r\u00fclmelerinin ard\u0131ndan \u0130spanya\u2019ya da s\u0131\u00e7rad\u0131. Dev ar\u0131lar Avrupa \u00fclkesinde bir ki\u015finin \u00f6l\u00fcm\u00fcne neden oldu. \u0130spanya\u2019n\u0131n kuzey bat\u0131s\u0131ndaki Gali\u00e7ya \u00d6zerk B\u00f6lgesi\u2019ne ba\u011fl\u0131 Villestro kentinde 54 ya\u015f\u0131ndaki bir [&hellip;]\" \/>\n<meta property=\"og:url\" content=\"https:\/\/avrupapress.com\/2020\/05\/12\/asya-kokenli-katil-esek-arilari-abdde-gorulmelerinin-ardindan-ispanyaya-da-goruldu\/\" \/>\n<meta property=\"og:site_name\" content=\"AvrupaPress\" \/>\n<meta property=\"article:published_time\" content=\"2020-05-12T22:15:11+00:00\" \/>\n<meta property=\"article:modified_time\" content=\"2020-05-12T22:16:51+00:00\" \/>\n<meta property=\"og:image\" content=\"https:\/\/avrupapress.com\/wp-content\/uploads\/2020\/05\/QRnZPhnmkU2qNrtRSG3Ejw.jpg\" \/>\n\t<meta property=\"og:image:width\" content=\"767\" \/>\n\t<meta property=\"og:image:height\" content=\"575\" \/>\n\t<meta property=\"og:image:type\" content=\"image\/jpeg\" \/>\n<meta name=\"author\" content=\"Edit\u00f6r\" \/>\n<meta name=\"twitter:card\" content=\"summary_large_image\" \/>\n<meta name=\"twitter:label1\" content=\"\u00c9crit par\" \/>\n\t<meta name=\"twitter:data1\" content=\"Edit\u00f6r\" \/>\n\t<meta name=\"twitter:label2\" content=\"Dur\u00e9e de lecture est.\" \/>\n\t<meta name=\"twitter:data2\" content=\"3 minutes\" \/>\n<script type=\"application\/ld+json\" class=\"yoast-schema-graph\">{\"@context\":\"https:\/\/schema.org\",\"@graph\":[{\"@type\":\"Article\",\"@id\":\"https:\/\/avrupapress.com\/2020\/05\/12\/asya-kokenli-katil-esek-arilari-abdde-gorulmelerinin-ardindan-ispanyaya-da-goruldu\/#article\",\"isPartOf\":{\"@id\":\"https:\/\/avrupapress.com\/2020\/05\/12\/asya-kokenli-katil-esek-arilari-abdde-gorulmelerinin-ardindan-ispanyaya-da-goruldu\/\"},\"author\":{\"name\":\"Edit\u00f6r\",\"@id\":\"https:\/\/avrupapress.com\/#\/schema\/person\/68428444ec60970d1e1b700cf4ca1e8f\"},\"headline\":\"Asya k\u00f6kenli katil e\u015fek ar\u0131lar\u0131 ABD\u2019de g\u00f6r\u00fclmelerinin ard\u0131ndan \u0130spanya\u2019ya da g\u00f6r\u00fcld\u00fc\",\"datePublished\":\"2020-05-12T22:15:11+00:00\",\"dateModified\":\"2020-05-12T22:16:51+00:00\",\"mainEntityOfPage\":{\"@id\":\"https:\/\/avrupapress.com\/2020\/05\/12\/asya-kokenli-katil-esek-arilari-abdde-gorulmelerinin-ardindan-ispanyaya-da-goruldu\/\"},\"wordCount\":613,\"publisher\":{\"@id\":\"https:\/\/avrupapress.com\/#\/schema\/person\/0223dca19c72c43575bf30d1a2d8f4fa\"},\"image\":{\"@id\":\"https:\/\/avrupapress.com\/2020\/05\/12\/asya-kokenli-katil-esek-arilari-abdde-gorulmelerinin-ardindan-ispanyaya-da-goruldu\/#primaryimage\"},\"thumbnailUrl\":\"https:\/\/avrupapress.com\/main\/wp-content\/uploads\/2020\/05\/QRnZPhnmkU2qNrtRSG3Ejw.jpg\",\"articleSection\":[\"Avrupa\",\"Bel\u00e7ika\",\"D\u00fcnya\",\"Ekonomi\",\"Tan\u0131t\u0131m\",\"T\u00fcrkiye\",\"Uncategorized\"],\"inLanguage\":\"fr-BE\"},{\"@type\":\"WebPage\",\"@id\":\"https:\/\/avrupapress.com\/2020\/05\/12\/asya-kokenli-katil-esek-arilari-abdde-gorulmelerinin-ardindan-ispanyaya-da-goruldu\/\",\"url\":\"https:\/\/avrupapress.com\/2020\/05\/12\/asya-kokenli-katil-esek-arilari-abdde-gorulmelerinin-ardindan-ispanyaya-da-goruldu\/\",\"name\":\"Asya k\u00f6kenli katil e\u015fek ar\u0131lar\u0131 ABD\u2019de g\u00f6r\u00fclmelerinin ard\u0131ndan \u0130spanya\u2019ya da g\u00f6r\u00fcld\u00fc - AvrupaPress\",\"isPartOf\":{\"@id\":\"https:\/\/avrupapress.com\/#website\"},\"primaryImageOfPage\":{\"@id\":\"https:\/\/avrupapress.com\/2020\/05\/12\/asya-kokenli-katil-esek-arilari-abdde-gorulmelerinin-ardindan-ispanyaya-da-goruldu\/#primaryimage\"},\"image\":{\"@id\":\"https:\/\/avrupapress.com\/2020\/05\/12\/asya-kokenli-katil-esek-arilari-abdde-gorulmelerinin-ardindan-ispanyaya-da-goruldu\/#primaryimage\"},\"thumbnailUrl\":\"https:\/\/avrupapress.com\/main\/wp-content\/uploads\/2020\/05\/QRnZPhnmkU2qNrtRSG3Ejw.jpg\",\"datePublished\":\"2020-05-12T22:15:11+00:00\",\"dateModified\":\"2020-05-12T22:16:51+00:00\",\"breadcrumb\":{\"@id\":\"https:\/\/avrupapress.com\/2020\/05\/12\/asya-kokenli-katil-esek-arilari-abdde-gorulmelerinin-ardindan-ispanyaya-da-goruldu\/#breadcrumb\"},\"inLanguage\":\"fr-BE\",\"potentialAction\":[{\"@type\":\"ReadAction\",\"target\":[\"https:\/\/avrupapress.com\/2020\/05\/12\/asya-kokenli-katil-esek-arilari-abdde-gorulmelerinin-ardindan-ispanyaya-da-goruldu\/\"]}]},{\"@type\":\"ImageObject\",\"inLanguage\":\"fr-BE\",\"@id\":\"https:\/\/avrupapress.com\/2020\/05\/12\/asya-kokenli-katil-esek-arilari-abdde-gorulmelerinin-ardindan-ispanyaya-da-goruldu\/#primaryimage\",\"url\":\"https:\/\/avrupapress.com\/main\/wp-content\/uploads\/2020\/05\/QRnZPhnmkU2qNrtRSG3Ejw.jpg\",\"contentUrl\":\"https:\/\/avrupapress.com\/main\/wp-content\/uploads\/2020\/05\/QRnZPhnmkU2qNrtRSG3Ejw.jpg\",\"width\":767,\"height\":575},{\"@type\":\"BreadcrumbList\",\"@id\":\"https:\/\/avrupapress.com\/2020\/05\/12\/asya-kokenli-katil-esek-arilari-abdde-gorulmelerinin-ardindan-ispanyaya-da-goruldu\/#breadcrumb\",\"itemListElement\":[{\"@type\":\"ListItem\",\"position\":1,\"name\":\"Anasayfa\",\"item\":\"https:\/\/avrupapress.com\/\"},{\"@type\":\"ListItem\",\"position\":2,\"name\":\"Asya k\u00f6kenli katil e\u015fek ar\u0131lar\u0131 ABD\u2019de g\u00f6r\u00fclmelerinin ard\u0131ndan \u0130spanya\u2019ya da g\u00f6r\u00fcld\u00fc\"}]},{\"@type\":\"WebSite\",\"@id\":\"https:\/\/avrupapress.com\/#website\",\"url\":\"https:\/\/avrupapress.com\/\",\"name\":\"AvrupaPress\",\"description\":\"Haberin Adresi\",\"publisher\":{\"@id\":\"https:\/\/avrupapress.com\/#\/schema\/person\/0223dca19c72c43575bf30d1a2d8f4fa\"},\"potentialAction\":[{\"@type\":\"SearchAction\",\"target\":{\"@type\":\"EntryPoint\",\"urlTemplate\":\"https:\/\/avrupapress.com\/?s={search_term_string}\"},\"query-input\":{\"@type\":\"PropertyValueSpecification\",\"valueRequired\":true,\"valueName\":\"search_term_string\"}}],\"inLanguage\":\"fr-BE\"},{\"@type\":[\"Person\",\"Organization\"],\"@id\":\"https:\/\/avrupapress.com\/#\/schema\/person\/0223dca19c72c43575bf30d1a2d8f4fa\",\"name\":\"Bilgin \u00d6z\u00e7ift\u00e7i\",\"image\":{\"@type\":\"ImageObject\",\"inLanguage\":\"fr-BE\",\"@id\":\"https:\/\/avrupapress.com\/#\/schema\/person\/image\/\",\"url\":\"https:\/\/secure.gravatar.com\/avatar\/0f23b280433a21e1ea7a0adcc46ed0ad16afe3ad8e630fd13d8a017dcbd54ef3?s=96&d=mm&r=g\",\"contentUrl\":\"https:\/\/secure.gravatar.com\/avatar\/0f23b280433a21e1ea7a0adcc46ed0ad16afe3ad8e630fd13d8a017dcbd54ef3?s=96&d=mm&r=g\",\"caption\":\"Bilgin \u00d6z\u00e7ift\u00e7i\"},\"logo\":{\"@id\":\"https:\/\/avrupapress.com\/#\/schema\/person\/image\/\"},\"description\":\"Ne ben, nede sen... Biz ancak \\\"biz\\\" olursak g\u00fc\u00e7l\u00fc olabiliriz\"},{\"@type\":\"Person\",\"@id\":\"https:\/\/avrupapress.com\/#\/schema\/person\/68428444ec60970d1e1b700cf4ca1e8f\",\"name\":\"Edit\u00f6r\",\"image\":{\"@type\":\"ImageObject\",\"inLanguage\":\"fr-BE\",\"@id\":\"https:\/\/avrupapress.com\/#\/schema\/person\/image\/\",\"url\":\"https:\/\/secure.gravatar.com\/avatar\/74996b0977aa5f1559ba9883776652508b229005c0d78fb2597897f0bd651c09?s=96&d=mm&r=g\",\"contentUrl\":\"https:\/\/secure.gravatar.com\/avatar\/74996b0977aa5f1559ba9883776652508b229005c0d78fb2597897f0bd651c09?s=96&d=mm&r=g\",\"caption\":\"Edit\u00f6r\"},\"sameAs\":[\"http:\/\/www.avrupapress.com\"],\"url\":\"https:\/\/avrupapress.com\/main\/author\/editor\/\"}]}<\/script>\n<!-- \/ Yoast SEO plugin. -->","yoast_head_json":{"title":"Asya k\u00f6kenli katil e\u015fek ar\u0131lar\u0131 ABD\u2019de g\u00f6r\u00fclmelerinin ard\u0131ndan \u0130spanya\u2019ya da g\u00f6r\u00fcld\u00fc - AvrupaPress","robots":{"index":"index","follow":"follow","max-snippet":"max-snippet:-1","max-image-preview":"max-image-preview:large","max-video-preview":"max-video-preview:-1"},"canonical":"https:\/\/avrupapress.com\/2020\/05\/12\/asya-kokenli-katil-esek-arilari-abdde-gorulmelerinin-ardindan-ispanyaya-da-goruldu\/","og_locale":"fr_FR","og_type":"article","og_title":"Asya k\u00f6kenli katil e\u015fek ar\u0131lar\u0131 ABD\u2019de g\u00f6r\u00fclmelerinin ard\u0131ndan \u0130spanya\u2019ya da g\u00f6r\u00fcld\u00fc - AvrupaPress","og_description":"Yeni tip corona vir\u00fcs (Covid-19) vakalar\u0131n\u0131n say\u0131s\u0131 4 milyon 271 bini a\u015farken, pandemiden en k\u00f6t\u00fc etkilenen \u00fclkeleri bir de katil ar\u0131lar tehdit ediyor. Asya k\u00f6kenli katil e\u015fek ar\u0131lar\u0131 ABD\u2019de g\u00f6r\u00fclmelerinin ard\u0131ndan \u0130spanya\u2019ya da s\u0131\u00e7rad\u0131. Dev ar\u0131lar Avrupa \u00fclkesinde bir ki\u015finin \u00f6l\u00fcm\u00fcne neden oldu. \u0130spanya\u2019n\u0131n kuzey bat\u0131s\u0131ndaki Gali\u00e7ya \u00d6zerk B\u00f6lgesi\u2019ne ba\u011fl\u0131 Villestro kentinde 54 ya\u015f\u0131ndaki bir [&hellip;]","og_url":"https:\/\/avrupapress.com\/2020\/05\/12\/asya-kokenli-katil-esek-arilari-abdde-gorulmelerinin-ardindan-ispanyaya-da-goruldu\/","og_site_name":"AvrupaPress","article_published_time":"2020-05-12T22:15:11+00:00","article_modified_time":"2020-05-12T22:16:51+00:00","og_image":[{"width":767,"height":575,"url":"https:\/\/avrupapress.com\/wp-content\/uploads\/2020\/05\/QRnZPhnmkU2qNrtRSG3Ejw.jpg","type":"image\/jpeg"}],"author":"Edit\u00f6r","twitter_card":"summary_large_image","twitter_misc":{"\u00c9crit par":"Edit\u00f6r","Dur\u00e9e de lecture est.":"3 minutes"},"schema":{"@context":"https:\/\/schema.org","@graph":[{"@type":"Article","@id":"https:\/\/avrupapress.com\/2020\/05\/12\/asya-kokenli-katil-esek-arilari-abdde-gorulmelerinin-ardindan-ispanyaya-da-goruldu\/#article","isPartOf":{"@id":"https:\/\/avrupapress.com\/2020\/05\/12\/asya-kokenli-katil-esek-arilari-abdde-gorulmelerinin-ardindan-ispanyaya-da-goruldu\/"},"author":{"name":"Edit\u00f6r","@id":"https:\/\/avrupapress.com\/#\/schema\/person\/68428444ec60970d1e1b700cf4ca1e8f"},"headline":"Asya k\u00f6kenli katil e\u015fek ar\u0131lar\u0131 ABD\u2019de g\u00f6r\u00fclmelerinin ard\u0131ndan \u0130spanya\u2019ya da g\u00f6r\u00fcld\u00fc","datePublished":"2020-05-12T22:15:11+00:00","dateModified":"2020-05-12T22:16:51+00:00","mainEntityOfPage":{"@id":"https:\/\/avrupapress.com\/2020\/05\/12\/asya-kokenli-katil-esek-arilari-abdde-gorulmelerinin-ardindan-ispanyaya-da-goruldu\/"},"wordCount":613,"publisher":{"@id":"https:\/\/avrupapress.com\/#\/schema\/person\/0223dca19c72c43575bf30d1a2d8f4fa"},"image":{"@id":"https:\/\/avrupapress.com\/2020\/05\/12\/asya-kokenli-katil-esek-arilari-abdde-gorulmelerinin-ardindan-ispanyaya-da-goruldu\/#primaryimage"},"thumbnailUrl":"https:\/\/avrupapress.com\/main\/wp-content\/uploads\/2020\/05\/QRnZPhnmkU2qNrtRSG3Ejw.jpg","articleSection":["Avrupa","Bel\u00e7ika","D\u00fcnya","Ekonomi","Tan\u0131t\u0131m","T\u00fcrkiye","Uncategorized"],"inLanguage":"fr-BE"},{"@type":"WebPage","@id":"https:\/\/avrupapress.com\/2020\/05\/12\/asya-kokenli-katil-esek-arilari-abdde-gorulmelerinin-ardindan-ispanyaya-da-goruldu\/","url":"https:\/\/avrupapress.com\/2020\/05\/12\/asya-kokenli-katil-esek-arilari-abdde-gorulmelerinin-ardindan-ispanyaya-da-goruldu\/","name":"Asya k\u00f6kenli katil e\u015fek ar\u0131lar\u0131 ABD\u2019de g\u00f6r\u00fclmelerinin ard\u0131ndan \u0130spanya\u2019ya da g\u00f6r\u00fcld\u00fc - AvrupaPress","isPartOf":{"@id":"https:\/\/avrupapress.com\/#website"},"primaryImageOfPage":{"@id":"https:\/\/avrupapress.com\/2020\/05\/12\/asya-kokenli-katil-esek-arilari-abdde-gorulmelerinin-ardindan-ispanyaya-da-goruldu\/#primaryimage"},"image":{"@id":"https:\/\/avrupapress.com\/2020\/05\/12\/asya-kokenli-katil-esek-arilari-abdde-gorulmelerinin-ardindan-ispanyaya-da-goruldu\/#primaryimage"},"thumbnailUrl":"https:\/\/avrupapress.com\/main\/wp-content\/uploads\/2020\/05\/QRnZPhnmkU2qNrtRSG3Ejw.jpg","datePublished":"2020-05-12T22:15:11+00:00","dateModified":"2020-05-12T22:16:51+00:00","breadcrumb":{"@id":"https:\/\/avrupapress.com\/2020\/05\/12\/asya-kokenli-katil-esek-arilari-abdde-gorulmelerinin-ardindan-ispanyaya-da-goruldu\/#breadcrumb"},"inLanguage":"fr-BE","potentialAction":[{"@type":"ReadAction","target":["https:\/\/avrupapress.com\/2020\/05\/12\/asya-kokenli-katil-esek-arilari-abdde-gorulmelerinin-ardindan-ispanyaya-da-goruldu\/"]}]},{"@type":"ImageObject","inLanguage":"fr-BE","@id":"https:\/\/avrupapress.com\/2020\/05\/12\/asya-kokenli-katil-esek-arilari-abdde-gorulmelerinin-ardindan-ispanyaya-da-goruldu\/#primaryimage","url":"https:\/\/avrupapress.com\/main\/wp-content\/uploads\/2020\/05\/QRnZPhnmkU2qNrtRSG3Ejw.jpg","contentUrl":"https:\/\/avrupapress.com\/main\/wp-content\/uploads\/2020\/05\/QRnZPhnmkU2qNrtRSG3Ejw.jpg","width":767,"height":575},{"@type":"BreadcrumbList","@id":"https:\/\/avrupapress.com\/2020\/05\/12\/asya-kokenli-katil-esek-arilari-abdde-gorulmelerinin-ardindan-ispanyaya-da-goruldu\/#breadcrumb","itemListElement":[{"@type":"ListItem","position":1,"name":"Anasayfa","item":"https:\/\/avrupapress.com\/"},{"@type":"ListItem","position":2,"name":"Asya k\u00f6kenli katil e\u015fek ar\u0131lar\u0131 ABD\u2019de g\u00f6r\u00fclmelerinin ard\u0131ndan \u0130spanya\u2019ya da g\u00f6r\u00fcld\u00fc"}]},{"@type":"WebSite","@id":"https:\/\/avrupapress.com\/#website","url":"https:\/\/avrupapress.com\/","name":"AvrupaPress","description":"Haberin Adresi","publisher":{"@id":"https:\/\/avrupapress.com\/#\/schema\/person\/0223dca19c72c43575bf30d1a2d8f4fa"},"potentialAction":[{"@type":"SearchAction","target":{"@type":"EntryPoint","urlTemplate":"https:\/\/avrupapress.com\/?s={search_term_string}"},"query-input":{"@type":"PropertyValueSpecification","valueRequired":true,"valueName":"search_term_string"}}],"inLanguage":"fr-BE"},{"@type":["Person","Organization"],"@id":"https:\/\/avrupapress.com\/#\/schema\/person\/0223dca19c72c43575bf30d1a2d8f4fa","name":"Bilgin \u00d6z\u00e7ift\u00e7i","image":{"@type":"ImageObject","inLanguage":"fr-BE","@id":"https:\/\/avrupapress.com\/#\/schema\/person\/image\/","url":"https:\/\/secure.gravatar.com\/avatar\/0f23b280433a21e1ea7a0adcc46ed0ad16afe3ad8e630fd13d8a017dcbd54ef3?s=96&d=mm&r=g","contentUrl":"https:\/\/secure.gravatar.com\/avatar\/0f23b280433a21e1ea7a0adcc46ed0ad16afe3ad8e630fd13d8a017dcbd54ef3?s=96&d=mm&r=g","caption":"Bilgin \u00d6z\u00e7ift\u00e7i"},"logo":{"@id":"https:\/\/avrupapress.com\/#\/schema\/person\/image\/"},"description":"Ne ben, nede sen... Biz ancak \"biz\" olursak g\u00fc\u00e7l\u00fc olabiliriz"},{"@type":"Person","@id":"https:\/\/avrupapress.com\/#\/schema\/person\/68428444ec60970d1e1b700cf4ca1e8f","name":"Edit\u00f6r","image":{"@type":"ImageObject","inLanguage":"fr-BE","@id":"https:\/\/avrupapress.com\/#\/schema\/person\/image\/","url":"https:\/\/secure.gravatar.com\/avatar\/74996b0977aa5f1559ba9883776652508b229005c0d78fb2597897f0bd651c09?s=96&d=mm&r=g","contentUrl":"https:\/\/secure.gravatar.com\/avatar\/74996b0977aa5f1559ba9883776652508b229005c0d78fb2597897f0bd651c09?s=96&d=mm&r=g","caption":"Edit\u00f6r"},"sameAs":["http:\/\/www.avrupapress.com"],"url":"https:\/\/avrupapress.com\/main\/author\/editor\/"}]}},"_links":{"self":[{"href":"https:\/\/avrupapress.com\/main\/wp-json\/wp\/v2\/posts\/11780","targetHints":{"allow":["GET"]}}],"collection":[{"href":"https:\/\/avrupapress.com\/main\/wp-json\/wp\/v2\/posts"}],"about":[{"href":"https:\/\/avrupapress.com\/main\/wp-json\/wp\/v2\/types\/post"}],"author":[{"embeddable":true,"href":"https:\/\/avrupapress.com\/main\/wp-json\/wp\/v2\/users\/3"}],"replies":[{"embeddable":true,"href":"https:\/\/avrupapress.com\/main\/wp-json\/wp\/v2\/comments?post=11780"}],"version-history":[{"count":2,"href":"https:\/\/avrupapress.com\/main\/wp-json\/wp\/v2\/posts\/11780\/revisions"}],"predecessor-version":[{"id":11783,"href":"https:\/\/avrupapress.com\/main\/wp-json\/wp\/v2\/posts\/11780\/revisions\/11783"}],"wp:featuredmedia":[{"embeddable":true,"href":"https:\/\/avrupapress.com\/main\/wp-json\/wp\/v2\/media\/11781"}],"wp:attachment":[{"href":"https:\/\/avrupapress.com\/main\/wp-json\/wp\/v2\/media?parent=11780"}],"wp:term":[{"taxonomy":"category","embeddable":true,"href":"https:\/\/avrupapress.com\/main\/wp-json\/wp\/v2\/categories?post=11780"},{"taxonomy":"post_tag","embeddable":true,"href":"https:\/\/avrupapress.com\/main\/wp-json\/wp\/v2\/tags?post=11780"}],"curies":[{"name":"wp","href":"https:\/\/api.w.org\/{rel}","templated":true}]}}