{"id":11777,"date":"2020-05-12T08:57:22","date_gmt":"2020-05-12T08:57:22","guid":{"rendered":"http:\/\/avrupapress.com\/main\/?p=11777"},"modified":"2020-05-12T08:57:23","modified_gmt":"2020-05-12T08:57:23","slug":"bilim-insanlari-super-dunya-kesfetti-milyonda-bir-ihtimal-gercek-oldu","status":"publish","type":"post","link":"https:\/\/avrupapress.com\/main\/2020\/05\/12\/bilim-insanlari-super-dunya-kesfetti-milyonda-bir-ihtimal-gercek-oldu\/","title":{"rendered":"Bilim insanlar\u0131 &lsquo;S\u00fcper D\u00fcnya&rsquo; ke\u015ffetti (Milyonda bir ihtimal ger\u00e7ek oldu)"},"content":{"rendered":"\n<p><strong>Yeni Zelandal\u0131 g\u00f6k bilimciler \u00ab\u00a0milyonda bir\u00a0\u00bb rastlanan bir gezegen ke\u015ffetti.\u00a0\u00ab\u00a0S\u00fcper D\u00fcnya\u00a0\u00bb olarak nitelendirilen gezegen \u00e7ekimsel mikro mercekleme tekni\u011fiyle ke\u015ffedildi.<\/strong><\/p>\n\n\n\n<p>Canterbury \u00dcniversitesi&rsquo;nde g\u00f6revli bilim insanlar\u0131, \u00ab\u00a0S\u00fcper D\u00fcnya\u00a0\u00bb olarak nitelendirilen gezegeni, \u00e7ekimsel mikro mercekleme tekni\u011fiyle ke\u015ffetti. \u00c7al\u0131\u015fman\u0131n ayr\u0131nt\u0131lar\u0131 \u00ab\u00a0The Astronomical Journal\u00a0\u00bb dergisinde yay\u0131mland\u0131.&nbsp;<\/p>\n\n\n\n<p>D\u00fcnya&rsquo;dan b\u00fcy\u00fck,&nbsp;Nept\u00fcn&rsquo;den k\u00fc\u00e7\u00fck k\u00fctleye sahip OGLE-2018-BLG-0677 adl\u0131 gezegenin y\u0131ld\u0131z\u0131na, Ven\u00fcs&rsquo;\u00fcn G\u00fcne\u015f&rsquo;e mesafesinden uzak, D\u00fcnya&rsquo;n\u0131nkinden yak\u0131n oldu\u011fu ifade edildi.<\/p>\n\n\n\n<p>OGLE-2018-BLG-0677&rsquo;nin y\u0131ld\u0131z\u0131n\u0131n k\u00fctlesinin&nbsp;G\u00fcne\u015f&rsquo;ten daha k\u00fc\u00e7\u00fck oldu\u011fu, gezegende bir y\u0131l\u0131n 617 g\u00fcn s\u00fcrd\u00fc\u011f\u00fc belirtildi.<\/p>\n\n\n\n<p>\u0130lk kez 2018 y\u0131l\u0131nda \u015eili&rsquo;deki bir teleskopla g\u00f6zlemlenen gezegenin, sonras\u0131nda yine \u015eili, Avustralya ve G\u00fcney Afrika&rsquo;da her 15 dakikada bir 100 milyon y\u0131ld\u0131zdan gelen \u0131\u015f\u0131\u011f\u0131 \u00f6l\u00e7\u00fcmleme kapasitesine sahip \u00fc\u00e7 \u00f6zde\u015f teleskopla belirlendi\u011fi kaydedildi.<\/p>\n\n\n\n<p>Ara\u015ft\u0131rma ekibinin lideri Dr. Herrera Martin, y\u00f6r\u00fcngesi ve b\u00fcy\u00fckl\u00fc\u011f\u00fcn\u00fcn D\u00fcnya&rsquo;ya benzemesi nedeniyle gezegeni, olduk\u00e7a nadir bir ke\u015fif olarak nitelendirdi.<\/p>\n\n\n\n<p><strong>Bilgin Ozcifci \/ AVRUPAPRESS<\/strong><\/p>\n\n\n\n<figure class=\"wp-block-image size-large\"><img loading=\"lazy\" decoding=\"async\" width=\"710\" height=\"533\" src=\"http:\/\/avrupapress.com\/main\/wp-content\/uploads\/2020\/05\/hdojWHL2WEOIOlMx1VuYgg.jpg\" alt=\"\" class=\"wp-image-11778\" srcset=\"https:\/\/avrupapress.com\/main\/wp-content\/uploads\/2020\/05\/hdojWHL2WEOIOlMx1VuYgg.jpg 710w, https:\/\/avrupapress.com\/main\/wp-content\/uploads\/2020\/05\/hdojWHL2WEOIOlMx1VuYgg-300x225.jpg 300w\" sizes=\"auto, (max-width: 710px) 100vw, 710px\" \/><\/figure>\n\n\n\n<p><\/p>\n","protected":false},"excerpt":{"rendered":"<p>Yeni Zelandal\u0131 g\u00f6k bilimciler \u00ab\u00a0milyonda bir\u00a0\u00bb rastlanan bir gezegen ke\u015ffetti.\u00a0\u00ab\u00a0S\u00fcper D\u00fcnya\u00a0\u00bb olarak nitelendirilen gezegen \u00e7ekimsel mikro mercekleme tekni\u011fiyle ke\u015ffedildi. Canterbury \u00dcniversitesi&rsquo;nde g\u00f6revli bilim insanlar\u0131, \u00ab\u00a0S\u00fcper D\u00fcnya\u00a0\u00bb olarak nitelendirilen gezegeni, \u00e7ekimsel mikro mercekleme tekni\u011fiyle ke\u015ffetti. \u00c7al\u0131\u015fman\u0131n ayr\u0131nt\u0131lar\u0131 \u00ab\u00a0The Astronomical Journal\u00a0\u00bb dergisinde yay\u0131mland\u0131.&nbsp; D\u00fcnya&rsquo;dan b\u00fcy\u00fck,&nbsp;Nept\u00fcn&rsquo;den k\u00fc\u00e7\u00fck k\u00fctleye sahip OGLE-2018-BLG-0677 adl\u0131 gezegenin y\u0131ld\u0131z\u0131na, Ven\u00fcs&rsquo;\u00fcn G\u00fcne\u015f&rsquo;e mesafesinden uzak, D\u00fcnya&rsquo;n\u0131nkinden [&hellip;]<\/p>\n","protected":false},"author":3,"featured_media":11778,"comment_status":"closed","ping_status":"open","sticky":false,"template":"","format":"standard","meta":{"footnotes":""},"categories":[14,16,3,2],"tags":[],"class_list":["post-11777","post","type-post","status-publish","format-standard","has-post-thumbnail","hentry","category-avrupa","category-belcika","category-dunya","category-turkiye"],"yoast_head":"<!-- This site is optimized with the Yoast SEO plugin v26.9 - https:\/\/yoast.com\/product\/yoast-seo-wordpress\/ -->\n<title>Bilim insanlar\u0131 &#039;S\u00fcper D\u00fcnya&#039; ke\u015ffetti (Milyonda bir ihtimal ger\u00e7ek oldu) - AvrupaPress<\/title>\n<meta name=\"robots\" content=\"index, follow, max-snippet:-1, max-image-preview:large, max-video-preview:-1\" \/>\n<link rel=\"canonical\" href=\"https:\/\/avrupapress.com\/2020\/05\/12\/bilim-insanlari-super-dunya-kesfetti-milyonda-bir-ihtimal-gercek-oldu\/\" \/>\n<meta property=\"og:locale\" content=\"fr_FR\" \/>\n<meta property=\"og:type\" content=\"article\" \/>\n<meta property=\"og:title\" content=\"Bilim insanlar\u0131 &#039;S\u00fcper D\u00fcnya&#039; ke\u015ffetti (Milyonda bir ihtimal ger\u00e7ek oldu) - AvrupaPress\" \/>\n<meta property=\"og:description\" content=\"Yeni Zelandal\u0131 g\u00f6k bilimciler \u00ab\u00a0milyonda bir\u00a0\u00bb rastlanan bir gezegen ke\u015ffetti.\u00a0\u00ab\u00a0S\u00fcper D\u00fcnya\u00a0\u00bb olarak nitelendirilen gezegen \u00e7ekimsel mikro mercekleme tekni\u011fiyle ke\u015ffedildi. Canterbury \u00dcniversitesi&rsquo;nde g\u00f6revli bilim insanlar\u0131, \u00ab\u00a0S\u00fcper D\u00fcnya\u00a0\u00bb olarak nitelendirilen gezegeni, \u00e7ekimsel mikro mercekleme tekni\u011fiyle ke\u015ffetti. \u00c7al\u0131\u015fman\u0131n ayr\u0131nt\u0131lar\u0131 \u00ab\u00a0The Astronomical Journal\u00a0\u00bb dergisinde yay\u0131mland\u0131.&nbsp; D\u00fcnya&rsquo;dan b\u00fcy\u00fck,&nbsp;Nept\u00fcn&rsquo;den k\u00fc\u00e7\u00fck k\u00fctleye sahip OGLE-2018-BLG-0677 adl\u0131 gezegenin y\u0131ld\u0131z\u0131na, Ven\u00fcs&rsquo;\u00fcn G\u00fcne\u015f&rsquo;e mesafesinden uzak, D\u00fcnya&rsquo;n\u0131nkinden [&hellip;]\" \/>\n<meta property=\"og:url\" content=\"https:\/\/avrupapress.com\/2020\/05\/12\/bilim-insanlari-super-dunya-kesfetti-milyonda-bir-ihtimal-gercek-oldu\/\" \/>\n<meta property=\"og:site_name\" content=\"AvrupaPress\" \/>\n<meta property=\"article:published_time\" content=\"2020-05-12T08:57:22+00:00\" \/>\n<meta property=\"article:modified_time\" content=\"2020-05-12T08:57:23+00:00\" \/>\n<meta property=\"og:image\" content=\"https:\/\/avrupapress.com\/wp-content\/uploads\/2020\/05\/hdojWHL2WEOIOlMx1VuYgg.jpg\" \/>\n\t<meta property=\"og:image:width\" content=\"710\" \/>\n\t<meta property=\"og:image:height\" content=\"533\" \/>\n\t<meta property=\"og:image:type\" content=\"image\/jpeg\" \/>\n<meta name=\"author\" content=\"Edit\u00f6r\" \/>\n<meta name=\"twitter:card\" content=\"summary_large_image\" \/>\n<meta name=\"twitter:label1\" content=\"\u00c9crit par\" \/>\n\t<meta name=\"twitter:data1\" content=\"Edit\u00f6r\" \/>\n\t<meta name=\"twitter:label2\" content=\"Dur\u00e9e de lecture est.\" \/>\n\t<meta name=\"twitter:data2\" content=\"1 minute\" \/>\n<script type=\"application\/ld+json\" class=\"yoast-schema-graph\">{\"@context\":\"https:\/\/schema.org\",\"@graph\":[{\"@type\":\"Article\",\"@id\":\"https:\/\/avrupapress.com\/2020\/05\/12\/bilim-insanlari-super-dunya-kesfetti-milyonda-bir-ihtimal-gercek-oldu\/#article\",\"isPartOf\":{\"@id\":\"https:\/\/avrupapress.com\/2020\/05\/12\/bilim-insanlari-super-dunya-kesfetti-milyonda-bir-ihtimal-gercek-oldu\/\"},\"author\":{\"name\":\"Edit\u00f6r\",\"@id\":\"https:\/\/avrupapress.com\/#\/schema\/person\/68428444ec60970d1e1b700cf4ca1e8f\"},\"headline\":\"Bilim insanlar\u0131 &lsquo;S\u00fcper D\u00fcnya&rsquo; ke\u015ffetti (Milyonda bir ihtimal ger\u00e7ek oldu)\",\"datePublished\":\"2020-05-12T08:57:22+00:00\",\"dateModified\":\"2020-05-12T08:57:23+00:00\",\"mainEntityOfPage\":{\"@id\":\"https:\/\/avrupapress.com\/2020\/05\/12\/bilim-insanlari-super-dunya-kesfetti-milyonda-bir-ihtimal-gercek-oldu\/\"},\"wordCount\":210,\"publisher\":{\"@id\":\"https:\/\/avrupapress.com\/#\/schema\/person\/0223dca19c72c43575bf30d1a2d8f4fa\"},\"image\":{\"@id\":\"https:\/\/avrupapress.com\/2020\/05\/12\/bilim-insanlari-super-dunya-kesfetti-milyonda-bir-ihtimal-gercek-oldu\/#primaryimage\"},\"thumbnailUrl\":\"https:\/\/avrupapress.com\/main\/wp-content\/uploads\/2020\/05\/hdojWHL2WEOIOlMx1VuYgg.jpg\",\"articleSection\":[\"Avrupa\",\"Bel\u00e7ika\",\"D\u00fcnya\",\"T\u00fcrkiye\"],\"inLanguage\":\"fr-BE\"},{\"@type\":\"WebPage\",\"@id\":\"https:\/\/avrupapress.com\/2020\/05\/12\/bilim-insanlari-super-dunya-kesfetti-milyonda-bir-ihtimal-gercek-oldu\/\",\"url\":\"https:\/\/avrupapress.com\/2020\/05\/12\/bilim-insanlari-super-dunya-kesfetti-milyonda-bir-ihtimal-gercek-oldu\/\",\"name\":\"Bilim insanlar\u0131 'S\u00fcper D\u00fcnya' ke\u015ffetti (Milyonda bir ihtimal ger\u00e7ek oldu) - AvrupaPress\",\"isPartOf\":{\"@id\":\"https:\/\/avrupapress.com\/#website\"},\"primaryImageOfPage\":{\"@id\":\"https:\/\/avrupapress.com\/2020\/05\/12\/bilim-insanlari-super-dunya-kesfetti-milyonda-bir-ihtimal-gercek-oldu\/#primaryimage\"},\"image\":{\"@id\":\"https:\/\/avrupapress.com\/2020\/05\/12\/bilim-insanlari-super-dunya-kesfetti-milyonda-bir-ihtimal-gercek-oldu\/#primaryimage\"},\"thumbnailUrl\":\"https:\/\/avrupapress.com\/main\/wp-content\/uploads\/2020\/05\/hdojWHL2WEOIOlMx1VuYgg.jpg\",\"datePublished\":\"2020-05-12T08:57:22+00:00\",\"dateModified\":\"2020-05-12T08:57:23+00:00\",\"breadcrumb\":{\"@id\":\"https:\/\/avrupapress.com\/2020\/05\/12\/bilim-insanlari-super-dunya-kesfetti-milyonda-bir-ihtimal-gercek-oldu\/#breadcrumb\"},\"inLanguage\":\"fr-BE\",\"potentialAction\":[{\"@type\":\"ReadAction\",\"target\":[\"https:\/\/avrupapress.com\/2020\/05\/12\/bilim-insanlari-super-dunya-kesfetti-milyonda-bir-ihtimal-gercek-oldu\/\"]}]},{\"@type\":\"ImageObject\",\"inLanguage\":\"fr-BE\",\"@id\":\"https:\/\/avrupapress.com\/2020\/05\/12\/bilim-insanlari-super-dunya-kesfetti-milyonda-bir-ihtimal-gercek-oldu\/#primaryimage\",\"url\":\"https:\/\/avrupapress.com\/main\/wp-content\/uploads\/2020\/05\/hdojWHL2WEOIOlMx1VuYgg.jpg\",\"contentUrl\":\"https:\/\/avrupapress.com\/main\/wp-content\/uploads\/2020\/05\/hdojWHL2WEOIOlMx1VuYgg.jpg\",\"width\":710,\"height\":533},{\"@type\":\"BreadcrumbList\",\"@id\":\"https:\/\/avrupapress.com\/2020\/05\/12\/bilim-insanlari-super-dunya-kesfetti-milyonda-bir-ihtimal-gercek-oldu\/#breadcrumb\",\"itemListElement\":[{\"@type\":\"ListItem\",\"position\":1,\"name\":\"Anasayfa\",\"item\":\"https:\/\/avrupapress.com\/\"},{\"@type\":\"ListItem\",\"position\":2,\"name\":\"Bilim insanlar\u0131 &#8216;S\u00fcper D\u00fcnya&#8217; ke\u015ffetti (Milyonda bir ihtimal ger\u00e7ek oldu)\"}]},{\"@type\":\"WebSite\",\"@id\":\"https:\/\/avrupapress.com\/#website\",\"url\":\"https:\/\/avrupapress.com\/\",\"name\":\"AvrupaPress\",\"description\":\"Haberin Adresi\",\"publisher\":{\"@id\":\"https:\/\/avrupapress.com\/#\/schema\/person\/0223dca19c72c43575bf30d1a2d8f4fa\"},\"potentialAction\":[{\"@type\":\"SearchAction\",\"target\":{\"@type\":\"EntryPoint\",\"urlTemplate\":\"https:\/\/avrupapress.com\/?s={search_term_string}\"},\"query-input\":{\"@type\":\"PropertyValueSpecification\",\"valueRequired\":true,\"valueName\":\"search_term_string\"}}],\"inLanguage\":\"fr-BE\"},{\"@type\":[\"Person\",\"Organization\"],\"@id\":\"https:\/\/avrupapress.com\/#\/schema\/person\/0223dca19c72c43575bf30d1a2d8f4fa\",\"name\":\"Bilgin \u00d6z\u00e7ift\u00e7i\",\"image\":{\"@type\":\"ImageObject\",\"inLanguage\":\"fr-BE\",\"@id\":\"https:\/\/avrupapress.com\/#\/schema\/person\/image\/\",\"url\":\"https:\/\/secure.gravatar.com\/avatar\/0f23b280433a21e1ea7a0adcc46ed0ad16afe3ad8e630fd13d8a017dcbd54ef3?s=96&d=mm&r=g\",\"contentUrl\":\"https:\/\/secure.gravatar.com\/avatar\/0f23b280433a21e1ea7a0adcc46ed0ad16afe3ad8e630fd13d8a017dcbd54ef3?s=96&d=mm&r=g\",\"caption\":\"Bilgin \u00d6z\u00e7ift\u00e7i\"},\"logo\":{\"@id\":\"https:\/\/avrupapress.com\/#\/schema\/person\/image\/\"},\"description\":\"Ne ben, nede sen... Biz ancak \\\"biz\\\" olursak g\u00fc\u00e7l\u00fc olabiliriz\"},{\"@type\":\"Person\",\"@id\":\"https:\/\/avrupapress.com\/#\/schema\/person\/68428444ec60970d1e1b700cf4ca1e8f\",\"name\":\"Edit\u00f6r\",\"image\":{\"@type\":\"ImageObject\",\"inLanguage\":\"fr-BE\",\"@id\":\"https:\/\/avrupapress.com\/#\/schema\/person\/image\/\",\"url\":\"https:\/\/secure.gravatar.com\/avatar\/74996b0977aa5f1559ba9883776652508b229005c0d78fb2597897f0bd651c09?s=96&d=mm&r=g\",\"contentUrl\":\"https:\/\/secure.gravatar.com\/avatar\/74996b0977aa5f1559ba9883776652508b229005c0d78fb2597897f0bd651c09?s=96&d=mm&r=g\",\"caption\":\"Edit\u00f6r\"},\"sameAs\":[\"http:\/\/www.avrupapress.com\"],\"url\":\"https:\/\/avrupapress.com\/main\/author\/editor\/\"}]}<\/script>\n<!-- \/ Yoast SEO plugin. -->","yoast_head_json":{"title":"Bilim insanlar\u0131 'S\u00fcper D\u00fcnya' ke\u015ffetti (Milyonda bir ihtimal ger\u00e7ek oldu) - AvrupaPress","robots":{"index":"index","follow":"follow","max-snippet":"max-snippet:-1","max-image-preview":"max-image-preview:large","max-video-preview":"max-video-preview:-1"},"canonical":"https:\/\/avrupapress.com\/2020\/05\/12\/bilim-insanlari-super-dunya-kesfetti-milyonda-bir-ihtimal-gercek-oldu\/","og_locale":"fr_FR","og_type":"article","og_title":"Bilim insanlar\u0131 'S\u00fcper D\u00fcnya' ke\u015ffetti (Milyonda bir ihtimal ger\u00e7ek oldu) - AvrupaPress","og_description":"Yeni Zelandal\u0131 g\u00f6k bilimciler \u00ab\u00a0milyonda bir\u00a0\u00bb rastlanan bir gezegen ke\u015ffetti.\u00a0\u00ab\u00a0S\u00fcper D\u00fcnya\u00a0\u00bb olarak nitelendirilen gezegen \u00e7ekimsel mikro mercekleme tekni\u011fiyle ke\u015ffedildi. Canterbury \u00dcniversitesi&rsquo;nde g\u00f6revli bilim insanlar\u0131, \u00ab\u00a0S\u00fcper D\u00fcnya\u00a0\u00bb olarak nitelendirilen gezegeni, \u00e7ekimsel mikro mercekleme tekni\u011fiyle ke\u015ffetti. \u00c7al\u0131\u015fman\u0131n ayr\u0131nt\u0131lar\u0131 \u00ab\u00a0The Astronomical Journal\u00a0\u00bb dergisinde yay\u0131mland\u0131.&nbsp; D\u00fcnya&rsquo;dan b\u00fcy\u00fck,&nbsp;Nept\u00fcn&rsquo;den k\u00fc\u00e7\u00fck k\u00fctleye sahip OGLE-2018-BLG-0677 adl\u0131 gezegenin y\u0131ld\u0131z\u0131na, Ven\u00fcs&rsquo;\u00fcn G\u00fcne\u015f&rsquo;e mesafesinden uzak, D\u00fcnya&rsquo;n\u0131nkinden [&hellip;]","og_url":"https:\/\/avrupapress.com\/2020\/05\/12\/bilim-insanlari-super-dunya-kesfetti-milyonda-bir-ihtimal-gercek-oldu\/","og_site_name":"AvrupaPress","article_published_time":"2020-05-12T08:57:22+00:00","article_modified_time":"2020-05-12T08:57:23+00:00","og_image":[{"width":710,"height":533,"url":"https:\/\/avrupapress.com\/wp-content\/uploads\/2020\/05\/hdojWHL2WEOIOlMx1VuYgg.jpg","type":"image\/jpeg"}],"author":"Edit\u00f6r","twitter_card":"summary_large_image","twitter_misc":{"\u00c9crit par":"Edit\u00f6r","Dur\u00e9e de lecture est.":"1 minute"},"schema":{"@context":"https:\/\/schema.org","@graph":[{"@type":"Article","@id":"https:\/\/avrupapress.com\/2020\/05\/12\/bilim-insanlari-super-dunya-kesfetti-milyonda-bir-ihtimal-gercek-oldu\/#article","isPartOf":{"@id":"https:\/\/avrupapress.com\/2020\/05\/12\/bilim-insanlari-super-dunya-kesfetti-milyonda-bir-ihtimal-gercek-oldu\/"},"author":{"name":"Edit\u00f6r","@id":"https:\/\/avrupapress.com\/#\/schema\/person\/68428444ec60970d1e1b700cf4ca1e8f"},"headline":"Bilim insanlar\u0131 &lsquo;S\u00fcper D\u00fcnya&rsquo; ke\u015ffetti (Milyonda bir ihtimal ger\u00e7ek oldu)","datePublished":"2020-05-12T08:57:22+00:00","dateModified":"2020-05-12T08:57:23+00:00","mainEntityOfPage":{"@id":"https:\/\/avrupapress.com\/2020\/05\/12\/bilim-insanlari-super-dunya-kesfetti-milyonda-bir-ihtimal-gercek-oldu\/"},"wordCount":210,"publisher":{"@id":"https:\/\/avrupapress.com\/#\/schema\/person\/0223dca19c72c43575bf30d1a2d8f4fa"},"image":{"@id":"https:\/\/avrupapress.com\/2020\/05\/12\/bilim-insanlari-super-dunya-kesfetti-milyonda-bir-ihtimal-gercek-oldu\/#primaryimage"},"thumbnailUrl":"https:\/\/avrupapress.com\/main\/wp-content\/uploads\/2020\/05\/hdojWHL2WEOIOlMx1VuYgg.jpg","articleSection":["Avrupa","Bel\u00e7ika","D\u00fcnya","T\u00fcrkiye"],"inLanguage":"fr-BE"},{"@type":"WebPage","@id":"https:\/\/avrupapress.com\/2020\/05\/12\/bilim-insanlari-super-dunya-kesfetti-milyonda-bir-ihtimal-gercek-oldu\/","url":"https:\/\/avrupapress.com\/2020\/05\/12\/bilim-insanlari-super-dunya-kesfetti-milyonda-bir-ihtimal-gercek-oldu\/","name":"Bilim insanlar\u0131 'S\u00fcper D\u00fcnya' ke\u015ffetti (Milyonda bir ihtimal ger\u00e7ek oldu) - AvrupaPress","isPartOf":{"@id":"https:\/\/avrupapress.com\/#website"},"primaryImageOfPage":{"@id":"https:\/\/avrupapress.com\/2020\/05\/12\/bilim-insanlari-super-dunya-kesfetti-milyonda-bir-ihtimal-gercek-oldu\/#primaryimage"},"image":{"@id":"https:\/\/avrupapress.com\/2020\/05\/12\/bilim-insanlari-super-dunya-kesfetti-milyonda-bir-ihtimal-gercek-oldu\/#primaryimage"},"thumbnailUrl":"https:\/\/avrupapress.com\/main\/wp-content\/uploads\/2020\/05\/hdojWHL2WEOIOlMx1VuYgg.jpg","datePublished":"2020-05-12T08:57:22+00:00","dateModified":"2020-05-12T08:57:23+00:00","breadcrumb":{"@id":"https:\/\/avrupapress.com\/2020\/05\/12\/bilim-insanlari-super-dunya-kesfetti-milyonda-bir-ihtimal-gercek-oldu\/#breadcrumb"},"inLanguage":"fr-BE","potentialAction":[{"@type":"ReadAction","target":["https:\/\/avrupapress.com\/2020\/05\/12\/bilim-insanlari-super-dunya-kesfetti-milyonda-bir-ihtimal-gercek-oldu\/"]}]},{"@type":"ImageObject","inLanguage":"fr-BE","@id":"https:\/\/avrupapress.com\/2020\/05\/12\/bilim-insanlari-super-dunya-kesfetti-milyonda-bir-ihtimal-gercek-oldu\/#primaryimage","url":"https:\/\/avrupapress.com\/main\/wp-content\/uploads\/2020\/05\/hdojWHL2WEOIOlMx1VuYgg.jpg","contentUrl":"https:\/\/avrupapress.com\/main\/wp-content\/uploads\/2020\/05\/hdojWHL2WEOIOlMx1VuYgg.jpg","width":710,"height":533},{"@type":"BreadcrumbList","@id":"https:\/\/avrupapress.com\/2020\/05\/12\/bilim-insanlari-super-dunya-kesfetti-milyonda-bir-ihtimal-gercek-oldu\/#breadcrumb","itemListElement":[{"@type":"ListItem","position":1,"name":"Anasayfa","item":"https:\/\/avrupapress.com\/"},{"@type":"ListItem","position":2,"name":"Bilim insanlar\u0131 &#8216;S\u00fcper D\u00fcnya&#8217; ke\u015ffetti (Milyonda bir ihtimal ger\u00e7ek oldu)"}]},{"@type":"WebSite","@id":"https:\/\/avrupapress.com\/#website","url":"https:\/\/avrupapress.com\/","name":"AvrupaPress","description":"Haberin Adresi","publisher":{"@id":"https:\/\/avrupapress.com\/#\/schema\/person\/0223dca19c72c43575bf30d1a2d8f4fa"},"potentialAction":[{"@type":"SearchAction","target":{"@type":"EntryPoint","urlTemplate":"https:\/\/avrupapress.com\/?s={search_term_string}"},"query-input":{"@type":"PropertyValueSpecification","valueRequired":true,"valueName":"search_term_string"}}],"inLanguage":"fr-BE"},{"@type":["Person","Organization"],"@id":"https:\/\/avrupapress.com\/#\/schema\/person\/0223dca19c72c43575bf30d1a2d8f4fa","name":"Bilgin \u00d6z\u00e7ift\u00e7i","image":{"@type":"ImageObject","inLanguage":"fr-BE","@id":"https:\/\/avrupapress.com\/#\/schema\/person\/image\/","url":"https:\/\/secure.gravatar.com\/avatar\/0f23b280433a21e1ea7a0adcc46ed0ad16afe3ad8e630fd13d8a017dcbd54ef3?s=96&d=mm&r=g","contentUrl":"https:\/\/secure.gravatar.com\/avatar\/0f23b280433a21e1ea7a0adcc46ed0ad16afe3ad8e630fd13d8a017dcbd54ef3?s=96&d=mm&r=g","caption":"Bilgin \u00d6z\u00e7ift\u00e7i"},"logo":{"@id":"https:\/\/avrupapress.com\/#\/schema\/person\/image\/"},"description":"Ne ben, nede sen... Biz ancak \"biz\" olursak g\u00fc\u00e7l\u00fc olabiliriz"},{"@type":"Person","@id":"https:\/\/avrupapress.com\/#\/schema\/person\/68428444ec60970d1e1b700cf4ca1e8f","name":"Edit\u00f6r","image":{"@type":"ImageObject","inLanguage":"fr-BE","@id":"https:\/\/avrupapress.com\/#\/schema\/person\/image\/","url":"https:\/\/secure.gravatar.com\/avatar\/74996b0977aa5f1559ba9883776652508b229005c0d78fb2597897f0bd651c09?s=96&d=mm&r=g","contentUrl":"https:\/\/secure.gravatar.com\/avatar\/74996b0977aa5f1559ba9883776652508b229005c0d78fb2597897f0bd651c09?s=96&d=mm&r=g","caption":"Edit\u00f6r"},"sameAs":["http:\/\/www.avrupapress.com"],"url":"https:\/\/avrupapress.com\/main\/author\/editor\/"}]}},"_links":{"self":[{"href":"https:\/\/avrupapress.com\/main\/wp-json\/wp\/v2\/posts\/11777","targetHints":{"allow":["GET"]}}],"collection":[{"href":"https:\/\/avrupapress.com\/main\/wp-json\/wp\/v2\/posts"}],"about":[{"href":"https:\/\/avrupapress.com\/main\/wp-json\/wp\/v2\/types\/post"}],"author":[{"embeddable":true,"href":"https:\/\/avrupapress.com\/main\/wp-json\/wp\/v2\/users\/3"}],"replies":[{"embeddable":true,"href":"https:\/\/avrupapress.com\/main\/wp-json\/wp\/v2\/comments?post=11777"}],"version-history":[{"count":1,"href":"https:\/\/avrupapress.com\/main\/wp-json\/wp\/v2\/posts\/11777\/revisions"}],"predecessor-version":[{"id":11779,"href":"https:\/\/avrupapress.com\/main\/wp-json\/wp\/v2\/posts\/11777\/revisions\/11779"}],"wp:featuredmedia":[{"embeddable":true,"href":"https:\/\/avrupapress.com\/main\/wp-json\/wp\/v2\/media\/11778"}],"wp:attachment":[{"href":"https:\/\/avrupapress.com\/main\/wp-json\/wp\/v2\/media?parent=11777"}],"wp:term":[{"taxonomy":"category","embeddable":true,"href":"https:\/\/avrupapress.com\/main\/wp-json\/wp\/v2\/categories?post=11777"},{"taxonomy":"post_tag","embeddable":true,"href":"https:\/\/avrupapress.com\/main\/wp-json\/wp\/v2\/tags?post=11777"}],"curies":[{"name":"wp","href":"https:\/\/api.w.org\/{rel}","templated":true}]}}