{"id":11770,"date":"2020-05-12T08:40:46","date_gmt":"2020-05-12T08:40:46","guid":{"rendered":"http:\/\/avrupapress.com\/main\/?p=11770"},"modified":"2020-05-12T08:40:47","modified_gmt":"2020-05-12T08:40:47","slug":"turkiye-devleti-liege-valiligine-t-c-bruksel-buyukelciligince-maske-yardimi-yapildi","status":"publish","type":"post","link":"https:\/\/avrupapress.com\/main\/2020\/05\/12\/turkiye-devleti-liege-valiligine-t-c-bruksel-buyukelciligince-maske-yardimi-yapildi\/","title":{"rendered":"T\u00fcrkiye Devleti Li\u00e8ge Valili\u011fi,ne  T.C. Br\u00fcksel B\u00fcy\u00fckel\u00e7ili\u011fi\u2019nce Maske yardimi yapildi"},"content":{"rendered":"\n<p><strong>Covid-19 salg\u0131n\u0131 ile m\u00fccadelede \u00fclkeler aras\u0131 dayan\u0131\u015fma kapsam\u0131nda Li\u00e8ge Valili\u011fi\u2019ne, yard\u0131m talebine yan\u0131t olarak T\u00fcrkiye taraf\u0131ndan yap\u0131lan maske yard\u0131m\u0131 hakk\u0131nda<\/strong><\/p>\n\n\n\n<p>Covid-19 salg\u0131n\u0131 ile m\u00fccadelede Li\u00e8ge Valili\u011fi, T.C. Br\u00fcksel B\u00fcy\u00fckel\u00e7ili\u011fi\u2019ne mektup g\u00f6ndererek, \u00fclkeler aras\u0131 dayan\u0131\u015fma kapsam\u0131nda koruyucu sa\u011fl\u0131k malzemesi yard\u0131m talebinde bulunmu\u015ftur.<\/p>\n\n\n\n<figure class=\"wp-block-image size-large\"><img loading=\"lazy\" decoding=\"async\" width=\"1024\" height=\"768\" src=\"http:\/\/avrupapress.com\/main\/wp-content\/uploads\/2020\/05\/thumbnail_PHOTO-2020-05-11-17-52-06-1-1024x768.jpg\" alt=\"\" class=\"wp-image-11775\" srcset=\"https:\/\/avrupapress.com\/main\/wp-content\/uploads\/2020\/05\/thumbnail_PHOTO-2020-05-11-17-52-06-1-1024x768.jpg 1024w, https:\/\/avrupapress.com\/main\/wp-content\/uploads\/2020\/05\/thumbnail_PHOTO-2020-05-11-17-52-06-1-300x225.jpg 300w, https:\/\/avrupapress.com\/main\/wp-content\/uploads\/2020\/05\/thumbnail_PHOTO-2020-05-11-17-52-06-1-768x576.jpg 768w, https:\/\/avrupapress.com\/main\/wp-content\/uploads\/2020\/05\/thumbnail_PHOTO-2020-05-11-17-52-06-1.jpg 1280w\" sizes=\"auto, (max-width: 1024px) 100vw, 1024px\" \/><\/figure>\n\n\n\n<p>M\u00fcttefik ve dost Bel\u00e7ika\u2019n\u0131n makamlar\u0131nca yap\u0131lan bu talep \u00fclkemizce olumlu kar\u015f\u0131lanarak 20 bin adet maske yard\u0131m malzemesi g\u00f6nderilmi\u015ftir. Ba\u011f\u0131\u015flar, T.C. Br\u00fcksel B\u00fcy\u00fckel\u00e7ili\u011fi\u2019nde, 11 May\u0131s 2020 tarihinde d\u00fczenlenen bir t\u00f6renle, B\u00fcy\u00fckel\u00e7i Dr. Hasan Ulusoy taraf\u0131ndan Li\u00e8ge Valisi Say\u0131n Herv\u00e9 Jamar\u2019a teslim edilmi\u015ftir.<\/p>\n\n\n\n<figure class=\"wp-block-image size-large\"><img loading=\"lazy\" decoding=\"async\" width=\"1024\" height=\"682\" src=\"http:\/\/avrupapress.com\/main\/wp-content\/uploads\/2020\/05\/thumbnail_IMG_6654-1024x682.jpg\" alt=\"\" class=\"wp-image-11771\" srcset=\"https:\/\/avrupapress.com\/main\/wp-content\/uploads\/2020\/05\/thumbnail_IMG_6654-1024x682.jpg 1024w, https:\/\/avrupapress.com\/main\/wp-content\/uploads\/2020\/05\/thumbnail_IMG_6654-300x200.jpg 300w, https:\/\/avrupapress.com\/main\/wp-content\/uploads\/2020\/05\/thumbnail_IMG_6654-768x512.jpg 768w, https:\/\/avrupapress.com\/main\/wp-content\/uploads\/2020\/05\/thumbnail_IMG_6654.jpg 1280w\" sizes=\"auto, (max-width: 1024px) 100vw, 1024px\" \/><\/figure>\n\n\n\n<p>T\u00f6rende yapt\u0131\u011f\u0131 konu\u015fmada B\u00fcy\u00fckel\u00e7i Ulusoy, T\u00fcrkiye\u2019nin her zaman kara g\u00fcn dostu oldu\u011funu, insani krizlerle m\u00fccadelede m\u00fcttefiklerinden gelen yard\u0131m taleplerini de yan\u0131ts\u0131z b\u0131rakmad\u0131\u011f\u0131n\u0131 s\u00f6ylemi\u015f ve Bel\u00e7ika T\u00fcrk Toplumunun da salg\u0131n s\u00fcrecinde yo\u011fun \u015fekilde dayan\u0131\u015fma ve yard\u0131mla\u015fma faaliyetlerinde bulundu\u011funu vurgulam\u0131\u015ft\u0131r.<\/p>\n\n\n\n<figure class=\"wp-block-image size-large\"><img loading=\"lazy\" decoding=\"async\" width=\"1024\" height=\"768\" src=\"http:\/\/avrupapress.com\/main\/wp-content\/uploads\/2020\/05\/thumbnail_PHOTO-2020-05-11-17-52-02-1-1024x768.jpg\" alt=\"\" class=\"wp-image-11772\" srcset=\"https:\/\/avrupapress.com\/main\/wp-content\/uploads\/2020\/05\/thumbnail_PHOTO-2020-05-11-17-52-02-1-1024x768.jpg 1024w, https:\/\/avrupapress.com\/main\/wp-content\/uploads\/2020\/05\/thumbnail_PHOTO-2020-05-11-17-52-02-1-300x225.jpg 300w, https:\/\/avrupapress.com\/main\/wp-content\/uploads\/2020\/05\/thumbnail_PHOTO-2020-05-11-17-52-02-1-768x576.jpg 768w, https:\/\/avrupapress.com\/main\/wp-content\/uploads\/2020\/05\/thumbnail_PHOTO-2020-05-11-17-52-02-1.jpg 1280w\" sizes=\"auto, (max-width: 1024px) 100vw, 1024px\" \/><\/figure>\n\n\n\n<p>Li\u00e8ge Valisi Jamar da, yard\u0131m i\u00e7in \u015f\u00fckranlar\u0131n\u0131 sunmu\u015f, maskelerin sa\u011fl\u0131k ve bak\u0131m evlerinde ihtiya\u00e7 sahiplerine verilece\u011fini ifadeyle, b\u00f6lgesindeki T\u00fcrk toplumunun da dayan\u0131\u015fma faaliyetlerinden \u00f6vg\u00fcyle bahsetmi\u015ftir.<\/p>\n\n\n\n<figure class=\"wp-block-image size-large\"><img loading=\"lazy\" decoding=\"async\" width=\"1024\" height=\"637\" src=\"http:\/\/avrupapress.com\/main\/wp-content\/uploads\/2020\/05\/thumbnail_IMG_2312-1-1024x637.jpg\" alt=\"\" class=\"wp-image-11773\" srcset=\"https:\/\/avrupapress.com\/main\/wp-content\/uploads\/2020\/05\/thumbnail_IMG_2312-1-1024x637.jpg 1024w, https:\/\/avrupapress.com\/main\/wp-content\/uploads\/2020\/05\/thumbnail_IMG_2312-1-300x187.jpg 300w, https:\/\/avrupapress.com\/main\/wp-content\/uploads\/2020\/05\/thumbnail_IMG_2312-1-768x478.jpg 768w, https:\/\/avrupapress.com\/main\/wp-content\/uploads\/2020\/05\/thumbnail_IMG_2312-1.jpg 1280w\" sizes=\"auto, (max-width: 1024px) 100vw, 1024px\" \/><\/figure>\n\n\n\n<p>T.C. Br\u00fcksel B\u00fcy\u00fckel\u00e7ili\u011fi, Bel\u00e7ika\u2019da ya\u015fayan ve bir \u00e7o\u011fu art\u0131k Bel\u00e7ika vatanda\u015f\u0131 da olmu\u015f T\u00fcrk toplumunun temsilcileri olan sivil toplum kurulu\u015flar\u0131yla ve Bel\u00e7ika\u2019da yerle\u015fik i\u015f d\u00fcnyas\u0131yla birlikte Bel\u00e7ika\u2019daki dayan\u0131\u015fma \u00e7abalar\u0131na ve d\u00fczenlenen yard\u0131m kampanyalar\u0131yla destek olmaktad\u0131r. Bu kapsamda, derneklerce, bulunduklar\u0131 yerlerde sa\u011fl\u0131k g\u00f6revlilerinden ya\u015fl\u0131lara, bak\u0131m evlerine ve ihtiya\u00e7 sahibi olan herkese, k\u00f6kenine bak\u0131lmaks\u0131z\u0131n g\u0131da ve maske gibi yard\u0131mlarda bulunulmaktad\u0131r.<\/p>\n\n\n\n<figure class=\"wp-block-image size-large\"><img loading=\"lazy\" decoding=\"async\" width=\"1024\" height=\"768\" src=\"http:\/\/avrupapress.com\/main\/wp-content\/uploads\/2020\/05\/thumbnail_11.jpg\" alt=\"\" class=\"wp-image-11774\" srcset=\"https:\/\/avrupapress.com\/main\/wp-content\/uploads\/2020\/05\/thumbnail_11.jpg 1024w, https:\/\/avrupapress.com\/main\/wp-content\/uploads\/2020\/05\/thumbnail_11-300x225.jpg 300w, https:\/\/avrupapress.com\/main\/wp-content\/uploads\/2020\/05\/thumbnail_11-768x576.jpg 768w\" sizes=\"auto, (max-width: 1024px) 100vw, 1024px\" \/><\/figure>\n\n\n\n<p><strong>Bilgin Ozcifci \/ AVRUPAPRESS<\/strong><\/p>\n","protected":false},"excerpt":{"rendered":"<p>Covid-19 salg\u0131n\u0131 ile m\u00fccadelede \u00fclkeler aras\u0131 dayan\u0131\u015fma kapsam\u0131nda Li\u00e8ge Valili\u011fi\u2019ne, yard\u0131m talebine yan\u0131t olarak T\u00fcrkiye taraf\u0131ndan yap\u0131lan maske yard\u0131m\u0131 hakk\u0131nda Covid-19 salg\u0131n\u0131 ile m\u00fccadelede Li\u00e8ge Valili\u011fi, T.C. Br\u00fcksel B\u00fcy\u00fckel\u00e7ili\u011fi\u2019ne mektup g\u00f6ndererek, \u00fclkeler aras\u0131 dayan\u0131\u015fma kapsam\u0131nda koruyucu sa\u011fl\u0131k malzemesi yard\u0131m talebinde bulunmu\u015ftur. M\u00fcttefik ve dost Bel\u00e7ika\u2019n\u0131n makamlar\u0131nca yap\u0131lan bu talep \u00fclkemizce olumlu kar\u015f\u0131lanarak 20 bin adet [&hellip;]<\/p>\n","protected":false},"author":3,"featured_media":11774,"comment_status":"closed","ping_status":"open","sticky":false,"template":"","format":"standard","meta":{"footnotes":""},"categories":[14,16,3,17,18,19,2,1],"tags":[5300],"class_list":["post-11770","post","type-post","status-publish","format-standard","has-post-thumbnail","hentry","category-avrupa","category-belcika","category-dunya","category-ekonomi","category-kultur-sanat","category-tanitim","category-turkiye","category-uncategorized","tag-turkiye-devleti-liege-valiligi"],"yoast_head":"<!-- This site is optimized with the Yoast SEO plugin v26.9 - https:\/\/yoast.com\/product\/yoast-seo-wordpress\/ -->\n<title>T\u00fcrkiye Devleti Li\u00e8ge Valili\u011fi,ne T.C. Br\u00fcksel B\u00fcy\u00fckel\u00e7ili\u011fi\u2019nce Maske yardimi yapildi - AvrupaPress<\/title>\n<meta name=\"robots\" content=\"index, follow, max-snippet:-1, max-image-preview:large, max-video-preview:-1\" \/>\n<link rel=\"canonical\" href=\"https:\/\/avrupapress.com\/2020\/05\/12\/turkiye-devleti-liege-valiligine-t-c-bruksel-buyukelciligince-maske-yardimi-yapildi\/\" \/>\n<meta property=\"og:locale\" content=\"fr_FR\" \/>\n<meta property=\"og:type\" content=\"article\" \/>\n<meta property=\"og:title\" content=\"T\u00fcrkiye Devleti Li\u00e8ge Valili\u011fi,ne T.C. Br\u00fcksel B\u00fcy\u00fckel\u00e7ili\u011fi\u2019nce Maske yardimi yapildi - AvrupaPress\" \/>\n<meta property=\"og:description\" content=\"Covid-19 salg\u0131n\u0131 ile m\u00fccadelede \u00fclkeler aras\u0131 dayan\u0131\u015fma kapsam\u0131nda Li\u00e8ge Valili\u011fi\u2019ne, yard\u0131m talebine yan\u0131t olarak T\u00fcrkiye taraf\u0131ndan yap\u0131lan maske yard\u0131m\u0131 hakk\u0131nda Covid-19 salg\u0131n\u0131 ile m\u00fccadelede Li\u00e8ge Valili\u011fi, T.C. Br\u00fcksel B\u00fcy\u00fckel\u00e7ili\u011fi\u2019ne mektup g\u00f6ndererek, \u00fclkeler aras\u0131 dayan\u0131\u015fma kapsam\u0131nda koruyucu sa\u011fl\u0131k malzemesi yard\u0131m talebinde bulunmu\u015ftur. M\u00fcttefik ve dost Bel\u00e7ika\u2019n\u0131n makamlar\u0131nca yap\u0131lan bu talep \u00fclkemizce olumlu kar\u015f\u0131lanarak 20 bin adet [&hellip;]\" \/>\n<meta property=\"og:url\" content=\"https:\/\/avrupapress.com\/2020\/05\/12\/turkiye-devleti-liege-valiligine-t-c-bruksel-buyukelciligince-maske-yardimi-yapildi\/\" \/>\n<meta property=\"og:site_name\" content=\"AvrupaPress\" \/>\n<meta property=\"article:published_time\" content=\"2020-05-12T08:40:46+00:00\" \/>\n<meta property=\"article:modified_time\" content=\"2020-05-12T08:40:47+00:00\" \/>\n<meta property=\"og:image\" content=\"https:\/\/avrupapress.com\/wp-content\/uploads\/2020\/05\/thumbnail_11.jpg\" \/>\n\t<meta property=\"og:image:width\" content=\"1024\" \/>\n\t<meta property=\"og:image:height\" content=\"768\" \/>\n\t<meta property=\"og:image:type\" content=\"image\/jpeg\" \/>\n<meta name=\"author\" content=\"Edit\u00f6r\" \/>\n<meta name=\"twitter:card\" content=\"summary_large_image\" \/>\n<meta name=\"twitter:label1\" content=\"\u00c9crit par\" \/>\n\t<meta name=\"twitter:data1\" content=\"Edit\u00f6r\" \/>\n\t<meta name=\"twitter:label2\" content=\"Dur\u00e9e de lecture est.\" \/>\n\t<meta name=\"twitter:data2\" content=\"2 minutes\" \/>\n<script type=\"application\/ld+json\" class=\"yoast-schema-graph\">{\"@context\":\"https:\/\/schema.org\",\"@graph\":[{\"@type\":\"Article\",\"@id\":\"https:\/\/avrupapress.com\/2020\/05\/12\/turkiye-devleti-liege-valiligine-t-c-bruksel-buyukelciligince-maske-yardimi-yapildi\/#article\",\"isPartOf\":{\"@id\":\"https:\/\/avrupapress.com\/2020\/05\/12\/turkiye-devleti-liege-valiligine-t-c-bruksel-buyukelciligince-maske-yardimi-yapildi\/\"},\"author\":{\"name\":\"Edit\u00f6r\",\"@id\":\"https:\/\/avrupapress.com\/#\/schema\/person\/68428444ec60970d1e1b700cf4ca1e8f\"},\"headline\":\"T\u00fcrkiye Devleti Li\u00e8ge Valili\u011fi,ne T.C. Br\u00fcksel B\u00fcy\u00fckel\u00e7ili\u011fi\u2019nce Maske yardimi yapildi\",\"datePublished\":\"2020-05-12T08:40:46+00:00\",\"dateModified\":\"2020-05-12T08:40:47+00:00\",\"mainEntityOfPage\":{\"@id\":\"https:\/\/avrupapress.com\/2020\/05\/12\/turkiye-devleti-liege-valiligine-t-c-bruksel-buyukelciligince-maske-yardimi-yapildi\/\"},\"wordCount\":367,\"publisher\":{\"@id\":\"https:\/\/avrupapress.com\/#\/schema\/person\/0223dca19c72c43575bf30d1a2d8f4fa\"},\"image\":{\"@id\":\"https:\/\/avrupapress.com\/2020\/05\/12\/turkiye-devleti-liege-valiligine-t-c-bruksel-buyukelciligince-maske-yardimi-yapildi\/#primaryimage\"},\"thumbnailUrl\":\"https:\/\/avrupapress.com\/main\/wp-content\/uploads\/2020\/05\/thumbnail_11.jpg\",\"keywords\":[\"T\u00fcrkiye Devleti Li\u00e8ge Valili\u011fi\"],\"articleSection\":[\"Avrupa\",\"Bel\u00e7ika\",\"D\u00fcnya\",\"Ekonomi\",\"K\u00fclt\u00fcr-Sanat\",\"Tan\u0131t\u0131m\",\"T\u00fcrkiye\",\"Uncategorized\"],\"inLanguage\":\"fr-BE\"},{\"@type\":\"WebPage\",\"@id\":\"https:\/\/avrupapress.com\/2020\/05\/12\/turkiye-devleti-liege-valiligine-t-c-bruksel-buyukelciligince-maske-yardimi-yapildi\/\",\"url\":\"https:\/\/avrupapress.com\/2020\/05\/12\/turkiye-devleti-liege-valiligine-t-c-bruksel-buyukelciligince-maske-yardimi-yapildi\/\",\"name\":\"T\u00fcrkiye Devleti Li\u00e8ge Valili\u011fi,ne T.C. Br\u00fcksel B\u00fcy\u00fckel\u00e7ili\u011fi\u2019nce Maske yardimi yapildi - AvrupaPress\",\"isPartOf\":{\"@id\":\"https:\/\/avrupapress.com\/#website\"},\"primaryImageOfPage\":{\"@id\":\"https:\/\/avrupapress.com\/2020\/05\/12\/turkiye-devleti-liege-valiligine-t-c-bruksel-buyukelciligince-maske-yardimi-yapildi\/#primaryimage\"},\"image\":{\"@id\":\"https:\/\/avrupapress.com\/2020\/05\/12\/turkiye-devleti-liege-valiligine-t-c-bruksel-buyukelciligince-maske-yardimi-yapildi\/#primaryimage\"},\"thumbnailUrl\":\"https:\/\/avrupapress.com\/main\/wp-content\/uploads\/2020\/05\/thumbnail_11.jpg\",\"datePublished\":\"2020-05-12T08:40:46+00:00\",\"dateModified\":\"2020-05-12T08:40:47+00:00\",\"breadcrumb\":{\"@id\":\"https:\/\/avrupapress.com\/2020\/05\/12\/turkiye-devleti-liege-valiligine-t-c-bruksel-buyukelciligince-maske-yardimi-yapildi\/#breadcrumb\"},\"inLanguage\":\"fr-BE\",\"potentialAction\":[{\"@type\":\"ReadAction\",\"target\":[\"https:\/\/avrupapress.com\/2020\/05\/12\/turkiye-devleti-liege-valiligine-t-c-bruksel-buyukelciligince-maske-yardimi-yapildi\/\"]}]},{\"@type\":\"ImageObject\",\"inLanguage\":\"fr-BE\",\"@id\":\"https:\/\/avrupapress.com\/2020\/05\/12\/turkiye-devleti-liege-valiligine-t-c-bruksel-buyukelciligince-maske-yardimi-yapildi\/#primaryimage\",\"url\":\"https:\/\/avrupapress.com\/main\/wp-content\/uploads\/2020\/05\/thumbnail_11.jpg\",\"contentUrl\":\"https:\/\/avrupapress.com\/main\/wp-content\/uploads\/2020\/05\/thumbnail_11.jpg\",\"width\":1024,\"height\":768},{\"@type\":\"BreadcrumbList\",\"@id\":\"https:\/\/avrupapress.com\/2020\/05\/12\/turkiye-devleti-liege-valiligine-t-c-bruksel-buyukelciligince-maske-yardimi-yapildi\/#breadcrumb\",\"itemListElement\":[{\"@type\":\"ListItem\",\"position\":1,\"name\":\"Anasayfa\",\"item\":\"https:\/\/avrupapress.com\/\"},{\"@type\":\"ListItem\",\"position\":2,\"name\":\"T\u00fcrkiye Devleti Li\u00e8ge Valili\u011fi,ne T.C. Br\u00fcksel B\u00fcy\u00fckel\u00e7ili\u011fi\u2019nce Maske yardimi yapildi\"}]},{\"@type\":\"WebSite\",\"@id\":\"https:\/\/avrupapress.com\/#website\",\"url\":\"https:\/\/avrupapress.com\/\",\"name\":\"AvrupaPress\",\"description\":\"Haberin Adresi\",\"publisher\":{\"@id\":\"https:\/\/avrupapress.com\/#\/schema\/person\/0223dca19c72c43575bf30d1a2d8f4fa\"},\"potentialAction\":[{\"@type\":\"SearchAction\",\"target\":{\"@type\":\"EntryPoint\",\"urlTemplate\":\"https:\/\/avrupapress.com\/?s={search_term_string}\"},\"query-input\":{\"@type\":\"PropertyValueSpecification\",\"valueRequired\":true,\"valueName\":\"search_term_string\"}}],\"inLanguage\":\"fr-BE\"},{\"@type\":[\"Person\",\"Organization\"],\"@id\":\"https:\/\/avrupapress.com\/#\/schema\/person\/0223dca19c72c43575bf30d1a2d8f4fa\",\"name\":\"Bilgin \u00d6z\u00e7ift\u00e7i\",\"image\":{\"@type\":\"ImageObject\",\"inLanguage\":\"fr-BE\",\"@id\":\"https:\/\/avrupapress.com\/#\/schema\/person\/image\/\",\"url\":\"https:\/\/secure.gravatar.com\/avatar\/0f23b280433a21e1ea7a0adcc46ed0ad16afe3ad8e630fd13d8a017dcbd54ef3?s=96&d=mm&r=g\",\"contentUrl\":\"https:\/\/secure.gravatar.com\/avatar\/0f23b280433a21e1ea7a0adcc46ed0ad16afe3ad8e630fd13d8a017dcbd54ef3?s=96&d=mm&r=g\",\"caption\":\"Bilgin \u00d6z\u00e7ift\u00e7i\"},\"logo\":{\"@id\":\"https:\/\/avrupapress.com\/#\/schema\/person\/image\/\"},\"description\":\"Ne ben, nede sen... Biz ancak \\\"biz\\\" olursak g\u00fc\u00e7l\u00fc olabiliriz\"},{\"@type\":\"Person\",\"@id\":\"https:\/\/avrupapress.com\/#\/schema\/person\/68428444ec60970d1e1b700cf4ca1e8f\",\"name\":\"Edit\u00f6r\",\"image\":{\"@type\":\"ImageObject\",\"inLanguage\":\"fr-BE\",\"@id\":\"https:\/\/avrupapress.com\/#\/schema\/person\/image\/\",\"url\":\"https:\/\/secure.gravatar.com\/avatar\/74996b0977aa5f1559ba9883776652508b229005c0d78fb2597897f0bd651c09?s=96&d=mm&r=g\",\"contentUrl\":\"https:\/\/secure.gravatar.com\/avatar\/74996b0977aa5f1559ba9883776652508b229005c0d78fb2597897f0bd651c09?s=96&d=mm&r=g\",\"caption\":\"Edit\u00f6r\"},\"sameAs\":[\"http:\/\/www.avrupapress.com\"],\"url\":\"https:\/\/avrupapress.com\/main\/author\/editor\/\"}]}<\/script>\n<!-- \/ Yoast SEO plugin. -->","yoast_head_json":{"title":"T\u00fcrkiye Devleti Li\u00e8ge Valili\u011fi,ne T.C. Br\u00fcksel B\u00fcy\u00fckel\u00e7ili\u011fi\u2019nce Maske yardimi yapildi - AvrupaPress","robots":{"index":"index","follow":"follow","max-snippet":"max-snippet:-1","max-image-preview":"max-image-preview:large","max-video-preview":"max-video-preview:-1"},"canonical":"https:\/\/avrupapress.com\/2020\/05\/12\/turkiye-devleti-liege-valiligine-t-c-bruksel-buyukelciligince-maske-yardimi-yapildi\/","og_locale":"fr_FR","og_type":"article","og_title":"T\u00fcrkiye Devleti Li\u00e8ge Valili\u011fi,ne T.C. Br\u00fcksel B\u00fcy\u00fckel\u00e7ili\u011fi\u2019nce Maske yardimi yapildi - AvrupaPress","og_description":"Covid-19 salg\u0131n\u0131 ile m\u00fccadelede \u00fclkeler aras\u0131 dayan\u0131\u015fma kapsam\u0131nda Li\u00e8ge Valili\u011fi\u2019ne, yard\u0131m talebine yan\u0131t olarak T\u00fcrkiye taraf\u0131ndan yap\u0131lan maske yard\u0131m\u0131 hakk\u0131nda Covid-19 salg\u0131n\u0131 ile m\u00fccadelede Li\u00e8ge Valili\u011fi, T.C. Br\u00fcksel B\u00fcy\u00fckel\u00e7ili\u011fi\u2019ne mektup g\u00f6ndererek, \u00fclkeler aras\u0131 dayan\u0131\u015fma kapsam\u0131nda koruyucu sa\u011fl\u0131k malzemesi yard\u0131m talebinde bulunmu\u015ftur. M\u00fcttefik ve dost Bel\u00e7ika\u2019n\u0131n makamlar\u0131nca yap\u0131lan bu talep \u00fclkemizce olumlu kar\u015f\u0131lanarak 20 bin adet [&hellip;]","og_url":"https:\/\/avrupapress.com\/2020\/05\/12\/turkiye-devleti-liege-valiligine-t-c-bruksel-buyukelciligince-maske-yardimi-yapildi\/","og_site_name":"AvrupaPress","article_published_time":"2020-05-12T08:40:46+00:00","article_modified_time":"2020-05-12T08:40:47+00:00","og_image":[{"width":1024,"height":768,"url":"https:\/\/avrupapress.com\/wp-content\/uploads\/2020\/05\/thumbnail_11.jpg","type":"image\/jpeg"}],"author":"Edit\u00f6r","twitter_card":"summary_large_image","twitter_misc":{"\u00c9crit par":"Edit\u00f6r","Dur\u00e9e de lecture est.":"2 minutes"},"schema":{"@context":"https:\/\/schema.org","@graph":[{"@type":"Article","@id":"https:\/\/avrupapress.com\/2020\/05\/12\/turkiye-devleti-liege-valiligine-t-c-bruksel-buyukelciligince-maske-yardimi-yapildi\/#article","isPartOf":{"@id":"https:\/\/avrupapress.com\/2020\/05\/12\/turkiye-devleti-liege-valiligine-t-c-bruksel-buyukelciligince-maske-yardimi-yapildi\/"},"author":{"name":"Edit\u00f6r","@id":"https:\/\/avrupapress.com\/#\/schema\/person\/68428444ec60970d1e1b700cf4ca1e8f"},"headline":"T\u00fcrkiye Devleti Li\u00e8ge Valili\u011fi,ne T.C. Br\u00fcksel B\u00fcy\u00fckel\u00e7ili\u011fi\u2019nce Maske yardimi yapildi","datePublished":"2020-05-12T08:40:46+00:00","dateModified":"2020-05-12T08:40:47+00:00","mainEntityOfPage":{"@id":"https:\/\/avrupapress.com\/2020\/05\/12\/turkiye-devleti-liege-valiligine-t-c-bruksel-buyukelciligince-maske-yardimi-yapildi\/"},"wordCount":367,"publisher":{"@id":"https:\/\/avrupapress.com\/#\/schema\/person\/0223dca19c72c43575bf30d1a2d8f4fa"},"image":{"@id":"https:\/\/avrupapress.com\/2020\/05\/12\/turkiye-devleti-liege-valiligine-t-c-bruksel-buyukelciligince-maske-yardimi-yapildi\/#primaryimage"},"thumbnailUrl":"https:\/\/avrupapress.com\/main\/wp-content\/uploads\/2020\/05\/thumbnail_11.jpg","keywords":["T\u00fcrkiye Devleti Li\u00e8ge Valili\u011fi"],"articleSection":["Avrupa","Bel\u00e7ika","D\u00fcnya","Ekonomi","K\u00fclt\u00fcr-Sanat","Tan\u0131t\u0131m","T\u00fcrkiye","Uncategorized"],"inLanguage":"fr-BE"},{"@type":"WebPage","@id":"https:\/\/avrupapress.com\/2020\/05\/12\/turkiye-devleti-liege-valiligine-t-c-bruksel-buyukelciligince-maske-yardimi-yapildi\/","url":"https:\/\/avrupapress.com\/2020\/05\/12\/turkiye-devleti-liege-valiligine-t-c-bruksel-buyukelciligince-maske-yardimi-yapildi\/","name":"T\u00fcrkiye Devleti Li\u00e8ge Valili\u011fi,ne T.C. Br\u00fcksel B\u00fcy\u00fckel\u00e7ili\u011fi\u2019nce Maske yardimi yapildi - AvrupaPress","isPartOf":{"@id":"https:\/\/avrupapress.com\/#website"},"primaryImageOfPage":{"@id":"https:\/\/avrupapress.com\/2020\/05\/12\/turkiye-devleti-liege-valiligine-t-c-bruksel-buyukelciligince-maske-yardimi-yapildi\/#primaryimage"},"image":{"@id":"https:\/\/avrupapress.com\/2020\/05\/12\/turkiye-devleti-liege-valiligine-t-c-bruksel-buyukelciligince-maske-yardimi-yapildi\/#primaryimage"},"thumbnailUrl":"https:\/\/avrupapress.com\/main\/wp-content\/uploads\/2020\/05\/thumbnail_11.jpg","datePublished":"2020-05-12T08:40:46+00:00","dateModified":"2020-05-12T08:40:47+00:00","breadcrumb":{"@id":"https:\/\/avrupapress.com\/2020\/05\/12\/turkiye-devleti-liege-valiligine-t-c-bruksel-buyukelciligince-maske-yardimi-yapildi\/#breadcrumb"},"inLanguage":"fr-BE","potentialAction":[{"@type":"ReadAction","target":["https:\/\/avrupapress.com\/2020\/05\/12\/turkiye-devleti-liege-valiligine-t-c-bruksel-buyukelciligince-maske-yardimi-yapildi\/"]}]},{"@type":"ImageObject","inLanguage":"fr-BE","@id":"https:\/\/avrupapress.com\/2020\/05\/12\/turkiye-devleti-liege-valiligine-t-c-bruksel-buyukelciligince-maske-yardimi-yapildi\/#primaryimage","url":"https:\/\/avrupapress.com\/main\/wp-content\/uploads\/2020\/05\/thumbnail_11.jpg","contentUrl":"https:\/\/avrupapress.com\/main\/wp-content\/uploads\/2020\/05\/thumbnail_11.jpg","width":1024,"height":768},{"@type":"BreadcrumbList","@id":"https:\/\/avrupapress.com\/2020\/05\/12\/turkiye-devleti-liege-valiligine-t-c-bruksel-buyukelciligince-maske-yardimi-yapildi\/#breadcrumb","itemListElement":[{"@type":"ListItem","position":1,"name":"Anasayfa","item":"https:\/\/avrupapress.com\/"},{"@type":"ListItem","position":2,"name":"T\u00fcrkiye Devleti Li\u00e8ge Valili\u011fi,ne T.C. Br\u00fcksel B\u00fcy\u00fckel\u00e7ili\u011fi\u2019nce Maske yardimi yapildi"}]},{"@type":"WebSite","@id":"https:\/\/avrupapress.com\/#website","url":"https:\/\/avrupapress.com\/","name":"AvrupaPress","description":"Haberin Adresi","publisher":{"@id":"https:\/\/avrupapress.com\/#\/schema\/person\/0223dca19c72c43575bf30d1a2d8f4fa"},"potentialAction":[{"@type":"SearchAction","target":{"@type":"EntryPoint","urlTemplate":"https:\/\/avrupapress.com\/?s={search_term_string}"},"query-input":{"@type":"PropertyValueSpecification","valueRequired":true,"valueName":"search_term_string"}}],"inLanguage":"fr-BE"},{"@type":["Person","Organization"],"@id":"https:\/\/avrupapress.com\/#\/schema\/person\/0223dca19c72c43575bf30d1a2d8f4fa","name":"Bilgin \u00d6z\u00e7ift\u00e7i","image":{"@type":"ImageObject","inLanguage":"fr-BE","@id":"https:\/\/avrupapress.com\/#\/schema\/person\/image\/","url":"https:\/\/secure.gravatar.com\/avatar\/0f23b280433a21e1ea7a0adcc46ed0ad16afe3ad8e630fd13d8a017dcbd54ef3?s=96&d=mm&r=g","contentUrl":"https:\/\/secure.gravatar.com\/avatar\/0f23b280433a21e1ea7a0adcc46ed0ad16afe3ad8e630fd13d8a017dcbd54ef3?s=96&d=mm&r=g","caption":"Bilgin \u00d6z\u00e7ift\u00e7i"},"logo":{"@id":"https:\/\/avrupapress.com\/#\/schema\/person\/image\/"},"description":"Ne ben, nede sen... Biz ancak \"biz\" olursak g\u00fc\u00e7l\u00fc olabiliriz"},{"@type":"Person","@id":"https:\/\/avrupapress.com\/#\/schema\/person\/68428444ec60970d1e1b700cf4ca1e8f","name":"Edit\u00f6r","image":{"@type":"ImageObject","inLanguage":"fr-BE","@id":"https:\/\/avrupapress.com\/#\/schema\/person\/image\/","url":"https:\/\/secure.gravatar.com\/avatar\/74996b0977aa5f1559ba9883776652508b229005c0d78fb2597897f0bd651c09?s=96&d=mm&r=g","contentUrl":"https:\/\/secure.gravatar.com\/avatar\/74996b0977aa5f1559ba9883776652508b229005c0d78fb2597897f0bd651c09?s=96&d=mm&r=g","caption":"Edit\u00f6r"},"sameAs":["http:\/\/www.avrupapress.com"],"url":"https:\/\/avrupapress.com\/main\/author\/editor\/"}]}},"_links":{"self":[{"href":"https:\/\/avrupapress.com\/main\/wp-json\/wp\/v2\/posts\/11770","targetHints":{"allow":["GET"]}}],"collection":[{"href":"https:\/\/avrupapress.com\/main\/wp-json\/wp\/v2\/posts"}],"about":[{"href":"https:\/\/avrupapress.com\/main\/wp-json\/wp\/v2\/types\/post"}],"author":[{"embeddable":true,"href":"https:\/\/avrupapress.com\/main\/wp-json\/wp\/v2\/users\/3"}],"replies":[{"embeddable":true,"href":"https:\/\/avrupapress.com\/main\/wp-json\/wp\/v2\/comments?post=11770"}],"version-history":[{"count":1,"href":"https:\/\/avrupapress.com\/main\/wp-json\/wp\/v2\/posts\/11770\/revisions"}],"predecessor-version":[{"id":11776,"href":"https:\/\/avrupapress.com\/main\/wp-json\/wp\/v2\/posts\/11770\/revisions\/11776"}],"wp:featuredmedia":[{"embeddable":true,"href":"https:\/\/avrupapress.com\/main\/wp-json\/wp\/v2\/media\/11774"}],"wp:attachment":[{"href":"https:\/\/avrupapress.com\/main\/wp-json\/wp\/v2\/media?parent=11770"}],"wp:term":[{"taxonomy":"category","embeddable":true,"href":"https:\/\/avrupapress.com\/main\/wp-json\/wp\/v2\/categories?post=11770"},{"taxonomy":"post_tag","embeddable":true,"href":"https:\/\/avrupapress.com\/main\/wp-json\/wp\/v2\/tags?post=11770"}],"curies":[{"name":"wp","href":"https:\/\/api.w.org\/{rel}","templated":true}]}}