{"id":11746,"date":"2020-05-11T22:18:50","date_gmt":"2020-05-11T22:18:50","guid":{"rendered":"http:\/\/avrupapress.com\/main\/?p=11746"},"modified":"2020-05-11T22:18:51","modified_gmt":"2020-05-11T22:18:51","slug":"bez-maskeye-standart-getirildi","status":"publish","type":"post","link":"https:\/\/avrupapress.com\/main\/2020\/05\/11\/bez-maskeye-standart-getirildi\/","title":{"rendered":"Bez maskeye standart getirildi"},"content":{"rendered":"\n<p><strong>T\u00fcrk Standardlar\u0131 Enstit\u00fcs\u00fc (TSE) y\u0131kanabilir bez maskeler i\u00e7in standartlar\u0131 belirleyerek internet sitesinde yay\u0131mlad\u0131.<\/strong><\/p>\n\n\n\n<p><a href=\"https:\/\/www.ntv.com.tr\/turkiye\" target=\"_blank\" rel=\"noreferrer noopener\">T\u00fcrkiye<\/a>, normalle\u015fme s\u00fcrecinde vatanda\u015flar\u0131n g\u00fcnl\u00fck maske ihtiyac\u0131n\u0131n kar\u015f\u0131lanmas\u0131 ad\u0131na \u00f6nemli bir ad\u0131m att\u0131. B\u00f6ylece T\u00fcrkiye, d\u00fcnyada bu alanda standartlar\u0131 olu\u015fturan \u00fc\u00e7\u00fcnc\u00fc \u00fclke oldu.<br><br>Standartta, vir\u00fcse kar\u015f\u0131 korumada, kullan\u0131lan hijyenik bez maskelerin sahip olmas\u0131 gereken \u00f6zellikler belirlendi. Belirlenen standartlarda, maskenin \u00f6zellikleri, \u00fcretimi, tasar\u0131m\u0131, temizleme, y\u0131kama, kurutma ve ba\u011flant\u0131 durumlar\u0131n\u0131n nas\u0131l olmas\u0131 gerekti\u011fi ilk kez ortaya konuldu. S\u00f6z konusu standartlar, TSE&rsquo;nin internet sitesine y\u00fcklenerek eri\u015fime a\u00e7\u0131ld\u0131.<br><br>Cumhurba\u015fkan\u0131 Recep Tayyip Erdo\u011fan, Cumhurba\u015fkanl\u0131\u011f\u0131 Kabinesi toplant\u0131s\u0131n\u0131n ard\u0131ndan yapt\u0131\u011f\u0131 a\u00e7\u0131klamada, \u00ab\u00a0\u015eimdi bez maske ile ilgili yeni bir ad\u0131m at\u0131yoruz. Y\u0131kanabilir bez maske standartlar\u0131, Sanayi ve Teknoloji Bakanl\u0131\u011f\u0131m\u0131z, Ticaret Bakanl\u0131\u011f\u0131m\u0131z, TSE, T\u00dcB\u0130TAK ve \u00fcreticilerle i\u015f birli\u011fi ile birlikte belirlendi. Bunlar i\u00e7in de bir \u00fcst fiyat tespit edilerek sat\u0131\u015f\u0131na izin verilecek. Ayr\u0131ca bu \u00fcr\u00fcnlerin ciddi bir ihracat potansiyeli vard\u0131r.\u00a0\u00bb ifadesini kulland\u0131<br><br>Standard\u0131n, TSE&rsquo;nin internet sitesinde yay\u0131mlanmas\u0131n\u0131n ard\u0131ndan sosyal medya hesab\u0131ndan a\u00e7\u0131klama yapan Sanayi ve Teknoloji Bakan\u0131 Mustafa Varank ise \u00ab\u00a0Tasar\u0131m\u0131ndan \u00fcretimine, filtrasyon ekinli\u011finden kullan\u0131m sonras\u0131 imhas\u0131na kadar, t\u00fcm a\u015famalar\u0131n\u0131 belirledi\u011fimiz &lsquo;Bez Maske Standartlar\u0131&rsquo; yay\u0131mland\u0131. TSE&rsquo;nin haz\u0131rlad\u0131\u011f\u0131 standartlara uygun bez maskeler, g\u00fcnl\u00fck ya\u015fam\u0131m\u0131zdaki kullan-at maskelerin alternatifi olacak.\u00a0\u00bb ifadesini kulland\u0131.<br><br><strong>\u00dcRET\u0130M STANDARTLARI BEL\u0130RLEND\u0130<\/strong><\/p>\n\n\n\n<p>Hen\u00fcz semptom geli\u015ftirmemi\u015f veya belirtisiz kalan enfekte ki\u015filerden solunum damlac\u0131klar\u0131n\u0131n at\u0131l\u0131m\u0131n\u0131 en aza indirerek vir\u00fcs\u00fcn yay\u0131lmas\u0131n\u0131 azaltmak i\u00e7in kullan\u0131lan maskeler, standarda g\u00f6re, k\u00fc\u00e7\u00fck, orta ve b\u00fcy\u00fck boy olmak \u00fczere \u00fc\u00e7 \u015fekilde s\u0131n\u0131fland\u0131r\u0131ld\u0131.<br><br>Standartta, maskenin hangi kuma\u015flardan \u00fcretilmesi gerekti\u011fi de yer ald\u0131. Buna g\u00f6re, maske kuma\u015flar\u0131 sentetik veya do\u011fal liflerden geli\u015ftirilecek, dokuma, \u00f6rme, triko ya da dokusuz tekstil y\u00f6ntemiyle \u00fcretilebilecek.<br><br>Maskenin sahip olmas\u0131 gereken \u00f6zellikler ise \u015f\u00f6yle s\u0131raland\u0131:<br><br>\u00ab\u00a0Bile\u015fenlerinde y\u0131rt\u0131lma, ba\u011flant\u0131 noktalar\u0131n\u0131n ayr\u0131lma bulunmamal\u0131, nefes alabilir olmal\u0131, uygun \u015fekilde tak\u0131labilir ve rahat giyilebilir \u015fekilde tasarlanmal\u0131. T\u00fcm bile\u015fenlerin temizli\u011fi ve dezenfeksiyonu evde yap\u0131lmas\u0131 kolay olmal\u0131, risk ta\u015f\u0131mayan malzemeler ile \u00fcretilmi\u015f olmal\u0131, tahri\u015f veya olumsuz sa\u011fl\u0131k etkileri bulunmayan kuma\u015flardan imal edilmeli, kullan\u0131lan kuma\u015f dayan\u0131kl\u0131 olmal\u0131 ve \u00fcr\u00fcn\u00fcn kullan\u0131m \u00f6mr\u00fc s\u00fcresince b\u00fct\u00fcnl\u00fc\u011f\u00fcn\u00fc korumal\u0131. Kullan\u0131c\u0131yla temas edebilecek k\u0131s\u0131mlar\u0131nda kullan\u0131c\u0131y\u0131 yaralayabilecek keskin kenarlar\u0131 bulunmamal\u0131.\u00a0\u00bb<br><br><strong>MASKELER\u0130N TASARIMINA DA STANDART GET\u0130R\u0130LD\u0130<\/strong><\/p>\n\n\n\n<p>Haz\u0131rlanan standartla maskenin tasar\u0131m\u0131 da belirlendi. Buna g\u00f6re y\u00fcz maskesinin \u00f6zelliklerini \u015funlar olu\u015fturdu:<br><br>\u00ab\u00a0Kullan\u0131c\u0131n\u0131n burun, a\u011f\u0131z ve \u00e7enesi \u00fczerine s\u0131k\u0131 bir \u015fekilde tak\u0131labilmeli ve maskenin yan taraflar\u0131 y\u00fcze tam oturmal\u0131. Ayr\u0131ca maskeler, bu\u011fu \u00f6nleyici \u00f6zelli\u011fi olan veya olmayan y\u00fcz korumas\u0131 veya burun k\u00f6pr\u00fcs\u00fc gibi ilave \u00f6zelliklerin yan\u0131 s\u0131ra farkl\u0131 \u015fekillerde ve yap\u0131larda tasarlanmal\u0131.\u00a0\u00bb<br><br>Standartla bez maskelerin performans\u0131 \u00fc\u00e7 g\u00f6sterge \u00fczerinden \u00f6l\u00e7\u00fcld\u00fc. G\u00f6stergeler, \u00ab\u00a0filtrasyon verimlili\u011fi\u00a0\u00bb, \u00ab\u00a0solununabilirlik\u00a0\u00bb ve \u00ab\u00a0mikrobiyal y\u00fck\u00a0\u00bb olarak belirlendi. Bez maske standard\u0131nda verimlilik oran\u0131, en az y\u00fczde 90 ve \u00fczeri olarak a\u00e7\u0131kland\u0131.<br><br><strong>TEM\u0130ZLEME, KURUTMA, ET\u0130KET VE AMBALAJLAMA DA STANDARTTA YER ALDI<\/strong><br><br>TSE&rsquo;nin haz\u0131rlad\u0131\u011f\u0131 standartla maskenin minimum ka\u00e7 kez y\u0131kanmas\u0131 gerekti\u011fi belirlendi. Buna g\u00f6re, kolayca tak\u0131l\u0131p \u00e7\u0131kar\u0131labilecek \u015fekilde tasarlanan maskeler, tak\u0131lma s\u0131ras\u0131nda a\u015f\u0131r\u0131 s\u0131kma ve rahats\u0131zl\u0131\u011f\u0131 \u00f6nlemek i\u00e7in yerinde tutacak kadar g\u00fc\u00e7l\u00fc olmas\u0131 gerekiyor.<br><br>\u00d6te yandan standarda g\u00f6re maskenin performans\u0131n\u0131 koruyacak \u015fekilde en az 5 y\u0131kama ve kurutma d\u00f6ng\u00fcs\u00fcne dayanabilmesi de gerekiyor.<br><br>Etiket, ambalajlama ve sat\u0131\u015f standard\u0131na g\u00f6re bez maskeler, mekanik hasar ve bula\u015fmay\u0131 koruyacak \u015fekilde ambalajlanacak, bu \u015fekilde piyasaya s\u00fcr\u00fclmesi istenen maskelerin i\u015faretleri de \u015feffaf, g\u00f6r\u00fcn\u00fcr ve okunur olacak.<br><br>\u00d6te yandan maskeyi takmak ve \u00e7\u0131karmak i\u00e7in de standart belirtildi. Standartta, maskelerin tak\u0131lmas\u0131 ve \u00e7\u0131kart\u0131lmas\u0131nda dikkat edilmesi gereken hususlar, \u015fu \u015fekilde belirlendi:<br><br>\u00ab\u00a0Maskeyi takarken ve \u00e7\u0131kar\u0131rken bula\u015fmay\u0131 \u00f6nlemek i\u00e7in \u00f6nce koruyucu eldivenler \u00e7\u0131kar\u0131lmal\u0131, eller sabun ve suyla y\u0131kanmal\u0131 veya dezenfektan ile ovalanmal\u0131. Ard\u0131ndan da maskenin \u00f6n\u00fcne dokunmadan maske \u00e7\u0131kar\u0131lmal\u0131. Kullan\u0131lmaz hale gelen maskeler prosed\u00fcre g\u00f6re; lastik bir torba ile donat\u0131lm\u0131\u015f bir kapta at\u0131lmal\u0131.\u00a0\u00bb<\/p>\n","protected":false},"excerpt":{"rendered":"<p>T\u00fcrk Standardlar\u0131 Enstit\u00fcs\u00fc (TSE) y\u0131kanabilir bez maskeler i\u00e7in standartlar\u0131 belirleyerek internet sitesinde yay\u0131mlad\u0131. T\u00fcrkiye, normalle\u015fme s\u00fcrecinde vatanda\u015flar\u0131n g\u00fcnl\u00fck maske ihtiyac\u0131n\u0131n kar\u015f\u0131lanmas\u0131 ad\u0131na \u00f6nemli bir ad\u0131m att\u0131. B\u00f6ylece T\u00fcrkiye, d\u00fcnyada bu alanda standartlar\u0131 olu\u015fturan \u00fc\u00e7\u00fcnc\u00fc \u00fclke oldu. Standartta, vir\u00fcse kar\u015f\u0131 korumada, kullan\u0131lan hijyenik bez maskelerin sahip olmas\u0131 gereken \u00f6zellikler belirlendi. Belirlenen standartlarda, maskenin \u00f6zellikleri, \u00fcretimi, tasar\u0131m\u0131, [&hellip;]<\/p>\n","protected":false},"author":3,"featured_media":11747,"comment_status":"closed","ping_status":"open","sticky":false,"template":"","format":"standard","meta":{"footnotes":""},"categories":[14,16,3],"tags":[5299],"class_list":["post-11746","post","type-post","status-publish","format-standard","has-post-thumbnail","hentry","category-avrupa","category-belcika","category-dunya","tag-bez-maskeye-standart-getirildi"],"yoast_head":"<!-- This site is optimized with the Yoast SEO plugin v26.9 - https:\/\/yoast.com\/product\/yoast-seo-wordpress\/ -->\n<title>Bez maskeye standart getirildi - AvrupaPress<\/title>\n<meta name=\"robots\" content=\"index, follow, max-snippet:-1, max-image-preview:large, max-video-preview:-1\" \/>\n<link rel=\"canonical\" href=\"https:\/\/avrupapress.com\/2020\/05\/11\/bez-maskeye-standart-getirildi\/\" \/>\n<meta property=\"og:locale\" content=\"fr_FR\" \/>\n<meta property=\"og:type\" content=\"article\" \/>\n<meta property=\"og:title\" content=\"Bez maskeye standart getirildi - AvrupaPress\" \/>\n<meta property=\"og:description\" content=\"T\u00fcrk Standardlar\u0131 Enstit\u00fcs\u00fc (TSE) y\u0131kanabilir bez maskeler i\u00e7in standartlar\u0131 belirleyerek internet sitesinde yay\u0131mlad\u0131. T\u00fcrkiye, normalle\u015fme s\u00fcrecinde vatanda\u015flar\u0131n g\u00fcnl\u00fck maske ihtiyac\u0131n\u0131n kar\u015f\u0131lanmas\u0131 ad\u0131na \u00f6nemli bir ad\u0131m att\u0131. B\u00f6ylece T\u00fcrkiye, d\u00fcnyada bu alanda standartlar\u0131 olu\u015fturan \u00fc\u00e7\u00fcnc\u00fc \u00fclke oldu. Standartta, vir\u00fcse kar\u015f\u0131 korumada, kullan\u0131lan hijyenik bez maskelerin sahip olmas\u0131 gereken \u00f6zellikler belirlendi. Belirlenen standartlarda, maskenin \u00f6zellikleri, \u00fcretimi, tasar\u0131m\u0131, [&hellip;]\" \/>\n<meta property=\"og:url\" content=\"https:\/\/avrupapress.com\/2020\/05\/11\/bez-maskeye-standart-getirildi\/\" \/>\n<meta property=\"og:site_name\" content=\"AvrupaPress\" \/>\n<meta property=\"article:published_time\" content=\"2020-05-11T22:18:50+00:00\" \/>\n<meta property=\"article:modified_time\" content=\"2020-05-11T22:18:51+00:00\" \/>\n<meta property=\"og:image\" content=\"https:\/\/avrupapress.com\/wp-content\/uploads\/2020\/05\/AhShdm0TWkWKbXLn4N71zg.jpg\" \/>\n\t<meta property=\"og:image:width\" content=\"710\" \/>\n\t<meta property=\"og:image:height\" content=\"533\" \/>\n\t<meta property=\"og:image:type\" content=\"image\/jpeg\" \/>\n<meta name=\"author\" content=\"Edit\u00f6r\" \/>\n<meta name=\"twitter:card\" content=\"summary_large_image\" \/>\n<meta name=\"twitter:label1\" content=\"\u00c9crit par\" \/>\n\t<meta name=\"twitter:data1\" content=\"Edit\u00f6r\" \/>\n\t<meta name=\"twitter:label2\" content=\"Dur\u00e9e de lecture est.\" \/>\n\t<meta name=\"twitter:data2\" content=\"4 minutes\" \/>\n<script type=\"application\/ld+json\" class=\"yoast-schema-graph\">{\"@context\":\"https:\/\/schema.org\",\"@graph\":[{\"@type\":\"Article\",\"@id\":\"https:\/\/avrupapress.com\/2020\/05\/11\/bez-maskeye-standart-getirildi\/#article\",\"isPartOf\":{\"@id\":\"https:\/\/avrupapress.com\/2020\/05\/11\/bez-maskeye-standart-getirildi\/\"},\"author\":{\"name\":\"Edit\u00f6r\",\"@id\":\"https:\/\/avrupapress.com\/#\/schema\/person\/68428444ec60970d1e1b700cf4ca1e8f\"},\"headline\":\"Bez maskeye standart getirildi\",\"datePublished\":\"2020-05-11T22:18:50+00:00\",\"dateModified\":\"2020-05-11T22:18:51+00:00\",\"mainEntityOfPage\":{\"@id\":\"https:\/\/avrupapress.com\/2020\/05\/11\/bez-maskeye-standart-getirildi\/\"},\"wordCount\":778,\"publisher\":{\"@id\":\"https:\/\/avrupapress.com\/#\/schema\/person\/0223dca19c72c43575bf30d1a2d8f4fa\"},\"image\":{\"@id\":\"https:\/\/avrupapress.com\/2020\/05\/11\/bez-maskeye-standart-getirildi\/#primaryimage\"},\"thumbnailUrl\":\"https:\/\/avrupapress.com\/main\/wp-content\/uploads\/2020\/05\/AhShdm0TWkWKbXLn4N71zg.jpg\",\"keywords\":[\"Bez maskeye standart getirildi\"],\"articleSection\":[\"Avrupa\",\"Bel\u00e7ika\",\"D\u00fcnya\"],\"inLanguage\":\"fr-BE\"},{\"@type\":\"WebPage\",\"@id\":\"https:\/\/avrupapress.com\/2020\/05\/11\/bez-maskeye-standart-getirildi\/\",\"url\":\"https:\/\/avrupapress.com\/2020\/05\/11\/bez-maskeye-standart-getirildi\/\",\"name\":\"Bez maskeye standart getirildi - AvrupaPress\",\"isPartOf\":{\"@id\":\"https:\/\/avrupapress.com\/#website\"},\"primaryImageOfPage\":{\"@id\":\"https:\/\/avrupapress.com\/2020\/05\/11\/bez-maskeye-standart-getirildi\/#primaryimage\"},\"image\":{\"@id\":\"https:\/\/avrupapress.com\/2020\/05\/11\/bez-maskeye-standart-getirildi\/#primaryimage\"},\"thumbnailUrl\":\"https:\/\/avrupapress.com\/main\/wp-content\/uploads\/2020\/05\/AhShdm0TWkWKbXLn4N71zg.jpg\",\"datePublished\":\"2020-05-11T22:18:50+00:00\",\"dateModified\":\"2020-05-11T22:18:51+00:00\",\"breadcrumb\":{\"@id\":\"https:\/\/avrupapress.com\/2020\/05\/11\/bez-maskeye-standart-getirildi\/#breadcrumb\"},\"inLanguage\":\"fr-BE\",\"potentialAction\":[{\"@type\":\"ReadAction\",\"target\":[\"https:\/\/avrupapress.com\/2020\/05\/11\/bez-maskeye-standart-getirildi\/\"]}]},{\"@type\":\"ImageObject\",\"inLanguage\":\"fr-BE\",\"@id\":\"https:\/\/avrupapress.com\/2020\/05\/11\/bez-maskeye-standart-getirildi\/#primaryimage\",\"url\":\"https:\/\/avrupapress.com\/main\/wp-content\/uploads\/2020\/05\/AhShdm0TWkWKbXLn4N71zg.jpg\",\"contentUrl\":\"https:\/\/avrupapress.com\/main\/wp-content\/uploads\/2020\/05\/AhShdm0TWkWKbXLn4N71zg.jpg\",\"width\":710,\"height\":533},{\"@type\":\"BreadcrumbList\",\"@id\":\"https:\/\/avrupapress.com\/2020\/05\/11\/bez-maskeye-standart-getirildi\/#breadcrumb\",\"itemListElement\":[{\"@type\":\"ListItem\",\"position\":1,\"name\":\"Anasayfa\",\"item\":\"https:\/\/avrupapress.com\/\"},{\"@type\":\"ListItem\",\"position\":2,\"name\":\"Bez maskeye standart getirildi\"}]},{\"@type\":\"WebSite\",\"@id\":\"https:\/\/avrupapress.com\/#website\",\"url\":\"https:\/\/avrupapress.com\/\",\"name\":\"AvrupaPress\",\"description\":\"Haberin Adresi\",\"publisher\":{\"@id\":\"https:\/\/avrupapress.com\/#\/schema\/person\/0223dca19c72c43575bf30d1a2d8f4fa\"},\"potentialAction\":[{\"@type\":\"SearchAction\",\"target\":{\"@type\":\"EntryPoint\",\"urlTemplate\":\"https:\/\/avrupapress.com\/?s={search_term_string}\"},\"query-input\":{\"@type\":\"PropertyValueSpecification\",\"valueRequired\":true,\"valueName\":\"search_term_string\"}}],\"inLanguage\":\"fr-BE\"},{\"@type\":[\"Person\",\"Organization\"],\"@id\":\"https:\/\/avrupapress.com\/#\/schema\/person\/0223dca19c72c43575bf30d1a2d8f4fa\",\"name\":\"Bilgin \u00d6z\u00e7ift\u00e7i\",\"image\":{\"@type\":\"ImageObject\",\"inLanguage\":\"fr-BE\",\"@id\":\"https:\/\/avrupapress.com\/#\/schema\/person\/image\/\",\"url\":\"https:\/\/secure.gravatar.com\/avatar\/0f23b280433a21e1ea7a0adcc46ed0ad16afe3ad8e630fd13d8a017dcbd54ef3?s=96&d=mm&r=g\",\"contentUrl\":\"https:\/\/secure.gravatar.com\/avatar\/0f23b280433a21e1ea7a0adcc46ed0ad16afe3ad8e630fd13d8a017dcbd54ef3?s=96&d=mm&r=g\",\"caption\":\"Bilgin \u00d6z\u00e7ift\u00e7i\"},\"logo\":{\"@id\":\"https:\/\/avrupapress.com\/#\/schema\/person\/image\/\"},\"description\":\"Ne ben, nede sen... Biz ancak \\\"biz\\\" olursak g\u00fc\u00e7l\u00fc olabiliriz\"},{\"@type\":\"Person\",\"@id\":\"https:\/\/avrupapress.com\/#\/schema\/person\/68428444ec60970d1e1b700cf4ca1e8f\",\"name\":\"Edit\u00f6r\",\"image\":{\"@type\":\"ImageObject\",\"inLanguage\":\"fr-BE\",\"@id\":\"https:\/\/avrupapress.com\/#\/schema\/person\/image\/\",\"url\":\"https:\/\/secure.gravatar.com\/avatar\/74996b0977aa5f1559ba9883776652508b229005c0d78fb2597897f0bd651c09?s=96&d=mm&r=g\",\"contentUrl\":\"https:\/\/secure.gravatar.com\/avatar\/74996b0977aa5f1559ba9883776652508b229005c0d78fb2597897f0bd651c09?s=96&d=mm&r=g\",\"caption\":\"Edit\u00f6r\"},\"sameAs\":[\"http:\/\/www.avrupapress.com\"],\"url\":\"https:\/\/avrupapress.com\/main\/author\/editor\/\"}]}<\/script>\n<!-- \/ Yoast SEO plugin. -->","yoast_head_json":{"title":"Bez maskeye standart getirildi - AvrupaPress","robots":{"index":"index","follow":"follow","max-snippet":"max-snippet:-1","max-image-preview":"max-image-preview:large","max-video-preview":"max-video-preview:-1"},"canonical":"https:\/\/avrupapress.com\/2020\/05\/11\/bez-maskeye-standart-getirildi\/","og_locale":"fr_FR","og_type":"article","og_title":"Bez maskeye standart getirildi - AvrupaPress","og_description":"T\u00fcrk Standardlar\u0131 Enstit\u00fcs\u00fc (TSE) y\u0131kanabilir bez maskeler i\u00e7in standartlar\u0131 belirleyerek internet sitesinde yay\u0131mlad\u0131. T\u00fcrkiye, normalle\u015fme s\u00fcrecinde vatanda\u015flar\u0131n g\u00fcnl\u00fck maske ihtiyac\u0131n\u0131n kar\u015f\u0131lanmas\u0131 ad\u0131na \u00f6nemli bir ad\u0131m att\u0131. B\u00f6ylece T\u00fcrkiye, d\u00fcnyada bu alanda standartlar\u0131 olu\u015fturan \u00fc\u00e7\u00fcnc\u00fc \u00fclke oldu. Standartta, vir\u00fcse kar\u015f\u0131 korumada, kullan\u0131lan hijyenik bez maskelerin sahip olmas\u0131 gereken \u00f6zellikler belirlendi. Belirlenen standartlarda, maskenin \u00f6zellikleri, \u00fcretimi, tasar\u0131m\u0131, [&hellip;]","og_url":"https:\/\/avrupapress.com\/2020\/05\/11\/bez-maskeye-standart-getirildi\/","og_site_name":"AvrupaPress","article_published_time":"2020-05-11T22:18:50+00:00","article_modified_time":"2020-05-11T22:18:51+00:00","og_image":[{"width":710,"height":533,"url":"https:\/\/avrupapress.com\/wp-content\/uploads\/2020\/05\/AhShdm0TWkWKbXLn4N71zg.jpg","type":"image\/jpeg"}],"author":"Edit\u00f6r","twitter_card":"summary_large_image","twitter_misc":{"\u00c9crit par":"Edit\u00f6r","Dur\u00e9e de lecture est.":"4 minutes"},"schema":{"@context":"https:\/\/schema.org","@graph":[{"@type":"Article","@id":"https:\/\/avrupapress.com\/2020\/05\/11\/bez-maskeye-standart-getirildi\/#article","isPartOf":{"@id":"https:\/\/avrupapress.com\/2020\/05\/11\/bez-maskeye-standart-getirildi\/"},"author":{"name":"Edit\u00f6r","@id":"https:\/\/avrupapress.com\/#\/schema\/person\/68428444ec60970d1e1b700cf4ca1e8f"},"headline":"Bez maskeye standart getirildi","datePublished":"2020-05-11T22:18:50+00:00","dateModified":"2020-05-11T22:18:51+00:00","mainEntityOfPage":{"@id":"https:\/\/avrupapress.com\/2020\/05\/11\/bez-maskeye-standart-getirildi\/"},"wordCount":778,"publisher":{"@id":"https:\/\/avrupapress.com\/#\/schema\/person\/0223dca19c72c43575bf30d1a2d8f4fa"},"image":{"@id":"https:\/\/avrupapress.com\/2020\/05\/11\/bez-maskeye-standart-getirildi\/#primaryimage"},"thumbnailUrl":"https:\/\/avrupapress.com\/main\/wp-content\/uploads\/2020\/05\/AhShdm0TWkWKbXLn4N71zg.jpg","keywords":["Bez maskeye standart getirildi"],"articleSection":["Avrupa","Bel\u00e7ika","D\u00fcnya"],"inLanguage":"fr-BE"},{"@type":"WebPage","@id":"https:\/\/avrupapress.com\/2020\/05\/11\/bez-maskeye-standart-getirildi\/","url":"https:\/\/avrupapress.com\/2020\/05\/11\/bez-maskeye-standart-getirildi\/","name":"Bez maskeye standart getirildi - AvrupaPress","isPartOf":{"@id":"https:\/\/avrupapress.com\/#website"},"primaryImageOfPage":{"@id":"https:\/\/avrupapress.com\/2020\/05\/11\/bez-maskeye-standart-getirildi\/#primaryimage"},"image":{"@id":"https:\/\/avrupapress.com\/2020\/05\/11\/bez-maskeye-standart-getirildi\/#primaryimage"},"thumbnailUrl":"https:\/\/avrupapress.com\/main\/wp-content\/uploads\/2020\/05\/AhShdm0TWkWKbXLn4N71zg.jpg","datePublished":"2020-05-11T22:18:50+00:00","dateModified":"2020-05-11T22:18:51+00:00","breadcrumb":{"@id":"https:\/\/avrupapress.com\/2020\/05\/11\/bez-maskeye-standart-getirildi\/#breadcrumb"},"inLanguage":"fr-BE","potentialAction":[{"@type":"ReadAction","target":["https:\/\/avrupapress.com\/2020\/05\/11\/bez-maskeye-standart-getirildi\/"]}]},{"@type":"ImageObject","inLanguage":"fr-BE","@id":"https:\/\/avrupapress.com\/2020\/05\/11\/bez-maskeye-standart-getirildi\/#primaryimage","url":"https:\/\/avrupapress.com\/main\/wp-content\/uploads\/2020\/05\/AhShdm0TWkWKbXLn4N71zg.jpg","contentUrl":"https:\/\/avrupapress.com\/main\/wp-content\/uploads\/2020\/05\/AhShdm0TWkWKbXLn4N71zg.jpg","width":710,"height":533},{"@type":"BreadcrumbList","@id":"https:\/\/avrupapress.com\/2020\/05\/11\/bez-maskeye-standart-getirildi\/#breadcrumb","itemListElement":[{"@type":"ListItem","position":1,"name":"Anasayfa","item":"https:\/\/avrupapress.com\/"},{"@type":"ListItem","position":2,"name":"Bez maskeye standart getirildi"}]},{"@type":"WebSite","@id":"https:\/\/avrupapress.com\/#website","url":"https:\/\/avrupapress.com\/","name":"AvrupaPress","description":"Haberin Adresi","publisher":{"@id":"https:\/\/avrupapress.com\/#\/schema\/person\/0223dca19c72c43575bf30d1a2d8f4fa"},"potentialAction":[{"@type":"SearchAction","target":{"@type":"EntryPoint","urlTemplate":"https:\/\/avrupapress.com\/?s={search_term_string}"},"query-input":{"@type":"PropertyValueSpecification","valueRequired":true,"valueName":"search_term_string"}}],"inLanguage":"fr-BE"},{"@type":["Person","Organization"],"@id":"https:\/\/avrupapress.com\/#\/schema\/person\/0223dca19c72c43575bf30d1a2d8f4fa","name":"Bilgin \u00d6z\u00e7ift\u00e7i","image":{"@type":"ImageObject","inLanguage":"fr-BE","@id":"https:\/\/avrupapress.com\/#\/schema\/person\/image\/","url":"https:\/\/secure.gravatar.com\/avatar\/0f23b280433a21e1ea7a0adcc46ed0ad16afe3ad8e630fd13d8a017dcbd54ef3?s=96&d=mm&r=g","contentUrl":"https:\/\/secure.gravatar.com\/avatar\/0f23b280433a21e1ea7a0adcc46ed0ad16afe3ad8e630fd13d8a017dcbd54ef3?s=96&d=mm&r=g","caption":"Bilgin \u00d6z\u00e7ift\u00e7i"},"logo":{"@id":"https:\/\/avrupapress.com\/#\/schema\/person\/image\/"},"description":"Ne ben, nede sen... Biz ancak \"biz\" olursak g\u00fc\u00e7l\u00fc olabiliriz"},{"@type":"Person","@id":"https:\/\/avrupapress.com\/#\/schema\/person\/68428444ec60970d1e1b700cf4ca1e8f","name":"Edit\u00f6r","image":{"@type":"ImageObject","inLanguage":"fr-BE","@id":"https:\/\/avrupapress.com\/#\/schema\/person\/image\/","url":"https:\/\/secure.gravatar.com\/avatar\/74996b0977aa5f1559ba9883776652508b229005c0d78fb2597897f0bd651c09?s=96&d=mm&r=g","contentUrl":"https:\/\/secure.gravatar.com\/avatar\/74996b0977aa5f1559ba9883776652508b229005c0d78fb2597897f0bd651c09?s=96&d=mm&r=g","caption":"Edit\u00f6r"},"sameAs":["http:\/\/www.avrupapress.com"],"url":"https:\/\/avrupapress.com\/main\/author\/editor\/"}]}},"_links":{"self":[{"href":"https:\/\/avrupapress.com\/main\/wp-json\/wp\/v2\/posts\/11746","targetHints":{"allow":["GET"]}}],"collection":[{"href":"https:\/\/avrupapress.com\/main\/wp-json\/wp\/v2\/posts"}],"about":[{"href":"https:\/\/avrupapress.com\/main\/wp-json\/wp\/v2\/types\/post"}],"author":[{"embeddable":true,"href":"https:\/\/avrupapress.com\/main\/wp-json\/wp\/v2\/users\/3"}],"replies":[{"embeddable":true,"href":"https:\/\/avrupapress.com\/main\/wp-json\/wp\/v2\/comments?post=11746"}],"version-history":[{"count":1,"href":"https:\/\/avrupapress.com\/main\/wp-json\/wp\/v2\/posts\/11746\/revisions"}],"predecessor-version":[{"id":11748,"href":"https:\/\/avrupapress.com\/main\/wp-json\/wp\/v2\/posts\/11746\/revisions\/11748"}],"wp:featuredmedia":[{"embeddable":true,"href":"https:\/\/avrupapress.com\/main\/wp-json\/wp\/v2\/media\/11747"}],"wp:attachment":[{"href":"https:\/\/avrupapress.com\/main\/wp-json\/wp\/v2\/media?parent=11746"}],"wp:term":[{"taxonomy":"category","embeddable":true,"href":"https:\/\/avrupapress.com\/main\/wp-json\/wp\/v2\/categories?post=11746"},{"taxonomy":"post_tag","embeddable":true,"href":"https:\/\/avrupapress.com\/main\/wp-json\/wp\/v2\/tags?post=11746"}],"curies":[{"name":"wp","href":"https:\/\/api.w.org\/{rel}","templated":true}]}}