{"id":11743,"date":"2020-05-11T22:01:13","date_gmt":"2020-05-11T22:01:13","guid":{"rendered":"http:\/\/avrupapress.com\/main\/?p=11743"},"modified":"2020-05-11T22:01:15","modified_gmt":"2020-05-11T22:01:15","slug":"koronavirus-nedeniyle-fransada-muslumanlar-icin-mezarlik-kalmadi","status":"publish","type":"post","link":"https:\/\/avrupapress.com\/main\/2020\/05\/11\/koronavirus-nedeniyle-fransada-muslumanlar-icin-mezarlik-kalmadi\/","title":{"rendered":"Koronavir\u00fcs nedeniyle Fransa&rsquo;da M\u00fcsl\u00fcmanlar i\u00e7in mezarl\u0131k kalmad\u0131"},"content":{"rendered":"\n<p><strong>Fransa&rsquo;da yeni tip koronavir\u00fcs (Kovid-19) salg\u0131n\u0131 nedeniyle M\u00fcsl\u00fcmanlar i\u00e7in mezarl\u0131k kalmad\u0131\u011f\u0131 belirtildi.<\/strong><\/p>\n\n\n\n<p>M\u00fcsl\u00fcmanlar\u0131n cenaze i\u015flemlerine ili\u015fkin \u00e7al\u0131\u015fmalar yapan Tahara Derne\u011fi Ba\u015fkan\u0131 ve hem\u015fire Abdessamad Akrach, AA muhabirine yapt\u0131\u011f\u0131 a\u00e7\u0131klamada, normal \u015fartlarda M\u00fcsl\u00fcmanlar\u0131n cenazelerinin istekleri do\u011frultusunda yurt d\u0131\u015f\u0131na\u00a0nakledildi\u011fini ancak \u015fu an salg\u0131n nedeniyle bunun m\u00fcmk\u00fcn olmad\u0131\u011f\u0131n\u0131 s\u00f6yledi.<\/p>\n\n\n\n<p><strong>\u00a0\u00bbY\u00dcZLERCE CENAZE BUZDOLAPLARINDA BEKL\u0130YOR\u00a0\u00bb<\/strong><\/p>\n\n\n\n<p>Akrach, \u00fclkedeki mezarl\u0131klarda da M\u00fcsl\u00fcmanlar i\u00e7in ayr\u0131lan b\u00f6l\u00fcmlerde yer\u00a0kalmad\u0131\u011f\u0131n\u0131 aktard\u0131.\u00a0Bu soruna ivedilikle \u00e7\u00f6z\u00fcm bulunmas\u0131 gerekti\u011fini kaydeden Akrach, \u00ab\u00a0Mezarl\u0131k kalmad\u0131\u011f\u0131 i\u00e7in y\u00fczlerce cenaze\u00a0buzdolaplar\u0131nda veya morglarda bekliyor.\u00a0\u00bb dedi.<\/p>\n\n\n\n<p>Akrach, Avrupa Birli\u011fi (AB) \u00fcyesi olmayan \u00fclkelerle s\u0131n\u0131rlar\u0131n kapat\u0131lmas\u0131yla durumun daha da k\u00f6t\u00fcle\u015fti\u011fine dikkati \u00e7ekerek,&nbsp;\u00ab\u00a0\u00dclkelerin s\u0131n\u0131rlar\u0131n\u0131 kapatmas\u0131 nedeniyle T\u00fcrklerin d\u0131\u015f\u0131ndaki M\u00fcsl\u00fcmanlar\u0131n cenazeleri yurt d\u0131\u015f\u0131na nakledilemiyor.\u00a0\u00bb ifadesini kulland\u0131.<\/p>\n\n\n\n<p><a href=\"http:\/\/www.haber7.com\/etiket\/fransa\" target=\"_blank\" rel=\"noreferrer noopener\">Fransa<\/a>&lsquo;da M\u00fcsl\u00fcmanlar\u0131n \u00e7at\u0131 kurulu\u015fu Fransa \u0130slam Konseyi (CFCM), bu konuda daha \u00f6nce Cumhurba\u015fkan\u0131 Emmanuel Macron&rsquo;a \u00e7a\u011fr\u0131da bulunmu\u015ftu.&nbsp;<\/p>\n\n\n\n<p>CFCM verilerine g\u00f6re \u00fclkedeki 300 mezarl\u0131kta M\u00fcsl\u00fcmanlar i\u00e7in ayr\u0131lan b\u00f6l\u00fcmde yakla\u015f\u0131k 100 mezar yeri&nbsp;bulunuyor.&nbsp;<\/p>\n\n\n\n<p><\/p>\n","protected":false},"excerpt":{"rendered":"<p>Fransa&rsquo;da yeni tip koronavir\u00fcs (Kovid-19) salg\u0131n\u0131 nedeniyle M\u00fcsl\u00fcmanlar i\u00e7in mezarl\u0131k kalmad\u0131\u011f\u0131 belirtildi. M\u00fcsl\u00fcmanlar\u0131n cenaze i\u015flemlerine ili\u015fkin \u00e7al\u0131\u015fmalar yapan Tahara Derne\u011fi Ba\u015fkan\u0131 ve hem\u015fire Abdessamad Akrach, AA muhabirine yapt\u0131\u011f\u0131 a\u00e7\u0131klamada, normal \u015fartlarda M\u00fcsl\u00fcmanlar\u0131n cenazelerinin istekleri do\u011frultusunda yurt d\u0131\u015f\u0131na\u00a0nakledildi\u011fini ancak \u015fu an salg\u0131n nedeniyle bunun m\u00fcmk\u00fcn olmad\u0131\u011f\u0131n\u0131 s\u00f6yledi. \u00a0\u00bbY\u00dcZLERCE CENAZE BUZDOLAPLARINDA BEKL\u0130YOR\u00a0\u00bb Akrach, \u00fclkedeki mezarl\u0131klarda da M\u00fcsl\u00fcmanlar [&hellip;]<\/p>\n","protected":false},"author":3,"featured_media":11744,"comment_status":"closed","ping_status":"open","sticky":false,"template":"","format":"standard","meta":{"footnotes":""},"categories":[14,16,3,2],"tags":[5298],"class_list":["post-11743","post","type-post","status-publish","format-standard","has-post-thumbnail","hentry","category-avrupa","category-belcika","category-dunya","category-turkiye","tag-ulkedeki-mezarliklarda"],"yoast_head":"<!-- This site is optimized with the Yoast SEO plugin v26.9 - https:\/\/yoast.com\/product\/yoast-seo-wordpress\/ -->\n<title>Koronavir\u00fcs nedeniyle Fransa&#039;da M\u00fcsl\u00fcmanlar i\u00e7in mezarl\u0131k kalmad\u0131 - AvrupaPress<\/title>\n<meta name=\"robots\" content=\"index, follow, max-snippet:-1, max-image-preview:large, max-video-preview:-1\" \/>\n<link rel=\"canonical\" href=\"https:\/\/avrupapress.com\/2020\/05\/11\/koronavirus-nedeniyle-fransada-muslumanlar-icin-mezarlik-kalmadi\/\" \/>\n<meta property=\"og:locale\" content=\"fr_FR\" \/>\n<meta property=\"og:type\" content=\"article\" \/>\n<meta property=\"og:title\" content=\"Koronavir\u00fcs nedeniyle Fransa&#039;da M\u00fcsl\u00fcmanlar i\u00e7in mezarl\u0131k kalmad\u0131 - AvrupaPress\" \/>\n<meta property=\"og:description\" content=\"Fransa&rsquo;da yeni tip koronavir\u00fcs (Kovid-19) salg\u0131n\u0131 nedeniyle M\u00fcsl\u00fcmanlar i\u00e7in mezarl\u0131k kalmad\u0131\u011f\u0131 belirtildi. M\u00fcsl\u00fcmanlar\u0131n cenaze i\u015flemlerine ili\u015fkin \u00e7al\u0131\u015fmalar yapan Tahara Derne\u011fi Ba\u015fkan\u0131 ve hem\u015fire Abdessamad Akrach, AA muhabirine yapt\u0131\u011f\u0131 a\u00e7\u0131klamada, normal \u015fartlarda M\u00fcsl\u00fcmanlar\u0131n cenazelerinin istekleri do\u011frultusunda yurt d\u0131\u015f\u0131na\u00a0nakledildi\u011fini ancak \u015fu an salg\u0131n nedeniyle bunun m\u00fcmk\u00fcn olmad\u0131\u011f\u0131n\u0131 s\u00f6yledi. \u00a0\u00bbY\u00dcZLERCE CENAZE BUZDOLAPLARINDA BEKL\u0130YOR\u00a0\u00bb Akrach, \u00fclkedeki mezarl\u0131klarda da M\u00fcsl\u00fcmanlar [&hellip;]\" \/>\n<meta property=\"og:url\" content=\"https:\/\/avrupapress.com\/2020\/05\/11\/koronavirus-nedeniyle-fransada-muslumanlar-icin-mezarlik-kalmadi\/\" \/>\n<meta property=\"og:site_name\" content=\"AvrupaPress\" \/>\n<meta property=\"article:published_time\" content=\"2020-05-11T22:01:13+00:00\" \/>\n<meta property=\"article:modified_time\" content=\"2020-05-11T22:01:15+00:00\" \/>\n<meta property=\"og:image\" content=\"https:\/\/avrupapress.com\/wp-content\/uploads\/2020\/05\/96760891_10158442904249727_6250104136478490624_n.jpg\" \/>\n\t<meta property=\"og:image:width\" content=\"750\" \/>\n\t<meta property=\"og:image:height\" content=\"420\" \/>\n\t<meta property=\"og:image:type\" content=\"image\/jpeg\" \/>\n<meta name=\"author\" content=\"Edit\u00f6r\" \/>\n<meta name=\"twitter:card\" content=\"summary_large_image\" \/>\n<meta name=\"twitter:label1\" content=\"\u00c9crit par\" \/>\n\t<meta name=\"twitter:data1\" content=\"Edit\u00f6r\" \/>\n\t<meta name=\"twitter:label2\" content=\"Dur\u00e9e de lecture est.\" \/>\n\t<meta name=\"twitter:data2\" content=\"1 minute\" \/>\n<script type=\"application\/ld+json\" class=\"yoast-schema-graph\">{\"@context\":\"https:\/\/schema.org\",\"@graph\":[{\"@type\":\"Article\",\"@id\":\"https:\/\/avrupapress.com\/2020\/05\/11\/koronavirus-nedeniyle-fransada-muslumanlar-icin-mezarlik-kalmadi\/#article\",\"isPartOf\":{\"@id\":\"https:\/\/avrupapress.com\/2020\/05\/11\/koronavirus-nedeniyle-fransada-muslumanlar-icin-mezarlik-kalmadi\/\"},\"author\":{\"name\":\"Edit\u00f6r\",\"@id\":\"https:\/\/avrupapress.com\/#\/schema\/person\/68428444ec60970d1e1b700cf4ca1e8f\"},\"headline\":\"Koronavir\u00fcs nedeniyle Fransa&rsquo;da M\u00fcsl\u00fcmanlar i\u00e7in mezarl\u0131k kalmad\u0131\",\"datePublished\":\"2020-05-11T22:01:13+00:00\",\"dateModified\":\"2020-05-11T22:01:15+00:00\",\"mainEntityOfPage\":{\"@id\":\"https:\/\/avrupapress.com\/2020\/05\/11\/koronavirus-nedeniyle-fransada-muslumanlar-icin-mezarlik-kalmadi\/\"},\"wordCount\":233,\"publisher\":{\"@id\":\"https:\/\/avrupapress.com\/#\/schema\/person\/0223dca19c72c43575bf30d1a2d8f4fa\"},\"image\":{\"@id\":\"https:\/\/avrupapress.com\/2020\/05\/11\/koronavirus-nedeniyle-fransada-muslumanlar-icin-mezarlik-kalmadi\/#primaryimage\"},\"thumbnailUrl\":\"https:\/\/avrupapress.com\/main\/wp-content\/uploads\/2020\/05\/96760891_10158442904249727_6250104136478490624_n.jpg\",\"keywords\":[\"\u00fclkedeki mezarl\u0131klarda\"],\"articleSection\":[\"Avrupa\",\"Bel\u00e7ika\",\"D\u00fcnya\",\"T\u00fcrkiye\"],\"inLanguage\":\"fr-BE\"},{\"@type\":\"WebPage\",\"@id\":\"https:\/\/avrupapress.com\/2020\/05\/11\/koronavirus-nedeniyle-fransada-muslumanlar-icin-mezarlik-kalmadi\/\",\"url\":\"https:\/\/avrupapress.com\/2020\/05\/11\/koronavirus-nedeniyle-fransada-muslumanlar-icin-mezarlik-kalmadi\/\",\"name\":\"Koronavir\u00fcs nedeniyle Fransa'da M\u00fcsl\u00fcmanlar i\u00e7in mezarl\u0131k kalmad\u0131 - AvrupaPress\",\"isPartOf\":{\"@id\":\"https:\/\/avrupapress.com\/#website\"},\"primaryImageOfPage\":{\"@id\":\"https:\/\/avrupapress.com\/2020\/05\/11\/koronavirus-nedeniyle-fransada-muslumanlar-icin-mezarlik-kalmadi\/#primaryimage\"},\"image\":{\"@id\":\"https:\/\/avrupapress.com\/2020\/05\/11\/koronavirus-nedeniyle-fransada-muslumanlar-icin-mezarlik-kalmadi\/#primaryimage\"},\"thumbnailUrl\":\"https:\/\/avrupapress.com\/main\/wp-content\/uploads\/2020\/05\/96760891_10158442904249727_6250104136478490624_n.jpg\",\"datePublished\":\"2020-05-11T22:01:13+00:00\",\"dateModified\":\"2020-05-11T22:01:15+00:00\",\"breadcrumb\":{\"@id\":\"https:\/\/avrupapress.com\/2020\/05\/11\/koronavirus-nedeniyle-fransada-muslumanlar-icin-mezarlik-kalmadi\/#breadcrumb\"},\"inLanguage\":\"fr-BE\",\"potentialAction\":[{\"@type\":\"ReadAction\",\"target\":[\"https:\/\/avrupapress.com\/2020\/05\/11\/koronavirus-nedeniyle-fransada-muslumanlar-icin-mezarlik-kalmadi\/\"]}]},{\"@type\":\"ImageObject\",\"inLanguage\":\"fr-BE\",\"@id\":\"https:\/\/avrupapress.com\/2020\/05\/11\/koronavirus-nedeniyle-fransada-muslumanlar-icin-mezarlik-kalmadi\/#primaryimage\",\"url\":\"https:\/\/avrupapress.com\/main\/wp-content\/uploads\/2020\/05\/96760891_10158442904249727_6250104136478490624_n.jpg\",\"contentUrl\":\"https:\/\/avrupapress.com\/main\/wp-content\/uploads\/2020\/05\/96760891_10158442904249727_6250104136478490624_n.jpg\",\"width\":750,\"height\":420},{\"@type\":\"BreadcrumbList\",\"@id\":\"https:\/\/avrupapress.com\/2020\/05\/11\/koronavirus-nedeniyle-fransada-muslumanlar-icin-mezarlik-kalmadi\/#breadcrumb\",\"itemListElement\":[{\"@type\":\"ListItem\",\"position\":1,\"name\":\"Anasayfa\",\"item\":\"https:\/\/avrupapress.com\/\"},{\"@type\":\"ListItem\",\"position\":2,\"name\":\"Koronavir\u00fcs nedeniyle Fransa&#8217;da M\u00fcsl\u00fcmanlar i\u00e7in mezarl\u0131k kalmad\u0131\"}]},{\"@type\":\"WebSite\",\"@id\":\"https:\/\/avrupapress.com\/#website\",\"url\":\"https:\/\/avrupapress.com\/\",\"name\":\"AvrupaPress\",\"description\":\"Haberin Adresi\",\"publisher\":{\"@id\":\"https:\/\/avrupapress.com\/#\/schema\/person\/0223dca19c72c43575bf30d1a2d8f4fa\"},\"potentialAction\":[{\"@type\":\"SearchAction\",\"target\":{\"@type\":\"EntryPoint\",\"urlTemplate\":\"https:\/\/avrupapress.com\/?s={search_term_string}\"},\"query-input\":{\"@type\":\"PropertyValueSpecification\",\"valueRequired\":true,\"valueName\":\"search_term_string\"}}],\"inLanguage\":\"fr-BE\"},{\"@type\":[\"Person\",\"Organization\"],\"@id\":\"https:\/\/avrupapress.com\/#\/schema\/person\/0223dca19c72c43575bf30d1a2d8f4fa\",\"name\":\"Bilgin \u00d6z\u00e7ift\u00e7i\",\"image\":{\"@type\":\"ImageObject\",\"inLanguage\":\"fr-BE\",\"@id\":\"https:\/\/avrupapress.com\/#\/schema\/person\/image\/\",\"url\":\"https:\/\/secure.gravatar.com\/avatar\/0f23b280433a21e1ea7a0adcc46ed0ad16afe3ad8e630fd13d8a017dcbd54ef3?s=96&d=mm&r=g\",\"contentUrl\":\"https:\/\/secure.gravatar.com\/avatar\/0f23b280433a21e1ea7a0adcc46ed0ad16afe3ad8e630fd13d8a017dcbd54ef3?s=96&d=mm&r=g\",\"caption\":\"Bilgin \u00d6z\u00e7ift\u00e7i\"},\"logo\":{\"@id\":\"https:\/\/avrupapress.com\/#\/schema\/person\/image\/\"},\"description\":\"Ne ben, nede sen... Biz ancak \\\"biz\\\" olursak g\u00fc\u00e7l\u00fc olabiliriz\"},{\"@type\":\"Person\",\"@id\":\"https:\/\/avrupapress.com\/#\/schema\/person\/68428444ec60970d1e1b700cf4ca1e8f\",\"name\":\"Edit\u00f6r\",\"image\":{\"@type\":\"ImageObject\",\"inLanguage\":\"fr-BE\",\"@id\":\"https:\/\/avrupapress.com\/#\/schema\/person\/image\/\",\"url\":\"https:\/\/secure.gravatar.com\/avatar\/74996b0977aa5f1559ba9883776652508b229005c0d78fb2597897f0bd651c09?s=96&d=mm&r=g\",\"contentUrl\":\"https:\/\/secure.gravatar.com\/avatar\/74996b0977aa5f1559ba9883776652508b229005c0d78fb2597897f0bd651c09?s=96&d=mm&r=g\",\"caption\":\"Edit\u00f6r\"},\"sameAs\":[\"http:\/\/www.avrupapress.com\"],\"url\":\"https:\/\/avrupapress.com\/main\/author\/editor\/\"}]}<\/script>\n<!-- \/ Yoast SEO plugin. -->","yoast_head_json":{"title":"Koronavir\u00fcs nedeniyle Fransa'da M\u00fcsl\u00fcmanlar i\u00e7in mezarl\u0131k kalmad\u0131 - AvrupaPress","robots":{"index":"index","follow":"follow","max-snippet":"max-snippet:-1","max-image-preview":"max-image-preview:large","max-video-preview":"max-video-preview:-1"},"canonical":"https:\/\/avrupapress.com\/2020\/05\/11\/koronavirus-nedeniyle-fransada-muslumanlar-icin-mezarlik-kalmadi\/","og_locale":"fr_FR","og_type":"article","og_title":"Koronavir\u00fcs nedeniyle Fransa'da M\u00fcsl\u00fcmanlar i\u00e7in mezarl\u0131k kalmad\u0131 - AvrupaPress","og_description":"Fransa&rsquo;da yeni tip koronavir\u00fcs (Kovid-19) salg\u0131n\u0131 nedeniyle M\u00fcsl\u00fcmanlar i\u00e7in mezarl\u0131k kalmad\u0131\u011f\u0131 belirtildi. M\u00fcsl\u00fcmanlar\u0131n cenaze i\u015flemlerine ili\u015fkin \u00e7al\u0131\u015fmalar yapan Tahara Derne\u011fi Ba\u015fkan\u0131 ve hem\u015fire Abdessamad Akrach, AA muhabirine yapt\u0131\u011f\u0131 a\u00e7\u0131klamada, normal \u015fartlarda M\u00fcsl\u00fcmanlar\u0131n cenazelerinin istekleri do\u011frultusunda yurt d\u0131\u015f\u0131na\u00a0nakledildi\u011fini ancak \u015fu an salg\u0131n nedeniyle bunun m\u00fcmk\u00fcn olmad\u0131\u011f\u0131n\u0131 s\u00f6yledi. \u00a0\u00bbY\u00dcZLERCE CENAZE BUZDOLAPLARINDA BEKL\u0130YOR\u00a0\u00bb Akrach, \u00fclkedeki mezarl\u0131klarda da M\u00fcsl\u00fcmanlar [&hellip;]","og_url":"https:\/\/avrupapress.com\/2020\/05\/11\/koronavirus-nedeniyle-fransada-muslumanlar-icin-mezarlik-kalmadi\/","og_site_name":"AvrupaPress","article_published_time":"2020-05-11T22:01:13+00:00","article_modified_time":"2020-05-11T22:01:15+00:00","og_image":[{"width":750,"height":420,"url":"https:\/\/avrupapress.com\/wp-content\/uploads\/2020\/05\/96760891_10158442904249727_6250104136478490624_n.jpg","type":"image\/jpeg"}],"author":"Edit\u00f6r","twitter_card":"summary_large_image","twitter_misc":{"\u00c9crit par":"Edit\u00f6r","Dur\u00e9e de lecture est.":"1 minute"},"schema":{"@context":"https:\/\/schema.org","@graph":[{"@type":"Article","@id":"https:\/\/avrupapress.com\/2020\/05\/11\/koronavirus-nedeniyle-fransada-muslumanlar-icin-mezarlik-kalmadi\/#article","isPartOf":{"@id":"https:\/\/avrupapress.com\/2020\/05\/11\/koronavirus-nedeniyle-fransada-muslumanlar-icin-mezarlik-kalmadi\/"},"author":{"name":"Edit\u00f6r","@id":"https:\/\/avrupapress.com\/#\/schema\/person\/68428444ec60970d1e1b700cf4ca1e8f"},"headline":"Koronavir\u00fcs nedeniyle Fransa&rsquo;da M\u00fcsl\u00fcmanlar i\u00e7in mezarl\u0131k kalmad\u0131","datePublished":"2020-05-11T22:01:13+00:00","dateModified":"2020-05-11T22:01:15+00:00","mainEntityOfPage":{"@id":"https:\/\/avrupapress.com\/2020\/05\/11\/koronavirus-nedeniyle-fransada-muslumanlar-icin-mezarlik-kalmadi\/"},"wordCount":233,"publisher":{"@id":"https:\/\/avrupapress.com\/#\/schema\/person\/0223dca19c72c43575bf30d1a2d8f4fa"},"image":{"@id":"https:\/\/avrupapress.com\/2020\/05\/11\/koronavirus-nedeniyle-fransada-muslumanlar-icin-mezarlik-kalmadi\/#primaryimage"},"thumbnailUrl":"https:\/\/avrupapress.com\/main\/wp-content\/uploads\/2020\/05\/96760891_10158442904249727_6250104136478490624_n.jpg","keywords":["\u00fclkedeki mezarl\u0131klarda"],"articleSection":["Avrupa","Bel\u00e7ika","D\u00fcnya","T\u00fcrkiye"],"inLanguage":"fr-BE"},{"@type":"WebPage","@id":"https:\/\/avrupapress.com\/2020\/05\/11\/koronavirus-nedeniyle-fransada-muslumanlar-icin-mezarlik-kalmadi\/","url":"https:\/\/avrupapress.com\/2020\/05\/11\/koronavirus-nedeniyle-fransada-muslumanlar-icin-mezarlik-kalmadi\/","name":"Koronavir\u00fcs nedeniyle Fransa'da M\u00fcsl\u00fcmanlar i\u00e7in mezarl\u0131k kalmad\u0131 - AvrupaPress","isPartOf":{"@id":"https:\/\/avrupapress.com\/#website"},"primaryImageOfPage":{"@id":"https:\/\/avrupapress.com\/2020\/05\/11\/koronavirus-nedeniyle-fransada-muslumanlar-icin-mezarlik-kalmadi\/#primaryimage"},"image":{"@id":"https:\/\/avrupapress.com\/2020\/05\/11\/koronavirus-nedeniyle-fransada-muslumanlar-icin-mezarlik-kalmadi\/#primaryimage"},"thumbnailUrl":"https:\/\/avrupapress.com\/main\/wp-content\/uploads\/2020\/05\/96760891_10158442904249727_6250104136478490624_n.jpg","datePublished":"2020-05-11T22:01:13+00:00","dateModified":"2020-05-11T22:01:15+00:00","breadcrumb":{"@id":"https:\/\/avrupapress.com\/2020\/05\/11\/koronavirus-nedeniyle-fransada-muslumanlar-icin-mezarlik-kalmadi\/#breadcrumb"},"inLanguage":"fr-BE","potentialAction":[{"@type":"ReadAction","target":["https:\/\/avrupapress.com\/2020\/05\/11\/koronavirus-nedeniyle-fransada-muslumanlar-icin-mezarlik-kalmadi\/"]}]},{"@type":"ImageObject","inLanguage":"fr-BE","@id":"https:\/\/avrupapress.com\/2020\/05\/11\/koronavirus-nedeniyle-fransada-muslumanlar-icin-mezarlik-kalmadi\/#primaryimage","url":"https:\/\/avrupapress.com\/main\/wp-content\/uploads\/2020\/05\/96760891_10158442904249727_6250104136478490624_n.jpg","contentUrl":"https:\/\/avrupapress.com\/main\/wp-content\/uploads\/2020\/05\/96760891_10158442904249727_6250104136478490624_n.jpg","width":750,"height":420},{"@type":"BreadcrumbList","@id":"https:\/\/avrupapress.com\/2020\/05\/11\/koronavirus-nedeniyle-fransada-muslumanlar-icin-mezarlik-kalmadi\/#breadcrumb","itemListElement":[{"@type":"ListItem","position":1,"name":"Anasayfa","item":"https:\/\/avrupapress.com\/"},{"@type":"ListItem","position":2,"name":"Koronavir\u00fcs nedeniyle Fransa&#8217;da M\u00fcsl\u00fcmanlar i\u00e7in mezarl\u0131k kalmad\u0131"}]},{"@type":"WebSite","@id":"https:\/\/avrupapress.com\/#website","url":"https:\/\/avrupapress.com\/","name":"AvrupaPress","description":"Haberin Adresi","publisher":{"@id":"https:\/\/avrupapress.com\/#\/schema\/person\/0223dca19c72c43575bf30d1a2d8f4fa"},"potentialAction":[{"@type":"SearchAction","target":{"@type":"EntryPoint","urlTemplate":"https:\/\/avrupapress.com\/?s={search_term_string}"},"query-input":{"@type":"PropertyValueSpecification","valueRequired":true,"valueName":"search_term_string"}}],"inLanguage":"fr-BE"},{"@type":["Person","Organization"],"@id":"https:\/\/avrupapress.com\/#\/schema\/person\/0223dca19c72c43575bf30d1a2d8f4fa","name":"Bilgin \u00d6z\u00e7ift\u00e7i","image":{"@type":"ImageObject","inLanguage":"fr-BE","@id":"https:\/\/avrupapress.com\/#\/schema\/person\/image\/","url":"https:\/\/secure.gravatar.com\/avatar\/0f23b280433a21e1ea7a0adcc46ed0ad16afe3ad8e630fd13d8a017dcbd54ef3?s=96&d=mm&r=g","contentUrl":"https:\/\/secure.gravatar.com\/avatar\/0f23b280433a21e1ea7a0adcc46ed0ad16afe3ad8e630fd13d8a017dcbd54ef3?s=96&d=mm&r=g","caption":"Bilgin \u00d6z\u00e7ift\u00e7i"},"logo":{"@id":"https:\/\/avrupapress.com\/#\/schema\/person\/image\/"},"description":"Ne ben, nede sen... Biz ancak \"biz\" olursak g\u00fc\u00e7l\u00fc olabiliriz"},{"@type":"Person","@id":"https:\/\/avrupapress.com\/#\/schema\/person\/68428444ec60970d1e1b700cf4ca1e8f","name":"Edit\u00f6r","image":{"@type":"ImageObject","inLanguage":"fr-BE","@id":"https:\/\/avrupapress.com\/#\/schema\/person\/image\/","url":"https:\/\/secure.gravatar.com\/avatar\/74996b0977aa5f1559ba9883776652508b229005c0d78fb2597897f0bd651c09?s=96&d=mm&r=g","contentUrl":"https:\/\/secure.gravatar.com\/avatar\/74996b0977aa5f1559ba9883776652508b229005c0d78fb2597897f0bd651c09?s=96&d=mm&r=g","caption":"Edit\u00f6r"},"sameAs":["http:\/\/www.avrupapress.com"],"url":"https:\/\/avrupapress.com\/main\/author\/editor\/"}]}},"_links":{"self":[{"href":"https:\/\/avrupapress.com\/main\/wp-json\/wp\/v2\/posts\/11743","targetHints":{"allow":["GET"]}}],"collection":[{"href":"https:\/\/avrupapress.com\/main\/wp-json\/wp\/v2\/posts"}],"about":[{"href":"https:\/\/avrupapress.com\/main\/wp-json\/wp\/v2\/types\/post"}],"author":[{"embeddable":true,"href":"https:\/\/avrupapress.com\/main\/wp-json\/wp\/v2\/users\/3"}],"replies":[{"embeddable":true,"href":"https:\/\/avrupapress.com\/main\/wp-json\/wp\/v2\/comments?post=11743"}],"version-history":[{"count":1,"href":"https:\/\/avrupapress.com\/main\/wp-json\/wp\/v2\/posts\/11743\/revisions"}],"predecessor-version":[{"id":11745,"href":"https:\/\/avrupapress.com\/main\/wp-json\/wp\/v2\/posts\/11743\/revisions\/11745"}],"wp:featuredmedia":[{"embeddable":true,"href":"https:\/\/avrupapress.com\/main\/wp-json\/wp\/v2\/media\/11744"}],"wp:attachment":[{"href":"https:\/\/avrupapress.com\/main\/wp-json\/wp\/v2\/media?parent=11743"}],"wp:term":[{"taxonomy":"category","embeddable":true,"href":"https:\/\/avrupapress.com\/main\/wp-json\/wp\/v2\/categories?post=11743"},{"taxonomy":"post_tag","embeddable":true,"href":"https:\/\/avrupapress.com\/main\/wp-json\/wp\/v2\/tags?post=11743"}],"curies":[{"name":"wp","href":"https:\/\/api.w.org\/{rel}","templated":true}]}}