{"id":11740,"date":"2020-05-11T21:48:59","date_gmt":"2020-05-11T21:48:59","guid":{"rendered":"http:\/\/avrupapress.com\/main\/?p=11740"},"modified":"2020-05-11T21:48:59","modified_gmt":"2020-05-11T21:48:59","slug":"tatile-giden-gurbetciye-karantina-yok","status":"publish","type":"post","link":"https:\/\/avrupapress.com\/main\/2020\/05\/11\/tatile-giden-gurbetciye-karantina-yok\/","title":{"rendered":"TAT\u0130LE G\u0130DEN GURBET\u00c7\u0130YE KARANT\u0130NA YOK"},"content":{"rendered":"\n<p>D\u00fcnyay\u0131 etkisi alt\u0131na alan koronavir\u00fcs salg\u0131n\u0131 nedeniyle bu y\u0131l T\u00fcrkiye\u2019de izinin m\u00fcmk\u00fcn olup olmayaca\u011f\u0131 merek edilirken, \u00fclkeye gelenler i\u00e7in 14 g\u00fcn karantina uygulamas\u0131n\u0131n olmayaca\u011f\u0131 ortaya \u00e7\u0131kt\u0131. <\/p>\n\n\n\n<p>Turizm ve K\u00fclt\u00fcr Bakan\u0131 Mehmet Ersoy bug\u00fcn H\u00fcrriyet\u2019ten Ertu\u011frul \u00d6zk\u00f6k\u2019e yapt\u0131\u011f\u0131 a\u00e7\u0131klamaya g\u00f6re bu y\u0131l T\u00fcrkiye ile yurt d\u0131\u015f\u0131 u\u00e7u\u015flar\u0131n\u0131n ba\u015flayaca\u011f\u0131 Haziran ay\u0131ndan sonra \u00fclkeye gelenlere karantina yerine h\u0131zl\u0131 korona testi uygulanacak. Testi negatif \u00e7\u0131kanlar\u0131n ise evlerine gitmesine m\u00fcsaade edilecek.<\/p>\n\n\n\n<p> T\u00fcrkiye\u2019de 14 g\u00fcn karantina uygulanmayacak Ersoy\u2019un \u00f6ne \u00e7\u0131kan a\u00e7\u0131klamalar\u0131 ise \u015fu \u015fekilde: \u201cSa\u011fl\u0131k Bakanl\u0131\u011f\u0131, haziran ay\u0131 ba\u015f\u0131nda Antalya\u2019dan ba\u015flamak \u00fczere b\u00fct\u00fcn havalimanlar\u0131nda, Kap\u0131kule ve \u0130psala\u2019da korona test istasyonlar\u0131 kuracak ve gelen her yolcuya test uygulanacak. <\/p>\n\n\n\n<p>Sonucu 5-6 saat i\u00e7inde al\u0131nacak. Gelen yolcunun T\u00fcrkiye\u2019deki adresi belli oldu\u011fu i\u00e7in gerekti\u011finde an\u0131nda m\u00fcdahale de edilebilece\u011fi vurguyalan Ersoy, Ayr\u0131ca testlerin pasaporttan ge\u00e7i\u015ften \u00f6nce uygulanacak.<\/p>\n\n\n\n<p> En fazla 2-3 dakika s\u00fcrecek ve y\u0131\u011f\u0131lmalara yol a\u00e7mayacak.\u201d T\u00fcrkiye\u2019deki adresi belli oldu\u011fu i\u00e7in gerekti\u011finde an\u0131nda m\u00fcdahale de edilebilece\u011fi vurgulayan Ersoy, Ayr\u0131ca testlerin pasaporttan ge\u00e7i\u015ften \u00f6nce uygulanacak. En fazla 2-3 dakika s\u00fcrecek ve y\u0131\u011f\u0131lmalara yol a\u00e7mayacak.\u201ddiye konu\u015ftu.<\/p>\n\n\n\n<p><strong>Seval Aksan \/ AVRUPAPRESS<\/strong><\/p>\n","protected":false},"excerpt":{"rendered":"<p>D\u00fcnyay\u0131 etkisi alt\u0131na alan koronavir\u00fcs salg\u0131n\u0131 nedeniyle bu y\u0131l T\u00fcrkiye\u2019de izinin m\u00fcmk\u00fcn olup olmayaca\u011f\u0131 merek edilirken, \u00fclkeye gelenler i\u00e7in 14 g\u00fcn karantina uygulamas\u0131n\u0131n olmayaca\u011f\u0131 ortaya \u00e7\u0131kt\u0131. Turizm ve K\u00fclt\u00fcr Bakan\u0131 Mehmet Ersoy bug\u00fcn H\u00fcrriyet\u2019ten Ertu\u011frul \u00d6zk\u00f6k\u2019e yapt\u0131\u011f\u0131 a\u00e7\u0131klamaya g\u00f6re bu y\u0131l T\u00fcrkiye ile yurt d\u0131\u015f\u0131 u\u00e7u\u015flar\u0131n\u0131n ba\u015flayaca\u011f\u0131 Haziran ay\u0131ndan sonra \u00fclkeye gelenlere karantina yerine h\u0131zl\u0131 [&hellip;]<\/p>\n","protected":false},"author":3,"featured_media":11741,"comment_status":"closed","ping_status":"open","sticky":false,"template":"","format":"standard","meta":{"footnotes":""},"categories":[14,16,3,17,19,2],"tags":[5297],"class_list":["post-11740","post","type-post","status-publish","format-standard","has-post-thumbnail","hentry","category-avrupa","category-belcika","category-dunya","category-ekonomi","category-tanitim","category-turkiye","tag-tatile-giden-gurbetciye-karantina-yok"],"yoast_head":"<!-- This site is optimized with the Yoast SEO plugin v26.9 - https:\/\/yoast.com\/product\/yoast-seo-wordpress\/ -->\n<title>TAT\u0130LE G\u0130DEN GURBET\u00c7\u0130YE KARANT\u0130NA YOK - AvrupaPress<\/title>\n<meta name=\"robots\" content=\"index, follow, max-snippet:-1, max-image-preview:large, max-video-preview:-1\" \/>\n<link rel=\"canonical\" href=\"https:\/\/avrupapress.com\/2020\/05\/11\/tatile-giden-gurbetciye-karantina-yok\/\" \/>\n<meta property=\"og:locale\" content=\"fr_FR\" \/>\n<meta property=\"og:type\" content=\"article\" \/>\n<meta property=\"og:title\" content=\"TAT\u0130LE G\u0130DEN GURBET\u00c7\u0130YE KARANT\u0130NA YOK - AvrupaPress\" \/>\n<meta property=\"og:description\" content=\"D\u00fcnyay\u0131 etkisi alt\u0131na alan koronavir\u00fcs salg\u0131n\u0131 nedeniyle bu y\u0131l T\u00fcrkiye\u2019de izinin m\u00fcmk\u00fcn olup olmayaca\u011f\u0131 merek edilirken, \u00fclkeye gelenler i\u00e7in 14 g\u00fcn karantina uygulamas\u0131n\u0131n olmayaca\u011f\u0131 ortaya \u00e7\u0131kt\u0131. Turizm ve K\u00fclt\u00fcr Bakan\u0131 Mehmet Ersoy bug\u00fcn H\u00fcrriyet\u2019ten Ertu\u011frul \u00d6zk\u00f6k\u2019e yapt\u0131\u011f\u0131 a\u00e7\u0131klamaya g\u00f6re bu y\u0131l T\u00fcrkiye ile yurt d\u0131\u015f\u0131 u\u00e7u\u015flar\u0131n\u0131n ba\u015flayaca\u011f\u0131 Haziran ay\u0131ndan sonra \u00fclkeye gelenlere karantina yerine h\u0131zl\u0131 [&hellip;]\" \/>\n<meta property=\"og:url\" content=\"https:\/\/avrupapress.com\/2020\/05\/11\/tatile-giden-gurbetciye-karantina-yok\/\" \/>\n<meta property=\"og:site_name\" content=\"AvrupaPress\" \/>\n<meta property=\"article:published_time\" content=\"2020-05-11T21:48:59+00:00\" \/>\n<meta property=\"og:image\" content=\"https:\/\/avrupapress.com\/wp-content\/uploads\/2020\/05\/40047410_S-G0sc3PYJmR4yAabViEaYOhBJL7lAoPelTWkm1m2rU.jpg\" \/>\n\t<meta property=\"og:image:width\" content=\"960\" \/>\n\t<meta property=\"og:image:height\" content=\"720\" \/>\n\t<meta property=\"og:image:type\" content=\"image\/jpeg\" \/>\n<meta name=\"author\" content=\"Edit\u00f6r\" \/>\n<meta name=\"twitter:card\" content=\"summary_large_image\" \/>\n<meta name=\"twitter:label1\" content=\"\u00c9crit par\" \/>\n\t<meta name=\"twitter:data1\" content=\"Edit\u00f6r\" \/>\n\t<meta name=\"twitter:label2\" content=\"Dur\u00e9e de lecture est.\" \/>\n\t<meta name=\"twitter:data2\" content=\"1 minute\" \/>\n<script type=\"application\/ld+json\" class=\"yoast-schema-graph\">{\"@context\":\"https:\/\/schema.org\",\"@graph\":[{\"@type\":\"Article\",\"@id\":\"https:\/\/avrupapress.com\/2020\/05\/11\/tatile-giden-gurbetciye-karantina-yok\/#article\",\"isPartOf\":{\"@id\":\"https:\/\/avrupapress.com\/2020\/05\/11\/tatile-giden-gurbetciye-karantina-yok\/\"},\"author\":{\"name\":\"Edit\u00f6r\",\"@id\":\"https:\/\/avrupapress.com\/#\/schema\/person\/68428444ec60970d1e1b700cf4ca1e8f\"},\"headline\":\"TAT\u0130LE G\u0130DEN GURBET\u00c7\u0130YE KARANT\u0130NA YOK\",\"datePublished\":\"2020-05-11T21:48:59+00:00\",\"mainEntityOfPage\":{\"@id\":\"https:\/\/avrupapress.com\/2020\/05\/11\/tatile-giden-gurbetciye-karantina-yok\/\"},\"wordCount\":254,\"publisher\":{\"@id\":\"https:\/\/avrupapress.com\/#\/schema\/person\/0223dca19c72c43575bf30d1a2d8f4fa\"},\"image\":{\"@id\":\"https:\/\/avrupapress.com\/2020\/05\/11\/tatile-giden-gurbetciye-karantina-yok\/#primaryimage\"},\"thumbnailUrl\":\"https:\/\/avrupapress.com\/main\/wp-content\/uploads\/2020\/05\/40047410_S-G0sc3PYJmR4yAabViEaYOhBJL7lAoPelTWkm1m2rU.jpg\",\"keywords\":[\"TAT\u0130LE G\u0130DEN GURBET\u00c7\u0130YE KARANT\u0130NA YOK\"],\"articleSection\":[\"Avrupa\",\"Bel\u00e7ika\",\"D\u00fcnya\",\"Ekonomi\",\"Tan\u0131t\u0131m\",\"T\u00fcrkiye\"],\"inLanguage\":\"fr-BE\"},{\"@type\":\"WebPage\",\"@id\":\"https:\/\/avrupapress.com\/2020\/05\/11\/tatile-giden-gurbetciye-karantina-yok\/\",\"url\":\"https:\/\/avrupapress.com\/2020\/05\/11\/tatile-giden-gurbetciye-karantina-yok\/\",\"name\":\"TAT\u0130LE G\u0130DEN GURBET\u00c7\u0130YE KARANT\u0130NA YOK - AvrupaPress\",\"isPartOf\":{\"@id\":\"https:\/\/avrupapress.com\/#website\"},\"primaryImageOfPage\":{\"@id\":\"https:\/\/avrupapress.com\/2020\/05\/11\/tatile-giden-gurbetciye-karantina-yok\/#primaryimage\"},\"image\":{\"@id\":\"https:\/\/avrupapress.com\/2020\/05\/11\/tatile-giden-gurbetciye-karantina-yok\/#primaryimage\"},\"thumbnailUrl\":\"https:\/\/avrupapress.com\/main\/wp-content\/uploads\/2020\/05\/40047410_S-G0sc3PYJmR4yAabViEaYOhBJL7lAoPelTWkm1m2rU.jpg\",\"datePublished\":\"2020-05-11T21:48:59+00:00\",\"breadcrumb\":{\"@id\":\"https:\/\/avrupapress.com\/2020\/05\/11\/tatile-giden-gurbetciye-karantina-yok\/#breadcrumb\"},\"inLanguage\":\"fr-BE\",\"potentialAction\":[{\"@type\":\"ReadAction\",\"target\":[\"https:\/\/avrupapress.com\/2020\/05\/11\/tatile-giden-gurbetciye-karantina-yok\/\"]}]},{\"@type\":\"ImageObject\",\"inLanguage\":\"fr-BE\",\"@id\":\"https:\/\/avrupapress.com\/2020\/05\/11\/tatile-giden-gurbetciye-karantina-yok\/#primaryimage\",\"url\":\"https:\/\/avrupapress.com\/main\/wp-content\/uploads\/2020\/05\/40047410_S-G0sc3PYJmR4yAabViEaYOhBJL7lAoPelTWkm1m2rU.jpg\",\"contentUrl\":\"https:\/\/avrupapress.com\/main\/wp-content\/uploads\/2020\/05\/40047410_S-G0sc3PYJmR4yAabViEaYOhBJL7lAoPelTWkm1m2rU.jpg\",\"width\":960,\"height\":720},{\"@type\":\"BreadcrumbList\",\"@id\":\"https:\/\/avrupapress.com\/2020\/05\/11\/tatile-giden-gurbetciye-karantina-yok\/#breadcrumb\",\"itemListElement\":[{\"@type\":\"ListItem\",\"position\":1,\"name\":\"Anasayfa\",\"item\":\"https:\/\/avrupapress.com\/\"},{\"@type\":\"ListItem\",\"position\":2,\"name\":\"TAT\u0130LE G\u0130DEN GURBET\u00c7\u0130YE KARANT\u0130NA YOK\"}]},{\"@type\":\"WebSite\",\"@id\":\"https:\/\/avrupapress.com\/#website\",\"url\":\"https:\/\/avrupapress.com\/\",\"name\":\"AvrupaPress\",\"description\":\"Haberin Adresi\",\"publisher\":{\"@id\":\"https:\/\/avrupapress.com\/#\/schema\/person\/0223dca19c72c43575bf30d1a2d8f4fa\"},\"potentialAction\":[{\"@type\":\"SearchAction\",\"target\":{\"@type\":\"EntryPoint\",\"urlTemplate\":\"https:\/\/avrupapress.com\/?s={search_term_string}\"},\"query-input\":{\"@type\":\"PropertyValueSpecification\",\"valueRequired\":true,\"valueName\":\"search_term_string\"}}],\"inLanguage\":\"fr-BE\"},{\"@type\":[\"Person\",\"Organization\"],\"@id\":\"https:\/\/avrupapress.com\/#\/schema\/person\/0223dca19c72c43575bf30d1a2d8f4fa\",\"name\":\"Bilgin \u00d6z\u00e7ift\u00e7i\",\"image\":{\"@type\":\"ImageObject\",\"inLanguage\":\"fr-BE\",\"@id\":\"https:\/\/avrupapress.com\/#\/schema\/person\/image\/\",\"url\":\"https:\/\/secure.gravatar.com\/avatar\/0f23b280433a21e1ea7a0adcc46ed0ad16afe3ad8e630fd13d8a017dcbd54ef3?s=96&d=mm&r=g\",\"contentUrl\":\"https:\/\/secure.gravatar.com\/avatar\/0f23b280433a21e1ea7a0adcc46ed0ad16afe3ad8e630fd13d8a017dcbd54ef3?s=96&d=mm&r=g\",\"caption\":\"Bilgin \u00d6z\u00e7ift\u00e7i\"},\"logo\":{\"@id\":\"https:\/\/avrupapress.com\/#\/schema\/person\/image\/\"},\"description\":\"Ne ben, nede sen... Biz ancak \\\"biz\\\" olursak g\u00fc\u00e7l\u00fc olabiliriz\"},{\"@type\":\"Person\",\"@id\":\"https:\/\/avrupapress.com\/#\/schema\/person\/68428444ec60970d1e1b700cf4ca1e8f\",\"name\":\"Edit\u00f6r\",\"image\":{\"@type\":\"ImageObject\",\"inLanguage\":\"fr-BE\",\"@id\":\"https:\/\/avrupapress.com\/#\/schema\/person\/image\/\",\"url\":\"https:\/\/secure.gravatar.com\/avatar\/74996b0977aa5f1559ba9883776652508b229005c0d78fb2597897f0bd651c09?s=96&d=mm&r=g\",\"contentUrl\":\"https:\/\/secure.gravatar.com\/avatar\/74996b0977aa5f1559ba9883776652508b229005c0d78fb2597897f0bd651c09?s=96&d=mm&r=g\",\"caption\":\"Edit\u00f6r\"},\"sameAs\":[\"http:\/\/www.avrupapress.com\"],\"url\":\"https:\/\/avrupapress.com\/main\/author\/editor\/\"}]}<\/script>\n<!-- \/ Yoast SEO plugin. -->","yoast_head_json":{"title":"TAT\u0130LE G\u0130DEN GURBET\u00c7\u0130YE KARANT\u0130NA YOK - AvrupaPress","robots":{"index":"index","follow":"follow","max-snippet":"max-snippet:-1","max-image-preview":"max-image-preview:large","max-video-preview":"max-video-preview:-1"},"canonical":"https:\/\/avrupapress.com\/2020\/05\/11\/tatile-giden-gurbetciye-karantina-yok\/","og_locale":"fr_FR","og_type":"article","og_title":"TAT\u0130LE G\u0130DEN GURBET\u00c7\u0130YE KARANT\u0130NA YOK - AvrupaPress","og_description":"D\u00fcnyay\u0131 etkisi alt\u0131na alan koronavir\u00fcs salg\u0131n\u0131 nedeniyle bu y\u0131l T\u00fcrkiye\u2019de izinin m\u00fcmk\u00fcn olup olmayaca\u011f\u0131 merek edilirken, \u00fclkeye gelenler i\u00e7in 14 g\u00fcn karantina uygulamas\u0131n\u0131n olmayaca\u011f\u0131 ortaya \u00e7\u0131kt\u0131. Turizm ve K\u00fclt\u00fcr Bakan\u0131 Mehmet Ersoy bug\u00fcn H\u00fcrriyet\u2019ten Ertu\u011frul \u00d6zk\u00f6k\u2019e yapt\u0131\u011f\u0131 a\u00e7\u0131klamaya g\u00f6re bu y\u0131l T\u00fcrkiye ile yurt d\u0131\u015f\u0131 u\u00e7u\u015flar\u0131n\u0131n ba\u015flayaca\u011f\u0131 Haziran ay\u0131ndan sonra \u00fclkeye gelenlere karantina yerine h\u0131zl\u0131 [&hellip;]","og_url":"https:\/\/avrupapress.com\/2020\/05\/11\/tatile-giden-gurbetciye-karantina-yok\/","og_site_name":"AvrupaPress","article_published_time":"2020-05-11T21:48:59+00:00","og_image":[{"width":960,"height":720,"url":"https:\/\/avrupapress.com\/wp-content\/uploads\/2020\/05\/40047410_S-G0sc3PYJmR4yAabViEaYOhBJL7lAoPelTWkm1m2rU.jpg","type":"image\/jpeg"}],"author":"Edit\u00f6r","twitter_card":"summary_large_image","twitter_misc":{"\u00c9crit par":"Edit\u00f6r","Dur\u00e9e de lecture est.":"1 minute"},"schema":{"@context":"https:\/\/schema.org","@graph":[{"@type":"Article","@id":"https:\/\/avrupapress.com\/2020\/05\/11\/tatile-giden-gurbetciye-karantina-yok\/#article","isPartOf":{"@id":"https:\/\/avrupapress.com\/2020\/05\/11\/tatile-giden-gurbetciye-karantina-yok\/"},"author":{"name":"Edit\u00f6r","@id":"https:\/\/avrupapress.com\/#\/schema\/person\/68428444ec60970d1e1b700cf4ca1e8f"},"headline":"TAT\u0130LE G\u0130DEN GURBET\u00c7\u0130YE KARANT\u0130NA YOK","datePublished":"2020-05-11T21:48:59+00:00","mainEntityOfPage":{"@id":"https:\/\/avrupapress.com\/2020\/05\/11\/tatile-giden-gurbetciye-karantina-yok\/"},"wordCount":254,"publisher":{"@id":"https:\/\/avrupapress.com\/#\/schema\/person\/0223dca19c72c43575bf30d1a2d8f4fa"},"image":{"@id":"https:\/\/avrupapress.com\/2020\/05\/11\/tatile-giden-gurbetciye-karantina-yok\/#primaryimage"},"thumbnailUrl":"https:\/\/avrupapress.com\/main\/wp-content\/uploads\/2020\/05\/40047410_S-G0sc3PYJmR4yAabViEaYOhBJL7lAoPelTWkm1m2rU.jpg","keywords":["TAT\u0130LE G\u0130DEN GURBET\u00c7\u0130YE KARANT\u0130NA YOK"],"articleSection":["Avrupa","Bel\u00e7ika","D\u00fcnya","Ekonomi","Tan\u0131t\u0131m","T\u00fcrkiye"],"inLanguage":"fr-BE"},{"@type":"WebPage","@id":"https:\/\/avrupapress.com\/2020\/05\/11\/tatile-giden-gurbetciye-karantina-yok\/","url":"https:\/\/avrupapress.com\/2020\/05\/11\/tatile-giden-gurbetciye-karantina-yok\/","name":"TAT\u0130LE G\u0130DEN GURBET\u00c7\u0130YE KARANT\u0130NA YOK - AvrupaPress","isPartOf":{"@id":"https:\/\/avrupapress.com\/#website"},"primaryImageOfPage":{"@id":"https:\/\/avrupapress.com\/2020\/05\/11\/tatile-giden-gurbetciye-karantina-yok\/#primaryimage"},"image":{"@id":"https:\/\/avrupapress.com\/2020\/05\/11\/tatile-giden-gurbetciye-karantina-yok\/#primaryimage"},"thumbnailUrl":"https:\/\/avrupapress.com\/main\/wp-content\/uploads\/2020\/05\/40047410_S-G0sc3PYJmR4yAabViEaYOhBJL7lAoPelTWkm1m2rU.jpg","datePublished":"2020-05-11T21:48:59+00:00","breadcrumb":{"@id":"https:\/\/avrupapress.com\/2020\/05\/11\/tatile-giden-gurbetciye-karantina-yok\/#breadcrumb"},"inLanguage":"fr-BE","potentialAction":[{"@type":"ReadAction","target":["https:\/\/avrupapress.com\/2020\/05\/11\/tatile-giden-gurbetciye-karantina-yok\/"]}]},{"@type":"ImageObject","inLanguage":"fr-BE","@id":"https:\/\/avrupapress.com\/2020\/05\/11\/tatile-giden-gurbetciye-karantina-yok\/#primaryimage","url":"https:\/\/avrupapress.com\/main\/wp-content\/uploads\/2020\/05\/40047410_S-G0sc3PYJmR4yAabViEaYOhBJL7lAoPelTWkm1m2rU.jpg","contentUrl":"https:\/\/avrupapress.com\/main\/wp-content\/uploads\/2020\/05\/40047410_S-G0sc3PYJmR4yAabViEaYOhBJL7lAoPelTWkm1m2rU.jpg","width":960,"height":720},{"@type":"BreadcrumbList","@id":"https:\/\/avrupapress.com\/2020\/05\/11\/tatile-giden-gurbetciye-karantina-yok\/#breadcrumb","itemListElement":[{"@type":"ListItem","position":1,"name":"Anasayfa","item":"https:\/\/avrupapress.com\/"},{"@type":"ListItem","position":2,"name":"TAT\u0130LE G\u0130DEN GURBET\u00c7\u0130YE KARANT\u0130NA YOK"}]},{"@type":"WebSite","@id":"https:\/\/avrupapress.com\/#website","url":"https:\/\/avrupapress.com\/","name":"AvrupaPress","description":"Haberin Adresi","publisher":{"@id":"https:\/\/avrupapress.com\/#\/schema\/person\/0223dca19c72c43575bf30d1a2d8f4fa"},"potentialAction":[{"@type":"SearchAction","target":{"@type":"EntryPoint","urlTemplate":"https:\/\/avrupapress.com\/?s={search_term_string}"},"query-input":{"@type":"PropertyValueSpecification","valueRequired":true,"valueName":"search_term_string"}}],"inLanguage":"fr-BE"},{"@type":["Person","Organization"],"@id":"https:\/\/avrupapress.com\/#\/schema\/person\/0223dca19c72c43575bf30d1a2d8f4fa","name":"Bilgin \u00d6z\u00e7ift\u00e7i","image":{"@type":"ImageObject","inLanguage":"fr-BE","@id":"https:\/\/avrupapress.com\/#\/schema\/person\/image\/","url":"https:\/\/secure.gravatar.com\/avatar\/0f23b280433a21e1ea7a0adcc46ed0ad16afe3ad8e630fd13d8a017dcbd54ef3?s=96&d=mm&r=g","contentUrl":"https:\/\/secure.gravatar.com\/avatar\/0f23b280433a21e1ea7a0adcc46ed0ad16afe3ad8e630fd13d8a017dcbd54ef3?s=96&d=mm&r=g","caption":"Bilgin \u00d6z\u00e7ift\u00e7i"},"logo":{"@id":"https:\/\/avrupapress.com\/#\/schema\/person\/image\/"},"description":"Ne ben, nede sen... Biz ancak \"biz\" olursak g\u00fc\u00e7l\u00fc olabiliriz"},{"@type":"Person","@id":"https:\/\/avrupapress.com\/#\/schema\/person\/68428444ec60970d1e1b700cf4ca1e8f","name":"Edit\u00f6r","image":{"@type":"ImageObject","inLanguage":"fr-BE","@id":"https:\/\/avrupapress.com\/#\/schema\/person\/image\/","url":"https:\/\/secure.gravatar.com\/avatar\/74996b0977aa5f1559ba9883776652508b229005c0d78fb2597897f0bd651c09?s=96&d=mm&r=g","contentUrl":"https:\/\/secure.gravatar.com\/avatar\/74996b0977aa5f1559ba9883776652508b229005c0d78fb2597897f0bd651c09?s=96&d=mm&r=g","caption":"Edit\u00f6r"},"sameAs":["http:\/\/www.avrupapress.com"],"url":"https:\/\/avrupapress.com\/main\/author\/editor\/"}]}},"_links":{"self":[{"href":"https:\/\/avrupapress.com\/main\/wp-json\/wp\/v2\/posts\/11740","targetHints":{"allow":["GET"]}}],"collection":[{"href":"https:\/\/avrupapress.com\/main\/wp-json\/wp\/v2\/posts"}],"about":[{"href":"https:\/\/avrupapress.com\/main\/wp-json\/wp\/v2\/types\/post"}],"author":[{"embeddable":true,"href":"https:\/\/avrupapress.com\/main\/wp-json\/wp\/v2\/users\/3"}],"replies":[{"embeddable":true,"href":"https:\/\/avrupapress.com\/main\/wp-json\/wp\/v2\/comments?post=11740"}],"version-history":[{"count":1,"href":"https:\/\/avrupapress.com\/main\/wp-json\/wp\/v2\/posts\/11740\/revisions"}],"predecessor-version":[{"id":11742,"href":"https:\/\/avrupapress.com\/main\/wp-json\/wp\/v2\/posts\/11740\/revisions\/11742"}],"wp:featuredmedia":[{"embeddable":true,"href":"https:\/\/avrupapress.com\/main\/wp-json\/wp\/v2\/media\/11741"}],"wp:attachment":[{"href":"https:\/\/avrupapress.com\/main\/wp-json\/wp\/v2\/media?parent=11740"}],"wp:term":[{"taxonomy":"category","embeddable":true,"href":"https:\/\/avrupapress.com\/main\/wp-json\/wp\/v2\/categories?post=11740"},{"taxonomy":"post_tag","embeddable":true,"href":"https:\/\/avrupapress.com\/main\/wp-json\/wp\/v2\/tags?post=11740"}],"curies":[{"name":"wp","href":"https:\/\/api.w.org\/{rel}","templated":true}]}}