{"id":11737,"date":"2020-05-11T21:41:55","date_gmt":"2020-05-11T21:41:55","guid":{"rendered":"http:\/\/avrupapress.com\/main\/?p=11737"},"modified":"2020-05-11T21:41:58","modified_gmt":"2020-05-11T21:41:58","slug":"sgkdan-buyuk-mujde-meclisten-gecti-emeklilikte-yeni-donem","status":"publish","type":"post","link":"https:\/\/avrupapress.com\/main\/2020\/05\/11\/sgkdan-buyuk-mujde-meclisten-gecti-emeklilikte-yeni-donem\/","title":{"rendered":"SGK&rsquo;dan B\u00fcy\u00fck M\u00fcjde meclisten ge\u00e7ti! Emeklilikte yeni d\u00f6nem"},"content":{"rendered":"\n<p>SGK&rsquo;dan B\u00fcy\u00fck M\u00fcjde meclisten ge\u00e7ti! Emeklilikte yeni d\u00f6nem 8 y\u0131l erken emekli olabileceksiniz i\u015fte detaylar&#8230; 2000 y\u0131l\u0131ndan \u00f6nce ticaret odas\u0131 ve vergi kayd\u0131 olanlar SGK taraf\u0131ndan otomatik olarak sigortal\u0131 oluyordu. <\/p>\n\n\n\n<p>A+A- B\u00fcy\u00fck m\u00fcjde geldi 8 y\u0131l erken emekli olma isteyenlere emeklilik imkan\u0131 geldi. Peki 8 y\u0131l erken emekli olmak i\u00e7in ne yapmam\u0131z gerek.2000 ve 2008\u2019de getirilen yasalar bu ki\u015filerin geriye d\u00f6n\u00fck bor\u00e7lanmas\u0131n\u0131 kald\u0131rd\u0131.<\/p>\n\n\n\n<p> Yarg\u0131tay kararlar\u0131 ile bu haklar\u0131 tekrar alanlar mevcut. Sizler de bu yolla 8 y\u0131l erken emekli olabileceksiniz&#8230; Geriye d\u00f6n\u00fck bor\u00e7lanma hakk\u0131 i\u00e7in yasal bir i\u015flemler yap\u0131ld\u0131\u011f\u0131 da gelen duyumlar aras\u0131nda. <\/p>\n\n\n\n<p>4 Ekim 2000\u2019den evvel \u2018bir g\u00fcn dahi\u2019 Ba\u011f-Kur tescili olan esnaf, 20 Nisan 1982\u2019ye kadar tescilini geriye ta\u015f\u0131yabilir. Tek \u015fart sigorta tescili olduktan sonraki vakitlerde alakal\u0131 vergi kayd\u0131 veya \u015firket ortakl\u0131\u011f\u0131 olsun.<\/p>\n\n\n\n<p> Oda kayd\u0131 bulunanlar da sigortas\u0131n\u0131 22 Mart 1985\u2019e kadar g\u00f6t\u00fcrebilir.4 Ekim 2000\u2019den sonra Ba\u011f-Kur tescili bulunanlar 2000 evveli i\u015fletilemiyor. 2000\u2019den evvel esnafl\u0131k yapt\u0131\u011f\u0131 halde, 4 Ekim 2000\u2019e kadar Ba\u011f-Kur\u2019a kay\u0131t ve tescilini yapm\u0131\u015f olmayanlar\u0131n sigorta hak ve y\u00fck\u00fcml\u00fcl\u00fc\u011f\u00fc, 4 Ekim 2000\u2019den itibaren ba\u015flat\u0131l\u0131yor.<\/p>\n\n\n\n<p> 1 Ekim 2008\u2019den evvel Ba\u011f-Kur tescili bulunan da 4 Ekim 2000\u2019e kadar ki vakitte vergi m\u00fckellefi veya odaya kay\u0131tl\u0131 ise Ba\u011f-Kur\u2019unu geriye \u00e7ekebilir. Ba\u011f-Kur kayd\u0131 silinmi\u015fse de tekrar aktif duruma getirilebilir. <\/p>\n\n\n\n<p>Verilen tarihlerde tescil yapm\u0131\u015f olmayanlar i\u00e7in ise son tarih 1 Ekim 2008. 8 y\u0131l erken emeklilik hakk\u0131 kazanmas\u0131 m\u00fcmk\u00fcn. \u00d6rne\u011fin: \u00d6rne\u011fin; 1 May\u0131s 2005\u2019te vergi m\u00fckellefi olarak berberli\u011fe ba\u015flayan ve tescil yapt\u0131rmad\u0131ysa, SGK\u2019ya m\u00fcracat etti\u011finde 1 Ekim 2008\u2019den itibaren sigortal\u0131 say\u0131labilir.<\/p>\n\n\n\n<p> \u0130\u015fte 8 y\u0131l erken emekli olma f\u0131rsat\u0131 Kaynak: SGK&rsquo;dan B\u00fcy\u00fck M\u00fcjde meclisten ge\u00e7ti! Emeklilikte yeni d\u00f6nem<\/p>\n\n\n\n<p><strong>Seval Aksan \/AVRUPAPRESS<\/strong><\/p>\n","protected":false},"excerpt":{"rendered":"<p>SGK&rsquo;dan B\u00fcy\u00fck M\u00fcjde meclisten ge\u00e7ti! Emeklilikte yeni d\u00f6nem 8 y\u0131l erken emekli olabileceksiniz i\u015fte detaylar&#8230; 2000 y\u0131l\u0131ndan \u00f6nce ticaret odas\u0131 ve vergi kayd\u0131 olanlar SGK taraf\u0131ndan otomatik olarak sigortal\u0131 oluyordu. A+A- B\u00fcy\u00fck m\u00fcjde geldi 8 y\u0131l erken emekli olma isteyenlere emeklilik imkan\u0131 geldi. Peki 8 y\u0131l erken emekli olmak i\u00e7in ne yapmam\u0131z gerek.2000 ve 2008\u2019de [&hellip;]<\/p>\n","protected":false},"author":3,"featured_media":11738,"comment_status":"closed","ping_status":"open","sticky":false,"template":"","format":"standard","meta":{"footnotes":""},"categories":[14,16,3,2],"tags":[],"class_list":["post-11737","post","type-post","status-publish","format-standard","has-post-thumbnail","hentry","category-avrupa","category-belcika","category-dunya","category-turkiye"],"yoast_head":"<!-- This site is optimized with the Yoast SEO plugin v26.9 - https:\/\/yoast.com\/product\/yoast-seo-wordpress\/ -->\n<title>SGK&#039;dan B\u00fcy\u00fck M\u00fcjde meclisten ge\u00e7ti! Emeklilikte yeni d\u00f6nem - AvrupaPress<\/title>\n<meta name=\"robots\" content=\"index, follow, max-snippet:-1, max-image-preview:large, max-video-preview:-1\" \/>\n<link rel=\"canonical\" href=\"https:\/\/avrupapress.com\/2020\/05\/11\/sgkdan-buyuk-mujde-meclisten-gecti-emeklilikte-yeni-donem\/\" \/>\n<meta property=\"og:locale\" content=\"fr_FR\" \/>\n<meta property=\"og:type\" content=\"article\" \/>\n<meta property=\"og:title\" content=\"SGK&#039;dan B\u00fcy\u00fck M\u00fcjde meclisten ge\u00e7ti! Emeklilikte yeni d\u00f6nem - AvrupaPress\" \/>\n<meta property=\"og:description\" content=\"SGK&rsquo;dan B\u00fcy\u00fck M\u00fcjde meclisten ge\u00e7ti! Emeklilikte yeni d\u00f6nem 8 y\u0131l erken emekli olabileceksiniz i\u015fte detaylar&#8230; 2000 y\u0131l\u0131ndan \u00f6nce ticaret odas\u0131 ve vergi kayd\u0131 olanlar SGK taraf\u0131ndan otomatik olarak sigortal\u0131 oluyordu. A+A- B\u00fcy\u00fck m\u00fcjde geldi 8 y\u0131l erken emekli olma isteyenlere emeklilik imkan\u0131 geldi. Peki 8 y\u0131l erken emekli olmak i\u00e7in ne yapmam\u0131z gerek.2000 ve 2008\u2019de [&hellip;]\" \/>\n<meta property=\"og:url\" content=\"https:\/\/avrupapress.com\/2020\/05\/11\/sgkdan-buyuk-mujde-meclisten-gecti-emeklilikte-yeni-donem\/\" \/>\n<meta property=\"og:site_name\" content=\"AvrupaPress\" \/>\n<meta property=\"article:published_time\" content=\"2020-05-11T21:41:55+00:00\" \/>\n<meta property=\"article:modified_time\" content=\"2020-05-11T21:41:58+00:00\" \/>\n<meta property=\"og:image\" content=\"https:\/\/avrupapress.com\/wp-content\/uploads\/2020\/05\/700-bin-kisilik-sahte-emeklilik-vurgunu-sgk-maaslari-geri-istiyor-674490-5.jpg\" \/>\n\t<meta property=\"og:image:width\" content=\"620\" \/>\n\t<meta property=\"og:image:height\" content=\"344\" \/>\n\t<meta property=\"og:image:type\" content=\"image\/jpeg\" \/>\n<meta name=\"author\" content=\"Edit\u00f6r\" \/>\n<meta name=\"twitter:card\" content=\"summary_large_image\" \/>\n<meta name=\"twitter:label1\" content=\"\u00c9crit par\" \/>\n\t<meta name=\"twitter:data1\" content=\"Edit\u00f6r\" \/>\n\t<meta name=\"twitter:label2\" content=\"Dur\u00e9e de lecture est.\" \/>\n\t<meta name=\"twitter:data2\" content=\"2 minutes\" \/>\n<script type=\"application\/ld+json\" class=\"yoast-schema-graph\">{\"@context\":\"https:\/\/schema.org\",\"@graph\":[{\"@type\":\"Article\",\"@id\":\"https:\/\/avrupapress.com\/2020\/05\/11\/sgkdan-buyuk-mujde-meclisten-gecti-emeklilikte-yeni-donem\/#article\",\"isPartOf\":{\"@id\":\"https:\/\/avrupapress.com\/2020\/05\/11\/sgkdan-buyuk-mujde-meclisten-gecti-emeklilikte-yeni-donem\/\"},\"author\":{\"name\":\"Edit\u00f6r\",\"@id\":\"https:\/\/avrupapress.com\/#\/schema\/person\/68428444ec60970d1e1b700cf4ca1e8f\"},\"headline\":\"SGK&rsquo;dan B\u00fcy\u00fck M\u00fcjde meclisten ge\u00e7ti! Emeklilikte yeni d\u00f6nem\",\"datePublished\":\"2020-05-11T21:41:55+00:00\",\"dateModified\":\"2020-05-11T21:41:58+00:00\",\"mainEntityOfPage\":{\"@id\":\"https:\/\/avrupapress.com\/2020\/05\/11\/sgkdan-buyuk-mujde-meclisten-gecti-emeklilikte-yeni-donem\/\"},\"wordCount\":335,\"publisher\":{\"@id\":\"https:\/\/avrupapress.com\/#\/schema\/person\/0223dca19c72c43575bf30d1a2d8f4fa\"},\"image\":{\"@id\":\"https:\/\/avrupapress.com\/2020\/05\/11\/sgkdan-buyuk-mujde-meclisten-gecti-emeklilikte-yeni-donem\/#primaryimage\"},\"thumbnailUrl\":\"https:\/\/avrupapress.com\/main\/wp-content\/uploads\/2020\/05\/700-bin-kisilik-sahte-emeklilik-vurgunu-sgk-maaslari-geri-istiyor-674490-5.jpg\",\"articleSection\":[\"Avrupa\",\"Bel\u00e7ika\",\"D\u00fcnya\",\"T\u00fcrkiye\"],\"inLanguage\":\"fr-BE\"},{\"@type\":\"WebPage\",\"@id\":\"https:\/\/avrupapress.com\/2020\/05\/11\/sgkdan-buyuk-mujde-meclisten-gecti-emeklilikte-yeni-donem\/\",\"url\":\"https:\/\/avrupapress.com\/2020\/05\/11\/sgkdan-buyuk-mujde-meclisten-gecti-emeklilikte-yeni-donem\/\",\"name\":\"SGK'dan B\u00fcy\u00fck M\u00fcjde meclisten ge\u00e7ti! Emeklilikte yeni d\u00f6nem - AvrupaPress\",\"isPartOf\":{\"@id\":\"https:\/\/avrupapress.com\/#website\"},\"primaryImageOfPage\":{\"@id\":\"https:\/\/avrupapress.com\/2020\/05\/11\/sgkdan-buyuk-mujde-meclisten-gecti-emeklilikte-yeni-donem\/#primaryimage\"},\"image\":{\"@id\":\"https:\/\/avrupapress.com\/2020\/05\/11\/sgkdan-buyuk-mujde-meclisten-gecti-emeklilikte-yeni-donem\/#primaryimage\"},\"thumbnailUrl\":\"https:\/\/avrupapress.com\/main\/wp-content\/uploads\/2020\/05\/700-bin-kisilik-sahte-emeklilik-vurgunu-sgk-maaslari-geri-istiyor-674490-5.jpg\",\"datePublished\":\"2020-05-11T21:41:55+00:00\",\"dateModified\":\"2020-05-11T21:41:58+00:00\",\"breadcrumb\":{\"@id\":\"https:\/\/avrupapress.com\/2020\/05\/11\/sgkdan-buyuk-mujde-meclisten-gecti-emeklilikte-yeni-donem\/#breadcrumb\"},\"inLanguage\":\"fr-BE\",\"potentialAction\":[{\"@type\":\"ReadAction\",\"target\":[\"https:\/\/avrupapress.com\/2020\/05\/11\/sgkdan-buyuk-mujde-meclisten-gecti-emeklilikte-yeni-donem\/\"]}]},{\"@type\":\"ImageObject\",\"inLanguage\":\"fr-BE\",\"@id\":\"https:\/\/avrupapress.com\/2020\/05\/11\/sgkdan-buyuk-mujde-meclisten-gecti-emeklilikte-yeni-donem\/#primaryimage\",\"url\":\"https:\/\/avrupapress.com\/main\/wp-content\/uploads\/2020\/05\/700-bin-kisilik-sahte-emeklilik-vurgunu-sgk-maaslari-geri-istiyor-674490-5.jpg\",\"contentUrl\":\"https:\/\/avrupapress.com\/main\/wp-content\/uploads\/2020\/05\/700-bin-kisilik-sahte-emeklilik-vurgunu-sgk-maaslari-geri-istiyor-674490-5.jpg\",\"width\":620,\"height\":344},{\"@type\":\"BreadcrumbList\",\"@id\":\"https:\/\/avrupapress.com\/2020\/05\/11\/sgkdan-buyuk-mujde-meclisten-gecti-emeklilikte-yeni-donem\/#breadcrumb\",\"itemListElement\":[{\"@type\":\"ListItem\",\"position\":1,\"name\":\"Anasayfa\",\"item\":\"https:\/\/avrupapress.com\/\"},{\"@type\":\"ListItem\",\"position\":2,\"name\":\"SGK&#8217;dan B\u00fcy\u00fck M\u00fcjde meclisten ge\u00e7ti! Emeklilikte yeni d\u00f6nem\"}]},{\"@type\":\"WebSite\",\"@id\":\"https:\/\/avrupapress.com\/#website\",\"url\":\"https:\/\/avrupapress.com\/\",\"name\":\"AvrupaPress\",\"description\":\"Haberin Adresi\",\"publisher\":{\"@id\":\"https:\/\/avrupapress.com\/#\/schema\/person\/0223dca19c72c43575bf30d1a2d8f4fa\"},\"potentialAction\":[{\"@type\":\"SearchAction\",\"target\":{\"@type\":\"EntryPoint\",\"urlTemplate\":\"https:\/\/avrupapress.com\/?s={search_term_string}\"},\"query-input\":{\"@type\":\"PropertyValueSpecification\",\"valueRequired\":true,\"valueName\":\"search_term_string\"}}],\"inLanguage\":\"fr-BE\"},{\"@type\":[\"Person\",\"Organization\"],\"@id\":\"https:\/\/avrupapress.com\/#\/schema\/person\/0223dca19c72c43575bf30d1a2d8f4fa\",\"name\":\"Bilgin \u00d6z\u00e7ift\u00e7i\",\"image\":{\"@type\":\"ImageObject\",\"inLanguage\":\"fr-BE\",\"@id\":\"https:\/\/avrupapress.com\/#\/schema\/person\/image\/\",\"url\":\"https:\/\/secure.gravatar.com\/avatar\/0f23b280433a21e1ea7a0adcc46ed0ad16afe3ad8e630fd13d8a017dcbd54ef3?s=96&d=mm&r=g\",\"contentUrl\":\"https:\/\/secure.gravatar.com\/avatar\/0f23b280433a21e1ea7a0adcc46ed0ad16afe3ad8e630fd13d8a017dcbd54ef3?s=96&d=mm&r=g\",\"caption\":\"Bilgin \u00d6z\u00e7ift\u00e7i\"},\"logo\":{\"@id\":\"https:\/\/avrupapress.com\/#\/schema\/person\/image\/\"},\"description\":\"Ne ben, nede sen... Biz ancak \\\"biz\\\" olursak g\u00fc\u00e7l\u00fc olabiliriz\"},{\"@type\":\"Person\",\"@id\":\"https:\/\/avrupapress.com\/#\/schema\/person\/68428444ec60970d1e1b700cf4ca1e8f\",\"name\":\"Edit\u00f6r\",\"image\":{\"@type\":\"ImageObject\",\"inLanguage\":\"fr-BE\",\"@id\":\"https:\/\/avrupapress.com\/#\/schema\/person\/image\/\",\"url\":\"https:\/\/secure.gravatar.com\/avatar\/74996b0977aa5f1559ba9883776652508b229005c0d78fb2597897f0bd651c09?s=96&d=mm&r=g\",\"contentUrl\":\"https:\/\/secure.gravatar.com\/avatar\/74996b0977aa5f1559ba9883776652508b229005c0d78fb2597897f0bd651c09?s=96&d=mm&r=g\",\"caption\":\"Edit\u00f6r\"},\"sameAs\":[\"http:\/\/www.avrupapress.com\"],\"url\":\"https:\/\/avrupapress.com\/main\/author\/editor\/\"}]}<\/script>\n<!-- \/ Yoast SEO plugin. -->","yoast_head_json":{"title":"SGK'dan B\u00fcy\u00fck M\u00fcjde meclisten ge\u00e7ti! Emeklilikte yeni d\u00f6nem - AvrupaPress","robots":{"index":"index","follow":"follow","max-snippet":"max-snippet:-1","max-image-preview":"max-image-preview:large","max-video-preview":"max-video-preview:-1"},"canonical":"https:\/\/avrupapress.com\/2020\/05\/11\/sgkdan-buyuk-mujde-meclisten-gecti-emeklilikte-yeni-donem\/","og_locale":"fr_FR","og_type":"article","og_title":"SGK'dan B\u00fcy\u00fck M\u00fcjde meclisten ge\u00e7ti! Emeklilikte yeni d\u00f6nem - AvrupaPress","og_description":"SGK&rsquo;dan B\u00fcy\u00fck M\u00fcjde meclisten ge\u00e7ti! Emeklilikte yeni d\u00f6nem 8 y\u0131l erken emekli olabileceksiniz i\u015fte detaylar&#8230; 2000 y\u0131l\u0131ndan \u00f6nce ticaret odas\u0131 ve vergi kayd\u0131 olanlar SGK taraf\u0131ndan otomatik olarak sigortal\u0131 oluyordu. A+A- B\u00fcy\u00fck m\u00fcjde geldi 8 y\u0131l erken emekli olma isteyenlere emeklilik imkan\u0131 geldi. Peki 8 y\u0131l erken emekli olmak i\u00e7in ne yapmam\u0131z gerek.2000 ve 2008\u2019de [&hellip;]","og_url":"https:\/\/avrupapress.com\/2020\/05\/11\/sgkdan-buyuk-mujde-meclisten-gecti-emeklilikte-yeni-donem\/","og_site_name":"AvrupaPress","article_published_time":"2020-05-11T21:41:55+00:00","article_modified_time":"2020-05-11T21:41:58+00:00","og_image":[{"width":620,"height":344,"url":"https:\/\/avrupapress.com\/wp-content\/uploads\/2020\/05\/700-bin-kisilik-sahte-emeklilik-vurgunu-sgk-maaslari-geri-istiyor-674490-5.jpg","type":"image\/jpeg"}],"author":"Edit\u00f6r","twitter_card":"summary_large_image","twitter_misc":{"\u00c9crit par":"Edit\u00f6r","Dur\u00e9e de lecture est.":"2 minutes"},"schema":{"@context":"https:\/\/schema.org","@graph":[{"@type":"Article","@id":"https:\/\/avrupapress.com\/2020\/05\/11\/sgkdan-buyuk-mujde-meclisten-gecti-emeklilikte-yeni-donem\/#article","isPartOf":{"@id":"https:\/\/avrupapress.com\/2020\/05\/11\/sgkdan-buyuk-mujde-meclisten-gecti-emeklilikte-yeni-donem\/"},"author":{"name":"Edit\u00f6r","@id":"https:\/\/avrupapress.com\/#\/schema\/person\/68428444ec60970d1e1b700cf4ca1e8f"},"headline":"SGK&rsquo;dan B\u00fcy\u00fck M\u00fcjde meclisten ge\u00e7ti! Emeklilikte yeni d\u00f6nem","datePublished":"2020-05-11T21:41:55+00:00","dateModified":"2020-05-11T21:41:58+00:00","mainEntityOfPage":{"@id":"https:\/\/avrupapress.com\/2020\/05\/11\/sgkdan-buyuk-mujde-meclisten-gecti-emeklilikte-yeni-donem\/"},"wordCount":335,"publisher":{"@id":"https:\/\/avrupapress.com\/#\/schema\/person\/0223dca19c72c43575bf30d1a2d8f4fa"},"image":{"@id":"https:\/\/avrupapress.com\/2020\/05\/11\/sgkdan-buyuk-mujde-meclisten-gecti-emeklilikte-yeni-donem\/#primaryimage"},"thumbnailUrl":"https:\/\/avrupapress.com\/main\/wp-content\/uploads\/2020\/05\/700-bin-kisilik-sahte-emeklilik-vurgunu-sgk-maaslari-geri-istiyor-674490-5.jpg","articleSection":["Avrupa","Bel\u00e7ika","D\u00fcnya","T\u00fcrkiye"],"inLanguage":"fr-BE"},{"@type":"WebPage","@id":"https:\/\/avrupapress.com\/2020\/05\/11\/sgkdan-buyuk-mujde-meclisten-gecti-emeklilikte-yeni-donem\/","url":"https:\/\/avrupapress.com\/2020\/05\/11\/sgkdan-buyuk-mujde-meclisten-gecti-emeklilikte-yeni-donem\/","name":"SGK'dan B\u00fcy\u00fck M\u00fcjde meclisten ge\u00e7ti! Emeklilikte yeni d\u00f6nem - AvrupaPress","isPartOf":{"@id":"https:\/\/avrupapress.com\/#website"},"primaryImageOfPage":{"@id":"https:\/\/avrupapress.com\/2020\/05\/11\/sgkdan-buyuk-mujde-meclisten-gecti-emeklilikte-yeni-donem\/#primaryimage"},"image":{"@id":"https:\/\/avrupapress.com\/2020\/05\/11\/sgkdan-buyuk-mujde-meclisten-gecti-emeklilikte-yeni-donem\/#primaryimage"},"thumbnailUrl":"https:\/\/avrupapress.com\/main\/wp-content\/uploads\/2020\/05\/700-bin-kisilik-sahte-emeklilik-vurgunu-sgk-maaslari-geri-istiyor-674490-5.jpg","datePublished":"2020-05-11T21:41:55+00:00","dateModified":"2020-05-11T21:41:58+00:00","breadcrumb":{"@id":"https:\/\/avrupapress.com\/2020\/05\/11\/sgkdan-buyuk-mujde-meclisten-gecti-emeklilikte-yeni-donem\/#breadcrumb"},"inLanguage":"fr-BE","potentialAction":[{"@type":"ReadAction","target":["https:\/\/avrupapress.com\/2020\/05\/11\/sgkdan-buyuk-mujde-meclisten-gecti-emeklilikte-yeni-donem\/"]}]},{"@type":"ImageObject","inLanguage":"fr-BE","@id":"https:\/\/avrupapress.com\/2020\/05\/11\/sgkdan-buyuk-mujde-meclisten-gecti-emeklilikte-yeni-donem\/#primaryimage","url":"https:\/\/avrupapress.com\/main\/wp-content\/uploads\/2020\/05\/700-bin-kisilik-sahte-emeklilik-vurgunu-sgk-maaslari-geri-istiyor-674490-5.jpg","contentUrl":"https:\/\/avrupapress.com\/main\/wp-content\/uploads\/2020\/05\/700-bin-kisilik-sahte-emeklilik-vurgunu-sgk-maaslari-geri-istiyor-674490-5.jpg","width":620,"height":344},{"@type":"BreadcrumbList","@id":"https:\/\/avrupapress.com\/2020\/05\/11\/sgkdan-buyuk-mujde-meclisten-gecti-emeklilikte-yeni-donem\/#breadcrumb","itemListElement":[{"@type":"ListItem","position":1,"name":"Anasayfa","item":"https:\/\/avrupapress.com\/"},{"@type":"ListItem","position":2,"name":"SGK&#8217;dan B\u00fcy\u00fck M\u00fcjde meclisten ge\u00e7ti! Emeklilikte yeni d\u00f6nem"}]},{"@type":"WebSite","@id":"https:\/\/avrupapress.com\/#website","url":"https:\/\/avrupapress.com\/","name":"AvrupaPress","description":"Haberin Adresi","publisher":{"@id":"https:\/\/avrupapress.com\/#\/schema\/person\/0223dca19c72c43575bf30d1a2d8f4fa"},"potentialAction":[{"@type":"SearchAction","target":{"@type":"EntryPoint","urlTemplate":"https:\/\/avrupapress.com\/?s={search_term_string}"},"query-input":{"@type":"PropertyValueSpecification","valueRequired":true,"valueName":"search_term_string"}}],"inLanguage":"fr-BE"},{"@type":["Person","Organization"],"@id":"https:\/\/avrupapress.com\/#\/schema\/person\/0223dca19c72c43575bf30d1a2d8f4fa","name":"Bilgin \u00d6z\u00e7ift\u00e7i","image":{"@type":"ImageObject","inLanguage":"fr-BE","@id":"https:\/\/avrupapress.com\/#\/schema\/person\/image\/","url":"https:\/\/secure.gravatar.com\/avatar\/0f23b280433a21e1ea7a0adcc46ed0ad16afe3ad8e630fd13d8a017dcbd54ef3?s=96&d=mm&r=g","contentUrl":"https:\/\/secure.gravatar.com\/avatar\/0f23b280433a21e1ea7a0adcc46ed0ad16afe3ad8e630fd13d8a017dcbd54ef3?s=96&d=mm&r=g","caption":"Bilgin \u00d6z\u00e7ift\u00e7i"},"logo":{"@id":"https:\/\/avrupapress.com\/#\/schema\/person\/image\/"},"description":"Ne ben, nede sen... Biz ancak \"biz\" olursak g\u00fc\u00e7l\u00fc olabiliriz"},{"@type":"Person","@id":"https:\/\/avrupapress.com\/#\/schema\/person\/68428444ec60970d1e1b700cf4ca1e8f","name":"Edit\u00f6r","image":{"@type":"ImageObject","inLanguage":"fr-BE","@id":"https:\/\/avrupapress.com\/#\/schema\/person\/image\/","url":"https:\/\/secure.gravatar.com\/avatar\/74996b0977aa5f1559ba9883776652508b229005c0d78fb2597897f0bd651c09?s=96&d=mm&r=g","contentUrl":"https:\/\/secure.gravatar.com\/avatar\/74996b0977aa5f1559ba9883776652508b229005c0d78fb2597897f0bd651c09?s=96&d=mm&r=g","caption":"Edit\u00f6r"},"sameAs":["http:\/\/www.avrupapress.com"],"url":"https:\/\/avrupapress.com\/main\/author\/editor\/"}]}},"_links":{"self":[{"href":"https:\/\/avrupapress.com\/main\/wp-json\/wp\/v2\/posts\/11737","targetHints":{"allow":["GET"]}}],"collection":[{"href":"https:\/\/avrupapress.com\/main\/wp-json\/wp\/v2\/posts"}],"about":[{"href":"https:\/\/avrupapress.com\/main\/wp-json\/wp\/v2\/types\/post"}],"author":[{"embeddable":true,"href":"https:\/\/avrupapress.com\/main\/wp-json\/wp\/v2\/users\/3"}],"replies":[{"embeddable":true,"href":"https:\/\/avrupapress.com\/main\/wp-json\/wp\/v2\/comments?post=11737"}],"version-history":[{"count":1,"href":"https:\/\/avrupapress.com\/main\/wp-json\/wp\/v2\/posts\/11737\/revisions"}],"predecessor-version":[{"id":11739,"href":"https:\/\/avrupapress.com\/main\/wp-json\/wp\/v2\/posts\/11737\/revisions\/11739"}],"wp:featuredmedia":[{"embeddable":true,"href":"https:\/\/avrupapress.com\/main\/wp-json\/wp\/v2\/media\/11738"}],"wp:attachment":[{"href":"https:\/\/avrupapress.com\/main\/wp-json\/wp\/v2\/media?parent=11737"}],"wp:term":[{"taxonomy":"category","embeddable":true,"href":"https:\/\/avrupapress.com\/main\/wp-json\/wp\/v2\/categories?post=11737"},{"taxonomy":"post_tag","embeddable":true,"href":"https:\/\/avrupapress.com\/main\/wp-json\/wp\/v2\/tags?post=11737"}],"curies":[{"name":"wp","href":"https:\/\/api.w.org\/{rel}","templated":true}]}}