{"id":11733,"date":"2020-05-10T18:57:40","date_gmt":"2020-05-10T18:57:40","guid":{"rendered":"http:\/\/avrupapress.com\/main\/?p=11733"},"modified":"2020-05-10T18:57:41","modified_gmt":"2020-05-10T18:57:41","slug":"ab-komisyonu-seyahat-kisitlamalarinin-15-hazirana-uzatilmasi-cagrisinda-bulundu","status":"publish","type":"post","link":"https:\/\/avrupapress.com\/main\/2020\/05\/10\/ab-komisyonu-seyahat-kisitlamalarinin-15-hazirana-uzatilmasi-cagrisinda-bulundu\/","title":{"rendered":"AB Komisyonu, seyahat k\u0131s\u0131tlamalar\u0131n\u0131n 15 Haziran&rsquo;a uzat\u0131lmas\u0131 \u00e7a\u011fr\u0131s\u0131nda bulundu"},"content":{"rendered":"\n<p><strong>Avrupa Birli\u011fi (AB) Komisyonu, korona vir\u00fcs salg\u0131n\u0131 nedeni ile yabanc\u0131lara uygulanan seyahat k\u0131s\u0131tlamas\u0131n\u0131n 15 Haziran&rsquo;a kadar uzat\u0131lmas\u0131 \u00e7a\u011fr\u0131s\u0131nda bulundu.<\/strong><\/p>\n\n\n\n<p>Avrupa Birli\u011fi (AB) Komisyonu, korona vir\u00fcs salg\u0131n\u0131 nedeni ile yabanc\u0131lara uygulanan seyahat k\u0131s\u0131tlamas\u0131n\u0131n 15 Haziran&rsquo;a kadar uzat\u0131lmas\u0131 \u00e7a\u011fr\u0131s\u0131nda bulundu.<\/p>\n\n\n\n<p>Avrupa Birli\u011fi (AB) Komisyonu, taraf\u0131ndan korona vir\u00fcs salg\u0131n\u0131 nedeni ile ilan edilen yabanc\u0131lar\u0131n Schengen b\u00f6lgesine giri\u015flerini k\u0131s\u0131tlayan \u00f6nlemlerin 15 Haziran tarihine kadar uzat\u0131lmas\u0131 \u00e7a\u011fr\u0131s\u0131nda bulunuldu. Komisyon, taraf\u0131ndan bug\u00fcn AB&rsquo;nin d\u0131\u015f s\u0131n\u0131rlar\u0131n\u0131 kapatmas\u0131na ili\u015fkin bir a\u00e7\u0131klama yay\u0131nland\u0131. Komisyon, salg\u0131n nedeni ile AB d\u0131\u015f\u0131nda bulunan \u00fclkelerin vatanda\u015flar\u0131n\u0131n Schengen b\u00f6lgesine giri\u015flerinde uygulanan k\u0131s\u0131tlamalar\u0131n 15 Haziran&rsquo;a kadar uzat\u0131lmas\u0131n\u0131 talep etti. AB Komisyonu, baz\u0131 Schengen \u00fclkelerinin korona vir\u00fcs salg\u0131n\u0131na kar\u015f\u0131 ald\u0131\u011f\u0131 \u00f6nlemleri gev\u015fetmeye ba\u015flad\u0131\u011f\u0131n\u0131 fakat durumun hala k\u0131r\u0131lgan oldu\u011funu duyurdu.<\/p>\n\n\n\n<p>AB&rsquo;nin korona vir\u00fcs nedeni ile uygulad\u0131\u011f\u0131 seyahat k\u0131s\u0131tlamas\u0131 Schengen \u00fclkelerinin yan\u0131 s\u0131ra \u0130zlanda, \u0130svi\u00e7re, Norve\u00e7 ve Lihten\u015ftayn&rsquo;\u0131 da kaps\u0131yor.<\/p>\n\n\n\n<p><strong>Bilgin Ozcifci \/ AVRUPAPRESS<\/strong><\/p>\n","protected":false},"excerpt":{"rendered":"<p>Avrupa Birli\u011fi (AB) Komisyonu, korona vir\u00fcs salg\u0131n\u0131 nedeni ile yabanc\u0131lara uygulanan seyahat k\u0131s\u0131tlamas\u0131n\u0131n 15 Haziran&rsquo;a kadar uzat\u0131lmas\u0131 \u00e7a\u011fr\u0131s\u0131nda bulundu. Avrupa Birli\u011fi (AB) Komisyonu, korona vir\u00fcs salg\u0131n\u0131 nedeni ile yabanc\u0131lara uygulanan seyahat k\u0131s\u0131tlamas\u0131n\u0131n 15 Haziran&rsquo;a kadar uzat\u0131lmas\u0131 \u00e7a\u011fr\u0131s\u0131nda bulundu. Avrupa Birli\u011fi (AB) Komisyonu, taraf\u0131ndan korona vir\u00fcs salg\u0131n\u0131 nedeni ile ilan edilen yabanc\u0131lar\u0131n Schengen b\u00f6lgesine giri\u015flerini k\u0131s\u0131tlayan [&hellip;]<\/p>\n","protected":false},"author":3,"featured_media":11734,"comment_status":"closed","ping_status":"open","sticky":false,"template":"","format":"standard","meta":{"footnotes":""},"categories":[14,16,3,17,19,2],"tags":[3714],"class_list":["post-11733","post","type-post","status-publish","format-standard","has-post-thumbnail","hentry","category-avrupa","category-belcika","category-dunya","category-ekonomi","category-tanitim","category-turkiye","tag-ab-komisyonu"],"yoast_head":"<!-- This site is optimized with the Yoast SEO plugin v26.9 - https:\/\/yoast.com\/product\/yoast-seo-wordpress\/ -->\n<title>AB Komisyonu, seyahat k\u0131s\u0131tlamalar\u0131n\u0131n 15 Haziran&#039;a uzat\u0131lmas\u0131 \u00e7a\u011fr\u0131s\u0131nda bulundu - AvrupaPress<\/title>\n<meta name=\"robots\" content=\"index, follow, max-snippet:-1, max-image-preview:large, max-video-preview:-1\" \/>\n<link rel=\"canonical\" href=\"https:\/\/avrupapress.com\/2020\/05\/10\/ab-komisyonu-seyahat-kisitlamalarinin-15-hazirana-uzatilmasi-cagrisinda-bulundu\/\" \/>\n<meta property=\"og:locale\" content=\"fr_FR\" \/>\n<meta property=\"og:type\" content=\"article\" \/>\n<meta property=\"og:title\" content=\"AB Komisyonu, seyahat k\u0131s\u0131tlamalar\u0131n\u0131n 15 Haziran&#039;a uzat\u0131lmas\u0131 \u00e7a\u011fr\u0131s\u0131nda bulundu - AvrupaPress\" \/>\n<meta property=\"og:description\" content=\"Avrupa Birli\u011fi (AB) Komisyonu, korona vir\u00fcs salg\u0131n\u0131 nedeni ile yabanc\u0131lara uygulanan seyahat k\u0131s\u0131tlamas\u0131n\u0131n 15 Haziran&rsquo;a kadar uzat\u0131lmas\u0131 \u00e7a\u011fr\u0131s\u0131nda bulundu. Avrupa Birli\u011fi (AB) Komisyonu, korona vir\u00fcs salg\u0131n\u0131 nedeni ile yabanc\u0131lara uygulanan seyahat k\u0131s\u0131tlamas\u0131n\u0131n 15 Haziran&rsquo;a kadar uzat\u0131lmas\u0131 \u00e7a\u011fr\u0131s\u0131nda bulundu. Avrupa Birli\u011fi (AB) Komisyonu, taraf\u0131ndan korona vir\u00fcs salg\u0131n\u0131 nedeni ile ilan edilen yabanc\u0131lar\u0131n Schengen b\u00f6lgesine giri\u015flerini k\u0131s\u0131tlayan [&hellip;]\" \/>\n<meta property=\"og:url\" content=\"https:\/\/avrupapress.com\/2020\/05\/10\/ab-komisyonu-seyahat-kisitlamalarinin-15-hazirana-uzatilmasi-cagrisinda-bulundu\/\" \/>\n<meta property=\"og:site_name\" content=\"AvrupaPress\" \/>\n<meta property=\"article:published_time\" content=\"2020-05-10T18:57:40+00:00\" \/>\n<meta property=\"article:modified_time\" content=\"2020-05-10T18:57:41+00:00\" \/>\n<meta property=\"og:image\" content=\"https:\/\/avrupapress.com\/wp-content\/uploads\/2020\/05\/ab-komisyonu-seyahat-kisitlamalarinin-15-hazi-13202414_o.jpg\" \/>\n\t<meta property=\"og:image:width\" content=\"640\" \/>\n\t<meta property=\"og:image:height\" content=\"366\" \/>\n\t<meta property=\"og:image:type\" content=\"image\/jpeg\" \/>\n<meta name=\"author\" content=\"Edit\u00f6r\" \/>\n<meta name=\"twitter:card\" content=\"summary_large_image\" \/>\n<meta name=\"twitter:label1\" content=\"\u00c9crit par\" \/>\n\t<meta name=\"twitter:data1\" content=\"Edit\u00f6r\" \/>\n\t<meta name=\"twitter:label2\" content=\"Dur\u00e9e de lecture est.\" \/>\n\t<meta name=\"twitter:data2\" content=\"1 minute\" \/>\n<script type=\"application\/ld+json\" class=\"yoast-schema-graph\">{\"@context\":\"https:\/\/schema.org\",\"@graph\":[{\"@type\":\"Article\",\"@id\":\"https:\/\/avrupapress.com\/2020\/05\/10\/ab-komisyonu-seyahat-kisitlamalarinin-15-hazirana-uzatilmasi-cagrisinda-bulundu\/#article\",\"isPartOf\":{\"@id\":\"https:\/\/avrupapress.com\/2020\/05\/10\/ab-komisyonu-seyahat-kisitlamalarinin-15-hazirana-uzatilmasi-cagrisinda-bulundu\/\"},\"author\":{\"name\":\"Edit\u00f6r\",\"@id\":\"https:\/\/avrupapress.com\/#\/schema\/person\/68428444ec60970d1e1b700cf4ca1e8f\"},\"headline\":\"AB Komisyonu, seyahat k\u0131s\u0131tlamalar\u0131n\u0131n 15 Haziran&rsquo;a uzat\u0131lmas\u0131 \u00e7a\u011fr\u0131s\u0131nda bulundu\",\"datePublished\":\"2020-05-10T18:57:40+00:00\",\"dateModified\":\"2020-05-10T18:57:41+00:00\",\"mainEntityOfPage\":{\"@id\":\"https:\/\/avrupapress.com\/2020\/05\/10\/ab-komisyonu-seyahat-kisitlamalarinin-15-hazirana-uzatilmasi-cagrisinda-bulundu\/\"},\"wordCount\":222,\"publisher\":{\"@id\":\"https:\/\/avrupapress.com\/#\/schema\/person\/0223dca19c72c43575bf30d1a2d8f4fa\"},\"image\":{\"@id\":\"https:\/\/avrupapress.com\/2020\/05\/10\/ab-komisyonu-seyahat-kisitlamalarinin-15-hazirana-uzatilmasi-cagrisinda-bulundu\/#primaryimage\"},\"thumbnailUrl\":\"https:\/\/avrupapress.com\/main\/wp-content\/uploads\/2020\/05\/ab-komisyonu-seyahat-kisitlamalarinin-15-hazi-13202414_o.jpg\",\"keywords\":[\"AB Komisyonu\"],\"articleSection\":[\"Avrupa\",\"Bel\u00e7ika\",\"D\u00fcnya\",\"Ekonomi\",\"Tan\u0131t\u0131m\",\"T\u00fcrkiye\"],\"inLanguage\":\"fr-BE\"},{\"@type\":\"WebPage\",\"@id\":\"https:\/\/avrupapress.com\/2020\/05\/10\/ab-komisyonu-seyahat-kisitlamalarinin-15-hazirana-uzatilmasi-cagrisinda-bulundu\/\",\"url\":\"https:\/\/avrupapress.com\/2020\/05\/10\/ab-komisyonu-seyahat-kisitlamalarinin-15-hazirana-uzatilmasi-cagrisinda-bulundu\/\",\"name\":\"AB Komisyonu, seyahat k\u0131s\u0131tlamalar\u0131n\u0131n 15 Haziran'a uzat\u0131lmas\u0131 \u00e7a\u011fr\u0131s\u0131nda bulundu - AvrupaPress\",\"isPartOf\":{\"@id\":\"https:\/\/avrupapress.com\/#website\"},\"primaryImageOfPage\":{\"@id\":\"https:\/\/avrupapress.com\/2020\/05\/10\/ab-komisyonu-seyahat-kisitlamalarinin-15-hazirana-uzatilmasi-cagrisinda-bulundu\/#primaryimage\"},\"image\":{\"@id\":\"https:\/\/avrupapress.com\/2020\/05\/10\/ab-komisyonu-seyahat-kisitlamalarinin-15-hazirana-uzatilmasi-cagrisinda-bulundu\/#primaryimage\"},\"thumbnailUrl\":\"https:\/\/avrupapress.com\/main\/wp-content\/uploads\/2020\/05\/ab-komisyonu-seyahat-kisitlamalarinin-15-hazi-13202414_o.jpg\",\"datePublished\":\"2020-05-10T18:57:40+00:00\",\"dateModified\":\"2020-05-10T18:57:41+00:00\",\"breadcrumb\":{\"@id\":\"https:\/\/avrupapress.com\/2020\/05\/10\/ab-komisyonu-seyahat-kisitlamalarinin-15-hazirana-uzatilmasi-cagrisinda-bulundu\/#breadcrumb\"},\"inLanguage\":\"fr-BE\",\"potentialAction\":[{\"@type\":\"ReadAction\",\"target\":[\"https:\/\/avrupapress.com\/2020\/05\/10\/ab-komisyonu-seyahat-kisitlamalarinin-15-hazirana-uzatilmasi-cagrisinda-bulundu\/\"]}]},{\"@type\":\"ImageObject\",\"inLanguage\":\"fr-BE\",\"@id\":\"https:\/\/avrupapress.com\/2020\/05\/10\/ab-komisyonu-seyahat-kisitlamalarinin-15-hazirana-uzatilmasi-cagrisinda-bulundu\/#primaryimage\",\"url\":\"https:\/\/avrupapress.com\/main\/wp-content\/uploads\/2020\/05\/ab-komisyonu-seyahat-kisitlamalarinin-15-hazi-13202414_o.jpg\",\"contentUrl\":\"https:\/\/avrupapress.com\/main\/wp-content\/uploads\/2020\/05\/ab-komisyonu-seyahat-kisitlamalarinin-15-hazi-13202414_o.jpg\",\"width\":640,\"height\":366},{\"@type\":\"BreadcrumbList\",\"@id\":\"https:\/\/avrupapress.com\/2020\/05\/10\/ab-komisyonu-seyahat-kisitlamalarinin-15-hazirana-uzatilmasi-cagrisinda-bulundu\/#breadcrumb\",\"itemListElement\":[{\"@type\":\"ListItem\",\"position\":1,\"name\":\"Anasayfa\",\"item\":\"https:\/\/avrupapress.com\/\"},{\"@type\":\"ListItem\",\"position\":2,\"name\":\"AB Komisyonu, seyahat k\u0131s\u0131tlamalar\u0131n\u0131n 15 Haziran&#8217;a uzat\u0131lmas\u0131 \u00e7a\u011fr\u0131s\u0131nda bulundu\"}]},{\"@type\":\"WebSite\",\"@id\":\"https:\/\/avrupapress.com\/#website\",\"url\":\"https:\/\/avrupapress.com\/\",\"name\":\"AvrupaPress\",\"description\":\"Haberin Adresi\",\"publisher\":{\"@id\":\"https:\/\/avrupapress.com\/#\/schema\/person\/0223dca19c72c43575bf30d1a2d8f4fa\"},\"potentialAction\":[{\"@type\":\"SearchAction\",\"target\":{\"@type\":\"EntryPoint\",\"urlTemplate\":\"https:\/\/avrupapress.com\/?s={search_term_string}\"},\"query-input\":{\"@type\":\"PropertyValueSpecification\",\"valueRequired\":true,\"valueName\":\"search_term_string\"}}],\"inLanguage\":\"fr-BE\"},{\"@type\":[\"Person\",\"Organization\"],\"@id\":\"https:\/\/avrupapress.com\/#\/schema\/person\/0223dca19c72c43575bf30d1a2d8f4fa\",\"name\":\"Bilgin \u00d6z\u00e7ift\u00e7i\",\"image\":{\"@type\":\"ImageObject\",\"inLanguage\":\"fr-BE\",\"@id\":\"https:\/\/avrupapress.com\/#\/schema\/person\/image\/\",\"url\":\"https:\/\/secure.gravatar.com\/avatar\/0f23b280433a21e1ea7a0adcc46ed0ad16afe3ad8e630fd13d8a017dcbd54ef3?s=96&d=mm&r=g\",\"contentUrl\":\"https:\/\/secure.gravatar.com\/avatar\/0f23b280433a21e1ea7a0adcc46ed0ad16afe3ad8e630fd13d8a017dcbd54ef3?s=96&d=mm&r=g\",\"caption\":\"Bilgin \u00d6z\u00e7ift\u00e7i\"},\"logo\":{\"@id\":\"https:\/\/avrupapress.com\/#\/schema\/person\/image\/\"},\"description\":\"Ne ben, nede sen... Biz ancak \\\"biz\\\" olursak g\u00fc\u00e7l\u00fc olabiliriz\"},{\"@type\":\"Person\",\"@id\":\"https:\/\/avrupapress.com\/#\/schema\/person\/68428444ec60970d1e1b700cf4ca1e8f\",\"name\":\"Edit\u00f6r\",\"image\":{\"@type\":\"ImageObject\",\"inLanguage\":\"fr-BE\",\"@id\":\"https:\/\/avrupapress.com\/#\/schema\/person\/image\/\",\"url\":\"https:\/\/secure.gravatar.com\/avatar\/74996b0977aa5f1559ba9883776652508b229005c0d78fb2597897f0bd651c09?s=96&d=mm&r=g\",\"contentUrl\":\"https:\/\/secure.gravatar.com\/avatar\/74996b0977aa5f1559ba9883776652508b229005c0d78fb2597897f0bd651c09?s=96&d=mm&r=g\",\"caption\":\"Edit\u00f6r\"},\"sameAs\":[\"http:\/\/www.avrupapress.com\"],\"url\":\"https:\/\/avrupapress.com\/main\/author\/editor\/\"}]}<\/script>\n<!-- \/ Yoast SEO plugin. -->","yoast_head_json":{"title":"AB Komisyonu, seyahat k\u0131s\u0131tlamalar\u0131n\u0131n 15 Haziran'a uzat\u0131lmas\u0131 \u00e7a\u011fr\u0131s\u0131nda bulundu - AvrupaPress","robots":{"index":"index","follow":"follow","max-snippet":"max-snippet:-1","max-image-preview":"max-image-preview:large","max-video-preview":"max-video-preview:-1"},"canonical":"https:\/\/avrupapress.com\/2020\/05\/10\/ab-komisyonu-seyahat-kisitlamalarinin-15-hazirana-uzatilmasi-cagrisinda-bulundu\/","og_locale":"fr_FR","og_type":"article","og_title":"AB Komisyonu, seyahat k\u0131s\u0131tlamalar\u0131n\u0131n 15 Haziran'a uzat\u0131lmas\u0131 \u00e7a\u011fr\u0131s\u0131nda bulundu - AvrupaPress","og_description":"Avrupa Birli\u011fi (AB) Komisyonu, korona vir\u00fcs salg\u0131n\u0131 nedeni ile yabanc\u0131lara uygulanan seyahat k\u0131s\u0131tlamas\u0131n\u0131n 15 Haziran&rsquo;a kadar uzat\u0131lmas\u0131 \u00e7a\u011fr\u0131s\u0131nda bulundu. Avrupa Birli\u011fi (AB) Komisyonu, korona vir\u00fcs salg\u0131n\u0131 nedeni ile yabanc\u0131lara uygulanan seyahat k\u0131s\u0131tlamas\u0131n\u0131n 15 Haziran&rsquo;a kadar uzat\u0131lmas\u0131 \u00e7a\u011fr\u0131s\u0131nda bulundu. Avrupa Birli\u011fi (AB) Komisyonu, taraf\u0131ndan korona vir\u00fcs salg\u0131n\u0131 nedeni ile ilan edilen yabanc\u0131lar\u0131n Schengen b\u00f6lgesine giri\u015flerini k\u0131s\u0131tlayan [&hellip;]","og_url":"https:\/\/avrupapress.com\/2020\/05\/10\/ab-komisyonu-seyahat-kisitlamalarinin-15-hazirana-uzatilmasi-cagrisinda-bulundu\/","og_site_name":"AvrupaPress","article_published_time":"2020-05-10T18:57:40+00:00","article_modified_time":"2020-05-10T18:57:41+00:00","og_image":[{"width":640,"height":366,"url":"https:\/\/avrupapress.com\/wp-content\/uploads\/2020\/05\/ab-komisyonu-seyahat-kisitlamalarinin-15-hazi-13202414_o.jpg","type":"image\/jpeg"}],"author":"Edit\u00f6r","twitter_card":"summary_large_image","twitter_misc":{"\u00c9crit par":"Edit\u00f6r","Dur\u00e9e de lecture est.":"1 minute"},"schema":{"@context":"https:\/\/schema.org","@graph":[{"@type":"Article","@id":"https:\/\/avrupapress.com\/2020\/05\/10\/ab-komisyonu-seyahat-kisitlamalarinin-15-hazirana-uzatilmasi-cagrisinda-bulundu\/#article","isPartOf":{"@id":"https:\/\/avrupapress.com\/2020\/05\/10\/ab-komisyonu-seyahat-kisitlamalarinin-15-hazirana-uzatilmasi-cagrisinda-bulundu\/"},"author":{"name":"Edit\u00f6r","@id":"https:\/\/avrupapress.com\/#\/schema\/person\/68428444ec60970d1e1b700cf4ca1e8f"},"headline":"AB Komisyonu, seyahat k\u0131s\u0131tlamalar\u0131n\u0131n 15 Haziran&rsquo;a uzat\u0131lmas\u0131 \u00e7a\u011fr\u0131s\u0131nda bulundu","datePublished":"2020-05-10T18:57:40+00:00","dateModified":"2020-05-10T18:57:41+00:00","mainEntityOfPage":{"@id":"https:\/\/avrupapress.com\/2020\/05\/10\/ab-komisyonu-seyahat-kisitlamalarinin-15-hazirana-uzatilmasi-cagrisinda-bulundu\/"},"wordCount":222,"publisher":{"@id":"https:\/\/avrupapress.com\/#\/schema\/person\/0223dca19c72c43575bf30d1a2d8f4fa"},"image":{"@id":"https:\/\/avrupapress.com\/2020\/05\/10\/ab-komisyonu-seyahat-kisitlamalarinin-15-hazirana-uzatilmasi-cagrisinda-bulundu\/#primaryimage"},"thumbnailUrl":"https:\/\/avrupapress.com\/main\/wp-content\/uploads\/2020\/05\/ab-komisyonu-seyahat-kisitlamalarinin-15-hazi-13202414_o.jpg","keywords":["AB Komisyonu"],"articleSection":["Avrupa","Bel\u00e7ika","D\u00fcnya","Ekonomi","Tan\u0131t\u0131m","T\u00fcrkiye"],"inLanguage":"fr-BE"},{"@type":"WebPage","@id":"https:\/\/avrupapress.com\/2020\/05\/10\/ab-komisyonu-seyahat-kisitlamalarinin-15-hazirana-uzatilmasi-cagrisinda-bulundu\/","url":"https:\/\/avrupapress.com\/2020\/05\/10\/ab-komisyonu-seyahat-kisitlamalarinin-15-hazirana-uzatilmasi-cagrisinda-bulundu\/","name":"AB Komisyonu, seyahat k\u0131s\u0131tlamalar\u0131n\u0131n 15 Haziran'a uzat\u0131lmas\u0131 \u00e7a\u011fr\u0131s\u0131nda bulundu - AvrupaPress","isPartOf":{"@id":"https:\/\/avrupapress.com\/#website"},"primaryImageOfPage":{"@id":"https:\/\/avrupapress.com\/2020\/05\/10\/ab-komisyonu-seyahat-kisitlamalarinin-15-hazirana-uzatilmasi-cagrisinda-bulundu\/#primaryimage"},"image":{"@id":"https:\/\/avrupapress.com\/2020\/05\/10\/ab-komisyonu-seyahat-kisitlamalarinin-15-hazirana-uzatilmasi-cagrisinda-bulundu\/#primaryimage"},"thumbnailUrl":"https:\/\/avrupapress.com\/main\/wp-content\/uploads\/2020\/05\/ab-komisyonu-seyahat-kisitlamalarinin-15-hazi-13202414_o.jpg","datePublished":"2020-05-10T18:57:40+00:00","dateModified":"2020-05-10T18:57:41+00:00","breadcrumb":{"@id":"https:\/\/avrupapress.com\/2020\/05\/10\/ab-komisyonu-seyahat-kisitlamalarinin-15-hazirana-uzatilmasi-cagrisinda-bulundu\/#breadcrumb"},"inLanguage":"fr-BE","potentialAction":[{"@type":"ReadAction","target":["https:\/\/avrupapress.com\/2020\/05\/10\/ab-komisyonu-seyahat-kisitlamalarinin-15-hazirana-uzatilmasi-cagrisinda-bulundu\/"]}]},{"@type":"ImageObject","inLanguage":"fr-BE","@id":"https:\/\/avrupapress.com\/2020\/05\/10\/ab-komisyonu-seyahat-kisitlamalarinin-15-hazirana-uzatilmasi-cagrisinda-bulundu\/#primaryimage","url":"https:\/\/avrupapress.com\/main\/wp-content\/uploads\/2020\/05\/ab-komisyonu-seyahat-kisitlamalarinin-15-hazi-13202414_o.jpg","contentUrl":"https:\/\/avrupapress.com\/main\/wp-content\/uploads\/2020\/05\/ab-komisyonu-seyahat-kisitlamalarinin-15-hazi-13202414_o.jpg","width":640,"height":366},{"@type":"BreadcrumbList","@id":"https:\/\/avrupapress.com\/2020\/05\/10\/ab-komisyonu-seyahat-kisitlamalarinin-15-hazirana-uzatilmasi-cagrisinda-bulundu\/#breadcrumb","itemListElement":[{"@type":"ListItem","position":1,"name":"Anasayfa","item":"https:\/\/avrupapress.com\/"},{"@type":"ListItem","position":2,"name":"AB Komisyonu, seyahat k\u0131s\u0131tlamalar\u0131n\u0131n 15 Haziran&#8217;a uzat\u0131lmas\u0131 \u00e7a\u011fr\u0131s\u0131nda bulundu"}]},{"@type":"WebSite","@id":"https:\/\/avrupapress.com\/#website","url":"https:\/\/avrupapress.com\/","name":"AvrupaPress","description":"Haberin Adresi","publisher":{"@id":"https:\/\/avrupapress.com\/#\/schema\/person\/0223dca19c72c43575bf30d1a2d8f4fa"},"potentialAction":[{"@type":"SearchAction","target":{"@type":"EntryPoint","urlTemplate":"https:\/\/avrupapress.com\/?s={search_term_string}"},"query-input":{"@type":"PropertyValueSpecification","valueRequired":true,"valueName":"search_term_string"}}],"inLanguage":"fr-BE"},{"@type":["Person","Organization"],"@id":"https:\/\/avrupapress.com\/#\/schema\/person\/0223dca19c72c43575bf30d1a2d8f4fa","name":"Bilgin \u00d6z\u00e7ift\u00e7i","image":{"@type":"ImageObject","inLanguage":"fr-BE","@id":"https:\/\/avrupapress.com\/#\/schema\/person\/image\/","url":"https:\/\/secure.gravatar.com\/avatar\/0f23b280433a21e1ea7a0adcc46ed0ad16afe3ad8e630fd13d8a017dcbd54ef3?s=96&d=mm&r=g","contentUrl":"https:\/\/secure.gravatar.com\/avatar\/0f23b280433a21e1ea7a0adcc46ed0ad16afe3ad8e630fd13d8a017dcbd54ef3?s=96&d=mm&r=g","caption":"Bilgin \u00d6z\u00e7ift\u00e7i"},"logo":{"@id":"https:\/\/avrupapress.com\/#\/schema\/person\/image\/"},"description":"Ne ben, nede sen... Biz ancak \"biz\" olursak g\u00fc\u00e7l\u00fc olabiliriz"},{"@type":"Person","@id":"https:\/\/avrupapress.com\/#\/schema\/person\/68428444ec60970d1e1b700cf4ca1e8f","name":"Edit\u00f6r","image":{"@type":"ImageObject","inLanguage":"fr-BE","@id":"https:\/\/avrupapress.com\/#\/schema\/person\/image\/","url":"https:\/\/secure.gravatar.com\/avatar\/74996b0977aa5f1559ba9883776652508b229005c0d78fb2597897f0bd651c09?s=96&d=mm&r=g","contentUrl":"https:\/\/secure.gravatar.com\/avatar\/74996b0977aa5f1559ba9883776652508b229005c0d78fb2597897f0bd651c09?s=96&d=mm&r=g","caption":"Edit\u00f6r"},"sameAs":["http:\/\/www.avrupapress.com"],"url":"https:\/\/avrupapress.com\/main\/author\/editor\/"}]}},"_links":{"self":[{"href":"https:\/\/avrupapress.com\/main\/wp-json\/wp\/v2\/posts\/11733","targetHints":{"allow":["GET"]}}],"collection":[{"href":"https:\/\/avrupapress.com\/main\/wp-json\/wp\/v2\/posts"}],"about":[{"href":"https:\/\/avrupapress.com\/main\/wp-json\/wp\/v2\/types\/post"}],"author":[{"embeddable":true,"href":"https:\/\/avrupapress.com\/main\/wp-json\/wp\/v2\/users\/3"}],"replies":[{"embeddable":true,"href":"https:\/\/avrupapress.com\/main\/wp-json\/wp\/v2\/comments?post=11733"}],"version-history":[{"count":1,"href":"https:\/\/avrupapress.com\/main\/wp-json\/wp\/v2\/posts\/11733\/revisions"}],"predecessor-version":[{"id":11735,"href":"https:\/\/avrupapress.com\/main\/wp-json\/wp\/v2\/posts\/11733\/revisions\/11735"}],"wp:featuredmedia":[{"embeddable":true,"href":"https:\/\/avrupapress.com\/main\/wp-json\/wp\/v2\/media\/11734"}],"wp:attachment":[{"href":"https:\/\/avrupapress.com\/main\/wp-json\/wp\/v2\/media?parent=11733"}],"wp:term":[{"taxonomy":"category","embeddable":true,"href":"https:\/\/avrupapress.com\/main\/wp-json\/wp\/v2\/categories?post=11733"},{"taxonomy":"post_tag","embeddable":true,"href":"https:\/\/avrupapress.com\/main\/wp-json\/wp\/v2\/tags?post=11733"}],"curies":[{"name":"wp","href":"https:\/\/api.w.org\/{rel}","templated":true}]}}