{"id":11724,"date":"2020-05-10T18:15:40","date_gmt":"2020-05-10T18:15:40","guid":{"rendered":"http:\/\/avrupapress.com\/main\/?p=11724"},"modified":"2020-05-10T18:18:04","modified_gmt":"2020-05-10T18:18:04","slug":"afyonkarahisar-il-genel-meclis-uyesi-necati-sevik-trafik-kazasinda-yaralandi","status":"publish","type":"post","link":"https:\/\/avrupapress.com\/main\/2020\/05\/10\/afyonkarahisar-il-genel-meclis-uyesi-necati-sevik-trafik-kazasinda-yaralandi\/","title":{"rendered":"Afyonkarahisar il genel meclis \u00fcyesi Necati Sevik trafik kazas\u0131nda yaraland\u0131"},"content":{"rendered":"\n<p><strong>Afyonkarahisar \u0130l Genel Meclisinin Emirda\u011f \u00fcyesi Necati \u015eevik ve \u0130l \u00d6zel \u0130daresi Yol M\u00fcd\u00fcr\u00fc Faik Karako\u00e7 Emirda\u011f&rsquo;dan \u00c7ay il\u00e7esine seyir halinse iken\u00b9ge\u00e7irdikleri trafik kazas\u0131nda hafif yaraland\u0131.<\/strong><\/p>\n\n\n\n<figure class=\"wp-block-image size-large\"><img loading=\"lazy\" decoding=\"async\" width=\"960\" height=\"552\" src=\"http:\/\/avrupapress.com\/main\/wp-content\/uploads\/2020\/05\/71329856_956031191415561_5765590533674106880_o.jpg\" alt=\"\" class=\"wp-image-11726\" srcset=\"https:\/\/avrupapress.com\/main\/wp-content\/uploads\/2020\/05\/71329856_956031191415561_5765590533674106880_o.jpg 960w, https:\/\/avrupapress.com\/main\/wp-content\/uploads\/2020\/05\/71329856_956031191415561_5765590533674106880_o-300x173.jpg 300w, https:\/\/avrupapress.com\/main\/wp-content\/uploads\/2020\/05\/71329856_956031191415561_5765590533674106880_o-768x442.jpg 768w\" sizes=\"auto, (max-width: 960px) 100vw, 960px\" \/><\/figure>\n\n\n\n<p>Afyonkarahisar \u0130l Genel Meclisinin Emirda\u011f \u00fcyesi Necati \u015eevik ve \u0130l \u00d6zel \u0130daresi Yol M\u00fcd\u00fcr\u00fc Faik Karako\u00e7 Emirda\u011f&rsquo;dan \u00c7ay il\u00e7esine seyir halinse iken\u00b9ge\u00e7irdikleri trafik kazas\u0131nda hafif yaraland\u0131.<\/p>\n\n\n\n<figure class=\"wp-block-image size-large\"><img loading=\"lazy\" decoding=\"async\" width=\"960\" height=\"725\" src=\"http:\/\/avrupapress.com\/main\/wp-content\/uploads\/2020\/05\/54435050_825134914505190_6896045738665443328_o.jpg\" alt=\"\" class=\"wp-image-11725\" srcset=\"https:\/\/avrupapress.com\/main\/wp-content\/uploads\/2020\/05\/54435050_825134914505190_6896045738665443328_o.jpg 960w, https:\/\/avrupapress.com\/main\/wp-content\/uploads\/2020\/05\/54435050_825134914505190_6896045738665443328_o-300x227.jpg 300w, https:\/\/avrupapress.com\/main\/wp-content\/uploads\/2020\/05\/54435050_825134914505190_6896045738665443328_o-768x580.jpg 768w\" sizes=\"auto, (max-width: 960px) 100vw, 960px\" \/><\/figure>\n\n\n\n<p>Emirda\u011f&rsquo;da yap\u0131lan yol \u00e7al\u0131\u015fmalar\u0131 kapsam\u0131nda \u0130l \u00d6zel \u0130daresinin \u00c7ay il\u00e7esinde bulunan asfalt \u015fantiyesine giderken ara\u00e7 hakimiyetinin kaybedilmesinin ard\u0131ndan Afyonkarahisar \u0130l Genel Meclisinin Emirda\u011f \u00fcyesi Necati \u015eevik ve \u0130l \u00d6zel \u0130daresi Yol M\u00fcd\u00fcr\u00fc Faik Karako\u00e7 hafif yaraland\u0131lar. Olayla ilgili soru\u015fturma ba\u015flat\u0131ld\u0131\u011f\u0131 \u00f6\u011frenildi.<\/p>\n\n\n\n<p>Kaza geciren Ba\u015fta <strong>Necati Sevik<\/strong> ve di\u011fer yaral\u0131lar olmak \u00fczere, t\u00fcm aile yak\u0131nlar\u0131na <strong>Avrupapress Gazetesi <\/strong>olarak ge\u00e7mi\u015f olsun diliyoruz..<\/p>\n\n\n\n<p><strong>BILGIN OZCIFCI \/ AVRUPAPRESS<\/strong><\/p>\n\n\n\n<figure class=\"wp-block-image size-large\"><img loading=\"lazy\" decoding=\"async\" width=\"602\" height=\"769\" src=\"http:\/\/avrupapress.com\/main\/wp-content\/uploads\/2020\/05\/53100441_815442928807722_998526398207361024_n.jpg\" alt=\"\" class=\"wp-image-11727\" srcset=\"https:\/\/avrupapress.com\/main\/wp-content\/uploads\/2020\/05\/53100441_815442928807722_998526398207361024_n.jpg 602w, https:\/\/avrupapress.com\/main\/wp-content\/uploads\/2020\/05\/53100441_815442928807722_998526398207361024_n-235x300.jpg 235w\" sizes=\"auto, (max-width: 602px) 100vw, 602px\" \/><\/figure>\n\n\n\n<p><strong>BILGIN OZCIFCI \/ AVRUPAPRESS<\/strong><\/p>\n","protected":false},"excerpt":{"rendered":"<p>Afyonkarahisar \u0130l Genel Meclisinin Emirda\u011f \u00fcyesi Necati \u015eevik ve \u0130l \u00d6zel \u0130daresi Yol M\u00fcd\u00fcr\u00fc Faik Karako\u00e7 Emirda\u011f&rsquo;dan \u00c7ay il\u00e7esine seyir halinse iken\u00b9ge\u00e7irdikleri trafik kazas\u0131nda hafif yaraland\u0131. Afyonkarahisar \u0130l Genel Meclisinin Emirda\u011f \u00fcyesi Necati \u015eevik ve \u0130l \u00d6zel \u0130daresi Yol M\u00fcd\u00fcr\u00fc Faik Karako\u00e7 Emirda\u011f&rsquo;dan \u00c7ay il\u00e7esine seyir halinse iken\u00b9ge\u00e7irdikleri trafik kazas\u0131nda hafif yaraland\u0131. Emirda\u011f&rsquo;da yap\u0131lan yol [&hellip;]<\/p>\n","protected":false},"author":3,"featured_media":11729,"comment_status":"closed","ping_status":"open","sticky":false,"template":"","format":"standard","meta":{"footnotes":""},"categories":[14,16,3,17,18,19,2,1],"tags":[5294],"class_list":["post-11724","post","type-post","status-publish","format-standard","has-post-thumbnail","hentry","category-avrupa","category-belcika","category-dunya","category-ekonomi","category-kultur-sanat","category-tanitim","category-turkiye","category-uncategorized","tag-afyonkarahisar-il-genel-meclis-uyesi-necati-sevik-trafik-kazasinda-yaralandi"],"yoast_head":"<!-- This site is optimized with the Yoast SEO plugin v26.9 - https:\/\/yoast.com\/product\/yoast-seo-wordpress\/ -->\n<title>Afyonkarahisar il genel meclis \u00fcyesi Necati Sevik trafik kazas\u0131nda yaraland\u0131 - AvrupaPress<\/title>\n<meta name=\"robots\" content=\"index, follow, max-snippet:-1, max-image-preview:large, max-video-preview:-1\" \/>\n<link rel=\"canonical\" href=\"https:\/\/avrupapress.com\/2020\/05\/10\/afyonkarahisar-il-genel-meclis-uyesi-necati-sevik-trafik-kazasinda-yaralandi\/\" \/>\n<meta property=\"og:locale\" content=\"fr_FR\" \/>\n<meta property=\"og:type\" content=\"article\" \/>\n<meta property=\"og:title\" content=\"Afyonkarahisar il genel meclis \u00fcyesi Necati Sevik trafik kazas\u0131nda yaraland\u0131 - AvrupaPress\" \/>\n<meta property=\"og:description\" content=\"Afyonkarahisar \u0130l Genel Meclisinin Emirda\u011f \u00fcyesi Necati \u015eevik ve \u0130l \u00d6zel \u0130daresi Yol M\u00fcd\u00fcr\u00fc Faik Karako\u00e7 Emirda\u011f&rsquo;dan \u00c7ay il\u00e7esine seyir halinse iken\u00b9ge\u00e7irdikleri trafik kazas\u0131nda hafif yaraland\u0131. Afyonkarahisar \u0130l Genel Meclisinin Emirda\u011f \u00fcyesi Necati \u015eevik ve \u0130l \u00d6zel \u0130daresi Yol M\u00fcd\u00fcr\u00fc Faik Karako\u00e7 Emirda\u011f&rsquo;dan \u00c7ay il\u00e7esine seyir halinse iken\u00b9ge\u00e7irdikleri trafik kazas\u0131nda hafif yaraland\u0131. Emirda\u011f&rsquo;da yap\u0131lan yol [&hellip;]\" \/>\n<meta property=\"og:url\" content=\"https:\/\/avrupapress.com\/2020\/05\/10\/afyonkarahisar-il-genel-meclis-uyesi-necati-sevik-trafik-kazasinda-yaralandi\/\" \/>\n<meta property=\"og:site_name\" content=\"AvrupaPress\" \/>\n<meta property=\"article:published_time\" content=\"2020-05-10T18:15:40+00:00\" \/>\n<meta property=\"article:modified_time\" content=\"2020-05-10T18:18:04+00:00\" \/>\n<meta property=\"og:image\" content=\"https:\/\/avrupapress.com\/wp-content\/uploads\/2020\/05\/96799991_10158437692129727_2018671321025609728_n.jpg\" \/>\n\t<meta property=\"og:image:width\" content=\"640\" \/>\n\t<meta property=\"og:image:height\" content=\"459\" \/>\n\t<meta property=\"og:image:type\" content=\"image\/jpeg\" \/>\n<meta name=\"author\" content=\"Edit\u00f6r\" \/>\n<meta name=\"twitter:card\" content=\"summary_large_image\" \/>\n<meta name=\"twitter:label1\" content=\"\u00c9crit par\" \/>\n\t<meta name=\"twitter:data1\" content=\"Edit\u00f6r\" \/>\n\t<meta name=\"twitter:label2\" content=\"Dur\u00e9e de lecture est.\" \/>\n\t<meta name=\"twitter:data2\" content=\"1 minute\" \/>\n<script type=\"application\/ld+json\" class=\"yoast-schema-graph\">{\"@context\":\"https:\/\/schema.org\",\"@graph\":[{\"@type\":\"Article\",\"@id\":\"https:\/\/avrupapress.com\/2020\/05\/10\/afyonkarahisar-il-genel-meclis-uyesi-necati-sevik-trafik-kazasinda-yaralandi\/#article\",\"isPartOf\":{\"@id\":\"https:\/\/avrupapress.com\/2020\/05\/10\/afyonkarahisar-il-genel-meclis-uyesi-necati-sevik-trafik-kazasinda-yaralandi\/\"},\"author\":{\"name\":\"Edit\u00f6r\",\"@id\":\"https:\/\/avrupapress.com\/#\/schema\/person\/68428444ec60970d1e1b700cf4ca1e8f\"},\"headline\":\"Afyonkarahisar il genel meclis \u00fcyesi Necati Sevik trafik kazas\u0131nda yaraland\u0131\",\"datePublished\":\"2020-05-10T18:15:40+00:00\",\"dateModified\":\"2020-05-10T18:18:04+00:00\",\"mainEntityOfPage\":{\"@id\":\"https:\/\/avrupapress.com\/2020\/05\/10\/afyonkarahisar-il-genel-meclis-uyesi-necati-sevik-trafik-kazasinda-yaralandi\/\"},\"wordCount\":162,\"publisher\":{\"@id\":\"https:\/\/avrupapress.com\/#\/schema\/person\/0223dca19c72c43575bf30d1a2d8f4fa\"},\"image\":{\"@id\":\"https:\/\/avrupapress.com\/2020\/05\/10\/afyonkarahisar-il-genel-meclis-uyesi-necati-sevik-trafik-kazasinda-yaralandi\/#primaryimage\"},\"thumbnailUrl\":\"https:\/\/avrupapress.com\/main\/wp-content\/uploads\/2020\/05\/96799991_10158437692129727_2018671321025609728_n.jpg\",\"keywords\":[\"Afyonkarahisar il genel meclis \u00fcyesi Necati Sevik trafik kazas\u0131nda yaraland\u0131\"],\"articleSection\":[\"Avrupa\",\"Bel\u00e7ika\",\"D\u00fcnya\",\"Ekonomi\",\"K\u00fclt\u00fcr-Sanat\",\"Tan\u0131t\u0131m\",\"T\u00fcrkiye\",\"Uncategorized\"],\"inLanguage\":\"fr-BE\"},{\"@type\":\"WebPage\",\"@id\":\"https:\/\/avrupapress.com\/2020\/05\/10\/afyonkarahisar-il-genel-meclis-uyesi-necati-sevik-trafik-kazasinda-yaralandi\/\",\"url\":\"https:\/\/avrupapress.com\/2020\/05\/10\/afyonkarahisar-il-genel-meclis-uyesi-necati-sevik-trafik-kazasinda-yaralandi\/\",\"name\":\"Afyonkarahisar il genel meclis \u00fcyesi Necati Sevik trafik kazas\u0131nda yaraland\u0131 - AvrupaPress\",\"isPartOf\":{\"@id\":\"https:\/\/avrupapress.com\/#website\"},\"primaryImageOfPage\":{\"@id\":\"https:\/\/avrupapress.com\/2020\/05\/10\/afyonkarahisar-il-genel-meclis-uyesi-necati-sevik-trafik-kazasinda-yaralandi\/#primaryimage\"},\"image\":{\"@id\":\"https:\/\/avrupapress.com\/2020\/05\/10\/afyonkarahisar-il-genel-meclis-uyesi-necati-sevik-trafik-kazasinda-yaralandi\/#primaryimage\"},\"thumbnailUrl\":\"https:\/\/avrupapress.com\/main\/wp-content\/uploads\/2020\/05\/96799991_10158437692129727_2018671321025609728_n.jpg\",\"datePublished\":\"2020-05-10T18:15:40+00:00\",\"dateModified\":\"2020-05-10T18:18:04+00:00\",\"breadcrumb\":{\"@id\":\"https:\/\/avrupapress.com\/2020\/05\/10\/afyonkarahisar-il-genel-meclis-uyesi-necati-sevik-trafik-kazasinda-yaralandi\/#breadcrumb\"},\"inLanguage\":\"fr-BE\",\"potentialAction\":[{\"@type\":\"ReadAction\",\"target\":[\"https:\/\/avrupapress.com\/2020\/05\/10\/afyonkarahisar-il-genel-meclis-uyesi-necati-sevik-trafik-kazasinda-yaralandi\/\"]}]},{\"@type\":\"ImageObject\",\"inLanguage\":\"fr-BE\",\"@id\":\"https:\/\/avrupapress.com\/2020\/05\/10\/afyonkarahisar-il-genel-meclis-uyesi-necati-sevik-trafik-kazasinda-yaralandi\/#primaryimage\",\"url\":\"https:\/\/avrupapress.com\/main\/wp-content\/uploads\/2020\/05\/96799991_10158437692129727_2018671321025609728_n.jpg\",\"contentUrl\":\"https:\/\/avrupapress.com\/main\/wp-content\/uploads\/2020\/05\/96799991_10158437692129727_2018671321025609728_n.jpg\",\"width\":640,\"height\":459},{\"@type\":\"BreadcrumbList\",\"@id\":\"https:\/\/avrupapress.com\/2020\/05\/10\/afyonkarahisar-il-genel-meclis-uyesi-necati-sevik-trafik-kazasinda-yaralandi\/#breadcrumb\",\"itemListElement\":[{\"@type\":\"ListItem\",\"position\":1,\"name\":\"Anasayfa\",\"item\":\"https:\/\/avrupapress.com\/\"},{\"@type\":\"ListItem\",\"position\":2,\"name\":\"Afyonkarahisar il genel meclis \u00fcyesi Necati Sevik trafik kazas\u0131nda yaraland\u0131\"}]},{\"@type\":\"WebSite\",\"@id\":\"https:\/\/avrupapress.com\/#website\",\"url\":\"https:\/\/avrupapress.com\/\",\"name\":\"AvrupaPress\",\"description\":\"Haberin Adresi\",\"publisher\":{\"@id\":\"https:\/\/avrupapress.com\/#\/schema\/person\/0223dca19c72c43575bf30d1a2d8f4fa\"},\"potentialAction\":[{\"@type\":\"SearchAction\",\"target\":{\"@type\":\"EntryPoint\",\"urlTemplate\":\"https:\/\/avrupapress.com\/?s={search_term_string}\"},\"query-input\":{\"@type\":\"PropertyValueSpecification\",\"valueRequired\":true,\"valueName\":\"search_term_string\"}}],\"inLanguage\":\"fr-BE\"},{\"@type\":[\"Person\",\"Organization\"],\"@id\":\"https:\/\/avrupapress.com\/#\/schema\/person\/0223dca19c72c43575bf30d1a2d8f4fa\",\"name\":\"Bilgin \u00d6z\u00e7ift\u00e7i\",\"image\":{\"@type\":\"ImageObject\",\"inLanguage\":\"fr-BE\",\"@id\":\"https:\/\/avrupapress.com\/#\/schema\/person\/image\/\",\"url\":\"https:\/\/secure.gravatar.com\/avatar\/0f23b280433a21e1ea7a0adcc46ed0ad16afe3ad8e630fd13d8a017dcbd54ef3?s=96&d=mm&r=g\",\"contentUrl\":\"https:\/\/secure.gravatar.com\/avatar\/0f23b280433a21e1ea7a0adcc46ed0ad16afe3ad8e630fd13d8a017dcbd54ef3?s=96&d=mm&r=g\",\"caption\":\"Bilgin \u00d6z\u00e7ift\u00e7i\"},\"logo\":{\"@id\":\"https:\/\/avrupapress.com\/#\/schema\/person\/image\/\"},\"description\":\"Ne ben, nede sen... Biz ancak \\\"biz\\\" olursak g\u00fc\u00e7l\u00fc olabiliriz\"},{\"@type\":\"Person\",\"@id\":\"https:\/\/avrupapress.com\/#\/schema\/person\/68428444ec60970d1e1b700cf4ca1e8f\",\"name\":\"Edit\u00f6r\",\"image\":{\"@type\":\"ImageObject\",\"inLanguage\":\"fr-BE\",\"@id\":\"https:\/\/avrupapress.com\/#\/schema\/person\/image\/\",\"url\":\"https:\/\/secure.gravatar.com\/avatar\/74996b0977aa5f1559ba9883776652508b229005c0d78fb2597897f0bd651c09?s=96&d=mm&r=g\",\"contentUrl\":\"https:\/\/secure.gravatar.com\/avatar\/74996b0977aa5f1559ba9883776652508b229005c0d78fb2597897f0bd651c09?s=96&d=mm&r=g\",\"caption\":\"Edit\u00f6r\"},\"sameAs\":[\"http:\/\/www.avrupapress.com\"],\"url\":\"https:\/\/avrupapress.com\/main\/author\/editor\/\"}]}<\/script>\n<!-- \/ Yoast SEO plugin. -->","yoast_head_json":{"title":"Afyonkarahisar il genel meclis \u00fcyesi Necati Sevik trafik kazas\u0131nda yaraland\u0131 - AvrupaPress","robots":{"index":"index","follow":"follow","max-snippet":"max-snippet:-1","max-image-preview":"max-image-preview:large","max-video-preview":"max-video-preview:-1"},"canonical":"https:\/\/avrupapress.com\/2020\/05\/10\/afyonkarahisar-il-genel-meclis-uyesi-necati-sevik-trafik-kazasinda-yaralandi\/","og_locale":"fr_FR","og_type":"article","og_title":"Afyonkarahisar il genel meclis \u00fcyesi Necati Sevik trafik kazas\u0131nda yaraland\u0131 - AvrupaPress","og_description":"Afyonkarahisar \u0130l Genel Meclisinin Emirda\u011f \u00fcyesi Necati \u015eevik ve \u0130l \u00d6zel \u0130daresi Yol M\u00fcd\u00fcr\u00fc Faik Karako\u00e7 Emirda\u011f&rsquo;dan \u00c7ay il\u00e7esine seyir halinse iken\u00b9ge\u00e7irdikleri trafik kazas\u0131nda hafif yaraland\u0131. Afyonkarahisar \u0130l Genel Meclisinin Emirda\u011f \u00fcyesi Necati \u015eevik ve \u0130l \u00d6zel \u0130daresi Yol M\u00fcd\u00fcr\u00fc Faik Karako\u00e7 Emirda\u011f&rsquo;dan \u00c7ay il\u00e7esine seyir halinse iken\u00b9ge\u00e7irdikleri trafik kazas\u0131nda hafif yaraland\u0131. Emirda\u011f&rsquo;da yap\u0131lan yol [&hellip;]","og_url":"https:\/\/avrupapress.com\/2020\/05\/10\/afyonkarahisar-il-genel-meclis-uyesi-necati-sevik-trafik-kazasinda-yaralandi\/","og_site_name":"AvrupaPress","article_published_time":"2020-05-10T18:15:40+00:00","article_modified_time":"2020-05-10T18:18:04+00:00","og_image":[{"width":640,"height":459,"url":"https:\/\/avrupapress.com\/wp-content\/uploads\/2020\/05\/96799991_10158437692129727_2018671321025609728_n.jpg","type":"image\/jpeg"}],"author":"Edit\u00f6r","twitter_card":"summary_large_image","twitter_misc":{"\u00c9crit par":"Edit\u00f6r","Dur\u00e9e de lecture est.":"1 minute"},"schema":{"@context":"https:\/\/schema.org","@graph":[{"@type":"Article","@id":"https:\/\/avrupapress.com\/2020\/05\/10\/afyonkarahisar-il-genel-meclis-uyesi-necati-sevik-trafik-kazasinda-yaralandi\/#article","isPartOf":{"@id":"https:\/\/avrupapress.com\/2020\/05\/10\/afyonkarahisar-il-genel-meclis-uyesi-necati-sevik-trafik-kazasinda-yaralandi\/"},"author":{"name":"Edit\u00f6r","@id":"https:\/\/avrupapress.com\/#\/schema\/person\/68428444ec60970d1e1b700cf4ca1e8f"},"headline":"Afyonkarahisar il genel meclis \u00fcyesi Necati Sevik trafik kazas\u0131nda yaraland\u0131","datePublished":"2020-05-10T18:15:40+00:00","dateModified":"2020-05-10T18:18:04+00:00","mainEntityOfPage":{"@id":"https:\/\/avrupapress.com\/2020\/05\/10\/afyonkarahisar-il-genel-meclis-uyesi-necati-sevik-trafik-kazasinda-yaralandi\/"},"wordCount":162,"publisher":{"@id":"https:\/\/avrupapress.com\/#\/schema\/person\/0223dca19c72c43575bf30d1a2d8f4fa"},"image":{"@id":"https:\/\/avrupapress.com\/2020\/05\/10\/afyonkarahisar-il-genel-meclis-uyesi-necati-sevik-trafik-kazasinda-yaralandi\/#primaryimage"},"thumbnailUrl":"https:\/\/avrupapress.com\/main\/wp-content\/uploads\/2020\/05\/96799991_10158437692129727_2018671321025609728_n.jpg","keywords":["Afyonkarahisar il genel meclis \u00fcyesi Necati Sevik trafik kazas\u0131nda yaraland\u0131"],"articleSection":["Avrupa","Bel\u00e7ika","D\u00fcnya","Ekonomi","K\u00fclt\u00fcr-Sanat","Tan\u0131t\u0131m","T\u00fcrkiye","Uncategorized"],"inLanguage":"fr-BE"},{"@type":"WebPage","@id":"https:\/\/avrupapress.com\/2020\/05\/10\/afyonkarahisar-il-genel-meclis-uyesi-necati-sevik-trafik-kazasinda-yaralandi\/","url":"https:\/\/avrupapress.com\/2020\/05\/10\/afyonkarahisar-il-genel-meclis-uyesi-necati-sevik-trafik-kazasinda-yaralandi\/","name":"Afyonkarahisar il genel meclis \u00fcyesi Necati Sevik trafik kazas\u0131nda yaraland\u0131 - AvrupaPress","isPartOf":{"@id":"https:\/\/avrupapress.com\/#website"},"primaryImageOfPage":{"@id":"https:\/\/avrupapress.com\/2020\/05\/10\/afyonkarahisar-il-genel-meclis-uyesi-necati-sevik-trafik-kazasinda-yaralandi\/#primaryimage"},"image":{"@id":"https:\/\/avrupapress.com\/2020\/05\/10\/afyonkarahisar-il-genel-meclis-uyesi-necati-sevik-trafik-kazasinda-yaralandi\/#primaryimage"},"thumbnailUrl":"https:\/\/avrupapress.com\/main\/wp-content\/uploads\/2020\/05\/96799991_10158437692129727_2018671321025609728_n.jpg","datePublished":"2020-05-10T18:15:40+00:00","dateModified":"2020-05-10T18:18:04+00:00","breadcrumb":{"@id":"https:\/\/avrupapress.com\/2020\/05\/10\/afyonkarahisar-il-genel-meclis-uyesi-necati-sevik-trafik-kazasinda-yaralandi\/#breadcrumb"},"inLanguage":"fr-BE","potentialAction":[{"@type":"ReadAction","target":["https:\/\/avrupapress.com\/2020\/05\/10\/afyonkarahisar-il-genel-meclis-uyesi-necati-sevik-trafik-kazasinda-yaralandi\/"]}]},{"@type":"ImageObject","inLanguage":"fr-BE","@id":"https:\/\/avrupapress.com\/2020\/05\/10\/afyonkarahisar-il-genel-meclis-uyesi-necati-sevik-trafik-kazasinda-yaralandi\/#primaryimage","url":"https:\/\/avrupapress.com\/main\/wp-content\/uploads\/2020\/05\/96799991_10158437692129727_2018671321025609728_n.jpg","contentUrl":"https:\/\/avrupapress.com\/main\/wp-content\/uploads\/2020\/05\/96799991_10158437692129727_2018671321025609728_n.jpg","width":640,"height":459},{"@type":"BreadcrumbList","@id":"https:\/\/avrupapress.com\/2020\/05\/10\/afyonkarahisar-il-genel-meclis-uyesi-necati-sevik-trafik-kazasinda-yaralandi\/#breadcrumb","itemListElement":[{"@type":"ListItem","position":1,"name":"Anasayfa","item":"https:\/\/avrupapress.com\/"},{"@type":"ListItem","position":2,"name":"Afyonkarahisar il genel meclis \u00fcyesi Necati Sevik trafik kazas\u0131nda yaraland\u0131"}]},{"@type":"WebSite","@id":"https:\/\/avrupapress.com\/#website","url":"https:\/\/avrupapress.com\/","name":"AvrupaPress","description":"Haberin Adresi","publisher":{"@id":"https:\/\/avrupapress.com\/#\/schema\/person\/0223dca19c72c43575bf30d1a2d8f4fa"},"potentialAction":[{"@type":"SearchAction","target":{"@type":"EntryPoint","urlTemplate":"https:\/\/avrupapress.com\/?s={search_term_string}"},"query-input":{"@type":"PropertyValueSpecification","valueRequired":true,"valueName":"search_term_string"}}],"inLanguage":"fr-BE"},{"@type":["Person","Organization"],"@id":"https:\/\/avrupapress.com\/#\/schema\/person\/0223dca19c72c43575bf30d1a2d8f4fa","name":"Bilgin \u00d6z\u00e7ift\u00e7i","image":{"@type":"ImageObject","inLanguage":"fr-BE","@id":"https:\/\/avrupapress.com\/#\/schema\/person\/image\/","url":"https:\/\/secure.gravatar.com\/avatar\/0f23b280433a21e1ea7a0adcc46ed0ad16afe3ad8e630fd13d8a017dcbd54ef3?s=96&d=mm&r=g","contentUrl":"https:\/\/secure.gravatar.com\/avatar\/0f23b280433a21e1ea7a0adcc46ed0ad16afe3ad8e630fd13d8a017dcbd54ef3?s=96&d=mm&r=g","caption":"Bilgin \u00d6z\u00e7ift\u00e7i"},"logo":{"@id":"https:\/\/avrupapress.com\/#\/schema\/person\/image\/"},"description":"Ne ben, nede sen... Biz ancak \"biz\" olursak g\u00fc\u00e7l\u00fc olabiliriz"},{"@type":"Person","@id":"https:\/\/avrupapress.com\/#\/schema\/person\/68428444ec60970d1e1b700cf4ca1e8f","name":"Edit\u00f6r","image":{"@type":"ImageObject","inLanguage":"fr-BE","@id":"https:\/\/avrupapress.com\/#\/schema\/person\/image\/","url":"https:\/\/secure.gravatar.com\/avatar\/74996b0977aa5f1559ba9883776652508b229005c0d78fb2597897f0bd651c09?s=96&d=mm&r=g","contentUrl":"https:\/\/secure.gravatar.com\/avatar\/74996b0977aa5f1559ba9883776652508b229005c0d78fb2597897f0bd651c09?s=96&d=mm&r=g","caption":"Edit\u00f6r"},"sameAs":["http:\/\/www.avrupapress.com"],"url":"https:\/\/avrupapress.com\/main\/author\/editor\/"}]}},"_links":{"self":[{"href":"https:\/\/avrupapress.com\/main\/wp-json\/wp\/v2\/posts\/11724","targetHints":{"allow":["GET"]}}],"collection":[{"href":"https:\/\/avrupapress.com\/main\/wp-json\/wp\/v2\/posts"}],"about":[{"href":"https:\/\/avrupapress.com\/main\/wp-json\/wp\/v2\/types\/post"}],"author":[{"embeddable":true,"href":"https:\/\/avrupapress.com\/main\/wp-json\/wp\/v2\/users\/3"}],"replies":[{"embeddable":true,"href":"https:\/\/avrupapress.com\/main\/wp-json\/wp\/v2\/comments?post=11724"}],"version-history":[{"count":3,"href":"https:\/\/avrupapress.com\/main\/wp-json\/wp\/v2\/posts\/11724\/revisions"}],"predecessor-version":[{"id":11732,"href":"https:\/\/avrupapress.com\/main\/wp-json\/wp\/v2\/posts\/11724\/revisions\/11732"}],"wp:featuredmedia":[{"embeddable":true,"href":"https:\/\/avrupapress.com\/main\/wp-json\/wp\/v2\/media\/11729"}],"wp:attachment":[{"href":"https:\/\/avrupapress.com\/main\/wp-json\/wp\/v2\/media?parent=11724"}],"wp:term":[{"taxonomy":"category","embeddable":true,"href":"https:\/\/avrupapress.com\/main\/wp-json\/wp\/v2\/categories?post=11724"},{"taxonomy":"post_tag","embeddable":true,"href":"https:\/\/avrupapress.com\/main\/wp-json\/wp\/v2\/tags?post=11724"}],"curies":[{"name":"wp","href":"https:\/\/api.w.org\/{rel}","templated":true}]}}