{"id":11720,"date":"2020-05-09T23:28:11","date_gmt":"2020-05-09T23:28:11","guid":{"rendered":"http:\/\/avrupapress.com\/main\/?p=11720"},"modified":"2020-05-09T23:28:12","modified_gmt":"2020-05-09T23:28:12","slug":"anneler-gununuz-kutlu-olsun-annem","status":"publish","type":"post","link":"https:\/\/avrupapress.com\/main\/2020\/05\/09\/anneler-gununuz-kutlu-olsun-annem\/","title":{"rendered":"ANNELER  G\u00dcN\u00dcN\u00dcZ KUTLU OLSUN ANNEM!"},"content":{"rendered":"\n<p><strong>Anneler G\u00fcn\u00fc, anneleri anmak ve onurland\u0131rmak amac\u0131yla b\u00fct\u00fcn d\u00fcnyada farkl\u0131 zamanlarda kutlan\u0131yor. \u00dclkemizde may\u0131s ay\u0131nda kutlanan bu de\u011ferli g\u00fcn\u00fcn bu y\u0131l hangi tarihe denk geldi\u011fi, bu \u00f6zel g\u00fcnde annesini unutmak istemeyen pek \u00e7ok evlat taraf\u0131ndan sorgulan\u0131yor. \u0130\u015fte, Anneler G\u00fcn\u00fc&rsquo;ne y\u00f6nelik bilgiler.<\/strong><\/p>\n\n\n\n<p>D\u00fcnyan\u0131n \u00e7e\u015fitli \u00fclkelerinde Anneler G\u00fcn\u00fc\u2019n\u00fcn farkl\u0131 tarihlerde kutlanmas\u0131na kar\u015f\u0131n, Danimarka, Finlandiya, \u0130talya, T\u00fcrkiye, Avustralya ve Bel\u00e7ika\u2019da Anneler G\u00fcn\u00fc may\u0131s ay\u0131n\u0131n ikinci pazar\u0131nda kutlanmaktad\u0131r.<\/p>\n\n\n\n<p>Dolay\u0131s\u0131yla \u00fclkemizde Anneler G\u00fcn\u00fc \u00f6n\u00fcm\u00fczdeki y\u0131l 10 May\u0131s 2020 tarihinde kutlanacak.<\/p>\n\n\n\n<p><strong>ANNELER G\u00dcN\u00dc&rsquo;N\u00dcN TAR\u0130H\u00c7ES\u0130<\/strong><\/p>\n\n\n\n<p>&nbsp;Anneler G\u00fcn\u00fc\u2019n\u00fcn tarihi ana tanr\u0131\u00e7alar Cybele ve Rhea&rsquo;ya sayg\u0131 g\u00f6stermek i\u00e7in festivaller d\u00fczenleyen eski Yunan ve Roma d\u00f6nemlerine kadar dayan\u0131yor. Anneler G\u00fcn\u00fc&rsquo;n\u00fcn modern evrimi, \u201cAnneler Pazarlar\u0131\u201d olarak bilinen erken bir H\u0131ristiyan festivaliydi.<\/p>\n\n\n\n<p>Bir zamanlar Birle\u015fik Krall\u0131k&rsquo;ta ve Avrupa&rsquo;n\u0131n baz\u0131 b\u00f6lgelerinde b\u00fcy\u00fck bir gelenek idi. \u201cLent\u201d ad\u0131 verilen ve Paskalya\u2019n\u0131n 40 g\u00fcn \u00f6ncesinden ba\u015flayan s\u00fcrecin d\u00f6rd\u00fcnc\u00fc pazar\u0131nda kutlan\u0131lan \u201cAnneler Pazar\u0131\u201d ile, b\u00fct\u00fcn \u0130ngiliz anneler onurland\u0131r\u0131l\u0131rd\u0131.<\/p>\n\n\n\n<p><strong>Bilgin Ozcifci \/AVRUPAPRESS<\/strong><\/p>\n","protected":false},"excerpt":{"rendered":"<p>Anneler G\u00fcn\u00fc, anneleri anmak ve onurland\u0131rmak amac\u0131yla b\u00fct\u00fcn d\u00fcnyada farkl\u0131 zamanlarda kutlan\u0131yor. \u00dclkemizde may\u0131s ay\u0131nda kutlanan bu de\u011ferli g\u00fcn\u00fcn bu y\u0131l hangi tarihe denk geldi\u011fi, bu \u00f6zel g\u00fcnde annesini unutmak istemeyen pek \u00e7ok evlat taraf\u0131ndan sorgulan\u0131yor. \u0130\u015fte, Anneler G\u00fcn\u00fc&rsquo;ne y\u00f6nelik bilgiler. D\u00fcnyan\u0131n \u00e7e\u015fitli \u00fclkelerinde Anneler G\u00fcn\u00fc\u2019n\u00fcn farkl\u0131 tarihlerde kutlanmas\u0131na kar\u015f\u0131n, Danimarka, Finlandiya, \u0130talya, T\u00fcrkiye, Avustralya [&hellip;]<\/p>\n","protected":false},"author":3,"featured_media":11721,"comment_status":"closed","ping_status":"open","sticky":false,"template":"","format":"standard","meta":{"footnotes":""},"categories":[14,16,3,17,18,15,19,2,1],"tags":[],"class_list":["post-11720","post","type-post","status-publish","format-standard","has-post-thumbnail","hentry","category-avrupa","category-belcika","category-dunya","category-ekonomi","category-kultur-sanat","category-spor","category-tanitim","category-turkiye","category-uncategorized"],"yoast_head":"<!-- This site is optimized with the Yoast SEO plugin v26.9 - https:\/\/yoast.com\/product\/yoast-seo-wordpress\/ -->\n<title>ANNELER G\u00dcN\u00dcN\u00dcZ KUTLU OLSUN ANNEM! - AvrupaPress<\/title>\n<meta name=\"robots\" content=\"index, follow, max-snippet:-1, max-image-preview:large, max-video-preview:-1\" \/>\n<link rel=\"canonical\" href=\"https:\/\/avrupapress.com\/2020\/05\/09\/anneler-gununuz-kutlu-olsun-annem\/\" \/>\n<meta property=\"og:locale\" content=\"fr_FR\" \/>\n<meta property=\"og:type\" content=\"article\" \/>\n<meta property=\"og:title\" content=\"ANNELER G\u00dcN\u00dcN\u00dcZ KUTLU OLSUN ANNEM! - AvrupaPress\" \/>\n<meta property=\"og:description\" content=\"Anneler G\u00fcn\u00fc, anneleri anmak ve onurland\u0131rmak amac\u0131yla b\u00fct\u00fcn d\u00fcnyada farkl\u0131 zamanlarda kutlan\u0131yor. \u00dclkemizde may\u0131s ay\u0131nda kutlanan bu de\u011ferli g\u00fcn\u00fcn bu y\u0131l hangi tarihe denk geldi\u011fi, bu \u00f6zel g\u00fcnde annesini unutmak istemeyen pek \u00e7ok evlat taraf\u0131ndan sorgulan\u0131yor. \u0130\u015fte, Anneler G\u00fcn\u00fc&rsquo;ne y\u00f6nelik bilgiler. D\u00fcnyan\u0131n \u00e7e\u015fitli \u00fclkelerinde Anneler G\u00fcn\u00fc\u2019n\u00fcn farkl\u0131 tarihlerde kutlanmas\u0131na kar\u015f\u0131n, Danimarka, Finlandiya, \u0130talya, T\u00fcrkiye, Avustralya [&hellip;]\" \/>\n<meta property=\"og:url\" content=\"https:\/\/avrupapress.com\/2020\/05\/09\/anneler-gununuz-kutlu-olsun-annem\/\" \/>\n<meta property=\"og:site_name\" content=\"AvrupaPress\" \/>\n<meta property=\"article:published_time\" content=\"2020-05-09T23:28:11+00:00\" \/>\n<meta property=\"article:modified_time\" content=\"2020-05-09T23:28:12+00:00\" \/>\n<meta property=\"og:image\" content=\"https:\/\/avrupapress.com\/wp-content\/uploads\/2020\/05\/th-1.jpg\" \/>\n\t<meta property=\"og:image:width\" content=\"442\" \/>\n\t<meta property=\"og:image:height\" content=\"194\" \/>\n\t<meta property=\"og:image:type\" content=\"image\/jpeg\" \/>\n<meta name=\"author\" content=\"Edit\u00f6r\" \/>\n<meta name=\"twitter:card\" content=\"summary_large_image\" \/>\n<meta name=\"twitter:label1\" content=\"\u00c9crit par\" \/>\n\t<meta name=\"twitter:data1\" content=\"Edit\u00f6r\" \/>\n\t<meta name=\"twitter:label2\" content=\"Dur\u00e9e de lecture est.\" \/>\n\t<meta name=\"twitter:data2\" content=\"1 minute\" \/>\n<script type=\"application\/ld+json\" class=\"yoast-schema-graph\">{\"@context\":\"https:\/\/schema.org\",\"@graph\":[{\"@type\":\"Article\",\"@id\":\"https:\/\/avrupapress.com\/2020\/05\/09\/anneler-gununuz-kutlu-olsun-annem\/#article\",\"isPartOf\":{\"@id\":\"https:\/\/avrupapress.com\/2020\/05\/09\/anneler-gununuz-kutlu-olsun-annem\/\"},\"author\":{\"name\":\"Edit\u00f6r\",\"@id\":\"https:\/\/avrupapress.com\/#\/schema\/person\/68428444ec60970d1e1b700cf4ca1e8f\"},\"headline\":\"ANNELER G\u00dcN\u00dcN\u00dcZ KUTLU OLSUN ANNEM!\",\"datePublished\":\"2020-05-09T23:28:11+00:00\",\"dateModified\":\"2020-05-09T23:28:12+00:00\",\"mainEntityOfPage\":{\"@id\":\"https:\/\/avrupapress.com\/2020\/05\/09\/anneler-gununuz-kutlu-olsun-annem\/\"},\"wordCount\":233,\"publisher\":{\"@id\":\"https:\/\/avrupapress.com\/#\/schema\/person\/0223dca19c72c43575bf30d1a2d8f4fa\"},\"image\":{\"@id\":\"https:\/\/avrupapress.com\/2020\/05\/09\/anneler-gununuz-kutlu-olsun-annem\/#primaryimage\"},\"thumbnailUrl\":\"https:\/\/avrupapress.com\/main\/wp-content\/uploads\/2020\/05\/th-1.jpg\",\"articleSection\":[\"Avrupa\",\"Bel\u00e7ika\",\"D\u00fcnya\",\"Ekonomi\",\"K\u00fclt\u00fcr-Sanat\",\"Spor\",\"Tan\u0131t\u0131m\",\"T\u00fcrkiye\",\"Uncategorized\"],\"inLanguage\":\"fr-BE\"},{\"@type\":\"WebPage\",\"@id\":\"https:\/\/avrupapress.com\/2020\/05\/09\/anneler-gununuz-kutlu-olsun-annem\/\",\"url\":\"https:\/\/avrupapress.com\/2020\/05\/09\/anneler-gununuz-kutlu-olsun-annem\/\",\"name\":\"ANNELER G\u00dcN\u00dcN\u00dcZ KUTLU OLSUN ANNEM! - AvrupaPress\",\"isPartOf\":{\"@id\":\"https:\/\/avrupapress.com\/#website\"},\"primaryImageOfPage\":{\"@id\":\"https:\/\/avrupapress.com\/2020\/05\/09\/anneler-gununuz-kutlu-olsun-annem\/#primaryimage\"},\"image\":{\"@id\":\"https:\/\/avrupapress.com\/2020\/05\/09\/anneler-gununuz-kutlu-olsun-annem\/#primaryimage\"},\"thumbnailUrl\":\"https:\/\/avrupapress.com\/main\/wp-content\/uploads\/2020\/05\/th-1.jpg\",\"datePublished\":\"2020-05-09T23:28:11+00:00\",\"dateModified\":\"2020-05-09T23:28:12+00:00\",\"breadcrumb\":{\"@id\":\"https:\/\/avrupapress.com\/2020\/05\/09\/anneler-gununuz-kutlu-olsun-annem\/#breadcrumb\"},\"inLanguage\":\"fr-BE\",\"potentialAction\":[{\"@type\":\"ReadAction\",\"target\":[\"https:\/\/avrupapress.com\/2020\/05\/09\/anneler-gununuz-kutlu-olsun-annem\/\"]}]},{\"@type\":\"ImageObject\",\"inLanguage\":\"fr-BE\",\"@id\":\"https:\/\/avrupapress.com\/2020\/05\/09\/anneler-gununuz-kutlu-olsun-annem\/#primaryimage\",\"url\":\"https:\/\/avrupapress.com\/main\/wp-content\/uploads\/2020\/05\/th-1.jpg\",\"contentUrl\":\"https:\/\/avrupapress.com\/main\/wp-content\/uploads\/2020\/05\/th-1.jpg\",\"width\":442,\"height\":194},{\"@type\":\"BreadcrumbList\",\"@id\":\"https:\/\/avrupapress.com\/2020\/05\/09\/anneler-gununuz-kutlu-olsun-annem\/#breadcrumb\",\"itemListElement\":[{\"@type\":\"ListItem\",\"position\":1,\"name\":\"Anasayfa\",\"item\":\"https:\/\/avrupapress.com\/\"},{\"@type\":\"ListItem\",\"position\":2,\"name\":\"ANNELER G\u00dcN\u00dcN\u00dcZ KUTLU OLSUN ANNEM!\"}]},{\"@type\":\"WebSite\",\"@id\":\"https:\/\/avrupapress.com\/#website\",\"url\":\"https:\/\/avrupapress.com\/\",\"name\":\"AvrupaPress\",\"description\":\"Haberin Adresi\",\"publisher\":{\"@id\":\"https:\/\/avrupapress.com\/#\/schema\/person\/0223dca19c72c43575bf30d1a2d8f4fa\"},\"potentialAction\":[{\"@type\":\"SearchAction\",\"target\":{\"@type\":\"EntryPoint\",\"urlTemplate\":\"https:\/\/avrupapress.com\/?s={search_term_string}\"},\"query-input\":{\"@type\":\"PropertyValueSpecification\",\"valueRequired\":true,\"valueName\":\"search_term_string\"}}],\"inLanguage\":\"fr-BE\"},{\"@type\":[\"Person\",\"Organization\"],\"@id\":\"https:\/\/avrupapress.com\/#\/schema\/person\/0223dca19c72c43575bf30d1a2d8f4fa\",\"name\":\"Bilgin \u00d6z\u00e7ift\u00e7i\",\"image\":{\"@type\":\"ImageObject\",\"inLanguage\":\"fr-BE\",\"@id\":\"https:\/\/avrupapress.com\/#\/schema\/person\/image\/\",\"url\":\"https:\/\/secure.gravatar.com\/avatar\/0f23b280433a21e1ea7a0adcc46ed0ad16afe3ad8e630fd13d8a017dcbd54ef3?s=96&d=mm&r=g\",\"contentUrl\":\"https:\/\/secure.gravatar.com\/avatar\/0f23b280433a21e1ea7a0adcc46ed0ad16afe3ad8e630fd13d8a017dcbd54ef3?s=96&d=mm&r=g\",\"caption\":\"Bilgin \u00d6z\u00e7ift\u00e7i\"},\"logo\":{\"@id\":\"https:\/\/avrupapress.com\/#\/schema\/person\/image\/\"},\"description\":\"Ne ben, nede sen... Biz ancak \\\"biz\\\" olursak g\u00fc\u00e7l\u00fc olabiliriz\"},{\"@type\":\"Person\",\"@id\":\"https:\/\/avrupapress.com\/#\/schema\/person\/68428444ec60970d1e1b700cf4ca1e8f\",\"name\":\"Edit\u00f6r\",\"image\":{\"@type\":\"ImageObject\",\"inLanguage\":\"fr-BE\",\"@id\":\"https:\/\/avrupapress.com\/#\/schema\/person\/image\/\",\"url\":\"https:\/\/secure.gravatar.com\/avatar\/74996b0977aa5f1559ba9883776652508b229005c0d78fb2597897f0bd651c09?s=96&d=mm&r=g\",\"contentUrl\":\"https:\/\/secure.gravatar.com\/avatar\/74996b0977aa5f1559ba9883776652508b229005c0d78fb2597897f0bd651c09?s=96&d=mm&r=g\",\"caption\":\"Edit\u00f6r\"},\"sameAs\":[\"http:\/\/www.avrupapress.com\"],\"url\":\"https:\/\/avrupapress.com\/main\/author\/editor\/\"}]}<\/script>\n<!-- \/ Yoast SEO plugin. -->","yoast_head_json":{"title":"ANNELER G\u00dcN\u00dcN\u00dcZ KUTLU OLSUN ANNEM! - AvrupaPress","robots":{"index":"index","follow":"follow","max-snippet":"max-snippet:-1","max-image-preview":"max-image-preview:large","max-video-preview":"max-video-preview:-1"},"canonical":"https:\/\/avrupapress.com\/2020\/05\/09\/anneler-gununuz-kutlu-olsun-annem\/","og_locale":"fr_FR","og_type":"article","og_title":"ANNELER G\u00dcN\u00dcN\u00dcZ KUTLU OLSUN ANNEM! - AvrupaPress","og_description":"Anneler G\u00fcn\u00fc, anneleri anmak ve onurland\u0131rmak amac\u0131yla b\u00fct\u00fcn d\u00fcnyada farkl\u0131 zamanlarda kutlan\u0131yor. \u00dclkemizde may\u0131s ay\u0131nda kutlanan bu de\u011ferli g\u00fcn\u00fcn bu y\u0131l hangi tarihe denk geldi\u011fi, bu \u00f6zel g\u00fcnde annesini unutmak istemeyen pek \u00e7ok evlat taraf\u0131ndan sorgulan\u0131yor. \u0130\u015fte, Anneler G\u00fcn\u00fc&rsquo;ne y\u00f6nelik bilgiler. D\u00fcnyan\u0131n \u00e7e\u015fitli \u00fclkelerinde Anneler G\u00fcn\u00fc\u2019n\u00fcn farkl\u0131 tarihlerde kutlanmas\u0131na kar\u015f\u0131n, Danimarka, Finlandiya, \u0130talya, T\u00fcrkiye, Avustralya [&hellip;]","og_url":"https:\/\/avrupapress.com\/2020\/05\/09\/anneler-gununuz-kutlu-olsun-annem\/","og_site_name":"AvrupaPress","article_published_time":"2020-05-09T23:28:11+00:00","article_modified_time":"2020-05-09T23:28:12+00:00","og_image":[{"width":442,"height":194,"url":"https:\/\/avrupapress.com\/wp-content\/uploads\/2020\/05\/th-1.jpg","type":"image\/jpeg"}],"author":"Edit\u00f6r","twitter_card":"summary_large_image","twitter_misc":{"\u00c9crit par":"Edit\u00f6r","Dur\u00e9e de lecture est.":"1 minute"},"schema":{"@context":"https:\/\/schema.org","@graph":[{"@type":"Article","@id":"https:\/\/avrupapress.com\/2020\/05\/09\/anneler-gununuz-kutlu-olsun-annem\/#article","isPartOf":{"@id":"https:\/\/avrupapress.com\/2020\/05\/09\/anneler-gununuz-kutlu-olsun-annem\/"},"author":{"name":"Edit\u00f6r","@id":"https:\/\/avrupapress.com\/#\/schema\/person\/68428444ec60970d1e1b700cf4ca1e8f"},"headline":"ANNELER G\u00dcN\u00dcN\u00dcZ KUTLU OLSUN ANNEM!","datePublished":"2020-05-09T23:28:11+00:00","dateModified":"2020-05-09T23:28:12+00:00","mainEntityOfPage":{"@id":"https:\/\/avrupapress.com\/2020\/05\/09\/anneler-gununuz-kutlu-olsun-annem\/"},"wordCount":233,"publisher":{"@id":"https:\/\/avrupapress.com\/#\/schema\/person\/0223dca19c72c43575bf30d1a2d8f4fa"},"image":{"@id":"https:\/\/avrupapress.com\/2020\/05\/09\/anneler-gununuz-kutlu-olsun-annem\/#primaryimage"},"thumbnailUrl":"https:\/\/avrupapress.com\/main\/wp-content\/uploads\/2020\/05\/th-1.jpg","articleSection":["Avrupa","Bel\u00e7ika","D\u00fcnya","Ekonomi","K\u00fclt\u00fcr-Sanat","Spor","Tan\u0131t\u0131m","T\u00fcrkiye","Uncategorized"],"inLanguage":"fr-BE"},{"@type":"WebPage","@id":"https:\/\/avrupapress.com\/2020\/05\/09\/anneler-gununuz-kutlu-olsun-annem\/","url":"https:\/\/avrupapress.com\/2020\/05\/09\/anneler-gununuz-kutlu-olsun-annem\/","name":"ANNELER G\u00dcN\u00dcN\u00dcZ KUTLU OLSUN ANNEM! - AvrupaPress","isPartOf":{"@id":"https:\/\/avrupapress.com\/#website"},"primaryImageOfPage":{"@id":"https:\/\/avrupapress.com\/2020\/05\/09\/anneler-gununuz-kutlu-olsun-annem\/#primaryimage"},"image":{"@id":"https:\/\/avrupapress.com\/2020\/05\/09\/anneler-gununuz-kutlu-olsun-annem\/#primaryimage"},"thumbnailUrl":"https:\/\/avrupapress.com\/main\/wp-content\/uploads\/2020\/05\/th-1.jpg","datePublished":"2020-05-09T23:28:11+00:00","dateModified":"2020-05-09T23:28:12+00:00","breadcrumb":{"@id":"https:\/\/avrupapress.com\/2020\/05\/09\/anneler-gununuz-kutlu-olsun-annem\/#breadcrumb"},"inLanguage":"fr-BE","potentialAction":[{"@type":"ReadAction","target":["https:\/\/avrupapress.com\/2020\/05\/09\/anneler-gununuz-kutlu-olsun-annem\/"]}]},{"@type":"ImageObject","inLanguage":"fr-BE","@id":"https:\/\/avrupapress.com\/2020\/05\/09\/anneler-gununuz-kutlu-olsun-annem\/#primaryimage","url":"https:\/\/avrupapress.com\/main\/wp-content\/uploads\/2020\/05\/th-1.jpg","contentUrl":"https:\/\/avrupapress.com\/main\/wp-content\/uploads\/2020\/05\/th-1.jpg","width":442,"height":194},{"@type":"BreadcrumbList","@id":"https:\/\/avrupapress.com\/2020\/05\/09\/anneler-gununuz-kutlu-olsun-annem\/#breadcrumb","itemListElement":[{"@type":"ListItem","position":1,"name":"Anasayfa","item":"https:\/\/avrupapress.com\/"},{"@type":"ListItem","position":2,"name":"ANNELER G\u00dcN\u00dcN\u00dcZ KUTLU OLSUN ANNEM!"}]},{"@type":"WebSite","@id":"https:\/\/avrupapress.com\/#website","url":"https:\/\/avrupapress.com\/","name":"AvrupaPress","description":"Haberin Adresi","publisher":{"@id":"https:\/\/avrupapress.com\/#\/schema\/person\/0223dca19c72c43575bf30d1a2d8f4fa"},"potentialAction":[{"@type":"SearchAction","target":{"@type":"EntryPoint","urlTemplate":"https:\/\/avrupapress.com\/?s={search_term_string}"},"query-input":{"@type":"PropertyValueSpecification","valueRequired":true,"valueName":"search_term_string"}}],"inLanguage":"fr-BE"},{"@type":["Person","Organization"],"@id":"https:\/\/avrupapress.com\/#\/schema\/person\/0223dca19c72c43575bf30d1a2d8f4fa","name":"Bilgin \u00d6z\u00e7ift\u00e7i","image":{"@type":"ImageObject","inLanguage":"fr-BE","@id":"https:\/\/avrupapress.com\/#\/schema\/person\/image\/","url":"https:\/\/secure.gravatar.com\/avatar\/0f23b280433a21e1ea7a0adcc46ed0ad16afe3ad8e630fd13d8a017dcbd54ef3?s=96&d=mm&r=g","contentUrl":"https:\/\/secure.gravatar.com\/avatar\/0f23b280433a21e1ea7a0adcc46ed0ad16afe3ad8e630fd13d8a017dcbd54ef3?s=96&d=mm&r=g","caption":"Bilgin \u00d6z\u00e7ift\u00e7i"},"logo":{"@id":"https:\/\/avrupapress.com\/#\/schema\/person\/image\/"},"description":"Ne ben, nede sen... Biz ancak \"biz\" olursak g\u00fc\u00e7l\u00fc olabiliriz"},{"@type":"Person","@id":"https:\/\/avrupapress.com\/#\/schema\/person\/68428444ec60970d1e1b700cf4ca1e8f","name":"Edit\u00f6r","image":{"@type":"ImageObject","inLanguage":"fr-BE","@id":"https:\/\/avrupapress.com\/#\/schema\/person\/image\/","url":"https:\/\/secure.gravatar.com\/avatar\/74996b0977aa5f1559ba9883776652508b229005c0d78fb2597897f0bd651c09?s=96&d=mm&r=g","contentUrl":"https:\/\/secure.gravatar.com\/avatar\/74996b0977aa5f1559ba9883776652508b229005c0d78fb2597897f0bd651c09?s=96&d=mm&r=g","caption":"Edit\u00f6r"},"sameAs":["http:\/\/www.avrupapress.com"],"url":"https:\/\/avrupapress.com\/main\/author\/editor\/"}]}},"_links":{"self":[{"href":"https:\/\/avrupapress.com\/main\/wp-json\/wp\/v2\/posts\/11720","targetHints":{"allow":["GET"]}}],"collection":[{"href":"https:\/\/avrupapress.com\/main\/wp-json\/wp\/v2\/posts"}],"about":[{"href":"https:\/\/avrupapress.com\/main\/wp-json\/wp\/v2\/types\/post"}],"author":[{"embeddable":true,"href":"https:\/\/avrupapress.com\/main\/wp-json\/wp\/v2\/users\/3"}],"replies":[{"embeddable":true,"href":"https:\/\/avrupapress.com\/main\/wp-json\/wp\/v2\/comments?post=11720"}],"version-history":[{"count":1,"href":"https:\/\/avrupapress.com\/main\/wp-json\/wp\/v2\/posts\/11720\/revisions"}],"predecessor-version":[{"id":11722,"href":"https:\/\/avrupapress.com\/main\/wp-json\/wp\/v2\/posts\/11720\/revisions\/11722"}],"wp:featuredmedia":[{"embeddable":true,"href":"https:\/\/avrupapress.com\/main\/wp-json\/wp\/v2\/media\/11721"}],"wp:attachment":[{"href":"https:\/\/avrupapress.com\/main\/wp-json\/wp\/v2\/media?parent=11720"}],"wp:term":[{"taxonomy":"category","embeddable":true,"href":"https:\/\/avrupapress.com\/main\/wp-json\/wp\/v2\/categories?post=11720"},{"taxonomy":"post_tag","embeddable":true,"href":"https:\/\/avrupapress.com\/main\/wp-json\/wp\/v2\/tags?post=11720"}],"curies":[{"name":"wp","href":"https:\/\/api.w.org\/{rel}","templated":true}]}}