{"id":11699,"date":"2020-05-09T22:07:22","date_gmt":"2020-05-09T22:07:22","guid":{"rendered":"http:\/\/avrupapress.com\/main\/?p=11699"},"modified":"2020-05-09T22:07:25","modified_gmt":"2020-05-09T22:07:25","slug":"kapitalizm-5g-ile-dnamizi-bozacak-insani-kolelestirecek","status":"publish","type":"post","link":"https:\/\/avrupapress.com\/main\/2020\/05\/09\/kapitalizm-5g-ile-dnamizi-bozacak-insani-kolelestirecek\/","title":{"rendered":"Kapitalizm 5G ile DNA\u2019m\u0131z\u0131 bozacak insan\u0131 k\u00f6lele\u015ftirecek!"},"content":{"rendered":"\n<p><br>Kapitalizm, End\u00fcstri 4.0\u2019\u0131n par\u00e7as\u0131 olan 5G ile insanl\u0131\u011f\u0131 k\u00f6leli\u011fe haz\u0131rl\u0131yor. 5G teknolojisi, insan dahil t\u00fcm canl\u0131lar\u0131n DNA\u2019s\u0131n\u0131 de\u011fi\u015ftirip hastal\u0131klara iterken, insanl\u0131\u011fa ise b\u00fcy\u00fck bir g\u00f6zalt\u0131 demek.<\/p>\n\n\n\n<p> Koronavir\u00fcs salg\u0131n\u0131yla yeniden g\u00fcndeme gelen ve insan DNA\u2019s\u0131n\u0131 de\u011fi\u015ftirdi\u011fi ve ba\u011f\u0131\u015f\u0131kl\u0131\u011f\u0131n\u0131 bask\u0131lad\u0131\u011f\u0131 i\u00e7in vir\u00fcse kar\u015f\u0131 insanlar\u0131 savunmas\u0131z b\u0131rakt\u0131\u011f\u0131 ileri s\u00fcr\u00fclen 5G mobil a\u011f teknolojisinde ad\u0131mlar at\u0131lmaya devam ediliyor. <\/p>\n\n\n\n<p>G\u00fcney Kore, d\u00fcnyada 5G\u2019yi kullanmaya ba\u015flayan ilk \u00fclke olmu\u015ftu. En son \u00c7in\u2019li \u015firket Huawei taraf\u0131ndan, \u00c7in\u2019in Nepal s\u0131n\u0131r\u0131 \u00fczerindeki Himalayalarda bulunan ve d\u00fcnyan\u0131n en y\u00fcksek da\u011f\u0131 olan 8 bin 848 metre y\u00fckseklikteki Everest Da\u011f\u0131\u2019n\u0131n 6 bin 500 metresine, 5G baz istasyonu kurdu\u011funu duyurdu. <\/p>\n\n\n\n<p>5G teknolojisinin mobil a\u011f servislerinin kulland\u0131\u011f\u0131 enerji maliyetlerini y\u00fczde 90 azaltt\u0131\u011f\u0131 ve 4G\u2019ye g\u00f6re 20 kat daha h\u0131zl\u0131 ba\u011flant\u0131 sa\u011flayaca\u011f\u0131 iddia edilirken, d\u00fcnyan\u0131n bir\u00e7ok \u00fclkesi 5G teknolojisine kar\u015f\u0131 \u00e7\u0131k\u0131yor. Bel\u00e7ika ve \u0130svi\u00e7re 5G teknolijisini onaylamad\u0131\u011f\u0131n\u0131 duyurmu\u015ftu. <\/p>\n\n\n\n<p>Bel\u00e7ika 5G\u2019ye izin vermedi Yayd\u0131\u011f\u0131 radyasyon miktar\u0131na dikkat \u00e7ekmek i\u00e7in \u00e7ok say\u0131da kar\u015f\u0131t eylemin yap\u0131ld\u0131\u011f\u0131 5G teknolojisine ilk tav\u0131r Bel\u00e7ika\u2019dan geldi. H\u00fck\u00fcmet, 2018 y\u0131l\u0131 Temmuz ay\u0131nda operat\u00f6rler ile bir anla\u015fmaya varm\u0131\u015ft\u0131.<\/p>\n\n\n\n<p> Bu anla\u015fmaya g\u00f6re 2020 y\u0131l\u0131nda Br\u00fcksel\u2019de 5G \u015febekesinin kullan\u0131ma sunulmas\u0131 amac\u0131yla radyasyon kurallar\u0131 esnetilmi\u015fti. \u00c7evre Bakan\u0131 Celine Fremault, bu karar\u0131 ge\u00e7ti\u011fimiz y\u0131l Nisan ay\u0131nda iptal etti. Bakan Fremault, 5G \u015febekesi i\u00e7in hizmet veren antenlerden yay\u0131lan radyasyon miktar\u0131n\u0131n tespit edilemedi\u011fine dikkat \u00e7ekti. <\/p>\n\n\n\n<p>Fremault, \u201cBr\u00fcksel halk\u0131 kobay de\u011fildir. \u0130nternetin h\u0131zlanmas\u0131 i\u00e7in halk\u0131n sa\u011fl\u0131\u011f\u0131n\u0131 riske atamam\u201d ifadelerini kulland\u0131. Baz istasyonlar\u0131n\u0131n yayd\u0131\u011f\u0131 elektromanyetik radyasyon miktar\u0131 i\u00e7in Br\u00fcksel\u2019de 6 volt\/metre limiti bulunuyor. Bu limit, ba\u015fkentte 4G \u00fczerinden h\u0131zl\u0131 internet sa\u011flanmas\u0131 konusunda operat\u00f6rleri zor durumda b\u0131rakm\u0131\u015ft\u0131. <\/p>\n\n\n\n<p>T\u00fcrkiye\u2019de BTK\u2019nin bu frekanslar i\u00e7in belirledi\u011fi limit de\u011fer ise Bel\u00e7ika\u2019n\u0131n belirledi\u011fi limitin yakla\u015f\u0131k 3 kat\u0131 yani 15 volt\/metre. 5G DNA\u2019ya zarar veriyor Be\u015finci nesil mobil a\u011f ya da k\u0131sa ad\u0131yla 5G, y\u00fcksek frekans ve y\u00fcksek bant geni\u015fli\u011fi kullan\u0131yor. <\/p>\n\n\n\n<p>28 ile 100 GHz aras\u0131nda frenkanslarda \u00e7al\u0131\u015f\u0131yor. Y\u00fcksek frekansl\u0131 5G ile 10 Gbit h\u0131zda ve \u00e7ok d\u00fc\u015f\u00fck gecikmeye sahip internet sa\u011flanabiliyor. Bu sayede uzaktan ameliyat yap\u0131labilece\u011fi, araba s\u00fcr\u00fclebilece\u011fi gibi iddialar var. 5G dalga boylar\u0131, d\u00fc\u015f\u00fck frekansl\u0131 olanlardan daha fazla enerjiye sahip. \u00dcstelik dalgan\u0131n uzunlu\u011fu k\u0131sald\u0131\u011f\u0131 i\u00e7in daha fazla anten yerle\u015ftirmek gerekiyor.<\/p>\n\n\n\n<p> Yakla\u015f\u0131k olarak her 150 metrede bir baz istasyonu g\u00fc\u00e7lendirici antenler kullanmak gerekiyor. Antenlerin say\u0131s\u0131ndaki art\u0131\u015f, d\u00fc\u015f\u00fck frekansl\u0131 radyo dalgalar\u0131nda art\u0131\u015fa neden olacak ve v\u00fccudumuz bu dalgalardan olumsuz etkilenecek. Bilim insanlar\u0131 ise 5G\u2019nin yayd\u0131\u011f\u0131 radyasyonun insan DNA\u2019s\u0131na zarar verece\u011fini ifade ediyorlar.<\/p>\n\n\n\n<p> Canl\u0131lar\u0131n sa\u011fl\u0131\u011f\u0131 tehlikede 5G \u015febekesinin yayd\u0131\u011f\u0131 frekanslar\u0131n zarar\u0131 hakk\u0131nda rapor haz\u0131rlayan International Commission on Non-Ionizing Radiation Protection (ICNIRP), y\u00fcksek frekansa maruz kalman\u0131n insan sa\u011fl\u0131\u011f\u0131na ciddi etkileri olaca\u011f\u0131n\u0131 s\u00f6yl\u00fcyor. <\/p>\n\n\n\n<p>5G\u2019nin yayd\u0131\u011f\u0131 radyasyonun incelenmesi gerekti\u011fi y\u00f6n\u00fcnde ortak bildiri yay\u0131nlayan 250 bilim insan\u0131 ise 5G ile birlikte insan ve hayvan sa\u011fl\u0131\u011f\u0131n\u0131n tehlikeye girece\u011fini savunuyor.<\/p>\n\n\n\n<p> 5G \u00e7al\u0131\u015fmalar\u0131n\u0131n durdurulmas\u0131 karar\u0131n\u0131 destekleyenler i\u00e7in change.org adl\u0131 bir site a\u00e7\u0131ld\u0131. 5GSpaceappeal.org ismindeki bu sitede Birle\u015fmi\u015f Milletler, D\u00fcnya Sa\u011fl\u0131k \u00d6rg\u00fct\u00fc, Avrupa Birli\u011fi, Avrupa Konseyi ve t\u00fcm uluslar\u0131n h\u00fck\u00fcmetine a\u00e7\u0131k \u00e7a\u011fr\u0131da bulunuluyor. <\/p>\n\n\n\n<p>Helsinki \u00dcniversitesi\u2019nden molek\u00fcler biyoloji profes\u00f6r\u00fc Dariusz Leszczynski, Euronews\u2019e yapt\u0131\u011f\u0131 de\u011ferlendirmede, \u201c5G emisyonlu radyasyonun etkilerinin biyomedikal olarak ara\u015ft\u0131r\u0131lmad\u0131\u011f\u0131n\u0131, 5G\u2019nin g\u00fcvenli oldu\u011fu g\u00f6r\u00fc\u015f\u00fcn\u00fcn d\u00fc\u015f\u00fck seviyeli radyasyon sa\u011fl\u0131\u011fa zararl\u0131 de\u011fildir varsay\u0131m\u0131na dayand\u0131r\u0131l\u011f\u0131n\u0131\u201d belirtiyor.<\/p>\n\n\n\n<p> Beyin t\u00fcm\u00f6r\u00fc y\u00fczde 34 artt\u0131 Almanya\u2019da Aachen \u00dcniversitesi Elektromanyetik \u00c7evre Uyumlulu\u011fu Ara\u015ft\u0131rma Merkezi, g\u00fc\u00e7l\u00fc radyo frekans alanlar\u0131 ile kanser te\u015fhisi konan fareler aras\u0131nda a\u00e7\u0131k bir ba\u011flant\u0131 oldu\u011funu g\u00f6steren bir rapor haz\u0131rlad\u0131.<\/p>\n\n\n\n<p> Buna g\u00f6re, iki sene boyunca g\u00fcnde 9 saat elektromanyetik alana maruz b\u0131rak\u0131lan farelerin beyin, kalp ve sinir sistemlerinde de\u011fi\u015fimler ya\u015fand\u0131\u011f\u0131 ve h\u00fccre \u00f6l\u00fcmlerinin artt\u0131\u011f\u0131 g\u00f6r\u00fcld\u00fc.<\/p>\n\n\n\n<p> \u0130ngiltere\u2019de Kanser Ara\u015ft\u0131rma Merkezi (CRUK) 90\u2019l\u0131 y\u0131llardan 2016\u2019ya cep telefonu kullan\u0131m\u0131n\u0131n y\u00fczde 500 oran\u0131nda artt\u0131\u011f\u0131n\u0131, buna ba\u011fl\u0131 olarak beyin t\u00fcm\u00f6r\u00fc vakar\u0131n\u0131n da eskiye nazaran y\u00fczde 34 oran\u0131nda art\u0131\u015f g\u00f6sterdi\u011fini a\u00e7\u0131klarken, 5G bu oran\u0131 katlayacak. Uzaya 20 bin yeni uydu Uluslararas\u0131 Kanser Ara\u015ft\u0131rma Merkezi ise cep telefonlar\u0131n\u0131 2011\u2019de \u201ckansere yol a\u00e7abilecek etken\u201d olarak tan\u0131mlam\u0131\u015ft\u0131. 5G teknolojisi ise bu durumu \u00e7ok daha fazla oranda artt\u0131raca\u011f\u0131 bilim insanlar\u0131nca belirtiliyor. <\/p>\n\n\n\n<p>\u00c7in\u2019in Wuhan kentinden yay\u0131ld\u0131\u011f\u0131 belirtilen koronavir\u00fcs salg\u0131n\u0131 s\u0131ras\u0131nda insanlar\u0131n y\u00fcr\u00fcrken birden yere d\u00fc\u015fen anlar\u0131 kameralara yans\u0131m\u0131\u015ft\u0131. Bunun nedeninin 5G\u2019ye<\/p>\n\n\n\n<p><strong>Seval Aksan \/ AVRUPAPRESS<\/strong><\/p>\n","protected":false},"excerpt":{"rendered":"<p>Kapitalizm, End\u00fcstri 4.0\u2019\u0131n par\u00e7as\u0131 olan 5G ile insanl\u0131\u011f\u0131 k\u00f6leli\u011fe haz\u0131rl\u0131yor. 5G teknolojisi, insan dahil t\u00fcm canl\u0131lar\u0131n DNA\u2019s\u0131n\u0131 de\u011fi\u015ftirip hastal\u0131klara iterken, insanl\u0131\u011fa ise b\u00fcy\u00fck bir g\u00f6zalt\u0131 demek. Koronavir\u00fcs salg\u0131n\u0131yla yeniden g\u00fcndeme gelen ve insan DNA\u2019s\u0131n\u0131 de\u011fi\u015ftirdi\u011fi ve ba\u011f\u0131\u015f\u0131kl\u0131\u011f\u0131n\u0131 bask\u0131lad\u0131\u011f\u0131 i\u00e7in vir\u00fcse kar\u015f\u0131 insanlar\u0131 savunmas\u0131z b\u0131rakt\u0131\u011f\u0131 ileri s\u00fcr\u00fclen 5G mobil a\u011f teknolojisinde ad\u0131mlar at\u0131lmaya devam ediliyor. G\u00fcney [&hellip;]<\/p>\n","protected":false},"author":3,"featured_media":11700,"comment_status":"closed","ping_status":"open","sticky":false,"template":"","format":"standard","meta":{"footnotes":""},"categories":[14,16,3,19,2],"tags":[5291],"class_list":["post-11699","post","type-post","status-publish","format-standard","has-post-thumbnail","hentry","category-avrupa","category-belcika","category-dunya","category-tanitim","category-turkiye","tag-kapitalizm-5g-ile-dnamizi-bozacak-insani-kolelestirecek"],"yoast_head":"<!-- This site is optimized with the Yoast SEO plugin v26.9 - https:\/\/yoast.com\/product\/yoast-seo-wordpress\/ -->\n<title>Kapitalizm 5G ile DNA\u2019m\u0131z\u0131 bozacak insan\u0131 k\u00f6lele\u015ftirecek! - AvrupaPress<\/title>\n<meta name=\"robots\" content=\"index, follow, max-snippet:-1, max-image-preview:large, max-video-preview:-1\" \/>\n<link rel=\"canonical\" href=\"https:\/\/avrupapress.com\/2020\/05\/09\/kapitalizm-5g-ile-dnamizi-bozacak-insani-kolelestirecek\/\" \/>\n<meta property=\"og:locale\" content=\"fr_FR\" \/>\n<meta property=\"og:type\" content=\"article\" \/>\n<meta property=\"og:title\" content=\"Kapitalizm 5G ile DNA\u2019m\u0131z\u0131 bozacak insan\u0131 k\u00f6lele\u015ftirecek! - AvrupaPress\" \/>\n<meta property=\"og:description\" content=\"Kapitalizm, End\u00fcstri 4.0\u2019\u0131n par\u00e7as\u0131 olan 5G ile insanl\u0131\u011f\u0131 k\u00f6leli\u011fe haz\u0131rl\u0131yor. 5G teknolojisi, insan dahil t\u00fcm canl\u0131lar\u0131n DNA\u2019s\u0131n\u0131 de\u011fi\u015ftirip hastal\u0131klara iterken, insanl\u0131\u011fa ise b\u00fcy\u00fck bir g\u00f6zalt\u0131 demek. Koronavir\u00fcs salg\u0131n\u0131yla yeniden g\u00fcndeme gelen ve insan DNA\u2019s\u0131n\u0131 de\u011fi\u015ftirdi\u011fi ve ba\u011f\u0131\u015f\u0131kl\u0131\u011f\u0131n\u0131 bask\u0131lad\u0131\u011f\u0131 i\u00e7in vir\u00fcse kar\u015f\u0131 insanlar\u0131 savunmas\u0131z b\u0131rakt\u0131\u011f\u0131 ileri s\u00fcr\u00fclen 5G mobil a\u011f teknolojisinde ad\u0131mlar at\u0131lmaya devam ediliyor. G\u00fcney [&hellip;]\" \/>\n<meta property=\"og:url\" content=\"https:\/\/avrupapress.com\/2020\/05\/09\/kapitalizm-5g-ile-dnamizi-bozacak-insani-kolelestirecek\/\" \/>\n<meta property=\"og:site_name\" content=\"AvrupaPress\" \/>\n<meta property=\"article:published_time\" content=\"2020-05-09T22:07:22+00:00\" \/>\n<meta property=\"article:modified_time\" content=\"2020-05-09T22:07:25+00:00\" \/>\n<meta property=\"og:image\" content=\"https:\/\/avrupapress.com\/wp-content\/uploads\/2020\/05\/i.jpg\" \/>\n\t<meta property=\"og:image:width\" content=\"780\" \/>\n\t<meta property=\"og:image:height\" content=\"400\" \/>\n\t<meta property=\"og:image:type\" content=\"image\/jpeg\" \/>\n<meta name=\"author\" content=\"Edit\u00f6r\" \/>\n<meta name=\"twitter:card\" content=\"summary_large_image\" \/>\n<meta name=\"twitter:label1\" content=\"\u00c9crit par\" \/>\n\t<meta name=\"twitter:data1\" content=\"Edit\u00f6r\" \/>\n\t<meta name=\"twitter:label2\" content=\"Dur\u00e9e de lecture est.\" \/>\n\t<meta name=\"twitter:data2\" content=\"5 minutes\" \/>\n<script type=\"application\/ld+json\" class=\"yoast-schema-graph\">{\"@context\":\"https:\/\/schema.org\",\"@graph\":[{\"@type\":\"Article\",\"@id\":\"https:\/\/avrupapress.com\/2020\/05\/09\/kapitalizm-5g-ile-dnamizi-bozacak-insani-kolelestirecek\/#article\",\"isPartOf\":{\"@id\":\"https:\/\/avrupapress.com\/2020\/05\/09\/kapitalizm-5g-ile-dnamizi-bozacak-insani-kolelestirecek\/\"},\"author\":{\"name\":\"Edit\u00f6r\",\"@id\":\"https:\/\/avrupapress.com\/#\/schema\/person\/68428444ec60970d1e1b700cf4ca1e8f\"},\"headline\":\"Kapitalizm 5G ile DNA\u2019m\u0131z\u0131 bozacak insan\u0131 k\u00f6lele\u015ftirecek!\",\"datePublished\":\"2020-05-09T22:07:22+00:00\",\"dateModified\":\"2020-05-09T22:07:25+00:00\",\"mainEntityOfPage\":{\"@id\":\"https:\/\/avrupapress.com\/2020\/05\/09\/kapitalizm-5g-ile-dnamizi-bozacak-insani-kolelestirecek\/\"},\"wordCount\":926,\"publisher\":{\"@id\":\"https:\/\/avrupapress.com\/#\/schema\/person\/0223dca19c72c43575bf30d1a2d8f4fa\"},\"image\":{\"@id\":\"https:\/\/avrupapress.com\/2020\/05\/09\/kapitalizm-5g-ile-dnamizi-bozacak-insani-kolelestirecek\/#primaryimage\"},\"thumbnailUrl\":\"https:\/\/avrupapress.com\/main\/wp-content\/uploads\/2020\/05\/i.jpg\",\"keywords\":[\"Kapitalizm 5G ile DNA\u2019m\u0131z\u0131 bozacak insan\u0131 k\u00f6lele\u015ftirecek!\"],\"articleSection\":[\"Avrupa\",\"Bel\u00e7ika\",\"D\u00fcnya\",\"Tan\u0131t\u0131m\",\"T\u00fcrkiye\"],\"inLanguage\":\"fr-BE\"},{\"@type\":\"WebPage\",\"@id\":\"https:\/\/avrupapress.com\/2020\/05\/09\/kapitalizm-5g-ile-dnamizi-bozacak-insani-kolelestirecek\/\",\"url\":\"https:\/\/avrupapress.com\/2020\/05\/09\/kapitalizm-5g-ile-dnamizi-bozacak-insani-kolelestirecek\/\",\"name\":\"Kapitalizm 5G ile DNA\u2019m\u0131z\u0131 bozacak insan\u0131 k\u00f6lele\u015ftirecek! - AvrupaPress\",\"isPartOf\":{\"@id\":\"https:\/\/avrupapress.com\/#website\"},\"primaryImageOfPage\":{\"@id\":\"https:\/\/avrupapress.com\/2020\/05\/09\/kapitalizm-5g-ile-dnamizi-bozacak-insani-kolelestirecek\/#primaryimage\"},\"image\":{\"@id\":\"https:\/\/avrupapress.com\/2020\/05\/09\/kapitalizm-5g-ile-dnamizi-bozacak-insani-kolelestirecek\/#primaryimage\"},\"thumbnailUrl\":\"https:\/\/avrupapress.com\/main\/wp-content\/uploads\/2020\/05\/i.jpg\",\"datePublished\":\"2020-05-09T22:07:22+00:00\",\"dateModified\":\"2020-05-09T22:07:25+00:00\",\"breadcrumb\":{\"@id\":\"https:\/\/avrupapress.com\/2020\/05\/09\/kapitalizm-5g-ile-dnamizi-bozacak-insani-kolelestirecek\/#breadcrumb\"},\"inLanguage\":\"fr-BE\",\"potentialAction\":[{\"@type\":\"ReadAction\",\"target\":[\"https:\/\/avrupapress.com\/2020\/05\/09\/kapitalizm-5g-ile-dnamizi-bozacak-insani-kolelestirecek\/\"]}]},{\"@type\":\"ImageObject\",\"inLanguage\":\"fr-BE\",\"@id\":\"https:\/\/avrupapress.com\/2020\/05\/09\/kapitalizm-5g-ile-dnamizi-bozacak-insani-kolelestirecek\/#primaryimage\",\"url\":\"https:\/\/avrupapress.com\/main\/wp-content\/uploads\/2020\/05\/i.jpg\",\"contentUrl\":\"https:\/\/avrupapress.com\/main\/wp-content\/uploads\/2020\/05\/i.jpg\",\"width\":780,\"height\":400},{\"@type\":\"BreadcrumbList\",\"@id\":\"https:\/\/avrupapress.com\/2020\/05\/09\/kapitalizm-5g-ile-dnamizi-bozacak-insani-kolelestirecek\/#breadcrumb\",\"itemListElement\":[{\"@type\":\"ListItem\",\"position\":1,\"name\":\"Anasayfa\",\"item\":\"https:\/\/avrupapress.com\/\"},{\"@type\":\"ListItem\",\"position\":2,\"name\":\"Kapitalizm 5G ile DNA\u2019m\u0131z\u0131 bozacak insan\u0131 k\u00f6lele\u015ftirecek!\"}]},{\"@type\":\"WebSite\",\"@id\":\"https:\/\/avrupapress.com\/#website\",\"url\":\"https:\/\/avrupapress.com\/\",\"name\":\"AvrupaPress\",\"description\":\"Haberin Adresi\",\"publisher\":{\"@id\":\"https:\/\/avrupapress.com\/#\/schema\/person\/0223dca19c72c43575bf30d1a2d8f4fa\"},\"potentialAction\":[{\"@type\":\"SearchAction\",\"target\":{\"@type\":\"EntryPoint\",\"urlTemplate\":\"https:\/\/avrupapress.com\/?s={search_term_string}\"},\"query-input\":{\"@type\":\"PropertyValueSpecification\",\"valueRequired\":true,\"valueName\":\"search_term_string\"}}],\"inLanguage\":\"fr-BE\"},{\"@type\":[\"Person\",\"Organization\"],\"@id\":\"https:\/\/avrupapress.com\/#\/schema\/person\/0223dca19c72c43575bf30d1a2d8f4fa\",\"name\":\"Bilgin \u00d6z\u00e7ift\u00e7i\",\"image\":{\"@type\":\"ImageObject\",\"inLanguage\":\"fr-BE\",\"@id\":\"https:\/\/avrupapress.com\/#\/schema\/person\/image\/\",\"url\":\"https:\/\/secure.gravatar.com\/avatar\/0f23b280433a21e1ea7a0adcc46ed0ad16afe3ad8e630fd13d8a017dcbd54ef3?s=96&d=mm&r=g\",\"contentUrl\":\"https:\/\/secure.gravatar.com\/avatar\/0f23b280433a21e1ea7a0adcc46ed0ad16afe3ad8e630fd13d8a017dcbd54ef3?s=96&d=mm&r=g\",\"caption\":\"Bilgin \u00d6z\u00e7ift\u00e7i\"},\"logo\":{\"@id\":\"https:\/\/avrupapress.com\/#\/schema\/person\/image\/\"},\"description\":\"Ne ben, nede sen... Biz ancak \\\"biz\\\" olursak g\u00fc\u00e7l\u00fc olabiliriz\"},{\"@type\":\"Person\",\"@id\":\"https:\/\/avrupapress.com\/#\/schema\/person\/68428444ec60970d1e1b700cf4ca1e8f\",\"name\":\"Edit\u00f6r\",\"image\":{\"@type\":\"ImageObject\",\"inLanguage\":\"fr-BE\",\"@id\":\"https:\/\/avrupapress.com\/#\/schema\/person\/image\/\",\"url\":\"https:\/\/secure.gravatar.com\/avatar\/74996b0977aa5f1559ba9883776652508b229005c0d78fb2597897f0bd651c09?s=96&d=mm&r=g\",\"contentUrl\":\"https:\/\/secure.gravatar.com\/avatar\/74996b0977aa5f1559ba9883776652508b229005c0d78fb2597897f0bd651c09?s=96&d=mm&r=g\",\"caption\":\"Edit\u00f6r\"},\"sameAs\":[\"http:\/\/www.avrupapress.com\"],\"url\":\"https:\/\/avrupapress.com\/main\/author\/editor\/\"}]}<\/script>\n<!-- \/ Yoast SEO plugin. -->","yoast_head_json":{"title":"Kapitalizm 5G ile DNA\u2019m\u0131z\u0131 bozacak insan\u0131 k\u00f6lele\u015ftirecek! - AvrupaPress","robots":{"index":"index","follow":"follow","max-snippet":"max-snippet:-1","max-image-preview":"max-image-preview:large","max-video-preview":"max-video-preview:-1"},"canonical":"https:\/\/avrupapress.com\/2020\/05\/09\/kapitalizm-5g-ile-dnamizi-bozacak-insani-kolelestirecek\/","og_locale":"fr_FR","og_type":"article","og_title":"Kapitalizm 5G ile DNA\u2019m\u0131z\u0131 bozacak insan\u0131 k\u00f6lele\u015ftirecek! - AvrupaPress","og_description":"Kapitalizm, End\u00fcstri 4.0\u2019\u0131n par\u00e7as\u0131 olan 5G ile insanl\u0131\u011f\u0131 k\u00f6leli\u011fe haz\u0131rl\u0131yor. 5G teknolojisi, insan dahil t\u00fcm canl\u0131lar\u0131n DNA\u2019s\u0131n\u0131 de\u011fi\u015ftirip hastal\u0131klara iterken, insanl\u0131\u011fa ise b\u00fcy\u00fck bir g\u00f6zalt\u0131 demek. Koronavir\u00fcs salg\u0131n\u0131yla yeniden g\u00fcndeme gelen ve insan DNA\u2019s\u0131n\u0131 de\u011fi\u015ftirdi\u011fi ve ba\u011f\u0131\u015f\u0131kl\u0131\u011f\u0131n\u0131 bask\u0131lad\u0131\u011f\u0131 i\u00e7in vir\u00fcse kar\u015f\u0131 insanlar\u0131 savunmas\u0131z b\u0131rakt\u0131\u011f\u0131 ileri s\u00fcr\u00fclen 5G mobil a\u011f teknolojisinde ad\u0131mlar at\u0131lmaya devam ediliyor. G\u00fcney [&hellip;]","og_url":"https:\/\/avrupapress.com\/2020\/05\/09\/kapitalizm-5g-ile-dnamizi-bozacak-insani-kolelestirecek\/","og_site_name":"AvrupaPress","article_published_time":"2020-05-09T22:07:22+00:00","article_modified_time":"2020-05-09T22:07:25+00:00","og_image":[{"width":780,"height":400,"url":"https:\/\/avrupapress.com\/wp-content\/uploads\/2020\/05\/i.jpg","type":"image\/jpeg"}],"author":"Edit\u00f6r","twitter_card":"summary_large_image","twitter_misc":{"\u00c9crit par":"Edit\u00f6r","Dur\u00e9e de lecture est.":"5 minutes"},"schema":{"@context":"https:\/\/schema.org","@graph":[{"@type":"Article","@id":"https:\/\/avrupapress.com\/2020\/05\/09\/kapitalizm-5g-ile-dnamizi-bozacak-insani-kolelestirecek\/#article","isPartOf":{"@id":"https:\/\/avrupapress.com\/2020\/05\/09\/kapitalizm-5g-ile-dnamizi-bozacak-insani-kolelestirecek\/"},"author":{"name":"Edit\u00f6r","@id":"https:\/\/avrupapress.com\/#\/schema\/person\/68428444ec60970d1e1b700cf4ca1e8f"},"headline":"Kapitalizm 5G ile DNA\u2019m\u0131z\u0131 bozacak insan\u0131 k\u00f6lele\u015ftirecek!","datePublished":"2020-05-09T22:07:22+00:00","dateModified":"2020-05-09T22:07:25+00:00","mainEntityOfPage":{"@id":"https:\/\/avrupapress.com\/2020\/05\/09\/kapitalizm-5g-ile-dnamizi-bozacak-insani-kolelestirecek\/"},"wordCount":926,"publisher":{"@id":"https:\/\/avrupapress.com\/#\/schema\/person\/0223dca19c72c43575bf30d1a2d8f4fa"},"image":{"@id":"https:\/\/avrupapress.com\/2020\/05\/09\/kapitalizm-5g-ile-dnamizi-bozacak-insani-kolelestirecek\/#primaryimage"},"thumbnailUrl":"https:\/\/avrupapress.com\/main\/wp-content\/uploads\/2020\/05\/i.jpg","keywords":["Kapitalizm 5G ile DNA\u2019m\u0131z\u0131 bozacak insan\u0131 k\u00f6lele\u015ftirecek!"],"articleSection":["Avrupa","Bel\u00e7ika","D\u00fcnya","Tan\u0131t\u0131m","T\u00fcrkiye"],"inLanguage":"fr-BE"},{"@type":"WebPage","@id":"https:\/\/avrupapress.com\/2020\/05\/09\/kapitalizm-5g-ile-dnamizi-bozacak-insani-kolelestirecek\/","url":"https:\/\/avrupapress.com\/2020\/05\/09\/kapitalizm-5g-ile-dnamizi-bozacak-insani-kolelestirecek\/","name":"Kapitalizm 5G ile DNA\u2019m\u0131z\u0131 bozacak insan\u0131 k\u00f6lele\u015ftirecek! - AvrupaPress","isPartOf":{"@id":"https:\/\/avrupapress.com\/#website"},"primaryImageOfPage":{"@id":"https:\/\/avrupapress.com\/2020\/05\/09\/kapitalizm-5g-ile-dnamizi-bozacak-insani-kolelestirecek\/#primaryimage"},"image":{"@id":"https:\/\/avrupapress.com\/2020\/05\/09\/kapitalizm-5g-ile-dnamizi-bozacak-insani-kolelestirecek\/#primaryimage"},"thumbnailUrl":"https:\/\/avrupapress.com\/main\/wp-content\/uploads\/2020\/05\/i.jpg","datePublished":"2020-05-09T22:07:22+00:00","dateModified":"2020-05-09T22:07:25+00:00","breadcrumb":{"@id":"https:\/\/avrupapress.com\/2020\/05\/09\/kapitalizm-5g-ile-dnamizi-bozacak-insani-kolelestirecek\/#breadcrumb"},"inLanguage":"fr-BE","potentialAction":[{"@type":"ReadAction","target":["https:\/\/avrupapress.com\/2020\/05\/09\/kapitalizm-5g-ile-dnamizi-bozacak-insani-kolelestirecek\/"]}]},{"@type":"ImageObject","inLanguage":"fr-BE","@id":"https:\/\/avrupapress.com\/2020\/05\/09\/kapitalizm-5g-ile-dnamizi-bozacak-insani-kolelestirecek\/#primaryimage","url":"https:\/\/avrupapress.com\/main\/wp-content\/uploads\/2020\/05\/i.jpg","contentUrl":"https:\/\/avrupapress.com\/main\/wp-content\/uploads\/2020\/05\/i.jpg","width":780,"height":400},{"@type":"BreadcrumbList","@id":"https:\/\/avrupapress.com\/2020\/05\/09\/kapitalizm-5g-ile-dnamizi-bozacak-insani-kolelestirecek\/#breadcrumb","itemListElement":[{"@type":"ListItem","position":1,"name":"Anasayfa","item":"https:\/\/avrupapress.com\/"},{"@type":"ListItem","position":2,"name":"Kapitalizm 5G ile DNA\u2019m\u0131z\u0131 bozacak insan\u0131 k\u00f6lele\u015ftirecek!"}]},{"@type":"WebSite","@id":"https:\/\/avrupapress.com\/#website","url":"https:\/\/avrupapress.com\/","name":"AvrupaPress","description":"Haberin Adresi","publisher":{"@id":"https:\/\/avrupapress.com\/#\/schema\/person\/0223dca19c72c43575bf30d1a2d8f4fa"},"potentialAction":[{"@type":"SearchAction","target":{"@type":"EntryPoint","urlTemplate":"https:\/\/avrupapress.com\/?s={search_term_string}"},"query-input":{"@type":"PropertyValueSpecification","valueRequired":true,"valueName":"search_term_string"}}],"inLanguage":"fr-BE"},{"@type":["Person","Organization"],"@id":"https:\/\/avrupapress.com\/#\/schema\/person\/0223dca19c72c43575bf30d1a2d8f4fa","name":"Bilgin \u00d6z\u00e7ift\u00e7i","image":{"@type":"ImageObject","inLanguage":"fr-BE","@id":"https:\/\/avrupapress.com\/#\/schema\/person\/image\/","url":"https:\/\/secure.gravatar.com\/avatar\/0f23b280433a21e1ea7a0adcc46ed0ad16afe3ad8e630fd13d8a017dcbd54ef3?s=96&d=mm&r=g","contentUrl":"https:\/\/secure.gravatar.com\/avatar\/0f23b280433a21e1ea7a0adcc46ed0ad16afe3ad8e630fd13d8a017dcbd54ef3?s=96&d=mm&r=g","caption":"Bilgin \u00d6z\u00e7ift\u00e7i"},"logo":{"@id":"https:\/\/avrupapress.com\/#\/schema\/person\/image\/"},"description":"Ne ben, nede sen... Biz ancak \"biz\" olursak g\u00fc\u00e7l\u00fc olabiliriz"},{"@type":"Person","@id":"https:\/\/avrupapress.com\/#\/schema\/person\/68428444ec60970d1e1b700cf4ca1e8f","name":"Edit\u00f6r","image":{"@type":"ImageObject","inLanguage":"fr-BE","@id":"https:\/\/avrupapress.com\/#\/schema\/person\/image\/","url":"https:\/\/secure.gravatar.com\/avatar\/74996b0977aa5f1559ba9883776652508b229005c0d78fb2597897f0bd651c09?s=96&d=mm&r=g","contentUrl":"https:\/\/secure.gravatar.com\/avatar\/74996b0977aa5f1559ba9883776652508b229005c0d78fb2597897f0bd651c09?s=96&d=mm&r=g","caption":"Edit\u00f6r"},"sameAs":["http:\/\/www.avrupapress.com"],"url":"https:\/\/avrupapress.com\/main\/author\/editor\/"}]}},"_links":{"self":[{"href":"https:\/\/avrupapress.com\/main\/wp-json\/wp\/v2\/posts\/11699","targetHints":{"allow":["GET"]}}],"collection":[{"href":"https:\/\/avrupapress.com\/main\/wp-json\/wp\/v2\/posts"}],"about":[{"href":"https:\/\/avrupapress.com\/main\/wp-json\/wp\/v2\/types\/post"}],"author":[{"embeddable":true,"href":"https:\/\/avrupapress.com\/main\/wp-json\/wp\/v2\/users\/3"}],"replies":[{"embeddable":true,"href":"https:\/\/avrupapress.com\/main\/wp-json\/wp\/v2\/comments?post=11699"}],"version-history":[{"count":1,"href":"https:\/\/avrupapress.com\/main\/wp-json\/wp\/v2\/posts\/11699\/revisions"}],"predecessor-version":[{"id":11701,"href":"https:\/\/avrupapress.com\/main\/wp-json\/wp\/v2\/posts\/11699\/revisions\/11701"}],"wp:featuredmedia":[{"embeddable":true,"href":"https:\/\/avrupapress.com\/main\/wp-json\/wp\/v2\/media\/11700"}],"wp:attachment":[{"href":"https:\/\/avrupapress.com\/main\/wp-json\/wp\/v2\/media?parent=11699"}],"wp:term":[{"taxonomy":"category","embeddable":true,"href":"https:\/\/avrupapress.com\/main\/wp-json\/wp\/v2\/categories?post=11699"},{"taxonomy":"post_tag","embeddable":true,"href":"https:\/\/avrupapress.com\/main\/wp-json\/wp\/v2\/tags?post=11699"}],"curies":[{"name":"wp","href":"https:\/\/api.w.org\/{rel}","templated":true}]}}