{"id":11245,"date":"2020-04-13T21:36:47","date_gmt":"2020-04-13T21:36:47","guid":{"rendered":"http:\/\/avrupapress.com\/main\/?p=11245"},"modified":"2020-04-13T21:36:48","modified_gmt":"2020-04-13T21:36:48","slug":"fransada-sokaga-cikma-yasagi-11-mayisa-kadar-uzatildi","status":"publish","type":"post","link":"https:\/\/avrupapress.com\/main\/2020\/04\/13\/fransada-sokaga-cikma-yasagi-11-mayisa-kadar-uzatildi\/","title":{"rendered":"Fransa\u2019da soka\u011fa \u00e7\u0131kma yasa\u011f\u0131 11 May\u0131s\u2019a kadar uzat\u0131ld\u0131"},"content":{"rendered":"\n<p><strong>Fransa Cumhurba\u015fkan\u0131 Emmanuel Macron, yeni tip Corona vir\u00fcs (Covid-19) salg\u0131n\u0131 nedeniyle serbest dola\u015f\u0131m\u0131n zorunlu haller d\u0131\u015f\u0131nda s\u0131n\u0131rland\u0131r\u0131lmas\u0131n\u0131n 11 May\u0131s&rsquo;a kadar uzat\u0131ld\u0131\u011f\u0131n\u0131 a\u00e7\u0131klad\u0131.<\/strong><\/p>\n\n\n\n<p>Macron, Elysee Saray\u0131&rsquo;ndan halka seslenerek Covid-19&rsquo;a ili\u015fkin a\u00e7\u0131klamalarda bulundu.<\/p>\n\n\n\n<p>Sa\u011fl\u0131k \u00e7al\u0131\u015fanlar\u0131 ba\u015fta olmak \u00fczere salg\u0131nla m\u00fccadeleye destek veren herkese te\u015fekk\u00fcr eden Macron, yo\u011fun bak\u0131mda tedavi g\u00f6renlerin say\u0131s\u0131nda d\u00fc\u015f\u00fc\u015f ya\u015fanmas\u0131n\u0131n umut verici oldu\u011funu kaydetti.<\/p>\n\n\n\n<p>Macron, bu salg\u0131na yeteri kadar haz\u0131rlanmad\u0131klar\u0131n\u0131 kabul etti.<\/p>\n\n\n\n<p>Di\u011fer \u00fclkeler gibi Fransa&rsquo;n\u0131n da maske, eldiven, dezenfektan jel ve koruyucu ekipman konusunda eksikleri bulundu\u011funu ve bunlar\u0131 sa\u011fl\u0131k \u00e7al\u0131\u015fanlar\u0131na yeteri kadar temin edemediklerine dikkati \u00e7eken Macron, bunlardan ders \u00e7\u0131karacaklar\u0131n\u0131n alt\u0131n\u0131 \u00e7izdi.<\/p>\n\n\n\n<p>Macron, Frans\u0131z \u015firketlerinin bu \u00fcr\u00fcnlerin \u00fcretimini 3 hafta i\u00e7erisinde 5 kat art\u0131raca\u011f\u0131n\u0131 belirtti.<\/p>\n\n\n\n<p>Yo\u011fun bak\u0131m \u00fcnitelerinin kapasitesinin ikiye katlanmas\u0131n\u0131 b\u00fcy\u00fck ba\u015far\u0131 olarak niteleyen Macron, salg\u0131n\u0131n hen\u00fcz kontrol alt\u0131na al\u0131nmad\u0131\u011f\u0131n\u0131 ifade etti.<\/p>\n\n\n\n<p>Macron, serbest dola\u015f\u0131m\u0131n zorunlu haller d\u0131\u015f\u0131nda s\u0131n\u0131rland\u0131r\u0131lmas\u0131n\u0131n 11 May\u0131s&rsquo;a kadar uzat\u0131ld\u0131\u011f\u0131n\u0131 duyurdu.<\/p>\n\n\n\n<p>Salg\u0131n\u0131n daha fazla yay\u0131lmas\u0131n\u0131 \u00f6nlemek i\u00e7in bunun \u00f6nemli oldu\u011funu belirten Macron, Frans\u0131zlar\u0131n al\u0131nan tedbirlere uymaya devam etmesi gerekti\u011fini s\u00f6yledi.<\/p>\n\n\n\n<p><strong>OKULLAR 11 MAYIS&rsquo;TA A\u00c7ILACAK<\/strong><\/p>\n\n\n\n<p>Ekonomik sorunlar ya\u015fayan \u00e7ocuklu ailelere yard\u0131m yap\u0131laca\u011f\u0131n\u0131 s\u00f6yleyen Macron, 11 May\u0131s&rsquo;ta okullar\u0131n kademeli olarak a\u00e7\u0131laca\u011f\u0131n\u0131, \u00fcniversitelerin ise yaza kadar kapal\u0131 tutulaca\u011f\u0131n\u0131 a\u00e7\u0131klad\u0131.<\/p>\n\n\n\n<p>Macron, restoran, kafe, otel, sinema, tiyatro ve halka a\u00e7\u0131k yerlerin 11 May\u0131s&rsquo;tan sonra da kapal\u0131 kalmaya devam edece\u011fini duyurdu.<\/p>\n\n\n\n<p>B\u00fcy\u00fck etkinliklerin temmuz ortas\u0131na kadar iptal edildi\u011fini belirten Macron, gelecek haftalarda test say\u0131s\u0131n\u0131n art\u0131r\u0131laca\u011f\u0131n\u0131 kaydetti.<\/p>\n\n\n\n<p><strong>COV\u0130D-19 BEL\u0130RT\u0130LER\u0130 G\u00d6STERENLERE TEST<\/strong><\/p>\n\n\n\n<p>Macron, 11 May\u0131s&rsquo;tan itibaren Covid-19 belirtileri g\u00f6steren herkese test yapma kapasitesinde olacaklar\u0131n\u0131 vurgulad\u0131.<\/p>\n\n\n\n<p>B\u00f6ylece bu ki\u015filerin karantinada tutulaca\u011f\u0131n\u0131 ifade eden Macron, insanlar\u0131n temasa ge\u00e7ti\u011fi ki\u015filerin aras\u0131nda Covid-19 ta\u015f\u0131yanlar\u0131n olup olmad\u0131\u011f\u0131n\u0131 \u00f6\u011frenmek i\u00e7in ak\u0131ll\u0131 telefon uygulamas\u0131 geli\u015ftirmeyi planlad\u0131klar\u0131n\u0131 s\u00f6yledi.<\/p>\n\n\n\n<p><strong>SINIRLAR KAPALI KALMAYA DEVAM EDECEK<\/strong><\/p>\n\n\n\n<p>Macron, yeni bir emre kadar Avrupa \u00fclkeleri d\u0131\u015f\u0131ndaki \u00fclkelerle s\u0131n\u0131rlar\u0131n kapal\u0131 kalmaya devam edece\u011fini duyurdu.<\/p>\n\n\n\n<p>11 May\u0131s&rsquo;tan itibaren Frans\u0131zlara maske temin edilece\u011fini belirten Macron, h\u00fck\u00fcmetin 15 g\u00fcn i\u00e7erisinde 11 May\u0131s&rsquo;tan sonraki s\u00fcrece ili\u015fkin a\u00e7\u0131klama yapaca\u011f\u0131n\u0131 bildirdi.<\/p>\n\n\n\n<p>Macron, eski hayata ne zaman d\u00f6n\u00fclece\u011fi sorusuna \u015fu an kesin bir yan\u0131t veremeyeceklerini, salg\u0131n\u0131 yeneceklerini ancak \u00ab\u00a0birka\u00e7 ay daha vir\u00fcsle ya\u015fanaca\u011f\u0131n\u0131\u00a0\u00bb dile getirdi.<\/p>\n\n\n\n<p>Fransa&rsquo;da Covid-19 nedeniyle hayat\u0131n\u0131 kaybedenlerin say\u0131s\u0131 14 bin 967&rsquo;ye, vaka say\u0131s\u0131 ise 136 bin 779&rsquo;a y\u00fckselmi\u015fti.<\/p>\n\n\n\n<p><strong>Bilgin Ozcifci \/ AVRUPAPRESS<\/strong><\/p>\n\n\n\n<p> <\/p>\n","protected":false},"excerpt":{"rendered":"<p>Fransa Cumhurba\u015fkan\u0131 Emmanuel Macron, yeni tip Corona vir\u00fcs (Covid-19) salg\u0131n\u0131 nedeniyle serbest dola\u015f\u0131m\u0131n zorunlu haller d\u0131\u015f\u0131nda s\u0131n\u0131rland\u0131r\u0131lmas\u0131n\u0131n 11 May\u0131s&rsquo;a kadar uzat\u0131ld\u0131\u011f\u0131n\u0131 a\u00e7\u0131klad\u0131. Macron, Elysee Saray\u0131&rsquo;ndan halka seslenerek Covid-19&rsquo;a ili\u015fkin a\u00e7\u0131klamalarda bulundu. Sa\u011fl\u0131k \u00e7al\u0131\u015fanlar\u0131 ba\u015fta olmak \u00fczere salg\u0131nla m\u00fccadeleye destek veren herkese te\u015fekk\u00fcr eden Macron, yo\u011fun bak\u0131mda tedavi g\u00f6renlerin say\u0131s\u0131nda d\u00fc\u015f\u00fc\u015f ya\u015fanmas\u0131n\u0131n umut verici oldu\u011funu kaydetti. [&hellip;]<\/p>\n","protected":false},"author":3,"featured_media":11246,"comment_status":"closed","ping_status":"open","sticky":false,"template":"","format":"standard","meta":{"footnotes":""},"categories":[14,16,3,17,18,19],"tags":[5208],"class_list":["post-11245","post","type-post","status-publish","format-standard","has-post-thumbnail","hentry","category-avrupa","category-belcika","category-dunya","category-ekonomi","category-kultur-sanat","category-tanitim","tag-fransada-sokaga-cikma-yasagi-11-mayisa-kadar-uzatildi"],"yoast_head":"<!-- This site is optimized with the Yoast SEO plugin v26.9 - https:\/\/yoast.com\/product\/yoast-seo-wordpress\/ -->\n<title>Fransa\u2019da soka\u011fa \u00e7\u0131kma yasa\u011f\u0131 11 May\u0131s\u2019a kadar uzat\u0131ld\u0131 - AvrupaPress<\/title>\n<meta name=\"robots\" content=\"index, follow, max-snippet:-1, max-image-preview:large, max-video-preview:-1\" \/>\n<link rel=\"canonical\" href=\"https:\/\/avrupapress.com\/2020\/04\/13\/fransada-sokaga-cikma-yasagi-11-mayisa-kadar-uzatildi\/\" \/>\n<meta property=\"og:locale\" content=\"fr_FR\" \/>\n<meta property=\"og:type\" content=\"article\" \/>\n<meta property=\"og:title\" content=\"Fransa\u2019da soka\u011fa \u00e7\u0131kma yasa\u011f\u0131 11 May\u0131s\u2019a kadar uzat\u0131ld\u0131 - AvrupaPress\" \/>\n<meta property=\"og:description\" content=\"Fransa Cumhurba\u015fkan\u0131 Emmanuel Macron, yeni tip Corona vir\u00fcs (Covid-19) salg\u0131n\u0131 nedeniyle serbest dola\u015f\u0131m\u0131n zorunlu haller d\u0131\u015f\u0131nda s\u0131n\u0131rland\u0131r\u0131lmas\u0131n\u0131n 11 May\u0131s&rsquo;a kadar uzat\u0131ld\u0131\u011f\u0131n\u0131 a\u00e7\u0131klad\u0131. Macron, Elysee Saray\u0131&rsquo;ndan halka seslenerek Covid-19&rsquo;a ili\u015fkin a\u00e7\u0131klamalarda bulundu. Sa\u011fl\u0131k \u00e7al\u0131\u015fanlar\u0131 ba\u015fta olmak \u00fczere salg\u0131nla m\u00fccadeleye destek veren herkese te\u015fekk\u00fcr eden Macron, yo\u011fun bak\u0131mda tedavi g\u00f6renlerin say\u0131s\u0131nda d\u00fc\u015f\u00fc\u015f ya\u015fanmas\u0131n\u0131n umut verici oldu\u011funu kaydetti. [&hellip;]\" \/>\n<meta property=\"og:url\" content=\"https:\/\/avrupapress.com\/2020\/04\/13\/fransada-sokaga-cikma-yasagi-11-mayisa-kadar-uzatildi\/\" \/>\n<meta property=\"og:site_name\" content=\"AvrupaPress\" \/>\n<meta property=\"article:published_time\" content=\"2020-04-13T21:36:47+00:00\" \/>\n<meta property=\"article:modified_time\" content=\"2020-04-13T21:36:48+00:00\" \/>\n<meta property=\"og:image\" content=\"https:\/\/avrupapress.com\/wp-content\/uploads\/2020\/04\/HXTVADNnNkeQLsVPSf59Og.jpg\" \/>\n\t<meta property=\"og:image:width\" content=\"710\" \/>\n\t<meta property=\"og:image:height\" content=\"402\" \/>\n\t<meta property=\"og:image:type\" content=\"image\/jpeg\" \/>\n<meta name=\"author\" content=\"Edit\u00f6r\" \/>\n<meta name=\"twitter:card\" content=\"summary_large_image\" \/>\n<meta name=\"twitter:label1\" content=\"\u00c9crit par\" \/>\n\t<meta name=\"twitter:data1\" content=\"Edit\u00f6r\" \/>\n\t<meta name=\"twitter:label2\" content=\"Dur\u00e9e de lecture est.\" \/>\n\t<meta name=\"twitter:data2\" content=\"2 minutes\" \/>\n<script type=\"application\/ld+json\" class=\"yoast-schema-graph\">{\"@context\":\"https:\/\/schema.org\",\"@graph\":[{\"@type\":\"Article\",\"@id\":\"https:\/\/avrupapress.com\/2020\/04\/13\/fransada-sokaga-cikma-yasagi-11-mayisa-kadar-uzatildi\/#article\",\"isPartOf\":{\"@id\":\"https:\/\/avrupapress.com\/2020\/04\/13\/fransada-sokaga-cikma-yasagi-11-mayisa-kadar-uzatildi\/\"},\"author\":{\"name\":\"Edit\u00f6r\",\"@id\":\"https:\/\/avrupapress.com\/#\/schema\/person\/68428444ec60970d1e1b700cf4ca1e8f\"},\"headline\":\"Fransa\u2019da soka\u011fa \u00e7\u0131kma yasa\u011f\u0131 11 May\u0131s\u2019a kadar uzat\u0131ld\u0131\",\"datePublished\":\"2020-04-13T21:36:47+00:00\",\"dateModified\":\"2020-04-13T21:36:48+00:00\",\"mainEntityOfPage\":{\"@id\":\"https:\/\/avrupapress.com\/2020\/04\/13\/fransada-sokaga-cikma-yasagi-11-mayisa-kadar-uzatildi\/\"},\"wordCount\":510,\"publisher\":{\"@id\":\"https:\/\/avrupapress.com\/#\/schema\/person\/0223dca19c72c43575bf30d1a2d8f4fa\"},\"image\":{\"@id\":\"https:\/\/avrupapress.com\/2020\/04\/13\/fransada-sokaga-cikma-yasagi-11-mayisa-kadar-uzatildi\/#primaryimage\"},\"thumbnailUrl\":\"https:\/\/avrupapress.com\/main\/wp-content\/uploads\/2020\/04\/HXTVADNnNkeQLsVPSf59Og.jpg\",\"keywords\":[\"Fransa\u2019da soka\u011fa \u00e7\u0131kma yasa\u011f\u0131 11 May\u0131s\u2019a kadar uzat\u0131ld\u0131\"],\"articleSection\":[\"Avrupa\",\"Bel\u00e7ika\",\"D\u00fcnya\",\"Ekonomi\",\"K\u00fclt\u00fcr-Sanat\",\"Tan\u0131t\u0131m\"],\"inLanguage\":\"fr-BE\"},{\"@type\":\"WebPage\",\"@id\":\"https:\/\/avrupapress.com\/2020\/04\/13\/fransada-sokaga-cikma-yasagi-11-mayisa-kadar-uzatildi\/\",\"url\":\"https:\/\/avrupapress.com\/2020\/04\/13\/fransada-sokaga-cikma-yasagi-11-mayisa-kadar-uzatildi\/\",\"name\":\"Fransa\u2019da soka\u011fa \u00e7\u0131kma yasa\u011f\u0131 11 May\u0131s\u2019a kadar uzat\u0131ld\u0131 - AvrupaPress\",\"isPartOf\":{\"@id\":\"https:\/\/avrupapress.com\/#website\"},\"primaryImageOfPage\":{\"@id\":\"https:\/\/avrupapress.com\/2020\/04\/13\/fransada-sokaga-cikma-yasagi-11-mayisa-kadar-uzatildi\/#primaryimage\"},\"image\":{\"@id\":\"https:\/\/avrupapress.com\/2020\/04\/13\/fransada-sokaga-cikma-yasagi-11-mayisa-kadar-uzatildi\/#primaryimage\"},\"thumbnailUrl\":\"https:\/\/avrupapress.com\/main\/wp-content\/uploads\/2020\/04\/HXTVADNnNkeQLsVPSf59Og.jpg\",\"datePublished\":\"2020-04-13T21:36:47+00:00\",\"dateModified\":\"2020-04-13T21:36:48+00:00\",\"breadcrumb\":{\"@id\":\"https:\/\/avrupapress.com\/2020\/04\/13\/fransada-sokaga-cikma-yasagi-11-mayisa-kadar-uzatildi\/#breadcrumb\"},\"inLanguage\":\"fr-BE\",\"potentialAction\":[{\"@type\":\"ReadAction\",\"target\":[\"https:\/\/avrupapress.com\/2020\/04\/13\/fransada-sokaga-cikma-yasagi-11-mayisa-kadar-uzatildi\/\"]}]},{\"@type\":\"ImageObject\",\"inLanguage\":\"fr-BE\",\"@id\":\"https:\/\/avrupapress.com\/2020\/04\/13\/fransada-sokaga-cikma-yasagi-11-mayisa-kadar-uzatildi\/#primaryimage\",\"url\":\"https:\/\/avrupapress.com\/main\/wp-content\/uploads\/2020\/04\/HXTVADNnNkeQLsVPSf59Og.jpg\",\"contentUrl\":\"https:\/\/avrupapress.com\/main\/wp-content\/uploads\/2020\/04\/HXTVADNnNkeQLsVPSf59Og.jpg\",\"width\":710,\"height\":402},{\"@type\":\"BreadcrumbList\",\"@id\":\"https:\/\/avrupapress.com\/2020\/04\/13\/fransada-sokaga-cikma-yasagi-11-mayisa-kadar-uzatildi\/#breadcrumb\",\"itemListElement\":[{\"@type\":\"ListItem\",\"position\":1,\"name\":\"Anasayfa\",\"item\":\"https:\/\/avrupapress.com\/\"},{\"@type\":\"ListItem\",\"position\":2,\"name\":\"Fransa\u2019da soka\u011fa \u00e7\u0131kma yasa\u011f\u0131 11 May\u0131s\u2019a kadar uzat\u0131ld\u0131\"}]},{\"@type\":\"WebSite\",\"@id\":\"https:\/\/avrupapress.com\/#website\",\"url\":\"https:\/\/avrupapress.com\/\",\"name\":\"AvrupaPress\",\"description\":\"Haberin Adresi\",\"publisher\":{\"@id\":\"https:\/\/avrupapress.com\/#\/schema\/person\/0223dca19c72c43575bf30d1a2d8f4fa\"},\"potentialAction\":[{\"@type\":\"SearchAction\",\"target\":{\"@type\":\"EntryPoint\",\"urlTemplate\":\"https:\/\/avrupapress.com\/?s={search_term_string}\"},\"query-input\":{\"@type\":\"PropertyValueSpecification\",\"valueRequired\":true,\"valueName\":\"search_term_string\"}}],\"inLanguage\":\"fr-BE\"},{\"@type\":[\"Person\",\"Organization\"],\"@id\":\"https:\/\/avrupapress.com\/#\/schema\/person\/0223dca19c72c43575bf30d1a2d8f4fa\",\"name\":\"Bilgin \u00d6z\u00e7ift\u00e7i\",\"image\":{\"@type\":\"ImageObject\",\"inLanguage\":\"fr-BE\",\"@id\":\"https:\/\/avrupapress.com\/#\/schema\/person\/image\/\",\"url\":\"https:\/\/secure.gravatar.com\/avatar\/0f23b280433a21e1ea7a0adcc46ed0ad16afe3ad8e630fd13d8a017dcbd54ef3?s=96&d=mm&r=g\",\"contentUrl\":\"https:\/\/secure.gravatar.com\/avatar\/0f23b280433a21e1ea7a0adcc46ed0ad16afe3ad8e630fd13d8a017dcbd54ef3?s=96&d=mm&r=g\",\"caption\":\"Bilgin \u00d6z\u00e7ift\u00e7i\"},\"logo\":{\"@id\":\"https:\/\/avrupapress.com\/#\/schema\/person\/image\/\"},\"description\":\"Ne ben, nede sen... Biz ancak \\\"biz\\\" olursak g\u00fc\u00e7l\u00fc olabiliriz\"},{\"@type\":\"Person\",\"@id\":\"https:\/\/avrupapress.com\/#\/schema\/person\/68428444ec60970d1e1b700cf4ca1e8f\",\"name\":\"Edit\u00f6r\",\"image\":{\"@type\":\"ImageObject\",\"inLanguage\":\"fr-BE\",\"@id\":\"https:\/\/avrupapress.com\/#\/schema\/person\/image\/\",\"url\":\"https:\/\/secure.gravatar.com\/avatar\/74996b0977aa5f1559ba9883776652508b229005c0d78fb2597897f0bd651c09?s=96&d=mm&r=g\",\"contentUrl\":\"https:\/\/secure.gravatar.com\/avatar\/74996b0977aa5f1559ba9883776652508b229005c0d78fb2597897f0bd651c09?s=96&d=mm&r=g\",\"caption\":\"Edit\u00f6r\"},\"sameAs\":[\"http:\/\/www.avrupapress.com\"],\"url\":\"https:\/\/avrupapress.com\/main\/author\/editor\/\"}]}<\/script>\n<!-- \/ Yoast SEO plugin. -->","yoast_head_json":{"title":"Fransa\u2019da soka\u011fa \u00e7\u0131kma yasa\u011f\u0131 11 May\u0131s\u2019a kadar uzat\u0131ld\u0131 - AvrupaPress","robots":{"index":"index","follow":"follow","max-snippet":"max-snippet:-1","max-image-preview":"max-image-preview:large","max-video-preview":"max-video-preview:-1"},"canonical":"https:\/\/avrupapress.com\/2020\/04\/13\/fransada-sokaga-cikma-yasagi-11-mayisa-kadar-uzatildi\/","og_locale":"fr_FR","og_type":"article","og_title":"Fransa\u2019da soka\u011fa \u00e7\u0131kma yasa\u011f\u0131 11 May\u0131s\u2019a kadar uzat\u0131ld\u0131 - AvrupaPress","og_description":"Fransa Cumhurba\u015fkan\u0131 Emmanuel Macron, yeni tip Corona vir\u00fcs (Covid-19) salg\u0131n\u0131 nedeniyle serbest dola\u015f\u0131m\u0131n zorunlu haller d\u0131\u015f\u0131nda s\u0131n\u0131rland\u0131r\u0131lmas\u0131n\u0131n 11 May\u0131s&rsquo;a kadar uzat\u0131ld\u0131\u011f\u0131n\u0131 a\u00e7\u0131klad\u0131. Macron, Elysee Saray\u0131&rsquo;ndan halka seslenerek Covid-19&rsquo;a ili\u015fkin a\u00e7\u0131klamalarda bulundu. Sa\u011fl\u0131k \u00e7al\u0131\u015fanlar\u0131 ba\u015fta olmak \u00fczere salg\u0131nla m\u00fccadeleye destek veren herkese te\u015fekk\u00fcr eden Macron, yo\u011fun bak\u0131mda tedavi g\u00f6renlerin say\u0131s\u0131nda d\u00fc\u015f\u00fc\u015f ya\u015fanmas\u0131n\u0131n umut verici oldu\u011funu kaydetti. [&hellip;]","og_url":"https:\/\/avrupapress.com\/2020\/04\/13\/fransada-sokaga-cikma-yasagi-11-mayisa-kadar-uzatildi\/","og_site_name":"AvrupaPress","article_published_time":"2020-04-13T21:36:47+00:00","article_modified_time":"2020-04-13T21:36:48+00:00","og_image":[{"width":710,"height":402,"url":"https:\/\/avrupapress.com\/wp-content\/uploads\/2020\/04\/HXTVADNnNkeQLsVPSf59Og.jpg","type":"image\/jpeg"}],"author":"Edit\u00f6r","twitter_card":"summary_large_image","twitter_misc":{"\u00c9crit par":"Edit\u00f6r","Dur\u00e9e de lecture est.":"2 minutes"},"schema":{"@context":"https:\/\/schema.org","@graph":[{"@type":"Article","@id":"https:\/\/avrupapress.com\/2020\/04\/13\/fransada-sokaga-cikma-yasagi-11-mayisa-kadar-uzatildi\/#article","isPartOf":{"@id":"https:\/\/avrupapress.com\/2020\/04\/13\/fransada-sokaga-cikma-yasagi-11-mayisa-kadar-uzatildi\/"},"author":{"name":"Edit\u00f6r","@id":"https:\/\/avrupapress.com\/#\/schema\/person\/68428444ec60970d1e1b700cf4ca1e8f"},"headline":"Fransa\u2019da soka\u011fa \u00e7\u0131kma yasa\u011f\u0131 11 May\u0131s\u2019a kadar uzat\u0131ld\u0131","datePublished":"2020-04-13T21:36:47+00:00","dateModified":"2020-04-13T21:36:48+00:00","mainEntityOfPage":{"@id":"https:\/\/avrupapress.com\/2020\/04\/13\/fransada-sokaga-cikma-yasagi-11-mayisa-kadar-uzatildi\/"},"wordCount":510,"publisher":{"@id":"https:\/\/avrupapress.com\/#\/schema\/person\/0223dca19c72c43575bf30d1a2d8f4fa"},"image":{"@id":"https:\/\/avrupapress.com\/2020\/04\/13\/fransada-sokaga-cikma-yasagi-11-mayisa-kadar-uzatildi\/#primaryimage"},"thumbnailUrl":"https:\/\/avrupapress.com\/main\/wp-content\/uploads\/2020\/04\/HXTVADNnNkeQLsVPSf59Og.jpg","keywords":["Fransa\u2019da soka\u011fa \u00e7\u0131kma yasa\u011f\u0131 11 May\u0131s\u2019a kadar uzat\u0131ld\u0131"],"articleSection":["Avrupa","Bel\u00e7ika","D\u00fcnya","Ekonomi","K\u00fclt\u00fcr-Sanat","Tan\u0131t\u0131m"],"inLanguage":"fr-BE"},{"@type":"WebPage","@id":"https:\/\/avrupapress.com\/2020\/04\/13\/fransada-sokaga-cikma-yasagi-11-mayisa-kadar-uzatildi\/","url":"https:\/\/avrupapress.com\/2020\/04\/13\/fransada-sokaga-cikma-yasagi-11-mayisa-kadar-uzatildi\/","name":"Fransa\u2019da soka\u011fa \u00e7\u0131kma yasa\u011f\u0131 11 May\u0131s\u2019a kadar uzat\u0131ld\u0131 - AvrupaPress","isPartOf":{"@id":"https:\/\/avrupapress.com\/#website"},"primaryImageOfPage":{"@id":"https:\/\/avrupapress.com\/2020\/04\/13\/fransada-sokaga-cikma-yasagi-11-mayisa-kadar-uzatildi\/#primaryimage"},"image":{"@id":"https:\/\/avrupapress.com\/2020\/04\/13\/fransada-sokaga-cikma-yasagi-11-mayisa-kadar-uzatildi\/#primaryimage"},"thumbnailUrl":"https:\/\/avrupapress.com\/main\/wp-content\/uploads\/2020\/04\/HXTVADNnNkeQLsVPSf59Og.jpg","datePublished":"2020-04-13T21:36:47+00:00","dateModified":"2020-04-13T21:36:48+00:00","breadcrumb":{"@id":"https:\/\/avrupapress.com\/2020\/04\/13\/fransada-sokaga-cikma-yasagi-11-mayisa-kadar-uzatildi\/#breadcrumb"},"inLanguage":"fr-BE","potentialAction":[{"@type":"ReadAction","target":["https:\/\/avrupapress.com\/2020\/04\/13\/fransada-sokaga-cikma-yasagi-11-mayisa-kadar-uzatildi\/"]}]},{"@type":"ImageObject","inLanguage":"fr-BE","@id":"https:\/\/avrupapress.com\/2020\/04\/13\/fransada-sokaga-cikma-yasagi-11-mayisa-kadar-uzatildi\/#primaryimage","url":"https:\/\/avrupapress.com\/main\/wp-content\/uploads\/2020\/04\/HXTVADNnNkeQLsVPSf59Og.jpg","contentUrl":"https:\/\/avrupapress.com\/main\/wp-content\/uploads\/2020\/04\/HXTVADNnNkeQLsVPSf59Og.jpg","width":710,"height":402},{"@type":"BreadcrumbList","@id":"https:\/\/avrupapress.com\/2020\/04\/13\/fransada-sokaga-cikma-yasagi-11-mayisa-kadar-uzatildi\/#breadcrumb","itemListElement":[{"@type":"ListItem","position":1,"name":"Anasayfa","item":"https:\/\/avrupapress.com\/"},{"@type":"ListItem","position":2,"name":"Fransa\u2019da soka\u011fa \u00e7\u0131kma yasa\u011f\u0131 11 May\u0131s\u2019a kadar uzat\u0131ld\u0131"}]},{"@type":"WebSite","@id":"https:\/\/avrupapress.com\/#website","url":"https:\/\/avrupapress.com\/","name":"AvrupaPress","description":"Haberin Adresi","publisher":{"@id":"https:\/\/avrupapress.com\/#\/schema\/person\/0223dca19c72c43575bf30d1a2d8f4fa"},"potentialAction":[{"@type":"SearchAction","target":{"@type":"EntryPoint","urlTemplate":"https:\/\/avrupapress.com\/?s={search_term_string}"},"query-input":{"@type":"PropertyValueSpecification","valueRequired":true,"valueName":"search_term_string"}}],"inLanguage":"fr-BE"},{"@type":["Person","Organization"],"@id":"https:\/\/avrupapress.com\/#\/schema\/person\/0223dca19c72c43575bf30d1a2d8f4fa","name":"Bilgin \u00d6z\u00e7ift\u00e7i","image":{"@type":"ImageObject","inLanguage":"fr-BE","@id":"https:\/\/avrupapress.com\/#\/schema\/person\/image\/","url":"https:\/\/secure.gravatar.com\/avatar\/0f23b280433a21e1ea7a0adcc46ed0ad16afe3ad8e630fd13d8a017dcbd54ef3?s=96&d=mm&r=g","contentUrl":"https:\/\/secure.gravatar.com\/avatar\/0f23b280433a21e1ea7a0adcc46ed0ad16afe3ad8e630fd13d8a017dcbd54ef3?s=96&d=mm&r=g","caption":"Bilgin \u00d6z\u00e7ift\u00e7i"},"logo":{"@id":"https:\/\/avrupapress.com\/#\/schema\/person\/image\/"},"description":"Ne ben, nede sen... Biz ancak \"biz\" olursak g\u00fc\u00e7l\u00fc olabiliriz"},{"@type":"Person","@id":"https:\/\/avrupapress.com\/#\/schema\/person\/68428444ec60970d1e1b700cf4ca1e8f","name":"Edit\u00f6r","image":{"@type":"ImageObject","inLanguage":"fr-BE","@id":"https:\/\/avrupapress.com\/#\/schema\/person\/image\/","url":"https:\/\/secure.gravatar.com\/avatar\/74996b0977aa5f1559ba9883776652508b229005c0d78fb2597897f0bd651c09?s=96&d=mm&r=g","contentUrl":"https:\/\/secure.gravatar.com\/avatar\/74996b0977aa5f1559ba9883776652508b229005c0d78fb2597897f0bd651c09?s=96&d=mm&r=g","caption":"Edit\u00f6r"},"sameAs":["http:\/\/www.avrupapress.com"],"url":"https:\/\/avrupapress.com\/main\/author\/editor\/"}]}},"_links":{"self":[{"href":"https:\/\/avrupapress.com\/main\/wp-json\/wp\/v2\/posts\/11245","targetHints":{"allow":["GET"]}}],"collection":[{"href":"https:\/\/avrupapress.com\/main\/wp-json\/wp\/v2\/posts"}],"about":[{"href":"https:\/\/avrupapress.com\/main\/wp-json\/wp\/v2\/types\/post"}],"author":[{"embeddable":true,"href":"https:\/\/avrupapress.com\/main\/wp-json\/wp\/v2\/users\/3"}],"replies":[{"embeddable":true,"href":"https:\/\/avrupapress.com\/main\/wp-json\/wp\/v2\/comments?post=11245"}],"version-history":[{"count":1,"href":"https:\/\/avrupapress.com\/main\/wp-json\/wp\/v2\/posts\/11245\/revisions"}],"predecessor-version":[{"id":11247,"href":"https:\/\/avrupapress.com\/main\/wp-json\/wp\/v2\/posts\/11245\/revisions\/11247"}],"wp:featuredmedia":[{"embeddable":true,"href":"https:\/\/avrupapress.com\/main\/wp-json\/wp\/v2\/media\/11246"}],"wp:attachment":[{"href":"https:\/\/avrupapress.com\/main\/wp-json\/wp\/v2\/media?parent=11245"}],"wp:term":[{"taxonomy":"category","embeddable":true,"href":"https:\/\/avrupapress.com\/main\/wp-json\/wp\/v2\/categories?post=11245"},{"taxonomy":"post_tag","embeddable":true,"href":"https:\/\/avrupapress.com\/main\/wp-json\/wp\/v2\/tags?post=11245"}],"curies":[{"name":"wp","href":"https:\/\/api.w.org\/{rel}","templated":true}]}}