{"id":11238,"date":"2020-04-13T10:24:41","date_gmt":"2020-04-13T10:24:41","guid":{"rendered":"http:\/\/avrupapress.com\/main\/?p=11238"},"modified":"2020-04-13T10:28:02","modified_gmt":"2020-04-13T10:28:02","slug":"belcikada-koronavirus-kovid-19-olen-turk-vatandasi-27ye-yukseldi","status":"publish","type":"post","link":"https:\/\/avrupapress.com\/main\/2020\/04\/13\/belcikada-koronavirus-kovid-19-olen-turk-vatandasi-27ye-yukseldi\/","title":{"rendered":"Bel\u00e7ika&rsquo;da koronavir\u00fcs (Kovid-19) \u00f6len T\u00fcrk vatanda\u015f\u0131  27&rsquo;ye y\u00fckseldi"},"content":{"rendered":"\n<p>Yeni tip koronavir\u00fcs (Kovid-19) salg\u0131n\u0131 nedeniyle Bel\u00e7ika&rsquo;da hayat\u0131n\u0131 kaybeden gurbet\u00e7i T\u00fcrk vatanda\u015flar\u0131n\u0131n say\u0131s\u0131 27&rsquo;ye y\u00fckseldi. Bel\u00e7ika&rsquo;da a\u00e7\u0131klanan rakamlarda d\u00fcn 23 olan \u00f6l\u00fcm say\u0131s\u0131 bug\u00fcn 4 ki\u015finin hayat\u0131n\u0131 kaybetmesi ile say\u0131 27&rsquo;ye y\u00fckseldi&#8230; <\/p>\n\n\n\n<p><strong>Bel\u00e7ika&rsquo;da hayat\u0131n\u0131 kaybeden T\u00fcrk vatanda\u015flar\u0131n\u0131n \u015fehirlere da\u011f\u0131l\u0131m\u0131 \u015f\u00f6yle; <\/strong><\/p>\n\n\n\n<p><strong>Emirda\u011f : 8<\/strong><\/p>\n\n\n\n<p><strong>Erzincan : 2<\/strong><\/p>\n\n\n\n<p> <strong>Elaz\u0131\u011f : 2<\/strong><\/p>\n\n\n\n<p><strong>Aksaray : 2<\/strong><\/p>\n\n\n\n<p> <strong>Yozgat : 2<\/strong><\/p>\n\n\n\n<p> <strong>A\u011fr\u0131 : 1<\/strong><\/p>\n\n\n\n<p><strong> Posof : 1<\/strong><\/p>\n\n\n\n<p> <strong>Tunceli : 1<\/strong><\/p>\n\n\n\n<p><strong>Karaman : 1<\/strong> <\/p>\n\n\n\n<p><strong>K\u00fctahya : 1<\/strong><\/p>\n\n\n\n<p> <strong>Kayseri : 1<\/strong><\/p>\n\n\n\n<p> <strong>\u0130zmir : 1<\/strong><\/p>\n\n\n\n<p> <strong>Nev\u015fehir : 1<\/strong><\/p>\n\n\n\n<p><strong>\u00c7orum : 1<\/strong><\/p>\n\n\n\n<p> <strong>Hatay :1<\/strong><\/p>\n\n\n\n<p> <strong>Zonguldak : 1<\/strong><\/p>\n\n\n\n<p> <strong>Bel\u00e7ika&rsquo;da 27 T\u00fcrk vatanda\u015f\u0131 Koronavir\u00fcs&rsquo;ten ya\u015fam\u0131n\u0131 yitirdi.<\/strong> <\/p>\n\n\n\n<p><strong>Korona&rsquo;dan vefaat eden Bel\u00e7ika&rsquo;daki vatanda\u015flar\u0131m\u0131z&rsquo;\u0131n say\u0131s\u0131 maalesef an itibar\u0131yla 27 olmu\u015ftur:<\/strong><\/p>\n\n\n\n<p> <strong>1<\/strong>. A\u011fr\u0131\/Kolderbos Genk \u0130. O. 75 merhum Genk hastanesinde<\/p>\n\n\n\n<p> <strong>2<\/strong>. Erzincan\/Heusden-Zolder E. S. 59 merhume Heusden-Zolder hastanesinde <\/p>\n\n\n\n<p><strong>3<\/strong>. Posof\/Willebroek N. \u015e. A. 77 merhume Anvers hastanesinde <\/p>\n\n\n\n<p><strong>4.<\/strong> Afyon Emirda\u011f\/Br\u00fcksel Y. T. 51 merhum Br\u00fcksel hastanesinde<\/p>\n\n\n\n<p> <strong>5.<\/strong> Afyon Emirda\u011f\/Br\u00fcksel \u015e. G. 72 merhum Br\u00fcksel hastanesinde<\/p>\n\n\n\n<p> <strong>6.<\/strong> Elaz\u0131\u011f\/Gent H. C. A. 67 merhum Gent hastanesinde<\/p>\n\n\n\n<p><strong> 7.<\/strong> Erzincan\/Beringen K. K. 80 merhum Heusden-Zolder hastanesinde<\/p>\n\n\n\n<p><strong> 8.<\/strong> Afyon Emirda\u011f\/Br\u00fcksel H. D. 82 merhum Br\u00fcksel hastanesinde<\/p>\n\n\n\n<p><strong> 9<\/strong>. Aksaray\/Waterschei Genk M. G. K. 80 merhume Genk hastanesinde <\/p>\n\n\n\n<p><strong>10.<\/strong> Elaz\u0131\u011f\/Waterschei Genk H. \u00d6. 85 merhume Genk hastanesinde<\/p>\n\n\n\n<p> <strong>11.<\/strong> Karaman\/Charleroi R. C. 56 merhum Charleroi hastanesinde <\/p>\n\n\n\n<p><strong>12.<\/strong> Tunceli\/Charleroi N. S. 78 merhume Charleroi hastanesinde <\/p>\n\n\n\n<p><strong>13<\/strong>. \u0130zmir\/Heusden-Zolder Z. S. M. 84 merhume Heusden-Zolder hastanesinde <\/p>\n\n\n\n<p><strong>14.<\/strong> Afyon Emirda\u011f\/Anderlecht D. E. 59 merhume Anderlecht hastanesinde <\/p>\n\n\n\n<p><strong>15<\/strong>. Kayseri\/Waterschei Genk D. C. 84 merhum Genk hastanesinde<\/p>\n\n\n\n<p> <strong>16<\/strong>. K\u00fctahya\/Winterslag Genk G. K. 74 merhume Genk hastanesinde<\/p>\n\n\n\n<p> <strong>17<\/strong>. Yozgat\/Koersel Beringen M. G. 62 merhum Anvers hastanesinde<\/p>\n\n\n\n<p><strong> 18.<\/strong> \u00c7orum\/Br\u00fcksel A. E. 55 merhum (T\u00fcrkiye&rsquo;nin AB Daimi Temsilcili\u011fi \u00e7al\u0131\u015fan\u0131) Br\u00fcksel Hastanesinde <\/p>\n\n\n\n<p><strong>19<\/strong>. Antalya\/Br\u00fcksel G. G. 79 merhum Br\u00fcksel hastanesinde<\/p>\n\n\n\n<p><strong> 20. <\/strong>Nev\u015fehir\/Waterschei Genk \u0130. G. 37 merhume Genk hastanesinde<\/p>\n\n\n\n<p> <strong>21<\/strong>. Afyon Emirda\u011f\/Br\u00fcksel H. I. 71 merhum Br\u00fcksel hastanesinde <\/p>\n\n\n\n<p><strong>22.<\/strong> Afyon Emirda\u011f\/Gent L. C. 89 merhume Gent hastanesinde<\/p>\n\n\n\n<p> <strong>23.<\/strong> Br\u00fcksel \u00d6.H.H merhum Br\u00fcksel Hastanesi <\/p>\n\n\n\n<p><strong>24.<\/strong> Hatay\/Heusden-Zolder M.A. 84 merhum Herk-de-Stad <\/p>\n\n\n\n<p><strong>25<\/strong>. Yozgat\/Waterschei Genk H.Y.Y. 85 merhum Genk hastanesinde <\/p>\n\n\n\n<p><strong>26.<\/strong>Zonguldak\/Winterslag Genk M.K. 80 merhum Genk hastanesinde <\/p>\n\n\n\n<p><strong>27.<\/strong> Aksaray\/Mol O. C. 44 merhum Mol hastanesi<\/p>\n\n\n\n<p>Bel\u00e7ika&rsquo;da 27 T\u00fcrk vatanda\u015f\u0131 Koronavir\u00fcs&rsquo;ten ya\u015fam\u0131n\u0131 yitirdi.<\/p>\n\n\n\n<p><strong>BILGIN OZCIFCI \/ AVRUPAPRESS<\/strong><\/p>\n","protected":false},"excerpt":{"rendered":"<p>Yeni tip koronavir\u00fcs (Kovid-19) salg\u0131n\u0131 nedeniyle Bel\u00e7ika&rsquo;da hayat\u0131n\u0131 kaybeden gurbet\u00e7i T\u00fcrk vatanda\u015flar\u0131n\u0131n say\u0131s\u0131 27&rsquo;ye y\u00fckseldi. Bel\u00e7ika&rsquo;da a\u00e7\u0131klanan rakamlarda d\u00fcn 23 olan \u00f6l\u00fcm say\u0131s\u0131 bug\u00fcn 4 ki\u015finin hayat\u0131n\u0131 kaybetmesi ile say\u0131 27&rsquo;ye y\u00fckseldi&#8230; Bel\u00e7ika&rsquo;da hayat\u0131n\u0131 kaybeden T\u00fcrk vatanda\u015flar\u0131n\u0131n \u015fehirlere da\u011f\u0131l\u0131m\u0131 \u015f\u00f6yle; Emirda\u011f : 8 Erzincan : 2 Elaz\u0131\u011f : 2 Aksaray : 2 Yozgat : 2 [&hellip;]<\/p>\n","protected":false},"author":3,"featured_media":11239,"comment_status":"closed","ping_status":"open","sticky":false,"template":"","format":"standard","meta":{"footnotes":""},"categories":[14,16,3,17,18,15,19,2,1],"tags":[],"class_list":["post-11238","post","type-post","status-publish","format-standard","has-post-thumbnail","hentry","category-avrupa","category-belcika","category-dunya","category-ekonomi","category-kultur-sanat","category-spor","category-tanitim","category-turkiye","category-uncategorized"],"yoast_head":"<!-- This site is optimized with the Yoast SEO plugin v26.9 - https:\/\/yoast.com\/product\/yoast-seo-wordpress\/ -->\n<title>Bel\u00e7ika&#039;da koronavir\u00fcs (Kovid-19) \u00f6len T\u00fcrk vatanda\u015f\u0131 27&#039;ye y\u00fckseldi - AvrupaPress<\/title>\n<meta name=\"robots\" content=\"index, follow, max-snippet:-1, max-image-preview:large, max-video-preview:-1\" \/>\n<link rel=\"canonical\" href=\"https:\/\/avrupapress.com\/2020\/04\/13\/belcikada-koronavirus-kovid-19-olen-turk-vatandasi-27ye-yukseldi\/\" \/>\n<meta property=\"og:locale\" content=\"fr_FR\" \/>\n<meta property=\"og:type\" content=\"article\" \/>\n<meta property=\"og:title\" content=\"Bel\u00e7ika&#039;da koronavir\u00fcs (Kovid-19) \u00f6len T\u00fcrk vatanda\u015f\u0131 27&#039;ye y\u00fckseldi - AvrupaPress\" \/>\n<meta property=\"og:description\" content=\"Yeni tip koronavir\u00fcs (Kovid-19) salg\u0131n\u0131 nedeniyle Bel\u00e7ika&rsquo;da hayat\u0131n\u0131 kaybeden gurbet\u00e7i T\u00fcrk vatanda\u015flar\u0131n\u0131n say\u0131s\u0131 27&rsquo;ye y\u00fckseldi. Bel\u00e7ika&rsquo;da a\u00e7\u0131klanan rakamlarda d\u00fcn 23 olan \u00f6l\u00fcm say\u0131s\u0131 bug\u00fcn 4 ki\u015finin hayat\u0131n\u0131 kaybetmesi ile say\u0131 27&rsquo;ye y\u00fckseldi&#8230; Bel\u00e7ika&rsquo;da hayat\u0131n\u0131 kaybeden T\u00fcrk vatanda\u015flar\u0131n\u0131n \u015fehirlere da\u011f\u0131l\u0131m\u0131 \u015f\u00f6yle; Emirda\u011f : 8 Erzincan : 2 Elaz\u0131\u011f : 2 Aksaray : 2 Yozgat : 2 [&hellip;]\" \/>\n<meta property=\"og:url\" content=\"https:\/\/avrupapress.com\/2020\/04\/13\/belcikada-koronavirus-kovid-19-olen-turk-vatandasi-27ye-yukseldi\/\" \/>\n<meta property=\"og:site_name\" content=\"AvrupaPress\" \/>\n<meta property=\"article:published_time\" content=\"2020-04-13T10:24:41+00:00\" \/>\n<meta property=\"article:modified_time\" content=\"2020-04-13T10:28:02+00:00\" \/>\n<meta property=\"og:image\" content=\"https:\/\/avrupapress.com\/wp-content\/uploads\/2020\/04\/th.jpg\" \/>\n\t<meta property=\"og:image:width\" content=\"324\" \/>\n\t<meta property=\"og:image:height\" content=\"180\" \/>\n\t<meta property=\"og:image:type\" content=\"image\/jpeg\" \/>\n<meta name=\"author\" content=\"Edit\u00f6r\" \/>\n<meta name=\"twitter:card\" content=\"summary_large_image\" \/>\n<meta name=\"twitter:label1\" content=\"\u00c9crit par\" \/>\n\t<meta name=\"twitter:data1\" content=\"Edit\u00f6r\" \/>\n\t<meta name=\"twitter:label2\" content=\"Dur\u00e9e de lecture est.\" \/>\n\t<meta name=\"twitter:data2\" content=\"2 minutes\" \/>\n<script type=\"application\/ld+json\" class=\"yoast-schema-graph\">{\"@context\":\"https:\/\/schema.org\",\"@graph\":[{\"@type\":\"Article\",\"@id\":\"https:\/\/avrupapress.com\/2020\/04\/13\/belcikada-koronavirus-kovid-19-olen-turk-vatandasi-27ye-yukseldi\/#article\",\"isPartOf\":{\"@id\":\"https:\/\/avrupapress.com\/2020\/04\/13\/belcikada-koronavirus-kovid-19-olen-turk-vatandasi-27ye-yukseldi\/\"},\"author\":{\"name\":\"Edit\u00f6r\",\"@id\":\"https:\/\/avrupapress.com\/#\/schema\/person\/68428444ec60970d1e1b700cf4ca1e8f\"},\"headline\":\"Bel\u00e7ika&rsquo;da koronavir\u00fcs (Kovid-19) \u00f6len T\u00fcrk vatanda\u015f\u0131 27&rsquo;ye y\u00fckseldi\",\"datePublished\":\"2020-04-13T10:24:41+00:00\",\"dateModified\":\"2020-04-13T10:28:02+00:00\",\"mainEntityOfPage\":{\"@id\":\"https:\/\/avrupapress.com\/2020\/04\/13\/belcikada-koronavirus-kovid-19-olen-turk-vatandasi-27ye-yukseldi\/\"},\"wordCount\":367,\"publisher\":{\"@id\":\"https:\/\/avrupapress.com\/#\/schema\/person\/0223dca19c72c43575bf30d1a2d8f4fa\"},\"image\":{\"@id\":\"https:\/\/avrupapress.com\/2020\/04\/13\/belcikada-koronavirus-kovid-19-olen-turk-vatandasi-27ye-yukseldi\/#primaryimage\"},\"thumbnailUrl\":\"https:\/\/avrupapress.com\/main\/wp-content\/uploads\/2020\/04\/th.jpg\",\"articleSection\":[\"Avrupa\",\"Bel\u00e7ika\",\"D\u00fcnya\",\"Ekonomi\",\"K\u00fclt\u00fcr-Sanat\",\"Spor\",\"Tan\u0131t\u0131m\",\"T\u00fcrkiye\",\"Uncategorized\"],\"inLanguage\":\"fr-BE\"},{\"@type\":\"WebPage\",\"@id\":\"https:\/\/avrupapress.com\/2020\/04\/13\/belcikada-koronavirus-kovid-19-olen-turk-vatandasi-27ye-yukseldi\/\",\"url\":\"https:\/\/avrupapress.com\/2020\/04\/13\/belcikada-koronavirus-kovid-19-olen-turk-vatandasi-27ye-yukseldi\/\",\"name\":\"Bel\u00e7ika'da koronavir\u00fcs (Kovid-19) \u00f6len T\u00fcrk vatanda\u015f\u0131 27'ye y\u00fckseldi - AvrupaPress\",\"isPartOf\":{\"@id\":\"https:\/\/avrupapress.com\/#website\"},\"primaryImageOfPage\":{\"@id\":\"https:\/\/avrupapress.com\/2020\/04\/13\/belcikada-koronavirus-kovid-19-olen-turk-vatandasi-27ye-yukseldi\/#primaryimage\"},\"image\":{\"@id\":\"https:\/\/avrupapress.com\/2020\/04\/13\/belcikada-koronavirus-kovid-19-olen-turk-vatandasi-27ye-yukseldi\/#primaryimage\"},\"thumbnailUrl\":\"https:\/\/avrupapress.com\/main\/wp-content\/uploads\/2020\/04\/th.jpg\",\"datePublished\":\"2020-04-13T10:24:41+00:00\",\"dateModified\":\"2020-04-13T10:28:02+00:00\",\"breadcrumb\":{\"@id\":\"https:\/\/avrupapress.com\/2020\/04\/13\/belcikada-koronavirus-kovid-19-olen-turk-vatandasi-27ye-yukseldi\/#breadcrumb\"},\"inLanguage\":\"fr-BE\",\"potentialAction\":[{\"@type\":\"ReadAction\",\"target\":[\"https:\/\/avrupapress.com\/2020\/04\/13\/belcikada-koronavirus-kovid-19-olen-turk-vatandasi-27ye-yukseldi\/\"]}]},{\"@type\":\"ImageObject\",\"inLanguage\":\"fr-BE\",\"@id\":\"https:\/\/avrupapress.com\/2020\/04\/13\/belcikada-koronavirus-kovid-19-olen-turk-vatandasi-27ye-yukseldi\/#primaryimage\",\"url\":\"https:\/\/avrupapress.com\/main\/wp-content\/uploads\/2020\/04\/th.jpg\",\"contentUrl\":\"https:\/\/avrupapress.com\/main\/wp-content\/uploads\/2020\/04\/th.jpg\",\"width\":324,\"height\":180},{\"@type\":\"BreadcrumbList\",\"@id\":\"https:\/\/avrupapress.com\/2020\/04\/13\/belcikada-koronavirus-kovid-19-olen-turk-vatandasi-27ye-yukseldi\/#breadcrumb\",\"itemListElement\":[{\"@type\":\"ListItem\",\"position\":1,\"name\":\"Anasayfa\",\"item\":\"https:\/\/avrupapress.com\/\"},{\"@type\":\"ListItem\",\"position\":2,\"name\":\"Bel\u00e7ika&#8217;da koronavir\u00fcs (Kovid-19) \u00f6len T\u00fcrk vatanda\u015f\u0131 27&#8217;ye y\u00fckseldi\"}]},{\"@type\":\"WebSite\",\"@id\":\"https:\/\/avrupapress.com\/#website\",\"url\":\"https:\/\/avrupapress.com\/\",\"name\":\"AvrupaPress\",\"description\":\"Haberin Adresi\",\"publisher\":{\"@id\":\"https:\/\/avrupapress.com\/#\/schema\/person\/0223dca19c72c43575bf30d1a2d8f4fa\"},\"potentialAction\":[{\"@type\":\"SearchAction\",\"target\":{\"@type\":\"EntryPoint\",\"urlTemplate\":\"https:\/\/avrupapress.com\/?s={search_term_string}\"},\"query-input\":{\"@type\":\"PropertyValueSpecification\",\"valueRequired\":true,\"valueName\":\"search_term_string\"}}],\"inLanguage\":\"fr-BE\"},{\"@type\":[\"Person\",\"Organization\"],\"@id\":\"https:\/\/avrupapress.com\/#\/schema\/person\/0223dca19c72c43575bf30d1a2d8f4fa\",\"name\":\"Bilgin \u00d6z\u00e7ift\u00e7i\",\"image\":{\"@type\":\"ImageObject\",\"inLanguage\":\"fr-BE\",\"@id\":\"https:\/\/avrupapress.com\/#\/schema\/person\/image\/\",\"url\":\"https:\/\/secure.gravatar.com\/avatar\/0f23b280433a21e1ea7a0adcc46ed0ad16afe3ad8e630fd13d8a017dcbd54ef3?s=96&d=mm&r=g\",\"contentUrl\":\"https:\/\/secure.gravatar.com\/avatar\/0f23b280433a21e1ea7a0adcc46ed0ad16afe3ad8e630fd13d8a017dcbd54ef3?s=96&d=mm&r=g\",\"caption\":\"Bilgin \u00d6z\u00e7ift\u00e7i\"},\"logo\":{\"@id\":\"https:\/\/avrupapress.com\/#\/schema\/person\/image\/\"},\"description\":\"Ne ben, nede sen... Biz ancak \\\"biz\\\" olursak g\u00fc\u00e7l\u00fc olabiliriz\"},{\"@type\":\"Person\",\"@id\":\"https:\/\/avrupapress.com\/#\/schema\/person\/68428444ec60970d1e1b700cf4ca1e8f\",\"name\":\"Edit\u00f6r\",\"image\":{\"@type\":\"ImageObject\",\"inLanguage\":\"fr-BE\",\"@id\":\"https:\/\/avrupapress.com\/#\/schema\/person\/image\/\",\"url\":\"https:\/\/secure.gravatar.com\/avatar\/74996b0977aa5f1559ba9883776652508b229005c0d78fb2597897f0bd651c09?s=96&d=mm&r=g\",\"contentUrl\":\"https:\/\/secure.gravatar.com\/avatar\/74996b0977aa5f1559ba9883776652508b229005c0d78fb2597897f0bd651c09?s=96&d=mm&r=g\",\"caption\":\"Edit\u00f6r\"},\"sameAs\":[\"http:\/\/www.avrupapress.com\"],\"url\":\"https:\/\/avrupapress.com\/main\/author\/editor\/\"}]}<\/script>\n<!-- \/ Yoast SEO plugin. -->","yoast_head_json":{"title":"Bel\u00e7ika'da koronavir\u00fcs (Kovid-19) \u00f6len T\u00fcrk vatanda\u015f\u0131 27'ye y\u00fckseldi - AvrupaPress","robots":{"index":"index","follow":"follow","max-snippet":"max-snippet:-1","max-image-preview":"max-image-preview:large","max-video-preview":"max-video-preview:-1"},"canonical":"https:\/\/avrupapress.com\/2020\/04\/13\/belcikada-koronavirus-kovid-19-olen-turk-vatandasi-27ye-yukseldi\/","og_locale":"fr_FR","og_type":"article","og_title":"Bel\u00e7ika'da koronavir\u00fcs (Kovid-19) \u00f6len T\u00fcrk vatanda\u015f\u0131 27'ye y\u00fckseldi - AvrupaPress","og_description":"Yeni tip koronavir\u00fcs (Kovid-19) salg\u0131n\u0131 nedeniyle Bel\u00e7ika&rsquo;da hayat\u0131n\u0131 kaybeden gurbet\u00e7i T\u00fcrk vatanda\u015flar\u0131n\u0131n say\u0131s\u0131 27&rsquo;ye y\u00fckseldi. Bel\u00e7ika&rsquo;da a\u00e7\u0131klanan rakamlarda d\u00fcn 23 olan \u00f6l\u00fcm say\u0131s\u0131 bug\u00fcn 4 ki\u015finin hayat\u0131n\u0131 kaybetmesi ile say\u0131 27&rsquo;ye y\u00fckseldi&#8230; Bel\u00e7ika&rsquo;da hayat\u0131n\u0131 kaybeden T\u00fcrk vatanda\u015flar\u0131n\u0131n \u015fehirlere da\u011f\u0131l\u0131m\u0131 \u015f\u00f6yle; Emirda\u011f : 8 Erzincan : 2 Elaz\u0131\u011f : 2 Aksaray : 2 Yozgat : 2 [&hellip;]","og_url":"https:\/\/avrupapress.com\/2020\/04\/13\/belcikada-koronavirus-kovid-19-olen-turk-vatandasi-27ye-yukseldi\/","og_site_name":"AvrupaPress","article_published_time":"2020-04-13T10:24:41+00:00","article_modified_time":"2020-04-13T10:28:02+00:00","og_image":[{"width":324,"height":180,"url":"https:\/\/avrupapress.com\/wp-content\/uploads\/2020\/04\/th.jpg","type":"image\/jpeg"}],"author":"Edit\u00f6r","twitter_card":"summary_large_image","twitter_misc":{"\u00c9crit par":"Edit\u00f6r","Dur\u00e9e de lecture est.":"2 minutes"},"schema":{"@context":"https:\/\/schema.org","@graph":[{"@type":"Article","@id":"https:\/\/avrupapress.com\/2020\/04\/13\/belcikada-koronavirus-kovid-19-olen-turk-vatandasi-27ye-yukseldi\/#article","isPartOf":{"@id":"https:\/\/avrupapress.com\/2020\/04\/13\/belcikada-koronavirus-kovid-19-olen-turk-vatandasi-27ye-yukseldi\/"},"author":{"name":"Edit\u00f6r","@id":"https:\/\/avrupapress.com\/#\/schema\/person\/68428444ec60970d1e1b700cf4ca1e8f"},"headline":"Bel\u00e7ika&rsquo;da koronavir\u00fcs (Kovid-19) \u00f6len T\u00fcrk vatanda\u015f\u0131 27&rsquo;ye y\u00fckseldi","datePublished":"2020-04-13T10:24:41+00:00","dateModified":"2020-04-13T10:28:02+00:00","mainEntityOfPage":{"@id":"https:\/\/avrupapress.com\/2020\/04\/13\/belcikada-koronavirus-kovid-19-olen-turk-vatandasi-27ye-yukseldi\/"},"wordCount":367,"publisher":{"@id":"https:\/\/avrupapress.com\/#\/schema\/person\/0223dca19c72c43575bf30d1a2d8f4fa"},"image":{"@id":"https:\/\/avrupapress.com\/2020\/04\/13\/belcikada-koronavirus-kovid-19-olen-turk-vatandasi-27ye-yukseldi\/#primaryimage"},"thumbnailUrl":"https:\/\/avrupapress.com\/main\/wp-content\/uploads\/2020\/04\/th.jpg","articleSection":["Avrupa","Bel\u00e7ika","D\u00fcnya","Ekonomi","K\u00fclt\u00fcr-Sanat","Spor","Tan\u0131t\u0131m","T\u00fcrkiye","Uncategorized"],"inLanguage":"fr-BE"},{"@type":"WebPage","@id":"https:\/\/avrupapress.com\/2020\/04\/13\/belcikada-koronavirus-kovid-19-olen-turk-vatandasi-27ye-yukseldi\/","url":"https:\/\/avrupapress.com\/2020\/04\/13\/belcikada-koronavirus-kovid-19-olen-turk-vatandasi-27ye-yukseldi\/","name":"Bel\u00e7ika'da koronavir\u00fcs (Kovid-19) \u00f6len T\u00fcrk vatanda\u015f\u0131 27'ye y\u00fckseldi - AvrupaPress","isPartOf":{"@id":"https:\/\/avrupapress.com\/#website"},"primaryImageOfPage":{"@id":"https:\/\/avrupapress.com\/2020\/04\/13\/belcikada-koronavirus-kovid-19-olen-turk-vatandasi-27ye-yukseldi\/#primaryimage"},"image":{"@id":"https:\/\/avrupapress.com\/2020\/04\/13\/belcikada-koronavirus-kovid-19-olen-turk-vatandasi-27ye-yukseldi\/#primaryimage"},"thumbnailUrl":"https:\/\/avrupapress.com\/main\/wp-content\/uploads\/2020\/04\/th.jpg","datePublished":"2020-04-13T10:24:41+00:00","dateModified":"2020-04-13T10:28:02+00:00","breadcrumb":{"@id":"https:\/\/avrupapress.com\/2020\/04\/13\/belcikada-koronavirus-kovid-19-olen-turk-vatandasi-27ye-yukseldi\/#breadcrumb"},"inLanguage":"fr-BE","potentialAction":[{"@type":"ReadAction","target":["https:\/\/avrupapress.com\/2020\/04\/13\/belcikada-koronavirus-kovid-19-olen-turk-vatandasi-27ye-yukseldi\/"]}]},{"@type":"ImageObject","inLanguage":"fr-BE","@id":"https:\/\/avrupapress.com\/2020\/04\/13\/belcikada-koronavirus-kovid-19-olen-turk-vatandasi-27ye-yukseldi\/#primaryimage","url":"https:\/\/avrupapress.com\/main\/wp-content\/uploads\/2020\/04\/th.jpg","contentUrl":"https:\/\/avrupapress.com\/main\/wp-content\/uploads\/2020\/04\/th.jpg","width":324,"height":180},{"@type":"BreadcrumbList","@id":"https:\/\/avrupapress.com\/2020\/04\/13\/belcikada-koronavirus-kovid-19-olen-turk-vatandasi-27ye-yukseldi\/#breadcrumb","itemListElement":[{"@type":"ListItem","position":1,"name":"Anasayfa","item":"https:\/\/avrupapress.com\/"},{"@type":"ListItem","position":2,"name":"Bel\u00e7ika&#8217;da koronavir\u00fcs (Kovid-19) \u00f6len T\u00fcrk vatanda\u015f\u0131 27&#8217;ye y\u00fckseldi"}]},{"@type":"WebSite","@id":"https:\/\/avrupapress.com\/#website","url":"https:\/\/avrupapress.com\/","name":"AvrupaPress","description":"Haberin Adresi","publisher":{"@id":"https:\/\/avrupapress.com\/#\/schema\/person\/0223dca19c72c43575bf30d1a2d8f4fa"},"potentialAction":[{"@type":"SearchAction","target":{"@type":"EntryPoint","urlTemplate":"https:\/\/avrupapress.com\/?s={search_term_string}"},"query-input":{"@type":"PropertyValueSpecification","valueRequired":true,"valueName":"search_term_string"}}],"inLanguage":"fr-BE"},{"@type":["Person","Organization"],"@id":"https:\/\/avrupapress.com\/#\/schema\/person\/0223dca19c72c43575bf30d1a2d8f4fa","name":"Bilgin \u00d6z\u00e7ift\u00e7i","image":{"@type":"ImageObject","inLanguage":"fr-BE","@id":"https:\/\/avrupapress.com\/#\/schema\/person\/image\/","url":"https:\/\/secure.gravatar.com\/avatar\/0f23b280433a21e1ea7a0adcc46ed0ad16afe3ad8e630fd13d8a017dcbd54ef3?s=96&d=mm&r=g","contentUrl":"https:\/\/secure.gravatar.com\/avatar\/0f23b280433a21e1ea7a0adcc46ed0ad16afe3ad8e630fd13d8a017dcbd54ef3?s=96&d=mm&r=g","caption":"Bilgin \u00d6z\u00e7ift\u00e7i"},"logo":{"@id":"https:\/\/avrupapress.com\/#\/schema\/person\/image\/"},"description":"Ne ben, nede sen... Biz ancak \"biz\" olursak g\u00fc\u00e7l\u00fc olabiliriz"},{"@type":"Person","@id":"https:\/\/avrupapress.com\/#\/schema\/person\/68428444ec60970d1e1b700cf4ca1e8f","name":"Edit\u00f6r","image":{"@type":"ImageObject","inLanguage":"fr-BE","@id":"https:\/\/avrupapress.com\/#\/schema\/person\/image\/","url":"https:\/\/secure.gravatar.com\/avatar\/74996b0977aa5f1559ba9883776652508b229005c0d78fb2597897f0bd651c09?s=96&d=mm&r=g","contentUrl":"https:\/\/secure.gravatar.com\/avatar\/74996b0977aa5f1559ba9883776652508b229005c0d78fb2597897f0bd651c09?s=96&d=mm&r=g","caption":"Edit\u00f6r"},"sameAs":["http:\/\/www.avrupapress.com"],"url":"https:\/\/avrupapress.com\/main\/author\/editor\/"}]}},"_links":{"self":[{"href":"https:\/\/avrupapress.com\/main\/wp-json\/wp\/v2\/posts\/11238","targetHints":{"allow":["GET"]}}],"collection":[{"href":"https:\/\/avrupapress.com\/main\/wp-json\/wp\/v2\/posts"}],"about":[{"href":"https:\/\/avrupapress.com\/main\/wp-json\/wp\/v2\/types\/post"}],"author":[{"embeddable":true,"href":"https:\/\/avrupapress.com\/main\/wp-json\/wp\/v2\/users\/3"}],"replies":[{"embeddable":true,"href":"https:\/\/avrupapress.com\/main\/wp-json\/wp\/v2\/comments?post=11238"}],"version-history":[{"count":2,"href":"https:\/\/avrupapress.com\/main\/wp-json\/wp\/v2\/posts\/11238\/revisions"}],"predecessor-version":[{"id":11241,"href":"https:\/\/avrupapress.com\/main\/wp-json\/wp\/v2\/posts\/11238\/revisions\/11241"}],"wp:featuredmedia":[{"embeddable":true,"href":"https:\/\/avrupapress.com\/main\/wp-json\/wp\/v2\/media\/11239"}],"wp:attachment":[{"href":"https:\/\/avrupapress.com\/main\/wp-json\/wp\/v2\/media?parent=11238"}],"wp:term":[{"taxonomy":"category","embeddable":true,"href":"https:\/\/avrupapress.com\/main\/wp-json\/wp\/v2\/categories?post=11238"},{"taxonomy":"post_tag","embeddable":true,"href":"https:\/\/avrupapress.com\/main\/wp-json\/wp\/v2\/tags?post=11238"}],"curies":[{"name":"wp","href":"https:\/\/api.w.org\/{rel}","templated":true}]}}