{"id":11233,"date":"2020-04-12T22:01:39","date_gmt":"2020-04-12T22:01:39","guid":{"rendered":"http:\/\/avrupapress.com\/main\/?p=11233"},"modified":"2020-04-12T22:01:40","modified_gmt":"2020-04-12T22:01:40","slug":"1-nisandan-itibaren-belcikada-neler-degisiyor-nisan-ayinin-getirdigi-degisikliklerin-ozeti","status":"publish","type":"post","link":"https:\/\/avrupapress.com\/main\/2020\/04\/12\/1-nisandan-itibaren-belcikada-neler-degisiyor-nisan-ayinin-getirdigi-degisikliklerin-ozeti\/","title":{"rendered":"1 Nisan&rsquo;dan itibaren Bel\u00e7ika&rsquo;da neler de\u011fi\u015fiyor Nisan ay\u0131n\u0131n getirdi\u011fi de\u011fi\u015fikliklerin \u00f6zeti."},"content":{"rendered":"\n<p><strong>25 ya\u015f\u0131na kadar kad\u0131nlar i\u00e7in do\u011fum kontrol\u00fc \u00fccretsiz<\/strong><\/p>\n\n\n\n<p>kontrol y\u00f6ntemleri (\u00f6rne\u011fin hap) 25 ya\u015f\u0131na kadar kad\u0131nlar i\u00e7in \u00fccretsiz hale gelirken, hamileli\u011fi<br>\u00f6nleyici cinsel ili\u015fkiden sonraki sabah al\u0131nan hap (morning-afterpil), ya\u015fa bakmaks\u0131z\u0131n tamamen<br>\u00fccretsiz hale gelir. Karar, \u015eubat ay\u0131 ortas\u0131nda kraliyet kararnamesi onaylanan Sa\u011fl\u0131k Bakan\u0131 Maggie De<br>Block taraf\u0131ndan verilen bir karard\u0131r.<br>S\u00f6z konusu tedbir, ge\u00e7en y\u0131l onaylanan 2020 sa\u011fl\u0131k hizmetleri b\u00fct\u00e7esinin bir par\u00e7as\u0131. \u00ab\u00a0Gen\u00e7lerde<br>do\u011fum kontrol\u00fc\u00a0\u00bb \u00f6dene\u011finin maksimum ya\u015f\u0131 20&rsquo;den 24&rsquo;e \u00e7\u0131kar\u0131lacak ve yas siniri 21 olan ertesi g\u00fcn<br>hap\u0131 \u00f6dene\u011fi i\u00e7in ya\u015f s\u0131n\u0131r\u0131 yok olacakt\u0131r.<br>H\u00fck\u00fcmet, tedbirler i\u00e7in y\u0131lda 6,9 milyon Euro b\u00fct\u00e7e ay\u0131r\u0131yor.<\/p>\n\n\n\n<p><strong>Anla\u015fmaya tabi olmayan fizyoterapistler ile daha y\u00fcksek ortak \u00f6deme<\/strong>.<\/p>\n\n\n\n<p>Riziv bildirdi\u011fine g\u00f6re, bu ay\u0131n ba\u015f\u0131nda, fizyoterapistlerin y\u00fczde 84,5&rsquo;i profesyonel grup ile bu y\u0131l\u0131n<br>ba\u015f\u0131ndan beri y\u00fcr\u00fcrl\u00fckte olan Riziv aras\u0131ndaki son anla\u015fmaya kat\u0131lm\u0131\u015ft\u0131.<br>Bunun sonu\u00e7lar\u0131ndan biri, anla\u015fmaya kat\u0131lmam\u0131\u015f fizyoterapistler taraf\u0131ndan t\u0131bbi bak\u0131m masraflar\u0131n\u0131n<br>geri \u00f6denmesinin 1 Nisan&rsquo;dan itibaren d\u00f6rtte bir oran\u0131nda azalt\u0131lmas\u0131d\u0131r. Bu, hastan\u0131n ki\u015fisel<br>katk\u0131s\u0131n\u0131n, daha y\u00fcksek olaca\u011f\u0131 anlam\u0131na gelir. Hastalar ayr\u0131ca fizyoterapistlere fizyoterapistlerin<br>\u00fccretlendirebilecekleri oranda ek \u00fccret \u00f6demek zorunda kalabilirler. Bu durum daha fazla geri \u00f6deme<br>alma hakk\u0131 olan hastalar i\u00e7in ge\u00e7erli de\u011fildir.<br>Ki\u015fisel katk\u0131n\u0131n art\u0131\u015f\u0131, s\u00f6zle\u015fmenin sonuna, yani 2021&rsquo;in sonuna kadar ge\u00e7erlidir.<\/p>\n\n\n\n<p><strong>Belfius ve BNP Paribas Fortis tarif oranlar\u0131n\u0131 art\u0131rd\u0131<\/strong><\/p>\n\n\n\n<p>BNP Paribas Fortis ve h\u00fck\u00fcmet bankas\u0131 Belfius, Nisan ay\u0131ndan itibaren bir tak\u0131m banka faizlerini<br>art\u0131racak.<br>Belfius&rsquo;ta manuel transfer tarif oranlar\u0131 art\u0131yor. M\u00fc\u015fteriler y\u0131lda 24 \u00fccretsiz manuel transfer hakk\u0131na<br>sahip olmaya devam ediyor, ama tarifler manuel transfer ba\u015f\u0131na 1,25 avrodan 2 avroya y\u00fckseliyor.<br>Hesap ekstreleri i\u00e7in posta maliyetleri de art\u0131yor. Bu oran, sevkiyat ba\u015f\u0131na 1,70 avrodan 2 avroya<br>y\u00fckseliyor. Belfius&rsquo;ta bir\u00e7ok \u00fccretsiz ve dijital olmayan tarifler oldu\u011fu s\u00f6yleniyor.<br>Belfius 70 ya\u015f ve \u00fcst\u00fc m\u00fc\u015fterilerin muaf tutulmalar\u0131na karar verdi. Konfor hesab\u0131 ile s\u0131n\u0131rs\u0131z manuel<br>transfer yapabilirler. \u00dcstelik, ayda bir kez yap\u0131ld\u0131\u011f\u0131nda hesap \u00f6zetlerinin g\u00f6nderilmesi \u00fccretsiz olur.<br>1 Nisan&rsquo;dan itibaren, BNP Paribas Fortis m\u00fc\u015fterilere ka\u011f\u0131t transferi ba\u015f\u0131na 2 avro tahsil edecektir.<br>BNP Paribas Fortis&rsquo;in a\u00e7\u0131klanmas\u0131n\u0131n ard\u0131ndan, T\u00fcketici Bakan\u0131 Nathalie Muylle (CD&amp;V) ka\u011f\u0131t transfer<br>fiyatlar\u0131n\u0131n a\u015f\u0131r\u0131 oldu\u011funu d\u00fc\u015f\u00fcnd\u00fc\u011f\u00fcn\u00fc s\u00f6yledi.<\/p>\n\n\n\n<p><strong>E\u011flence ama\u00e7l\u0131 tekne sekt\u00f6r\u00fcnde daha d\u00fc\u015f\u00fck \u00fccretler<\/strong><\/p>\n\n\n\n<p>Gezi tekneleri i\u00e7in kay\u0131t mektuplar\u0131 ve ticari plakalar i\u00e7in ba\u015fvuru oranlar\u0131 1 Nisan&rsquo;da d\u00fc\u015fecek. Fiyat<br>d\u00fc\u015f\u00fc\u015fleri, bir dizi idari basitle\u015ftirmenin ve ek say\u0131salla\u015ft\u0131rman\u0131n sonucudur. Kuzey Denizi Bakan\u0131<\/p>\n\n\n\n<p>Philippe De Backer (A\u00e7\u0131k VLD), \u201cher \u015feyin imzalanmas\u0131 ve yay\u0131nlanmas\u0131n\u0131n mevcut durumu g\u00f6z \u00f6n\u00fcne<br>al\u0131nd\u0131\u011f\u0131nda, bunun birka\u00e7 g\u00fcn gecikebilece\u011fine\u201d s\u00f6yl\u00fcyor.<br>\u0130ki y\u0131ll\u0131k yeni e\u011flence ama\u00e7l\u0131 tekne gezisi yasas\u0131n\u0131n ard\u0131ndan,. Deniz ve i\u00e7 suyolu belgelerindeki<br>bayraklar\u0131n yerine benzersiz bir kay\u0131t mektubu da yay\u0131nland\u0131. Ba\u015fvuru prosed\u00fcr\u00fcn\u00fc basitle\u015ftirerek ve<br>tamamen dijital hale getirerek ek maliyetler yok edilebilir.<br>Ayr\u0131ca, ba\u015fvuru say\u0131s\u0131 azalacakt\u0131r. Neticede, yeni yasa Bel\u00e7ika bayra\u011f\u0131 alt\u0131nda bir zevk teknesi<br>kaydetmek i\u00e7in Bel\u00e7ika ile bir ba\u011flant\u0131 \u00f6ng\u00f6r\u00fcyor. De Backer, yabanc\u0131 &#8211; \u201cgenellikle \u015f\u00fcpheli\u201d uygulama<br>say\u0131s\u0131n\u0131 da azaltaca\u011f\u0131n\u0131 \u00f6ng\u00f6r\u00fcyor.<br>1 Nisan&rsquo;dan itibaren k\u00fc\u00e7\u00fck yelkenli gemilerin \u00fccreti 30 avroya d\u00fc\u015fecek. Bundan \u00f6nce 150 avro olan<br>di\u011fer gemiler i\u00e7in bu 50 avro olacak. Keyif teknesi t\u00fcccarlar\u0131, Mart ay\u0131ndan itibaren kurs veya g\u00f6steri<br>gezileri i\u00e7in ticaret plakalar\u0131na ba\u015fvurabilirler. Fiyat plaka ba\u015f\u0131na 150 avro ve uzatma ba\u015f\u0131na 75 avro.<\/p>\n\n\n\n<p><strong>Oznur Barlas \/ AVRUPAPRESS<\/strong><\/p>\n","protected":false},"excerpt":{"rendered":"<p>25 ya\u015f\u0131na kadar kad\u0131nlar i\u00e7in do\u011fum kontrol\u00fc \u00fccretsiz kontrol y\u00f6ntemleri (\u00f6rne\u011fin hap) 25 ya\u015f\u0131na kadar kad\u0131nlar i\u00e7in \u00fccretsiz hale gelirken, hamileli\u011fi\u00f6nleyici cinsel ili\u015fkiden sonraki sabah al\u0131nan hap (morning-afterpil), ya\u015fa bakmaks\u0131z\u0131n tamamen\u00fccretsiz hale gelir. Karar, \u015eubat ay\u0131 ortas\u0131nda kraliyet kararnamesi onaylanan Sa\u011fl\u0131k Bakan\u0131 Maggie DeBlock taraf\u0131ndan verilen bir karard\u0131r.S\u00f6z konusu tedbir, ge\u00e7en y\u0131l onaylanan 2020 sa\u011fl\u0131k [&hellip;]<\/p>\n","protected":false},"author":3,"featured_media":11234,"comment_status":"closed","ping_status":"open","sticky":false,"template":"","format":"standard","meta":{"footnotes":""},"categories":[14,16,3,17,18,15,19,2,1],"tags":[],"class_list":["post-11233","post","type-post","status-publish","format-standard","has-post-thumbnail","hentry","category-avrupa","category-belcika","category-dunya","category-ekonomi","category-kultur-sanat","category-spor","category-tanitim","category-turkiye","category-uncategorized"],"yoast_head":"<!-- This site is optimized with the Yoast SEO plugin v26.9 - https:\/\/yoast.com\/product\/yoast-seo-wordpress\/ -->\n<title>1 Nisan&#039;dan itibaren Bel\u00e7ika&#039;da neler de\u011fi\u015fiyor Nisan ay\u0131n\u0131n getirdi\u011fi de\u011fi\u015fikliklerin \u00f6zeti. - AvrupaPress<\/title>\n<meta name=\"robots\" content=\"index, follow, max-snippet:-1, max-image-preview:large, max-video-preview:-1\" \/>\n<link rel=\"canonical\" href=\"https:\/\/avrupapress.com\/2020\/04\/12\/1-nisandan-itibaren-belcikada-neler-degisiyor-nisan-ayinin-getirdigi-degisikliklerin-ozeti\/\" \/>\n<meta property=\"og:locale\" content=\"fr_FR\" \/>\n<meta property=\"og:type\" content=\"article\" \/>\n<meta property=\"og:title\" content=\"1 Nisan&#039;dan itibaren Bel\u00e7ika&#039;da neler de\u011fi\u015fiyor Nisan ay\u0131n\u0131n getirdi\u011fi de\u011fi\u015fikliklerin \u00f6zeti. - AvrupaPress\" \/>\n<meta property=\"og:description\" content=\"25 ya\u015f\u0131na kadar kad\u0131nlar i\u00e7in do\u011fum kontrol\u00fc \u00fccretsiz kontrol y\u00f6ntemleri (\u00f6rne\u011fin hap) 25 ya\u015f\u0131na kadar kad\u0131nlar i\u00e7in \u00fccretsiz hale gelirken, hamileli\u011fi\u00f6nleyici cinsel ili\u015fkiden sonraki sabah al\u0131nan hap (morning-afterpil), ya\u015fa bakmaks\u0131z\u0131n tamamen\u00fccretsiz hale gelir. Karar, \u015eubat ay\u0131 ortas\u0131nda kraliyet kararnamesi onaylanan Sa\u011fl\u0131k Bakan\u0131 Maggie DeBlock taraf\u0131ndan verilen bir karard\u0131r.S\u00f6z konusu tedbir, ge\u00e7en y\u0131l onaylanan 2020 sa\u011fl\u0131k [&hellip;]\" \/>\n<meta property=\"og:url\" content=\"https:\/\/avrupapress.com\/2020\/04\/12\/1-nisandan-itibaren-belcikada-neler-degisiyor-nisan-ayinin-getirdigi-degisikliklerin-ozeti\/\" \/>\n<meta property=\"og:site_name\" content=\"AvrupaPress\" \/>\n<meta property=\"article:published_time\" content=\"2020-04-12T22:01:39+00:00\" \/>\n<meta property=\"article:modified_time\" content=\"2020-04-12T22:01:40+00:00\" \/>\n<meta property=\"og:image\" content=\"https:\/\/avrupapress.com\/wp-content\/uploads\/2020\/04\/1-198.jpg\" \/>\n\t<meta property=\"og:image:width\" content=\"880\" \/>\n\t<meta property=\"og:image:height\" content=\"350\" \/>\n\t<meta property=\"og:image:type\" content=\"image\/jpeg\" \/>\n<meta name=\"author\" content=\"Edit\u00f6r\" \/>\n<meta name=\"twitter:card\" content=\"summary_large_image\" \/>\n<meta name=\"twitter:label1\" content=\"\u00c9crit par\" \/>\n\t<meta name=\"twitter:data1\" content=\"Edit\u00f6r\" \/>\n\t<meta name=\"twitter:label2\" content=\"Dur\u00e9e de lecture est.\" \/>\n\t<meta name=\"twitter:data2\" content=\"3 minutes\" \/>\n<script type=\"application\/ld+json\" class=\"yoast-schema-graph\">{\"@context\":\"https:\/\/schema.org\",\"@graph\":[{\"@type\":\"Article\",\"@id\":\"https:\/\/avrupapress.com\/2020\/04\/12\/1-nisandan-itibaren-belcikada-neler-degisiyor-nisan-ayinin-getirdigi-degisikliklerin-ozeti\/#article\",\"isPartOf\":{\"@id\":\"https:\/\/avrupapress.com\/2020\/04\/12\/1-nisandan-itibaren-belcikada-neler-degisiyor-nisan-ayinin-getirdigi-degisikliklerin-ozeti\/\"},\"author\":{\"name\":\"Edit\u00f6r\",\"@id\":\"https:\/\/avrupapress.com\/#\/schema\/person\/68428444ec60970d1e1b700cf4ca1e8f\"},\"headline\":\"1 Nisan&rsquo;dan itibaren Bel\u00e7ika&rsquo;da neler de\u011fi\u015fiyor Nisan ay\u0131n\u0131n getirdi\u011fi de\u011fi\u015fikliklerin \u00f6zeti.\",\"datePublished\":\"2020-04-12T22:01:39+00:00\",\"dateModified\":\"2020-04-12T22:01:40+00:00\",\"mainEntityOfPage\":{\"@id\":\"https:\/\/avrupapress.com\/2020\/04\/12\/1-nisandan-itibaren-belcikada-neler-degisiyor-nisan-ayinin-getirdigi-degisikliklerin-ozeti\/\"},\"wordCount\":677,\"publisher\":{\"@id\":\"https:\/\/avrupapress.com\/#\/schema\/person\/0223dca19c72c43575bf30d1a2d8f4fa\"},\"image\":{\"@id\":\"https:\/\/avrupapress.com\/2020\/04\/12\/1-nisandan-itibaren-belcikada-neler-degisiyor-nisan-ayinin-getirdigi-degisikliklerin-ozeti\/#primaryimage\"},\"thumbnailUrl\":\"https:\/\/avrupapress.com\/main\/wp-content\/uploads\/2020\/04\/1-198.jpg\",\"articleSection\":[\"Avrupa\",\"Bel\u00e7ika\",\"D\u00fcnya\",\"Ekonomi\",\"K\u00fclt\u00fcr-Sanat\",\"Spor\",\"Tan\u0131t\u0131m\",\"T\u00fcrkiye\",\"Uncategorized\"],\"inLanguage\":\"fr-BE\"},{\"@type\":\"WebPage\",\"@id\":\"https:\/\/avrupapress.com\/2020\/04\/12\/1-nisandan-itibaren-belcikada-neler-degisiyor-nisan-ayinin-getirdigi-degisikliklerin-ozeti\/\",\"url\":\"https:\/\/avrupapress.com\/2020\/04\/12\/1-nisandan-itibaren-belcikada-neler-degisiyor-nisan-ayinin-getirdigi-degisikliklerin-ozeti\/\",\"name\":\"1 Nisan'dan itibaren Bel\u00e7ika'da neler de\u011fi\u015fiyor Nisan ay\u0131n\u0131n getirdi\u011fi de\u011fi\u015fikliklerin \u00f6zeti. - AvrupaPress\",\"isPartOf\":{\"@id\":\"https:\/\/avrupapress.com\/#website\"},\"primaryImageOfPage\":{\"@id\":\"https:\/\/avrupapress.com\/2020\/04\/12\/1-nisandan-itibaren-belcikada-neler-degisiyor-nisan-ayinin-getirdigi-degisikliklerin-ozeti\/#primaryimage\"},\"image\":{\"@id\":\"https:\/\/avrupapress.com\/2020\/04\/12\/1-nisandan-itibaren-belcikada-neler-degisiyor-nisan-ayinin-getirdigi-degisikliklerin-ozeti\/#primaryimage\"},\"thumbnailUrl\":\"https:\/\/avrupapress.com\/main\/wp-content\/uploads\/2020\/04\/1-198.jpg\",\"datePublished\":\"2020-04-12T22:01:39+00:00\",\"dateModified\":\"2020-04-12T22:01:40+00:00\",\"breadcrumb\":{\"@id\":\"https:\/\/avrupapress.com\/2020\/04\/12\/1-nisandan-itibaren-belcikada-neler-degisiyor-nisan-ayinin-getirdigi-degisikliklerin-ozeti\/#breadcrumb\"},\"inLanguage\":\"fr-BE\",\"potentialAction\":[{\"@type\":\"ReadAction\",\"target\":[\"https:\/\/avrupapress.com\/2020\/04\/12\/1-nisandan-itibaren-belcikada-neler-degisiyor-nisan-ayinin-getirdigi-degisikliklerin-ozeti\/\"]}]},{\"@type\":\"ImageObject\",\"inLanguage\":\"fr-BE\",\"@id\":\"https:\/\/avrupapress.com\/2020\/04\/12\/1-nisandan-itibaren-belcikada-neler-degisiyor-nisan-ayinin-getirdigi-degisikliklerin-ozeti\/#primaryimage\",\"url\":\"https:\/\/avrupapress.com\/main\/wp-content\/uploads\/2020\/04\/1-198.jpg\",\"contentUrl\":\"https:\/\/avrupapress.com\/main\/wp-content\/uploads\/2020\/04\/1-198.jpg\",\"width\":880,\"height\":350},{\"@type\":\"BreadcrumbList\",\"@id\":\"https:\/\/avrupapress.com\/2020\/04\/12\/1-nisandan-itibaren-belcikada-neler-degisiyor-nisan-ayinin-getirdigi-degisikliklerin-ozeti\/#breadcrumb\",\"itemListElement\":[{\"@type\":\"ListItem\",\"position\":1,\"name\":\"Anasayfa\",\"item\":\"https:\/\/avrupapress.com\/\"},{\"@type\":\"ListItem\",\"position\":2,\"name\":\"1 Nisan&#8217;dan itibaren Bel\u00e7ika&#8217;da neler de\u011fi\u015fiyor Nisan ay\u0131n\u0131n getirdi\u011fi de\u011fi\u015fikliklerin \u00f6zeti.\"}]},{\"@type\":\"WebSite\",\"@id\":\"https:\/\/avrupapress.com\/#website\",\"url\":\"https:\/\/avrupapress.com\/\",\"name\":\"AvrupaPress\",\"description\":\"Haberin Adresi\",\"publisher\":{\"@id\":\"https:\/\/avrupapress.com\/#\/schema\/person\/0223dca19c72c43575bf30d1a2d8f4fa\"},\"potentialAction\":[{\"@type\":\"SearchAction\",\"target\":{\"@type\":\"EntryPoint\",\"urlTemplate\":\"https:\/\/avrupapress.com\/?s={search_term_string}\"},\"query-input\":{\"@type\":\"PropertyValueSpecification\",\"valueRequired\":true,\"valueName\":\"search_term_string\"}}],\"inLanguage\":\"fr-BE\"},{\"@type\":[\"Person\",\"Organization\"],\"@id\":\"https:\/\/avrupapress.com\/#\/schema\/person\/0223dca19c72c43575bf30d1a2d8f4fa\",\"name\":\"Bilgin \u00d6z\u00e7ift\u00e7i\",\"image\":{\"@type\":\"ImageObject\",\"inLanguage\":\"fr-BE\",\"@id\":\"https:\/\/avrupapress.com\/#\/schema\/person\/image\/\",\"url\":\"https:\/\/secure.gravatar.com\/avatar\/0f23b280433a21e1ea7a0adcc46ed0ad16afe3ad8e630fd13d8a017dcbd54ef3?s=96&d=mm&r=g\",\"contentUrl\":\"https:\/\/secure.gravatar.com\/avatar\/0f23b280433a21e1ea7a0adcc46ed0ad16afe3ad8e630fd13d8a017dcbd54ef3?s=96&d=mm&r=g\",\"caption\":\"Bilgin \u00d6z\u00e7ift\u00e7i\"},\"logo\":{\"@id\":\"https:\/\/avrupapress.com\/#\/schema\/person\/image\/\"},\"description\":\"Ne ben, nede sen... Biz ancak \\\"biz\\\" olursak g\u00fc\u00e7l\u00fc olabiliriz\"},{\"@type\":\"Person\",\"@id\":\"https:\/\/avrupapress.com\/#\/schema\/person\/68428444ec60970d1e1b700cf4ca1e8f\",\"name\":\"Edit\u00f6r\",\"image\":{\"@type\":\"ImageObject\",\"inLanguage\":\"fr-BE\",\"@id\":\"https:\/\/avrupapress.com\/#\/schema\/person\/image\/\",\"url\":\"https:\/\/secure.gravatar.com\/avatar\/74996b0977aa5f1559ba9883776652508b229005c0d78fb2597897f0bd651c09?s=96&d=mm&r=g\",\"contentUrl\":\"https:\/\/secure.gravatar.com\/avatar\/74996b0977aa5f1559ba9883776652508b229005c0d78fb2597897f0bd651c09?s=96&d=mm&r=g\",\"caption\":\"Edit\u00f6r\"},\"sameAs\":[\"http:\/\/www.avrupapress.com\"],\"url\":\"https:\/\/avrupapress.com\/main\/author\/editor\/\"}]}<\/script>\n<!-- \/ Yoast SEO plugin. -->","yoast_head_json":{"title":"1 Nisan'dan itibaren Bel\u00e7ika'da neler de\u011fi\u015fiyor Nisan ay\u0131n\u0131n getirdi\u011fi de\u011fi\u015fikliklerin \u00f6zeti. - AvrupaPress","robots":{"index":"index","follow":"follow","max-snippet":"max-snippet:-1","max-image-preview":"max-image-preview:large","max-video-preview":"max-video-preview:-1"},"canonical":"https:\/\/avrupapress.com\/2020\/04\/12\/1-nisandan-itibaren-belcikada-neler-degisiyor-nisan-ayinin-getirdigi-degisikliklerin-ozeti\/","og_locale":"fr_FR","og_type":"article","og_title":"1 Nisan'dan itibaren Bel\u00e7ika'da neler de\u011fi\u015fiyor Nisan ay\u0131n\u0131n getirdi\u011fi de\u011fi\u015fikliklerin \u00f6zeti. - AvrupaPress","og_description":"25 ya\u015f\u0131na kadar kad\u0131nlar i\u00e7in do\u011fum kontrol\u00fc \u00fccretsiz kontrol y\u00f6ntemleri (\u00f6rne\u011fin hap) 25 ya\u015f\u0131na kadar kad\u0131nlar i\u00e7in \u00fccretsiz hale gelirken, hamileli\u011fi\u00f6nleyici cinsel ili\u015fkiden sonraki sabah al\u0131nan hap (morning-afterpil), ya\u015fa bakmaks\u0131z\u0131n tamamen\u00fccretsiz hale gelir. Karar, \u015eubat ay\u0131 ortas\u0131nda kraliyet kararnamesi onaylanan Sa\u011fl\u0131k Bakan\u0131 Maggie DeBlock taraf\u0131ndan verilen bir karard\u0131r.S\u00f6z konusu tedbir, ge\u00e7en y\u0131l onaylanan 2020 sa\u011fl\u0131k [&hellip;]","og_url":"https:\/\/avrupapress.com\/2020\/04\/12\/1-nisandan-itibaren-belcikada-neler-degisiyor-nisan-ayinin-getirdigi-degisikliklerin-ozeti\/","og_site_name":"AvrupaPress","article_published_time":"2020-04-12T22:01:39+00:00","article_modified_time":"2020-04-12T22:01:40+00:00","og_image":[{"width":880,"height":350,"url":"https:\/\/avrupapress.com\/wp-content\/uploads\/2020\/04\/1-198.jpg","type":"image\/jpeg"}],"author":"Edit\u00f6r","twitter_card":"summary_large_image","twitter_misc":{"\u00c9crit par":"Edit\u00f6r","Dur\u00e9e de lecture est.":"3 minutes"},"schema":{"@context":"https:\/\/schema.org","@graph":[{"@type":"Article","@id":"https:\/\/avrupapress.com\/2020\/04\/12\/1-nisandan-itibaren-belcikada-neler-degisiyor-nisan-ayinin-getirdigi-degisikliklerin-ozeti\/#article","isPartOf":{"@id":"https:\/\/avrupapress.com\/2020\/04\/12\/1-nisandan-itibaren-belcikada-neler-degisiyor-nisan-ayinin-getirdigi-degisikliklerin-ozeti\/"},"author":{"name":"Edit\u00f6r","@id":"https:\/\/avrupapress.com\/#\/schema\/person\/68428444ec60970d1e1b700cf4ca1e8f"},"headline":"1 Nisan&rsquo;dan itibaren Bel\u00e7ika&rsquo;da neler de\u011fi\u015fiyor Nisan ay\u0131n\u0131n getirdi\u011fi de\u011fi\u015fikliklerin \u00f6zeti.","datePublished":"2020-04-12T22:01:39+00:00","dateModified":"2020-04-12T22:01:40+00:00","mainEntityOfPage":{"@id":"https:\/\/avrupapress.com\/2020\/04\/12\/1-nisandan-itibaren-belcikada-neler-degisiyor-nisan-ayinin-getirdigi-degisikliklerin-ozeti\/"},"wordCount":677,"publisher":{"@id":"https:\/\/avrupapress.com\/#\/schema\/person\/0223dca19c72c43575bf30d1a2d8f4fa"},"image":{"@id":"https:\/\/avrupapress.com\/2020\/04\/12\/1-nisandan-itibaren-belcikada-neler-degisiyor-nisan-ayinin-getirdigi-degisikliklerin-ozeti\/#primaryimage"},"thumbnailUrl":"https:\/\/avrupapress.com\/main\/wp-content\/uploads\/2020\/04\/1-198.jpg","articleSection":["Avrupa","Bel\u00e7ika","D\u00fcnya","Ekonomi","K\u00fclt\u00fcr-Sanat","Spor","Tan\u0131t\u0131m","T\u00fcrkiye","Uncategorized"],"inLanguage":"fr-BE"},{"@type":"WebPage","@id":"https:\/\/avrupapress.com\/2020\/04\/12\/1-nisandan-itibaren-belcikada-neler-degisiyor-nisan-ayinin-getirdigi-degisikliklerin-ozeti\/","url":"https:\/\/avrupapress.com\/2020\/04\/12\/1-nisandan-itibaren-belcikada-neler-degisiyor-nisan-ayinin-getirdigi-degisikliklerin-ozeti\/","name":"1 Nisan'dan itibaren Bel\u00e7ika'da neler de\u011fi\u015fiyor Nisan ay\u0131n\u0131n getirdi\u011fi de\u011fi\u015fikliklerin \u00f6zeti. - AvrupaPress","isPartOf":{"@id":"https:\/\/avrupapress.com\/#website"},"primaryImageOfPage":{"@id":"https:\/\/avrupapress.com\/2020\/04\/12\/1-nisandan-itibaren-belcikada-neler-degisiyor-nisan-ayinin-getirdigi-degisikliklerin-ozeti\/#primaryimage"},"image":{"@id":"https:\/\/avrupapress.com\/2020\/04\/12\/1-nisandan-itibaren-belcikada-neler-degisiyor-nisan-ayinin-getirdigi-degisikliklerin-ozeti\/#primaryimage"},"thumbnailUrl":"https:\/\/avrupapress.com\/main\/wp-content\/uploads\/2020\/04\/1-198.jpg","datePublished":"2020-04-12T22:01:39+00:00","dateModified":"2020-04-12T22:01:40+00:00","breadcrumb":{"@id":"https:\/\/avrupapress.com\/2020\/04\/12\/1-nisandan-itibaren-belcikada-neler-degisiyor-nisan-ayinin-getirdigi-degisikliklerin-ozeti\/#breadcrumb"},"inLanguage":"fr-BE","potentialAction":[{"@type":"ReadAction","target":["https:\/\/avrupapress.com\/2020\/04\/12\/1-nisandan-itibaren-belcikada-neler-degisiyor-nisan-ayinin-getirdigi-degisikliklerin-ozeti\/"]}]},{"@type":"ImageObject","inLanguage":"fr-BE","@id":"https:\/\/avrupapress.com\/2020\/04\/12\/1-nisandan-itibaren-belcikada-neler-degisiyor-nisan-ayinin-getirdigi-degisikliklerin-ozeti\/#primaryimage","url":"https:\/\/avrupapress.com\/main\/wp-content\/uploads\/2020\/04\/1-198.jpg","contentUrl":"https:\/\/avrupapress.com\/main\/wp-content\/uploads\/2020\/04\/1-198.jpg","width":880,"height":350},{"@type":"BreadcrumbList","@id":"https:\/\/avrupapress.com\/2020\/04\/12\/1-nisandan-itibaren-belcikada-neler-degisiyor-nisan-ayinin-getirdigi-degisikliklerin-ozeti\/#breadcrumb","itemListElement":[{"@type":"ListItem","position":1,"name":"Anasayfa","item":"https:\/\/avrupapress.com\/"},{"@type":"ListItem","position":2,"name":"1 Nisan&#8217;dan itibaren Bel\u00e7ika&#8217;da neler de\u011fi\u015fiyor Nisan ay\u0131n\u0131n getirdi\u011fi de\u011fi\u015fikliklerin \u00f6zeti."}]},{"@type":"WebSite","@id":"https:\/\/avrupapress.com\/#website","url":"https:\/\/avrupapress.com\/","name":"AvrupaPress","description":"Haberin Adresi","publisher":{"@id":"https:\/\/avrupapress.com\/#\/schema\/person\/0223dca19c72c43575bf30d1a2d8f4fa"},"potentialAction":[{"@type":"SearchAction","target":{"@type":"EntryPoint","urlTemplate":"https:\/\/avrupapress.com\/?s={search_term_string}"},"query-input":{"@type":"PropertyValueSpecification","valueRequired":true,"valueName":"search_term_string"}}],"inLanguage":"fr-BE"},{"@type":["Person","Organization"],"@id":"https:\/\/avrupapress.com\/#\/schema\/person\/0223dca19c72c43575bf30d1a2d8f4fa","name":"Bilgin \u00d6z\u00e7ift\u00e7i","image":{"@type":"ImageObject","inLanguage":"fr-BE","@id":"https:\/\/avrupapress.com\/#\/schema\/person\/image\/","url":"https:\/\/secure.gravatar.com\/avatar\/0f23b280433a21e1ea7a0adcc46ed0ad16afe3ad8e630fd13d8a017dcbd54ef3?s=96&d=mm&r=g","contentUrl":"https:\/\/secure.gravatar.com\/avatar\/0f23b280433a21e1ea7a0adcc46ed0ad16afe3ad8e630fd13d8a017dcbd54ef3?s=96&d=mm&r=g","caption":"Bilgin \u00d6z\u00e7ift\u00e7i"},"logo":{"@id":"https:\/\/avrupapress.com\/#\/schema\/person\/image\/"},"description":"Ne ben, nede sen... Biz ancak \"biz\" olursak g\u00fc\u00e7l\u00fc olabiliriz"},{"@type":"Person","@id":"https:\/\/avrupapress.com\/#\/schema\/person\/68428444ec60970d1e1b700cf4ca1e8f","name":"Edit\u00f6r","image":{"@type":"ImageObject","inLanguage":"fr-BE","@id":"https:\/\/avrupapress.com\/#\/schema\/person\/image\/","url":"https:\/\/secure.gravatar.com\/avatar\/74996b0977aa5f1559ba9883776652508b229005c0d78fb2597897f0bd651c09?s=96&d=mm&r=g","contentUrl":"https:\/\/secure.gravatar.com\/avatar\/74996b0977aa5f1559ba9883776652508b229005c0d78fb2597897f0bd651c09?s=96&d=mm&r=g","caption":"Edit\u00f6r"},"sameAs":["http:\/\/www.avrupapress.com"],"url":"https:\/\/avrupapress.com\/main\/author\/editor\/"}]}},"_links":{"self":[{"href":"https:\/\/avrupapress.com\/main\/wp-json\/wp\/v2\/posts\/11233","targetHints":{"allow":["GET"]}}],"collection":[{"href":"https:\/\/avrupapress.com\/main\/wp-json\/wp\/v2\/posts"}],"about":[{"href":"https:\/\/avrupapress.com\/main\/wp-json\/wp\/v2\/types\/post"}],"author":[{"embeddable":true,"href":"https:\/\/avrupapress.com\/main\/wp-json\/wp\/v2\/users\/3"}],"replies":[{"embeddable":true,"href":"https:\/\/avrupapress.com\/main\/wp-json\/wp\/v2\/comments?post=11233"}],"version-history":[{"count":1,"href":"https:\/\/avrupapress.com\/main\/wp-json\/wp\/v2\/posts\/11233\/revisions"}],"predecessor-version":[{"id":11235,"href":"https:\/\/avrupapress.com\/main\/wp-json\/wp\/v2\/posts\/11233\/revisions\/11235"}],"wp:featuredmedia":[{"embeddable":true,"href":"https:\/\/avrupapress.com\/main\/wp-json\/wp\/v2\/media\/11234"}],"wp:attachment":[{"href":"https:\/\/avrupapress.com\/main\/wp-json\/wp\/v2\/media?parent=11233"}],"wp:term":[{"taxonomy":"category","embeddable":true,"href":"https:\/\/avrupapress.com\/main\/wp-json\/wp\/v2\/categories?post=11233"},{"taxonomy":"post_tag","embeddable":true,"href":"https:\/\/avrupapress.com\/main\/wp-json\/wp\/v2\/tags?post=11233"}],"curies":[{"name":"wp","href":"https:\/\/api.w.org\/{rel}","templated":true}]}}