{"id":11227,"date":"2020-04-12T18:46:17","date_gmt":"2020-04-12T18:46:17","guid":{"rendered":"http:\/\/avrupapress.com\/main\/?p=11227"},"modified":"2020-04-12T18:46:18","modified_gmt":"2020-04-12T18:46:18","slug":"turkiyede-icisleri-bakani-suleyman-soylu-istifa-etti","status":"publish","type":"post","link":"https:\/\/avrupapress.com\/main\/2020\/04\/12\/turkiyede-icisleri-bakani-suleyman-soylu-istifa-etti\/","title":{"rendered":"T\u00fcrkiye&rsquo;de \u0130\u00e7i\u015fleri Bakan\u0131 S\u00fcleyman Soylu istifa etti"},"content":{"rendered":"\n<p><strong>Cuma ak\u015fam\u0131 gece yar\u0131s\u0131ndan 2 saat \u00f6nce soka\u011fa \u00e7\u0131kma yasa\u011f\u0131 ilan edilmesiyle sokaklarda olu\u015fan izdiham g\u00f6r\u00fcnt\u00fcleri nedeniyle tepkilerin hedefinde olan \u0130\u00e7i\u015fleri Bakan\u0131 S\u00fcleyman Soylu, Twitter&rsquo;dan yapt\u0131\u011f\u0131 a\u00e7\u0131klamayla g\u00f6revinden istifa etti\u011fini a\u00e7\u0131klad\u0131.<\/strong><\/p>\n\n\n\n<p>T\u00fcrkiye&rsquo;deki koronavir\u00fcs salg\u0131n\u0131n\u0131 \u00f6nlemek i\u00e7in 30 b\u00fcy\u00fck\u015fehir ve Zonguldak&rsquo;ta cuma gecesi gece yar\u0131s\u0131na 2 saat kala soka\u011fa \u00e7\u0131kma yasa\u011f\u0131 ilan edilince vatanda\u015flar\u0131n b\u00fcy\u00fck bir k\u0131sm\u0131 al\u0131\u015fveri\u015f yapmak i\u00e7in marketlere ve f\u0131r\u0131nlara ko\u015fmu\u015ftu.<\/p>\n\n\n\n<p>Bu karar\u0131yla koronavir\u00fcs salg\u0131n\u0131n\u0131n artt\u0131\u011f\u0131 y\u00f6n\u00fcnde d\u00fc\u015f\u00fcncelerden dolay\u0131 \u0130\u00e7i\u015fleri Bakan\u0131&nbsp;<a href=\"https:\/\/www.haberler.com\/suleyman-soylu\/\"><strong>S\u00fcleyman Soylu<\/strong><\/a>, tepkilerin hedefinde olmu\u015ftu.<\/p>\n\n\n\n<p>Bakan Soylu,&nbsp;<a href=\"https:\/\/www.haberler.com\/twitter\/\"><strong>Twitter<\/strong><\/a>&lsquo;dan yapt\u0131\u011f\u0131 a\u00e7\u0131klamayla g\u00f6revinden istifa etti\u011fini a\u00e7\u0131klad\u0131.<\/p>\n\n\n\n<p><strong>S\u00fcleyman Soylu, Twitter hesab\u0131ndan yapt\u0131\u011f\u0131 a\u00e7\u0131klamada \u015funlar\u0131 s\u00f6yledi:<\/strong><\/p>\n\n\n\n<h3 class=\"wp-block-heading\">\u00ab\u00a0SORUMLULUK HER Y\u00d6N\u00dcYLE \u015eAHSIMA A\u0130TT\u0130R\u00a0\u00bb<\/h3>\n\n\n\n<p>\u00ab\u00a0Gayretle ve titizlikle y\u00fcr\u00fct\u00fclen bir s\u00fcre\u00e7te, tamamen salg\u0131n\u0131n \u00f6nlenmesine y\u00f6nelik hafta sonu soka\u011fa \u00e7\u0131kma karar\u0131n\u0131n uygulanmas\u0131n\u0131n sorumlulu\u011fu, her y\u00f6n\u00fcyle \u015fahs\u0131ma aittir.<\/p>\n\n\n\n<h3 class=\"wp-block-heading\">\u00ab\u00a0B\u00d6YLE G\u00d6R\u00dcNT\u00dcLERE YOL A\u00c7ILMAMALIYDI\u00a0\u00bb<\/h3>\n\n\n\n<p>Ba\u015flang\u0131\u00e7ta k\u0131s\u0131tl\u0131 saatlerde de olsa ortaya \u00e7\u0131kan g\u00f6r\u00fcnt\u00fcler, m\u00fckemmel y\u00f6netilen bu s\u00fcre\u00e7le uyu\u015fmad\u0131. Ya\u015fad\u0131\u011f\u0131m onca tecr\u00fcbe, sorumluluk k\u0131sm\u0131 \u00fczerimizde olan bu olayda, b\u00f6yle g\u00f6r\u00fcnt\u00fclere yol a\u00e7mamal\u0131yd\u0131.<\/p>\n\n\n\n<h3 class=\"wp-block-heading\">\u00ab\u00a0SAYIN CUMHURBA\u015eKANIM BEN\u0130 BA\u011eI\u015eLASIN\u00a0\u00bb<\/h3>\n\n\n\n<p>\u0130yi niyetle, hafta sonunda salg\u0131n\u0131 ve bula\u015f\u0131 bir nebze durdurabilmek ad\u0131na at\u0131lan bir ad\u0131md\u0131. Hi\u00e7 bir zaman zarar vermek istemedi\u011fim Aziz Milletimiz, hayat\u0131m\u0131n sonuna kadar da sad\u0131k olaca\u011f\u0131m Say\u0131n Cumhurba\u015fkan\u0131m beni ba\u011f\u0131\u015flas\u0131n&#8230;<\/p>\n\n\n\n<h3 class=\"wp-block-heading\">\u00ab\u00a0ONURLA Y\u00dcR\u00dcTT\u00dc\u011e\u00dcM G\u00d6REV\u0130MDEN AYRILIYORUM\u00a0\u00bb<\/h3>\n\n\n\n<p>Onurla y\u00fcr\u00fctt\u00fc\u011f\u00fcm \u0130\u00e7i\u015fleri Bakanl\u0131\u011f\u0131 g\u00f6revimden ayr\u0131l\u0131yorum. T\u00fcm dostlara, mesai arkada\u015flar\u0131ma Allah&rsquo;a \u0131smarlad\u0131k.. Allah milletimizi korusun&#8230;\u00a0\u00bb<\/p>\n\n\n\n<figure class=\"wp-block-image\"><img decoding=\"async\" src=\"https:\/\/foto.haberler.com\/haber\/2020\/04\/12\/son-dakika-icisleri-bakani-suleyman-soylu-istifa-13116375_9865_m.jpg\" alt=\"Son Dakika: \u0130\u00e7i\u015fleri Bakan\u0131 S\u00fcleyman Soylu istifa etti\" title=\"Son Dakika: \u0130\u00e7i\u015fleri Bakan\u0131 S\u00fcleyman Soylu istifa etti\"\/><\/figure>\n\n\n\n<figure class=\"wp-block-image\"><img decoding=\"async\" src=\"https:\/\/foto.haberler.com\/haber\/2020\/04\/12\/son-dakika-icisleri-bakani-suleyman-soylu-istifa-13116375_8910_o.jpg\" alt=\"Son Dakika: \u0130\u00e7i\u015fleri Bakan\u0131 S\u00fcleyman Soylu istifa etti\" title=\"Son Dakika: \u0130\u00e7i\u015fleri Bakan\u0131 S\u00fcleyman Soylu istifa etti\"\/><\/figure>\n\n\n\n<p><strong>Bilgin Ozcifci \/ AVRUPAPRESS<\/strong><\/p>\n","protected":false},"excerpt":{"rendered":"<p>Cuma ak\u015fam\u0131 gece yar\u0131s\u0131ndan 2 saat \u00f6nce soka\u011fa \u00e7\u0131kma yasa\u011f\u0131 ilan edilmesiyle sokaklarda olu\u015fan izdiham g\u00f6r\u00fcnt\u00fcleri nedeniyle tepkilerin hedefinde olan \u0130\u00e7i\u015fleri Bakan\u0131 S\u00fcleyman Soylu, Twitter&rsquo;dan yapt\u0131\u011f\u0131 a\u00e7\u0131klamayla g\u00f6revinden istifa etti\u011fini a\u00e7\u0131klad\u0131. T\u00fcrkiye&rsquo;deki koronavir\u00fcs salg\u0131n\u0131n\u0131 \u00f6nlemek i\u00e7in 30 b\u00fcy\u00fck\u015fehir ve Zonguldak&rsquo;ta cuma gecesi gece yar\u0131s\u0131na 2 saat kala soka\u011fa \u00e7\u0131kma yasa\u011f\u0131 ilan edilince vatanda\u015flar\u0131n b\u00fcy\u00fck bir [&hellip;]<\/p>\n","protected":false},"author":3,"featured_media":11228,"comment_status":"closed","ping_status":"open","sticky":false,"template":"","format":"standard","meta":{"footnotes":""},"categories":[14,16,3,17,18,15,19,2,1],"tags":[],"class_list":["post-11227","post","type-post","status-publish","format-standard","has-post-thumbnail","hentry","category-avrupa","category-belcika","category-dunya","category-ekonomi","category-kultur-sanat","category-spor","category-tanitim","category-turkiye","category-uncategorized"],"yoast_head":"<!-- This site is optimized with the Yoast SEO plugin v26.9 - https:\/\/yoast.com\/product\/yoast-seo-wordpress\/ -->\n<title>T\u00fcrkiye&#039;de \u0130\u00e7i\u015fleri Bakan\u0131 S\u00fcleyman Soylu istifa etti - AvrupaPress<\/title>\n<meta name=\"robots\" content=\"index, follow, max-snippet:-1, max-image-preview:large, max-video-preview:-1\" \/>\n<link rel=\"canonical\" href=\"https:\/\/avrupapress.com\/2020\/04\/12\/turkiyede-icisleri-bakani-suleyman-soylu-istifa-etti\/\" \/>\n<meta property=\"og:locale\" content=\"fr_FR\" \/>\n<meta property=\"og:type\" content=\"article\" \/>\n<meta property=\"og:title\" content=\"T\u00fcrkiye&#039;de \u0130\u00e7i\u015fleri Bakan\u0131 S\u00fcleyman Soylu istifa etti - AvrupaPress\" \/>\n<meta property=\"og:description\" content=\"Cuma ak\u015fam\u0131 gece yar\u0131s\u0131ndan 2 saat \u00f6nce soka\u011fa \u00e7\u0131kma yasa\u011f\u0131 ilan edilmesiyle sokaklarda olu\u015fan izdiham g\u00f6r\u00fcnt\u00fcleri nedeniyle tepkilerin hedefinde olan \u0130\u00e7i\u015fleri Bakan\u0131 S\u00fcleyman Soylu, Twitter&rsquo;dan yapt\u0131\u011f\u0131 a\u00e7\u0131klamayla g\u00f6revinden istifa etti\u011fini a\u00e7\u0131klad\u0131. T\u00fcrkiye&rsquo;deki koronavir\u00fcs salg\u0131n\u0131n\u0131 \u00f6nlemek i\u00e7in 30 b\u00fcy\u00fck\u015fehir ve Zonguldak&rsquo;ta cuma gecesi gece yar\u0131s\u0131na 2 saat kala soka\u011fa \u00e7\u0131kma yasa\u011f\u0131 ilan edilince vatanda\u015flar\u0131n b\u00fcy\u00fck bir [&hellip;]\" \/>\n<meta property=\"og:url\" content=\"https:\/\/avrupapress.com\/2020\/04\/12\/turkiyede-icisleri-bakani-suleyman-soylu-istifa-etti\/\" \/>\n<meta property=\"og:site_name\" content=\"AvrupaPress\" \/>\n<meta property=\"article:published_time\" content=\"2020-04-12T18:46:17+00:00\" \/>\n<meta property=\"article:modified_time\" content=\"2020-04-12T18:46:18+00:00\" \/>\n<meta property=\"og:image\" content=\"https:\/\/avrupapress.com\/wp-content\/uploads\/2020\/04\/son-dakika-icisleri-bakani-suleyman-soylu-istifa-13116375_8910_o.jpg\" \/>\n\t<meta property=\"og:image:width\" content=\"640\" \/>\n\t<meta property=\"og:image:height\" content=\"361\" \/>\n\t<meta property=\"og:image:type\" content=\"image\/jpeg\" \/>\n<meta name=\"author\" content=\"Edit\u00f6r\" \/>\n<meta name=\"twitter:card\" content=\"summary_large_image\" \/>\n<meta name=\"twitter:label1\" content=\"\u00c9crit par\" \/>\n\t<meta name=\"twitter:data1\" content=\"Edit\u00f6r\" \/>\n\t<meta name=\"twitter:label2\" content=\"Dur\u00e9e de lecture est.\" \/>\n\t<meta name=\"twitter:data2\" content=\"2 minutes\" \/>\n<script type=\"application\/ld+json\" class=\"yoast-schema-graph\">{\"@context\":\"https:\/\/schema.org\",\"@graph\":[{\"@type\":\"Article\",\"@id\":\"https:\/\/avrupapress.com\/2020\/04\/12\/turkiyede-icisleri-bakani-suleyman-soylu-istifa-etti\/#article\",\"isPartOf\":{\"@id\":\"https:\/\/avrupapress.com\/2020\/04\/12\/turkiyede-icisleri-bakani-suleyman-soylu-istifa-etti\/\"},\"author\":{\"name\":\"Edit\u00f6r\",\"@id\":\"https:\/\/avrupapress.com\/#\/schema\/person\/68428444ec60970d1e1b700cf4ca1e8f\"},\"headline\":\"T\u00fcrkiye&rsquo;de \u0130\u00e7i\u015fleri Bakan\u0131 S\u00fcleyman Soylu istifa etti\",\"datePublished\":\"2020-04-12T18:46:17+00:00\",\"dateModified\":\"2020-04-12T18:46:18+00:00\",\"mainEntityOfPage\":{\"@id\":\"https:\/\/avrupapress.com\/2020\/04\/12\/turkiyede-icisleri-bakani-suleyman-soylu-istifa-etti\/\"},\"wordCount\":355,\"publisher\":{\"@id\":\"https:\/\/avrupapress.com\/#\/schema\/person\/0223dca19c72c43575bf30d1a2d8f4fa\"},\"image\":{\"@id\":\"https:\/\/avrupapress.com\/2020\/04\/12\/turkiyede-icisleri-bakani-suleyman-soylu-istifa-etti\/#primaryimage\"},\"thumbnailUrl\":\"https:\/\/avrupapress.com\/main\/wp-content\/uploads\/2020\/04\/son-dakika-icisleri-bakani-suleyman-soylu-istifa-13116375_8910_o.jpg\",\"articleSection\":[\"Avrupa\",\"Bel\u00e7ika\",\"D\u00fcnya\",\"Ekonomi\",\"K\u00fclt\u00fcr-Sanat\",\"Spor\",\"Tan\u0131t\u0131m\",\"T\u00fcrkiye\",\"Uncategorized\"],\"inLanguage\":\"fr-BE\"},{\"@type\":\"WebPage\",\"@id\":\"https:\/\/avrupapress.com\/2020\/04\/12\/turkiyede-icisleri-bakani-suleyman-soylu-istifa-etti\/\",\"url\":\"https:\/\/avrupapress.com\/2020\/04\/12\/turkiyede-icisleri-bakani-suleyman-soylu-istifa-etti\/\",\"name\":\"T\u00fcrkiye'de \u0130\u00e7i\u015fleri Bakan\u0131 S\u00fcleyman Soylu istifa etti - AvrupaPress\",\"isPartOf\":{\"@id\":\"https:\/\/avrupapress.com\/#website\"},\"primaryImageOfPage\":{\"@id\":\"https:\/\/avrupapress.com\/2020\/04\/12\/turkiyede-icisleri-bakani-suleyman-soylu-istifa-etti\/#primaryimage\"},\"image\":{\"@id\":\"https:\/\/avrupapress.com\/2020\/04\/12\/turkiyede-icisleri-bakani-suleyman-soylu-istifa-etti\/#primaryimage\"},\"thumbnailUrl\":\"https:\/\/avrupapress.com\/main\/wp-content\/uploads\/2020\/04\/son-dakika-icisleri-bakani-suleyman-soylu-istifa-13116375_8910_o.jpg\",\"datePublished\":\"2020-04-12T18:46:17+00:00\",\"dateModified\":\"2020-04-12T18:46:18+00:00\",\"breadcrumb\":{\"@id\":\"https:\/\/avrupapress.com\/2020\/04\/12\/turkiyede-icisleri-bakani-suleyman-soylu-istifa-etti\/#breadcrumb\"},\"inLanguage\":\"fr-BE\",\"potentialAction\":[{\"@type\":\"ReadAction\",\"target\":[\"https:\/\/avrupapress.com\/2020\/04\/12\/turkiyede-icisleri-bakani-suleyman-soylu-istifa-etti\/\"]}]},{\"@type\":\"ImageObject\",\"inLanguage\":\"fr-BE\",\"@id\":\"https:\/\/avrupapress.com\/2020\/04\/12\/turkiyede-icisleri-bakani-suleyman-soylu-istifa-etti\/#primaryimage\",\"url\":\"https:\/\/avrupapress.com\/main\/wp-content\/uploads\/2020\/04\/son-dakika-icisleri-bakani-suleyman-soylu-istifa-13116375_8910_o.jpg\",\"contentUrl\":\"https:\/\/avrupapress.com\/main\/wp-content\/uploads\/2020\/04\/son-dakika-icisleri-bakani-suleyman-soylu-istifa-13116375_8910_o.jpg\",\"width\":640,\"height\":361},{\"@type\":\"BreadcrumbList\",\"@id\":\"https:\/\/avrupapress.com\/2020\/04\/12\/turkiyede-icisleri-bakani-suleyman-soylu-istifa-etti\/#breadcrumb\",\"itemListElement\":[{\"@type\":\"ListItem\",\"position\":1,\"name\":\"Anasayfa\",\"item\":\"https:\/\/avrupapress.com\/\"},{\"@type\":\"ListItem\",\"position\":2,\"name\":\"T\u00fcrkiye&#8217;de \u0130\u00e7i\u015fleri Bakan\u0131 S\u00fcleyman Soylu istifa etti\"}]},{\"@type\":\"WebSite\",\"@id\":\"https:\/\/avrupapress.com\/#website\",\"url\":\"https:\/\/avrupapress.com\/\",\"name\":\"AvrupaPress\",\"description\":\"Haberin Adresi\",\"publisher\":{\"@id\":\"https:\/\/avrupapress.com\/#\/schema\/person\/0223dca19c72c43575bf30d1a2d8f4fa\"},\"potentialAction\":[{\"@type\":\"SearchAction\",\"target\":{\"@type\":\"EntryPoint\",\"urlTemplate\":\"https:\/\/avrupapress.com\/?s={search_term_string}\"},\"query-input\":{\"@type\":\"PropertyValueSpecification\",\"valueRequired\":true,\"valueName\":\"search_term_string\"}}],\"inLanguage\":\"fr-BE\"},{\"@type\":[\"Person\",\"Organization\"],\"@id\":\"https:\/\/avrupapress.com\/#\/schema\/person\/0223dca19c72c43575bf30d1a2d8f4fa\",\"name\":\"Bilgin \u00d6z\u00e7ift\u00e7i\",\"image\":{\"@type\":\"ImageObject\",\"inLanguage\":\"fr-BE\",\"@id\":\"https:\/\/avrupapress.com\/#\/schema\/person\/image\/\",\"url\":\"https:\/\/secure.gravatar.com\/avatar\/0f23b280433a21e1ea7a0adcc46ed0ad16afe3ad8e630fd13d8a017dcbd54ef3?s=96&d=mm&r=g\",\"contentUrl\":\"https:\/\/secure.gravatar.com\/avatar\/0f23b280433a21e1ea7a0adcc46ed0ad16afe3ad8e630fd13d8a017dcbd54ef3?s=96&d=mm&r=g\",\"caption\":\"Bilgin \u00d6z\u00e7ift\u00e7i\"},\"logo\":{\"@id\":\"https:\/\/avrupapress.com\/#\/schema\/person\/image\/\"},\"description\":\"Ne ben, nede sen... Biz ancak \\\"biz\\\" olursak g\u00fc\u00e7l\u00fc olabiliriz\"},{\"@type\":\"Person\",\"@id\":\"https:\/\/avrupapress.com\/#\/schema\/person\/68428444ec60970d1e1b700cf4ca1e8f\",\"name\":\"Edit\u00f6r\",\"image\":{\"@type\":\"ImageObject\",\"inLanguage\":\"fr-BE\",\"@id\":\"https:\/\/avrupapress.com\/#\/schema\/person\/image\/\",\"url\":\"https:\/\/secure.gravatar.com\/avatar\/74996b0977aa5f1559ba9883776652508b229005c0d78fb2597897f0bd651c09?s=96&d=mm&r=g\",\"contentUrl\":\"https:\/\/secure.gravatar.com\/avatar\/74996b0977aa5f1559ba9883776652508b229005c0d78fb2597897f0bd651c09?s=96&d=mm&r=g\",\"caption\":\"Edit\u00f6r\"},\"sameAs\":[\"http:\/\/www.avrupapress.com\"],\"url\":\"https:\/\/avrupapress.com\/main\/author\/editor\/\"}]}<\/script>\n<!-- \/ Yoast SEO plugin. -->","yoast_head_json":{"title":"T\u00fcrkiye'de \u0130\u00e7i\u015fleri Bakan\u0131 S\u00fcleyman Soylu istifa etti - AvrupaPress","robots":{"index":"index","follow":"follow","max-snippet":"max-snippet:-1","max-image-preview":"max-image-preview:large","max-video-preview":"max-video-preview:-1"},"canonical":"https:\/\/avrupapress.com\/2020\/04\/12\/turkiyede-icisleri-bakani-suleyman-soylu-istifa-etti\/","og_locale":"fr_FR","og_type":"article","og_title":"T\u00fcrkiye'de \u0130\u00e7i\u015fleri Bakan\u0131 S\u00fcleyman Soylu istifa etti - AvrupaPress","og_description":"Cuma ak\u015fam\u0131 gece yar\u0131s\u0131ndan 2 saat \u00f6nce soka\u011fa \u00e7\u0131kma yasa\u011f\u0131 ilan edilmesiyle sokaklarda olu\u015fan izdiham g\u00f6r\u00fcnt\u00fcleri nedeniyle tepkilerin hedefinde olan \u0130\u00e7i\u015fleri Bakan\u0131 S\u00fcleyman Soylu, Twitter&rsquo;dan yapt\u0131\u011f\u0131 a\u00e7\u0131klamayla g\u00f6revinden istifa etti\u011fini a\u00e7\u0131klad\u0131. T\u00fcrkiye&rsquo;deki koronavir\u00fcs salg\u0131n\u0131n\u0131 \u00f6nlemek i\u00e7in 30 b\u00fcy\u00fck\u015fehir ve Zonguldak&rsquo;ta cuma gecesi gece yar\u0131s\u0131na 2 saat kala soka\u011fa \u00e7\u0131kma yasa\u011f\u0131 ilan edilince vatanda\u015flar\u0131n b\u00fcy\u00fck bir [&hellip;]","og_url":"https:\/\/avrupapress.com\/2020\/04\/12\/turkiyede-icisleri-bakani-suleyman-soylu-istifa-etti\/","og_site_name":"AvrupaPress","article_published_time":"2020-04-12T18:46:17+00:00","article_modified_time":"2020-04-12T18:46:18+00:00","og_image":[{"width":640,"height":361,"url":"https:\/\/avrupapress.com\/wp-content\/uploads\/2020\/04\/son-dakika-icisleri-bakani-suleyman-soylu-istifa-13116375_8910_o.jpg","type":"image\/jpeg"}],"author":"Edit\u00f6r","twitter_card":"summary_large_image","twitter_misc":{"\u00c9crit par":"Edit\u00f6r","Dur\u00e9e de lecture est.":"2 minutes"},"schema":{"@context":"https:\/\/schema.org","@graph":[{"@type":"Article","@id":"https:\/\/avrupapress.com\/2020\/04\/12\/turkiyede-icisleri-bakani-suleyman-soylu-istifa-etti\/#article","isPartOf":{"@id":"https:\/\/avrupapress.com\/2020\/04\/12\/turkiyede-icisleri-bakani-suleyman-soylu-istifa-etti\/"},"author":{"name":"Edit\u00f6r","@id":"https:\/\/avrupapress.com\/#\/schema\/person\/68428444ec60970d1e1b700cf4ca1e8f"},"headline":"T\u00fcrkiye&rsquo;de \u0130\u00e7i\u015fleri Bakan\u0131 S\u00fcleyman Soylu istifa etti","datePublished":"2020-04-12T18:46:17+00:00","dateModified":"2020-04-12T18:46:18+00:00","mainEntityOfPage":{"@id":"https:\/\/avrupapress.com\/2020\/04\/12\/turkiyede-icisleri-bakani-suleyman-soylu-istifa-etti\/"},"wordCount":355,"publisher":{"@id":"https:\/\/avrupapress.com\/#\/schema\/person\/0223dca19c72c43575bf30d1a2d8f4fa"},"image":{"@id":"https:\/\/avrupapress.com\/2020\/04\/12\/turkiyede-icisleri-bakani-suleyman-soylu-istifa-etti\/#primaryimage"},"thumbnailUrl":"https:\/\/avrupapress.com\/main\/wp-content\/uploads\/2020\/04\/son-dakika-icisleri-bakani-suleyman-soylu-istifa-13116375_8910_o.jpg","articleSection":["Avrupa","Bel\u00e7ika","D\u00fcnya","Ekonomi","K\u00fclt\u00fcr-Sanat","Spor","Tan\u0131t\u0131m","T\u00fcrkiye","Uncategorized"],"inLanguage":"fr-BE"},{"@type":"WebPage","@id":"https:\/\/avrupapress.com\/2020\/04\/12\/turkiyede-icisleri-bakani-suleyman-soylu-istifa-etti\/","url":"https:\/\/avrupapress.com\/2020\/04\/12\/turkiyede-icisleri-bakani-suleyman-soylu-istifa-etti\/","name":"T\u00fcrkiye'de \u0130\u00e7i\u015fleri Bakan\u0131 S\u00fcleyman Soylu istifa etti - AvrupaPress","isPartOf":{"@id":"https:\/\/avrupapress.com\/#website"},"primaryImageOfPage":{"@id":"https:\/\/avrupapress.com\/2020\/04\/12\/turkiyede-icisleri-bakani-suleyman-soylu-istifa-etti\/#primaryimage"},"image":{"@id":"https:\/\/avrupapress.com\/2020\/04\/12\/turkiyede-icisleri-bakani-suleyman-soylu-istifa-etti\/#primaryimage"},"thumbnailUrl":"https:\/\/avrupapress.com\/main\/wp-content\/uploads\/2020\/04\/son-dakika-icisleri-bakani-suleyman-soylu-istifa-13116375_8910_o.jpg","datePublished":"2020-04-12T18:46:17+00:00","dateModified":"2020-04-12T18:46:18+00:00","breadcrumb":{"@id":"https:\/\/avrupapress.com\/2020\/04\/12\/turkiyede-icisleri-bakani-suleyman-soylu-istifa-etti\/#breadcrumb"},"inLanguage":"fr-BE","potentialAction":[{"@type":"ReadAction","target":["https:\/\/avrupapress.com\/2020\/04\/12\/turkiyede-icisleri-bakani-suleyman-soylu-istifa-etti\/"]}]},{"@type":"ImageObject","inLanguage":"fr-BE","@id":"https:\/\/avrupapress.com\/2020\/04\/12\/turkiyede-icisleri-bakani-suleyman-soylu-istifa-etti\/#primaryimage","url":"https:\/\/avrupapress.com\/main\/wp-content\/uploads\/2020\/04\/son-dakika-icisleri-bakani-suleyman-soylu-istifa-13116375_8910_o.jpg","contentUrl":"https:\/\/avrupapress.com\/main\/wp-content\/uploads\/2020\/04\/son-dakika-icisleri-bakani-suleyman-soylu-istifa-13116375_8910_o.jpg","width":640,"height":361},{"@type":"BreadcrumbList","@id":"https:\/\/avrupapress.com\/2020\/04\/12\/turkiyede-icisleri-bakani-suleyman-soylu-istifa-etti\/#breadcrumb","itemListElement":[{"@type":"ListItem","position":1,"name":"Anasayfa","item":"https:\/\/avrupapress.com\/"},{"@type":"ListItem","position":2,"name":"T\u00fcrkiye&#8217;de \u0130\u00e7i\u015fleri Bakan\u0131 S\u00fcleyman Soylu istifa etti"}]},{"@type":"WebSite","@id":"https:\/\/avrupapress.com\/#website","url":"https:\/\/avrupapress.com\/","name":"AvrupaPress","description":"Haberin Adresi","publisher":{"@id":"https:\/\/avrupapress.com\/#\/schema\/person\/0223dca19c72c43575bf30d1a2d8f4fa"},"potentialAction":[{"@type":"SearchAction","target":{"@type":"EntryPoint","urlTemplate":"https:\/\/avrupapress.com\/?s={search_term_string}"},"query-input":{"@type":"PropertyValueSpecification","valueRequired":true,"valueName":"search_term_string"}}],"inLanguage":"fr-BE"},{"@type":["Person","Organization"],"@id":"https:\/\/avrupapress.com\/#\/schema\/person\/0223dca19c72c43575bf30d1a2d8f4fa","name":"Bilgin \u00d6z\u00e7ift\u00e7i","image":{"@type":"ImageObject","inLanguage":"fr-BE","@id":"https:\/\/avrupapress.com\/#\/schema\/person\/image\/","url":"https:\/\/secure.gravatar.com\/avatar\/0f23b280433a21e1ea7a0adcc46ed0ad16afe3ad8e630fd13d8a017dcbd54ef3?s=96&d=mm&r=g","contentUrl":"https:\/\/secure.gravatar.com\/avatar\/0f23b280433a21e1ea7a0adcc46ed0ad16afe3ad8e630fd13d8a017dcbd54ef3?s=96&d=mm&r=g","caption":"Bilgin \u00d6z\u00e7ift\u00e7i"},"logo":{"@id":"https:\/\/avrupapress.com\/#\/schema\/person\/image\/"},"description":"Ne ben, nede sen... Biz ancak \"biz\" olursak g\u00fc\u00e7l\u00fc olabiliriz"},{"@type":"Person","@id":"https:\/\/avrupapress.com\/#\/schema\/person\/68428444ec60970d1e1b700cf4ca1e8f","name":"Edit\u00f6r","image":{"@type":"ImageObject","inLanguage":"fr-BE","@id":"https:\/\/avrupapress.com\/#\/schema\/person\/image\/","url":"https:\/\/secure.gravatar.com\/avatar\/74996b0977aa5f1559ba9883776652508b229005c0d78fb2597897f0bd651c09?s=96&d=mm&r=g","contentUrl":"https:\/\/secure.gravatar.com\/avatar\/74996b0977aa5f1559ba9883776652508b229005c0d78fb2597897f0bd651c09?s=96&d=mm&r=g","caption":"Edit\u00f6r"},"sameAs":["http:\/\/www.avrupapress.com"],"url":"https:\/\/avrupapress.com\/main\/author\/editor\/"}]}},"_links":{"self":[{"href":"https:\/\/avrupapress.com\/main\/wp-json\/wp\/v2\/posts\/11227","targetHints":{"allow":["GET"]}}],"collection":[{"href":"https:\/\/avrupapress.com\/main\/wp-json\/wp\/v2\/posts"}],"about":[{"href":"https:\/\/avrupapress.com\/main\/wp-json\/wp\/v2\/types\/post"}],"author":[{"embeddable":true,"href":"https:\/\/avrupapress.com\/main\/wp-json\/wp\/v2\/users\/3"}],"replies":[{"embeddable":true,"href":"https:\/\/avrupapress.com\/main\/wp-json\/wp\/v2\/comments?post=11227"}],"version-history":[{"count":1,"href":"https:\/\/avrupapress.com\/main\/wp-json\/wp\/v2\/posts\/11227\/revisions"}],"predecessor-version":[{"id":11229,"href":"https:\/\/avrupapress.com\/main\/wp-json\/wp\/v2\/posts\/11227\/revisions\/11229"}],"wp:featuredmedia":[{"embeddable":true,"href":"https:\/\/avrupapress.com\/main\/wp-json\/wp\/v2\/media\/11228"}],"wp:attachment":[{"href":"https:\/\/avrupapress.com\/main\/wp-json\/wp\/v2\/media?parent=11227"}],"wp:term":[{"taxonomy":"category","embeddable":true,"href":"https:\/\/avrupapress.com\/main\/wp-json\/wp\/v2\/categories?post=11227"},{"taxonomy":"post_tag","embeddable":true,"href":"https:\/\/avrupapress.com\/main\/wp-json\/wp\/v2\/tags?post=11227"}],"curies":[{"name":"wp","href":"https:\/\/api.w.org\/{rel}","templated":true}]}}