{"id":11223,"date":"2020-04-12T13:32:51","date_gmt":"2020-04-12T13:32:51","guid":{"rendered":"http:\/\/avrupapress.com\/main\/?p=11223"},"modified":"2020-04-12T13:32:53","modified_gmt":"2020-04-12T13:32:53","slug":"ingilizlerden-iddia-wuhandaki-deneyler-cin-abd-ortakligiyla-yapildi","status":"publish","type":"post","link":"https:\/\/avrupapress.com\/main\/2020\/04\/12\/ingilizlerden-iddia-wuhandaki-deneyler-cin-abd-ortakligiyla-yapildi\/","title":{"rendered":"\u0130ngilizlerden iddia: Wuhan&rsquo;daki deneyler \u00c7in ABD ortakl\u0131\u011f\u0131yla yap\u0131ld\u0131!"},"content":{"rendered":"\n<p><strong>Koronavir\u00fcs t\u00fcm d\u00fcnyay\u0131 etkisi alt\u0131na al\u0131rken, salg\u0131n\u0131n ba\u015flang\u0131\u00e7 yeri olan \u00c7in&rsquo;in Wuhan kentine ili\u015fkin yeni iddialar ortaya at\u0131l\u0131yor. Hastal\u0131\u011f\u0131n \u00e7\u0131kt\u0131\u011f\u0131 yer oldu\u011fu kuvvetli delillerle iddia edilen Wuhan Viroloji Enstit\u00fcs\u00fc&rsquo;nde, ABD Ulusal Sa\u011fl\u0131k Enstit\u00fcleri taraf\u0131ndan finanse edilen deneyler yap\u0131ld\u0131\u011f\u0131 ortaya \u00e7\u0131kt\u0131.<\/strong><\/p>\n\n\n\n<p>D\u00fcnyaKoronvir\u00fcs salg\u0131n\u0131yla pen\u00e7ele\u015fiyor. \u00d6l\u00fc say\u0131lar\u0131 global \u00f6l\u00e7ekte artarken, pozitif vakalar her ge\u00e7en g\u00fcn y\u00fckseli\u015fini s\u00fcrd\u00fcr\u00fcyor. Hastal\u0131\u011f\u0131n tedavisi i\u00e7in y\u00fcr\u00fct\u00fclen\u00e7al\u0131\u015fmalar devam ederken, salg\u0131n\u0131n \u00e7\u0131k\u0131\u015f ve yay\u0131l\u0131m\u0131na ili\u015fkin iddialar da \u00e7o\u011fal\u0131yor.<\/p>\n\n\n\n<p>\u0130ngiliz Daily Mail, hastal\u0131\u011f\u0131n merkezi olan Wuhan&rsquo;da bulunan VirolojiEnstit\u00fcs\u00fcne ili\u015fkin \u00e7ok konu\u015fulacak bir iddia ortaya att\u0131. D\u00fc\u015fmanca tutumlarla birbirine ekonomik sald\u0131r\u0131lar yapan \u00c7in veABD&rsquo;nin\u00a0Wuhan Viroloji Enstit\u00fcs\u00fc&rsquo;nde, ortak deneyler yap\u0131ld\u0131\u011f\u0131 ortaya \u00e7\u0131kt\u0131.\u00a0<\/p>\n\n\n\n<figure class=\"wp-block-image\"><img decoding=\"async\" src=\"https:\/\/i1.haber7.net\/\/haber\/haber7\/photos\/2020\/15\/QAc6S_1586692528_7591.jpg\" alt=\"\"\/><\/figure>\n\n\n\n<h3 class=\"wp-block-heading\">ABD&rsquo;DEN 3,7 M\u0130LYON DOLAR<\/h3>\n\n\n\n<p>ABD H\u00fck\u00fcmetine ba\u011fl\u0131&nbsp;Ulusal Sa\u011fl\u0131k Enstit\u00fcleri, Wuhan&rsquo;da bulunan ve ileri derecede biyolojik deneyler yapan tesise 3,7 milyon dolar ba\u011f\u0131\u015f yapt\u0131\u011f\u0131 ortaya \u00e7\u0131kt\u0131.<\/p>\n\n\n\n<p>ABD&rsquo;den yap\u0131lan yard\u0131mlarla deney yapmas\u0131 i\u00e7in yetkilendirilen Wuhan laboratuvar\u0131n\u0131n, bir proje kapsam\u0131nda yarasalar \u00fczerinde deney yapt\u0131\u011f\u0131 \u00f6\u011frenildi. ABD ile \u00c7in&rsquo;in ortak deneylerine ili\u015fkin iddiay\u0131 Daily Mail g\u00fcndeme getirdi.<\/p>\n\n\n\n<figure class=\"wp-block-image\"><img decoding=\"async\" src=\"https:\/\/i1.haber7.net\/\/haber\/haber7\/photos\/2020\/15\/AbGT1_1586692705_0246.jpg\" alt=\"\"\/><\/figure>\n\n\n\n<h3 class=\"wp-block-heading\">MA\u011eARADAK\u0130 YARASALAR<\/h3>\n\n\n\n<p>ABD, \u00c7in ortakl\u0131\u011f\u0131 konusu bir tarafa,haberde yer alan di\u011fer detay da vir\u00fcs\u00fcn gen diziliminin, Yunan ma\u011faralar\u0131nda bulunan yarasalar\u0131nki ile benerlik g\u00f6sterdi\u011fi olmas\u0131 oldu. Kesin olarak hastal\u0131\u011f\u0131n kayna\u011f\u0131n\u0131 tespit etmeye \u00e7al\u0131\u015f\u0131l\u0131rken, Wuhan Laboratuvar\u0131&rsquo;n\u0131n, bin 600 kilometre mesafede bulunan Yunnan ma\u011faralar\u0131ndaki memeleriden vir\u00fcs\u00fc ta\u015f\u0131d\u0131\u011f\u0131 belirtildi.<\/p>\n\n\n\n<figure class=\"wp-block-image\"><img decoding=\"async\" src=\"https:\/\/i1.haber7.net\/\/haber\/haber7\/photos\/2020\/15\/VZLr0_1586692745_6039.jpeg\" alt=\"\"\/><\/figure>\n\n\n\n<h3 class=\"wp-block-heading\">LABORATUVARDAN YAYILDI<\/h3>\n\n\n\n<p>\u00c7in y\u00f6netimi daha \u00f6nce hastal\u0131\u011f\u0131n bu laboratuvardan yay\u0131ld\u0131\u011f\u0131n\u0131 kabul etmese de, bu yeni bulgular bu iddiay\u0131 do\u011frular nitelikte.&nbsp;Do\u011frulanmam\u0131\u015f bir iddiaya g\u00f6re, enstit\u00fcdeki bilim adamlar\u0131 vir\u00fcs\u00fc i\u00e7eren kan\u0131n yanl\u0131\u015fl\u0131kla havaya p\u00fcsk\u00fcrt\u00fclmesinden sonra enfekte olmu\u015f ve daha sonra yerel halka bula\u015ft\u0131rm\u0131\u015f olabilece\u011fi belirtiliyor.<\/p>\n\n\n\n<figure class=\"wp-block-image\"><img decoding=\"async\" src=\"https:\/\/i1.haber7.net\/\/haber\/haber7\/photos\/2020\/15\/LZXVC_1586694457_8365.jpeg\" alt=\"\"\/><\/figure>\n\n\n\n<p>Enstit\u00fc direkt\u00f6r\u00fc Shi Zhengli, \u015fubat ay\u0131nda yapt\u0131\u011f\u0131 a\u00e7\u0131klamada ortaya at\u0131lan teorileri kesin bir dille reddetmi\u015f, ancak son yapt\u0131\u011f\u0131 a\u00e7\u0131klamada&nbsp;Kovid-19-19 vir\u00fcs\u00fcn\u00fcn yarasalar\u0131n gen dizilimi ile benzerlik g\u00f6stermesini<em><strong>&nbsp;\u00ab\u00a0\u015fa\u015f\u0131rt\u0131c\u0131\u00a0\u00bb&nbsp;<\/strong><\/em>buldu\u011funu ifade etmi\u015fti.<\/p>\n\n\n\n<figure class=\"wp-block-image\"><img decoding=\"async\" src=\"https:\/\/i1.haber7.net\/\/haber\/haber7\/photos\/2020\/15\/HF9n8_1586692797_49.jpeg\" alt=\"\"\/><\/figure>\n\n\n\n<h3 class=\"wp-block-heading\">KOV\u0130D-19 KEND\u0130N\u0130 YARASALARDA YILLARCA GEL\u0130\u015eT\u0130RD\u0130<\/h3>\n\n\n\n<p>Bilim insanlar\u0131, Kovid-19\u2019un vir\u00fcslere kar\u015f\u0131 g\u00fc\u00e7l\u00fc ba\u011f\u0131\u015f\u0131kl\u0131k sistemi olan yarasalardan kaynakland\u0131\u011f\u0131n\u0131 tespit etti. Yarasalar\u0131n g\u00fc\u00e7l\u00fc ba\u011f\u0131\u015f\u0131kl\u0131k sistemini yenmek isteyen vir\u00fcs h\u0131zl\u0131ca kendini kopyalamaya ba\u015flad\u0131. Sonu\u00e7 olarak yarasalar, h\u0131zla \u00e7o\u011falan ve y\u00fcksek derecede bula\u015f\u0131c\u0131 vir\u00fcs yuvalar\u0131na d\u00f6n\u00fc\u015ft\u00fc. Yarasalarda kendini y\u0131llarca g\u00fc\u00e7lendiren vir\u00fcs, d\u00fc\u015f\u00fck ba\u011f\u0131\u015f\u0131kl\u0131k sistemine sahip memelilere bula\u015fmas\u0131yla \u00f6l\u00fcmc\u00fcl hale geldi.<\/p>\n\n\n\n<figure class=\"wp-block-image\"><img decoding=\"async\" src=\"https:\/\/i1.haber7.net\/\/haber\/haber7\/photos\/2020\/15\/vOLdx_1586694428_6795.jpg\" alt=\"\"\/><\/figure>\n\n\n\n<h3 class=\"wp-block-heading\">&nbsp;EN B\u00dcY\u00dcK S\u0130LAHI G\u00dcNLERCE BEL\u0130RT\u0130 G\u00d6STERMEMES\u0130<\/h3>\n\n\n\n<p>SARS vir\u00fcs\u00fc ilk \u00e7\u0131kt\u0131\u011f\u0131 zaman h\u0131zl\u0131 belirti g\u00f6steriyordu ve doktorlar hastay\u0131 hemen tespit ederek karantinaya al\u0131yordu. B\u00f6ylelikle SARS vir\u00fcs\u00fc fazla yay\u0131lamad\u0131. Kovid-19 vir\u00fcs\u00fc, ilk bula\u015ft\u0131\u011f\u0131 zaman d\u00fc\u015f\u00fck belirtiler g\u00f6steriyor, bu \u00f6zelli\u011finden dolay\u0131 h\u0131zl\u0131ca yay\u0131l\u0131p salg\u0131na d\u00f6n\u00fc\u015ft\u00fc. Bir\u00e7ok insan vir\u00fcs\u00fc kapt\u0131\u011f\u0131n\u0131 bile anlamdan g\u00fcnlerce normal hayat\u0131n\u0131 devam ettirdi ve daha \u00e7ok insana bula\u015ft\u0131rd\u0131.<\/p>\n\n\n\n<p><\/p>\n","protected":false},"excerpt":{"rendered":"<p>Koronavir\u00fcs t\u00fcm d\u00fcnyay\u0131 etkisi alt\u0131na al\u0131rken, salg\u0131n\u0131n ba\u015flang\u0131\u00e7 yeri olan \u00c7in&rsquo;in Wuhan kentine ili\u015fkin yeni iddialar ortaya at\u0131l\u0131yor. Hastal\u0131\u011f\u0131n \u00e7\u0131kt\u0131\u011f\u0131 yer oldu\u011fu kuvvetli delillerle iddia edilen Wuhan Viroloji Enstit\u00fcs\u00fc&rsquo;nde, ABD Ulusal Sa\u011fl\u0131k Enstit\u00fcleri taraf\u0131ndan finanse edilen deneyler yap\u0131ld\u0131\u011f\u0131 ortaya \u00e7\u0131kt\u0131. D\u00fcnyaKoronvir\u00fcs salg\u0131n\u0131yla pen\u00e7ele\u015fiyor. \u00d6l\u00fc say\u0131lar\u0131 global \u00f6l\u00e7ekte artarken, pozitif vakalar her ge\u00e7en g\u00fcn y\u00fckseli\u015fini s\u00fcrd\u00fcr\u00fcyor. [&hellip;]<\/p>\n","protected":false},"author":3,"featured_media":11224,"comment_status":"closed","ping_status":"open","sticky":false,"template":"","format":"standard","meta":{"footnotes":""},"categories":[14,16,3,19,2,1],"tags":[],"class_list":["post-11223","post","type-post","status-publish","format-standard","has-post-thumbnail","hentry","category-avrupa","category-belcika","category-dunya","category-tanitim","category-turkiye","category-uncategorized"],"yoast_head":"<!-- This site is optimized with the Yoast SEO plugin v26.9 - https:\/\/yoast.com\/product\/yoast-seo-wordpress\/ -->\n<title>\u0130ngilizlerden iddia: Wuhan&#039;daki deneyler \u00c7in ABD ortakl\u0131\u011f\u0131yla yap\u0131ld\u0131! - AvrupaPress<\/title>\n<meta name=\"robots\" content=\"index, follow, max-snippet:-1, max-image-preview:large, max-video-preview:-1\" \/>\n<link rel=\"canonical\" href=\"https:\/\/avrupapress.com\/2020\/04\/12\/ingilizlerden-iddia-wuhandaki-deneyler-cin-abd-ortakligiyla-yapildi\/\" \/>\n<meta property=\"og:locale\" content=\"fr_FR\" \/>\n<meta property=\"og:type\" content=\"article\" \/>\n<meta property=\"og:title\" content=\"\u0130ngilizlerden iddia: Wuhan&#039;daki deneyler \u00c7in ABD ortakl\u0131\u011f\u0131yla yap\u0131ld\u0131! - AvrupaPress\" \/>\n<meta property=\"og:description\" content=\"Koronavir\u00fcs t\u00fcm d\u00fcnyay\u0131 etkisi alt\u0131na al\u0131rken, salg\u0131n\u0131n ba\u015flang\u0131\u00e7 yeri olan \u00c7in&rsquo;in Wuhan kentine ili\u015fkin yeni iddialar ortaya at\u0131l\u0131yor. Hastal\u0131\u011f\u0131n \u00e7\u0131kt\u0131\u011f\u0131 yer oldu\u011fu kuvvetli delillerle iddia edilen Wuhan Viroloji Enstit\u00fcs\u00fc&rsquo;nde, ABD Ulusal Sa\u011fl\u0131k Enstit\u00fcleri taraf\u0131ndan finanse edilen deneyler yap\u0131ld\u0131\u011f\u0131 ortaya \u00e7\u0131kt\u0131. D\u00fcnyaKoronvir\u00fcs salg\u0131n\u0131yla pen\u00e7ele\u015fiyor. \u00d6l\u00fc say\u0131lar\u0131 global \u00f6l\u00e7ekte artarken, pozitif vakalar her ge\u00e7en g\u00fcn y\u00fckseli\u015fini s\u00fcrd\u00fcr\u00fcyor. [&hellip;]\" \/>\n<meta property=\"og:url\" content=\"https:\/\/avrupapress.com\/2020\/04\/12\/ingilizlerden-iddia-wuhandaki-deneyler-cin-abd-ortakligiyla-yapildi\/\" \/>\n<meta property=\"og:site_name\" content=\"AvrupaPress\" \/>\n<meta property=\"article:published_time\" content=\"2020-04-12T13:32:51+00:00\" \/>\n<meta property=\"article:modified_time\" content=\"2020-04-12T13:32:53+00:00\" \/>\n<meta property=\"og:image\" content=\"https:\/\/avrupapress.com\/wp-content\/uploads\/2020\/04\/93036605_148360920011811_7850491586138865664_n.jpg\" \/>\n\t<meta property=\"og:image:width\" content=\"620\" \/>\n\t<meta property=\"og:image:height\" content=\"360\" \/>\n\t<meta property=\"og:image:type\" content=\"image\/jpeg\" \/>\n<meta name=\"author\" content=\"Edit\u00f6r\" \/>\n<meta name=\"twitter:card\" content=\"summary_large_image\" \/>\n<meta name=\"twitter:label1\" content=\"\u00c9crit par\" \/>\n\t<meta name=\"twitter:data1\" content=\"Edit\u00f6r\" \/>\n\t<meta name=\"twitter:label2\" content=\"Dur\u00e9e de lecture est.\" \/>\n\t<meta name=\"twitter:data2\" content=\"3 minutes\" \/>\n<script type=\"application\/ld+json\" class=\"yoast-schema-graph\">{\"@context\":\"https:\/\/schema.org\",\"@graph\":[{\"@type\":\"Article\",\"@id\":\"https:\/\/avrupapress.com\/2020\/04\/12\/ingilizlerden-iddia-wuhandaki-deneyler-cin-abd-ortakligiyla-yapildi\/#article\",\"isPartOf\":{\"@id\":\"https:\/\/avrupapress.com\/2020\/04\/12\/ingilizlerden-iddia-wuhandaki-deneyler-cin-abd-ortakligiyla-yapildi\/\"},\"author\":{\"name\":\"Edit\u00f6r\",\"@id\":\"https:\/\/avrupapress.com\/#\/schema\/person\/68428444ec60970d1e1b700cf4ca1e8f\"},\"headline\":\"\u0130ngilizlerden iddia: Wuhan&rsquo;daki deneyler \u00c7in ABD ortakl\u0131\u011f\u0131yla yap\u0131ld\u0131!\",\"datePublished\":\"2020-04-12T13:32:51+00:00\",\"dateModified\":\"2020-04-12T13:32:53+00:00\",\"mainEntityOfPage\":{\"@id\":\"https:\/\/avrupapress.com\/2020\/04\/12\/ingilizlerden-iddia-wuhandaki-deneyler-cin-abd-ortakligiyla-yapildi\/\"},\"wordCount\":599,\"publisher\":{\"@id\":\"https:\/\/avrupapress.com\/#\/schema\/person\/0223dca19c72c43575bf30d1a2d8f4fa\"},\"image\":{\"@id\":\"https:\/\/avrupapress.com\/2020\/04\/12\/ingilizlerden-iddia-wuhandaki-deneyler-cin-abd-ortakligiyla-yapildi\/#primaryimage\"},\"thumbnailUrl\":\"https:\/\/avrupapress.com\/main\/wp-content\/uploads\/2020\/04\/93036605_148360920011811_7850491586138865664_n.jpg\",\"articleSection\":[\"Avrupa\",\"Bel\u00e7ika\",\"D\u00fcnya\",\"Tan\u0131t\u0131m\",\"T\u00fcrkiye\",\"Uncategorized\"],\"inLanguage\":\"fr-BE\"},{\"@type\":\"WebPage\",\"@id\":\"https:\/\/avrupapress.com\/2020\/04\/12\/ingilizlerden-iddia-wuhandaki-deneyler-cin-abd-ortakligiyla-yapildi\/\",\"url\":\"https:\/\/avrupapress.com\/2020\/04\/12\/ingilizlerden-iddia-wuhandaki-deneyler-cin-abd-ortakligiyla-yapildi\/\",\"name\":\"\u0130ngilizlerden iddia: Wuhan'daki deneyler \u00c7in ABD ortakl\u0131\u011f\u0131yla yap\u0131ld\u0131! - AvrupaPress\",\"isPartOf\":{\"@id\":\"https:\/\/avrupapress.com\/#website\"},\"primaryImageOfPage\":{\"@id\":\"https:\/\/avrupapress.com\/2020\/04\/12\/ingilizlerden-iddia-wuhandaki-deneyler-cin-abd-ortakligiyla-yapildi\/#primaryimage\"},\"image\":{\"@id\":\"https:\/\/avrupapress.com\/2020\/04\/12\/ingilizlerden-iddia-wuhandaki-deneyler-cin-abd-ortakligiyla-yapildi\/#primaryimage\"},\"thumbnailUrl\":\"https:\/\/avrupapress.com\/main\/wp-content\/uploads\/2020\/04\/93036605_148360920011811_7850491586138865664_n.jpg\",\"datePublished\":\"2020-04-12T13:32:51+00:00\",\"dateModified\":\"2020-04-12T13:32:53+00:00\",\"breadcrumb\":{\"@id\":\"https:\/\/avrupapress.com\/2020\/04\/12\/ingilizlerden-iddia-wuhandaki-deneyler-cin-abd-ortakligiyla-yapildi\/#breadcrumb\"},\"inLanguage\":\"fr-BE\",\"potentialAction\":[{\"@type\":\"ReadAction\",\"target\":[\"https:\/\/avrupapress.com\/2020\/04\/12\/ingilizlerden-iddia-wuhandaki-deneyler-cin-abd-ortakligiyla-yapildi\/\"]}]},{\"@type\":\"ImageObject\",\"inLanguage\":\"fr-BE\",\"@id\":\"https:\/\/avrupapress.com\/2020\/04\/12\/ingilizlerden-iddia-wuhandaki-deneyler-cin-abd-ortakligiyla-yapildi\/#primaryimage\",\"url\":\"https:\/\/avrupapress.com\/main\/wp-content\/uploads\/2020\/04\/93036605_148360920011811_7850491586138865664_n.jpg\",\"contentUrl\":\"https:\/\/avrupapress.com\/main\/wp-content\/uploads\/2020\/04\/93036605_148360920011811_7850491586138865664_n.jpg\",\"width\":620,\"height\":360},{\"@type\":\"BreadcrumbList\",\"@id\":\"https:\/\/avrupapress.com\/2020\/04\/12\/ingilizlerden-iddia-wuhandaki-deneyler-cin-abd-ortakligiyla-yapildi\/#breadcrumb\",\"itemListElement\":[{\"@type\":\"ListItem\",\"position\":1,\"name\":\"Anasayfa\",\"item\":\"https:\/\/avrupapress.com\/\"},{\"@type\":\"ListItem\",\"position\":2,\"name\":\"\u0130ngilizlerden iddia: Wuhan&#8217;daki deneyler \u00c7in ABD ortakl\u0131\u011f\u0131yla yap\u0131ld\u0131!\"}]},{\"@type\":\"WebSite\",\"@id\":\"https:\/\/avrupapress.com\/#website\",\"url\":\"https:\/\/avrupapress.com\/\",\"name\":\"AvrupaPress\",\"description\":\"Haberin Adresi\",\"publisher\":{\"@id\":\"https:\/\/avrupapress.com\/#\/schema\/person\/0223dca19c72c43575bf30d1a2d8f4fa\"},\"potentialAction\":[{\"@type\":\"SearchAction\",\"target\":{\"@type\":\"EntryPoint\",\"urlTemplate\":\"https:\/\/avrupapress.com\/?s={search_term_string}\"},\"query-input\":{\"@type\":\"PropertyValueSpecification\",\"valueRequired\":true,\"valueName\":\"search_term_string\"}}],\"inLanguage\":\"fr-BE\"},{\"@type\":[\"Person\",\"Organization\"],\"@id\":\"https:\/\/avrupapress.com\/#\/schema\/person\/0223dca19c72c43575bf30d1a2d8f4fa\",\"name\":\"Bilgin \u00d6z\u00e7ift\u00e7i\",\"image\":{\"@type\":\"ImageObject\",\"inLanguage\":\"fr-BE\",\"@id\":\"https:\/\/avrupapress.com\/#\/schema\/person\/image\/\",\"url\":\"https:\/\/secure.gravatar.com\/avatar\/0f23b280433a21e1ea7a0adcc46ed0ad16afe3ad8e630fd13d8a017dcbd54ef3?s=96&d=mm&r=g\",\"contentUrl\":\"https:\/\/secure.gravatar.com\/avatar\/0f23b280433a21e1ea7a0adcc46ed0ad16afe3ad8e630fd13d8a017dcbd54ef3?s=96&d=mm&r=g\",\"caption\":\"Bilgin \u00d6z\u00e7ift\u00e7i\"},\"logo\":{\"@id\":\"https:\/\/avrupapress.com\/#\/schema\/person\/image\/\"},\"description\":\"Ne ben, nede sen... Biz ancak \\\"biz\\\" olursak g\u00fc\u00e7l\u00fc olabiliriz\"},{\"@type\":\"Person\",\"@id\":\"https:\/\/avrupapress.com\/#\/schema\/person\/68428444ec60970d1e1b700cf4ca1e8f\",\"name\":\"Edit\u00f6r\",\"image\":{\"@type\":\"ImageObject\",\"inLanguage\":\"fr-BE\",\"@id\":\"https:\/\/avrupapress.com\/#\/schema\/person\/image\/\",\"url\":\"https:\/\/secure.gravatar.com\/avatar\/74996b0977aa5f1559ba9883776652508b229005c0d78fb2597897f0bd651c09?s=96&d=mm&r=g\",\"contentUrl\":\"https:\/\/secure.gravatar.com\/avatar\/74996b0977aa5f1559ba9883776652508b229005c0d78fb2597897f0bd651c09?s=96&d=mm&r=g\",\"caption\":\"Edit\u00f6r\"},\"sameAs\":[\"http:\/\/www.avrupapress.com\"],\"url\":\"https:\/\/avrupapress.com\/main\/author\/editor\/\"}]}<\/script>\n<!-- \/ Yoast SEO plugin. -->","yoast_head_json":{"title":"\u0130ngilizlerden iddia: Wuhan'daki deneyler \u00c7in ABD ortakl\u0131\u011f\u0131yla yap\u0131ld\u0131! - AvrupaPress","robots":{"index":"index","follow":"follow","max-snippet":"max-snippet:-1","max-image-preview":"max-image-preview:large","max-video-preview":"max-video-preview:-1"},"canonical":"https:\/\/avrupapress.com\/2020\/04\/12\/ingilizlerden-iddia-wuhandaki-deneyler-cin-abd-ortakligiyla-yapildi\/","og_locale":"fr_FR","og_type":"article","og_title":"\u0130ngilizlerden iddia: Wuhan'daki deneyler \u00c7in ABD ortakl\u0131\u011f\u0131yla yap\u0131ld\u0131! - AvrupaPress","og_description":"Koronavir\u00fcs t\u00fcm d\u00fcnyay\u0131 etkisi alt\u0131na al\u0131rken, salg\u0131n\u0131n ba\u015flang\u0131\u00e7 yeri olan \u00c7in&rsquo;in Wuhan kentine ili\u015fkin yeni iddialar ortaya at\u0131l\u0131yor. Hastal\u0131\u011f\u0131n \u00e7\u0131kt\u0131\u011f\u0131 yer oldu\u011fu kuvvetli delillerle iddia edilen Wuhan Viroloji Enstit\u00fcs\u00fc&rsquo;nde, ABD Ulusal Sa\u011fl\u0131k Enstit\u00fcleri taraf\u0131ndan finanse edilen deneyler yap\u0131ld\u0131\u011f\u0131 ortaya \u00e7\u0131kt\u0131. D\u00fcnyaKoronvir\u00fcs salg\u0131n\u0131yla pen\u00e7ele\u015fiyor. \u00d6l\u00fc say\u0131lar\u0131 global \u00f6l\u00e7ekte artarken, pozitif vakalar her ge\u00e7en g\u00fcn y\u00fckseli\u015fini s\u00fcrd\u00fcr\u00fcyor. [&hellip;]","og_url":"https:\/\/avrupapress.com\/2020\/04\/12\/ingilizlerden-iddia-wuhandaki-deneyler-cin-abd-ortakligiyla-yapildi\/","og_site_name":"AvrupaPress","article_published_time":"2020-04-12T13:32:51+00:00","article_modified_time":"2020-04-12T13:32:53+00:00","og_image":[{"width":620,"height":360,"url":"https:\/\/avrupapress.com\/wp-content\/uploads\/2020\/04\/93036605_148360920011811_7850491586138865664_n.jpg","type":"image\/jpeg"}],"author":"Edit\u00f6r","twitter_card":"summary_large_image","twitter_misc":{"\u00c9crit par":"Edit\u00f6r","Dur\u00e9e de lecture est.":"3 minutes"},"schema":{"@context":"https:\/\/schema.org","@graph":[{"@type":"Article","@id":"https:\/\/avrupapress.com\/2020\/04\/12\/ingilizlerden-iddia-wuhandaki-deneyler-cin-abd-ortakligiyla-yapildi\/#article","isPartOf":{"@id":"https:\/\/avrupapress.com\/2020\/04\/12\/ingilizlerden-iddia-wuhandaki-deneyler-cin-abd-ortakligiyla-yapildi\/"},"author":{"name":"Edit\u00f6r","@id":"https:\/\/avrupapress.com\/#\/schema\/person\/68428444ec60970d1e1b700cf4ca1e8f"},"headline":"\u0130ngilizlerden iddia: Wuhan&rsquo;daki deneyler \u00c7in ABD ortakl\u0131\u011f\u0131yla yap\u0131ld\u0131!","datePublished":"2020-04-12T13:32:51+00:00","dateModified":"2020-04-12T13:32:53+00:00","mainEntityOfPage":{"@id":"https:\/\/avrupapress.com\/2020\/04\/12\/ingilizlerden-iddia-wuhandaki-deneyler-cin-abd-ortakligiyla-yapildi\/"},"wordCount":599,"publisher":{"@id":"https:\/\/avrupapress.com\/#\/schema\/person\/0223dca19c72c43575bf30d1a2d8f4fa"},"image":{"@id":"https:\/\/avrupapress.com\/2020\/04\/12\/ingilizlerden-iddia-wuhandaki-deneyler-cin-abd-ortakligiyla-yapildi\/#primaryimage"},"thumbnailUrl":"https:\/\/avrupapress.com\/main\/wp-content\/uploads\/2020\/04\/93036605_148360920011811_7850491586138865664_n.jpg","articleSection":["Avrupa","Bel\u00e7ika","D\u00fcnya","Tan\u0131t\u0131m","T\u00fcrkiye","Uncategorized"],"inLanguage":"fr-BE"},{"@type":"WebPage","@id":"https:\/\/avrupapress.com\/2020\/04\/12\/ingilizlerden-iddia-wuhandaki-deneyler-cin-abd-ortakligiyla-yapildi\/","url":"https:\/\/avrupapress.com\/2020\/04\/12\/ingilizlerden-iddia-wuhandaki-deneyler-cin-abd-ortakligiyla-yapildi\/","name":"\u0130ngilizlerden iddia: Wuhan'daki deneyler \u00c7in ABD ortakl\u0131\u011f\u0131yla yap\u0131ld\u0131! - AvrupaPress","isPartOf":{"@id":"https:\/\/avrupapress.com\/#website"},"primaryImageOfPage":{"@id":"https:\/\/avrupapress.com\/2020\/04\/12\/ingilizlerden-iddia-wuhandaki-deneyler-cin-abd-ortakligiyla-yapildi\/#primaryimage"},"image":{"@id":"https:\/\/avrupapress.com\/2020\/04\/12\/ingilizlerden-iddia-wuhandaki-deneyler-cin-abd-ortakligiyla-yapildi\/#primaryimage"},"thumbnailUrl":"https:\/\/avrupapress.com\/main\/wp-content\/uploads\/2020\/04\/93036605_148360920011811_7850491586138865664_n.jpg","datePublished":"2020-04-12T13:32:51+00:00","dateModified":"2020-04-12T13:32:53+00:00","breadcrumb":{"@id":"https:\/\/avrupapress.com\/2020\/04\/12\/ingilizlerden-iddia-wuhandaki-deneyler-cin-abd-ortakligiyla-yapildi\/#breadcrumb"},"inLanguage":"fr-BE","potentialAction":[{"@type":"ReadAction","target":["https:\/\/avrupapress.com\/2020\/04\/12\/ingilizlerden-iddia-wuhandaki-deneyler-cin-abd-ortakligiyla-yapildi\/"]}]},{"@type":"ImageObject","inLanguage":"fr-BE","@id":"https:\/\/avrupapress.com\/2020\/04\/12\/ingilizlerden-iddia-wuhandaki-deneyler-cin-abd-ortakligiyla-yapildi\/#primaryimage","url":"https:\/\/avrupapress.com\/main\/wp-content\/uploads\/2020\/04\/93036605_148360920011811_7850491586138865664_n.jpg","contentUrl":"https:\/\/avrupapress.com\/main\/wp-content\/uploads\/2020\/04\/93036605_148360920011811_7850491586138865664_n.jpg","width":620,"height":360},{"@type":"BreadcrumbList","@id":"https:\/\/avrupapress.com\/2020\/04\/12\/ingilizlerden-iddia-wuhandaki-deneyler-cin-abd-ortakligiyla-yapildi\/#breadcrumb","itemListElement":[{"@type":"ListItem","position":1,"name":"Anasayfa","item":"https:\/\/avrupapress.com\/"},{"@type":"ListItem","position":2,"name":"\u0130ngilizlerden iddia: Wuhan&#8217;daki deneyler \u00c7in ABD ortakl\u0131\u011f\u0131yla yap\u0131ld\u0131!"}]},{"@type":"WebSite","@id":"https:\/\/avrupapress.com\/#website","url":"https:\/\/avrupapress.com\/","name":"AvrupaPress","description":"Haberin Adresi","publisher":{"@id":"https:\/\/avrupapress.com\/#\/schema\/person\/0223dca19c72c43575bf30d1a2d8f4fa"},"potentialAction":[{"@type":"SearchAction","target":{"@type":"EntryPoint","urlTemplate":"https:\/\/avrupapress.com\/?s={search_term_string}"},"query-input":{"@type":"PropertyValueSpecification","valueRequired":true,"valueName":"search_term_string"}}],"inLanguage":"fr-BE"},{"@type":["Person","Organization"],"@id":"https:\/\/avrupapress.com\/#\/schema\/person\/0223dca19c72c43575bf30d1a2d8f4fa","name":"Bilgin \u00d6z\u00e7ift\u00e7i","image":{"@type":"ImageObject","inLanguage":"fr-BE","@id":"https:\/\/avrupapress.com\/#\/schema\/person\/image\/","url":"https:\/\/secure.gravatar.com\/avatar\/0f23b280433a21e1ea7a0adcc46ed0ad16afe3ad8e630fd13d8a017dcbd54ef3?s=96&d=mm&r=g","contentUrl":"https:\/\/secure.gravatar.com\/avatar\/0f23b280433a21e1ea7a0adcc46ed0ad16afe3ad8e630fd13d8a017dcbd54ef3?s=96&d=mm&r=g","caption":"Bilgin \u00d6z\u00e7ift\u00e7i"},"logo":{"@id":"https:\/\/avrupapress.com\/#\/schema\/person\/image\/"},"description":"Ne ben, nede sen... Biz ancak \"biz\" olursak g\u00fc\u00e7l\u00fc olabiliriz"},{"@type":"Person","@id":"https:\/\/avrupapress.com\/#\/schema\/person\/68428444ec60970d1e1b700cf4ca1e8f","name":"Edit\u00f6r","image":{"@type":"ImageObject","inLanguage":"fr-BE","@id":"https:\/\/avrupapress.com\/#\/schema\/person\/image\/","url":"https:\/\/secure.gravatar.com\/avatar\/74996b0977aa5f1559ba9883776652508b229005c0d78fb2597897f0bd651c09?s=96&d=mm&r=g","contentUrl":"https:\/\/secure.gravatar.com\/avatar\/74996b0977aa5f1559ba9883776652508b229005c0d78fb2597897f0bd651c09?s=96&d=mm&r=g","caption":"Edit\u00f6r"},"sameAs":["http:\/\/www.avrupapress.com"],"url":"https:\/\/avrupapress.com\/main\/author\/editor\/"}]}},"_links":{"self":[{"href":"https:\/\/avrupapress.com\/main\/wp-json\/wp\/v2\/posts\/11223","targetHints":{"allow":["GET"]}}],"collection":[{"href":"https:\/\/avrupapress.com\/main\/wp-json\/wp\/v2\/posts"}],"about":[{"href":"https:\/\/avrupapress.com\/main\/wp-json\/wp\/v2\/types\/post"}],"author":[{"embeddable":true,"href":"https:\/\/avrupapress.com\/main\/wp-json\/wp\/v2\/users\/3"}],"replies":[{"embeddable":true,"href":"https:\/\/avrupapress.com\/main\/wp-json\/wp\/v2\/comments?post=11223"}],"version-history":[{"count":1,"href":"https:\/\/avrupapress.com\/main\/wp-json\/wp\/v2\/posts\/11223\/revisions"}],"predecessor-version":[{"id":11225,"href":"https:\/\/avrupapress.com\/main\/wp-json\/wp\/v2\/posts\/11223\/revisions\/11225"}],"wp:featuredmedia":[{"embeddable":true,"href":"https:\/\/avrupapress.com\/main\/wp-json\/wp\/v2\/media\/11224"}],"wp:attachment":[{"href":"https:\/\/avrupapress.com\/main\/wp-json\/wp\/v2\/media?parent=11223"}],"wp:term":[{"taxonomy":"category","embeddable":true,"href":"https:\/\/avrupapress.com\/main\/wp-json\/wp\/v2\/categories?post=11223"},{"taxonomy":"post_tag","embeddable":true,"href":"https:\/\/avrupapress.com\/main\/wp-json\/wp\/v2\/tags?post=11223"}],"curies":[{"name":"wp","href":"https:\/\/api.w.org\/{rel}","templated":true}]}}