{"id":11219,"date":"2020-04-12T13:03:52","date_gmt":"2020-04-12T13:03:52","guid":{"rendered":"http:\/\/avrupapress.com\/main\/?p=11219"},"modified":"2020-04-12T13:06:10","modified_gmt":"2020-04-12T13:06:10","slug":"ne-evlad-u-iyal-ne-de-mal-derdi-herkes-can-derdinde","status":"publish","type":"post","link":"https:\/\/avrupapress.com\/main\/2020\/04\/12\/ne-evlad-u-iyal-ne-de-mal-derdi-herkes-can-derdinde\/","title":{"rendered":"NE EVL\u00c2D-U IY\u00c2L ,NE DE MAL DERD\u0130 ,HERKES CAN DERD\u0130NDE"},"content":{"rendered":"\n<p><strong>NE EVL\u00c2D-U IY\u00c2L ,NE DE MAL DERD\u0130 ,HERKES CAN DERD\u0130NDE Onlar ,ne zaman kap\u0131lar\u0131n\u0131n \u00f6n\u00fcnden ge\u00e7en birini g\u00f6rseler ,ya da soka\u011fa hava almaya \u00e7\u0131kt\u0131klar\u0131nda kar\u015f\u0131dan gelipte yanlar\u0131ndan ge\u00e7erken kendilerine laf atarak bir konu\u015fma f\u0131rsat\u0131n\u0131 veren ki\u015fiye \u00f6yle&#8230;<\/strong><\/p>\n\n\n\n<p>\u00a0Onlar ,ne zaman kap\u0131lar\u0131n\u0131n \u00f6n\u00fcnden ge\u00e7en birini g\u00f6rseler ,ya da soka\u011fa hava almaya \u00e7\u0131kt\u0131klar\u0131nda kar\u015f\u0131dan gelipte yanlar\u0131ndan ge\u00e7erken \u00a0kendilerine laf atarak bir konu\u015fma f\u0131rsat\u0131n\u0131 veren ki\u015fiye \u00f6yle minnetter\u00e2ne sevinirler ki t\u00e2rifi m\u00fcmk\u00fcn de\u011fildir .<br>\u00a0 \u00a0G\u00fcn\u00fcn 24 saati hep yaln\u0131zd\u0131rlar , tek arkada\u015flar\u0131, evde besleyip bak\u0131p,kendilerinden bir nebze olsun yaln\u0131zl\u0131k ,terk edilmi\u015flik hissini hafifletecekk\u00fc\u00e7\u00fck hayvanlar\u0131d\u0131r&#8230;bir ku\u015f ,bir kedi ,bir k\u00f6pek ya da kafes i\u00e7inde bar\u0131nd\u0131r\u0131lan bir s\u00fcr\u00fcngen&#8230;onlarla konu\u015fmay\u0131 denerler &#8230;onlarla yerler onlarla uyurlar&#8230;onlar\u0131n her hareketinde bir mana bir arzu vard\u0131r kendilerince&#8230;<br>\u00a0 \u00a0 G\u00fcnlerce ne kap\u0131lar\u0131n\u0131 a\u00e7an bir dost ,ne de evlerine gelecek bir evlat bir karde\u015f vard\u0131r&#8230;asl\u0131nda hepsi vard\u0131r ama yokturlar&#8230;ara s\u0131ra telefonederlerse i\u015fte hepsi odur evlatl\u0131klar\u0131n\u0131n karde\u015fliklerinin g\u00f6stergeleri&#8230;Ayaklar\u0131n\u0131n \u00fczerlerine durduklar\u0131 ,kendi i\u015flerini g\u00f6rd\u00fckleri m\u00fcddet\u00e7e\u00a0hep kendi evlerinde kalmay\u0131 ye\u011flerler&#8230;huzur evleri ise, anc\u00e2k n\u00e2\u00e7arkald\u0131klar\u0131 ,elden ayaktan kesildikleri zaman onlar\u0131n bar\u0131na\u011f\u0131 olur.<br>\u00a0 \u00a0\u00c7\u00e2resiz ve sab\u0131rl\u0131d\u0131rlar ,\u00e7\u00fcnki onlarda ya\u015fatm\u0131\u015flard\u0131 bu durumu b\u00fcy\u00fcklerine &#8230;.onlarda ya\u015fayacaklard\u0131&#8230;ve onlardan sonra gelenlerde&#8230;\u00d6l\u00fcm kendilerine geldi\u011finde ise ,varsa evlatlar\u0131na yoksa en yak\u0131n\u0131na bir telefon gelecek &#8230;al\u00f4 !&#8230; buyurun&#8230;\u00e7ok \u00fczg\u00fcn\u00fcz &#8230;tanr\u0131 sizlere uzun \u00f6m\u00fcrler versin denildi\u011finde olan olmu\u015f ya\u015fayan ya\u015fl\u0131s\u0131 \u00f6lm\u00fc\u015ft\u00fcr art\u0131k&#8230;Ve devam eder konu\u015fma&#8230;-Tercihiniz nedir ? Siz mi ,biz mi ?\u00a0\u00d6leni birisi kald\u0131racakt\u0131r&#8230;siz derse \u00a0i\u015f kolay ve tamamd\u0131r&#8230;el ayak de\u011fdirmeden hi\u00e7te zahmet \u00a0edilmeden vazife tamamd\u0131r&#8230;yaln\u0131zca kendilerine kabir parsel numaras\u0131 verilir &#8230;hepsi o kadar&#8230;<br>\u00a0 Tabutlar\u0131 \u00e7ok s\u00fcsl\u00fcd\u00fcr&#8230;son model kadillakla g\u00f6t\u00fcr\u00fcl\u00fcrler kiliseye oradanda mezarl\u0131\u011fa&#8230;mezarlarda ise reng\u00e2renk \u00e7i\u00e7ekler&#8230;insan\u0131n hayattayken g\u00f6rmek isteyipte g\u00f6remedikleri t\u00fcm \u00a0renkleriyle onlar\u0131n \u00fczerindedir &#8230;art\u0131k onlar son duraktad\u0131rlar&#8230;t\u00e2ki emir gelinceye kadar.\u00a0 \u00a0\u00a0 \u00a0 \u00a0Nereden de akl\u0131ma geldi t\u00fcm bunlar ? Ne bileyim i\u015fte esinlendim desem tam yerini bulmaz ,birazda yalan gibi olur&#8230;oysa onlara, y\u00e2ni evlerinde tek ba\u015f\u0131na \u00f6l\u00fcm g\u00fcn\u00fcn\u00fc bekleyen Avrupal\u0131 ya\u015fl\u0131lara ne kadarda benzedik&#8230;.Ne evlattan ,ne dosttan ,ne de akrabadan ve hatta kom\u015fudan kap\u0131m\u0131z\u0131 \u00e7alan var&#8230; gelselerde z\u00e2ten eve al\u0131nmazlar ,al\u0131nsada onlar girmezler&#8230; herkes ama. herkes kendi can derdinde&#8230;sanki bir hesap g\u00fcn\u00fc denemesi gibi &#8230;herkes kendi \u00a0derdinde&#8230; \u00a0 \u00a0<\/p>\n\n\n\n<p><strong>Hamdi Tabanli \/ AVRUPAPRESS<\/strong><\/p>\n","protected":false},"excerpt":{"rendered":"<p>NE EVL\u00c2D-U IY\u00c2L ,NE DE MAL DERD\u0130 ,HERKES CAN DERD\u0130NDE Onlar ,ne zaman kap\u0131lar\u0131n\u0131n \u00f6n\u00fcnden ge\u00e7en birini g\u00f6rseler ,ya da soka\u011fa hava almaya \u00e7\u0131kt\u0131klar\u0131nda kar\u015f\u0131dan gelipte yanlar\u0131ndan ge\u00e7erken kendilerine laf atarak bir konu\u015fma f\u0131rsat\u0131n\u0131 veren ki\u015fiye \u00f6yle&#8230; \u00a0Onlar ,ne zaman kap\u0131lar\u0131n\u0131n \u00f6n\u00fcnden ge\u00e7en birini g\u00f6rseler ,ya da soka\u011fa hava almaya \u00e7\u0131kt\u0131klar\u0131nda kar\u015f\u0131dan gelipte yanlar\u0131ndan ge\u00e7erken [&hellip;]<\/p>\n","protected":false},"author":3,"featured_media":10913,"comment_status":"closed","ping_status":"open","sticky":false,"template":"","format":"standard","meta":{"footnotes":""},"categories":[14,16,3,17,18,19,2,1],"tags":[5201,5202],"class_list":["post-11219","post","type-post","status-publish","format-standard","has-post-thumbnail","hentry","category-avrupa","category-belcika","category-dunya","category-ekonomi","category-kultur-sanat","category-tanitim","category-turkiye","category-uncategorized","tag-ne-de-mal-derdi","tag-ne-evlad-u-iyal"],"yoast_head":"<!-- This site is optimized with the Yoast SEO plugin v26.9 - https:\/\/yoast.com\/product\/yoast-seo-wordpress\/ -->\n<title>NE EVL\u00c2D-U IY\u00c2L ,NE DE MAL DERD\u0130 ,HERKES CAN DERD\u0130NDE - AvrupaPress<\/title>\n<meta name=\"robots\" content=\"index, follow, max-snippet:-1, max-image-preview:large, max-video-preview:-1\" \/>\n<link rel=\"canonical\" href=\"https:\/\/avrupapress.com\/2020\/04\/12\/ne-evlad-u-iyal-ne-de-mal-derdi-herkes-can-derdinde\/\" \/>\n<meta property=\"og:locale\" content=\"fr_FR\" \/>\n<meta property=\"og:type\" content=\"article\" \/>\n<meta property=\"og:title\" content=\"NE EVL\u00c2D-U IY\u00c2L ,NE DE MAL DERD\u0130 ,HERKES CAN DERD\u0130NDE - AvrupaPress\" \/>\n<meta property=\"og:description\" content=\"NE EVL\u00c2D-U IY\u00c2L ,NE DE MAL DERD\u0130 ,HERKES CAN DERD\u0130NDE Onlar ,ne zaman kap\u0131lar\u0131n\u0131n \u00f6n\u00fcnden ge\u00e7en birini g\u00f6rseler ,ya da soka\u011fa hava almaya \u00e7\u0131kt\u0131klar\u0131nda kar\u015f\u0131dan gelipte yanlar\u0131ndan ge\u00e7erken kendilerine laf atarak bir konu\u015fma f\u0131rsat\u0131n\u0131 veren ki\u015fiye \u00f6yle&#8230; \u00a0Onlar ,ne zaman kap\u0131lar\u0131n\u0131n \u00f6n\u00fcnden ge\u00e7en birini g\u00f6rseler ,ya da soka\u011fa hava almaya \u00e7\u0131kt\u0131klar\u0131nda kar\u015f\u0131dan gelipte yanlar\u0131ndan ge\u00e7erken [&hellip;]\" \/>\n<meta property=\"og:url\" content=\"https:\/\/avrupapress.com\/2020\/04\/12\/ne-evlad-u-iyal-ne-de-mal-derdi-herkes-can-derdinde\/\" \/>\n<meta property=\"og:site_name\" content=\"AvrupaPress\" \/>\n<meta property=\"article:published_time\" content=\"2020-04-12T13:03:52+00:00\" \/>\n<meta property=\"article:modified_time\" content=\"2020-04-12T13:06:10+00:00\" \/>\n<meta property=\"og:image\" content=\"https:\/\/avrupapress.com\/wp-content\/uploads\/2020\/03\/13418830_117716205318903_2628911882875136515_n.jpg\" \/>\n\t<meta property=\"og:image:width\" content=\"480\" \/>\n\t<meta property=\"og:image:height\" content=\"479\" \/>\n\t<meta property=\"og:image:type\" content=\"image\/jpeg\" \/>\n<meta name=\"author\" content=\"Edit\u00f6r\" \/>\n<meta name=\"twitter:card\" content=\"summary_large_image\" \/>\n<meta name=\"twitter:label1\" content=\"\u00c9crit par\" \/>\n\t<meta name=\"twitter:data1\" content=\"Edit\u00f6r\" \/>\n\t<meta name=\"twitter:label2\" content=\"Dur\u00e9e de lecture est.\" \/>\n\t<meta name=\"twitter:data2\" content=\"3 minutes\" \/>\n<script type=\"application\/ld+json\" class=\"yoast-schema-graph\">{\"@context\":\"https:\/\/schema.org\",\"@graph\":[{\"@type\":\"Article\",\"@id\":\"https:\/\/avrupapress.com\/2020\/04\/12\/ne-evlad-u-iyal-ne-de-mal-derdi-herkes-can-derdinde\/#article\",\"isPartOf\":{\"@id\":\"https:\/\/avrupapress.com\/2020\/04\/12\/ne-evlad-u-iyal-ne-de-mal-derdi-herkes-can-derdinde\/\"},\"author\":{\"name\":\"Edit\u00f6r\",\"@id\":\"https:\/\/avrupapress.com\/#\/schema\/person\/68428444ec60970d1e1b700cf4ca1e8f\"},\"headline\":\"NE EVL\u00c2D-U IY\u00c2L ,NE DE MAL DERD\u0130 ,HERKES CAN DERD\u0130NDE\",\"datePublished\":\"2020-04-12T13:03:52+00:00\",\"dateModified\":\"2020-04-12T13:06:10+00:00\",\"mainEntityOfPage\":{\"@id\":\"https:\/\/avrupapress.com\/2020\/04\/12\/ne-evlad-u-iyal-ne-de-mal-derdi-herkes-can-derdinde\/\"},\"wordCount\":519,\"publisher\":{\"@id\":\"https:\/\/avrupapress.com\/#\/schema\/person\/0223dca19c72c43575bf30d1a2d8f4fa\"},\"image\":{\"@id\":\"https:\/\/avrupapress.com\/2020\/04\/12\/ne-evlad-u-iyal-ne-de-mal-derdi-herkes-can-derdinde\/#primaryimage\"},\"thumbnailUrl\":\"https:\/\/avrupapress.com\/main\/wp-content\/uploads\/2020\/03\/13418830_117716205318903_2628911882875136515_n.jpg\",\"keywords\":[\"NE DE MAL DERD\u0130\",\"NE EVL\u00c2D-U IY\u00c2L\"],\"articleSection\":[\"Avrupa\",\"Bel\u00e7ika\",\"D\u00fcnya\",\"Ekonomi\",\"K\u00fclt\u00fcr-Sanat\",\"Tan\u0131t\u0131m\",\"T\u00fcrkiye\",\"Uncategorized\"],\"inLanguage\":\"fr-BE\"},{\"@type\":\"WebPage\",\"@id\":\"https:\/\/avrupapress.com\/2020\/04\/12\/ne-evlad-u-iyal-ne-de-mal-derdi-herkes-can-derdinde\/\",\"url\":\"https:\/\/avrupapress.com\/2020\/04\/12\/ne-evlad-u-iyal-ne-de-mal-derdi-herkes-can-derdinde\/\",\"name\":\"NE EVL\u00c2D-U IY\u00c2L ,NE DE MAL DERD\u0130 ,HERKES CAN DERD\u0130NDE - AvrupaPress\",\"isPartOf\":{\"@id\":\"https:\/\/avrupapress.com\/#website\"},\"primaryImageOfPage\":{\"@id\":\"https:\/\/avrupapress.com\/2020\/04\/12\/ne-evlad-u-iyal-ne-de-mal-derdi-herkes-can-derdinde\/#primaryimage\"},\"image\":{\"@id\":\"https:\/\/avrupapress.com\/2020\/04\/12\/ne-evlad-u-iyal-ne-de-mal-derdi-herkes-can-derdinde\/#primaryimage\"},\"thumbnailUrl\":\"https:\/\/avrupapress.com\/main\/wp-content\/uploads\/2020\/03\/13418830_117716205318903_2628911882875136515_n.jpg\",\"datePublished\":\"2020-04-12T13:03:52+00:00\",\"dateModified\":\"2020-04-12T13:06:10+00:00\",\"breadcrumb\":{\"@id\":\"https:\/\/avrupapress.com\/2020\/04\/12\/ne-evlad-u-iyal-ne-de-mal-derdi-herkes-can-derdinde\/#breadcrumb\"},\"inLanguage\":\"fr-BE\",\"potentialAction\":[{\"@type\":\"ReadAction\",\"target\":[\"https:\/\/avrupapress.com\/2020\/04\/12\/ne-evlad-u-iyal-ne-de-mal-derdi-herkes-can-derdinde\/\"]}]},{\"@type\":\"ImageObject\",\"inLanguage\":\"fr-BE\",\"@id\":\"https:\/\/avrupapress.com\/2020\/04\/12\/ne-evlad-u-iyal-ne-de-mal-derdi-herkes-can-derdinde\/#primaryimage\",\"url\":\"https:\/\/avrupapress.com\/main\/wp-content\/uploads\/2020\/03\/13418830_117716205318903_2628911882875136515_n.jpg\",\"contentUrl\":\"https:\/\/avrupapress.com\/main\/wp-content\/uploads\/2020\/03\/13418830_117716205318903_2628911882875136515_n.jpg\",\"width\":480,\"height\":479},{\"@type\":\"BreadcrumbList\",\"@id\":\"https:\/\/avrupapress.com\/2020\/04\/12\/ne-evlad-u-iyal-ne-de-mal-derdi-herkes-can-derdinde\/#breadcrumb\",\"itemListElement\":[{\"@type\":\"ListItem\",\"position\":1,\"name\":\"Anasayfa\",\"item\":\"https:\/\/avrupapress.com\/\"},{\"@type\":\"ListItem\",\"position\":2,\"name\":\"NE EVL\u00c2D-U IY\u00c2L ,NE DE MAL DERD\u0130 ,HERKES CAN DERD\u0130NDE\"}]},{\"@type\":\"WebSite\",\"@id\":\"https:\/\/avrupapress.com\/#website\",\"url\":\"https:\/\/avrupapress.com\/\",\"name\":\"AvrupaPress\",\"description\":\"Haberin Adresi\",\"publisher\":{\"@id\":\"https:\/\/avrupapress.com\/#\/schema\/person\/0223dca19c72c43575bf30d1a2d8f4fa\"},\"potentialAction\":[{\"@type\":\"SearchAction\",\"target\":{\"@type\":\"EntryPoint\",\"urlTemplate\":\"https:\/\/avrupapress.com\/?s={search_term_string}\"},\"query-input\":{\"@type\":\"PropertyValueSpecification\",\"valueRequired\":true,\"valueName\":\"search_term_string\"}}],\"inLanguage\":\"fr-BE\"},{\"@type\":[\"Person\",\"Organization\"],\"@id\":\"https:\/\/avrupapress.com\/#\/schema\/person\/0223dca19c72c43575bf30d1a2d8f4fa\",\"name\":\"Bilgin \u00d6z\u00e7ift\u00e7i\",\"image\":{\"@type\":\"ImageObject\",\"inLanguage\":\"fr-BE\",\"@id\":\"https:\/\/avrupapress.com\/#\/schema\/person\/image\/\",\"url\":\"https:\/\/secure.gravatar.com\/avatar\/0f23b280433a21e1ea7a0adcc46ed0ad16afe3ad8e630fd13d8a017dcbd54ef3?s=96&d=mm&r=g\",\"contentUrl\":\"https:\/\/secure.gravatar.com\/avatar\/0f23b280433a21e1ea7a0adcc46ed0ad16afe3ad8e630fd13d8a017dcbd54ef3?s=96&d=mm&r=g\",\"caption\":\"Bilgin \u00d6z\u00e7ift\u00e7i\"},\"logo\":{\"@id\":\"https:\/\/avrupapress.com\/#\/schema\/person\/image\/\"},\"description\":\"Ne ben, nede sen... Biz ancak \\\"biz\\\" olursak g\u00fc\u00e7l\u00fc olabiliriz\"},{\"@type\":\"Person\",\"@id\":\"https:\/\/avrupapress.com\/#\/schema\/person\/68428444ec60970d1e1b700cf4ca1e8f\",\"name\":\"Edit\u00f6r\",\"image\":{\"@type\":\"ImageObject\",\"inLanguage\":\"fr-BE\",\"@id\":\"https:\/\/avrupapress.com\/#\/schema\/person\/image\/\",\"url\":\"https:\/\/secure.gravatar.com\/avatar\/74996b0977aa5f1559ba9883776652508b229005c0d78fb2597897f0bd651c09?s=96&d=mm&r=g\",\"contentUrl\":\"https:\/\/secure.gravatar.com\/avatar\/74996b0977aa5f1559ba9883776652508b229005c0d78fb2597897f0bd651c09?s=96&d=mm&r=g\",\"caption\":\"Edit\u00f6r\"},\"sameAs\":[\"http:\/\/www.avrupapress.com\"],\"url\":\"https:\/\/avrupapress.com\/main\/author\/editor\/\"}]}<\/script>\n<!-- \/ Yoast SEO plugin. -->","yoast_head_json":{"title":"NE EVL\u00c2D-U IY\u00c2L ,NE DE MAL DERD\u0130 ,HERKES CAN DERD\u0130NDE - AvrupaPress","robots":{"index":"index","follow":"follow","max-snippet":"max-snippet:-1","max-image-preview":"max-image-preview:large","max-video-preview":"max-video-preview:-1"},"canonical":"https:\/\/avrupapress.com\/2020\/04\/12\/ne-evlad-u-iyal-ne-de-mal-derdi-herkes-can-derdinde\/","og_locale":"fr_FR","og_type":"article","og_title":"NE EVL\u00c2D-U IY\u00c2L ,NE DE MAL DERD\u0130 ,HERKES CAN DERD\u0130NDE - AvrupaPress","og_description":"NE EVL\u00c2D-U IY\u00c2L ,NE DE MAL DERD\u0130 ,HERKES CAN DERD\u0130NDE Onlar ,ne zaman kap\u0131lar\u0131n\u0131n \u00f6n\u00fcnden ge\u00e7en birini g\u00f6rseler ,ya da soka\u011fa hava almaya \u00e7\u0131kt\u0131klar\u0131nda kar\u015f\u0131dan gelipte yanlar\u0131ndan ge\u00e7erken kendilerine laf atarak bir konu\u015fma f\u0131rsat\u0131n\u0131 veren ki\u015fiye \u00f6yle&#8230; \u00a0Onlar ,ne zaman kap\u0131lar\u0131n\u0131n \u00f6n\u00fcnden ge\u00e7en birini g\u00f6rseler ,ya da soka\u011fa hava almaya \u00e7\u0131kt\u0131klar\u0131nda kar\u015f\u0131dan gelipte yanlar\u0131ndan ge\u00e7erken [&hellip;]","og_url":"https:\/\/avrupapress.com\/2020\/04\/12\/ne-evlad-u-iyal-ne-de-mal-derdi-herkes-can-derdinde\/","og_site_name":"AvrupaPress","article_published_time":"2020-04-12T13:03:52+00:00","article_modified_time":"2020-04-12T13:06:10+00:00","og_image":[{"width":480,"height":479,"url":"https:\/\/avrupapress.com\/wp-content\/uploads\/2020\/03\/13418830_117716205318903_2628911882875136515_n.jpg","type":"image\/jpeg"}],"author":"Edit\u00f6r","twitter_card":"summary_large_image","twitter_misc":{"\u00c9crit par":"Edit\u00f6r","Dur\u00e9e de lecture est.":"3 minutes"},"schema":{"@context":"https:\/\/schema.org","@graph":[{"@type":"Article","@id":"https:\/\/avrupapress.com\/2020\/04\/12\/ne-evlad-u-iyal-ne-de-mal-derdi-herkes-can-derdinde\/#article","isPartOf":{"@id":"https:\/\/avrupapress.com\/2020\/04\/12\/ne-evlad-u-iyal-ne-de-mal-derdi-herkes-can-derdinde\/"},"author":{"name":"Edit\u00f6r","@id":"https:\/\/avrupapress.com\/#\/schema\/person\/68428444ec60970d1e1b700cf4ca1e8f"},"headline":"NE EVL\u00c2D-U IY\u00c2L ,NE DE MAL DERD\u0130 ,HERKES CAN DERD\u0130NDE","datePublished":"2020-04-12T13:03:52+00:00","dateModified":"2020-04-12T13:06:10+00:00","mainEntityOfPage":{"@id":"https:\/\/avrupapress.com\/2020\/04\/12\/ne-evlad-u-iyal-ne-de-mal-derdi-herkes-can-derdinde\/"},"wordCount":519,"publisher":{"@id":"https:\/\/avrupapress.com\/#\/schema\/person\/0223dca19c72c43575bf30d1a2d8f4fa"},"image":{"@id":"https:\/\/avrupapress.com\/2020\/04\/12\/ne-evlad-u-iyal-ne-de-mal-derdi-herkes-can-derdinde\/#primaryimage"},"thumbnailUrl":"https:\/\/avrupapress.com\/main\/wp-content\/uploads\/2020\/03\/13418830_117716205318903_2628911882875136515_n.jpg","keywords":["NE DE MAL DERD\u0130","NE EVL\u00c2D-U IY\u00c2L"],"articleSection":["Avrupa","Bel\u00e7ika","D\u00fcnya","Ekonomi","K\u00fclt\u00fcr-Sanat","Tan\u0131t\u0131m","T\u00fcrkiye","Uncategorized"],"inLanguage":"fr-BE"},{"@type":"WebPage","@id":"https:\/\/avrupapress.com\/2020\/04\/12\/ne-evlad-u-iyal-ne-de-mal-derdi-herkes-can-derdinde\/","url":"https:\/\/avrupapress.com\/2020\/04\/12\/ne-evlad-u-iyal-ne-de-mal-derdi-herkes-can-derdinde\/","name":"NE EVL\u00c2D-U IY\u00c2L ,NE DE MAL DERD\u0130 ,HERKES CAN DERD\u0130NDE - AvrupaPress","isPartOf":{"@id":"https:\/\/avrupapress.com\/#website"},"primaryImageOfPage":{"@id":"https:\/\/avrupapress.com\/2020\/04\/12\/ne-evlad-u-iyal-ne-de-mal-derdi-herkes-can-derdinde\/#primaryimage"},"image":{"@id":"https:\/\/avrupapress.com\/2020\/04\/12\/ne-evlad-u-iyal-ne-de-mal-derdi-herkes-can-derdinde\/#primaryimage"},"thumbnailUrl":"https:\/\/avrupapress.com\/main\/wp-content\/uploads\/2020\/03\/13418830_117716205318903_2628911882875136515_n.jpg","datePublished":"2020-04-12T13:03:52+00:00","dateModified":"2020-04-12T13:06:10+00:00","breadcrumb":{"@id":"https:\/\/avrupapress.com\/2020\/04\/12\/ne-evlad-u-iyal-ne-de-mal-derdi-herkes-can-derdinde\/#breadcrumb"},"inLanguage":"fr-BE","potentialAction":[{"@type":"ReadAction","target":["https:\/\/avrupapress.com\/2020\/04\/12\/ne-evlad-u-iyal-ne-de-mal-derdi-herkes-can-derdinde\/"]}]},{"@type":"ImageObject","inLanguage":"fr-BE","@id":"https:\/\/avrupapress.com\/2020\/04\/12\/ne-evlad-u-iyal-ne-de-mal-derdi-herkes-can-derdinde\/#primaryimage","url":"https:\/\/avrupapress.com\/main\/wp-content\/uploads\/2020\/03\/13418830_117716205318903_2628911882875136515_n.jpg","contentUrl":"https:\/\/avrupapress.com\/main\/wp-content\/uploads\/2020\/03\/13418830_117716205318903_2628911882875136515_n.jpg","width":480,"height":479},{"@type":"BreadcrumbList","@id":"https:\/\/avrupapress.com\/2020\/04\/12\/ne-evlad-u-iyal-ne-de-mal-derdi-herkes-can-derdinde\/#breadcrumb","itemListElement":[{"@type":"ListItem","position":1,"name":"Anasayfa","item":"https:\/\/avrupapress.com\/"},{"@type":"ListItem","position":2,"name":"NE EVL\u00c2D-U IY\u00c2L ,NE DE MAL DERD\u0130 ,HERKES CAN DERD\u0130NDE"}]},{"@type":"WebSite","@id":"https:\/\/avrupapress.com\/#website","url":"https:\/\/avrupapress.com\/","name":"AvrupaPress","description":"Haberin Adresi","publisher":{"@id":"https:\/\/avrupapress.com\/#\/schema\/person\/0223dca19c72c43575bf30d1a2d8f4fa"},"potentialAction":[{"@type":"SearchAction","target":{"@type":"EntryPoint","urlTemplate":"https:\/\/avrupapress.com\/?s={search_term_string}"},"query-input":{"@type":"PropertyValueSpecification","valueRequired":true,"valueName":"search_term_string"}}],"inLanguage":"fr-BE"},{"@type":["Person","Organization"],"@id":"https:\/\/avrupapress.com\/#\/schema\/person\/0223dca19c72c43575bf30d1a2d8f4fa","name":"Bilgin \u00d6z\u00e7ift\u00e7i","image":{"@type":"ImageObject","inLanguage":"fr-BE","@id":"https:\/\/avrupapress.com\/#\/schema\/person\/image\/","url":"https:\/\/secure.gravatar.com\/avatar\/0f23b280433a21e1ea7a0adcc46ed0ad16afe3ad8e630fd13d8a017dcbd54ef3?s=96&d=mm&r=g","contentUrl":"https:\/\/secure.gravatar.com\/avatar\/0f23b280433a21e1ea7a0adcc46ed0ad16afe3ad8e630fd13d8a017dcbd54ef3?s=96&d=mm&r=g","caption":"Bilgin \u00d6z\u00e7ift\u00e7i"},"logo":{"@id":"https:\/\/avrupapress.com\/#\/schema\/person\/image\/"},"description":"Ne ben, nede sen... Biz ancak \"biz\" olursak g\u00fc\u00e7l\u00fc olabiliriz"},{"@type":"Person","@id":"https:\/\/avrupapress.com\/#\/schema\/person\/68428444ec60970d1e1b700cf4ca1e8f","name":"Edit\u00f6r","image":{"@type":"ImageObject","inLanguage":"fr-BE","@id":"https:\/\/avrupapress.com\/#\/schema\/person\/image\/","url":"https:\/\/secure.gravatar.com\/avatar\/74996b0977aa5f1559ba9883776652508b229005c0d78fb2597897f0bd651c09?s=96&d=mm&r=g","contentUrl":"https:\/\/secure.gravatar.com\/avatar\/74996b0977aa5f1559ba9883776652508b229005c0d78fb2597897f0bd651c09?s=96&d=mm&r=g","caption":"Edit\u00f6r"},"sameAs":["http:\/\/www.avrupapress.com"],"url":"https:\/\/avrupapress.com\/main\/author\/editor\/"}]}},"_links":{"self":[{"href":"https:\/\/avrupapress.com\/main\/wp-json\/wp\/v2\/posts\/11219","targetHints":{"allow":["GET"]}}],"collection":[{"href":"https:\/\/avrupapress.com\/main\/wp-json\/wp\/v2\/posts"}],"about":[{"href":"https:\/\/avrupapress.com\/main\/wp-json\/wp\/v2\/types\/post"}],"author":[{"embeddable":true,"href":"https:\/\/avrupapress.com\/main\/wp-json\/wp\/v2\/users\/3"}],"replies":[{"embeddable":true,"href":"https:\/\/avrupapress.com\/main\/wp-json\/wp\/v2\/comments?post=11219"}],"version-history":[{"count":1,"href":"https:\/\/avrupapress.com\/main\/wp-json\/wp\/v2\/posts\/11219\/revisions"}],"predecessor-version":[{"id":11220,"href":"https:\/\/avrupapress.com\/main\/wp-json\/wp\/v2\/posts\/11219\/revisions\/11220"}],"wp:featuredmedia":[{"embeddable":true,"href":"https:\/\/avrupapress.com\/main\/wp-json\/wp\/v2\/media\/10913"}],"wp:attachment":[{"href":"https:\/\/avrupapress.com\/main\/wp-json\/wp\/v2\/media?parent=11219"}],"wp:term":[{"taxonomy":"category","embeddable":true,"href":"https:\/\/avrupapress.com\/main\/wp-json\/wp\/v2\/categories?post=11219"},{"taxonomy":"post_tag","embeddable":true,"href":"https:\/\/avrupapress.com\/main\/wp-json\/wp\/v2\/tags?post=11219"}],"curies":[{"name":"wp","href":"https:\/\/api.w.org\/{rel}","templated":true}]}}