{"id":11216,"date":"2020-04-11T20:49:05","date_gmt":"2020-04-11T20:49:05","guid":{"rendered":"http:\/\/avrupapress.com\/main\/?p=11216"},"modified":"2020-04-11T20:49:07","modified_gmt":"2020-04-11T20:49:07","slug":"bruksel-anderlechtte-faslilarin-saldirisinda-polisler-otomobili-birakip-kacti","status":"publish","type":"post","link":"https:\/\/avrupapress.com\/main\/2020\/04\/11\/bruksel-anderlechtte-faslilarin-saldirisinda-polisler-otomobili-birakip-kacti\/","title":{"rendered":"BR\u00dcKSEL ANDERLECHT\u2019TE FAS&rsquo;LILARIN SALDIRISINDA POL\u0130SLER OTOMOB\u0130L\u0130 BIRAKIP KA\u00c7TI!.."},"content":{"rendered":"\n<p>BEL\u00c7\u0130KA\u2019n\u0131n ba\u015fkenti Br\u00fcksel\u2019in Anderlecht \u0130l\u00e7esi s\u0131n\u0131rlar\u0131 i\u00e7inde ayaklanan bir kesim Fas as\u0131ll\u0131 gen\u00e7ler ile polisin kovalamacas\u0131 istenmeyen&nbsp; sahnelerin ya\u015fanmas\u0131na vesile oldu..<br>Her \u015fey Fas as\u0131ll\u0131 19 Ya\u015f\u0131ndaki bir gencin \u00f6l\u00fcm\u00fc ile ba\u015flad\u0131..Anlat\u0131lanlara g\u00f6re, polisin \u201cdur \u201d ihtar\u0131na uymayan mobiletli bir genci polis takip etti ve s\u0131k\u0131\u015ft\u0131rmada gen\u00e7 ezildi ve hayat\u0131n\u0131 kaybetti..<br>Bu \u00f6l\u00fcm haberinin al\u0131nmas\u0131 \u00fczerine,&nbsp; 11 Nisan 2020 Cumartesi g\u00fcn\u00fc saat 14,300 s\u0131ralar\u0131nda bir grup Fas as\u0131ll\u0131 gen\u00e7, Anderlecht Belediyesi \u00f6n\u00fcnde toplant\u0131 ve belediye binas\u0131n\u0131n camlar\u0131n\u0131 k\u0131rd\u0131..<br>Bu duruma m\u00fcdahale eden polislere de sald\u0131ran gen\u00e7ler, mahallede ter\u00f6r estirince olay yerine \u00e7ok say\u0131da \u00e7evik kuvvet polisi geldi..<br>Havadan da desteklenen bu kovalamaca da baz\u0131 polisler kulland\u0131klar\u0131 ara\u00e7lar\u0131 sokak ortas\u0131nda b\u0131rak\u0131p ka\u00e7t\u0131lar..<br>Otomobilin camlar\u0131n\u0131 k\u0131ran ve i\u00e7erinden polislere ait \u00e7antalar\u0131, tabancalar\u0131 alan gen\u00e7ler, burada otomobili tekmeleyerek, ta\u015f ya\u011fmuruna tutarak devirmeye \u00e7al\u0131\u015ft\u0131lar..Bu arada gen\u00e7lerden biri polis silah\u0131 ile birka\u00e7 el havaya ate\u015f a\u00e7t\u0131..<br>Ak\u015fam saatlerine kadar devam eden olaylarda \u00e7ok say\u0131da gen\u00e7 g\u00f6zalt\u0131na al\u0131nd\u0131 ve mahalledeki ayaklanma bast\u0131r\u0131ld\u0131..<\/p>\n\n\n\n\n\n<p><strong>FAS ASILLILAR \u00c7O\u011eUNLUKTA..<\/strong><br>T\u00fcrk vatanda\u015flar\u0131n\u0131n da ya\u015fad\u0131\u011f\u0131 Br\u00fcksel\u2019in Anderlecht \u0130l\u00e7esi\u2019nde Fas as\u0131ll\u0131 aileler \u00e7o\u011funlukta bulunuyor. Molenbeek ile kom\u015fu olan il\u00e7ede s\u00fcrekli olay \u00e7\u0131kt\u0131\u011f\u0131 biniyor..<br>Bel\u00e7ika\u2019da 21-22 Mart 2016 tarihinde ya\u015fanan ter\u00f6r olaylar\u0131ndan sonra b\u00fcy\u00fck bir kontrole tabi tutulan Fas as\u0131ll\u0131 ailelere mensup gen\u00e7lerin,bir \u00f6l\u00fcm olay\u0131n\u0131 protesto ederek ayaklanmas\u0131 \u00fclke g\u00fcndemine corona\u2019dan sonra damgas\u0131n\u0131 vurdu..<br>polisin zaman.zaman aciz kald\u0131\u011f\u0131 g\u00f6sterilerde Fas as\u0131ll\u0131 gen\u00e7lerin \u015fiddet ve ter\u00f6r estirmesi&nbsp; \u00fclkede ya\u015fayan yabanc\u0131lar ve Bel\u00e7ikal\u0131lar taraf\u0131ndan \u00fcz\u00fcnt\u00fc ile kar\u015f\u0131land\u0131..<br>T\u00fcm bunlara ra\u011fmen, g\u00f6zalt\u0131na al\u0131nan gen\u00e7lerle ilgili olumsuzluk halinde, il\u00e7ede ve kom\u015fu Molenbeek\u2019te olaylar\u0131n farkl\u0131 \u015fekilde patlak vermemesi i\u00e7in g\u00fcvenlik birimlerindeki alarm durumu s\u00fcr\u00fcyor..<\/p>\n\n\n\n<figure class=\"wp-block-image\"><img decoding=\"async\" src=\"https:\/\/www.belcikayenihaber.be\/wp-content\/uploads\/2020\/04\/IMG_E2645.jpg\" alt=\"\" class=\"wp-image-4424\"\/><\/figure>\n\n\n\n<figure class=\"wp-block-image\"><img decoding=\"async\" src=\"https:\/\/www.belcikayenihaber.be\/wp-content\/uploads\/2020\/04\/IMG_E2646.jpg\" alt=\"\" class=\"wp-image-4425\"\/><\/figure>\n\n\n\n<figure class=\"wp-block-image\"><img decoding=\"async\" src=\"https:\/\/www.belcikayenihaber.be\/wp-content\/uploads\/2020\/04\/IMG_E2647.jpg\" alt=\"\" class=\"wp-image-4426\"\/><\/figure>\n\n\n\n<figure class=\"wp-block-image\"><img decoding=\"async\" src=\"https:\/\/www.belcikayenihaber.be\/wp-content\/uploads\/2020\/04\/IMG_E2648.jpg\" alt=\"\" class=\"wp-image-4427\"\/><\/figure>\n\n\n\n<figure class=\"wp-block-image\"><img decoding=\"async\" src=\"https:\/\/www.belcikayenihaber.be\/wp-content\/uploads\/2020\/04\/IMG_E2649.jpg\" alt=\"\" class=\"wp-image-4428\"\/><\/figure>\n\n\n\n<figure class=\"wp-block-image\"><img decoding=\"async\" src=\"https:\/\/www.belcikayenihaber.be\/wp-content\/uploads\/2020\/04\/IMG_E2650.jpg\" alt=\"\" class=\"wp-image-4429\"\/><\/figure>\n\n\n\n<p><strong>Bilgin Ozcifci \/ AVRUPAPRESS<\/strong><\/p>\n","protected":false},"excerpt":{"rendered":"<p>BEL\u00c7\u0130KA\u2019n\u0131n ba\u015fkenti Br\u00fcksel\u2019in Anderlecht \u0130l\u00e7esi s\u0131n\u0131rlar\u0131 i\u00e7inde ayaklanan bir kesim Fas as\u0131ll\u0131 gen\u00e7ler ile polisin kovalamacas\u0131 istenmeyen&nbsp; sahnelerin ya\u015fanmas\u0131na vesile oldu..Her \u015fey Fas as\u0131ll\u0131 19 Ya\u015f\u0131ndaki bir gencin \u00f6l\u00fcm\u00fc ile ba\u015flad\u0131..Anlat\u0131lanlara g\u00f6re, polisin \u201cdur \u201d ihtar\u0131na uymayan mobiletli bir genci polis takip etti ve s\u0131k\u0131\u015ft\u0131rmada gen\u00e7 ezildi ve hayat\u0131n\u0131 kaybetti..Bu \u00f6l\u00fcm haberinin al\u0131nmas\u0131 \u00fczerine,&nbsp; 11 [&hellip;]<\/p>\n","protected":false},"author":3,"featured_media":11217,"comment_status":"closed","ping_status":"open","sticky":false,"template":"","format":"standard","meta":{"footnotes":""},"categories":[14,16,3,17,18,15,19,2,1],"tags":[],"class_list":["post-11216","post","type-post","status-publish","format-standard","has-post-thumbnail","hentry","category-avrupa","category-belcika","category-dunya","category-ekonomi","category-kultur-sanat","category-spor","category-tanitim","category-turkiye","category-uncategorized"],"yoast_head":"<!-- This site is optimized with the Yoast SEO plugin v26.9 - https:\/\/yoast.com\/product\/yoast-seo-wordpress\/ -->\n<title>BR\u00dcKSEL ANDERLECHT\u2019TE FAS&#039;LILARIN SALDIRISINDA POL\u0130SLER OTOMOB\u0130L\u0130 BIRAKIP KA\u00c7TI!.. - AvrupaPress<\/title>\n<meta name=\"robots\" content=\"index, follow, max-snippet:-1, max-image-preview:large, max-video-preview:-1\" \/>\n<link rel=\"canonical\" href=\"https:\/\/avrupapress.com\/2020\/04\/11\/bruksel-anderlechtte-faslilarin-saldirisinda-polisler-otomobili-birakip-kacti\/\" \/>\n<meta property=\"og:locale\" content=\"fr_FR\" \/>\n<meta property=\"og:type\" content=\"article\" \/>\n<meta property=\"og:title\" content=\"BR\u00dcKSEL ANDERLECHT\u2019TE FAS&#039;LILARIN SALDIRISINDA POL\u0130SLER OTOMOB\u0130L\u0130 BIRAKIP KA\u00c7TI!.. - AvrupaPress\" \/>\n<meta property=\"og:description\" content=\"BEL\u00c7\u0130KA\u2019n\u0131n ba\u015fkenti Br\u00fcksel\u2019in Anderlecht \u0130l\u00e7esi s\u0131n\u0131rlar\u0131 i\u00e7inde ayaklanan bir kesim Fas as\u0131ll\u0131 gen\u00e7ler ile polisin kovalamacas\u0131 istenmeyen&nbsp; sahnelerin ya\u015fanmas\u0131na vesile oldu..Her \u015fey Fas as\u0131ll\u0131 19 Ya\u015f\u0131ndaki bir gencin \u00f6l\u00fcm\u00fc ile ba\u015flad\u0131..Anlat\u0131lanlara g\u00f6re, polisin \u201cdur \u201d ihtar\u0131na uymayan mobiletli bir genci polis takip etti ve s\u0131k\u0131\u015ft\u0131rmada gen\u00e7 ezildi ve hayat\u0131n\u0131 kaybetti..Bu \u00f6l\u00fcm haberinin al\u0131nmas\u0131 \u00fczerine,&nbsp; 11 [&hellip;]\" \/>\n<meta property=\"og:url\" content=\"https:\/\/avrupapress.com\/2020\/04\/11\/bruksel-anderlechtte-faslilarin-saldirisinda-polisler-otomobili-birakip-kacti\/\" \/>\n<meta property=\"og:site_name\" content=\"AvrupaPress\" \/>\n<meta property=\"article:published_time\" content=\"2020-04-11T20:49:05+00:00\" \/>\n<meta property=\"article:modified_time\" content=\"2020-04-11T20:49:07+00:00\" \/>\n<meta property=\"og:image\" content=\"https:\/\/avrupapress.com\/wp-content\/uploads\/2020\/04\/IMG_E2644.jpg\" \/>\n\t<meta property=\"og:image:width\" content=\"640\" \/>\n\t<meta property=\"og:image:height\" content=\"536\" \/>\n\t<meta property=\"og:image:type\" content=\"image\/jpeg\" \/>\n<meta name=\"author\" content=\"Edit\u00f6r\" \/>\n<meta name=\"twitter:card\" content=\"summary_large_image\" \/>\n<meta name=\"twitter:label1\" content=\"\u00c9crit par\" \/>\n\t<meta name=\"twitter:data1\" content=\"Edit\u00f6r\" \/>\n\t<meta name=\"twitter:label2\" content=\"Dur\u00e9e de lecture est.\" \/>\n\t<meta name=\"twitter:data2\" content=\"2 minutes\" \/>\n<script type=\"application\/ld+json\" class=\"yoast-schema-graph\">{\"@context\":\"https:\/\/schema.org\",\"@graph\":[{\"@type\":\"Article\",\"@id\":\"https:\/\/avrupapress.com\/2020\/04\/11\/bruksel-anderlechtte-faslilarin-saldirisinda-polisler-otomobili-birakip-kacti\/#article\",\"isPartOf\":{\"@id\":\"https:\/\/avrupapress.com\/2020\/04\/11\/bruksel-anderlechtte-faslilarin-saldirisinda-polisler-otomobili-birakip-kacti\/\"},\"author\":{\"name\":\"Edit\u00f6r\",\"@id\":\"https:\/\/avrupapress.com\/#\/schema\/person\/68428444ec60970d1e1b700cf4ca1e8f\"},\"headline\":\"BR\u00dcKSEL ANDERLECHT\u2019TE FAS&rsquo;LILARIN SALDIRISINDA POL\u0130SLER OTOMOB\u0130L\u0130 BIRAKIP KA\u00c7TI!..\",\"datePublished\":\"2020-04-11T20:49:05+00:00\",\"dateModified\":\"2020-04-11T20:49:07+00:00\",\"mainEntityOfPage\":{\"@id\":\"https:\/\/avrupapress.com\/2020\/04\/11\/bruksel-anderlechtte-faslilarin-saldirisinda-polisler-otomobili-birakip-kacti\/\"},\"wordCount\":390,\"publisher\":{\"@id\":\"https:\/\/avrupapress.com\/#\/schema\/person\/0223dca19c72c43575bf30d1a2d8f4fa\"},\"image\":{\"@id\":\"https:\/\/avrupapress.com\/2020\/04\/11\/bruksel-anderlechtte-faslilarin-saldirisinda-polisler-otomobili-birakip-kacti\/#primaryimage\"},\"thumbnailUrl\":\"https:\/\/avrupapress.com\/main\/wp-content\/uploads\/2020\/04\/IMG_E2644.jpg\",\"articleSection\":[\"Avrupa\",\"Bel\u00e7ika\",\"D\u00fcnya\",\"Ekonomi\",\"K\u00fclt\u00fcr-Sanat\",\"Spor\",\"Tan\u0131t\u0131m\",\"T\u00fcrkiye\",\"Uncategorized\"],\"inLanguage\":\"fr-BE\"},{\"@type\":\"WebPage\",\"@id\":\"https:\/\/avrupapress.com\/2020\/04\/11\/bruksel-anderlechtte-faslilarin-saldirisinda-polisler-otomobili-birakip-kacti\/\",\"url\":\"https:\/\/avrupapress.com\/2020\/04\/11\/bruksel-anderlechtte-faslilarin-saldirisinda-polisler-otomobili-birakip-kacti\/\",\"name\":\"BR\u00dcKSEL ANDERLECHT\u2019TE FAS'LILARIN SALDIRISINDA POL\u0130SLER OTOMOB\u0130L\u0130 BIRAKIP KA\u00c7TI!.. - AvrupaPress\",\"isPartOf\":{\"@id\":\"https:\/\/avrupapress.com\/#website\"},\"primaryImageOfPage\":{\"@id\":\"https:\/\/avrupapress.com\/2020\/04\/11\/bruksel-anderlechtte-faslilarin-saldirisinda-polisler-otomobili-birakip-kacti\/#primaryimage\"},\"image\":{\"@id\":\"https:\/\/avrupapress.com\/2020\/04\/11\/bruksel-anderlechtte-faslilarin-saldirisinda-polisler-otomobili-birakip-kacti\/#primaryimage\"},\"thumbnailUrl\":\"https:\/\/avrupapress.com\/main\/wp-content\/uploads\/2020\/04\/IMG_E2644.jpg\",\"datePublished\":\"2020-04-11T20:49:05+00:00\",\"dateModified\":\"2020-04-11T20:49:07+00:00\",\"breadcrumb\":{\"@id\":\"https:\/\/avrupapress.com\/2020\/04\/11\/bruksel-anderlechtte-faslilarin-saldirisinda-polisler-otomobili-birakip-kacti\/#breadcrumb\"},\"inLanguage\":\"fr-BE\",\"potentialAction\":[{\"@type\":\"ReadAction\",\"target\":[\"https:\/\/avrupapress.com\/2020\/04\/11\/bruksel-anderlechtte-faslilarin-saldirisinda-polisler-otomobili-birakip-kacti\/\"]}]},{\"@type\":\"ImageObject\",\"inLanguage\":\"fr-BE\",\"@id\":\"https:\/\/avrupapress.com\/2020\/04\/11\/bruksel-anderlechtte-faslilarin-saldirisinda-polisler-otomobili-birakip-kacti\/#primaryimage\",\"url\":\"https:\/\/avrupapress.com\/main\/wp-content\/uploads\/2020\/04\/IMG_E2644.jpg\",\"contentUrl\":\"https:\/\/avrupapress.com\/main\/wp-content\/uploads\/2020\/04\/IMG_E2644.jpg\",\"width\":640,\"height\":536},{\"@type\":\"BreadcrumbList\",\"@id\":\"https:\/\/avrupapress.com\/2020\/04\/11\/bruksel-anderlechtte-faslilarin-saldirisinda-polisler-otomobili-birakip-kacti\/#breadcrumb\",\"itemListElement\":[{\"@type\":\"ListItem\",\"position\":1,\"name\":\"Anasayfa\",\"item\":\"https:\/\/avrupapress.com\/\"},{\"@type\":\"ListItem\",\"position\":2,\"name\":\"BR\u00dcKSEL ANDERLECHT\u2019TE FAS&#8217;LILARIN SALDIRISINDA POL\u0130SLER OTOMOB\u0130L\u0130 BIRAKIP KA\u00c7TI!..\"}]},{\"@type\":\"WebSite\",\"@id\":\"https:\/\/avrupapress.com\/#website\",\"url\":\"https:\/\/avrupapress.com\/\",\"name\":\"AvrupaPress\",\"description\":\"Haberin Adresi\",\"publisher\":{\"@id\":\"https:\/\/avrupapress.com\/#\/schema\/person\/0223dca19c72c43575bf30d1a2d8f4fa\"},\"potentialAction\":[{\"@type\":\"SearchAction\",\"target\":{\"@type\":\"EntryPoint\",\"urlTemplate\":\"https:\/\/avrupapress.com\/?s={search_term_string}\"},\"query-input\":{\"@type\":\"PropertyValueSpecification\",\"valueRequired\":true,\"valueName\":\"search_term_string\"}}],\"inLanguage\":\"fr-BE\"},{\"@type\":[\"Person\",\"Organization\"],\"@id\":\"https:\/\/avrupapress.com\/#\/schema\/person\/0223dca19c72c43575bf30d1a2d8f4fa\",\"name\":\"Bilgin \u00d6z\u00e7ift\u00e7i\",\"image\":{\"@type\":\"ImageObject\",\"inLanguage\":\"fr-BE\",\"@id\":\"https:\/\/avrupapress.com\/#\/schema\/person\/image\/\",\"url\":\"https:\/\/secure.gravatar.com\/avatar\/0f23b280433a21e1ea7a0adcc46ed0ad16afe3ad8e630fd13d8a017dcbd54ef3?s=96&d=mm&r=g\",\"contentUrl\":\"https:\/\/secure.gravatar.com\/avatar\/0f23b280433a21e1ea7a0adcc46ed0ad16afe3ad8e630fd13d8a017dcbd54ef3?s=96&d=mm&r=g\",\"caption\":\"Bilgin \u00d6z\u00e7ift\u00e7i\"},\"logo\":{\"@id\":\"https:\/\/avrupapress.com\/#\/schema\/person\/image\/\"},\"description\":\"Ne ben, nede sen... Biz ancak \\\"biz\\\" olursak g\u00fc\u00e7l\u00fc olabiliriz\"},{\"@type\":\"Person\",\"@id\":\"https:\/\/avrupapress.com\/#\/schema\/person\/68428444ec60970d1e1b700cf4ca1e8f\",\"name\":\"Edit\u00f6r\",\"image\":{\"@type\":\"ImageObject\",\"inLanguage\":\"fr-BE\",\"@id\":\"https:\/\/avrupapress.com\/#\/schema\/person\/image\/\",\"url\":\"https:\/\/secure.gravatar.com\/avatar\/74996b0977aa5f1559ba9883776652508b229005c0d78fb2597897f0bd651c09?s=96&d=mm&r=g\",\"contentUrl\":\"https:\/\/secure.gravatar.com\/avatar\/74996b0977aa5f1559ba9883776652508b229005c0d78fb2597897f0bd651c09?s=96&d=mm&r=g\",\"caption\":\"Edit\u00f6r\"},\"sameAs\":[\"http:\/\/www.avrupapress.com\"],\"url\":\"https:\/\/avrupapress.com\/main\/author\/editor\/\"}]}<\/script>\n<!-- \/ Yoast SEO plugin. -->","yoast_head_json":{"title":"BR\u00dcKSEL ANDERLECHT\u2019TE FAS'LILARIN SALDIRISINDA POL\u0130SLER OTOMOB\u0130L\u0130 BIRAKIP KA\u00c7TI!.. - AvrupaPress","robots":{"index":"index","follow":"follow","max-snippet":"max-snippet:-1","max-image-preview":"max-image-preview:large","max-video-preview":"max-video-preview:-1"},"canonical":"https:\/\/avrupapress.com\/2020\/04\/11\/bruksel-anderlechtte-faslilarin-saldirisinda-polisler-otomobili-birakip-kacti\/","og_locale":"fr_FR","og_type":"article","og_title":"BR\u00dcKSEL ANDERLECHT\u2019TE FAS'LILARIN SALDIRISINDA POL\u0130SLER OTOMOB\u0130L\u0130 BIRAKIP KA\u00c7TI!.. - AvrupaPress","og_description":"BEL\u00c7\u0130KA\u2019n\u0131n ba\u015fkenti Br\u00fcksel\u2019in Anderlecht \u0130l\u00e7esi s\u0131n\u0131rlar\u0131 i\u00e7inde ayaklanan bir kesim Fas as\u0131ll\u0131 gen\u00e7ler ile polisin kovalamacas\u0131 istenmeyen&nbsp; sahnelerin ya\u015fanmas\u0131na vesile oldu..Her \u015fey Fas as\u0131ll\u0131 19 Ya\u015f\u0131ndaki bir gencin \u00f6l\u00fcm\u00fc ile ba\u015flad\u0131..Anlat\u0131lanlara g\u00f6re, polisin \u201cdur \u201d ihtar\u0131na uymayan mobiletli bir genci polis takip etti ve s\u0131k\u0131\u015ft\u0131rmada gen\u00e7 ezildi ve hayat\u0131n\u0131 kaybetti..Bu \u00f6l\u00fcm haberinin al\u0131nmas\u0131 \u00fczerine,&nbsp; 11 [&hellip;]","og_url":"https:\/\/avrupapress.com\/2020\/04\/11\/bruksel-anderlechtte-faslilarin-saldirisinda-polisler-otomobili-birakip-kacti\/","og_site_name":"AvrupaPress","article_published_time":"2020-04-11T20:49:05+00:00","article_modified_time":"2020-04-11T20:49:07+00:00","og_image":[{"width":640,"height":536,"url":"https:\/\/avrupapress.com\/wp-content\/uploads\/2020\/04\/IMG_E2644.jpg","type":"image\/jpeg"}],"author":"Edit\u00f6r","twitter_card":"summary_large_image","twitter_misc":{"\u00c9crit par":"Edit\u00f6r","Dur\u00e9e de lecture est.":"2 minutes"},"schema":{"@context":"https:\/\/schema.org","@graph":[{"@type":"Article","@id":"https:\/\/avrupapress.com\/2020\/04\/11\/bruksel-anderlechtte-faslilarin-saldirisinda-polisler-otomobili-birakip-kacti\/#article","isPartOf":{"@id":"https:\/\/avrupapress.com\/2020\/04\/11\/bruksel-anderlechtte-faslilarin-saldirisinda-polisler-otomobili-birakip-kacti\/"},"author":{"name":"Edit\u00f6r","@id":"https:\/\/avrupapress.com\/#\/schema\/person\/68428444ec60970d1e1b700cf4ca1e8f"},"headline":"BR\u00dcKSEL ANDERLECHT\u2019TE FAS&rsquo;LILARIN SALDIRISINDA POL\u0130SLER OTOMOB\u0130L\u0130 BIRAKIP KA\u00c7TI!..","datePublished":"2020-04-11T20:49:05+00:00","dateModified":"2020-04-11T20:49:07+00:00","mainEntityOfPage":{"@id":"https:\/\/avrupapress.com\/2020\/04\/11\/bruksel-anderlechtte-faslilarin-saldirisinda-polisler-otomobili-birakip-kacti\/"},"wordCount":390,"publisher":{"@id":"https:\/\/avrupapress.com\/#\/schema\/person\/0223dca19c72c43575bf30d1a2d8f4fa"},"image":{"@id":"https:\/\/avrupapress.com\/2020\/04\/11\/bruksel-anderlechtte-faslilarin-saldirisinda-polisler-otomobili-birakip-kacti\/#primaryimage"},"thumbnailUrl":"https:\/\/avrupapress.com\/main\/wp-content\/uploads\/2020\/04\/IMG_E2644.jpg","articleSection":["Avrupa","Bel\u00e7ika","D\u00fcnya","Ekonomi","K\u00fclt\u00fcr-Sanat","Spor","Tan\u0131t\u0131m","T\u00fcrkiye","Uncategorized"],"inLanguage":"fr-BE"},{"@type":"WebPage","@id":"https:\/\/avrupapress.com\/2020\/04\/11\/bruksel-anderlechtte-faslilarin-saldirisinda-polisler-otomobili-birakip-kacti\/","url":"https:\/\/avrupapress.com\/2020\/04\/11\/bruksel-anderlechtte-faslilarin-saldirisinda-polisler-otomobili-birakip-kacti\/","name":"BR\u00dcKSEL ANDERLECHT\u2019TE FAS'LILARIN SALDIRISINDA POL\u0130SLER OTOMOB\u0130L\u0130 BIRAKIP KA\u00c7TI!.. - AvrupaPress","isPartOf":{"@id":"https:\/\/avrupapress.com\/#website"},"primaryImageOfPage":{"@id":"https:\/\/avrupapress.com\/2020\/04\/11\/bruksel-anderlechtte-faslilarin-saldirisinda-polisler-otomobili-birakip-kacti\/#primaryimage"},"image":{"@id":"https:\/\/avrupapress.com\/2020\/04\/11\/bruksel-anderlechtte-faslilarin-saldirisinda-polisler-otomobili-birakip-kacti\/#primaryimage"},"thumbnailUrl":"https:\/\/avrupapress.com\/main\/wp-content\/uploads\/2020\/04\/IMG_E2644.jpg","datePublished":"2020-04-11T20:49:05+00:00","dateModified":"2020-04-11T20:49:07+00:00","breadcrumb":{"@id":"https:\/\/avrupapress.com\/2020\/04\/11\/bruksel-anderlechtte-faslilarin-saldirisinda-polisler-otomobili-birakip-kacti\/#breadcrumb"},"inLanguage":"fr-BE","potentialAction":[{"@type":"ReadAction","target":["https:\/\/avrupapress.com\/2020\/04\/11\/bruksel-anderlechtte-faslilarin-saldirisinda-polisler-otomobili-birakip-kacti\/"]}]},{"@type":"ImageObject","inLanguage":"fr-BE","@id":"https:\/\/avrupapress.com\/2020\/04\/11\/bruksel-anderlechtte-faslilarin-saldirisinda-polisler-otomobili-birakip-kacti\/#primaryimage","url":"https:\/\/avrupapress.com\/main\/wp-content\/uploads\/2020\/04\/IMG_E2644.jpg","contentUrl":"https:\/\/avrupapress.com\/main\/wp-content\/uploads\/2020\/04\/IMG_E2644.jpg","width":640,"height":536},{"@type":"BreadcrumbList","@id":"https:\/\/avrupapress.com\/2020\/04\/11\/bruksel-anderlechtte-faslilarin-saldirisinda-polisler-otomobili-birakip-kacti\/#breadcrumb","itemListElement":[{"@type":"ListItem","position":1,"name":"Anasayfa","item":"https:\/\/avrupapress.com\/"},{"@type":"ListItem","position":2,"name":"BR\u00dcKSEL ANDERLECHT\u2019TE FAS&#8217;LILARIN SALDIRISINDA POL\u0130SLER OTOMOB\u0130L\u0130 BIRAKIP KA\u00c7TI!.."}]},{"@type":"WebSite","@id":"https:\/\/avrupapress.com\/#website","url":"https:\/\/avrupapress.com\/","name":"AvrupaPress","description":"Haberin Adresi","publisher":{"@id":"https:\/\/avrupapress.com\/#\/schema\/person\/0223dca19c72c43575bf30d1a2d8f4fa"},"potentialAction":[{"@type":"SearchAction","target":{"@type":"EntryPoint","urlTemplate":"https:\/\/avrupapress.com\/?s={search_term_string}"},"query-input":{"@type":"PropertyValueSpecification","valueRequired":true,"valueName":"search_term_string"}}],"inLanguage":"fr-BE"},{"@type":["Person","Organization"],"@id":"https:\/\/avrupapress.com\/#\/schema\/person\/0223dca19c72c43575bf30d1a2d8f4fa","name":"Bilgin \u00d6z\u00e7ift\u00e7i","image":{"@type":"ImageObject","inLanguage":"fr-BE","@id":"https:\/\/avrupapress.com\/#\/schema\/person\/image\/","url":"https:\/\/secure.gravatar.com\/avatar\/0f23b280433a21e1ea7a0adcc46ed0ad16afe3ad8e630fd13d8a017dcbd54ef3?s=96&d=mm&r=g","contentUrl":"https:\/\/secure.gravatar.com\/avatar\/0f23b280433a21e1ea7a0adcc46ed0ad16afe3ad8e630fd13d8a017dcbd54ef3?s=96&d=mm&r=g","caption":"Bilgin \u00d6z\u00e7ift\u00e7i"},"logo":{"@id":"https:\/\/avrupapress.com\/#\/schema\/person\/image\/"},"description":"Ne ben, nede sen... Biz ancak \"biz\" olursak g\u00fc\u00e7l\u00fc olabiliriz"},{"@type":"Person","@id":"https:\/\/avrupapress.com\/#\/schema\/person\/68428444ec60970d1e1b700cf4ca1e8f","name":"Edit\u00f6r","image":{"@type":"ImageObject","inLanguage":"fr-BE","@id":"https:\/\/avrupapress.com\/#\/schema\/person\/image\/","url":"https:\/\/secure.gravatar.com\/avatar\/74996b0977aa5f1559ba9883776652508b229005c0d78fb2597897f0bd651c09?s=96&d=mm&r=g","contentUrl":"https:\/\/secure.gravatar.com\/avatar\/74996b0977aa5f1559ba9883776652508b229005c0d78fb2597897f0bd651c09?s=96&d=mm&r=g","caption":"Edit\u00f6r"},"sameAs":["http:\/\/www.avrupapress.com"],"url":"https:\/\/avrupapress.com\/main\/author\/editor\/"}]}},"_links":{"self":[{"href":"https:\/\/avrupapress.com\/main\/wp-json\/wp\/v2\/posts\/11216","targetHints":{"allow":["GET"]}}],"collection":[{"href":"https:\/\/avrupapress.com\/main\/wp-json\/wp\/v2\/posts"}],"about":[{"href":"https:\/\/avrupapress.com\/main\/wp-json\/wp\/v2\/types\/post"}],"author":[{"embeddable":true,"href":"https:\/\/avrupapress.com\/main\/wp-json\/wp\/v2\/users\/3"}],"replies":[{"embeddable":true,"href":"https:\/\/avrupapress.com\/main\/wp-json\/wp\/v2\/comments?post=11216"}],"version-history":[{"count":1,"href":"https:\/\/avrupapress.com\/main\/wp-json\/wp\/v2\/posts\/11216\/revisions"}],"predecessor-version":[{"id":11218,"href":"https:\/\/avrupapress.com\/main\/wp-json\/wp\/v2\/posts\/11216\/revisions\/11218"}],"wp:featuredmedia":[{"embeddable":true,"href":"https:\/\/avrupapress.com\/main\/wp-json\/wp\/v2\/media\/11217"}],"wp:attachment":[{"href":"https:\/\/avrupapress.com\/main\/wp-json\/wp\/v2\/media?parent=11216"}],"wp:term":[{"taxonomy":"category","embeddable":true,"href":"https:\/\/avrupapress.com\/main\/wp-json\/wp\/v2\/categories?post=11216"},{"taxonomy":"post_tag","embeddable":true,"href":"https:\/\/avrupapress.com\/main\/wp-json\/wp\/v2\/tags?post=11216"}],"curies":[{"name":"wp","href":"https:\/\/api.w.org\/{rel}","templated":true}]}}